

{"id":15228,"date":"2011-04-01T00:00:00","date_gmt":"2011-03-31T22:00:00","guid":{"rendered":"http:\/\/ricom-web.com\/gestions-hospitalieres\/vivre-plus-longtemps\/"},"modified":"2018-03-09T11:13:19","modified_gmt":"2018-03-09T10:13:19","slug":"vivre-plus-longtemps","status":"publish","type":"post","link":"https:\/\/www.ricom-web8.com\/gestions\/vivre-plus-longtemps\/","title":{"rendered":"Vivre ensemble plus longtemps"},"content":{"rendered":"<span class=\"span-reading-time rt-reading-time\" style=\"display: block;\"><span class=\"rt-label rt-prefix\">Temps de lecture\u00a0: <\/span> <span class=\"rt-time\"> 4<\/span> <span class=\"rt-label rt-postfix\">minutes<\/span><\/span><p>En France, le groupe de 60 ans ou plus repr\u00e9sentait un habitant sur cinq en 2005 ; il en repr\u00e9sentera un sur trois en 2035. Ce vieillissement, souvent pr\u00e9sent\u00e9 comme un risque social pour les organismes de pr\u00e9voyance, impactera la structure des consommations, voire l\u2019industrie confront\u00e9e \u00e0 des probl\u00e8mes de rar\u00e9faction de la main-d\u2019\u0153uvre, de son vieillissement, de moindre comp\u00e9titivit\u00e9 \u00e9conomique\u2026 Cette vision pessimiste, sans nier les effets n\u00e9gatifs \u00e0 court terme de ce rapide vieillissement, est r\u00e9ductrice d\u2019une r\u00e9alit\u00e9 o\u00f9 vivre plus longtemps en bonne sant\u00e9 est une attente largement partag\u00e9e. Pour la premi\u00e8re fois dans l\u2019histoire de l\u2019humanit\u00e9, vivre longtemps en conservant tr\u00e8s longtemps ses capacit\u00e9s physiques et cognitives est un r\u00eave \u00e0 port\u00e9e de main pour de nombreuses personnes. Le d\u00e9fi \u00e0 relever serait plut\u00f4t de se demander : comment organiser une soci\u00e9t\u00e9 dans laquelle les individus vivront et seront actifs plus longtemps ? Et le plus grand risque serait de se poser la question trop tardivement.<\/p>\n<p>Le rapport \u00ab Vivre ensemble plus longtemps \u00bb du Centre d\u2019analyse strat\u00e9gique explore naturellement les questions li\u00e9es \u00e0 l\u2019organisation des syst\u00e8mes de retraite et pr\u00e9sente les solutions n\u00e9goci\u00e9es dans les pays nordiques. La question de la vie au travail et de la place des seniors dans le syst\u00e8me productif, par exemple, qui suppose de tr\u00e8s vastes mutations dans les mani\u00e8res de concevoir la vie au travail. Sujets largement d\u00e9battus par ailleurs.<br \/>\nLa question de la s\u00e9curit\u00e9 des seniors occupe un chapitre entier, un th\u00e8me novateur dans ce type de rapport. Mais compte tenu de la disponibilit\u00e9 des statistiques et des infractions du code p\u00e9nal servant de base aux statistiques administratives, seules les agressions sont \u00e9tudi\u00e9es. Dommage, car le sujet m\u00e9riterait d\u2019autres d\u00e9veloppements face \u00e0 l\u2019importance des maltraitances dont les formes financi\u00e8res ne sont pas des moindres : extorsions de patrimoine, mise en coupe r\u00e9gl\u00e9e des pensions\u2026 C\u2019est plus une r\u00e9flexion sur les conditions des mises sous tutelle et du fonctionnement des services de tutelle, dont il aurait fallu faire l\u2019inventaire plut\u00f4t que multiplier les suggestions en direction des commissariats de police.\u00a0Plus f\u00e9cond nous semble le chapitre sur l\u2019habitat qui pointe le peu d\u2019int\u00e9r\u00eat port\u00e9 jusqu\u2019alors au lien entre politique de l\u2019habitat et vieillissement de la population. La segmentation entre handicap et d\u00e9pendance au grand \u00e2ge joue encore \u00e0 plein puisque les pr\u00e9conisations les plus r\u00e9centes portent sur habitat et handicap. Ce qui est un peu limit\u00e9, beaucoup de ces mesures ne pouvant s\u2019appliquer hors du champ des modalit\u00e9s de financement \u00ab handicap\u00e9s \u00bb.\u00a0L\u2019autonomie est en r\u00e9f\u00e9rence \u00e0 l\u2019environnement : la maintenir conduit \u00e0 concevoir habitations, circulations urbaines et modes de transport en fonction des \u00e9volutions physiques et des d\u00e9ficits cognitifs des populations. Questions pos\u00e9es il y a trente ans d\u00e9j\u00e0 lorsque les chercheurs de l\u2019Office national de la s\u00e9curit\u00e9 routi\u00e8re s\u2019interrogeaient sur la mani\u00e8re de concevoir la circulation urbaine pour faire cohabiter des conducteurs \u00e0 conduite sportive et des automobilistes en perte de r\u00e9flexes\u2026\u00a0Le rapport pointe le changement d\u2019option dans le logement en direction des personnes \u00e2g\u00e9es. Apr\u00e8s l\u2019essor des r\u00e9sidences services des ann\u00e9es 1980, puis leur moindre attrait dans la d\u00e9cennie suivante, les bailleurs sociaux s\u2019orientent vers la prise en charge de personnes tr\u00e8s d\u00e9pendantes. Loger de grands d\u00e9pendants devient un axe prioritaire, le maintien au domicile restant l\u2019option choisie ou subie pour la majorit\u00e9 des personnes en perte d\u2019autonomie.<\/p>\n<blockquote><p>Le plus grand risque serait de se poser trop tardivement la question de l\u2019organisation d\u2019une soci\u00e9t\u00e9 dans laquelle les individus vivront et seront actifs plus longtemps\u2026<\/p><\/blockquote>\n<p>C\u2019est sur le sujet de la sant\u00e9 que le rapport est int\u00e9ressant aussi, un th\u00e8me pourtant largement trait\u00e9 depuis des ann\u00e9es. Il affiche tr\u00e8s clairement que les probl\u00e8mes pos\u00e9s par le grand \u00e2ge doivent \u00eatre abord\u00e9s sous l\u2019angle de la sant\u00e9, pas simplement sous celui du social. Car, de la mani\u00e8re dont r\u00e9agit l\u2019offre de soin, les probl\u00e8mes pos\u00e9s en mati\u00e8re sociale seront tr\u00e8s diff\u00e9rents, de m\u00eame que les r\u00e9ponses. C\u2019est d\u2019ailleurs un axe fort de la loi H\u00f4pital, patients, sant\u00e9, territoires (HPST) qui institue le m\u00e9dico-social au c\u0153ur des pr\u00e9occupations des agences r\u00e9gionales de sant\u00e9 (ARS).\u00a0Mais la limite de l\u2019analyse tient \u00e0 la pr\u00e9gnance des repr\u00e9sentations sur le soin pilot\u00e9 et organis\u00e9 par les seuls professionnels de sant\u00e9. Les suggestions restent alors dans l\u2019ordre du d\u00e9veloppement des maisons de sant\u00e9, de la t\u00e9l\u00e9sant\u00e9, des articulations entre les soins de suite et r\u00e9adaptation (SSR), les \u00e9tablissements h\u00e9bergeant des personnes \u00e2g\u00e9es d\u00e9pendantes (Ehpad) et les structures hospitali\u00e8res. On reste entre professionnels de sant\u00e9, c\u2019est-\u00e0-dire ceux financ\u00e9s par l\u2019assurance maladie pour laquelle la prescription engage la d\u00e9pense.\u00a0Sans nier l\u2019importance de ces solutions, ni surtout leur int\u00e9r\u00eat, leur lent et trop lent d\u00e9veloppement, depuis plus d\u2019une d\u00e9cennie que l\u2019on en parle, ne saurait faire oublier le secteur mal aim\u00e9 et maltrait\u00e9 mais pourtant tr\u00e8s pr\u00e9sent sur le territoire et tr\u00e8s habitu\u00e9 \u00e0 prendre en charge malades et handicap\u00e9s que sont les structures d\u2019aide \u00e0 domicile. Un secteur financ\u00e9 par les conseils g\u00e9n\u00e9raux et nettement plus pr\u00e9caire, car sans prise sur les d\u00e9cisions tarifaires du financeur.<\/p>\n<p>L\u2019exemple d\u00e9velopp\u00e9 sur le CHU de Limoges qui a construit une v\u00e9ritable fili\u00e8re g\u00e9riatrique en lien avec l\u2019environnement est exemplaire surtout dans un d\u00e9partement particuli\u00e8rement vieilli.\u00a0L\u2019exp\u00e9rience, telle que rapport\u00e9e, ne fait pas \u00e9tat des relations avec le secteur social : l\u2019\u0153il riv\u00e9 sur l\u2019h\u00f4pital, comme point focal de l\u2019organisation, le rapport ignore la dimension environnementale du patient limit\u00e9 dans sa mobilit\u00e9 et pour lequel le territoire de r\u00e9f\u00e9rence n\u2019est pas celui de l\u2019h\u00f4pital mais celui du d\u00e9placement des professionnels dont il a besoin. La r\u00e9ponse aux besoins du domicile est conditionn\u00e9e par l\u2019offre de proximit\u00e9, ce que ne saurait \u00eatre un CHU si dynamique f\u00fbt-il.\u00a0De surcro\u00eet, et quelles que soient les comp\u00e9tences des personnels hospitaliers affect\u00e9s \u00e0 ces activit\u00e9s de coordination des retours \u00e0 domicile, ces professionnels ne seront jamais aussi nombreux que ceux qui, au quotidien, accompagnent ces malades chez eux depuis de nombreuses ann\u00e9es.<\/p>\n<p>Pouvoir pr\u00e9parer une sortie d\u2019h\u00f4pital n\u2019est pas synonyme de retour \u00e0 domicile. Or, si bien des patients \u00e2g\u00e9s et d\u00e9pendants devraient pouvoir b\u00e9n\u00e9ficier d\u2019une prise en charge en institution, force est de constater que nombre d\u2019entre eux ne peuvent trouver de solution en dehors de leur domicile. \u00c0 tel point que le nombre des personnes tr\u00e8s d\u00e9pendantes \u00e0 domicile serait sup\u00e9rieur \u00e0 celui en institutions.\u00a0Le compromis \u00e0 construire entre tous les intervenants du domicile, qu\u2019ils soient professionnels de sant\u00e9 ou du social, est le fruit d\u2019une transaction donnant\/donnant. Ce que seuls des acteurs partageant les m\u00eames risques peuvent construire. Ce qui exclut les hospitaliers de la n\u00e9gociation.\u00a0C\u2019est la notion de <em>case manager<\/em> \u00e9voqu\u00e9e en fin de rapport qui constitue l\u2019une de ces r\u00e9ponses. Elle existe d\u00e9j\u00e0 en France, certains r\u00e9seaux de sant\u00e9 sont exactement dans ce registre et produisent les effets attendus. La seule diff\u00e9rence avec les \u00e9nonc\u00e9s de ce rapport est qu\u2019ils sont arriv\u00e9s \u00e0 coupler professionnels de sant\u00e9 et professionnels du social. Aux <em>case managers<\/em> ils ont ajout\u00e9 la comp\u00e9tence de <em>care managers<\/em> ! Ce qui fera l\u2019objet d\u2019un prochain rapport, n\u2019en doutons pas.<\/p>\n<button data-toggle=\"collapse\" data-target=\"#enc_2011_216_01\">NOTE<\/button><div id=\"enc_2011_216_01\" class=\"encadre collapse\"><p><span class=\"surtitre_enc\">Note de veille<\/span><\/p>\n<h2>Comment soutenir efficacement les aidants familiaux des personnes \u00e2g\u00e9es d\u00e9pendantes ?<\/h2>\n<h3>Conseil d\u2019analyse strat\u00e9gique, note de veille n\u00b0187, juillet 2010<\/h3>\n<p>Cette note, parue en compl\u00e9ment du rapport pr\u00e9sent\u00e9 ici, traite d\u2019un sujet strat\u00e9gique dans le contexte hospitalier et du syst\u00e8me de sant\u00e9 en g\u00e9n\u00e9ral : la prise en charge de patients \u00e2g\u00e9s d\u00e9pendants comme de la grande majorit\u00e9 des malades chroniques est domiciliaire.<\/p>\n<p>L\u2019h\u00f4pital, en se recentrant sur les soins techniques, d\u00e9verse sur la ville et sur l\u2019environnement familial les soins les plus basiques mais non moins vitaux. La coordination des intervenants pour r\u00e9pondre aux besoins de ces patients d\u00e9borde largement les comp\u00e9tences m\u00e9dicales. Les politiques publiques de l\u2019emploi ont insist\u00e9 \u00e0 juste titre sur le d\u00e9veloppement du secteur du march\u00e9 des services \u00e0 la personne en r\u00e9f\u00e9rence au mod\u00e8le de prise en charge des jeunes enfants. Le segment du march\u00e9 des services \u00e0 la personne malade est occult\u00e9. Cette note est un pr\u00e9liminaire au vaste chantier gouvernemental qui devrait s\u2019ouvrir prochainement sur la d\u00e9pendance pour en renouveler le contour politique. L\u2019aide aux aidants devient un th\u00e8me central dans la mesure o\u00f9 les \u00e9tudes sur la valorisation des participations familiales pour des parents d\u00e9pendants montrent qu\u2019elle est sup\u00e9rieure aux aides publiques directes \u00e0 ces m\u00eames personnes. Donc \u00e9viter un transfert de ces charges sur la collectivit\u00e9 devient un enjeu.<\/p>\n<p>Quatre axes de travail \u00e0 venir ont \u00e9t\u00e9 identifi\u00e9s.<\/p>\n<ul>\n<li>reconna\u00eetre un statut juridique et accorder des droits sociaux aux aidants familiaux, les faisant ainsi sortir du silence de la domesticit\u00e9 familiale,<\/li>\n<li>leur permettre de concilier vie professionnelle et r\u00f4le d\u2019aidant familial, \u2022 all\u00e9ger leurs t\u00e2ches administratives et domestiques,<\/li>\n<li>d\u00e9velopper des structures de prise en charge temporaire des personnes d\u00e9pendantes permettant aux aidants de b\u00e9n\u00e9ficier de temps de loisirs et de r\u00e9pit.<\/li>\n<\/ul>\n<p>Souvent d\u00e9battue, la question des droits aux aidants a trouv\u00e9 un d\u00e9but de r\u00e9ponse avec la loi de 2005 pour les handicap\u00e9s qui reconna\u00eet un statut sp\u00e9cifique aux aidants familiaux pour les personnes d\u00e9sign\u00e9es handicap\u00e9es. Mais la segmentation, politiquement voulue en 2000, entre personnes handicap\u00e9es (jeunes) et personnes \u00e2g\u00e9es \u00ab d\u00e9pendantes \u00bb (les plus de 60 ans) cr\u00e9e deux cat\u00e9gories juridiques de personnes souffrant de handicaps et, par voie de cons\u00e9quence, deux cat\u00e9gories d\u2019aidants aux droits diff\u00e9rents.<\/p>\n<p>Cette reconnaissance de l\u2019aidant existe dans plusieurs pays europ\u00e9ens, o\u00f9 les associations repr\u00e9sentant les aidants familiaux aupr\u00e8s des personnes \u00e2g\u00e9es constituent des lobbys puissants (par exemple la Carers UK, interlocuteur du gouvernement anglais), ce qui n\u2019est pas le cas en France. Ces programmes de soutien aux aidants s\u2019inscriraient dans une politique de bien-\u00eatre des salari\u00e9s comme certains groupes industriels les ont d\u00e9velopp\u00e9s aux USA en direction de ceux ayant des parents \u00e2g\u00e9s \u00e0 leur charge. Les Corporate Elder Care Programs sont de deux types,<\/p>\n<ul>\n<li>la mise \u00e0 disposition d\u2019informations, de conseils juridiques, de groupes de soutien, de coaching,<\/li>\n<li>l\u2019\u00e9laboration d\u2019un programme personnalis\u00e9 de soins g\u00e9riatriques associ\u00e9 \u00e0 un plan d\u2019organisation de la prise en charge.<\/li>\n<\/ul>\n<p>En France, les centres locaux d\u2019information et de coordination (Clic) devraient en principe r\u00e9pondre pour partie. Mais l\u2019id\u00e9e directrice est de faire sortir les politiques de prise en charge des personnes d\u00e9pendantes du seul champ des politiques sociales publiques et d\u2019y associer des acteurs \u00e9conomiques int\u00e9ress\u00e9s par les questions de bien-\u00eatre de leurs salari\u00e9s.<\/p>\n<\/div>\n<p>*\u00a0<em>Rapport remis \u00e0 Nathalie Kosciusko-Morizet le 6 juillet 2010. Travaux coordonn\u00e9s par Virginie Gimbert et Cl\u00e9lia Godot, d\u00e9partement Questions sociales du Centre d\u2019analyse strat\u00e9gique<\/em><\/p>\n<script>function PlayerjsAsync(){} if(window[\"Playerjs\"]){PlayerjsAsync();}<\/script>","protected":false},"excerpt":{"rendered":"<p>\ufeffDipl\u00f4m\u00e9e de l\u2019ENA et de l\u2019\u00e9cole normale sup\u00e9rieure, agr\u00e9g\u00e9e de philosophie et licenci\u00e9e d\u2019histoire, Rose-Marie Van Lerberghe a d\u00e9but\u00e9 sa carri\u00e8re \u00e0 l\u2019Inspection g\u00e9n\u00e9rale des affaires sociales (Igas) avant de rejoindre le groupe Danone, puis le minist\u00e8re des Affaires sociales en qualit\u00e9 de d\u00e9l\u00e9gu\u00e9e \u00e0 l\u2019emploi et \u00e0 la formation professionnelle. Directrice g\u00e9n\u00e9rale de l\u2019Assistance publique-H\u00f4pitaux de Paris (AP-HP) de 2002 \u00e0 2006, elle est reconnue pour son expertise dans le d\u00e9veloppement de r\u00e9ponses adapt\u00e9es au d\u00e9fi de la prise en charge de la d\u00e9pendance li\u00e9e au grand \u00e2ge.<\/p>\n","protected":false},"author":1202,"featured_media":0,"comment_status":"open","ping_status":"open","sticky":false,"template":"","format":"standard","meta":{"_acf_changed":false,"_relevanssi_hide_post":"","_relevanssi_hide_content":"","_relevanssi_pin_for_all":"","_relevanssi_pin_keywords":"","_relevanssi_unpin_keywords":"","_relevanssi_related_keywords":"","_relevanssi_related_include_ids":"","_relevanssi_related_exclude_ids":"","_relevanssi_related_no_append":"","_relevanssi_related_not_related":"","_relevanssi_related_posts":"","_relevanssi_noindex_reason":"","footnotes":""},"categories":[2,72],"tags":[],"class_list":["post-15228","post","type-post","status-publish","format-standard","hentry","category-gestions-hospitalieres","category-reflexion"],"acf":[],"yoast_head":"<!-- This site is optimized with the Yoast SEO plugin v24.8.1 - https:\/\/yoast.com\/wordpress\/plugins\/seo\/ -->\n<title>Vivre ensemble plus longtemps - Gestions hospitali\u00e8res<\/title>\n<meta name=\"robots\" content=\"index, follow, max-snippet:-1, max-image-preview:large, max-video-preview:-1\" \/>\n<link rel=\"canonical\" href=\"https:\/\/www.ricom-web8.com\/gestions\/vivre-plus-longtemps\/\" \/>\n<meta property=\"og:locale\" content=\"fr_FR\" \/>\n<meta property=\"og:type\" content=\"article\" \/>\n<meta property=\"og:title\" content=\"Vivre ensemble plus longtemps - Gestions hospitali\u00e8res\" \/>\n<meta property=\"og:description\" content=\"\ufeffDipl\u00f4m\u00e9e de l\u2019ENA et de l\u2019\u00e9cole normale sup\u00e9rieure, agr\u00e9g\u00e9e de philosophie et licenci\u00e9e d\u2019histoire, Rose-Marie Van Lerberghe a d\u00e9but\u00e9 sa carri\u00e8re \u00e0 l\u2019Inspection g\u00e9n\u00e9rale des affaires sociales (Igas) avant de rejoindre le groupe Danone, puis le minist\u00e8re des Affaires sociales en qualit\u00e9 de d\u00e9l\u00e9gu\u00e9e \u00e0 l\u2019emploi et \u00e0 la formation professionnelle. Directrice g\u00e9n\u00e9rale de l\u2019Assistance publique-H\u00f4pitaux de Paris (AP-HP) de 2002 \u00e0 2006, elle est reconnue pour son expertise dans le d\u00e9veloppement de r\u00e9ponses adapt\u00e9es au d\u00e9fi de la prise en charge de la d\u00e9pendance li\u00e9e au grand \u00e2ge.\" \/>\n<meta property=\"og:url\" content=\"https:\/\/www.ricom-web8.com\/gestions\/vivre-plus-longtemps\/\" \/>\n<meta property=\"og:site_name\" content=\"Gestions hospitali\u00e8res\" \/>\n<meta property=\"article:publisher\" content=\"https:\/\/www.facebook.com\/gestionshospitalieres\/\" \/>\n<meta property=\"article:published_time\" content=\"2011-03-31T22:00:00+00:00\" \/>\n<meta property=\"article:modified_time\" content=\"2018-03-09T10:13:19+00:00\" \/>\n<meta name=\"author\" content=\"yann Le Sager\" \/>\n<meta name=\"twitter:card\" content=\"summary_large_image\" \/>\n<meta name=\"twitter:creator\" content=\"@revue_GH\" \/>\n<meta name=\"twitter:site\" content=\"@revue_GH\" \/>\n<meta name=\"twitter:label1\" content=\"\u00c9crit par\" \/>\n\t<meta name=\"twitter:data1\" content=\"yann Le Sager\" \/>\n\t<meta name=\"twitter:label2\" content=\"Dur\u00e9e de lecture estim\u00e9e\" \/>\n\t<meta name=\"twitter:data2\" content=\"7 minutes\" \/>\n<script type=\"application\/ld+json\" class=\"yoast-schema-graph\">{\"@context\":\"https:\/\/schema.org\",\"@graph\":[{\"@type\":\"Article\",\"@id\":\"https:\/\/www.ricom-web8.com\/gestions\/vivre-plus-longtemps\/#article\",\"isPartOf\":{\"@id\":\"https:\/\/www.ricom-web8.com\/gestions\/vivre-plus-longtemps\/\"},\"author\":{\"name\":\"yann Le Sager\",\"@id\":\"https:\/\/www.ricom-web8.com\/gestions\/#\/schema\/person\/810c9671279c5f5a094f6f0a42237516\"},\"headline\":\"Vivre ensemble plus longtemps\",\"datePublished\":\"2011-03-31T22:00:00+00:00\",\"dateModified\":\"2018-03-09T10:13:19+00:00\",\"mainEntityOfPage\":{\"@id\":\"https:\/\/www.ricom-web8.com\/gestions\/vivre-plus-longtemps\/\"},\"wordCount\":1383,\"commentCount\":0,\"publisher\":{\"@id\":\"https:\/\/www.ricom-web8.com\/gestions\/#organization\"},\"articleSection\":[\"Gestions Hospitali\u00e8res\",\"r\u00e9flexion\"],\"inLanguage\":\"fr-FR\",\"potentialAction\":[{\"@type\":\"CommentAction\",\"name\":\"Comment\",\"target\":[\"https:\/\/www.ricom-web8.com\/gestions\/vivre-plus-longtemps\/#respond\"]}]},{\"@type\":\"WebPage\",\"@id\":\"https:\/\/www.ricom-web8.com\/gestions\/vivre-plus-longtemps\/\",\"url\":\"https:\/\/www.ricom-web8.com\/gestions\/vivre-plus-longtemps\/\",\"name\":\"Vivre ensemble plus longtemps - Gestions hospitali\u00e8res\",\"isPartOf\":{\"@id\":\"https:\/\/www.ricom-web8.com\/gestions\/#website\"},\"datePublished\":\"2011-03-31T22:00:00+00:00\",\"dateModified\":\"2018-03-09T10:13:19+00:00\",\"breadcrumb\":{\"@id\":\"https:\/\/www.ricom-web8.com\/gestions\/vivre-plus-longtemps\/#breadcrumb\"},\"inLanguage\":\"fr-FR\",\"potentialAction\":[{\"@type\":\"ReadAction\",\"target\":[\"https:\/\/www.ricom-web8.com\/gestions\/vivre-plus-longtemps\/\"]}]},{\"@type\":\"BreadcrumbList\",\"@id\":\"https:\/\/www.ricom-web8.com\/gestions\/vivre-plus-longtemps\/#breadcrumb\",\"itemListElement\":[{\"@type\":\"ListItem\",\"position\":1,\"name\":\"Accueil\",\"item\":\"https:\/\/www.ricom-web8.com\/gestions\/\"},{\"@type\":\"ListItem\",\"position\":2,\"name\":\"Vivre ensemble plus longtemps\"}]},{\"@type\":\"WebSite\",\"@id\":\"https:\/\/www.ricom-web8.com\/gestions\/#website\",\"url\":\"https:\/\/www.ricom-web8.com\/gestions\/\",\"name\":\"Gestions hospitali\u00e8res\",\"description\":\"la revue des d\u00e9cideurs hospitaliers\",\"publisher\":{\"@id\":\"https:\/\/www.ricom-web8.com\/gestions\/#organization\"},\"potentialAction\":[{\"@type\":\"SearchAction\",\"target\":{\"@type\":\"EntryPoint\",\"urlTemplate\":\"https:\/\/www.ricom-web8.com\/gestions\/?s={search_term_string}\"},\"query-input\":{\"@type\":\"PropertyValueSpecification\",\"valueRequired\":true,\"valueName\":\"search_term_string\"}}],\"inLanguage\":\"fr-FR\"},{\"@type\":\"Organization\",\"@id\":\"https:\/\/www.ricom-web8.com\/gestions\/#organization\",\"name\":\"Gestions hospitali\u00e8res\",\"url\":\"https:\/\/www.ricom-web8.com\/gestions\/\",\"logo\":{\"@type\":\"ImageObject\",\"inLanguage\":\"fr-FR\",\"@id\":\"https:\/\/www.ricom-web8.com\/gestions\/#\/schema\/logo\/image\/\",\"url\":\"https:\/\/gestions-hospitalieres.fr\/wp-content\/uploads\/2017\/02\/picto_Gif-GH-trans.png\",\"contentUrl\":\"https:\/\/gestions-hospitalieres.fr\/wp-content\/uploads\/2017\/02\/picto_Gif-GH-trans.png\",\"width\":512,\"height\":512,\"caption\":\"Gestions hospitali\u00e8res\"},\"image\":{\"@id\":\"https:\/\/www.ricom-web8.com\/gestions\/#\/schema\/logo\/image\/\"},\"sameAs\":[\"https:\/\/www.facebook.com\/gestionshospitalieres\/\",\"https:\/\/x.com\/revue_GH\",\"https:\/\/www.linkedin.com\/company\/gestions-hospitalieres?trk=top_nav_home\"]},{\"@type\":\"Person\",\"@id\":\"https:\/\/www.ricom-web8.com\/gestions\/#\/schema\/person\/810c9671279c5f5a094f6f0a42237516\",\"name\":\"yann Le Sager\",\"image\":{\"@type\":\"ImageObject\",\"inLanguage\":\"fr-FR\",\"@id\":\"https:\/\/www.ricom-web8.com\/gestions\/#\/schema\/person\/image\/\",\"url\":\"https:\/\/secure.gravatar.com\/avatar\/36112fa5997be9e3b9acb0c60a4a1075?s=96&d=mm&r=g\",\"contentUrl\":\"https:\/\/secure.gravatar.com\/avatar\/36112fa5997be9e3b9acb0c60a4a1075?s=96&d=mm&r=g\",\"caption\":\"yann Le Sager\"},\"url\":\"https:\/\/www.ricom-web8.com\/gestions\/author\/lesager-yannstudioricom-com\/\"}]}<\/script>\n<!-- \/ Yoast SEO plugin. -->","yoast_head_json":{"title":"Vivre ensemble plus longtemps - Gestions hospitali\u00e8res","robots":{"index":"index","follow":"follow","max-snippet":"max-snippet:-1","max-image-preview":"max-image-preview:large","max-video-preview":"max-video-preview:-1"},"canonical":"https:\/\/www.ricom-web8.com\/gestions\/vivre-plus-longtemps\/","og_locale":"fr_FR","og_type":"article","og_title":"Vivre ensemble plus longtemps - Gestions hospitali\u00e8res","og_description":"\ufeffDipl\u00f4m\u00e9e de l\u2019ENA et de l\u2019\u00e9cole normale sup\u00e9rieure, agr\u00e9g\u00e9e de philosophie et licenci\u00e9e d\u2019histoire, Rose-Marie Van Lerberghe a d\u00e9but\u00e9 sa carri\u00e8re \u00e0 l\u2019Inspection g\u00e9n\u00e9rale des affaires sociales (Igas) avant de rejoindre le groupe Danone, puis le minist\u00e8re des Affaires sociales en qualit\u00e9 de d\u00e9l\u00e9gu\u00e9e \u00e0 l\u2019emploi et \u00e0 la formation professionnelle. Directrice g\u00e9n\u00e9rale de l\u2019Assistance publique-H\u00f4pitaux de Paris (AP-HP) de 2002 \u00e0 2006, elle est reconnue pour son expertise dans le d\u00e9veloppement de r\u00e9ponses adapt\u00e9es au d\u00e9fi de la prise en charge de la d\u00e9pendance li\u00e9e au grand \u00e2ge.","og_url":"https:\/\/www.ricom-web8.com\/gestions\/vivre-plus-longtemps\/","og_site_name":"Gestions hospitali\u00e8res","article_publisher":"https:\/\/www.facebook.com\/gestionshospitalieres\/","article_published_time":"2011-03-31T22:00:00+00:00","article_modified_time":"2018-03-09T10:13:19+00:00","author":"yann Le Sager","twitter_card":"summary_large_image","twitter_creator":"@revue_GH","twitter_site":"@revue_GH","twitter_misc":{"\u00c9crit par":"yann Le Sager","Dur\u00e9e de lecture estim\u00e9e":"7 minutes"},"schema":{"@context":"https:\/\/schema.org","@graph":[{"@type":"Article","@id":"https:\/\/www.ricom-web8.com\/gestions\/vivre-plus-longtemps\/#article","isPartOf":{"@id":"https:\/\/www.ricom-web8.com\/gestions\/vivre-plus-longtemps\/"},"author":{"name":"yann Le Sager","@id":"https:\/\/www.ricom-web8.com\/gestions\/#\/schema\/person\/810c9671279c5f5a094f6f0a42237516"},"headline":"Vivre ensemble plus longtemps","datePublished":"2011-03-31T22:00:00+00:00","dateModified":"2018-03-09T10:13:19+00:00","mainEntityOfPage":{"@id":"https:\/\/www.ricom-web8.com\/gestions\/vivre-plus-longtemps\/"},"wordCount":1383,"commentCount":0,"publisher":{"@id":"https:\/\/www.ricom-web8.com\/gestions\/#organization"},"articleSection":["Gestions Hospitali\u00e8res","r\u00e9flexion"],"inLanguage":"fr-FR","potentialAction":[{"@type":"CommentAction","name":"Comment","target":["https:\/\/www.ricom-web8.com\/gestions\/vivre-plus-longtemps\/#respond"]}]},{"@type":"WebPage","@id":"https:\/\/www.ricom-web8.com\/gestions\/vivre-plus-longtemps\/","url":"https:\/\/www.ricom-web8.com\/gestions\/vivre-plus-longtemps\/","name":"Vivre ensemble plus longtemps - Gestions hospitali\u00e8res","isPartOf":{"@id":"https:\/\/www.ricom-web8.com\/gestions\/#website"},"datePublished":"2011-03-31T22:00:00+00:00","dateModified":"2018-03-09T10:13:19+00:00","breadcrumb":{"@id":"https:\/\/www.ricom-web8.com\/gestions\/vivre-plus-longtemps\/#breadcrumb"},"inLanguage":"fr-FR","potentialAction":[{"@type":"ReadAction","target":["https:\/\/www.ricom-web8.com\/gestions\/vivre-plus-longtemps\/"]}]},{"@type":"BreadcrumbList","@id":"https:\/\/www.ricom-web8.com\/gestions\/vivre-plus-longtemps\/#breadcrumb","itemListElement":[{"@type":"ListItem","position":1,"name":"Accueil","item":"https:\/\/www.ricom-web8.com\/gestions\/"},{"@type":"ListItem","position":2,"name":"Vivre ensemble plus longtemps"}]},{"@type":"WebSite","@id":"https:\/\/www.ricom-web8.com\/gestions\/#website","url":"https:\/\/www.ricom-web8.com\/gestions\/","name":"Gestions hospitali\u00e8res","description":"la revue des d\u00e9cideurs hospitaliers","publisher":{"@id":"https:\/\/www.ricom-web8.com\/gestions\/#organization"},"potentialAction":[{"@type":"SearchAction","target":{"@type":"EntryPoint","urlTemplate":"https:\/\/www.ricom-web8.com\/gestions\/?s={search_term_string}"},"query-input":{"@type":"PropertyValueSpecification","valueRequired":true,"valueName":"search_term_string"}}],"inLanguage":"fr-FR"},{"@type":"Organization","@id":"https:\/\/www.ricom-web8.com\/gestions\/#organization","name":"Gestions hospitali\u00e8res","url":"https:\/\/www.ricom-web8.com\/gestions\/","logo":{"@type":"ImageObject","inLanguage":"fr-FR","@id":"https:\/\/www.ricom-web8.com\/gestions\/#\/schema\/logo\/image\/","url":"https:\/\/gestions-hospitalieres.fr\/wp-content\/uploads\/2017\/02\/picto_Gif-GH-trans.png","contentUrl":"https:\/\/gestions-hospitalieres.fr\/wp-content\/uploads\/2017\/02\/picto_Gif-GH-trans.png","width":512,"height":512,"caption":"Gestions hospitali\u00e8res"},"image":{"@id":"https:\/\/www.ricom-web8.com\/gestions\/#\/schema\/logo\/image\/"},"sameAs":["https:\/\/www.facebook.com\/gestionshospitalieres\/","https:\/\/x.com\/revue_GH","https:\/\/www.linkedin.com\/company\/gestions-hospitalieres?trk=top_nav_home"]},{"@type":"Person","@id":"https:\/\/www.ricom-web8.com\/gestions\/#\/schema\/person\/810c9671279c5f5a094f6f0a42237516","name":"yann Le Sager","image":{"@type":"ImageObject","inLanguage":"fr-FR","@id":"https:\/\/www.ricom-web8.com\/gestions\/#\/schema\/person\/image\/","url":"https:\/\/secure.gravatar.com\/avatar\/36112fa5997be9e3b9acb0c60a4a1075?s=96&d=mm&r=g","contentUrl":"https:\/\/secure.gravatar.com\/avatar\/36112fa5997be9e3b9acb0c60a4a1075?s=96&d=mm&r=g","caption":"yann Le Sager"},"url":"https:\/\/www.ricom-web8.com\/gestions\/author\/lesager-yannstudioricom-com\/"}]}},"_links":{"self":[{"href":"https:\/\/www.ricom-web8.com\/gestions\/wp-json\/wp\/v2\/posts\/15228","targetHints":{"allow":["GET"]}}],"collection":[{"href":"https:\/\/www.ricom-web8.com\/gestions\/wp-json\/wp\/v2\/posts"}],"about":[{"href":"https:\/\/www.ricom-web8.com\/gestions\/wp-json\/wp\/v2\/types\/post"}],"author":[{"embeddable":true,"href":"https:\/\/www.ricom-web8.com\/gestions\/wp-json\/wp\/v2\/users\/1202"}],"replies":[{"embeddable":true,"href":"https:\/\/www.ricom-web8.com\/gestions\/wp-json\/wp\/v2\/comments?post=15228"}],"version-history":[{"count":0,"href":"https:\/\/www.ricom-web8.com\/gestions\/wp-json\/wp\/v2\/posts\/15228\/revisions"}],"wp:attachment":[{"href":"https:\/\/www.ricom-web8.com\/gestions\/wp-json\/wp\/v2\/media?parent=15228"}],"wp:term":[{"taxonomy":"category","embeddable":true,"href":"https:\/\/www.ricom-web8.com\/gestions\/wp-json\/wp\/v2\/categories?post=15228"},{"taxonomy":"post_tag","embeddable":true,"href":"https:\/\/www.ricom-web8.com\/gestions\/wp-json\/wp\/v2\/tags?post=15228"}],"curies":[{"name":"wp","href":"https:\/\/api.w.org\/{rel}","templated":true}]}}