

{"id":15249,"date":"2011-05-01T00:00:00","date_gmt":"2011-04-30T22:00:00","guid":{"rendered":"http:\/\/ricom-web.com\/gestions-hospitalieres\/les-soins-psychiatriques\/"},"modified":"2018-03-09T11:00:57","modified_gmt":"2018-03-09T10:00:57","slug":"les-soins-psychiatriques","status":"publish","type":"post","link":"https:\/\/www.ricom-web8.com\/gestions\/les-soins-psychiatriques\/","title":{"rendered":"Les soins psychiatriques"},"content":{"rendered":"<span class=\"span-reading-time rt-reading-time\" style=\"display: block;\"><span class=\"rt-label rt-prefix\">Temps de lecture\u00a0: <\/span> <span class=\"rt-time\"> 4<\/span> <span class=\"rt-label rt-postfix\">minutes<\/span><\/span><h1>Comorbidit\u00e9 et pr\u00e9carit\u00e9<\/h1>\n<p>Les d\u00e9tenus souffrant de troubles psychiatriques en prison pr\u00e9sentent des troubles complexes n\u00e9cessitant souvent une prise en charge articul\u00e9e entre soins psychiatriques, m\u00e9dicaux et aide sociale. En effet, les probl\u00e8mes de sant\u00e9 rel\u00e8vent souvent de comorbidit\u00e9s dans plusieurs domaines : addictives, portant souvent sur plusieurs produits, et somatiques (h\u00e9patites C et B, VIH, tuberculose, maladies chroniques, \u00e9tat dentaire\u2026) en proportion bien plus importante que dans la population g\u00e9n\u00e9rale du m\u00eame \u00e2ge. Il faut signaler l\u2019ampleur de la pr\u00e9carit\u00e9 sociale et \u00e9ducative plus marqu\u00e9e chez les sujets souffrant de troubles psychiatriques qui sont l\u2019objet d\u2019exclusion et de stigmatisation, pendant et apr\u00e8s la d\u00e9tention.<\/p>\n<h1>Sant\u00e9 en prison :\u00a0reflet de la sant\u00e9 de la r\u00e9gion<\/h1>\n<p>L\u2019ampleur des probl\u00e8mes de sant\u00e9 et de pr\u00e9carit\u00e9 varie selon les r\u00e9gions. La r\u00e9gion Nord\/Pas-de-Calais affiche des indicateurs pr\u00e9occupants dans le domaine de la sant\u00e9 ; 95e et 96e sur 96 d\u00e9partements, respectivement pour le Nord et le Pas-de-Calais. Le nombre de d\u00e9tenus y est \u00e9galement le plus important. Plusieurs indicateurs t\u00e9moignent de l\u2019importance des probl\u00e8mes de sant\u00e9 mentale dans les \u00e9tablissements de la r\u00e9gion. Une suicidalit\u00e9 \u00e9lev\u00e9e, mortalit\u00e9 par suicide et morbidit\u00e9 suicidaire, demandes d\u2019hospitalisation d\u2019office parmi les plus \u00e9lev\u00e9es de France. L\u2019hospitalisation \u00e0 temps partiel du service m\u00e9dico-psychologique r\u00e9gional (SMPR), qui accueillait dans les ann\u00e9es 1990 essentiellement des d\u00e9tenus souffrant de troubles psychopathiques, ne re\u00e7oit plus que des patients souffrant de troubles psychotiques s\u00e9v\u00e8res, souvent en attente de place en hospitalisation d\u2019office (HO) dans les secteurs de psychiatre g\u00e9n\u00e9rale ou en unit\u00e9 pour malades difficiles (UMD). Afin de mieux conna\u00eetre les besoins de soins dans la r\u00e9gion, la F\u00e9d\u00e9ration de recherche en sant\u00e9 mentale, le Centre collaborateur de l\u2019Organisation mondiale de la sant\u00e9 (CCOMS) pour la recherche et la formation en sant\u00e9 mentale et l\u2019agence r\u00e9gionale de sant\u00e9 (ARS) ont uni leurs efforts pour mettre en place une \u00e9valuation r\u00e9gionale de la sant\u00e9 mentale et de la situation sociale des arrivants dans les \u00e9tablissements p\u00e9nitentiaires de la r\u00e9gion Nord\/Pas-de-Calais.<\/p>\n<h1>Une situation aggrav\u00e9e<\/h1>\n<p>Comme partout en France et en Europe, la r\u00e9gion Nord\/Pas-de-Calais a connu une forte d\u00e9sinstitutionalisation psychiatrique. En l\u2019espace de vingt ans, les secteurs de psychiatrie sont pass\u00e9s d\u2019une capacit\u00e9 d\u2019accueil de 200 lits \u00e0 20 \u00e0 30 lits. Cette \u00e9volution, motiv\u00e9e par une volont\u00e9 l\u00e9gitime d\u2019humanisation des prises en charge psychiatriques, a conduit \u00e0 ce que l\u2019h\u00f4pital psychiatrique, auparavant lieu de vie, devienne un lieu de soin destin\u00e9 aux \u00e9pisodes aigus des troubles psychiatriques. Le d\u00e9ploiement extrahospitalier des ressources m\u00e9dicales a permis de diversifier une offre de soins d\u00e9sormais plus accessible \u00e0 de nombreuses personnes en difficult\u00e9. Cependant, les secteurs de psychiatrie sont en difficult\u00e9 pour prendre en charge les patients en situation de pr\u00e9carit\u00e9 et\/ou avec des probl\u00e8mes d\u2019addiction, faute de savoir-faire dans les champs social et m\u00e9dico-social. En parall\u00e8le, les possibilit\u00e9s d\u2019accueil dans les institutions des services sociaux ou m\u00e9dico-sociaux sont limit\u00e9es en raison de l\u2019absence de formation et de moyen des personnels.<\/p>\n<blockquote><p>La prison, qui n\u2019est pas un lieu de soin loin s\u2019en faut, peut parfois s\u2019av\u00e9rer \u00eatre la premi\u00e8re occasion de rencontre avec une \u00e9quipe soignante.<\/p><\/blockquote>\n<p>Il appara\u00eet donc que les populations marginalis\u00e9es \u00e0 cause de leurs probl\u00e8mes psychiatriques ont de moins en moins acc\u00e8s aux soins et aux aides sociales. Pour ces publics, la pr\u00e9carit\u00e9, les addictions et les actes de d\u00e9linquance figurent parmi les complications \u00e9volutives de leurs troubles. Identifi\u00e9s comme d\u00e9linquants, ils sont incarc\u00e9r\u00e9s pour des peines souvent plus longues, avec moins de remises de peine du fait de leur d\u00e9sinsertion sociale et de l\u2019inqui\u00e9tude que leur trouble peut susciter aupr\u00e8s de la justice.<\/p>\n<h1>Un lieu de vie\u00a0pour patients marginalis\u00e9s ?<\/h1>\n<p>La prison, qui n\u2019est pas un lieu de soin loin s\u2019en faut, peut parfois s\u2019av\u00e9rer \u00eatre la premi\u00e8re occasion de rencontre avec une \u00e9quipe soignante. Pour que cette ouverture vers les soins soit efficiente, il est important que le cadre des soins soit respect\u00e9 non seulement par l\u2019administration p\u00e9nitentiaire mais aussi par l\u2019ensemble des intervenants pouvant contribuer au d\u00e9roulement de la continuit\u00e9 des soins, telle l\u2019autorit\u00e9 pr\u00e9fectorale pour l\u2019acc\u00e8s \u00e0 l\u2019hospitalisation pendant l\u2019incarc\u00e9ration, la juridiction de l\u2019application des peines et les secteurs de psychiatrie et l\u2019aide sociale. En effet, ce qui p\u00e9nalise le plus ces personnes souffrant de troubles mentaux, c\u2019est l\u2019absence d\u2019articulation entre l\u2019ensemble des intervenants amen\u00e9s \u00e0 les rencontrer dans leurs parcours. La prison devient progressivement le lieu de vie (\u00e0 d\u00e9faut de soins) des patients marginalis\u00e9s. Lorsque le d\u00e9tenu souffrant de troubles psychiatrique sort de prison, les difficult\u00e9s sont plus grandes \u00e0 se r\u00e9ins\u00e9rer, \u00e0 poursuivre un suivi, \u00e0 faire face \u00e0 l\u2019offre de substances psycho-actives et \u00e0 ne pas commettre d\u2019autres actes de d\u00e9linquance et revenir en\u2026 prison.<\/p>\n<h1>L\u2019acc\u00e8s et la continuit\u00e9 des soins<\/h1>\n<p>Dans cette perspective, le SMPR de Lille a mis en place une unit\u00e9 de psychiatrie de liaison qui mobilise les intervenants m\u00e9dicaux infirmiers et socio-\u00e9ducatifs. L\u2019objectif est de cr\u00e9er et de consolider des liens entre les diff\u00e9rents intervenants pour faciliter la continuit\u00e9 des soins pendant et apr\u00e8s l\u2019incarc\u00e9ration. Cette unit\u00e9 a plusieurs missions :<\/p>\n<ul>\n<li>se rapprocher des services de l\u2019ARS et de la pr\u00e9fecture pour optimiser l\u2019ad\u00e9quation des demandes d\u2019hospitalisation ;<\/li>\n<li>pr\u00e9parer l\u2019arriv\u00e9e d\u2019un d\u00e9tenu dans l\u2019unit\u00e9 d\u2019hospitalisation d\u2019un secteur de psychiatrie, en d\u00e9finir les objectifs de fa\u00e7on \u00e0 \u00e9viter d\u2019\u00e9ventuelles attitudes contre-th\u00e9rapeutiques ou stigmatisantes ;<\/li>\n<li>rendre visite \u00e0 l\u2019\u00e9quipe du secteur en cours d\u2019hospitalisation ;<\/li>\n<li>pr\u00e9parer le retour en d\u00e9tention apr\u00e8s l\u2019hospitalisation ;<\/li>\n<li>organiser la continuit\u00e9 des soins et du soutien social \u00e0 la sortie de d\u00e9tention avec les secteurs de psychiatrie les Csapa et les services m\u00e9dico-sociaux.<\/li>\n<\/ul>\n<h1>L\u2019acc\u00e8s aux soins avant l\u2019incarc\u00e9ration<\/h1>\n<p>Au-del\u00e0 de ce que peut apporter une psychiatrie de liaison du carc\u00e9ral vers le \u00ab milieu ouvert \u00bb, l\u2019am\u00e9lioration de l\u2019acc\u00e8s aux soins et la pr\u00e9vention de la p\u00e9nalisation des patients consid\u00e9r\u00e9s comme difficiles devrait id\u00e9alement commencer avant l\u2019incarc\u00e9ration. Elle n\u00e9cessite une articulation forte entre les secteurs de psychiatrie et les services m\u00e9dico-sociaux. Le d\u00e9cloisonnement impliquera une formation partag\u00e9e et l\u2019int\u00e9gration de personnels soignants dans les services m\u00e9dico-sociaux et de personnels socio-\u00e9ducatifs dans les secteurs de psychiatrie.<\/p>\n<script>function PlayerjsAsync(){} if(window[\"Playerjs\"]){PlayerjsAsync();}<\/script>","protected":false},"excerpt":{"rendered":"<p><span class=\"span-reading-time rt-reading-time\" style=\"display: block;\"><span class=\"rt-label rt-prefix\">Temps de lecture\u00a0: <\/span> <span class=\"rt-time\"> 4<\/span> <span class=\"rt-label rt-postfix\">minutes<\/span><\/span>\ufeffEn 2004, l\u2019\u00e9tude de Bruno Fallissard et Fr\u00e9deric Rouillon a d\u00e9montr\u00e9 la pr\u00e9valence consid\u00e9rable des troubles psychiatriques et des addictions en milieu p\u00e9nitentiaire. Ce travail r\u00e9alis\u00e9 sur 23 \u00e9tablissements rend compte d\u2019une pr\u00e9valence 7 \u00e0 10 fois plus \u00e9lev\u00e9e qu\u2019en population g\u00e9n\u00e9rale pour l\u2019ensemble des troubles psychiatriques. Plus d\u2019un tiers de ces sujets souffraient de troubles consid\u00e9r\u00e9s comme s\u00e9v\u00e8res \u00e0 extr\u00eamement s\u00e9v\u00e8res. Des r\u00e9sultats qui suscitent plusieurs r\u00e9flexions sur l\u2019offre de soins et de pr\u00e9vention \u00e0 l\u2019\u00e9gard des personnes souffrant de troubles psychiatriques en France. En effet, si on s\u2019en tient aux chiffres, il y aurait actuellement dans les prisons fran\u00e7aises plus de 10 000 personnes incarc\u00e9r\u00e9es souffrant d\u2019un trouble psychiatrique caract\u00e9ris\u00e9.<\/p>\n","protected":false},"author":1202,"featured_media":0,"comment_status":"open","ping_status":"open","sticky":false,"template":"","format":"standard","meta":{"_acf_changed":false,"_relevanssi_hide_post":"","_relevanssi_hide_content":"","_relevanssi_pin_for_all":"","_relevanssi_pin_keywords":"","_relevanssi_unpin_keywords":"","_relevanssi_related_keywords":"","_relevanssi_related_include_ids":"","_relevanssi_related_exclude_ids":"","_relevanssi_related_no_append":"","_relevanssi_related_not_related":"","_relevanssi_related_posts":"","_relevanssi_noindex_reason":"","footnotes":""},"categories":[26,2],"tags":[145,146,153,36,87,142,143],"class_list":["post-15249","post","type-post","status-publish","format-standard","hentry","category-dossier","category-gestions-hospitalieres","tag-detenu","tag-maladie-mentale","tag-nordpas-de-calais","tag-organisation","tag-prise-en-charge","tag-psychiatrie","tag-sante-mentale"],"acf":[],"yoast_head":"<!-- This site is optimized with the Yoast SEO plugin v24.8.1 - https:\/\/yoast.com\/wordpress\/plugins\/seo\/ -->\n<title>Les soins psychiatriques - Gestions hospitali\u00e8res<\/title>\n<meta name=\"robots\" content=\"index, follow, max-snippet:-1, max-image-preview:large, max-video-preview:-1\" \/>\n<link rel=\"canonical\" href=\"https:\/\/www.ricom-web8.com\/gestions\/les-soins-psychiatriques\/\" \/>\n<meta property=\"og:locale\" content=\"fr_FR\" \/>\n<meta property=\"og:type\" content=\"article\" \/>\n<meta property=\"og:title\" content=\"Les soins psychiatriques - Gestions hospitali\u00e8res\" \/>\n<meta property=\"og:description\" content=\"Temps de lecture\u00a0:  4 minutes\ufeffEn 2004, l\u2019\u00e9tude de Bruno Fallissard et Fr\u00e9deric Rouillon a d\u00e9montr\u00e9 la pr\u00e9valence consid\u00e9rable des troubles psychiatriques et des addictions en milieu p\u00e9nitentiaire. Ce travail r\u00e9alis\u00e9 sur 23 \u00e9tablissements rend compte d\u2019une pr\u00e9valence 7 \u00e0 10 fois plus \u00e9lev\u00e9e qu\u2019en population g\u00e9n\u00e9rale pour l\u2019ensemble des troubles psychiatriques. Plus d\u2019un tiers de ces sujets souffraient de troubles consid\u00e9r\u00e9s comme s\u00e9v\u00e8res \u00e0 extr\u00eamement s\u00e9v\u00e8res. Des r\u00e9sultats qui suscitent plusieurs r\u00e9flexions sur l\u2019offre de soins et de pr\u00e9vention \u00e0 l\u2019\u00e9gard des personnes souffrant de troubles psychiatriques en France. En effet, si on s\u2019en tient aux chiffres, il y aurait actuellement dans les prisons fran\u00e7aises plus de 10 000 personnes incarc\u00e9r\u00e9es souffrant d\u2019un trouble psychiatrique caract\u00e9ris\u00e9.\" \/>\n<meta property=\"og:url\" content=\"https:\/\/www.ricom-web8.com\/gestions\/les-soins-psychiatriques\/\" \/>\n<meta property=\"og:site_name\" content=\"Gestions hospitali\u00e8res\" \/>\n<meta property=\"article:publisher\" content=\"https:\/\/www.facebook.com\/gestionshospitalieres\/\" \/>\n<meta property=\"article:published_time\" content=\"2011-04-30T22:00:00+00:00\" \/>\n<meta property=\"article:modified_time\" content=\"2018-03-09T10:00:57+00:00\" \/>\n<meta name=\"author\" content=\"yann Le Sager\" \/>\n<meta name=\"twitter:card\" content=\"summary_large_image\" \/>\n<meta name=\"twitter:creator\" content=\"@revue_GH\" \/>\n<meta name=\"twitter:site\" content=\"@revue_GH\" \/>\n<meta name=\"twitter:label1\" content=\"\u00c9crit par\" \/>\n\t<meta name=\"twitter:data1\" content=\"yann Le Sager\" \/>\n\t<meta name=\"twitter:label2\" content=\"Dur\u00e9e de lecture estim\u00e9e\" \/>\n\t<meta name=\"twitter:data2\" content=\"6 minutes\" \/>\n<script type=\"application\/ld+json\" class=\"yoast-schema-graph\">{\"@context\":\"https:\/\/schema.org\",\"@graph\":[{\"@type\":\"Article\",\"@id\":\"https:\/\/www.ricom-web8.com\/gestions\/les-soins-psychiatriques\/#article\",\"isPartOf\":{\"@id\":\"https:\/\/www.ricom-web8.com\/gestions\/les-soins-psychiatriques\/\"},\"author\":{\"name\":\"yann Le Sager\",\"@id\":\"https:\/\/www.ricom-web8.com\/gestions\/#\/schema\/person\/810c9671279c5f5a094f6f0a42237516\"},\"headline\":\"Les soins psychiatriques\",\"datePublished\":\"2011-04-30T22:00:00+00:00\",\"dateModified\":\"2018-03-09T10:00:57+00:00\",\"mainEntityOfPage\":{\"@id\":\"https:\/\/www.ricom-web8.com\/gestions\/les-soins-psychiatriques\/\"},\"wordCount\":1167,\"commentCount\":0,\"publisher\":{\"@id\":\"https:\/\/www.ricom-web8.com\/gestions\/#organization\"},\"keywords\":[\"d\u00e9tenu\",\"maladie mentale\",\"Nord\/Pas-de-Calais\",\"organisation\",\"prise en charge\",\"psychiatrie\",\"sant\u00e9 mentale\"],\"articleSection\":[\"dossier\",\"Gestions Hospitali\u00e8res\"],\"inLanguage\":\"fr-FR\",\"potentialAction\":[{\"@type\":\"CommentAction\",\"name\":\"Comment\",\"target\":[\"https:\/\/www.ricom-web8.com\/gestions\/les-soins-psychiatriques\/#respond\"]}]},{\"@type\":\"WebPage\",\"@id\":\"https:\/\/www.ricom-web8.com\/gestions\/les-soins-psychiatriques\/\",\"url\":\"https:\/\/www.ricom-web8.com\/gestions\/les-soins-psychiatriques\/\",\"name\":\"Les soins psychiatriques - Gestions hospitali\u00e8res\",\"isPartOf\":{\"@id\":\"https:\/\/www.ricom-web8.com\/gestions\/#website\"},\"datePublished\":\"2011-04-30T22:00:00+00:00\",\"dateModified\":\"2018-03-09T10:00:57+00:00\",\"breadcrumb\":{\"@id\":\"https:\/\/www.ricom-web8.com\/gestions\/les-soins-psychiatriques\/#breadcrumb\"},\"inLanguage\":\"fr-FR\",\"potentialAction\":[{\"@type\":\"ReadAction\",\"target\":[\"https:\/\/www.ricom-web8.com\/gestions\/les-soins-psychiatriques\/\"]}]},{\"@type\":\"BreadcrumbList\",\"@id\":\"https:\/\/www.ricom-web8.com\/gestions\/les-soins-psychiatriques\/#breadcrumb\",\"itemListElement\":[{\"@type\":\"ListItem\",\"position\":1,\"name\":\"Accueil\",\"item\":\"https:\/\/www.ricom-web8.com\/gestions\/\"},{\"@type\":\"ListItem\",\"position\":2,\"name\":\"Les soins psychiatriques\"}]},{\"@type\":\"WebSite\",\"@id\":\"https:\/\/www.ricom-web8.com\/gestions\/#website\",\"url\":\"https:\/\/www.ricom-web8.com\/gestions\/\",\"name\":\"Gestions hospitali\u00e8res\",\"description\":\"la revue des d\u00e9cideurs hospitaliers\",\"publisher\":{\"@id\":\"https:\/\/www.ricom-web8.com\/gestions\/#organization\"},\"potentialAction\":[{\"@type\":\"SearchAction\",\"target\":{\"@type\":\"EntryPoint\",\"urlTemplate\":\"https:\/\/www.ricom-web8.com\/gestions\/?s={search_term_string}\"},\"query-input\":{\"@type\":\"PropertyValueSpecification\",\"valueRequired\":true,\"valueName\":\"search_term_string\"}}],\"inLanguage\":\"fr-FR\"},{\"@type\":\"Organization\",\"@id\":\"https:\/\/www.ricom-web8.com\/gestions\/#organization\",\"name\":\"Gestions hospitali\u00e8res\",\"url\":\"https:\/\/www.ricom-web8.com\/gestions\/\",\"logo\":{\"@type\":\"ImageObject\",\"inLanguage\":\"fr-FR\",\"@id\":\"https:\/\/www.ricom-web8.com\/gestions\/#\/schema\/logo\/image\/\",\"url\":\"https:\/\/gestions-hospitalieres.fr\/wp-content\/uploads\/2017\/02\/picto_Gif-GH-trans.png\",\"contentUrl\":\"https:\/\/gestions-hospitalieres.fr\/wp-content\/uploads\/2017\/02\/picto_Gif-GH-trans.png\",\"width\":512,\"height\":512,\"caption\":\"Gestions hospitali\u00e8res\"},\"image\":{\"@id\":\"https:\/\/www.ricom-web8.com\/gestions\/#\/schema\/logo\/image\/\"},\"sameAs\":[\"https:\/\/www.facebook.com\/gestionshospitalieres\/\",\"https:\/\/x.com\/revue_GH\",\"https:\/\/www.linkedin.com\/company\/gestions-hospitalieres?trk=top_nav_home\"]},{\"@type\":\"Person\",\"@id\":\"https:\/\/www.ricom-web8.com\/gestions\/#\/schema\/person\/810c9671279c5f5a094f6f0a42237516\",\"name\":\"yann Le Sager\",\"image\":{\"@type\":\"ImageObject\",\"inLanguage\":\"fr-FR\",\"@id\":\"https:\/\/www.ricom-web8.com\/gestions\/#\/schema\/person\/image\/\",\"url\":\"https:\/\/secure.gravatar.com\/avatar\/36112fa5997be9e3b9acb0c60a4a1075?s=96&d=mm&r=g\",\"contentUrl\":\"https:\/\/secure.gravatar.com\/avatar\/36112fa5997be9e3b9acb0c60a4a1075?s=96&d=mm&r=g\",\"caption\":\"yann Le Sager\"},\"url\":\"https:\/\/www.ricom-web8.com\/gestions\/author\/lesager-yannstudioricom-com\/\"}]}<\/script>\n<!-- \/ Yoast SEO plugin. -->","yoast_head_json":{"title":"Les soins psychiatriques - Gestions hospitali\u00e8res","robots":{"index":"index","follow":"follow","max-snippet":"max-snippet:-1","max-image-preview":"max-image-preview:large","max-video-preview":"max-video-preview:-1"},"canonical":"https:\/\/www.ricom-web8.com\/gestions\/les-soins-psychiatriques\/","og_locale":"fr_FR","og_type":"article","og_title":"Les soins psychiatriques - Gestions hospitali\u00e8res","og_description":"Temps de lecture\u00a0:  4 minutes\ufeffEn 2004, l\u2019\u00e9tude de Bruno Fallissard et Fr\u00e9deric Rouillon a d\u00e9montr\u00e9 la pr\u00e9valence consid\u00e9rable des troubles psychiatriques et des addictions en milieu p\u00e9nitentiaire. Ce travail r\u00e9alis\u00e9 sur 23 \u00e9tablissements rend compte d\u2019une pr\u00e9valence 7 \u00e0 10 fois plus \u00e9lev\u00e9e qu\u2019en population g\u00e9n\u00e9rale pour l\u2019ensemble des troubles psychiatriques. Plus d\u2019un tiers de ces sujets souffraient de troubles consid\u00e9r\u00e9s comme s\u00e9v\u00e8res \u00e0 extr\u00eamement s\u00e9v\u00e8res. Des r\u00e9sultats qui suscitent plusieurs r\u00e9flexions sur l\u2019offre de soins et de pr\u00e9vention \u00e0 l\u2019\u00e9gard des personnes souffrant de troubles psychiatriques en France. En effet, si on s\u2019en tient aux chiffres, il y aurait actuellement dans les prisons fran\u00e7aises plus de 10 000 personnes incarc\u00e9r\u00e9es souffrant d\u2019un trouble psychiatrique caract\u00e9ris\u00e9.","og_url":"https:\/\/www.ricom-web8.com\/gestions\/les-soins-psychiatriques\/","og_site_name":"Gestions hospitali\u00e8res","article_publisher":"https:\/\/www.facebook.com\/gestionshospitalieres\/","article_published_time":"2011-04-30T22:00:00+00:00","article_modified_time":"2018-03-09T10:00:57+00:00","author":"yann Le Sager","twitter_card":"summary_large_image","twitter_creator":"@revue_GH","twitter_site":"@revue_GH","twitter_misc":{"\u00c9crit par":"yann Le Sager","Dur\u00e9e de lecture estim\u00e9e":"6 minutes"},"schema":{"@context":"https:\/\/schema.org","@graph":[{"@type":"Article","@id":"https:\/\/www.ricom-web8.com\/gestions\/les-soins-psychiatriques\/#article","isPartOf":{"@id":"https:\/\/www.ricom-web8.com\/gestions\/les-soins-psychiatriques\/"},"author":{"name":"yann Le Sager","@id":"https:\/\/www.ricom-web8.com\/gestions\/#\/schema\/person\/810c9671279c5f5a094f6f0a42237516"},"headline":"Les soins psychiatriques","datePublished":"2011-04-30T22:00:00+00:00","dateModified":"2018-03-09T10:00:57+00:00","mainEntityOfPage":{"@id":"https:\/\/www.ricom-web8.com\/gestions\/les-soins-psychiatriques\/"},"wordCount":1167,"commentCount":0,"publisher":{"@id":"https:\/\/www.ricom-web8.com\/gestions\/#organization"},"keywords":["d\u00e9tenu","maladie mentale","Nord\/Pas-de-Calais","organisation","prise en charge","psychiatrie","sant\u00e9 mentale"],"articleSection":["dossier","Gestions Hospitali\u00e8res"],"inLanguage":"fr-FR","potentialAction":[{"@type":"CommentAction","name":"Comment","target":["https:\/\/www.ricom-web8.com\/gestions\/les-soins-psychiatriques\/#respond"]}]},{"@type":"WebPage","@id":"https:\/\/www.ricom-web8.com\/gestions\/les-soins-psychiatriques\/","url":"https:\/\/www.ricom-web8.com\/gestions\/les-soins-psychiatriques\/","name":"Les soins psychiatriques - Gestions hospitali\u00e8res","isPartOf":{"@id":"https:\/\/www.ricom-web8.com\/gestions\/#website"},"datePublished":"2011-04-30T22:00:00+00:00","dateModified":"2018-03-09T10:00:57+00:00","breadcrumb":{"@id":"https:\/\/www.ricom-web8.com\/gestions\/les-soins-psychiatriques\/#breadcrumb"},"inLanguage":"fr-FR","potentialAction":[{"@type":"ReadAction","target":["https:\/\/www.ricom-web8.com\/gestions\/les-soins-psychiatriques\/"]}]},{"@type":"BreadcrumbList","@id":"https:\/\/www.ricom-web8.com\/gestions\/les-soins-psychiatriques\/#breadcrumb","itemListElement":[{"@type":"ListItem","position":1,"name":"Accueil","item":"https:\/\/www.ricom-web8.com\/gestions\/"},{"@type":"ListItem","position":2,"name":"Les soins psychiatriques"}]},{"@type":"WebSite","@id":"https:\/\/www.ricom-web8.com\/gestions\/#website","url":"https:\/\/www.ricom-web8.com\/gestions\/","name":"Gestions hospitali\u00e8res","description":"la revue des d\u00e9cideurs hospitaliers","publisher":{"@id":"https:\/\/www.ricom-web8.com\/gestions\/#organization"},"potentialAction":[{"@type":"SearchAction","target":{"@type":"EntryPoint","urlTemplate":"https:\/\/www.ricom-web8.com\/gestions\/?s={search_term_string}"},"query-input":{"@type":"PropertyValueSpecification","valueRequired":true,"valueName":"search_term_string"}}],"inLanguage":"fr-FR"},{"@type":"Organization","@id":"https:\/\/www.ricom-web8.com\/gestions\/#organization","name":"Gestions hospitali\u00e8res","url":"https:\/\/www.ricom-web8.com\/gestions\/","logo":{"@type":"ImageObject","inLanguage":"fr-FR","@id":"https:\/\/www.ricom-web8.com\/gestions\/#\/schema\/logo\/image\/","url":"https:\/\/gestions-hospitalieres.fr\/wp-content\/uploads\/2017\/02\/picto_Gif-GH-trans.png","contentUrl":"https:\/\/gestions-hospitalieres.fr\/wp-content\/uploads\/2017\/02\/picto_Gif-GH-trans.png","width":512,"height":512,"caption":"Gestions hospitali\u00e8res"},"image":{"@id":"https:\/\/www.ricom-web8.com\/gestions\/#\/schema\/logo\/image\/"},"sameAs":["https:\/\/www.facebook.com\/gestionshospitalieres\/","https:\/\/x.com\/revue_GH","https:\/\/www.linkedin.com\/company\/gestions-hospitalieres?trk=top_nav_home"]},{"@type":"Person","@id":"https:\/\/www.ricom-web8.com\/gestions\/#\/schema\/person\/810c9671279c5f5a094f6f0a42237516","name":"yann Le Sager","image":{"@type":"ImageObject","inLanguage":"fr-FR","@id":"https:\/\/www.ricom-web8.com\/gestions\/#\/schema\/person\/image\/","url":"https:\/\/secure.gravatar.com\/avatar\/36112fa5997be9e3b9acb0c60a4a1075?s=96&d=mm&r=g","contentUrl":"https:\/\/secure.gravatar.com\/avatar\/36112fa5997be9e3b9acb0c60a4a1075?s=96&d=mm&r=g","caption":"yann Le Sager"},"url":"https:\/\/www.ricom-web8.com\/gestions\/author\/lesager-yannstudioricom-com\/"}]}},"_links":{"self":[{"href":"https:\/\/www.ricom-web8.com\/gestions\/wp-json\/wp\/v2\/posts\/15249","targetHints":{"allow":["GET"]}}],"collection":[{"href":"https:\/\/www.ricom-web8.com\/gestions\/wp-json\/wp\/v2\/posts"}],"about":[{"href":"https:\/\/www.ricom-web8.com\/gestions\/wp-json\/wp\/v2\/types\/post"}],"author":[{"embeddable":true,"href":"https:\/\/www.ricom-web8.com\/gestions\/wp-json\/wp\/v2\/users\/1202"}],"replies":[{"embeddable":true,"href":"https:\/\/www.ricom-web8.com\/gestions\/wp-json\/wp\/v2\/comments?post=15249"}],"version-history":[{"count":0,"href":"https:\/\/www.ricom-web8.com\/gestions\/wp-json\/wp\/v2\/posts\/15249\/revisions"}],"wp:attachment":[{"href":"https:\/\/www.ricom-web8.com\/gestions\/wp-json\/wp\/v2\/media?parent=15249"}],"wp:term":[{"taxonomy":"category","embeddable":true,"href":"https:\/\/www.ricom-web8.com\/gestions\/wp-json\/wp\/v2\/categories?post=15249"},{"taxonomy":"post_tag","embeddable":true,"href":"https:\/\/www.ricom-web8.com\/gestions\/wp-json\/wp\/v2\/tags?post=15249"}],"curies":[{"name":"wp","href":"https:\/\/api.w.org\/{rel}","templated":true}]}}