

{"id":15277,"date":"2011-09-01T00:00:00","date_gmt":"2011-08-31T22:00:00","guid":{"rendered":"http:\/\/ricom-web.com\/gestions-hospitalieres\/les-couts-induits-par-un-evenement-iatrogene-medicamenteux\/"},"modified":"2018-03-09T10:40:31","modified_gmt":"2018-03-09T09:40:31","slug":"les-couts-induits-par-un-evenement-iatrogene-medicamenteux","status":"publish","type":"post","link":"https:\/\/www.ricom-web8.com\/gestions\/les-couts-induits-par-un-evenement-iatrogene-medicamenteux\/","title":{"rendered":"Les co\u00fbts induits par un \u00e9v\u00e9nement iatrog\u00e8ne m\u00e9dicamenteux"},"content":{"rendered":"<span class=\"span-reading-time rt-reading-time\" style=\"display: block;\"><span class=\"rt-label rt-prefix\">Temps de lecture\u00a0: <\/span> <span class=\"rt-time\"> 11<\/span> <span class=\"rt-label rt-postfix\">minutes<\/span><\/span><p>Les immunoglobulines intraveineuses (Ig IV) polyvalentes humaines constituent un apport pr\u00e9cieux dans l\u2019arsenal du clinicien et leurs indications sont constamment \u00e9largies<sup class=\"appel\" data-toggle=\"modal\" data-target=\"#notes\">(1)<\/sup>. N\u00e9anmoins, leur utilisation requiert des pr\u00e9cautions d\u2019emploi strictes, notamment chez les patients diab\u00e9tiques et insuffisants r\u00e9naux<sup class=\"appel\" data-toggle=\"modal\" data-target=\"#notes\">(2)<\/sup>\u2026 Dans notre \u00e9tablissement, le cas d\u2019une insuffisance r\u00e9nale chronique terminale induite par les Ig polyvalentes chez un patient trait\u00e9 pour une hypogammaglobulin\u00e9mie a entra\u00een\u00e9 une r\u00e9flexion sur les co\u00fbts engendr\u00e9s par la prolongation de s\u00e9jour et sur la place de l\u2019activit\u00e9 de pharmacie clinique.<\/p>\n<p>Depuis septembre 2005, le service pharmaceutique de notre h\u00f4pital m\u00e8ne, en partenariat avec les \u00e9quipes de soins, le d\u00e9ploiement progressif de l\u2019informatisation du circuit du m\u00e9dicament. Celui-ci a contribu\u00e9 \u00e0 l\u2019essor de l\u2019activit\u00e9 de pharmacie clinique qui consiste en une validation des prescriptions informatis\u00e9es, une participation hebdomadaire aux tours m\u00e9dicaux de certains services et un r\u00f4le d\u2019optimisation th\u00e9rapeutique aupr\u00e8s du prescripteur. Depuis la mise en place de cette activit\u00e9, le service pharmaceutique a r\u00e9guli\u00e8rement \u00e9valu\u00e9 son impact, notamment en termes d\u2019acceptation de la d\u00e9marche par le corps m\u00e9dical, mais aussi en termes de pertinence des interventions et de gains financiers pour l\u2019h\u00f4pital (pr\u00e8s de 85 % des interventions pharmaceutiques \u00e9taient accept\u00e9es et suivies de modification<sup class=\"appel\" data-toggle=\"modal\" data-target=\"#notes\">(3)<\/sup>). Des donn\u00e9es recueillies sur sept mois avaient montr\u00e9 que l\u2019\u00e9conomie r\u00e9alis\u00e9e gr\u00e2ce aux interventions pharmaceutiques \u00e9tait proche de 27 000 \u20ac, gr\u00e2ce notamment aux switchs IV-per os et aux propositions d\u2019arr\u00eat de m\u00e9dicaments<sup class=\"appel\" data-toggle=\"modal\" data-target=\"#notes\">(4)<\/sup>.\u00a0Poursuivant la m\u00eame d\u00e9marche, et interpell\u00e9s par ce cas de iatrog\u00e9n\u00e8se m\u00e9dicamenteuse tr\u00e8s dommageable pour le patient, nous avons mis en place une \u00e9valuation \u00e9conomique et clinique.<\/p>\n<p>Notre objectif premier, par cette \u00e9tude sur un cas, a \u00e9t\u00e9 d\u2019\u00e9tudier, dans le cadre d\u2019un travail pluridisciplinaire (pharmacie, d\u00e9partement d\u2019information m\u00e9dicale et direction financi\u00e8re), les surco\u00fbts induits (et les pertes) dans un centre hospitalier fran\u00e7ais. L\u2019objectif \u00e0 terme est de permettre l\u2019essor de l\u2019activit\u00e9 de pharmacie clinique sur notre \u00e9tablissement par des arguments \u00e0 la fois financiers (co\u00fbts \u00e9vit\u00e9s) et cliniques en comparaison des \u00e9tudes bibliographiques \u00e0 ce sujet.<\/p>\n<h1>Observation<\/h1>\n<p>Un patient \u00e2g\u00e9 de 74 ans est hospitalis\u00e9 en service de m\u00e9decine pour une premi\u00e8re perfusion intraveineuse d\u2019Ig polyvalentes pour hypogammaglobulin\u00e9mie dans le cadre d\u2019un lymphome de la zone marginale. Initialement, ce patient est programm\u00e9 pour une journ\u00e9e d\u2019hospitalisation. Ses ant\u00e9c\u00e9dents m\u00e9dicaux sont une art\u00e9riopathie des membres inf\u00e9rieurs, un diab\u00e8te de type 2 non ob\u00e8se \u00e9quilibr\u00e9, une dyslipid\u00e9mie, de l\u2019hypertension art\u00e9rielle, une insuffisance r\u00e9nale chronique mod\u00e9r\u00e9e et un remplacement de valve mitrale. Comme contexte aggravant, il est \u00e0 noter une pneumopathie s\u00e9v\u00e8re r\u00e9cente. Le patient est trait\u00e9 par furos\u00e9mide, fluindione, perindopril et pravastatine \u00e0 doses usuelles efficaces pour ses ant\u00e9c\u00e9dents cardiovasculaires. Chronologiquement, le patient passe en anurie deux jours apr\u00e8s la perfusion d\u2019Ig IV polyvalentes. Au troisi\u00e8me jour, l\u2019insuffisance r\u00e9nale chronique ayant atteint le stade terminal, le patient subit sa premi\u00e8re s\u00e9ance d\u2019h\u00e9modialyse. Un mois apr\u00e8s la perfusion, le patient termine son hospitalisation. Il reviendra trois jours apr\u00e8s sa sortie devant la non-am\u00e9lioration de sa fonction r\u00e9nale pour une deuxi\u00e8me s\u00e9ance d\u2019h\u00e9modialyse. Nous ne traiterons ici que de son premier s\u00e9jour (34 jours).<\/p>\n<p>Ce cas a \u00e9t\u00e9 d\u00e9clar\u00e9 au centre r\u00e9gional de pharmacovigilance et l\u2019imputabilit\u00e9 intrins\u00e8que obtenue par combinaison des crit\u00e8res chronologiques et s\u00e9miologiques a \u00e9t\u00e9 jug\u00e9e \u00e9gale \u00e0 1, selon la m\u00e9thode d\u2019imputabilit\u00e9 \u00e9labor\u00e9e par Begaud et al.<sup class=\"appel\" data-toggle=\"modal\" data-target=\"#notes\">(5)<\/sup>. Ce score faible tient principalement au crit\u00e8re s\u00e9miologique (S=1) qui, pour \u00eatre plus \u00e9lev\u00e9, aurait attendu une r\u00e9injection du produit au patient ou une biopsie r\u00e9nale. N\u00e9anmoins, la conclusion du centre de pharmacovigilance appuyait les arguments cliniques : \u00ab\u00a0<em>Nous pouvons incriminer les Ig IV polyvalentes humaines dans l\u2019apparition de l\u2019insuffisance r\u00e9nale.<\/em>\u00a0\u00bb<\/p>\n<h1>Mat\u00e9riel et m\u00e9thodes<\/h1>\n<p>Notre \u00e9tude r\u00e9trospective, \u00e0 partir du cas observ\u00e9, s\u2019est inspir\u00e9e des m\u00e9thodologies relatives aux \u00e9tudes m\u00e9dico-\u00e9conomiques retrouv\u00e9es dans la litt\u00e9rature<sup class=\"appel\" data-toggle=\"modal\" data-target=\"#notes\">(6)<\/sup>.<\/p>\n<p>Dans un premier temps, en coop\u00e9ration avec le d\u00e9partement d\u2019information m\u00e9dicale (DIM) de l\u2019\u00e9tablissement, nous avons \u00e9valu\u00e9 la recette T2A du s\u00e9jour du patient pour l\u2019\u00e9tablissement. Le groupe homog\u00e8ne de malades (GHM ou niveau de soins amenant recette) a \u00e9t\u00e9 d\u00e9termin\u00e9 sur la base de l\u2019arr\u00eat\u00e9 du 19 f\u00e9vrier 2009 relatif \u00e0 la classification et \u00e0 la prise en charge des prestations d\u2019hospitalisation<sup class=\"appel\" data-toggle=\"modal\" data-target=\"#notes\">(7)<\/sup>. Nous l\u2019avons compar\u00e9 au co\u00fbt du s\u00e9jour initialement pr\u00e9vu (\u00ab journ\u00e9e en s\u00e9ance \u00bb) pour la seule perfusion d\u2019Ig IV polyvalentes. Nous avons aussi voulu estimer le \u00ab manque \u00e0 gagner \u00bb pour l\u2019h\u00f4pital, le patient occupant un lit de m\u00e9decine chirurgie obst\u00e9trique (MCO). En s\u2019appuyant sur les donn\u00e9es fournies par le programme de m\u00e9dicalisation du syst\u00e8me d\u2019information (PMSI via le serveur PMSI Pilot) pour le service concern\u00e9, nous tirons les dur\u00e9es moyennes de s\u00e9jour ainsi que les chiffres d\u2019affaires (CA) du service (ou part de la recette T2A affect\u00e9e au service). Leur valeur journali\u00e8re nous sert de comparateur \u00e0 la valeur journali\u00e8re de la recette T2A du s\u00e9jour pour l\u2019\u00e9tablissement. Nous estimons ainsi un \u00ab manque \u00e0 gagner \u00bb par journ\u00e9e.<br \/>\nDans un second temps, cette recette T2A du s\u00e9jour du patient a \u00e9t\u00e9 compar\u00e9e au co\u00fbt analytique interne estim\u00e9 (addition des d\u00e9penses directes et induites, fournies par la direction financi\u00e8re) pour le s\u00e9jour de ce patient. Globalement, le co\u00fbt analytique de ce s\u00e9jour hospitalier, s\u2019appuyant sur les comptes de r\u00e9sultats analytiques par p\u00f4le (Crea), est estim\u00e9 en additionnant l\u2019ensemble des co\u00fbts imputables \u00e0 ce s\u00e9jour, divisibles en deux grandes cat\u00e9gories :<\/p>\n<ul>\n<li>les d\u00e9penses directes du service difficilement chiffrables puisque d\u00e9pendantes du type de s\u00e9jour, du service et des soins r\u00e9alis\u00e9s. Elles comprennent :<br \/>\n&#8211; des d\u00e9penses de personnel,<br \/>\n&#8211; des d\u00e9penses h\u00f4teli\u00e8res et g\u00e9n\u00e9rales pour les fournitures (papiers, bureau\u2026),<br \/>\n&#8211; des d\u00e9penses d\u2019amortissement,<br \/>\n&#8211; des d\u00e9penses directes affect\u00e9es au malade (centres de soins ext\u00e9rieurs \u00e0 la structure\u2026)\u00a0;<\/li>\n<li>\u00bb les d\u00e9penses induites repr\u00e9sentant les co\u00fbts de gestion g\u00e9n\u00e9rale et logistique d\u00e9pendant principalement du temps d\u2019h\u00e9bergement du patient. Elles comprennent :<br \/>\n&#8211; la logistique m\u00e9dicale,<br \/>\n&#8211; les d\u00e9penses h\u00f4teli\u00e8res et g\u00e9n\u00e9rales (restauration, blanchisserie, nettoyage, structure\u2026),<br \/>\n&#8211; les d\u00e9penses des prestataires m\u00e9dico-techniques (analyses de biologie). Concernant ces d\u00e9penses d\u2019actes m\u00e9dico-techniques, le co\u00fbt est calcul\u00e9 en tenant compte de la valeur moyenne des actes de biologie m\u00e9dicale (cot\u00e9 en B) qui est de 0,16 pour les actes hospitaliers.<\/li>\n<\/ul>\n<blockquote><p>De par son activit\u00e9 clinique et son influence sur l\u2019iatrog\u00e9nie \u00e9vitable, le pharmacien peut permettre la diminution des d\u00e9penses m\u00e9dicamenteuses et, potentiellement, la diminution des co\u00fbts de s\u00e9jour.<\/p><\/blockquote>\n<p>Les Crea ont \u00e9t\u00e9 \u00e9labor\u00e9es sur la base du guide m\u00e9thodologique de comptabilit\u00e9 analytique de la Mission nationale d\u2019expertise et d\u2019audit hospitaliers (Meah)<sup class=\"appel\" data-toggle=\"modal\" data-target=\"#notes\">(8)<\/sup> et suivent la publication des r\u00e9f\u00e9rentiels nationaux de co\u00fbts complets et d\u00e9compos\u00e9s de l\u2019\u00c9tude nationale des co\u00fbts \u00e0 m\u00e9thodologie commune (ENCC)<sup class=\"appel\" data-toggle=\"modal\" data-target=\"#notes\">(9)<\/sup>.\u00a0Afin de comparer de la fa\u00e7on la plus juste les charges inh\u00e9rentes au s\u00e9jour du patient (co\u00fbt analytique interne) \u00e0 la recette T2A du s\u00e9jour, nous avons d\u00e9duit du processus analytique tout autre type de recettes, qu\u2019elles soient ou non vers\u00e9es par l\u2019assurance maladie. Ainsi, les missions d\u2019int\u00e9r\u00eat g\u00e9n\u00e9ral et \u00e0 l\u2019aide \u00e0 la contractualisation (Migac) ne repr\u00e9sentant actuellement que la permanence des soins ou encore les produits de l\u2019utilisation de mol\u00e9cules on\u00e9reuses (ou m\u00e9dicament en sus de la T2A comme les Ig IV humaines) n\u2019apparaissent pas dans le calcul des recettes.<\/p>\n<h1>R\u00e9sultats<\/h1>\n<h2>Valorisation du s\u00e9jour hospitalier<\/h2>\n<h3>Comparaison \u00e0 la journ\u00e9e en s\u00e9ance<\/h3>\n<p>Le compte-rendu d\u2019hospitalisation faisait mention d\u2019une prise en charge avec un diagnostic principal qui \u00e9tait \u00ab <em>une autre forme de chimioth\u00e9rapie<\/em> \u00bb, un diagnostic reli\u00e9 d\u2019\u00ab<em> hypogammaglobulin\u00e9mie en rapport avec son lymphome<\/em> \u00bb et un diagnostic associ\u00e9 d\u2019\u00ab <em>insuffisance r\u00e9nale chronique, diab\u00e8te non insulino-d\u00e9pendant, hypertension art\u00e9rielle, art\u00e9riopathie des membres inf\u00e9rieurs avec pontage et stents, dyslipid\u00e9mie, traitement par AVK dans le cadre d\u2019un remplacement valvulaire mitral<\/em>\u00a0\u00bb. Le s\u00e9jour r\u00e9el avec une prise en charge pour chimioth\u00e9rapie dans le cadre d\u2019une affection tumorale est factur\u00e9 7 810 \u20ac dans le GHM (recette T2A du s\u00e9jour). La facturation du GHS est \u00e9tablie pour un s\u00e9jour en milieu hospitalier avec une borne haute situ\u00e9e \u00e0 21 jours, les 21 premiers jours \u00e9tant valoris\u00e9s 4 514 \u20ac. Chaque jour suivant fait l\u2019objet d\u2019une facturation de 253,5 \u20ac (JO du 28 f\u00e9vrier 2009). Pour le s\u00e9jour th\u00e9orique, la prise en charge d\u2019une \u00ab journ\u00e9e en s\u00e9ance \u00bb est valoris\u00e9e 386 \u20ac<sup class=\"appel\" data-toggle=\"modal\" data-target=\"#notes\">(10)<\/sup>, d\u2019o\u00f9 une diff\u00e9rence de 156 \u20ac \u00e0 la journ\u00e9e.<\/p>\n<h3>Estimation du manque \u00e0 gagner<\/h3>\n<p>Les chiffres du programme PMSI Pilot pour le service concern\u00e9 donnent une dur\u00e9e moyenne de s\u00e9jour brute des r\u00e9sum\u00e9s d\u2019unit\u00e9 m\u00e9dicale (RUM) de 8,16 jours. Le chiffre d\u2019affaires (CA) moyen par RUM et par semaine pour ce service est de 3 394 \u20ac, ce qui fait un CA moyen par journ\u00e9e brute de 416 \u20ac. Le \u00ab manque \u00e0 gagner \u00bb journalier, sur ce patient ayant occup\u00e9 un lit pendant 33 jours de plus que la dur\u00e9e initialement programm\u00e9e (= 1 jour), est \u00e9quivalent \u00e0 :<\/p>\n<p style=\"text-align: center;\">[A &#8211; B] = [416 &#8211; (7810\/34)] = 186 \u20ac,<\/p>\n<p><em>o\u00f9 A = 416 \u20ac repr\u00e9sente le CA moyen par journ\u00e9e brute pour le service consid\u00e9r\u00e9 et B = (7 810 \u20ac\/34), la recette T2A globale ramen\u00e9e \u00e0 1 journ\u00e9e<\/em>.<\/p>\n<button data-toggle=\"collapse\" data-target=\"#enc_2011_463_01\">TABLEAU 1<\/button><div id=\"enc_2011_463_01\" class=\"encadre collapse\"><p><span class=\"surtitre_enc\">tableau 1 <\/span><\/p>\n<h2>Donn\u00e9es extraites de PMSI Pilot pour la valorisation des RUM du service \u00e9tudi\u00e9<\/h2>\n<p><img decoding=\"async\" class=\"alignnone size-full wp-image-32588\" src=\"https:\/\/gestions-hospitalieres.fr\/wp-content\/uploads\/2017\/03\/Capture-d\u2019\u00e9cran-2017-03-24-\u00e0-17.18.19.png\" alt=\"Capture d\u2019\u00e9cran 2017-03-24 \u00e0 17.18.19\" width=\"600\" height=\"208\" srcset=\"https:\/\/www.ricom-web8.com\/gestions\/wp-content\/uploads\/2017\/03\/Capture-d\u2019\u00e9cran-2017-03-24-\u00e0-17.18.19.png 600w, https:\/\/www.ricom-web8.com\/gestions\/wp-content\/uploads\/2017\/03\/Capture-d\u2019\u00e9cran-2017-03-24-\u00e0-17.18.19-300x104.png 300w\" sizes=\"(max-width: 600px) 100vw, 600px\" \/><\/p>\n<\/div>\n<p>Les recettes Migac correspondant \u00e0 la permanence des soins et les recettes des m\u00e9dicaments en sus de la T2A n\u2019ont pas \u00e9t\u00e9 prises en compte pour le calcul analytique. N\u00e9anmoins, elles ont \u00e9t\u00e9 chiffr\u00e9es pour ce s\u00e9jour \u00e0 respectivement 1 994 \u20ac et 1 436 \u20ac.<\/p>\n<h3>Co\u00fbt analytique interne estim\u00e9\u00a0versus recette T2A du s\u00e9jour<\/h3>\n<button data-toggle=\"collapse\" data-target=\"#enc_2011_463_02\">TABLEAU 2<\/button><div id=\"enc_2011_463_02\" class=\"encadre collapse\"><p><span class=\"surtitre_enc\">tableau 2 <\/span><\/p>\n<h2>R\u00e9partition des d\u00e9penses estim\u00e9es li\u00e9es au s\u00e9jour du patient \u00e9tudi\u00e9*<\/h2>\n<h3>En regard de la valorisation du s\u00e9jour pour remboursement par l\u2019assurance maladie**<\/h3>\n<p><img decoding=\"async\" class=\"alignnone size-full wp-image-32589\" src=\"https:\/\/gestions-hospitalieres.fr\/wp-content\/uploads\/2017\/03\/Capture-d\u2019\u00e9cran-2017-03-24-\u00e0-17.18.45.png\" alt=\"Capture d\u2019\u00e9cran 2017-03-24 \u00e0 17.18.45\" width=\"600\" height=\"625\" srcset=\"https:\/\/www.ricom-web8.com\/gestions\/wp-content\/uploads\/2017\/03\/Capture-d\u2019\u00e9cran-2017-03-24-\u00e0-17.18.45.png 600w, https:\/\/www.ricom-web8.com\/gestions\/wp-content\/uploads\/2017\/03\/Capture-d\u2019\u00e9cran-2017-03-24-\u00e0-17.18.45-288x300.png 288w\" sizes=\"(max-width: 600px) 100vw, 600px\" \/><\/p>\n<\/div>\n<p>Les d\u00e9penses directes du service ont \u00e9t\u00e9 \u00e9valu\u00e9es par les services financiers de l\u2019\u00e9tablissement \u00e0 7 945 \u20ac.\u00a0Concernant les d\u00e9penses directes affect\u00e9es au malade (actes r\u00e9alis\u00e9s \u00e0 l\u2019ext\u00e9rieur\u2026), nous incluons les d\u00e9penses li\u00e9es \u00e0 son passage dans le centre de dialyse. Ces derni\u00e8res, d\u2019un montant \u00e9gal \u00e0 1 036 \u20ac, correspondent \u00e0 la prise en charge du patient dans ce centre qui est ind\u00e9pendant de notre h\u00f4pital. Les actes r\u00e9alis\u00e9s dans ce centre sont factur\u00e9s \u00e0 notre service financier. La somme de 1 036 \u20ac comprend la pose d\u2019un cath\u00e9ter pour la mise en place de l\u2019h\u00e9modialyse ainsi que les honoraires de prise en charge en aigu. Elle comprend aussi la s\u00e9ance m\u00eame de dialyse et les honoraires du m\u00e9decin pr\u00e9sent, ainsi que les bilans biologiques r\u00e9alis\u00e9s.\u00a0Pour leur part, les d\u00e9penses induites peuvent \u00eatre chiffr\u00e9es \u00e0 5 706 \u20ac. Elles comprennent principalement des frais de logistique et h\u00f4teliers dans lesquels sont inclus les frais de structure d\u2019un montant de 1 983 \u20ac.<\/p>\n<p>Ces deux types de d\u00e9penses repr\u00e9sentent le co\u00fbt analytique interne du s\u00e9jour. La perte financi\u00e8re pour l\u2019\u00e9tablissement a \u00e9t\u00e9 \u00e9valu\u00e9e en comparant ce co\u00fbt analytique interne estim\u00e9 du s\u00e9jour dans le r\u00e9sum\u00e9 de sortie standardis\u00e9 (RSS), selon les donn\u00e9es fournies par la direction des finances de notre \u00e9tablissement, \u00e0 la recette T2A du RUM, ce dernier ouvrant droit \u00e0 remboursement par l\u2019assurance maladie.\u00a0Au total, l\u2019ensemble des d\u00e9penses li\u00e9es \u00e0 l\u2019hospitalisation du patient s\u2019\u00e9l\u00e8ve \u00e0 13 651 \u20ac avec un \u00ab manque \u00e0 gagner \u00bb qui peut se chiffrer \u00e0 186 \u20ac par jour (soit 6 138 \u20ac pour les 33 jours suppl\u00e9mentaires d\u2019hospitalisation) et une perte financi\u00e8re entre le co\u00fbt analytique estim\u00e9 et la recette T2A du RUM, de 5 841 \u20ac.<\/p>\n<h1>Discussion<\/h1>\n<p>Nous montrons, au d\u00e9cours d\u2019une coop\u00e9ration avec diff\u00e9rents services de direction de notre \u00e9tablissement, que la perte financi\u00e8re (environ 5 800 \u20ac) et le \u00ab manque \u00e0 gagner \u00bb (environ 6 100 \u20ac) sur un s\u00e9jour prolong\u00e9 \u00e0 cause d\u2019un \u00e9v\u00e9nement iatrog\u00e8ne grave, sont tr\u00e8s importants.<\/p>\n<h2>\u00c9tude des co\u00fbts<\/h2>\n<p>Les \u00e9tudes \u00e9conomiques men\u00e9es sur l\u2019iatrog\u00e9nie \u00e9vitable, donc sur les co\u00fbts \u00e9vit\u00e9s sont rares, car difficiles \u00e0 r\u00e9aliser. Quelques \u00e9tudes fran\u00e7aises ont chiffr\u00e9 ces co\u00fbts \u00e9vit\u00e9s pour des petits groupes de patients et souvent pour quelques mol\u00e9cules n\u00e9cessitant des pr\u00e9cautions d\u2019emploi strictes<sup class=\"appel\" data-toggle=\"modal\" data-target=\"#notes\">(11)<\/sup>. Par le biais de notre cas clinique, nous avons fait ce travail <em>a posteriori<\/em> et mis en \u00e9vidence un gain potentiel d\u2019une intervention pr\u00e9coce de 5 841 \u20ac.<\/p>\n<p>Notre premi\u00e8re comparaison (7 810 \u20ac pour 34 jours de s\u00e9jour contre 386 \u20ac pour une journ\u00e9e en s\u00e9ance) a pour seul int\u00e9r\u00eat de montrer sur ce patient donn\u00e9, entre deux s\u00e9jours pour une prise en charge initiale de m\u00eame objectif, la perte \u00e9conomique engendr\u00e9e. En effet, en ramenant la valeur de la recette T2A \u00e0 la journ\u00e9e (soit 230 \u20ac par jour), on met en \u00e9vidence un premier \u00ab manque \u00e0 gagner \u00bb de 156 \u20ac, le patient \u00e9tant son propre t\u00e9moin. Ce calcul est certes discutable, car on ne peut pas pr\u00e9voir l\u2019occupation du lit qu\u2019aurait laiss\u00e9 vacant le patient si l\u2019\u00e9v\u00e9nement iatrog\u00e8ne n\u2019\u00e9tait pas survenu, ni m\u00eame la dur\u00e9e ou encore le motif d\u2019accueil du patient suivant. C\u2019est pourquoi nous l\u2019avons compl\u00e9t\u00e9 par un autre calcul de \u00ab manque \u00e0 gagner \u00bb, donnant cette fois une id\u00e9e sur des chiffres moyens et non sur le s\u00e9jour d\u2019un patient. Ainsi, nous nous sommes appuy\u00e9s sur les chiffres d\u2019affaires moyens par RUM engendr\u00e9s par le service observ\u00e9 et fournis par le programme PMSI Pilot. Ces chiffres seuls ne permettent pas d\u2019\u00e9valuer le service ni m\u00eame l\u2019\u00e9tablissement hospitalier, car d\u00e9pendant du type d\u2019activit\u00e9 exerc\u00e9e, mais offrent la possibilit\u00e9 de comparer des services entre eux ou un service \u00e0 lui-m\u00eame, en termes de recettes et au sens de l\u2019activit\u00e9 du PMSI. Dans le cas \u00e9tudi\u00e9, la part des recettes obtenues par le s\u00e9jour de ce patient ne correspond pas \u00e0 la part des recettes moyennes dans le GHS affect\u00e9es au service \u00e9tudi\u00e9 (ou CA moyen des RUM du service concern\u00e9). Mais ces comparaisons ne donnent qu\u2019une id\u00e9e sur des recettes valables uniquement sur ce cas.<\/p>\n<p>Notre troisi\u00e8me analyse a cherch\u00e9 \u00e0 faire la balance entre co\u00fbts pour l\u2019\u00e9tablissement et recettes (uniquement pour la part assurance maladie). La valeur estim\u00e9e est une perte pour la structure. Cette derni\u00e8re doit n\u00e9anmoins \u00eatre pond\u00e9r\u00e9e par les autres produits de l\u2019activit\u00e9 hospitali\u00e8re (chambres particuli\u00e8res, redevance t\u00e9l\u00e9visuelle, redevance d\u2019activit\u00e9 lib\u00e9rale\u2026) qui n\u2019entrent pas dans nos calculs.<\/p>\n<h2>Optimisation pharmaceutique de la prescription<\/h2>\n<p>La revue de la litt\u00e9rature fait acte d\u2019un certain nombre de cas d\u2019insuffisances r\u00e9nales s\u00e9v\u00e8res provoqu\u00e9es par les Ig IV polyvalentes, particuli\u00e8rement celles contenant du saccharose comme stabilisant (incidence estim\u00e9e inf\u00e9rieure \u00e0 1%)\u00a0<sup class=\"appel\" data-toggle=\"modal\" data-target=\"#notes\">(12)<\/sup>. La consultation du \u00ab\u00a0r\u00e9sum\u00e9 des caract\u00e9ristiques produit\u00a0\u00bb des diff\u00e9rentes sp\u00e9cialit\u00e9s du march\u00e9 fran\u00e7ais signale les pr\u00e9cautions d\u2019emploi \u00e0 prendre chez les patients pr\u00e9sentant les facteurs de risque suivants : insuffisance r\u00e9nale pr\u00e9existante, diab\u00e8te, hypovol\u00e9mie, ob\u00e9sit\u00e9, prise concomitante de m\u00e9dicaments n\u00e9phrotoxiques. Or notre patient pr\u00e9sentait au moins trois facteurs de risques sur ceux list\u00e9s. En outre, le traitement prescrit comportait des m\u00e9dicaments potentiellement n\u00e9phrotoxiques (inhibiteurs de l\u2019enzyme de conversion, diur\u00e9tiques de l\u2019anse\u2026). Nous posons l\u2019hypoth\u00e8se que le pharmacien clinicien aurait pu permettre d\u2019\u00e9viter cette iatrog\u00e9nie m\u00e9dicamenteuse. En effet il a \u00e9t\u00e9 montr\u00e9 que la participation du pharmacien au tour m\u00e9dical et \u00e0 la lecture du dossier du patient contribuait \u00e0 la diminution des erreurs m\u00e9dicamenteuses<sup class=\"appel\" data-toggle=\"modal\" data-target=\"#notes\">(13)<\/sup>. Dans ce cas clinique, indiquer <em>a priori<\/em> les alternatives que sont les sp\u00e9cialit\u00e9s sans saccharose aurait constitu\u00e9 un choix logique pour limiter le risque d\u2019apparition de l\u2019insuffisance r\u00e9nale. Une bonne hydratation ainsi qu\u2019une vitesse de perfusion mod\u00e9r\u00e9e des Ig polyvalentes apr\u00e8s la premi\u00e8re demi-heure sont en outre les recommandations \u00e0 suivre pour pr\u00e9venir la n\u00e9phrotoxicit\u00e9.<\/p>\n<h2>R\u00e9flexion sur l\u2019activit\u00e9 de pharmacie clinique\u00a0en comparaison de la litt\u00e9rature<\/h2>\n<p>De par son activit\u00e9 clinique et son influence sur l\u2019iatrog\u00e9nie \u00e9vitable, le pharmacien peut permettre la diminution des d\u00e9penses m\u00e9dicamenteuses pour son employeur<sup class=\"appel\" data-toggle=\"modal\" data-target=\"#notes\">(14)<\/sup> mais aussi, potentiellement, la diminution des co\u00fbts de s\u00e9jour. Ce constat vient compl\u00e9ter celui fait r\u00e9cemment par Rose et coll. qui montraient, en ne se basant que sur l\u2019\u00e9tude des co\u00fbts m\u00e9dicamenteux \u00e9vit\u00e9s pour deux types d\u2019interventions pharmaceutiques, qu\u2019investir 1 \u20ac dans le salaire d\u2019un pharmacien clinicien permet pour un \u00e9tablissement de sant\u00e9 d\u2019avoir un retour sur investissement direct entre 1,12 \u20ac et 5,78 \u20ac<sup class=\"appel\" data-toggle=\"modal\" data-target=\"#notes\">(15)<\/sup>. En outre, dans la m\u00eame \u00e9tude, m\u00eame en se pla\u00e7ant dans les conditions les plus d\u00e9favorables \u00e0 la rentabilit\u00e9 des interventions pharmaceutiques, les auteurs montraient que celles-ci restaient n\u00e9anmoins rentables pour l\u2019\u00e9tablissement de sant\u00e9<sup class=\"appel\" data-toggle=\"modal\" data-target=\"#notes\">(16)<\/sup>. Une autre \u00e9tude sur 6 mois, men\u00e9e en service de chirurgie digestive, montrait, apr\u00e8s validation par un comit\u00e9 d\u2019experts multidisciplinaire, un gain de pr\u00e8s de 5 000 \u20ac sur plusieurs types d\u2019interventions pharmaceutiques, avec un co\u00fbt de pr\u00e9sence pharmaceutique (pour 178,5 heures pass\u00e9es dans le service) estim\u00e9 \u00e0 3 073 \u20ac<sup class=\"appel\" data-toggle=\"modal\" data-target=\"#notes\">(17)<\/sup>.<\/p>\n<p>Dans notre \u00e9tablissement, l\u2019activit\u00e9 de pharmacie clinique repose sur trois pharmaciens temps plein et deux internes. La pharmacie clinique repr\u00e9sente environ 30 % de l\u2019activit\u00e9 quotidienne ; 36,7% des lits de m\u00e9decine chirurgie obst\u00e9trique et soins de longue dur\u00e9e sont valid\u00e9s quotidiennement (valeur sup\u00e9rieure \u00e0 la moyenne nationale estim\u00e9e \u00e0 15 %<sup class=\"appel\" data-toggle=\"modal\" data-target=\"#notes\">(18)<\/sup>). Notre service a opt\u00e9, suivant la d\u00e9cision de la commission du m\u00e9dicament et des dispositifs m\u00e9dicaux st\u00e9riles (Comedims), pour un mode \u00ab\u00a0optimisation\u00a0\u00bb plut\u00f4t que \u00ab\u00a0s\u00e9curisation\u00a0\u00bb des prescriptions. En effet, ce dernier mode n\u00e9cessiterait une vision de toutes les prescriptions pour l\u2019ensemble des \u00ab\u00a0lits informatis\u00e9s\u00a0\u00bb, irr\u00e9alisable avec les effectifs pharmaceutiques actuels. Le mode \u00ab\u00a0optimisation\u00a0\u00bb se base, lui, sur le principe d\u2019une validation pour une partie seulement des lits informatis\u00e9s, en optimisant au maximum l\u2019analyse de ces prescriptions (\u00e9tude du dossier patient syst\u00e9matique, analyses des r\u00e9sultats biologiques, d\u00e9tection des interactions au-del\u00e0 de celles retrouv\u00e9es dans les RCP, d\u00e9placements fr\u00e9quents dans les services de soins\u2026). Notre choix de mode explique que la prescription de ce patient n\u2019avait pas \u00e9t\u00e9 trait\u00e9e en amont de la perfusion par le service pharmaceutique, car non couverte par le champ de son activit\u00e9.<\/p>\n<button data-toggle=\"collapse\" data-target=\"#enc_2011_463_03\">TABLEAU 3<\/button><div id=\"enc_2011_463_03\" class=\"encadre collapse\"><p><span class=\"surtitre_enc\">tableau 3 <\/span><\/p>\n<h2>\u00c9volution des activit\u00e9s de pharmacie clinique au sein de l\u2019h\u00f4pital<\/h2>\n<p><img decoding=\"async\" class=\"alignnone size-full wp-image-32590\" src=\"https:\/\/gestions-hospitalieres.fr\/wp-content\/uploads\/2017\/03\/Capture-d\u2019\u00e9cran-2017-03-24-\u00e0-17.18.56.png\" alt=\"Capture d\u2019\u00e9cran 2017-03-24 \u00e0 17.18.56\" width=\"600\" height=\"230\" srcset=\"https:\/\/www.ricom-web8.com\/gestions\/wp-content\/uploads\/2017\/03\/Capture-d\u2019\u00e9cran-2017-03-24-\u00e0-17.18.56.png 600w, https:\/\/www.ricom-web8.com\/gestions\/wp-content\/uploads\/2017\/03\/Capture-d\u2019\u00e9cran-2017-03-24-\u00e0-17.18.56-300x115.png 300w\" sizes=\"(max-width: 600px) 100vw, 600px\" \/><\/p>\n<\/div>\n<p>La simple d\u00e9tection d\u2019un risque iatrog\u00e8ne suivi d\u2019une intervention pharmaceutique pourrait \u00e9viter des pertes financi\u00e8res importantes et\/ou des co\u00fbts non justifi\u00e9s<sup class=\"appel\" data-toggle=\"modal\" data-target=\"#notes\">(19)<\/sup>. Les soci\u00e9t\u00e9s savantes (Soci\u00e9t\u00e9 fran\u00e7aise de pharmacie clinique &#8211; SFPC), les syndicats professionnels et\/ou les autorit\u00e9s de sant\u00e9 doivent donner des indications claires quant \u00e0 cette pratique, s\u2019ils la consid\u00e8rent comme un \u00e9l\u00e9ment important de s\u00e9curisation du circuit du m\u00e9dicament. En 2007, d\u00e9j\u00e0, Bedouch et al. proposaient comme piste, pour le d\u00e9veloppement de ces recommandations de bonnes pratiques, l\u2019analyse de la typologie des interventions pharmaceutiques r\u00e9pertori\u00e9es sur le site de la SFPC<sup class=\"appel\" data-toggle=\"modal\" data-target=\"#notes\">(20)<\/sup>.\u00a0Ce travail est une premi\u00e8re \u00e9tape \u00e0 poursuivre ult\u00e9rieurement par une \u00e9tude m\u00e9dico-\u00e9conomique prospective afin d\u2019\u00e9valuer un programme structur\u00e9 d\u2019intervention de pharmacie clinique. Cette \u00e9tude devra bien entendu tenir compte des co\u00fbts de mise en place et de p\u00e9rennisation du programme d\u2019intervention et des co\u00fbts \u00e9vit\u00e9s par celui-ci. Elle devra en outre d\u00e9finir un crit\u00e8re autre qu\u2019\u00e9conomique pour montrer sa plus-value m\u00e9dicale.<\/p>\n<h1>Conclusion<\/h1>\n<p>Une \u00e9valuation \u00e9conomique sur un cas en service de m\u00e9decine a montr\u00e9 l\u2019importance de trouver une autre ressource dans le milieu hospitalier visant \u00e0 la pr\u00e9vention du risque <em>a priori<\/em>. Ces \u00e9tudes \u00e9conomiques sur des cas cliniques et des co\u00fbts r\u00e9els (non estim\u00e9s) sont encore trop peu nombreuses. L\u2019activit\u00e9 de pharmacie clinique mise en place depuis quelques ann\u00e9es sur tous les services de MCO de l\u2019\u00e9tablissement via l\u2019informatisation du circuit du m\u00e9dicament montre ses limites, notamment dans le cas clinique d\u00e9crit. Le manque d\u2019effectif et de moyens pharmaceutiques ne permet pas suffisamment d\u2019optimiser la qualit\u00e9 des soins aux patients et de participer \u00e0 la diminution des co\u00fbts par anticipation des \u00e9v\u00e9nements iatrog\u00e8nes \u00e9vitables.<\/p>\n<p>Pour pr\u00e9venir d\u2019autres incidents li\u00e9s \u00e0 l\u2019utilisation de ces d\u00e9riv\u00e9s du sang, des fiches d\u2019aide \u00e0 la prescription des Ig polyvalentes, con\u00e7ues par le service pharmaceutique, ont \u00e9t\u00e9 pr\u00e9sent\u00e9es et valid\u00e9es par le comit\u00e9 du m\u00e9dicament de l\u2019\u00e9tablissement. Ces fiches, qui suivent les r\u00e9centes recommandations de l\u2019Agence fran\u00e7aise de s\u00e9curit\u00e9 sanitaire des produits de sant\u00e9, ont \u00e9t\u00e9 int\u00e9gr\u00e9es aux protocoles r\u00e9cemment cr\u00e9\u00e9s au sein du logiciel de prescription informatis\u00e9e. Suite au nouveau march\u00e9 conduit sur le groupement d\u2019achats, une Ig IV polyvalente sans saccharose a \u00e9t\u00e9 r\u00e9f\u00e9renc\u00e9e au sein de l\u2019\u00e9tablissement. L\u2019\u00e9quipe pharmaceutique a en outre pr\u00e9sent\u00e9 ces r\u00e9sultats analytiques \u00e0 la direction g\u00e9n\u00e9rale de l\u2019\u00e9tablissement.<\/p>\n<script>function PlayerjsAsync(){} if(window[\"Playerjs\"]){PlayerjsAsync();}<\/script>","protected":false},"excerpt":{"rendered":"<p>\ufeffLes immunoglobulines intraveineuses (Ig IV) polyvalentes humaines, indiqu\u00e9es notamment dans les d\u00e9ficits du syst\u00e8me immunitaire, doivent \u00eatre utilis\u00e9es avec pr\u00e9caution. L\u2019\u00e9tude pr\u00e9sent\u00e9e ici vise \u00e0 d\u00e9terminer les co\u00fbts induits par un \u00e9v\u00e9nement iatrog\u00e8ne m\u00e9dicamenteux suite \u00e0 une utilisation non optimale d\u2019Ig IV. Les auteurs ont \u00e9tudi\u00e9 les co\u00fbts induits et ceux potentiellement \u00e9vitables selon le mod\u00e8le de calcul des co\u00fbts en milieu hospitalier fran\u00e7ais et ont r\u00e9fl\u00e9chi \u00e0 l\u2019am\u00e9lioration de la qualit\u00e9 des soins pour le patient. En regard des donn\u00e9es obtenues et des solutions propos\u00e9es dans la litt\u00e9rature, ils ont \u00e9mis l\u2019hypoth\u00e8se que le pharmacien peut \u00eatre un bon acteur de r\u00e9duction des co\u00fbts.<\/p>\n","protected":false},"author":1202,"featured_media":0,"comment_status":"open","ping_status":"open","sticky":false,"template":"","format":"standard","meta":{"_acf_changed":false,"_relevanssi_hide_post":"","_relevanssi_hide_content":"","_relevanssi_pin_for_all":"","_relevanssi_pin_keywords":"","_relevanssi_unpin_keywords":"","_relevanssi_related_keywords":"","_relevanssi_related_include_ids":"","_relevanssi_related_exclude_ids":"","_relevanssi_related_no_append":"","_relevanssi_related_not_related":"","_relevanssi_related_posts":"","_relevanssi_noindex_reason":"","footnotes":""},"categories":[26,2],"tags":[252,253,25,47,228,249,250],"class_list":["post-15277","post","type-post","status-publish","format-standard","hentry","category-dossier","category-gestions-hospitalieres","tag-accident-iatrogene","tag-cas-clinique","tag-cout","tag-descriptif","tag-evaluation","tag-iatrogenie-medicamenteuse","tag-immunoglobuline-intraveineuse-polyvalente-humaine"],"acf":[],"yoast_head":"<!-- This site is optimized with the Yoast SEO plugin v24.8.1 - https:\/\/yoast.com\/wordpress\/plugins\/seo\/ -->\n<title>Les co\u00fbts induits par un \u00e9v\u00e9nement iatrog\u00e8ne m\u00e9dicamenteux - Gestions hospitali\u00e8res<\/title>\n<meta name=\"robots\" content=\"index, follow, max-snippet:-1, max-image-preview:large, max-video-preview:-1\" \/>\n<link rel=\"canonical\" href=\"https:\/\/www.ricom-web8.com\/gestions\/les-couts-induits-par-un-evenement-iatrogene-medicamenteux\/\" \/>\n<meta property=\"og:locale\" content=\"fr_FR\" \/>\n<meta property=\"og:type\" content=\"article\" \/>\n<meta property=\"og:title\" content=\"Les co\u00fbts induits par un \u00e9v\u00e9nement iatrog\u00e8ne m\u00e9dicamenteux - Gestions hospitali\u00e8res\" \/>\n<meta property=\"og:description\" content=\"\ufeffLes immunoglobulines intraveineuses (Ig IV) polyvalentes humaines, indiqu\u00e9es notamment dans les d\u00e9ficits du syst\u00e8me immunitaire, doivent \u00eatre utilis\u00e9es avec pr\u00e9caution. L\u2019\u00e9tude pr\u00e9sent\u00e9e ici vise \u00e0 d\u00e9terminer les co\u00fbts induits par un \u00e9v\u00e9nement iatrog\u00e8ne m\u00e9dicamenteux suite \u00e0 une utilisation non optimale d\u2019Ig IV. Les auteurs ont \u00e9tudi\u00e9 les co\u00fbts induits et ceux potentiellement \u00e9vitables selon le mod\u00e8le de calcul des co\u00fbts en milieu hospitalier fran\u00e7ais et ont r\u00e9fl\u00e9chi \u00e0 l\u2019am\u00e9lioration de la qualit\u00e9 des soins pour le patient. En regard des donn\u00e9es obtenues et des solutions propos\u00e9es dans la litt\u00e9rature, ils ont \u00e9mis l\u2019hypoth\u00e8se que le pharmacien peut \u00eatre un bon acteur de r\u00e9duction des co\u00fbts.\" \/>\n<meta property=\"og:url\" content=\"https:\/\/www.ricom-web8.com\/gestions\/les-couts-induits-par-un-evenement-iatrogene-medicamenteux\/\" \/>\n<meta property=\"og:site_name\" content=\"Gestions hospitali\u00e8res\" \/>\n<meta property=\"article:publisher\" content=\"https:\/\/www.facebook.com\/gestionshospitalieres\/\" \/>\n<meta property=\"article:published_time\" content=\"2011-08-31T22:00:00+00:00\" \/>\n<meta property=\"article:modified_time\" content=\"2018-03-09T09:40:31+00:00\" \/>\n<meta name=\"author\" content=\"yann Le Sager\" \/>\n<meta name=\"twitter:card\" content=\"summary_large_image\" \/>\n<meta name=\"twitter:creator\" content=\"@revue_GH\" \/>\n<meta name=\"twitter:site\" content=\"@revue_GH\" \/>\n<meta name=\"twitter:label1\" content=\"\u00c9crit par\" \/>\n\t<meta name=\"twitter:data1\" content=\"yann Le Sager\" \/>\n\t<meta name=\"twitter:label2\" content=\"Dur\u00e9e de lecture estim\u00e9e\" \/>\n\t<meta name=\"twitter:data2\" content=\"18 minutes\" \/>\n<script type=\"application\/ld+json\" class=\"yoast-schema-graph\">{\"@context\":\"https:\/\/schema.org\",\"@graph\":[{\"@type\":\"Article\",\"@id\":\"https:\/\/www.ricom-web8.com\/gestions\/les-couts-induits-par-un-evenement-iatrogene-medicamenteux\/#article\",\"isPartOf\":{\"@id\":\"https:\/\/www.ricom-web8.com\/gestions\/les-couts-induits-par-un-evenement-iatrogene-medicamenteux\/\"},\"author\":{\"name\":\"yann Le Sager\",\"@id\":\"https:\/\/www.ricom-web8.com\/gestions\/#\/schema\/person\/810c9671279c5f5a094f6f0a42237516\"},\"headline\":\"Les co\u00fbts induits par un \u00e9v\u00e9nement iatrog\u00e8ne m\u00e9dicamenteux\",\"datePublished\":\"2011-08-31T22:00:00+00:00\",\"dateModified\":\"2018-03-09T09:40:31+00:00\",\"mainEntityOfPage\":{\"@id\":\"https:\/\/www.ricom-web8.com\/gestions\/les-couts-induits-par-un-evenement-iatrogene-medicamenteux\/\"},\"wordCount\":3699,\"commentCount\":0,\"publisher\":{\"@id\":\"https:\/\/www.ricom-web8.com\/gestions\/#organization\"},\"keywords\":[\"accident iatrog\u00e8ne\",\"cas clinique\",\"co\u00fbt\",\"descriptif\",\"\u00e9valuation\",\"iatrog\u00e9nie m\u00e9dicamenteuse\",\"immunoglobuline intraveineuse polyvalente humaine\"],\"articleSection\":[\"dossier\",\"Gestions Hospitali\u00e8res\"],\"inLanguage\":\"fr-FR\",\"potentialAction\":[{\"@type\":\"CommentAction\",\"name\":\"Comment\",\"target\":[\"https:\/\/www.ricom-web8.com\/gestions\/les-couts-induits-par-un-evenement-iatrogene-medicamenteux\/#respond\"]}]},{\"@type\":\"WebPage\",\"@id\":\"https:\/\/www.ricom-web8.com\/gestions\/les-couts-induits-par-un-evenement-iatrogene-medicamenteux\/\",\"url\":\"https:\/\/www.ricom-web8.com\/gestions\/les-couts-induits-par-un-evenement-iatrogene-medicamenteux\/\",\"name\":\"Les co\u00fbts induits par un \u00e9v\u00e9nement iatrog\u00e8ne m\u00e9dicamenteux - Gestions hospitali\u00e8res\",\"isPartOf\":{\"@id\":\"https:\/\/www.ricom-web8.com\/gestions\/#website\"},\"datePublished\":\"2011-08-31T22:00:00+00:00\",\"dateModified\":\"2018-03-09T09:40:31+00:00\",\"breadcrumb\":{\"@id\":\"https:\/\/www.ricom-web8.com\/gestions\/les-couts-induits-par-un-evenement-iatrogene-medicamenteux\/#breadcrumb\"},\"inLanguage\":\"fr-FR\",\"potentialAction\":[{\"@type\":\"ReadAction\",\"target\":[\"https:\/\/www.ricom-web8.com\/gestions\/les-couts-induits-par-un-evenement-iatrogene-medicamenteux\/\"]}]},{\"@type\":\"BreadcrumbList\",\"@id\":\"https:\/\/www.ricom-web8.com\/gestions\/les-couts-induits-par-un-evenement-iatrogene-medicamenteux\/#breadcrumb\",\"itemListElement\":[{\"@type\":\"ListItem\",\"position\":1,\"name\":\"Accueil\",\"item\":\"https:\/\/www.ricom-web8.com\/gestions\/\"},{\"@type\":\"ListItem\",\"position\":2,\"name\":\"Les co\u00fbts induits par un \u00e9v\u00e9nement iatrog\u00e8ne m\u00e9dicamenteux\"}]},{\"@type\":\"WebSite\",\"@id\":\"https:\/\/www.ricom-web8.com\/gestions\/#website\",\"url\":\"https:\/\/www.ricom-web8.com\/gestions\/\",\"name\":\"Gestions hospitali\u00e8res\",\"description\":\"la revue des d\u00e9cideurs hospitaliers\",\"publisher\":{\"@id\":\"https:\/\/www.ricom-web8.com\/gestions\/#organization\"},\"potentialAction\":[{\"@type\":\"SearchAction\",\"target\":{\"@type\":\"EntryPoint\",\"urlTemplate\":\"https:\/\/www.ricom-web8.com\/gestions\/?s={search_term_string}\"},\"query-input\":{\"@type\":\"PropertyValueSpecification\",\"valueRequired\":true,\"valueName\":\"search_term_string\"}}],\"inLanguage\":\"fr-FR\"},{\"@type\":\"Organization\",\"@id\":\"https:\/\/www.ricom-web8.com\/gestions\/#organization\",\"name\":\"Gestions hospitali\u00e8res\",\"url\":\"https:\/\/www.ricom-web8.com\/gestions\/\",\"logo\":{\"@type\":\"ImageObject\",\"inLanguage\":\"fr-FR\",\"@id\":\"https:\/\/www.ricom-web8.com\/gestions\/#\/schema\/logo\/image\/\",\"url\":\"https:\/\/gestions-hospitalieres.fr\/wp-content\/uploads\/2017\/02\/picto_Gif-GH-trans.png\",\"contentUrl\":\"https:\/\/gestions-hospitalieres.fr\/wp-content\/uploads\/2017\/02\/picto_Gif-GH-trans.png\",\"width\":512,\"height\":512,\"caption\":\"Gestions hospitali\u00e8res\"},\"image\":{\"@id\":\"https:\/\/www.ricom-web8.com\/gestions\/#\/schema\/logo\/image\/\"},\"sameAs\":[\"https:\/\/www.facebook.com\/gestionshospitalieres\/\",\"https:\/\/x.com\/revue_GH\",\"https:\/\/www.linkedin.com\/company\/gestions-hospitalieres?trk=top_nav_home\"]},{\"@type\":\"Person\",\"@id\":\"https:\/\/www.ricom-web8.com\/gestions\/#\/schema\/person\/810c9671279c5f5a094f6f0a42237516\",\"name\":\"yann Le Sager\",\"image\":{\"@type\":\"ImageObject\",\"inLanguage\":\"fr-FR\",\"@id\":\"https:\/\/www.ricom-web8.com\/gestions\/#\/schema\/person\/image\/\",\"url\":\"https:\/\/secure.gravatar.com\/avatar\/36112fa5997be9e3b9acb0c60a4a1075?s=96&d=mm&r=g\",\"contentUrl\":\"https:\/\/secure.gravatar.com\/avatar\/36112fa5997be9e3b9acb0c60a4a1075?s=96&d=mm&r=g\",\"caption\":\"yann Le Sager\"},\"url\":\"https:\/\/www.ricom-web8.com\/gestions\/author\/lesager-yannstudioricom-com\/\"}]}<\/script>\n<!-- \/ Yoast SEO plugin. -->","yoast_head_json":{"title":"Les co\u00fbts induits par un \u00e9v\u00e9nement iatrog\u00e8ne m\u00e9dicamenteux - Gestions hospitali\u00e8res","robots":{"index":"index","follow":"follow","max-snippet":"max-snippet:-1","max-image-preview":"max-image-preview:large","max-video-preview":"max-video-preview:-1"},"canonical":"https:\/\/www.ricom-web8.com\/gestions\/les-couts-induits-par-un-evenement-iatrogene-medicamenteux\/","og_locale":"fr_FR","og_type":"article","og_title":"Les co\u00fbts induits par un \u00e9v\u00e9nement iatrog\u00e8ne m\u00e9dicamenteux - Gestions hospitali\u00e8res","og_description":"\ufeffLes immunoglobulines intraveineuses (Ig IV) polyvalentes humaines, indiqu\u00e9es notamment dans les d\u00e9ficits du syst\u00e8me immunitaire, doivent \u00eatre utilis\u00e9es avec pr\u00e9caution. L\u2019\u00e9tude pr\u00e9sent\u00e9e ici vise \u00e0 d\u00e9terminer les co\u00fbts induits par un \u00e9v\u00e9nement iatrog\u00e8ne m\u00e9dicamenteux suite \u00e0 une utilisation non optimale d\u2019Ig IV. Les auteurs ont \u00e9tudi\u00e9 les co\u00fbts induits et ceux potentiellement \u00e9vitables selon le mod\u00e8le de calcul des co\u00fbts en milieu hospitalier fran\u00e7ais et ont r\u00e9fl\u00e9chi \u00e0 l\u2019am\u00e9lioration de la qualit\u00e9 des soins pour le patient. En regard des donn\u00e9es obtenues et des solutions propos\u00e9es dans la litt\u00e9rature, ils ont \u00e9mis l\u2019hypoth\u00e8se que le pharmacien peut \u00eatre un bon acteur de r\u00e9duction des co\u00fbts.","og_url":"https:\/\/www.ricom-web8.com\/gestions\/les-couts-induits-par-un-evenement-iatrogene-medicamenteux\/","og_site_name":"Gestions hospitali\u00e8res","article_publisher":"https:\/\/www.facebook.com\/gestionshospitalieres\/","article_published_time":"2011-08-31T22:00:00+00:00","article_modified_time":"2018-03-09T09:40:31+00:00","author":"yann Le Sager","twitter_card":"summary_large_image","twitter_creator":"@revue_GH","twitter_site":"@revue_GH","twitter_misc":{"\u00c9crit par":"yann Le Sager","Dur\u00e9e de lecture estim\u00e9e":"18 minutes"},"schema":{"@context":"https:\/\/schema.org","@graph":[{"@type":"Article","@id":"https:\/\/www.ricom-web8.com\/gestions\/les-couts-induits-par-un-evenement-iatrogene-medicamenteux\/#article","isPartOf":{"@id":"https:\/\/www.ricom-web8.com\/gestions\/les-couts-induits-par-un-evenement-iatrogene-medicamenteux\/"},"author":{"name":"yann Le Sager","@id":"https:\/\/www.ricom-web8.com\/gestions\/#\/schema\/person\/810c9671279c5f5a094f6f0a42237516"},"headline":"Les co\u00fbts induits par un \u00e9v\u00e9nement iatrog\u00e8ne m\u00e9dicamenteux","datePublished":"2011-08-31T22:00:00+00:00","dateModified":"2018-03-09T09:40:31+00:00","mainEntityOfPage":{"@id":"https:\/\/www.ricom-web8.com\/gestions\/les-couts-induits-par-un-evenement-iatrogene-medicamenteux\/"},"wordCount":3699,"commentCount":0,"publisher":{"@id":"https:\/\/www.ricom-web8.com\/gestions\/#organization"},"keywords":["accident iatrog\u00e8ne","cas clinique","co\u00fbt","descriptif","\u00e9valuation","iatrog\u00e9nie m\u00e9dicamenteuse","immunoglobuline intraveineuse polyvalente humaine"],"articleSection":["dossier","Gestions Hospitali\u00e8res"],"inLanguage":"fr-FR","potentialAction":[{"@type":"CommentAction","name":"Comment","target":["https:\/\/www.ricom-web8.com\/gestions\/les-couts-induits-par-un-evenement-iatrogene-medicamenteux\/#respond"]}]},{"@type":"WebPage","@id":"https:\/\/www.ricom-web8.com\/gestions\/les-couts-induits-par-un-evenement-iatrogene-medicamenteux\/","url":"https:\/\/www.ricom-web8.com\/gestions\/les-couts-induits-par-un-evenement-iatrogene-medicamenteux\/","name":"Les co\u00fbts induits par un \u00e9v\u00e9nement iatrog\u00e8ne m\u00e9dicamenteux - Gestions hospitali\u00e8res","isPartOf":{"@id":"https:\/\/www.ricom-web8.com\/gestions\/#website"},"datePublished":"2011-08-31T22:00:00+00:00","dateModified":"2018-03-09T09:40:31+00:00","breadcrumb":{"@id":"https:\/\/www.ricom-web8.com\/gestions\/les-couts-induits-par-un-evenement-iatrogene-medicamenteux\/#breadcrumb"},"inLanguage":"fr-FR","potentialAction":[{"@type":"ReadAction","target":["https:\/\/www.ricom-web8.com\/gestions\/les-couts-induits-par-un-evenement-iatrogene-medicamenteux\/"]}]},{"@type":"BreadcrumbList","@id":"https:\/\/www.ricom-web8.com\/gestions\/les-couts-induits-par-un-evenement-iatrogene-medicamenteux\/#breadcrumb","itemListElement":[{"@type":"ListItem","position":1,"name":"Accueil","item":"https:\/\/www.ricom-web8.com\/gestions\/"},{"@type":"ListItem","position":2,"name":"Les co\u00fbts induits par un \u00e9v\u00e9nement iatrog\u00e8ne m\u00e9dicamenteux"}]},{"@type":"WebSite","@id":"https:\/\/www.ricom-web8.com\/gestions\/#website","url":"https:\/\/www.ricom-web8.com\/gestions\/","name":"Gestions hospitali\u00e8res","description":"la revue des d\u00e9cideurs hospitaliers","publisher":{"@id":"https:\/\/www.ricom-web8.com\/gestions\/#organization"},"potentialAction":[{"@type":"SearchAction","target":{"@type":"EntryPoint","urlTemplate":"https:\/\/www.ricom-web8.com\/gestions\/?s={search_term_string}"},"query-input":{"@type":"PropertyValueSpecification","valueRequired":true,"valueName":"search_term_string"}}],"inLanguage":"fr-FR"},{"@type":"Organization","@id":"https:\/\/www.ricom-web8.com\/gestions\/#organization","name":"Gestions hospitali\u00e8res","url":"https:\/\/www.ricom-web8.com\/gestions\/","logo":{"@type":"ImageObject","inLanguage":"fr-FR","@id":"https:\/\/www.ricom-web8.com\/gestions\/#\/schema\/logo\/image\/","url":"https:\/\/gestions-hospitalieres.fr\/wp-content\/uploads\/2017\/02\/picto_Gif-GH-trans.png","contentUrl":"https:\/\/gestions-hospitalieres.fr\/wp-content\/uploads\/2017\/02\/picto_Gif-GH-trans.png","width":512,"height":512,"caption":"Gestions hospitali\u00e8res"},"image":{"@id":"https:\/\/www.ricom-web8.com\/gestions\/#\/schema\/logo\/image\/"},"sameAs":["https:\/\/www.facebook.com\/gestionshospitalieres\/","https:\/\/x.com\/revue_GH","https:\/\/www.linkedin.com\/company\/gestions-hospitalieres?trk=top_nav_home"]},{"@type":"Person","@id":"https:\/\/www.ricom-web8.com\/gestions\/#\/schema\/person\/810c9671279c5f5a094f6f0a42237516","name":"yann Le Sager","image":{"@type":"ImageObject","inLanguage":"fr-FR","@id":"https:\/\/www.ricom-web8.com\/gestions\/#\/schema\/person\/image\/","url":"https:\/\/secure.gravatar.com\/avatar\/36112fa5997be9e3b9acb0c60a4a1075?s=96&d=mm&r=g","contentUrl":"https:\/\/secure.gravatar.com\/avatar\/36112fa5997be9e3b9acb0c60a4a1075?s=96&d=mm&r=g","caption":"yann Le Sager"},"url":"https:\/\/www.ricom-web8.com\/gestions\/author\/lesager-yannstudioricom-com\/"}]}},"_links":{"self":[{"href":"https:\/\/www.ricom-web8.com\/gestions\/wp-json\/wp\/v2\/posts\/15277","targetHints":{"allow":["GET"]}}],"collection":[{"href":"https:\/\/www.ricom-web8.com\/gestions\/wp-json\/wp\/v2\/posts"}],"about":[{"href":"https:\/\/www.ricom-web8.com\/gestions\/wp-json\/wp\/v2\/types\/post"}],"author":[{"embeddable":true,"href":"https:\/\/www.ricom-web8.com\/gestions\/wp-json\/wp\/v2\/users\/1202"}],"replies":[{"embeddable":true,"href":"https:\/\/www.ricom-web8.com\/gestions\/wp-json\/wp\/v2\/comments?post=15277"}],"version-history":[{"count":0,"href":"https:\/\/www.ricom-web8.com\/gestions\/wp-json\/wp\/v2\/posts\/15277\/revisions"}],"wp:attachment":[{"href":"https:\/\/www.ricom-web8.com\/gestions\/wp-json\/wp\/v2\/media?parent=15277"}],"wp:term":[{"taxonomy":"category","embeddable":true,"href":"https:\/\/www.ricom-web8.com\/gestions\/wp-json\/wp\/v2\/categories?post=15277"},{"taxonomy":"post_tag","embeddable":true,"href":"https:\/\/www.ricom-web8.com\/gestions\/wp-json\/wp\/v2\/tags?post=15277"}],"curies":[{"name":"wp","href":"https:\/\/api.w.org\/{rel}","templated":true}]}}