

{"id":15348,"date":"2012-03-01T00:00:00","date_gmt":"2012-02-29T23:00:00","guid":{"rendered":"http:\/\/ricom-web.com\/gestions-hospitalieres\/un-pilotage-renforce-un-dialogue-systematique\/"},"modified":"2018-03-08T16:34:34","modified_gmt":"2018-03-08T15:34:34","slug":"un-pilotage-renforce-un-dialogue-systematique","status":"publish","type":"post","link":"https:\/\/www.ricom-web8.com\/gestions\/un-pilotage-renforce-un-dialogue-systematique\/","title":{"rendered":"Un pilotage renforc\u00e9, un dialogue syst\u00e9matique"},"content":{"rendered":"<span class=\"span-reading-time rt-reading-time\" style=\"display: block;\"><span class=\"rt-label rt-prefix\">Temps de lecture\u00a0: <\/span> <span class=\"rt-time\"> 7<\/span> <span class=\"rt-label rt-postfix\">minutes<\/span><\/span><h1 class=\"para-TC_inter_01\"><span class=\"char-of-TC_inter_01-186\">Mutation des r\u00e8gles de gouvernance\u00a0<\/span><\/h1>\n<h2 class=\"para-TC_inter_02\"><span class=\"char-of-TC_inter_01-144\">Le directoire\u00a0: un pilotage efficient<\/span>\u00a0<span class=\"char-TC_txt-Local-204\"><br \/>\n<\/span><\/h2>\n<p class=\"para-TC_txt\"><span class=\"char-TC_txt-Local-204\"><img decoding=\"async\" class=\"alignleft wp-image-30430 size-medium\" src=\"https:\/\/gestions-hospitalieres.fr\/wp-content\/uploads\/2012\/03\/Capture-d\u2019\u00e9cran-2016-12-30-\u00e0-16.52.11-300x187.png\" alt=\"capture-decran-2016-12-30-a-16-52-11\" width=\"300\" height=\"187\" srcset=\"https:\/\/www.ricom-web8.com\/gestions\/wp-content\/uploads\/2012\/03\/Capture-d\u2019\u00e9cran-2016-12-30-\u00e0-16.52.11-300x187.png 300w, https:\/\/www.ricom-web8.com\/gestions\/wp-content\/uploads\/2012\/03\/Capture-d\u2019\u00e9cran-2016-12-30-\u00e0-16.52.11.png 600w\" sizes=\"(max-width: 300px) 100vw, 300px\" \/>Le remplacement du conseil ex\u00e9cutif par un directoire plus resserr\u00e9, la transformation du conseil d\u2019administration en conseil de surveillance et l\u2019importante \u00e9volution du champ de comp\u00e9tences de la commission m\u00e9dicale d\u2019\u00e9tablissement (CME) ont un impact fort sur les modalit\u00e9s de fonctionnement de l\u2019\u00e9tablissement au quotidien, tant sur le plan du processus d\u00e9cisionnel que sur le plan de l\u2019information et de la communication institutionnelle. Sans revenir sur les motivations du l\u00e9gislateur et la coh\u00e9rence globale des mesures \u00e9voqu\u00e9es ci-dessus, il faut relever que celles-ci, \u00e0 Saint-Quentin comme ailleurs, ont soulev\u00e9 questions et interrogations.<\/span><\/p>\n<p class=\"para-TC_txt\"><span class=\"char-TC_txt-Local-204\">Le conseil ex\u00e9cutif, par sa composition assez large (douze membres) et paritaire, associait un nombre de m\u00e9decins permettant une repr\u00e9sentativit\u00e9 de l\u2019ensemble des grands secteurs d\u2019activit\u00e9 en son sein. De m\u00eame, les diff\u00e9rentes directions y \u00e9taient repr\u00e9sent\u00e9es.<\/span><\/p>\n<p class=\"para-TC_txt\"><span class=\"char-TC_txt-Local-204\">La composition, volontairement plus r\u00e9duite, du directoire (sept membres) n\u2019a pas suscit\u00e9 une forte adh\u00e9sion du corps m\u00e9dical et a m\u00eame donn\u00e9 le sentiment d\u2019une c\u00e9sure entre le bureau de la CME et le reste de la communaut\u00e9 m\u00e9dicale. <\/span><span class=\"char-TC_txt-Local-204\">Par ailleurs, le changement des attributions de la CME (en mati\u00e8re d\u2019avis \u00e0 donner sur les diff\u00e9rents dossiers) a \u00e9t\u00e9 v\u00e9cu par beaucoup comme une \u00ab\u00a0perte de pouvoir\u00a0\u00bb, alors m\u00eame que l\u2019importance majeure offerte par les nouveaux champs de comp\u00e9tence de cette instance en mati\u00e8re de qualit\u00e9, de s\u00e9curit\u00e9 des soins et de prise en charge des patients n\u2019avait pas \u00e9t\u00e9 saisie.\u00a0<\/span><\/p>\n<h2 class=\"para-TC_txt\">La CME\u00a0: de nouveaux rapports\u00a0<span class=\"char-of-TC_inter_01-144\">entre m\u00e9decins et institution\u00a0<\/span><\/h2>\n<p class=\"para-TC_txt\"><span class=\"char-TC_txt-Local-204\">Face \u00e0 ce \u00ab\u00a0rejet\u00a0\u00bb de la loi HPST par la CME, un travail de fond a \u00e9t\u00e9 conduit entre septembre et d\u00e9cembre 2010 (en m\u00eame temps que l\u2019\u00e9laboration du projet m\u00e9dical), puis entre mars et avril 2011 pour mettre au point le nouveau r\u00e8glement int\u00e9rieur de la CME. Ces nouvelles r\u00e8gles de fonctionnement de l\u2019instance repr\u00e9sentant la communaut\u00e9 m\u00e9dicale ont permis de valider de nouveaux rapports entre le corps m\u00e9dical et l\u2019institution. <\/span><span class=\"char-TC_txt-Local-204\">Il en ressort les principaux \u00e9l\u00e9ments suivants\u00a0:\u00a0<\/span><\/p>\n<ul>\n<li class=\"para-TC_txt\"><span class=\"char-TC_txt-Local-204\">une CME plus compacte (quarante membres) et dont l\u2019organisation en deux sous-commissions (pr\u00e9vues par la loi) a fait l\u2019objet d\u2019un travail fructueux, afin de couvrir l\u2019ensemble des domaines pour lesquels les responsabilit\u00e9s de la communaut\u00e9 m\u00e9dicale se sont amplifi\u00e9es par la volont\u00e9 l\u00e9gislative\u00a0;\u00a0<\/span><\/li>\n<li class=\"para-TC_txt\"><span class=\"char-TC_txt-Local-204\">la mise en place d\u2019un bureau m\u00e9dical de CME de dix membres, anim\u00e9 par le pr\u00e9sident de la CME et permettant un lien d\u2019information, d\u2019\u00e9changes et de d\u00e9bats au sein d\u2019un groupe suffisamment large pour que l\u2019ensemble des composantes m\u00e9dicales de l\u2019\u00e9tablissement puissent y \u00eatre repr\u00e9sent\u00e9es. Ce bureau ne se substitue pas au directoire, qui reste \u00e9videmment l\u2019instance cl\u00e9 du processus d\u00e9cisionnel, mais il assure un meilleur lien entre le directoire et la CME. Il se r\u00e9unit mensuellement.\u00a0<\/span><\/li>\n<\/ul>\n<h2 class=\"para-TC_txt\">L\u2019impact du directoire\u00a0<span class=\"char-of-TC_inter_01-144\">sur la vie de l\u2019\u00e9quipe de direction\u00a0<\/span><\/h2>\n<p class=\"para-TC_txt\"><span class=\"char-TC_txt-Local-204\">De m\u00eame que la CME s\u2019est sentie d\u00e9poss\u00e9d\u00e9e d\u2019une partie de ses pr\u00e9rogatives, les directions fonctionnelles ont d\u00fb faire face \u00e0 leur sous-repr\u00e9sentation au sein du directoire et \u00e0 un sentiment de perte de pouvoir dans le cadre de la mise en place des p\u00f4les. Deux dispositions ont \u00e9t\u00e9 prises\u00a0: r\u00e9unions du directoire, une semaine sur deux, et maintien des r\u00e9unions de comit\u00e9 de direction (Codir), en alternance une semaine sur deux aussi. <\/span><span class=\"char-TC_txt-Local-204\">En outre, le directoire, au-del\u00e0 des trois directeurs qui en sont membres, est ouvert ponctuellement aux cadres de direction pour pr\u00e9sentation des dossiers et \u00e9changes sur les questions inscrites \u00e0 l\u2019ordre du jour relevant de leur domaine de comp\u00e9tence.<\/span><\/p>\n<p class=\"para-TC_txt\"><span class=\"char-TC_txt-Local-204\">Le renouvellement important de l\u2019\u00e9quipe de direction entre l\u2019\u00e9t\u00e9 2010 et le printemps 2011 est \u00e0 noter (adjoint au direteur, achats\/h\u00f4tellerie\/logistique, finances\/contr\u00f4le de gestion\/syst\u00e8me d\u2019information, ressources humaines). Parall\u00e8lement, l\u2019organigramme de la direction a \u00e9volu\u00e9 avec la cr\u00e9ation de trois p\u00f4les de gestion\u00a0: Activit\u00e9s\/ressources, Investissemen\/logistique\/technique, Strat\u00e9gie\/politique de territoire.\u00a0<\/span><\/p>\n<h2 class=\"para-TC_txt\">L\u2019\u00e9volution du r\u00f4le du conseil de surveillance<\/h2>\n<p class=\"para-TC_txt\"><span class=\"char-TC_txt-Local-204\">Nombre des attributions du conseil de surveillance sont diff\u00e9rentes de celles d\u00e9volues ant\u00e9rieurement au conseil d\u2019administration. Sur de nombreuses questions, le vote pr\u00e9alable de cette instance autorisant le directeur, repr\u00e9sentant l\u00e9gal de l\u2019\u00e9tablissement, \u00e0 agir n\u2019est plus requis.<\/span><\/p>\n<p class=\"para-TC_txt\"><span class=\"char-TC_txt-Local-204\">Si ce changement est important et doit s\u2019interpr\u00e9ter comme la volont\u00e9 affirm\u00e9e du l\u00e9gislateur d\u2019offrir au directeur la plus grande latitude pour d\u00e9rouler les actions et mettre en \u0153uvre les projets de l\u2019\u00e9tablissement avec toute la r\u00e9activit\u00e9 voulue, il n\u2019enl\u00e8ve en rien au conseil sa place \u00e9minente dans la strat\u00e9gie de l\u2019\u00e9tablissement (vote du projet d\u2019\u00e9tablissement, par exemple) et renforce sa capacit\u00e9 de \u00ab\u00a0surveillance\u00a0\u00bb\u00a0<\/span><em><span class=\"char-TC_txt_ital-Local-178\">a posteriori<\/span><\/em><span class=\"char-TC_txt-Local-204\">\u00a0de la gestion du CH.<\/span><\/p>\n<p class=\"para-TC_txt\"><span class=\"char-TC_txt-Local-204\">Sur ces questions de mutation des r\u00e8gles de gouvernance de l\u2019h\u00f4pital, il est important de souligner que le directeur se doit d\u2019\u00eatre encore plus port\u00e9 vers le dialogue et le souci permanent d\u2019informer les diff\u00e9rentes instances, puis les collaborateurs, les m\u00e9decins et les cadres. Il s\u2019agit de faire partager les objectifs et la strat\u00e9gie de l\u2019\u00e9tablissement tout en donnant les cl\u00e9s de compr\u00e9hension d\u2019un contexte souvent assez contraignant et en rappelant le cadre r\u00e9glementaire et l\u00e9gislatif dans lequel est plac\u00e9e l\u2019institution.\u00a0<\/span><\/p>\n<h1 class=\"para-TC_inter_01\"><span class=\"char-of-TC_inter_01-186\">P\u00f4les et contractualisation interne<\/span>\u00a0<span class=\"char-TC_txt-Local-204\"><br \/>\n<\/span><\/h1>\n<h2 class=\"para-TC_inter_02\"><span class=\"char-of-TC_inter_01-144\">Travailler ensemble\u00a0<\/span><\/h2>\n<p class=\"para-TC_txt\"><span class=\"char-TC_txt-Local-204\">La premi\u00e8re organisation en p\u00f4les m\u00e9dicaux est apparue en 2006\u00a0: la mutualisation des moyens, consubstantielle \u00e0 ce nouvel \u00e9chelon d\u2019organisation, a trouv\u00e9 son sens de fa\u00e7on op\u00e9rationnelle lors de la p\u00e9riode allant du deuxi\u00e8me semestre 2008 au premier semestre 2010, lorsque la direction des soins a d\u00fb g\u00e9rer dans l\u2019urgence une baisse des effectifs, contrainte par la situation financi\u00e8re de l\u2019\u00e9tablissement.<br \/>\n<\/span><span class=\"char-TC_txt-Local-204\">D\u2019autre part, les r\u00e9flexions sur les organisations ont \u00e9t\u00e9 progressivement con\u00e7ues par p\u00f4le et non plus uniquement par service\u00a0: l\u2019audit d\u2019organisation d\u00e9cid\u00e9 en 2010 pour analyser les difficult\u00e9s de fonctionnement du p\u00f4leFemme\/m\u00e8re\/enfant illustre cette \u00e9volution.<\/span><\/p>\n<p class=\"para-TC_txt\"><span class=\"char-TC_txt-Local-204\">Le nouveau projet m\u00e9dical de 2010 a conduit \u00e0 la concr\u00e9tisation d\u2019un nouveau d\u00e9coupage polaire \u00e0 compter du 1<\/span><span class=\"char-TC_txt-Local-16\"><sup>er<\/sup><\/span>\u00a0<span class=\"char-TC_txt-Local-204\">janvier 2011. Pour y parvenir, la r\u00e9flexion s\u2019est nourrie notamment des quatre premi\u00e8res ann\u00e9es de fonctionnement. Une premi\u00e8re id\u00e9e s\u2019est rapidement impos\u00e9e\u00a0: la cr\u00e9ation d\u2019un p\u00f4le de canc\u00e9rologie regroupant la majorit\u00e9 de l\u2019activit\u00e9 oncologie et radioth\u00e9rapie, \u00e0 l\u2019exclusion de la chirurgie et de la gastroent\u00e9rologie, restant elles dans un p\u00f4le M\u00e9decine, lui-m\u00eame renforc\u00e9 par la cr\u00e9ation d\u2019un nouveau service de m\u00e9decine polyvalente. Une deuxi\u00e8me avanc\u00e9e du d\u00e9coupage de seconde g\u00e9n\u00e9ration est \u00e0 noter\u00a0: le regroupement enfin accept\u00e9 des deux services de psychiatrie. <\/span><span class=\"char-TC_txt-Local-204\">D\u2019autres propositions ont fait d\u00e9bat : la place des urgences, le regroupement transversal de l\u2019activit\u00e9 cardiologique, neurologique et diab\u00e9to-endocrinologique. <\/span><span class=\"char-TC_txt-Local-204\">Le cadre du d\u00e9coupage, d\u00e9sormais d\u00e9fini pour 2011-2015<\/span><span class=\"char-TC_txt-Local-204\">, laisse place \u00e0 une \u00e9ventuelle r\u00e9organisation, en particulier sur le secteur Urgences, r\u00e9animation et anesth\u00e9sie.\u00a0<\/span><\/p>\n<p class=\"para-TC_txt\"><button data-toggle=\"collapse\" data-target=\"#enc_2012_167_01\">TABLEAU<\/button><div id=\"enc_2012_167_01\" class=\"encadre collapse\"><div class=\"page\" title=\"Page 30\">\n<div class=\"section\">\n<div class=\"layoutArea\">\n<div class=\"column\">\n<p><span class=\"surtitre_enc\">TABLEAU<\/span><\/p>\n<h2>Modifications de l\u2019organisation en p\u00f4les d\u2019activit\u00e9s<\/h2>\n<p><img decoding=\"async\" class=\"alignnone size-full wp-image-30617\" src=\"https:\/\/gestions-hospitalieres.fr\/wp-content\/uploads\/2017\/01\/Capture-d\u2019\u00e9cran-2017-01-09-\u00e0-15.24.00.png\" alt=\"capture-decran-2017-01-09-a-15-24-00\" width=\"600\" height=\"556\" srcset=\"https:\/\/www.ricom-web8.com\/gestions\/wp-content\/uploads\/2017\/01\/Capture-d\u2019\u00e9cran-2017-01-09-\u00e0-15.24.00.png 600w, https:\/\/www.ricom-web8.com\/gestions\/wp-content\/uploads\/2017\/01\/Capture-d\u2019\u00e9cran-2017-01-09-\u00e0-15.24.00-300x278.png 300w\" sizes=\"(max-width: 600px) 100vw, 600px\" \/><\/p>\n<\/div>\n<\/div>\n<\/div>\n<\/div>\n<\/div><\/p>\n<p class=\"para-TC_txt\"><span class=\"char-TC_txt-Local-204\">La direction du CH a profit\u00e9 de la r\u00e9\u00e9criture de son projet m\u00e9dical en 2010 pour proc\u00e9der \u00e0 un nouveau d\u00e9coupage, qui s\u2019accompagne en 2012 d\u2019une d\u00e9marche de contractualisation de seconde g\u00e9n\u00e9ration avec les diff\u00e9rents p\u00f4les.<br \/>\n<\/span><span class=\"char-TC_txt-Local-204\">Sur le plan de la m\u00e9thode, ce red\u00e9coupage a \u00e9t\u00e9 effectu\u00e9 dans la continuit\u00e9 des propositions \u00e9mises par un groupe de travail pluridisciplinaire qui s\u2019est \u00e9galement saisi de la th\u00e9matique des contrats de p\u00f4les. Ce groupe de travail, associant plusieurs acteurs \u2013 directeur, pr\u00e9sident et vice-pr\u00e9sident de la CME, coordonnateur g\u00e9n\u00e9ral des soins, DIM, adjoint au directeur, directeur des finances, membres du directoire, m\u00e9decins\u00a0<\/span><span class=\"char-TC_txt-Local-16\"><sup class=\"appel\" data-toggle=\"modal\" data-target=\"#notes\">(1)<\/sup><\/span><span class=\"char-TC_txt-Local-204\">\u00a0\u2013 a permis d\u2019apporter un appui au d\u00e9cideur final, dans le cadre d\u2019un calendrier pr\u00e9cis et d\u2019une d\u00e9marche transparente.<\/span><\/p>\n<p class=\"para-TC_txt\"><span class=\"char-TC_txt-Local-204\">La loi HPST a confirm\u00e9 l\u2019existence des p\u00f4les et a accentu\u00e9 leur poids et leur importance dans l\u2019organisation de l\u2019h\u00f4pital. Aussi, le nouveau d\u00e9coupage en p\u00f4les de l\u2019\u00e9tablissement s\u2019est fait en ad\u00e9quation avec le projet m\u00e9dical. Avec cette nouvelle organisation polaire et la validation du projet d\u2019\u00e9tablissement, le cadre n\u00e9cessaire \u00e0 la discussion avec les chefs de p\u00f4le pour la mise au point des contrats est pos\u00e9.\u00a0<\/span><\/p>\n<h2 class=\"para-TC_txt\"><span class=\"char-of-TC_inter_01-144\">Contrats de p\u00f4le\u00a0: dialoguer et piloter<\/span><\/h2>\n<p class=\"para-TC_txt\"><span class=\"char-TC_txt-Local-204\">Le contenu potentiel des contrats a fortement \u00e9volu\u00e9 par la volont\u00e9 de la loi HPST. En effet, les chefs de p\u00f4le peuvent disposer, au-del\u00e0 d\u2019une d\u00e9l\u00e9gation de gestion, d\u2019une d\u00e9l\u00e9gation de signature leur permettant d\u2019engager des d\u00e9penses dans des domaines limitativement \u00e9num\u00e9r\u00e9s par la loi, et ce en fonction des sujets \u00e0 valider dans les contrats de p\u00f4le.<\/span><\/p>\n<p class=\"para-TC_txt\"><span class=\"char-TC_txt-Local-204\">Ces contrats deviennent de fait l\u2019outil principal de partage et de suivi des objectifs de performance et de qualit\u00e9 du p\u00f4le, mais aussi, plus globalement, de l\u2019\u00e9tablissement. \u00c0 cet \u00e9gard, ils deviennent des vecteurs essentiels de dialogue et de mise en \u0153uvre de la strat\u00e9gie de l\u2019\u00e9tablissement. <\/span><span class=\"char-TC_txt-Local-204\">Cela implique un travail de transparence et de coh\u00e9rence pour la direction quant \u00e0 la construction de la comptabilit\u00e9 analytique\u00a0: c\u2019est une t\u00e2che complexe et une exigence haute en termes de qualit\u00e9. Cette qualit\u00e9 de l\u2019information est la base du dialogue et du d\u00e9roulement d\u2019une v\u00e9ritable p\u00e9dagogie dans le partage des probl\u00e8mes de gestion avec le corps m\u00e9dical. La direction se doit d\u2019\u00eatre efficiente dans ce travail, afin que celui-ci soit le ferment d\u2019un v\u00e9ritable changement de culture et de paradigme dans la gestion partag\u00e9e de projets avec les m\u00e9decins. Ce changement ne remet pas en cause les valeurs du service public hospitalier auxquels sont attach\u00e9s les uns et les autres.\u00a0<\/span><\/p>\n<h1 class=\"para-TC_inter_01\"><span class=\"char-of-TC_inter_01-186\">Communication et ouverture sur la CHT<\/span>\u00a0<span class=\"char-TC_txt-Local-204\"><br \/>\n<\/span><\/h1>\n<h2 class=\"para-TC_inter_02\"><span class=\"char-of-TC_inter_01-144\">Expliquer<\/span>\u00a0<span class=\"char-TC_txt-Local-204\"><br \/>\n<\/span><\/h2>\n<p class=\"para-TC_txt\"><span class=\"char-TC_txt-Local-204\">Tous les m\u00e9dias sont utilis\u00e9s pour faire conna\u00eetre les objectifs du projet d\u2019\u00e9tablissement 2011-2015\u00a0: presse locale, journal interne, sites Internet et intranet, canal interne, journ\u00e9es portes ouvertes\u2026 La premi\u00e8re d\u00e9marche a \u00e9t\u00e9 la r\u00e9alisation d\u2019un nouveau film mettant en avant les techniques de pointe, mais \u00e9galement l\u2019ouverture d\u2019un service de chirurgie de semaine en mars 2011 qui compl\u00e8te l\u2019ouverture d\u2019une chirurgie ambulatoire en 2009. La r\u00e9organisation des services de soins conforte cette avanc\u00e9e pour une prise en charge correspondant aux attentes des usagers.<\/span><\/p>\n<p class=\"para-TC_txt\"><span class=\"char-TC_txt-Local-204\">Le renforcement de la coop\u00e9ration et le d\u00e9veloppement des fili\u00e8res de soins avec un partage de comp\u00e9tences sont les points forts de ce nouveau projet d\u2019\u00e9tablissement et seront largement explicit\u00e9s au cours d\u2019interviews aupr\u00e8s des m\u00e9dias. <\/span><span class=\"char-TC_txt-Local-204\">Il en sera de m\u00eame pour les activit\u00e9s sanitaires partag\u00e9es au sein de la communaut\u00e9 hospitali\u00e8re de territoire d\u00e9sormais constitu\u00e9e\u00a0<\/span><span class=\"char-TC_txt-Local-16\"><sup class=\"appel\" data-toggle=\"modal\" data-target=\"#notes\">(2)<\/sup><\/span><span class=\"char-TC_txt-Local-204\">, et l\u2019\u00ab\u00a0ouverture\u00a0\u00bb du service d\u2019accueil et d\u2019urgence (SAU), qui d\u00e9montrent la volont\u00e9 d\u2019un partenariat fort sur l\u2019ext\u00e9rieur et de liens plus formalis\u00e9s avec les m\u00e9decins lib\u00e9raux notamment. <\/span><span class=\"char-TC_txt-Local-204\">D\u00e8s septembre 2011, apr\u00e8s validation du projet par les tutelles, une campagne de communication (presse, h\u00f4pitaux p\u00e9riph\u00e9riques, agents, patients) a \u00e9t\u00e9 conduite pour expliciter les d\u00e9cisions, insister sur la territorialit\u00e9 et la r\u00e9flexion globale de la prise en charge du patient.\u00a0<\/span><\/p>\n<h2 class=\"para-TC_txt\"><span class=\"char-of-TC_inter_01-144\">Valoriser<\/span><\/h2>\n<p class=\"para-TC_txt\"><span class=\"char-TC_txt-Local-204\">Les r\u00e9sultats de la certification HAS ont \u00e9t\u00e9 largement diffus\u00e9s fin 2011 (journal de l\u2019\u00e9tablissement\u00a0<\/span><em><span class=\"char-TC_txt_ital-Local-178\">Synapses<\/span><\/em><span class=\"char-TC_txt-Local-204\">, canal interne mis \u00e0 disposition dans les chambres des patients\u2026). Par ailleurs, les diff\u00e9rentes instances sont r\u00e9guli\u00e8rement inform\u00e9es des orientations strat\u00e9giques, fond\u00e9es sur une meilleure adaptation des structures aux besoins de la population du territoire. Des points presse avec le directeur, le pr\u00e9sident de la CME peuvent \u00eatre organis\u00e9s, une journ\u00e9e portes ouvertes est en r\u00e9flexion et un site Internet adapt\u00e9 aux malvoyants a \u00e9t\u00e9 mis en \u0153uvre.<br \/>\n<\/span><span class=\"char-TC_txt-Local-204\">La d\u00e9mocratie sanitaire au sein du territoire Aisne-Nord-Haute-Somme est en marche.<\/span><\/p>\n<script>function PlayerjsAsync(){} if(window[\"Playerjs\"]){PlayerjsAsync();}<\/script>","protected":false},"excerpt":{"rendered":"<p>\ufeffAvec une capacit\u00e9 de 1 000 lits, le centre hospitalier de Saint-Quentin est l\u2019h\u00f4pital g\u00e9n\u00e9ral le plus important de Picardie. \u00c9tablissement pivot d\u2019une communaut\u00e9 hospitali\u00e8re de territoire de plus de 300\u00a0000 habitants, son attractivit\u00e9 va bien au-del\u00e0 de son territoire puisque plus de 20 % des malades hospitalis\u00e9s proviennent d\u2019un autre secteur sanitaire. Son projet d\u2019\u00e9tablissement 2011-2015 s\u2019inscrit dans un contexte en forte \u00e9volution \u2013 sur les plans national, local et territorial \u2013, vers une r\u00e9organisation de la gouvernance li\u00e9e \u00e0 la mise en \u0153uvre de la loi H\u00f4pital, patients, sant\u00e9, territoires (HPST) du 21 juillet 2009.<\/p>\n","protected":false},"author":1202,"featured_media":0,"comment_status":"open","ping_status":"open","sticky":false,"template":"","format":"standard","meta":{"_acf_changed":false,"_relevanssi_hide_post":"","_relevanssi_hide_content":"","_relevanssi_pin_for_all":"","_relevanssi_pin_keywords":"","_relevanssi_unpin_keywords":"","_relevanssi_related_keywords":"","_relevanssi_related_include_ids":"","_relevanssi_related_exclude_ids":"","_relevanssi_related_no_append":"","_relevanssi_related_not_related":"","_relevanssi_related_posts":"","_relevanssi_noindex_reason":"","footnotes":""},"categories":[26,2],"tags":[580,475,50,205,566,36,535,314],"class_list":["post-15348","post","type-post","status-publish","format-standard","hentry","category-dossier","category-gestions-hospitalieres","tag-ch-saint-quentin","tag-communaute-hospitaliere-de-territoire","tag-gouvernance","tag-hpst","tag-management-strategique","tag-organisation","tag-pilotage","tag-poles-dactivite"],"acf":[],"yoast_head":"<!-- This site is optimized with the Yoast SEO plugin v24.8.1 - https:\/\/yoast.com\/wordpress\/plugins\/seo\/ -->\n<title>Un pilotage renforc\u00e9, un dialogue syst\u00e9matique - Gestions hospitali\u00e8res<\/title>\n<meta name=\"robots\" content=\"index, follow, max-snippet:-1, max-image-preview:large, max-video-preview:-1\" \/>\n<link rel=\"canonical\" href=\"https:\/\/www.ricom-web8.com\/gestions\/un-pilotage-renforce-un-dialogue-systematique\/\" \/>\n<meta property=\"og:locale\" content=\"fr_FR\" \/>\n<meta property=\"og:type\" content=\"article\" \/>\n<meta property=\"og:title\" content=\"Un pilotage renforc\u00e9, un dialogue syst\u00e9matique - Gestions hospitali\u00e8res\" \/>\n<meta property=\"og:description\" content=\"\ufeffAvec une capacit\u00e9 de 1 000 lits, le centre hospitalier de Saint-Quentin est l\u2019h\u00f4pital g\u00e9n\u00e9ral le plus important de Picardie. \u00c9tablissement pivot d\u2019une communaut\u00e9 hospitali\u00e8re de territoire de plus de 300\u00a0000 habitants, son attractivit\u00e9 va bien au-del\u00e0 de son territoire puisque plus de 20 % des malades hospitalis\u00e9s proviennent d\u2019un autre secteur sanitaire. Son projet d\u2019\u00e9tablissement 2011-2015 s\u2019inscrit dans un contexte en forte \u00e9volution \u2013 sur les plans national, local et territorial \u2013, vers une r\u00e9organisation de la gouvernance li\u00e9e \u00e0 la mise en \u0153uvre de la loi H\u00f4pital, patients, sant\u00e9, territoires (HPST) du 21 juillet 2009.\" \/>\n<meta property=\"og:url\" content=\"https:\/\/www.ricom-web8.com\/gestions\/un-pilotage-renforce-un-dialogue-systematique\/\" \/>\n<meta property=\"og:site_name\" content=\"Gestions hospitali\u00e8res\" \/>\n<meta property=\"article:publisher\" content=\"https:\/\/www.facebook.com\/gestionshospitalieres\/\" \/>\n<meta property=\"article:published_time\" content=\"2012-02-29T23:00:00+00:00\" \/>\n<meta property=\"article:modified_time\" content=\"2018-03-08T15:34:34+00:00\" \/>\n<meta name=\"author\" content=\"yann Le Sager\" \/>\n<meta name=\"twitter:card\" content=\"summary_large_image\" \/>\n<meta name=\"twitter:creator\" content=\"@revue_GH\" \/>\n<meta name=\"twitter:site\" content=\"@revue_GH\" \/>\n<meta name=\"twitter:label1\" content=\"\u00c9crit par\" \/>\n\t<meta name=\"twitter:data1\" content=\"yann Le Sager\" \/>\n\t<meta name=\"twitter:label2\" content=\"Dur\u00e9e de lecture estim\u00e9e\" \/>\n\t<meta name=\"twitter:data2\" content=\"11 minutes\" \/>\n<script type=\"application\/ld+json\" class=\"yoast-schema-graph\">{\"@context\":\"https:\/\/schema.org\",\"@graph\":[{\"@type\":\"Article\",\"@id\":\"https:\/\/www.ricom-web8.com\/gestions\/un-pilotage-renforce-un-dialogue-systematique\/#article\",\"isPartOf\":{\"@id\":\"https:\/\/www.ricom-web8.com\/gestions\/un-pilotage-renforce-un-dialogue-systematique\/\"},\"author\":{\"name\":\"yann Le Sager\",\"@id\":\"https:\/\/www.ricom-web8.com\/gestions\/#\/schema\/person\/810c9671279c5f5a094f6f0a42237516\"},\"headline\":\"Un pilotage renforc\u00e9, un dialogue syst\u00e9matique\",\"datePublished\":\"2012-02-29T23:00:00+00:00\",\"dateModified\":\"2018-03-08T15:34:34+00:00\",\"mainEntityOfPage\":{\"@id\":\"https:\/\/www.ricom-web8.com\/gestions\/un-pilotage-renforce-un-dialogue-systematique\/\"},\"wordCount\":2109,\"commentCount\":0,\"publisher\":{\"@id\":\"https:\/\/www.ricom-web8.com\/gestions\/#organization\"},\"keywords\":[\"CH Saint-Quentin\",\"communaut\u00e9 hospitali\u00e8re de territoire\",\"gouvernance\",\"HPST\",\"management strat\u00e9gique\",\"organisation\",\"pilotage\",\"p\u00f4les d\u2019activit\u00e9\"],\"articleSection\":[\"dossier\",\"Gestions Hospitali\u00e8res\"],\"inLanguage\":\"fr-FR\",\"potentialAction\":[{\"@type\":\"CommentAction\",\"name\":\"Comment\",\"target\":[\"https:\/\/www.ricom-web8.com\/gestions\/un-pilotage-renforce-un-dialogue-systematique\/#respond\"]}]},{\"@type\":\"WebPage\",\"@id\":\"https:\/\/www.ricom-web8.com\/gestions\/un-pilotage-renforce-un-dialogue-systematique\/\",\"url\":\"https:\/\/www.ricom-web8.com\/gestions\/un-pilotage-renforce-un-dialogue-systematique\/\",\"name\":\"Un pilotage renforc\u00e9, un dialogue syst\u00e9matique - Gestions hospitali\u00e8res\",\"isPartOf\":{\"@id\":\"https:\/\/www.ricom-web8.com\/gestions\/#website\"},\"datePublished\":\"2012-02-29T23:00:00+00:00\",\"dateModified\":\"2018-03-08T15:34:34+00:00\",\"breadcrumb\":{\"@id\":\"https:\/\/www.ricom-web8.com\/gestions\/un-pilotage-renforce-un-dialogue-systematique\/#breadcrumb\"},\"inLanguage\":\"fr-FR\",\"potentialAction\":[{\"@type\":\"ReadAction\",\"target\":[\"https:\/\/www.ricom-web8.com\/gestions\/un-pilotage-renforce-un-dialogue-systematique\/\"]}]},{\"@type\":\"BreadcrumbList\",\"@id\":\"https:\/\/www.ricom-web8.com\/gestions\/un-pilotage-renforce-un-dialogue-systematique\/#breadcrumb\",\"itemListElement\":[{\"@type\":\"ListItem\",\"position\":1,\"name\":\"Accueil\",\"item\":\"https:\/\/www.ricom-web8.com\/gestions\/\"},{\"@type\":\"ListItem\",\"position\":2,\"name\":\"Un pilotage renforc\u00e9, un dialogue syst\u00e9matique\"}]},{\"@type\":\"WebSite\",\"@id\":\"https:\/\/www.ricom-web8.com\/gestions\/#website\",\"url\":\"https:\/\/www.ricom-web8.com\/gestions\/\",\"name\":\"Gestions hospitali\u00e8res\",\"description\":\"la revue des d\u00e9cideurs hospitaliers\",\"publisher\":{\"@id\":\"https:\/\/www.ricom-web8.com\/gestions\/#organization\"},\"potentialAction\":[{\"@type\":\"SearchAction\",\"target\":{\"@type\":\"EntryPoint\",\"urlTemplate\":\"https:\/\/www.ricom-web8.com\/gestions\/?s={search_term_string}\"},\"query-input\":{\"@type\":\"PropertyValueSpecification\",\"valueRequired\":true,\"valueName\":\"search_term_string\"}}],\"inLanguage\":\"fr-FR\"},{\"@type\":\"Organization\",\"@id\":\"https:\/\/www.ricom-web8.com\/gestions\/#organization\",\"name\":\"Gestions hospitali\u00e8res\",\"url\":\"https:\/\/www.ricom-web8.com\/gestions\/\",\"logo\":{\"@type\":\"ImageObject\",\"inLanguage\":\"fr-FR\",\"@id\":\"https:\/\/www.ricom-web8.com\/gestions\/#\/schema\/logo\/image\/\",\"url\":\"https:\/\/gestions-hospitalieres.fr\/wp-content\/uploads\/2017\/02\/picto_Gif-GH-trans.png\",\"contentUrl\":\"https:\/\/gestions-hospitalieres.fr\/wp-content\/uploads\/2017\/02\/picto_Gif-GH-trans.png\",\"width\":512,\"height\":512,\"caption\":\"Gestions hospitali\u00e8res\"},\"image\":{\"@id\":\"https:\/\/www.ricom-web8.com\/gestions\/#\/schema\/logo\/image\/\"},\"sameAs\":[\"https:\/\/www.facebook.com\/gestionshospitalieres\/\",\"https:\/\/x.com\/revue_GH\",\"https:\/\/www.linkedin.com\/company\/gestions-hospitalieres?trk=top_nav_home\"]},{\"@type\":\"Person\",\"@id\":\"https:\/\/www.ricom-web8.com\/gestions\/#\/schema\/person\/810c9671279c5f5a094f6f0a42237516\",\"name\":\"yann Le Sager\",\"image\":{\"@type\":\"ImageObject\",\"inLanguage\":\"fr-FR\",\"@id\":\"https:\/\/www.ricom-web8.com\/gestions\/#\/schema\/person\/image\/\",\"url\":\"https:\/\/secure.gravatar.com\/avatar\/36112fa5997be9e3b9acb0c60a4a1075?s=96&d=mm&r=g\",\"contentUrl\":\"https:\/\/secure.gravatar.com\/avatar\/36112fa5997be9e3b9acb0c60a4a1075?s=96&d=mm&r=g\",\"caption\":\"yann Le Sager\"},\"url\":\"https:\/\/www.ricom-web8.com\/gestions\/author\/lesager-yannstudioricom-com\/\"}]}<\/script>\n<!-- \/ Yoast SEO plugin. -->","yoast_head_json":{"title":"Un pilotage renforc\u00e9, un dialogue syst\u00e9matique - Gestions hospitali\u00e8res","robots":{"index":"index","follow":"follow","max-snippet":"max-snippet:-1","max-image-preview":"max-image-preview:large","max-video-preview":"max-video-preview:-1"},"canonical":"https:\/\/www.ricom-web8.com\/gestions\/un-pilotage-renforce-un-dialogue-systematique\/","og_locale":"fr_FR","og_type":"article","og_title":"Un pilotage renforc\u00e9, un dialogue syst\u00e9matique - Gestions hospitali\u00e8res","og_description":"\ufeffAvec une capacit\u00e9 de 1 000 lits, le centre hospitalier de Saint-Quentin est l\u2019h\u00f4pital g\u00e9n\u00e9ral le plus important de Picardie. \u00c9tablissement pivot d\u2019une communaut\u00e9 hospitali\u00e8re de territoire de plus de 300\u00a0000 habitants, son attractivit\u00e9 va bien au-del\u00e0 de son territoire puisque plus de 20 % des malades hospitalis\u00e9s proviennent d\u2019un autre secteur sanitaire. Son projet d\u2019\u00e9tablissement 2011-2015 s\u2019inscrit dans un contexte en forte \u00e9volution \u2013 sur les plans national, local et territorial \u2013, vers une r\u00e9organisation de la gouvernance li\u00e9e \u00e0 la mise en \u0153uvre de la loi H\u00f4pital, patients, sant\u00e9, territoires (HPST) du 21 juillet 2009.","og_url":"https:\/\/www.ricom-web8.com\/gestions\/un-pilotage-renforce-un-dialogue-systematique\/","og_site_name":"Gestions hospitali\u00e8res","article_publisher":"https:\/\/www.facebook.com\/gestionshospitalieres\/","article_published_time":"2012-02-29T23:00:00+00:00","article_modified_time":"2018-03-08T15:34:34+00:00","author":"yann Le Sager","twitter_card":"summary_large_image","twitter_creator":"@revue_GH","twitter_site":"@revue_GH","twitter_misc":{"\u00c9crit par":"yann Le Sager","Dur\u00e9e de lecture estim\u00e9e":"11 minutes"},"schema":{"@context":"https:\/\/schema.org","@graph":[{"@type":"Article","@id":"https:\/\/www.ricom-web8.com\/gestions\/un-pilotage-renforce-un-dialogue-systematique\/#article","isPartOf":{"@id":"https:\/\/www.ricom-web8.com\/gestions\/un-pilotage-renforce-un-dialogue-systematique\/"},"author":{"name":"yann Le Sager","@id":"https:\/\/www.ricom-web8.com\/gestions\/#\/schema\/person\/810c9671279c5f5a094f6f0a42237516"},"headline":"Un pilotage renforc\u00e9, un dialogue syst\u00e9matique","datePublished":"2012-02-29T23:00:00+00:00","dateModified":"2018-03-08T15:34:34+00:00","mainEntityOfPage":{"@id":"https:\/\/www.ricom-web8.com\/gestions\/un-pilotage-renforce-un-dialogue-systematique\/"},"wordCount":2109,"commentCount":0,"publisher":{"@id":"https:\/\/www.ricom-web8.com\/gestions\/#organization"},"keywords":["CH Saint-Quentin","communaut\u00e9 hospitali\u00e8re de territoire","gouvernance","HPST","management strat\u00e9gique","organisation","pilotage","p\u00f4les d\u2019activit\u00e9"],"articleSection":["dossier","Gestions Hospitali\u00e8res"],"inLanguage":"fr-FR","potentialAction":[{"@type":"CommentAction","name":"Comment","target":["https:\/\/www.ricom-web8.com\/gestions\/un-pilotage-renforce-un-dialogue-systematique\/#respond"]}]},{"@type":"WebPage","@id":"https:\/\/www.ricom-web8.com\/gestions\/un-pilotage-renforce-un-dialogue-systematique\/","url":"https:\/\/www.ricom-web8.com\/gestions\/un-pilotage-renforce-un-dialogue-systematique\/","name":"Un pilotage renforc\u00e9, un dialogue syst\u00e9matique - Gestions hospitali\u00e8res","isPartOf":{"@id":"https:\/\/www.ricom-web8.com\/gestions\/#website"},"datePublished":"2012-02-29T23:00:00+00:00","dateModified":"2018-03-08T15:34:34+00:00","breadcrumb":{"@id":"https:\/\/www.ricom-web8.com\/gestions\/un-pilotage-renforce-un-dialogue-systematique\/#breadcrumb"},"inLanguage":"fr-FR","potentialAction":[{"@type":"ReadAction","target":["https:\/\/www.ricom-web8.com\/gestions\/un-pilotage-renforce-un-dialogue-systematique\/"]}]},{"@type":"BreadcrumbList","@id":"https:\/\/www.ricom-web8.com\/gestions\/un-pilotage-renforce-un-dialogue-systematique\/#breadcrumb","itemListElement":[{"@type":"ListItem","position":1,"name":"Accueil","item":"https:\/\/www.ricom-web8.com\/gestions\/"},{"@type":"ListItem","position":2,"name":"Un pilotage renforc\u00e9, un dialogue syst\u00e9matique"}]},{"@type":"WebSite","@id":"https:\/\/www.ricom-web8.com\/gestions\/#website","url":"https:\/\/www.ricom-web8.com\/gestions\/","name":"Gestions hospitali\u00e8res","description":"la revue des d\u00e9cideurs hospitaliers","publisher":{"@id":"https:\/\/www.ricom-web8.com\/gestions\/#organization"},"potentialAction":[{"@type":"SearchAction","target":{"@type":"EntryPoint","urlTemplate":"https:\/\/www.ricom-web8.com\/gestions\/?s={search_term_string}"},"query-input":{"@type":"PropertyValueSpecification","valueRequired":true,"valueName":"search_term_string"}}],"inLanguage":"fr-FR"},{"@type":"Organization","@id":"https:\/\/www.ricom-web8.com\/gestions\/#organization","name":"Gestions hospitali\u00e8res","url":"https:\/\/www.ricom-web8.com\/gestions\/","logo":{"@type":"ImageObject","inLanguage":"fr-FR","@id":"https:\/\/www.ricom-web8.com\/gestions\/#\/schema\/logo\/image\/","url":"https:\/\/gestions-hospitalieres.fr\/wp-content\/uploads\/2017\/02\/picto_Gif-GH-trans.png","contentUrl":"https:\/\/gestions-hospitalieres.fr\/wp-content\/uploads\/2017\/02\/picto_Gif-GH-trans.png","width":512,"height":512,"caption":"Gestions hospitali\u00e8res"},"image":{"@id":"https:\/\/www.ricom-web8.com\/gestions\/#\/schema\/logo\/image\/"},"sameAs":["https:\/\/www.facebook.com\/gestionshospitalieres\/","https:\/\/x.com\/revue_GH","https:\/\/www.linkedin.com\/company\/gestions-hospitalieres?trk=top_nav_home"]},{"@type":"Person","@id":"https:\/\/www.ricom-web8.com\/gestions\/#\/schema\/person\/810c9671279c5f5a094f6f0a42237516","name":"yann Le Sager","image":{"@type":"ImageObject","inLanguage":"fr-FR","@id":"https:\/\/www.ricom-web8.com\/gestions\/#\/schema\/person\/image\/","url":"https:\/\/secure.gravatar.com\/avatar\/36112fa5997be9e3b9acb0c60a4a1075?s=96&d=mm&r=g","contentUrl":"https:\/\/secure.gravatar.com\/avatar\/36112fa5997be9e3b9acb0c60a4a1075?s=96&d=mm&r=g","caption":"yann Le Sager"},"url":"https:\/\/www.ricom-web8.com\/gestions\/author\/lesager-yannstudioricom-com\/"}]}},"_links":{"self":[{"href":"https:\/\/www.ricom-web8.com\/gestions\/wp-json\/wp\/v2\/posts\/15348","targetHints":{"allow":["GET"]}}],"collection":[{"href":"https:\/\/www.ricom-web8.com\/gestions\/wp-json\/wp\/v2\/posts"}],"about":[{"href":"https:\/\/www.ricom-web8.com\/gestions\/wp-json\/wp\/v2\/types\/post"}],"author":[{"embeddable":true,"href":"https:\/\/www.ricom-web8.com\/gestions\/wp-json\/wp\/v2\/users\/1202"}],"replies":[{"embeddable":true,"href":"https:\/\/www.ricom-web8.com\/gestions\/wp-json\/wp\/v2\/comments?post=15348"}],"version-history":[{"count":0,"href":"https:\/\/www.ricom-web8.com\/gestions\/wp-json\/wp\/v2\/posts\/15348\/revisions"}],"wp:attachment":[{"href":"https:\/\/www.ricom-web8.com\/gestions\/wp-json\/wp\/v2\/media?parent=15348"}],"wp:term":[{"taxonomy":"category","embeddable":true,"href":"https:\/\/www.ricom-web8.com\/gestions\/wp-json\/wp\/v2\/categories?post=15348"},{"taxonomy":"post_tag","embeddable":true,"href":"https:\/\/www.ricom-web8.com\/gestions\/wp-json\/wp\/v2\/tags?post=15348"}],"curies":[{"name":"wp","href":"https:\/\/api.w.org\/{rel}","templated":true}]}}