

{"id":15351,"date":"2012-03-01T00:00:00","date_gmt":"2012-02-29T23:00:00","guid":{"rendered":"http:\/\/ricom-web.com\/gestions-hospitalieres\/performance-du-bloc-operatoire\/"},"modified":"2018-03-08T16:33:17","modified_gmt":"2018-03-08T15:33:17","slug":"performance-du-bloc-operatoire","status":"publish","type":"post","link":"https:\/\/www.ricom-web8.com\/gestions\/performance-du-bloc-operatoire\/","title":{"rendered":"Performance du bloc op\u00e9ratoire"},"content":{"rendered":"<span class=\"span-reading-time rt-reading-time\" style=\"display: block;\"><span class=\"rt-label rt-prefix\">Temps de lecture\u00a0: <\/span> <span class=\"rt-time\"> 5<\/span> <span class=\"rt-label rt-postfix\">minutes<\/span><\/span><p class=\"para-TC_txt\"><span class=\"char-TC_txt-Local-28\">Cette vision n\u2019est pas forc\u00e9ment partag\u00e9e par tous les acteurs qui continuent de voir la situation \u00e0 travers le prisme de leurs m\u00e9tiers. Certains attendent des performances d\u2019activit\u00e9 dans une logique \u00e9conomique, d\u2019autres cherchent \u00e0 augmenter l\u2019activit\u00e9 pour satisfaire leur patient\u00e8le, d\u2019autres enfin s\u2019attachent \u00e0 d\u00e9velopper des programmes qualit\u00e9 dans une logique personnelle. Ils ont raison individuellement mais tort collectivement\u00a0; le travailler ensemble est une \u00e9vidence en termes d\u2019efficacit\u00e9 mais \u00e9galement d\u2019efficience m\u00e9dicale, car la communication entre professionnels diminue le nombre de complications et la mortalit\u00e9 p\u00e9riop\u00e9ratoires\u00a0<\/span><span class=\"char-TC_txt-Local-5\"><sup class=\"appel\" data-toggle=\"modal\" data-target=\"#notes\">(1)<\/sup><\/span><span class=\"char-TC_txt-Local-28\">.\u00a0<\/span><\/p>\n<h1 class=\"para-TC_inter_01\"><span class=\"char-of-TC_txt-102\">L\u2019esprit d\u2019\u00e9quipe\u00a0<\/span><\/h1>\n<p class=\"para-TC_txt\"><span class=\"char-TC_txt-Local-28\">Deux conditions sont essentielles \u00e0 l\u2019esprit d\u2019\u00e9quipe: un effectif en rapport avec l\u2019activit\u00e9 et un syst\u00e8me d\u2019information capable de produire des indicateurs en qui les acteurs ont confiance.\u00a0<\/span><\/p>\n<h2 class=\"para-TC_txt\">L\u2019ad\u00e9quation effectif\/activit\u00e9<\/h2>\n<p class=\"para-TC_txt\"><span class=\"char-TC_txt-Local-28\">Un effectif insuffisant ne peut \u00eatre r\u00e9ceptif \u00e0 des messages de performance. Pour accomplir leur t\u00e2che au quotidien, le personnel jongle avec les proc\u00e9dures et fait des impasses sur la s\u00e9curit\u00e9 pour pr\u00e9server l\u2019activit\u00e9 tant la pression de production est forte. D\u00e8s lors, les \u00e9quipes (et les patients dont ils ont la charge) sont en situation \u00e0 risque selon le principe du maillon le plus faible. <\/span><span class=\"char-TC_txt-Local-28\">Le probl\u00e8me est qu\u2019il n\u2019y a pas de standard d\u2019effectif au bloc. Dans certains blocs, il faudra une instrumentiste pour tel type d\u2019intervention alors qu\u2019elle appara\u00eetra inutile dans d\u2019autres structures. Le m\u00eame raisonnement s\u2019applique par exemple au nombre d\u2019anesth\u00e9sistes par salle ou au nombre d\u2019infirmi\u00e8res par lit de r\u00e9veil.<\/span><\/p>\n<p class=\"para-TC_txt\"><span class=\"char-TC_txt-Local-28\">Dans ce contexte, il faut d\u00e9crire une organisation cible reconnue par les diff\u00e9rentes instances (conseil de bloc, DRH, direction des soins, etc.) et mesurer le nombre de fois o\u00f9 cette organisation ne peut \u00eatre appliqu\u00e9e. Cela donne un reflet de l\u2019inad\u00e9quation des effectifs r\u00e9els (et cet adjectif est fondamental) \u00e0 l\u2019activit\u00e9.\u00a0<\/span><\/p>\n<h2 class=\"para-TC_txt\">Un syst\u00e8me d\u2019information\u00a0<span class=\"char-of-TC_txt-55\">capable de g\u00e9n\u00e9rer des indicateurs\u00a0<\/span><\/h2>\n<p class=\"para-TC_txt\"><span class=\"char-TC_txt-Local-28\">Sans indicateurs, pas de strat\u00e9gie de qualit\u00e9. Certains pensent qu\u2019il est possible de d\u00e9velopper une strat\u00e9gie de qualit\u00e9 en \u00e9chantillonnant quelques dossiers par an. Ils ont raison en ce qui concerne les indicateurs de la Haute Autorit\u00e9 de sant\u00e9 (HAS) \u2013 le DAN par exemple, mais ce n\u2019est plus vrai pour ceux promus en son temps par la Mission nationale d\u2019expertise et d\u2019audit hospitaliers (Meah) \u00a0(le Tros pour l\u2019occupation des salles) o\u00f9 seule une acquisition continue est possible. D\u00e8s lors, il faut envisager la saisie des donn\u00e9es au chevet du patient ou en salle d\u2019op\u00e9ration. Cela n\u00e9cessite de gros efforts, du c\u00f4t\u00e9 de l\u2019informatique des cliniciens. Ces syst\u00e8mes existent et permettent de d\u00e9velopper des strat\u00e9gies de qualit\u00e9 ambitieuses\u00a0<\/span><span class=\"char-TC_txt-Local-5\"><sup class=\"appel\" data-toggle=\"modal\" data-target=\"#notes\">(2)<\/sup><\/span><span class=\"char-TC_txt-Local-28\">.\u00a0<\/span><\/p>\n<h1 class=\"para-TC_inter_01\"><span class=\"char-of-TC_txt-102\">La check-list de s\u00e9curit\u00e9\u00a0en salle d\u2019op\u00e9ration\u00a0<\/span><\/h1>\n<p class=\"para-TC_txt\"><span class=\"char-TC_txt-Local-28\">En octobre 2004, l\u2019Organisation mondiale de la sant\u00e9 (OMS) lance l\u2019Alliance mondiale pour la s\u00e9curit\u00e9 des patients\u00a0<\/span><span class=\"char-TC_txt-Local-5\"><sup class=\"appel\" data-toggle=\"modal\" data-target=\"#notes\">(3)<\/sup><\/span><span class=\"char-TC_txt-Local-28\">. Les objectifs en sont une prise de conscience des intervenants et un engagement politique des \u00c9tats.<\/span><\/p>\n<p class=\"para-TC_txt\"><span class=\"char-TC_txt-Local-28\">Deux axes ont \u00e9t\u00e9 privil\u00e9gi\u00e9s\u00a0: la pr\u00e9vention des infections nosocomiales et la s\u00e9curit\u00e9 en chirurgie. L\u2019enjeu est de taille car on estime de par le monde qu\u2019une personne sur vingt-cinq est op\u00e9r\u00e9e chaque ann\u00e9e. Dans les pays industrialis\u00e9s, le taux de complications graves induites par la chirurgie est compris entre 3 et 17\u00a0%, avec une mortalit\u00e9 de 0,4 \u00e0 0,8\u00a0%. La moiti\u00e9 de ces complications est \u00e9vitable, en particulier si l\u2019on applique des mesures de contr\u00f4le simples comme celles d\u00e9velopp\u00e9es dans les check-list<\/span><span class=\"char-TC_txt_ital-Local-108\">s<\/span>\u00a0<span class=\"char-TC_txt-Local-28\">(CL). Deux articles l\u2019ont prouv\u00e9 de fa\u00e7on convaincante, l\u2019un en appliquant la check-list OMS\u00a0<\/span><span class=\"char-TC_txt-Local-5\"><sup class=\"appel\" data-toggle=\"modal\" data-target=\"#notes\">(4)<\/sup><\/span><span class=\"char-TC_txt-Local-28\">, l\u2019autre en appliquant un outil plus complexe incluant plus d\u2019une centaine de v\u00e9rifications\u00a0<\/span><span class=\"char-TC_txt-Local-5\"><sup class=\"appel\" data-toggle=\"modal\" data-target=\"#notes\">(5)<\/sup><\/span><span class=\"char-TC_txt-Local-28\">. En anesth\u00e9sie, la pratique de la CL d\u2019ouverture de salle diminue la mortalit\u00e9 p\u00e9riop\u00e9ratoire\u00a0: l\u2019ex\u00e9cuter et la documenter par \u00e9crit sont deux param\u00e8tres qui agissent de fa\u00e7on ind\u00e9pendante\u00a0<\/span><span class=\"char-TC_txt-Local-5\"><sup class=\"appel\" data-toggle=\"modal\" data-target=\"#notes\">(6)<\/sup><\/span><span class=\"char-TC_txt-Local-28\">. La pratique de la check-list vise \u00e0 lutter contre les probl\u00e8mes de coh\u00e9sion de l\u2019\u00e9quipe dont on sait qu\u2019ils sont tr\u00e8s souvent \u00e0 l\u2019origine d\u2019\u00e9v\u00e9nements ind\u00e9sirables\u00a0<\/span><span class=\"char-TC_txt-Local-5\"><sup class=\"appel\" data-toggle=\"modal\" data-target=\"#notes\">(7)<\/sup><\/span><span class=\"char-TC_txt-Local-28\">.<\/span><\/p>\n<p class=\"para-TC_txt\"><span class=\"char-TC_txt-Local-28\">Le travail d\u2019\u00e9quipe constitue un \u00e9l\u00e9ment essentiel des pratiques s\u00fbres. La qualit\u00e9 du travail d\u2019\u00e9quipe d\u00e9pend de la culture de l\u2019\u00e9quipe et de la mani\u00e8re dont ses membres communiquent, ainsi que des comp\u00e9tences cliniques de ses membres et de leur perception de la situation.\u00a0<\/span><\/p>\n<h2 class=\"para-TC_txt\">L\u2019exemple fran\u00e7ais<\/h2>\n<p class=\"para-TC_txt\"><span class=\"char-TC_txt-Local-28\">La France, par l\u2019interm\u00e9diaire de la HAS, a rendu obligatoires d\u00e8s le 1<\/span><span class=\"char-TC_txt-Local-5\"><sup>er<\/sup><\/span>\u00a0<span class=\"char-TC_txt-Local-28\">janvier 2010 l\u2019ex\u00e9cution et la documentation de la CL durant tout acte chirurgical. L\u2019extension de l\u2019application de cette mesure en dehors du contexte chirurgical a \u00e9t\u00e9 effectu\u00e9e en mai 2010 pour l\u2019endoscopie digestive, puis en janvier 2011 pour la pose de voies veineuses centrales et les endoscopies bronchiques. Le travail sur une liste propre \u00e0 la radiologie interventionnelle est en cours. L\u2019\u00e9valuation de la CL HAS est un aspect essentiel de la d\u00e9marche qui ne doit pas rechercher la performance mais analyser aussi bien l\u2019adh\u00e9sion des acteurs que la pertinence des questions pos\u00e9es dans le contexte clinique. Au niveau national, la HAS inscrit cette d\u00e9marche dans le cadre de la certification des \u00e9tablissements et de l\u2019accr\u00e9ditation des m\u00e9decins. La CL est inscrite dans le manuel V2010 comme un point de \u00ab\u00a0pratique prioritaire exigible\u00a0\u00bb (crit\u00e8re26-a). Le contr\u00f4le de l\u2019utilisation de cette CL est donc r\u00e9el mais ne peut pas encore distinguer les CL remplies automatiquement sans contr\u00f4le effectif des \u00e9l\u00e9ments de r\u00e9ponse et les CL effectu\u00e9es selon les r\u00e8gles de l\u2019art.<\/span><\/p>\n<p class=\"para-TC_txt\"><span class=\"char-TC_txt-Local-28\">Pour lui donner sa pleine efficacit\u00e9, l\u2019\u00e9valuation de la CL au niveau de l\u2019\u00e9tablissement est un point important\u00a0; elle s\u2019applique \u00e0 mesurer l\u2019exhaustivit\u00e9 du remplissage des items, probable t\u00e9moin de l\u2019adh\u00e9sion des acteurs \u00e0 l\u2019outil, et \u00e0 analyser les circonstances o\u00f9 l\u2019\u00e9quipe du bloc a \u00e9t\u00e9 amen\u00e9e \u00e0 r\u00e9pondre\u00a0<\/span><em><span class=\"char-TC_txt_ital-Local-108\">non<\/span><\/em>\u00a0<span class=\"char-TC_txt-Local-28\">\u00a0\u00e0 l\u2019un des items.\u00a0<\/span><\/p>\n<h2 class=\"para-TC_txt\">L\u2019exp\u00e9rience des centres\u00a0<span class=\"char-of-TC_txt-55\">de lutte contre le cancer (CLCC)\u00a0<\/span><\/h2>\n<p class=\"para-TC_txt\"><span class=\"char-TC_txt-Local-28\">L\u2019impl\u00e9mentation de la CL est effective dans dix-neuf des vingt centres. Le processus de mise en place a \u00e9t\u00e9 laiss\u00e9 libre pour chaque centre\u00a0:\u00a0<\/span><\/p>\n<ul>\n<li class=\"para-TC_txt\"><span class=\"char-TC_txt-Local-28\">certains avaient effectu\u00e9 la mise en place de la version OMS traduite en fran\u00e7ais avant le 1<\/span><span class=\"char-TC_txt-Local-5\"><sup>er<\/sup><\/span>\u00a0<span class=\"char-TC_txt-Local-28\">janvier 2010\u00a0;\u00a0<\/span><\/li>\n<li class=\"para-TC_txt\"><span class=\"char-TC_txt-Local-28\">un centre s\u2019est servi d\u2019un consultant ext\u00e9rieur pour favoriser l\u2019introduction et la compr\u00e9hension de cet outil\u00a0;\u00a0<\/span><\/li>\n<li class=\"para-TC_txt\"><span class=\"char-TC_txt-Local-28\">certains centres font porter le projet par le conseil de bloc, d\u2019autres par le service qualit\u00e9\u00a0;\u00a0<\/span><\/li>\n<li class=\"para-TC_txt\"><span class=\"char-TC_txt-Local-28\">plusieurs centres ont informatis\u00e9 la saisie de la CL HAS.\u00a0<\/span><\/li>\n<\/ul>\n<p class=\"para-TC_txt\"><span class=\"char-TC_txt-Local-28\">Dans le cadre du projet Inserm\/FNCLCC sur l\u2019application effective de la check-list dans les CLCC et sur la s\u00e9curit\u00e9 p\u00e9riop\u00e9ratoire, la cr\u00e9ation et le calcul d\u2019indicateurs ont \u00e9t\u00e9 propos\u00e9s. L\u2019indicateur Taux d\u2019application de la check-list compos\u00e9 de deux sous-indicateurs, Taux de r\u00e9alisation et Taux de compl\u00e9tude des check-list<\/span><span class=\"char-TC_txt_ital-Local-108\">s,<\/span>\u00a0<span class=\"char-TC_txt-Local-28\">a \u00e9t\u00e9 d\u00e9velopp\u00e9\u00a0; la m\u00e9thodologie du calcul est pr\u00e9cis\u00e9e dans le tableau de la page pr\u00e9c\u00e9dente. Le taux de compl\u00e9tude a \u00e9t\u00e9 calcul\u00e9 globalement sur l\u2019ensemble des items et pour chacun des items. Chaque centre, pour chaque p\u00e9riode, a envoy\u00e9 les 80\u2008premi\u00e8res check-list<\/span><span class=\"char-TC_txt_ital-Local-108\">s<\/span>\u00a0<span class=\"char-TC_txt-Local-28\">\u00a0effectu\u00e9es pendant le mois de l\u2019\u00e9tude.\u00a0<\/span><\/p>\n<blockquote>\n<p class=\"para-TC_txt\"><span class=\"char-TC_txt-Local-28\"> Le travailler ensemble est une \u00e9vidence en termes d\u2019efficacit\u00e9 mais \u00e9galement d\u2019efficience m\u00e9dicale, car la communication entre professionnels diminue le nombre de complications et la mortalit\u00e9 p\u00e9riop\u00e9ratoires. <\/span><\/p>\n<\/blockquote>\n<p class=\"para-TC_txt\"><span class=\"char-TC_txt-Local-28\">Dans les \u00e9tablissements compl\u00e8tement informatis\u00e9s, la CL existe toujours dans le dossier m\u00eame si aucun item n\u2019a \u00e9t\u00e9 rempli.<br \/>\n<\/span><span class=\"char-TC_txt-Local-28\">Les r\u00e9sultats sont d\u00e9monstratifs\u00a0: la check-list a \u00e9t\u00e9 correctement introduite car la feuille (ou le fichier) est pr\u00e9sente dans la quasi-totalit\u00e9 des dossiers \u00e9tudi\u00e9s\u00a0<\/span><span class=\"char-TC_txt-Local-5\"><sup class=\"appel\" data-toggle=\"modal\" data-target=\"#notes\">(8)<\/sup><\/span><span class=\"char-TC_txt-Local-28\">. Cela veut dire que le message de la HAS rendant la check-list\u00a0obligatoire a \u00e9t\u00e9 entendu. <\/span><span class=\"char-TC_txt-Local-28\">En revanche, l\u2019exhaustivit\u00e9 est tr\u00e8s variable d\u2019un centre \u00e0 l\u2019autre (<\/span><em><span class=\"char-TC_txt_ital-Local-108\">figure ci-dessous<\/span><\/em><span class=\"char-TC_txt-Local-28\">). Certains items sont mal renseign\u00e9s, surtout ceux qui doivent \u00eatre document\u00e9s en fin d\u2019acte: \u00e9v\u00e9nements ind\u00e9sirables, pr\u00e9cision de la nature de l\u2019intervention et prescriptions valid\u00e9es par l\u2019op\u00e9rateur et l\u2019anesth\u00e9siste.<br \/>\n<\/span><\/p>\n<p class=\"para-TC_txt\"><button data-toggle=\"collapse\" data-target=\"#enc_2012_174_02\">FIGURE<\/button><div id=\"enc_2012_174_02\" class=\"encadre collapse\"><div class=\"page\" title=\"Page 7\">\n<div class=\"section\">\n<div class=\"layoutArea\">\n<div class=\"column\">\n<p><span class=\"surtitre_enc\">FIGURE<\/span><\/p>\n<\/div>\n<\/div>\n<div class=\"layoutArea\">\n<div class=\"column\">\n<h2>Repr\u00e9sentation de l\u2019application de la check-list HAS dans les CLCC<\/h2>\n<p><img decoding=\"async\" class=\"alignnone size-full wp-image-30621\" src=\"https:\/\/gestions-hospitalieres.fr\/wp-content\/uploads\/2017\/01\/Capture-d\u2019\u00e9cran-2017-01-09-\u00e0-15.27.03.png\" alt=\"capture-decran-2017-01-09-a-15-27-03\" width=\"600\" height=\"219\" srcset=\"https:\/\/www.ricom-web8.com\/gestions\/wp-content\/uploads\/2017\/01\/Capture-d\u2019\u00e9cran-2017-01-09-\u00e0-15.27.03.png 600w, https:\/\/www.ricom-web8.com\/gestions\/wp-content\/uploads\/2017\/01\/Capture-d\u2019\u00e9cran-2017-01-09-\u00e0-15.27.03-300x110.png 300w\" sizes=\"(max-width: 600px) 100vw, 600px\" \/><\/p>\n<\/div>\n<\/div>\n<\/div>\n<\/div>\n<\/div><\/p>\n<p class=\"para-TC_txt\"><span class=\"char-TC_txt-Local-28\">Les causes expliquant cette grande variabilit\u00e9 dans l\u2019application de chaque item ont \u00e9t\u00e9 identifi\u00e9es et quantifi\u00e9es\u00a0:\u00a0<\/span><\/p>\n<ul>\n<li class=\"para-TC_txt\"><span class=\"char-TC_txt-Local-28\">communication\u00a0difficile anesth\u00e9siste\/chirurgien,\u00a0<\/span><\/li>\n<li class=\"para-TC_txt\"><span class=\"char-TC_txt-Local-28\">implication des \u00ableaders d\u2019opinions\u00bb dans le d\u00e9veloppement de la check-list,\u00a0<\/span><\/li>\n<li class=\"para-TC_txt\"><span class=\"char-TC_txt-Local-28\">double emploi de la check-list\u00a0avec des v\u00e9rifications d\u00e9j\u00e0 existantes,\u00a0<\/span><\/li>\n<li class=\"para-TC_txt\"><span class=\"char-TC_txt-Local-28\">temps n\u00e9cessaire pour le remplissage de la check-list\u00a0important,\u00a0<\/span><\/li>\n<li class=\"para-TC_txt\"><span class=\"char-TC_txt-Local-28\">ambigu\u00eft\u00e9 des items ou items n\u2019ayant que peu de sens pour le personnel du bloc op\u00e9ratoire,\u00a0<\/span><\/li>\n<li class=\"para-TC_txt\"><span class=\"char-TC_txt-Local-28\">risques non couverts par la check-list,\u00a0<\/span><\/li>\n<li class=\"para-TC_txt\"><span class=\"char-TC_txt-Local-28\">\u00e9nonc\u00e9 des items \u00e0 haute voix difficile,\u00a0<\/span><\/li>\n<li class=\"para-TC_txt\"><span class=\"char-TC_txt-Local-28\">identification difficile du r\u00f4le et de la responsabilit\u00e9 de chacun au bloc dans le remplissage de la check-list,\u00a0<\/span><\/li>\n<li class=\"para-TC_txt\"><span class=\"char-TC_txt-Local-28\">items coch\u00e9s m\u00eame si les v\u00e9rifications n\u2019ont pas \u00e9t\u00e9 faites,\u00a0<\/span><\/li>\n<li class=\"para-TC_txt\"><span class=\"char-TC_txt-Local-28\">crainte du patient par rapport \u00e0 la check-list.\u00a0<\/span><\/li>\n<\/ul>\n<p class=\"para-TC_txt\"><span class=\"char-TC_txt-Local-28\">Il est d\u00e9sormais possible pour l\u2019instance responsable de cette strat\u00e9gie de s\u00e9curit\u00e9 (conseil de bloc ou commission m\u00e9dicale d\u2019\u00e9tablissement [CME] par exemple) de d\u00e9velopper une action pr\u00e9cise luttant contre les difficult\u00e9s rencontr\u00e9es. L\u2019\u00e9valuation sur 80 dossiers est faisable sans informatique et repr\u00e9sente un outil d\u2019\u00e9valuation du progr\u00e8s. <\/span><span class=\"char-TC_txt-Local-28\">Cette check-list ne concerne pour l\u2019instant que le bloc. Il est \u00e9vident qu\u2019elle doit s\u2019\u00e9tendre aux phases pr\u00e9 et postop\u00e9ratoires pour mieux pr\u00e9venir les risques, \u00e0 l\u2019instar de ce qu\u2019ont publi\u00e9 les auteurs n\u00e9erlandais\u00a0<\/span><span class=\"char-TC_txt-Local-5\"><sup class=\"appel\" data-toggle=\"modal\" data-target=\"#notes\">(9)<\/sup><\/span><span class=\"char-TC_txt-Local-28\">. <\/span><span class=\"char-TC_txt-Local-28\">Cela repr\u00e9sente un enjeu de qualit\u00e9 majeur pour les blocs, chirurgicaux ou non chirurgicaux.<\/span><\/p>\n<script>function PlayerjsAsync(){} if(window[\"Playerjs\"]){PlayerjsAsync();}<\/script>","protected":false},"excerpt":{"rendered":"<p>\ufeffDepuis quelques ann\u00e9es, nous assistons \u00e0 un bouleversement de l\u2019organisation hospitali\u00e8re : initialement centr\u00e9 sur le chef de service, omnipotent, le syst\u00e8me devient centr\u00e9 sur le parcours patient et les d\u00e9marches qualit\u00e9. Les services sont maill\u00e9s avec des outils communs, des interconnexions et des indicateurs qualit\u00e9 partag\u00e9s. D\u00e8s lors, les acteurs partagent leurs exp\u00e9riences autour de la prise en charge globale, pour un maximum d\u2019efficacit\u00e9 et d\u2019efficience m\u00e9dicale.<\/p>\n","protected":false},"author":1202,"featured_media":0,"comment_status":"open","ping_status":"open","sticky":false,"template":"","format":"standard","meta":{"_acf_changed":false,"_relevanssi_hide_post":"","_relevanssi_hide_content":"","_relevanssi_pin_for_all":"","_relevanssi_pin_keywords":"","_relevanssi_unpin_keywords":"","_relevanssi_related_keywords":"","_relevanssi_related_include_ids":"","_relevanssi_related_exclude_ids":"","_relevanssi_related_no_append":"","_relevanssi_related_not_related":"","_relevanssi_related_posts":"","_relevanssi_noindex_reason":"","footnotes":""},"categories":[2,581],"tags":[502,584,261,586,85,525,471,585,338,583,582],"class_list":["post-15351","post","type-post","status-publish","format-standard","hentry","category-gestions-hospitalieres","category-seminaire-ehesp-idm","tag-bloc-operatoire","tag-check-list","tag-chirurgie","tag-clcc","tag-experience","tag-gestion-des-risques","tag-has","tag-oms","tag-patient","tag-risques","tag-securite"],"acf":[],"yoast_head":"<!-- This site is optimized with the Yoast SEO plugin v24.8.1 - https:\/\/yoast.com\/wordpress\/plugins\/seo\/ -->\n<title>Performance du bloc op\u00e9ratoire - Gestions hospitali\u00e8res<\/title>\n<meta name=\"robots\" content=\"index, follow, max-snippet:-1, max-image-preview:large, max-video-preview:-1\" \/>\n<link rel=\"canonical\" href=\"https:\/\/www.ricom-web8.com\/gestions\/performance-du-bloc-operatoire\/\" \/>\n<meta property=\"og:locale\" content=\"fr_FR\" \/>\n<meta property=\"og:type\" content=\"article\" \/>\n<meta property=\"og:title\" content=\"Performance du bloc op\u00e9ratoire - Gestions hospitali\u00e8res\" \/>\n<meta property=\"og:description\" content=\"\ufeffDepuis quelques ann\u00e9es, nous assistons \u00e0 un bouleversement de l\u2019organisation hospitali\u00e8re : initialement centr\u00e9 sur le chef de service, omnipotent, le syst\u00e8me devient centr\u00e9 sur le parcours patient et les d\u00e9marches qualit\u00e9. Les services sont maill\u00e9s avec des outils communs, des interconnexions et des indicateurs qualit\u00e9 partag\u00e9s. D\u00e8s lors, les acteurs partagent leurs exp\u00e9riences autour de la prise en charge globale, pour un maximum d\u2019efficacit\u00e9 et d\u2019efficience m\u00e9dicale.\" \/>\n<meta property=\"og:url\" content=\"https:\/\/www.ricom-web8.com\/gestions\/performance-du-bloc-operatoire\/\" \/>\n<meta property=\"og:site_name\" content=\"Gestions hospitali\u00e8res\" \/>\n<meta property=\"article:publisher\" content=\"https:\/\/www.facebook.com\/gestionshospitalieres\/\" \/>\n<meta property=\"article:published_time\" content=\"2012-02-29T23:00:00+00:00\" \/>\n<meta property=\"article:modified_time\" content=\"2018-03-08T15:33:17+00:00\" \/>\n<meta name=\"author\" content=\"yann Le Sager\" \/>\n<meta name=\"twitter:card\" content=\"summary_large_image\" \/>\n<meta name=\"twitter:creator\" content=\"@revue_GH\" \/>\n<meta name=\"twitter:site\" content=\"@revue_GH\" \/>\n<meta name=\"twitter:label1\" content=\"\u00c9crit par\" \/>\n\t<meta name=\"twitter:data1\" content=\"yann Le Sager\" \/>\n\t<meta name=\"twitter:label2\" content=\"Dur\u00e9e de lecture estim\u00e9e\" \/>\n\t<meta name=\"twitter:data2\" content=\"8 minutes\" \/>\n<script type=\"application\/ld+json\" class=\"yoast-schema-graph\">{\"@context\":\"https:\/\/schema.org\",\"@graph\":[{\"@type\":\"Article\",\"@id\":\"https:\/\/www.ricom-web8.com\/gestions\/performance-du-bloc-operatoire\/#article\",\"isPartOf\":{\"@id\":\"https:\/\/www.ricom-web8.com\/gestions\/performance-du-bloc-operatoire\/\"},\"author\":{\"name\":\"yann Le Sager\",\"@id\":\"https:\/\/www.ricom-web8.com\/gestions\/#\/schema\/person\/810c9671279c5f5a094f6f0a42237516\"},\"headline\":\"Performance du bloc op\u00e9ratoire\",\"datePublished\":\"2012-02-29T23:00:00+00:00\",\"dateModified\":\"2018-03-08T15:33:17+00:00\",\"mainEntityOfPage\":{\"@id\":\"https:\/\/www.ricom-web8.com\/gestions\/performance-du-bloc-operatoire\/\"},\"wordCount\":1682,\"commentCount\":0,\"publisher\":{\"@id\":\"https:\/\/www.ricom-web8.com\/gestions\/#organization\"},\"keywords\":[\"bloc op\u00e9ratoire\",\"check-list\",\"chirurgie\",\"CLCC\",\"exp\u00e9rience\",\"gestion des risques\",\"HAS\",\"OMS\",\"patient\",\"risques\",\"s\u00e9curit\u00e9\"],\"articleSection\":[\"Gestions Hospitali\u00e8res\",\"s\u00e9minaire EHESP-IDM\"],\"inLanguage\":\"fr-FR\",\"potentialAction\":[{\"@type\":\"CommentAction\",\"name\":\"Comment\",\"target\":[\"https:\/\/www.ricom-web8.com\/gestions\/performance-du-bloc-operatoire\/#respond\"]}]},{\"@type\":\"WebPage\",\"@id\":\"https:\/\/www.ricom-web8.com\/gestions\/performance-du-bloc-operatoire\/\",\"url\":\"https:\/\/www.ricom-web8.com\/gestions\/performance-du-bloc-operatoire\/\",\"name\":\"Performance du bloc op\u00e9ratoire - Gestions hospitali\u00e8res\",\"isPartOf\":{\"@id\":\"https:\/\/www.ricom-web8.com\/gestions\/#website\"},\"datePublished\":\"2012-02-29T23:00:00+00:00\",\"dateModified\":\"2018-03-08T15:33:17+00:00\",\"breadcrumb\":{\"@id\":\"https:\/\/www.ricom-web8.com\/gestions\/performance-du-bloc-operatoire\/#breadcrumb\"},\"inLanguage\":\"fr-FR\",\"potentialAction\":[{\"@type\":\"ReadAction\",\"target\":[\"https:\/\/www.ricom-web8.com\/gestions\/performance-du-bloc-operatoire\/\"]}]},{\"@type\":\"BreadcrumbList\",\"@id\":\"https:\/\/www.ricom-web8.com\/gestions\/performance-du-bloc-operatoire\/#breadcrumb\",\"itemListElement\":[{\"@type\":\"ListItem\",\"position\":1,\"name\":\"Accueil\",\"item\":\"https:\/\/www.ricom-web8.com\/gestions\/\"},{\"@type\":\"ListItem\",\"position\":2,\"name\":\"Performance du bloc op\u00e9ratoire\"}]},{\"@type\":\"WebSite\",\"@id\":\"https:\/\/www.ricom-web8.com\/gestions\/#website\",\"url\":\"https:\/\/www.ricom-web8.com\/gestions\/\",\"name\":\"Gestions hospitali\u00e8res\",\"description\":\"la revue des d\u00e9cideurs hospitaliers\",\"publisher\":{\"@id\":\"https:\/\/www.ricom-web8.com\/gestions\/#organization\"},\"potentialAction\":[{\"@type\":\"SearchAction\",\"target\":{\"@type\":\"EntryPoint\",\"urlTemplate\":\"https:\/\/www.ricom-web8.com\/gestions\/?s={search_term_string}\"},\"query-input\":{\"@type\":\"PropertyValueSpecification\",\"valueRequired\":true,\"valueName\":\"search_term_string\"}}],\"inLanguage\":\"fr-FR\"},{\"@type\":\"Organization\",\"@id\":\"https:\/\/www.ricom-web8.com\/gestions\/#organization\",\"name\":\"Gestions hospitali\u00e8res\",\"url\":\"https:\/\/www.ricom-web8.com\/gestions\/\",\"logo\":{\"@type\":\"ImageObject\",\"inLanguage\":\"fr-FR\",\"@id\":\"https:\/\/www.ricom-web8.com\/gestions\/#\/schema\/logo\/image\/\",\"url\":\"https:\/\/gestions-hospitalieres.fr\/wp-content\/uploads\/2017\/02\/picto_Gif-GH-trans.png\",\"contentUrl\":\"https:\/\/gestions-hospitalieres.fr\/wp-content\/uploads\/2017\/02\/picto_Gif-GH-trans.png\",\"width\":512,\"height\":512,\"caption\":\"Gestions hospitali\u00e8res\"},\"image\":{\"@id\":\"https:\/\/www.ricom-web8.com\/gestions\/#\/schema\/logo\/image\/\"},\"sameAs\":[\"https:\/\/www.facebook.com\/gestionshospitalieres\/\",\"https:\/\/x.com\/revue_GH\",\"https:\/\/www.linkedin.com\/company\/gestions-hospitalieres?trk=top_nav_home\"]},{\"@type\":\"Person\",\"@id\":\"https:\/\/www.ricom-web8.com\/gestions\/#\/schema\/person\/810c9671279c5f5a094f6f0a42237516\",\"name\":\"yann Le Sager\",\"image\":{\"@type\":\"ImageObject\",\"inLanguage\":\"fr-FR\",\"@id\":\"https:\/\/www.ricom-web8.com\/gestions\/#\/schema\/person\/image\/\",\"url\":\"https:\/\/secure.gravatar.com\/avatar\/36112fa5997be9e3b9acb0c60a4a1075?s=96&d=mm&r=g\",\"contentUrl\":\"https:\/\/secure.gravatar.com\/avatar\/36112fa5997be9e3b9acb0c60a4a1075?s=96&d=mm&r=g\",\"caption\":\"yann Le Sager\"},\"url\":\"https:\/\/www.ricom-web8.com\/gestions\/author\/lesager-yannstudioricom-com\/\"}]}<\/script>\n<!-- \/ Yoast SEO plugin. -->","yoast_head_json":{"title":"Performance du bloc op\u00e9ratoire - Gestions hospitali\u00e8res","robots":{"index":"index","follow":"follow","max-snippet":"max-snippet:-1","max-image-preview":"max-image-preview:large","max-video-preview":"max-video-preview:-1"},"canonical":"https:\/\/www.ricom-web8.com\/gestions\/performance-du-bloc-operatoire\/","og_locale":"fr_FR","og_type":"article","og_title":"Performance du bloc op\u00e9ratoire - Gestions hospitali\u00e8res","og_description":"\ufeffDepuis quelques ann\u00e9es, nous assistons \u00e0 un bouleversement de l\u2019organisation hospitali\u00e8re : initialement centr\u00e9 sur le chef de service, omnipotent, le syst\u00e8me devient centr\u00e9 sur le parcours patient et les d\u00e9marches qualit\u00e9. Les services sont maill\u00e9s avec des outils communs, des interconnexions et des indicateurs qualit\u00e9 partag\u00e9s. D\u00e8s lors, les acteurs partagent leurs exp\u00e9riences autour de la prise en charge globale, pour un maximum d\u2019efficacit\u00e9 et d\u2019efficience m\u00e9dicale.","og_url":"https:\/\/www.ricom-web8.com\/gestions\/performance-du-bloc-operatoire\/","og_site_name":"Gestions hospitali\u00e8res","article_publisher":"https:\/\/www.facebook.com\/gestionshospitalieres\/","article_published_time":"2012-02-29T23:00:00+00:00","article_modified_time":"2018-03-08T15:33:17+00:00","author":"yann Le Sager","twitter_card":"summary_large_image","twitter_creator":"@revue_GH","twitter_site":"@revue_GH","twitter_misc":{"\u00c9crit par":"yann Le Sager","Dur\u00e9e de lecture estim\u00e9e":"8 minutes"},"schema":{"@context":"https:\/\/schema.org","@graph":[{"@type":"Article","@id":"https:\/\/www.ricom-web8.com\/gestions\/performance-du-bloc-operatoire\/#article","isPartOf":{"@id":"https:\/\/www.ricom-web8.com\/gestions\/performance-du-bloc-operatoire\/"},"author":{"name":"yann Le Sager","@id":"https:\/\/www.ricom-web8.com\/gestions\/#\/schema\/person\/810c9671279c5f5a094f6f0a42237516"},"headline":"Performance du bloc op\u00e9ratoire","datePublished":"2012-02-29T23:00:00+00:00","dateModified":"2018-03-08T15:33:17+00:00","mainEntityOfPage":{"@id":"https:\/\/www.ricom-web8.com\/gestions\/performance-du-bloc-operatoire\/"},"wordCount":1682,"commentCount":0,"publisher":{"@id":"https:\/\/www.ricom-web8.com\/gestions\/#organization"},"keywords":["bloc op\u00e9ratoire","check-list","chirurgie","CLCC","exp\u00e9rience","gestion des risques","HAS","OMS","patient","risques","s\u00e9curit\u00e9"],"articleSection":["Gestions Hospitali\u00e8res","s\u00e9minaire EHESP-IDM"],"inLanguage":"fr-FR","potentialAction":[{"@type":"CommentAction","name":"Comment","target":["https:\/\/www.ricom-web8.com\/gestions\/performance-du-bloc-operatoire\/#respond"]}]},{"@type":"WebPage","@id":"https:\/\/www.ricom-web8.com\/gestions\/performance-du-bloc-operatoire\/","url":"https:\/\/www.ricom-web8.com\/gestions\/performance-du-bloc-operatoire\/","name":"Performance du bloc op\u00e9ratoire - Gestions hospitali\u00e8res","isPartOf":{"@id":"https:\/\/www.ricom-web8.com\/gestions\/#website"},"datePublished":"2012-02-29T23:00:00+00:00","dateModified":"2018-03-08T15:33:17+00:00","breadcrumb":{"@id":"https:\/\/www.ricom-web8.com\/gestions\/performance-du-bloc-operatoire\/#breadcrumb"},"inLanguage":"fr-FR","potentialAction":[{"@type":"ReadAction","target":["https:\/\/www.ricom-web8.com\/gestions\/performance-du-bloc-operatoire\/"]}]},{"@type":"BreadcrumbList","@id":"https:\/\/www.ricom-web8.com\/gestions\/performance-du-bloc-operatoire\/#breadcrumb","itemListElement":[{"@type":"ListItem","position":1,"name":"Accueil","item":"https:\/\/www.ricom-web8.com\/gestions\/"},{"@type":"ListItem","position":2,"name":"Performance du bloc op\u00e9ratoire"}]},{"@type":"WebSite","@id":"https:\/\/www.ricom-web8.com\/gestions\/#website","url":"https:\/\/www.ricom-web8.com\/gestions\/","name":"Gestions hospitali\u00e8res","description":"la revue des d\u00e9cideurs hospitaliers","publisher":{"@id":"https:\/\/www.ricom-web8.com\/gestions\/#organization"},"potentialAction":[{"@type":"SearchAction","target":{"@type":"EntryPoint","urlTemplate":"https:\/\/www.ricom-web8.com\/gestions\/?s={search_term_string}"},"query-input":{"@type":"PropertyValueSpecification","valueRequired":true,"valueName":"search_term_string"}}],"inLanguage":"fr-FR"},{"@type":"Organization","@id":"https:\/\/www.ricom-web8.com\/gestions\/#organization","name":"Gestions hospitali\u00e8res","url":"https:\/\/www.ricom-web8.com\/gestions\/","logo":{"@type":"ImageObject","inLanguage":"fr-FR","@id":"https:\/\/www.ricom-web8.com\/gestions\/#\/schema\/logo\/image\/","url":"https:\/\/gestions-hospitalieres.fr\/wp-content\/uploads\/2017\/02\/picto_Gif-GH-trans.png","contentUrl":"https:\/\/gestions-hospitalieres.fr\/wp-content\/uploads\/2017\/02\/picto_Gif-GH-trans.png","width":512,"height":512,"caption":"Gestions hospitali\u00e8res"},"image":{"@id":"https:\/\/www.ricom-web8.com\/gestions\/#\/schema\/logo\/image\/"},"sameAs":["https:\/\/www.facebook.com\/gestionshospitalieres\/","https:\/\/x.com\/revue_GH","https:\/\/www.linkedin.com\/company\/gestions-hospitalieres?trk=top_nav_home"]},{"@type":"Person","@id":"https:\/\/www.ricom-web8.com\/gestions\/#\/schema\/person\/810c9671279c5f5a094f6f0a42237516","name":"yann Le Sager","image":{"@type":"ImageObject","inLanguage":"fr-FR","@id":"https:\/\/www.ricom-web8.com\/gestions\/#\/schema\/person\/image\/","url":"https:\/\/secure.gravatar.com\/avatar\/36112fa5997be9e3b9acb0c60a4a1075?s=96&d=mm&r=g","contentUrl":"https:\/\/secure.gravatar.com\/avatar\/36112fa5997be9e3b9acb0c60a4a1075?s=96&d=mm&r=g","caption":"yann Le Sager"},"url":"https:\/\/www.ricom-web8.com\/gestions\/author\/lesager-yannstudioricom-com\/"}]}},"_links":{"self":[{"href":"https:\/\/www.ricom-web8.com\/gestions\/wp-json\/wp\/v2\/posts\/15351","targetHints":{"allow":["GET"]}}],"collection":[{"href":"https:\/\/www.ricom-web8.com\/gestions\/wp-json\/wp\/v2\/posts"}],"about":[{"href":"https:\/\/www.ricom-web8.com\/gestions\/wp-json\/wp\/v2\/types\/post"}],"author":[{"embeddable":true,"href":"https:\/\/www.ricom-web8.com\/gestions\/wp-json\/wp\/v2\/users\/1202"}],"replies":[{"embeddable":true,"href":"https:\/\/www.ricom-web8.com\/gestions\/wp-json\/wp\/v2\/comments?post=15351"}],"version-history":[{"count":0,"href":"https:\/\/www.ricom-web8.com\/gestions\/wp-json\/wp\/v2\/posts\/15351\/revisions"}],"wp:attachment":[{"href":"https:\/\/www.ricom-web8.com\/gestions\/wp-json\/wp\/v2\/media?parent=15351"}],"wp:term":[{"taxonomy":"category","embeddable":true,"href":"https:\/\/www.ricom-web8.com\/gestions\/wp-json\/wp\/v2\/categories?post=15351"},{"taxonomy":"post_tag","embeddable":true,"href":"https:\/\/www.ricom-web8.com\/gestions\/wp-json\/wp\/v2\/tags?post=15351"}],"curies":[{"name":"wp","href":"https:\/\/api.w.org\/{rel}","templated":true}]}}