

{"id":15368,"date":"2012-05-01T00:00:00","date_gmt":"2012-04-30T22:00:00","guid":{"rendered":"http:\/\/ricom-web.com\/gestions-hospitalieres\/linformation-du-patient-et-la-presence-des-cultes-a-lhopital\/"},"modified":"2018-03-08T15:09:42","modified_gmt":"2018-03-08T14:09:42","slug":"linformation-du-patient-et-la-presence-des-cultes-a-lhopital","status":"publish","type":"post","link":"https:\/\/www.ricom-web8.com\/gestions\/linformation-du-patient-et-la-presence-des-cultes-a-lhopital\/","title":{"rendered":"L\u2019information du patient et la pr\u00e9sence des cultes \u00e0 l\u2019h\u00f4pital"},"content":{"rendered":"<span class=\"span-reading-time rt-reading-time\" style=\"display: block;\"><span class=\"rt-label rt-prefix\">Temps de lecture\u00a0: <\/span> <span class=\"rt-time\"> 8<\/span> <span class=\"rt-label rt-postfix\">minutes<\/span><\/span><p><span class=\"char-TC_txt-Local-95\">L&#8217;ann\u00e9e 2012 marque une nouvelle \u00e9tape dans le recueil des donn\u00e9es des enqu\u00eates de satisfaction\u00a0<\/span><span class=\"char-TC_txt-Local-91\"><sup class=\"appel\" data-toggle=\"modal\" data-target=\"#notes\">(1)<\/sup><\/span><span class=\"char-TC_txt-Local-95\">. Ce questionnaire traite des sujets tr\u00e8s divers, de la satisfaction du patient quant \u00e0 la temp\u00e9rature de sa chambre au respect de son droit aux choix autonomes\u2026\u00a0; ses attentes sont mesur\u00e9es. En revanche, aucun item n\u2019aborde la prise en charge des besoins religieux du patient, lequel ne peut donc s\u2019exprimer ni sur sa satisfaction ni sur son insatisfaction en la mati\u00e8re. Pourtant, il s\u2019agit d\u2019un droit fondamental garanti par les lois de la R\u00e9publique fran\u00e7aise, inscrit dans la loi de 1905, dite \u00ab\u00a0de s\u00e9paration des \u00c9glises et de l\u2019\u00c9tat\u00a0\u00bb\u00a0<\/span><span class=\"char-TC_txt-Local-91\"><sup class=\"appel\" data-toggle=\"modal\" data-target=\"#notes\">(2)<\/sup><\/span><span class=\"char-TC_txt-Local-95\">, r\u00e9it\u00e9r\u00e9 par la charte du patient et list\u00e9 dans les droits des patients de la Charte des droits fondamentaux de l\u2019Union europ\u00e9enne\u00a0<\/span><span class=\"char-TC_txt-Local-91\"><sup class=\"appel\" data-toggle=\"modal\" data-target=\"#notes\">(3)<\/sup><\/span><span class=\"char-TC_txt-Local-95\">. Toutefois, il n\u2019existe pas d\u2019outil pour mesurer la satisfaction du patient quant \u00e0 l\u2019accessibilit\u00e9 \u00e0 l\u2019information relative au culte. Ses droits sont-ils alors respect\u00e9s\u00a0? Comment les \u00e9tablissements peuvent-ils \u00eatre r\u00e9ellement \u00e0 l\u2019\u00e9coute du patient et r\u00e9pondre \u00e0 ses attentes dans ce domaine sans \u00eatre tax\u00e9s de pros\u00e9lytisme\u00a0?\u00a0<\/span><\/p>\n<h1 class=\"para-TC_inter_01\"><span class=\"char-of-TC_txt-338\">Entre pros\u00e9lytisme\u00a0et la\u00efcit\u00e9<\/span>\u00a0<span class=\"char-TC_txt-Local-95\"><br \/>\n<\/span><\/h1>\n<h2 class=\"para-TC_inter_02apr\u00e8s01\"><span class=\"char-of-TC_inter_01-321\">La probl\u00e9matique\u00a0<\/span><\/h2>\n<p class=\"para-TC_txt\"><span class=\"char-TC_txt-Local-95\">La loi de 1905, fondatrice du droit du patient de se faire assister par un ministre du culte, ne d\u00e9taille pas les modalit\u00e9s de la mise en \u0153uvre de ce droit\u00a0: la demande est laiss\u00e9e \u00e0 l\u2019initiative du patient. La religion reste une affaire priv\u00e9e. Demander la religion du patient, n\u2019est-ce pas franchir la ligne de neutralit\u00e9\u00a0\u00e0 laquelle est tenu tout agent public\u00a0? De l\u2019autre c\u00f4t\u00e9, un patient qui ne conna\u00eet pas son droit ne peut pas demander qu\u2019il soit respect\u00e9.<br \/>\n<\/span><span class=\"char-TC_txt-Local-95\">Entre ne pas demander la religion d\u2019un patient et l\u2019informer de son droit, une zone grise appara\u00eet et des questions se posent. Quels dispositifs peuvent \u00eatre mis en place\u00a0? Comment s\u2019assurer, d\u2019une part, que l\u2019interdiction de faire du pros\u00e9lytisme est respect\u00e9e, d\u2019autre part, que le droit du patient est garanti\u00a0?<\/span><\/p>\n<p class=\"para-TC_txt\"><span class=\"char-TC_txt-Local-95\">La ligne entre la\u00efcit\u00e9 et pros\u00e9lytisme reste souvent floue\u00a0; des initiatives maladroites peuvent se transformer en d\u00e9rapages dangereux. Ainsi, en l\u2019absence de repr\u00e9sentant du culte, une infirmi\u00e8re d\u2019un \u00e9tablissement public a r\u00e9pondu au patient en qu\u00eate de r\u00e9ponses \u00e0 la suite d\u2019une tentative de suicide\u00a0: \u00ab<\/span>\u00a0<em><span class=\"char-TC_txt_ital-Local-310\">Vous avez commis un gros p\u00e9ch\u00e9, il faudrait que vous disiez au moins sept fois le Notre P\u00e8re.<\/span><\/em>\u00a0<span class=\"char-TC_txt-Local-95\">\u00bb Le silence des soignants peut \u00eatre tout aussi n\u00e9faste. \u00c0 la suite de la perte d\u2019un enfant lors de son hospitalisation, des parents en recherche d\u2019un ministre du culte sont confront\u00e9s \u00e0 l\u2019ignorance des soignants qui refusent d\u2019appeler un rabbin, pr\u00e9textant le respect de la la\u00efcit\u00e9. Certes, l\u2019information du patient est en d\u00e9faut, mais c\u2019est souvent la compr\u00e9hension m\u00eame du r\u00f4le du soignant qui est en jeu. <\/span><span class=\"char-TC_txt-Local-95\">Que disent les deux derni\u00e8res circulaires relatives \u00e0 l\u2019organisation de l\u2019aum\u00f4nerie dans les h\u00f4pitaux publics\u00a0? <\/span><span class=\"char-TC_txt-Local-95\">Celle de 2006\u00a0<\/span><span class=\"char-TC_txt-Local-91\"><sup class=\"appel\" data-toggle=\"modal\" data-target=\"#notes\">(4)<\/sup><\/span>\u00a0<span class=\"char-TC_txt-Local-95\">d\u00e9taille deux aspects de la prise en charge spirituelle du patient\u00a0:\u00a0<\/span><\/p>\n<ul>\n<li class=\"para-TC_txt\"><span class=\"char-TC_txt-Local-95\">la demande rel\u00e8ve du patient ou de sa famille\u00a0: \u00ab<\/span>\u00a0<em><span class=\"char-TC_txt_ital-Local-310\">Ce sont les aum\u00f4niers qui ont la charge d\u2019assurer, dans ces \u00e9tablissements, le service du culte auquel ils appartiennent et d\u2019assister les patients qui en font la demande par eux-m\u00eames ou par l\u2019interm\u00e9diaire de leur famille, ou ceux qui, lors de leur admission, ont souhait\u00e9 d\u00e9clarer appartenir \u00e0 tel ou tel culte<\/span><\/em>\u00a0<span class=\"char-TC_txt-Local-95\">\u00bb\u00a0;\u00a0<\/span><\/li>\n<li class=\"para-TC_txt\"><span class=\"char-TC_txt-Local-95\">c\u2019est \u00e0 l\u2019\u00e9tablissement de mettre en place une organisation permettant de r\u00e9pondre \u00e0 ces demandes\u00a0: \u00ab\u00a0<\/span>\u00a0<em><span class=\"char-TC_txt_ital-Local-310\">C\u2019est \u00e0 ce titre qu\u2019il appartient aux \u00e9tablissements relevant du titre IV du statut g\u00e9n\u00e9ral des fonctionnaires d\u2019assurer le fonctionnement d\u2019un service d\u2019aum\u00f4nerie destin\u00e9 \u00e0 r\u00e9pondre aux besoins spirituels des patients ou r\u00e9sidents qu\u2019ils accueillent.<\/span><\/em>\u00a0<span class=\"char-TC_txt-Local-95\">\u00bb<br \/>\n<\/span><\/li>\n<\/ul>\n<p class=\"para-TC_txt\"><span class=\"char-TC_txt-Local-95\">Cette circulaire met en place \u00e9galement des dispositions permettant d\u2019identifier les intervenants du culte en milieu hospitalier. Les autorit\u00e9s religieuses sont clairement nomm\u00e9es, facilitant la nomination des ministres agr\u00e9\u00e9s, tant salari\u00e9s que b\u00e9n\u00e9voles. En cadrant la qualit\u00e9 et l\u2019identit\u00e9 des intervenants, ce texte donne aux directeurs d\u2019\u00e9tablissements une certaine ma\u00eetrise sur les prestations de ces derniers. C\u2019est une \u00e9tape importante car toute intrusion religieuse venant de l\u2019ext\u00e9rieur \u00a0peut \u00eatre d\u00e9sormais r\u00e9gul\u00e9e.<\/span><\/p>\n<p class=\"para-TC_txt\"><span class=\"char-TC_txt-Local-95\">D\u00e9sormais, les diff\u00e9rents r\u00f4les sont cadr\u00e9s\u00a0: le patient demande et l\u2019\u00e9tablissement r\u00e9pond en proposant des ministres du culte identifiables et qualifi\u00e9s. Le principe de la\u00efcit\u00e9 est respect\u00e9. Toutefois, la probl\u00e9matique de l\u2019information du patient n\u2019est pas encore abord\u00e9e. Ce manque, \u00e0 notre sens, laisse une porte ouverte aux comportements pros\u00e9lytes.\u00a0<\/span><\/p>\n<blockquote>\n<p class=\"para-TC_txt\"><span class=\"char-TC_txt-Local-95\">Il est n\u00e9cessaire de trouver une interface juste entre le repr\u00e9sentant du culte, le soignant et le patient.<\/span><\/p>\n<\/blockquote>\n<p class=\"para-TC_txt\"><span class=\"char-TC_txt-Local-95\">Avec la publication de la circulaire minist\u00e9rielle du 5 septembre 2011 relative \u00e0 la charte des aum\u00f4neries\u00a0<\/span><span class=\"char-TC_txt-Local-91\"><sup class=\"appel\" data-toggle=\"modal\" data-target=\"#notes\">(5)<\/sup><\/span><span class=\"char-TC_txt-Local-95\">, ce manque est compens\u00e9. Cette circulaire stipule que le r\u00f4le de l\u2019\u00e9tablissement est \u00ab<\/span>\u00a0<em><span class=\"char-TC_txt_ital-Local-310\">d\u2019organiser l\u2019information des patients et de leur famille tout au long du s\u00e9jour sur la possibilit\u00e9 de faire appel au ministre du culte de leur choix<\/span><\/em>\u00a0<span class=\"char-TC_txt-Local-95\">\u00bb. Tous les supports sont possibles et envisageables\u00a0: livret d\u2019accueil, affiches, sites Internet et intranet de l\u2019h\u00f4pital. Une \u00e9tape suppl\u00e9mentaire est faite pour garantir le droit du patient dans le cadre de la la\u00efcit\u00e9. N\u00e9anmoins, l\u2019absence de r\u00e9ponse claire \u00e0 la question\u00a0<\/span><em><span class=\"char-TC_txt_ital-Local-310\">Qui est autoris\u00e9 \u00e0 donner cette information\u00a0?\u00a0<\/span><\/em><span class=\"char-TC_txt-Local-95\">est caract\u00e9ristique de cette zone grise \u00e9voqu\u00e9e plus haut.\u00a0<\/span><\/p>\n<h1 class=\"para-TC_inter_01\"><span class=\"char-of-TC_txt-338\">L\u2019information du patient, au c\u0153ur\u00a0de la prise en charge soignante\u00a0<\/span><span class=\"char-TC_txt-Local-95\"><br \/>\n<\/span><\/h1>\n<h2 class=\"para-TC_inter_02apr\u00e8s01\"><span class=\"char-of-TC_inter_01-321\">Le point de vue de deux \u00e9tablissements de l\u2019AP-HP\u00a0<\/span><\/h2>\n<p class=\"para-TC_txt\"><span class=\"char-TC_txt-Local-95\">En essayant de mieux comprendre les enjeux de l\u2019information du patient, deux \u00e9tablissements de l\u2019Assistance publique-H\u00f4pitaux de Paris (AP-HP), Henri-Mondor\u00a0<\/span><span class=\"char-TC_txt-Local-91\"><sup class=\"appel\" data-toggle=\"modal\" data-target=\"#notes\">(6)<\/sup><\/span>\u00a0<span class=\"char-TC_txt-Local-95\">et Charles-Foix\u00a0<\/span><span class=\"char-TC_txt-Local-91\"><sup class=\"appel\" data-toggle=\"modal\" data-target=\"#notes\">(7)<\/sup><\/span><span class=\"char-TC_txt-Local-95\">, mettent en place, respectivement, un groupe de r\u00e9flexion. Pour prendre en compte une double probl\u00e9matique, celle des droits du patient et celle de sa prise en charge soignante, la direction qualit\u00e9 et la direction des soins r\u00e9fl\u00e9chissent ensemble\u00a0:\u00a0<\/span><\/p>\n<ul>\n<li class=\"para-TC_txt\"><span class=\"char-TC_txt-Local-95\">comment mettre en place des dispositifs d\u2019information op\u00e9rants\u00a0?<br \/>\n<\/span><\/li>\n<li class=\"para-TC_txt\"><span class=\"char-TC_txt-Local-95\">Quel est le r\u00f4le du soignant face aux besoins spirituels explicites ou implicites des patients et\/ou de leur entourage\u00a0?\u00a0<\/span><\/li>\n<li class=\"para-TC_txt\"><span class=\"char-TC_txt-Local-95\">\u00c0 quel moment faut-il donner l\u2019information sur le droit du patient \u00e0 faire appel au ministre du culte de son choix\u00a0?\u00a0<\/span><\/li>\n<li class=\"para-TC_txt\"><span class=\"char-TC_txt-Local-95\">Comment la donner, par \u00e9crit ou oralement\u00a0?\u00a0<\/span><\/li>\n<li class=\"para-TC_txt\"><span class=\"char-TC_txt-Local-95\">Qui doit la donner\u00a0: le cadre de proximit\u00e9, le secr\u00e9taire m\u00e9dical, l\u2019infirmier ou l\u2019aide-soignant\u00a0?<br \/>\n<\/span><\/li>\n<\/ul>\n<p class=\"para-TC_txt\"><span class=\"char-TC_txt-Local-95\">La tentative d\u2019apporter des r\u00e9ponses claires d\u00e9voile la complexit\u00e9 de la probl\u00e9matique. Lors d\u2019une prise en charge palliative, par exemple, en annon\u00e7ant ce droit au patient, l\u2019\u00e9quipe craint une confusion entre l\u2019annonce d\u2019un droit et l\u2019annonce d\u2019un d\u00e9c\u00e8s imminent. Comment d\u00e9livrer une information qui touche de pr\u00e8s \u00e0 l\u2019intimit\u00e9, r\u00e9v\u00e8le des fantasmes et peut faire peur\u00a0? Par ailleurs, il semblerait que les pratiques alimentaires des diff\u00e9rentes religions soient respect\u00e9es. Mais suffit-il de se cantonner aux questions relatives aux besoins alimentaires\u00a0? Les r\u00e9ponses \u00e0 ces questions, si n\u00e9cessaires qu\u2019elles soient, restent largement insuffisantes face \u00e0 la d\u00e9tresse spirituelle exprim\u00e9e par certains patients. Les soignants t\u00e2tonnent\u00a0: ils naviguent \u00e0 vue entre le respect de prescriptions rituelles, le rep\u00e9rage des noms de famille \u00e0 consonance particuli\u00e8re et leurs propres convictions ou intuitions. N\u00e9anmoins, l\u2019h\u00f4pital est un milieu professionnel exigeant\u00a0; prendre en compte les besoins spirituels et les pratiques religieuses des patients en s\u2019appuyant uniquement sur du ressenti repr\u00e9sente un dilemme majeur. Le constat est fait d\u2019une inad\u00e9quation possible entre les attentes des patients, exprim\u00e9es ou implicites, et la r\u00e9ponse apport\u00e9e par l\u2019h\u00f4pital. C\u2019est pourquoi il est n\u00e9cessaire de trouver une interface juste entre le repr\u00e9sentant du culte, le soignant et le patient. C\u2019est dans ce contexte que des audits sont envisag\u00e9s au sein des deux h\u00f4pitaux de l\u2019AP-HP.\u00a0<\/span><\/p>\n<h1 class=\"para-TC_inter_01\"><span class=\"char-of-TC_txt-338\">Organiser et \u00e9valuer\u00a0l\u2019information du patient\u00a0<\/span><\/h1>\n<p class=\"para-TC_txt\"><span class=\"char-TC_txt-Local-95\">Des audits sont men\u00e9s entre 2010 et 2012 dans l\u2019objectif de r\u00e9pondre aux questions suivantes\u00a0:\u00a0<\/span><\/p>\n<ul>\n<li class=\"para-TC_txt\"><span class=\"char-TC_txt-Local-95\">l\u2019information existante est-elle op\u00e9rante\u00a0?\u00a0<\/span><\/li>\n<li class=\"para-TC_txt\"><span class=\"char-TC_txt-Local-95\">Comment former les soignants\u00a0afin qu\u2019ils sachent d\u00e9livrer une information appropri\u00e9e\u00a0?\u00a0<\/span><\/li>\n<li class=\"para-TC_txt\"><span class=\"char-TC_txt-Local-95\">Comment satisfaire aux besoins spirituels des patients en les informant\u00a0?\u00a0<\/span><\/li>\n<li class=\"para-TC_txt\"><span class=\"char-TC_txt-Local-95\">Comment \u00e9valuer le fonctionnement des services dans ce domaine particulier\u00a0?\u00a0<\/span><\/li>\n<\/ul>\n<p class=\"para-TC_txt\"><span class=\"char-TC_txt-Local-95\">Il s\u2019agit donc de recenser les difficult\u00e9s, les r\u00e9ticences et les lacunes en mati\u00e8re d\u2019information donn\u00e9e au patient. L\u2019enjeu concerne l\u2019articulation d\u00e9licate entre le respect des droits individuels de libert\u00e9 de culte et le respect des r\u00e8gles de service public interdisant tout pros\u00e9lytisme.<br \/>\n<\/span><\/p>\n<h2 class=\"para-TC_inter_02\"><span class=\"char-of-TC_inter_01-321\">M\u00e9thodologie et r\u00e9sultats des audits<\/span>\u00a0<span class=\"char-TC_txt-Local-95\"><br \/>\n<\/span><\/h2>\n<p class=\"para-TC_txt\"><span class=\"char-TC_txt-Local-95\">Gr\u00e2ce \u00e0 la collaboration entre la direction qualit\u00e9 et la direction des soins, deux questionnaires sont \u00e9labor\u00e9s respectivement par chaque \u00e9tablissement. Celui destin\u00e9 aux soignants comporte huit questions (<\/span><em><span class=\"char-TC_txt_ital-Local-310\">tableau 1<\/span><\/em><span class=\"char-TC_txt-Local-95\">), l\u2019autre destin\u00e9 aux patients et\/ou leurs proches en comporte six (<\/span><em><span class=\"char-TC_txt_ital-Local-310\">tableau 2<\/span><\/em><span class=\"char-TC_txt-Local-95\">). \u00c0 Henri-Mondor, les r\u00e9sultats sont analys\u00e9s gr\u00e2ce aux graphiques propos\u00e9s par le service informatique. \u00c0 Charles-Foix, une table comparative des donn\u00e9es chiffr\u00e9es permet une lecture des r\u00e9sultats.\u00a0<\/span><\/p>\n<p class=\"para-TC_txt\"><button data-toggle=\"collapse\" data-target=\"#enc_2012_275_01\">TABLEAU 1<\/button><div id=\"enc_2012_275_01\" class=\"encadre collapse\"><p><span class=\"surtitre_enc\">TABLEAU 1<\/span><\/p>\n<h2>Questionnaire adress\u00e9 aux soignants<\/h2>\n<p><img decoding=\"async\" class=\"alignnone size-full wp-image-30303\" src=\"https:\/\/gestions-hospitalieres.fr\/wp-content\/uploads\/2016\/12\/Capture-d\u2019\u00e9cran-2016-12-29-\u00e0-10.52.24.png\" alt=\"capture-decran-2016-12-29-a-10-52-24\" width=\"600\" height=\"1419\" srcset=\"https:\/\/www.ricom-web8.com\/gestions\/wp-content\/uploads\/2016\/12\/Capture-d\u2019\u00e9cran-2016-12-29-\u00e0-10.52.24.png 600w, https:\/\/www.ricom-web8.com\/gestions\/wp-content\/uploads\/2016\/12\/Capture-d\u2019\u00e9cran-2016-12-29-\u00e0-10.52.24-127x300.png 127w, https:\/\/www.ricom-web8.com\/gestions\/wp-content\/uploads\/2016\/12\/Capture-d\u2019\u00e9cran-2016-12-29-\u00e0-10.52.24-433x1024.png 433w\" sizes=\"(max-width: 600px) 100vw, 600px\" \/><\/p>\n<\/div><\/p>\n<p class=\"para-TC_txt\"><button data-toggle=\"collapse\" data-target=\"#enc_2012_275_02\">TABLEAU 2<\/button><div id=\"enc_2012_275_02\" class=\"encadre collapse\"><div class=\"page\" title=\"Page 16\">\n<div class=\"section\">\n<div class=\"layoutArea\">\n<div class=\"column\">\n<p><span class=\"surtitre_enc\">Tableau 2<\/span><\/p>\n<div class=\"page\" title=\"Page 17\">\n<div class=\"section\">\n<div class=\"layoutArea\">\n<div class=\"column\">\n<h2>Questionnaire adress\u00e9 aux patients<\/h2>\n<p><img decoding=\"async\" class=\"alignnone size-full wp-image-30304\" src=\"https:\/\/gestions-hospitalieres.fr\/wp-content\/uploads\/2016\/12\/Capture-d\u2019\u00e9cran-2016-12-29-\u00e0-10.53.23.png\" alt=\"capture-decran-2016-12-29-a-10-53-23\" width=\"600\" height=\"520\" srcset=\"https:\/\/www.ricom-web8.com\/gestions\/wp-content\/uploads\/2016\/12\/Capture-d\u2019\u00e9cran-2016-12-29-\u00e0-10.53.23.png 600w, https:\/\/www.ricom-web8.com\/gestions\/wp-content\/uploads\/2016\/12\/Capture-d\u2019\u00e9cran-2016-12-29-\u00e0-10.53.23-300x260.png 300w\" sizes=\"(max-width: 600px) 100vw, 600px\" \/><\/p>\n<\/div>\n<\/div>\n<\/div>\n<\/div>\n<\/div>\n<\/div>\n<\/div>\n<\/div>\n<\/div><\/p>\n<h3 class=\"para-TC_inter_02\"><span class=\"char-of-TC_txt-89\">\u00c0 l\u2019h\u00f4pital Henri-Mondor\u00a0<\/span><\/h3>\n<p class=\"para-TC_txt\"><span class=\"char-TC_txt-Local-95\">Le travail d\u2019audit est men\u00e9 aupr\u00e8s de cinq services de l\u2019h\u00f4pital. L\u2019enqu\u00eate destin\u00e9e aux soignants est distribu\u00e9e par les cadres du service aupr\u00e8s de vingt-deux soignants. Des \u00e9tudiants infirmiers en deuxi\u00e8me ann\u00e9e sont sollicit\u00e9s pour effectuer des entretiens aupr\u00e8s des patients afin de remplir le questionnaire destin\u00e9 aux usagers\u00a0:\u00a0<\/span><\/p>\n<ul>\n<li><span class=\"char-TC_txt-Local-95\">soixante-deux patients ont \u00e9t\u00e9 approch\u00e9s ; dix n\u2019ont pas souhait\u00e9 r\u00e9pondre\u00a0;\u00a0<\/span><\/li>\n<li><span class=\"char-TC_txt-Local-95\">r\u00e9partition par sexe : 52\u00a0% de femmes, 47\u00a0% d\u2019hommes\u00a0;\u00a0<\/span><\/li>\n<li><span class=\"char-TC_txt-Local-95\">r\u00e9partition par \u00e2ge\u00a0:<br \/>\n<\/span><span class=\"char-TC_txt-Local-95\">&#8211; 20-35 ans\u00a0: 13\u00a0%,<br \/>\n<\/span><span class=\"char-TC_txt-Local-95\">&#8211; 36-50 ans\u00a0: 24\u00a0%,<br \/>\n<\/span><span class=\"char-TC_txt-Local-95\">&#8211; 51- 65 ans\u00a0: 27\u00a0%,<br \/>\n<\/span><span class=\"char-TC_txt-Local-95\">&#8211; 66 ans et plus\u00a0: 34\u00a0%\u00a0;\u00a0<\/span><\/li>\n<li><span class=\"char-TC_txt-Local-95\">r\u00e9partition par type de s\u00e9jour\u00a0:<br \/>\n<\/span><span class=\"char-TC_txt-Local-95\">&#8211; 71\u00a0% s\u00e9jours programm\u00e9s,<br \/>\n<\/span><span class=\"char-TC_txt-Local-95\">&#8211; 27\u00a0% urgences\u00a0;<\/span><\/li>\n<\/ul>\n<p><span class=\"char-TC_txt-Local-95\">Les r\u00e9sultats des questions destin\u00e9es aux patients sont significatifs. Par exemple, les r\u00e9ponses \u00e0 la question 1 \u2013\u00a0<\/span><em><span class=\"char-TC_txt_ital-Local-310\">Vous avez \u00e9t\u00e9 inform\u00e9 de votre droit de faire appel au ministre du culte de votre choix pendant votre hospitalisation<\/span><\/em>\u00a0<span class=\"char-TC_txt-Local-95\">\u2013 r\u00e9v\u00e8lent un dysfonctionnement au niveau de l\u2019information\u00a0:\u00a0<\/span><\/p>\n<ul>\n<li class=\"para-TC_txt\"><span class=\"char-TC_txt-Local-95\">neuf personnes ont \u00e9t\u00e9 inform\u00e9es de leur droit de faire appel au ministre du culte (- 20\u00a0%)\u00a0: cinq par un soignant, une par un m\u00e9decin, une par les documents \u00e0 l\u2019h\u00f4pital, deux par d\u2019autres moyens\u00a0;\u00a0<\/span><\/li>\n<li class=\"para-TC_txt\"><span class=\"char-TC_txt-Local-95\">douze personnes auraient souhait\u00e9 avoir l\u2019information\u00a0;\u00a0<\/span><\/li>\n<li class=\"para-TC_txt\"><span class=\"char-TC_txt-Local-95\">vingt-quatre personnes (45\u00a0%) ont estim\u00e9 de pas avoir besoin de cette information et, dans le m\u00eame temps, n\u2019envisageaient pas de faire la demande pour recevoir une visite.<br \/>\n<\/span><\/li>\n<\/ul>\n<p class=\"para-TC_txt\"><span class=\"char-TC_txt-Local-95\">Du c\u00f4t\u00e9 soignant, 100\u00a0% reconnaissent qu\u2019il s\u2019agit d\u2019un droit pour le patient. Cependant, les r\u00e9ponses aux autres questions indiquent des lacunes \u00e0 deux niveaux\u00a0:\u00a0<\/span><\/p>\n<ul>\n<li class=\"para-TC_txt\"><span class=\"char-TC_txt-Local-95\">l\u2019information\u00a0: 55\u00a0% des soignants estiment que la communication autour du culte n\u2019est pas suffisante, 86\u00a0% consid\u00e8rent que l\u2019information est introuvable.\u00a0<\/span><\/li>\n<li class=\"para-TC_txt\"><span class=\"char-TC_txt-Local-95\">la formation des soignants\u00a0:<br \/>\n<\/span><span class=\"char-TC_txt-Local-95\">&#8211; 28\u00a0% proposent syst\u00e9matiquement la visite d\u2019un aum\u00f4nier,<br \/>\n<\/span><span class=\"char-TC_txt-Local-95\">&#8211; 36\u00a0% demanderaient l\u2019avis du cadre avant d\u2019appeler un ministre du culte,<br \/>\n<\/span><span class=\"char-TC_txt-Local-95\">&#8211; 9\u00a0% des soignants questionn\u00e9s accepteraient de prier avec le patient,<br \/>\n<\/span><span class=\"char-TC_txt-Local-95\">&#8211; 18\u00a0% parleraient de ses propres croyances avec le patient.\u00a0<\/span><\/li>\n<\/ul>\n<h3 class=\"para-TC_inter_02\"><span class=\"char-of-TC_txt-89\">\u00c0 l\u2019h\u00f4pital Charles-Foix\u00a0<\/span><\/h3>\n<p class=\"para-TC_txt\"><span class=\"char-TC_txt-Local-95\">Parall\u00e8lement et en partenariat avec le groupe de travail de l\u2019h\u00f4pital Henri-Mondor, Charles-Foix adapte les questionnaires au contexte g\u00e9riatrique. Un audit est effectu\u00e9 aupr\u00e8s des soignants dans les services de soins de longue dur\u00e9e (SLD). Un jour donn\u00e9, l\u2019ensemble des soignants (toutes les \u00e9quipes y compris celle de nuit) a \u00e9t\u00e9 destinataire du questionnaire, les cadres de sant\u00e9 \u00e9tant charg\u00e9s de les distribuer, de les r\u00e9cup\u00e9rer et de les renvoyer.<\/span><\/p>\n<p class=\"para-TC_txt\"><span class=\"char-TC_txt-Local-95\">En s\u00e9lectionnant les r\u00e9sultats des r\u00e9ponses \u00e0 la question 7 sur l\u2019implication directe des soignants dans l\u2019accompagnement religieuse du patient, une d\u00e9faillance significative est rep\u00e9r\u00e9e\u00a0: environ 30\u00a0% des soignants interrog\u00e9s r\u00e9pondent positivement aux items, \u00e0 l\u2019exception de celui sur l\u2019administration des sacrements et le recueil de la confession. Ils estiment par exemple que prier avec le patient rel\u00e8ve de leur comp\u00e9tence. La compr\u00e9hension quant \u00e0 leur propre r\u00f4le dans ce domaine reste ambigu\u00eb.<\/span><\/p>\n<p class=\"para-TC_txt\"><span class=\"char-TC_txt-Local-95\">Afin d\u2019effectuer le travail d\u2019enqu\u00eate aupr\u00e8s des patients, Charles-Foix sollicite l\u2019Institut europ\u00e9en en sciences des religions\u00a0<\/span><span class=\"char-TC_txt-Local-91\"><sup class=\"appel\" data-toggle=\"modal\" data-target=\"#notes\">(8)\u00a0<\/sup><\/span><span class=\"char-TC_txt-Local-95\">pour effectuer les audits aupr\u00e8s des patients. En mars 2012, la direction qualit\u00e9 confie \u00e0 deux stagiaires de niveau master professionnel de r\u00e9aliser une enqu\u00eate aupr\u00e8s de l\u2019ensemble des patients des SLD interrogeables et ne pr\u00e9sentant pas de contre-indication (fin de vie, isolement&#8230;). Du fait de l\u2019int\u00e9r\u00eat port\u00e9 par ces stagiaires \u00e0 cette rencontre avec les personnes \u00e2g\u00e9es, l\u2019enqu\u00eate est \u00e9largie aux patients de soins de suite et de r\u00e9adaptation (SSR). Un rapport est attendu avant l\u2019\u00e9t\u00e9 2012.\u00a0<\/span><\/p>\n<h2 class=\"para-TC_inter_02\"><span class=\"char-of-TC_inter_01-321\">Observations\u00a0<\/span><span class=\"char-TC_txt-Local-95\"><br \/>\n<\/span><\/h2>\n<p class=\"para-TC_txt\"><span class=\"char-TC_txt-Local-95\">Au vu des r\u00e9sultats, deux remarques s\u2019imposent\u00a0:\u00a0<\/span><\/p>\n<ul>\n<li class=\"para-TC_txt\"><span class=\"char-TC_txt-Local-95\">l\u2019information relative \u00e0 la pr\u00e9sence des cultes \u00e0 Henri-Mondor est plut\u00f4t inop\u00e9rante\u00a0;\u00a0<\/span><\/li>\n<li class=\"para-TC_txt\"><span class=\"char-TC_txt-Local-95\">dans les deux \u00e9tablissements, les soignants manquent souvent de formation. L\u2019absence de formation relative \u00e0 la place du culte \u00e0 l\u2019h\u00f4pital est tangible. Le rep\u00e9rage par les soignants des besoins et des attentes des patients dans ce domaine n\u2019appara\u00eet pas clairement. Ce manque de formation se traduit, soit par un glissement des r\u00f4les, soit par une r\u00e9ponse inad\u00e9quate. Afin de satisfaire aux besoins r\u00e9els des patients, exprim\u00e9s ou implicites, des r\u00e9ajustements seront propos\u00e9s\u00a0: une meilleure op\u00e9rabilit\u00e9 de l\u2019information et une formation des soignants.\u00a0<\/span><\/li>\n<\/ul>\n<h1 class=\"para-TC_inter_01\"><span class=\"char-of-TC_txt-338\">Conclusion<br \/>\n<\/span><\/h1>\n<p class=\"para-TC_txt\"><span class=\"char-TC_txt-Local-95\">L\u2019information du patient quant \u00e0 son droit de faire appel \u00e0 un ministre du culte de son choix touche directement \u00e0 la qualit\u00e9 de la prise en charge soignante du patient. L\u2019acc\u00e8s au culte \u00e0 l\u2019h\u00f4pital d\u00e9pend de l\u2019op\u00e9rabilit\u00e9 de cette information. L\u2019enjeu ici est double\u00a0: il s\u2019agit de la mise en \u0153uvre des outils de communication appropri\u00e9s et de la formation des soignants \u00e0 l\u2019utilisation de ces outils et au rep\u00e9rage des attentes des patients afin de passer le relais au service d\u2019aum\u00f4nerie. Ces dispositions permettraient de donner une r\u00e9ponse au patient en ad\u00e9quation avec les exigences du respect de la la\u00efcit\u00e9 et l\u2019interdiction du pros\u00e9lytisme dans les \u00e9tablissements publics. Une \u00e9valuation de l\u2019op\u00e9rabilit\u00e9 de ce processus n\u00e9cessite une collaboration entre la direction qualit\u00e9 et la direction des soins. Mesurer la satisfaction du patient quant \u00e0 son acc\u00e8s au culte, en \u00e9valuant l\u2019op\u00e9rabilit\u00e9 de l\u2019information, peut alors repr\u00e9senter un v\u00e9ritable enjeu qualit\u00e9.<\/span><\/p>\n<p class=\"para-TC_txt\">*Isabelle Levy, <em>Menaces religieuses sur l\u2019h\u00f4pital<\/em>, Presses de la Renaissance, 2011<\/p>\n<script>function PlayerjsAsync(){} if(window[\"Playerjs\"]){PlayerjsAsync();}<\/script>","protected":false},"excerpt":{"rendered":"<p>\ufeffLa menace religieuse, \u00e9voqu\u00e9e comme frein r\u00e9el \u00e0 la pr\u00e9sence des cultes au sein des \u00e9tablissements hospitaliers*, fait \u00e9cho des peurs et des craintes de la soci\u00e9t\u00e9 fran\u00e7aise qui doit composer avec une multiplicit\u00e9 de pratiques et de croyances. Le paysage en milieu hospitalier ne fait que refl\u00e9ter cette r\u00e9alit\u00e9 soci\u00e9tale. Jusqu\u2019o\u00f9 les directions des \u00e9tablissements sanitaires doivent-elles accepter des compromis ? Ne risquent-elles pas de voir le d\u00e9bordement du fait religieux dans leurs services prendre le pas sur la s\u00e9curit\u00e9 des soins ? L\u2019intol\u00e9rance des uns peut-elle empi\u00e9ter sur la tol\u00e9rance des autres ? Comment conjuguer droits des patients et leur satisfaction dans le domaine du culte avec une d\u00e9marche qualit\u00e9 rigoureuse ? Autant de questions auxquelles l\u2019auteur tente de r\u00e9pondre.<\/p>\n","protected":false},"author":1202,"featured_media":0,"comment_status":"open","ping_status":"open","sticky":false,"template":"","format":"standard","meta":{"_acf_changed":false,"_relevanssi_hide_post":"","_relevanssi_hide_content":"","_relevanssi_pin_for_all":"","_relevanssi_pin_keywords":"","_relevanssi_unpin_keywords":"","_relevanssi_related_keywords":"","_relevanssi_related_include_ids":"","_relevanssi_related_exclude_ids":"","_relevanssi_related_no_append":"","_relevanssi_related_not_related":"","_relevanssi_related_posts":"","_relevanssi_noindex_reason":"","footnotes":""},"categories":[26,2],"tags":[647,279,62,156,574,649,648,236,196],"class_list":["post-15368","post","type-post","status-publish","format-standard","hentry","category-dossier","category-gestions-hospitalieres","tag-culte","tag-enquete","tag-ethique","tag-hopital","tag-indicateur","tag-information","tag-proselytisme","tag-qualite","tag-religion"],"acf":[],"yoast_head":"<!-- This site is optimized with the Yoast SEO plugin v24.8.1 - https:\/\/yoast.com\/wordpress\/plugins\/seo\/ -->\n<title>L\u2019information du patient et la pr\u00e9sence des cultes \u00e0 l\u2019h\u00f4pital - Gestions hospitali\u00e8res<\/title>\n<meta name=\"robots\" content=\"index, follow, max-snippet:-1, max-image-preview:large, max-video-preview:-1\" \/>\n<link rel=\"canonical\" href=\"https:\/\/www.ricom-web8.com\/gestions\/linformation-du-patient-et-la-presence-des-cultes-a-lhopital\/\" \/>\n<meta property=\"og:locale\" content=\"fr_FR\" \/>\n<meta property=\"og:type\" content=\"article\" \/>\n<meta property=\"og:title\" content=\"L\u2019information du patient et la pr\u00e9sence des cultes \u00e0 l\u2019h\u00f4pital - Gestions hospitali\u00e8res\" \/>\n<meta property=\"og:description\" content=\"\ufeffLa menace religieuse, \u00e9voqu\u00e9e comme frein r\u00e9el \u00e0 la pr\u00e9sence des cultes au sein des \u00e9tablissements hospitaliers*, fait \u00e9cho des peurs et des craintes de la soci\u00e9t\u00e9 fran\u00e7aise qui doit composer avec une multiplicit\u00e9 de pratiques et de croyances. Le paysage en milieu hospitalier ne fait que refl\u00e9ter cette r\u00e9alit\u00e9 soci\u00e9tale. Jusqu\u2019o\u00f9 les directions des \u00e9tablissements sanitaires doivent-elles accepter des compromis ? Ne risquent-elles pas de voir le d\u00e9bordement du fait religieux dans leurs services prendre le pas sur la s\u00e9curit\u00e9 des soins ? L\u2019intol\u00e9rance des uns peut-elle empi\u00e9ter sur la tol\u00e9rance des autres ? Comment conjuguer droits des patients et leur satisfaction dans le domaine du culte avec une d\u00e9marche qualit\u00e9 rigoureuse ? Autant de questions auxquelles l\u2019auteur tente de r\u00e9pondre.\" \/>\n<meta property=\"og:url\" content=\"https:\/\/www.ricom-web8.com\/gestions\/linformation-du-patient-et-la-presence-des-cultes-a-lhopital\/\" \/>\n<meta property=\"og:site_name\" content=\"Gestions hospitali\u00e8res\" \/>\n<meta property=\"article:publisher\" content=\"https:\/\/www.facebook.com\/gestionshospitalieres\/\" \/>\n<meta property=\"article:published_time\" content=\"2012-04-30T22:00:00+00:00\" \/>\n<meta property=\"article:modified_time\" content=\"2018-03-08T14:09:42+00:00\" \/>\n<meta name=\"author\" content=\"yann Le Sager\" \/>\n<meta name=\"twitter:card\" content=\"summary_large_image\" \/>\n<meta name=\"twitter:creator\" content=\"@revue_GH\" \/>\n<meta name=\"twitter:site\" content=\"@revue_GH\" \/>\n<meta name=\"twitter:label1\" content=\"\u00c9crit par\" \/>\n\t<meta name=\"twitter:data1\" content=\"yann Le Sager\" \/>\n\t<meta name=\"twitter:label2\" content=\"Dur\u00e9e de lecture estim\u00e9e\" \/>\n\t<meta name=\"twitter:data2\" content=\"13 minutes\" \/>\n<script type=\"application\/ld+json\" class=\"yoast-schema-graph\">{\"@context\":\"https:\/\/schema.org\",\"@graph\":[{\"@type\":\"Article\",\"@id\":\"https:\/\/www.ricom-web8.com\/gestions\/linformation-du-patient-et-la-presence-des-cultes-a-lhopital\/#article\",\"isPartOf\":{\"@id\":\"https:\/\/www.ricom-web8.com\/gestions\/linformation-du-patient-et-la-presence-des-cultes-a-lhopital\/\"},\"author\":{\"name\":\"yann Le Sager\",\"@id\":\"https:\/\/www.ricom-web8.com\/gestions\/#\/schema\/person\/810c9671279c5f5a094f6f0a42237516\"},\"headline\":\"L\u2019information du patient et la pr\u00e9sence des cultes \u00e0 l\u2019h\u00f4pital\",\"datePublished\":\"2012-04-30T22:00:00+00:00\",\"dateModified\":\"2018-03-08T14:09:42+00:00\",\"mainEntityOfPage\":{\"@id\":\"https:\/\/www.ricom-web8.com\/gestions\/linformation-du-patient-et-la-presence-des-cultes-a-lhopital\/\"},\"wordCount\":2527,\"commentCount\":0,\"publisher\":{\"@id\":\"https:\/\/www.ricom-web8.com\/gestions\/#organization\"},\"keywords\":[\"culte\",\"enqu\u00eate\",\"\u00e9thique\",\"h\u00f4pital\",\"indicateur\",\"information\",\"pros\u00e9lytisme\",\"qualit\u00e9\",\"religion\"],\"articleSection\":[\"dossier\",\"Gestions Hospitali\u00e8res\"],\"inLanguage\":\"fr-FR\",\"potentialAction\":[{\"@type\":\"CommentAction\",\"name\":\"Comment\",\"target\":[\"https:\/\/www.ricom-web8.com\/gestions\/linformation-du-patient-et-la-presence-des-cultes-a-lhopital\/#respond\"]}]},{\"@type\":\"WebPage\",\"@id\":\"https:\/\/www.ricom-web8.com\/gestions\/linformation-du-patient-et-la-presence-des-cultes-a-lhopital\/\",\"url\":\"https:\/\/www.ricom-web8.com\/gestions\/linformation-du-patient-et-la-presence-des-cultes-a-lhopital\/\",\"name\":\"L\u2019information du patient et la pr\u00e9sence des cultes \u00e0 l\u2019h\u00f4pital - Gestions hospitali\u00e8res\",\"isPartOf\":{\"@id\":\"https:\/\/www.ricom-web8.com\/gestions\/#website\"},\"datePublished\":\"2012-04-30T22:00:00+00:00\",\"dateModified\":\"2018-03-08T14:09:42+00:00\",\"breadcrumb\":{\"@id\":\"https:\/\/www.ricom-web8.com\/gestions\/linformation-du-patient-et-la-presence-des-cultes-a-lhopital\/#breadcrumb\"},\"inLanguage\":\"fr-FR\",\"potentialAction\":[{\"@type\":\"ReadAction\",\"target\":[\"https:\/\/www.ricom-web8.com\/gestions\/linformation-du-patient-et-la-presence-des-cultes-a-lhopital\/\"]}]},{\"@type\":\"BreadcrumbList\",\"@id\":\"https:\/\/www.ricom-web8.com\/gestions\/linformation-du-patient-et-la-presence-des-cultes-a-lhopital\/#breadcrumb\",\"itemListElement\":[{\"@type\":\"ListItem\",\"position\":1,\"name\":\"Accueil\",\"item\":\"https:\/\/www.ricom-web8.com\/gestions\/\"},{\"@type\":\"ListItem\",\"position\":2,\"name\":\"L\u2019information du patient et la pr\u00e9sence des cultes \u00e0 l\u2019h\u00f4pital\"}]},{\"@type\":\"WebSite\",\"@id\":\"https:\/\/www.ricom-web8.com\/gestions\/#website\",\"url\":\"https:\/\/www.ricom-web8.com\/gestions\/\",\"name\":\"Gestions hospitali\u00e8res\",\"description\":\"la revue des d\u00e9cideurs hospitaliers\",\"publisher\":{\"@id\":\"https:\/\/www.ricom-web8.com\/gestions\/#organization\"},\"potentialAction\":[{\"@type\":\"SearchAction\",\"target\":{\"@type\":\"EntryPoint\",\"urlTemplate\":\"https:\/\/www.ricom-web8.com\/gestions\/?s={search_term_string}\"},\"query-input\":{\"@type\":\"PropertyValueSpecification\",\"valueRequired\":true,\"valueName\":\"search_term_string\"}}],\"inLanguage\":\"fr-FR\"},{\"@type\":\"Organization\",\"@id\":\"https:\/\/www.ricom-web8.com\/gestions\/#organization\",\"name\":\"Gestions hospitali\u00e8res\",\"url\":\"https:\/\/www.ricom-web8.com\/gestions\/\",\"logo\":{\"@type\":\"ImageObject\",\"inLanguage\":\"fr-FR\",\"@id\":\"https:\/\/www.ricom-web8.com\/gestions\/#\/schema\/logo\/image\/\",\"url\":\"https:\/\/gestions-hospitalieres.fr\/wp-content\/uploads\/2017\/02\/picto_Gif-GH-trans.png\",\"contentUrl\":\"https:\/\/gestions-hospitalieres.fr\/wp-content\/uploads\/2017\/02\/picto_Gif-GH-trans.png\",\"width\":512,\"height\":512,\"caption\":\"Gestions hospitali\u00e8res\"},\"image\":{\"@id\":\"https:\/\/www.ricom-web8.com\/gestions\/#\/schema\/logo\/image\/\"},\"sameAs\":[\"https:\/\/www.facebook.com\/gestionshospitalieres\/\",\"https:\/\/x.com\/revue_GH\",\"https:\/\/www.linkedin.com\/company\/gestions-hospitalieres?trk=top_nav_home\"]},{\"@type\":\"Person\",\"@id\":\"https:\/\/www.ricom-web8.com\/gestions\/#\/schema\/person\/810c9671279c5f5a094f6f0a42237516\",\"name\":\"yann Le Sager\",\"image\":{\"@type\":\"ImageObject\",\"inLanguage\":\"fr-FR\",\"@id\":\"https:\/\/www.ricom-web8.com\/gestions\/#\/schema\/person\/image\/\",\"url\":\"https:\/\/secure.gravatar.com\/avatar\/36112fa5997be9e3b9acb0c60a4a1075?s=96&d=mm&r=g\",\"contentUrl\":\"https:\/\/secure.gravatar.com\/avatar\/36112fa5997be9e3b9acb0c60a4a1075?s=96&d=mm&r=g\",\"caption\":\"yann Le Sager\"},\"url\":\"https:\/\/www.ricom-web8.com\/gestions\/author\/lesager-yannstudioricom-com\/\"}]}<\/script>\n<!-- \/ Yoast SEO plugin. -->","yoast_head_json":{"title":"L\u2019information du patient et la pr\u00e9sence des cultes \u00e0 l\u2019h\u00f4pital - Gestions hospitali\u00e8res","robots":{"index":"index","follow":"follow","max-snippet":"max-snippet:-1","max-image-preview":"max-image-preview:large","max-video-preview":"max-video-preview:-1"},"canonical":"https:\/\/www.ricom-web8.com\/gestions\/linformation-du-patient-et-la-presence-des-cultes-a-lhopital\/","og_locale":"fr_FR","og_type":"article","og_title":"L\u2019information du patient et la pr\u00e9sence des cultes \u00e0 l\u2019h\u00f4pital - Gestions hospitali\u00e8res","og_description":"\ufeffLa menace religieuse, \u00e9voqu\u00e9e comme frein r\u00e9el \u00e0 la pr\u00e9sence des cultes au sein des \u00e9tablissements hospitaliers*, fait \u00e9cho des peurs et des craintes de la soci\u00e9t\u00e9 fran\u00e7aise qui doit composer avec une multiplicit\u00e9 de pratiques et de croyances. Le paysage en milieu hospitalier ne fait que refl\u00e9ter cette r\u00e9alit\u00e9 soci\u00e9tale. Jusqu\u2019o\u00f9 les directions des \u00e9tablissements sanitaires doivent-elles accepter des compromis ? Ne risquent-elles pas de voir le d\u00e9bordement du fait religieux dans leurs services prendre le pas sur la s\u00e9curit\u00e9 des soins ? L\u2019intol\u00e9rance des uns peut-elle empi\u00e9ter sur la tol\u00e9rance des autres ? Comment conjuguer droits des patients et leur satisfaction dans le domaine du culte avec une d\u00e9marche qualit\u00e9 rigoureuse ? Autant de questions auxquelles l\u2019auteur tente de r\u00e9pondre.","og_url":"https:\/\/www.ricom-web8.com\/gestions\/linformation-du-patient-et-la-presence-des-cultes-a-lhopital\/","og_site_name":"Gestions hospitali\u00e8res","article_publisher":"https:\/\/www.facebook.com\/gestionshospitalieres\/","article_published_time":"2012-04-30T22:00:00+00:00","article_modified_time":"2018-03-08T14:09:42+00:00","author":"yann Le Sager","twitter_card":"summary_large_image","twitter_creator":"@revue_GH","twitter_site":"@revue_GH","twitter_misc":{"\u00c9crit par":"yann Le Sager","Dur\u00e9e de lecture estim\u00e9e":"13 minutes"},"schema":{"@context":"https:\/\/schema.org","@graph":[{"@type":"Article","@id":"https:\/\/www.ricom-web8.com\/gestions\/linformation-du-patient-et-la-presence-des-cultes-a-lhopital\/#article","isPartOf":{"@id":"https:\/\/www.ricom-web8.com\/gestions\/linformation-du-patient-et-la-presence-des-cultes-a-lhopital\/"},"author":{"name":"yann Le Sager","@id":"https:\/\/www.ricom-web8.com\/gestions\/#\/schema\/person\/810c9671279c5f5a094f6f0a42237516"},"headline":"L\u2019information du patient et la pr\u00e9sence des cultes \u00e0 l\u2019h\u00f4pital","datePublished":"2012-04-30T22:00:00+00:00","dateModified":"2018-03-08T14:09:42+00:00","mainEntityOfPage":{"@id":"https:\/\/www.ricom-web8.com\/gestions\/linformation-du-patient-et-la-presence-des-cultes-a-lhopital\/"},"wordCount":2527,"commentCount":0,"publisher":{"@id":"https:\/\/www.ricom-web8.com\/gestions\/#organization"},"keywords":["culte","enqu\u00eate","\u00e9thique","h\u00f4pital","indicateur","information","pros\u00e9lytisme","qualit\u00e9","religion"],"articleSection":["dossier","Gestions Hospitali\u00e8res"],"inLanguage":"fr-FR","potentialAction":[{"@type":"CommentAction","name":"Comment","target":["https:\/\/www.ricom-web8.com\/gestions\/linformation-du-patient-et-la-presence-des-cultes-a-lhopital\/#respond"]}]},{"@type":"WebPage","@id":"https:\/\/www.ricom-web8.com\/gestions\/linformation-du-patient-et-la-presence-des-cultes-a-lhopital\/","url":"https:\/\/www.ricom-web8.com\/gestions\/linformation-du-patient-et-la-presence-des-cultes-a-lhopital\/","name":"L\u2019information du patient et la pr\u00e9sence des cultes \u00e0 l\u2019h\u00f4pital - Gestions hospitali\u00e8res","isPartOf":{"@id":"https:\/\/www.ricom-web8.com\/gestions\/#website"},"datePublished":"2012-04-30T22:00:00+00:00","dateModified":"2018-03-08T14:09:42+00:00","breadcrumb":{"@id":"https:\/\/www.ricom-web8.com\/gestions\/linformation-du-patient-et-la-presence-des-cultes-a-lhopital\/#breadcrumb"},"inLanguage":"fr-FR","potentialAction":[{"@type":"ReadAction","target":["https:\/\/www.ricom-web8.com\/gestions\/linformation-du-patient-et-la-presence-des-cultes-a-lhopital\/"]}]},{"@type":"BreadcrumbList","@id":"https:\/\/www.ricom-web8.com\/gestions\/linformation-du-patient-et-la-presence-des-cultes-a-lhopital\/#breadcrumb","itemListElement":[{"@type":"ListItem","position":1,"name":"Accueil","item":"https:\/\/www.ricom-web8.com\/gestions\/"},{"@type":"ListItem","position":2,"name":"L\u2019information du patient et la pr\u00e9sence des cultes \u00e0 l\u2019h\u00f4pital"}]},{"@type":"WebSite","@id":"https:\/\/www.ricom-web8.com\/gestions\/#website","url":"https:\/\/www.ricom-web8.com\/gestions\/","name":"Gestions hospitali\u00e8res","description":"la revue des d\u00e9cideurs hospitaliers","publisher":{"@id":"https:\/\/www.ricom-web8.com\/gestions\/#organization"},"potentialAction":[{"@type":"SearchAction","target":{"@type":"EntryPoint","urlTemplate":"https:\/\/www.ricom-web8.com\/gestions\/?s={search_term_string}"},"query-input":{"@type":"PropertyValueSpecification","valueRequired":true,"valueName":"search_term_string"}}],"inLanguage":"fr-FR"},{"@type":"Organization","@id":"https:\/\/www.ricom-web8.com\/gestions\/#organization","name":"Gestions hospitali\u00e8res","url":"https:\/\/www.ricom-web8.com\/gestions\/","logo":{"@type":"ImageObject","inLanguage":"fr-FR","@id":"https:\/\/www.ricom-web8.com\/gestions\/#\/schema\/logo\/image\/","url":"https:\/\/gestions-hospitalieres.fr\/wp-content\/uploads\/2017\/02\/picto_Gif-GH-trans.png","contentUrl":"https:\/\/gestions-hospitalieres.fr\/wp-content\/uploads\/2017\/02\/picto_Gif-GH-trans.png","width":512,"height":512,"caption":"Gestions hospitali\u00e8res"},"image":{"@id":"https:\/\/www.ricom-web8.com\/gestions\/#\/schema\/logo\/image\/"},"sameAs":["https:\/\/www.facebook.com\/gestionshospitalieres\/","https:\/\/x.com\/revue_GH","https:\/\/www.linkedin.com\/company\/gestions-hospitalieres?trk=top_nav_home"]},{"@type":"Person","@id":"https:\/\/www.ricom-web8.com\/gestions\/#\/schema\/person\/810c9671279c5f5a094f6f0a42237516","name":"yann Le Sager","image":{"@type":"ImageObject","inLanguage":"fr-FR","@id":"https:\/\/www.ricom-web8.com\/gestions\/#\/schema\/person\/image\/","url":"https:\/\/secure.gravatar.com\/avatar\/36112fa5997be9e3b9acb0c60a4a1075?s=96&d=mm&r=g","contentUrl":"https:\/\/secure.gravatar.com\/avatar\/36112fa5997be9e3b9acb0c60a4a1075?s=96&d=mm&r=g","caption":"yann Le Sager"},"url":"https:\/\/www.ricom-web8.com\/gestions\/author\/lesager-yannstudioricom-com\/"}]}},"_links":{"self":[{"href":"https:\/\/www.ricom-web8.com\/gestions\/wp-json\/wp\/v2\/posts\/15368","targetHints":{"allow":["GET"]}}],"collection":[{"href":"https:\/\/www.ricom-web8.com\/gestions\/wp-json\/wp\/v2\/posts"}],"about":[{"href":"https:\/\/www.ricom-web8.com\/gestions\/wp-json\/wp\/v2\/types\/post"}],"author":[{"embeddable":true,"href":"https:\/\/www.ricom-web8.com\/gestions\/wp-json\/wp\/v2\/users\/1202"}],"replies":[{"embeddable":true,"href":"https:\/\/www.ricom-web8.com\/gestions\/wp-json\/wp\/v2\/comments?post=15368"}],"version-history":[{"count":0,"href":"https:\/\/www.ricom-web8.com\/gestions\/wp-json\/wp\/v2\/posts\/15368\/revisions"}],"wp:attachment":[{"href":"https:\/\/www.ricom-web8.com\/gestions\/wp-json\/wp\/v2\/media?parent=15368"}],"wp:term":[{"taxonomy":"category","embeddable":true,"href":"https:\/\/www.ricom-web8.com\/gestions\/wp-json\/wp\/v2\/categories?post=15368"},{"taxonomy":"post_tag","embeddable":true,"href":"https:\/\/www.ricom-web8.com\/gestions\/wp-json\/wp\/v2\/tags?post=15368"}],"curies":[{"name":"wp","href":"https:\/\/api.w.org\/{rel}","templated":true}]}}