

{"id":15374,"date":"2012-05-01T00:00:00","date_gmt":"2012-04-30T22:00:00","guid":{"rendered":"http:\/\/ricom-web.com\/gestions-hospitalieres\/la-mediation\/"},"modified":"2018-03-08T14:50:53","modified_gmt":"2018-03-08T13:50:53","slug":"la-mediation","status":"publish","type":"post","link":"https:\/\/www.ricom-web8.com\/gestions\/la-mediation\/","title":{"rendered":"La m\u00e9diation"},"content":{"rendered":"<span class=\"span-reading-time rt-reading-time\" style=\"display: block;\"><span class=\"rt-label rt-prefix\">Temps de lecture\u00a0: <\/span> <span class=\"rt-time\"> 5<\/span> <span class=\"rt-label rt-postfix\">minutes<\/span><\/span><p class=\"para-TC_txt\"><span class=\"char-TC_txt-Local-350\">Une m\u00e9diation ne r\u00e9sout pas un conflit en soi, elle cr\u00e9\u00e9 les conditions de son d\u00e9passement et vise \u00e0 restaurer la communication. La m\u00e9diation doit ainsi permettre\u00a0:\u00a0<\/span><\/p>\n<ul>\n<li class=\"para-TC_txt\"><span class=\"char-TC_txt-Local-350\">d\u2019entendre les griefs et les attentes des uns et des autres pour abaisser le niveau de dramatisation \u00e9motionnelle\u00a0;\u00a0<\/span><\/li>\n<li class=\"para-TC_txt\"><span class=\"char-TC_txt-Local-350\">de renouer un dialogue indispensable entre les acteurs\u00a0;\u00a0<\/span><\/li>\n<li class=\"para-TC_txt\"><span class=\"char-TC_txt-Local-350\">de produire un diagnostic partag\u00e9, \u00e0 partir de constats et d\u2019une analyse des \u00e9v\u00e9nements et des facteurs en cause\u00a0;\u00a0<\/span><\/li>\n<li class=\"para-TC_txt\"><span class=\"char-TC_txt-Local-350\">de d\u00e9boucher sur des propositions constructives de fonctionnement et de communication institutionnelle aptes \u00e0 d\u00e9passer la situation de crise (que le m\u00e9diateur les fasse \u00e9merger ou les pr\u00e9conise).\u00a0<\/span><\/li>\n<\/ul>\n<h1 class=\"para-TC_inter_01\"><span class=\"char-of-TC_txt-338\">Les pr\u00e9alables d\u2019une m\u00e9diation\u00a0<\/span><\/h1>\n<p class=\"para-TC_txt\"><span class=\"char-TC_txt-Local-350\">Une intervention de m\u00e9diation doit r\u00e9unir un certain nombre de conditions pr\u00e9liminaires qui doivent \u00eatre expliqu\u00e9es aux parties\u00a0en conflit. Il s\u2019agit de\u00a0:\u00a0<\/span><\/p>\n<ul>\n<li class=\"para-TC_txt\"><span class=\"char-TC_txt-Local-350\">bien comprendre ce qu\u2019est un dispositif de m\u00e9diation\u00a0: il n\u2019est pas question pour les parties de disposer d\u2019une tribune, d\u2019un t\u00e9moin ou d\u2019un avocat, mais de b\u00e9n\u00e9ficier d\u2019un regard distanci\u00e9, d\u2019une sc\u00e8ne diff\u00e9r\u00e9e permettant de mettre \u00e0 plat ses griefs, d\u2019en comprendre les ressorts et de s\u2019engager dans une voie constructive, bref de restaurer un mode plus normal de communication et de relation\u00a0;\u00a0<\/span><\/li>\n<li class=\"para-TC_txt\"><span class=\"char-TC_txt-Local-350\">d\u2019admettre le principe d\u2019une \u00ab\u00a0tr\u00eave\u00a0\u00bb durant le temps de la m\u00e9diation pour lui donner une chance\u00a0;\u00a0<\/span><\/li>\n<li class=\"para-TC_txt\"><span class=\"char-TC_txt-Local-350\">de se rendre compte qu\u2019il n\u2019y a pas de v\u00e9ritable vainqueur en cas de conflit virulent, mais des \u00ab\u00a0dommages collat\u00e9raux\u00a0\u00bb pour toutes les parties (usagers, professionnels, association, etc.)\u00a0;\u00a0<\/span><\/li>\n<li class=\"para-TC_txt\"><span class=\"char-TC_txt-Local-350\">d\u2019accepter de sortir des invectives pour se recentrer sur des faits permettant une approche objective\u00a0;\u00a0<\/span><\/li>\n<li class=\"para-TC_txt\"><span class=\"char-TC_txt-Local-350\">d\u2019examiner en quoi les faits illustrent des processus et accepter l\u2019id\u00e9e de travailler sur ces processus \u00e0 l\u2019\u0153uvre\u00a0;\u00a0<\/span><\/li>\n<li class=\"para-TC_txt\"><span class=\"char-TC_txt-Local-350\">d\u2019envisager avec le m\u00e9diateur ces divers domaines en jeu\u00a0;\u00a0<\/span><\/li>\n<li class=\"para-TC_txt\"><span class=\"char-TC_txt-Local-350\">de s\u2019engager dans un travail \u00e0 terme.\u00a0<\/span><\/li>\n<\/ul>\n<p class=\"para-TC_txt\"><span class=\"char-TC_txt-Local-350\">En effet, pour le m\u00e9diateur en situation, la question principale \u00e0 laquelle il souhaite obtenir une r\u00e9ponse est la suivante\u00a0: les parties en conflit peuvent-elles et souhaitent-elles encore faire quelque chose ensemble\u00a0?<\/span><\/p>\n<p class=\"para-TC_txt\"><span class=\"char-TC_txt-Local-350\">Le m\u00e9diateur dispose d\u2019une batterie de techniques, d\u2019apports, de retours, de dispositifs, qui visent \u00e0 susciter des r\u00e9ponses en ce sens. Les choses se pr\u00e9sentent bien lorsque le m\u00e9diateur peut constater, durant les s\u00e9ances de travail, que les acteurs pr\u00e9sents pr\u00e9servent la bonne tenue des d\u00e9bats, qu\u2019ils y participent activement, que personne n\u2019adopte d\u2019attitudes de fuite, que les participants font preuve d\u2019int\u00e9r\u00eat, d\u2019attention et vigilance, qu\u2019ils restent parfois bien au-del\u00e0 du temps fix\u00e9 au d\u00e9part\u2026 Quand les cadres apparaissent comme des acteurs motiv\u00e9s, anim\u00e9s d\u2019une volont\u00e9 de bien faire et soucieux de la s\u00e9curit\u00e9 et du bien \u00eatre des b\u00e9n\u00e9ficiaires accueillis dans l\u2019\u00e9tablissement, qu\u2019ils se posent beaucoup de questions quant au management des personnels.<\/span>\u00a0<span class=\"char-of-TC_txt-338\"><br \/>\n<\/span><\/p>\n<h1 class=\"para-TC_inter_01\"><span class=\"char-of-TC_txt-338\">Le langage des conflits<\/span>\u00a0<span class=\"char-TC_txt-Local-350\"><br \/>\n<\/span><\/h1>\n<p class=\"para-TC_txt\"><span class=\"char-TC_txt-Local-350\">En mati\u00e8re de conflits, il existe quelques cat\u00e9gories bien identifi\u00e9es\u00a0:\u00a0<\/span><\/p>\n<ul>\n<li class=\"para-TC_txt\"><span class=\"char-TC_txt-Local-350\">les conflits interpersonnels, qui opposent des personnes autour d\u2019un enjeu de pouvoir et portent sur des divergences de statuts, de projets, d\u2019id\u00e9es ou de styles\u00a0;\u00a0<\/span><\/li>\n<li class=\"para-TC_txt\"><span class=\"char-TC_txt-Local-350\">des conflits groupaux, qui opposent des \u00e9quipes ou des clans, rep\u00e9r\u00e9s ou non\u00a0;\u00a0<\/span><\/li>\n<li class=\"para-TC_txt\"><span class=\"char-TC_txt-Local-350\">des conflits cat\u00e9goriels, qui opposent des cat\u00e9gories de personnels\u00a0;\u00a0<\/span><\/li>\n<li class=\"para-TC_txt\"><span class=\"char-TC_txt-Local-350\">des conflits sociaux, qui opposent des parties identifi\u00e9es sur un enjeu rationnel bien d\u00e9fini (augmentation de salaire, conditions de travail, horaires, plan social, etc.).\u00a0<\/span><\/li>\n<\/ul>\n<p class=\"para-TC_txt\"><span class=\"char-TC_txt-Local-350\">Il existe aussi des \u00ab\u00a0crises\u00a0\u00bb qui se pr\u00e9sentent comme un syndrome et dans lesquelles s\u2019entrem\u00ealent un ensemble de facteurs. La crise constitue bien souvent le r\u00e9sultant d\u2019un n\u0153ud relationnel, d\u00fb lui-m\u00eame \u00e0 un t\u00e9lescopage de logiques diff\u00e9rentes. La crise devient alors l\u2019expression d\u2019un changement qui ne peut se r\u00e9aliser (d\u2019o\u00f9 l\u2019impression d\u2019incompr\u00e9hension et de pi\u00e9tinement). <\/span><\/p>\n<p class=\"para-TC_txt\"><span class=\"char-TC_txt-Local-350\">\u00c0 ce titre, la crise (du grec\u00a0<\/span><em><span class=\"char-TC_txt_ital\">krisis<\/span><\/em><span class=\"char-TC_txt-Local-350\">) repr\u00e9sente litt\u00e9ralement le moment du choix et de la d\u00e9cision\u00a0; elle se r\u00e9v\u00e8le \u00eatre une transition entre un avant et un apr\u00e8s incompatibles, le chaos entre deux ordres\u00a0: l\u2019ancien et le nouveau. Elle n\u2019est pas tant cause que cons\u00e9quence de dysfonctionnements. Ce n\u2019est donc pas la crise qui est le probl\u00e8me, mais un probl\u00e8me qui devient crise parce qu\u2019il ne se r\u00e9sout pas. <\/span><span class=\"char-TC_txt-Local-350\">Une crise de grande ampleur ne surgit pas comme cela, elle n\u00e9cessite un processus d\u2019accumulation et un d\u00e9clencheur. Bien souvent, des ingr\u00e9dients communs se retrouvent\u00a0:\u00a0<\/span><\/p>\n<ul>\n<li class=\"para-TC_txt\"><span class=\"char-TC_txt-Local-350\">l\u2019\u00e9tablissement ou le service ont connu de mani\u00e8re r\u00e9guli\u00e8re des tensions, voire des conflits, et ce parfois avec des directions diff\u00e9rentes\u00a0;\u00a0<\/span><\/li>\n<li class=\"para-TC_txt\"><span class=\"char-TC_txt-Local-350\">il existe des dysfonctionnements et des insuffisances dans les modalit\u00e9s de prise en charge des b\u00e9n\u00e9ficiaires\u00a0;\u00a0<\/span><\/li>\n<li class=\"para-TC_txt\"><span class=\"char-TC_txt-Local-350\">il existe de tr\u00e8s fortes tensions entre divers personnels (personnels \u00e9ducatif, param\u00e9dical, m\u00e9dical, psychologique, logistique) que le conflit entre cadres et une part des personnels ne saurait \u00e9vacuer.\u00a0<\/span><\/li>\n<\/ul>\n<p class=\"para-TC_txt\"><span class=\"char-TC_txt-Local-350\">Il est toujours st\u00e9rile et dangereux de r\u00e9duire une crise \u00e0 quelques \u00e9tats d\u2019\u00e2mes ou \u00e0 quelques simples difficult\u00e9s de communication. Une crise \u00ab\u00a0parle\u00a0\u00bb et il est important de r\u00e9ceptionner le message qu\u2019elle d\u00e9livre\u00a0: la crise appelle un changement et il convient d\u2019en d\u00e9finir les axes.<\/span><\/p>\n<p class=\"para-TC_txt\"><span class=\"char-TC_txt-Local-350\">Dans la plupart des cas, un \u00e9pisode conflictuel exprime divers facteurs en jeu, comme un certain niveau de stress au travail ou de mauvaises conditions de travail, des fonctions et des proc\u00e9dures de travail insuffisamment d\u00e9finies, un manque de reconnaissance ou une communication d\u00e9faillante, un manque de formation, une organisation du travail insuffisante, des modifications d\u2019horaires, un contexte g\u00e9n\u00e9ral de mutation pour l\u2019action sanitaire et sociale, mais aussi parfois une certaine routinisation, etc.<br \/>\n<\/span><\/p>\n<blockquote>\n<p class=\"para-TC_txt\">Une crise \u00ab parle \u00bb, et il est important de r\u00e9ceptionner le message qu\u2019elle d\u00e9livre\u2026<\/p>\n<\/blockquote>\n<h1 class=\"para-TC_inter_01\"><span class=\"char-of-TC_txt-338\">Un contexte conflictog\u00e8ne<\/span>\u00a0<span class=\"char-TC_txt-Local-350\"><br \/>\n<\/span><\/h1>\n<p class=\"para-TC_txt\"><span class=\"char-TC_txt-Local-350\">En fonction des aspects d\u00e9velopp\u00e9s pr\u00e9c\u00e9demment, nombre de crises actuelles r\u00e9sultent de ce que nous appelons un \u00ab\u00a0choc culturel\u00a0\u00bb. Ce dernier ob\u00e9it \u00e0 des causes et prend des formes diff\u00e9rentes selon les secteurs (sanitaire, m\u00e9dico-social ou social), m\u00eame s\u2019il produit des effets similaires\u00a0: incompr\u00e9hension, d\u00e9motivation et perte de sens, stress et tensions interpersonnelles. Il r\u00e9sulte globalement de la confrontation entre des pratiques professionnelles, des modes d\u2019organisation et de management et les nouvelles exigences du contexte soci\u00e9tal d\u2019aujourd\u2019hui, exigences tout \u00e0 la fois d\u2019ordre \u00e9conomique, technologique et socio-culturel. Ce nouveau contexte appelle \u00e0 une modification profonde et de plus en plus rapide des organisations et des relations de travail. Cette mutation n\u2019est sans doute pas compl\u00e8tement appr\u00e9hend\u00e9e par tous les acteurs du fait d\u2019un d\u00e9ficit d\u2019information sur les nombreuses \u00e9volutions du contexte soci\u00e9tal actuel. De ce fait, les changements sont fr\u00e9quemment per\u00e7us comme autant d\u2019exigences exprim\u00e9es par les seuls cadres\u00a0et dirigeants.<\/span><\/p>\n<p class=\"para-TC_txt\"><span class=\"char-TC_txt-Local-350\">Le conflit est \u00e9galement favoris\u00e9 par l\u2019accueil de populations parfois difficiles, par des ph\u00e9nom\u00e8nes d\u2019usure (en tous les cas de routinisation) qui ont pu se mettre en \u0153uvre\u00a0; par des territoires marqu\u00e9s et des r\u00e9flexes corporatistes qui ont pu \u00e9merger comme autant de lignes de d\u00e9fense. On peut encore ajouter \u00e0 tout cela le r\u00f4le environnemental jou\u00e9 par les locaux lorsqu\u2019ils ne sont pas en bon \u00e9tat ou suffisamment fonctionnels.\u00a0<\/span><\/p>\n<h1 class=\"para-TC_inter_01\"><span class=\"char-of-TC_txt-338\">La m\u00e9diation, bien souvent une \u00e9tape<\/span>\u00a0<span class=\"char-TC_txt-Local-350\"><br \/>\n<\/span><\/h1>\n<p class=\"para-TC_txt\"><span class=\"char-TC_txt-Local-350\">Nous l\u2019avons dit, la m\u00e9diation ne suffit pas toujours \u00e0 elle seule \u00e0 d\u00e9passer durablement le conflit ou la crise. Et bien souvent, il est clair que l\u2019on ne peut se contenter de quelques \u00ab\u00a0actions anti-inflammatoires\u00a0\u00bb lorsque la r\u00e9interrogation de la crise implique tout un ensemble. Il est alors possible de proposer un audit, dispositif compl\u00e9mentaire \u00e0 la m\u00e9diation qui peut d\u00e9boucher sur un \u00e9tat des lieux plus pr\u00e9cis et permettre l\u2019expression de tous dans un contexte plus serein. <\/span><span class=\"char-TC_txt-Local-350\">Mais il arrive \u00e9galement qu\u2019il s\u2019av\u00e8re indispensable de proc\u00e9der \u00e0 \u00ab\u00a0un travail de fond\u00a0\u00bb ou plus exactement \u00e0 une sorte de refondation via l\u2019\u00e9laboration d\u2019un nouveau projet d\u2019\u00e9tablissement entra\u00eenant\u00a0:\u00a0<\/span><\/p>\n<ul>\n<li class=\"para-TC_txt\"><span class=\"char-TC_txt-Local-350\">un r\u00e9examen du positionnement m\u00eame de cet \u00e9tablissement \u2013 les publics qu\u2019il accueille, les besoins auxquels il r\u00e9pond, les prestations qu\u2019il propose \u2013 mais aussi de son inscription dans l\u2019environnement, de son partenariat et de sa communication externe\u00a0;\u00a0<\/span><\/li>\n<li class=\"para-TC_txt\"><span class=\"char-TC_txt-Local-350\">une r\u00e9vision de l\u2019ensemble de ses proc\u00e9dures de fonctionnement\u00a0: proc\u00e9dure d\u2019accueil, de contractualisation, de personnalisation, de participation, de d\u00e9marche qualit\u00e9, de garantie en mati\u00e8re de bonnes pratiques, de pr\u00e9vention de la maltraitance, etc.\u00a0;\u00a0<\/span><\/li>\n<li class=\"para-TC_txt\"><span class=\"char-TC_txt-Local-350\">une actualisation de ses choix de dispositifs d\u2019intervention aupr\u00e8s des b\u00e9n\u00e9ficiaires, en mati\u00e8re de sant\u00e9 et de confort, de s\u00e9curit\u00e9, d\u2019accompagnement, d\u2019\u00e9veil ou d\u2019\u00e9ducation, d\u2019animation et de loisirs\u00a0;\u00a0<\/span><\/li>\n<li class=\"para-TC_txt\"><span class=\"char-TC_txt-Local-350\">une d\u00e9finition claire de son organisation et de ses proc\u00e9dures professionnelles, de son utilisation des ressources humaines et mat\u00e9rielles, de ses d\u00e9finitions de fonctions, de ses modes de communication interne.\u00a0<\/span><\/li>\n<\/ul>\n<p class=\"para-TC_txt\"><span class=\"char-TC_txt-Local-350\">D\u2019autres pr\u00e9conisations s\u2019av\u00e8rent utiles mais sont \u00e0 resituer dans le cadre plus large de la d\u00e9marche qualit\u00e9 ou de la gestion des ressources humaines, comme la mise en place de \u00ab\u00a0groupes de progr\u00e8s\u00a0\u00bb, afin de traiter ce qui peut \u00eatre am\u00e9lior\u00e9 au sein de l\u2019\u00e9tablissement, ou encore la mise en \u0153uvre \u00ab\u00a0d\u2019entretiens professionnels de progr\u00e8s\u00a0\u00bb permettant de faire le point avec chaque membre du personnel. <\/span><span class=\"char-TC_txt-Local-350\">D\u2019autres pr\u00e9conisations plus p\u00e9riph\u00e9riques peuvent \u00eatre encore faites, telles que\u00a0:\u00a0<\/span><\/p>\n<ul>\n<li class=\"para-TC_txt\"><span class=\"char-TC_txt-Local-350\">des formations \u00e0 la communication et aux techniques de reformulation\u00a0;\u00a0<\/span><\/li>\n<li class=\"para-TC_txt\"><span class=\"char-TC_txt-Local-350\">des formations compl\u00e9mentaires au management des organisations pour les cadres.<\/span><\/li>\n<\/ul>\n<p>Jean-Ren\u00e9 Loubat est notamment l&#8217;auteur de <em>Penser le management<\/em>, Dunod, 2006, <em>\u00c9laborer un projet d&#8217;\u00e9tablissement ou de service<\/em>, Dunod, 2012, et <em>Motiver les \u00e9quipes en travail social<\/em> (avec F. Charleux), ESF, 2012.<\/p>\n<script>function PlayerjsAsync(){} if(window[\"Playerjs\"]){PlayerjsAsync();}<\/script>","protected":false},"excerpt":{"rendered":"<p><span class=\"span-reading-time rt-reading-time\" style=\"display: block;\"><span class=\"rt-label rt-prefix\">Temps de lecture\u00a0: <\/span> <span class=\"rt-time\"> 5<\/span> <span class=\"rt-label rt-postfix\">minutes<\/span><\/span>\ufeffNombre d\u2019\u00e9tablissements sanitaires et sociaux ont v\u00e9cu ou connaissent un \u00e9pisode p\u00e9nible en mati\u00e8re de climat social. Des personnels se plaignent parfois du mode relationnel de leur direction de service ou d\u2019\u00e9tablissement par un courrier adress\u00e9 \u00e0 une direction g\u00e9n\u00e9rale, \u00e0 une pr\u00e9sidence de l\u2019association gestionnaire, \u00e0 d\u2019autres partenaires administratifs, \u00e0 la m\u00e9decine du travail,voire \u00e0 la presse locale, jusqu\u2019\u00e0 prendre la forme d\u2019une manifestation sur la voie publique\u2026 Quand la situation est bloqu\u00e9e, quand on a du mal \u00e0 sortir de l\u2019impasse, \u00e0 identifier les divers facteurs en jeu et \u00e0 d\u00e9boucher sur des propositions constructives, dans l\u2019int\u00e9r\u00eat de tous, une op\u00e9ration de m\u00e9diation peut s\u2019av\u00e9rer utile.<\/p>\n","protected":false},"author":1202,"featured_media":0,"comment_status":"open","ping_status":"open","sticky":false,"template":"","format":"standard","meta":{"_acf_changed":false,"_relevanssi_hide_post":"","_relevanssi_hide_content":"","_relevanssi_pin_for_all":"","_relevanssi_pin_keywords":"","_relevanssi_unpin_keywords":"","_relevanssi_related_keywords":"","_relevanssi_related_include_ids":"","_relevanssi_related_exclude_ids":"","_relevanssi_related_no_append":"","_relevanssi_related_not_related":"","_relevanssi_related_posts":"","_relevanssi_noindex_reason":"","footnotes":""},"categories":[26,2],"tags":[671,670,669,668,672],"class_list":["post-15374","post","type-post","status-publish","format-standard","hentry","category-dossier","category-gestions-hospitalieres","tag-climat-social","tag-communication-interne","tag-conflit","tag-mediation","tag-ressources-humaines"],"acf":[],"yoast_head":"<!-- This site is optimized with the Yoast SEO plugin v24.8.1 - https:\/\/yoast.com\/wordpress\/plugins\/seo\/ -->\n<title>La m\u00e9diation - Gestions hospitali\u00e8res<\/title>\n<meta name=\"robots\" content=\"index, follow, max-snippet:-1, max-image-preview:large, max-video-preview:-1\" \/>\n<link rel=\"canonical\" href=\"https:\/\/www.ricom-web8.com\/gestions\/la-mediation\/\" \/>\n<meta property=\"og:locale\" content=\"fr_FR\" \/>\n<meta property=\"og:type\" content=\"article\" \/>\n<meta property=\"og:title\" content=\"La m\u00e9diation - Gestions hospitali\u00e8res\" \/>\n<meta property=\"og:description\" content=\"Temps de lecture\u00a0:  5 minutes\ufeffNombre d\u2019\u00e9tablissements sanitaires et sociaux ont v\u00e9cu ou connaissent un \u00e9pisode p\u00e9nible en mati\u00e8re de climat social. Des personnels se plaignent parfois du mode relationnel de leur direction de service ou d\u2019\u00e9tablissement par un courrier adress\u00e9 \u00e0 une direction g\u00e9n\u00e9rale, \u00e0 une pr\u00e9sidence de l\u2019association gestionnaire, \u00e0 d\u2019autres partenaires administratifs, \u00e0 la m\u00e9decine du travail,voire \u00e0 la presse locale, jusqu\u2019\u00e0 prendre la forme d\u2019une manifestation sur la voie publique\u2026 Quand la situation est bloqu\u00e9e, quand on a du mal \u00e0 sortir de l\u2019impasse, \u00e0 identifier les divers facteurs en jeu et \u00e0 d\u00e9boucher sur des propositions constructives, dans l\u2019int\u00e9r\u00eat de tous, une op\u00e9ration de m\u00e9diation peut s\u2019av\u00e9rer utile.\" \/>\n<meta property=\"og:url\" content=\"https:\/\/www.ricom-web8.com\/gestions\/la-mediation\/\" \/>\n<meta property=\"og:site_name\" content=\"Gestions hospitali\u00e8res\" \/>\n<meta property=\"article:publisher\" content=\"https:\/\/www.facebook.com\/gestionshospitalieres\/\" \/>\n<meta property=\"article:published_time\" content=\"2012-04-30T22:00:00+00:00\" \/>\n<meta property=\"article:modified_time\" content=\"2018-03-08T13:50:53+00:00\" \/>\n<meta name=\"author\" content=\"yann Le Sager\" \/>\n<meta name=\"twitter:card\" content=\"summary_large_image\" \/>\n<meta name=\"twitter:creator\" content=\"@revue_GH\" \/>\n<meta name=\"twitter:site\" content=\"@revue_GH\" \/>\n<meta name=\"twitter:label1\" content=\"\u00c9crit par\" \/>\n\t<meta name=\"twitter:data1\" content=\"yann Le Sager\" \/>\n\t<meta name=\"twitter:label2\" content=\"Dur\u00e9e de lecture estim\u00e9e\" \/>\n\t<meta name=\"twitter:data2\" content=\"8 minutes\" \/>\n<script type=\"application\/ld+json\" class=\"yoast-schema-graph\">{\"@context\":\"https:\/\/schema.org\",\"@graph\":[{\"@type\":\"Article\",\"@id\":\"https:\/\/www.ricom-web8.com\/gestions\/la-mediation\/#article\",\"isPartOf\":{\"@id\":\"https:\/\/www.ricom-web8.com\/gestions\/la-mediation\/\"},\"author\":{\"name\":\"yann Le Sager\",\"@id\":\"https:\/\/www.ricom-web8.com\/gestions\/#\/schema\/person\/810c9671279c5f5a094f6f0a42237516\"},\"headline\":\"La m\u00e9diation\",\"datePublished\":\"2012-04-30T22:00:00+00:00\",\"dateModified\":\"2018-03-08T13:50:53+00:00\",\"mainEntityOfPage\":{\"@id\":\"https:\/\/www.ricom-web8.com\/gestions\/la-mediation\/\"},\"wordCount\":1692,\"commentCount\":0,\"publisher\":{\"@id\":\"https:\/\/www.ricom-web8.com\/gestions\/#organization\"},\"keywords\":[\"climat social\",\"communication interne\",\"conflit\",\"m\u00e9diation\",\"ressources humaines\"],\"articleSection\":[\"dossier\",\"Gestions Hospitali\u00e8res\"],\"inLanguage\":\"fr-FR\",\"potentialAction\":[{\"@type\":\"CommentAction\",\"name\":\"Comment\",\"target\":[\"https:\/\/www.ricom-web8.com\/gestions\/la-mediation\/#respond\"]}]},{\"@type\":\"WebPage\",\"@id\":\"https:\/\/www.ricom-web8.com\/gestions\/la-mediation\/\",\"url\":\"https:\/\/www.ricom-web8.com\/gestions\/la-mediation\/\",\"name\":\"La m\u00e9diation - Gestions hospitali\u00e8res\",\"isPartOf\":{\"@id\":\"https:\/\/www.ricom-web8.com\/gestions\/#website\"},\"datePublished\":\"2012-04-30T22:00:00+00:00\",\"dateModified\":\"2018-03-08T13:50:53+00:00\",\"breadcrumb\":{\"@id\":\"https:\/\/www.ricom-web8.com\/gestions\/la-mediation\/#breadcrumb\"},\"inLanguage\":\"fr-FR\",\"potentialAction\":[{\"@type\":\"ReadAction\",\"target\":[\"https:\/\/www.ricom-web8.com\/gestions\/la-mediation\/\"]}]},{\"@type\":\"BreadcrumbList\",\"@id\":\"https:\/\/www.ricom-web8.com\/gestions\/la-mediation\/#breadcrumb\",\"itemListElement\":[{\"@type\":\"ListItem\",\"position\":1,\"name\":\"Accueil\",\"item\":\"https:\/\/www.ricom-web8.com\/gestions\/\"},{\"@type\":\"ListItem\",\"position\":2,\"name\":\"La m\u00e9diation\"}]},{\"@type\":\"WebSite\",\"@id\":\"https:\/\/www.ricom-web8.com\/gestions\/#website\",\"url\":\"https:\/\/www.ricom-web8.com\/gestions\/\",\"name\":\"Gestions hospitali\u00e8res\",\"description\":\"la revue des d\u00e9cideurs hospitaliers\",\"publisher\":{\"@id\":\"https:\/\/www.ricom-web8.com\/gestions\/#organization\"},\"potentialAction\":[{\"@type\":\"SearchAction\",\"target\":{\"@type\":\"EntryPoint\",\"urlTemplate\":\"https:\/\/www.ricom-web8.com\/gestions\/?s={search_term_string}\"},\"query-input\":{\"@type\":\"PropertyValueSpecification\",\"valueRequired\":true,\"valueName\":\"search_term_string\"}}],\"inLanguage\":\"fr-FR\"},{\"@type\":\"Organization\",\"@id\":\"https:\/\/www.ricom-web8.com\/gestions\/#organization\",\"name\":\"Gestions hospitali\u00e8res\",\"url\":\"https:\/\/www.ricom-web8.com\/gestions\/\",\"logo\":{\"@type\":\"ImageObject\",\"inLanguage\":\"fr-FR\",\"@id\":\"https:\/\/www.ricom-web8.com\/gestions\/#\/schema\/logo\/image\/\",\"url\":\"https:\/\/gestions-hospitalieres.fr\/wp-content\/uploads\/2017\/02\/picto_Gif-GH-trans.png\",\"contentUrl\":\"https:\/\/gestions-hospitalieres.fr\/wp-content\/uploads\/2017\/02\/picto_Gif-GH-trans.png\",\"width\":512,\"height\":512,\"caption\":\"Gestions hospitali\u00e8res\"},\"image\":{\"@id\":\"https:\/\/www.ricom-web8.com\/gestions\/#\/schema\/logo\/image\/\"},\"sameAs\":[\"https:\/\/www.facebook.com\/gestionshospitalieres\/\",\"https:\/\/x.com\/revue_GH\",\"https:\/\/www.linkedin.com\/company\/gestions-hospitalieres?trk=top_nav_home\"]},{\"@type\":\"Person\",\"@id\":\"https:\/\/www.ricom-web8.com\/gestions\/#\/schema\/person\/810c9671279c5f5a094f6f0a42237516\",\"name\":\"yann Le Sager\",\"image\":{\"@type\":\"ImageObject\",\"inLanguage\":\"fr-FR\",\"@id\":\"https:\/\/www.ricom-web8.com\/gestions\/#\/schema\/person\/image\/\",\"url\":\"https:\/\/secure.gravatar.com\/avatar\/36112fa5997be9e3b9acb0c60a4a1075?s=96&d=mm&r=g\",\"contentUrl\":\"https:\/\/secure.gravatar.com\/avatar\/36112fa5997be9e3b9acb0c60a4a1075?s=96&d=mm&r=g\",\"caption\":\"yann Le Sager\"},\"url\":\"https:\/\/www.ricom-web8.com\/gestions\/author\/lesager-yannstudioricom-com\/\"}]}<\/script>\n<!-- \/ Yoast SEO plugin. -->","yoast_head_json":{"title":"La m\u00e9diation - Gestions hospitali\u00e8res","robots":{"index":"index","follow":"follow","max-snippet":"max-snippet:-1","max-image-preview":"max-image-preview:large","max-video-preview":"max-video-preview:-1"},"canonical":"https:\/\/www.ricom-web8.com\/gestions\/la-mediation\/","og_locale":"fr_FR","og_type":"article","og_title":"La m\u00e9diation - Gestions hospitali\u00e8res","og_description":"Temps de lecture\u00a0:  5 minutes\ufeffNombre d\u2019\u00e9tablissements sanitaires et sociaux ont v\u00e9cu ou connaissent un \u00e9pisode p\u00e9nible en mati\u00e8re de climat social. Des personnels se plaignent parfois du mode relationnel de leur direction de service ou d\u2019\u00e9tablissement par un courrier adress\u00e9 \u00e0 une direction g\u00e9n\u00e9rale, \u00e0 une pr\u00e9sidence de l\u2019association gestionnaire, \u00e0 d\u2019autres partenaires administratifs, \u00e0 la m\u00e9decine du travail,voire \u00e0 la presse locale, jusqu\u2019\u00e0 prendre la forme d\u2019une manifestation sur la voie publique\u2026 Quand la situation est bloqu\u00e9e, quand on a du mal \u00e0 sortir de l\u2019impasse, \u00e0 identifier les divers facteurs en jeu et \u00e0 d\u00e9boucher sur des propositions constructives, dans l\u2019int\u00e9r\u00eat de tous, une op\u00e9ration de m\u00e9diation peut s\u2019av\u00e9rer utile.","og_url":"https:\/\/www.ricom-web8.com\/gestions\/la-mediation\/","og_site_name":"Gestions hospitali\u00e8res","article_publisher":"https:\/\/www.facebook.com\/gestionshospitalieres\/","article_published_time":"2012-04-30T22:00:00+00:00","article_modified_time":"2018-03-08T13:50:53+00:00","author":"yann Le Sager","twitter_card":"summary_large_image","twitter_creator":"@revue_GH","twitter_site":"@revue_GH","twitter_misc":{"\u00c9crit par":"yann Le Sager","Dur\u00e9e de lecture estim\u00e9e":"8 minutes"},"schema":{"@context":"https:\/\/schema.org","@graph":[{"@type":"Article","@id":"https:\/\/www.ricom-web8.com\/gestions\/la-mediation\/#article","isPartOf":{"@id":"https:\/\/www.ricom-web8.com\/gestions\/la-mediation\/"},"author":{"name":"yann Le Sager","@id":"https:\/\/www.ricom-web8.com\/gestions\/#\/schema\/person\/810c9671279c5f5a094f6f0a42237516"},"headline":"La m\u00e9diation","datePublished":"2012-04-30T22:00:00+00:00","dateModified":"2018-03-08T13:50:53+00:00","mainEntityOfPage":{"@id":"https:\/\/www.ricom-web8.com\/gestions\/la-mediation\/"},"wordCount":1692,"commentCount":0,"publisher":{"@id":"https:\/\/www.ricom-web8.com\/gestions\/#organization"},"keywords":["climat social","communication interne","conflit","m\u00e9diation","ressources humaines"],"articleSection":["dossier","Gestions Hospitali\u00e8res"],"inLanguage":"fr-FR","potentialAction":[{"@type":"CommentAction","name":"Comment","target":["https:\/\/www.ricom-web8.com\/gestions\/la-mediation\/#respond"]}]},{"@type":"WebPage","@id":"https:\/\/www.ricom-web8.com\/gestions\/la-mediation\/","url":"https:\/\/www.ricom-web8.com\/gestions\/la-mediation\/","name":"La m\u00e9diation - Gestions hospitali\u00e8res","isPartOf":{"@id":"https:\/\/www.ricom-web8.com\/gestions\/#website"},"datePublished":"2012-04-30T22:00:00+00:00","dateModified":"2018-03-08T13:50:53+00:00","breadcrumb":{"@id":"https:\/\/www.ricom-web8.com\/gestions\/la-mediation\/#breadcrumb"},"inLanguage":"fr-FR","potentialAction":[{"@type":"ReadAction","target":["https:\/\/www.ricom-web8.com\/gestions\/la-mediation\/"]}]},{"@type":"BreadcrumbList","@id":"https:\/\/www.ricom-web8.com\/gestions\/la-mediation\/#breadcrumb","itemListElement":[{"@type":"ListItem","position":1,"name":"Accueil","item":"https:\/\/www.ricom-web8.com\/gestions\/"},{"@type":"ListItem","position":2,"name":"La m\u00e9diation"}]},{"@type":"WebSite","@id":"https:\/\/www.ricom-web8.com\/gestions\/#website","url":"https:\/\/www.ricom-web8.com\/gestions\/","name":"Gestions hospitali\u00e8res","description":"la revue des d\u00e9cideurs hospitaliers","publisher":{"@id":"https:\/\/www.ricom-web8.com\/gestions\/#organization"},"potentialAction":[{"@type":"SearchAction","target":{"@type":"EntryPoint","urlTemplate":"https:\/\/www.ricom-web8.com\/gestions\/?s={search_term_string}"},"query-input":{"@type":"PropertyValueSpecification","valueRequired":true,"valueName":"search_term_string"}}],"inLanguage":"fr-FR"},{"@type":"Organization","@id":"https:\/\/www.ricom-web8.com\/gestions\/#organization","name":"Gestions hospitali\u00e8res","url":"https:\/\/www.ricom-web8.com\/gestions\/","logo":{"@type":"ImageObject","inLanguage":"fr-FR","@id":"https:\/\/www.ricom-web8.com\/gestions\/#\/schema\/logo\/image\/","url":"https:\/\/gestions-hospitalieres.fr\/wp-content\/uploads\/2017\/02\/picto_Gif-GH-trans.png","contentUrl":"https:\/\/gestions-hospitalieres.fr\/wp-content\/uploads\/2017\/02\/picto_Gif-GH-trans.png","width":512,"height":512,"caption":"Gestions hospitali\u00e8res"},"image":{"@id":"https:\/\/www.ricom-web8.com\/gestions\/#\/schema\/logo\/image\/"},"sameAs":["https:\/\/www.facebook.com\/gestionshospitalieres\/","https:\/\/x.com\/revue_GH","https:\/\/www.linkedin.com\/company\/gestions-hospitalieres?trk=top_nav_home"]},{"@type":"Person","@id":"https:\/\/www.ricom-web8.com\/gestions\/#\/schema\/person\/810c9671279c5f5a094f6f0a42237516","name":"yann Le Sager","image":{"@type":"ImageObject","inLanguage":"fr-FR","@id":"https:\/\/www.ricom-web8.com\/gestions\/#\/schema\/person\/image\/","url":"https:\/\/secure.gravatar.com\/avatar\/36112fa5997be9e3b9acb0c60a4a1075?s=96&d=mm&r=g","contentUrl":"https:\/\/secure.gravatar.com\/avatar\/36112fa5997be9e3b9acb0c60a4a1075?s=96&d=mm&r=g","caption":"yann Le Sager"},"url":"https:\/\/www.ricom-web8.com\/gestions\/author\/lesager-yannstudioricom-com\/"}]}},"_links":{"self":[{"href":"https:\/\/www.ricom-web8.com\/gestions\/wp-json\/wp\/v2\/posts\/15374","targetHints":{"allow":["GET"]}}],"collection":[{"href":"https:\/\/www.ricom-web8.com\/gestions\/wp-json\/wp\/v2\/posts"}],"about":[{"href":"https:\/\/www.ricom-web8.com\/gestions\/wp-json\/wp\/v2\/types\/post"}],"author":[{"embeddable":true,"href":"https:\/\/www.ricom-web8.com\/gestions\/wp-json\/wp\/v2\/users\/1202"}],"replies":[{"embeddable":true,"href":"https:\/\/www.ricom-web8.com\/gestions\/wp-json\/wp\/v2\/comments?post=15374"}],"version-history":[{"count":0,"href":"https:\/\/www.ricom-web8.com\/gestions\/wp-json\/wp\/v2\/posts\/15374\/revisions"}],"wp:attachment":[{"href":"https:\/\/www.ricom-web8.com\/gestions\/wp-json\/wp\/v2\/media?parent=15374"}],"wp:term":[{"taxonomy":"category","embeddable":true,"href":"https:\/\/www.ricom-web8.com\/gestions\/wp-json\/wp\/v2\/categories?post=15374"},{"taxonomy":"post_tag","embeddable":true,"href":"https:\/\/www.ricom-web8.com\/gestions\/wp-json\/wp\/v2\/tags?post=15374"}],"curies":[{"name":"wp","href":"https:\/\/api.w.org\/{rel}","templated":true}]}}