

{"id":15382,"date":"2012-07-01T00:00:00","date_gmt":"2012-06-30T22:00:00","guid":{"rendered":"http:\/\/ricom-web.com\/gestions-hospitalieres\/violence-et-institution-psychiatrique\/"},"modified":"2018-03-08T12:17:33","modified_gmt":"2018-03-08T11:17:33","slug":"violence-et-institution-psychiatrique","status":"publish","type":"post","link":"https:\/\/www.ricom-web8.com\/gestions\/violence-et-institution-psychiatrique\/","title":{"rendered":"Violence et institution psychiatrique"},"content":{"rendered":"<span class=\"span-reading-time rt-reading-time\" style=\"display: block;\"><span class=\"rt-label rt-prefix\">Temps de lecture\u00a0: <\/span> <span class=\"rt-time\"> 10<\/span> <span class=\"rt-label rt-postfix\">minutes<\/span><\/span><p class=\"para-TC_txt\"><span class=\"char-TC_txt-Local-256\">La violence des malades mentaux \u00e0 l\u2019encontre du personnel soignant a \u00e9t\u00e9 rapport\u00e9e par de nombreux auteurs, qui soulignent sa fr\u00e9quence, sa quasi-in\u00e9luctabilit\u00e9, parfois sa gravit\u00e9 pouvant aller jusqu\u2019au meurtre\u00a0<\/span><span class=\"char-TC_txt-Local-118\"><sup class=\"appel\" data-toggle=\"modal\" data-target=\"#notes\">(1)<\/sup><\/span><span class=\"char-TC_txt-Local-256\">. Le personnel travaillant en psychiatrie est expos\u00e9 de mani\u00e8re quotidienne plusieurs heures par jour au contact des malades mentaux, pouvant de ce fait prendre la place de la famille et devenir cible de violence. <\/span><span class=\"char-TC_txt-Local-256\">Les cons\u00e9quences de cette violence envers les soignants peuvent aussi \u00eatre importantes en termes de baisse du rendement, de demandes de mutation, de d\u00e9motivation et de cong\u00e9s de maladie. L\u2019impact peut donc \u00eatre aussi cons\u00e9quent sur le plan psychique, avec parfois de v\u00e9ritables \u00e9tats de stress posttraumatiques et d\u2019autres pathologies d\u00e9pressives ou anxieuses.<\/span><\/p>\n<p class=\"para-TC_txt\"><span class=\"char-TC_txt-Local-256\">Pour conna\u00eetre les circonstances de la survenue de la violence dirig\u00e9e contre le personnel soignant de l\u2019h\u00f4pital Razi et \u00e9tudier les cons\u00e9quences de cette violence, nous avons men\u00e9 une enqu\u00eate transversale et descriptive sur 100 sujets tir\u00e9s de l\u2019ensemble du personnel soignant (m\u00e9decin, infirmier, aide-soignant). Ce personnel a \u00e9t\u00e9 invit\u00e9 \u00e0 r\u00e9pondre \u00e0 un questionnaire semi-structur\u00e9 comprenant quatre parties explorant les caract\u00e9ristiques g\u00e9n\u00e9rales, respectivement, du personnel agress\u00e9, du patient agresseur, de l\u2019acte agressif et des solutions propos\u00e9es par le personnel.\u00a0<\/span><\/p>\n<h1 class=\"para-TC_inter_01\"><span class=\"char-of-TC_txt-219\">R\u00e9sultats\u00a0<\/span><\/h1>\n<p class=\"para-TC_txt\"><span class=\"char-TC_txt-Local-256\">Toutes les personnes interrog\u00e9es ont rapport\u00e9 avoir \u00e9t\u00e9 victimes au moins une fois d\u2019une violence commise par un ou plusieurs patients psychiatriques.\u00a0<\/span><\/p>\n<h2 class=\"para-TC_inter_02\"><span class=\"char-of-TC_txt-132\">Le personnel agress\u00e9<br \/>\n<\/span><\/h2>\n<ul>\n<li class=\"para-TC_txt\"><span class=\"char-TC_txt-Local-256\">53\u00a0% de l\u2019\u00e9chantillon est de sexe f\u00e9minin, soit un sex ratio \u00e9gal \u00e0 0,88.<br \/>\n<\/span><\/li>\n<li class=\"para-TC_txt\"><span class=\"char-TC_txt-Local-256\">\u00c2ge moyen\u00a0: 39,2 +\/-14,8 ans, avec un pic \u00e0 25-30 ans.\u00a0<\/span><\/li>\n<li class=\"para-TC_txt\"><span class=\"char-TC_txt-Local-256\">Fonction\u00a0: param\u00e9dicale (68\u00a0%), m\u00e9dicale (32\u00a0%), ouvri\u00e8re (16\u00a0%).\u00a0<\/span><\/li>\n<li class=\"para-TC_txt\"><span class=\"char-TC_txt-Local-256\">Anciennet\u00e9\u00a0: 3 mois \u00e0 33 ans, avec dans 68\u00a0% des cas une activit\u00e9 inf\u00e9rieure \u00e0 cinq ans.<br \/>\n<\/span><\/li>\n<\/ul>\n<h2 class=\"para-TC_inter_02\"><span class=\"char-of-TC_txt-132\">Le patient agresseur\u00a0<\/span><\/h2>\n<ul>\n<li class=\"para-TC_txt\"><span class=\"char-TC_txt-Local-256\">Nombre de patients agresseurs\u00a0: 176.<\/span><\/li>\n<li class=\"para-TC_txt\"><span class=\"char-TC_txt-Local-256\">La majorit\u00e9 (61\u00a0%) hospitalis\u00e9e au moment de l\u2019acte agressif.\u00a0<\/span><\/li>\n<li class=\"para-TC_txt\"><span class=\"char-TC_txt-Local-256\">59\u00a0% de sexe masculin, soit un sex ratio \u00e9gal \u00e0 1,44.\u00a0<\/span><\/li>\n<li class=\"para-TC_txt\"><span class=\"char-TC_txt-Local-256\">\u00c2ge moyen\u00a0: 37,2 +\/-\u00a017,8 ans, avec des extr\u00eames allant de 20 \u00e0 55 ans.\u00a0<\/span><\/li>\n<li class=\"para-TC_txt\"><span class=\"char-TC_txt-Local-256\">Pr\u00e8s de 88\u00a0% ont des ant\u00e9c\u00e9dents d\u2019hospitalisations en milieu psychiatrique.\u00a0<\/span><\/li>\n<li class=\"para-TC_txt\"><span class=\"char-TC_txt-Local-256\">La pathologie de l\u2019agresseur telle que pr\u00e9cis\u00e9e par les victimes est domin\u00e9e par la schizophr\u00e9nie (58\u00a0%), l\u2019acc\u00e8s maniaque (18\u00a0%)et la bouff\u00e9e d\u00e9lirante aigu\u00eb.\u00a0<\/span><\/li>\n<li class=\"para-TC_txt\"><span class=\"char-TC_txt-Local-256\">Troubles de la personnalit\u00e9\u00a0: psychopathie (7\u00a0%), \u00e9tat limite (3\u00a0%), personnalit\u00e9 parano\u00efaque (2\u00a0%).\u00a0<\/span><\/li>\n<li class=\"para-TC_txt\"><span class=\"char-TC_txt-Local-256\">Retard mental (5\u00a0%).\u00a0<\/span><\/li>\n<\/ul>\n<h2 class=\"para-TC_inter_02-Local-18\"><span class=\"char-of-TC_txt-132\">L\u2019acte agressif\u00a0<\/span><\/h2>\n<ul>\n<li class=\"para-TC_txt\"><span class=\"char-TC_txt-Local-256\">Parmi les sujets interrog\u00e9s, 74\u00a0% rapportent avoir subi au moins un acte agressif physique, 80\u00a0% ont \u00e9t\u00e9 victimes d\u2019une agression verbale (insulte, injure, propos obsc\u00e8ne).\u00a0<\/span><\/li>\n<li class=\"para-TC_txt\"><span class=\"char-TC_txt-Local-256\">L\u2019agression verbale est dans 54\u00a0% des cas associ\u00e9e \u00e0 une agression physique.\u00a0<\/span><\/li>\n<li class=\"para-TC_txt\"><span class=\"char-TC_txt-Local-256\">60\u00a0% du personnel victime d\u2019une agression physique sont des femmes.\u00a0<\/span><\/li>\n<li class=\"para-TC_txt\"><span class=\"char-TC_txt-Local-256\">R\u00e9partition selon la nature des actes agressifs\u00a0: coups (27\u00a0%) et gifles (20\u00a0%), deux tentatives de viol, trois attentats \u00e0 la pudeur\u00a0; atteinte aux biens (3\u00a0%)\u00a0; dix-sept menaces s\u00e9rieuses de mort, dont trois verbales et quatorze physiques avec une arme blanche ou un \u00e9tranglement respectivement dans huit et six cas.\u00a0<\/span><\/li>\n<li class=\"para-TC_txt\"><span class=\"char-TC_txt-Local-256\">30\u00a0% des actes agressifs seraient d\u00e9crits comme pr\u00e9m\u00e9dit\u00e9s.<br \/>\n<\/span><\/li>\n<li class=\"para-TC_txt\"><span class=\"char-TC_txt-Local-256\">La r\u00e9partition, selon la fr\u00e9quence des actes agressifs, par rapport \u00e0 l\u2019anciennet\u00e9 du personnel, montre la pr\u00e9dominance des agressions physiques lors des deux premi\u00e8res ann\u00e9es du travail. Parmi les 26\u00a0% du personnel victime d\u2019une agression verbale, 80\u00a0% avaient une anciennet\u00e9 inf\u00e9rieure \u00e0 un an.\u00a0<\/span><\/li>\n<li class=\"para-TC_txt\"><span class=\"char-TC_txt-Local-256\">Contexte de l\u2019agression\u00a0: d\u00e9lirant (78\u00a0%), impulsif (12\u00a0%), en r\u00e9action \u00e0 une contrari\u00e9t\u00e9 (8\u00a0%) et \u00e0 une provocation (2\u00a0%).\u00a0<\/span><\/li>\n<li class=\"para-TC_txt\"><span class=\"char-TC_txt-Local-256\">Lieu de l\u2019agression\u00a0: le service psychiatrique o\u00f9 travaille l\u2019agent agress\u00e9 (61\u00a0%), les urgences (38\u00a0%)\u00a0; 1\u00a0% des agressions ont eu lieu en dehors de l\u2019h\u00f4pital.\u00a0<\/span><\/li>\n<li class=\"para-TC_txt\"><span class=\"char-TC_txt-Local-256\">Moment de l\u2019agression\u00a0: m\u00e9dication (injection de psychotrope) ou r\u00e9alisation d\u2019une contention physique (53\u00a0%), au cours de l\u2019entretien (18\u00a0%)\u00a0; 64\u00a0% du personnel agress\u00e9 \u00e9tait seul au moment de l\u2019agression.\u00a0<\/span><\/li>\n<li class=\"para-TC_txt\"><span class=\"char-TC_txt-Local-256\">71\u00a0% du personnel agress\u00e9 rapporte avoir \u00e9t\u00e9 traumatis\u00e9 par l\u2019agression. Dans 23\u00a0% des cas, cette violence a donn\u00e9 lieu \u00e0 une plaie ou \u00e0 une fracture.\u00a0<\/span><\/li>\n<li class=\"para-TC_txt\"><span class=\"char-TC_txt-Local-256\">16\u00a0% ont d\u00e9clar\u00e9 cette agression\u00a0; 11\u00a0% ont \u00e9t\u00e9 reconnus victimes d\u2019accident de travail et ont b\u00e9n\u00e9fici\u00e9 d\u2019un cong\u00e9 de maladie apr\u00e8s l\u2019agression.\u00a0<\/span><\/li>\n<li class=\"para-TC_txt\"><span class=\"char-TC_txt-Local-256\">7\u00a0% des patients agresseurs ont \u00e9t\u00e9 transf\u00e9r\u00e9s dans un autre pavillon, 3\u00a0% au service de psychiatrie l\u00e9gale, deux ont \u00e9t\u00e9 emprisonn\u00e9s. Il s\u2019agissait dans ces derniers cas de sujets pr\u00e9sentant une personnalit\u00e9 antisociale.\u00a0<\/span><\/li>\n<\/ul>\n<h2 class=\"para-TC_inter_02-Local-18\"><span class=\"char-of-TC_txt-132\">Actions propos\u00e9es pour lutter ou pr\u00e9venir la violence\u00a0<\/span><\/h2>\n<ul>\n<li class=\"para-TC_txt\"><span class=\"char-TC_txt-Local-256\">Pouvoir b\u00e9n\u00e9ficier d\u2019une formation et \u00eatre plus prudent (47\u00a0%).<br \/>\n<\/span><\/li>\n<li class=\"para-TC_txt\"><span class=\"char-TC_txt-Local-256\">Renforcer la s\u00e9curit\u00e9 et augmenter le personnel (37\u00a0%).<br \/>\n<\/span><\/li>\n<li class=\"para-TC_txt\"><span class=\"char-TC_txt-Local-256\">B\u00e9n\u00e9ficier de structures sp\u00e9cifiques telles que les chambres d\u2019isolement (11\u00a0%).\u00a0<\/span><\/li>\n<\/ul>\n<p class=\"para-TC_txt\"><span class=\"char-TC_txt-Local-256\">Trente pour cent du personnel semblent \u00eatre plus pessimistes en mentionnant qu\u2019il n\u2019y a pas de solution et que ce sont les risques du m\u00e9tier.\u00a0<\/span><\/p>\n<h1 class=\"para-TC_inter_01\"><span class=\"char-of-TC_txt-219\">Discussion\u00a0<\/span><\/h1>\n<h2 class=\"para-TC_inter_02-Local-18\"><span class=\"char-of-TC_txt-132\">Limites de notre \u00e9tude<\/span>\u00a0<span class=\"char-of-TC_txt-219\"><br \/>\n<\/span><\/h2>\n<p class=\"para-TC_txt\"><span class=\"char-TC_txt-Local-256\">L\u2019interpr\u00e9tation des r\u00e9sultats doit tenir compte du fait que les r\u00e9ponses fournies d\u00e9pendent, en grande partie, de la subjectivit\u00e9 des participants. Une prudence est de mise concernant les diagnostics des sujets agresseurs, la majorit\u00e9 de notre \u00e9chantillon \u00e9tant constitu\u00e9e du personnel param\u00e9dical. Si le caract\u00e8re transversal de l\u2019\u00e9tude permet d\u2019en faciliter la r\u00e9alisation et d\u2019avoir une id\u00e9e sur les actes de violence subis dans le pass\u00e9, il ne permet pas de suivre l\u2019\u00e9volution de cette violence dans le temps. Enfin, la grande fr\u00e9quence de la violence subie et sa g\u00e9n\u00e9ralisation \u00e0 tout l\u2019\u00e9chantillon, ainsi que le caract\u00e8re descriptif de notre \u00e9tude, ne permettent pas de d\u00e9terminer des facteurs de risque, qu\u2019ils soient reli\u00e9s au patient, au personnel ou au contexte.\u00a0<\/span><\/p>\n<h2 class=\"para-TC_txt\"><span class=\"char-of-TC_txt-132\">Violence et \u00e9quipe soignante\u00a0<\/span><\/h2>\n<p class=\"para-TC_txt\"><span class=\"char-TC_txt-Local-256\">Nous avons \u00e9t\u00e9 frapp\u00e9s par la fr\u00e9quence de la violence subie par le personnel (agression physique ou verbale) et par la banalisation des actes agressifs par la majorit\u00e9 des personnes interrog\u00e9es. Cette grande fr\u00e9quence des actes de violence dans les institutions hospitali\u00e8res a d\u00e9j\u00e0 \u00e9t\u00e9 d\u00e9nonc\u00e9e par certains auteurs qui d\u00e9notent aussi sa plus grande pr\u00e9valence dans les services des urgences. Dans notre \u00e9tude, les urgences \u00e0 elles seules sont \u00e0 l\u2019origine de 38\u00a0% des agressions.<\/span><\/p>\n<p class=\"para-TC_txt\"><span class=\"char-TC_txt-Local-256\">La pr\u00e9valence de la violence aux h\u00f4pitaux varie de 5\u00a0% \u00e0 100\u00a0% selon les \u00e9tudes et les m\u00e9thodes d\u2019\u00e9valuation employ\u00e9es. Selon certains auteurs, ces chiffres seront dans les prochaines ann\u00e9es \u00e0 la hausse. Cette violence est cependant beaucoup plus importante dans les institutions psychiatriques\u00a0: l\u2019\u00e9tude Maalej\u00a0<\/span><span class=\"char-TC_txt-Local-118\"><sup class=\"appel\" data-toggle=\"modal\" data-target=\"#notes\">(2)<\/sup><\/span>\u00a0<span class=\"char-TC_txt-Local-256\">y rel\u00e8ve 54\u00a0% de violence. <\/span><span class=\"char-TC_txt-Local-256\">D\u2019un autre c\u00f4t\u00e9, il semble exister un seuil de tol\u00e9rance \u00e9lev\u00e9 pour la violence parmi le personnel exer\u00e7ant dans les services de psychiatrie, sans doute une cons\u00e9quence directe de sa fr\u00e9quence. On le voit bien d\u2019ailleurs dans notre \u00e9tude, puisque certaines personnes interrog\u00e9es ont r\u00e9pondu qu\u2019il n\u2019y avait pas de solutions pour diminuer la violence et que ce sont les risques du m\u00e9tier (30\u00a0% des sujets). Le risque est alors grand d\u2019aller dans le sens d\u2019une non-reconnaissance de la souffrance de la personne ayant subi cette violence. Reconnaissance qui reste importante et n\u00e9cessaire dans la reconstitution de la personne apr\u00e8s l\u2019agression.\u00a0<\/span><\/p>\n<blockquote>\n<p class=\"para-TC_txt\">La violence des patients est consid\u00e9r\u00e9e comme un risque \u00e0 part enti\u00e8re en \u00e9tablissement psychiatrique. C\u2019est par cette int\u00e9gration dans la gestion des risques qu\u2019il sera possible d\u2019att\u00e9nuer la souffrance des personnels soignants.<\/p>\n<\/blockquote>\n<p class=\"para-TC_txt\"><span class=\"char-TC_txt-Local-256\">Dans notre \u00e9chantillon, les victimes des actes de violence sont \u00e2g\u00e9es de 25 \u00e0 55 ans, avec un \u00e2ge moyen de 39,2 +\/-\u00a014,8\u00a0; 53\u00a0% des cas sont de sexe f\u00e9minin. Le jeune \u00e2ge et la pr\u00e9dominance f\u00e9minine ont aussi \u00e9t\u00e9 rapport\u00e9s par d\u2019autres auteurs. Benezech\u00a0<\/span><span class=\"char-TC_txt-Local-118\"><sup class=\"appel\" data-toggle=\"modal\" data-target=\"#notes\">(3)<\/sup><\/span>\u00a0<span class=\"char-TC_txt-Local-256\">estime qu\u2019une des situations \u00e0 risque typique est celle d\u2019un professionnel de la sant\u00e9, de sexe f\u00e9minin, seul en face d\u2019un malade mental et dans un lieu isol\u00e9 au sein du service. La pr\u00e9dominance du sexe f\u00e9minin des victimes pourrait \u00eatre expliqu\u00e9e par une moindre force physique de la femme. Pour certains patients schizophr\u00e8nes ou d\u00e9lirants \u00e0 th\u00e9matique religieuse et pour les toxicomanes et les psychopathes, la femme constituerait une cible de choix. <\/span><span class=\"char-TC_txt-Local-256\">Quant au jeune \u00e2ge, il est en partie expliqu\u00e9 par le manque d\u2019exp\u00e9rience. Ce r\u00e9sultat est d\u2019ailleurs \u00e0 relier \u00e0 celui concernant le nombre d\u2019ann\u00e9es d\u2019exercice. Ainsi, le jeune recrut\u00e9 pr\u00e9sente d\u00e8s son embauche un double handicap, celui du manque d\u2019exp\u00e9rience \u00e0 la fois dans son domaine et dans le contact du patient malade mental; il serait de ce fait plus souvent confront\u00e9 \u00e0 l\u2019agression.<\/span><\/p>\n<p class=\"para-TC_txt\"><span class=\"char-TC_txt-Local-256\">Dans notre \u00e9tude, le personnel agress\u00e9 est majoritairement constitu\u00e9 d\u2019infirmiers (52\u00a0%) et l\u2019agression a lieu dans 53\u00a0% des cas au moment de la m\u00e9dication. Un r\u00e9sultat conforme \u00e0 celui rapport\u00e9 par d\u2019autres auteurs. <\/span><span class=\"char-TC_txt-Local-256\">Cormier a signal\u00e9 que l\u2019agression commise par les patients psychiatriques se d\u00e9roule surtout dans le cadre de relations sp\u00e9cifiques; les personnes qui ont un contact privil\u00e9gi\u00e9 avec les malades mentaux et qui \u00e9tablissent avec eux un certain lien affectif sont ainsi principalement vis\u00e9es<\/span>\u00a0<span class=\"char-TC_txt-Local-118\"><sup class=\"appel\" data-toggle=\"modal\" data-target=\"#notes\">(4)<\/sup><\/span><span class=\"char-TC_txt-Local-256\">. Dans notre contexte hospitalier, ce sont essentiellement les infirmiers qui prennent en charge le quotidien du malade mental, incluant ainsi les soins corporels, la prise m\u00e9dicamenteuse, parfois l\u2019alimentation. Ce sont aussi les infirmiers qui restent le plus en contact avec le patient psychiatrique. Tous ces \u00e9l\u00e9ments les exposeraient directement \u00e0 la violence des malades mentaux.<\/span><\/p>\n<p class=\"para-TC_txt\"><span class=\"char-TC_txt-Local-256\">Bien que les cons\u00e9quences physiques soient b\u00e9nignes dans 18\u00a0% des cas, la violence subie est \u00e0 l\u2019origine d\u2019un traumatisme important pour la victime dans 71\u00a0% des cas. <\/span><span class=\"char-TC_txt-Local-256\">Diverses cons\u00e9quences de la violence subie par le personnel soignant ont \u00e9t\u00e9 rapport\u00e9es dans la litt\u00e9rature, dont les plus importantes sont\u00a0:\u00a0<\/span><\/p>\n<ul>\n<li class=\"para-TC_txt\"><span class=\"char-TC_txt-Local-256\">la baisse du rendement\u00a0;\u00a0<\/span><\/li>\n<li class=\"para-TC_txt\"><span class=\"char-TC_txt-Local-256\">des demandes de mutation du poste de travail\u00a0;\u00a0<\/span><\/li>\n<li class=\"para-TC_txt\"><span class=\"char-TC_txt-Local-256\">une augmentation des tensions en milieu de travail, une mauvaise ambiance de travail\u00a0;\u00a0<\/span><\/li>\n<li class=\"para-TC_txt\"><span class=\"char-TC_txt-Local-256\">une augmentation des cong\u00e9s de maladie\u00a0;\u00a0<\/span><\/li>\n<li class=\"para-TC_txt\"><span class=\"char-TC_txt-Local-256\">une violence dirig\u00e9e \u00e0 l\u2019encontre des patients avec notamment des cas de maltraitance.\u00a0<\/span><\/li>\n<\/ul>\n<p class=\"para-TC_txt\"><span class=\"char-TC_txt-Local-256\">Certains auteurs ont abord\u00e9 le probl\u00e8me de la souffrance des soignants en cons\u00e9quence \u00e0 la violence des patients. Il s\u2019av\u00e8re que toute agression violente est objet de souffrance, elle peut avoir des cons\u00e9quences psychologiques, qu\u2019il y ait eu ou non de l\u00e9sion corporelle. \u00c0 ce titre, les agressions graves peuvent \u00eatre \u00e0 l\u2019origine d\u2019un \u00e9tat de stress posttraumatique, de pathologie d\u00e9pressive ou de manifestations anxieuses. <\/span><span class=\"char-TC_txt-Local-256\">Dans notre \u00e9tude, la majorit\u00e9 du personnel agress\u00e9 a signal\u00e9 la non-d\u00e9claration de l\u2019acte de violence comme un accident de travail. Conform\u00e9ment \u00e0 notre \u00e9tude, plusieurs auteurs d\u00e9noncent cette sous-d\u00e9claration<\/span><span class=\"char-TC_txt-Local-256\">.<\/span><\/p>\n<p class=\"para-TC_txt\"><button data-toggle=\"collapse\" data-target=\"#enc_2012_343_01\">TABLEAU 1<\/button><div id=\"enc_2012_343_01\" class=\"encadre collapse\"><div class=\"page\" title=\"Page 16\">\n<div class=\"section\">\n<div class=\"layoutArea\">\n<div class=\"column\">\n<p><span class=\"surtitre_enc\">TABLEAU 1<\/span><\/p>\n<h2>Pr\u00e9valence de la violence\u00a0et d\u00e9claration comme accident de travail<\/h2>\n<p><img decoding=\"async\" class=\"alignnone size-full wp-image-30235\" src=\"https:\/\/gestions-hospitalieres.fr\/wp-content\/uploads\/2016\/12\/Capture-d\u2019\u00e9cran-2016-12-27-\u00e0-17.07.37.png\" alt=\"capture-decran-2016-12-27-a-17-07-37\" width=\"600\" height=\"370\" srcset=\"https:\/\/www.ricom-web8.com\/gestions\/wp-content\/uploads\/2016\/12\/Capture-d\u2019\u00e9cran-2016-12-27-\u00e0-17.07.37.png 600w, https:\/\/www.ricom-web8.com\/gestions\/wp-content\/uploads\/2016\/12\/Capture-d\u2019\u00e9cran-2016-12-27-\u00e0-17.07.37-300x185.png 300w\" sizes=\"(max-width: 600px) 100vw, 600px\" \/><\/p>\n<\/div>\n<\/div>\n<\/div>\n<\/div>\n<\/div><\/p>\n<p class=\"para-TC_txt\"><span class=\"char-TC_txt-Local-256\">Les explications \u00e0 ce ph\u00e9nom\u00e8ne semblent \u00eatre de deux natures\u00a0:<br \/>\n<\/span><\/p>\n<ul>\n<li class=\"para-TC_txt\"><span class=\"char-TC_txt-Local-256\">la r\u00e9p\u00e9tition des actes de violence physique ou verbale banaliserait la d\u00e9claration. Les soignants affirment l\u2019impossibilit\u00e9 de d\u00e9clarer chaque fois qu\u2019ils sont victimes. La d\u00e9claration n\u2019est effectu\u00e9e que lorsque l\u2019incident \u00ab\u00a0violence\u00a0\u00bb est particuli\u00e8rement grave\u00a0;\u00a0<\/span><\/li>\n<li class=\"para-TC_txt\"><span class=\"char-TC_txt-Local-256\">la sous-d\u00e9claration traduisait la peur du jugement de la hi\u00e9rarchie et la crainte de se voir jug\u00e9 incomp\u00e9tent. Certains soignants vivent la violence des patients comme \u00ab\u00a0une blessure \u00e0 leur amour propre\u00a0\u00bb et portent personnellement une appr\u00e9ciation tr\u00e8s n\u00e9gative sur leur impossibilit\u00e9 \u00e0 avoir pu \u00ab\u00a0contr\u00f4ler\u00a0\u00bb le patient violent\u00a0<\/span><span class=\"char-TC_txt-Local-118\"><sup class=\"appel\" data-toggle=\"modal\" data-target=\"#notes\">(5)<\/sup><\/span><span class=\"char-TC_txt-Local-256\">.\u00a0<\/span><\/li>\n<\/ul>\n<p class=\"para-TC_txt\"><span class=\"char-TC_txt-Local-256\">Malgr\u00e9 la dangerosit\u00e9 de certains passages \u00e0 l\u2019acte, les patients agresseurs n\u2019ont \u00e9t\u00e9 l\u2019objet de mesures judiciaires que dans 1\u00a0% des cas et d\u2019hospitalisation dans un service de psychiatrie l\u00e9gale que dans 3\u00a0% des cas.<br \/>\n<\/span><span class=\"char-TC_txt-Local-256\">Benezech\u00a0<\/span><span class=\"char-TC_txt-Local-118\"><sup class=\"appel\" data-toggle=\"modal\" data-target=\"#notes\">(6)<\/sup><\/span>\u00a0<span class=\"char-TC_txt-Local-256\">mentionne qu\u2019il ne faut pas h\u00e9siter \u00e0 ordonner des mesures d\u2019isolement, voire de mise en accusation dans le cas des actes de violence subis par des psychopathes qui doivent \u00eatre \u00e0 ce titre responsabilis\u00e9s. <\/span><span class=\"char-TC_txt-Local-256\">C\u2019est le cas aussi pour des sujets malades mentaux suivis par exemple pour une psychose et qui r\u00e9alisent leur acte de violence dans un cadre utilitaire et pr\u00e9m\u00e9dit\u00e9.\u00a0<\/span><\/p>\n<h2 class=\"para-TC_inter_02\"><span class=\"char-of-TC_txt-132\">Violence et malades mentaux\u00a0<\/span><\/h2>\n<p class=\"para-TC_txt\"><span class=\"char-TC_txt-Local-256\">Il est important \u00e0 ce stade de rappeler quelques d\u00e9finitions.\u00a0<\/span><\/p>\n<ul>\n<li class=\"para-TC_txt\"><span class=\"char-TC_txt-Local-256\">Le patient dangereux est celui qui est susceptible de commettre un passage \u00e0 l\u2019acte violent, celui qui peut avoir commis des gestes violents ou non. Il peut \u00eatre dangereux vis-\u00e0-vis de lui-m\u00eame ou d\u2019autrui.\u00a0<\/span><\/li>\n<li class=\"para-TC_txt\"><span class=\"char-TC_txt-Local-256\">Le patient agressif est celui qui exprime une pulsion dont le contr\u00f4le est incertain. Nous sommes l\u00e0 dans le registre de l\u2019expression pulsionnelle.\u00a0<\/span><\/li>\n<li class=\"para-TC_txt\"><span class=\"char-TC_txt-Local-256\">Le patient violent est celui qui a d\u00e9j\u00e0 r\u00e9alis\u00e9 un passage \u00e0 l\u2019acte sur autrui et qui continue de le faire. Il peut aussi \u00eatre qualifi\u00e9 de dangereux et d\u2019agressif.\u00a0<\/span><\/li>\n<\/ul>\n<p class=\"para-TC_txt\"><span class=\"char-TC_txt-Local-256\">Dans notre \u00e9tude, l\u2019\u00e2ge moyen des patients agresseurs est de 37,2\u2008ans +\/-\u00a014,8. Ce r\u00e9sultat rejoint celui des travaux se rapportant \u00e0 la violence qui montrent que les adultes jeunes sont plus violents que le reste de la population; cela concerne \u00e9galement les malades mentaux, le risque \u00e9tant plus \u00e9lev\u00e9 chez les patients de moins de 30 ou 40 ans\u00a0<\/span><span class=\"char-TC_txt-Local-118\"><sup class=\"appel\" data-toggle=\"modal\" data-target=\"#notes\">(7)<\/sup><\/span><span class=\"char-TC_txt-Local-256\">. <\/span><span class=\"char-TC_txt-Local-256\">Nous avons trouv\u00e9 une nette pr\u00e9dominance masculine\u00a0: 59\u00a0% parmi les patients agresseurs. Toutefois, ce r\u00e9sultat pourrait \u00eatre biais\u00e9 par la pr\u00e9dominance des hommes de mani\u00e8re g\u00e9n\u00e9rale en milieu psychiatrique. En effet, dans notre pays, les femmes y sont largement sous-repr\u00e9sent\u00e9es puisque l\u2019h\u00f4pital Razi accueille deux fois moins de femmes que d\u2019hommes\u00a0<\/span><span class=\"char-TC_txt-Local-118\"><sup class=\"appel\" data-toggle=\"modal\" data-target=\"#notes\">(8)<\/sup><\/span><span class=\"char-TC_txt-Local-256\">. <\/span><span class=\"char-TC_txt-Local-256\">Nous avons trouv\u00e9 une proportion importante de schizophr\u00e9nie (58\u00a0%) dans le groupe de patients agresseurs. La schizophr\u00e9nie est par ailleurs le diagnostic pr\u00e9dominant parmi la population hospitali\u00e8re de l\u2019h\u00f4pital Razi. <em>Erenen\u00a0<\/em><\/span><em><span class=\"char-TC_txt_ital\">et al\u00a0<\/span><\/em><span class=\"char-TC_txt-Local-118\"><sup class=\"appel\" data-toggle=\"modal\" data-target=\"#notes\">(9)<\/sup><\/span>\u00a0<span class=\"char-TC_txt-Local-256\">estiment que le risque de commettre un acte violent li\u00e9 \u00e0 une pathologie schizophr\u00e9nique est dix fois sup\u00e9rieur \u00e0 celui retrouv\u00e9 dans la population g\u00e9n\u00e9rale. Les \u00e9tudes de Hodgin\u00a0<\/span><span class=\"char-TC_txt-Local-118\"><sup class=\"appel\" data-toggle=\"modal\" data-target=\"#notes\">(10)\u00a0<\/sup><\/span><span class=\"char-TC_txt-Local-256\">puis de Brennan\u00a0<\/span><span class=\"char-TC_txt-Local-118\"><sup class=\"appel\" data-toggle=\"modal\" data-target=\"#notes\">(11)<\/sup><\/span><span class=\"char-TC_txt-Local-256\">, \u00e0 partir d\u2019un suivi de tr\u00e8s importantes cohortes au Danemark et en Su\u00e8de, confirment ces constatations.<\/span><\/p>\n<p class=\"para-TC_txt\"><span class=\"char-TC_txt-Local-256\">Dans notre \u00e9tude, les patients agresseurs atteints de troubles bipolaires repr\u00e9sentent 18\u00a0%. Dans la population g\u00e9n\u00e9rale, la pr\u00e9sence d\u2019un trouble bipolaire multiplie par cinq le taux des comportements violents. Le potentiel dangereux existe aussi bien durant les acc\u00e8s d\u00e9pressifs, mixtes, que maniaques et hypomaniaques\u00a0<\/span><span class=\"char-TC_txt-Local-118\"><sup class=\"appel\" data-toggle=\"modal\" data-target=\"#notes\">(12)<\/sup><\/span><span class=\"char-TC_txt-Local-256\">. <\/span><span class=\"char-TC_txt-Local-256\">Le retard mental est le diagnostic port\u00e9 chez l\u2019agresseur dans 5\u00a0% des cas de violence subie dans notre \u00e9tude. De m\u00eame, Hodgin rapporte plus de comportements violents parmi les sujets pr\u00e9sentant un retard mental comparativement aux sujets avec un quotient intellectuel normal dans des proportions estim\u00e9es respectivement \u00e0 cinq fois plus pour les hommes et vingt-cinq fois plus pour les femmes\u00a0<\/span><span class=\"char-TC_txt-Local-118\"><sup class=\"appel\" data-toggle=\"modal\" data-target=\"#notes\">(13)<\/sup><\/span><span class=\"char-TC_txt-Local-256\">. <\/span><span class=\"char-TC_txt-Local-256\">Dans notre \u00e9tude, les troubles de la personnalit\u00e9 \u2013 psychopathie,\u00a0<\/span><em><span class=\"char-TC_txt_ital\">borderline<\/span><\/em>\u00a0<span class=\"char-TC_txt-Local-256\">et parano\u00efa \u2013 sont trouv\u00e9s respectivement dans 7\u00a0%, 3\u00a0% et 2\u00a0% des agressions commises. Les personnalit\u00e9s types\u00a0<\/span><em><span class=\"char-TC_txt_ital\">borderline<\/span><\/em>\u00a0<span class=\"char-TC_txt-Local-256\">et antisociale sont en effet fr\u00e9quemment associ\u00e9es \u00e0 un risque \u00e9lev\u00e9 de violence. Ce risque de violence est associ\u00e9 en particulier \u00e0 une impulsivit\u00e9, \u00e0 une intol\u00e9rance des frustrations caract\u00e9ristiques de ces troubles de la personnalit\u00e9\u00a0<\/span><span class=\"char-TC_txt-Local-118\"><sup class=\"appel\" data-toggle=\"modal\" data-target=\"#notes\">(14)<\/sup><\/span><span class=\"char-TC_txt-Local-256\">.<br \/>\n<\/span><\/p>\n<h2 class=\"para-TC_inter_02\"><span class=\"char-of-TC_txt-132\">Actions pour pr\u00e9venir et lutter contre la violence\u00a0<\/span><\/h2>\n<p class=\"para-TC_txt\"><span class=\"char-TC_txt-Local-256\">En milieu hospitalier, les risques peuvent \u00eatre regroup\u00e9s en quatre cat\u00e9gories \u00e9tablies \u00e0 partir des travaux de l\u2019Agence nationale pour les d\u00e9veloppements de l\u2019\u00e9valuation m\u00e9dicale (Andem)\u00a0:\u00a0<\/span><\/p>\n<ul>\n<li class=\"para-TC_txt\"><span class=\"char-TC_txt-Local-256\">le risque li\u00e9 au patient lui-m\u00eame\u00a0: l\u2019\u00e9tat de vuln\u00e9rabilit\u00e9, l\u2019\u00e2ge, le comportement, l\u2019alt\u00e9ration des capacit\u00e9s cognitives peuvent \u00eatre sources d\u2019accidents si l\u2019\u00e9tat du patient n\u2019est pas \u00e9valu\u00e9 et si des mesures pr\u00e9ventives adapt\u00e9es ne sont pas mises en \u0153uvre\u00a0;\u00a0<\/span><\/li>\n<li class=\"para-TC_txt\"><span class=\"char-TC_txt-Local-256\">le risque li\u00e9 \u00e0 la non-conformit\u00e9 r\u00e9glementaire\u00a0: le non-respect d\u2019un certain nombre de recommandations \u00e0 caract\u00e8re pr\u00e9ventif \u00e9l\u00e8ve le risque de survenue d\u2019un accident de violence\u00a0;\u00a0<\/span><\/li>\n<li class=\"para-TC_txt\"><span class=\"char-TC_txt-Local-256\">le risque li\u00e9 \u00e0 des d\u00e9faillances d\u2019organisation\u00a0: l\u2019organisation produit des cha\u00eenes de d\u00e9faillances qui peuvent engendrer un accident de violence\u00a0;\u00a0<\/span><\/li>\n<li class=\"para-TC_txt\"><span class=\"char-TC_txt-Local-256\">le risque li\u00e9 \u00e0 la non-conformit\u00e9 aux bonnes pratiques professionnelles\u00a0: les manquements aux bonnes pratiques accumul\u00e9s vont g\u00e9n\u00e9rer des accidents.\u00a0<\/span><\/li>\n<\/ul>\n<p class=\"para-TC_txt\"><span class=\"char-TC_txt-Local-256\">Les solutions doivent \u00eatre soumises aux crit\u00e8res de faisabilit\u00e9, de co\u00fbt, de facilit\u00e9, de mise en \u0153uvre, de confort pour le patient, de r\u00e9glementation et de l\u2019acceptabilit\u00e9 par les professionnels avant d\u2019\u00eatre valid\u00e9es par la direction de l\u2019\u00e9tablissement.<\/span><\/p>\n<p class=\"para-TC_txt\"><span class=\"char-TC_txt-Local-256\">Les projets de restructuration des \u00e9tablissements hospitaliers psychiatriques imposent une r\u00e9flexion afin de cr\u00e9er les structures aptes \u00e0 faciliter la prise en charge des patients violents. \u00c0 l\u2019h\u00f4pital Razi, l\u2019occasion est offerte par la r\u00e9novation qui est en cours des services hospitaliers. Une reconstruction \u00e0 l\u2019image du service de psychiatrie l\u00e9gale offrirait de meilleures garanties contre la violence des patients psychiatriques\u00a0: fen\u00eatres haut plac\u00e9es, chambres individuelles, lits int\u00e9gr\u00e9s\u2026<\/span><\/p>\n<p class=\"para-TC_txt\"><span class=\"char-TC_txt-Local-256\">La direction des soins et l\u2019encadrement des unit\u00e9s de soins sont au c\u0153ur du dispositif de gestion de la violence par la responsabilisation des professionnels, la mise en \u0153uvre des actions correctives et la cr\u00e9ation d\u2019une \u00e9quipe de s\u00e9curit\u00e9 en \u00e9vitant les sous-effectifs. En effet, dans notre \u00e9tude, le sous-effectif a \u00e9t\u00e9 largement soulign\u00e9 par les soignants (37\u00a0%). \u00c0 l\u2019h\u00f4pital Razi, l\u2019effectif moyen par service est de 39 personnels (9 m\u00e9decins et 30 infirmiers). Le nombre moyen de patients hospitalis\u00e9s par service est de 65, soit 0,6 personnel\/patient.<\/span><\/p>\n<p class=\"para-TC_txt\"><span class=\"char-TC_txt-Local-256\">La composition des \u00e9quipes capables de prendre en charge des patients potentiellement violents est aussi n\u00e9cessaire. Cela se traduira par un \u00e9quilibre quant \u00e0 la f\u00e9minisation de l\u2019\u00e9quipe et la pr\u00e9sence de personnel exp\u00e9riment\u00e9. En effet, actuellement \u00e0 l\u2019h\u00f4pital Razi, l\u2019effectif du personnel param\u00e9dical est de 688 avec un sexe ratio \u00e0 0,89 en faveur des femmes. Il s\u2019agit en fait d\u2019une tendance g\u00e9n\u00e9rale dans le pays. <\/span><span class=\"char-TC_txt-Local-256\">En Tunisie, il n\u2019y a pas encore de formation g\u00e9n\u00e9ralis\u00e9 et sp\u00e9cifique pour les infirmiers qui vont exercer dans le domaine de la psychiatrie, il s\u2019agit plut\u00f4t d\u2019infirmiers polyvalents. Pourtant, la formation initiale et continue du personnel infirmier et aide-soignant favorise l\u2019acquisition de connaissances et pr\u00e9pare les jeunes professionnels \u00e0 faire face aux situations de violence. La formation permet l\u2019identification des signes pr\u00e9dictifs de la violence. Elle favorise \u00e9galement l\u2019identification de son propre positionnement face \u00e0 la violence.\u00a0<\/span><\/p>\n<p class=\"para-TC_txt\"><span class=\"char-TC_txt-Local-256\">La pr\u00e9diction de la violence invite \u00e0 une r\u00e9flexion au sein de chaque institution pour \u00e9viter la banalisation ou la sur\u00e9valuation des ph\u00e9nom\u00e8nes de violence. \u00c0 ce titre, certaines variables en relation avec la dangerosit\u00e9 sont fr\u00e9quemment mises en \u00e9vidence dans les travaux portant sur la violence et le risque de r\u00e9cidive. Plusieurs tests et \u00e9chelles ont \u00e9t\u00e9 propos\u00e9s, mais le protocole d\u2019\u00e9valuation HCR-20 para\u00eet avoir la faveur de la majorit\u00e9 des professionnels, en particulier au Canada. L\u2019\u00e9valuation de l\u2019impact de l\u2019agression para\u00eet essentielle pour r\u00e9duire la souffrance de la personne agress\u00e9e, de m\u00eame que la reconnaissance de cette souffrance. \u00c0 ce titre, la d\u00e9claration des accidents de travail prend toute son importance. <\/span><span class=\"char-TC_txt-Local-256\">La violence des patients est consid\u00e9r\u00e9e comme un risque \u00e0 part enti\u00e8re en \u00e9tablissement psychiatrique. C\u2019est par cette int\u00e9gration dans la gestion des risques qu\u2019il sera possible d\u2019att\u00e9nuer la souffrance du personnel soignant.<\/span><\/p>\n<script>function PlayerjsAsync(){} if(window[\"Playerjs\"]){PlayerjsAsync();}<\/script>","protected":false},"excerpt":{"rendered":"<p>\ufeffLa violence au travail est devenue un v\u00e9ritable probl\u00e8me d\u2019actualit\u00e9. L\u2019h\u00f4pital, jusqu\u2019alors pr\u00e9serv\u00e9, car traditionnellement lieu prot\u00e9g\u00e9 des atteintes ext\u00e9rieures par une morale sociale, n\u2019est plus \u00e9pargn\u00e9. L\u2019h\u00f4pital psychiatrique para\u00eet \u00eatre dans ce sens le p\u00f4le le plus important et le th\u00e9\u00e2tre o\u00f9 se joue la plus grande proportion de violence. Les auteurs ont recherch\u00e9 la pr\u00e9valence et le contexte des comportements violents commis par les patients psychiatriques envers le personnel de soin de l\u2019h\u00f4pital Razi, en Tunisie.<\/p>\n","protected":false},"author":1202,"featured_media":30203,"comment_status":"open","ping_status":"open","sticky":false,"template":"","format":"standard","meta":{"_acf_changed":false,"_relevanssi_hide_post":"","_relevanssi_hide_content":"","_relevanssi_pin_for_all":"","_relevanssi_pin_keywords":"","_relevanssi_unpin_keywords":"","_relevanssi_related_keywords":"","_relevanssi_related_include_ids":"","_relevanssi_related_exclude_ids":"","_relevanssi_related_no_append":"","_relevanssi_related_not_related":"","_relevanssi_related_posts":"","_relevanssi_noindex_reason":"","footnotes":""},"categories":[26,2],"tags":[30,308,695,459,397,142,121,344,285,696],"class_list":["post-15382","post","type-post","status-publish","format-standard","has-post-thumbnail","hentry","category-dossier","category-gestions-hospitalieres","tag-analyse","tag-conditions-de-travail","tag-epuisement-professionnel","tag-organisation-du-travail","tag-personnel-soignant","tag-psychiatrie","tag-relation-de-soin","tag-relation-soignantsoigne","tag-souffrance-au-travail","tag-tunisie"],"acf":[],"yoast_head":"<!-- This site is optimized with the Yoast SEO plugin v24.8.1 - https:\/\/yoast.com\/wordpress\/plugins\/seo\/ -->\n<title>Violence et institution psychiatrique - Gestions hospitali\u00e8res<\/title>\n<meta name=\"robots\" content=\"index, follow, max-snippet:-1, max-image-preview:large, max-video-preview:-1\" \/>\n<link rel=\"canonical\" href=\"https:\/\/www.ricom-web8.com\/gestions\/violence-et-institution-psychiatrique\/\" \/>\n<meta property=\"og:locale\" content=\"fr_FR\" \/>\n<meta property=\"og:type\" content=\"article\" \/>\n<meta property=\"og:title\" content=\"Violence et institution psychiatrique - Gestions hospitali\u00e8res\" \/>\n<meta property=\"og:description\" content=\"\ufeffLa violence au travail est devenue un v\u00e9ritable probl\u00e8me d\u2019actualit\u00e9. L\u2019h\u00f4pital, jusqu\u2019alors pr\u00e9serv\u00e9, car traditionnellement lieu prot\u00e9g\u00e9 des atteintes ext\u00e9rieures par une morale sociale, n\u2019est plus \u00e9pargn\u00e9. L\u2019h\u00f4pital psychiatrique para\u00eet \u00eatre dans ce sens le p\u00f4le le plus important et le th\u00e9\u00e2tre o\u00f9 se joue la plus grande proportion de violence. Les auteurs ont recherch\u00e9 la pr\u00e9valence et le contexte des comportements violents commis par les patients psychiatriques envers le personnel de soin de l\u2019h\u00f4pital Razi, en Tunisie.\" \/>\n<meta property=\"og:url\" content=\"https:\/\/www.ricom-web8.com\/gestions\/violence-et-institution-psychiatrique\/\" \/>\n<meta property=\"og:site_name\" content=\"Gestions hospitali\u00e8res\" \/>\n<meta property=\"article:publisher\" content=\"https:\/\/www.facebook.com\/gestionshospitalieres\/\" \/>\n<meta property=\"article:published_time\" content=\"2012-06-30T22:00:00+00:00\" \/>\n<meta property=\"article:modified_time\" content=\"2018-03-08T11:17:33+00:00\" \/>\n<meta property=\"og:image\" content=\"https:\/\/www.ricom-web8.com\/gestions\/wp-content\/uploads\/2012\/07\/Capture-d\u2019\u00e9cran-2016-12-27-\u00e0-11.58.15.png\" \/>\n\t<meta property=\"og:image:width\" content=\"200\" \/>\n\t<meta property=\"og:image:height\" content=\"200\" \/>\n\t<meta property=\"og:image:type\" content=\"image\/png\" \/>\n<meta name=\"author\" content=\"yann Le Sager\" \/>\n<meta name=\"twitter:card\" content=\"summary_large_image\" \/>\n<meta name=\"twitter:creator\" content=\"@revue_GH\" \/>\n<meta name=\"twitter:site\" content=\"@revue_GH\" \/>\n<meta name=\"twitter:label1\" content=\"\u00c9crit par\" \/>\n\t<meta name=\"twitter:data1\" content=\"yann Le Sager\" \/>\n\t<meta name=\"twitter:label2\" content=\"Dur\u00e9e de lecture estim\u00e9e\" \/>\n\t<meta name=\"twitter:data2\" content=\"16 minutes\" \/>\n<script type=\"application\/ld+json\" class=\"yoast-schema-graph\">{\"@context\":\"https:\/\/schema.org\",\"@graph\":[{\"@type\":\"Article\",\"@id\":\"https:\/\/www.ricom-web8.com\/gestions\/violence-et-institution-psychiatrique\/#article\",\"isPartOf\":{\"@id\":\"https:\/\/www.ricom-web8.com\/gestions\/violence-et-institution-psychiatrique\/\"},\"author\":{\"name\":\"yann Le Sager\",\"@id\":\"https:\/\/www.ricom-web8.com\/gestions\/#\/schema\/person\/810c9671279c5f5a094f6f0a42237516\"},\"headline\":\"Violence et institution psychiatrique\",\"datePublished\":\"2012-06-30T22:00:00+00:00\",\"dateModified\":\"2018-03-08T11:17:33+00:00\",\"mainEntityOfPage\":{\"@id\":\"https:\/\/www.ricom-web8.com\/gestions\/violence-et-institution-psychiatrique\/\"},\"wordCount\":3192,\"commentCount\":0,\"publisher\":{\"@id\":\"https:\/\/www.ricom-web8.com\/gestions\/#organization\"},\"image\":{\"@id\":\"https:\/\/www.ricom-web8.com\/gestions\/violence-et-institution-psychiatrique\/#primaryimage\"},\"thumbnailUrl\":\"https:\/\/www.ricom-web8.com\/gestions\/wp-content\/uploads\/2012\/07\/Capture-d\u2019\u00e9cran-2016-12-27-\u00e0-11.58.15.png\",\"keywords\":[\"analyse\",\"conditions de travail\",\"\u00e9puisement professionnel\",\"organisation du travail\",\"personnel soignant\",\"psychiatrie\",\"relation de soin\",\"relation soignant\/soign\u00e9\",\"souffrance au travail\",\"Tunisie\"],\"articleSection\":[\"dossier\",\"Gestions Hospitali\u00e8res\"],\"inLanguage\":\"fr-FR\",\"potentialAction\":[{\"@type\":\"CommentAction\",\"name\":\"Comment\",\"target\":[\"https:\/\/www.ricom-web8.com\/gestions\/violence-et-institution-psychiatrique\/#respond\"]}]},{\"@type\":\"WebPage\",\"@id\":\"https:\/\/www.ricom-web8.com\/gestions\/violence-et-institution-psychiatrique\/\",\"url\":\"https:\/\/www.ricom-web8.com\/gestions\/violence-et-institution-psychiatrique\/\",\"name\":\"Violence et institution psychiatrique - Gestions hospitali\u00e8res\",\"isPartOf\":{\"@id\":\"https:\/\/www.ricom-web8.com\/gestions\/#website\"},\"primaryImageOfPage\":{\"@id\":\"https:\/\/www.ricom-web8.com\/gestions\/violence-et-institution-psychiatrique\/#primaryimage\"},\"image\":{\"@id\":\"https:\/\/www.ricom-web8.com\/gestions\/violence-et-institution-psychiatrique\/#primaryimage\"},\"thumbnailUrl\":\"https:\/\/www.ricom-web8.com\/gestions\/wp-content\/uploads\/2012\/07\/Capture-d\u2019\u00e9cran-2016-12-27-\u00e0-11.58.15.png\",\"datePublished\":\"2012-06-30T22:00:00+00:00\",\"dateModified\":\"2018-03-08T11:17:33+00:00\",\"breadcrumb\":{\"@id\":\"https:\/\/www.ricom-web8.com\/gestions\/violence-et-institution-psychiatrique\/#breadcrumb\"},\"inLanguage\":\"fr-FR\",\"potentialAction\":[{\"@type\":\"ReadAction\",\"target\":[\"https:\/\/www.ricom-web8.com\/gestions\/violence-et-institution-psychiatrique\/\"]}]},{\"@type\":\"ImageObject\",\"inLanguage\":\"fr-FR\",\"@id\":\"https:\/\/www.ricom-web8.com\/gestions\/violence-et-institution-psychiatrique\/#primaryimage\",\"url\":\"https:\/\/www.ricom-web8.com\/gestions\/wp-content\/uploads\/2012\/07\/Capture-d\u2019\u00e9cran-2016-12-27-\u00e0-11.58.15.png\",\"contentUrl\":\"https:\/\/www.ricom-web8.com\/gestions\/wp-content\/uploads\/2012\/07\/Capture-d\u2019\u00e9cran-2016-12-27-\u00e0-11.58.15.png\",\"width\":200,\"height\":200},{\"@type\":\"BreadcrumbList\",\"@id\":\"https:\/\/www.ricom-web8.com\/gestions\/violence-et-institution-psychiatrique\/#breadcrumb\",\"itemListElement\":[{\"@type\":\"ListItem\",\"position\":1,\"name\":\"Accueil\",\"item\":\"https:\/\/www.ricom-web8.com\/gestions\/\"},{\"@type\":\"ListItem\",\"position\":2,\"name\":\"Violence et institution psychiatrique\"}]},{\"@type\":\"WebSite\",\"@id\":\"https:\/\/www.ricom-web8.com\/gestions\/#website\",\"url\":\"https:\/\/www.ricom-web8.com\/gestions\/\",\"name\":\"Gestions hospitali\u00e8res\",\"description\":\"la revue des d\u00e9cideurs hospitaliers\",\"publisher\":{\"@id\":\"https:\/\/www.ricom-web8.com\/gestions\/#organization\"},\"potentialAction\":[{\"@type\":\"SearchAction\",\"target\":{\"@type\":\"EntryPoint\",\"urlTemplate\":\"https:\/\/www.ricom-web8.com\/gestions\/?s={search_term_string}\"},\"query-input\":{\"@type\":\"PropertyValueSpecification\",\"valueRequired\":true,\"valueName\":\"search_term_string\"}}],\"inLanguage\":\"fr-FR\"},{\"@type\":\"Organization\",\"@id\":\"https:\/\/www.ricom-web8.com\/gestions\/#organization\",\"name\":\"Gestions hospitali\u00e8res\",\"url\":\"https:\/\/www.ricom-web8.com\/gestions\/\",\"logo\":{\"@type\":\"ImageObject\",\"inLanguage\":\"fr-FR\",\"@id\":\"https:\/\/www.ricom-web8.com\/gestions\/#\/schema\/logo\/image\/\",\"url\":\"https:\/\/gestions-hospitalieres.fr\/wp-content\/uploads\/2017\/02\/picto_Gif-GH-trans.png\",\"contentUrl\":\"https:\/\/gestions-hospitalieres.fr\/wp-content\/uploads\/2017\/02\/picto_Gif-GH-trans.png\",\"width\":512,\"height\":512,\"caption\":\"Gestions hospitali\u00e8res\"},\"image\":{\"@id\":\"https:\/\/www.ricom-web8.com\/gestions\/#\/schema\/logo\/image\/\"},\"sameAs\":[\"https:\/\/www.facebook.com\/gestionshospitalieres\/\",\"https:\/\/x.com\/revue_GH\",\"https:\/\/www.linkedin.com\/company\/gestions-hospitalieres?trk=top_nav_home\"]},{\"@type\":\"Person\",\"@id\":\"https:\/\/www.ricom-web8.com\/gestions\/#\/schema\/person\/810c9671279c5f5a094f6f0a42237516\",\"name\":\"yann Le Sager\",\"image\":{\"@type\":\"ImageObject\",\"inLanguage\":\"fr-FR\",\"@id\":\"https:\/\/www.ricom-web8.com\/gestions\/#\/schema\/person\/image\/\",\"url\":\"https:\/\/secure.gravatar.com\/avatar\/36112fa5997be9e3b9acb0c60a4a1075?s=96&d=mm&r=g\",\"contentUrl\":\"https:\/\/secure.gravatar.com\/avatar\/36112fa5997be9e3b9acb0c60a4a1075?s=96&d=mm&r=g\",\"caption\":\"yann Le Sager\"},\"url\":\"https:\/\/www.ricom-web8.com\/gestions\/author\/lesager-yannstudioricom-com\/\"}]}<\/script>\n<!-- \/ Yoast SEO plugin. -->","yoast_head_json":{"title":"Violence et institution psychiatrique - Gestions hospitali\u00e8res","robots":{"index":"index","follow":"follow","max-snippet":"max-snippet:-1","max-image-preview":"max-image-preview:large","max-video-preview":"max-video-preview:-1"},"canonical":"https:\/\/www.ricom-web8.com\/gestions\/violence-et-institution-psychiatrique\/","og_locale":"fr_FR","og_type":"article","og_title":"Violence et institution psychiatrique - Gestions hospitali\u00e8res","og_description":"\ufeffLa violence au travail est devenue un v\u00e9ritable probl\u00e8me d\u2019actualit\u00e9. L\u2019h\u00f4pital, jusqu\u2019alors pr\u00e9serv\u00e9, car traditionnellement lieu prot\u00e9g\u00e9 des atteintes ext\u00e9rieures par une morale sociale, n\u2019est plus \u00e9pargn\u00e9. L\u2019h\u00f4pital psychiatrique para\u00eet \u00eatre dans ce sens le p\u00f4le le plus important et le th\u00e9\u00e2tre o\u00f9 se joue la plus grande proportion de violence. Les auteurs ont recherch\u00e9 la pr\u00e9valence et le contexte des comportements violents commis par les patients psychiatriques envers le personnel de soin de l\u2019h\u00f4pital Razi, en Tunisie.","og_url":"https:\/\/www.ricom-web8.com\/gestions\/violence-et-institution-psychiatrique\/","og_site_name":"Gestions hospitali\u00e8res","article_publisher":"https:\/\/www.facebook.com\/gestionshospitalieres\/","article_published_time":"2012-06-30T22:00:00+00:00","article_modified_time":"2018-03-08T11:17:33+00:00","og_image":[{"width":200,"height":200,"url":"https:\/\/www.ricom-web8.com\/gestions\/wp-content\/uploads\/2012\/07\/Capture-d\u2019\u00e9cran-2016-12-27-\u00e0-11.58.15.png","type":"image\/png"}],"author":"yann Le Sager","twitter_card":"summary_large_image","twitter_creator":"@revue_GH","twitter_site":"@revue_GH","twitter_misc":{"\u00c9crit par":"yann Le Sager","Dur\u00e9e de lecture estim\u00e9e":"16 minutes"},"schema":{"@context":"https:\/\/schema.org","@graph":[{"@type":"Article","@id":"https:\/\/www.ricom-web8.com\/gestions\/violence-et-institution-psychiatrique\/#article","isPartOf":{"@id":"https:\/\/www.ricom-web8.com\/gestions\/violence-et-institution-psychiatrique\/"},"author":{"name":"yann Le Sager","@id":"https:\/\/www.ricom-web8.com\/gestions\/#\/schema\/person\/810c9671279c5f5a094f6f0a42237516"},"headline":"Violence et institution psychiatrique","datePublished":"2012-06-30T22:00:00+00:00","dateModified":"2018-03-08T11:17:33+00:00","mainEntityOfPage":{"@id":"https:\/\/www.ricom-web8.com\/gestions\/violence-et-institution-psychiatrique\/"},"wordCount":3192,"commentCount":0,"publisher":{"@id":"https:\/\/www.ricom-web8.com\/gestions\/#organization"},"image":{"@id":"https:\/\/www.ricom-web8.com\/gestions\/violence-et-institution-psychiatrique\/#primaryimage"},"thumbnailUrl":"https:\/\/www.ricom-web8.com\/gestions\/wp-content\/uploads\/2012\/07\/Capture-d\u2019\u00e9cran-2016-12-27-\u00e0-11.58.15.png","keywords":["analyse","conditions de travail","\u00e9puisement professionnel","organisation du travail","personnel soignant","psychiatrie","relation de soin","relation soignant\/soign\u00e9","souffrance au travail","Tunisie"],"articleSection":["dossier","Gestions Hospitali\u00e8res"],"inLanguage":"fr-FR","potentialAction":[{"@type":"CommentAction","name":"Comment","target":["https:\/\/www.ricom-web8.com\/gestions\/violence-et-institution-psychiatrique\/#respond"]}]},{"@type":"WebPage","@id":"https:\/\/www.ricom-web8.com\/gestions\/violence-et-institution-psychiatrique\/","url":"https:\/\/www.ricom-web8.com\/gestions\/violence-et-institution-psychiatrique\/","name":"Violence et institution psychiatrique - Gestions hospitali\u00e8res","isPartOf":{"@id":"https:\/\/www.ricom-web8.com\/gestions\/#website"},"primaryImageOfPage":{"@id":"https:\/\/www.ricom-web8.com\/gestions\/violence-et-institution-psychiatrique\/#primaryimage"},"image":{"@id":"https:\/\/www.ricom-web8.com\/gestions\/violence-et-institution-psychiatrique\/#primaryimage"},"thumbnailUrl":"https:\/\/www.ricom-web8.com\/gestions\/wp-content\/uploads\/2012\/07\/Capture-d\u2019\u00e9cran-2016-12-27-\u00e0-11.58.15.png","datePublished":"2012-06-30T22:00:00+00:00","dateModified":"2018-03-08T11:17:33+00:00","breadcrumb":{"@id":"https:\/\/www.ricom-web8.com\/gestions\/violence-et-institution-psychiatrique\/#breadcrumb"},"inLanguage":"fr-FR","potentialAction":[{"@type":"ReadAction","target":["https:\/\/www.ricom-web8.com\/gestions\/violence-et-institution-psychiatrique\/"]}]},{"@type":"ImageObject","inLanguage":"fr-FR","@id":"https:\/\/www.ricom-web8.com\/gestions\/violence-et-institution-psychiatrique\/#primaryimage","url":"https:\/\/www.ricom-web8.com\/gestions\/wp-content\/uploads\/2012\/07\/Capture-d\u2019\u00e9cran-2016-12-27-\u00e0-11.58.15.png","contentUrl":"https:\/\/www.ricom-web8.com\/gestions\/wp-content\/uploads\/2012\/07\/Capture-d\u2019\u00e9cran-2016-12-27-\u00e0-11.58.15.png","width":200,"height":200},{"@type":"BreadcrumbList","@id":"https:\/\/www.ricom-web8.com\/gestions\/violence-et-institution-psychiatrique\/#breadcrumb","itemListElement":[{"@type":"ListItem","position":1,"name":"Accueil","item":"https:\/\/www.ricom-web8.com\/gestions\/"},{"@type":"ListItem","position":2,"name":"Violence et institution psychiatrique"}]},{"@type":"WebSite","@id":"https:\/\/www.ricom-web8.com\/gestions\/#website","url":"https:\/\/www.ricom-web8.com\/gestions\/","name":"Gestions hospitali\u00e8res","description":"la revue des d\u00e9cideurs hospitaliers","publisher":{"@id":"https:\/\/www.ricom-web8.com\/gestions\/#organization"},"potentialAction":[{"@type":"SearchAction","target":{"@type":"EntryPoint","urlTemplate":"https:\/\/www.ricom-web8.com\/gestions\/?s={search_term_string}"},"query-input":{"@type":"PropertyValueSpecification","valueRequired":true,"valueName":"search_term_string"}}],"inLanguage":"fr-FR"},{"@type":"Organization","@id":"https:\/\/www.ricom-web8.com\/gestions\/#organization","name":"Gestions hospitali\u00e8res","url":"https:\/\/www.ricom-web8.com\/gestions\/","logo":{"@type":"ImageObject","inLanguage":"fr-FR","@id":"https:\/\/www.ricom-web8.com\/gestions\/#\/schema\/logo\/image\/","url":"https:\/\/gestions-hospitalieres.fr\/wp-content\/uploads\/2017\/02\/picto_Gif-GH-trans.png","contentUrl":"https:\/\/gestions-hospitalieres.fr\/wp-content\/uploads\/2017\/02\/picto_Gif-GH-trans.png","width":512,"height":512,"caption":"Gestions hospitali\u00e8res"},"image":{"@id":"https:\/\/www.ricom-web8.com\/gestions\/#\/schema\/logo\/image\/"},"sameAs":["https:\/\/www.facebook.com\/gestionshospitalieres\/","https:\/\/x.com\/revue_GH","https:\/\/www.linkedin.com\/company\/gestions-hospitalieres?trk=top_nav_home"]},{"@type":"Person","@id":"https:\/\/www.ricom-web8.com\/gestions\/#\/schema\/person\/810c9671279c5f5a094f6f0a42237516","name":"yann Le Sager","image":{"@type":"ImageObject","inLanguage":"fr-FR","@id":"https:\/\/www.ricom-web8.com\/gestions\/#\/schema\/person\/image\/","url":"https:\/\/secure.gravatar.com\/avatar\/36112fa5997be9e3b9acb0c60a4a1075?s=96&d=mm&r=g","contentUrl":"https:\/\/secure.gravatar.com\/avatar\/36112fa5997be9e3b9acb0c60a4a1075?s=96&d=mm&r=g","caption":"yann Le Sager"},"url":"https:\/\/www.ricom-web8.com\/gestions\/author\/lesager-yannstudioricom-com\/"}]}},"_links":{"self":[{"href":"https:\/\/www.ricom-web8.com\/gestions\/wp-json\/wp\/v2\/posts\/15382","targetHints":{"allow":["GET"]}}],"collection":[{"href":"https:\/\/www.ricom-web8.com\/gestions\/wp-json\/wp\/v2\/posts"}],"about":[{"href":"https:\/\/www.ricom-web8.com\/gestions\/wp-json\/wp\/v2\/types\/post"}],"author":[{"embeddable":true,"href":"https:\/\/www.ricom-web8.com\/gestions\/wp-json\/wp\/v2\/users\/1202"}],"replies":[{"embeddable":true,"href":"https:\/\/www.ricom-web8.com\/gestions\/wp-json\/wp\/v2\/comments?post=15382"}],"version-history":[{"count":0,"href":"https:\/\/www.ricom-web8.com\/gestions\/wp-json\/wp\/v2\/posts\/15382\/revisions"}],"wp:featuredmedia":[{"embeddable":true,"href":"https:\/\/www.ricom-web8.com\/gestions\/wp-json\/wp\/v2\/media\/30203"}],"wp:attachment":[{"href":"https:\/\/www.ricom-web8.com\/gestions\/wp-json\/wp\/v2\/media?parent=15382"}],"wp:term":[{"taxonomy":"category","embeddable":true,"href":"https:\/\/www.ricom-web8.com\/gestions\/wp-json\/wp\/v2\/categories?post=15382"},{"taxonomy":"post_tag","embeddable":true,"href":"https:\/\/www.ricom-web8.com\/gestions\/wp-json\/wp\/v2\/tags?post=15382"}],"curies":[{"name":"wp","href":"https:\/\/api.w.org\/{rel}","templated":true}]}}