

{"id":15387,"date":"2012-07-01T00:00:00","date_gmt":"2012-06-30T22:00:00","guid":{"rendered":"http:\/\/ricom-web.com\/gestions-hospitalieres\/implantation-du-programme-daccreditation-hospitaliere\/"},"modified":"2018-03-08T12:14:42","modified_gmt":"2018-03-08T11:14:42","slug":"implantation-du-programme-daccreditation-hospitaliere","status":"publish","type":"post","link":"https:\/\/www.ricom-web8.com\/gestions\/implantation-du-programme-daccreditation-hospitaliere\/","title":{"rendered":"Implantation du programme d\u2019accr\u00e9ditation hospitali\u00e8re"},"content":{"rendered":"<span class=\"span-reading-time rt-reading-time\" style=\"display: block;\"><span class=\"rt-label rt-prefix\">Temps de lecture\u00a0: <\/span> <span class=\"rt-time\"> 12<\/span> <span class=\"rt-label rt-postfix\">minutes<\/span><\/span><p class=\"para-TC_txt\"><span class=\"char-TC_txt-Local-341\">La qualit\u00e9 dans les \u00e9tablissements de soins est une des orientations majeures de la politique de sant\u00e9 du gouvernement marocain depuis 1995; suite \u00e0 la r\u00e9forme hospitali\u00e8re instaur\u00e9e en 2005, le minist\u00e8re de la Sant\u00e9 s\u2019est engag\u00e9 avec l\u2019appui de l\u2019OMS en 2005 dans un processus visant le d\u00e9veloppement d\u2019un syst\u00e8me national d\u2019accr\u00e9ditation hospitali\u00e8re\u00a0<\/span><span class=\"char-TC_txt-Local-350\"><sup class=\"appel\" data-toggle=\"modal\" data-target=\"#notes\">(1)\u00a0<\/sup><\/span><span class=\"char-TC_txt-Local-341\">qui fournirait aux \u00e9tablissements un cadre de r\u00e9f\u00e9rence pour une meilleure organisation fonctionnelle et une meilleure capacit\u00e9 technique et, par cons\u00e9quent, des soins de qualit\u00e9 sup\u00e9rieure et une certaine s\u00e9curit\u00e9 dans la prise en charge des patients\u00a0<\/span><span class=\"char-TC_txt-Local-350\"><sup class=\"appel\" data-toggle=\"modal\" data-target=\"#notes\">(2)<\/sup><\/span><span class=\"char-TC_txt-Local-341\">. <\/span><span class=\"char-TC_txt-Local-341\">Le centre hospitalier r\u00e9gional Moulay Youssef, \u00e0 Casablanca, fait partie des cinq h\u00f4pitaux pilotes qui ont \u00e9t\u00e9 choisis par le minist\u00e8re de la Sant\u00e9 pour participer en 2007 \u00e0 l\u2019exp\u00e9rimentation de la version exp\u00e9rimentale du manuel d\u2019accr\u00e9ditation hospitali\u00e8re. En 2008, \u00e0 l\u2019instar de tous les h\u00f4pitaux r\u00e9gionaux du Maroc, il s\u2019est engag\u00e9 dans le processus d\u2019accr\u00e9ditation hospitali\u00e8re.<\/span><\/p>\n<p class=\"para-TC_txt\"><span class=\"char-TC_txt-Local-341\">Nous avons donc proc\u00e9d\u00e9 \u00e0 une \u00e9tude de la mise en \u0153uvre de la d\u00e9marche d\u2019accr\u00e9ditation dans cet h\u00f4pital, avec pour mat\u00e9riau de recherche la documentation produite, les actions r\u00e9alis\u00e9es (rapports d\u2019audit, questionnaires, plans d\u2019actions, comptes-rendus de r\u00e9union\u2026) et les propos recueillis aupr\u00e8s des diff\u00e9rentes cat\u00e9gories professionnelles.\u00a0<\/span><\/p>\n<h1 class=\"para-TC_inter_01\"><span class=\"char-of-TC_txt-192\">D\u00e9marche\u00a0<\/span><\/h1>\n<p class=\"para-TC_txt\"><span class=\"char-TC_txt-Local-341\">Suite \u00e0 l\u2019envoi par la direction de l\u2019h\u00f4pital d\u2019une demande d\u2019engagement au projet d\u2019accr\u00e9ditation aupr\u00e8s du Conseil national, le comit\u00e9 technique nous a fourni toute la documentation n\u00e9cessaire (r\u00e9f\u00e9rentiel et guide d\u2019accr\u00e9ditation hospitali\u00e8re) en versions papier et \u00e9lectronique. <\/span><span class=\"char-TC_txt-Local-341\">D\u00e8s r\u00e9ception du manuel d\u2019accr\u00e9ditation, la premi\u00e8re \u00e9tape a \u00e9t\u00e9 de savoir comment r\u00e9aliser notre auto\u00e9valuation par rapport au r\u00e9f\u00e9rentiel : quel personnel impliquer, quelle m\u00e9thodologie envisager\u00a0<\/span><span class=\"char-TC_txt-Local-350\"><sup class=\"appel\" data-toggle=\"modal\" data-target=\"#notes\">(3)<\/sup><\/span>\u00a0<span class=\"char-TC_txt-Local-341\">? L\u2019auto\u00e9valuation \u00e9tant la phase o\u00f9 l\u2019ensemble des professionnels de l\u2019\u00e9tablissement r\u00e9alisent le constat de ce qui existe dans l\u2019\u00e9tablissement\u00a0<\/span><span class=\"char-TC_txt-Local-350\"><sup class=\"appel\" data-toggle=\"modal\" data-target=\"#notes\">(4)<\/sup><\/span><span class=\"char-TC_txt-Local-341\">, il a fallu mettre en place des structures impliquant le plus grand nombre de membres du personnel pour que ces derniers ne ressentent pas la d\u00e9marche comme un projet de la direction\u00a0<\/span><span class=\"char-TC_txt-Local-350\"><sup class=\"appel\" data-toggle=\"modal\" data-target=\"#notes\">(5)<\/sup><\/span><span class=\"char-TC_txt-Local-341\">.\u00a0<\/span><\/p>\n<h3 class=\"para-TC_inter_03\"><span class=\"char-of-TC_txt-43\">Mise en place des structures\u00a0<\/span><\/h3>\n<p class=\"para-TC_txt\"><span class=\"char-TC_txt-Local-341\">Ont \u00e9t\u00e9 form\u00e9s un comit\u00e9 de pilotage \u2013 constitu\u00e9 du\u00a0directeur, des chefs respectifs des p\u00f4les m\u00e9dical, soins infirmiers et affaires administratives, de la responsable de l\u2019unit\u00e9 de communication et de liaison \u2013, un groupe de synth\u00e8se et des \u00e9quipes d\u2019auto\u00e9valuation. Le comit\u00e9 de pilotage devait en premier lieu d\u00e9finir le plan d\u2019action de mise en \u0153uvre de la proc\u00e9dure et promouvoir le processus d\u2019accr\u00e9ditation dans l\u2019\u00e9tablissement. Les \u00e9quipes d\u2019auto\u00e9valuation ont \u00e9t\u00e9 regroup\u00e9es en six groupes, chacun anim\u00e9 par deux responsables, eux-m\u00eames constituant le groupe de synth\u00e8se en charge de mettre en commun, d\u2019analyser et de synth\u00e9tiser les travaux.\u00a0<\/span><\/p>\n<h3 class=\"para-TC_inter_03\"><span class=\"char-of-TC_txt-43\">Communication, formation\u00a0et information du personnel\u00a0<\/span><\/h3>\n<p class=\"para-TC_txt\"><span class=\"char-TC_txt-Local-341\">Tous les membres des structures d\u2019accr\u00e9ditation ont \u00e9t\u00e9 form\u00e9s en coordination avec le comit\u00e9 technique au niveau du minist\u00e8re. <\/span><span class=\"char-TC_txt-Local-341\">Par ailleurs, la communication autour du projet a \u00e9t\u00e9 faite via la diffusion d\u2019affiches et de notes de service, la distribution du manuel d\u2019accr\u00e9ditation \u00e0 tous les chefs de service et la publication d\u2019un journal sp\u00e9cial \u00e9labor\u00e9 par l\u2019unit\u00e9 de communication et de liaison (<\/span><em><span class=\"char-TC_txt_ital-Local-258\">Info Accr\u00e9ditation<\/span><\/em><span class=\"char-TC_txt-Local-341\">) pour relater les d\u00e9finitions, les objectifs et l\u2019\u00e9tat d\u2019avancement de la d\u00e9marche.\u2008Nous avons aussi organis\u00e9 des visites dans les services pour expliquer \u00e0 l\u2019ensemble du personnel l\u2019objet et les \u00e9tapes de la d\u00e9marche; les r\u00e9unions des diff\u00e9rents comit\u00e9s ont elles aussi permis de communiquer sur le projet. <\/span><span class=\"char-TC_txt-Local-341\">\u00c0 l\u2019\u00e9chelle de la r\u00e9gion, nous avons publi\u00e9 un article dans le journal trimestriel\u00a0<\/span><span class=\"char-TC_txt_ital-Local-258\"><em>Info Sant\u00e9 R\u00e9gion<\/em>.<\/span>\u00a0<span class=\"char-TC_txt-Local-341\"><br \/>\n<\/span><\/p>\n<h3 class=\"para-TC_inter_03\"><span class=\"char-of-TC_txt-43\">La conduite de l\u2019auto\u00e9valuation\u00a0<\/span><\/h3>\n<p class=\"para-TC_txt\"><span class=\"char-TC_txt-Local-341\">Les vingt-quatre \u00e9quipes d\u2019auto\u00e9valuation ont \u00e9t\u00e9 dot\u00e9es du manuel d\u2019accr\u00e9ditation et de la grille d\u2019auto\u00e9valuation, et un planning a \u00e9t\u00e9 d\u00e9fini pour r\u00e9unir les responsables et le personnel des services concern\u00e9s. <\/span><span class=\"char-TC_txt-Local-341\">Ces \u00e9quipes, compos\u00e9es des repr\u00e9sentants de diff\u00e9rents secteurs d\u2019activit\u00e9 \u2013 m\u00e9dical, administratif et manag\u00e9rial \u2013, avaient pour mission d\u2019assurer le recueil des donn\u00e9es\u00a0: description de l\u2019organisation en place, sources d\u2019information et preuves permettant de v\u00e9rifier la v\u00e9racit\u00e9 de l\u2019\u00e9tat des lieux\u00a0; ils devaient aussi v\u00e9rifier la conformit\u00e9 aux crit\u00e8res et sous-crit\u00e8res et enfin \u00e9tablir les plans d\u2019am\u00e9liorations par rapport aux crit\u00e8res dont la conformit\u00e9 est jug\u00e9e partiellement ou non conforme.<\/span><\/p>\n<blockquote>\n<p class=\"para-TC_txt\"><span class=\"char-TC_txt-Local-341\">L\u2019implication de la direction et la motivation des acteurs sont des facteurs essentiels pour la r\u00e9ussite de la d\u00e9marche d\u2019accr\u00e9ditation.<\/span><\/p>\n<\/blockquote>\n<p class=\"para-TC_txt\"><span class=\"char-TC_txt-Local-341\">L\u2019organisation et la dynamique engag\u00e9e devant \u00eatre prouv\u00e9es lors de la visite, nous avons \u00e9tay\u00e9 toutes les actions men\u00e9es de comptes-rendus de r\u00e9unions, de rapports d\u2019audit, de r\u00e9sultats d\u2019enqu\u00eates de satisfaction\u2026 L<\/span><span class=\"char-TC_txt-Local-341\">e travail des \u00e9quipes d\u2019auto\u00e9valuation a permis au groupe de synth\u00e8se de proposer des actions correctives qui ont \u00e9t\u00e9 soumises au comit\u00e9 de pilotage pour validation et instructions n\u00e9cessaires \u00e0 leur mise en \u0153uvre\u00a0: dotation en certains \u00e9quipements, am\u00e9nagements des locaux, r\u00e9daction et application des proc\u00e9dures et des protocoles, ce qui a n\u00e9cessit\u00e9 la mobilisation d\u2019un grand nombre de membres du personnel. <\/span><span class=\"char-TC_txt-Local-341\">Les \u00e9quipes d\u2019auto\u00e9valuation ont aussi \u00e9labor\u00e9 des plans d\u2019am\u00e9liorations \u00e0 moyen et long termes pour les crit\u00e8res rest\u00e9s partiellement conformes ou non conformes et leur mise en \u0153uvre a \u00e9t\u00e9 prioris\u00e9e par le groupe de synth\u00e8se et valid\u00e9e par le comit\u00e9 de pilotage.\u00a0<\/span><\/p>\n<h2 class=\"para-TC_inter_03\"><span class=\"char-of-TC_txt-112\">R\u00e9daction du rapport d\u2019auto\u00e9valuation\u00a0<\/span><\/h2>\n<p class=\"para-TC_txt\"><span class=\"char-TC_txt-Local-341\">La finalisation des grilles d\u2019auto\u00e9valuation d\u00e9crivant l\u2019\u00e9tat des lieux, les sources d\u2019information, le niveau de conformit\u00e9 et les \u00e9ventuels points forts et opportunit\u00e9s d\u2019am\u00e9lioration relevait des t\u00e2ches des responsables des \u00e9quipes d\u2019auto\u00e9valuation.<\/span><\/p>\n<p class=\"para-TC_txt\"><span class=\"char-TC_txt-Local-341\">Le groupe de synth\u00e8se devait mettre en commun, analyser et synth\u00e9tiser les travaux des \u00e9quipes d\u2019auto\u00e9valuation tandis qu\u2019il nous revenait d\u2019assurer d\u2019autres t\u00e2ches telles que compl\u00e9ter les autres composantes du rapport comme la pr\u00e9sentation de l\u2019\u00e9tablissement, la description de la d\u00e9marche, la composition du comit\u00e9 de pilotage, des \u00e9quipes d\u2019auto\u00e9valuation et du groupe de synth\u00e8se. <\/span><span class=\"char-TC_txt-Local-341\">Le rapport finalis\u00e9 a \u00e9t\u00e9 pr\u00e9sent\u00e9 au comit\u00e9 de pilotage pour la validation des r\u00e9sultats d\u2019auto\u00e9valuation et des plans d\u2019am\u00e9lioration et la synth\u00e8se globale comportant l\u2019appr\u00e9ciation de la d\u00e9marche\u00a0; la direction s\u2019est ensuite charg\u00e9e de son envoi au comit\u00e9 technique de la Direction des h\u00f4pitaux et des soins ambulatoires du minist\u00e8re de la Sant\u00e9.\u00a0<\/span><\/p>\n<h2 class=\"para-TC_inter_03\"><span class=\"char-of-TC_txt-112\">La visite d\u2019audit\u00a0<\/span><\/h2>\n<p class=\"para-TC_txt\"><span class=\"char-TC_txt-Local-341\">Apr\u00e8s l\u2019envoi du rapport d\u2019auto\u00e9valuation, le comit\u00e9 technique nous a inform\u00e9s par \u00e9crit de la date, du planning de la visite et de l\u2019\u00e9quipe des experts-visiteurs (deux m\u00e9decins, un pharmacien et un infirmier) qui devaient valider l\u2019auto\u00e9valuation r\u00e9alis\u00e9e par l\u2019\u00e9tablissement et ses modalit\u00e9s de mise en \u0153uvre, appr\u00e9cier la fa\u00e7on dont l\u2019\u00e9tablissement s\u2019\u00e9tait organis\u00e9 pour \u00e9valuer et proposer des axes d\u2019am\u00e9lioration de la qualit\u00e9 et la s\u00e9curit\u00e9 des soins.<\/span><\/p>\n<p class=\"para-TC_txt\"><span class=\"char-TC_txt-Local-341\">La visite a dur\u00e9 cinq jours et son planning initial a connu quelques changements en fonction de la disponibilit\u00e9 des \u00e9quipes d\u2019auto\u00e9valuation. <\/span><span class=\"char-TC_txt-Local-341\">Lors de la premi\u00e8re journ\u00e9e, les experts-visiteurs se sont pr\u00e9sent\u00e9s munis du rapport d\u2019auto\u00e9valuation de l\u2019h\u00f4pital fourni par le comit\u00e9 technique, ont commenc\u00e9 par un entretien avec le directeur, puis proc\u00e9d\u00e9 \u00e0 une visite g\u00e9n\u00e9rale de tout l\u2019\u00e9tablissement et enfin consult\u00e9 les documents mis \u00e0 leur disposition. <\/span><span class=\"char-TC_txt-Local-341\">Les experts-visiteurs ont rendu compte tous les matins de la journ\u00e9e pr\u00e9c\u00e9dente et discut\u00e9 du programme de la journ\u00e9e en cours avec le directeur et le chef du projet. Ils se sont rendus dans tous les sites d\u2019activit\u00e9 concern\u00e9s par l\u2019auto\u00e9valuation, ont rencontr\u00e9 le personnel, les patients et ont consult\u00e9 les documents sur place tels les dossiers patients, les enregistrements; ils ont aussi effectu\u00e9 une visite de nuit. <\/span><span class=\"char-TC_txt-Local-341\">La s\u00e9ance de restitution a \u00e9t\u00e9 l\u2019occasion pour le personnel d\u2019avoir un\u00a0<\/span><span class=\"char-TC_txt_ital-Local-258\">feed back<\/span>\u00a0<span class=\"char-TC_txt-Local-341\">\u00a0sur les efforts d\u00e9ploy\u00e9s durant la phase de pr\u00e9paration, sur les observations des experts-visiteurs quant aux modalit\u00e9s de r\u00e9alisation de l\u2019auto\u00e9valuation, sur le d\u00e9roulement de la visite et les propositions d\u2019am\u00e9lioration d\u2019une fa\u00e7on g\u00e9n\u00e9rale.\u00a0<\/span><\/p>\n<h1 class=\"para-TC_inter_01\"><span class=\"char-of-TC_txt-192\">R\u00e9sultats\u00a0<\/span><\/h1>\n<h2 class=\"para-TC_inter_02apr\u00e8s01\"><span class=\"char-of-TC_txt-112\">L\u2019apport de la mise en place\u00a0de la d\u00e9marche d\u2019accr\u00e9ditation\u00a0<\/span><span class=\"char-TC_txt-Local-341\"><br \/>\n<\/span><\/h2>\n<p class=\"para-TC_txt\"><span class=\"char-TC_txt-Local-341\">La d\u00e9marche d\u2019accr\u00e9ditation a sans doute beaucoup apport\u00e9 \u00e0 notre \u00e9tablissement.\u2008Consid\u00e9r\u00e9e par V. Baptiste\u00a0<\/span><span class=\"char-TC_txt-Local-350\"><sup class=\"appel\" data-toggle=\"modal\" data-target=\"#notes\">(6)\u00a0<\/sup><\/span><span class=\"char-TC_txt-Local-341\">comme positive car mobilisante et responsabilisante, innovante et valorisante, l\u2019auto\u00e9valuation semble offrir des r\u00e9ponses \u00e0 des probl\u00e8mes jusqu\u2019alors insolubles. <\/span><span class=\"char-TC_txt-Local-341\">De m\u00eame, une \u00e9tude r\u00e9alis\u00e9e par M. Beaumont\u00a0<\/span><span class=\"char-TC_txt-Local-350\"><sup class=\"appel\" data-toggle=\"modal\" data-target=\"#notes\">(7)\u00a0<\/sup><\/span><span class=\"char-TC_txt-Local-341\">a d\u00e9montr\u00e9 que l\u2019agr\u00e9ment au Canada (\u00e9quivalent de l\u2019accr\u00e9ditation au Maroc) est une intervention efficace de d\u00e9veloppement de nouvelles capacit\u00e9s, qui engendrent des changements \u00e0 plusieurs niveaux (individuel, \u00e9quipe, organisationnel, syst\u00e9mique). <\/span><span class=\"char-TC_txt-Local-341\">Cette d\u00e9marche a en effet cr\u00e9\u00e9 une dynamique qualit\u00e9 et a donn\u00e9 suite \u00e0 la r\u00e9alisation de plusieurs actions.\u00a0<\/span><\/p>\n<h3 class=\"para-TC_inter_03\"><span class=\"char-of-TC_txt-43\">Cr\u00e9ation de la cellule qualit\u00e9\u00a0<\/span><span class=\"char-TC_txt-Local-341\"><br \/>\n<\/span><\/h3>\n<p class=\"para-TC_txt\"><span class=\"char-TC_txt-Local-341\">Malgr\u00e9 les exp\u00e9riences ant\u00e9rieures en mati\u00e8re de qualit\u00e9 (concours qualit\u00e9, d\u00e9marches d\u2019am\u00e9lioration de la qualit\u00e9, audit clinique), il n\u2019y avait pas encore de cellule qualit\u00e9 proprement dite avec un responsable et un bureau.\u2008Le projet d\u2019accr\u00e9ditation a contraint les dirigeants \u00e0 cr\u00e9er une cellule qualit\u00e9 directement rattach\u00e9e au directeur.\u00a0<\/span><\/p>\n<h3 class=\"para-TC_inter_03\"><span class=\"char-of-TC_txt-43\">Communication\u00a0<\/span><span class=\"char-TC_txt-Local-341\"><br \/>\n<\/span><\/h3>\n<p class=\"para-TC_txt\"><span class=\"char-TC_txt-Local-341\">La d\u00e9marche d\u2019accr\u00e9ditation a mobilis\u00e9 le comit\u00e9 de communication et de liaison, dont les membres se sont montr\u00e9s tr\u00e8s dynamiques.\u2008Il a jou\u00e9 un r\u00f4le important, communiquant et informant tout au long de la d\u00e9marche via le journal\u00a0<\/span><em><span class=\"char-TC_txt_ital-Local-258\">Info Accr\u00e9ditation<\/span><\/em><span class=\"char-TC_txt-Local-341\">, la journ\u00e9e de communication interne (120 participants), l\u2019\u00e9laboration et la diffusion du livret d\u2019accueil du patient et du d\u00e9pliant informatif pour le visiteur.<br \/>\n<\/span><\/p>\n<h3 class=\"para-TC_inter_03\"><span class=\"char-of-TC_txt-43\">Prise en charge du patient \u00a0\u00a0<\/span><span class=\"char-TC_txt-Local-341\"><br \/>\n<\/span><\/h3>\n<p class=\"para-TC_txt\"><span class=\"char-TC_txt-Local-341\">Plusieurs actions ont \u00e9t\u00e9 r\u00e9alis\u00e9es en mati\u00e8re de prise en charge du patient, \u00e0 savoir l\u2019\u00e9laboration des proc\u00e9dures et des protocoles\u00a0: tous les services poss\u00e8dent un manuel de proc\u00e9dures pr\u00e9sent\u00e9es en format standardis\u00e9 (surtout les proc\u00e9dures organisationnelles) et la culture de l\u2019\u00e9crit s\u2019instaure peu \u00e0 peu au sein de l\u2019\u00e9tablissement<\/span><span class=\"char-TC_txt-Local-341\">.<\/span><\/p>\n<p class=\"para-TC_txt\"><button data-toggle=\"collapse\" data-target=\"#enc_2012_371_01\">TABLEAU 1<\/button><div id=\"enc_2012_371_01\" class=\"encadre collapse\"><div class=\"page\" title=\"Page 44\">\n<div class=\"section\">\n<div class=\"layoutArea\">\n<div class=\"column\">\n<p><span class=\"surtitre_enc\">TABLEAU 1<\/span><\/p>\n<h2>Actions r\u00e9alis\u00e9es lors\u00a0de la mise en place de la d\u00e9marche d\u2019accr\u00e9ditation hospitali\u00e8re<\/h2>\n<p><img decoding=\"async\" class=\"alignnone size-full wp-image-30249\" src=\"https:\/\/gestions-hospitalieres.fr\/wp-content\/uploads\/2016\/12\/Capture-d\u2019\u00e9cran-2016-12-27-\u00e0-17.20.11.png\" alt=\"capture-decran-2016-12-27-a-17-20-11\" width=\"600\" height=\"833\" srcset=\"https:\/\/www.ricom-web8.com\/gestions\/wp-content\/uploads\/2016\/12\/Capture-d\u2019\u00e9cran-2016-12-27-\u00e0-17.20.11.png 600w, https:\/\/www.ricom-web8.com\/gestions\/wp-content\/uploads\/2016\/12\/Capture-d\u2019\u00e9cran-2016-12-27-\u00e0-17.20.11-216x300.png 216w\" sizes=\"(max-width: 600px) 100vw, 600px\" \/><\/p>\n<\/div>\n<\/div>\n<\/div>\n<\/div>\n<\/div><\/p>\n<p class=\"para-TC_txt\"><span class=\"char-TC_txt-Local-341\">Aussi l\u2019information sur le respect des \u00a0droits du patient a-t-elle \u00e9t\u00e9 concr\u00e9tis\u00e9e par l\u2019\u00e9laboration du \u00a0livret d\u2019accueil, de la charte d\u2019\u00e9thique et de d\u00e9ontologie \u00a0affich\u00e9e dans tous les services, ainsi que par l\u2019instauration de la proc\u00e9dure de consentement \u00e9clair\u00e9 du patient.\u00a0<\/span><\/p>\n<h3 class=\"para-TC_inter_03\"><span class=\"char-of-TC_txt-43\">Gestion des risques<\/span>\u00a0<span class=\"char-TC_txt-Local-341\"><br \/>\n<\/span><\/h3>\n<p class=\"para-TC_txt\"><span class=\"char-TC_txt-Local-341\">Bien que le comit\u00e9 de gestion des risques ait \u00e9t\u00e9 cr\u00e9\u00e9 \u00e0 la suite d\u2019un autre projet initi\u00e9 par le minist\u00e8re de la Sant\u00e9, l\u2019accr\u00e9ditation a permis de le dynamiser.\u2008Une politique de gestion de risque a \u00e9t\u00e9 d\u00e9velopp\u00e9e, un plan d\u2019action bien d\u00e9fini \u00e9labor\u00e9 et une proc\u00e9dure de signalement et de traitement des \u00e9v\u00e9nements ind\u00e9sirables a vu le jour\u00a0; le personnel a compris l\u2019importance de d\u00e9clarer l\u2019\u00e9v\u00e9nement ind\u00e9sirable, une pratique nouvelle au sein de l\u2019\u00e9tablissement d\u00e9velopp\u00e9e gr\u00e2ce aux s\u00e9ances de sensibilisation du comit\u00e9 de gestion de risque dans tous les services.<br \/>\n<\/span><\/p>\n<h3 class=\"para-TC_inter_03\"><span class=\"char-of-TC_txt-43\">Lutte contre les infections nosocomiales\u00a0<\/span><span class=\"char-TC_txt-Local-341\"><br \/>\n<\/span><\/h3>\n<p class=\"para-TC_txt\"><span class=\"char-TC_txt-Local-341\">Le comit\u00e9 de lutte contre les infections nosocomiales a vu le jour gr\u00e2ce \u00e0 la d\u00e9marche d\u2019accr\u00e9ditation.\u2008Ses r\u00e9alisations sont multiples\u00a0: \u00e9laboration des proc\u00e9dures de lutte contre les infections nosocomiales (gestion des d\u00e9chets, st\u00e9rilisation, lavage des mains, hygi\u00e8ne), \u00a0acquisition des dispositifs de lavage des mains, formation sur le lavage des mains au profit du personnel, r\u00e9alisation de l\u2019enqu\u00eate de pr\u00e9valence et d\u2019une enqu\u00eate d\u2019\u00e9valuation du lavage des mains, am\u00e9nagement de la blanchisserie pour respecter le circuit sale et le circuit propre.<br \/>\n<\/span><\/p>\n<h3 class=\"para-TC_inter_03\"><span class=\"char-of-TC_txt-43\">Audit interne<br \/>\n<\/span><\/h3>\n<p class=\"para-TC_txt\"><span class=\"char-TC_txt-Local-341\">L\u2019audit interne \u00e9tant l\u2019un des outils d\u2019\u00e9valuation de l\u2019\u00e9tat d\u2019avancement de la d\u00e9marche qualit\u00e9 et de l\u2019application des proc\u00e9dures et protocoles, l\u2019accr\u00e9ditation a permis \u00e0 l\u2019h\u00f4pital de d\u00e9couvrir une nouvelle culture, celle de l\u2019\u00e9valuation par l\u2019audit.\u2008Plusieurs audits ont ainsi \u00e9t\u00e9 r\u00e9alis\u00e9s dans diff\u00e9rents secteurs d\u2019activit\u00e9\u00a0: \u00a0dossier patient, application de proc\u00e9dures, restauration, gestion des d\u00e9chets, entretien des locaux\u2026<br \/>\n<\/span><\/p>\n<h3 class=\"para-TC_inter_03\"><span class=\"char-of-TC_txt-43\">Dossier patient et dossier d\u2019anesth\u00e9sie \u00a0<\/span>\u00a0<span class=\"char-TC_txt-Local-341\"><br \/>\n<\/span><\/h3>\n<p class=\"para-TC_txt\"><span class=\"char-TC_txt-Local-341\">Selon les r\u00e9sultats de l\u2019audit effectu\u00e9 avec l\u2019\u00e9quipe de l\u2019h\u00f4pital, la tenue et le contenu du dossier patient ont connu une nette am\u00e9lioration (en comparaison avec le r\u00e9sultat d\u2019un audit ant\u00e9rieur), et ce gr\u00e2ce aux s\u00e9ances de sensibilisation r\u00e9alis\u00e9es tout au long de la d\u00e9marche, \u00e0 l\u2019\u00e9laboration de la proc\u00e9dure de gestion du dossier patient et \u00e0 l\u2019enrichissement du contenu du dossier patient pour se conformer aux exigences du manuel d\u2019accr\u00e9ditation hospitali\u00e8re. <\/span><span class=\"char-TC_txt-Local-341\">Le dossier d\u2019anesth\u00e9sie a lui aussi \u00e9t\u00e9 am\u00e9lior\u00e9\u00a0: la fiche d\u2019anesth\u00e9sie a \u00e9t\u00e9 remplac\u00e9e par un dossier d\u2019anesth\u00e9sie qui r\u00e9pond aux crit\u00e8res du r\u00e9f\u00e9rentiel d\u2019accr\u00e9ditation.\u00a0<\/span><\/p>\n<h3 class=\"para-TC_inter_03\"><span class=\"char-of-TC_txt-43\">Sant\u00e9 et s\u00e9curit\u00e9 au travail<\/span>\u00a0<span class=\"char-TC_txt-Local-341\"><br \/>\n<\/span><\/h3>\n<p class=\"para-TC_txt\"><span class=\"char-TC_txt-Local-341\">Gr\u00e2ce \u00e0 l\u2019accr\u00e9ditation, ce domaine a connu un nouvel \u00e9lan. La pr\u00e9sence d\u2019un m\u00e9decin de travail \u00e0 plein temps a \u00e9t\u00e9 un point fort pour la mise en place des actions permettant de r\u00e9pondre aux exigences du r\u00e9f\u00e9rentiel relatives \u00e0 ce volet\u00a0: proc\u00e9dures r\u00e9dig\u00e9es, personnel dot\u00e9 d\u2019\u00e9quipements de protection individuels, affiches sur les standards de protection, conduites en cas d\u2019incendie ou d\u2019accident d\u2019exposition au sang \u00e9labor\u00e9es et diffus\u00e9es au niveau de tous les services, signal\u00e9tique des sorties d\u2019urgence mise en place.\u00a0<\/span><\/p>\n<h3 class=\"para-TC_inter_03\"><span class=\"char-of-TC_txt-43\">Gestion documentaire\u00a0<\/span><\/h3>\n<p class=\"para-TC_txt\"><span class=\"char-TC_txt-Local-341\">L\u2019h\u00f4pital ne comptait que quelques proc\u00e9dures \u00e9crites qui n\u2019\u00e9taient pas au format normalis\u00e9; l\u2019accr\u00e9ditation a permis d\u2019entrer dans une culture de \u00ab\u00a0formalisation\u00a0\u00bb\u00a0<\/span><span class=\"char-TC_txt-Local-350\"><sup class=\"appel\" data-toggle=\"modal\" data-target=\"#notes\">(8)\u00a0<\/sup><\/span><span class=\"char-TC_txt-Local-341\">(<em>voir<\/em><\/span><em>\u00a0<span class=\"char-TC_txt_ital-Local-258\">tableau 1 plus haut<\/span><\/em><span class=\"char-TC_txt-Local-341\">) par la r\u00e9daction des proc\u00e9dures, protocoles, modes op\u00e9ratoires, fiches de poste sur la base des normes et des r\u00e9f\u00e9rences nationales et internationales,\u00a0<\/span><\/p>\n<h3 class=\"para-TC_inter_03\"><span class=\"char-of-TC_txt-43\">Dynamique et culture qualit\u00e9\u00a0<\/span><span class=\"char-TC_txt-Local-341\"><br \/>\n<\/span><\/h3>\n<p class=\"para-TC_txt\"><span class=\"char-TC_txt-Local-341\">L\u2019accr\u00e9ditation a inscrit l\u2019h\u00f4pital dans une dynamique d\u2019am\u00e9lioration continue de la qualit\u00e9, puisque l\u2019auto\u00e9valuation a mobilis\u00e9 un certain nombre de membres du personnel autour du projet (<\/span><em>voir\u00a0<span class=\"char-TC_txt_ital-Local-258\">tableau 1 plus haut<\/span><\/em><span class=\"char-TC_txt-Local-341\">), engendr\u00e9 des changements qu\u2019on peut qualifier de positifs et introduit une certaine culture qualit\u00e9, en particulier chez les membres des structures de l\u2019accr\u00e9ditation (comit\u00e9 de pilotage, \u00e9quipes d\u2019auto\u00e9valuation). <\/span><span class=\"char-TC_txt-Local-341\">La d\u00e9marche a \u00a0donc permis d\u2019instaurer un changement culturel puisque la plupart des membres du personnel se sont inscrits dans une recherche de la qualit\u00e9 et sont sortis de la notion de contr\u00f4le et de sanction, l\u2019un des objectifs de l\u2019auto\u00e9valuation\u00a0<\/span><span class=\"char-TC_txt-Local-350\"><sup class=\"appel\" data-toggle=\"modal\" data-target=\"#notes\">(9)<\/sup><\/span><span class=\"char-TC_txt-Local-341\">.\u00a0<\/span><\/p>\n<h2 class=\"para-TC_inter_03\"><span class=\"char-of-TC_txt-112\">Difficult\u00e9s et contraintes li\u00e9es \u00e0 la d\u00e9marche\u00a0<\/span><\/h2>\n<h3 class=\"para-TC_inter_02apr\u00e8s01\"><span class=\"char-of-TC_txt-43\">Engagement de la direction<br \/>\n<\/span><\/h3>\n<p class=\"para-TC_txt\"><span class=\"char-TC_txt-Local-341\">Le premier facteur cl\u00e9 du succ\u00e8s de la d\u00e9marche est l\u2019implication de la direction.\u2008Les exp\u00e9riences de terrain montrent que les d\u00e9marches qualit\u00e9 peinent \u00e0 se mettre en place ou n\u2019aboutissent pas par manque d\u2019engagement des dirigeants\u00a0<\/span><span class=\"char-TC_txt-Local-350\"><sup class=\"appel\" data-toggle=\"modal\" data-target=\"#notes\">(10)<\/sup><\/span>\u00a0<span class=\"char-TC_txt-Local-341\">et qu\u2019il est important que la direction s\u2019engage officiellement et fasse conna\u00eetre les moyens mis en \u0153uvre pour que les \u00e9ch\u00e9ances soient respect\u00e9es\u00a0<\/span><span class=\"char-TC_txt-Local-350\"><sup class=\"appel\" data-toggle=\"modal\" data-target=\"#notes\">(11)<\/sup><\/span><span class=\"char-TC_txt-Local-341\">.<\/span><\/p>\n<p class=\"para-TC_txt\"><span class=\"char-TC_txt-Local-341\">En ce qui nous concerne, l\u2019engagement de la direction a \u00e9t\u00e9 mitig\u00e9. Deux directeurs et deux chefs du p\u00f4le des affaires administratives se sont relay\u00e9s au cours de la d\u00e9marche, ce qui fait que leurs engagements respectifs et leur adh\u00e9sion n\u2019ont pas \u00e9t\u00e9 acquis d\u00e8s le d\u00e9part\u00a0; il leur a fallu du temps pour s\u2019approprier la d\u00e9marche. De m\u00eame durant cette p\u00e9riode, le nombre important de chantiers initi\u00e9s par le minist\u00e8re de la Sant\u00e9 et l\u2019absence d\u2019un budget propre au programme d\u2019accr\u00e9ditation ont rendu la t\u00e2che un peu plus d\u00e9licate. Surmonter ces contraintes d\u00e9pendait surtout de notre motivation en tant que chef de projet et de celle des diff\u00e9rents membres des structures de l\u2019accr\u00e9ditation.\u00a0<\/span><\/p>\n<h3 class=\"para-TC_inter_03\"><span class=\"char-of-TC_txt-43\">Implication des instances institutionnelles et du personnel\u00a0<\/span><span class=\"char-TC_txt-Local-341\"><br \/>\n<\/span><\/h3>\n<p class=\"para-TC_txt\"><span class=\"char-TC_txt-Local-341\">Selon une \u00e9tude r\u00e9alis\u00e9e par R\u00a0.Martineau\u00a0<\/span><span class=\"char-TC_txt-Local-350\"><sup class=\"appel\" data-toggle=\"modal\" data-target=\"#notes\">(12)<\/sup><\/span><span class=\"char-TC_txt-Local-341\">, les professionnels de sant\u00e9 adh\u00e8rent dans leur grande majorit\u00e9 aux principes du management par la qualit\u00e9. Loin de les rejeter, ils estiment que ces principes correspondent \u00e0 un besoin. L\u2019accr\u00e9ditation ne doit pas \u00eatre v\u00e9cue comme une d\u00e9marche d\u2019individus, c\u2019est une d\u00e9marche collective de l\u2019\u00e9tablissement et de ses structures\u00a0<\/span><span class=\"char-TC_txt-Local-350\"><sup class=\"appel\" data-toggle=\"modal\" data-target=\"#notes\">(13)<\/sup><\/span><span class=\"char-TC_txt-Local-341\">. R\u00e9ussir ce challenge n\u2019a pas \u00e9t\u00e9 facile. Nous avons \u00e9t\u00e9 confront\u00e9s au refus de participation, argument\u00e9 parfois de la surcharge du travail, surtout du personnel soignant\u00a0; les \u00e9tablissements de sant\u00e9 marocains connaissent une p\u00e9nurie de cette cat\u00e9gorie de personnel, des conditions de travail difficiles dans certains services et un manque de temps. \u00ab<\/span>\u00a0<em><span class=\"char-TC_txt_ital-Local-258\">L\u2019accr\u00e9ditation ce n\u2019est pas ce qu\u2019il nous faut, on a plut\u00f4t un besoin urgent en mat\u00e9riel et en personnel.<\/span><\/em>\u00a0<span class=\"char-TC_txt-Local-341\">\u00bb <\/span><span class=\"char-TC_txt-Local-341\">Cela explique le taux d\u2019absence important aux r\u00e9unions au d\u00e9but de la d\u00e9marche, taux d\u00fb aussi au manque d\u2019information sur le projet, au manque d\u2019int\u00e9r\u00eat de certains\u2026<\/span><\/p>\n<blockquote>\n<p class=\"para-TC_txt\"><span class=\"char-TC_txt-Local-341\"> L\u2019accr\u00e9ditation ne doit pas \u00eatre v\u00e9cue comme une d\u00e9marche d\u2019individus, c\u2019est une d\u00e9marche collective de l\u2019\u00e9tablissement et de ses structures. <\/span><\/p>\n<\/blockquote>\n<p class=\"para-TC_txt\"><span class=\"char-TC_txt-Local-341\">Impliquer les instances d\u00e9cisionnelles (comit\u00e9 des m\u00e9decins, dentistes et pharmaciens, comit\u00e9 des infirmiers et infirmi\u00e8res\u2026) dans la d\u00e9marche n\u2019a pas \u00e9t\u00e9 difficile puisque la plupart des ces instances ont \u00e9t\u00e9 cr\u00e9\u00e9es dans le cadre de l\u2019accr\u00e9ditation. <\/span><span class=\"char-TC_txt-Local-341\">Ayant \u0153uvr\u00e9 pour une bonne communication sur le programme d\u2019accr\u00e9ditation, nous avons suscit\u00e9 l\u2019int\u00e9r\u00eat de participer \u00e0 ce nouveau programme pour conna\u00eetre et se conformer aux normes internationales, valorisant les individus participants (les citant dans <\/span><em><span class=\"char-TC_txt_ital-Local-258\">Info Accr\u00e9ditation<\/span><\/em><span class=\"char-TC_txt-Local-341\">), distribuant des attestations de reconnaissance nominatives, organisant un concours du meilleur service\u2026<br \/>\n<\/span><\/p>\n<h3 class=\"para-TC_inter_03\"><span class=\"char-of-TC_txt-43\">Formation\u00a0<\/span><span class=\"char-TC_txt-Local-341\"><br \/>\n<\/span><\/h3>\n<p class=\"para-TC_txt\"><span class=\"char-TC_txt-Local-341\">Avant de lancer la d\u00e9marche, chaque membre des \u00e9quipes participantes devait avoir une bonne compr\u00e9hension de son r\u00f4le, des buts et des objectifs du processus. Nous avons \u00e9labor\u00e9, en coordination avec le comit\u00e9 technique, un planning de formation et de sensibilisation, mais nous nous n\u2019avons pas pu le respecter \u00e0 la lettre vu la charge de travail des membres des \u00e9quipes. De plus, le temps qui nous a \u00e9t\u00e9 allou\u00e9 pour effectuer l\u2019auto\u00e9valuation s\u2019est av\u00e9r\u00e9 insuffisant pour permettre de pallier le manque accru en formation de management qualit\u00e9 du personnel.\u00a0<\/span><\/p>\n<h3 class=\"para-TC_inter_03\"><span class=\"char-of-TC_txt-43\">Communication\u00a0<\/span><\/h3>\n<p class=\"para-TC_txt\"><span class=\"char-TC_txt-Local-341\">Le lancement de la d\u00e9marche devait \u00eatre un \u00e9v\u00e9nement organis\u00e9 et accompagn\u00e9 d\u2019une bonne communication\u00a0; malgr\u00e9 nos efforts, nous avons constat\u00e9, par le biais d\u2019une enqu\u00eate r\u00e9alis\u00e9e aupr\u00e8s du personnel et confi\u00e9e \u00e0 un m\u00e9decin en stage \u00e0 la cellule qualit\u00e9, que si la plupart des membres du personnel avaient d\u00e9j\u00e0 entendu le mot \u00ab\u00a0accr\u00e9ditation\u00a0\u00bb, ils en ignoraient le sens.\u2008Leurs connaissances sur la d\u00e9marche se limitaient au fait que des auditeurs du minist\u00e8re de la Sant\u00e9 allaient passer pour contr\u00f4ler leur travail. L\u2019affichage n\u2019\u00e9tant pas suffisant, nous avons multipli\u00e9 les occasions pour communiquer avec le personnel en allant dans les services et au moment des audits.<\/span>\u00a0<span class=\"char-of-TC_txt-43\"><br \/>\n<\/span><\/p>\n<h3 class=\"para-TC_inter_03\"><span class=\"char-of-TC_txt-43\">Gestion documentaire\u00a0<\/span><\/h3>\n<p class=\"para-TC_txt\"><span class=\"char-TC_txt-Local-341\">La d\u00e9marche d\u2019accr\u00e9ditation incite \u00e0 la r\u00e9daction d\u2019une panoplie de documents (proc\u00e9dures, protocoles, modes op\u00e9ratoires, plans d\u2019actions, fiches de poste\u2026), ce qui suppose une bonne connaissance en gestion documentaire et qui s\u2019est r\u00e9v\u00e9l\u00e9 \u00eatre un obstacle. Il a fallu assister tout le personnel lors de la r\u00e9daction de ces documents.\u2008Toucher aux habitudes et mobiliser l\u2019attention en direction de r\u00e9f\u00e9rences in\u00e9dites d\u00e9finit les conditions d\u2019un changement qui oblige \u00e0 une participation active des acteurs\u00a0<\/span><span class=\"char-TC_txt-Local-350\"><sup class=\"appel\" data-toggle=\"modal\" data-target=\"#notes\">(14)<\/sup><\/span><span class=\"char-TC_txt-Local-341\">. Une telle mobilisation autour de la r\u00e9daction des proc\u00e9dures et des protocoles n\u2019a pas \u00e9t\u00e9 facile\u00a0: remettre en question les fa\u00e7ons de travailler, vouloir les standardiser et les r\u00e9diger n\u2019a pas \u00e9t\u00e9 tr\u00e8s appr\u00e9ci\u00e9 par une grande partie du personnel qui ne percevait pas de valeur ajout\u00e9e imm\u00e9diate apr\u00e8s les efforts d\u00e9ploy\u00e9s, ce qui rejoint \u00a0les r\u00e9sultats des travaux de Claveranne et al., selon lesquels la formalisation des pratiques suscit\u00e9e par l\u2019accr\u00e9ditation ne g\u00e9n\u00e8re pas de changement radical dans l\u2019organisation du processus de prise en charge des patients\u00a0<\/span><span class=\"char-TC_txt-Local-350\"><sup class=\"appel\" data-toggle=\"modal\" data-target=\"#notes\">(15)<\/sup><\/span><span class=\"char-TC_txt-Local-341\">. Le fait en outre que la plupart des membres du personnel ne ma\u00eetrisaient pas l\u2019outil informatique et qu\u2019il n\u2019existait pas de secr\u00e9taires m\u00e9dicales n\u2019a pas arrang\u00e9 les choses. Certains membres du personnel n\u2019\u00e9taient motiv\u00e9s que par l\u2019appr\u00e9hension de la visite des experts-visiteurs.<\/span><\/p>\n<p class=\"para-TC_txt\"><span class=\"char-TC_txt-Local-341\">Face \u00e0 cette r\u00e9sistance au changement, des efforts consid\u00e9rables ont \u00e9t\u00e9 fournis par les \u00e9quipes de travail, la direction et le comit\u00e9 de pilotage pour les convaincre de l\u2019int\u00e9r\u00eat de la r\u00e9daction et l\u2019application des proc\u00e9dures.\u00a0<\/span><\/p>\n<blockquote>\n<p class=\"para-TC_txt\">Le programme d\u2019accr\u00e9ditation hospitali\u00e8re a permis de soulever des points forts mais aussi des dysfonctionnements jusqu\u2019alors m\u00e9connus ou d\u00e9laiss\u00e9s, point de d\u00e9part pour la mise en place des plans d\u2019am\u00e9lioration.<\/p>\n<\/blockquote>\n<h1 class=\"para-TC_inter_01\"><span class=\"char-of-TC_txt-192\">Analyse et discussion\u00a0<\/span><\/h1>\n<p class=\"para-TC_txt\"><span class=\"char-TC_txt-Local-341\">Si l\u2019accr\u00e9ditation hospitali\u00e8re a certainement apport\u00e9 beaucoup de changements positifs, les contraintes restent presque les m\u00eames que celles rencontr\u00e9es dans d\u2019autres exp\u00e9riences \u00e0 l\u2019\u00e9chelle internationale. Nous soulignons ici les points qui nous ont sembl\u00e9 les plus importants dans le contexte marocain pour une d\u00e9marche d\u2019accr\u00e9ditation r\u00e9ussie\u00a0:\u00a0<\/span><\/p>\n<ul>\n<li class=\"para-TC_txt\"><span class=\"char-TC_txt-Local-341\">une implication sans rel\u00e2che de la part des dirigeants dans une d\u00e9marche g\u00e9n\u00e9ratrice de changements \u00e0 plusieurs niveaux. M. Beaumont\u00a0<\/span><span class=\"char-TC_txt-Local-350\"><sup class=\"appel\" data-toggle=\"modal\" data-target=\"#notes\">(16)\u00a0<\/sup><\/span><span class=\"char-TC_txt-Local-341\">a mis en garde les organisations contre un \u00ab\u00a0leadership instable\u00a0\u00bb et occasionnel\u00a0: le leadership ne se d\u00e9l\u00e8gue pas et les changements de culture exigent une implication soutenue de la part des dirigeants, un engagement qui est le moteur de la d\u00e9marche\u00a0;\u00a0<\/span><\/li>\n<li class=\"para-TC_txt\"><span class=\"char-TC_txt-Local-341\">l\u2019allocation d\u2019un budget sp\u00e9cifique. La majorit\u00e9 des actions \u00e0 mettre en \u0153uvre (\u00e9quipements, am\u00e9nagements\u2026) exigeant des d\u00e9penses non pr\u00e9vues par la direction, l\u2019\u00e9tablissement doit pr\u00e9voir des ressources financi\u00e8res suffisantes avant de se lancer dans une telle d\u00e9marche\u00a0;\u00a0<\/span><\/li>\n<li class=\"para-TC_txt\"><span class=\"char-TC_txt-Local-341\">un plan de formation bas\u00e9 sur une \u00e9tude des besoins et \u00e9labor\u00e9 par le responsable de la formation continue de l\u2019\u00e9tablissement, en concertation avec le chef de projet, et ex\u00e9cut\u00e9 dans les d\u00e9lais requis. Cet \u00e9l\u00e9ment cl\u00e9 doit \u00eatre pens\u00e9 au d\u00e9but de la mise en place de la d\u00e9marche, de m\u00eame qu\u2019une formation sp\u00e9cifique pour les membres des structures du programme d\u2019accr\u00e9ditation\u00a0;\u00a0<\/span><\/li>\n<li class=\"para-TC_txt\"><span class=\"char-TC_txt-Local-341\">une communication efficace. La m\u00e9thodologie de la mise en place de la d\u00e9marche doit faire participer les acteurs de tout m\u00e9tier, de toute discipline et de toute cat\u00e9gorie, afin qu\u2019ils s\u2019approprient au mieux les changements. Une large communication sur le projet doit \u00eatre pr\u00e9vue pour favoriser l\u2019adh\u00e9sion du personnel\u00a0;\u00a0<\/span><\/li>\n<li class=\"para-TC_txt\"><span class=\"char-TC_txt-Local-341\">l\u2019engagement pour la r\u00e9alisation des plans d\u2019actions issus de l\u2019auto\u00e9valuation et qui s\u2019apparentent plus \u00e0 un catalogue d\u2019objectifs qu\u2019\u00e0 une v\u00e9ritable politique\u00a0<\/span><span class=\"char-TC_txt-Local-350\"><sup class=\"appel\" data-toggle=\"modal\" data-target=\"#notes\">(17)<\/sup><\/span><span class=\"char-TC_txt-Local-341\">. Quand ces plans d\u2019actions ne sont pas mis en place par manque de moyens humains ou mat\u00e9riels, les acteurs ayant particip\u00e9 \u00e0 l\u2019auto\u00e9valuation se trouvent d\u00e9motiv\u00e9s.\u2008\u00a0<\/span><\/li>\n<\/ul>\n<h1 class=\"para-TC_inter_01\"><span class=\"char-of-TC_txt-192\">Conclusion\u00a0<\/span><\/h1>\n<p class=\"para-TC_txt\"><span class=\"char-TC_txt-Local-341\">Le programme d\u2019accr\u00e9ditation hospitali\u00e8re a permis de soulever des points forts mais aussi des dysfonctionnements jusqu\u2019alors m\u00e9connus ou d\u00e9laiss\u00e9s, et qui ont constitu\u00e9 le point de d\u00e9part pour la mise en place des plans d\u2019am\u00e9lioration.<\/span><\/p>\n<p class=\"para-TC_txt\"><span class=\"char-TC_txt-Local-341\">La d\u00e9marche a eu un impact positif, car elle a suscit\u00e9 la motivation des membres du personnel et les a f\u00e9d\u00e9r\u00e9s autour d\u2019objectifs communs. L\u2019ampleur du travail r\u00e9alis\u00e9 s\u2019est traduite par une am\u00e9lioration au niveau de l\u2019organisation de la communication interne, malgr\u00e9 les obstacles et les freins de la d\u00e9marche dus, pour la plupart des acteurs, au manque de moyens, de temps et de formation. L\u2019engagement de la direction et la motivation des acteurs en sont des facteurs essentiels de r\u00e9ussite. <\/span><span class=\"char-TC_txt-Local-341\">M\u00eame si le programme est tr\u00e8s r\u00e9cent, nul ne peut nier son impact positif; on ne pourra cependant vraiment parler d\u2019impact sur la qualit\u00e9 des soins qu\u2019apr\u00e8s une \u00e9tude d\u2019impact qualitative et \/ou quantitative.<\/span><\/p>\n<script>function PlayerjsAsync(){} if(window[\"Playerjs\"]){PlayerjsAsync();}<\/script>","protected":false},"excerpt":{"rendered":"<p>\ufeffLe Maroc s\u2019est engag\u00e9, avec l\u2019appui de l\u2019Organisation mondiale de la sant\u00e9, dans un processus de d\u00e9veloppement d\u2019un syst\u00e8me national d\u2019accr\u00e9ditation hospitali\u00e8re. Les auteurs ont proc\u00e9d\u00e9 \u00e0 l\u2019analyse de la mise en place de la d\u00e9marche d\u2019accr\u00e9ditation au niveau d\u2019un h\u00f4pital r\u00e9gional, d\u00e9crivant les \u00e9tapes de l\u2019implantation du programme, les am\u00e9liorations apport\u00e9es \u00e0 plusieurs domaines d\u2019activit\u00e9 de l\u2019h\u00f4pital, suite \u00e0 l\u2019auto\u00e9valuation, \u00e9tape ma\u00eetresse, mais aussi les contraintes et les difficult\u00e9s rencontr\u00e9es. \u00c0 l\u2019instar des programmes similaires \u00e0 l\u2019\u00e9chelle internationale, la conduite du changement est g\u00e9n\u00e9ratrice de r\u00e9sistances qu\u2019il faut savoir g\u00e9rer ; l\u2019engagement de la direction et la disponibilit\u00e9 des ressources n\u00e9cessaires sont des facteurs cl\u00e9s de r\u00e9ussite, et la formation et la communication constituent de vrais leviers d\u2019action du projet.<\/p>\n","protected":false},"author":1202,"featured_media":30212,"comment_status":"open","ping_status":"open","sticky":false,"template":"","format":"standard","meta":{"_acf_changed":false,"_relevanssi_hide_post":"","_relevanssi_hide_content":"","_relevanssi_pin_for_all":"","_relevanssi_pin_keywords":"","_relevanssi_unpin_keywords":"","_relevanssi_related_keywords":"","_relevanssi_related_include_ids":"","_relevanssi_related_exclude_ids":"","_relevanssi_related_no_append":"","_relevanssi_related_not_related":"","_relevanssi_related_posts":"","_relevanssi_noindex_reason":"","footnotes":""},"categories":[26,2],"tags":[712,533,508,156,329],"class_list":["post-15387","post","type-post","status-publish","format-standard","has-post-thumbnail","hentry","category-dossier","category-gestions-hospitalieres","tag-accreditation","tag-changement","tag-demarche-qualite","tag-hopital","tag-maroc"],"acf":[],"yoast_head":"<!-- This site is optimized with the Yoast SEO plugin v24.8.1 - https:\/\/yoast.com\/wordpress\/plugins\/seo\/ -->\n<title>Implantation du programme d\u2019accr\u00e9ditation hospitali\u00e8re - Gestions hospitali\u00e8res<\/title>\n<meta name=\"robots\" content=\"index, follow, max-snippet:-1, max-image-preview:large, max-video-preview:-1\" \/>\n<link rel=\"canonical\" href=\"https:\/\/www.ricom-web8.com\/gestions\/implantation-du-programme-daccreditation-hospitaliere\/\" \/>\n<meta property=\"og:locale\" content=\"fr_FR\" \/>\n<meta property=\"og:type\" content=\"article\" \/>\n<meta property=\"og:title\" content=\"Implantation du programme d\u2019accr\u00e9ditation hospitali\u00e8re - Gestions hospitali\u00e8res\" \/>\n<meta property=\"og:description\" content=\"\ufeffLe Maroc s\u2019est engag\u00e9, avec l\u2019appui de l\u2019Organisation mondiale de la sant\u00e9, dans un processus de d\u00e9veloppement d\u2019un syst\u00e8me national d\u2019accr\u00e9ditation hospitali\u00e8re. Les auteurs ont proc\u00e9d\u00e9 \u00e0 l\u2019analyse de la mise en place de la d\u00e9marche d\u2019accr\u00e9ditation au niveau d\u2019un h\u00f4pital r\u00e9gional, d\u00e9crivant les \u00e9tapes de l\u2019implantation du programme, les am\u00e9liorations apport\u00e9es \u00e0 plusieurs domaines d\u2019activit\u00e9 de l\u2019h\u00f4pital, suite \u00e0 l\u2019auto\u00e9valuation, \u00e9tape ma\u00eetresse, mais aussi les contraintes et les difficult\u00e9s rencontr\u00e9es. \u00c0 l\u2019instar des programmes similaires \u00e0 l\u2019\u00e9chelle internationale, la conduite du changement est g\u00e9n\u00e9ratrice de r\u00e9sistances qu\u2019il faut savoir g\u00e9rer ; l\u2019engagement de la direction et la disponibilit\u00e9 des ressources n\u00e9cessaires sont des facteurs cl\u00e9s de r\u00e9ussite, et la formation et la communication constituent de vrais leviers d\u2019action du projet.\" \/>\n<meta property=\"og:url\" content=\"https:\/\/www.ricom-web8.com\/gestions\/implantation-du-programme-daccreditation-hospitaliere\/\" \/>\n<meta property=\"og:site_name\" content=\"Gestions hospitali\u00e8res\" \/>\n<meta property=\"article:publisher\" content=\"https:\/\/www.facebook.com\/gestionshospitalieres\/\" \/>\n<meta property=\"article:published_time\" content=\"2012-06-30T22:00:00+00:00\" \/>\n<meta property=\"article:modified_time\" content=\"2018-03-08T11:14:42+00:00\" \/>\n<meta property=\"og:image\" content=\"https:\/\/www.ricom-web8.com\/gestions\/wp-content\/uploads\/2012\/07\/Capture-d\u2019\u00e9cran-2016-12-27-\u00e0-14.27.57.png\" \/>\n\t<meta property=\"og:image:width\" content=\"200\" \/>\n\t<meta property=\"og:image:height\" content=\"200\" \/>\n\t<meta property=\"og:image:type\" content=\"image\/png\" \/>\n<meta name=\"author\" content=\"yann Le Sager\" \/>\n<meta name=\"twitter:card\" content=\"summary_large_image\" \/>\n<meta name=\"twitter:creator\" content=\"@revue_GH\" \/>\n<meta name=\"twitter:site\" content=\"@revue_GH\" \/>\n<meta name=\"twitter:label1\" content=\"\u00c9crit par\" \/>\n\t<meta name=\"twitter:data1\" content=\"yann Le Sager\" \/>\n\t<meta name=\"twitter:label2\" content=\"Dur\u00e9e de lecture estim\u00e9e\" \/>\n\t<meta name=\"twitter:data2\" content=\"21 minutes\" \/>\n<script type=\"application\/ld+json\" class=\"yoast-schema-graph\">{\"@context\":\"https:\/\/schema.org\",\"@graph\":[{\"@type\":\"Article\",\"@id\":\"https:\/\/www.ricom-web8.com\/gestions\/implantation-du-programme-daccreditation-hospitaliere\/#article\",\"isPartOf\":{\"@id\":\"https:\/\/www.ricom-web8.com\/gestions\/implantation-du-programme-daccreditation-hospitaliere\/\"},\"author\":{\"name\":\"yann Le Sager\",\"@id\":\"https:\/\/www.ricom-web8.com\/gestions\/#\/schema\/person\/810c9671279c5f5a094f6f0a42237516\"},\"headline\":\"Implantation du programme d\u2019accr\u00e9ditation hospitali\u00e8re\",\"datePublished\":\"2012-06-30T22:00:00+00:00\",\"dateModified\":\"2018-03-08T11:14:42+00:00\",\"mainEntityOfPage\":{\"@id\":\"https:\/\/www.ricom-web8.com\/gestions\/implantation-du-programme-daccreditation-hospitaliere\/\"},\"wordCount\":4243,\"commentCount\":0,\"publisher\":{\"@id\":\"https:\/\/www.ricom-web8.com\/gestions\/#organization\"},\"image\":{\"@id\":\"https:\/\/www.ricom-web8.com\/gestions\/implantation-du-programme-daccreditation-hospitaliere\/#primaryimage\"},\"thumbnailUrl\":\"https:\/\/www.ricom-web8.com\/gestions\/wp-content\/uploads\/2012\/07\/Capture-d\u2019\u00e9cran-2016-12-27-\u00e0-14.27.57.png\",\"keywords\":[\"accr\u00e9ditation\",\"changement\",\"d\u00e9marche qualit\u00e9\",\"h\u00f4pital\",\"Maroc\"],\"articleSection\":[\"dossier\",\"Gestions Hospitali\u00e8res\"],\"inLanguage\":\"fr-FR\",\"potentialAction\":[{\"@type\":\"CommentAction\",\"name\":\"Comment\",\"target\":[\"https:\/\/www.ricom-web8.com\/gestions\/implantation-du-programme-daccreditation-hospitaliere\/#respond\"]}]},{\"@type\":\"WebPage\",\"@id\":\"https:\/\/www.ricom-web8.com\/gestions\/implantation-du-programme-daccreditation-hospitaliere\/\",\"url\":\"https:\/\/www.ricom-web8.com\/gestions\/implantation-du-programme-daccreditation-hospitaliere\/\",\"name\":\"Implantation du programme d\u2019accr\u00e9ditation hospitali\u00e8re - Gestions hospitali\u00e8res\",\"isPartOf\":{\"@id\":\"https:\/\/www.ricom-web8.com\/gestions\/#website\"},\"primaryImageOfPage\":{\"@id\":\"https:\/\/www.ricom-web8.com\/gestions\/implantation-du-programme-daccreditation-hospitaliere\/#primaryimage\"},\"image\":{\"@id\":\"https:\/\/www.ricom-web8.com\/gestions\/implantation-du-programme-daccreditation-hospitaliere\/#primaryimage\"},\"thumbnailUrl\":\"https:\/\/www.ricom-web8.com\/gestions\/wp-content\/uploads\/2012\/07\/Capture-d\u2019\u00e9cran-2016-12-27-\u00e0-14.27.57.png\",\"datePublished\":\"2012-06-30T22:00:00+00:00\",\"dateModified\":\"2018-03-08T11:14:42+00:00\",\"breadcrumb\":{\"@id\":\"https:\/\/www.ricom-web8.com\/gestions\/implantation-du-programme-daccreditation-hospitaliere\/#breadcrumb\"},\"inLanguage\":\"fr-FR\",\"potentialAction\":[{\"@type\":\"ReadAction\",\"target\":[\"https:\/\/www.ricom-web8.com\/gestions\/implantation-du-programme-daccreditation-hospitaliere\/\"]}]},{\"@type\":\"ImageObject\",\"inLanguage\":\"fr-FR\",\"@id\":\"https:\/\/www.ricom-web8.com\/gestions\/implantation-du-programme-daccreditation-hospitaliere\/#primaryimage\",\"url\":\"https:\/\/www.ricom-web8.com\/gestions\/wp-content\/uploads\/2012\/07\/Capture-d\u2019\u00e9cran-2016-12-27-\u00e0-14.27.57.png\",\"contentUrl\":\"https:\/\/www.ricom-web8.com\/gestions\/wp-content\/uploads\/2012\/07\/Capture-d\u2019\u00e9cran-2016-12-27-\u00e0-14.27.57.png\",\"width\":200,\"height\":200},{\"@type\":\"BreadcrumbList\",\"@id\":\"https:\/\/www.ricom-web8.com\/gestions\/implantation-du-programme-daccreditation-hospitaliere\/#breadcrumb\",\"itemListElement\":[{\"@type\":\"ListItem\",\"position\":1,\"name\":\"Accueil\",\"item\":\"https:\/\/www.ricom-web8.com\/gestions\/\"},{\"@type\":\"ListItem\",\"position\":2,\"name\":\"Implantation du programme d\u2019accr\u00e9ditation hospitali\u00e8re\"}]},{\"@type\":\"WebSite\",\"@id\":\"https:\/\/www.ricom-web8.com\/gestions\/#website\",\"url\":\"https:\/\/www.ricom-web8.com\/gestions\/\",\"name\":\"Gestions hospitali\u00e8res\",\"description\":\"la revue des d\u00e9cideurs hospitaliers\",\"publisher\":{\"@id\":\"https:\/\/www.ricom-web8.com\/gestions\/#organization\"},\"potentialAction\":[{\"@type\":\"SearchAction\",\"target\":{\"@type\":\"EntryPoint\",\"urlTemplate\":\"https:\/\/www.ricom-web8.com\/gestions\/?s={search_term_string}\"},\"query-input\":{\"@type\":\"PropertyValueSpecification\",\"valueRequired\":true,\"valueName\":\"search_term_string\"}}],\"inLanguage\":\"fr-FR\"},{\"@type\":\"Organization\",\"@id\":\"https:\/\/www.ricom-web8.com\/gestions\/#organization\",\"name\":\"Gestions hospitali\u00e8res\",\"url\":\"https:\/\/www.ricom-web8.com\/gestions\/\",\"logo\":{\"@type\":\"ImageObject\",\"inLanguage\":\"fr-FR\",\"@id\":\"https:\/\/www.ricom-web8.com\/gestions\/#\/schema\/logo\/image\/\",\"url\":\"https:\/\/gestions-hospitalieres.fr\/wp-content\/uploads\/2017\/02\/picto_Gif-GH-trans.png\",\"contentUrl\":\"https:\/\/gestions-hospitalieres.fr\/wp-content\/uploads\/2017\/02\/picto_Gif-GH-trans.png\",\"width\":512,\"height\":512,\"caption\":\"Gestions hospitali\u00e8res\"},\"image\":{\"@id\":\"https:\/\/www.ricom-web8.com\/gestions\/#\/schema\/logo\/image\/\"},\"sameAs\":[\"https:\/\/www.facebook.com\/gestionshospitalieres\/\",\"https:\/\/x.com\/revue_GH\",\"https:\/\/www.linkedin.com\/company\/gestions-hospitalieres?trk=top_nav_home\"]},{\"@type\":\"Person\",\"@id\":\"https:\/\/www.ricom-web8.com\/gestions\/#\/schema\/person\/810c9671279c5f5a094f6f0a42237516\",\"name\":\"yann Le Sager\",\"image\":{\"@type\":\"ImageObject\",\"inLanguage\":\"fr-FR\",\"@id\":\"https:\/\/www.ricom-web8.com\/gestions\/#\/schema\/person\/image\/\",\"url\":\"https:\/\/secure.gravatar.com\/avatar\/36112fa5997be9e3b9acb0c60a4a1075?s=96&d=mm&r=g\",\"contentUrl\":\"https:\/\/secure.gravatar.com\/avatar\/36112fa5997be9e3b9acb0c60a4a1075?s=96&d=mm&r=g\",\"caption\":\"yann Le Sager\"},\"url\":\"https:\/\/www.ricom-web8.com\/gestions\/author\/lesager-yannstudioricom-com\/\"}]}<\/script>\n<!-- \/ Yoast SEO plugin. -->","yoast_head_json":{"title":"Implantation du programme d\u2019accr\u00e9ditation hospitali\u00e8re - Gestions hospitali\u00e8res","robots":{"index":"index","follow":"follow","max-snippet":"max-snippet:-1","max-image-preview":"max-image-preview:large","max-video-preview":"max-video-preview:-1"},"canonical":"https:\/\/www.ricom-web8.com\/gestions\/implantation-du-programme-daccreditation-hospitaliere\/","og_locale":"fr_FR","og_type":"article","og_title":"Implantation du programme d\u2019accr\u00e9ditation hospitali\u00e8re - Gestions hospitali\u00e8res","og_description":"\ufeffLe Maroc s\u2019est engag\u00e9, avec l\u2019appui de l\u2019Organisation mondiale de la sant\u00e9, dans un processus de d\u00e9veloppement d\u2019un syst\u00e8me national d\u2019accr\u00e9ditation hospitali\u00e8re. Les auteurs ont proc\u00e9d\u00e9 \u00e0 l\u2019analyse de la mise en place de la d\u00e9marche d\u2019accr\u00e9ditation au niveau d\u2019un h\u00f4pital r\u00e9gional, d\u00e9crivant les \u00e9tapes de l\u2019implantation du programme, les am\u00e9liorations apport\u00e9es \u00e0 plusieurs domaines d\u2019activit\u00e9 de l\u2019h\u00f4pital, suite \u00e0 l\u2019auto\u00e9valuation, \u00e9tape ma\u00eetresse, mais aussi les contraintes et les difficult\u00e9s rencontr\u00e9es. \u00c0 l\u2019instar des programmes similaires \u00e0 l\u2019\u00e9chelle internationale, la conduite du changement est g\u00e9n\u00e9ratrice de r\u00e9sistances qu\u2019il faut savoir g\u00e9rer ; l\u2019engagement de la direction et la disponibilit\u00e9 des ressources n\u00e9cessaires sont des facteurs cl\u00e9s de r\u00e9ussite, et la formation et la communication constituent de vrais leviers d\u2019action du projet.","og_url":"https:\/\/www.ricom-web8.com\/gestions\/implantation-du-programme-daccreditation-hospitaliere\/","og_site_name":"Gestions hospitali\u00e8res","article_publisher":"https:\/\/www.facebook.com\/gestionshospitalieres\/","article_published_time":"2012-06-30T22:00:00+00:00","article_modified_time":"2018-03-08T11:14:42+00:00","og_image":[{"width":200,"height":200,"url":"https:\/\/www.ricom-web8.com\/gestions\/wp-content\/uploads\/2012\/07\/Capture-d\u2019\u00e9cran-2016-12-27-\u00e0-14.27.57.png","type":"image\/png"}],"author":"yann Le Sager","twitter_card":"summary_large_image","twitter_creator":"@revue_GH","twitter_site":"@revue_GH","twitter_misc":{"\u00c9crit par":"yann Le Sager","Dur\u00e9e de lecture estim\u00e9e":"21 minutes"},"schema":{"@context":"https:\/\/schema.org","@graph":[{"@type":"Article","@id":"https:\/\/www.ricom-web8.com\/gestions\/implantation-du-programme-daccreditation-hospitaliere\/#article","isPartOf":{"@id":"https:\/\/www.ricom-web8.com\/gestions\/implantation-du-programme-daccreditation-hospitaliere\/"},"author":{"name":"yann Le Sager","@id":"https:\/\/www.ricom-web8.com\/gestions\/#\/schema\/person\/810c9671279c5f5a094f6f0a42237516"},"headline":"Implantation du programme d\u2019accr\u00e9ditation hospitali\u00e8re","datePublished":"2012-06-30T22:00:00+00:00","dateModified":"2018-03-08T11:14:42+00:00","mainEntityOfPage":{"@id":"https:\/\/www.ricom-web8.com\/gestions\/implantation-du-programme-daccreditation-hospitaliere\/"},"wordCount":4243,"commentCount":0,"publisher":{"@id":"https:\/\/www.ricom-web8.com\/gestions\/#organization"},"image":{"@id":"https:\/\/www.ricom-web8.com\/gestions\/implantation-du-programme-daccreditation-hospitaliere\/#primaryimage"},"thumbnailUrl":"https:\/\/www.ricom-web8.com\/gestions\/wp-content\/uploads\/2012\/07\/Capture-d\u2019\u00e9cran-2016-12-27-\u00e0-14.27.57.png","keywords":["accr\u00e9ditation","changement","d\u00e9marche qualit\u00e9","h\u00f4pital","Maroc"],"articleSection":["dossier","Gestions Hospitali\u00e8res"],"inLanguage":"fr-FR","potentialAction":[{"@type":"CommentAction","name":"Comment","target":["https:\/\/www.ricom-web8.com\/gestions\/implantation-du-programme-daccreditation-hospitaliere\/#respond"]}]},{"@type":"WebPage","@id":"https:\/\/www.ricom-web8.com\/gestions\/implantation-du-programme-daccreditation-hospitaliere\/","url":"https:\/\/www.ricom-web8.com\/gestions\/implantation-du-programme-daccreditation-hospitaliere\/","name":"Implantation du programme d\u2019accr\u00e9ditation hospitali\u00e8re - Gestions hospitali\u00e8res","isPartOf":{"@id":"https:\/\/www.ricom-web8.com\/gestions\/#website"},"primaryImageOfPage":{"@id":"https:\/\/www.ricom-web8.com\/gestions\/implantation-du-programme-daccreditation-hospitaliere\/#primaryimage"},"image":{"@id":"https:\/\/www.ricom-web8.com\/gestions\/implantation-du-programme-daccreditation-hospitaliere\/#primaryimage"},"thumbnailUrl":"https:\/\/www.ricom-web8.com\/gestions\/wp-content\/uploads\/2012\/07\/Capture-d\u2019\u00e9cran-2016-12-27-\u00e0-14.27.57.png","datePublished":"2012-06-30T22:00:00+00:00","dateModified":"2018-03-08T11:14:42+00:00","breadcrumb":{"@id":"https:\/\/www.ricom-web8.com\/gestions\/implantation-du-programme-daccreditation-hospitaliere\/#breadcrumb"},"inLanguage":"fr-FR","potentialAction":[{"@type":"ReadAction","target":["https:\/\/www.ricom-web8.com\/gestions\/implantation-du-programme-daccreditation-hospitaliere\/"]}]},{"@type":"ImageObject","inLanguage":"fr-FR","@id":"https:\/\/www.ricom-web8.com\/gestions\/implantation-du-programme-daccreditation-hospitaliere\/#primaryimage","url":"https:\/\/www.ricom-web8.com\/gestions\/wp-content\/uploads\/2012\/07\/Capture-d\u2019\u00e9cran-2016-12-27-\u00e0-14.27.57.png","contentUrl":"https:\/\/www.ricom-web8.com\/gestions\/wp-content\/uploads\/2012\/07\/Capture-d\u2019\u00e9cran-2016-12-27-\u00e0-14.27.57.png","width":200,"height":200},{"@type":"BreadcrumbList","@id":"https:\/\/www.ricom-web8.com\/gestions\/implantation-du-programme-daccreditation-hospitaliere\/#breadcrumb","itemListElement":[{"@type":"ListItem","position":1,"name":"Accueil","item":"https:\/\/www.ricom-web8.com\/gestions\/"},{"@type":"ListItem","position":2,"name":"Implantation du programme d\u2019accr\u00e9ditation hospitali\u00e8re"}]},{"@type":"WebSite","@id":"https:\/\/www.ricom-web8.com\/gestions\/#website","url":"https:\/\/www.ricom-web8.com\/gestions\/","name":"Gestions hospitali\u00e8res","description":"la revue des d\u00e9cideurs hospitaliers","publisher":{"@id":"https:\/\/www.ricom-web8.com\/gestions\/#organization"},"potentialAction":[{"@type":"SearchAction","target":{"@type":"EntryPoint","urlTemplate":"https:\/\/www.ricom-web8.com\/gestions\/?s={search_term_string}"},"query-input":{"@type":"PropertyValueSpecification","valueRequired":true,"valueName":"search_term_string"}}],"inLanguage":"fr-FR"},{"@type":"Organization","@id":"https:\/\/www.ricom-web8.com\/gestions\/#organization","name":"Gestions hospitali\u00e8res","url":"https:\/\/www.ricom-web8.com\/gestions\/","logo":{"@type":"ImageObject","inLanguage":"fr-FR","@id":"https:\/\/www.ricom-web8.com\/gestions\/#\/schema\/logo\/image\/","url":"https:\/\/gestions-hospitalieres.fr\/wp-content\/uploads\/2017\/02\/picto_Gif-GH-trans.png","contentUrl":"https:\/\/gestions-hospitalieres.fr\/wp-content\/uploads\/2017\/02\/picto_Gif-GH-trans.png","width":512,"height":512,"caption":"Gestions hospitali\u00e8res"},"image":{"@id":"https:\/\/www.ricom-web8.com\/gestions\/#\/schema\/logo\/image\/"},"sameAs":["https:\/\/www.facebook.com\/gestionshospitalieres\/","https:\/\/x.com\/revue_GH","https:\/\/www.linkedin.com\/company\/gestions-hospitalieres?trk=top_nav_home"]},{"@type":"Person","@id":"https:\/\/www.ricom-web8.com\/gestions\/#\/schema\/person\/810c9671279c5f5a094f6f0a42237516","name":"yann Le Sager","image":{"@type":"ImageObject","inLanguage":"fr-FR","@id":"https:\/\/www.ricom-web8.com\/gestions\/#\/schema\/person\/image\/","url":"https:\/\/secure.gravatar.com\/avatar\/36112fa5997be9e3b9acb0c60a4a1075?s=96&d=mm&r=g","contentUrl":"https:\/\/secure.gravatar.com\/avatar\/36112fa5997be9e3b9acb0c60a4a1075?s=96&d=mm&r=g","caption":"yann Le Sager"},"url":"https:\/\/www.ricom-web8.com\/gestions\/author\/lesager-yannstudioricom-com\/"}]}},"_links":{"self":[{"href":"https:\/\/www.ricom-web8.com\/gestions\/wp-json\/wp\/v2\/posts\/15387","targetHints":{"allow":["GET"]}}],"collection":[{"href":"https:\/\/www.ricom-web8.com\/gestions\/wp-json\/wp\/v2\/posts"}],"about":[{"href":"https:\/\/www.ricom-web8.com\/gestions\/wp-json\/wp\/v2\/types\/post"}],"author":[{"embeddable":true,"href":"https:\/\/www.ricom-web8.com\/gestions\/wp-json\/wp\/v2\/users\/1202"}],"replies":[{"embeddable":true,"href":"https:\/\/www.ricom-web8.com\/gestions\/wp-json\/wp\/v2\/comments?post=15387"}],"version-history":[{"count":0,"href":"https:\/\/www.ricom-web8.com\/gestions\/wp-json\/wp\/v2\/posts\/15387\/revisions"}],"wp:featuredmedia":[{"embeddable":true,"href":"https:\/\/www.ricom-web8.com\/gestions\/wp-json\/wp\/v2\/media\/30212"}],"wp:attachment":[{"href":"https:\/\/www.ricom-web8.com\/gestions\/wp-json\/wp\/v2\/media?parent=15387"}],"wp:term":[{"taxonomy":"category","embeddable":true,"href":"https:\/\/www.ricom-web8.com\/gestions\/wp-json\/wp\/v2\/categories?post=15387"},{"taxonomy":"post_tag","embeddable":true,"href":"https:\/\/www.ricom-web8.com\/gestions\/wp-json\/wp\/v2\/tags?post=15387"}],"curies":[{"name":"wp","href":"https:\/\/api.w.org\/{rel}","templated":true}]}}