

{"id":15388,"date":"2012-07-01T00:00:00","date_gmt":"2012-06-30T22:00:00","guid":{"rendered":"http:\/\/ricom-web.com\/gestions-hospitalieres\/demarche-qualite\/"},"modified":"2018-03-08T12:14:18","modified_gmt":"2018-03-08T11:14:18","slug":"demarche-qualite","status":"publish","type":"post","link":"https:\/\/www.ricom-web8.com\/gestions\/demarche-qualite\/","title":{"rendered":"D\u00e9marche qualit\u00e9"},"content":{"rendered":"<span class=\"span-reading-time rt-reading-time\" style=\"display: block;\"><span class=\"rt-label rt-prefix\">Temps de lecture\u00a0: <\/span> <span class=\"rt-time\"> 7<\/span> <span class=\"rt-label rt-postfix\">minutes<\/span><\/span><p class=\"para-TC_txt\"><span class=\"char-TC_txt-Local-221\">Dans un contexte de plus en plus concurrentiel et de s\u00e9curit\u00e9, l\u2019h\u00f4pital et le syst\u00e8me sanitaire de mani\u00e8re g\u00e9n\u00e9rale se doivent d\u2019\u00eatre irr\u00e9prochables, tant sur le plan de la qualit\u00e9 des soins dispens\u00e9s que sur celui des prestations qui y concourent, notamment les activit\u00e9s de laboratoire. En effet, les r\u00e9sultats des examens de laboratoires aident \u00e0 la d\u00e9cision m\u00e9dicale en permettant de poser un diagnostic correct et de r\u00e9aliser une prise en charge th\u00e9rapeutique appropri\u00e9e du patient par le m\u00e9decin, avec comme objectif essentiel la perfection dans la r\u00e9alisation\u00a0<\/span><span class=\"char-TC_txt-Local-240\"><sup class=\"appel\" data-toggle=\"modal\" data-target=\"#notes\">(1)<\/sup><\/span><span class=\"char-TC_txt-Local-221\">. <\/span><span class=\"char-TC_txt-Local-221\">Cela suppose la production par le laboratoire des r\u00e9sultats fiables \u00e0 travers la mise en place d\u2019un syst\u00e8me d\u2019assurance qualit\u00e9\u00a0<\/span><span class=\"char-TC_txt-Local-240\"><sup class=\"appel\" data-toggle=\"modal\" data-target=\"#notes\">(2)<\/sup><\/span>\u00a0<span class=\"char-TC_txt-Local-221\">fond\u00e9 sur une politique qualit\u00e9, d\u2019un \u00e9quipement minimal et d\u2019un certain niveau de performance dans l\u2019accomplissement des t\u00e2ches biologiques. L\u2019assurance qualit\u00e9, en favorisant la mise en \u0153uvre d\u2019un syst\u00e8me de gestion de la qualit\u00e9 dans le laboratoire, permet de ma\u00eetriser l\u2019organisation des t\u00e2ches conduisant \u00e0 un produit de qualit\u00e9, par des interventions sur les \u00e9tapes pr\u00e9analytique, analytique et postanalytique du dosage\u00a0<\/span><span class=\"char-TC_txt-Local-240\"><sup class=\"appel\" data-toggle=\"modal\" data-target=\"#notes\">(3)<\/sup><\/span><span class=\"char-TC_txt-Local-221\">.<\/span><\/p>\n<p class=\"para-TC_txt\"><span class=\"char-TC_txt-Local-221\">Dans la perspective de la mise en place d\u2019un programme d\u2019accompagnement des laboratoires priv\u00e9s et publics d\u2019Abidjan pour adopter une d\u00e9marche qualit\u00e9, cette \u00e9tude a pour but d\u2019\u00e9valuer la qualit\u00e9 des op\u00e9rations techniques qui y sont ex\u00e9cut\u00e9es.\u00a0<\/span><\/p>\n<h1 class=\"para-TC_inter_01\"><span class=\"char-of-TC_txt-303\">Mat\u00e9riel et m\u00e9thodes\u00a0<\/span><\/h1>\n<p class=\"para-TC_txt\"><span class=\"char-TC_txt-Local-221\">L\u2019\u00e9tude de type transversal et descriptif a \u00e9t\u00e9 r\u00e9alis\u00e9e sur une p\u00e9riode de trois mois au niveau des principaux laboratoires priv\u00e9s et publics des formations sanitaires de r\u00e9f\u00e9rence d\u2019Abidjan\u00a0: onze laboratoires \u2013 six du secteur public, cinq du secteur priv\u00e9 \u2013, dispensant des prestations de biochimie clinique et retenus sur des crit\u00e8res de volontariat, d\u2019anciennet\u00e9 (trois ans) et d\u2019int\u00e9r\u00eat pour la mise en place d\u2019une d\u00e9marche assurance qualit\u00e9 et de contr\u00f4le interne des instruments de mesure. L\u2019accord de participation de ces onze laboratoires \u00e0 cette enqu\u00eate a \u00e9t\u00e9 obtenu sur les vingt initialement contact\u00e9s, soit un taux d\u2019acceptation de 55\u00a0% des responsables de laboratoire, en particulier du priv\u00e9.<\/span><\/p>\n<p class=\"para-TC_txt\"><span class=\"char-TC_txt-Local-221\">Cette \u00e9tude a \u00e9t\u00e9 pr\u00e9c\u00e9d\u00e9e de rencontres de sensibilisation avec les responsables des laboratoires s\u00e9lectionn\u00e9s et d\u2019une pr\u00e9enqu\u00eate de deux jours dans un des laboratoires pour tester la praticabilit\u00e9 du guide d\u2019entretien. <\/span><span class=\"char-TC_txt-Local-221\">L\u2019enqu\u00eate a \u00e9t\u00e9 r\u00e9alis\u00e9e \u00e0 l\u2019aide d\u2019un questionnaire par deux enqu\u00eateurs qui ont int\u00e9gr\u00e9 l\u2019\u00e9quipe technique de chaque laboratoire o\u00f9 ils ont s\u00e9journ\u00e9 deux \u00e0 trois jours cons\u00e9cutifs. <\/span><span class=\"char-TC_txt-Local-221\">Les r\u00e9f\u00e9rences de bonnes pratiques de laboratoire utilis\u00e9es pour identifier les probl\u00e8mes li\u00e9s \u00e0 la mise en \u0153uvre des op\u00e9rations techniques dans les laboratoires retenus sont celles contenues dans le\u00a0<\/span><span class=\"char-TC_txt_ital-Local-286\">Guide de bonne ex\u00e9cution des analyses de laboratoire<\/span>\u00a0<span class=\"char-TC_txt-Local-221\">(GBEA) et dans d\u2019autres manuels internationaux\u00a0<\/span><span class=\"char-TC_txt-Local-240\"><sup class=\"appel\" data-toggle=\"modal\" data-target=\"#notes\">(4)<\/sup><\/span><span class=\"char-TC_txt-Local-221\">.\u00a0<\/span><\/p>\n<p class=\"para-TC_txt\"><span class=\"char-TC_txt-Local-221\">Le guide d\u2019entretien utilis\u00e9 comporte vingt-deux questions ouvertes r\u00e9sumant les principaux aspects de la mise en \u0153uvre des op\u00e9rations techniques dans un laboratoire donn\u00e9 et s\u2019articulent autour des trois principales \u00e9tapes du processus op\u00e9ratoire\u00a0: pr\u00e9analytique, analytique et postanalytique. <\/span><span class=\"char-TC_txt-Local-221\">Les entretiens avec les responsables des laboratoires retenus ont \u00e9t\u00e9 coupl\u00e9s avec l\u2019observation des attitudes et pratiques du personnel dans le domaine du management technique de laboratoire.<\/span><\/p>\n<p class=\"para-TC_txt\"><span class=\"char-TC_txt-Local-221\">\u00c0 la fin de l\u2019enqu\u00eate, une cotation relative au degr\u00e9 de conformit\u00e9 des pratiques \u00e9tudi\u00e9es par rapport aux exigences du r\u00e9f\u00e9rentiel utilis\u00e9 a \u00e9t\u00e9 adopt\u00e9e afin de pouvoir r\u00e9aliser une classification des niveaux de qualit\u00e9. Ainsi, par rapport \u00e0 une exigence du r\u00e9f\u00e9rentiel et pour une pratique donn\u00e9e dans le laboratoire, une cotation binaire a \u00e9t\u00e9 retenue (oui = 1 et non = 0), suivie du calcul de la moyenne de la note obtenue. <\/span><span class=\"char-TC_txt-Local-221\">En ce qui concerne l\u2019appr\u00e9ciation du niveau de qualit\u00e9 d\u2019une pratique technique dans un laboratoire, il a \u00e9t\u00e9 d\u00e9cid\u00e9 que lorsque la cotation pour exigence est strictement inf\u00e9rieure \u00e0 80\u00a0%\u00a0<\/span><span class=\"char-TC_txt-Local-240\"><sup class=\"appel\" data-toggle=\"modal\" data-target=\"#notes\">(5)<\/sup><\/span><span class=\"char-TC_txt-Local-221\">, la pratique observ\u00e9e est consid\u00e9r\u00e9e comme non conforme par rapport \u00e0 celle attendue du r\u00e9f\u00e9rentiel qualit\u00e9. <\/span><span class=\"char-TC_txt-Local-221\">Par ailleurs, pour cadrer cette \u00e9tude dans notre contexte de travail, il a \u00e9t\u00e9 propos\u00e9 une \u00e9chelle de qualit\u00e9 o\u00f9 le seuil de conformit\u00e9 \u00e0 une qualit\u00e9 pr\u00e9sente a \u00e9t\u00e9 ramen\u00e9 \u00e0 60\u00a0% pour la cotation d\u2019une pratique donn\u00e9e dans le laboratoire.\u00a0<\/span><\/p>\n<h1 class=\"para-TC_inter_01\"><span class=\"char-of-TC_txt-303\">Discussion<\/span>\u00a0<span class=\"char-TC_txt-Local-221\"><br \/>\n<\/span><\/h1>\n<p class=\"para-TC_txt\"><span class=\"char-TC_txt-Local-221\">La qualit\u00e9 est l\u2019ensemble des caract\u00e9ristiques d\u2019une entit\u00e9 qui lui conf\u00e8rent l\u2019aptitude \u00e0 satisfaire des besoins exprim\u00e9s ou implicites, imposant la recherche de progr\u00e8s dans l\u2019ensemble des syst\u00e8mes qui composent le laboratoire (gestion, organisation des relations, conditions de travail\u2026)\u00a0<\/span><span class=\"char-TC_txt-Local-240\"><sup class=\"appel\" data-toggle=\"modal\" data-target=\"#notes\">(6)<\/sup><\/span><span class=\"char-TC_txt-Local-221\">.<\/span><\/p>\n<p class=\"para-TC_txt\"><span class=\"char-TC_txt-Local-221\">Dans le cadre de cette \u00e9tude, le taux de participation de 55\u00a0% des laboratoires sollicit\u00e9s montrent la non-compr\u00e9hension des enjeux de la pratique de la qualit\u00e9 pour certains responsables de laboratoires en C\u00f4te d\u2019Ivoire. <\/span><span class=\"char-TC_txt-Local-221\">Cependant, selon Collignon\u00a0<\/span><span class=\"char-TC_txt-Local-240\"><sup class=\"appel\" data-toggle=\"modal\" data-target=\"#notes\">(7)<\/sup><\/span><span class=\"char-TC_txt-Local-221\">, la qualit\u00e9 constitue un enjeu social parce qu\u2019il s\u2019agit d\u2019un terrain d\u2019entente entre les diff\u00e9rents acteurs du laboratoire qui s\u2019accordent sur la recherche \u00ab\u00a0du travail bien fait\u00a0\u00bb du premier coup. Il s\u2019agit aussi d\u2019un enjeu \u00e9conomique en ce sens que la non-qualit\u00e9 co\u00fbte cher, les gaspillages dus \u00e0 une mauvaise gestion de la qualit\u00e9 repr\u00e9sentant environ 10 \u00e0 15\u00a0% du chiffre d\u2019affaires.\u00a0<\/span><\/p>\n<h2 class=\"para-TC_inter_02\"><span class=\"char-of-TC_txt-126\">Analyse des processus de la phase pr\u00e9analytique<\/span>\u00a0<span class=\"char-TC_txt-Local-221\"><br \/>\n<\/span><\/h2>\n<p class=\"para-TC_txt\"><span class=\"char-TC_txt-Local-221\">La phase pr\u00e9analytique, premi\u00e8re \u00e9tape de l\u2019assurance qualit\u00e9, regroupe les d\u00e9marches qui conduisent \u00e0 l\u2019obtention d\u2019un \u00e9chantillon indemne de toute anomalie et permettant d\u2019avoir un r\u00e9sultat de qualit\u00e9\u00a0<\/span><span class=\"char-TC_txt-Local-240\"><sup class=\"appel\" data-toggle=\"modal\" data-target=\"#notes\">(8)<\/sup><\/span><span class=\"char-TC_txt-Local-221\">. <\/span><span class=\"char-TC_txt-Local-221\">Le plateau technique en tant qu\u2019outil central de production du laboratoire et du fait de son r\u00f4le de prestataire de services pour les cliniciens constitue un des \u00e9l\u00e9ments essentiels de la d\u00e9marche qualit\u00e9 dans le laboratoire<\/span><span class=\"char-TC_txt-Local-240\"><sup class=\"appel\" data-toggle=\"modal\" data-target=\"#notes\">(9)<\/sup><\/span><span class=\"char-TC_txt-Local-221\">. <\/span><span class=\"char-TC_txt-Local-221\">Dans cette \u00e9tude, les laboratoires du secteur priv\u00e9 paraissent disposer d\u2019un plateau technique plus performant, en raison probablement des avantages concurrentiels et de la cr\u00e9dibilit\u00e9 aupr\u00e8s de la client\u00e8le<\/span><span class=\"char-TC_txt-Local-221\">.\u00a0<\/span><\/p>\n<p class=\"para-TC_txt\"><button data-toggle=\"collapse\" data-target=\"#enc_2012_377_01\">GRAPHIQUE 1<\/button><div id=\"enc_2012_377_01\" class=\"encadre collapse\"><div class=\"page\" title=\"Page 49\">\n<div class=\"section\">\n<div class=\"layoutArea\">\n<div class=\"column\">\n<p><span class=\"surtitre_enc\">GRAPHIQUE 1<\/span><\/p>\n<h2>Processus de la phase pr\u00e9analytique<\/h2>\n<p><img decoding=\"async\" class=\"alignnone size-full wp-image-30254\" src=\"https:\/\/gestions-hospitalieres.fr\/wp-content\/uploads\/2016\/12\/Capture-d\u2019\u00e9cran-2016-12-27-\u00e0-17.21.53.png\" alt=\"capture-decran-2016-12-27-a-17-21-53\" width=\"600\" height=\"721\" srcset=\"https:\/\/www.ricom-web8.com\/gestions\/wp-content\/uploads\/2016\/12\/Capture-d\u2019\u00e9cran-2016-12-27-\u00e0-17.21.53.png 600w, https:\/\/www.ricom-web8.com\/gestions\/wp-content\/uploads\/2016\/12\/Capture-d\u2019\u00e9cran-2016-12-27-\u00e0-17.21.53-250x300.png 250w\" sizes=\"(max-width: 600px) 100vw, 600px\" \/><\/p>\n<\/div>\n<\/div>\n<\/div>\n<\/div>\n<\/div><\/p>\n<p class=\"para-TC_txt\"><span class=\"char-TC_txt-Local-221\">Concernant les conditions de prise en charge des sp\u00e9cimens biologiques, leur ma\u00eetrise s\u2019av\u00e8re tr\u00e8s importante en ce sens qu\u2019il n\u2019y a pas d\u2019analyses fiables sur de mauvais pr\u00e9l\u00e8vements (<\/span><em>voir\u00a0<span class=\"char-TC_txt_ital-Local-286\">graphiques 1 ci-dessus<\/span><\/em><span class=\"char-TC_txt-Local-221\">). Les r\u00e8gles de bonnes pratiques doivent \u00eatre connues et respect\u00e9es du personnel (pr\u00e9paration de mat\u00e9riels, r\u00e8gles d\u2019asepsie, lieu de ponction, technique\u2026)\u00a0<\/span><span class=\"char-TC_txt-Local-240\"><sup class=\"appel\" data-toggle=\"modal\" data-target=\"#notes\">(10)<\/sup><\/span><span class=\"char-TC_txt-Local-221\">.<\/span><\/p>\n<p class=\"para-TC_txt\"><span class=\"char-TC_txt-Local-221\">Les \u00e9chantillons biologiques doivent \u00eatre accompagn\u00e9s de bulletin d\u2019information comportant des renseignements n\u00e9cessaires \u00e0 la bonne ex\u00e9cution des analyses et \u00e0 l\u2019interpr\u00e9tation des r\u00e9sultats\u00a0<\/span><span class=\"char-TC_txt-Local-240\"><sup class=\"appel\" data-toggle=\"modal\" data-target=\"#notes\">(11)<\/sup><\/span><span class=\"char-TC_txt-Local-221\">. <\/span><span class=\"char-TC_txt-Local-221\">La conformit\u00e9 des \u00e9chantillons pr\u00e9lev\u00e9s et la qualit\u00e9 r\u00e9dactionnelle des bulletins d\u2019analyses doivent ainsi faire l\u2019objet de v\u00e9rification syst\u00e9matique de la part des techniciens sous la supervision du biologiste. <\/span><span class=\"char-TC_txt-Local-221\">Dans 27,27\u00a0% des laboratoires, la r\u00e9ception initiale des \u00e9chantillons est r\u00e9alis\u00e9e par du personnel non qualifi\u00e9 (aides-soignants et r\u00e9ceptionnistes), limitant de ce fait la ma\u00eetrise de la collecte d\u2019informations utiles \u00e0 une bonne prise en charge des sp\u00e9cimens. <\/span><span class=\"char-TC_txt-Local-221\">Est constat\u00e9e \u00e9galement dans tous les laboratoires l\u2019absence de fiche de non-conformit\u00e9 des pr\u00e9l\u00e8vements par manque de proc\u00e9dures d\u2019admission des pr\u00e9l\u00e8vements\u00a0<\/span><span class=\"char-TC_txt-Local-240\"><sup class=\"appel\" data-toggle=\"modal\" data-target=\"#notes\">(12)<\/sup><\/span><span class=\"char-TC_txt-Local-221\">.<\/span><\/p>\n<p class=\"para-TC_txt\"><span class=\"char-TC_txt-Local-221\">Par ailleurs, il faut signaler l\u2019importance de l\u2019\u00e9tiquetage des \u00e9chantillons qui doit \u00eatre fait au moment du pr\u00e9l\u00e8vement par la personne ayant r\u00e9alis\u00e9 l\u2019acte. Sans oublier la mention de la date et de l\u2019heure du pr\u00e9l\u00e8vement ainsi que le nom de l\u2019agent pr\u00e9leveur sur le bulletin d\u2019analyse. <\/span><span class=\"char-TC_txt-Local-221\">Dans l\u2019ensemble, la prise en charge des \u00e9chantillons para\u00eet plus appropri\u00e9e dans les laboratoires publics.\u00a0<\/span><\/p>\n<h2 class=\"para-TC_inter_02\"><span class=\"char-of-TC_txt-126\">Analyse des processus de la phase analytique<\/span>\u00a0<span class=\"char-TC_txt-Local-221\"><br \/>\n<\/span><\/h2>\n<p class=\"para-TC_txt\"><span class=\"char-TC_txt-Local-221\">Cette \u00e9tape concerne toutes les mesures ou proc\u00e9dures destin\u00e9es \u00e0 v\u00e9rifier les diff\u00e9rentes phases de l\u2019activit\u00e9 permettant l\u2019obtention des r\u00e9sultats et surtout l\u2019analyse des \u00e9chantillons, dont le respect permet de tendre vers la qualit\u00e9.<\/span><\/p>\n<p class=\"para-TC_txt\"><span class=\"char-TC_txt-Local-221\">Selon La Fontaine\u00a0<\/span><span class=\"char-TC_txt-Local-240\"><sup class=\"appel\" data-toggle=\"modal\" data-target=\"#notes\">(13)<\/sup><\/span><span class=\"char-TC_txt-Local-221\">, les principaux gestes \u00e9l\u00e9mentaires dans un laboratoire portent sur les attitudes suivantes\u00a0: s\u2019installer confortablement \u00e0 la paillasse, se servir correctement des pipettes, utiliser correctement les r\u00e9actifs, ne pas oublier les t\u00e9moins ou \u00e9talon de contr\u00f4le. <\/span><span class=\"char-TC_txt-Local-221\">Dans notre \u00e9tude, 82\u00a0% des laboratoires pratiquent ces gestes \u00e9l\u00e9mentaires techniques et disposent de proc\u00e9dures \u00e9crites des m\u00e9thodes de dosage des diff\u00e9rents param\u00e8tres<\/span><span class=\"char-TC_txt-Local-221\">.\u00a0<\/span><\/p>\n<p class=\"para-TC_txt\"><button data-toggle=\"collapse\" data-target=\"#enc_2012_377_02\">GRAPHIQUE 2<\/button><div id=\"enc_2012_377_02\" class=\"encadre collapse\"><div class=\"page\" title=\"Page 50\">\n<div class=\"section\">\n<div class=\"layoutArea\">\n<div class=\"column\">\n<p><span class=\"surtitre_enc\">GRAPHIQUE 2<\/span><\/p>\n<h2>Processus de la phase analytique<\/h2>\n<p><img decoding=\"async\" class=\"alignnone size-full wp-image-30255\" src=\"https:\/\/gestions-hospitalieres.fr\/wp-content\/uploads\/2016\/12\/Capture-d\u2019\u00e9cran-2016-12-27-\u00e0-17.22.51.png\" alt=\"capture-decran-2016-12-27-a-17-22-51\" width=\"600\" height=\"435\" srcset=\"https:\/\/www.ricom-web8.com\/gestions\/wp-content\/uploads\/2016\/12\/Capture-d\u2019\u00e9cran-2016-12-27-\u00e0-17.22.51.png 600w, https:\/\/www.ricom-web8.com\/gestions\/wp-content\/uploads\/2016\/12\/Capture-d\u2019\u00e9cran-2016-12-27-\u00e0-17.22.51-300x218.png 300w\" sizes=\"(max-width: 600px) 100vw, 600px\" \/><\/p>\n<\/div>\n<\/div>\n<\/div>\n<\/div>\n<\/div><\/p>\n<p class=\"para-TC_txt\"><span class=\"char-TC_txt-Local-221\">La pr\u00e9sence de proc\u00e9dures et modes op\u00e9ratoires disponibles est tr\u00e8s importante en cas de transmission de poste de travail \u00e0 un technicien, car l\u2019exp\u00e9rience prouve que lorsque le biologiste prend \u00e0 un collaborateur son poste de travail sans proc\u00e9dures \u00e9crites, certaines r\u00e8gles de fonctionnement et de s\u00e9curit\u00e9 ont tendance \u00e0 dispara\u00eetre au moment des changements de postes\u00a0<\/span><span class=\"char-TC_txt-Local-240\"><sup class=\"appel\" data-toggle=\"modal\" data-target=\"#notes\">(14)<\/sup><\/span><span class=\"char-TC_txt-Local-221\">. <\/span><span class=\"char-TC_txt-Local-221\">Concernant la gestion des d\u00e9chets li\u00e9s aux activit\u00e9s de laboratoire, la manipulation d\u2019agents pathog\u00e8nes ou le traitement d\u2019\u00e9chantillons biologiques peuvent constituer un risque pour l\u2019exp\u00e9rimentation ou l\u2019environnement\u00a0<\/span><span class=\"char-TC_txt-Local-240\"><sup class=\"appel\" data-toggle=\"modal\" data-target=\"#notes\">(15)\u00a0<\/sup><\/span><span class=\"char-TC_txt-Local-221\">li\u00e9 au potentiel de biocontamination des sp\u00e9cimens biologiques.<\/span><\/p>\n<p class=\"para-TC_txt\"><span class=\"char-TC_txt-Local-221\">Dans cette \u00e9tude, il a \u00e9t\u00e9 observ\u00e9 le rejet \u00e0 la poubelle de d\u00e9chets biom\u00e9dicaux par un laboratoire du secteur priv\u00e9 (9,09\u00a0%), sans pr\u00e9caution particuli\u00e8re. <\/span><span class=\"char-TC_txt-Local-221\">Cette attitude n\u2019est pas conforme aux recommandations du GBEA: les d\u00e9chets g\u00e9n\u00e9r\u00e9s par l\u2019activit\u00e9 de pr\u00e9l\u00e8vement et par l\u2019ex\u00e9cution des analyses de laboratoires doivent \u00eatre s\u00e9par\u00e9s en d\u00e9chets \u00e0 risque et en d\u00e9chets assimilables aux ordures m\u00e9nag\u00e8res\u00a0<\/span><span class=\"char-TC_txt-Local-240\"><sup class=\"appel\" data-toggle=\"modal\" data-target=\"#notes\">(16)<\/sup><\/span><span class=\"char-TC_txt-Local-221\">.\u00a0<\/span><\/p>\n<h2 class=\"para-TC_inter_02\"><span class=\"char-of-TC_txt-126\">Analyse des processusde la phase postanalytique<\/span>\u00a0<span class=\"char-TC_txt-Local-221\"><br \/>\n<\/span><\/h2>\n<p class=\"para-TC_txt\"><span class=\"char-TC_txt-Local-221\">Dans un laboratoire, la phase postanalytique regroupe la conservation des \u00e9chantillons, son \u00e9limination, la saisie et la v\u00e9rification des r\u00e9sultats, la validation des r\u00e9sultats, la transmission des r\u00e9sultats au m\u00e9decin demandeur ou au malade apr\u00e8s interpr\u00e9tation et enfin l\u2019archivage des r\u00e9sultats dont la dur\u00e9e est diff\u00e9rente selon le secteur, priv\u00e9 ou public. <\/span><span class=\"char-TC_txt-Local-221\">Tous les laboratoires priv\u00e9s assurent une bonne conservation de leurs \u00e9chantillons, contre seulement 50\u00a0% pour les laboratoires du public, o\u00f9 pr\u00e8s de 17\u00a0% proc\u00e8dent \u00e0 une \u00e9limination syst\u00e9matique apr\u00e8s analyse.\u00a0<\/span><\/p>\n<p class=\"para-TC_txt\"><span class=\"char-TC_txt-Local-221\"><button data-toggle=\"collapse\" data-target=\"#enc_2012_377_03\">GRAPHIQUE 3<\/button><div id=\"enc_2012_377_03\" class=\"encadre collapse\"><div class=\"page\" title=\"Page 50\">\n<div class=\"section\">\n<div class=\"layoutArea\">\n<div class=\"column\">\n<p><span class=\"surtitre_enc\">GRAPHIQUE 3<\/span><\/p>\n<\/div>\n<\/div>\n<div class=\"layoutArea\">\n<div class=\"column\">\n<h2>Processus de la phase postanalytique<\/h2>\n<p><img decoding=\"async\" class=\"alignnone size-full wp-image-30256\" src=\"https:\/\/gestions-hospitalieres.fr\/wp-content\/uploads\/2016\/12\/Capture-d\u2019\u00e9cran-2016-12-27-\u00e0-17.22.58.png\" alt=\"capture-decran-2016-12-27-a-17-22-58\" width=\"600\" height=\"394\" srcset=\"https:\/\/www.ricom-web8.com\/gestions\/wp-content\/uploads\/2016\/12\/Capture-d\u2019\u00e9cran-2016-12-27-\u00e0-17.22.58.png 600w, https:\/\/www.ricom-web8.com\/gestions\/wp-content\/uploads\/2016\/12\/Capture-d\u2019\u00e9cran-2016-12-27-\u00e0-17.22.58-300x197.png 300w\" sizes=\"(max-width: 600px) 100vw, 600px\" \/><\/p>\n<\/div>\n<\/div>\n<\/div>\n<\/div>\n<\/div><\/span><\/p>\n<p class=\"para-TC_txt\"><span class=\"char-TC_txt-Local-221\">Pourtant, il est recommand\u00e9 qu\u2019apr\u00e8s ex\u00e9cution des analyses les \u00e9chantillons soient conserv\u00e9s pour permettre une comparaison ou une v\u00e9rification ult\u00e9rieure, les r\u00e9sultats douteux \u00e9tant repris apr\u00e8s recherche de renseignements compl\u00e9mentaires aupr\u00e8s des prescripteurs\u00a0<\/span><span class=\"char-TC_txt-Local-240\"><sup class=\"appel\" data-toggle=\"modal\" data-target=\"#notes\">(17)<\/sup><\/span><span class=\"char-TC_txt-Local-221\">. <\/span><span class=\"char-TC_txt-Local-221\">Il est \u00e9galement not\u00e9 dans les laboratoires publics l\u2019absence d\u2019enregistrement informatique des r\u00e9sultats, avec des risques de r\u00e9sultats invers\u00e9s ou intervertis par manque d\u2019attention de celui qui recopie, d\u2019autant plus que le nombre d\u2019examens r\u00e9alis\u00e9s dans la journ\u00e9e est \u00e9lev\u00e9\u00a0<\/span><span class=\"char-TC_txt-Local-240\"><sup class=\"appel\" data-toggle=\"modal\" data-target=\"#notes\">(18)<\/sup><\/span><span class=\"char-TC_txt-Local-221\">. L\u2019interpr\u00e9tation et la validation des r\u00e9sultats ex\u00e9cut\u00e9es par un biologiste dans tous les laboratoires \u00e9tudi\u00e9s sont conformes aux exigences du GBEA\u00a0<\/span><span class=\"char-TC_txt-Local-240\"><sup class=\"appel\" data-toggle=\"modal\" data-target=\"#notes\">(19)<\/sup><\/span><span class=\"char-TC_txt-Local-221\">. <\/span><span class=\"char-TC_txt-Local-221\">Cette validation des r\u00e9sultats est double\u00a0:\u00a0<\/span><\/p>\n<ul>\n<li class=\"para-TC_txt\"><span class=\"char-TC_txt-Local-221\">validation analytique\u00a0: elle peut \u00eatre r\u00e9alis\u00e9e par le personnel d\u2019ex\u00e9cution sous la responsabilit\u00e9 du biologiste,\u00a0<\/span><\/li>\n<li class=\"para-TC_txt\"><span class=\"char-TC_txt-Local-221\">validation biologique\u00a0: elle rel\u00e8ve de la comp\u00e9tence exclusive du biologiste.\u00a0<\/span><\/li>\n<\/ul>\n<p class=\"para-TC_txt\"><span class=\"char-TC_txt-Local-221\">Quant \u00e0 la transmission des r\u00e9sultats, elle est r\u00e9alis\u00e9e sous forme de remise en main propre aux malades dans 80\u00a0% de laboratoires priv\u00e9s et dans 50\u00a0% de laboratoires publics, o\u00f9 il est aussi not\u00e9 une transmission t\u00e9l\u00e9phonique, en particulier dans les centres hospitaliers universitaires, posant le probl\u00e8me de la confidentialit\u00e9 de ces r\u00e9sultats.<\/span><\/p>\n<p class=\"para-TC_txt\"><span class=\"char-TC_txt-Local-221\">Sur le plan r\u00e9glementaire, cette transmission doit \u00eatre assur\u00e9e dans l\u2019observance du secret professionnel, les compte-rendus d\u2019analyses \u00e9tant sign\u00e9s par le biologiste sur papier \u00e0 en-t\u00eate du laboratoire et remis sous pli dans le respect de la confidentialit\u00e9\u00a0<\/span><span class=\"char-TC_txt-Local-240\"><sup class=\"appel\" data-toggle=\"modal\" data-target=\"#notes\">(20)<\/sup><\/span><span class=\"char-TC_txt-Local-221\">. <\/span><span class=\"char-TC_txt-Local-221\">Enfin, il est observ\u00e9 une absence quasi totale d\u2019action d\u2019auto\u00e9valuation des pratiques techniques dans les laboratoires \u00e9tudi\u00e9s (81,81\u00a0% des cas), sans doute en rapport avec une l\u00e9gislation nationale non contraignante en mati\u00e8re d\u2019assurance qualit\u00e9 des prestations de laboratoires, contrairement en France o\u00f9 le GBEA est opposable aux responsables des laboratoires de biologie m\u00e9dicale depuis 1995\u00a0<\/span><span class=\"char-TC_txt-Local-240\"><sup class=\"appel\" data-toggle=\"modal\" data-target=\"#notes\">(21)<\/sup><\/span><span class=\"char-TC_txt-Local-221\">.<\/span><\/p>\n<p class=\"para-TC_txt\"><strong><span class=\"char-TC_txt-Local-349\">De mani\u00e8re g\u00e9n\u00e9rale, sur les vingt-deux exigences du r\u00e9f\u00e9rentiel qualit\u00e9 utilis\u00e9es dans cette \u00e9tude, les laboratoires priv\u00e9s (91\u00a0%) paraissent disposer de meilleures pratiques techniques que les laboratoires publics (64\u00a0%)<\/span><span class=\"char-TC_txt-Local-349\">.<\/span><\/strong><\/p>\n<p class=\"para-TC_txt\"><button data-toggle=\"collapse\" data-target=\"#enc_2012_377_04\">TABLEAU 1<\/button><div id=\"enc_2012_377_04\" class=\"encadre collapse\"><p><span class=\"surtitre_enc\">Tableau 1<\/span><\/p>\n<div class=\"page\" title=\"Page 51\">\n<div class=\"section\">\n<div class=\"layoutArea\">\n<div class=\"column\">\n<h2>Analyse compar\u00e9e des taux de conformit\u00e9 des pratiques observ\u00e9es par rapport aux exigences du r\u00e9f\u00e9rentiel<\/h2>\n<p><img decoding=\"async\" class=\"alignnone size-full wp-image-30257\" src=\"https:\/\/gestions-hospitalieres.fr\/wp-content\/uploads\/2016\/12\/Capture-d\u2019\u00e9cran-2016-12-27-\u00e0-17.24.47.png\" alt=\"capture-decran-2016-12-27-a-17-24-47\" width=\"600\" height=\"144\" srcset=\"https:\/\/www.ricom-web8.com\/gestions\/wp-content\/uploads\/2016\/12\/Capture-d\u2019\u00e9cran-2016-12-27-\u00e0-17.24.47.png 600w, https:\/\/www.ricom-web8.com\/gestions\/wp-content\/uploads\/2016\/12\/Capture-d\u2019\u00e9cran-2016-12-27-\u00e0-17.24.47-300x72.png 300w\" sizes=\"(max-width: 600px) 100vw, 600px\" \/><\/p>\n<\/div>\n<\/div>\n<\/div>\n<\/div>\n<\/div><\/p>\n<h1 class=\"para-TC_inter_01\"><span class=\"char-of-TC_txt-303\">Conclusion<\/span>\u00a0<span class=\"char-TC_txt-Local-221\"><br \/>\n<\/span><\/h1>\n<p class=\"para-TC_txt\"><span class=\"char-TC_txt-Local-221\">Bien que les r\u00e9sultats de cette \u00e9tude montrent des taux acceptables de qualit\u00e9 pr\u00e9sente au niveau des deux types de laboratoires \u00e9tudi\u00e9s, ce constat doit \u00eatre relativis\u00e9 en raison de son caract\u00e8re descriptif et de l\u2019absence de proc\u00e9dures \u00e9crites syst\u00e9matiques de la plupart des pratiques observ\u00e9es.<\/span><\/p>\n<p class=\"para-TC_txt\"><span class=\"char-TC_txt-Local-221\">Ces r\u00e9sultats sugg\u00e8rent la n\u00e9cessit\u00e9 de la mise en place d\u2019une d\u00e9marche qualit\u00e9 dans ces laboratoires de biologie m\u00e9dicale, qui se d\u00e9finit, sch\u00e9matiquement en trois \u00e9tapes\u00a0: d\u00e9crire ce que l\u2019on fait, faire ce que l\u2019on d\u00e9crit et en donner la preuve. <\/span><span class=\"char-TC_txt-Local-221\">Dans ce sens, il s\u2019agit d\u2019une v\u00e9ritable r\u00e9volution culturelle pour les professionnels de laboratoire que de remplacer la tradition orale par l\u2019\u00e9criture et de regrouper l\u2019ensemble des r\u00e8gles de fonctionnement au sein d\u2019un document unique, en vue de l\u2019am\u00e9lioration de la qualit\u00e9 des prestations au quotidien.<\/span><\/p>\n<script>function PlayerjsAsync(){} if(window[\"Playerjs\"]){PlayerjsAsync();}<\/script>","protected":false},"excerpt":{"rendered":"<p>\ufeffBien qu\u2019un certain nombre de laboratoires se soient engag\u00e9s dans la d\u00e9marche qualit\u00e9, il existe peu de donn\u00e9es sur le management des processus op\u00e9ratoires dans les laboratoires de biologie m\u00e9dicale. D\u2019o\u00f9 cette \u00e9tude sur l\u2019\u00e9valuation de la qualit\u00e9 des op\u00e9rations techniques mises en \u0153uvre dans onze laboratoires priv\u00e9s et publics de la ville d\u2019Abidjan, dispensant des prestations de biochimie clinique et dont les pratiques techniques ont \u00e9t\u00e9 compar\u00e9es \u00e0 vingt-deux exigences attendues d\u2019un r\u00e9f\u00e9rentiel \u00e9labor\u00e9 \u00e0 partir du Guide de bonne ex\u00e9cution des analyses et d\u00e9marche de qualit\u00e9.<\/p>\n","protected":false},"author":1202,"featured_media":30220,"comment_status":"open","ping_status":"open","sticky":false,"template":"","format":"standard","meta":{"_acf_changed":false,"_relevanssi_hide_post":"","_relevanssi_hide_content":"","_relevanssi_pin_for_all":"","_relevanssi_pin_keywords":"","_relevanssi_unpin_keywords":"","_relevanssi_related_keywords":"","_relevanssi_related_include_ids":"","_relevanssi_related_exclude_ids":"","_relevanssi_related_no_append":"","_relevanssi_related_not_related":"","_relevanssi_related_posts":"","_relevanssi_noindex_reason":"","footnotes":""},"categories":[26,2],"tags":[717,272,716,714,713,715],"class_list":["post-15388","post","type-post","status-publish","format-standard","has-post-thumbnail","hentry","category-dossier","category-gestions-hospitalieres","tag-chu-de-yopougon","tag-cote-divoire","tag-gbea","tag-laboratoire-de-biologie-medicale","tag-management-de-la-qualite","tag-processus-operatoires"],"acf":[],"yoast_head":"<!-- This site is optimized with the Yoast SEO plugin v24.8.1 - https:\/\/yoast.com\/wordpress\/plugins\/seo\/ -->\n<title>D\u00e9marche qualit\u00e9 - Gestions hospitali\u00e8res<\/title>\n<meta name=\"robots\" content=\"index, follow, max-snippet:-1, max-image-preview:large, max-video-preview:-1\" \/>\n<link rel=\"canonical\" href=\"https:\/\/www.ricom-web8.com\/gestions\/demarche-qualite\/\" \/>\n<meta property=\"og:locale\" content=\"fr_FR\" \/>\n<meta property=\"og:type\" content=\"article\" \/>\n<meta property=\"og:title\" content=\"D\u00e9marche qualit\u00e9 - Gestions hospitali\u00e8res\" \/>\n<meta property=\"og:description\" content=\"\ufeffBien qu\u2019un certain nombre de laboratoires se soient engag\u00e9s dans la d\u00e9marche qualit\u00e9, il existe peu de donn\u00e9es sur le management des processus op\u00e9ratoires dans les laboratoires de biologie m\u00e9dicale. D\u2019o\u00f9 cette \u00e9tude sur l\u2019\u00e9valuation de la qualit\u00e9 des op\u00e9rations techniques mises en \u0153uvre dans onze laboratoires priv\u00e9s et publics de la ville d\u2019Abidjan, dispensant des prestations de biochimie clinique et dont les pratiques techniques ont \u00e9t\u00e9 compar\u00e9es \u00e0 vingt-deux exigences attendues d\u2019un r\u00e9f\u00e9rentiel \u00e9labor\u00e9 \u00e0 partir du Guide de bonne ex\u00e9cution des analyses et d\u00e9marche de qualit\u00e9.\" \/>\n<meta property=\"og:url\" content=\"https:\/\/www.ricom-web8.com\/gestions\/demarche-qualite\/\" \/>\n<meta property=\"og:site_name\" content=\"Gestions hospitali\u00e8res\" \/>\n<meta property=\"article:publisher\" content=\"https:\/\/www.facebook.com\/gestionshospitalieres\/\" \/>\n<meta property=\"article:published_time\" content=\"2012-06-30T22:00:00+00:00\" \/>\n<meta property=\"article:modified_time\" content=\"2018-03-08T11:14:18+00:00\" \/>\n<meta property=\"og:image\" content=\"https:\/\/www.ricom-web8.com\/gestions\/wp-content\/uploads\/2012\/07\/Capture-d\u2019\u00e9cran-2016-12-27-\u00e0-15.18.54.png\" \/>\n\t<meta property=\"og:image:width\" content=\"200\" \/>\n\t<meta property=\"og:image:height\" content=\"200\" \/>\n\t<meta property=\"og:image:type\" content=\"image\/png\" \/>\n<meta name=\"author\" content=\"yann Le Sager\" \/>\n<meta name=\"twitter:card\" content=\"summary_large_image\" \/>\n<meta name=\"twitter:creator\" content=\"@revue_GH\" \/>\n<meta name=\"twitter:site\" content=\"@revue_GH\" \/>\n<meta name=\"twitter:label1\" content=\"\u00c9crit par\" \/>\n\t<meta name=\"twitter:data1\" content=\"yann Le Sager\" \/>\n\t<meta name=\"twitter:label2\" content=\"Dur\u00e9e de lecture estim\u00e9e\" \/>\n\t<meta name=\"twitter:data2\" content=\"11 minutes\" \/>\n<script type=\"application\/ld+json\" class=\"yoast-schema-graph\">{\"@context\":\"https:\/\/schema.org\",\"@graph\":[{\"@type\":\"Article\",\"@id\":\"https:\/\/www.ricom-web8.com\/gestions\/demarche-qualite\/#article\",\"isPartOf\":{\"@id\":\"https:\/\/www.ricom-web8.com\/gestions\/demarche-qualite\/\"},\"author\":{\"name\":\"yann Le Sager\",\"@id\":\"https:\/\/www.ricom-web8.com\/gestions\/#\/schema\/person\/810c9671279c5f5a094f6f0a42237516\"},\"headline\":\"D\u00e9marche qualit\u00e9\",\"datePublished\":\"2012-06-30T22:00:00+00:00\",\"dateModified\":\"2018-03-08T11:14:18+00:00\",\"mainEntityOfPage\":{\"@id\":\"https:\/\/www.ricom-web8.com\/gestions\/demarche-qualite\/\"},\"wordCount\":2250,\"commentCount\":0,\"publisher\":{\"@id\":\"https:\/\/www.ricom-web8.com\/gestions\/#organization\"},\"image\":{\"@id\":\"https:\/\/www.ricom-web8.com\/gestions\/demarche-qualite\/#primaryimage\"},\"thumbnailUrl\":\"https:\/\/www.ricom-web8.com\/gestions\/wp-content\/uploads\/2012\/07\/Capture-d\u2019\u00e9cran-2016-12-27-\u00e0-15.18.54.png\",\"keywords\":[\"CHU de Yopougon\",\"C\u00f4te d\u2019Ivoire\",\"GBEA\",\"laboratoire de biologie m\u00e9dicale\",\"management de la qualit\u00e9\",\"processus op\u00e9ratoires\"],\"articleSection\":[\"dossier\",\"Gestions Hospitali\u00e8res\"],\"inLanguage\":\"fr-FR\",\"potentialAction\":[{\"@type\":\"CommentAction\",\"name\":\"Comment\",\"target\":[\"https:\/\/www.ricom-web8.com\/gestions\/demarche-qualite\/#respond\"]}]},{\"@type\":\"WebPage\",\"@id\":\"https:\/\/www.ricom-web8.com\/gestions\/demarche-qualite\/\",\"url\":\"https:\/\/www.ricom-web8.com\/gestions\/demarche-qualite\/\",\"name\":\"D\u00e9marche qualit\u00e9 - Gestions hospitali\u00e8res\",\"isPartOf\":{\"@id\":\"https:\/\/www.ricom-web8.com\/gestions\/#website\"},\"primaryImageOfPage\":{\"@id\":\"https:\/\/www.ricom-web8.com\/gestions\/demarche-qualite\/#primaryimage\"},\"image\":{\"@id\":\"https:\/\/www.ricom-web8.com\/gestions\/demarche-qualite\/#primaryimage\"},\"thumbnailUrl\":\"https:\/\/www.ricom-web8.com\/gestions\/wp-content\/uploads\/2012\/07\/Capture-d\u2019\u00e9cran-2016-12-27-\u00e0-15.18.54.png\",\"datePublished\":\"2012-06-30T22:00:00+00:00\",\"dateModified\":\"2018-03-08T11:14:18+00:00\",\"breadcrumb\":{\"@id\":\"https:\/\/www.ricom-web8.com\/gestions\/demarche-qualite\/#breadcrumb\"},\"inLanguage\":\"fr-FR\",\"potentialAction\":[{\"@type\":\"ReadAction\",\"target\":[\"https:\/\/www.ricom-web8.com\/gestions\/demarche-qualite\/\"]}]},{\"@type\":\"ImageObject\",\"inLanguage\":\"fr-FR\",\"@id\":\"https:\/\/www.ricom-web8.com\/gestions\/demarche-qualite\/#primaryimage\",\"url\":\"https:\/\/www.ricom-web8.com\/gestions\/wp-content\/uploads\/2012\/07\/Capture-d\u2019\u00e9cran-2016-12-27-\u00e0-15.18.54.png\",\"contentUrl\":\"https:\/\/www.ricom-web8.com\/gestions\/wp-content\/uploads\/2012\/07\/Capture-d\u2019\u00e9cran-2016-12-27-\u00e0-15.18.54.png\",\"width\":200,\"height\":200},{\"@type\":\"BreadcrumbList\",\"@id\":\"https:\/\/www.ricom-web8.com\/gestions\/demarche-qualite\/#breadcrumb\",\"itemListElement\":[{\"@type\":\"ListItem\",\"position\":1,\"name\":\"Accueil\",\"item\":\"https:\/\/www.ricom-web8.com\/gestions\/\"},{\"@type\":\"ListItem\",\"position\":2,\"name\":\"D\u00e9marche qualit\u00e9\"}]},{\"@type\":\"WebSite\",\"@id\":\"https:\/\/www.ricom-web8.com\/gestions\/#website\",\"url\":\"https:\/\/www.ricom-web8.com\/gestions\/\",\"name\":\"Gestions hospitali\u00e8res\",\"description\":\"la revue des d\u00e9cideurs hospitaliers\",\"publisher\":{\"@id\":\"https:\/\/www.ricom-web8.com\/gestions\/#organization\"},\"potentialAction\":[{\"@type\":\"SearchAction\",\"target\":{\"@type\":\"EntryPoint\",\"urlTemplate\":\"https:\/\/www.ricom-web8.com\/gestions\/?s={search_term_string}\"},\"query-input\":{\"@type\":\"PropertyValueSpecification\",\"valueRequired\":true,\"valueName\":\"search_term_string\"}}],\"inLanguage\":\"fr-FR\"},{\"@type\":\"Organization\",\"@id\":\"https:\/\/www.ricom-web8.com\/gestions\/#organization\",\"name\":\"Gestions hospitali\u00e8res\",\"url\":\"https:\/\/www.ricom-web8.com\/gestions\/\",\"logo\":{\"@type\":\"ImageObject\",\"inLanguage\":\"fr-FR\",\"@id\":\"https:\/\/www.ricom-web8.com\/gestions\/#\/schema\/logo\/image\/\",\"url\":\"https:\/\/gestions-hospitalieres.fr\/wp-content\/uploads\/2017\/02\/picto_Gif-GH-trans.png\",\"contentUrl\":\"https:\/\/gestions-hospitalieres.fr\/wp-content\/uploads\/2017\/02\/picto_Gif-GH-trans.png\",\"width\":512,\"height\":512,\"caption\":\"Gestions hospitali\u00e8res\"},\"image\":{\"@id\":\"https:\/\/www.ricom-web8.com\/gestions\/#\/schema\/logo\/image\/\"},\"sameAs\":[\"https:\/\/www.facebook.com\/gestionshospitalieres\/\",\"https:\/\/x.com\/revue_GH\",\"https:\/\/www.linkedin.com\/company\/gestions-hospitalieres?trk=top_nav_home\"]},{\"@type\":\"Person\",\"@id\":\"https:\/\/www.ricom-web8.com\/gestions\/#\/schema\/person\/810c9671279c5f5a094f6f0a42237516\",\"name\":\"yann Le Sager\",\"image\":{\"@type\":\"ImageObject\",\"inLanguage\":\"fr-FR\",\"@id\":\"https:\/\/www.ricom-web8.com\/gestions\/#\/schema\/person\/image\/\",\"url\":\"https:\/\/secure.gravatar.com\/avatar\/36112fa5997be9e3b9acb0c60a4a1075?s=96&d=mm&r=g\",\"contentUrl\":\"https:\/\/secure.gravatar.com\/avatar\/36112fa5997be9e3b9acb0c60a4a1075?s=96&d=mm&r=g\",\"caption\":\"yann Le Sager\"},\"url\":\"https:\/\/www.ricom-web8.com\/gestions\/author\/lesager-yannstudioricom-com\/\"}]}<\/script>\n<!-- \/ Yoast SEO plugin. -->","yoast_head_json":{"title":"D\u00e9marche qualit\u00e9 - Gestions hospitali\u00e8res","robots":{"index":"index","follow":"follow","max-snippet":"max-snippet:-1","max-image-preview":"max-image-preview:large","max-video-preview":"max-video-preview:-1"},"canonical":"https:\/\/www.ricom-web8.com\/gestions\/demarche-qualite\/","og_locale":"fr_FR","og_type":"article","og_title":"D\u00e9marche qualit\u00e9 - Gestions hospitali\u00e8res","og_description":"\ufeffBien qu\u2019un certain nombre de laboratoires se soient engag\u00e9s dans la d\u00e9marche qualit\u00e9, il existe peu de donn\u00e9es sur le management des processus op\u00e9ratoires dans les laboratoires de biologie m\u00e9dicale. D\u2019o\u00f9 cette \u00e9tude sur l\u2019\u00e9valuation de la qualit\u00e9 des op\u00e9rations techniques mises en \u0153uvre dans onze laboratoires priv\u00e9s et publics de la ville d\u2019Abidjan, dispensant des prestations de biochimie clinique et dont les pratiques techniques ont \u00e9t\u00e9 compar\u00e9es \u00e0 vingt-deux exigences attendues d\u2019un r\u00e9f\u00e9rentiel \u00e9labor\u00e9 \u00e0 partir du Guide de bonne ex\u00e9cution des analyses et d\u00e9marche de qualit\u00e9.","og_url":"https:\/\/www.ricom-web8.com\/gestions\/demarche-qualite\/","og_site_name":"Gestions hospitali\u00e8res","article_publisher":"https:\/\/www.facebook.com\/gestionshospitalieres\/","article_published_time":"2012-06-30T22:00:00+00:00","article_modified_time":"2018-03-08T11:14:18+00:00","og_image":[{"width":200,"height":200,"url":"https:\/\/www.ricom-web8.com\/gestions\/wp-content\/uploads\/2012\/07\/Capture-d\u2019\u00e9cran-2016-12-27-\u00e0-15.18.54.png","type":"image\/png"}],"author":"yann Le Sager","twitter_card":"summary_large_image","twitter_creator":"@revue_GH","twitter_site":"@revue_GH","twitter_misc":{"\u00c9crit par":"yann Le Sager","Dur\u00e9e de lecture estim\u00e9e":"11 minutes"},"schema":{"@context":"https:\/\/schema.org","@graph":[{"@type":"Article","@id":"https:\/\/www.ricom-web8.com\/gestions\/demarche-qualite\/#article","isPartOf":{"@id":"https:\/\/www.ricom-web8.com\/gestions\/demarche-qualite\/"},"author":{"name":"yann Le Sager","@id":"https:\/\/www.ricom-web8.com\/gestions\/#\/schema\/person\/810c9671279c5f5a094f6f0a42237516"},"headline":"D\u00e9marche qualit\u00e9","datePublished":"2012-06-30T22:00:00+00:00","dateModified":"2018-03-08T11:14:18+00:00","mainEntityOfPage":{"@id":"https:\/\/www.ricom-web8.com\/gestions\/demarche-qualite\/"},"wordCount":2250,"commentCount":0,"publisher":{"@id":"https:\/\/www.ricom-web8.com\/gestions\/#organization"},"image":{"@id":"https:\/\/www.ricom-web8.com\/gestions\/demarche-qualite\/#primaryimage"},"thumbnailUrl":"https:\/\/www.ricom-web8.com\/gestions\/wp-content\/uploads\/2012\/07\/Capture-d\u2019\u00e9cran-2016-12-27-\u00e0-15.18.54.png","keywords":["CHU de Yopougon","C\u00f4te d\u2019Ivoire","GBEA","laboratoire de biologie m\u00e9dicale","management de la qualit\u00e9","processus op\u00e9ratoires"],"articleSection":["dossier","Gestions Hospitali\u00e8res"],"inLanguage":"fr-FR","potentialAction":[{"@type":"CommentAction","name":"Comment","target":["https:\/\/www.ricom-web8.com\/gestions\/demarche-qualite\/#respond"]}]},{"@type":"WebPage","@id":"https:\/\/www.ricom-web8.com\/gestions\/demarche-qualite\/","url":"https:\/\/www.ricom-web8.com\/gestions\/demarche-qualite\/","name":"D\u00e9marche qualit\u00e9 - Gestions hospitali\u00e8res","isPartOf":{"@id":"https:\/\/www.ricom-web8.com\/gestions\/#website"},"primaryImageOfPage":{"@id":"https:\/\/www.ricom-web8.com\/gestions\/demarche-qualite\/#primaryimage"},"image":{"@id":"https:\/\/www.ricom-web8.com\/gestions\/demarche-qualite\/#primaryimage"},"thumbnailUrl":"https:\/\/www.ricom-web8.com\/gestions\/wp-content\/uploads\/2012\/07\/Capture-d\u2019\u00e9cran-2016-12-27-\u00e0-15.18.54.png","datePublished":"2012-06-30T22:00:00+00:00","dateModified":"2018-03-08T11:14:18+00:00","breadcrumb":{"@id":"https:\/\/www.ricom-web8.com\/gestions\/demarche-qualite\/#breadcrumb"},"inLanguage":"fr-FR","potentialAction":[{"@type":"ReadAction","target":["https:\/\/www.ricom-web8.com\/gestions\/demarche-qualite\/"]}]},{"@type":"ImageObject","inLanguage":"fr-FR","@id":"https:\/\/www.ricom-web8.com\/gestions\/demarche-qualite\/#primaryimage","url":"https:\/\/www.ricom-web8.com\/gestions\/wp-content\/uploads\/2012\/07\/Capture-d\u2019\u00e9cran-2016-12-27-\u00e0-15.18.54.png","contentUrl":"https:\/\/www.ricom-web8.com\/gestions\/wp-content\/uploads\/2012\/07\/Capture-d\u2019\u00e9cran-2016-12-27-\u00e0-15.18.54.png","width":200,"height":200},{"@type":"BreadcrumbList","@id":"https:\/\/www.ricom-web8.com\/gestions\/demarche-qualite\/#breadcrumb","itemListElement":[{"@type":"ListItem","position":1,"name":"Accueil","item":"https:\/\/www.ricom-web8.com\/gestions\/"},{"@type":"ListItem","position":2,"name":"D\u00e9marche qualit\u00e9"}]},{"@type":"WebSite","@id":"https:\/\/www.ricom-web8.com\/gestions\/#website","url":"https:\/\/www.ricom-web8.com\/gestions\/","name":"Gestions hospitali\u00e8res","description":"la revue des d\u00e9cideurs hospitaliers","publisher":{"@id":"https:\/\/www.ricom-web8.com\/gestions\/#organization"},"potentialAction":[{"@type":"SearchAction","target":{"@type":"EntryPoint","urlTemplate":"https:\/\/www.ricom-web8.com\/gestions\/?s={search_term_string}"},"query-input":{"@type":"PropertyValueSpecification","valueRequired":true,"valueName":"search_term_string"}}],"inLanguage":"fr-FR"},{"@type":"Organization","@id":"https:\/\/www.ricom-web8.com\/gestions\/#organization","name":"Gestions hospitali\u00e8res","url":"https:\/\/www.ricom-web8.com\/gestions\/","logo":{"@type":"ImageObject","inLanguage":"fr-FR","@id":"https:\/\/www.ricom-web8.com\/gestions\/#\/schema\/logo\/image\/","url":"https:\/\/gestions-hospitalieres.fr\/wp-content\/uploads\/2017\/02\/picto_Gif-GH-trans.png","contentUrl":"https:\/\/gestions-hospitalieres.fr\/wp-content\/uploads\/2017\/02\/picto_Gif-GH-trans.png","width":512,"height":512,"caption":"Gestions hospitali\u00e8res"},"image":{"@id":"https:\/\/www.ricom-web8.com\/gestions\/#\/schema\/logo\/image\/"},"sameAs":["https:\/\/www.facebook.com\/gestionshospitalieres\/","https:\/\/x.com\/revue_GH","https:\/\/www.linkedin.com\/company\/gestions-hospitalieres?trk=top_nav_home"]},{"@type":"Person","@id":"https:\/\/www.ricom-web8.com\/gestions\/#\/schema\/person\/810c9671279c5f5a094f6f0a42237516","name":"yann Le Sager","image":{"@type":"ImageObject","inLanguage":"fr-FR","@id":"https:\/\/www.ricom-web8.com\/gestions\/#\/schema\/person\/image\/","url":"https:\/\/secure.gravatar.com\/avatar\/36112fa5997be9e3b9acb0c60a4a1075?s=96&d=mm&r=g","contentUrl":"https:\/\/secure.gravatar.com\/avatar\/36112fa5997be9e3b9acb0c60a4a1075?s=96&d=mm&r=g","caption":"yann Le Sager"},"url":"https:\/\/www.ricom-web8.com\/gestions\/author\/lesager-yannstudioricom-com\/"}]}},"_links":{"self":[{"href":"https:\/\/www.ricom-web8.com\/gestions\/wp-json\/wp\/v2\/posts\/15388","targetHints":{"allow":["GET"]}}],"collection":[{"href":"https:\/\/www.ricom-web8.com\/gestions\/wp-json\/wp\/v2\/posts"}],"about":[{"href":"https:\/\/www.ricom-web8.com\/gestions\/wp-json\/wp\/v2\/types\/post"}],"author":[{"embeddable":true,"href":"https:\/\/www.ricom-web8.com\/gestions\/wp-json\/wp\/v2\/users\/1202"}],"replies":[{"embeddable":true,"href":"https:\/\/www.ricom-web8.com\/gestions\/wp-json\/wp\/v2\/comments?post=15388"}],"version-history":[{"count":0,"href":"https:\/\/www.ricom-web8.com\/gestions\/wp-json\/wp\/v2\/posts\/15388\/revisions"}],"wp:featuredmedia":[{"embeddable":true,"href":"https:\/\/www.ricom-web8.com\/gestions\/wp-json\/wp\/v2\/media\/30220"}],"wp:attachment":[{"href":"https:\/\/www.ricom-web8.com\/gestions\/wp-json\/wp\/v2\/media?parent=15388"}],"wp:term":[{"taxonomy":"category","embeddable":true,"href":"https:\/\/www.ricom-web8.com\/gestions\/wp-json\/wp\/v2\/categories?post=15388"},{"taxonomy":"post_tag","embeddable":true,"href":"https:\/\/www.ricom-web8.com\/gestions\/wp-json\/wp\/v2\/tags?post=15388"}],"curies":[{"name":"wp","href":"https:\/\/api.w.org\/{rel}","templated":true}]}}