

{"id":15416,"date":"2012-10-01T00:00:00","date_gmt":"2012-09-30T22:00:00","guid":{"rendered":"http:\/\/ricom-web.com\/gestions-hospitalieres\/lhopital-peut-il-renouveler-son-urbanisme\/"},"modified":"2020-06-09T15:40:10","modified_gmt":"2020-06-09T13:40:10","slug":"lhopital-peut-il-renouveler-son-urbanisme","status":"publish","type":"post","link":"https:\/\/www.ricom-web8.com\/gestions\/lhopital-peut-il-renouveler-son-urbanisme\/","title":{"rendered":"L\u2019h\u00f4pital peut-il renouveler son urbanisme ?"},"content":{"rendered":"<span class=\"span-reading-time rt-reading-time\" style=\"display: block;\"><span class=\"rt-label rt-prefix\">Temps de lecture\u00a0: <\/span> <span class=\"rt-time\"> 4<\/span> <span class=\"rt-label rt-postfix\">minutes<\/span><\/span><p class=\"para-TC_txt\"><span class=\"char-TC_txt-Local-105\">La question a quelque chose de provocant. Et pourtant, elle se pose. Alors que des d\u00e9marches d\u2019urbanisme se sont impos\u00e9es dans tous les domaines, l\u2019h\u00f4pital ressemble \u00e0 ce que l\u2019on pourrait appeler un \u00ab\u00a0h\u00f4pital champignon \u00bb, qui pousse au gr\u00e9 des saisons, c\u2019est-\u00e0-dire des imp\u00e9ratifs du progr\u00e8s m\u00e9dical. Plus il est technique, plus il a du mal \u00e0 ma\u00eetriser sa croissance. Il tend en permanence vers un archipel de b\u00e2tis. Quant \u00e0 l\u2019architecture d\u2019int\u00e9rieur, souvent en retard par rapport \u00e0 celle qui pr\u00e9vaut dans le reste de la soci\u00e9t\u00e9, on observe les m\u00eames couloirs d\u2019un \u00e9tablissement \u00e0 l\u2019autre, d\u2019un pays \u00e0 l\u2019autre, les m\u00eames couleurs pastel, le m\u00eame mobilier, d\u2019ailleurs vendu fort cher. <\/span><span class=\"char-TC_txt-Local-105\">Plusieurs \u00e9l\u00e9ments peuvent expliquent ce constat.<\/span><\/p>\n<p class=\"para-TC_txt\"><span class=\"char-TC_txt-Local-105\">En premier lieu, on peut se demander si les locaux de l\u2019h\u00f4pital (dont beaucoup sont anciens) ne sont pas en partie les h\u00e9ritiers de l\u2019ancienne relation asym\u00e9trique de la m\u00e9decine avec la soci\u00e9t\u00e9. De m\u00eame, le choix de couleurs neutres v\u00e9hicule peut-\u00eatre une vision techniciste de la prise en charge qui met \u00e0 distance l\u2019\u00e9motion. L\u2019h\u00f4pital r\u00e9pond peut-\u00eatre en cela \u00e0 la volont\u00e9 inconsciente du patient de s\u2019en remettre \u00e0 un univers \u00ab\u00a0sachant\u00a0\u00bb. Enfin et surtout, l\u2019h\u00f4pital est un outil profond\u00e9ment technologique qui vit au rythme des progr\u00e8s de la m\u00e9decine dont les \u00e9volutions sont incessantes et pour partie impr\u00e9visibles. La raison d\u2019\u00eatre de l\u2019h\u00f4pital n\u2019est pas d\u2019offrir un lieu d\u2019agr\u00e9ment mais de mettre \u00e0 la disposition du patient le progr\u00e8s m\u00e9dical dans ses derniers d\u00e9veloppements. Dirigeants et m\u00e9decins hospitaliers courent en permanence derri\u00e8re le progr\u00e8s m\u00e9dical en tentant de l\u2019int\u00e9grer au plus vite pour que la population puisse en b\u00e9n\u00e9ficier.\u00a0<\/span><\/p>\n<h1 class=\"para-TC_inter_01\"><span class=\"char-of-TC_txt-114\">L\u2019urbanisme de l\u2019h\u00f4pital peut-il \u00e9voluer\u00a0?\u00a0<\/span><\/h1>\n<p class=\"para-TC_txt\"><span class=\"char-TC_txt-Local-105\">L\u2019h\u00f4pital public fran\u00e7ais a profond\u00e9ment \u00e9volu\u00e9 en quelques ann\u00e9es. En externe, la relation de la m\u00e9decine avec le reste de la soci\u00e9t\u00e9 a \u00e9t\u00e9 modernis\u00e9e. En interne, l\u2019h\u00f4pital est un monde plus ouvert, en partenariat avec de multiples acteurs du fait de dur\u00e9es moyennes de s\u00e9jours raccourcies. Par ailleurs, les pathologies chroniques, dont le poids ne cesse de cro\u00eetre, font du patient un partenaire intermittent mais r\u00e9gulier. Les personnels, de leur c\u00f4t\u00e9, sont confront\u00e9s \u00e0 une charge de travail plus lourde. Ils aspirent \u00e0 \u00eatre reconnus, y compris par un environnement de travail ergonomique et harmonieux. <\/span><span class=\"char-TC_txt-Local-105\">Dans ce contexte renouvel\u00e9, est-il possible de penser un h\u00f4pital plus humain qui serait capable de concilier l\u2019expertise technique avec des locaux plus chaleureux et plus expressifs qui traduiraient ses valeurs\u00a0?\u00a0<\/span><\/p>\n<h1 class=\"para-TC_inter_01\"><span class=\"char-of-TC_txt-114\">L\u2019architecture sensorielle\u00a0et l\u2019expression des valeurs de l\u2019h\u00f4pital<br \/>\n<\/span><\/h1>\n<p class=\"para-TC_txt\"><span class=\"char-TC_txt-Local-105\">Bien loin de couloirs hospitaliers identiques, il est possible d\u2019imaginer une architecture sensorielle \u2013 couleurs chaleureuses, espaces d\u2019accueil plus vivants, salles de bains modernes \u2013 qui tienne compte des derni\u00e8res \u00e9volutions de la soci\u00e9t\u00e9. En un mot, des locaux fonctionnels mais aussi accueillants et cr\u00e9atifs. <\/span><span class=\"char-TC_txt-Local-105\">Cette volont\u00e9 peut se d\u00e9cliner par le parti pris de la couleur, le travail avec les \u00e9quipes des d\u00e9tails ergonomiques, le choix minutieux du mobilier (et, le cas \u00e9ch\u00e9ant, la r\u00e9alisation de nouveaux meubles en lien avec les fabricants). Il n\u2019y a pas de fatalit\u00e9 en la mati\u00e8re. <\/span><span class=\"char-TC_txt-Local-105\">De m\u00eame, le travail sur l\u2019accueil vise \u00e0 rompre d\u00e9finitivement avec l\u2019image parfois paup\u00e9ris\u00e9e de l\u2019h\u00f4pital public. Celui-ci n\u2019a pas vocation \u00e0 accueillir une partie de la population\u00a0: dans la tradition la plus forte du service public fran\u00e7ais, la vocation de l\u2019h\u00f4pital est au contraire d\u2019accueillir tout le monde.<\/span><\/p>\n<p class=\"para-TC_txt\"><span class=\"char-TC_txt-Local-105\">Une double le\u00e7on peut \u00eatre tir\u00e9e de cette volont\u00e9 de faire \u00e9voluer la repr\u00e9sentation que l\u2019on se fait de l\u2019h\u00f4pital public\u00a0: d\u2019une part une tr\u00e8s forte adh\u00e9sion du public qui se sent consid\u00e9r\u00e9 dans cet environnement et pour qui cette rupture fait sens ; d\u2019autre part la satisfaction et progressivement le sentiment de fiert\u00e9 des personnels. Il en r\u00e9sulte une forte motivation des acteurs et la volont\u00e9 de voir la d\u00e9marche se poursuivre le plus souvent dans leur propre service.\u00a0<\/span><\/p>\n<h1 class=\"para-TC_inter_01\"><span class=\"char-of-TC_txt-114\">La notion d\u2019\u00ab h\u00f4pital non fini\u00a0\u00bb\u00a0et la recherche\u00a0d\u2019un d\u00e9veloppement organis\u00e9<br \/>\n<\/span><\/h1>\n<p class=\"para-TC_txt\"><span class=\"char-TC_txt-Local-105\">La tentative de donner un urbanisme \u00e0 l\u2019h\u00f4pital passe peut-\u00eatre par un travail sur un sch\u00e9ma d\u2019urbanisme, sorte de plan local d\u2019urbanisme. Le cabinet LIN, dirig\u00e9 par Finn Geipel, nous a accompagn\u00e9s et guid\u00e9s dans la tentative de r\u00e9am\u00e9nagement du centre hospitalier de Villefranche-sur-Sa\u00f4ne.\u2008\u00c9laborer un sch\u00e9ma directeur d\u2019urbanisme est un exercice long et fastidieux, sem\u00e9 d\u2019emb\u00fbches, consistant \u00e0 lister les \u00e9volutions \u00e0 venir et \u00e0 d\u00e9finir les implantations fonci\u00e8res futures. La sagesse devrait id\u00e9alement nous conduire \u2013 pour tenter de pr\u00e9venir l\u2019\u00ab h\u00f4pital champignon \u00bb \u2013 \u00e0 r\u00e9server des emprises fonci\u00e8res pour l\u2019avenir. <\/span><span class=\"char-TC_txt-Local-105\">Une telle vision, si l\u2019on parvenait \u00e0 en respecter le fil, permettrait, sur quinze ans, de d\u00e9finir comme dans une ville un espace \u00e0 b\u00e2tir et un espace naturel qui serait d\u00e8s lors prot\u00e9g\u00e9. Cet espace permettrait d\u2019imaginer une int\u00e9gration nouvelle de l\u2019h\u00f4pital \u00e0 la ville par l\u2019utilisation de jardins, d\u2019esplanades, de lieux de sociabilit\u00e9\u2026<br \/>\n<\/span><\/p>\n<p class=\"para-TC_txt\"><button data-toggle=\"collapse\" data-target=\"#enc_2012_480_01\">ILLUSTRATIONS<\/button><div id=\"enc_2012_480_01\" class=\"encadre collapse\"><p><span class=\"surtitre_enc\">ILLUSTRATIONS<\/span><\/p>\n<div class=\"page\" title=\"Page 33\">\n<div class=\"section\">\n<div class=\"layoutArea\">\n<div class=\"column\">\n<h2>L\u2019exemple architectural\u00a0du centre hospitalier de Villefranche-sur-Sa\u00f4ne<\/h2>\n<p><img decoding=\"async\" class=\"alignnone size-full wp-image-29977\" src=\"https:\/\/gestions-hospitalieres.fr\/wp-content\/uploads\/2016\/12\/Capture-d\u2019\u00e9cran-2016-12-20-\u00e0-18.02.53.png\" alt=\"capture-decran-2016-12-20-a-18-02-53\" width=\"600\" height=\"407\" srcset=\"https:\/\/www.ricom-web8.com\/gestions\/wp-content\/uploads\/2016\/12\/Capture-d\u2019\u00e9cran-2016-12-20-\u00e0-18.02.53.png 600w, https:\/\/www.ricom-web8.com\/gestions\/wp-content\/uploads\/2016\/12\/Capture-d\u2019\u00e9cran-2016-12-20-\u00e0-18.02.53-300x204.png 300w\" sizes=\"(max-width: 600px) 100vw, 600px\" \/> <img decoding=\"async\" class=\"alignnone size-full wp-image-29978\" src=\"https:\/\/gestions-hospitalieres.fr\/wp-content\/uploads\/2016\/12\/Capture-d\u2019\u00e9cran-2016-12-20-\u00e0-18.03.03.png\" alt=\"capture-decran-2016-12-20-a-18-03-03\" width=\"600\" height=\"416\" srcset=\"https:\/\/www.ricom-web8.com\/gestions\/wp-content\/uploads\/2016\/12\/Capture-d\u2019\u00e9cran-2016-12-20-\u00e0-18.03.03.png 600w, https:\/\/www.ricom-web8.com\/gestions\/wp-content\/uploads\/2016\/12\/Capture-d\u2019\u00e9cran-2016-12-20-\u00e0-18.03.03-300x208.png 300w\" sizes=\"(max-width: 600px) 100vw, 600px\" \/> <img decoding=\"async\" class=\"alignnone size-full wp-image-29979\" src=\"https:\/\/gestions-hospitalieres.fr\/wp-content\/uploads\/2016\/12\/Capture-d\u2019\u00e9cran-2016-12-20-\u00e0-18.03.11.png\" alt=\"capture-decran-2016-12-20-a-18-03-11\" width=\"600\" height=\"417\" srcset=\"https:\/\/www.ricom-web8.com\/gestions\/wp-content\/uploads\/2016\/12\/Capture-d\u2019\u00e9cran-2016-12-20-\u00e0-18.03.11.png 600w, https:\/\/www.ricom-web8.com\/gestions\/wp-content\/uploads\/2016\/12\/Capture-d\u2019\u00e9cran-2016-12-20-\u00e0-18.03.11-300x209.png 300w\" sizes=\"(max-width: 600px) 100vw, 600px\" \/><\/p>\n<\/div>\n<\/div>\n<\/div>\n<\/div>\n<\/div><\/p>\n<p class=\"para-TC_txt\"><button data-toggle=\"collapse\" data-target=\"#enc_2012_480_02\">ILLUSTRATIONS<\/button><div id=\"enc_2012_480_02\" class=\"encadre collapse\"><p><span class=\"surtitre_enc\">ILLUSTRATIONS<\/span><\/p>\n<div class=\"page\" title=\"Page 34\">\n<div class=\"section\">\n<div class=\"layoutArea\">\n<div class=\"column\">\n<h2>L\u2019exemple architectural\u00a0du centre hospitalier de Villefranche-sur-Sa\u00f4ne<\/h2>\n<p><img decoding=\"async\" class=\"alignnone size-full wp-image-29981\" src=\"https:\/\/gestions-hospitalieres.fr\/wp-content\/uploads\/2016\/12\/Capture-d\u2019\u00e9cran-2016-12-20-\u00e0-18.03.28.png\" alt=\"capture-decran-2016-12-20-a-18-03-28\" width=\"600\" height=\"485\" srcset=\"https:\/\/www.ricom-web8.com\/gestions\/wp-content\/uploads\/2016\/12\/Capture-d\u2019\u00e9cran-2016-12-20-\u00e0-18.03.28.png 600w, https:\/\/www.ricom-web8.com\/gestions\/wp-content\/uploads\/2016\/12\/Capture-d\u2019\u00e9cran-2016-12-20-\u00e0-18.03.28-300x243.png 300w\" sizes=\"(max-width: 600px) 100vw, 600px\" \/> <img decoding=\"async\" class=\"alignnone size-full wp-image-29982\" src=\"https:\/\/gestions-hospitalieres.fr\/wp-content\/uploads\/2016\/12\/Capture-d\u2019\u00e9cran-2016-12-20-\u00e0-18.03.36.png\" alt=\"capture-decran-2016-12-20-a-18-03-36\" width=\"600\" height=\"344\" srcset=\"https:\/\/www.ricom-web8.com\/gestions\/wp-content\/uploads\/2016\/12\/Capture-d\u2019\u00e9cran-2016-12-20-\u00e0-18.03.36.png 600w, https:\/\/www.ricom-web8.com\/gestions\/wp-content\/uploads\/2016\/12\/Capture-d\u2019\u00e9cran-2016-12-20-\u00e0-18.03.36-300x172.png 300w\" sizes=\"(max-width: 600px) 100vw, 600px\" \/> <img decoding=\"async\" class=\"alignnone size-full wp-image-29983\" src=\"https:\/\/gestions-hospitalieres.fr\/wp-content\/uploads\/2016\/12\/Capture-d\u2019\u00e9cran-2016-12-20-\u00e0-18.03.42.png\" alt=\"capture-decran-2016-12-20-a-18-03-42\" width=\"600\" height=\"395\" srcset=\"https:\/\/www.ricom-web8.com\/gestions\/wp-content\/uploads\/2016\/12\/Capture-d\u2019\u00e9cran-2016-12-20-\u00e0-18.03.42.png 600w, https:\/\/www.ricom-web8.com\/gestions\/wp-content\/uploads\/2016\/12\/Capture-d\u2019\u00e9cran-2016-12-20-\u00e0-18.03.42-300x198.png 300w\" sizes=\"(max-width: 600px) 100vw, 600px\" \/><\/p>\n<\/div>\n<\/div>\n<\/div>\n<\/div>\n<\/div><\/p>\n<h1 class=\"para-TC_inter_01\"><span class=\"char-of-TC_txt-114\">Les communaut\u00e9s hospitali\u00e8res\u00a0de territoire, une opportunit\u00e9\u00a0?\u00a0<\/span><\/h1>\n<p class=\"para-TC_txt\"><span class=\"char-TC_txt-Local-105\">La notion de communaut\u00e9 hospitali\u00e8re de territoire (CHT) est aujourd\u2019hui un concept technique transparent pour la population. Lorsque la CHT repose sur un contenu m\u00e9dical fort, ne serait-il pas opportun de la rendre perceptible par la population\u00a0? \u00c0 partir du moment o\u00f9 des fili\u00e8res de soins sont structur\u00e9es et o\u00f9 une m\u00eame qualit\u00e9 des soins peut \u00eatre propos\u00e9e \u00e0 la population d\u2019un point \u00e0 l\u2019autre de la CHT, il y a un vrai int\u00e9r\u00eat, notamment en termes d\u2019attractivit\u00e9, \u00e0 ce que le b\u00e2ti rende perceptible cette strat\u00e9gie commune. Si l\u2019on consid\u00e8re que nous sommes dans un domaine o\u00f9 l\u2019activit\u00e9 appelle l\u2019activit\u00e9 et\/ou\u00a0<\/span><em><span class=\"char-TC_txt_ital-Local-257\">a contrario<\/span><\/em><span class=\"char-TC_txt-Local-105\"> la dispersion de l\u2019offre induit les fuites de patients, le maillage du territoire que permet la CHT doit \u00eatre per\u00e7u par la population et les professionnels.<\/span><\/p>\n<p class=\"para-TC_txt\"><span class=\"char-TC_txt-Local-105\">Or les communaut\u00e9s hospitali\u00e8res de territoire doivent n\u00e9cessairement r\u00e9aliser un certain nombre d\u2019ouvrages architecturaux. Comment se saisir de ces opportunit\u00e9s pour cr\u00e9er une coh\u00e9rence\u00a0? Le parti pris retenu consiste \u00e0 privil\u00e9gier, chaque fois que possible, une int\u00e9gration harmonieuse aux paysages \u2013 \u00e0 l\u2019oppos\u00e9 de l\u2019\u00e9parpillement qui nous est naturel \u2013 et de d\u00e9finir des signes urbanistiques distinctifs des \u00e9tablissements de la CHT. Ces signes urbanistiques peuvent se traduire par de la signal\u00e9tique, du mobilier urbain, du paysage, des \u0153uvres d\u2019art. Ils participeraient alors \u00e0 l\u2019urbanisme nouveau de l\u2019h\u00f4pital.\u00a0<\/span><\/p>\n<h1 class=\"para-TC_inter_01\"><span class=\"char-of-TC_txt-114\">N\u00e9cessit\u00e9s et obstacles\u00a0<\/span><\/h1>\n<p class=\"para-TC_txt\"><span class=\"char-TC_txt-Local-105\">Le ma\u00eetre d\u2019ouvrage hospitalier peut-il dompter les pressions constantes et conjugu\u00e9es de l\u2019urgence, du progr\u00e8s m\u00e9dical et des contraintes de co\u00fbt pour pendre le temps de penser son urbanisme\u00a0? Ouvrage \u00e9volutif et presque \u00ab\u00a0organique\u00a0\u00bb, l\u2019h\u00f4pital peut-il se doter d\u2019un urbanisme, c\u2019est-\u00e0-dire d\u2019une sorte de plan local d\u2019urbanisme\u00a0? Les perspectives ouvertes par un tel exercice ont de quoi s\u00e9duire car elles permettraient de rebattre les cartes de la construction hospitali\u00e8re.\u2008Elles impliqueraient de trouver des ma\u00eetres d\u2019\u0153uvre capables d\u2019assembler des comp\u00e9tences d\u2019architectes, de paysagistes, de designers et d\u2019artistes. <\/span><span class=\"char-TC_txt-Local-105\">Est-ce irr\u00e9aliste\u00a0?<\/span><\/p>\n<script>function PlayerjsAsync(){} if(window[\"Playerjs\"]){PlayerjsAsync();}<\/script>","protected":false},"excerpt":{"rendered":"<p>\ufeffIl existe un paradoxe hospitalier : l\u2019h\u00f4pital, par excellence lieu de toutes les \u00e9motions, de la naissance \u00e0 la mort, a parfois des locaux froids et disparates, dans certains cas agressifs.\u2008En France et \u00e0 l\u2019\u00e9tranger, c\u2019est m\u00eame parfois un lieu inhospitalier. Depuis quinze ans, de nombreux autres services publics se sont dot\u00e9s d\u2019un v\u00e9ritable urbanisme : les a\u00e9roports, il y a vingt ans tr\u00e8s impersonnels, sont devenus des lieux agr\u00e9ables et vivants ; les gares changent elles aussi un peu partout dans le monde ; les villes sont engag\u00e9es dans un mouvement d\u2019embellissement profond qui r\u00e9sulte de la combinaison de comp\u00e9tences multiples (architectes, \u00e9clairagistes, paysagistes, designers\u2026) ; le mobilier urbain \u00e9volue \u00e0 toute vitesse et vient unifier des espaces autrefois d\u00e9cousus. La question se pose alors : l\u2019urbanisme hospitalier peut-il \u00e0 son tour progresser ?<\/p>\n","protected":false},"author":1202,"featured_media":0,"comment_status":"open","ping_status":"open","sticky":false,"template":"","format":"standard","meta":{"_acf_changed":false,"_relevanssi_hide_post":"","_relevanssi_hide_content":"","_relevanssi_pin_for_all":"","_relevanssi_pin_keywords":"","_relevanssi_unpin_keywords":"","_relevanssi_related_keywords":"","_relevanssi_related_include_ids":"","_relevanssi_related_exclude_ids":"","_relevanssi_related_no_append":"","_relevanssi_related_not_related":"","_relevanssi_related_posts":"","_relevanssi_noindex_reason":"","footnotes":""},"categories":[26,2],"tags":[790,789,11,156,4821,792,791],"class_list":["post-15416","post","type-post","status-publish","format-standard","hentry","category-dossier","category-gestions-hospitalieres","tag-architecture","tag-architecture-sensorielle","tag-cht","tag-hopital","tag-lhopital-nord-ouest","tag-plu","tag-urbanisme"],"acf":[],"yoast_head":"<!-- This site is optimized with the Yoast SEO plugin v24.8.1 - https:\/\/yoast.com\/wordpress\/plugins\/seo\/ -->\n<title>L\u2019h\u00f4pital peut-il renouveler son urbanisme ? - Gestions hospitali\u00e8res<\/title>\n<meta name=\"robots\" content=\"index, follow, max-snippet:-1, max-image-preview:large, max-video-preview:-1\" \/>\n<link rel=\"canonical\" href=\"https:\/\/www.ricom-web8.com\/gestions\/lhopital-peut-il-renouveler-son-urbanisme\/\" \/>\n<meta property=\"og:locale\" content=\"fr_FR\" \/>\n<meta property=\"og:type\" content=\"article\" \/>\n<meta property=\"og:title\" content=\"L\u2019h\u00f4pital peut-il renouveler son urbanisme ? - Gestions hospitali\u00e8res\" \/>\n<meta property=\"og:description\" content=\"\ufeffIl existe un paradoxe hospitalier : l\u2019h\u00f4pital, par excellence lieu de toutes les \u00e9motions, de la naissance \u00e0 la mort, a parfois des locaux froids et disparates, dans certains cas agressifs.\u2008En France et \u00e0 l\u2019\u00e9tranger, c\u2019est m\u00eame parfois un lieu inhospitalier. Depuis quinze ans, de nombreux autres services publics se sont dot\u00e9s d\u2019un v\u00e9ritable urbanisme : les a\u00e9roports, il y a vingt ans tr\u00e8s impersonnels, sont devenus des lieux agr\u00e9ables et vivants ; les gares changent elles aussi un peu partout dans le monde ; les villes sont engag\u00e9es dans un mouvement d\u2019embellissement profond qui r\u00e9sulte de la combinaison de comp\u00e9tences multiples (architectes, \u00e9clairagistes, paysagistes, designers\u2026) ; le mobilier urbain \u00e9volue \u00e0 toute vitesse et vient unifier des espaces autrefois d\u00e9cousus. La question se pose alors : l\u2019urbanisme hospitalier peut-il \u00e0 son tour progresser ?\" \/>\n<meta property=\"og:url\" content=\"https:\/\/www.ricom-web8.com\/gestions\/lhopital-peut-il-renouveler-son-urbanisme\/\" \/>\n<meta property=\"og:site_name\" content=\"Gestions hospitali\u00e8res\" \/>\n<meta property=\"article:publisher\" content=\"https:\/\/www.facebook.com\/gestionshospitalieres\/\" \/>\n<meta property=\"article:published_time\" content=\"2012-09-30T22:00:00+00:00\" \/>\n<meta property=\"article:modified_time\" content=\"2020-06-09T13:40:10+00:00\" \/>\n<meta name=\"author\" content=\"yann Le Sager\" \/>\n<meta name=\"twitter:card\" content=\"summary_large_image\" \/>\n<meta name=\"twitter:creator\" content=\"@revue_GH\" \/>\n<meta name=\"twitter:site\" content=\"@revue_GH\" \/>\n<meta name=\"twitter:label1\" content=\"\u00c9crit par\" \/>\n\t<meta name=\"twitter:data1\" content=\"yann Le Sager\" \/>\n\t<meta name=\"twitter:label2\" content=\"Dur\u00e9e de lecture estim\u00e9e\" \/>\n\t<meta name=\"twitter:data2\" content=\"7 minutes\" \/>\n<script type=\"application\/ld+json\" class=\"yoast-schema-graph\">{\"@context\":\"https:\/\/schema.org\",\"@graph\":[{\"@type\":\"Article\",\"@id\":\"https:\/\/www.ricom-web8.com\/gestions\/lhopital-peut-il-renouveler-son-urbanisme\/#article\",\"isPartOf\":{\"@id\":\"https:\/\/www.ricom-web8.com\/gestions\/lhopital-peut-il-renouveler-son-urbanisme\/\"},\"author\":{\"name\":\"yann Le Sager\",\"@id\":\"https:\/\/www.ricom-web8.com\/gestions\/#\/schema\/person\/810c9671279c5f5a094f6f0a42237516\"},\"headline\":\"L\u2019h\u00f4pital peut-il renouveler son urbanisme ?\",\"datePublished\":\"2012-09-30T22:00:00+00:00\",\"dateModified\":\"2020-06-09T13:40:10+00:00\",\"mainEntityOfPage\":{\"@id\":\"https:\/\/www.ricom-web8.com\/gestions\/lhopital-peut-il-renouveler-son-urbanisme\/\"},\"wordCount\":1320,\"commentCount\":0,\"publisher\":{\"@id\":\"https:\/\/www.ricom-web8.com\/gestions\/#organization\"},\"keywords\":[\"architecture\",\"architecture sensorielle\",\"CHT\",\"h\u00f4pital\",\"L\u2019h\u00f4pital Nord-Ouest\",\"PLU\",\"urbanisme\"],\"articleSection\":[\"dossier\",\"Gestions Hospitali\u00e8res\"],\"inLanguage\":\"fr-FR\",\"potentialAction\":[{\"@type\":\"CommentAction\",\"name\":\"Comment\",\"target\":[\"https:\/\/www.ricom-web8.com\/gestions\/lhopital-peut-il-renouveler-son-urbanisme\/#respond\"]}]},{\"@type\":\"WebPage\",\"@id\":\"https:\/\/www.ricom-web8.com\/gestions\/lhopital-peut-il-renouveler-son-urbanisme\/\",\"url\":\"https:\/\/www.ricom-web8.com\/gestions\/lhopital-peut-il-renouveler-son-urbanisme\/\",\"name\":\"L\u2019h\u00f4pital peut-il renouveler son urbanisme ? - Gestions hospitali\u00e8res\",\"isPartOf\":{\"@id\":\"https:\/\/www.ricom-web8.com\/gestions\/#website\"},\"datePublished\":\"2012-09-30T22:00:00+00:00\",\"dateModified\":\"2020-06-09T13:40:10+00:00\",\"breadcrumb\":{\"@id\":\"https:\/\/www.ricom-web8.com\/gestions\/lhopital-peut-il-renouveler-son-urbanisme\/#breadcrumb\"},\"inLanguage\":\"fr-FR\",\"potentialAction\":[{\"@type\":\"ReadAction\",\"target\":[\"https:\/\/www.ricom-web8.com\/gestions\/lhopital-peut-il-renouveler-son-urbanisme\/\"]}]},{\"@type\":\"BreadcrumbList\",\"@id\":\"https:\/\/www.ricom-web8.com\/gestions\/lhopital-peut-il-renouveler-son-urbanisme\/#breadcrumb\",\"itemListElement\":[{\"@type\":\"ListItem\",\"position\":1,\"name\":\"Accueil\",\"item\":\"https:\/\/www.ricom-web8.com\/gestions\/\"},{\"@type\":\"ListItem\",\"position\":2,\"name\":\"L\u2019h\u00f4pital peut-il renouveler son urbanisme ?\"}]},{\"@type\":\"WebSite\",\"@id\":\"https:\/\/www.ricom-web8.com\/gestions\/#website\",\"url\":\"https:\/\/www.ricom-web8.com\/gestions\/\",\"name\":\"Gestions hospitali\u00e8res\",\"description\":\"la revue des d\u00e9cideurs hospitaliers\",\"publisher\":{\"@id\":\"https:\/\/www.ricom-web8.com\/gestions\/#organization\"},\"potentialAction\":[{\"@type\":\"SearchAction\",\"target\":{\"@type\":\"EntryPoint\",\"urlTemplate\":\"https:\/\/www.ricom-web8.com\/gestions\/?s={search_term_string}\"},\"query-input\":{\"@type\":\"PropertyValueSpecification\",\"valueRequired\":true,\"valueName\":\"search_term_string\"}}],\"inLanguage\":\"fr-FR\"},{\"@type\":\"Organization\",\"@id\":\"https:\/\/www.ricom-web8.com\/gestions\/#organization\",\"name\":\"Gestions hospitali\u00e8res\",\"url\":\"https:\/\/www.ricom-web8.com\/gestions\/\",\"logo\":{\"@type\":\"ImageObject\",\"inLanguage\":\"fr-FR\",\"@id\":\"https:\/\/www.ricom-web8.com\/gestions\/#\/schema\/logo\/image\/\",\"url\":\"https:\/\/gestions-hospitalieres.fr\/wp-content\/uploads\/2017\/02\/picto_Gif-GH-trans.png\",\"contentUrl\":\"https:\/\/gestions-hospitalieres.fr\/wp-content\/uploads\/2017\/02\/picto_Gif-GH-trans.png\",\"width\":512,\"height\":512,\"caption\":\"Gestions hospitali\u00e8res\"},\"image\":{\"@id\":\"https:\/\/www.ricom-web8.com\/gestions\/#\/schema\/logo\/image\/\"},\"sameAs\":[\"https:\/\/www.facebook.com\/gestionshospitalieres\/\",\"https:\/\/x.com\/revue_GH\",\"https:\/\/www.linkedin.com\/company\/gestions-hospitalieres?trk=top_nav_home\"]},{\"@type\":\"Person\",\"@id\":\"https:\/\/www.ricom-web8.com\/gestions\/#\/schema\/person\/810c9671279c5f5a094f6f0a42237516\",\"name\":\"yann Le Sager\",\"image\":{\"@type\":\"ImageObject\",\"inLanguage\":\"fr-FR\",\"@id\":\"https:\/\/www.ricom-web8.com\/gestions\/#\/schema\/person\/image\/\",\"url\":\"https:\/\/secure.gravatar.com\/avatar\/36112fa5997be9e3b9acb0c60a4a1075?s=96&d=mm&r=g\",\"contentUrl\":\"https:\/\/secure.gravatar.com\/avatar\/36112fa5997be9e3b9acb0c60a4a1075?s=96&d=mm&r=g\",\"caption\":\"yann Le Sager\"},\"url\":\"https:\/\/www.ricom-web8.com\/gestions\/author\/lesager-yannstudioricom-com\/\"}]}<\/script>\n<!-- \/ Yoast SEO plugin. -->","yoast_head_json":{"title":"L\u2019h\u00f4pital peut-il renouveler son urbanisme ? - Gestions hospitali\u00e8res","robots":{"index":"index","follow":"follow","max-snippet":"max-snippet:-1","max-image-preview":"max-image-preview:large","max-video-preview":"max-video-preview:-1"},"canonical":"https:\/\/www.ricom-web8.com\/gestions\/lhopital-peut-il-renouveler-son-urbanisme\/","og_locale":"fr_FR","og_type":"article","og_title":"L\u2019h\u00f4pital peut-il renouveler son urbanisme ? - Gestions hospitali\u00e8res","og_description":"\ufeffIl existe un paradoxe hospitalier : l\u2019h\u00f4pital, par excellence lieu de toutes les \u00e9motions, de la naissance \u00e0 la mort, a parfois des locaux froids et disparates, dans certains cas agressifs.\u2008En France et \u00e0 l\u2019\u00e9tranger, c\u2019est m\u00eame parfois un lieu inhospitalier. Depuis quinze ans, de nombreux autres services publics se sont dot\u00e9s d\u2019un v\u00e9ritable urbanisme : les a\u00e9roports, il y a vingt ans tr\u00e8s impersonnels, sont devenus des lieux agr\u00e9ables et vivants ; les gares changent elles aussi un peu partout dans le monde ; les villes sont engag\u00e9es dans un mouvement d\u2019embellissement profond qui r\u00e9sulte de la combinaison de comp\u00e9tences multiples (architectes, \u00e9clairagistes, paysagistes, designers\u2026) ; le mobilier urbain \u00e9volue \u00e0 toute vitesse et vient unifier des espaces autrefois d\u00e9cousus. La question se pose alors : l\u2019urbanisme hospitalier peut-il \u00e0 son tour progresser ?","og_url":"https:\/\/www.ricom-web8.com\/gestions\/lhopital-peut-il-renouveler-son-urbanisme\/","og_site_name":"Gestions hospitali\u00e8res","article_publisher":"https:\/\/www.facebook.com\/gestionshospitalieres\/","article_published_time":"2012-09-30T22:00:00+00:00","article_modified_time":"2020-06-09T13:40:10+00:00","author":"yann Le Sager","twitter_card":"summary_large_image","twitter_creator":"@revue_GH","twitter_site":"@revue_GH","twitter_misc":{"\u00c9crit par":"yann Le Sager","Dur\u00e9e de lecture estim\u00e9e":"7 minutes"},"schema":{"@context":"https:\/\/schema.org","@graph":[{"@type":"Article","@id":"https:\/\/www.ricom-web8.com\/gestions\/lhopital-peut-il-renouveler-son-urbanisme\/#article","isPartOf":{"@id":"https:\/\/www.ricom-web8.com\/gestions\/lhopital-peut-il-renouveler-son-urbanisme\/"},"author":{"name":"yann Le Sager","@id":"https:\/\/www.ricom-web8.com\/gestions\/#\/schema\/person\/810c9671279c5f5a094f6f0a42237516"},"headline":"L\u2019h\u00f4pital peut-il renouveler son urbanisme ?","datePublished":"2012-09-30T22:00:00+00:00","dateModified":"2020-06-09T13:40:10+00:00","mainEntityOfPage":{"@id":"https:\/\/www.ricom-web8.com\/gestions\/lhopital-peut-il-renouveler-son-urbanisme\/"},"wordCount":1320,"commentCount":0,"publisher":{"@id":"https:\/\/www.ricom-web8.com\/gestions\/#organization"},"keywords":["architecture","architecture sensorielle","CHT","h\u00f4pital","L\u2019h\u00f4pital Nord-Ouest","PLU","urbanisme"],"articleSection":["dossier","Gestions Hospitali\u00e8res"],"inLanguage":"fr-FR","potentialAction":[{"@type":"CommentAction","name":"Comment","target":["https:\/\/www.ricom-web8.com\/gestions\/lhopital-peut-il-renouveler-son-urbanisme\/#respond"]}]},{"@type":"WebPage","@id":"https:\/\/www.ricom-web8.com\/gestions\/lhopital-peut-il-renouveler-son-urbanisme\/","url":"https:\/\/www.ricom-web8.com\/gestions\/lhopital-peut-il-renouveler-son-urbanisme\/","name":"L\u2019h\u00f4pital peut-il renouveler son urbanisme ? - Gestions hospitali\u00e8res","isPartOf":{"@id":"https:\/\/www.ricom-web8.com\/gestions\/#website"},"datePublished":"2012-09-30T22:00:00+00:00","dateModified":"2020-06-09T13:40:10+00:00","breadcrumb":{"@id":"https:\/\/www.ricom-web8.com\/gestions\/lhopital-peut-il-renouveler-son-urbanisme\/#breadcrumb"},"inLanguage":"fr-FR","potentialAction":[{"@type":"ReadAction","target":["https:\/\/www.ricom-web8.com\/gestions\/lhopital-peut-il-renouveler-son-urbanisme\/"]}]},{"@type":"BreadcrumbList","@id":"https:\/\/www.ricom-web8.com\/gestions\/lhopital-peut-il-renouveler-son-urbanisme\/#breadcrumb","itemListElement":[{"@type":"ListItem","position":1,"name":"Accueil","item":"https:\/\/www.ricom-web8.com\/gestions\/"},{"@type":"ListItem","position":2,"name":"L\u2019h\u00f4pital peut-il renouveler son urbanisme ?"}]},{"@type":"WebSite","@id":"https:\/\/www.ricom-web8.com\/gestions\/#website","url":"https:\/\/www.ricom-web8.com\/gestions\/","name":"Gestions hospitali\u00e8res","description":"la revue des d\u00e9cideurs hospitaliers","publisher":{"@id":"https:\/\/www.ricom-web8.com\/gestions\/#organization"},"potentialAction":[{"@type":"SearchAction","target":{"@type":"EntryPoint","urlTemplate":"https:\/\/www.ricom-web8.com\/gestions\/?s={search_term_string}"},"query-input":{"@type":"PropertyValueSpecification","valueRequired":true,"valueName":"search_term_string"}}],"inLanguage":"fr-FR"},{"@type":"Organization","@id":"https:\/\/www.ricom-web8.com\/gestions\/#organization","name":"Gestions hospitali\u00e8res","url":"https:\/\/www.ricom-web8.com\/gestions\/","logo":{"@type":"ImageObject","inLanguage":"fr-FR","@id":"https:\/\/www.ricom-web8.com\/gestions\/#\/schema\/logo\/image\/","url":"https:\/\/gestions-hospitalieres.fr\/wp-content\/uploads\/2017\/02\/picto_Gif-GH-trans.png","contentUrl":"https:\/\/gestions-hospitalieres.fr\/wp-content\/uploads\/2017\/02\/picto_Gif-GH-trans.png","width":512,"height":512,"caption":"Gestions hospitali\u00e8res"},"image":{"@id":"https:\/\/www.ricom-web8.com\/gestions\/#\/schema\/logo\/image\/"},"sameAs":["https:\/\/www.facebook.com\/gestionshospitalieres\/","https:\/\/x.com\/revue_GH","https:\/\/www.linkedin.com\/company\/gestions-hospitalieres?trk=top_nav_home"]},{"@type":"Person","@id":"https:\/\/www.ricom-web8.com\/gestions\/#\/schema\/person\/810c9671279c5f5a094f6f0a42237516","name":"yann Le Sager","image":{"@type":"ImageObject","inLanguage":"fr-FR","@id":"https:\/\/www.ricom-web8.com\/gestions\/#\/schema\/person\/image\/","url":"https:\/\/secure.gravatar.com\/avatar\/36112fa5997be9e3b9acb0c60a4a1075?s=96&d=mm&r=g","contentUrl":"https:\/\/secure.gravatar.com\/avatar\/36112fa5997be9e3b9acb0c60a4a1075?s=96&d=mm&r=g","caption":"yann Le Sager"},"url":"https:\/\/www.ricom-web8.com\/gestions\/author\/lesager-yannstudioricom-com\/"}]}},"_links":{"self":[{"href":"https:\/\/www.ricom-web8.com\/gestions\/wp-json\/wp\/v2\/posts\/15416","targetHints":{"allow":["GET"]}}],"collection":[{"href":"https:\/\/www.ricom-web8.com\/gestions\/wp-json\/wp\/v2\/posts"}],"about":[{"href":"https:\/\/www.ricom-web8.com\/gestions\/wp-json\/wp\/v2\/types\/post"}],"author":[{"embeddable":true,"href":"https:\/\/www.ricom-web8.com\/gestions\/wp-json\/wp\/v2\/users\/1202"}],"replies":[{"embeddable":true,"href":"https:\/\/www.ricom-web8.com\/gestions\/wp-json\/wp\/v2\/comments?post=15416"}],"version-history":[{"count":0,"href":"https:\/\/www.ricom-web8.com\/gestions\/wp-json\/wp\/v2\/posts\/15416\/revisions"}],"wp:attachment":[{"href":"https:\/\/www.ricom-web8.com\/gestions\/wp-json\/wp\/v2\/media?parent=15416"}],"wp:term":[{"taxonomy":"category","embeddable":true,"href":"https:\/\/www.ricom-web8.com\/gestions\/wp-json\/wp\/v2\/categories?post=15416"},{"taxonomy":"post_tag","embeddable":true,"href":"https:\/\/www.ricom-web8.com\/gestions\/wp-json\/wp\/v2\/tags?post=15416"}],"curies":[{"name":"wp","href":"https:\/\/api.w.org\/{rel}","templated":true}]}}