

{"id":15451,"date":"2012-12-01T00:00:00","date_gmt":"2012-11-30T23:00:00","guid":{"rendered":"http:\/\/ricom-web.com\/gestions-hospitalieres\/vers-lindemnisation-du-prejudice-dimpreparation-pour-tous\/"},"modified":"2018-03-08T11:25:30","modified_gmt":"2018-03-08T10:25:30","slug":"vers-lindemnisation-du-prejudice-dimpreparation-pour-tous","status":"publish","type":"post","link":"https:\/\/www.ricom-web8.com\/gestions\/vers-lindemnisation-du-prejudice-dimpreparation-pour-tous\/","title":{"rendered":"Vers l\u2019indemnisation du \u00ab pr\u00e9judice d\u2019impr\u00e9paration \u00bb pour tous ?"},"content":{"rendered":"<span class=\"span-reading-time rt-reading-time\" style=\"display: block;\"><span class=\"rt-label rt-prefix\">Temps de lecture\u00a0: <\/span> <span class=\"rt-time\"> 6<\/span> <span class=\"rt-label rt-postfix\">minutes<\/span><\/span><p class=\"para-TC_txt\">En l\u2019esp\u00e8ce, un patient avait subi, au sein d\u2019un centre hospitalier r\u00e9gional et universitaire (CHRU), une intervention chirurgicale rendue n\u00e9cessaire par la d\u00e9couverte d\u2019une tumeur rectale. Huit jours apr\u00e8s l\u2019op\u00e9ration, un abc\u00e8s p\u00e9rin\u00e9al et une fistule sont apparus. Ces complications ont \u00e9t\u00e9 trait\u00e9es pendant plusieurs mois sans succ\u00e8s. Ce n\u2019est qu\u2019\u00e0 la suite d\u2019une intervention chirurgicale dans un autre h\u00f4pital que le patient a vu son \u00e9tat de sant\u00e9 consolid\u00e9. <span class=\"char-TC_txt-Local-82\">Le patient et son \u00e9pouse ont alors recherch\u00e9 la responsabilit\u00e9 du CHRU en invoquant \u00e0 la fois un manquement de l\u2019h\u00f4pital \u00e0 son obligation d\u2019information sur les risques de complications graves, en particulier une atteinte probable \u00e0 ses fonctions sexuelles, et une faute m\u00e9dicale portant sur le choix th\u00e9rapeutique qui s\u2019est av\u00e9r\u00e9 inadapt\u00e9.<\/span><\/p>\n<ul>\n<li><strong><span class=\"char-TC_txt-Local-30\">S\u2019agissant de la responsabilit\u00e9 du CHRU au titre d\u2019une faute m\u00e9dicale<\/span><\/strong><span class=\"char-TC_txt-Local-82\">, le Conseil d\u2019\u00c9tat casse l\u2019arr\u00eat de la cour administrative d\u2019appel et renvoie l\u2019affaire. La cour administrative d\u2019appel a entach\u00e9 son arr\u00eat d\u2019une erreur de qualification juridique des faits en retenant que le choix th\u00e9rapeutique ne pr\u00e9sentait pas un caract\u00e8re fautif alors que, selon le rapport d\u2019expertise, les m\u00e9decins avaient persist\u00e9 \u00e0 pratiquer un traitement inefficace, r\u00e9alisant ainsi un retard th\u00e9rapeutique.<\/span><\/li>\n<li><strong><span class=\"char-TC_txt-Local-30\">S\u2019agissant de la responsabilit\u00e9 du CHRU au titre d\u2019un manquement \u00e0 l\u2019obligation d\u2019information du patient<\/span><\/strong><span class=\"char-TC_txt-Local-82\">, rappelons tout d\u2019abord l\u2019\u00e9volution jurisprudentielle en la mati\u00e8re. La loi n\u00b02002-303 du 4 mars 2002 relative aux droits des malades et \u00e0 la qualit\u00e9 du syst\u00e8me de sant\u00e9 fait de l\u2019obligation d\u2019information un droit des patients. Pour cela, le l\u00e9gislateur a repris l\u2019\u0153uvre jurisprudentielle. En effet, le droit \u00e0 l\u2019information du patient par son m\u00e9decin a tout particuli\u00e8rement \u00e9merg\u00e9 dans les ann\u00e9es 1990 sous l\u2019impulsion du juge judiciaire\u00a0<\/span><span class=\"char-TC_txt-Local-81\"><sup class=\"appel\" data-toggle=\"modal\" data-target=\"#notes\">(3)<\/sup><\/span><span class=\"char-TC_txt-Local-82\">. Le juge administratif lui a ensuite embo\u00eet\u00e9 le pas\u00a0<\/span><span class=\"char-TC_txt-Local-81\"><sup class=\"appel\" data-toggle=\"modal\" data-target=\"#notes\">(4)<\/sup><\/span><span class=\"char-TC_txt-Local-82\">.<\/span><\/li>\n<\/ul>\n<p><span class=\"char-TC_txt-Local-82\">Jusqu\u2019\u00e0 un arr\u00eat de la premi\u00e8re chambre civile de la Cour de cassation en date du 3 juin 2010\u00a0<\/span><span class=\"char-TC_txt-Local-81\"><sup class=\"appel\" data-toggle=\"modal\" data-target=\"#notes\">(5)<\/sup><\/span><span class=\"char-TC_txt-Local-82\">, le juge administratif et le juge civil \u00e9taient tout deux d\u2019accord pour indemniser le d\u00e9faut d\u2019information en cas de pr\u00e9judice de la perte de chance de se soustraire \u00e0 la r\u00e9alisation du risque. Cependant, les juges de l\u2019ordre judiciaire en ont d\u00e9cid\u00e9 autrement. Effectivement, le 3 juin 2010, la premi\u00e8re chambre civile de la Cour de cassation op\u00e8re un revirement de jurisprudence. Selon cette derni\u00e8re, le d\u00e9faut d\u2019information cause directement et syst\u00e9matiquement un pr\u00e9judice au patient, ind\u00e9pendamment d\u2019un \u00e9ventuel pr\u00e9judice de la perte de chance. De ce fait, le patient ne peut \u00eatre laiss\u00e9 sans r\u00e9paration. Les juges de la Cour de cassation parlent de pr\u00e9judice moral d\u2019impr\u00e9paration. Cette jurisprudence sera par la suite confirm\u00e9e, comme le d\u00e9montre l\u2019arr\u00eat rendu par la premi\u00e8re chambre civile de la Cour de cassation le 12 juin 2012\u00a0<\/span><span class=\"char-TC_txt-Local-81\"><sup class=\"appel\" data-toggle=\"modal\" data-target=\"#notes\">(6)<\/sup><\/span><span class=\"char-TC_txt-Local-82\">. Ainsi, une in\u00e9galit\u00e9 entre le patient du secteur public et celui du secteur priv\u00e9 apparaissait. Selon que le patient se retournait devant le juge administratif ou devant le juge judiciaire, ses chances de se voir indemniser en cas de d\u00e9faut d\u2019information n\u2019\u00e9taient pas les m\u00eames.\u00a0<\/span><\/p>\n<p class=\"para-TC_txt\"><span class=\"char-TC_txt-Local-82\">Toutefois, les juges du fond de l\u2019ordre administratif tentaient de faire \u00e9voluer les choses de leur c\u00f4t\u00e9 en reconnaissant la possibilit\u00e9 d\u2019indemniser le pr\u00e9judice moral d\u2019impr\u00e9paration, ind\u00e9pendamment du pr\u00e9judice de la perte de chance. C\u2019\u00e9tait sans compter l\u2019intervention du Conseil d\u2019\u00c9tat venant stopper cette prise d\u2019initiative en condamnant la solution des juges du fond. <\/span><span class=\"char-TC_txt-Local-82\">Mais, le 10 octobre 2012, la Haute Juridiction administrative est venue mettre un terme \u00e0 cette querelle jurisprudentielle en reconnaissant le pr\u00e9judice moral d\u2019impr\u00e9paration, ind\u00e9pendamment de celui de la perte de chance. En l\u2019esp\u00e8ce, les juges du Conseil d\u2019\u00c9tat ont dans un premier temps appliqu\u00e9 la position classique sur la perte de chance, puis ont consacr\u00e9 le pr\u00e9judice moral d\u2019impr\u00e9paration issue de la juridiction judiciaire. <\/span><\/p>\n<h1 class=\"para-TC_txt\"><span class=\"char-of-TC_txt-112\">Une application de la jurisprudence classique sur la perte de chance<\/span><\/h1>\n<p class=\"para-TC_txt\"><span class=\"char-of-TC_txt-112\">\u00a0<\/span><span class=\"char-TC_txt-Local-82\">Le Conseil d\u2019\u00c9tat reprend tout d\u2019abord sa jurisprudence relative \u00e0 la perte de chance en disposant \u00ab<\/span>\u00a0<em><span class=\"char-TC_txt_ital\">qu\u2019un manquement des m\u00e9decins \u00e0 leur obligation d\u2019information engage la responsabilit\u00e9 de l\u2019h\u00f4pital dans la mesure o\u00f9 il a priv\u00e9 le patient d\u2019une chance de se soustraire au risque li\u00e9 \u00e0 l\u2019intervention en refusant qu\u2019elle soit pratiqu\u00e9e\u00a0; que c\u2019est seulement dans le cas o\u00f9 l\u2019intervention \u00e9tait imp\u00e9rieusement requise, en sorte que le patient ne disposait d\u2019aucune possibilit\u00e9 raisonnable de refus, que les juges du fond peuvent nier l\u2019existence d\u2019une perte de chance <\/span><\/em><sup><span class=\"char-TC_txt_ital\">(7)<\/span><\/sup>\u00a0<span class=\"char-TC_txt-Local-82\">\u00bb. <\/span><span class=\"char-TC_txt-Local-82\">En l\u2019esp\u00e8ce, cette intervention \u00e9tait imp\u00e9rieusement requise pour extraire la tumeur du patient et le manquement des m\u00e9decins \u00e0 leur obligation d\u2019information n\u2019a pas priv\u00e9 l\u2019int\u00e9ress\u00e9 d\u2019une chance de se soustraire \u00e0 l\u2019intervention et d\u2019ainsi \u00e9chapper aux cons\u00e9quences dommageables subies.<br \/>\n<\/span><span class=\"char-TC_txt-Local-82\">Le Conseil d\u2019\u00c9tat r\u00e9it\u00e8re sa position habituelle en \u00e9cartant toute indemnisation au titre de la perte de chance lorsque l\u2019intervention chirurgicale est n\u00e9cessaire et que le d\u00e9faut d\u2019information n\u2019a pas priv\u00e9 le patient d\u2019une chance de se soustraire au dommage.\u00a0<\/span><\/p>\n<h1 class=\"para-TC_inter_01\"><span class=\"char-of-TC_txt-112\">Une cons\u00e9cration de la reconnaissance\u00a0du pr\u00e9judice d\u2019impr\u00e9paration\u00a0<\/span><\/h1>\n<p class=\"para-TC_txt\"><span class=\"char-TC_txt-Local-82\">Ensuite, la Haute Juridiction rel\u00e8ve \u00ab<\/span>\u00a0<em><span class=\"char-TC_txt_ital\">qu\u2019ind\u00e9pendamment de la perte d\u2019une chance de refuser l\u2019intervention, le manquement des m\u00e9decins \u00e0 leur obligation d\u2019informer le patient des risques courus ouvre pour l\u2019int\u00e9ress\u00e9, lorsque ces risques se r\u00e9alisent, le droit d\u2019obtenir r\u00e9paration des troubles qu\u2019il a pu subir du fait qu\u2019il n\u2019a pas pu se pr\u00e9parer \u00e0 cette \u00e9ventualit\u00e9, notamment en prenant certaines dispositions personnelles<\/span><\/em><sup><span class=\"char-TC_txt_ital\"> (8)<\/span><\/sup><em><span class=\"char-TC_txt_ital\">\u00a0<\/span><\/em><span class=\"char-TC_txt-Local-82\">\u00bb. Elle accepte ainsi pour la premi\u00e8re fois l\u2019existence d\u2019un pr\u00e9judice, autonome de la perte de chance, que l\u2019on peut qualifier de pr\u00e9judice d\u2019impr\u00e9paration.\u00a0<\/span><\/p>\n<blockquote>\n<p class=\"para-TC_txt\">Si la reconnaissance d\u2019un pr\u00e9judice moral d\u2019impr\u00e9paration est une avanc\u00e9e consid\u00e9rable pour les droits des patients, l\u2019indemnit\u00e9 pour perte de chance reste plus importante que celle r\u00e9parant le pr\u00e9judice moral d\u2019impr\u00e9paration.<\/p>\n<\/blockquote>\n<p class=\"para-TC_txt\"><span class=\"char-TC_txt-Local-82\">En l\u2019esp\u00e8ce, la cour n\u2019avait commis aucune erreur de droit en ne d\u00e9duisant pas de la seule circonstance que son droit d\u2019\u00eatre inform\u00e9 des risques de l\u2019intervention avait \u00e9t\u00e9 m\u00e9connu, l\u2019existence d\u2019un pr\u00e9judice lui ouvrant droit \u00e0 r\u00e9paration puisque l\u2019existence d\u2019un tel pr\u00e9judice n\u2019a pas \u00e9t\u00e9 invoqu\u00e9e devant les juges du fond.\u00a0<\/span><span class=\"char-TC_txt-Local-82\">Par cet arr\u00eat, les juges du Conseil d\u2019\u00c9tat se rapprochent de la jurisprudence d\u00e9velopp\u00e9e par la premi\u00e8re chambre civile de la Cour de cassation depuis le r\u00e9cent revirement jurisprudentiel relatif \u00e0 l\u2019obligation du patient de 2010<sup class=\"appel\" data-toggle=\"modal\" data-target=\"#notes\">(9)\u00a0<\/sup>(<\/span><em><span class=\"char-TC_txt_ital\">voir ci-dessus<\/span><span class=\"char-TC_txt-Local-82\">).<\/span><\/em><\/p>\n<p class=\"para-TC_txt\"><span class=\"char-TC_txt-Local-82\">Comme la Cour de cassation, le Conseil d\u2019\u00c9tat admet d\u00e9sormais qu\u2019il existe un pr\u00e9judice r\u00e9parable, en cas de manquement au devoir d\u2019informer le patient des risques encourus par un acte m\u00e9dical, autre que la perte de chance de refuser l\u2019intervention. Rappelons-le, le pr\u00e9judice de la perte de chance et celui dit \u00ab\u00a0d\u2019impr\u00e9paration\u00a0\u00bb sont ind\u00e9pendants l\u2019un de l\u2019autre.\u00a0<\/span><span class=\"char-TC_txt-Local-82\">Le pr\u00e9judice moral d\u2019impr\u00e9paration est celui de ne pas pouvoir se pr\u00e9parer aux complications et prendre certaines dispositions personnelles en ce sens. Il s\u2019agit donc d\u2019un pr\u00e9judice de nature psychologique. Cette r\u00e9paration \u00e9tait sans doute utile puisque l\u2019indemnisation pour perte de chance de se soustraire au traitement ou \u00e0 l\u2019intervention n\u2019est pas syst\u00e9matiquement reconnue. Autrement dit, si le juge constate que, m\u00eame si un patient, en \u00e9tant correctement inform\u00e9, ne peut se soustraire \u00e0 l\u2019acte m\u00e9dical faute d\u2019alternative th\u00e9rapeutique, le pr\u00e9judice de la perte de chance doit \u00eatre \u00e9cart\u00e9. En revanche, d\u00e8s lors qu\u2019un patient peut se soustraire \u00e0 l\u2019acte m\u00e9dical car une autre alternative m\u00e9dicale peut \u00eatre choisie, le pr\u00e9judice de la perte de chance doit \u00eatre retenu. <\/span><span class=\"char-TC_txt-Local-82\">Cependant, deux \u00e9l\u00e9ments se distinguent encore et d\u00e9montrent que la conception des juges administratifs est plus \u00e9troite que celle des juges judiciaires.\u00a0<\/span><\/p>\n<h2 class=\"para-TC_txt\">La d\u00e9finition du pr\u00e9judice r\u00e9parable<\/h2>\n<p class=\"para-TC_txt\"><span class=\"char-TC_txt-Local-82\">Pour le Conseil d\u2019\u00c9tat, il s\u2019agit bien du pr\u00e9judice d\u2019impr\u00e9paration qui prend en compte les troubles que le patient a pu subir du fait qu\u2019il n\u2019a pas pu se pr\u00e9parer \u00e0 la r\u00e9alisation des risques connus, notamment en prenant certaines dispositions personnelles. C\u2019est seulement si le d\u00e9faut d\u2019information a eu un impact psychologique sur le patient, charge \u00e0 lui de le prouver, que le pr\u00e9judice moral d\u2019impr\u00e9paration sera reconnu par les juges du Conseil d\u2019\u00c9tat.<\/span><\/p>\n<p class=\"para-TC_txt\"><span class=\"char-TC_txt-Local-82\">Pour la Cour de cassation, la notion est plus large. En effet, \u00e0 la lecture des arr\u00eats de la premi\u00e8re chambre civile du 3 juin 2010 et du 12 juin 2012, on note que, pour le juge judiciaire, le d\u00e9faut d\u2019information cause n\u00e9cessairement un pr\u00e9judice au patient, f\u00fbt-il uniquement moral, que le juge ne peut laisser sans r\u00e9paration. En d\u2019autres termes, contrairement au juge administratif, la Cour de cassation indemnise le pr\u00e9judice moral d\u2019impr\u00e9paration, quelles qu\u2019en soient les cons\u00e9quences \u00ab\u00a0psychologiques\u00a0\u00bb pour le patient.\u00a0<\/span><\/p>\n<p class=\"para-TC_txt\"><span class=\"char-TC_txt-Local-82\">Ainsi, \u00ab\u00a0<\/span><em><span class=\"char-TC_txt_ital\">le non-respect par un m\u00e9decin du devoir d\u2019information dont il est tenu envers son patient, cause \u00e0 celui auquel cette information \u00e9tait l\u00e9galement due un pr\u00e9judice qu\u2019en vertu du texte susvis\u00e9 [principes du respect de la dignit\u00e9 humaine et d\u2019int\u00e9grit\u00e9 du corps humain et l\u2019article 1382 du code civil] le juge ne peut laisser sans r\u00e9paration\u00a0<\/span><\/em><span class=\"char-TC_txt-Local-81\"><sup class=\"appel\" data-toggle=\"modal\" data-target=\"#notes\">(10)<\/sup><\/span>\u00a0<span class=\"char-TC_txt-Local-82\">\u00bb.\u00a0<\/span><\/p>\n<h2 class=\"para-TC_inter_02\"><span class=\"char-of-TC_txt-118\">Les circonstances permettant la r\u00e9paration\u00a0<\/span><\/h2>\n<p class=\"para-TC_txt\"><span class=\"char-TC_txt-Local-82\">Contrairement \u00e0 la Cour de cassation, le Conseil d\u2019\u00c9tat limite le droit \u00e0 r\u00e9paration \u00e0 la n\u00e9cessit\u00e9 que le risque se soit r\u00e9alis\u00e9. En effet, la Haute Juridiction administrative pr\u00e9cise dans son arr\u00eat du 10 octobre 2012 \u00ab<\/span>\u00a0<em><span class=\"char-TC_txt_ital\">qu\u2019ind\u00e9pendamment de la perte de chance de refuser l\u2019intervention, le manquement des m\u00e9decins \u00e0 leur obligation d\u2019informer le patient des risques courus pour l\u2019int\u00e9ress\u00e9\u00a0<\/span><\/em><span class=\"char-TC_txt-Local-82\">[donne]<\/span><em>\u00a0<span class=\"char-TC_txt_ital\">le droit d\u2019obtenir r\u00e9paration des troubles qu\u2019il a pu subir du fait qu\u2019il n\u2019a pas pu se pr\u00e9parer \u00e0 cette \u00e9ventualit\u00e9<\/span>\u00a0<\/em><span class=\"char-TC_txt-Local-82\">[seulement si]\u00a0<\/span><em><span class=\"char-TC_txt_ital\">ces risques se r\u00e9alisent<\/span><\/em>\u00a0<span class=\"char-TC_txt-Local-82\">\u00bb.\u00a0<\/span><em><span class=\"char-TC_txt_ital\">A contrario<\/span><\/em><span class=\"char-TC_txt-Local-82\">, la Haute Juridiction judiciaire ne contraint pas l\u2019indemnisation dudit pr\u00e9judice \u00e0 la r\u00e9alisation effective des risques.<\/span><\/p>\n<p class=\"para-TC_txt\"><span class=\"char-TC_txt-Local-82\">Du fait de ces divergences, la port\u00e9e de l\u2019obligation d\u2019information n\u2019est pas la m\u00eame devant le juge judiciaire que devant le juge administratif. Effectivement, les juges de la Cour de cassation renforcent la port\u00e9e de l\u2019obligation d\u2019information du m\u00e9decin envers son patient. D\u2019autant plus que ces derniers rendent leurs solutions au visa des principes fondamentaux de la dignit\u00e9 humaine et de l\u2019int\u00e9grit\u00e9 de la personne. <\/span><span class=\"char-TC_txt-Local-82\">En d\u00e9finitive, le Conseil d\u2019\u00c9tat progresse dans l\u2019application du droit des patients \u00e0 l\u2019information, consacr\u00e9 par l\u2019article L.1111-2 du code de la sant\u00e9 publique. Mais la port\u00e9 de ce droit demeure plus r\u00e9duite que celle du droit priv\u00e9.<\/span><\/p>\n<p class=\"para-TC_txt\"><span class=\"char-TC_txt-Local-82\">Enfin, si la reconnaissance d\u2019un pr\u00e9judice moral d\u2019impr\u00e9paration est une avanc\u00e9e consid\u00e9rable pour les droits des patients, l\u2019indemnit\u00e9 pour perte de chance reste plus importante que celle r\u00e9parant le pr\u00e9judice moral d\u2019impr\u00e9paration. En effet, pour \u00e9valuer le pr\u00e9judice de la perte de chance, on mesure les chances de refus de l\u2019acte m\u00e9dical en cas d\u2019information. Ensuite, on applique le pourcentage obtenu au pr\u00e9judice du dommage corporel. Cependant, l\u2019indemnisation du pr\u00e9judice moral d\u2019impr\u00e9paration est int\u00e9ressante \u00e0 d\u00e9faut d\u2019identification par le juge d\u2019un pr\u00e9judice de perte de chance.<\/span><\/p>\n<script>function PlayerjsAsync(){} if(window[\"Playerjs\"]){PlayerjsAsync();}<\/script>","protected":false},"excerpt":{"rendered":"<p><span class=\"span-reading-time rt-reading-time\" style=\"display: block;\"><span class=\"rt-label rt-prefix\">Temps de lecture\u00a0: <\/span> <span class=\"rt-time\"> 6<\/span> <span class=\"rt-label rt-postfix\">minutes<\/span><\/span>\ufeffe rapprochement entre les juridictions administratives et judiciaires se concr\u00e9tise en mati\u00e8re de responsabilit\u00e9 m\u00e9dicale. En effet, le Conseil d\u2019\u00c9tat reconna\u00eet pour la premi\u00e8re fois, dans un arr\u00eat du 10 octobre 2012\u2008(1), \u00ab le pr\u00e9judice d\u2019impr\u00e9paration \u00bb, ind\u00e9pendamment de la perte de chance, qui d\u00e9coule \u00e9galement d\u2019un manquement \u00e0 l\u2019obligation d\u2019information du m\u00e9decin sur les risques d\u2019un acte m\u00e9dical et qui est indemnis\u00e9 depuis 2010 (2) par la Cour de cassation.<\/p>\n","protected":false},"author":1202,"featured_media":0,"comment_status":"open","ping_status":"open","sticky":false,"template":"","format":"standard","meta":{"_acf_changed":false,"_relevanssi_hide_post":"","_relevanssi_hide_content":"","_relevanssi_pin_for_all":"","_relevanssi_pin_keywords":"","_relevanssi_unpin_keywords":"","_relevanssi_related_keywords":"","_relevanssi_related_include_ids":"","_relevanssi_related_exclude_ids":"","_relevanssi_related_no_append":"","_relevanssi_related_not_related":"","_relevanssi_related_posts":"","_relevanssi_noindex_reason":"","footnotes":""},"categories":[2,70],"tags":[4954,4952,4955,4953,4951,4950],"class_list":["post-15451","post","type-post","status-publish","format-standard","hentry","category-gestions-hospitalieres","category-jurisante","tag-faute-medicale","tag-indemnisation","tag-obligation-dinformation","tag-perte-de-chance","tag-prejudice-dimpreparation","tag-responsabilite-medicale"],"acf":[],"yoast_head":"<!-- This site is optimized with the Yoast SEO plugin v24.8.1 - https:\/\/yoast.com\/wordpress\/plugins\/seo\/ -->\n<title>Vers l\u2019indemnisation du \u00ab pr\u00e9judice d\u2019impr\u00e9paration \u00bb pour tous ? - Gestions hospitali\u00e8res<\/title>\n<meta name=\"robots\" content=\"index, follow, max-snippet:-1, max-image-preview:large, max-video-preview:-1\" \/>\n<link rel=\"canonical\" href=\"https:\/\/www.ricom-web8.com\/gestions\/vers-lindemnisation-du-prejudice-dimpreparation-pour-tous\/\" \/>\n<meta property=\"og:locale\" content=\"fr_FR\" \/>\n<meta property=\"og:type\" content=\"article\" \/>\n<meta property=\"og:title\" content=\"Vers l\u2019indemnisation du \u00ab pr\u00e9judice d\u2019impr\u00e9paration \u00bb pour tous ? - Gestions hospitali\u00e8res\" \/>\n<meta property=\"og:description\" content=\"Temps de lecture\u00a0:  6 minutes\ufeffe rapprochement entre les juridictions administratives et judiciaires se concr\u00e9tise en mati\u00e8re de responsabilit\u00e9 m\u00e9dicale. En effet, le Conseil d\u2019\u00c9tat reconna\u00eet pour la premi\u00e8re fois, dans un arr\u00eat du 10 octobre 2012\u2008(1), \u00ab le pr\u00e9judice d\u2019impr\u00e9paration \u00bb, ind\u00e9pendamment de la perte de chance, qui d\u00e9coule \u00e9galement d\u2019un manquement \u00e0 l\u2019obligation d\u2019information du m\u00e9decin sur les risques d\u2019un acte m\u00e9dical et qui est indemnis\u00e9 depuis 2010 (2) par la Cour de cassation.\" \/>\n<meta property=\"og:url\" content=\"https:\/\/www.ricom-web8.com\/gestions\/vers-lindemnisation-du-prejudice-dimpreparation-pour-tous\/\" \/>\n<meta property=\"og:site_name\" content=\"Gestions hospitali\u00e8res\" \/>\n<meta property=\"article:publisher\" content=\"https:\/\/www.facebook.com\/gestionshospitalieres\/\" \/>\n<meta property=\"article:published_time\" content=\"2012-11-30T23:00:00+00:00\" \/>\n<meta property=\"article:modified_time\" content=\"2018-03-08T10:25:30+00:00\" \/>\n<meta name=\"author\" content=\"yann Le Sager\" \/>\n<meta name=\"twitter:card\" content=\"summary_large_image\" \/>\n<meta name=\"twitter:creator\" content=\"@revue_GH\" \/>\n<meta name=\"twitter:site\" content=\"@revue_GH\" \/>\n<meta name=\"twitter:label1\" content=\"\u00c9crit par\" \/>\n\t<meta name=\"twitter:data1\" content=\"yann Le Sager\" \/>\n\t<meta name=\"twitter:label2\" content=\"Dur\u00e9e de lecture estim\u00e9e\" \/>\n\t<meta name=\"twitter:data2\" content=\"10 minutes\" \/>\n<script type=\"application\/ld+json\" class=\"yoast-schema-graph\">{\"@context\":\"https:\/\/schema.org\",\"@graph\":[{\"@type\":\"Article\",\"@id\":\"https:\/\/www.ricom-web8.com\/gestions\/vers-lindemnisation-du-prejudice-dimpreparation-pour-tous\/#article\",\"isPartOf\":{\"@id\":\"https:\/\/www.ricom-web8.com\/gestions\/vers-lindemnisation-du-prejudice-dimpreparation-pour-tous\/\"},\"author\":{\"name\":\"yann Le Sager\",\"@id\":\"https:\/\/www.ricom-web8.com\/gestions\/#\/schema\/person\/810c9671279c5f5a094f6f0a42237516\"},\"headline\":\"Vers l\u2019indemnisation du \u00ab pr\u00e9judice d\u2019impr\u00e9paration \u00bb pour tous ?\",\"datePublished\":\"2012-11-30T23:00:00+00:00\",\"dateModified\":\"2018-03-08T10:25:30+00:00\",\"mainEntityOfPage\":{\"@id\":\"https:\/\/www.ricom-web8.com\/gestions\/vers-lindemnisation-du-prejudice-dimpreparation-pour-tous\/\"},\"wordCount\":2041,\"commentCount\":0,\"publisher\":{\"@id\":\"https:\/\/www.ricom-web8.com\/gestions\/#organization\"},\"keywords\":[\"faute m\u00e9dicale\",\"indemnisation\",\"obligation d\u2019information\",\"perte de chance\",\"pr\u00e9judice d\u2019impr\u00e9paration\",\"responsabilit\u00e9 m\u00e9dicale\"],\"articleSection\":[\"Gestions Hospitali\u00e8res\",\"JuriSant\u00e9\"],\"inLanguage\":\"fr-FR\",\"potentialAction\":[{\"@type\":\"CommentAction\",\"name\":\"Comment\",\"target\":[\"https:\/\/www.ricom-web8.com\/gestions\/vers-lindemnisation-du-prejudice-dimpreparation-pour-tous\/#respond\"]}]},{\"@type\":\"WebPage\",\"@id\":\"https:\/\/www.ricom-web8.com\/gestions\/vers-lindemnisation-du-prejudice-dimpreparation-pour-tous\/\",\"url\":\"https:\/\/www.ricom-web8.com\/gestions\/vers-lindemnisation-du-prejudice-dimpreparation-pour-tous\/\",\"name\":\"Vers l\u2019indemnisation du \u00ab pr\u00e9judice d\u2019impr\u00e9paration \u00bb pour tous ? - Gestions hospitali\u00e8res\",\"isPartOf\":{\"@id\":\"https:\/\/www.ricom-web8.com\/gestions\/#website\"},\"datePublished\":\"2012-11-30T23:00:00+00:00\",\"dateModified\":\"2018-03-08T10:25:30+00:00\",\"breadcrumb\":{\"@id\":\"https:\/\/www.ricom-web8.com\/gestions\/vers-lindemnisation-du-prejudice-dimpreparation-pour-tous\/#breadcrumb\"},\"inLanguage\":\"fr-FR\",\"potentialAction\":[{\"@type\":\"ReadAction\",\"target\":[\"https:\/\/www.ricom-web8.com\/gestions\/vers-lindemnisation-du-prejudice-dimpreparation-pour-tous\/\"]}]},{\"@type\":\"BreadcrumbList\",\"@id\":\"https:\/\/www.ricom-web8.com\/gestions\/vers-lindemnisation-du-prejudice-dimpreparation-pour-tous\/#breadcrumb\",\"itemListElement\":[{\"@type\":\"ListItem\",\"position\":1,\"name\":\"Accueil\",\"item\":\"https:\/\/www.ricom-web8.com\/gestions\/\"},{\"@type\":\"ListItem\",\"position\":2,\"name\":\"Vers l\u2019indemnisation du \u00ab pr\u00e9judice d\u2019impr\u00e9paration \u00bb pour tous ?\"}]},{\"@type\":\"WebSite\",\"@id\":\"https:\/\/www.ricom-web8.com\/gestions\/#website\",\"url\":\"https:\/\/www.ricom-web8.com\/gestions\/\",\"name\":\"Gestions hospitali\u00e8res\",\"description\":\"la revue des d\u00e9cideurs hospitaliers\",\"publisher\":{\"@id\":\"https:\/\/www.ricom-web8.com\/gestions\/#organization\"},\"potentialAction\":[{\"@type\":\"SearchAction\",\"target\":{\"@type\":\"EntryPoint\",\"urlTemplate\":\"https:\/\/www.ricom-web8.com\/gestions\/?s={search_term_string}\"},\"query-input\":{\"@type\":\"PropertyValueSpecification\",\"valueRequired\":true,\"valueName\":\"search_term_string\"}}],\"inLanguage\":\"fr-FR\"},{\"@type\":\"Organization\",\"@id\":\"https:\/\/www.ricom-web8.com\/gestions\/#organization\",\"name\":\"Gestions hospitali\u00e8res\",\"url\":\"https:\/\/www.ricom-web8.com\/gestions\/\",\"logo\":{\"@type\":\"ImageObject\",\"inLanguage\":\"fr-FR\",\"@id\":\"https:\/\/www.ricom-web8.com\/gestions\/#\/schema\/logo\/image\/\",\"url\":\"https:\/\/gestions-hospitalieres.fr\/wp-content\/uploads\/2017\/02\/picto_Gif-GH-trans.png\",\"contentUrl\":\"https:\/\/gestions-hospitalieres.fr\/wp-content\/uploads\/2017\/02\/picto_Gif-GH-trans.png\",\"width\":512,\"height\":512,\"caption\":\"Gestions hospitali\u00e8res\"},\"image\":{\"@id\":\"https:\/\/www.ricom-web8.com\/gestions\/#\/schema\/logo\/image\/\"},\"sameAs\":[\"https:\/\/www.facebook.com\/gestionshospitalieres\/\",\"https:\/\/x.com\/revue_GH\",\"https:\/\/www.linkedin.com\/company\/gestions-hospitalieres?trk=top_nav_home\"]},{\"@type\":\"Person\",\"@id\":\"https:\/\/www.ricom-web8.com\/gestions\/#\/schema\/person\/810c9671279c5f5a094f6f0a42237516\",\"name\":\"yann Le Sager\",\"image\":{\"@type\":\"ImageObject\",\"inLanguage\":\"fr-FR\",\"@id\":\"https:\/\/www.ricom-web8.com\/gestions\/#\/schema\/person\/image\/\",\"url\":\"https:\/\/secure.gravatar.com\/avatar\/36112fa5997be9e3b9acb0c60a4a1075?s=96&d=mm&r=g\",\"contentUrl\":\"https:\/\/secure.gravatar.com\/avatar\/36112fa5997be9e3b9acb0c60a4a1075?s=96&d=mm&r=g\",\"caption\":\"yann Le Sager\"},\"url\":\"https:\/\/www.ricom-web8.com\/gestions\/author\/lesager-yannstudioricom-com\/\"}]}<\/script>\n<!-- \/ Yoast SEO plugin. -->","yoast_head_json":{"title":"Vers l\u2019indemnisation du \u00ab pr\u00e9judice d\u2019impr\u00e9paration \u00bb pour tous ? - Gestions hospitali\u00e8res","robots":{"index":"index","follow":"follow","max-snippet":"max-snippet:-1","max-image-preview":"max-image-preview:large","max-video-preview":"max-video-preview:-1"},"canonical":"https:\/\/www.ricom-web8.com\/gestions\/vers-lindemnisation-du-prejudice-dimpreparation-pour-tous\/","og_locale":"fr_FR","og_type":"article","og_title":"Vers l\u2019indemnisation du \u00ab pr\u00e9judice d\u2019impr\u00e9paration \u00bb pour tous ? - Gestions hospitali\u00e8res","og_description":"Temps de lecture\u00a0:  6 minutes\ufeffe rapprochement entre les juridictions administratives et judiciaires se concr\u00e9tise en mati\u00e8re de responsabilit\u00e9 m\u00e9dicale. En effet, le Conseil d\u2019\u00c9tat reconna\u00eet pour la premi\u00e8re fois, dans un arr\u00eat du 10 octobre 2012\u2008(1), \u00ab le pr\u00e9judice d\u2019impr\u00e9paration \u00bb, ind\u00e9pendamment de la perte de chance, qui d\u00e9coule \u00e9galement d\u2019un manquement \u00e0 l\u2019obligation d\u2019information du m\u00e9decin sur les risques d\u2019un acte m\u00e9dical et qui est indemnis\u00e9 depuis 2010 (2) par la Cour de cassation.","og_url":"https:\/\/www.ricom-web8.com\/gestions\/vers-lindemnisation-du-prejudice-dimpreparation-pour-tous\/","og_site_name":"Gestions hospitali\u00e8res","article_publisher":"https:\/\/www.facebook.com\/gestionshospitalieres\/","article_published_time":"2012-11-30T23:00:00+00:00","article_modified_time":"2018-03-08T10:25:30+00:00","author":"yann Le Sager","twitter_card":"summary_large_image","twitter_creator":"@revue_GH","twitter_site":"@revue_GH","twitter_misc":{"\u00c9crit par":"yann Le Sager","Dur\u00e9e de lecture estim\u00e9e":"10 minutes"},"schema":{"@context":"https:\/\/schema.org","@graph":[{"@type":"Article","@id":"https:\/\/www.ricom-web8.com\/gestions\/vers-lindemnisation-du-prejudice-dimpreparation-pour-tous\/#article","isPartOf":{"@id":"https:\/\/www.ricom-web8.com\/gestions\/vers-lindemnisation-du-prejudice-dimpreparation-pour-tous\/"},"author":{"name":"yann Le Sager","@id":"https:\/\/www.ricom-web8.com\/gestions\/#\/schema\/person\/810c9671279c5f5a094f6f0a42237516"},"headline":"Vers l\u2019indemnisation du \u00ab pr\u00e9judice d\u2019impr\u00e9paration \u00bb pour tous ?","datePublished":"2012-11-30T23:00:00+00:00","dateModified":"2018-03-08T10:25:30+00:00","mainEntityOfPage":{"@id":"https:\/\/www.ricom-web8.com\/gestions\/vers-lindemnisation-du-prejudice-dimpreparation-pour-tous\/"},"wordCount":2041,"commentCount":0,"publisher":{"@id":"https:\/\/www.ricom-web8.com\/gestions\/#organization"},"keywords":["faute m\u00e9dicale","indemnisation","obligation d\u2019information","perte de chance","pr\u00e9judice d\u2019impr\u00e9paration","responsabilit\u00e9 m\u00e9dicale"],"articleSection":["Gestions Hospitali\u00e8res","JuriSant\u00e9"],"inLanguage":"fr-FR","potentialAction":[{"@type":"CommentAction","name":"Comment","target":["https:\/\/www.ricom-web8.com\/gestions\/vers-lindemnisation-du-prejudice-dimpreparation-pour-tous\/#respond"]}]},{"@type":"WebPage","@id":"https:\/\/www.ricom-web8.com\/gestions\/vers-lindemnisation-du-prejudice-dimpreparation-pour-tous\/","url":"https:\/\/www.ricom-web8.com\/gestions\/vers-lindemnisation-du-prejudice-dimpreparation-pour-tous\/","name":"Vers l\u2019indemnisation du \u00ab pr\u00e9judice d\u2019impr\u00e9paration \u00bb pour tous ? - Gestions hospitali\u00e8res","isPartOf":{"@id":"https:\/\/www.ricom-web8.com\/gestions\/#website"},"datePublished":"2012-11-30T23:00:00+00:00","dateModified":"2018-03-08T10:25:30+00:00","breadcrumb":{"@id":"https:\/\/www.ricom-web8.com\/gestions\/vers-lindemnisation-du-prejudice-dimpreparation-pour-tous\/#breadcrumb"},"inLanguage":"fr-FR","potentialAction":[{"@type":"ReadAction","target":["https:\/\/www.ricom-web8.com\/gestions\/vers-lindemnisation-du-prejudice-dimpreparation-pour-tous\/"]}]},{"@type":"BreadcrumbList","@id":"https:\/\/www.ricom-web8.com\/gestions\/vers-lindemnisation-du-prejudice-dimpreparation-pour-tous\/#breadcrumb","itemListElement":[{"@type":"ListItem","position":1,"name":"Accueil","item":"https:\/\/www.ricom-web8.com\/gestions\/"},{"@type":"ListItem","position":2,"name":"Vers l\u2019indemnisation du \u00ab pr\u00e9judice d\u2019impr\u00e9paration \u00bb pour tous ?"}]},{"@type":"WebSite","@id":"https:\/\/www.ricom-web8.com\/gestions\/#website","url":"https:\/\/www.ricom-web8.com\/gestions\/","name":"Gestions hospitali\u00e8res","description":"la revue des d\u00e9cideurs hospitaliers","publisher":{"@id":"https:\/\/www.ricom-web8.com\/gestions\/#organization"},"potentialAction":[{"@type":"SearchAction","target":{"@type":"EntryPoint","urlTemplate":"https:\/\/www.ricom-web8.com\/gestions\/?s={search_term_string}"},"query-input":{"@type":"PropertyValueSpecification","valueRequired":true,"valueName":"search_term_string"}}],"inLanguage":"fr-FR"},{"@type":"Organization","@id":"https:\/\/www.ricom-web8.com\/gestions\/#organization","name":"Gestions hospitali\u00e8res","url":"https:\/\/www.ricom-web8.com\/gestions\/","logo":{"@type":"ImageObject","inLanguage":"fr-FR","@id":"https:\/\/www.ricom-web8.com\/gestions\/#\/schema\/logo\/image\/","url":"https:\/\/gestions-hospitalieres.fr\/wp-content\/uploads\/2017\/02\/picto_Gif-GH-trans.png","contentUrl":"https:\/\/gestions-hospitalieres.fr\/wp-content\/uploads\/2017\/02\/picto_Gif-GH-trans.png","width":512,"height":512,"caption":"Gestions hospitali\u00e8res"},"image":{"@id":"https:\/\/www.ricom-web8.com\/gestions\/#\/schema\/logo\/image\/"},"sameAs":["https:\/\/www.facebook.com\/gestionshospitalieres\/","https:\/\/x.com\/revue_GH","https:\/\/www.linkedin.com\/company\/gestions-hospitalieres?trk=top_nav_home"]},{"@type":"Person","@id":"https:\/\/www.ricom-web8.com\/gestions\/#\/schema\/person\/810c9671279c5f5a094f6f0a42237516","name":"yann Le Sager","image":{"@type":"ImageObject","inLanguage":"fr-FR","@id":"https:\/\/www.ricom-web8.com\/gestions\/#\/schema\/person\/image\/","url":"https:\/\/secure.gravatar.com\/avatar\/36112fa5997be9e3b9acb0c60a4a1075?s=96&d=mm&r=g","contentUrl":"https:\/\/secure.gravatar.com\/avatar\/36112fa5997be9e3b9acb0c60a4a1075?s=96&d=mm&r=g","caption":"yann Le Sager"},"url":"https:\/\/www.ricom-web8.com\/gestions\/author\/lesager-yannstudioricom-com\/"}]}},"_links":{"self":[{"href":"https:\/\/www.ricom-web8.com\/gestions\/wp-json\/wp\/v2\/posts\/15451","targetHints":{"allow":["GET"]}}],"collection":[{"href":"https:\/\/www.ricom-web8.com\/gestions\/wp-json\/wp\/v2\/posts"}],"about":[{"href":"https:\/\/www.ricom-web8.com\/gestions\/wp-json\/wp\/v2\/types\/post"}],"author":[{"embeddable":true,"href":"https:\/\/www.ricom-web8.com\/gestions\/wp-json\/wp\/v2\/users\/1202"}],"replies":[{"embeddable":true,"href":"https:\/\/www.ricom-web8.com\/gestions\/wp-json\/wp\/v2\/comments?post=15451"}],"version-history":[{"count":0,"href":"https:\/\/www.ricom-web8.com\/gestions\/wp-json\/wp\/v2\/posts\/15451\/revisions"}],"wp:attachment":[{"href":"https:\/\/www.ricom-web8.com\/gestions\/wp-json\/wp\/v2\/media?parent=15451"}],"wp:term":[{"taxonomy":"category","embeddable":true,"href":"https:\/\/www.ricom-web8.com\/gestions\/wp-json\/wp\/v2\/categories?post=15451"},{"taxonomy":"post_tag","embeddable":true,"href":"https:\/\/www.ricom-web8.com\/gestions\/wp-json\/wp\/v2\/tags?post=15451"}],"curies":[{"name":"wp","href":"https:\/\/api.w.org\/{rel}","templated":true}]}}