

{"id":15454,"date":"2013-01-01T00:00:00","date_gmt":"2012-12-31T23:00:00","guid":{"rendered":"http:\/\/ricom-web.com\/gestions-hospitalieres\/la-mediation-dans-le-monde-de-la-sante\/"},"modified":"2018-03-08T11:20:31","modified_gmt":"2018-03-08T10:20:31","slug":"la-mediation-dans-le-monde-de-la-sante","status":"publish","type":"post","link":"https:\/\/www.ricom-web8.com\/gestions\/la-mediation-dans-le-monde-de-la-sante\/","title":{"rendered":"La m\u00e9diation dans le domaine de la sant\u00e9"},"content":{"rendered":"<span class=\"span-reading-time rt-reading-time\" style=\"display: block;\"><span class=\"rt-label rt-prefix\">Temps de lecture\u00a0: <\/span> <span class=\"rt-time\"> 8<\/span> <span class=\"rt-label rt-postfix\">minutes<\/span><\/span><p class=\"para-TC_txt\"><span class=\"char-TC_txt-Local-33\">Les \u00e9crits des pionniers, relay\u00e9s par des textes tant nationaux qu\u2019europ\u00e9ens, ont pourtant concouru \u00e0 l\u2019\u00e9laboration de crit\u00e8res fiables permettant de distinguer la m\u00e9diation de la conciliation, de la n\u00e9gociation, de la transaction ou encore de l\u2019arbitrage. De mani\u00e8re synth\u00e9tique, l\u2019Union europ\u00e9enne h\u00e9site entre deux d\u00e9finitions\u00a0: celle adopt\u00e9e \u00e0 l\u2019issue du s\u00e9minaire de Cr\u00e9teil, le 22 septembre 2000\u00a0<\/span><span class=\"char-TC_txt-Local-14\"><sup class=\"appel\" data-toggle=\"modal\" data-target=\"#notes\">(1)<\/sup><\/span><span class=\"char-TC_txt-Local-33\">, et celle sugg\u00e9r\u00e9e dans la directive du 21 mai 2008<\/span>\u00a0<span class=\"char-TC_txt-Local-14\"><sup class=\"appel\" data-toggle=\"modal\" data-target=\"#notes\">(2)<\/sup><\/span><span class=\"char-TC_txt-Local-33\">. La premi\u00e8re prend en compte quatre fonctions\u00a0: la cr\u00e9ation de lien social, la r\u00e9paration du lien social, la pr\u00e9vention des conflits et le r\u00e8glement des conflits. La seconde se limite \u00e0 cette derni\u00e8re fonction. Toutes deux garantissent n\u00e9anmoins un seuil d\u2019intelligibilit\u00e9 conceptuelle au-dessous duquel le terme \u00ab\u00a0m\u00e9diation\u00a0\u00bb ne veut rien dire. En outre, elles identifient un processus qui repose sur la libert\u00e9 des participants et sur l\u2019action d\u2019un m\u00e9diateur tiers impartial et ind\u00e9pendant.\u00a0<\/span><\/p>\n<h1 class=\"para-TC_inter_01\"><span class=\"char-of-TC_txt-133\">D\u00e9finition\u00a0<\/span><\/h1>\n<h2 class=\"para-TC_inter_02apr\u00e8s01\"><span class=\"char-of-TC_inter_01-228\">Sp\u00e9cificit\u00e9s\u00a0<\/span><\/h2>\n<p class=\"para-TC_txt\"><span class=\"char-TC_txt-Local-33\">Les sources fran\u00e7aises sont all\u00e9es plus loin dans la mise en lumi\u00e8re de la sp\u00e9cificit\u00e9 de la m\u00e9diation. Dans son rapport n\u00b0\u00a03696<\/span>\u00a0<span class=\"char-TC_txt-Local-14\"><sup class=\"appel\" data-toggle=\"modal\" data-target=\"#notes\">(3)<\/sup><\/span><span class=\"char-TC_txt-Local-33\">, la d\u00e9l\u00e9gation de l\u2019Assembl\u00e9e nationale pour l\u2019Union europ\u00e9enne d\u00e9plore ainsi que les lois entretiennent des incertitudes terminologiques en ne distinguant pas la m\u00e9diation de la conciliation. Elle pr\u00e9conise de retenir la d\u00e9finition ayant inspir\u00e9 celle du s\u00e9minaire de Cr\u00e9teil et du Conseil national consultatif de la m\u00e9diation familiale (CNCMF)\u00a0: \u00ab<\/span>\u00a0<em><span class=\"char-TC_txt_ital-Local-182\">La m\u00e9diation est un processus de communication \u00e9thique reposant sur l\u2019autonomie et la responsabilit\u00e9 des participants, dans lequel un tiers, impartial, ind\u00e9pendant, sans pouvoir, favorise par des entretiens confidentiels la cr\u00e9ation, la recr\u00e9ation du lien social, la pr\u00e9vention ou le r\u00e8glement de la situation en cause\u00a0<\/span><\/em><span class=\"char-TC_txt_ital-Local-182\"><span class=\"char-TC_txt-Local-14\"><sup class=\"appel\" data-toggle=\"modal\" data-target=\"#notes\">(4)<\/sup><\/span><\/span><em><span class=\"char-TC_txt_ital-Local-182\">.<\/span><\/em> <span class=\"char-TC_txt-Local-33\">\u00bb\u00a0Le code national de d\u00e9ontologie des m\u00e9diateurs commence d\u2019ailleurs par une d\u00e9finition qui s\u2019inscrit dans cette filiation.\u00a0<\/span><\/p>\n<p class=\"para-TC_txt\"><span class=\"char-TC_txt-Local-33\">La communication entre les participants n\u00e9cessite un climat de confiance que le m\u00e9diateur garantit, non seulement gr\u00e2ce \u00e0 la confidentialit\u00e9 des \u00e9changes, mais aussi par sa posture\u00a0; celle-ci fait de lui le deuxi\u00e8me crit\u00e8re de la m\u00e9diation. Le m\u00e9diateur doit garantir qu\u2019il est \u00ab\u00a0tiers\u00a0\u00bb, c\u2019est-\u00e0-dire ext\u00e9rieur aux partenaires de la m\u00e9diation, et impartial. Son absence de pouvoirs, tant d\u00e9cisionnels que consultatifs, directs ou induits, nourrit la puissance du processus de mise en capacit\u00e9 des participants.\u00a0<\/span><\/p>\n<p class=\"para-TC_txt\"><span class=\"char-TC_txt-Local-33\">Le processus, proche de la ma\u00efeutique, repose sur la responsabilit\u00e9 et la libert\u00e9 de chacun, \u00e0 la diff\u00e9rence de la conciliation qui peut \u00eatre obligatoire. Pour qu\u2019il y ait conciliation, un accord amiable suffit, peu importe qu\u2019il intervienne directement entre les personnes en conflit ou gr\u00e2ce \u00e0 l\u2019aide d\u2019une troisi\u00e8me personne. Celle-ci n\u2019entre donc pas dans la d\u00e9finition de la conciliation. En outre, elle peut repr\u00e9senter l\u2019une des parties ou appartenir \u00e0 la m\u00eame structure.\u00a0<\/span><\/p>\n<h2 class=\"para-TC_inter_02\"><span class=\"char-of-TC_inter_01-228\">D\u00e9faillances terminologiques\u00a0<\/span><\/h2>\n<p class=\"para-TC_txt\"><span class=\"char-TC_txt-Local-33\">Si le domaine de la sant\u00e9 a donn\u00e9 lieu \u00e0 de multiples contrefa\u00e7ons terminologiques, nous pouvons esp\u00e9rer que le dixi\u00e8me anniversaire de la loi n\u00b0\u00a02002-303 du 4 mars 2002 fournira l\u2019occasion de r\u00e9visions indispensables. Car une d\u00e9faillance terminologique ne constitue pas autre chose qu\u2019une d\u00e9faillance juridique de nature \u00e0 ob\u00e9rer le bilan et l\u2019avenir de la m\u00e9diation. Or l\u2019observation de pratiques citoyennes montre que le secteur de la sant\u00e9 a besoin de tout le potentiel de communication \u00e9thique que porte la m\u00e9diation, au c\u0153ur de la d\u00e9mocratie sanitaire.\u00a0<\/span><\/p>\n<p class=\"para-TC_txt\"><span class=\"char-TC_txt-Local-33\">L\u2019analyse de la loi du 4 mars 2002 et de ses r\u00e8glements d\u2019application r\u00e9v\u00e8le la regrettable d\u00e9faillance des textes qui ont par\u00e9 le conciliateur des atours du m\u00e9diateur<\/span>\u00a0<span class=\"char-TC_txt-Local-14\"><sup class=\"appel\" data-toggle=\"modal\" data-target=\"#notes\">(5)<\/sup><\/span><span class=\"char-TC_txt-Local-33\">. \u00c0 deux reprises, le terme \u00ab\u00a0m\u00e9diation\u00a0\u00bb est utilis\u00e9 \u00e0 la place de \u00ab\u00a0conciliation\u00a0\u00bb. En premier lieu, l\u2019article L.1142-5 du code de la sant\u00e9 publique (CSP) permet aux commissions r\u00e9gionales de conciliation et d\u2019indemnisation des accidents m\u00e9dicaux, des affections iatrog\u00e8nes et des infections nosocomiales (CRCI) de d\u00e9l\u00e9guer une comp\u00e9tence de conciliation \u00e0 des m\u00e9diateurs\u00a0:\u00a0\u00ab<\/span>\u00a0<em><span class=\"char-TC_txt_ital-Local-182\">Dans le cadre de sa mission de conciliation, la commission peut d\u00e9l\u00e9guer tout ou partie de ses comp\u00e9tences \u00e0 un ou plusieurs m\u00e9diateurs ind\u00e9pendants qui, dans la limite des comp\u00e9tences d\u00e9volues, disposent des m\u00eames pr\u00e9rogatives et sont soumis aux m\u00eames obligations que les membres de la commission.<\/span><\/em>\u00a0<span class=\"char-TC_txt-Local-33\">\u00bb Rappelons que les CRCI, cr\u00e9\u00e9es par le d\u00e9cret n\u00b02002-886 du 3 mai 2002\u2008<\/span><span class=\"char-TC_txt-Local-14\"><sup class=\"appel\" data-toggle=\"modal\" data-target=\"#notes\">(6)<\/sup><\/span><span class=\"char-TC_txt-Local-33\">, ont pour mission d\u2019organiser des conciliations destin\u00e9es \u00e0 r\u00e9soudre les conflits entre les usagers et les professionnels de sant\u00e9.\u00a0<\/span><\/p>\n<p class=\"para-TC_txt\"><span class=\"char-TC_txt-Local-33\">L\u2019article L.\u00a01142-5 du CSP comporte une double faille. D\u2019une part une incoh\u00e9rence, puisque l\u2019on ne peut d\u00e9l\u00e9guer qu\u2019une mission que l\u2019on d\u00e9tient; ici la conciliation. D\u2019autre part un appauvrissement, car le m\u00e9diateur en est r\u00e9duit \u00e0 \u00eatre un simple d\u00e9l\u00e9gataire du conciliateur. Ces \u00ab\u00a0m\u00e9diateurs\u00a0\u00bb n\u2019appliquent pas de processus de communication \u00e9thique entre les parties, mais r\u00e8glent la r\u00e9clamation sous le m\u00eame r\u00e9gime juridique que celui de la conciliation (art.R.1142-23 CSP). De plus, la n\u00e9cessit\u00e9 de tenir compte du poids particulier de la compagnie d\u2019assurances de l\u2019\u00e9tablissement de soins en cas d\u2019accident m\u00e9dical cantonne les m\u00e9diateurs \u00e0 un r\u00f4le de n\u00e9gociateurs.\u00a0<\/span><\/p>\n<p class=\"para-TC_txt\"><span class=\"char-TC_txt-Local-33\">En second lieu, le d\u00e9cret n\u00b0\u00a02005-213 du 2 mars 2005, relatif \u00e0 la commission des relations avec les usagers et de la qualit\u00e9 de la prise en charge (CruqPC), inclut deux m\u00e9diateurs d\u00e9sign\u00e9s par le responsable l\u00e9gal de l\u2019\u00e9tablissement (art. R.1112-81 CSP). Le m\u00e9diateur m\u00e9decin est comp\u00e9tent pour les plaintes ou les r\u00e9clamations mettant en cause exclusivement l\u2019organisation des soins et le fonctionnement m\u00e9dical du service, tandis que le m\u00e9diateur non m\u00e9decin est comp\u00e9tent pour les autres plaintes ou r\u00e9clamation (art. R.1112-82 CSP). Tous deux sont saisis lorsqu\u2019une plainte ou r\u00e9clamation porte sur tous ces aspects.\u00a0<\/span><\/p>\n<blockquote>\n<p class=\"para-TC_txt\">La m\u00e9diation est un concept rigoureux, mais qui souffre du flou terminologique des textes juridiques qui pensent la consacrer.<\/p>\n<\/blockquote>\n<p class=\"para-TC_txt\"><span class=\"char-TC_txt-Local-33\">Alors que le m\u00e9diateur est, par d\u00e9finition, un \u00ab\u00a0tiers ext\u00e9rieur\u00a0\u00bb, les deux cat\u00e9gories susnomm\u00e9es font partie des personnels de sant\u00e9. Pour \u00e9chapper au reproche du \u00ab\u00a0m\u00e9diateur maison\u00a0\u00bb, certains \u00e9tablissements les choisissent parmi leurs homologues d\u2019autres structures.\u2008N\u00e9anmoins, la \u00ab\u00a0consanguinit\u00e9\u00a0\u00bb socioprofessionnelle demeure. Pour pallier l\u2019incons\u00e9quence juridique de cette \u00ab\u00a0consanguinit\u00e9\u00a0\u00bb, l\u2019article R.1112-87 du CSP pr\u00e9voit le cas o\u00f9 le m\u00e9diateur et son suppl\u00e9ant sont tous deux vis\u00e9s par une plainte ou une r\u00e9clamation. Leur mission est alors \u00ab<\/span>\u00a0<em><span class=\"char-TC_txt_ital-Local-182\">assur\u00e9e par un agent d\u00e9sign\u00e9 par le repr\u00e9sentant l\u00e9gal de l\u2019\u00e9tablissement, lorsqu\u2019il s\u2019agit du m\u00e9diateur non m\u00e9decin, et par un praticien d\u00e9sign\u00e9 par le pr\u00e9sident de la commission m\u00e9dicale d\u2019\u00e9tablissement, du comit\u00e9 consultatif m\u00e9dical, de la commission m\u00e9dicale ou de la conf\u00e9rence m\u00e9dicale, lorsqu\u2019il s\u2019agit du m\u00e9diateur m\u00e9decin<\/span><\/em>\u00a0<span class=\"char-TC_txt-Local-33\">\u00bb.\u00a0<\/span><\/p>\n<p class=\"para-TC_txt\"><span class=\"char-TC_txt-Local-33\">Par ailleurs, l\u2019article R.1112-92 du CSP instaure une proc\u00e9dure de gestion de plaintes ou de r\u00e9clamations \u00e9trang\u00e8re au processus confidentiel de m\u00e9diation. En cas de d\u00e9p\u00f4t de r\u00e9clamation ou de plainte, adress\u00e9e par un usager ou son repr\u00e9sentant au directeur de l\u2019\u00e9tablissement, ce dernier est tenu d\u2019en accuser r\u00e9ception en pr\u00e9cisant la possibilit\u00e9, pour le plaignant, de saisir l\u2019un des m\u00e9diateurs.\u2008Il peut \u00e9galement l\u2019avertir qu\u2019il proc\u00e9dera lui-m\u00eame \u00e0 cette saisine.\u00a0<\/span><\/p>\n<p class=\"para-TC_txt\"><span class=\"char-TC_txt-Local-33\">Ind\u00e9pendamment, le m\u00e9diateur hospitalier peut \u00eatre saisi par tout patient qui souhaite lui faire part de suggestions ou de remarques, ou signaler des dysfonctionnements l\u00e9gers. Il est tenu de le recevoir dans les huit jours de la saisine, sauf en cas d\u2019impossibilit\u00e9 du plaignant. Dans les huit jours suivant l\u2019\u00e9change, le m\u00e9diateur r\u00e9dige un compte-rendu qu\u2019il adresse au pr\u00e9sident de la CruqPC. Puis ce dernier le transmet \u00e0 l\u2019ensemble des membres de la commission, ainsi qu\u2019au plaignant. Sur cette base, la CruqPC peut \u00e9mettre des recommandations, soit en proposant une solution amiable, soit en proposant un classement du dossier \u00e0 condition de motiver ce choix. Elle \u00e9clairera le plaignant sur l\u2019ensemble des voies de recours restant \u00e0 sa disposition. Enfin, le repr\u00e9sentant de l\u2019\u00e9tablissement est tenu d\u2019informer le plaignant de la d\u00e9cision de la CruqPC dans les huit jours qui suivent l\u2019instruction du dossier.<\/span><\/p>\n<p class=\"para-TC_txt\"><span class=\"char-TC_txt-Local-33\">Tout cela mobilise un vocabulaire teint\u00e9 de juridisme, imposant un comportement rigide et une relation de type proc\u00e9dural qui, dans le meilleur des cas, aboutira \u00e0 un accord amiable, c\u2019est-\u00e0-dire \u00e0 une conciliation au sens exact du terme.\u00a0<\/span><\/p>\n<h1 class=\"para-TC_inter_01\"><span class=\"char-of-TC_txt-133\">Cons\u00e9quences\u00a0<\/span><\/h1>\n<p class=\"para-TC_txt\"><span class=\"char-TC_txt-Local-33\">Il faut distinguer le bilan des \u00ab\u00a0m\u00e9diateurs\u00a0\u00bb d\u00e9l\u00e9gu\u00e9s par la CRCI de celui des \u00ab\u00a0m\u00e9diateurs\u00a0\u00bb de la CruqPC. Les premiers ayant, de fait, presque disparu. Dans son rapport d\u2019activit\u00e9 2002-2003, l\u2019Office national d\u2019indemnisation des accidents m\u00e9dicaux, des affections iatrog\u00e8nes et des infections nosocomiales (Oniam) signalait en effet la grande difficult\u00e9 des \u00ab<\/span>\u00a0<em><span class=\"char-TC_txt_ital-Local-182\">pr\u00e9sidents de [CRCI] \u00e0 trouver des m\u00e9diateurs<\/span><\/em>\u00a0<span class=\"char-TC_txt-Local-33\">\u00bb. Et dans son rapport d\u2019activit\u00e9 2010, qui pr\u00e9sente une synth\u00e8se de l\u2019activit\u00e9 des commissions sur une p\u00e9riode de huit ans, soit depuis le d\u00e9but effectif du dispositif, l\u2019Oniam ne fait que mentionner la m\u00e9diation. Il en est de m\u00eame pour le rapport 2010-2011 au Parlement et au gouvernement de la Commission nationale des accidents m\u00e9dicaux (Cnamed).\u00a0<\/span><\/p>\n<p class=\"para-TC_txt\"><span class=\"char-TC_txt-Local-33\">S\u2019agissant des m\u00e9diateurs intervenant au sein des CruqPC, l\u00e0 aussi, le bilan s\u2019av\u00e8re mitig\u00e9. Leur appartenance \u00e0 l\u2019\u00e9tablissement d\u00e9route bien souvent les patients et leurs proches, et ne leur permet pas d\u2019adopter une posture claire. Elle leur impose une gymnastique dont le Pr Marc Decoulx, pr\u00e9sident de l\u2019Association fran\u00e7aise des m\u00e9decins conciliateurs et m\u00e9diateurs hospitaliers (AFMCMH) r\u00e9v\u00e8le l\u2019origine\u00a0: \u00ab<\/span>\u00a0<em><span class=\"char-TC_txt_ital-Local-182\">Depuis plus de dix ans, il y avait des m\u00e9decins conciliateurs. Avec l\u2019application de la loi Kouchner du 4 mars 2002, effective depuis 2005, les conciliateurs sont devenus m\u00e9diateurs <\/span><\/em><span class=\"char-TC_txt_ital-Local-182\"><span class=\"char-TC_txt-Local-14\"><sup class=\"appel\" data-toggle=\"modal\" data-target=\"#notes\">(7)<\/sup><\/span><\/span><em><span class=\"char-TC_txt_ital-Local-182\">.<\/span><\/em> <span class=\"char-TC_txt-Local-33\">\u00bb Or, l\u2019impossibilit\u00e9 pour eux de respecter le code national de d\u00e9ontologie des m\u00e9diateurs les place dans des situations d\u00e9licates.\u00a0<\/span><\/p>\n<h1 class=\"para-TC_inter_01\"><span class=\"char-of-TC_txt-133\">Perspectives\u00a0<\/span><\/h1>\n<h2 class=\"para-TC_inter_02apr\u00e8s01\"><span class=\"char-of-TC_inter_01-228\">R\u00e9gime juridique\u00a0<\/span><\/h2>\n<p class=\"para-TC_txt\"><span class=\"char-TC_txt-Local-33\">Si le d\u00e9veloppement de la m\u00e9diation dans le secteur de la sant\u00e9 est pr\u00e9visible et souhaitable, son avenir d\u00e9pend \u00e9galement de la capacit\u00e9 des d\u00e9cideurs \u00e0 r\u00e9viser radicalement les dispositifs par des choix terminologiques clairs. La vigilance dont le l\u00e9gislateur a fait preuve lors de l\u2019adoption de la loi n\u00b02004-810 du 13 ao\u00fbt 2004 relative \u00e0 l\u2019assurance maladie montre qu\u2019il en est capable: fort heureusement, celui-ci a abandonn\u00e9 le terme \u00ab\u00a0m\u00e9diation\u00a0\u00bb pr\u00e9vu \u00e0 l\u2019article 8 de l\u2019avant-projet de loi au profit de \u00ab\u00a0conciliation\u00a0\u00bb, conforme \u00e0 la r\u00e9alit\u00e9.\u00a0<\/span><\/p>\n<p class=\"para-TC_txt\"><span class=\"char-TC_txt-Local-33\">Plusieurs initiatives invitent \u00e0 cette r\u00e9vision, par exemple la proposition de loi du 10 avril 2003 r\u00e9formant le titre IV de la loi n\u00b0\u00a02002-303 du 4 mars 2002. En avril 2006, dans son rapport \u00ab\u00a0Harmonisation de la r\u00e9paration des pr\u00e9judices corporels dans l\u2019Union europ\u00e9enne\u00a0\u00bb, l\u2019Acad\u00e9mie de m\u00e9decine a par ailleurs opportun\u00e9ment r\u00e9agi et recommande de ne pas utiliser ind\u00fbment le terme \u00ab\u00a0m\u00e9diation\u00a0\u00bb.\u00a0<\/span><\/p>\n<p class=\"para-TC_txt\"><span class=\"char-TC_txt-Local-33\">Les d\u00e9cideurs devront ensuite respecter un r\u00e9gime juridique coh\u00e9rent qui permette de mettre en \u0153uvre une m\u00e9diation au sens litt\u00e9ral du terme, et de garantir que le m\u00e9diateur est un \u00ab\u00a0tiers\u00a0\u00bb, c\u2019est-\u00e0-dire ext\u00e9rieur, impartial, ind\u00e9pendant, neutre et d\u00e9pourvu de pouvoirs tant d\u00e9cisionnels que consultatifs. Le m\u00e9diateur assure une compr\u00e9hension mutuelle, non seulement lors du r\u00e8glement des conflits mais aussi \u00e0 l\u2019occasion des trois autres fonctions. La cr\u00e9ation ou la recr\u00e9ation du lien social, si utiles \u00e0 l\u2019instauration de la confiance indispensable \u00e0 la relation de soins, soutiennent la fonction de pr\u00e9vention des conflits. Le r\u00e9gime juridique de la m\u00e9diation doit \u00e9galement en respecter l\u2019unit\u00e9 fondamentale. L\u2019adoption dispers\u00e9e de lois sectorielles ne peut plus conduire \u00e0 une mosa\u00efque de r\u00e9gimes d\u00e9rogeant \u00e0 son essence. Cette pr\u00e9conisation conduit \u00e0 souhaiter l\u2019installation d\u2019un observatoire g\u00e9n\u00e9ral de la m\u00e9diation qui fournisse aux pouvoirs publics les donn\u00e9es leur permettant de garder un cap coh\u00e9rent.\u00a0<\/span><\/p>\n<h2 class=\"para-TC_inter_02\"><span class=\"char-of-TC_inter_01-228\">Formation\u00a0<\/span><\/h2>\n<p class=\"para-TC_txt\"><span class=\"char-TC_txt-Local-33\">Enfin, une formation sp\u00e9cifique doit \u00eatre mise en place<\/span><span class=\"char-TC_txt-Local-33\">.\u2008<\/span><\/p>\n<p class=\"para-TC_txt\"><button data-toggle=\"collapse\" data-target=\"#enc_2013_18_01\">encadr\u00e9 1<\/button><div id=\"enc_2013_18_01\" class=\"encadre collapse\"><p><span class=\"surtitre_enc\">encadr\u00e9 1<\/span><\/p>\n<h2>Des enseignements fondamentaux<\/h2>\n<p>Qu\u2019il s\u2019agisse du dipl\u00f4me d\u2019universit\u00e9 \u00ab La m\u00e9diation \u00bb de l\u2019universit\u00e9 Panth\u00e9on-Assas Paris-II, pris comme mod\u00e8le de tronc commun par le Conseil national consultatif de la m\u00e9diation familiale (CNCMF), ou des enseignements que l\u2019institut de m\u00e9diation Guillaume-Hofnung (IMGH) assure \u00e0 la demande des \u00e9tablissements de sant\u00e9, les contenus fondamentaux demeurent.<\/p>\n<p>Le socle de principes consiste \u00e0 :<\/p>\n<ul>\n<li>pr\u00e9senter, analyser et justifier la d\u00e9finition de la m\u00e9diation, en soulignant l\u2019importance de ses quatre fonctions et de son unit\u00e9 ;<\/li>\n<li>former au processus de communication \u00e9thique, ma\u00efeutique reposant sur l\u2019autonomie et la responsabilit\u00e9 des \u00ab m\u00e9di\u00e9s \u00bb ;<\/li>\n<li>poser le cadre de la m\u00e9diation, du respect de l\u2019ordre public ;<\/li>\n<li>apprendre \u00e0 respecter en toutes circonstances la confidentialit\u00e9 qui justifie la confiance sans laquelle la m\u00e9diation n\u2019existe pas.<\/li>\n<\/ul>\n<p>La formation int\u00e8gre \u00e9galement :<\/p>\n<ul>\n<li>un axe sociologique (\u00e9valuer les besoins, les obstacles, les contre-indications) ;<\/li>\n<li>un axe psychologique (travailler sur soi-m\u00eame pour \u00eatre et rester tiers, fonctionner sans pouvoir, rechercher l\u2019impartialit\u00e9, \u00e9couter, reformuler, int\u00e9grer les \u00e9l\u00e9ments de psychologie, d\u2019analyse transactionnelle, de programmation neurolinguistique) ;<\/li>\n<li>un axe juridique (conna\u00eetre les r\u00e8gles d\u2019ordre public, la hi\u00e9rarchie des r\u00e8gles de droit, la d\u00e9ontologie ; savoir passer le relais aux professionnels du droit) ;<\/li>\n<li>un axe pratique (jeux de r\u00f4les reprenant des situations v\u00e9cues par les enseignants ou les personnes en formation).<\/li>\n<\/ul>\n<\/div><\/p>\n<p class=\"para-TC_txt\"><span class=\"char-TC_txt-Local-33\">La formation pr\u00e9alable constitue une obligation d\u00e9ontologique de nature \u00e0 cr\u00e9er la confiance dans le m\u00e9diateur. Force est de constater que les promoteurs publics de la \u00ab\u00a0m\u00e9diation maison\u00a0\u00bb ne la respectent pas\u00a0: tout se passe comme si l\u2019acte de nomination d\u2019un ancien juriste, m\u00e9decin ou expert conf\u00e9rait la connaissance infuse pour exercer la fonction de m\u00e9diateur. Il n\u2019est pas possible d\u2019assimiler \u00e0 de la formation les simples initiations ou les entra\u00eenements de 20 \u00e0 40 heures concentr\u00e9s en une semaine. La formation des m\u00e9diateurs doit \u00eatre une formation \u00e0 la m\u00e9diation\u00a0! Cette apparente lapalissade ram\u00e8ne \u00e0 l\u2019essentiel : la n\u00e9cessit\u00e9, en amont, d\u2019une d\u00e9finition claire. Elle seule peut fonder l\u2019identit\u00e9 professionnelle du m\u00e9diateur et construire un c\u0153ur de m\u00e9tier.\u00a0<\/span><\/p>\n<p class=\"para-TC_txt\"><span class=\"char-TC_txt-Local-33\">L\u2019avenir de la m\u00e9diation dans le domaine de la sant\u00e9 s\u2019\u00e9bauche \u00e0 partir de l\u2019observation des pratiques issues de la soci\u00e9t\u00e9 civile, lesquelles expriment non pas uniquement son potentiel d\u2019\u00e9vitement de la justice mais son potentiel de cr\u00e9ation, de recr\u00e9ation du lien social, contribuant par l\u00e0 m\u00eame \u00e0 la pr\u00e9vention des conflits. Dans le secteur sanitaire, la complexit\u00e9 des situations mobilise toutes les fonctions de la m\u00e9diation et d\u00e9passe les questions strictement m\u00e9dicales. La maladie exacerbe ou r\u00e9v\u00e8le des probl\u00e8mes familiaux. En tant qu\u2019organisation, l\u2019h\u00f4pital ou la clinique a et aura de plus en plus des besoins de m\u00e9diation comparables \u00e0 ceux d\u2019une entreprise. Aujourd\u2019hui, des tensions naissent de la coexistence de deux hi\u00e9rarchies parfois rivales, celle des soignants et celle des administratifs. Les incompr\u00e9hensions d\u2019origines sociales et culturelles entre les soignants et les patients engendrent des conflits qui peuvent devenir des contentieux devant les juridictions judiciaires et administratives. En tant que processus de communication \u00e9thique, la m\u00e9diation est pourtant de nature \u00e0 apporter un \u00e9l\u00e9ment de r\u00e9ponse au paradoxe d\u2019un syst\u00e8me de soins de plus en plus performant qui engendre une grande insatisfaction.\u00a0<\/span><\/p>\n<p class=\"para-TC_txt\"><span class=\"char-TC_txt-Local-33\">Les lieux pour porter ces perspectives ne manquent pas\u00a0: l\u2019Acad\u00e9mie de l\u2019\u00e9thique, le Collectif interassociatif sur la sant\u00e9 (Ciss), l\u2019AFMCMH, de m\u00eame que les mutuelles, les agences r\u00e9gionales de sant\u00e9 (ARS) et les autorit\u00e9s sanitaires en g\u00e9n\u00e9ral, pour peu qu\u2019elles veuillent bien se doter de r\u00e9f\u00e9rents ext\u00e9rieurs et l\u00e9gitimes pour les aider \u00e0 piloter la m\u00e9diation.<\/span><\/p>\n<p class=\"para-TC_txt\"><button data-toggle=\"collapse\" data-target=\"#enc_2013_18_02\">encadr\u00e9 2<\/button><div id=\"enc_2013_18_02\" class=\"encadre collapse\"><p><span class=\"surtitre_enc\">encadr\u00e9 2<\/span><\/p>\n<h2>L\u2019essentiel<\/h2>\n<h3>D\u00e9finition<\/h3>\n<p>L\u2019oubli des fondamentaux th\u00e9oriques de la m\u00e9diation en sant\u00e9 ne rel\u00e8ve pas du pragmatisme, juste d\u2019une d\u00e9faillance m\u00e9thodologique.\u2008Faute de d\u00e9finition, les acteurs ne peuvent pas caract\u00e9riser leur travail au sens litt\u00e9ral de l\u2019expression.<\/p>\n<h3>D\u00e9mocratie sanitaire<\/h3>\n<p>Le bilan de la loi du 4 mars 2002 devrait inciter les pouvoirs publics \u00e0 proc\u00e9der aux r\u00e9visions terminologiques et juridiques permettant enfin \u00e0 la m\u00e9diation de d\u00e9velopper son potentiel en faveur de la d\u00e9mocratie sanitaire.\u2008Le terme est en effet utilis\u00e9 pour qualifier des dispositifs de conciliation, en d\u00e9calage complet avec les d\u00e9finitions et les codes de la m\u00e9diation tant nationaux qu\u2019europ\u00e9ens.<\/p>\n<h3>Politique<\/h3>\n<p>Les autorit\u00e9s sanitaires doivent reprendre la ma\u00eetrise d\u2019une politique authentique de m\u00e9diation et la piloter efficacement. Elles doivent s\u2019appuyer sur des experts incontestables par leur ind\u00e9pendance. La d\u00e9mocratie sanitaire et les droits fondamentaux qui s\u2019y rattachent le m\u00e9ritent.<\/p>\n<\/div><\/p>\n<script>function PlayerjsAsync(){} if(window[\"Playerjs\"]){PlayerjsAsync();}<\/script>","protected":false},"excerpt":{"rendered":"<p>\ufeffA premi\u00e8re vue, c\u2019est-\u00e0-dire en se limitant aux textes l\u00e9gislatifs et r\u00e9glementaires, la m\u00e9diation a fait son entr\u00e9e par la mauvaise porte, celle qui en fait l\u2019otage de la n\u00e9buleuse des modes alternatifs de r\u00e8glement des conflits. La m\u00e9diation est un concept rigoureux, mais qui souffre du flou terminologique des textes juridiques qui pensent la consacrer. Malgr\u00e9 l\u2019affirmation et la consolidation de sa d\u00e9finition et de sa d\u00e9ontologie, elle continue \u00e0 p\u00e2tir d\u2019un faux succ\u00e8s. Les pouvoirs publics ne tiennent compte que par intermittence des d\u00e9finitions qu\u2019ils avaient sollicit\u00e9es et, sous l\u2019appellation erron\u00e9e \u00ab m\u00e9diation \u00bb, ils multiplient des dispositifs de conciliation ou de traitement de masse des r\u00e9clamations.<\/p>\n","protected":false},"author":1202,"featured_media":0,"comment_status":"open","ping_status":"open","sticky":false,"template":"","format":"standard","meta":{"_acf_changed":false,"_relevanssi_hide_post":"","_relevanssi_hide_content":"","_relevanssi_pin_for_all":"","_relevanssi_pin_keywords":"","_relevanssi_unpin_keywords":"","_relevanssi_related_keywords":"","_relevanssi_related_include_ids":"","_relevanssi_related_exclude_ids":"","_relevanssi_related_no_append":"","_relevanssi_related_not_related":"","_relevanssi_related_posts":"","_relevanssi_noindex_reason":"","footnotes":""},"categories":[26,2],"tags":[924,393,922,453,923,925,668],"class_list":["post-15454","post","type-post","status-publish","format-standard","hentry","category-dossier","category-gestions-hospitalieres","tag-crci","tag-cruqpc","tag-democratie-sanitaire","tag-deontologie","tag-droits","tag-mediateur","tag-mediation"],"acf":[],"yoast_head":"<!-- This site is optimized with the Yoast SEO plugin v24.8.1 - https:\/\/yoast.com\/wordpress\/plugins\/seo\/ -->\n<title>La m\u00e9diation dans le domaine de la sant\u00e9 - Gestions hospitali\u00e8res<\/title>\n<meta name=\"robots\" content=\"index, follow, max-snippet:-1, max-image-preview:large, max-video-preview:-1\" \/>\n<link rel=\"canonical\" href=\"https:\/\/www.ricom-web8.com\/gestions\/la-mediation-dans-le-monde-de-la-sante\/\" \/>\n<meta property=\"og:locale\" content=\"fr_FR\" \/>\n<meta property=\"og:type\" content=\"article\" \/>\n<meta property=\"og:title\" content=\"La m\u00e9diation dans le domaine de la sant\u00e9 - Gestions hospitali\u00e8res\" \/>\n<meta property=\"og:description\" content=\"\ufeffA premi\u00e8re vue, c\u2019est-\u00e0-dire en se limitant aux textes l\u00e9gislatifs et r\u00e9glementaires, la m\u00e9diation a fait son entr\u00e9e par la mauvaise porte, celle qui en fait l\u2019otage de la n\u00e9buleuse des modes alternatifs de r\u00e8glement des conflits. La m\u00e9diation est un concept rigoureux, mais qui souffre du flou terminologique des textes juridiques qui pensent la consacrer. Malgr\u00e9 l\u2019affirmation et la consolidation de sa d\u00e9finition et de sa d\u00e9ontologie, elle continue \u00e0 p\u00e2tir d\u2019un faux succ\u00e8s. Les pouvoirs publics ne tiennent compte que par intermittence des d\u00e9finitions qu\u2019ils avaient sollicit\u00e9es et, sous l\u2019appellation erron\u00e9e \u00ab m\u00e9diation \u00bb, ils multiplient des dispositifs de conciliation ou de traitement de masse des r\u00e9clamations.\" \/>\n<meta property=\"og:url\" content=\"https:\/\/www.ricom-web8.com\/gestions\/la-mediation-dans-le-monde-de-la-sante\/\" \/>\n<meta property=\"og:site_name\" content=\"Gestions hospitali\u00e8res\" \/>\n<meta property=\"article:publisher\" content=\"https:\/\/www.facebook.com\/gestionshospitalieres\/\" \/>\n<meta property=\"article:published_time\" content=\"2012-12-31T23:00:00+00:00\" \/>\n<meta property=\"article:modified_time\" content=\"2018-03-08T10:20:31+00:00\" \/>\n<meta name=\"author\" content=\"yann Le Sager\" \/>\n<meta name=\"twitter:card\" content=\"summary_large_image\" \/>\n<meta name=\"twitter:creator\" content=\"@revue_GH\" \/>\n<meta name=\"twitter:site\" content=\"@revue_GH\" \/>\n<meta name=\"twitter:label1\" content=\"\u00c9crit par\" \/>\n\t<meta name=\"twitter:data1\" content=\"yann Le Sager\" \/>\n\t<meta name=\"twitter:label2\" content=\"Dur\u00e9e de lecture estim\u00e9e\" \/>\n\t<meta name=\"twitter:data2\" content=\"13 minutes\" \/>\n<script type=\"application\/ld+json\" class=\"yoast-schema-graph\">{\"@context\":\"https:\/\/schema.org\",\"@graph\":[{\"@type\":\"Article\",\"@id\":\"https:\/\/www.ricom-web8.com\/gestions\/la-mediation-dans-le-monde-de-la-sante\/#article\",\"isPartOf\":{\"@id\":\"https:\/\/www.ricom-web8.com\/gestions\/la-mediation-dans-le-monde-de-la-sante\/\"},\"author\":{\"name\":\"yann Le Sager\",\"@id\":\"https:\/\/www.ricom-web8.com\/gestions\/#\/schema\/person\/810c9671279c5f5a094f6f0a42237516\"},\"headline\":\"La m\u00e9diation dans le domaine de la sant\u00e9\",\"datePublished\":\"2012-12-31T23:00:00+00:00\",\"dateModified\":\"2018-03-08T10:20:31+00:00\",\"mainEntityOfPage\":{\"@id\":\"https:\/\/www.ricom-web8.com\/gestions\/la-mediation-dans-le-monde-de-la-sante\/\"},\"wordCount\":2562,\"commentCount\":0,\"publisher\":{\"@id\":\"https:\/\/www.ricom-web8.com\/gestions\/#organization\"},\"keywords\":[\"CRCI\",\"CruqPC\",\"d\u00e9mocratie sanitaire\",\"d\u00e9ontologie\",\"droits\",\"m\u00e9diateur\",\"m\u00e9diation\"],\"articleSection\":[\"dossier\",\"Gestions Hospitali\u00e8res\"],\"inLanguage\":\"fr-FR\",\"potentialAction\":[{\"@type\":\"CommentAction\",\"name\":\"Comment\",\"target\":[\"https:\/\/www.ricom-web8.com\/gestions\/la-mediation-dans-le-monde-de-la-sante\/#respond\"]}]},{\"@type\":\"WebPage\",\"@id\":\"https:\/\/www.ricom-web8.com\/gestions\/la-mediation-dans-le-monde-de-la-sante\/\",\"url\":\"https:\/\/www.ricom-web8.com\/gestions\/la-mediation-dans-le-monde-de-la-sante\/\",\"name\":\"La m\u00e9diation dans le domaine de la sant\u00e9 - Gestions hospitali\u00e8res\",\"isPartOf\":{\"@id\":\"https:\/\/www.ricom-web8.com\/gestions\/#website\"},\"datePublished\":\"2012-12-31T23:00:00+00:00\",\"dateModified\":\"2018-03-08T10:20:31+00:00\",\"breadcrumb\":{\"@id\":\"https:\/\/www.ricom-web8.com\/gestions\/la-mediation-dans-le-monde-de-la-sante\/#breadcrumb\"},\"inLanguage\":\"fr-FR\",\"potentialAction\":[{\"@type\":\"ReadAction\",\"target\":[\"https:\/\/www.ricom-web8.com\/gestions\/la-mediation-dans-le-monde-de-la-sante\/\"]}]},{\"@type\":\"BreadcrumbList\",\"@id\":\"https:\/\/www.ricom-web8.com\/gestions\/la-mediation-dans-le-monde-de-la-sante\/#breadcrumb\",\"itemListElement\":[{\"@type\":\"ListItem\",\"position\":1,\"name\":\"Accueil\",\"item\":\"https:\/\/www.ricom-web8.com\/gestions\/\"},{\"@type\":\"ListItem\",\"position\":2,\"name\":\"La m\u00e9diation dans le domaine de la sant\u00e9\"}]},{\"@type\":\"WebSite\",\"@id\":\"https:\/\/www.ricom-web8.com\/gestions\/#website\",\"url\":\"https:\/\/www.ricom-web8.com\/gestions\/\",\"name\":\"Gestions hospitali\u00e8res\",\"description\":\"la revue des d\u00e9cideurs hospitaliers\",\"publisher\":{\"@id\":\"https:\/\/www.ricom-web8.com\/gestions\/#organization\"},\"potentialAction\":[{\"@type\":\"SearchAction\",\"target\":{\"@type\":\"EntryPoint\",\"urlTemplate\":\"https:\/\/www.ricom-web8.com\/gestions\/?s={search_term_string}\"},\"query-input\":{\"@type\":\"PropertyValueSpecification\",\"valueRequired\":true,\"valueName\":\"search_term_string\"}}],\"inLanguage\":\"fr-FR\"},{\"@type\":\"Organization\",\"@id\":\"https:\/\/www.ricom-web8.com\/gestions\/#organization\",\"name\":\"Gestions hospitali\u00e8res\",\"url\":\"https:\/\/www.ricom-web8.com\/gestions\/\",\"logo\":{\"@type\":\"ImageObject\",\"inLanguage\":\"fr-FR\",\"@id\":\"https:\/\/www.ricom-web8.com\/gestions\/#\/schema\/logo\/image\/\",\"url\":\"https:\/\/gestions-hospitalieres.fr\/wp-content\/uploads\/2017\/02\/picto_Gif-GH-trans.png\",\"contentUrl\":\"https:\/\/gestions-hospitalieres.fr\/wp-content\/uploads\/2017\/02\/picto_Gif-GH-trans.png\",\"width\":512,\"height\":512,\"caption\":\"Gestions hospitali\u00e8res\"},\"image\":{\"@id\":\"https:\/\/www.ricom-web8.com\/gestions\/#\/schema\/logo\/image\/\"},\"sameAs\":[\"https:\/\/www.facebook.com\/gestionshospitalieres\/\",\"https:\/\/x.com\/revue_GH\",\"https:\/\/www.linkedin.com\/company\/gestions-hospitalieres?trk=top_nav_home\"]},{\"@type\":\"Person\",\"@id\":\"https:\/\/www.ricom-web8.com\/gestions\/#\/schema\/person\/810c9671279c5f5a094f6f0a42237516\",\"name\":\"yann Le Sager\",\"image\":{\"@type\":\"ImageObject\",\"inLanguage\":\"fr-FR\",\"@id\":\"https:\/\/www.ricom-web8.com\/gestions\/#\/schema\/person\/image\/\",\"url\":\"https:\/\/secure.gravatar.com\/avatar\/36112fa5997be9e3b9acb0c60a4a1075?s=96&d=mm&r=g\",\"contentUrl\":\"https:\/\/secure.gravatar.com\/avatar\/36112fa5997be9e3b9acb0c60a4a1075?s=96&d=mm&r=g\",\"caption\":\"yann Le Sager\"},\"url\":\"https:\/\/www.ricom-web8.com\/gestions\/author\/lesager-yannstudioricom-com\/\"}]}<\/script>\n<!-- \/ Yoast SEO plugin. -->","yoast_head_json":{"title":"La m\u00e9diation dans le domaine de la sant\u00e9 - Gestions hospitali\u00e8res","robots":{"index":"index","follow":"follow","max-snippet":"max-snippet:-1","max-image-preview":"max-image-preview:large","max-video-preview":"max-video-preview:-1"},"canonical":"https:\/\/www.ricom-web8.com\/gestions\/la-mediation-dans-le-monde-de-la-sante\/","og_locale":"fr_FR","og_type":"article","og_title":"La m\u00e9diation dans le domaine de la sant\u00e9 - Gestions hospitali\u00e8res","og_description":"\ufeffA premi\u00e8re vue, c\u2019est-\u00e0-dire en se limitant aux textes l\u00e9gislatifs et r\u00e9glementaires, la m\u00e9diation a fait son entr\u00e9e par la mauvaise porte, celle qui en fait l\u2019otage de la n\u00e9buleuse des modes alternatifs de r\u00e8glement des conflits. La m\u00e9diation est un concept rigoureux, mais qui souffre du flou terminologique des textes juridiques qui pensent la consacrer. Malgr\u00e9 l\u2019affirmation et la consolidation de sa d\u00e9finition et de sa d\u00e9ontologie, elle continue \u00e0 p\u00e2tir d\u2019un faux succ\u00e8s. Les pouvoirs publics ne tiennent compte que par intermittence des d\u00e9finitions qu\u2019ils avaient sollicit\u00e9es et, sous l\u2019appellation erron\u00e9e \u00ab m\u00e9diation \u00bb, ils multiplient des dispositifs de conciliation ou de traitement de masse des r\u00e9clamations.","og_url":"https:\/\/www.ricom-web8.com\/gestions\/la-mediation-dans-le-monde-de-la-sante\/","og_site_name":"Gestions hospitali\u00e8res","article_publisher":"https:\/\/www.facebook.com\/gestionshospitalieres\/","article_published_time":"2012-12-31T23:00:00+00:00","article_modified_time":"2018-03-08T10:20:31+00:00","author":"yann Le Sager","twitter_card":"summary_large_image","twitter_creator":"@revue_GH","twitter_site":"@revue_GH","twitter_misc":{"\u00c9crit par":"yann Le Sager","Dur\u00e9e de lecture estim\u00e9e":"13 minutes"},"schema":{"@context":"https:\/\/schema.org","@graph":[{"@type":"Article","@id":"https:\/\/www.ricom-web8.com\/gestions\/la-mediation-dans-le-monde-de-la-sante\/#article","isPartOf":{"@id":"https:\/\/www.ricom-web8.com\/gestions\/la-mediation-dans-le-monde-de-la-sante\/"},"author":{"name":"yann Le Sager","@id":"https:\/\/www.ricom-web8.com\/gestions\/#\/schema\/person\/810c9671279c5f5a094f6f0a42237516"},"headline":"La m\u00e9diation dans le domaine de la sant\u00e9","datePublished":"2012-12-31T23:00:00+00:00","dateModified":"2018-03-08T10:20:31+00:00","mainEntityOfPage":{"@id":"https:\/\/www.ricom-web8.com\/gestions\/la-mediation-dans-le-monde-de-la-sante\/"},"wordCount":2562,"commentCount":0,"publisher":{"@id":"https:\/\/www.ricom-web8.com\/gestions\/#organization"},"keywords":["CRCI","CruqPC","d\u00e9mocratie sanitaire","d\u00e9ontologie","droits","m\u00e9diateur","m\u00e9diation"],"articleSection":["dossier","Gestions Hospitali\u00e8res"],"inLanguage":"fr-FR","potentialAction":[{"@type":"CommentAction","name":"Comment","target":["https:\/\/www.ricom-web8.com\/gestions\/la-mediation-dans-le-monde-de-la-sante\/#respond"]}]},{"@type":"WebPage","@id":"https:\/\/www.ricom-web8.com\/gestions\/la-mediation-dans-le-monde-de-la-sante\/","url":"https:\/\/www.ricom-web8.com\/gestions\/la-mediation-dans-le-monde-de-la-sante\/","name":"La m\u00e9diation dans le domaine de la sant\u00e9 - Gestions hospitali\u00e8res","isPartOf":{"@id":"https:\/\/www.ricom-web8.com\/gestions\/#website"},"datePublished":"2012-12-31T23:00:00+00:00","dateModified":"2018-03-08T10:20:31+00:00","breadcrumb":{"@id":"https:\/\/www.ricom-web8.com\/gestions\/la-mediation-dans-le-monde-de-la-sante\/#breadcrumb"},"inLanguage":"fr-FR","potentialAction":[{"@type":"ReadAction","target":["https:\/\/www.ricom-web8.com\/gestions\/la-mediation-dans-le-monde-de-la-sante\/"]}]},{"@type":"BreadcrumbList","@id":"https:\/\/www.ricom-web8.com\/gestions\/la-mediation-dans-le-monde-de-la-sante\/#breadcrumb","itemListElement":[{"@type":"ListItem","position":1,"name":"Accueil","item":"https:\/\/www.ricom-web8.com\/gestions\/"},{"@type":"ListItem","position":2,"name":"La m\u00e9diation dans le domaine de la sant\u00e9"}]},{"@type":"WebSite","@id":"https:\/\/www.ricom-web8.com\/gestions\/#website","url":"https:\/\/www.ricom-web8.com\/gestions\/","name":"Gestions hospitali\u00e8res","description":"la revue des d\u00e9cideurs hospitaliers","publisher":{"@id":"https:\/\/www.ricom-web8.com\/gestions\/#organization"},"potentialAction":[{"@type":"SearchAction","target":{"@type":"EntryPoint","urlTemplate":"https:\/\/www.ricom-web8.com\/gestions\/?s={search_term_string}"},"query-input":{"@type":"PropertyValueSpecification","valueRequired":true,"valueName":"search_term_string"}}],"inLanguage":"fr-FR"},{"@type":"Organization","@id":"https:\/\/www.ricom-web8.com\/gestions\/#organization","name":"Gestions hospitali\u00e8res","url":"https:\/\/www.ricom-web8.com\/gestions\/","logo":{"@type":"ImageObject","inLanguage":"fr-FR","@id":"https:\/\/www.ricom-web8.com\/gestions\/#\/schema\/logo\/image\/","url":"https:\/\/gestions-hospitalieres.fr\/wp-content\/uploads\/2017\/02\/picto_Gif-GH-trans.png","contentUrl":"https:\/\/gestions-hospitalieres.fr\/wp-content\/uploads\/2017\/02\/picto_Gif-GH-trans.png","width":512,"height":512,"caption":"Gestions hospitali\u00e8res"},"image":{"@id":"https:\/\/www.ricom-web8.com\/gestions\/#\/schema\/logo\/image\/"},"sameAs":["https:\/\/www.facebook.com\/gestionshospitalieres\/","https:\/\/x.com\/revue_GH","https:\/\/www.linkedin.com\/company\/gestions-hospitalieres?trk=top_nav_home"]},{"@type":"Person","@id":"https:\/\/www.ricom-web8.com\/gestions\/#\/schema\/person\/810c9671279c5f5a094f6f0a42237516","name":"yann Le Sager","image":{"@type":"ImageObject","inLanguage":"fr-FR","@id":"https:\/\/www.ricom-web8.com\/gestions\/#\/schema\/person\/image\/","url":"https:\/\/secure.gravatar.com\/avatar\/36112fa5997be9e3b9acb0c60a4a1075?s=96&d=mm&r=g","contentUrl":"https:\/\/secure.gravatar.com\/avatar\/36112fa5997be9e3b9acb0c60a4a1075?s=96&d=mm&r=g","caption":"yann Le Sager"},"url":"https:\/\/www.ricom-web8.com\/gestions\/author\/lesager-yannstudioricom-com\/"}]}},"_links":{"self":[{"href":"https:\/\/www.ricom-web8.com\/gestions\/wp-json\/wp\/v2\/posts\/15454","targetHints":{"allow":["GET"]}}],"collection":[{"href":"https:\/\/www.ricom-web8.com\/gestions\/wp-json\/wp\/v2\/posts"}],"about":[{"href":"https:\/\/www.ricom-web8.com\/gestions\/wp-json\/wp\/v2\/types\/post"}],"author":[{"embeddable":true,"href":"https:\/\/www.ricom-web8.com\/gestions\/wp-json\/wp\/v2\/users\/1202"}],"replies":[{"embeddable":true,"href":"https:\/\/www.ricom-web8.com\/gestions\/wp-json\/wp\/v2\/comments?post=15454"}],"version-history":[{"count":0,"href":"https:\/\/www.ricom-web8.com\/gestions\/wp-json\/wp\/v2\/posts\/15454\/revisions"}],"wp:attachment":[{"href":"https:\/\/www.ricom-web8.com\/gestions\/wp-json\/wp\/v2\/media?parent=15454"}],"wp:term":[{"taxonomy":"category","embeddable":true,"href":"https:\/\/www.ricom-web8.com\/gestions\/wp-json\/wp\/v2\/categories?post=15454"},{"taxonomy":"post_tag","embeddable":true,"href":"https:\/\/www.ricom-web8.com\/gestions\/wp-json\/wp\/v2\/tags?post=15454"}],"curies":[{"name":"wp","href":"https:\/\/api.w.org\/{rel}","templated":true}]}}