

{"id":15479,"date":"2013-03-01T00:00:00","date_gmt":"2013-02-28T23:00:00","guid":{"rendered":"http:\/\/ricom-web.com\/gestions-hospitalieres\/procrastiner\/"},"modified":"2018-03-08T10:57:25","modified_gmt":"2018-03-08T09:57:25","slug":"procrastiner","status":"publish","type":"post","link":"https:\/\/www.ricom-web8.com\/gestions\/procrastiner\/","title":{"rendered":"Procrastiner\u2026"},"content":{"rendered":"<span class=\"span-reading-time rt-reading-time\" style=\"display: block;\"><span class=\"rt-label rt-prefix\">Temps de lecture\u00a0: <\/span> <span class=\"rt-time\"> 4<\/span> <span class=\"rt-label rt-postfix\">minutes<\/span><\/span><p>Procrastiner, c\u2019est remettre syst\u00e9matiquement ce qu\u2019on peut faire le jour m\u00eame. Longtemps consid\u00e9r\u00e9e comme un sympt\u00f4me de la d\u00e9pression, la procrastination fait maintenant partie du langage commun et s\u2019est \u00e9largie au monde du travail. Les proscrastineurs sont trop souvent consid\u00e9r\u00e9s, soit comme des fain\u00e9ants qui rechignent devant la t\u00e2che, soit comme des perfectionnistes obsessionnels qui ne parviennent pas \u00e0 tout faire dans les d\u00e9lais. Dans les deux cas de figure, les procrastinateurs d\u00e9rangent. Il y a encore dix ans, en dehors des psychiatres, bien peu de monde connaissait le mot \u00ab\u00a0procrastination\u00a0\u00bb. Son inscription dans le vocabulaire de l\u2019entreprise s\u2019est faite de mani\u00e8re la plus p\u00e9jorative qui soit en conservant et en majorant sa dimension pathologique. Cependant, de multiples question restent encore sans r\u00e9ponse s\u00e9rieuse, entre autres: pourquoi procrastinons-nous\u00a0? La procrastination est-elle un sympt\u00f4me de la modernit\u00e9\u00a0? Qui sont les procrastinateurs\u00a0? Gu\u00e9rit-on de la procrastination\u00a0?<\/p>\n<h1>Tous procrastinateurs<\/h1>\n<p>Il est facile de procrastiner. D\u2019ailleurs, chacun de nous procrastine, mais pas pour les m\u00eames choses ni pour les m\u00eames raisons. Entre l\u2019\u00e9tudiant qui ne parvient pas \u00e0 se plonger dans son m\u00e9moire, la m\u00e9nag\u00e8re qui repousse sa corv\u00e9e de repassage, le cadre de sant\u00e9 qui retarde jusqu\u2019\u00e0 la derni\u00e8re limite le calcul des indemnit\u00e9s de ses \u00e9quipiers, le directeur contraint d\u2019annuler des rendez-vous parce qu\u2019il n\u2019a pas finalis\u00e9 des dossiers\u2026, tous sont tortur\u00e9s par l\u2019imp\u00e9rative effectuation de leurs actes et l\u2019ennui qu\u2019ils imaginent vivre dans cette r\u00e9alisation. La procrastination rel\u00e8ve le d\u00e9fi de stopper net la pulsion de travail \u00e0 la porte de la satisfaction du devoir accompli. Le secret de la procrastination se d\u00e9voile dans la non-r\u00e9alisation de l\u2019acte, \u00ab\u00a0ce qui n\u2019est pas fait reste \u00e0 faire\u00a0\u00bb, et sublime les espoirs d\u2019une r\u00e9alisation parfaite. Le procrastinateur est donc avant tout un id\u00e9aliste du travail parfait. Le procrastinateur instruit le temps en fonction du vide qu\u2019il souhaite s\u2019offrir, contrairement aux hyperr\u00e9actifs qui r\u00e9gissent le temps dans une tentative effr\u00e9n\u00e9e de ma\u00eetrise par le trop-plein. \u00c0 l\u2019origine de ces deux attitudes diam\u00e9tralement oppos\u00e9es, des tentatives de colmatage d\u2019une angoisse li\u00e9e \u00e0 la temporalit\u00e9 personnelle. Pour le sociologue Hartmut Rosa, \u00ab <em>avant d\u2019\u00eatre ali\u00e9nante, l\u2019acc\u00e9l\u00e9ration est grisante\u00a0: elle est l\u2019\u00e9quivalent fonctionnel de la promesse religieuse de vie \u00e9ternelle<\/em> <sup class=\"appel\" data-toggle=\"modal\" data-target=\"#notes\">(1)\u00a0<\/sup>\u00bb. Ce serait par la recherche de la multiplicit\u00e9 d\u2019exp\u00e9riences que l\u2019homme assouvirait son d\u00e9sir d\u2019\u00e9ternit\u00e9. Cette pens\u00e9e ne s\u00e9duit que les irr\u00e9ductibles du grand frisson de l\u2019extr\u00eame. Les procratinateurs sont aussi \u00e0 la recherche de sensations fortes. En inscrivant leur action dans un avenir non arr\u00eat\u00e9, ils repoussent les limites du futur jusqu\u2019\u00e0 leur impossible saisie, jusqu\u2019\u00e0 l\u2019infiniment grand. Hyperr\u00e9actifs et procrastinateurs sont donc anim\u00e9s par la m\u00eame angoisse du lendemain et chacun s\u2019arrange comme il peut en imaginant des strat\u00e9gies sur la forme oppos\u00e9e et sur le fond identique.<\/p>\n<h1>Une strat\u00e9gie d\u2019adaptation<\/h1>\n<p>La procrastination n\u2019est pas un ph\u00e9nom\u00e8ne nouveau. Elle est souvent confondue avec la lenteur. \u00catre lent pour faire les choses n\u2019a rien \u00e0 voir avec le fait de procrastiner. La lenteur ne consiste pas \u00e0 remettre au lendemain: la r\u00e9alisation est tout simplement conduite \u00e0 r\u00e9gime de s\u00e9nateur. Or, procrastiner revient \u00e0 n\u2019envisager la r\u00e9alisation que sous l\u2019urgence de l\u2019\u00e9ch\u00e9ance. L\u2019acc\u00e9l\u00e9ration des rythmes de vie privil\u00e9gie la fulgurance, la rapidit\u00e9. Dans un monde o\u00f9 ce qui est \u00e0 faire aurait d\u00fb l\u2019\u00eatre la veille place chacun de nous dans un retard dont il ignore m\u00eame l\u2019existence.<\/p>\n<p>Le proscrastinateur est un fin strat\u00e8ge qui s\u2019ignore. N\u2019est pas procrastinateur qui veut. La procrastination commence par un long cheminement de refus devant l\u2019obstacle. Non pas qu\u2019il soit insurmontable, mais le sujet n\u2019est tout simplement pas pr\u00eat \u00e0 l\u2019affronter. L\u00e0 o\u00f9 certains verraient une quelconque forme de d\u00e9motivation, le procrastinateur s\u2019emploie avec m\u00e9ticulosit\u00e9 \u00e0 \u00e9chafauder des plans de r\u00e9solution ou des sc\u00e9narios d\u2019\u00e9vitement. Sa tactique est p\u00e9trie de bon sens. D\u2019abord s\u2019\u00e9conomiser. Puis, si l\u2019\u00e9vitement para\u00eet impossible, diff\u00e9rer le plus longtemps possible. D\u2019aucuns interpr\u00e9teront dans ce nouveau volte-face un ultime soubresaut de fuite devant la t\u00e2che, l\u00e0 o\u00f9 le procrastinateur est en pleine r\u00e9flexion pr\u00e9paratoire. Enfin, le temps de l\u2019effectuation venue, il s\u2019affaire dans une forme d\u2019urgence propre au retardataire qu\u2019il n\u2019est pas. Le proscrastinateur a tout compris du mode moderne. Il n\u2019en r\u00e9fute pas l\u2019acc\u00e9l\u00e9ration mais il n\u2019entend pas faire de sa vie une succession folle d\u2019\u00e9v\u00e9nements le plongeant dans le \u00ab\u00a0faire\u00a0\u00bb au d\u00e9triment de son \u00eatre.<\/p>\n<h1>Bient\u00f4t un pr\u00e9requis professionnel\u00a0?<\/h1>\n<p>Il y a peu, le temps \u00e9tait r\u00e9gl\u00e9 par les scansions de la nature. De sorte que rien n\u2019arrivait en m\u00eame temps. L\u2019homme, en voulant gagner du temps sur le temps, en a acc\u00e9l\u00e9r\u00e9 le rythme. Du coup, \u00eatre en avance sur son temps, c\u2019est devancer le cours normal des choses. La contemporan\u00e9it\u00e9 qui consiste \u00e0 se conjuguer au pass\u00e9 et au futur est mise \u00e0 mal. La fr\u00e9n\u00e9sie du \u00ab\u00a0tout tout de suite\u00a0\u00bb nous pr\u00e9cipite dans un futur pr\u00e9matur\u00e9 dans lequel la place pour penser est r\u00e9duite \u00e0 sa plus simple expression, c\u2019est-\u00e0-dire utilitariste. Or penser prend du temps. Le procrastinateur l\u2019a bien compris. Le d\u00e9lai qu\u2019il se donne avant l\u2019action n\u2019est autre qu\u2019un espace temps n\u00e9cessaire \u00e0 la mentalisation du processus de r\u00e9alisation de l\u2019action. Ce temps est une sorte de temps d\u2019arr\u00eat de r\u00e9flexion. Notre soci\u00e9t\u00e9 moderne interdit les temps d\u2019arr\u00eat, et ceux qui se les autorisent s\u2019exposent doublement\u00a0: d\u2019une part ils sont per\u00e7us comme des fain\u00e9ants, d\u2019autre part ils se vivent comme d\u00e9viants d\u2019une norme et coupables de ne pas s\u2019y conformer. La r\u00e9flexion demande du temps et il est pr\u00e9f\u00e9rable de la placer en amont de l\u2019action qu\u2019en aval. En amont, elle permet d\u2019\u00e9laborer les moyens et d\u2019envisager les cons\u00e9quences. En aval, elle peut r\u00e9v\u00e9ler l\u2019insuffisance du temps allou\u00e9 \u00e0 la phase pr\u00e9paratoire. On voit bien que le procrastinateur est en qu\u00eate de compl\u00e9tude. Le doute inhibe son initiative tout en lui ordonnant l\u2019examen de l\u2019ensemble des variables de la situation. En ce sens, le procrastinateur est dou\u00e9 d\u2019une comp\u00e9tence rarement stipul\u00e9e sur les fiches de poste : la prudence. Il nous faut lire la prudence dans son sens aristot\u00e9licien\u2008<sup class=\"appel\" data-toggle=\"modal\" data-target=\"#notes\">(2)<\/sup>, \u00e0 savoir la recherche de la v\u00e9rit\u00e9 par une \u00ab\u00a0d\u00e9lib\u00e9ration bien conduite\u00a0\u00bb.<\/p>\n<h1>Conclusion<\/h1>\n<p>Le procrastinateur sait plus que quiconque qu\u2019il ne sert \u00e0 rien de courir, il faut avant tout partir \u00e0 point. Il est probable que dans chaque coin du globe des tortues s\u2019ing\u00e9nient \u00e0 faire en sorte que le lendemain soit la journ\u00e9e la plus charg\u00e9e de la semaine. La procrastination serait donc universelle. Reste que d\u2019un tropique \u00e0 un autre, la procrastination s\u2019exprime vraisemblablement de fa\u00e7on diff\u00e9rente. Li\u00e9e au contexte environnemental, elle est sans doute impact\u00e9e par les effets culturels ambiants. \u00c0 notre connaissance, il n\u2019existe pas d\u2019\u00e9tude sur l\u2019interculturalit\u00e9 de la procrastination. Quand tous les procrastinateurs du monde se mettront \u00e0 \u00e9tudier le ph\u00e9nom\u00e8ne, les r\u00e9sultats pourraient nous surprendre. Reste plus qu\u2019attendre qu\u2019ils veuillent bien se mettre \u00e0 l\u2019ouvrage\u2026<\/p>\n<button data-toggle=\"collapse\" data-target=\"#enc_2013_155_01\">encadr\u00e9 1<\/button><div id=\"enc_2013_155_01\" class=\"encadre collapse\"><p><span class=\"surtitre_enc\">encadr\u00e9 1<\/span><\/p>\n<h2>\u00cates-vous procrastinateur ?<\/h2>\n<h3>R\u00e9pondez par Vrai ou Faux \u00e0 chacune des propositions.<\/h3>\n<ul>\n<li>Devant une t\u00e2che avec un d\u00e9lai qui m\u2019est impos\u00e9, j\u2019ai tendance \u00e0 attendre le dernier moment.<\/li>\n<li>Pour m\u2019\u00e9viter l\u2019anxi\u00e9t\u00e9 du report, je m\u2019affaire \u00e0 mille activit\u00e9s sans lien avec la t\u00e2che qui m\u2019incombe.<\/li>\n<li>Les t\u00e2ches que je ne choisis pas me mettent dans un \u00e9tat de tension tel que je pr\u00e9f\u00e8re les repousser jusqu\u2019\u00e0 leur limite.<\/li>\n<li>Je ne dis rien \u00e0 mes proches de ma propension \u00e0 repousser ce qui m\u2019ennuie.<\/li>\n<li>Mes r\u00e9sultats sont moindres quand je m\u2019y mets \u00e0 la derni\u00e8re minute.<\/li>\n<li>Je fais imm\u00e9diatement ce que je dois faire.<\/li>\n<li>Je sais mettre des priorit\u00e9s pur les choses importantes et je les traite donc au plus vite.<\/li>\n<li>Ma journ\u00e9e de demain est la plus charg\u00e9e de la semaine.<\/li>\n<\/ul>\n<h3>R\u00e9sultats<\/h3>\n<ul>\n<li>Entre 0 et 3 Vrai : vous savez organiser votre temps que vous planifiez en vous fixant un ordre de priorit\u00e9s.<\/li>\n<li>Entre 4 et 6 Vrai : vous faites passer d\u2019abord ce qui vous int\u00e9resse et m\u00eame si l\u2019organisation de votre temps reste perfectible, vous n\u2019\u00eates jamais en retard.<\/li>\n<li>Entre 4 et 8 Vrai : vous organisez votre emploi du temps au fil de l\u2019eau. Sans anticipation, vous ne parvenez pas toujours \u00e0 tout faire.<\/li>\n<\/ul>\n<\/div>\n<script>function PlayerjsAsync(){} if(window[\"Playerjs\"]){PlayerjsAsync();}<\/script>","protected":false},"excerpt":{"rendered":"<p>P\ufeffrocrastiner, c\u2019est remettre syst\u00e9matiquement ce qu\u2019on peut faire le jour m\u00eame. Longtemps consid\u00e9r\u00e9e comme un sympt\u00f4me de la d\u00e9pression, la procrastination fait maintenant partie du langage commun et s\u2019est \u00e9largie au monde du travail. Les proscrastineurs sont trop souvent consid\u00e9r\u00e9s,soit comme des fain\u00e9ants qui rechignent devant la t\u00e2che, soit comme des perfectionnistes obsessionnels qui ne parviennent pas \u00e0 tout faire dans les d\u00e9lais. Dans les deux cas de figure, les procrastinateurs d\u00e9rangent. Il y a encore dix ans, en dehors des psychiatres, bien peu de monde connaissait le mot \u00ab procrastination \u00bb. Son inscription dans le vocabulaire de l\u2019entreprise s\u2019est faite de mani\u00e8re la plus p\u00e9jorative qui soit en conservant et en majorant sa dimension pathologique. Cependant, de multiples question restent encore sans r\u00e9ponse s\u00e9rieuse, entre autres : pourquoi procrastinons-nous ? La procrastination est-elle un sympt\u00f4me de la modernit\u00e9 ? Qui sont les procrastineurs ? Gu\u00e9rit-on de la procrastination ?<\/p>\n","protected":false},"author":1202,"featured_media":0,"comment_status":"open","ping_status":"open","sticky":false,"template":"","format":"standard","meta":{"_acf_changed":false,"_relevanssi_hide_post":"","_relevanssi_hide_content":"","_relevanssi_pin_for_all":"","_relevanssi_pin_keywords":"","_relevanssi_unpin_keywords":"","_relevanssi_related_keywords":"","_relevanssi_related_include_ids":"","_relevanssi_related_exclude_ids":"","_relevanssi_related_no_append":"","_relevanssi_related_not_related":"","_relevanssi_related_posts":"","_relevanssi_noindex_reason":"","footnotes":""},"categories":[26,2],"tags":[1006,1004,4672,1007,1005],"class_list":["post-15479","post","type-post","status-publish","format-standard","hentry","category-dossier","category-gestions-hospitalieres","tag-action","tag-procrastinateur","tag-procrastination","tag-realisation","tag-temps"],"acf":[],"yoast_head":"<!-- This site is optimized with the Yoast SEO plugin v24.8.1 - https:\/\/yoast.com\/wordpress\/plugins\/seo\/ -->\n<title>Procrastiner\u2026 - Gestions hospitali\u00e8res<\/title>\n<meta name=\"robots\" content=\"index, follow, max-snippet:-1, max-image-preview:large, max-video-preview:-1\" \/>\n<link rel=\"canonical\" href=\"https:\/\/www.ricom-web8.com\/gestions\/procrastiner\/\" \/>\n<meta property=\"og:locale\" content=\"fr_FR\" \/>\n<meta property=\"og:type\" content=\"article\" \/>\n<meta property=\"og:title\" content=\"Procrastiner\u2026 - Gestions hospitali\u00e8res\" \/>\n<meta property=\"og:description\" content=\"P\ufeffrocrastiner, c\u2019est remettre syst\u00e9matiquement ce qu\u2019on peut faire le jour m\u00eame. Longtemps consid\u00e9r\u00e9e comme un sympt\u00f4me de la d\u00e9pression, la procrastination fait maintenant partie du langage commun et s\u2019est \u00e9largie au monde du travail. Les proscrastineurs sont trop souvent consid\u00e9r\u00e9s,soit comme des fain\u00e9ants qui rechignent devant la t\u00e2che, soit comme des perfectionnistes obsessionnels qui ne parviennent pas \u00e0 tout faire dans les d\u00e9lais. Dans les deux cas de figure, les procrastinateurs d\u00e9rangent. Il y a encore dix ans, en dehors des psychiatres, bien peu de monde connaissait le mot \u00ab procrastination \u00bb. Son inscription dans le vocabulaire de l\u2019entreprise s\u2019est faite de mani\u00e8re la plus p\u00e9jorative qui soit en conservant et en majorant sa dimension pathologique. Cependant, de multiples question restent encore sans r\u00e9ponse s\u00e9rieuse, entre autres : pourquoi procrastinons-nous ? La procrastination est-elle un sympt\u00f4me de la modernit\u00e9 ? Qui sont les procrastineurs ? Gu\u00e9rit-on de la procrastination ?\" \/>\n<meta property=\"og:url\" content=\"https:\/\/www.ricom-web8.com\/gestions\/procrastiner\/\" \/>\n<meta property=\"og:site_name\" content=\"Gestions hospitali\u00e8res\" \/>\n<meta property=\"article:publisher\" content=\"https:\/\/www.facebook.com\/gestionshospitalieres\/\" \/>\n<meta property=\"article:published_time\" content=\"2013-02-28T23:00:00+00:00\" \/>\n<meta property=\"article:modified_time\" content=\"2018-03-08T09:57:25+00:00\" \/>\n<meta name=\"author\" content=\"yann Le Sager\" \/>\n<meta name=\"twitter:card\" content=\"summary_large_image\" \/>\n<meta name=\"twitter:creator\" content=\"@revue_GH\" \/>\n<meta name=\"twitter:site\" content=\"@revue_GH\" \/>\n<meta name=\"twitter:label1\" content=\"\u00c9crit par\" \/>\n\t<meta name=\"twitter:data1\" content=\"yann Le Sager\" \/>\n\t<meta name=\"twitter:label2\" content=\"Dur\u00e9e de lecture estim\u00e9e\" \/>\n\t<meta name=\"twitter:data2\" content=\"7 minutes\" \/>\n<script type=\"application\/ld+json\" class=\"yoast-schema-graph\">{\"@context\":\"https:\/\/schema.org\",\"@graph\":[{\"@type\":\"Article\",\"@id\":\"https:\/\/www.ricom-web8.com\/gestions\/procrastiner\/#article\",\"isPartOf\":{\"@id\":\"https:\/\/www.ricom-web8.com\/gestions\/procrastiner\/\"},\"author\":{\"name\":\"yann Le Sager\",\"@id\":\"https:\/\/www.ricom-web8.com\/gestions\/#\/schema\/person\/810c9671279c5f5a094f6f0a42237516\"},\"headline\":\"Procrastiner\u2026\",\"datePublished\":\"2013-02-28T23:00:00+00:00\",\"dateModified\":\"2018-03-08T09:57:25+00:00\",\"mainEntityOfPage\":{\"@id\":\"https:\/\/www.ricom-web8.com\/gestions\/procrastiner\/\"},\"wordCount\":1328,\"commentCount\":0,\"publisher\":{\"@id\":\"https:\/\/www.ricom-web8.com\/gestions\/#organization\"},\"keywords\":[\"action\",\"procrastinateur\",\"procrastination\",\"r\u00e9alisation\",\"temps\"],\"articleSection\":[\"dossier\",\"Gestions Hospitali\u00e8res\"],\"inLanguage\":\"fr-FR\",\"potentialAction\":[{\"@type\":\"CommentAction\",\"name\":\"Comment\",\"target\":[\"https:\/\/www.ricom-web8.com\/gestions\/procrastiner\/#respond\"]}]},{\"@type\":\"WebPage\",\"@id\":\"https:\/\/www.ricom-web8.com\/gestions\/procrastiner\/\",\"url\":\"https:\/\/www.ricom-web8.com\/gestions\/procrastiner\/\",\"name\":\"Procrastiner\u2026 - Gestions hospitali\u00e8res\",\"isPartOf\":{\"@id\":\"https:\/\/www.ricom-web8.com\/gestions\/#website\"},\"datePublished\":\"2013-02-28T23:00:00+00:00\",\"dateModified\":\"2018-03-08T09:57:25+00:00\",\"breadcrumb\":{\"@id\":\"https:\/\/www.ricom-web8.com\/gestions\/procrastiner\/#breadcrumb\"},\"inLanguage\":\"fr-FR\",\"potentialAction\":[{\"@type\":\"ReadAction\",\"target\":[\"https:\/\/www.ricom-web8.com\/gestions\/procrastiner\/\"]}]},{\"@type\":\"BreadcrumbList\",\"@id\":\"https:\/\/www.ricom-web8.com\/gestions\/procrastiner\/#breadcrumb\",\"itemListElement\":[{\"@type\":\"ListItem\",\"position\":1,\"name\":\"Accueil\",\"item\":\"https:\/\/www.ricom-web8.com\/gestions\/\"},{\"@type\":\"ListItem\",\"position\":2,\"name\":\"Procrastiner\u2026\"}]},{\"@type\":\"WebSite\",\"@id\":\"https:\/\/www.ricom-web8.com\/gestions\/#website\",\"url\":\"https:\/\/www.ricom-web8.com\/gestions\/\",\"name\":\"Gestions hospitali\u00e8res\",\"description\":\"la revue des d\u00e9cideurs hospitaliers\",\"publisher\":{\"@id\":\"https:\/\/www.ricom-web8.com\/gestions\/#organization\"},\"potentialAction\":[{\"@type\":\"SearchAction\",\"target\":{\"@type\":\"EntryPoint\",\"urlTemplate\":\"https:\/\/www.ricom-web8.com\/gestions\/?s={search_term_string}\"},\"query-input\":{\"@type\":\"PropertyValueSpecification\",\"valueRequired\":true,\"valueName\":\"search_term_string\"}}],\"inLanguage\":\"fr-FR\"},{\"@type\":\"Organization\",\"@id\":\"https:\/\/www.ricom-web8.com\/gestions\/#organization\",\"name\":\"Gestions hospitali\u00e8res\",\"url\":\"https:\/\/www.ricom-web8.com\/gestions\/\",\"logo\":{\"@type\":\"ImageObject\",\"inLanguage\":\"fr-FR\",\"@id\":\"https:\/\/www.ricom-web8.com\/gestions\/#\/schema\/logo\/image\/\",\"url\":\"https:\/\/gestions-hospitalieres.fr\/wp-content\/uploads\/2017\/02\/picto_Gif-GH-trans.png\",\"contentUrl\":\"https:\/\/gestions-hospitalieres.fr\/wp-content\/uploads\/2017\/02\/picto_Gif-GH-trans.png\",\"width\":512,\"height\":512,\"caption\":\"Gestions hospitali\u00e8res\"},\"image\":{\"@id\":\"https:\/\/www.ricom-web8.com\/gestions\/#\/schema\/logo\/image\/\"},\"sameAs\":[\"https:\/\/www.facebook.com\/gestionshospitalieres\/\",\"https:\/\/x.com\/revue_GH\",\"https:\/\/www.linkedin.com\/company\/gestions-hospitalieres?trk=top_nav_home\"]},{\"@type\":\"Person\",\"@id\":\"https:\/\/www.ricom-web8.com\/gestions\/#\/schema\/person\/810c9671279c5f5a094f6f0a42237516\",\"name\":\"yann Le Sager\",\"image\":{\"@type\":\"ImageObject\",\"inLanguage\":\"fr-FR\",\"@id\":\"https:\/\/www.ricom-web8.com\/gestions\/#\/schema\/person\/image\/\",\"url\":\"https:\/\/secure.gravatar.com\/avatar\/36112fa5997be9e3b9acb0c60a4a1075?s=96&d=mm&r=g\",\"contentUrl\":\"https:\/\/secure.gravatar.com\/avatar\/36112fa5997be9e3b9acb0c60a4a1075?s=96&d=mm&r=g\",\"caption\":\"yann Le Sager\"},\"url\":\"https:\/\/www.ricom-web8.com\/gestions\/author\/lesager-yannstudioricom-com\/\"}]}<\/script>\n<!-- \/ Yoast SEO plugin. -->","yoast_head_json":{"title":"Procrastiner\u2026 - Gestions hospitali\u00e8res","robots":{"index":"index","follow":"follow","max-snippet":"max-snippet:-1","max-image-preview":"max-image-preview:large","max-video-preview":"max-video-preview:-1"},"canonical":"https:\/\/www.ricom-web8.com\/gestions\/procrastiner\/","og_locale":"fr_FR","og_type":"article","og_title":"Procrastiner\u2026 - Gestions hospitali\u00e8res","og_description":"P\ufeffrocrastiner, c\u2019est remettre syst\u00e9matiquement ce qu\u2019on peut faire le jour m\u00eame. Longtemps consid\u00e9r\u00e9e comme un sympt\u00f4me de la d\u00e9pression, la procrastination fait maintenant partie du langage commun et s\u2019est \u00e9largie au monde du travail. Les proscrastineurs sont trop souvent consid\u00e9r\u00e9s,soit comme des fain\u00e9ants qui rechignent devant la t\u00e2che, soit comme des perfectionnistes obsessionnels qui ne parviennent pas \u00e0 tout faire dans les d\u00e9lais. Dans les deux cas de figure, les procrastinateurs d\u00e9rangent. Il y a encore dix ans, en dehors des psychiatres, bien peu de monde connaissait le mot \u00ab procrastination \u00bb. Son inscription dans le vocabulaire de l\u2019entreprise s\u2019est faite de mani\u00e8re la plus p\u00e9jorative qui soit en conservant et en majorant sa dimension pathologique. Cependant, de multiples question restent encore sans r\u00e9ponse s\u00e9rieuse, entre autres : pourquoi procrastinons-nous ? La procrastination est-elle un sympt\u00f4me de la modernit\u00e9 ? Qui sont les procrastineurs ? Gu\u00e9rit-on de la procrastination ?","og_url":"https:\/\/www.ricom-web8.com\/gestions\/procrastiner\/","og_site_name":"Gestions hospitali\u00e8res","article_publisher":"https:\/\/www.facebook.com\/gestionshospitalieres\/","article_published_time":"2013-02-28T23:00:00+00:00","article_modified_time":"2018-03-08T09:57:25+00:00","author":"yann Le Sager","twitter_card":"summary_large_image","twitter_creator":"@revue_GH","twitter_site":"@revue_GH","twitter_misc":{"\u00c9crit par":"yann Le Sager","Dur\u00e9e de lecture estim\u00e9e":"7 minutes"},"schema":{"@context":"https:\/\/schema.org","@graph":[{"@type":"Article","@id":"https:\/\/www.ricom-web8.com\/gestions\/procrastiner\/#article","isPartOf":{"@id":"https:\/\/www.ricom-web8.com\/gestions\/procrastiner\/"},"author":{"name":"yann Le Sager","@id":"https:\/\/www.ricom-web8.com\/gestions\/#\/schema\/person\/810c9671279c5f5a094f6f0a42237516"},"headline":"Procrastiner\u2026","datePublished":"2013-02-28T23:00:00+00:00","dateModified":"2018-03-08T09:57:25+00:00","mainEntityOfPage":{"@id":"https:\/\/www.ricom-web8.com\/gestions\/procrastiner\/"},"wordCount":1328,"commentCount":0,"publisher":{"@id":"https:\/\/www.ricom-web8.com\/gestions\/#organization"},"keywords":["action","procrastinateur","procrastination","r\u00e9alisation","temps"],"articleSection":["dossier","Gestions Hospitali\u00e8res"],"inLanguage":"fr-FR","potentialAction":[{"@type":"CommentAction","name":"Comment","target":["https:\/\/www.ricom-web8.com\/gestions\/procrastiner\/#respond"]}]},{"@type":"WebPage","@id":"https:\/\/www.ricom-web8.com\/gestions\/procrastiner\/","url":"https:\/\/www.ricom-web8.com\/gestions\/procrastiner\/","name":"Procrastiner\u2026 - Gestions hospitali\u00e8res","isPartOf":{"@id":"https:\/\/www.ricom-web8.com\/gestions\/#website"},"datePublished":"2013-02-28T23:00:00+00:00","dateModified":"2018-03-08T09:57:25+00:00","breadcrumb":{"@id":"https:\/\/www.ricom-web8.com\/gestions\/procrastiner\/#breadcrumb"},"inLanguage":"fr-FR","potentialAction":[{"@type":"ReadAction","target":["https:\/\/www.ricom-web8.com\/gestions\/procrastiner\/"]}]},{"@type":"BreadcrumbList","@id":"https:\/\/www.ricom-web8.com\/gestions\/procrastiner\/#breadcrumb","itemListElement":[{"@type":"ListItem","position":1,"name":"Accueil","item":"https:\/\/www.ricom-web8.com\/gestions\/"},{"@type":"ListItem","position":2,"name":"Procrastiner\u2026"}]},{"@type":"WebSite","@id":"https:\/\/www.ricom-web8.com\/gestions\/#website","url":"https:\/\/www.ricom-web8.com\/gestions\/","name":"Gestions hospitali\u00e8res","description":"la revue des d\u00e9cideurs hospitaliers","publisher":{"@id":"https:\/\/www.ricom-web8.com\/gestions\/#organization"},"potentialAction":[{"@type":"SearchAction","target":{"@type":"EntryPoint","urlTemplate":"https:\/\/www.ricom-web8.com\/gestions\/?s={search_term_string}"},"query-input":{"@type":"PropertyValueSpecification","valueRequired":true,"valueName":"search_term_string"}}],"inLanguage":"fr-FR"},{"@type":"Organization","@id":"https:\/\/www.ricom-web8.com\/gestions\/#organization","name":"Gestions hospitali\u00e8res","url":"https:\/\/www.ricom-web8.com\/gestions\/","logo":{"@type":"ImageObject","inLanguage":"fr-FR","@id":"https:\/\/www.ricom-web8.com\/gestions\/#\/schema\/logo\/image\/","url":"https:\/\/gestions-hospitalieres.fr\/wp-content\/uploads\/2017\/02\/picto_Gif-GH-trans.png","contentUrl":"https:\/\/gestions-hospitalieres.fr\/wp-content\/uploads\/2017\/02\/picto_Gif-GH-trans.png","width":512,"height":512,"caption":"Gestions hospitali\u00e8res"},"image":{"@id":"https:\/\/www.ricom-web8.com\/gestions\/#\/schema\/logo\/image\/"},"sameAs":["https:\/\/www.facebook.com\/gestionshospitalieres\/","https:\/\/x.com\/revue_GH","https:\/\/www.linkedin.com\/company\/gestions-hospitalieres?trk=top_nav_home"]},{"@type":"Person","@id":"https:\/\/www.ricom-web8.com\/gestions\/#\/schema\/person\/810c9671279c5f5a094f6f0a42237516","name":"yann Le Sager","image":{"@type":"ImageObject","inLanguage":"fr-FR","@id":"https:\/\/www.ricom-web8.com\/gestions\/#\/schema\/person\/image\/","url":"https:\/\/secure.gravatar.com\/avatar\/36112fa5997be9e3b9acb0c60a4a1075?s=96&d=mm&r=g","contentUrl":"https:\/\/secure.gravatar.com\/avatar\/36112fa5997be9e3b9acb0c60a4a1075?s=96&d=mm&r=g","caption":"yann Le Sager"},"url":"https:\/\/www.ricom-web8.com\/gestions\/author\/lesager-yannstudioricom-com\/"}]}},"_links":{"self":[{"href":"https:\/\/www.ricom-web8.com\/gestions\/wp-json\/wp\/v2\/posts\/15479","targetHints":{"allow":["GET"]}}],"collection":[{"href":"https:\/\/www.ricom-web8.com\/gestions\/wp-json\/wp\/v2\/posts"}],"about":[{"href":"https:\/\/www.ricom-web8.com\/gestions\/wp-json\/wp\/v2\/types\/post"}],"author":[{"embeddable":true,"href":"https:\/\/www.ricom-web8.com\/gestions\/wp-json\/wp\/v2\/users\/1202"}],"replies":[{"embeddable":true,"href":"https:\/\/www.ricom-web8.com\/gestions\/wp-json\/wp\/v2\/comments?post=15479"}],"version-history":[{"count":0,"href":"https:\/\/www.ricom-web8.com\/gestions\/wp-json\/wp\/v2\/posts\/15479\/revisions"}],"wp:attachment":[{"href":"https:\/\/www.ricom-web8.com\/gestions\/wp-json\/wp\/v2\/media?parent=15479"}],"wp:term":[{"taxonomy":"category","embeddable":true,"href":"https:\/\/www.ricom-web8.com\/gestions\/wp-json\/wp\/v2\/categories?post=15479"},{"taxonomy":"post_tag","embeddable":true,"href":"https:\/\/www.ricom-web8.com\/gestions\/wp-json\/wp\/v2\/tags?post=15479"}],"curies":[{"name":"wp","href":"https:\/\/api.w.org\/{rel}","templated":true}]}}