

{"id":15488,"date":"2013-03-01T00:00:00","date_gmt":"2013-02-28T23:00:00","guid":{"rendered":"http:\/\/ricom-web.com\/gestions-hospitalieres\/rapport-couty\/"},"modified":"2018-04-05T10:56:42","modified_gmt":"2018-04-05T08:56:42","slug":"rapport-couty","status":"publish","type":"post","link":"https:\/\/www.ricom-web8.com\/gestions\/rapport-couty\/","title":{"rendered":"Rapport Couty : la promesse d\u2019une r\u00e9forme de plus ?"},"content":{"rendered":"<span class=\"span-reading-time rt-reading-time\" style=\"display: block;\"><span class=\"rt-label rt-prefix\">Temps de lecture\u00a0: <\/span> <span class=\"rt-time\"> 6<\/span> <span class=\"rt-label rt-postfix\">minutes<\/span><\/span><p>Le rapport Couty formule pour l\u2019h\u00f4pital 45 recommandations, articul\u00e9es autour de quatre probl\u00e9matiques. Sans en faire une pr\u00e9sentation exhaustive, on peut en retenir les points saillants.<\/p>\n<h1>R\u00e9nover le service public hospitalier et l\u2019inscrire dans le parcours de sant\u00e9 et les territoires<\/h1>\n<p>Ce fut l\u2019une des grandes pol\u00e9miques de la loi HPST. La substitution du service public hospitalier au profit de quatorze missions de service public d\u00e9sormais ouvertes aux op\u00e9rateurs priv\u00e9s avait fait grand bruit. Le sujet reste sensible, en ce qu\u2019il touche au syst\u00e8me de valeurs de l\u2019institution hospitali\u00e8re et de ses professionnels. Le rapport propose sa r\u00e9introduction formelle dans la loi. Mais au-del\u00e0 des ajustements de l\u2019ordre de la retouche, on retiendra surtout\u00a0:<\/p>\n<ul>\n<li>l\u2019identification de nouveaux engagements rattach\u00e9s au service public hospitalier\u00a0: accessibilit\u00e9 g\u00e9ographique, transparence du fonctionnement m\u00e9dical, financier et strat\u00e9gique, management participatif\u2026<\/li>\n<li>La conception d\u2019un \u00ab\u00a0service public territorial de sant\u00e9\u00a0\u00bb, reli\u00e9 \u00e0 la mise en \u0153uvre territoriale et aux parcours de soins. Dans cette optique, la coop\u00e9ration resterait un levier fort d\u2019action, mais sous un angle \u00e0 la fois plus souple (conventionnel ou sous des formes juridiques \u00e0 faire \u00e9voluer) et incitatif (red\u00e9finition des pouvoirs et comp\u00e9tences de la tutelle en la mati\u00e8re).<\/li>\n<\/ul>\n<p>La philosophie g\u00e9n\u00e9rale du rapport Couty sur ce point devrait \u00eatre reprise par le minist\u00e8re, qui a d\u00e9j\u00e0 exprim\u00e9 \u00e0 plusieurs reprises son attachement au retour du service public hospitalier dans la loi. Ainsi Marisol Touraine a-t-elle indiqu\u00e9 que \u00ab<em> le service public territorial de sant\u00e9, c\u2019est reconna\u00eetre une responsabilit\u00e9 collective de service public \u00e0 l\u2019ensemble des acteurs de sant\u00e9 d\u2019un territoire. [\u2026] Je souhaite que cette r\u00e9flexion aboutisse \u00e0 un dispositif juridique pr\u00e9cis qui figurera dans la prochaine loi de sant\u00e9 publique<\/em>\u00a0<sup class=\"appel\" data-toggle=\"modal\" data-target=\"#notes\">(3)\u00a0<\/sup>\u00bb.<\/p>\n<h1>Ajuster le mode de financement des \u00e9tablissements de sant\u00e9<\/h1>\n<p>Le comit\u00e9 pour la r\u00e9forme de la tarification \u00e0 l\u2019activit\u00e9 (T2A) ne rendra sa copie qu\u2019en juin. Mais d\u00e9j\u00e0 le rapport Couty propose, sans surprise, une \u00e9volution du dispositif, vers un mod\u00e8le mixte de financement, comportant une tarification \u00e0 l\u2019activit\u00e9 pour les activit\u00e9s m\u00e9decine\/obst\u00e9trique\/chirurgie (MCO), un financement adapt\u00e9 aux parcours de soins pour les maladies au long cours et une part en dotation pour les missions d\u2019int\u00e9r\u00eat g\u00e9n\u00e9ral et de service public (Migac).<br \/>\nLe rapport va plus loin en pr\u00e9conisant, pour la part en T2A\u00a0:<\/p>\n<ul>\n<li>d\u2019introduire plus de transparence dans l\u2019\u00e9laboration et la maintenance des tarifs\u00a0;<\/li>\n<li>de bien d\u00e9terminer le p\u00e9rim\u00e8tre et la nature des charges financ\u00e9es par le tarif\u00a0;<\/li>\n<li>de prendre en compte, dans les tarifs, l\u2019activit\u00e9 de tous les professionnels\u00a0;<\/li>\n<li>de valoriser qualit\u00e9 et pertinence\u00a0;<\/li>\n<li>d\u2019adopter une classification commune des actes m\u00e9dicaux (CCAM) clinique rempla\u00e7ant la nomenclature g\u00e9n\u00e9rale des actes professionnels pour financer de mani\u00e8re juste le temps m\u00e9dical.<\/li>\n<\/ul>\n<p>Il conviendrait \u00e9galement, pour la part en dotation\u00a0:<\/p>\n<ul>\n<li>de d\u00e9finir clairement les crit\u00e8res de r\u00e9partition et d\u2019attribution de ces dotations\u00a0;<\/li>\n<li>de s\u2019assurer que les cr\u00e9dits ont bien \u00e9t\u00e9 utilis\u00e9s pour les missions \u00e0 financer et dans de bonnes conditions.<\/li>\n<\/ul>\n<p>Davantage d\u2019orthodoxie dans le calendrier budg\u00e9taire et la clarification des crit\u00e8res d\u2019attribution des dotations est \u00e9galement pr\u00e9conis\u00e9e. Le minist\u00e8re para\u00eet r\u00e9fl\u00e9chir depuis un moment sur cette hypoth\u00e8se et envisage \u00e9galement la mise en place de sch\u00e9mas r\u00e9gionaux d\u2019investissement en sant\u00e9.<\/p>\n<h1>Adapter au service public la gouvernance, l\u2019organisation interne, le management, le dialogue social et les ressources humaines<\/h1>\n<p>Est-ce la partie la plus attendue par les hospitaliers\u00a0? On peut en tout cas s\u2019interroger sur la tonalit\u00e9 des propositions formul\u00e9es\u00a0: s\u2019agit-il d\u2019une r\u00e9forme de fond ou seulement d\u2019un approfondissement (qui ne dit pas son nom\u00a0!) de dynamiques d\u00e9j\u00e0 bien engag\u00e9es\u00a0?<br \/>\nLa difficult\u00e9 tient ici \u00e0 la tentative de rapporter, et de proposer de l\u00e9gif\u00e9rer sur l\u2019\u00ab\u00a0humanisme\u00a0\u00bb de la gouvernance hospitali\u00e8re\u2026 Au-del\u00e0 des \u00e9volutions s\u00e9mantiques peu spectaculaires, le souhait d\u2019une \u00ab\u00a0gouvernance \u00e9quilibr\u00e9e\u00a0\u00bb passe en tout \u00e9tat de cause par\u00a0:<\/p>\n<ul>\n<li>un renforcement des comp\u00e9tences de surveillance et de contr\u00f4le de l\u2019organe d\u00e9lib\u00e9rant\u00a0;<\/li>\n<li>le renforcement de la place des usagers\u00a0;<\/li>\n<li>surtout, l\u2019\u00e9largissement des comp\u00e9tences de la commission m\u00e9dicale d\u2019\u00e9tablissement (CME) et des autres instances consultatives. On retiendra la cr\u00e9ation d\u2019une section m\u00e9dicale du comit\u00e9 d&#8217;hygi\u00e8ne, de s\u00e9curit\u00e9 et des conditions de travail (CHSCT).<\/li>\n<\/ul>\n<p>Marisol Touraine annonce d\u2019ores et d\u00e9j\u00e0 un renforcement r\u00e9glementaire du r\u00f4le et des comp\u00e9tences de la CME, \u00ab <em>en la mobilisant par exemple davantage sur ses missions au service de la qualit\u00e9 et en lui donnant la possibilit\u00e9 de donner un avis sur la strat\u00e9gie financi\u00e8re de l&#8217;\u00e9tablissement<\/em>\u00a0<sup class=\"appel\" data-toggle=\"modal\" data-target=\"#notes\">(4)\u00a0<\/sup>\u00bb. L\u2019id\u00e9e d\u2019un \u00ab\u00a0contrat de gouvernance\u00a0\u00bb entre le directeur et le pr\u00e9sident de CME est lanc\u00e9e. Des exp\u00e9rimentations sont \u00e0 pr\u00e9voir sur ce point.\u00a0Concernant les p\u00f4les, le rapport Couty pointe du doigt \u00ab <em>le caract\u00e8re controvers\u00e9 du mode de nomination des chefs de p\u00f4le [qui] mine la l\u00e9gitimit\u00e9 de ces derniers aux yeux des autres praticiens<\/em> \u00bb. Comme dans la r\u00e9forme HPST, la juste place du corps m\u00e9dical dans le management reste l\u2019enjeu principal de la gouvernance. Pour autant, le rapport n\u2019apporte rien de nouveau en proposant de fonder l\u2019organisation interne des \u00e9tablissements publics de sant\u00e9 sur le projet m\u00e9dical. La suppression de la r\u00e9f\u00e9rence au p\u00f4le comme \u00ab\u00a0brique\u00a0\u00bb \u00e9l\u00e9mentaire d\u2019organisation interne ne serait-elle pas un facteur de confusion suppl\u00e9mentaire pour les acteurs de terrain\u00a0?<\/p>\n<blockquote><p>Le rapport Couty, centr\u00e9 sur l\u2019h\u00f4pital, rappelle une fois de plus la difficult\u00e9 \u00e0 aborder les probl\u00e9matiques d\u2019organisation sanitaire de fa\u00e7on tout \u00e0 fait transversale.<\/p><\/blockquote>\n<p>Le rapport Couty insiste fortement sur la n\u00e9cessit\u00e9 de \u00ab <em>promouvoir un management correspondant aux exigences du service public<\/em> \u00bb. Cela passe, selon lui, par\u00a0:<\/p>\n<ul>\n<li>la r\u00e9affirmation des principes du management (d\u00e9marche participative, clarification des responsabilit\u00e9s, coll\u00e9gialit\u00e9 dans les d\u00e9cisions organisationnelles\u2026)\u00a0;<\/li>\n<li>la restauration d\u2019espaces de dialogue, de concertation et d\u2019information\u00a0;<\/li>\n<li>la r\u00e9affirmation du r\u00f4le des cadres.<\/li>\n<\/ul>\n<p>Marisol Touraine reprend \u00e0 son compte nombre de ces propositions.<\/p>\n<p>Par ailleurs, le dialogue social trouve naturellement sa place dans les propositions du rapport Couty. Le rapport n\u2019envisage d\u2019ailleurs pas la question au seul niveau local des \u00e9tablissements hospitaliers, mais pr\u00e9conise une \u00e9volution \u00e0 tous les \u00e9chelons, y compris national et r\u00e9gional. Il est int\u00e9ressant de constater que, sur ces questions de gouvernance, le rapport ne se contente pas de proposer des changements d\u2019ordre textuel ou budg\u00e9taire, mais adopte une perspective manag\u00e9riale et organisationnelle sur les changements \u00e0 op\u00e9rer.<\/p>\n<p>La mise en \u0153uvre de ces recommandations reste d\u00e9licate, car elle suppose un changement des mentalit\u00e9s et des modes de gestion qui, pour \u00eatre appel\u00e9 de ses v\u0153ux par l\u2019ensemble des acteurs, n\u2019en reste pas moins une v\u00e9ritable r\u00e9volution culturelle. N\u00e9anmoins, on retiendra pour l\u2019essentiel la proposition d\u2019inscrire les praticiens hospitaliers dans le champ du dialogue social et l\u2019ouverture d\u00e8s 2013 de n\u00e9gociations sur les conditions de travail, les passerelles entre m\u00e9tiers et l\u2019adaptation des ressources m\u00e9dicales aux besoins de la population.<\/p>\n<p>La ministre de la Sant\u00e9 r\u00e9pond \u00e0 cette question en \u00e9voquant les d\u00e9crets d\u2019application de la loi HPST d\u00e9j\u00e0 publi\u00e9s et les textes encore \u00e0 venir en mati\u00e8re de dialogue social. Marisol Touraine pr\u00e9cise \u00e0 cet \u00e9gard\u00a0: \u00ab <em>Je souhaite que nous puissions par ailleurs relancer la dynamique des contrats locaux d&#8217;am\u00e9lioration des conditions de travail pour am\u00e9liorer la vie quotidienne au travail des professionnels de l&#8217;h\u00f4pital. Je mettrai en \u0153uvre un observatoire national du dialogue social et de la veille sociale, ce qui nous permettra d&#8217;avoir une \u00e9valuation et des m\u00e9canismes d&#8217;alerte sur les situations sociales. Au niveau r\u00e9gional n\u00e9anmoins, nous renforcerons le r\u00f4le des commissions paritaires r\u00e9gionales. Les ARS devront d\u00e9finir un volet ressources humaines en sant\u00e9 de leur projet r\u00e9gional de sant\u00e9 (PRS) qui s\u2019int\u00e9ressera \u00e0 l&#8217;anticipation des probl\u00e8mes d\u00e9mographiques et \u00e0 l&#8217;attractivit\u00e9 m\u00e9dicale.\u00a0<\/em><sup class=\"appel\" data-toggle=\"modal\" data-target=\"#notes\">(5)\u00a0<\/sup>\u00bb<\/p>\n<h1>\u00c9tablir avec les autorit\u00e9s de r\u00e9gulation une relation de confiance<\/h1>\n<p>Le rapport insiste enfin sur le r\u00f4le d\u2019accompagnement que la tutelle doit adopter \u00e0 l\u2019\u00e9gard des \u00e9tablissements de sant\u00e9, mais aussi sur la n\u00e9cessit\u00e9 de redonner l\u2019initiative aux hospitaliers dans la d\u00e9finition des moyens pour r\u00e9pondre aux strat\u00e9gies territoriales de l\u2019offre de soins. Mani\u00e8re de r\u00e9pondre au sentiment de nombreux hospitaliers d\u2019un assujettissement croissant aux directives et contraintes fix\u00e9es par les agences r\u00e9gionales de sant\u00e9 (ARS). On saluera particuli\u00e8rement la proposition du rapport Couty de laisser davantage de marge de man\u0153uvre aux acteurs dans la constitution des partenariats et coop\u00e9rations, sous toutes leurs formes.<\/p>\n<h1>Conclusion<\/h1>\n<p>Certaines r\u00e9formes sont d\u00e9j\u00e0 engag\u00e9es, comme les nombreux textes en lien avec le dialogue social. Pour le reste, Marisol Touraine annonce une traduction op\u00e9rationnelle dans le projet de loi de financement de la s\u00e9curit\u00e9 sociale (PLFSS) 2014 et des dispositions l\u00e9gislatives \u00e0 l\u2019horizon 2014. Les r\u00e9actions au rapport et aux annonces du minist\u00e8re, globalement positives, ne masquent toutefois pas l\u2019insatisfaction de certains acteurs. Le nerf de la guerre n\u2019est pas vraiment abord\u00e9, ni par le rapport Couty ni par la ministre de la Sant\u00e9. Les baisses de tarif annonc\u00e9es dans le cadre de la campagne tarifaire 2013 ne passent pas inaper\u00e7ues, et la F\u00e9d\u00e9ration hospitali\u00e8re de France (FHF) elle-m\u00eame s\u2019interroge en exprimant \u00ab <em>son incompr\u00e9hension totale sur le d\u00e9calage qu\u2019elle observe entre les d\u00e9cisions tarifaires prises r\u00e9cemment par la ministre \u00e0 l\u2019encontre du service public hospitalier et sa volont\u00e9 affich\u00e9e, et r\u00e9affirm\u00e9e encore aujourd\u2019hui, de soutenir le service public hospitalier\u00a0<\/em><sup class=\"appel\" data-toggle=\"modal\" data-target=\"#notes\">(6)\u00a0\u00a0<\/sup>\u00bb. Quant aux autres acteurs de sant\u00e9, ils font chou blanc. Si la r\u00e9forme HPST avait ouvert la voie d\u2019un d\u00e9cloisonnement des acteurs de sant\u00e9, le rapport Couty, centr\u00e9 sur l\u2019h\u00f4pital (mais c\u2019\u00e9tait, il est vrai, son objet), rappelle une fois de plus la difficult\u00e9 \u00e0 aborder les probl\u00e9matiques d\u2019organisation sanitaire de fa\u00e7on tout \u00e0 fait transversale.<\/p>\n<script>function PlayerjsAsync(){} if(window[\"Playerjs\"]){PlayerjsAsync();}<\/script>","protected":false},"excerpt":{"rendered":"<p><span class=\"span-reading-time rt-reading-time\" style=\"display: block;\"><span class=\"rt-label rt-prefix\">Temps de lecture\u00a0: <\/span> <span class=\"rt-time\"> 6<\/span> <span class=\"rt-label rt-postfix\">minutes<\/span><\/span>\ufeffLes hospitaliers doivent-ils se pr\u00e9parer \u00e0 une nouvelle r\u00e9volution de l\u2019h\u00f4pital et du secteur de la sant\u00e9 ? Nous avions pu nous interroger dans un pr\u00e9c\u00e9dent article\u2008(1) sur les r\u00e9formes hospitali\u00e8res \u00e0 venir avec le changement de majorit\u00e9 politique. Un an apr\u00e8s l\u2019\u00e9lection pr\u00e9sidentielle et la mise en place d\u2019un nouveau gouvernement, l\u2019heure est \u00e0 la d\u00e9finition de nouvelles perspectives. Le 4 mars dernier, \u00c9douard Couty a remis, \u00e0 la demande de la ministre des Affaires sociales et de la Sant\u00e9, un rapport intitul\u00e9 \u00ab Le pacte de confiance pour l\u2019h\u00f4pital \u00bb. La loi H\u00f4pital, patients, sant\u00e9, territoires (HPST)\u2008(2) avait elle aussi, en son temps, fait suite aux rapports Larcher et Vallancien. Ce rapport Couty, que faut-il en retenir ? Surtout, se dirige-t-on vers une nouvelle r\u00e9forme, sur le mod\u00e8le de la pr\u00e9c\u00e9dente r\u00e9forme HPST ? Une r\u00e9forme \u00ab SDFT \u00bb (Service public, dialogue social, financement et territoires) ?<\/p>\n","protected":false},"author":1202,"featured_media":0,"comment_status":"open","ping_status":"open","sticky":false,"template":"","format":"standard","meta":{"_acf_changed":false,"_relevanssi_hide_post":"","_relevanssi_hide_content":"","_relevanssi_pin_for_all":"","_relevanssi_pin_keywords":"","_relevanssi_unpin_keywords":"","_relevanssi_related_keywords":"","_relevanssi_related_include_ids":"","_relevanssi_related_exclude_ids":"","_relevanssi_related_no_append":"","_relevanssi_related_not_related":"","_relevanssi_related_posts":"","_relevanssi_noindex_reason":"","footnotes":""},"categories":[2,70],"tags":[],"class_list":["post-15488","post","type-post","status-publish","format-standard","hentry","category-gestions-hospitalieres","category-jurisante"],"acf":[],"yoast_head":"<!-- This site is optimized with the Yoast SEO plugin v24.8.1 - https:\/\/yoast.com\/wordpress\/plugins\/seo\/ -->\n<title>Rapport Couty : la promesse d\u2019une r\u00e9forme de plus ? - Gestions hospitali\u00e8res<\/title>\n<meta name=\"robots\" content=\"index, follow, max-snippet:-1, max-image-preview:large, max-video-preview:-1\" \/>\n<link rel=\"canonical\" href=\"https:\/\/www.ricom-web8.com\/gestions\/rapport-couty\/\" \/>\n<meta property=\"og:locale\" content=\"fr_FR\" \/>\n<meta property=\"og:type\" content=\"article\" \/>\n<meta property=\"og:title\" content=\"Rapport Couty : la promesse d\u2019une r\u00e9forme de plus ? - Gestions hospitali\u00e8res\" \/>\n<meta property=\"og:description\" content=\"Temps de lecture\u00a0:  6 minutes\ufeffLes hospitaliers doivent-ils se pr\u00e9parer \u00e0 une nouvelle r\u00e9volution de l\u2019h\u00f4pital et du secteur de la sant\u00e9 ? Nous avions pu nous interroger dans un pr\u00e9c\u00e9dent article\u2008(1) sur les r\u00e9formes hospitali\u00e8res \u00e0 venir avec le changement de majorit\u00e9 politique. Un an apr\u00e8s l\u2019\u00e9lection pr\u00e9sidentielle et la mise en place d\u2019un nouveau gouvernement, l\u2019heure est \u00e0 la d\u00e9finition de nouvelles perspectives. Le 4 mars dernier, \u00c9douard Couty a remis, \u00e0 la demande de la ministre des Affaires sociales et de la Sant\u00e9, un rapport intitul\u00e9 \u00ab Le pacte de confiance pour l\u2019h\u00f4pital \u00bb. La loi H\u00f4pital, patients, sant\u00e9, territoires (HPST)\u2008(2) avait elle aussi, en son temps, fait suite aux rapports Larcher et Vallancien. Ce rapport Couty, que faut-il en retenir ? Surtout, se dirige-t-on vers une nouvelle r\u00e9forme, sur le mod\u00e8le de la pr\u00e9c\u00e9dente r\u00e9forme HPST ? Une r\u00e9forme \u00ab SDFT \u00bb (Service public, dialogue social, financement et territoires) ?\" \/>\n<meta property=\"og:url\" content=\"https:\/\/www.ricom-web8.com\/gestions\/rapport-couty\/\" \/>\n<meta property=\"og:site_name\" content=\"Gestions hospitali\u00e8res\" \/>\n<meta property=\"article:publisher\" content=\"https:\/\/www.facebook.com\/gestionshospitalieres\/\" \/>\n<meta property=\"article:published_time\" content=\"2013-02-28T23:00:00+00:00\" \/>\n<meta property=\"article:modified_time\" content=\"2018-04-05T08:56:42+00:00\" \/>\n<meta name=\"author\" content=\"yann Le Sager\" \/>\n<meta name=\"twitter:card\" content=\"summary_large_image\" \/>\n<meta name=\"twitter:creator\" content=\"@revue_GH\" \/>\n<meta name=\"twitter:site\" content=\"@revue_GH\" \/>\n<meta name=\"twitter:label1\" content=\"\u00c9crit par\" \/>\n\t<meta name=\"twitter:data1\" content=\"yann Le Sager\" \/>\n\t<meta name=\"twitter:label2\" content=\"Dur\u00e9e de lecture estim\u00e9e\" \/>\n\t<meta name=\"twitter:data2\" content=\"9 minutes\" \/>\n<script type=\"application\/ld+json\" class=\"yoast-schema-graph\">{\"@context\":\"https:\/\/schema.org\",\"@graph\":[{\"@type\":\"Article\",\"@id\":\"https:\/\/www.ricom-web8.com\/gestions\/rapport-couty\/#article\",\"isPartOf\":{\"@id\":\"https:\/\/www.ricom-web8.com\/gestions\/rapport-couty\/\"},\"author\":{\"name\":\"yann Le Sager\",\"@id\":\"https:\/\/www.ricom-web8.com\/gestions\/#\/schema\/person\/810c9671279c5f5a094f6f0a42237516\"},\"headline\":\"Rapport Couty : la promesse d\u2019une r\u00e9forme de plus ?\",\"datePublished\":\"2013-02-28T23:00:00+00:00\",\"dateModified\":\"2018-04-05T08:56:42+00:00\",\"mainEntityOfPage\":{\"@id\":\"https:\/\/www.ricom-web8.com\/gestions\/rapport-couty\/\"},\"wordCount\":1787,\"commentCount\":0,\"publisher\":{\"@id\":\"https:\/\/www.ricom-web8.com\/gestions\/#organization\"},\"articleSection\":[\"Gestions Hospitali\u00e8res\",\"JuriSant\u00e9\"],\"inLanguage\":\"fr-FR\",\"potentialAction\":[{\"@type\":\"CommentAction\",\"name\":\"Comment\",\"target\":[\"https:\/\/www.ricom-web8.com\/gestions\/rapport-couty\/#respond\"]}]},{\"@type\":\"WebPage\",\"@id\":\"https:\/\/www.ricom-web8.com\/gestions\/rapport-couty\/\",\"url\":\"https:\/\/www.ricom-web8.com\/gestions\/rapport-couty\/\",\"name\":\"Rapport Couty : la promesse d\u2019une r\u00e9forme de plus ? - Gestions hospitali\u00e8res\",\"isPartOf\":{\"@id\":\"https:\/\/www.ricom-web8.com\/gestions\/#website\"},\"datePublished\":\"2013-02-28T23:00:00+00:00\",\"dateModified\":\"2018-04-05T08:56:42+00:00\",\"breadcrumb\":{\"@id\":\"https:\/\/www.ricom-web8.com\/gestions\/rapport-couty\/#breadcrumb\"},\"inLanguage\":\"fr-FR\",\"potentialAction\":[{\"@type\":\"ReadAction\",\"target\":[\"https:\/\/www.ricom-web8.com\/gestions\/rapport-couty\/\"]}]},{\"@type\":\"BreadcrumbList\",\"@id\":\"https:\/\/www.ricom-web8.com\/gestions\/rapport-couty\/#breadcrumb\",\"itemListElement\":[{\"@type\":\"ListItem\",\"position\":1,\"name\":\"Accueil\",\"item\":\"https:\/\/www.ricom-web8.com\/gestions\/\"},{\"@type\":\"ListItem\",\"position\":2,\"name\":\"Rapport Couty : la promesse d\u2019une r\u00e9forme de plus ?\"}]},{\"@type\":\"WebSite\",\"@id\":\"https:\/\/www.ricom-web8.com\/gestions\/#website\",\"url\":\"https:\/\/www.ricom-web8.com\/gestions\/\",\"name\":\"Gestions hospitali\u00e8res\",\"description\":\"la revue des d\u00e9cideurs hospitaliers\",\"publisher\":{\"@id\":\"https:\/\/www.ricom-web8.com\/gestions\/#organization\"},\"potentialAction\":[{\"@type\":\"SearchAction\",\"target\":{\"@type\":\"EntryPoint\",\"urlTemplate\":\"https:\/\/www.ricom-web8.com\/gestions\/?s={search_term_string}\"},\"query-input\":{\"@type\":\"PropertyValueSpecification\",\"valueRequired\":true,\"valueName\":\"search_term_string\"}}],\"inLanguage\":\"fr-FR\"},{\"@type\":\"Organization\",\"@id\":\"https:\/\/www.ricom-web8.com\/gestions\/#organization\",\"name\":\"Gestions hospitali\u00e8res\",\"url\":\"https:\/\/www.ricom-web8.com\/gestions\/\",\"logo\":{\"@type\":\"ImageObject\",\"inLanguage\":\"fr-FR\",\"@id\":\"https:\/\/www.ricom-web8.com\/gestions\/#\/schema\/logo\/image\/\",\"url\":\"https:\/\/gestions-hospitalieres.fr\/wp-content\/uploads\/2017\/02\/picto_Gif-GH-trans.png\",\"contentUrl\":\"https:\/\/gestions-hospitalieres.fr\/wp-content\/uploads\/2017\/02\/picto_Gif-GH-trans.png\",\"width\":512,\"height\":512,\"caption\":\"Gestions hospitali\u00e8res\"},\"image\":{\"@id\":\"https:\/\/www.ricom-web8.com\/gestions\/#\/schema\/logo\/image\/\"},\"sameAs\":[\"https:\/\/www.facebook.com\/gestionshospitalieres\/\",\"https:\/\/x.com\/revue_GH\",\"https:\/\/www.linkedin.com\/company\/gestions-hospitalieres?trk=top_nav_home\"]},{\"@type\":\"Person\",\"@id\":\"https:\/\/www.ricom-web8.com\/gestions\/#\/schema\/person\/810c9671279c5f5a094f6f0a42237516\",\"name\":\"yann Le Sager\",\"image\":{\"@type\":\"ImageObject\",\"inLanguage\":\"fr-FR\",\"@id\":\"https:\/\/www.ricom-web8.com\/gestions\/#\/schema\/person\/image\/\",\"url\":\"https:\/\/secure.gravatar.com\/avatar\/36112fa5997be9e3b9acb0c60a4a1075?s=96&d=mm&r=g\",\"contentUrl\":\"https:\/\/secure.gravatar.com\/avatar\/36112fa5997be9e3b9acb0c60a4a1075?s=96&d=mm&r=g\",\"caption\":\"yann Le Sager\"},\"url\":\"https:\/\/www.ricom-web8.com\/gestions\/author\/lesager-yannstudioricom-com\/\"}]}<\/script>\n<!-- \/ Yoast SEO plugin. -->","yoast_head_json":{"title":"Rapport Couty : la promesse d\u2019une r\u00e9forme de plus ? - Gestions hospitali\u00e8res","robots":{"index":"index","follow":"follow","max-snippet":"max-snippet:-1","max-image-preview":"max-image-preview:large","max-video-preview":"max-video-preview:-1"},"canonical":"https:\/\/www.ricom-web8.com\/gestions\/rapport-couty\/","og_locale":"fr_FR","og_type":"article","og_title":"Rapport Couty : la promesse d\u2019une r\u00e9forme de plus ? - Gestions hospitali\u00e8res","og_description":"Temps de lecture\u00a0:  6 minutes\ufeffLes hospitaliers doivent-ils se pr\u00e9parer \u00e0 une nouvelle r\u00e9volution de l\u2019h\u00f4pital et du secteur de la sant\u00e9 ? Nous avions pu nous interroger dans un pr\u00e9c\u00e9dent article\u2008(1) sur les r\u00e9formes hospitali\u00e8res \u00e0 venir avec le changement de majorit\u00e9 politique. Un an apr\u00e8s l\u2019\u00e9lection pr\u00e9sidentielle et la mise en place d\u2019un nouveau gouvernement, l\u2019heure est \u00e0 la d\u00e9finition de nouvelles perspectives. Le 4 mars dernier, \u00c9douard Couty a remis, \u00e0 la demande de la ministre des Affaires sociales et de la Sant\u00e9, un rapport intitul\u00e9 \u00ab Le pacte de confiance pour l\u2019h\u00f4pital \u00bb. La loi H\u00f4pital, patients, sant\u00e9, territoires (HPST)\u2008(2) avait elle aussi, en son temps, fait suite aux rapports Larcher et Vallancien. Ce rapport Couty, que faut-il en retenir ? Surtout, se dirige-t-on vers une nouvelle r\u00e9forme, sur le mod\u00e8le de la pr\u00e9c\u00e9dente r\u00e9forme HPST ? Une r\u00e9forme \u00ab SDFT \u00bb (Service public, dialogue social, financement et territoires) ?","og_url":"https:\/\/www.ricom-web8.com\/gestions\/rapport-couty\/","og_site_name":"Gestions hospitali\u00e8res","article_publisher":"https:\/\/www.facebook.com\/gestionshospitalieres\/","article_published_time":"2013-02-28T23:00:00+00:00","article_modified_time":"2018-04-05T08:56:42+00:00","author":"yann Le Sager","twitter_card":"summary_large_image","twitter_creator":"@revue_GH","twitter_site":"@revue_GH","twitter_misc":{"\u00c9crit par":"yann Le Sager","Dur\u00e9e de lecture estim\u00e9e":"9 minutes"},"schema":{"@context":"https:\/\/schema.org","@graph":[{"@type":"Article","@id":"https:\/\/www.ricom-web8.com\/gestions\/rapport-couty\/#article","isPartOf":{"@id":"https:\/\/www.ricom-web8.com\/gestions\/rapport-couty\/"},"author":{"name":"yann Le Sager","@id":"https:\/\/www.ricom-web8.com\/gestions\/#\/schema\/person\/810c9671279c5f5a094f6f0a42237516"},"headline":"Rapport Couty : la promesse d\u2019une r\u00e9forme de plus ?","datePublished":"2013-02-28T23:00:00+00:00","dateModified":"2018-04-05T08:56:42+00:00","mainEntityOfPage":{"@id":"https:\/\/www.ricom-web8.com\/gestions\/rapport-couty\/"},"wordCount":1787,"commentCount":0,"publisher":{"@id":"https:\/\/www.ricom-web8.com\/gestions\/#organization"},"articleSection":["Gestions Hospitali\u00e8res","JuriSant\u00e9"],"inLanguage":"fr-FR","potentialAction":[{"@type":"CommentAction","name":"Comment","target":["https:\/\/www.ricom-web8.com\/gestions\/rapport-couty\/#respond"]}]},{"@type":"WebPage","@id":"https:\/\/www.ricom-web8.com\/gestions\/rapport-couty\/","url":"https:\/\/www.ricom-web8.com\/gestions\/rapport-couty\/","name":"Rapport Couty : la promesse d\u2019une r\u00e9forme de plus ? - Gestions hospitali\u00e8res","isPartOf":{"@id":"https:\/\/www.ricom-web8.com\/gestions\/#website"},"datePublished":"2013-02-28T23:00:00+00:00","dateModified":"2018-04-05T08:56:42+00:00","breadcrumb":{"@id":"https:\/\/www.ricom-web8.com\/gestions\/rapport-couty\/#breadcrumb"},"inLanguage":"fr-FR","potentialAction":[{"@type":"ReadAction","target":["https:\/\/www.ricom-web8.com\/gestions\/rapport-couty\/"]}]},{"@type":"BreadcrumbList","@id":"https:\/\/www.ricom-web8.com\/gestions\/rapport-couty\/#breadcrumb","itemListElement":[{"@type":"ListItem","position":1,"name":"Accueil","item":"https:\/\/www.ricom-web8.com\/gestions\/"},{"@type":"ListItem","position":2,"name":"Rapport Couty : la promesse d\u2019une r\u00e9forme de plus ?"}]},{"@type":"WebSite","@id":"https:\/\/www.ricom-web8.com\/gestions\/#website","url":"https:\/\/www.ricom-web8.com\/gestions\/","name":"Gestions hospitali\u00e8res","description":"la revue des d\u00e9cideurs hospitaliers","publisher":{"@id":"https:\/\/www.ricom-web8.com\/gestions\/#organization"},"potentialAction":[{"@type":"SearchAction","target":{"@type":"EntryPoint","urlTemplate":"https:\/\/www.ricom-web8.com\/gestions\/?s={search_term_string}"},"query-input":{"@type":"PropertyValueSpecification","valueRequired":true,"valueName":"search_term_string"}}],"inLanguage":"fr-FR"},{"@type":"Organization","@id":"https:\/\/www.ricom-web8.com\/gestions\/#organization","name":"Gestions hospitali\u00e8res","url":"https:\/\/www.ricom-web8.com\/gestions\/","logo":{"@type":"ImageObject","inLanguage":"fr-FR","@id":"https:\/\/www.ricom-web8.com\/gestions\/#\/schema\/logo\/image\/","url":"https:\/\/gestions-hospitalieres.fr\/wp-content\/uploads\/2017\/02\/picto_Gif-GH-trans.png","contentUrl":"https:\/\/gestions-hospitalieres.fr\/wp-content\/uploads\/2017\/02\/picto_Gif-GH-trans.png","width":512,"height":512,"caption":"Gestions hospitali\u00e8res"},"image":{"@id":"https:\/\/www.ricom-web8.com\/gestions\/#\/schema\/logo\/image\/"},"sameAs":["https:\/\/www.facebook.com\/gestionshospitalieres\/","https:\/\/x.com\/revue_GH","https:\/\/www.linkedin.com\/company\/gestions-hospitalieres?trk=top_nav_home"]},{"@type":"Person","@id":"https:\/\/www.ricom-web8.com\/gestions\/#\/schema\/person\/810c9671279c5f5a094f6f0a42237516","name":"yann Le Sager","image":{"@type":"ImageObject","inLanguage":"fr-FR","@id":"https:\/\/www.ricom-web8.com\/gestions\/#\/schema\/person\/image\/","url":"https:\/\/secure.gravatar.com\/avatar\/36112fa5997be9e3b9acb0c60a4a1075?s=96&d=mm&r=g","contentUrl":"https:\/\/secure.gravatar.com\/avatar\/36112fa5997be9e3b9acb0c60a4a1075?s=96&d=mm&r=g","caption":"yann Le Sager"},"url":"https:\/\/www.ricom-web8.com\/gestions\/author\/lesager-yannstudioricom-com\/"}]}},"_links":{"self":[{"href":"https:\/\/www.ricom-web8.com\/gestions\/wp-json\/wp\/v2\/posts\/15488","targetHints":{"allow":["GET"]}}],"collection":[{"href":"https:\/\/www.ricom-web8.com\/gestions\/wp-json\/wp\/v2\/posts"}],"about":[{"href":"https:\/\/www.ricom-web8.com\/gestions\/wp-json\/wp\/v2\/types\/post"}],"author":[{"embeddable":true,"href":"https:\/\/www.ricom-web8.com\/gestions\/wp-json\/wp\/v2\/users\/1202"}],"replies":[{"embeddable":true,"href":"https:\/\/www.ricom-web8.com\/gestions\/wp-json\/wp\/v2\/comments?post=15488"}],"version-history":[{"count":0,"href":"https:\/\/www.ricom-web8.com\/gestions\/wp-json\/wp\/v2\/posts\/15488\/revisions"}],"wp:attachment":[{"href":"https:\/\/www.ricom-web8.com\/gestions\/wp-json\/wp\/v2\/media?parent=15488"}],"wp:term":[{"taxonomy":"category","embeddable":true,"href":"https:\/\/www.ricom-web8.com\/gestions\/wp-json\/wp\/v2\/categories?post=15488"},{"taxonomy":"post_tag","embeddable":true,"href":"https:\/\/www.ricom-web8.com\/gestions\/wp-json\/wp\/v2\/tags?post=15488"}],"curies":[{"name":"wp","href":"https:\/\/api.w.org\/{rel}","templated":true}]}}