

{"id":15501,"date":"2013-04-01T00:00:00","date_gmt":"2013-03-31T22:00:00","guid":{"rendered":"http:\/\/ricom-web.com\/gestions-hospitalieres\/la-gestion-des-risques-lies-aux-procedures-de-soins-et-de-securite-des-patients\/"},"modified":"2018-03-08T10:28:15","modified_gmt":"2018-03-08T09:28:15","slug":"la-gestion-des-risques-lies-aux-procedures-de-soins-et-de-securite-des-patients","status":"publish","type":"post","link":"https:\/\/www.ricom-web8.com\/gestions\/la-gestion-des-risques-lies-aux-procedures-de-soins-et-de-securite-des-patients\/","title":{"rendered":"La gestion des risques li\u00e9s aux proc\u00e9dures de soins et de s\u00e9curit\u00e9 des patients"},"content":{"rendered":"<span class=\"span-reading-time rt-reading-time\" style=\"display: block;\"><span class=\"rt-label rt-prefix\">Temps de lecture\u00a0: <\/span> <span class=\"rt-time\"> 3<\/span> <span class=\"rt-label rt-postfix\">minutes<\/span><\/span><p>La s\u00e9curit\u00e9 des patients et la gestion des risques en milieu de soins constituent des enjeux majeurs de sant\u00e9 publique \u00e0 l\u2019\u00e9chelle mondiale, en particulier en Afrique o\u00f9 la pr\u00e9valence des \u00e9v\u00e9nements ind\u00e9sirables graves en milieux de soins est estim\u00e9e entre 30\u00a0% et 65\u00a0%.<\/p>\n<p>\u00c0 cet effet, sous l\u2019impulsion de l\u2019Organisation mondiale de la sant\u00e9 (OMS) et avec l\u2019appui du R\u00e9seau international pour la planification et l\u2019am\u00e9lioration de la qualit\u00e9 et la s\u00e9curit\u00e9 des soins en Afrique (Ripaqs), les autorit\u00e9s sanitaires de certains pays africains ont d\u00e9cid\u00e9 de s\u2019engager dans les ann\u00e9es 2000 dans la dynamique mondiale de la promotion de la s\u00e9curit\u00e9 des patients et la gestion des risques en vue de r\u00e9duire l\u2019occurrence des \u00e9v\u00e9nements ind\u00e9sirables graves dans les \u00e9tablissements de sant\u00e9.<\/p>\n<p>Le travail pr\u00e9sent\u00e9 ici vise \u00e0 analyser la situation de la s\u00e9curit\u00e9 des patients, la gestion des risques et des vigilances sanitaires dans les syst\u00e8mes de sant\u00e9 en Afrique et \u00e0 en d\u00e9duire les principales contraintes au d\u00e9veloppement des interventions en mati\u00e8re d\u2019am\u00e9lioration de la s\u00e9curit\u00e9 des patients dans les \u00e9tablissements de sant\u00e9.<\/p>\n<h1>M\u00e9thode<\/h1>\n<p>Il s\u2019agit d\u2019une \u00e9tude pilote transversale prospective d\u2019une dur\u00e9e de six mois r\u00e9alis\u00e9e en 2009 sur la situation de la s\u00e9curit\u00e9 des patients, la gestion des risques et des vigilances sanitaires dans dix pays francophones et lusophones de l\u2019Afrique de l\u2019Ouest. Elle a \u00e9t\u00e9 r\u00e9alis\u00e9e \u00e0 l\u2019aide d\u2019un questionnaire comportant 69 items cot\u00e9s selon un mode ordinal (1 \u00e0 5) et bas\u00e9 sur l\u2019\u00e9chelle d\u2019analyse de Likert.<\/p>\n<p>Les items ont \u00e9t\u00e9 r\u00e9partis selon les huit composantes de la strat\u00e9gie OMS du renforcement du syst\u00e8me de sant\u00e9 :<\/p>\n<ul>\n<li>leadership et gouvernance,<\/li>\n<li>prestations des services,<\/li>\n<li>ressources humaines,<\/li>\n<li>financement et syst\u00e8mes d\u2019assurance,<\/li>\n<li>syst\u00e8mes d\u2019information,<\/li>\n<li>technologies sanitaires (achat, logistique, approvisionnement),<\/li>\n<li>participation communautaire,<\/li>\n<li>recherche.<\/li>\n<\/ul>\n<blockquote><p>En Afrique subsaharienne, comme dans la plupart des pays en d\u00e9veloppement, il existe peu de donn\u00e9es nationales sur la situation de la gestion des risques en milieu de soins.<\/p><\/blockquote>\n<h1>R\u00e9sultats<\/h1>\n<ul>\n<li><strong>Volet engagement politique<\/strong> : prise de conscience encore timide de la gravit\u00e9 de la situation :<br \/>\n&#8211; seuls 41 % des pays consid\u00e8rent la s\u00e9curit\u00e9 des patients comme une priorit\u00e9 dans leur politique nationale de sant\u00e9,<br \/>\n&#8211; 71 % ont mis en place des mesures pour la gestion du risque infectieux,<br \/>\n&#8211; 100 % disposent d\u2019une d\u00e9marche d\u2019h\u00e9movigilance contre seulement 20 % pour la mat\u00e9rio, pharmaco, toxico et r\u00e9actovigilance ;<\/li>\n<li><strong>Volet ressources et infrastructures n\u00e9cessaires<\/strong> : insuffisance notoire de la prise en compte des exigences de s\u00e9curit\u00e9 des patients : les pays ne disposent pas de personnels qualifi\u00e9s (80 %), de mat\u00e9riels de protection du personnel (73 %), de r\u00e9glementations sur la qualit\u00e9 de l\u2019alimentation et des fluides en milieu m\u00e9dical (100 %) et de financement sp\u00e9cifique pour la s\u00e9curit\u00e9 des patients (84 %) ;<\/li>\n<li><strong>Volet gestion des \u00e9v\u00e9nements ind\u00e9sirables<\/strong> : absence de culture de la s\u00e9curit\u00e9 avec plus de 70 % des pays ne disposant pas de m\u00e9canismes officiels de gestion des \u00e9v\u00e9nements ind\u00e9sirables et 60 % qui n\u2019ont pas de m\u00e9canisme de signalement et de traitement des erreurs m\u00e9dicales li\u00e9es aux proc\u00e9dures de soins.<\/li>\n<\/ul>\n<h1>Discussion<\/h1>\n<p>Le taux de conformit\u00e9 moyen des exigences est de 40,6 % dans la plupart des pays, traduisant un niveau de s\u00e9curit\u00e9 insuffisant dans les syst\u00e8mes de sant\u00e9 en Afrique de l\u2019Ouest au seuil d\u2019acceptation de 80 %. Les principales contraintes au d\u00e9veloppement de la gestion des risques et de la s\u00e9curit\u00e9 dans les \u00e9tablissements de sant\u00e9 en Afrique sont, par ordre de priorit\u00e9 :<\/p>\n<ul>\n<li>politique (insuffisance d\u2019engagement politique),<\/li>\n<li>strat\u00e9gique (absence d\u2019harmonisation des strat\u00e9gies nationales d\u2019am\u00e9lioration de la s\u00e9curit\u00e9 des soins),<\/li>\n<li>institutionnel (absence de cadres institutionnel et r\u00e9glementaire appropri\u00e9s),<\/li>\n<li>technique (insuffisance de personnes ressources comp\u00e9tentes, de structures techniques et d\u2019infrastructures sanitaires respectant les normes internationales),<\/li>\n<li>financier (insuffisance de ressources financi\u00e8res allou\u00e9es).<\/li>\n<\/ul>\n<h1>Conclusion<\/h1>\n<p>Le faible niveau d\u2019application des exigences en mati\u00e8re de gestion des risques et de s\u00e9curit\u00e9 des patients en milieux de soins en Afrique de l\u2019Ouest a pour cons\u00e9quence un risque accru de survenue d\u2019\u00e9v\u00e9nements ind\u00e9sirables graves. Cette situation est en rapport avec une absence de culture de la s\u00e9curit\u00e9 et de la gestion des risques dans les \u00e9tablissements de sant\u00e9 qui doit \u00eatre bas\u00e9e sur les trois niveaux conceptuels suivants : \u00e9viter les \u00e9v\u00e9nements ind\u00e9sirables graves, les rendre visibles et att\u00e9nuer leurs effets lorsqu\u2019ils surviennent.<\/p>\n<p><strong><span style=\"color: #000000;\">R\u00e9f\u00e9rences<\/span><br \/>\n<\/strong>OMS, \u00ab Qualit\u00e9 des soins : s\u00e9curit\u00e9 des patients, 55<sup>e<\/sup> Assembl\u00e9e mondiale de la sant\u00e9 \u00bb, document A55\/13, 23 mars 2002.<\/p>\n<p>OMS Afro, \u00ab Am\u00e9liorer la s\u00e9curit\u00e9 des patients dans la r\u00e9gion africaine : appel du Dr Sambo \u00bb, Yaound\u00e9, 2 septembre 2008.<\/p>\n<p>Ripaqs, \u00ab Rapport de la session sp\u00e9ciale sur la s\u00e9curit\u00e9 des patients dans l\u2019espace Cedeao \u00bb, 10<sup>e<\/sup> Assembl\u00e9e des ministres de la Sant\u00e9, Yamoussoukro, juillet 2009.<\/p>\n<script>function PlayerjsAsync(){} if(window[\"Playerjs\"]){PlayerjsAsync();}<\/script>","protected":false},"excerpt":{"rendered":"<p><span class=\"span-reading-time rt-reading-time\" style=\"display: block;\"><span class=\"rt-label rt-prefix\">Temps de lecture\u00a0: <\/span> <span class=\"rt-time\"> 3<\/span> <span class=\"rt-label rt-postfix\">minutes<\/span><\/span>\ufeffLa gestion des risques et la s\u00e9curit\u00e9 sont des pr\u00e9occupations r\u00e9centes dans les processus de soins en Afrique subsaharienne, aussi bien pour les professionnels de sant\u00e9 que pour les usagers et les communaut\u00e9s. Cependant, comme dans la plupart des pays en d\u00e9veloppement, il existe peu de donn\u00e9es nationales sur la situation de la gestion des risques en milieu de soins. Les auteurs pr\u00e9sentent les r\u00e9sultats d\u2019une \u00e9tude pilote multicentrique d\u2019analyse situationnelle des dispositifs nationaux en mati\u00e8re de s\u00e9curit\u00e9 des patients et de gestion des risques dans les \u00e9tablissements de sant\u00e9 dans les pays de l\u2019Afrique de l\u2019Ouest en vue d\u2019une aide \u00e0 la prise de d\u00e9cisions par les autorit\u00e9s sanitaires.<\/p>\n","protected":false},"author":1202,"featured_media":0,"comment_status":"open","ping_status":"open","sticky":false,"template":"","format":"standard","meta":{"_acf_changed":false,"_relevanssi_hide_post":"","_relevanssi_hide_content":"","_relevanssi_pin_for_all":"","_relevanssi_pin_keywords":"","_relevanssi_unpin_keywords":"","_relevanssi_related_keywords":"","_relevanssi_related_include_ids":"","_relevanssi_related_exclude_ids":"","_relevanssi_related_no_append":"","_relevanssi_related_not_related":"","_relevanssi_related_posts":"","_relevanssi_noindex_reason":"","footnotes":""},"categories":[26,2],"tags":[1065,4738,525,4208,526,1093],"class_list":["post-15501","post","type-post","status-publish","format-standard","hentry","category-dossier","category-gestions-hospitalieres","tag-afrique","tag-evenement-indesirable","tag-gestion-des-risques","tag-securite-du-patient","tag-securite-sanitaire","tag-vigilance-sanitaire"],"acf":[],"yoast_head":"<!-- This site is optimized with the Yoast SEO plugin v24.8.1 - https:\/\/yoast.com\/wordpress\/plugins\/seo\/ -->\n<title>La gestion des risques li\u00e9s aux proc\u00e9dures de soins et de s\u00e9curit\u00e9 des patients - Gestions hospitali\u00e8res<\/title>\n<meta name=\"robots\" content=\"index, follow, max-snippet:-1, max-image-preview:large, max-video-preview:-1\" \/>\n<link rel=\"canonical\" href=\"https:\/\/www.ricom-web8.com\/gestions\/la-gestion-des-risques-lies-aux-procedures-de-soins-et-de-securite-des-patients\/\" \/>\n<meta property=\"og:locale\" content=\"fr_FR\" \/>\n<meta property=\"og:type\" content=\"article\" \/>\n<meta property=\"og:title\" content=\"La gestion des risques li\u00e9s aux proc\u00e9dures de soins et de s\u00e9curit\u00e9 des patients - Gestions hospitali\u00e8res\" \/>\n<meta property=\"og:description\" content=\"Temps de lecture\u00a0:  3 minutes\ufeffLa gestion des risques et la s\u00e9curit\u00e9 sont des pr\u00e9occupations r\u00e9centes dans les processus de soins en Afrique subsaharienne, aussi bien pour les professionnels de sant\u00e9 que pour les usagers et les communaut\u00e9s. Cependant, comme dans la plupart des pays en d\u00e9veloppement, il existe peu de donn\u00e9es nationales sur la situation de la gestion des risques en milieu de soins. Les auteurs pr\u00e9sentent les r\u00e9sultats d\u2019une \u00e9tude pilote multicentrique d\u2019analyse situationnelle des dispositifs nationaux en mati\u00e8re de s\u00e9curit\u00e9 des patients et de gestion des risques dans les \u00e9tablissements de sant\u00e9 dans les pays de l\u2019Afrique de l\u2019Ouest en vue d\u2019une aide \u00e0 la prise de d\u00e9cisions par les autorit\u00e9s sanitaires.\" \/>\n<meta property=\"og:url\" content=\"https:\/\/www.ricom-web8.com\/gestions\/la-gestion-des-risques-lies-aux-procedures-de-soins-et-de-securite-des-patients\/\" \/>\n<meta property=\"og:site_name\" content=\"Gestions hospitali\u00e8res\" \/>\n<meta property=\"article:publisher\" content=\"https:\/\/www.facebook.com\/gestionshospitalieres\/\" \/>\n<meta property=\"article:published_time\" content=\"2013-03-31T22:00:00+00:00\" \/>\n<meta property=\"article:modified_time\" content=\"2018-03-08T09:28:15+00:00\" \/>\n<meta name=\"author\" content=\"yann Le Sager\" \/>\n<meta name=\"twitter:card\" content=\"summary_large_image\" \/>\n<meta name=\"twitter:creator\" content=\"@revue_GH\" \/>\n<meta name=\"twitter:site\" content=\"@revue_GH\" \/>\n<meta name=\"twitter:label1\" content=\"\u00c9crit par\" \/>\n\t<meta name=\"twitter:data1\" content=\"yann Le Sager\" \/>\n\t<meta name=\"twitter:label2\" content=\"Dur\u00e9e de lecture estim\u00e9e\" \/>\n\t<meta name=\"twitter:data2\" content=\"4 minutes\" \/>\n<script type=\"application\/ld+json\" class=\"yoast-schema-graph\">{\"@context\":\"https:\/\/schema.org\",\"@graph\":[{\"@type\":\"Article\",\"@id\":\"https:\/\/www.ricom-web8.com\/gestions\/la-gestion-des-risques-lies-aux-procedures-de-soins-et-de-securite-des-patients\/#article\",\"isPartOf\":{\"@id\":\"https:\/\/www.ricom-web8.com\/gestions\/la-gestion-des-risques-lies-aux-procedures-de-soins-et-de-securite-des-patients\/\"},\"author\":{\"name\":\"yann Le Sager\",\"@id\":\"https:\/\/www.ricom-web8.com\/gestions\/#\/schema\/person\/810c9671279c5f5a094f6f0a42237516\"},\"headline\":\"La gestion des risques li\u00e9s aux proc\u00e9dures de soins et de s\u00e9curit\u00e9 des patients\",\"datePublished\":\"2013-03-31T22:00:00+00:00\",\"dateModified\":\"2018-03-08T09:28:15+00:00\",\"mainEntityOfPage\":{\"@id\":\"https:\/\/www.ricom-web8.com\/gestions\/la-gestion-des-risques-lies-aux-procedures-de-soins-et-de-securite-des-patients\/\"},\"wordCount\":857,\"commentCount\":0,\"publisher\":{\"@id\":\"https:\/\/www.ricom-web8.com\/gestions\/#organization\"},\"keywords\":[\"Afrique\",\"\u00e9v\u00e9nement ind\u00e9sirable\",\"gestion des risques\",\"s\u00e9curit\u00e9 du patient\",\"s\u00e9curit\u00e9 sanitaire\",\"vigilance sanitaire\"],\"articleSection\":[\"dossier\",\"Gestions Hospitali\u00e8res\"],\"inLanguage\":\"fr-FR\",\"potentialAction\":[{\"@type\":\"CommentAction\",\"name\":\"Comment\",\"target\":[\"https:\/\/www.ricom-web8.com\/gestions\/la-gestion-des-risques-lies-aux-procedures-de-soins-et-de-securite-des-patients\/#respond\"]}]},{\"@type\":\"WebPage\",\"@id\":\"https:\/\/www.ricom-web8.com\/gestions\/la-gestion-des-risques-lies-aux-procedures-de-soins-et-de-securite-des-patients\/\",\"url\":\"https:\/\/www.ricom-web8.com\/gestions\/la-gestion-des-risques-lies-aux-procedures-de-soins-et-de-securite-des-patients\/\",\"name\":\"La gestion des risques li\u00e9s aux proc\u00e9dures de soins et de s\u00e9curit\u00e9 des patients - Gestions hospitali\u00e8res\",\"isPartOf\":{\"@id\":\"https:\/\/www.ricom-web8.com\/gestions\/#website\"},\"datePublished\":\"2013-03-31T22:00:00+00:00\",\"dateModified\":\"2018-03-08T09:28:15+00:00\",\"breadcrumb\":{\"@id\":\"https:\/\/www.ricom-web8.com\/gestions\/la-gestion-des-risques-lies-aux-procedures-de-soins-et-de-securite-des-patients\/#breadcrumb\"},\"inLanguage\":\"fr-FR\",\"potentialAction\":[{\"@type\":\"ReadAction\",\"target\":[\"https:\/\/www.ricom-web8.com\/gestions\/la-gestion-des-risques-lies-aux-procedures-de-soins-et-de-securite-des-patients\/\"]}]},{\"@type\":\"BreadcrumbList\",\"@id\":\"https:\/\/www.ricom-web8.com\/gestions\/la-gestion-des-risques-lies-aux-procedures-de-soins-et-de-securite-des-patients\/#breadcrumb\",\"itemListElement\":[{\"@type\":\"ListItem\",\"position\":1,\"name\":\"Accueil\",\"item\":\"https:\/\/www.ricom-web8.com\/gestions\/\"},{\"@type\":\"ListItem\",\"position\":2,\"name\":\"La gestion des risques li\u00e9s aux proc\u00e9dures de soins et de s\u00e9curit\u00e9 des patients\"}]},{\"@type\":\"WebSite\",\"@id\":\"https:\/\/www.ricom-web8.com\/gestions\/#website\",\"url\":\"https:\/\/www.ricom-web8.com\/gestions\/\",\"name\":\"Gestions hospitali\u00e8res\",\"description\":\"la revue des d\u00e9cideurs hospitaliers\",\"publisher\":{\"@id\":\"https:\/\/www.ricom-web8.com\/gestions\/#organization\"},\"potentialAction\":[{\"@type\":\"SearchAction\",\"target\":{\"@type\":\"EntryPoint\",\"urlTemplate\":\"https:\/\/www.ricom-web8.com\/gestions\/?s={search_term_string}\"},\"query-input\":{\"@type\":\"PropertyValueSpecification\",\"valueRequired\":true,\"valueName\":\"search_term_string\"}}],\"inLanguage\":\"fr-FR\"},{\"@type\":\"Organization\",\"@id\":\"https:\/\/www.ricom-web8.com\/gestions\/#organization\",\"name\":\"Gestions hospitali\u00e8res\",\"url\":\"https:\/\/www.ricom-web8.com\/gestions\/\",\"logo\":{\"@type\":\"ImageObject\",\"inLanguage\":\"fr-FR\",\"@id\":\"https:\/\/www.ricom-web8.com\/gestions\/#\/schema\/logo\/image\/\",\"url\":\"https:\/\/gestions-hospitalieres.fr\/wp-content\/uploads\/2017\/02\/picto_Gif-GH-trans.png\",\"contentUrl\":\"https:\/\/gestions-hospitalieres.fr\/wp-content\/uploads\/2017\/02\/picto_Gif-GH-trans.png\",\"width\":512,\"height\":512,\"caption\":\"Gestions hospitali\u00e8res\"},\"image\":{\"@id\":\"https:\/\/www.ricom-web8.com\/gestions\/#\/schema\/logo\/image\/\"},\"sameAs\":[\"https:\/\/www.facebook.com\/gestionshospitalieres\/\",\"https:\/\/x.com\/revue_GH\",\"https:\/\/www.linkedin.com\/company\/gestions-hospitalieres?trk=top_nav_home\"]},{\"@type\":\"Person\",\"@id\":\"https:\/\/www.ricom-web8.com\/gestions\/#\/schema\/person\/810c9671279c5f5a094f6f0a42237516\",\"name\":\"yann Le Sager\",\"image\":{\"@type\":\"ImageObject\",\"inLanguage\":\"fr-FR\",\"@id\":\"https:\/\/www.ricom-web8.com\/gestions\/#\/schema\/person\/image\/\",\"url\":\"https:\/\/secure.gravatar.com\/avatar\/36112fa5997be9e3b9acb0c60a4a1075?s=96&d=mm&r=g\",\"contentUrl\":\"https:\/\/secure.gravatar.com\/avatar\/36112fa5997be9e3b9acb0c60a4a1075?s=96&d=mm&r=g\",\"caption\":\"yann Le Sager\"},\"url\":\"https:\/\/www.ricom-web8.com\/gestions\/author\/lesager-yannstudioricom-com\/\"}]}<\/script>\n<!-- \/ Yoast SEO plugin. -->","yoast_head_json":{"title":"La gestion des risques li\u00e9s aux proc\u00e9dures de soins et de s\u00e9curit\u00e9 des patients - Gestions hospitali\u00e8res","robots":{"index":"index","follow":"follow","max-snippet":"max-snippet:-1","max-image-preview":"max-image-preview:large","max-video-preview":"max-video-preview:-1"},"canonical":"https:\/\/www.ricom-web8.com\/gestions\/la-gestion-des-risques-lies-aux-procedures-de-soins-et-de-securite-des-patients\/","og_locale":"fr_FR","og_type":"article","og_title":"La gestion des risques li\u00e9s aux proc\u00e9dures de soins et de s\u00e9curit\u00e9 des patients - Gestions hospitali\u00e8res","og_description":"Temps de lecture\u00a0:  3 minutes\ufeffLa gestion des risques et la s\u00e9curit\u00e9 sont des pr\u00e9occupations r\u00e9centes dans les processus de soins en Afrique subsaharienne, aussi bien pour les professionnels de sant\u00e9 que pour les usagers et les communaut\u00e9s. Cependant, comme dans la plupart des pays en d\u00e9veloppement, il existe peu de donn\u00e9es nationales sur la situation de la gestion des risques en milieu de soins. Les auteurs pr\u00e9sentent les r\u00e9sultats d\u2019une \u00e9tude pilote multicentrique d\u2019analyse situationnelle des dispositifs nationaux en mati\u00e8re de s\u00e9curit\u00e9 des patients et de gestion des risques dans les \u00e9tablissements de sant\u00e9 dans les pays de l\u2019Afrique de l\u2019Ouest en vue d\u2019une aide \u00e0 la prise de d\u00e9cisions par les autorit\u00e9s sanitaires.","og_url":"https:\/\/www.ricom-web8.com\/gestions\/la-gestion-des-risques-lies-aux-procedures-de-soins-et-de-securite-des-patients\/","og_site_name":"Gestions hospitali\u00e8res","article_publisher":"https:\/\/www.facebook.com\/gestionshospitalieres\/","article_published_time":"2013-03-31T22:00:00+00:00","article_modified_time":"2018-03-08T09:28:15+00:00","author":"yann Le Sager","twitter_card":"summary_large_image","twitter_creator":"@revue_GH","twitter_site":"@revue_GH","twitter_misc":{"\u00c9crit par":"yann Le Sager","Dur\u00e9e de lecture estim\u00e9e":"4 minutes"},"schema":{"@context":"https:\/\/schema.org","@graph":[{"@type":"Article","@id":"https:\/\/www.ricom-web8.com\/gestions\/la-gestion-des-risques-lies-aux-procedures-de-soins-et-de-securite-des-patients\/#article","isPartOf":{"@id":"https:\/\/www.ricom-web8.com\/gestions\/la-gestion-des-risques-lies-aux-procedures-de-soins-et-de-securite-des-patients\/"},"author":{"name":"yann Le Sager","@id":"https:\/\/www.ricom-web8.com\/gestions\/#\/schema\/person\/810c9671279c5f5a094f6f0a42237516"},"headline":"La gestion des risques li\u00e9s aux proc\u00e9dures de soins et de s\u00e9curit\u00e9 des patients","datePublished":"2013-03-31T22:00:00+00:00","dateModified":"2018-03-08T09:28:15+00:00","mainEntityOfPage":{"@id":"https:\/\/www.ricom-web8.com\/gestions\/la-gestion-des-risques-lies-aux-procedures-de-soins-et-de-securite-des-patients\/"},"wordCount":857,"commentCount":0,"publisher":{"@id":"https:\/\/www.ricom-web8.com\/gestions\/#organization"},"keywords":["Afrique","\u00e9v\u00e9nement ind\u00e9sirable","gestion des risques","s\u00e9curit\u00e9 du patient","s\u00e9curit\u00e9 sanitaire","vigilance sanitaire"],"articleSection":["dossier","Gestions Hospitali\u00e8res"],"inLanguage":"fr-FR","potentialAction":[{"@type":"CommentAction","name":"Comment","target":["https:\/\/www.ricom-web8.com\/gestions\/la-gestion-des-risques-lies-aux-procedures-de-soins-et-de-securite-des-patients\/#respond"]}]},{"@type":"WebPage","@id":"https:\/\/www.ricom-web8.com\/gestions\/la-gestion-des-risques-lies-aux-procedures-de-soins-et-de-securite-des-patients\/","url":"https:\/\/www.ricom-web8.com\/gestions\/la-gestion-des-risques-lies-aux-procedures-de-soins-et-de-securite-des-patients\/","name":"La gestion des risques li\u00e9s aux proc\u00e9dures de soins et de s\u00e9curit\u00e9 des patients - Gestions hospitali\u00e8res","isPartOf":{"@id":"https:\/\/www.ricom-web8.com\/gestions\/#website"},"datePublished":"2013-03-31T22:00:00+00:00","dateModified":"2018-03-08T09:28:15+00:00","breadcrumb":{"@id":"https:\/\/www.ricom-web8.com\/gestions\/la-gestion-des-risques-lies-aux-procedures-de-soins-et-de-securite-des-patients\/#breadcrumb"},"inLanguage":"fr-FR","potentialAction":[{"@type":"ReadAction","target":["https:\/\/www.ricom-web8.com\/gestions\/la-gestion-des-risques-lies-aux-procedures-de-soins-et-de-securite-des-patients\/"]}]},{"@type":"BreadcrumbList","@id":"https:\/\/www.ricom-web8.com\/gestions\/la-gestion-des-risques-lies-aux-procedures-de-soins-et-de-securite-des-patients\/#breadcrumb","itemListElement":[{"@type":"ListItem","position":1,"name":"Accueil","item":"https:\/\/www.ricom-web8.com\/gestions\/"},{"@type":"ListItem","position":2,"name":"La gestion des risques li\u00e9s aux proc\u00e9dures de soins et de s\u00e9curit\u00e9 des patients"}]},{"@type":"WebSite","@id":"https:\/\/www.ricom-web8.com\/gestions\/#website","url":"https:\/\/www.ricom-web8.com\/gestions\/","name":"Gestions hospitali\u00e8res","description":"la revue des d\u00e9cideurs hospitaliers","publisher":{"@id":"https:\/\/www.ricom-web8.com\/gestions\/#organization"},"potentialAction":[{"@type":"SearchAction","target":{"@type":"EntryPoint","urlTemplate":"https:\/\/www.ricom-web8.com\/gestions\/?s={search_term_string}"},"query-input":{"@type":"PropertyValueSpecification","valueRequired":true,"valueName":"search_term_string"}}],"inLanguage":"fr-FR"},{"@type":"Organization","@id":"https:\/\/www.ricom-web8.com\/gestions\/#organization","name":"Gestions hospitali\u00e8res","url":"https:\/\/www.ricom-web8.com\/gestions\/","logo":{"@type":"ImageObject","inLanguage":"fr-FR","@id":"https:\/\/www.ricom-web8.com\/gestions\/#\/schema\/logo\/image\/","url":"https:\/\/gestions-hospitalieres.fr\/wp-content\/uploads\/2017\/02\/picto_Gif-GH-trans.png","contentUrl":"https:\/\/gestions-hospitalieres.fr\/wp-content\/uploads\/2017\/02\/picto_Gif-GH-trans.png","width":512,"height":512,"caption":"Gestions hospitali\u00e8res"},"image":{"@id":"https:\/\/www.ricom-web8.com\/gestions\/#\/schema\/logo\/image\/"},"sameAs":["https:\/\/www.facebook.com\/gestionshospitalieres\/","https:\/\/x.com\/revue_GH","https:\/\/www.linkedin.com\/company\/gestions-hospitalieres?trk=top_nav_home"]},{"@type":"Person","@id":"https:\/\/www.ricom-web8.com\/gestions\/#\/schema\/person\/810c9671279c5f5a094f6f0a42237516","name":"yann Le Sager","image":{"@type":"ImageObject","inLanguage":"fr-FR","@id":"https:\/\/www.ricom-web8.com\/gestions\/#\/schema\/person\/image\/","url":"https:\/\/secure.gravatar.com\/avatar\/36112fa5997be9e3b9acb0c60a4a1075?s=96&d=mm&r=g","contentUrl":"https:\/\/secure.gravatar.com\/avatar\/36112fa5997be9e3b9acb0c60a4a1075?s=96&d=mm&r=g","caption":"yann Le Sager"},"url":"https:\/\/www.ricom-web8.com\/gestions\/author\/lesager-yannstudioricom-com\/"}]}},"_links":{"self":[{"href":"https:\/\/www.ricom-web8.com\/gestions\/wp-json\/wp\/v2\/posts\/15501","targetHints":{"allow":["GET"]}}],"collection":[{"href":"https:\/\/www.ricom-web8.com\/gestions\/wp-json\/wp\/v2\/posts"}],"about":[{"href":"https:\/\/www.ricom-web8.com\/gestions\/wp-json\/wp\/v2\/types\/post"}],"author":[{"embeddable":true,"href":"https:\/\/www.ricom-web8.com\/gestions\/wp-json\/wp\/v2\/users\/1202"}],"replies":[{"embeddable":true,"href":"https:\/\/www.ricom-web8.com\/gestions\/wp-json\/wp\/v2\/comments?post=15501"}],"version-history":[{"count":0,"href":"https:\/\/www.ricom-web8.com\/gestions\/wp-json\/wp\/v2\/posts\/15501\/revisions"}],"wp:attachment":[{"href":"https:\/\/www.ricom-web8.com\/gestions\/wp-json\/wp\/v2\/media?parent=15501"}],"wp:term":[{"taxonomy":"category","embeddable":true,"href":"https:\/\/www.ricom-web8.com\/gestions\/wp-json\/wp\/v2\/categories?post=15501"},{"taxonomy":"post_tag","embeddable":true,"href":"https:\/\/www.ricom-web8.com\/gestions\/wp-json\/wp\/v2\/tags?post=15501"}],"curies":[{"name":"wp","href":"https:\/\/api.w.org\/{rel}","templated":true}]}}