

{"id":15527,"date":"2013-07-01T00:00:00","date_gmt":"2013-06-30T22:00:00","guid":{"rendered":"http:\/\/ricom-web.com\/gestions-hospitalieres\/le-chsct-a-lhopital-2\/"},"modified":"2018-03-08T10:13:28","modified_gmt":"2018-03-08T09:13:28","slug":"le-chsct-a-lhopital-2","status":"publish","type":"post","link":"https:\/\/www.ricom-web8.com\/gestions\/le-chsct-a-lhopital-2\/","title":{"rendered":"Le CHSCT \u00e0 l\u2019h\u00f4pital (2\/2)"},"content":{"rendered":"<span class=\"span-reading-time rt-reading-time\" style=\"display: block;\"><span class=\"rt-label rt-prefix\">Temps de lecture\u00a0: <\/span> <span class=\"rt-time\"> 7<\/span> <span class=\"rt-label rt-postfix\">minutes<\/span><\/span><h1>Les consultations obligatoires<\/h1>\n<p>Le CHSCT doit \u00eatre obligatoirement consult\u00e9 <sup class=\"appel\" data-toggle=\"modal\" data-target=\"#notes\">(1)<\/sup> :<\/p>\n<ul>\n<li>avant toute d\u00e9cision d\u2019am\u00e9nagement important modifiant les conditions de sant\u00e9 et de s\u00e9curit\u00e9 ou les conditions de travail et, notamment, avant toute transformation importante des postes de travail d\u00e9coulant de la modification de l\u2019outillage, d\u2019un changement de produit ou de l\u2019organisation du travail, avant toute modification des cadences et des normes de productivit\u00e9 li\u00e9es ou non \u00e0 la r\u00e9mun\u00e9ration du travail ;<\/li>\n<li>sur le projet d\u2019introduction et lors de l\u2019introduction de nouvelles technologies, sur les cons\u00e9quences de ce projet ou de cette introduction sur la sant\u00e9 et la s\u00e9curit\u00e9 des travailleurs ;<\/li>\n<li>sur le plan d\u2019adaptation \u00e9tabli lors de la mise en \u0153uvre de mutations technologiques importantes et rapides ;<\/li>\n<li>sur les mesures prises en vue de faciliter la mise, la remise ou le maintien au travail des accident\u00e9s du travail, des invalides de guerre, des invalides civils et des travailleurs handicap\u00e9s, notamment l\u2019am\u00e9nagement des postes de travail ;<\/li>\n<li>sur les documents se rattachant \u00e0 sa mission, notamment son r\u00e8glement int\u00e9rieur.<\/li>\n<\/ul>\n<p>Le code du travail impose \u00e9galement la consultation du CHSCT sur les projets de d\u00e9mat\u00e9rialisation des registres dont il tiendrait de la loi un droit d\u2019acc\u00e8s. Ind\u00e9pendamment des consultations obligatoires, le CHSCT se prononce sur toute question de sa comp\u00e9tence dont il est saisi par le directeur, le comit\u00e9 technique d\u2019\u00e9tablissement (CTE) et les repr\u00e9sentants du personnel.<\/p>\n<p>Les \u00e9tablissements doivent \u00eatre particuli\u00e8rement vigilants \u00e0 ne pas omettre de consulter le CHSCT sur tout sujet pouvant entrer dans son champ de comp\u00e9tences. Aussi, concernant une fusion d\u2019\u00e9tablissement, le tribunal administratif de Marseille rappelle qu\u2019une fusion \u00ab <em>doit \u00eatre regard\u00e9e, compte tenu de la mutualisation des activit\u00e9s et des moyens humains, mat\u00e9riels et financiers de ces \u00e9tablissements \u00e0 laquelle elle doit en principe aboutir, comme une d\u00e9cision d\u2019am\u00e9nagement important modifiant les conditions de travail<\/em> <sup class=\"appel\" data-toggle=\"modal\" data-target=\"#notes\">(2)<\/sup> \u00bb. D\u00e8s lors, le CHSCT n\u2019ayant pas \u00e9t\u00e9 consult\u00e9, l\u2019arr\u00eat\u00e9 du directeur g\u00e9n\u00e9ral de l\u2019agence r\u00e9gionale de sant\u00e9 autorisant la cr\u00e9ation de l\u2019\u00e9tablissement public a \u00e9t\u00e9 annul\u00e9.<\/p>\n<p>Il convient donc, \u00ab <em>avant toute annonce d\u2019un projet de r\u00e9organisation [de l\u2019h\u00f4pital], de s\u2019interroger sur la n\u00e9cessit\u00e9 de consulter le CHSCT<\/em>\u2008<sup class=\"appel\" data-toggle=\"modal\" data-target=\"#notes\">(3)<\/sup> \u00bb.<\/p>\n<h1>Rapport et programme annuels<\/h1>\n<p>Au-del\u00e0 des consultations obligatoires, le directeur pr\u00e9sente au moins une fois par an au CHSCT\u2008<sup class=\"appel\" data-toggle=\"modal\" data-target=\"#notes\">(4)<\/sup> :<\/p>\n<ul>\n<li>un rapport annuel \u00e9crit faisant le bilan de la situation g\u00e9n\u00e9rale de la sant\u00e9, de la s\u00e9curit\u00e9 et des conditions de travail dans l\u2019\u00e9tablissement et des actions men\u00e9es au cours de l\u2019ann\u00e9e \u00e9coul\u00e9e dans les domaines relevant de ses missions et des sujets sur lesquels il est obligatoirement consult\u00e9. La question du travail de nuit doit y \u00eatre trait\u00e9e sp\u00e9cifiquement ;<\/li>\n<li>un programme annuel de pr\u00e9vention des risques professionnels et d\u2019am\u00e9lioration des conditions de travail. Ce programme fixe la liste d\u00e9taill\u00e9e des mesures devant \u00eatre prises au cours de l\u2019ann\u00e9e \u00e0 venir, ainsi que, pour chaque mesure, ses conditions d\u2019ex\u00e9cution et l\u2019estimation de son co\u00fbt.<\/li>\n<\/ul>\n<blockquote><p>Le dialogue social, tant \u00e9voqu\u00e9 depuis quelques mois, doit prendre toute sa place dans le CHSCT.<\/p><\/blockquote>\n<p>Le CHSCT \u00e9met un avis sur ces deux documents\u2008<sup class=\"appel\" data-toggle=\"modal\" data-target=\"#notes\">(5)<\/sup>. Il peut proposer un ordre de priorit\u00e9 et l\u2019adoption de mesures suppl\u00e9mentaires. Le rapport et le programme annuels sont ensuite transmis pour information au CTE, accompagn\u00e9s de l\u2019avis du comit\u00e9. Les directions des \u00e9tablissements ne doivent pas omettre de pr\u00e9ciser, en annexe au rapport annuel de pr\u00e9vention, les motifs ayant conduit \u00e0 ne pas prendre au cours de l\u2019ann\u00e9e les mesures annonc\u00e9es ou demand\u00e9es par le comit\u00e9.<\/p>\n<p>Le proc\u00e8s-verbal de la r\u00e9union du comit\u00e9 consacr\u00e9e \u00e0 l\u2019examen du rapport et du programme est joint \u00e0 toute demande pr\u00e9sent\u00e9e par l\u2019employeur en vue d\u2019obtenir des march\u00e9s publics, des participations publiques, des subventions, des primes de toute nature ou des avantages sociaux ou fiscaux. Cet avis est \u00e9galement transmis pour information \u00e0 l\u2019inspecteur du travail\u2008<sup class=\"appel\" data-toggle=\"modal\" data-target=\"#notes\">(6)<\/sup>.<\/p>\n<h1>Les expertises\u2008<sup class=\"appel\" data-toggle=\"modal\" data-target=\"#notes\">(7)<\/sup><\/h1>\n<p>Le CHSCT peut faire appel \u00e0 un expert agr\u00e9\u00e9\u2008<sup class=\"appel\" data-toggle=\"modal\" data-target=\"#notes\">(8)<\/sup> :<\/p>\n<ul>\n<li>lorsqu\u2019un risque grave, r\u00e9v\u00e9l\u00e9 ou non par un accident du travail, une maladie professionnelle ou \u00e0 caract\u00e8re professionnel est constat\u00e9 dans l\u2019\u00e9tablissement ;<\/li>\n<li>en cas de projet important modifiant les conditions de sant\u00e9 et de s\u00e9curit\u00e9 ou les conditions de travail. Le nombre de salari\u00e9s concern\u00e9s ne d\u00e9termine pas \u00e0 lui seul l\u2019importance du projet ; pour qualifier un projet d\u2019important, celui-ci doit \u00eatre de nature \u00e0 modifier les conditions de sant\u00e9 et de s\u00e9curit\u00e9 des salari\u00e9s ou leurs conditions de travail\u2008<sup class=\"appel\" data-toggle=\"modal\" data-target=\"#notes\">(9)<\/sup>.<\/li>\n<\/ul>\n<p>Les frais d\u2019expertise sont \u00e0 la charge de l\u2019employeur.<\/p>\n<p>L\u2019employeur qui entend contester la n\u00e9cessit\u00e9 de l\u2019expertise, la d\u00e9signation de l\u2019expert, le co\u00fbt, l\u2019\u00e9tendue ou le d\u00e9lai de l\u2019expertise, saisit le juge judiciaire. Dans ce cas, le pr\u00e9sident du tribunal de grande instance statue en urgence\u2008<sup class=\"appel\" data-toggle=\"modal\" data-target=\"#notes\">(10)<\/sup>. Toutefois, s\u2019agissant du choix de l\u2019expert auquel le comit\u00e9 a d\u00e9cid\u00e9 de recourir, la Cour de cassation n\u2019autorise le pr\u00e9sident du tribunal de grande instance \u00e0 le contr\u00f4ler qu\u2019en cas d\u2019abus manifeste\u2008<sup class=\"appel\" data-toggle=\"modal\" data-target=\"#notes\">(11)<\/sup>. Surtout, l\u2019exercice d\u2019un quelconque contr\u00f4le par le juge judiciaire, sur ce point, est banni d\u00e8s lors que l\u2019expert retenu b\u00e9n\u00e9ficie d\u2019un agr\u00e9ment minist\u00e9riel couvrant le ou les domaines sur lesquels son intervention a \u00e9t\u00e9 sollicit\u00e9e\u2008<sup class=\"appel\" data-toggle=\"modal\" data-target=\"#notes\">(12)<\/sup>. L\u2019employeur ne peut s\u2019opposer \u00e0 l\u2019entr\u00e9e de l\u2019expert dans l\u2019\u00e9tablissement et lui fournit les informations n\u00e9cessaires \u00e0 l\u2019exercice de sa mission.<\/p>\n<p>Lorsque l\u2019expertise est r\u00e9alis\u00e9e en cas de projet important modifiant les conditions de sant\u00e9 et de s\u00e9curit\u00e9 ou les conditions de travail, elle est r\u00e9alis\u00e9e dans le d\u00e9lai d\u2019un mois. Ce d\u00e9lai peut \u00eatre prolong\u00e9 pour tenir compte des n\u00e9cessit\u00e9s de l\u2019expertise. Le d\u00e9lai total ne peut exc\u00e9der quarante-cinq jours\u2008<sup class=\"appel\" data-toggle=\"modal\" data-target=\"#notes\">(13)<\/sup>.<\/p>\n<h1>Quelques jurisprudences r\u00e9centes<\/h1>\n<p>Les jurisprudences r\u00e9centes concernant la fonction publique hospitali\u00e8re sont nombreuses, preuve s\u2019il en \u00e9tait de l\u2019importance du sujet au sein des \u00e9tablissements.<\/p>\n<p>La question de la soumission de l\u2019achat de la prestation d\u2019expertise aux r\u00e8gles de la commande publique a \u00e9t\u00e9 tranch\u00e9e par la Cour de cassation dans un arr\u00eat du 14 d\u00e9cembre 2011 : \u00ab <em>La d\u00e9cision de recourir \u00e0 un expert, prise par le CHSCT d\u2019un \u00e9tablissement public en application de l\u2019article L. 4614-12 du code du travail, n\u2019est pas au nombre des march\u00e9s de service \u00e9num\u00e9r\u00e9s limitativement par l\u2019article 8 du d\u00e9cret n\u00b0 2005-1742 du 30 d\u00e9cembre 2005 portant application de l\u2019ordonnance n\u00b0 2005-649 du 6 juin 2005 relative aux march\u00e9s pass\u00e9s par certaines personnes publiques ou priv\u00e9es non soumises au code des march\u00e9s publics <\/em><sup class=\"appel\" data-toggle=\"modal\" data-target=\"#notes\">(14)<\/sup>.\u2008\u00bb<\/p>\n<p>Pendant plusieurs ann\u00e9es, certains \u00e9tablissements se sont focalis\u00e9s sur ce point de droit dans des requ\u00eates en r\u00e9f\u00e9r\u00e9 introduites devant le juge judiciaire. Mais le d\u00e9bat est d\u00e9sormais clos et peut s\u2019\u00e9tendre \u00e0 des sujets de fond comme la n\u00e9cessit\u00e9, le co\u00fbt ou l\u2019\u00e9tendue de l\u2019expertise.<\/p>\n<p>Ainsi, la cour d\u2019appel de Rennes a rappel\u00e9 que l\u2019exercice de l\u2019activit\u00e9 d\u2019un service d\u2019urgence psychiatrique pr\u00e9sente par d\u00e9finition un danger potentiel pour le personnel. Mais un risque grave peut justifier le recours \u00e0 une expertise d\u00e8s lors que l\u2019effectif du personnel est souvent insuffisant au regard du surpeuplement dans l\u2019\u00e9tablissement et de l\u2019augmentation corr\u00e9lative des lits par occupation contrainte des lits des patients permissionnaires. Surtout, cette circonstance a entra\u00een\u00e9 :<\/p>\n<ul>\n<li>un signalement effectu\u00e9 sur le registre des dangers graves et imminents ;<\/li>\n<li>un taux d\u2019absent\u00e9isme li\u00e9 \u00e0 l\u2019\u00e9tat de stress et de souffrance inh\u00e9rent aux surcharges de travail ;<\/li>\n<li>des arr\u00eats de longue dur\u00e9e et l\u2019accompagnement des agents suite \u00e0 une agression ou \u00e0 un suicide d\u2019un patient\u2008<sup class=\"appel\" data-toggle=\"modal\" data-target=\"#notes\">(15)<\/sup>.<\/li>\n<\/ul>\n<p>Concernant une expertise relative \u00e0 une modification importante, la m\u00eame cour d\u2019appel a estim\u00e9, dans un arr\u00eat du 19 avril 2013\u2008<sup class=\"appel\" data-toggle=\"modal\" data-target=\"#notes\">(16)<\/sup>, que le recours \u00e0 une expertise n\u2019\u00e9tait pas justifi\u00e9 concernant une modification du temps de travail. Apr\u00e8s avoir constat\u00e9 qu\u2019il est ind\u00e9niable que le projet de la direction induisait une nouvelle organisation du travail et concernait une grande partie du personnel \u00e0 l\u2019exception des m\u00e9decins, des cadres et de la direction, la cour rappelle que cette modification s\u2019inscrit dans le cadre des textes applicables sur le temps de travail. En notant que sur l\u2019ensemble du projet 134 agents \u00e9taient impact\u00e9s \u00e0 hauteur de 5 \u00e0 6 minutes, treize agents \u00e0 hauteur de 10, 15 ou 18 minutes, la cour a consid\u00e9r\u00e9 que la proposition de la direction ne constituait pas un projet important et ne pouvait justifier une expertise.<\/p>\n<p>En revanche, la superficie plus \u00e9tendue d\u2019un nouvel Ehpad peut \u00eatre de nature \u00e0 affecter l\u2019organisation et les cadences de travail et justifier une expertise. Il en va de m\u00eame de la configuration des nouveaux locaux et de l\u2019augmentation du nombre de lits\u2008<sup class=\"appel\" data-toggle=\"modal\" data-target=\"#notes\">(17)<\/sup>.<\/p>\n<p>Concernant la justification de l\u2019expertise, il ne peut y avoir qu\u2019une analyse au cas d\u2019esp\u00e8ce et l\u2019ensemble des param\u00e8tres de la situation locale doit \u00eatre \u00e9tudi\u00e9 avant de se prononcer. Il est cependant constant qu\u2019il appartient au CHSCT de justifier en quoi les conditions de travail des personnels vont se trouver modifi\u00e9es et les conditions de sant\u00e9 et de s\u00e9curit\u00e9 affect\u00e9es\u2008<sup class=\"appel\" data-toggle=\"modal\" data-target=\"#notes\">(18)<\/sup>.<\/p>\n<p>Il ne peut qu\u2019\u00eatre d\u00e9conseill\u00e9 aux \u00e9tablissements de contester syst\u00e9matiquement devant le juge la n\u00e9cessit\u00e9 de l\u2019expertise. Ils pourront par la suite contester le choix de l\u2019expert, le d\u00e9lai requis ou surtout le co\u00fbt, si le contenu du rapport des experts leur para\u00eet inadapt\u00e9.<\/p>\n<p>Sur ce point, le juge contr\u00f4le le montant de l\u2019expertise par comparaison des offres de service et des propositions de prix faites par les diff\u00e9rents prestataires\u2008<sup class=\"appel\" data-toggle=\"modal\" data-target=\"#notes\">(19)<\/sup>. Il lui arrive aussi de r\u00e9duire le montant des honoraires dus au titre de l\u2019expertise lorsque la mission n\u2019est que partiellement remplie. C\u2019est le cas lorsque le rapport final se contente d\u2019une description du fonctionnement actuel d\u2019un \u00e9tablissement sans contenir d\u2019indications pr\u00e9cises sur les cons\u00e9quences que pourrait avoir pour les salari\u00e9s la r\u00e9organisation du travail\u2008<sup class=\"appel\" data-toggle=\"modal\" data-target=\"#notes\">(20)<\/sup>. La demande d\u2019un centre hospitalier de voir diminuer le co\u00fbt d\u2019une expertise doit intervenir lorsque l\u2019expert l\u2019a d\u00e9finitivement fix\u00e9 et que celui-ci est certain\u2008<sup class=\"appel\" data-toggle=\"modal\" data-target=\"#notes\">(21)<\/sup>.<\/p>\n<p>Les parties doivent enfin avoir \u00e0 l\u2019esprit que la d\u00e9signation d\u2019un expert par le CHSCT en cas de projet important, modifiant les conditions de travail, ne suspend pas l\u2019ex\u00e9cution de la d\u00e9cision prise par l\u2019employeur jusqu\u2019au d\u00e9p\u00f4t du rapport d\u2019expertise\u2008<sup class=\"appel\" data-toggle=\"modal\" data-target=\"#notes\">(22)<\/sup>.<\/p>\n<h1>Conclusion<\/h1>\n<p>Voil\u00e0 r\u00e9sum\u00e9es les th\u00e9matiques juridiques le plus souvent rencontr\u00e9es par les \u00e9tablissements. Il est en effet regrettable que le droit, qui n\u2019est qu\u2019un moyen, embolise le c\u0153ur du sujet, \u00e0 savoir la mission du CHSCT.<\/p>\n<p>Le dialogue social, tant \u00e9voqu\u00e9 depuis quelques mois, doit prendre toute sa place dans le comit\u00e9. Surtout, directions et syndicats ne doivent pas r\u00e9duire la concertation \u00e0 des points l\u00e9galement ou r\u00e9glementairement impos\u00e9s, ni \u00eatre les victimes indirectes de th\u00e9matiques \u00e0 la mode, lanc\u00e9es ici ou l\u00e0 par quelques sp\u00e9cialistes du management. Le CHSCT est avant tout une question de bon sens. En respectant \u00e0 la fois ce principe et les normes de s\u00e9curit\u00e9, chaque \u00e9tablissement doit pouvoir trouver ses propres solutions, ici pour r\u00e9duire les risques (psychosociaux ou non), l\u00e0 pour favoriser le bien-\u00eatre au travail.<\/p>\n<p>Qu\u2019il soit permis pour finir de citer l\u2019exemple (faussement simpliste) des panneaux indiquant les sols humides dans les couloirs des h\u00f4pitaux. Et de s\u2019interroger : combien de chutes sont ainsi \u00e9vit\u00e9es ? N\u2019oublions pas enfin que les formations des repr\u00e9sentants titulaires du comit\u00e9 ont \u00e9galement pour objet de d\u00e9velopper leurs aptitudes \u00e0 proposer. Les propositions les plus simples seront le plus souvent les meilleures\u2026<\/p>\n<button data-toggle=\"collapse\" data-target=\"#enc_2013_381_01\">questions<\/button><div id=\"enc_2013_381_01\" class=\"encadre collapse\"><p><span class=\"surtitre_enc\">Questions<\/span><\/p>\n<h3>Le d\u00e9lit d\u2019entrave, applicable\u00a0dans la fonction publique hospitali\u00e8re ?<\/h3>\n<p>Le d\u00e9lit d\u2019entrave est d\u00e9fini par l\u2019article L. 4742-1 du code du travail : \u00ab Le fait de porter atteinte ou de tenter de porter atteinte soit \u00e0 la constitution, soit \u00e0 la libre d\u00e9signation des membres, soit au fonctionnement r\u00e9gulier du comit\u00e9 d\u2019hygi\u00e8ne, de s\u00e9curit\u00e9 et des conditions de travail, notamment par la m\u00e9connaissance des dispositions du livre IV de la deuxi\u00e8me partie relatives \u00e0 la protection des repr\u00e9sentants du personnel \u00e0 ce comit\u00e9, est puni d\u2019un emprisonnement d\u2019un an et d\u2019une amende de 3 750 euros. \u00bb<\/p>\n<p>Or, cet article n\u2019est pas applicable aux \u00ab \u00e9tablissements de sant\u00e9, sociaux et m\u00e9dico-sociaux mentionn\u00e9s \u00e0 l\u2019article 2 de la loi n \u00b086-33 du 9 janvier 1986 portant dispositions statutaires relatives \u00e0 la fonction publique hospitali\u00e8re \u00bb (art. L. 4741-6 du code du travail).<\/p>\n<p>Cependant, la circonstance qu\u2019un directeur d\u2019\u00e9tablissement ne puisse \u00eatre condamn\u00e9 p\u00e9nalement pour d\u00e9lit d\u2019entrave ne doit pas att\u00e9nuer la vigilance des \u00e9tablissements dans le respect strict des dispositions du code du travail. En effet, dans une jurisprudence r\u00e9cente, un \u00e9tablissement de sant\u00e9 a pu \u00eatre condamn\u00e9 \u00e0 verser des dommages et int\u00e9r\u00eats, par le juge judiciaire, sur le fondement des dispositions du code du travail sur le d\u00e9lit d\u2019entrave. Dans son arr\u00eat, la cour d\u2019appel de Toulouse a estim\u00e9 que la circonstance qu\u2019un centre hospitalier universitaire entreprenne la mise en place de la r\u00e9organisation de la fili\u00e8re biom\u00e9dicale avant de le soumettre au CHSCT constitue une entrave aux pr\u00e9rogatives du comit\u00e9, justifiant une condamnation \u00e0 verser des dommages et int\u00e9r\u00eats (cour d\u2019appel de Toulouse, CHSCT central du CHU de Toulouse, 16 mars 2012, n\u00b0 11\/03595).<\/p>\n<h3>Qui r\u00e9dige le proc\u00e8s-verbal ?<\/h3>\n<p>Le code du travail ne pr\u00e9cise rien concernant la r\u00e9daction du proc\u00e8s-verbal du CHSCT. Il renvoie aux dispositions applicables au comit\u00e9 d\u2019entreprise. La r\u00e9ponse est apport\u00e9e par l\u2019article R. 2325-3 du code du travail qui pr\u00e9cise que \u00ab les d\u00e9lib\u00e9rations des comit\u00e9s d\u2019entreprise sont consign\u00e9es dans des proc\u00e8s-verbaux \u00e9tablis par le secr\u00e9taire et communiqu\u00e9s \u00e0 l\u2019employeur et aux membres du comit\u00e9 \u00bb. Ainsi, il appartient au secr\u00e9taire et non \u00e0 l\u2019administration de r\u00e9diger le proc\u00e8s-verbal.<\/p>\n<h3>Un CHSCT pour les personnels m\u00e9dicaux ?<\/h3>\n<p>La proposition 20 du Pacte de confiance pour l\u2019h\u00f4pital* propose de structurer le CHSCT en deux sous-sections respectivement comp\u00e9tentes pour les praticiens hospitaliers et les personnels non m\u00e9dicaux. Selon le rapport de synth\u00e8se du pacte, des r\u00e9unions communes aux deux sous-sections se tiendraient au moins une fois par an sur des sujets d\u2019int\u00e9r\u00eat commun. Surtout l\u2019instauration de deux sous-sections au sein du CHSCT ne serait pas obligatoire lorsque le nombre des praticiens hospitaliers serait inf\u00e9rieur \u00e0 un certain seuil. Cette proposition fait partie des treize propositions du Pacte de confiance retenues par Marisol Touraine, ministre charg\u00e9 de la Sant\u00e9**.<\/p>\n<p>* Rapport \u00c9douard Couty, synth\u00e8se des travaux, mars 2013 -<\/p>\n<p>** \u00ab Marisol Touraine retient\u00a013 mesures tir\u00e9es des 46 propositions du rapport Couty \u00bb, Hospim\u00e9dia, 4 mars 2013.<\/p>\n<p>&nbsp;<\/p>\n<\/div>\n<script>function PlayerjsAsync(){} if(window[\"Playerjs\"]){PlayerjsAsync();}<\/script>","protected":false},"excerpt":{"rendered":"<p>\ufeffDevant les tensions que peuvent rencontrer certains \u00e9tablissements lors des r\u00e9unions du comit\u00e9 d\u2019hygi\u00e8ne, de s\u00e9curit\u00e9 et des conditions de travail (CHSCT), le Centre de droit JuriSant\u00e9 propose de r\u00e9pondre aux questions les plus fr\u00e9quentes sur le fonctionnement et la proc\u00e9dure afin de permettre de recentrer les d\u00e9bats sur les objectifs fondamentaux de cette instance.<\/p>\n","protected":false},"author":1202,"featured_media":0,"comment_status":"open","ping_status":"open","sticky":false,"template":"","format":"standard","meta":{"_acf_changed":false,"_relevanssi_hide_post":"","_relevanssi_hide_content":"","_relevanssi_pin_for_all":"","_relevanssi_pin_keywords":"","_relevanssi_unpin_keywords":"","_relevanssi_related_keywords":"","_relevanssi_related_include_ids":"","_relevanssi_related_exclude_ids":"","_relevanssi_related_no_append":"","_relevanssi_related_not_related":"","_relevanssi_related_posts":"","_relevanssi_noindex_reason":"","footnotes":""},"categories":[2,70],"tags":[1010,308,4670,1775,953,4712,582],"class_list":["post-15527","post","type-post","status-publish","format-standard","hentry","category-gestions-hospitalieres","category-jurisante","tag-chsct","tag-conditions-de-travail","tag-delit-dentrave","tag-dialogue-social","tag-expertise","tag-representant-du-personnel","tag-securite"],"acf":[],"yoast_head":"<!-- This site is optimized with the Yoast SEO plugin v24.8.1 - https:\/\/yoast.com\/wordpress\/plugins\/seo\/ -->\n<title>Le CHSCT \u00e0 l\u2019h\u00f4pital (2\/2) - Gestions hospitali\u00e8res<\/title>\n<meta name=\"robots\" content=\"index, follow, max-snippet:-1, max-image-preview:large, max-video-preview:-1\" \/>\n<link rel=\"canonical\" href=\"https:\/\/www.ricom-web8.com\/gestions\/le-chsct-a-lhopital-2\/\" \/>\n<meta property=\"og:locale\" content=\"fr_FR\" \/>\n<meta property=\"og:type\" content=\"article\" \/>\n<meta property=\"og:title\" content=\"Le CHSCT \u00e0 l\u2019h\u00f4pital (2\/2) - Gestions hospitali\u00e8res\" \/>\n<meta property=\"og:description\" content=\"\ufeffDevant les tensions que peuvent rencontrer certains \u00e9tablissements lors des r\u00e9unions du comit\u00e9 d\u2019hygi\u00e8ne, de s\u00e9curit\u00e9 et des conditions de travail (CHSCT), le Centre de droit JuriSant\u00e9 propose de r\u00e9pondre aux questions les plus fr\u00e9quentes sur le fonctionnement et la proc\u00e9dure afin de permettre de recentrer les d\u00e9bats sur les objectifs fondamentaux de cette instance.\" \/>\n<meta property=\"og:url\" content=\"https:\/\/www.ricom-web8.com\/gestions\/le-chsct-a-lhopital-2\/\" \/>\n<meta property=\"og:site_name\" content=\"Gestions hospitali\u00e8res\" \/>\n<meta property=\"article:publisher\" content=\"https:\/\/www.facebook.com\/gestionshospitalieres\/\" \/>\n<meta property=\"article:published_time\" content=\"2013-06-30T22:00:00+00:00\" \/>\n<meta property=\"article:modified_time\" content=\"2018-03-08T09:13:28+00:00\" \/>\n<meta name=\"author\" content=\"yann Le Sager\" \/>\n<meta name=\"twitter:card\" content=\"summary_large_image\" \/>\n<meta name=\"twitter:creator\" content=\"@revue_GH\" \/>\n<meta name=\"twitter:site\" content=\"@revue_GH\" \/>\n<meta name=\"twitter:label1\" content=\"\u00c9crit par\" \/>\n\t<meta name=\"twitter:data1\" content=\"yann Le Sager\" \/>\n\t<meta name=\"twitter:label2\" content=\"Dur\u00e9e de lecture estim\u00e9e\" \/>\n\t<meta name=\"twitter:data2\" content=\"10 minutes\" \/>\n<script type=\"application\/ld+json\" class=\"yoast-schema-graph\">{\"@context\":\"https:\/\/schema.org\",\"@graph\":[{\"@type\":\"Article\",\"@id\":\"https:\/\/www.ricom-web8.com\/gestions\/le-chsct-a-lhopital-2\/#article\",\"isPartOf\":{\"@id\":\"https:\/\/www.ricom-web8.com\/gestions\/le-chsct-a-lhopital-2\/\"},\"author\":{\"name\":\"yann Le Sager\",\"@id\":\"https:\/\/www.ricom-web8.com\/gestions\/#\/schema\/person\/810c9671279c5f5a094f6f0a42237516\"},\"headline\":\"Le CHSCT \u00e0 l\u2019h\u00f4pital (2\/2)\",\"datePublished\":\"2013-06-30T22:00:00+00:00\",\"dateModified\":\"2018-03-08T09:13:28+00:00\",\"mainEntityOfPage\":{\"@id\":\"https:\/\/www.ricom-web8.com\/gestions\/le-chsct-a-lhopital-2\/\"},\"wordCount\":2082,\"commentCount\":0,\"publisher\":{\"@id\":\"https:\/\/www.ricom-web8.com\/gestions\/#organization\"},\"keywords\":[\"CHSCT\",\"conditions de travail\",\"d\u00e9lit d\u2019entrave\",\"dialogue social\",\"expertise\",\"repr\u00e9sentant du personnel\",\"s\u00e9curit\u00e9\"],\"articleSection\":[\"Gestions Hospitali\u00e8res\",\"JuriSant\u00e9\"],\"inLanguage\":\"fr-FR\",\"potentialAction\":[{\"@type\":\"CommentAction\",\"name\":\"Comment\",\"target\":[\"https:\/\/www.ricom-web8.com\/gestions\/le-chsct-a-lhopital-2\/#respond\"]}]},{\"@type\":\"WebPage\",\"@id\":\"https:\/\/www.ricom-web8.com\/gestions\/le-chsct-a-lhopital-2\/\",\"url\":\"https:\/\/www.ricom-web8.com\/gestions\/le-chsct-a-lhopital-2\/\",\"name\":\"Le CHSCT \u00e0 l\u2019h\u00f4pital (2\/2) - Gestions hospitali\u00e8res\",\"isPartOf\":{\"@id\":\"https:\/\/www.ricom-web8.com\/gestions\/#website\"},\"datePublished\":\"2013-06-30T22:00:00+00:00\",\"dateModified\":\"2018-03-08T09:13:28+00:00\",\"breadcrumb\":{\"@id\":\"https:\/\/www.ricom-web8.com\/gestions\/le-chsct-a-lhopital-2\/#breadcrumb\"},\"inLanguage\":\"fr-FR\",\"potentialAction\":[{\"@type\":\"ReadAction\",\"target\":[\"https:\/\/www.ricom-web8.com\/gestions\/le-chsct-a-lhopital-2\/\"]}]},{\"@type\":\"BreadcrumbList\",\"@id\":\"https:\/\/www.ricom-web8.com\/gestions\/le-chsct-a-lhopital-2\/#breadcrumb\",\"itemListElement\":[{\"@type\":\"ListItem\",\"position\":1,\"name\":\"Accueil\",\"item\":\"https:\/\/www.ricom-web8.com\/gestions\/\"},{\"@type\":\"ListItem\",\"position\":2,\"name\":\"Le CHSCT \u00e0 l\u2019h\u00f4pital (2\/2)\"}]},{\"@type\":\"WebSite\",\"@id\":\"https:\/\/www.ricom-web8.com\/gestions\/#website\",\"url\":\"https:\/\/www.ricom-web8.com\/gestions\/\",\"name\":\"Gestions hospitali\u00e8res\",\"description\":\"la revue des d\u00e9cideurs hospitaliers\",\"publisher\":{\"@id\":\"https:\/\/www.ricom-web8.com\/gestions\/#organization\"},\"potentialAction\":[{\"@type\":\"SearchAction\",\"target\":{\"@type\":\"EntryPoint\",\"urlTemplate\":\"https:\/\/www.ricom-web8.com\/gestions\/?s={search_term_string}\"},\"query-input\":{\"@type\":\"PropertyValueSpecification\",\"valueRequired\":true,\"valueName\":\"search_term_string\"}}],\"inLanguage\":\"fr-FR\"},{\"@type\":\"Organization\",\"@id\":\"https:\/\/www.ricom-web8.com\/gestions\/#organization\",\"name\":\"Gestions hospitali\u00e8res\",\"url\":\"https:\/\/www.ricom-web8.com\/gestions\/\",\"logo\":{\"@type\":\"ImageObject\",\"inLanguage\":\"fr-FR\",\"@id\":\"https:\/\/www.ricom-web8.com\/gestions\/#\/schema\/logo\/image\/\",\"url\":\"https:\/\/gestions-hospitalieres.fr\/wp-content\/uploads\/2017\/02\/picto_Gif-GH-trans.png\",\"contentUrl\":\"https:\/\/gestions-hospitalieres.fr\/wp-content\/uploads\/2017\/02\/picto_Gif-GH-trans.png\",\"width\":512,\"height\":512,\"caption\":\"Gestions hospitali\u00e8res\"},\"image\":{\"@id\":\"https:\/\/www.ricom-web8.com\/gestions\/#\/schema\/logo\/image\/\"},\"sameAs\":[\"https:\/\/www.facebook.com\/gestionshospitalieres\/\",\"https:\/\/x.com\/revue_GH\",\"https:\/\/www.linkedin.com\/company\/gestions-hospitalieres?trk=top_nav_home\"]},{\"@type\":\"Person\",\"@id\":\"https:\/\/www.ricom-web8.com\/gestions\/#\/schema\/person\/810c9671279c5f5a094f6f0a42237516\",\"name\":\"yann Le Sager\",\"image\":{\"@type\":\"ImageObject\",\"inLanguage\":\"fr-FR\",\"@id\":\"https:\/\/www.ricom-web8.com\/gestions\/#\/schema\/person\/image\/\",\"url\":\"https:\/\/secure.gravatar.com\/avatar\/36112fa5997be9e3b9acb0c60a4a1075?s=96&d=mm&r=g\",\"contentUrl\":\"https:\/\/secure.gravatar.com\/avatar\/36112fa5997be9e3b9acb0c60a4a1075?s=96&d=mm&r=g\",\"caption\":\"yann Le Sager\"},\"url\":\"https:\/\/www.ricom-web8.com\/gestions\/author\/lesager-yannstudioricom-com\/\"}]}<\/script>\n<!-- \/ Yoast SEO plugin. -->","yoast_head_json":{"title":"Le CHSCT \u00e0 l\u2019h\u00f4pital (2\/2) - Gestions hospitali\u00e8res","robots":{"index":"index","follow":"follow","max-snippet":"max-snippet:-1","max-image-preview":"max-image-preview:large","max-video-preview":"max-video-preview:-1"},"canonical":"https:\/\/www.ricom-web8.com\/gestions\/le-chsct-a-lhopital-2\/","og_locale":"fr_FR","og_type":"article","og_title":"Le CHSCT \u00e0 l\u2019h\u00f4pital (2\/2) - Gestions hospitali\u00e8res","og_description":"\ufeffDevant les tensions que peuvent rencontrer certains \u00e9tablissements lors des r\u00e9unions du comit\u00e9 d\u2019hygi\u00e8ne, de s\u00e9curit\u00e9 et des conditions de travail (CHSCT), le Centre de droit JuriSant\u00e9 propose de r\u00e9pondre aux questions les plus fr\u00e9quentes sur le fonctionnement et la proc\u00e9dure afin de permettre de recentrer les d\u00e9bats sur les objectifs fondamentaux de cette instance.","og_url":"https:\/\/www.ricom-web8.com\/gestions\/le-chsct-a-lhopital-2\/","og_site_name":"Gestions hospitali\u00e8res","article_publisher":"https:\/\/www.facebook.com\/gestionshospitalieres\/","article_published_time":"2013-06-30T22:00:00+00:00","article_modified_time":"2018-03-08T09:13:28+00:00","author":"yann Le Sager","twitter_card":"summary_large_image","twitter_creator":"@revue_GH","twitter_site":"@revue_GH","twitter_misc":{"\u00c9crit par":"yann Le Sager","Dur\u00e9e de lecture estim\u00e9e":"10 minutes"},"schema":{"@context":"https:\/\/schema.org","@graph":[{"@type":"Article","@id":"https:\/\/www.ricom-web8.com\/gestions\/le-chsct-a-lhopital-2\/#article","isPartOf":{"@id":"https:\/\/www.ricom-web8.com\/gestions\/le-chsct-a-lhopital-2\/"},"author":{"name":"yann Le Sager","@id":"https:\/\/www.ricom-web8.com\/gestions\/#\/schema\/person\/810c9671279c5f5a094f6f0a42237516"},"headline":"Le CHSCT \u00e0 l\u2019h\u00f4pital (2\/2)","datePublished":"2013-06-30T22:00:00+00:00","dateModified":"2018-03-08T09:13:28+00:00","mainEntityOfPage":{"@id":"https:\/\/www.ricom-web8.com\/gestions\/le-chsct-a-lhopital-2\/"},"wordCount":2082,"commentCount":0,"publisher":{"@id":"https:\/\/www.ricom-web8.com\/gestions\/#organization"},"keywords":["CHSCT","conditions de travail","d\u00e9lit d\u2019entrave","dialogue social","expertise","repr\u00e9sentant du personnel","s\u00e9curit\u00e9"],"articleSection":["Gestions Hospitali\u00e8res","JuriSant\u00e9"],"inLanguage":"fr-FR","potentialAction":[{"@type":"CommentAction","name":"Comment","target":["https:\/\/www.ricom-web8.com\/gestions\/le-chsct-a-lhopital-2\/#respond"]}]},{"@type":"WebPage","@id":"https:\/\/www.ricom-web8.com\/gestions\/le-chsct-a-lhopital-2\/","url":"https:\/\/www.ricom-web8.com\/gestions\/le-chsct-a-lhopital-2\/","name":"Le CHSCT \u00e0 l\u2019h\u00f4pital (2\/2) - Gestions hospitali\u00e8res","isPartOf":{"@id":"https:\/\/www.ricom-web8.com\/gestions\/#website"},"datePublished":"2013-06-30T22:00:00+00:00","dateModified":"2018-03-08T09:13:28+00:00","breadcrumb":{"@id":"https:\/\/www.ricom-web8.com\/gestions\/le-chsct-a-lhopital-2\/#breadcrumb"},"inLanguage":"fr-FR","potentialAction":[{"@type":"ReadAction","target":["https:\/\/www.ricom-web8.com\/gestions\/le-chsct-a-lhopital-2\/"]}]},{"@type":"BreadcrumbList","@id":"https:\/\/www.ricom-web8.com\/gestions\/le-chsct-a-lhopital-2\/#breadcrumb","itemListElement":[{"@type":"ListItem","position":1,"name":"Accueil","item":"https:\/\/www.ricom-web8.com\/gestions\/"},{"@type":"ListItem","position":2,"name":"Le CHSCT \u00e0 l\u2019h\u00f4pital (2\/2)"}]},{"@type":"WebSite","@id":"https:\/\/www.ricom-web8.com\/gestions\/#website","url":"https:\/\/www.ricom-web8.com\/gestions\/","name":"Gestions hospitali\u00e8res","description":"la revue des d\u00e9cideurs hospitaliers","publisher":{"@id":"https:\/\/www.ricom-web8.com\/gestions\/#organization"},"potentialAction":[{"@type":"SearchAction","target":{"@type":"EntryPoint","urlTemplate":"https:\/\/www.ricom-web8.com\/gestions\/?s={search_term_string}"},"query-input":{"@type":"PropertyValueSpecification","valueRequired":true,"valueName":"search_term_string"}}],"inLanguage":"fr-FR"},{"@type":"Organization","@id":"https:\/\/www.ricom-web8.com\/gestions\/#organization","name":"Gestions hospitali\u00e8res","url":"https:\/\/www.ricom-web8.com\/gestions\/","logo":{"@type":"ImageObject","inLanguage":"fr-FR","@id":"https:\/\/www.ricom-web8.com\/gestions\/#\/schema\/logo\/image\/","url":"https:\/\/gestions-hospitalieres.fr\/wp-content\/uploads\/2017\/02\/picto_Gif-GH-trans.png","contentUrl":"https:\/\/gestions-hospitalieres.fr\/wp-content\/uploads\/2017\/02\/picto_Gif-GH-trans.png","width":512,"height":512,"caption":"Gestions hospitali\u00e8res"},"image":{"@id":"https:\/\/www.ricom-web8.com\/gestions\/#\/schema\/logo\/image\/"},"sameAs":["https:\/\/www.facebook.com\/gestionshospitalieres\/","https:\/\/x.com\/revue_GH","https:\/\/www.linkedin.com\/company\/gestions-hospitalieres?trk=top_nav_home"]},{"@type":"Person","@id":"https:\/\/www.ricom-web8.com\/gestions\/#\/schema\/person\/810c9671279c5f5a094f6f0a42237516","name":"yann Le Sager","image":{"@type":"ImageObject","inLanguage":"fr-FR","@id":"https:\/\/www.ricom-web8.com\/gestions\/#\/schema\/person\/image\/","url":"https:\/\/secure.gravatar.com\/avatar\/36112fa5997be9e3b9acb0c60a4a1075?s=96&d=mm&r=g","contentUrl":"https:\/\/secure.gravatar.com\/avatar\/36112fa5997be9e3b9acb0c60a4a1075?s=96&d=mm&r=g","caption":"yann Le Sager"},"url":"https:\/\/www.ricom-web8.com\/gestions\/author\/lesager-yannstudioricom-com\/"}]}},"_links":{"self":[{"href":"https:\/\/www.ricom-web8.com\/gestions\/wp-json\/wp\/v2\/posts\/15527","targetHints":{"allow":["GET"]}}],"collection":[{"href":"https:\/\/www.ricom-web8.com\/gestions\/wp-json\/wp\/v2\/posts"}],"about":[{"href":"https:\/\/www.ricom-web8.com\/gestions\/wp-json\/wp\/v2\/types\/post"}],"author":[{"embeddable":true,"href":"https:\/\/www.ricom-web8.com\/gestions\/wp-json\/wp\/v2\/users\/1202"}],"replies":[{"embeddable":true,"href":"https:\/\/www.ricom-web8.com\/gestions\/wp-json\/wp\/v2\/comments?post=15527"}],"version-history":[{"count":0,"href":"https:\/\/www.ricom-web8.com\/gestions\/wp-json\/wp\/v2\/posts\/15527\/revisions"}],"wp:attachment":[{"href":"https:\/\/www.ricom-web8.com\/gestions\/wp-json\/wp\/v2\/media?parent=15527"}],"wp:term":[{"taxonomy":"category","embeddable":true,"href":"https:\/\/www.ricom-web8.com\/gestions\/wp-json\/wp\/v2\/categories?post=15527"},{"taxonomy":"post_tag","embeddable":true,"href":"https:\/\/www.ricom-web8.com\/gestions\/wp-json\/wp\/v2\/tags?post=15527"}],"curies":[{"name":"wp","href":"https:\/\/api.w.org\/{rel}","templated":true}]}}