

{"id":15557,"date":"2013-10-01T00:00:00","date_gmt":"2013-09-30T22:00:00","guid":{"rendered":"http:\/\/ricom-web.com\/gestions-hospitalieres\/stages-soignants-ehpad\/"},"modified":"2018-03-07T17:35:45","modified_gmt":"2018-03-07T16:35:45","slug":"stages-soignants-ehpad","status":"publish","type":"post","link":"https:\/\/www.ricom-web8.com\/gestions\/stages-soignants-ehpad\/","title":{"rendered":"Stages, soignants, Ehpad\u2026"},"content":{"rendered":"<span class=\"span-reading-time rt-reading-time\" style=\"display: block;\"><span class=\"rt-label rt-prefix\">Temps de lecture\u00a0: <\/span> <span class=\"rt-time\"> 5<\/span> <span class=\"rt-label rt-postfix\">minutes<\/span><\/span><h1>Une image n\u00e9gative du travail aupr\u00e8s de la personne \u00e2g\u00e9e<\/h1>\n<p>Un premier travail d\u2019enqu\u00eate exploratoire par questionnaires anonymes (aupr\u00e8s d\u2019\u00e9tudiants avant leur premier stage) et la constitution d\u2019une revue de litt\u00e9rature indiquent que c\u2019est l\u2019exp\u00e9rience du travail aupr\u00e8s de la personne \u00e2g\u00e9e qui d\u00e9tourne les soignants de ce terrain d\u2019exercice, et ce d\u00e8s les premi\u00e8res confrontations au terrain, c\u2019est-\u00e0-dire les stages. En effet, comparativement, les professionnels de sant\u00e9 ont une vision de la personne \u00e2g\u00e9e plus n\u00e9gative que les \u00e9tudiants (qui ne sont pas du milieu de la sant\u00e9)\u00a0<sup class=\"appel\" data-toggle=\"modal\" data-target=\"#notes\">(1)<\/sup>.<\/p>\n<p>Ainsi, avant toute exp\u00e9rience de stage, les \u00e9tudiants d\u00e9sirent se rendre en priorit\u00e9 dans les services hospitaliers autant qu\u2019ils les redoutent. Le milieu hospitalier symbolise une vari\u00e9t\u00e9 d\u2019exp\u00e9riences et de connaissances mais aussi la confrontation \u00e0 des maladies \u00ab graves \u00bb chez des enfants ou des jeunes adultes. Les structures extrahospitali\u00e8res refl\u00e8tent plut\u00f4t une simplicit\u00e9 de prise en charge rassurante aux yeux de certains.<\/p>\n<p>De plus, un quart des stagiaires n\u2019a pas de pr\u00e9f\u00e9rence, c\u2019est-\u00e0-dire qu\u2019ils n\u2019ont ni go\u00fbt ni d\u00e9go\u00fbt pour certains terrains de stage. C\u2019est donc le v\u00e9cu du stage qui d\u00e9termine les orientations professionnelles.<\/p>\n<h1>La r\u00e9alit\u00e9 du travail<\/h1>\n<p>Afin d\u2019identifier les \u00e9l\u00e9ments de cette exp\u00e9rience du soin qui \u00e9loignent les soignants de l\u2019activit\u00e9 en g\u00e9riatrie, nous avons consult\u00e9 les forums d\u2019\u00e9tudiants infirmiers et aides-soignants\u00a0<sup class=\"appel\" data-toggle=\"modal\" data-target=\"#notes\">(2)<\/sup>, un terrain de recherche d\u2019une grande richesse.<\/p>\n<p>Notre \u00e9tude croise deux champs de mod\u00e8le conceptuel\u00a0utilisant la notion de \u00ab\u00a0sale boulot\u00a0\u00bb ou <em>dirty work<\/em>\u00a0<sup class=\"appel\" data-toggle=\"modal\" data-target=\"#notes\">(3)<\/sup> compl\u00e9t\u00e9e par des \u00e9l\u00e9ments de la psychodynamique du travail qui nous \u00e9clairent sur les m\u00e9canismes de souffrance au travail lorsqu\u2019un d\u00e9calage entre travail prescrit et travail r\u00e9el vient remettre en question les id\u00e9aux et les valeurs des soignants.<\/p>\n<p>Les r\u00e9sultats de notre enqu\u00eate sur ces forums r\u00e9v\u00e8lent les difficult\u00e9s que rencontrent les \u00e9tudiants dans les services g\u00e9riatriques pour appr\u00e9hender les sp\u00e9cificit\u00e9s concr\u00e8tes du travail du \u00ab prendre soin \u00bb ou <em>care<\/em><sup>\u00a0(4)<\/sup>. En effet, ils d\u00e9couvrent avec une certaine amertume la r\u00e9alit\u00e9 d\u2019un milieu dans lequel ils doivent s\u2019approprier des r\u00e8gles professionnelles et des codes sociaux, un milieu qu\u2019ils ont choisi mais qui se r\u00e9v\u00e8le bien \u00e9loign\u00e9 de l\u2019image v\u00e9hicul\u00e9e par notre soci\u00e9t\u00e9, parfois par les centres de formation. Ces derniers pr\u00f4nent en effet des mod\u00e8les conceptuels anglo-saxons qui valorisent le travail autonome infirmier mais sont inadapt\u00e9s \u00e0 notre syst\u00e8me de sant\u00e9 encore tr\u00e8s \u00ab hospitalo-centr\u00e9 \u00bb\u2026<\/p>\n<p>Dans un premier temps, les \u00e9tudiants d\u00e9couvrent la part de \u00ab sale boulot \u00bb du soin, c\u2019est-\u00e0-dire une activit\u00e9 consid\u00e9r\u00e9e comme peu technique, voire \u00e0 caract\u00e8re profane, et qui les am\u00e8ne \u00e0 manipuler des fluides corporels. Il para\u00eet difficile de concevoir qu\u2019ils en ignoraient l\u2019existence, mais sont-ils pour autant pr\u00e9par\u00e9s \u00e0 faire vivre \u00e0 leur corps cette rencontre intime avec autrui et qui ne correspond \u00e0 aucune exp\u00e9rience ant\u00e9rieure, \u00e0 aucune relation sociale auparavant partag\u00e9e ? Ils d\u00e9couvrent par ailleurs la double peine lors de la r\u00e9alisation de soins relevant du <em>care<\/em> : consid\u00e9r\u00e9s comme simples par les professionnels, les apprenants n\u2019osent pas exprimer les difficult\u00e9s qu\u2019ils rencontrent pourtant au moment de leur r\u00e9alisation. Et s\u2019ils r\u00e9ussissent \u00e0 faire le soin correctement, ils n\u2019en tirent aucune gloire.<\/p>\n<p>Les stagiaires relatent aussi les enjeux de socialisation qui ont cours. Ils comprennent au fur et \u00e0 mesure de leur stage que l\u2019objectif n\u2019est pas seulement l\u2019acquisition de gestes techniques de soin, mais plut\u00f4t un enjeu de socialisation aux interactions dans un milieu de travail aux forts enjeux de pouvoirs. Au d\u00e9part d\u00e9stabilis\u00e9s, ils expriment toute une gamme d\u2019\u00e9motions allant du simple d\u00e9couragement \u00e0 la perte totale de rep\u00e8res dans ce nouvel univers. Les \u00e9tapes \u00e9voqu\u00e9es sont aussi celles qui conduisent le profane vers la professionnalisation, mais nous restons saisis par la notion de parcours initiatiques : un stage qui se passe mal, c\u2019est normal, confirment les professionnels de terrain.<\/p>\n<blockquote><p>Les \u00e9tudiants sont mal pr\u00e9par\u00e9s \u00e0 la r\u00e9alit\u00e9 du travail et en particulier \u00e0 la gestion de la part de \u00ab sale boulot \u00bb et d\u2019injonctions contradictoires.<\/p><\/blockquote>\n<p>Les litiges concernent souvent des questions de temporalit\u00e9 diff\u00e9rente entre professionnels et stagiaires, car leurs objectifs ne se recoupent pas toujours. Les \u00e9tudiants\u00a0 ne comprennent pas que les temps de pause sont n\u00e9cessaires aux professionnelles pour r\u00e9activer des strat\u00e9gies de d\u00e9fense collective afin de mettre \u00e0 distance les difficult\u00e9s du quotidien et rendre supportable le \u00ab sale boulot \u00bb. Les \u00e9tudiants subissent une v\u00e9ritable pression \u00e0 devoir apprendre \u00e0 travailler vite pour diminuer la charge journali\u00e8re de travail et ne pas mettre en retard l\u2019\u00e9quipe, souvent touch\u00e9e par le manque de personnel. La socialisation du profane passe donc par cette initiation \u00e0 la sp\u00e9cificit\u00e9 du contexte g\u00e9riatrique ; pouvoir r\u00e9aliser des actes de l\u2019ordre du domestique dans une temporalit\u00e9 industrielle sans que les professionnels de terrain soient conscients des enjeux de transmissions de savoirs \u00e0 la fois experts et incorpor\u00e9s.<\/p>\n<p>Mais ce qui d\u00e9stabilise peut-\u00eatre le plus ces soignants en devenir, c\u2019est la r\u00e9alit\u00e9 du m\u00e9tier exerc\u00e9 par leurs pairs : leur identit\u00e9 professionnelle en pleine construction est ainsi remise en cause. Le terme \u00ab peur \u00bb est utilis\u00e9 de mani\u00e8re r\u00e9currente : peur d\u2019aller en stage, peur de ne pas trouver sa place au sein de la division du travail, peur de l\u2019incomp\u00e9tence, voire de l\u2019erreur. Cette peur fait place au choc de la d\u00e9couverte de la r\u00e9alit\u00e9 des pratiques des soignants sur le terrain ; les propos rapport\u00e9s sont empreints de violence, de col\u00e8re et d\u2019indignation. La d\u00e9tresse est forte, les souffrances physiques et psychologiques sont alors \u00e9voqu\u00e9es. Ils ne supportent pas de voir et de pratiquer les pires actes \u00e0 leurs yeux\u00a0: le \u00ab sale boulot \u00bb fait salement, c\u2019est-\u00e0-dire ne respectant pas les r\u00e8gles enseign\u00e9es dans les centres de formation. Dans un tel contexte, le non-respect des r\u00e8gles d\u2019hygi\u00e8ne semble avoir un fort pouvoir symbolique. Ces sc\u00e8nes provoquent un d\u00e9go\u00fbt qui rebute totalement les stagiaires ; ils rejettent en bloc l\u2019id\u00e9e de pratiquer le m\u00e9tier de soignant dans de telles conditions, en particulier lorsqu\u2019ils ne peuvent b\u00e9n\u00e9ficier du partage des strat\u00e9gies de d\u00e9fense collective des \u00e9quipes en place parce que l\u2019\u00e9quipe est dysfonctionnelle et qu\u2019elle n\u2019est plus en mesure d\u2019accueillir un nouveau membre, m\u00eame temporaire.<\/p>\n<p>Les professionnels de terrain sont-ils conscients de participer \u00e0 ce point aux motivations professionnelles de leurs futurs pairs ? Se souviennent-ils des difficult\u00e9s ressenties lorsqu\u2019ils ont d\u00e9couvert le m\u00e9tier ? On peut craindre que les cons\u00e9quences de cette situation restent mal connues. Ces donn\u00e9es viennent r\u00e9activer l\u2019importance de l\u2019accompagnement des \u00e9tudiants sur les lieux de stage mais aussi lors de l\u2019\u00e9laboration des parcours d\u2019int\u00e9gration qui devront suivre la mont\u00e9e en comp\u00e9tences, conjuguant cure et <em>care<\/em>. Accompagner un novice en stage, ce n\u2019est pas seulement lui transmettre des soins techniques, c\u2019est aussi l\u2019int\u00e9grer dans une \u00e9quipe dans un but de socialisation et de partage des strat\u00e9gies de d\u00e9fense collective qui permettent les soins du <em>care<\/em> sans rester focalis\u00e9 sur la part de \u00ab sale boulot \u00bb.<\/p>\n<h1>Conclusion<\/h1>\n<p>Les soignants ne sont pas attir\u00e9s par le travail de soins aupr\u00e8s des personnes \u00e2g\u00e9es, les raisons en sont multiples et complexes. Le manque de reconnaissance des comp\u00e9tences professionnelles dessert la valorisation des activit\u00e9s du prendre soin.<\/p>\n<p>Les \u00e9tudiants sont mal pr\u00e9par\u00e9s \u00e0 la r\u00e9alit\u00e9 du travail et en particulier \u00e0 la gestion de la part de \u00ab sale boulot \u00bb et la gestion d\u2019injonctions contradictoires dans un contexte de normalisation de l\u2019activit\u00e9. Si ces activit\u00e9s les \u00e9loignent trop de leurs valeurs soignantes soulign\u00e9es fortement dans les centres de formation (<em>care<\/em>) sans pour autant donner tous les outils, les stagiaires sont perdus. Ce que les soignants refusent, c\u2019est le manque de qualit\u00e9 du travail en g\u00e9riatrie et pas seulement le fait que le travail de <em>care<\/em> soit peu visible et entra\u00eene une faible reconnaissance. La valorisation des comp\u00e9tences de soins moins \u00ab\u00a0visibles\u00a0\u00bb reste donc un d\u00e9fi \u00e0 accompagner.<\/p>\n<script>function PlayerjsAsync(){} if(window[\"Playerjs\"]){PlayerjsAsync();}<\/script>","protected":false},"excerpt":{"rendered":"<p><span class=\"span-reading-time rt-reading-time\" style=\"display: block;\"><span class=\"rt-label rt-prefix\">Temps de lecture\u00a0: <\/span> <span class=\"rt-time\"> 5<\/span> <span class=\"rt-label rt-postfix\">minutes<\/span><\/span>\ufeffLorsqu\u2019on \u00e9coute les discussions informelles entre stagiaires ou entre professionnels soignants, on rel\u00e8ve imm\u00e9diatement les propos n\u00e9gatifs qui entourent les services de g\u00e9riatrie ou les maisons de retraite m\u00e9dicalis\u00e9es. Sur quoi repose cette vision n\u00e9gative du travail aupr\u00e8s du public \u00e2g\u00e9 ? Et, plus pr\u00e9cis\u00e9ment, comment se construit-elle, selon quelles \u00e9tapes ou par quels m\u00e9canismes ? Cette question s\u2019av\u00e8re particuli\u00e8rement pertinente alors que l\u2019offre de postes dans ce secteur d\u2019activit\u00e9 est en pleine extension dans un contexte de population vieillissante et que le recrutement de personnel rel\u00e8ve du d\u00e9fi. L\u2019auteur a interrog\u00e9 cette absence de d\u00e9sir de la part des soignants afin d\u2019en saisir le mode de construction et d\u2019en d\u00e9celer les \u00e9tapes cl\u00e9s.<\/p>\n","protected":false},"author":1202,"featured_media":0,"comment_status":"open","ping_status":"open","sticky":false,"template":"","format":"standard","meta":{"_acf_changed":false,"_relevanssi_hide_post":"","_relevanssi_hide_content":"","_relevanssi_pin_for_all":"","_relevanssi_pin_keywords":"","_relevanssi_unpin_keywords":"","_relevanssi_related_keywords":"","_relevanssi_related_include_ids":"","_relevanssi_related_exclude_ids":"","_relevanssi_related_no_append":"","_relevanssi_related_not_related":"","_relevanssi_related_posts":"","_relevanssi_noindex_reason":"","footnotes":""},"categories":[26,2],"tags":[996,120,4690,100,279,1282,865,1283,1281],"class_list":["post-15557","post","type-post","status-publish","format-standard","hentry","category-dossier","category-gestions-hospitalieres","tag-bien-etre-au-travail","tag-care","tag-dirty-work","tag-ehpad","tag-enquete","tag-etudiant","tag-motivation","tag-soignant","tag-stage"],"acf":[],"yoast_head":"<!-- This site is optimized with the Yoast SEO plugin v24.8.1 - https:\/\/yoast.com\/wordpress\/plugins\/seo\/ -->\n<title>Stages, soignants, Ehpad\u2026 - Gestions hospitali\u00e8res<\/title>\n<meta name=\"robots\" content=\"index, follow, max-snippet:-1, max-image-preview:large, max-video-preview:-1\" \/>\n<link rel=\"canonical\" href=\"https:\/\/www.ricom-web8.com\/gestions\/stages-soignants-ehpad\/\" \/>\n<meta property=\"og:locale\" content=\"fr_FR\" \/>\n<meta property=\"og:type\" content=\"article\" \/>\n<meta property=\"og:title\" content=\"Stages, soignants, Ehpad\u2026 - Gestions hospitali\u00e8res\" \/>\n<meta property=\"og:description\" content=\"Temps de lecture\u00a0:  5 minutes\ufeffLorsqu\u2019on \u00e9coute les discussions informelles entre stagiaires ou entre professionnels soignants, on rel\u00e8ve imm\u00e9diatement les propos n\u00e9gatifs qui entourent les services de g\u00e9riatrie ou les maisons de retraite m\u00e9dicalis\u00e9es. Sur quoi repose cette vision n\u00e9gative du travail aupr\u00e8s du public \u00e2g\u00e9 ? Et, plus pr\u00e9cis\u00e9ment, comment se construit-elle, selon quelles \u00e9tapes ou par quels m\u00e9canismes ? Cette question s\u2019av\u00e8re particuli\u00e8rement pertinente alors que l\u2019offre de postes dans ce secteur d\u2019activit\u00e9 est en pleine extension dans un contexte de population vieillissante et que le recrutement de personnel rel\u00e8ve du d\u00e9fi. L\u2019auteur a interrog\u00e9 cette absence de d\u00e9sir de la part des soignants afin d\u2019en saisir le mode de construction et d\u2019en d\u00e9celer les \u00e9tapes cl\u00e9s.\" \/>\n<meta property=\"og:url\" content=\"https:\/\/www.ricom-web8.com\/gestions\/stages-soignants-ehpad\/\" \/>\n<meta property=\"og:site_name\" content=\"Gestions hospitali\u00e8res\" \/>\n<meta property=\"article:publisher\" content=\"https:\/\/www.facebook.com\/gestionshospitalieres\/\" \/>\n<meta property=\"article:published_time\" content=\"2013-09-30T22:00:00+00:00\" \/>\n<meta property=\"article:modified_time\" content=\"2018-03-07T16:35:45+00:00\" \/>\n<meta name=\"author\" content=\"yann Le Sager\" \/>\n<meta name=\"twitter:card\" content=\"summary_large_image\" \/>\n<meta name=\"twitter:creator\" content=\"@revue_GH\" \/>\n<meta name=\"twitter:site\" content=\"@revue_GH\" \/>\n<meta name=\"twitter:label1\" content=\"\u00c9crit par\" \/>\n\t<meta name=\"twitter:data1\" content=\"yann Le Sager\" \/>\n\t<meta name=\"twitter:label2\" content=\"Dur\u00e9e de lecture estim\u00e9e\" \/>\n\t<meta name=\"twitter:data2\" content=\"7 minutes\" \/>\n<script type=\"application\/ld+json\" class=\"yoast-schema-graph\">{\"@context\":\"https:\/\/schema.org\",\"@graph\":[{\"@type\":\"Article\",\"@id\":\"https:\/\/www.ricom-web8.com\/gestions\/stages-soignants-ehpad\/#article\",\"isPartOf\":{\"@id\":\"https:\/\/www.ricom-web8.com\/gestions\/stages-soignants-ehpad\/\"},\"author\":{\"name\":\"yann Le Sager\",\"@id\":\"https:\/\/www.ricom-web8.com\/gestions\/#\/schema\/person\/810c9671279c5f5a094f6f0a42237516\"},\"headline\":\"Stages, soignants, Ehpad\u2026\",\"datePublished\":\"2013-09-30T22:00:00+00:00\",\"dateModified\":\"2018-03-07T16:35:45+00:00\",\"mainEntityOfPage\":{\"@id\":\"https:\/\/www.ricom-web8.com\/gestions\/stages-soignants-ehpad\/\"},\"wordCount\":1456,\"commentCount\":0,\"publisher\":{\"@id\":\"https:\/\/www.ricom-web8.com\/gestions\/#organization\"},\"keywords\":[\"bien-\u00eatre au travail\",\"care\",\"dirty work\",\"Ehpad\",\"enqu\u00eate\",\"\u00e9tudiant\",\"motivation\",\"soignant\",\"stage\"],\"articleSection\":[\"dossier\",\"Gestions Hospitali\u00e8res\"],\"inLanguage\":\"fr-FR\",\"potentialAction\":[{\"@type\":\"CommentAction\",\"name\":\"Comment\",\"target\":[\"https:\/\/www.ricom-web8.com\/gestions\/stages-soignants-ehpad\/#respond\"]}]},{\"@type\":\"WebPage\",\"@id\":\"https:\/\/www.ricom-web8.com\/gestions\/stages-soignants-ehpad\/\",\"url\":\"https:\/\/www.ricom-web8.com\/gestions\/stages-soignants-ehpad\/\",\"name\":\"Stages, soignants, Ehpad\u2026 - Gestions hospitali\u00e8res\",\"isPartOf\":{\"@id\":\"https:\/\/www.ricom-web8.com\/gestions\/#website\"},\"datePublished\":\"2013-09-30T22:00:00+00:00\",\"dateModified\":\"2018-03-07T16:35:45+00:00\",\"breadcrumb\":{\"@id\":\"https:\/\/www.ricom-web8.com\/gestions\/stages-soignants-ehpad\/#breadcrumb\"},\"inLanguage\":\"fr-FR\",\"potentialAction\":[{\"@type\":\"ReadAction\",\"target\":[\"https:\/\/www.ricom-web8.com\/gestions\/stages-soignants-ehpad\/\"]}]},{\"@type\":\"BreadcrumbList\",\"@id\":\"https:\/\/www.ricom-web8.com\/gestions\/stages-soignants-ehpad\/#breadcrumb\",\"itemListElement\":[{\"@type\":\"ListItem\",\"position\":1,\"name\":\"Accueil\",\"item\":\"https:\/\/www.ricom-web8.com\/gestions\/\"},{\"@type\":\"ListItem\",\"position\":2,\"name\":\"Stages, soignants, Ehpad\u2026\"}]},{\"@type\":\"WebSite\",\"@id\":\"https:\/\/www.ricom-web8.com\/gestions\/#website\",\"url\":\"https:\/\/www.ricom-web8.com\/gestions\/\",\"name\":\"Gestions hospitali\u00e8res\",\"description\":\"la revue des d\u00e9cideurs hospitaliers\",\"publisher\":{\"@id\":\"https:\/\/www.ricom-web8.com\/gestions\/#organization\"},\"potentialAction\":[{\"@type\":\"SearchAction\",\"target\":{\"@type\":\"EntryPoint\",\"urlTemplate\":\"https:\/\/www.ricom-web8.com\/gestions\/?s={search_term_string}\"},\"query-input\":{\"@type\":\"PropertyValueSpecification\",\"valueRequired\":true,\"valueName\":\"search_term_string\"}}],\"inLanguage\":\"fr-FR\"},{\"@type\":\"Organization\",\"@id\":\"https:\/\/www.ricom-web8.com\/gestions\/#organization\",\"name\":\"Gestions hospitali\u00e8res\",\"url\":\"https:\/\/www.ricom-web8.com\/gestions\/\",\"logo\":{\"@type\":\"ImageObject\",\"inLanguage\":\"fr-FR\",\"@id\":\"https:\/\/www.ricom-web8.com\/gestions\/#\/schema\/logo\/image\/\",\"url\":\"https:\/\/gestions-hospitalieres.fr\/wp-content\/uploads\/2017\/02\/picto_Gif-GH-trans.png\",\"contentUrl\":\"https:\/\/gestions-hospitalieres.fr\/wp-content\/uploads\/2017\/02\/picto_Gif-GH-trans.png\",\"width\":512,\"height\":512,\"caption\":\"Gestions hospitali\u00e8res\"},\"image\":{\"@id\":\"https:\/\/www.ricom-web8.com\/gestions\/#\/schema\/logo\/image\/\"},\"sameAs\":[\"https:\/\/www.facebook.com\/gestionshospitalieres\/\",\"https:\/\/x.com\/revue_GH\",\"https:\/\/www.linkedin.com\/company\/gestions-hospitalieres?trk=top_nav_home\"]},{\"@type\":\"Person\",\"@id\":\"https:\/\/www.ricom-web8.com\/gestions\/#\/schema\/person\/810c9671279c5f5a094f6f0a42237516\",\"name\":\"yann Le Sager\",\"image\":{\"@type\":\"ImageObject\",\"inLanguage\":\"fr-FR\",\"@id\":\"https:\/\/www.ricom-web8.com\/gestions\/#\/schema\/person\/image\/\",\"url\":\"https:\/\/secure.gravatar.com\/avatar\/36112fa5997be9e3b9acb0c60a4a1075?s=96&d=mm&r=g\",\"contentUrl\":\"https:\/\/secure.gravatar.com\/avatar\/36112fa5997be9e3b9acb0c60a4a1075?s=96&d=mm&r=g\",\"caption\":\"yann Le Sager\"},\"url\":\"https:\/\/www.ricom-web8.com\/gestions\/author\/lesager-yannstudioricom-com\/\"}]}<\/script>\n<!-- \/ Yoast SEO plugin. -->","yoast_head_json":{"title":"Stages, soignants, Ehpad\u2026 - Gestions hospitali\u00e8res","robots":{"index":"index","follow":"follow","max-snippet":"max-snippet:-1","max-image-preview":"max-image-preview:large","max-video-preview":"max-video-preview:-1"},"canonical":"https:\/\/www.ricom-web8.com\/gestions\/stages-soignants-ehpad\/","og_locale":"fr_FR","og_type":"article","og_title":"Stages, soignants, Ehpad\u2026 - Gestions hospitali\u00e8res","og_description":"Temps de lecture\u00a0:  5 minutes\ufeffLorsqu\u2019on \u00e9coute les discussions informelles entre stagiaires ou entre professionnels soignants, on rel\u00e8ve imm\u00e9diatement les propos n\u00e9gatifs qui entourent les services de g\u00e9riatrie ou les maisons de retraite m\u00e9dicalis\u00e9es. Sur quoi repose cette vision n\u00e9gative du travail aupr\u00e8s du public \u00e2g\u00e9 ? Et, plus pr\u00e9cis\u00e9ment, comment se construit-elle, selon quelles \u00e9tapes ou par quels m\u00e9canismes ? Cette question s\u2019av\u00e8re particuli\u00e8rement pertinente alors que l\u2019offre de postes dans ce secteur d\u2019activit\u00e9 est en pleine extension dans un contexte de population vieillissante et que le recrutement de personnel rel\u00e8ve du d\u00e9fi. L\u2019auteur a interrog\u00e9 cette absence de d\u00e9sir de la part des soignants afin d\u2019en saisir le mode de construction et d\u2019en d\u00e9celer les \u00e9tapes cl\u00e9s.","og_url":"https:\/\/www.ricom-web8.com\/gestions\/stages-soignants-ehpad\/","og_site_name":"Gestions hospitali\u00e8res","article_publisher":"https:\/\/www.facebook.com\/gestionshospitalieres\/","article_published_time":"2013-09-30T22:00:00+00:00","article_modified_time":"2018-03-07T16:35:45+00:00","author":"yann Le Sager","twitter_card":"summary_large_image","twitter_creator":"@revue_GH","twitter_site":"@revue_GH","twitter_misc":{"\u00c9crit par":"yann Le Sager","Dur\u00e9e de lecture estim\u00e9e":"7 minutes"},"schema":{"@context":"https:\/\/schema.org","@graph":[{"@type":"Article","@id":"https:\/\/www.ricom-web8.com\/gestions\/stages-soignants-ehpad\/#article","isPartOf":{"@id":"https:\/\/www.ricom-web8.com\/gestions\/stages-soignants-ehpad\/"},"author":{"name":"yann Le Sager","@id":"https:\/\/www.ricom-web8.com\/gestions\/#\/schema\/person\/810c9671279c5f5a094f6f0a42237516"},"headline":"Stages, soignants, Ehpad\u2026","datePublished":"2013-09-30T22:00:00+00:00","dateModified":"2018-03-07T16:35:45+00:00","mainEntityOfPage":{"@id":"https:\/\/www.ricom-web8.com\/gestions\/stages-soignants-ehpad\/"},"wordCount":1456,"commentCount":0,"publisher":{"@id":"https:\/\/www.ricom-web8.com\/gestions\/#organization"},"keywords":["bien-\u00eatre au travail","care","dirty work","Ehpad","enqu\u00eate","\u00e9tudiant","motivation","soignant","stage"],"articleSection":["dossier","Gestions Hospitali\u00e8res"],"inLanguage":"fr-FR","potentialAction":[{"@type":"CommentAction","name":"Comment","target":["https:\/\/www.ricom-web8.com\/gestions\/stages-soignants-ehpad\/#respond"]}]},{"@type":"WebPage","@id":"https:\/\/www.ricom-web8.com\/gestions\/stages-soignants-ehpad\/","url":"https:\/\/www.ricom-web8.com\/gestions\/stages-soignants-ehpad\/","name":"Stages, soignants, Ehpad\u2026 - Gestions hospitali\u00e8res","isPartOf":{"@id":"https:\/\/www.ricom-web8.com\/gestions\/#website"},"datePublished":"2013-09-30T22:00:00+00:00","dateModified":"2018-03-07T16:35:45+00:00","breadcrumb":{"@id":"https:\/\/www.ricom-web8.com\/gestions\/stages-soignants-ehpad\/#breadcrumb"},"inLanguage":"fr-FR","potentialAction":[{"@type":"ReadAction","target":["https:\/\/www.ricom-web8.com\/gestions\/stages-soignants-ehpad\/"]}]},{"@type":"BreadcrumbList","@id":"https:\/\/www.ricom-web8.com\/gestions\/stages-soignants-ehpad\/#breadcrumb","itemListElement":[{"@type":"ListItem","position":1,"name":"Accueil","item":"https:\/\/www.ricom-web8.com\/gestions\/"},{"@type":"ListItem","position":2,"name":"Stages, soignants, Ehpad\u2026"}]},{"@type":"WebSite","@id":"https:\/\/www.ricom-web8.com\/gestions\/#website","url":"https:\/\/www.ricom-web8.com\/gestions\/","name":"Gestions hospitali\u00e8res","description":"la revue des d\u00e9cideurs hospitaliers","publisher":{"@id":"https:\/\/www.ricom-web8.com\/gestions\/#organization"},"potentialAction":[{"@type":"SearchAction","target":{"@type":"EntryPoint","urlTemplate":"https:\/\/www.ricom-web8.com\/gestions\/?s={search_term_string}"},"query-input":{"@type":"PropertyValueSpecification","valueRequired":true,"valueName":"search_term_string"}}],"inLanguage":"fr-FR"},{"@type":"Organization","@id":"https:\/\/www.ricom-web8.com\/gestions\/#organization","name":"Gestions hospitali\u00e8res","url":"https:\/\/www.ricom-web8.com\/gestions\/","logo":{"@type":"ImageObject","inLanguage":"fr-FR","@id":"https:\/\/www.ricom-web8.com\/gestions\/#\/schema\/logo\/image\/","url":"https:\/\/gestions-hospitalieres.fr\/wp-content\/uploads\/2017\/02\/picto_Gif-GH-trans.png","contentUrl":"https:\/\/gestions-hospitalieres.fr\/wp-content\/uploads\/2017\/02\/picto_Gif-GH-trans.png","width":512,"height":512,"caption":"Gestions hospitali\u00e8res"},"image":{"@id":"https:\/\/www.ricom-web8.com\/gestions\/#\/schema\/logo\/image\/"},"sameAs":["https:\/\/www.facebook.com\/gestionshospitalieres\/","https:\/\/x.com\/revue_GH","https:\/\/www.linkedin.com\/company\/gestions-hospitalieres?trk=top_nav_home"]},{"@type":"Person","@id":"https:\/\/www.ricom-web8.com\/gestions\/#\/schema\/person\/810c9671279c5f5a094f6f0a42237516","name":"yann Le Sager","image":{"@type":"ImageObject","inLanguage":"fr-FR","@id":"https:\/\/www.ricom-web8.com\/gestions\/#\/schema\/person\/image\/","url":"https:\/\/secure.gravatar.com\/avatar\/36112fa5997be9e3b9acb0c60a4a1075?s=96&d=mm&r=g","contentUrl":"https:\/\/secure.gravatar.com\/avatar\/36112fa5997be9e3b9acb0c60a4a1075?s=96&d=mm&r=g","caption":"yann Le Sager"},"url":"https:\/\/www.ricom-web8.com\/gestions\/author\/lesager-yannstudioricom-com\/"}]}},"_links":{"self":[{"href":"https:\/\/www.ricom-web8.com\/gestions\/wp-json\/wp\/v2\/posts\/15557","targetHints":{"allow":["GET"]}}],"collection":[{"href":"https:\/\/www.ricom-web8.com\/gestions\/wp-json\/wp\/v2\/posts"}],"about":[{"href":"https:\/\/www.ricom-web8.com\/gestions\/wp-json\/wp\/v2\/types\/post"}],"author":[{"embeddable":true,"href":"https:\/\/www.ricom-web8.com\/gestions\/wp-json\/wp\/v2\/users\/1202"}],"replies":[{"embeddable":true,"href":"https:\/\/www.ricom-web8.com\/gestions\/wp-json\/wp\/v2\/comments?post=15557"}],"version-history":[{"count":0,"href":"https:\/\/www.ricom-web8.com\/gestions\/wp-json\/wp\/v2\/posts\/15557\/revisions"}],"wp:attachment":[{"href":"https:\/\/www.ricom-web8.com\/gestions\/wp-json\/wp\/v2\/media?parent=15557"}],"wp:term":[{"taxonomy":"category","embeddable":true,"href":"https:\/\/www.ricom-web8.com\/gestions\/wp-json\/wp\/v2\/categories?post=15557"},{"taxonomy":"post_tag","embeddable":true,"href":"https:\/\/www.ricom-web8.com\/gestions\/wp-json\/wp\/v2\/tags?post=15557"}],"curies":[{"name":"wp","href":"https:\/\/api.w.org\/{rel}","templated":true}]}}