

{"id":15581,"date":"2010-12-01T00:00:00","date_gmt":"2010-11-30T23:00:00","guid":{"rendered":"http:\/\/ricom-web.com\/gestions-hospitalieres\/controle-externe-le-mal-necessaire-peut-il-devenir-une-opportunite\/"},"modified":"2018-03-09T14:32:17","modified_gmt":"2018-03-09T13:32:17","slug":"controle-externe-le-mal-necessaire-peut-il-devenir-une-opportunite","status":"publish","type":"post","link":"https:\/\/www.ricom-web8.com\/gestions\/controle-externe-le-mal-necessaire-peut-il-devenir-une-opportunite\/","title":{"rendered":"Contr\u00f4le externe : le mal n\u00e9cessaire peut-il devenir une opportunit\u00e9 ?"},"content":{"rendered":"<span class=\"span-reading-time rt-reading-time\" style=\"display: block;\"><span class=\"rt-label rt-prefix\">Temps de lecture\u00a0: <\/span> <span class=\"rt-time\"> 5<\/span> <span class=\"rt-label rt-postfix\">minutes<\/span><\/span><h1>Contr\u00f4les externes\u00a0:\u00a0une mise en \u0153uvre qui fait d\u00e9bat<\/h1>\n<p>La mise en \u0153uvre des contr\u00f4les a souvent \u00e9t\u00e9 d\u00e9nonc\u00e9e pour sa rigidit\u00e9. Une premi\u00e8re critique repose sur le manque de dialogue entre contr\u00f4leurs et contr\u00f4l\u00e9s.<\/p>\n<p>Cette carence a \u00e9t\u00e9 point\u00e9e du doigt, tant lors des visites sur site, o\u00f9 les \u00e9changes entre praticiens concern\u00e9s et m\u00e9decins contr\u00f4leurs semblent quasi inexistants, que dans le d\u00e9roulement des \u00e9changes qui s\u2019ensuivent entre \u00e9tablissements et unit\u00e9 de coordination r\u00e9gionale (UCR). Absence de r\u00e9ponse aux observations de l\u2019\u00e9tablissement sur le rapport de contr\u00f4le, non-transmission du rapport de synth\u00e8se, qui comprend le bilan de la surfacturation constat\u00e9e et les propositions de sanction financi\u00e8re, motivations des sanctions lapidaires\u2026\u00a0Ce d\u00e9ficit de dialogue pousse d\u2019autant plus au contentieux que les \u00e9tablissements contr\u00f4l\u00e9s tendent \u00e0 se sentir priv\u00e9s d\u2019une juste d\u00e9fense, un sentiment accru par le soup\u00e7on de partialit\u00e9 qui entoure l\u2019UCR du fait de sa composition. En effet, cette derni\u00e8re est, selon les textes, compos\u00e9e \u00e0 majorit\u00e9 de membres issus de l\u2019Assurance Maladie. Le premier financeur des h\u00f4pitaux est \u00e9galement le contr\u00f4leur du bon usage des deniers qu\u2019il distribue\u2026<\/p>\n<p>La proc\u00e9dure du contr\u00f4le externe n\u00e9cessite d\u2019\u00eatre repens\u00e9e, afin de gagner en l\u00e9gitimit\u00e9 et en cr\u00e9dibilit\u00e9. Tant que des failles proc\u00e9durales subsistent, elles focalisent les insatisfactions et emp\u00eachent un d\u00e9bat de fond sur la coh\u00e9rence et la pertinence du codage.\u00a0L\u2019effet d\u00e9l\u00e9t\u00e8re de l\u2019insuffisance des \u00e9changes a \u00e9t\u00e9 accru par l\u2019instabilit\u00e9 normative qui entoure les r\u00e8gles de la T2A en g\u00e9n\u00e9ral, et du codage des activit\u00e9s en particulier. Les textes aff\u00e9rents \u00e0 ce sujet n\u2019ont eu de cesse d\u2019\u00eatre modifi\u00e9s. Dernier changement en date, une instruction du 15 juin 2010<sup class=\"appel\" data-toggle=\"modal\" data-target=\"#notes\">(1)<\/sup> est venue remplacer la circulaire du 31 ao\u00fbt 2006, dite \u00ab circulaire fronti\u00e8re \u00bb<sup class=\"appel\" data-toggle=\"modal\" data-target=\"#notes\">(2)<\/sup>, dont l\u2019application controvers\u00e9e avait suscit\u00e9 un d\u00e9bat sur la non-r\u00e9troactivit\u00e9 des mesures faisant grief.\u00a0De plus, \u00e0 l\u2019exception du code de la s\u00e9curit\u00e9 sociale, bon nombre des textes invoqu\u00e9s lors des contr\u00f4les n\u2019ont pas de valeur normative\u00a0: circulaires, <em>Guide du contr\u00f4le externe<\/em><sup class=\"appel\" data-toggle=\"modal\" data-target=\"#notes\">(3)<\/sup>, charte de bonnes pratiques<sup class=\"appel\" data-toggle=\"modal\" data-target=\"#notes\">(4)<\/sup>\u2026<\/p>\n<blockquote><p>Les contr\u00f4les externes, m\u00eame imparfaits, ont un m\u00e9rite : mettre le doigt l\u00e0 o\u00f9 le b\u00e2t blesse \u00e0 l\u2019h\u00f4pital.<\/p><\/blockquote>\n<p>L\u2019article L.162-22-18 du code de la s\u00e9curit\u00e9 sociale (CSS)<sup class=\"appel\" data-toggle=\"modal\" data-target=\"#notes\">(5)<\/sup> a m\u00eame fait l\u2019objet d\u2019une question prioritaire de constitutionnalit\u00e9. Le Conseil d\u2019\u00c9tat a certes d\u00e9clar\u00e9 ses dispositions conformes \u00e0 la constitution, mais cet exemple t\u00e9moigne de l\u2019ampleur de l\u2019ins\u00e9curit\u00e9 juridique ambiante. Source de tensions entre les acteurs, ce contexte prive les \u00e9tablissements de toute visibilit\u00e9 \u00e0 moyen terme.\u00a0Par ailleurs, l\u2019application des sanctions financi\u00e8res suscite \u00e9galement des r\u00e9serves. La complexit\u00e9 de la r\u00e9glementation et des modalit\u00e9s de calcul est d\u00e9nonc\u00e9e, notamment par le rapport 2009 de la Cour des comptes sur la s\u00e9curit\u00e9 sociale. La mont\u00e9e en charge de l\u2019application des sanctions n\u2019en est pas moins rapide\u00a0: 2,7 millions d\u2019euros de sanction notifi\u00e9s en 2008, et 20\u00a0millions d\u2019euros de sanction propos\u00e9s aux agences r\u00e9gionales de l\u2019hospitalisation (ARH) en 2009.\u00a0Or, la fixation de leur montant est passablement impr\u00e9cise. En effet, l\u2019article R. 162-42-12 du CSS stipule que le montant de la sanction est d\u00e9termin\u00e9 par la commission ex\u00e9cutive \u2013 aujourd\u2019hui par le directeur g\u00e9n\u00e9ral de l\u2019agence r\u00e9gional de sant\u00e9 \u2013 \u00ab <em>dans la limite de 5 % des recettes annuelles d\u2019assurance maladie de l\u2019\u00e9tablissement<\/em> \u00bb, sans que les crit\u00e8res de cette modulation du montant maximal soient pr\u00e9cis\u00e9s.\u00a0Cette ins\u00e9curit\u00e9 juridique est d\u2019autant plus inqui\u00e9tante que les montants des sanctions sont en augmentation\u00a0: au vu des enjeux financiers en cause, il est difficilement acceptable que les r\u00e8gles du jeu ne soient pas plus clairement \u00e9tablies.<\/p>\n<p>Un contr\u00f4le critiqu\u00e9 et perfectible, donc. Cependant, ces insuffisances ne doivent pas occulter le fait que la responsabilit\u00e9 de certains dysfonctionnements internes incombe aux h\u00f4pitaux, tels la bonne tenue du dossier patient ou la qualit\u00e9 du codage des actes.\u00a0Le contr\u00f4le externe \u00e9tant l\u2019occasion d\u2019objectiver des probl\u00e8mes d\u00e9j\u00e0 connus et de r\u00e9v\u00e9ler au grand jour leur impact financier, il peut pr\u00e9senter un int\u00e9r\u00eat manag\u00e9rial. Au-del\u00e0 des contr\u00f4les \u00e0 venir, traiter ces probl\u00e8mes de fond devient un imp\u00e9ratif de bonne gestion et d\u2019efficacit\u00e9 pour les \u00e9tablissements de sant\u00e9.<\/p>\n<h1>Am\u00e9liorer la qualit\u00e9 du codage,\u00a0un enjeu de premier plan<\/h1>\n<p>Les d\u00e9fauts de codage dans les donn\u00e9es transmises orientent d\u00e9j\u00e0 le choix des \u00e9tablissements contr\u00f4l\u00e9s. De plus, parmi les activit\u00e9s cibl\u00e9es, figurent chaque ann\u00e9e en bonne place\u00a0les s\u00e9jours avec complications ou morbidit\u00e9s associ\u00e9es (CMA) ou complications ou morbidit\u00e9s associ\u00e9es s\u00e9v\u00e8res (CMAS) et de moins de 24 heures dont la caract\u00e9ristique commune est d\u2019\u00eatre largement sujets \u00e0 erreur. Sont donc vis\u00e9s les s\u00e9jours pour lesquels les chances de r\u00e9cup\u00e9rer un indu et d\u2019appliquer des sanctions sont \u00e9lev\u00e9es. L\u2019orientation \u00ab\u00a0\u00e9conomique\u00a0\u00bb du ciblage constitue donc une forte incitation au codage vertueux.<\/p>\n<p>Si les tensions financi\u00e8res conduisent \u00e0 proscrire le sous-codage, le surcodage est quant \u00e0 lui banni du fait du contr\u00f4le externe. La voie est donc \u00e9troite. La complexit\u00e9 des r\u00e8gles de codage et l\u2019enjeu financier aff\u00e9rent soulignent le besoin de conseil et d\u2019accompagnement des \u00e9tablissements dans ce domaine. Or, \u00e0 l\u2019heure actuelle, ce r\u00f4le d\u2019expert conseiller cherche encore preneur.\u00a0Certes, il existe la possibilit\u00e9 de saisir l\u2019Agence technique de l\u2019information sur l\u2019hospitalisation (Atih) \u2013 art. R. 162-42-10 CSS \u2013, mais cette saisine n\u2019est ouverte qu\u2019aux pr\u00e9sidents des UCR et non aux \u00e9tablissements de sant\u00e9. De plus, l\u2019Atih est uniquement comp\u00e9tente sur les questions relatives au codage et non sur les probl\u00e9matiques m\u00e9dicales. En outre, suite \u00e0 un afflux inattendu de saisines en 2009<sup class=\"appel\" data-toggle=\"modal\" data-target=\"#notes\">(6)<\/sup>, le l\u00e9gislateur a consid\u00e9r\u00e9 qu\u2019il s\u2019agissait d\u2019une \u00ab d\u00e9rive notable dans l\u2019utilisation de cette proc\u00e9dure \u00bb et a fix\u00e9 un quota de saisines par r\u00e9gion<sup class=\"appel\" data-toggle=\"modal\" data-target=\"#notes\">(7)<\/sup>. Le recours \u00e0 l\u2019expertise de l\u2019Atih n\u2019a pas vocation \u00e0 r\u00e9pondre aux besoins des \u00e9tablissements, mais \u00e0 ceux des contr\u00f4leurs.<\/p>\n<p>La proc\u00e9dure du contr\u00f4le externe n\u2019offre donc pas de recours face aux difficult\u00e9s de codage. D\u2019aucuns pourraient arguer que l\u00e0 n\u2019est pas son r\u00f4le, lequel est de contr\u00f4ler et sanctionner, non de trouver des solutions. Aujourd\u2019hui, la construction d\u2019une r\u00e9ponse ne para\u00eet pouvoir \u00e9maner que des \u00e9tablissements eux-m\u00eames.\u00a0Les h\u00f4pitaux auraient sans doute int\u00e9r\u00eat \u00e0 se structurer aux niveaux r\u00e9gional et interr\u00e9gional pour d\u00e9terminer des positions communes et des r\u00e8gles de bonnes pratiques en mati\u00e8re de codage, et ainsi obtenir, au meilleur co\u00fbt, la r\u00e9ponse la plus adapt\u00e9e \u00e0 leurs besoins. Ils pourraient par exemple se grouper \u00e0 l\u2019instar de ce qui a \u00e9t\u00e9 fait pour la qualit\u00e9 et la gestion des risques, <em>via<\/em> des organismes r\u00e9gionaux \u00e9manant directement des \u00e9tablissements<sup class=\"appel\" data-toggle=\"modal\" data-target=\"#notes\">(8)<\/sup>.\u00a0La technicit\u00e9 du sujet et les montants financiers en jeu plaident pour la mise en place d\u2019un dispositif de d\u00e9veloppement continu de la tarification, bas\u00e9e sur une \u00e9volution planifi\u00e9e des crit\u00e8res, aliment\u00e9e par une veille et un retour d\u2019exp\u00e9rience sur l\u2019\u00e9volution des pratiques.<\/p>\n<h1>L\u2019incontournable am\u00e9lioration de la tenue du dossier patient<\/h1>\n<p>La tenue du dossier patient est souvent prise en d\u00e9faut lors des contr\u00f4les externes, au cours desquels les m\u00e9decins contr\u00f4leurs v\u00e9rifient l\u2019ad\u00e9quation entre les informations du r\u00e9sum\u00e9 d\u2019unit\u00e9 m\u00e9dicale et le dossier. La tenue du dossier patient \u00e9tant d\u00e9sormais une obligation r\u00e9glementaire (art. R. 1112.2 CSS), il n\u2019est pas possible de faire la preuve de la r\u00e9alit\u00e9 d\u2019un acte ou d\u2019une prestation par d\u2019autres moyens.<\/p>\n<p>Le cas des s\u00e9jours de moins de 24 heures t\u00e9moigne bien de l\u2019enjeu de la tra\u00e7abilit\u00e9 dans le dossier patient. Le contr\u00f4leur recherche les cas o\u00f9 la prise en charge aurait d\u00fb relever d\u2019un acte externe, bien moins r\u00e9mun\u00e9rateur qu\u2019un GHS, et non d\u2019une hospitalisation. Une fronti\u00e8re m\u00e9dicalement d\u00e9licate \u00e0 tracer, tant et si bien que la circulaire de 2006 a \u00e9t\u00e9 remplac\u00e9e par l\u2019instruction de 2010<sup class=\"appel\" data-toggle=\"modal\" data-target=\"#notes\">(9)<\/sup>, dont la nouveaut\u00e9 principale repose sur la notion de \u00ab terrain \u00e0 risque\u00a0\u00bb. Mais l\u2019\u00e9l\u00e9ment permettant de trancher in fine entre hospitalisation et acte externe reste inchang\u00e9 : le dossier patient. L\u2019instruction pr\u00e9cise\u00a0que la facturation d\u2019un GHS est l\u00e9gitime \u00ab <em>\u00e0 condition que les raisons justifiant la prise en charge en hospitalisation d\u2019activit\u00e9s habituellement de type \u201cexterne\u201d soient document\u00e9es dans le dossier m\u00e9dical<\/em> \u00bb.\u00a0Rien de bien nouveau donc\u00a0: si la tra\u00e7abilit\u00e9 est exhaustive, l\u2019\u00e9tablissement de sant\u00e9 peut affronter le contr\u00f4le externe avec s\u00e9r\u00e9nit\u00e9\u2026 Certes, cette condition n\u2019est rien moins qu\u2019\u00e9vidente \u00e0 mettre en \u0153uvre. N\u00e9anmoins, elle reste incontournable. Le dossier m\u00e9dical s\u2019impose comme une condition <em>sine qua non<\/em> de la facturation.<\/p>\n<p>Les contr\u00f4les externes, aussi imparfaits puissent-ils \u00eatre, ont un m\u00e9rite : mettre le doigt l\u00e0 o\u00f9 le b\u00e2t blesse \u00e0 l\u2019h\u00f4pital. Ils n\u2019apportent ni r\u00e9ponse ni solution aux probl\u00e8mes soulev\u00e9s, mais est-ce leur r\u00f4le\u00a0? Dans tous les cas, face aux campagnes de contr\u00f4le qui se succ\u00e8dent chaque ann\u00e9e, l\u2019attentisme n\u2019est pas concevable. S\u2019il serait souhaitable de sortir du face-\u00e0-face entre \u00e9tablissements et Assurance Maladie, il appartient aujourd\u2019hui aux \u00e9tablissements de sant\u00e9 de prendre l\u2019initiative.<\/p>\n<p>* Cet article a re\u00e7u le deuxi\u00e8me prix Graph 2010. Voir encadr\u00e9 article <a href=\"https:\/\/gestions-hospitalieres.fr\/loptimisation-des-consultations\/\" target=\"_blank\" rel=\"noopener noreferrer\">L&#8217;optimisation des consultations<\/a>.<\/p>\n<script>function PlayerjsAsync(){} if(window[\"Playerjs\"]){PlayerjsAsync();}<\/script>","protected":false},"excerpt":{"rendered":"<p><span class=\"span-reading-time rt-reading-time\" style=\"display: block;\"><span class=\"rt-label rt-prefix\">Temps de lecture\u00a0: <\/span> <span class=\"rt-time\"> 5<\/span> <span class=\"rt-label rt-postfix\">minutes<\/span><\/span>\ufeffAlors que les cons\u00e9quences financi\u00e8res du contr\u00f4le externe de la tarification suscitent des inqui\u00e9tudes, sa mise en \u0153uvre fait l\u2019objet de vives critiques de la part des \u00e9tablissements de sant\u00e9 : proc\u00e9dure men\u00e9e \u00e0 charge, absence de dialogue, contexte juridique fluctuant, sanctions disproportionn\u00e9es\u2026 Tandis que les contentieux sont en augmentation, dans un contexte budg\u00e9taire serr\u00e9, une r\u00e9flexion sur sa mise en \u0153uvre semble de plus en plus incontournable. Cependant, les d\u00e9fauts du contr\u00f4le externe ne dispensent pas les \u00e9tablissements de sant\u00e9 des efforts n\u00e9cessaires pour rem\u00e9dier \u00e0 certains dysfonctionnements internes, mis en exergue lors des contr\u00f4les. Si la r\u00e9ponse aux difficult\u00e9s soulev\u00e9es par le contr\u00f4le externe n\u2019appartient pas exclusivement \u00e0 l\u2019Assurance Maladie ni aux \u00e9tablissements de sant\u00e9, ces derniers ne peuvent pour autant occulter le fait qu\u2019ils ont un r\u00f4le actif \u00e0 jouer et que certaines \u00e9volutions restent entre leurs mains.<\/p>\n","protected":false},"author":1202,"featured_media":0,"comment_status":"open","ping_status":"open","sticky":false,"template":"","format":"standard","meta":{"_acf_changed":false,"_relevanssi_hide_post":"","_relevanssi_hide_content":"","_relevanssi_pin_for_all":"","_relevanssi_pin_keywords":"","_relevanssi_unpin_keywords":"","_relevanssi_related_keywords":"","_relevanssi_related_include_ids":"","_relevanssi_related_exclude_ids":"","_relevanssi_related_no_append":"","_relevanssi_related_not_related":"","_relevanssi_related_posts":"","_relevanssi_noindex_reason":"","footnotes":""},"categories":[3,2],"tags":[836,1316,136,156,48,49,17],"class_list":["post-15581","post","type-post","status-publish","format-standard","hentry","category-experience","category-gestions-hospitalieres","tag-codage","tag-controle-externe","tag-facturation","tag-hopital","tag-legislation","tag-reglementation","tag-t2a"],"acf":[],"yoast_head":"<!-- This site is optimized with the Yoast SEO plugin v24.8.1 - https:\/\/yoast.com\/wordpress\/plugins\/seo\/ -->\n<title>Contr\u00f4le externe : le mal n\u00e9cessaire peut-il devenir une opportunit\u00e9 ? - Gestions hospitali\u00e8res<\/title>\n<meta name=\"robots\" content=\"index, follow, max-snippet:-1, max-image-preview:large, max-video-preview:-1\" \/>\n<link rel=\"canonical\" href=\"https:\/\/www.ricom-web8.com\/gestions\/controle-externe-le-mal-necessaire-peut-il-devenir-une-opportunite\/\" \/>\n<meta property=\"og:locale\" content=\"fr_FR\" \/>\n<meta property=\"og:type\" content=\"article\" \/>\n<meta property=\"og:title\" content=\"Contr\u00f4le externe : le mal n\u00e9cessaire peut-il devenir une opportunit\u00e9 ? - Gestions hospitali\u00e8res\" \/>\n<meta property=\"og:description\" content=\"Temps de lecture\u00a0:  5 minutes\ufeffAlors que les cons\u00e9quences financi\u00e8res du contr\u00f4le externe de la tarification suscitent des inqui\u00e9tudes, sa mise en \u0153uvre fait l\u2019objet de vives critiques de la part des \u00e9tablissements de sant\u00e9 : proc\u00e9dure men\u00e9e \u00e0 charge, absence de dialogue, contexte juridique fluctuant, sanctions disproportionn\u00e9es\u2026 Tandis que les contentieux sont en augmentation, dans un contexte budg\u00e9taire serr\u00e9, une r\u00e9flexion sur sa mise en \u0153uvre semble de plus en plus incontournable. Cependant, les d\u00e9fauts du contr\u00f4le externe ne dispensent pas les \u00e9tablissements de sant\u00e9 des efforts n\u00e9cessaires pour rem\u00e9dier \u00e0 certains dysfonctionnements internes, mis en exergue lors des contr\u00f4les. Si la r\u00e9ponse aux difficult\u00e9s soulev\u00e9es par le contr\u00f4le externe n\u2019appartient pas exclusivement \u00e0 l\u2019Assurance Maladie ni aux \u00e9tablissements de sant\u00e9, ces derniers ne peuvent pour autant occulter le fait qu\u2019ils ont un r\u00f4le actif \u00e0 jouer et que certaines \u00e9volutions restent entre leurs mains.\" \/>\n<meta property=\"og:url\" content=\"https:\/\/www.ricom-web8.com\/gestions\/controle-externe-le-mal-necessaire-peut-il-devenir-une-opportunite\/\" \/>\n<meta property=\"og:site_name\" content=\"Gestions hospitali\u00e8res\" \/>\n<meta property=\"article:publisher\" content=\"https:\/\/www.facebook.com\/gestionshospitalieres\/\" \/>\n<meta property=\"article:published_time\" content=\"2010-11-30T23:00:00+00:00\" \/>\n<meta property=\"article:modified_time\" content=\"2018-03-09T13:32:17+00:00\" \/>\n<meta name=\"author\" content=\"yann Le Sager\" \/>\n<meta name=\"twitter:card\" content=\"summary_large_image\" \/>\n<meta name=\"twitter:creator\" content=\"@revue_GH\" \/>\n<meta name=\"twitter:site\" content=\"@revue_GH\" \/>\n<meta name=\"twitter:label1\" content=\"\u00c9crit par\" \/>\n\t<meta name=\"twitter:data1\" content=\"yann Le Sager\" \/>\n\t<meta name=\"twitter:label2\" content=\"Dur\u00e9e de lecture estim\u00e9e\" \/>\n\t<meta name=\"twitter:data2\" content=\"9 minutes\" \/>\n<script type=\"application\/ld+json\" class=\"yoast-schema-graph\">{\"@context\":\"https:\/\/schema.org\",\"@graph\":[{\"@type\":\"Article\",\"@id\":\"https:\/\/www.ricom-web8.com\/gestions\/controle-externe-le-mal-necessaire-peut-il-devenir-une-opportunite\/#article\",\"isPartOf\":{\"@id\":\"https:\/\/www.ricom-web8.com\/gestions\/controle-externe-le-mal-necessaire-peut-il-devenir-une-opportunite\/\"},\"author\":{\"name\":\"yann Le Sager\",\"@id\":\"https:\/\/www.ricom-web8.com\/gestions\/#\/schema\/person\/810c9671279c5f5a094f6f0a42237516\"},\"headline\":\"Contr\u00f4le externe : le mal n\u00e9cessaire peut-il devenir une opportunit\u00e9 ?\",\"datePublished\":\"2010-11-30T23:00:00+00:00\",\"dateModified\":\"2018-03-09T13:32:17+00:00\",\"mainEntityOfPage\":{\"@id\":\"https:\/\/www.ricom-web8.com\/gestions\/controle-externe-le-mal-necessaire-peut-il-devenir-une-opportunite\/\"},\"wordCount\":1714,\"commentCount\":0,\"publisher\":{\"@id\":\"https:\/\/www.ricom-web8.com\/gestions\/#organization\"},\"keywords\":[\"codage\",\"contr\u00f4le externe\",\"facturation\",\"h\u00f4pital\",\"l\u00e9gislation\",\"r\u00e9glementation\",\"T2A\"],\"articleSection\":[\"exp\u00e9rience\",\"Gestions Hospitali\u00e8res\"],\"inLanguage\":\"fr-FR\",\"potentialAction\":[{\"@type\":\"CommentAction\",\"name\":\"Comment\",\"target\":[\"https:\/\/www.ricom-web8.com\/gestions\/controle-externe-le-mal-necessaire-peut-il-devenir-une-opportunite\/#respond\"]}]},{\"@type\":\"WebPage\",\"@id\":\"https:\/\/www.ricom-web8.com\/gestions\/controle-externe-le-mal-necessaire-peut-il-devenir-une-opportunite\/\",\"url\":\"https:\/\/www.ricom-web8.com\/gestions\/controle-externe-le-mal-necessaire-peut-il-devenir-une-opportunite\/\",\"name\":\"Contr\u00f4le externe : le mal n\u00e9cessaire peut-il devenir une opportunit\u00e9 ? - Gestions hospitali\u00e8res\",\"isPartOf\":{\"@id\":\"https:\/\/www.ricom-web8.com\/gestions\/#website\"},\"datePublished\":\"2010-11-30T23:00:00+00:00\",\"dateModified\":\"2018-03-09T13:32:17+00:00\",\"breadcrumb\":{\"@id\":\"https:\/\/www.ricom-web8.com\/gestions\/controle-externe-le-mal-necessaire-peut-il-devenir-une-opportunite\/#breadcrumb\"},\"inLanguage\":\"fr-FR\",\"potentialAction\":[{\"@type\":\"ReadAction\",\"target\":[\"https:\/\/www.ricom-web8.com\/gestions\/controle-externe-le-mal-necessaire-peut-il-devenir-une-opportunite\/\"]}]},{\"@type\":\"BreadcrumbList\",\"@id\":\"https:\/\/www.ricom-web8.com\/gestions\/controle-externe-le-mal-necessaire-peut-il-devenir-une-opportunite\/#breadcrumb\",\"itemListElement\":[{\"@type\":\"ListItem\",\"position\":1,\"name\":\"Accueil\",\"item\":\"https:\/\/www.ricom-web8.com\/gestions\/\"},{\"@type\":\"ListItem\",\"position\":2,\"name\":\"Contr\u00f4le externe : le mal n\u00e9cessaire peut-il devenir une opportunit\u00e9 ?\"}]},{\"@type\":\"WebSite\",\"@id\":\"https:\/\/www.ricom-web8.com\/gestions\/#website\",\"url\":\"https:\/\/www.ricom-web8.com\/gestions\/\",\"name\":\"Gestions hospitali\u00e8res\",\"description\":\"la revue des d\u00e9cideurs hospitaliers\",\"publisher\":{\"@id\":\"https:\/\/www.ricom-web8.com\/gestions\/#organization\"},\"potentialAction\":[{\"@type\":\"SearchAction\",\"target\":{\"@type\":\"EntryPoint\",\"urlTemplate\":\"https:\/\/www.ricom-web8.com\/gestions\/?s={search_term_string}\"},\"query-input\":{\"@type\":\"PropertyValueSpecification\",\"valueRequired\":true,\"valueName\":\"search_term_string\"}}],\"inLanguage\":\"fr-FR\"},{\"@type\":\"Organization\",\"@id\":\"https:\/\/www.ricom-web8.com\/gestions\/#organization\",\"name\":\"Gestions hospitali\u00e8res\",\"url\":\"https:\/\/www.ricom-web8.com\/gestions\/\",\"logo\":{\"@type\":\"ImageObject\",\"inLanguage\":\"fr-FR\",\"@id\":\"https:\/\/www.ricom-web8.com\/gestions\/#\/schema\/logo\/image\/\",\"url\":\"https:\/\/gestions-hospitalieres.fr\/wp-content\/uploads\/2017\/02\/picto_Gif-GH-trans.png\",\"contentUrl\":\"https:\/\/gestions-hospitalieres.fr\/wp-content\/uploads\/2017\/02\/picto_Gif-GH-trans.png\",\"width\":512,\"height\":512,\"caption\":\"Gestions hospitali\u00e8res\"},\"image\":{\"@id\":\"https:\/\/www.ricom-web8.com\/gestions\/#\/schema\/logo\/image\/\"},\"sameAs\":[\"https:\/\/www.facebook.com\/gestionshospitalieres\/\",\"https:\/\/x.com\/revue_GH\",\"https:\/\/www.linkedin.com\/company\/gestions-hospitalieres?trk=top_nav_home\"]},{\"@type\":\"Person\",\"@id\":\"https:\/\/www.ricom-web8.com\/gestions\/#\/schema\/person\/810c9671279c5f5a094f6f0a42237516\",\"name\":\"yann Le Sager\",\"image\":{\"@type\":\"ImageObject\",\"inLanguage\":\"fr-FR\",\"@id\":\"https:\/\/www.ricom-web8.com\/gestions\/#\/schema\/person\/image\/\",\"url\":\"https:\/\/secure.gravatar.com\/avatar\/36112fa5997be9e3b9acb0c60a4a1075?s=96&d=mm&r=g\",\"contentUrl\":\"https:\/\/secure.gravatar.com\/avatar\/36112fa5997be9e3b9acb0c60a4a1075?s=96&d=mm&r=g\",\"caption\":\"yann Le Sager\"},\"url\":\"https:\/\/www.ricom-web8.com\/gestions\/author\/lesager-yannstudioricom-com\/\"}]}<\/script>\n<!-- \/ Yoast SEO plugin. -->","yoast_head_json":{"title":"Contr\u00f4le externe : le mal n\u00e9cessaire peut-il devenir une opportunit\u00e9 ? - Gestions hospitali\u00e8res","robots":{"index":"index","follow":"follow","max-snippet":"max-snippet:-1","max-image-preview":"max-image-preview:large","max-video-preview":"max-video-preview:-1"},"canonical":"https:\/\/www.ricom-web8.com\/gestions\/controle-externe-le-mal-necessaire-peut-il-devenir-une-opportunite\/","og_locale":"fr_FR","og_type":"article","og_title":"Contr\u00f4le externe : le mal n\u00e9cessaire peut-il devenir une opportunit\u00e9 ? - Gestions hospitali\u00e8res","og_description":"Temps de lecture\u00a0:  5 minutes\ufeffAlors que les cons\u00e9quences financi\u00e8res du contr\u00f4le externe de la tarification suscitent des inqui\u00e9tudes, sa mise en \u0153uvre fait l\u2019objet de vives critiques de la part des \u00e9tablissements de sant\u00e9 : proc\u00e9dure men\u00e9e \u00e0 charge, absence de dialogue, contexte juridique fluctuant, sanctions disproportionn\u00e9es\u2026 Tandis que les contentieux sont en augmentation, dans un contexte budg\u00e9taire serr\u00e9, une r\u00e9flexion sur sa mise en \u0153uvre semble de plus en plus incontournable. Cependant, les d\u00e9fauts du contr\u00f4le externe ne dispensent pas les \u00e9tablissements de sant\u00e9 des efforts n\u00e9cessaires pour rem\u00e9dier \u00e0 certains dysfonctionnements internes, mis en exergue lors des contr\u00f4les. Si la r\u00e9ponse aux difficult\u00e9s soulev\u00e9es par le contr\u00f4le externe n\u2019appartient pas exclusivement \u00e0 l\u2019Assurance Maladie ni aux \u00e9tablissements de sant\u00e9, ces derniers ne peuvent pour autant occulter le fait qu\u2019ils ont un r\u00f4le actif \u00e0 jouer et que certaines \u00e9volutions restent entre leurs mains.","og_url":"https:\/\/www.ricom-web8.com\/gestions\/controle-externe-le-mal-necessaire-peut-il-devenir-une-opportunite\/","og_site_name":"Gestions hospitali\u00e8res","article_publisher":"https:\/\/www.facebook.com\/gestionshospitalieres\/","article_published_time":"2010-11-30T23:00:00+00:00","article_modified_time":"2018-03-09T13:32:17+00:00","author":"yann Le Sager","twitter_card":"summary_large_image","twitter_creator":"@revue_GH","twitter_site":"@revue_GH","twitter_misc":{"\u00c9crit par":"yann Le Sager","Dur\u00e9e de lecture estim\u00e9e":"9 minutes"},"schema":{"@context":"https:\/\/schema.org","@graph":[{"@type":"Article","@id":"https:\/\/www.ricom-web8.com\/gestions\/controle-externe-le-mal-necessaire-peut-il-devenir-une-opportunite\/#article","isPartOf":{"@id":"https:\/\/www.ricom-web8.com\/gestions\/controle-externe-le-mal-necessaire-peut-il-devenir-une-opportunite\/"},"author":{"name":"yann Le Sager","@id":"https:\/\/www.ricom-web8.com\/gestions\/#\/schema\/person\/810c9671279c5f5a094f6f0a42237516"},"headline":"Contr\u00f4le externe : le mal n\u00e9cessaire peut-il devenir une opportunit\u00e9 ?","datePublished":"2010-11-30T23:00:00+00:00","dateModified":"2018-03-09T13:32:17+00:00","mainEntityOfPage":{"@id":"https:\/\/www.ricom-web8.com\/gestions\/controle-externe-le-mal-necessaire-peut-il-devenir-une-opportunite\/"},"wordCount":1714,"commentCount":0,"publisher":{"@id":"https:\/\/www.ricom-web8.com\/gestions\/#organization"},"keywords":["codage","contr\u00f4le externe","facturation","h\u00f4pital","l\u00e9gislation","r\u00e9glementation","T2A"],"articleSection":["exp\u00e9rience","Gestions Hospitali\u00e8res"],"inLanguage":"fr-FR","potentialAction":[{"@type":"CommentAction","name":"Comment","target":["https:\/\/www.ricom-web8.com\/gestions\/controle-externe-le-mal-necessaire-peut-il-devenir-une-opportunite\/#respond"]}]},{"@type":"WebPage","@id":"https:\/\/www.ricom-web8.com\/gestions\/controle-externe-le-mal-necessaire-peut-il-devenir-une-opportunite\/","url":"https:\/\/www.ricom-web8.com\/gestions\/controle-externe-le-mal-necessaire-peut-il-devenir-une-opportunite\/","name":"Contr\u00f4le externe : le mal n\u00e9cessaire peut-il devenir une opportunit\u00e9 ? - Gestions hospitali\u00e8res","isPartOf":{"@id":"https:\/\/www.ricom-web8.com\/gestions\/#website"},"datePublished":"2010-11-30T23:00:00+00:00","dateModified":"2018-03-09T13:32:17+00:00","breadcrumb":{"@id":"https:\/\/www.ricom-web8.com\/gestions\/controle-externe-le-mal-necessaire-peut-il-devenir-une-opportunite\/#breadcrumb"},"inLanguage":"fr-FR","potentialAction":[{"@type":"ReadAction","target":["https:\/\/www.ricom-web8.com\/gestions\/controle-externe-le-mal-necessaire-peut-il-devenir-une-opportunite\/"]}]},{"@type":"BreadcrumbList","@id":"https:\/\/www.ricom-web8.com\/gestions\/controle-externe-le-mal-necessaire-peut-il-devenir-une-opportunite\/#breadcrumb","itemListElement":[{"@type":"ListItem","position":1,"name":"Accueil","item":"https:\/\/www.ricom-web8.com\/gestions\/"},{"@type":"ListItem","position":2,"name":"Contr\u00f4le externe : le mal n\u00e9cessaire peut-il devenir une opportunit\u00e9 ?"}]},{"@type":"WebSite","@id":"https:\/\/www.ricom-web8.com\/gestions\/#website","url":"https:\/\/www.ricom-web8.com\/gestions\/","name":"Gestions hospitali\u00e8res","description":"la revue des d\u00e9cideurs hospitaliers","publisher":{"@id":"https:\/\/www.ricom-web8.com\/gestions\/#organization"},"potentialAction":[{"@type":"SearchAction","target":{"@type":"EntryPoint","urlTemplate":"https:\/\/www.ricom-web8.com\/gestions\/?s={search_term_string}"},"query-input":{"@type":"PropertyValueSpecification","valueRequired":true,"valueName":"search_term_string"}}],"inLanguage":"fr-FR"},{"@type":"Organization","@id":"https:\/\/www.ricom-web8.com\/gestions\/#organization","name":"Gestions hospitali\u00e8res","url":"https:\/\/www.ricom-web8.com\/gestions\/","logo":{"@type":"ImageObject","inLanguage":"fr-FR","@id":"https:\/\/www.ricom-web8.com\/gestions\/#\/schema\/logo\/image\/","url":"https:\/\/gestions-hospitalieres.fr\/wp-content\/uploads\/2017\/02\/picto_Gif-GH-trans.png","contentUrl":"https:\/\/gestions-hospitalieres.fr\/wp-content\/uploads\/2017\/02\/picto_Gif-GH-trans.png","width":512,"height":512,"caption":"Gestions hospitali\u00e8res"},"image":{"@id":"https:\/\/www.ricom-web8.com\/gestions\/#\/schema\/logo\/image\/"},"sameAs":["https:\/\/www.facebook.com\/gestionshospitalieres\/","https:\/\/x.com\/revue_GH","https:\/\/www.linkedin.com\/company\/gestions-hospitalieres?trk=top_nav_home"]},{"@type":"Person","@id":"https:\/\/www.ricom-web8.com\/gestions\/#\/schema\/person\/810c9671279c5f5a094f6f0a42237516","name":"yann Le Sager","image":{"@type":"ImageObject","inLanguage":"fr-FR","@id":"https:\/\/www.ricom-web8.com\/gestions\/#\/schema\/person\/image\/","url":"https:\/\/secure.gravatar.com\/avatar\/36112fa5997be9e3b9acb0c60a4a1075?s=96&d=mm&r=g","contentUrl":"https:\/\/secure.gravatar.com\/avatar\/36112fa5997be9e3b9acb0c60a4a1075?s=96&d=mm&r=g","caption":"yann Le Sager"},"url":"https:\/\/www.ricom-web8.com\/gestions\/author\/lesager-yannstudioricom-com\/"}]}},"_links":{"self":[{"href":"https:\/\/www.ricom-web8.com\/gestions\/wp-json\/wp\/v2\/posts\/15581","targetHints":{"allow":["GET"]}}],"collection":[{"href":"https:\/\/www.ricom-web8.com\/gestions\/wp-json\/wp\/v2\/posts"}],"about":[{"href":"https:\/\/www.ricom-web8.com\/gestions\/wp-json\/wp\/v2\/types\/post"}],"author":[{"embeddable":true,"href":"https:\/\/www.ricom-web8.com\/gestions\/wp-json\/wp\/v2\/users\/1202"}],"replies":[{"embeddable":true,"href":"https:\/\/www.ricom-web8.com\/gestions\/wp-json\/wp\/v2\/comments?post=15581"}],"version-history":[{"count":0,"href":"https:\/\/www.ricom-web8.com\/gestions\/wp-json\/wp\/v2\/posts\/15581\/revisions"}],"wp:attachment":[{"href":"https:\/\/www.ricom-web8.com\/gestions\/wp-json\/wp\/v2\/media?parent=15581"}],"wp:term":[{"taxonomy":"category","embeddable":true,"href":"https:\/\/www.ricom-web8.com\/gestions\/wp-json\/wp\/v2\/categories?post=15581"},{"taxonomy":"post_tag","embeddable":true,"href":"https:\/\/www.ricom-web8.com\/gestions\/wp-json\/wp\/v2\/tags?post=15581"}],"curies":[{"name":"wp","href":"https:\/\/api.w.org\/{rel}","templated":true}]}}