

{"id":15631,"date":"2013-12-01T00:00:00","date_gmt":"2013-11-30T23:00:00","guid":{"rendered":"http:\/\/ricom-web.com\/gestions-hospitalieres\/linstitut-national-du-cancer\/"},"modified":"2018-03-07T17:20:14","modified_gmt":"2018-03-07T16:20:14","slug":"linstitut-national-du-cancer","status":"publish","type":"post","link":"https:\/\/www.ricom-web8.com\/gestions\/linstitut-national-du-cancer\/","title":{"rendered":"L\u2019Institut national du cancer"},"content":{"rendered":"<span class=\"span-reading-time rt-reading-time\" style=\"display: block;\"><span class=\"rt-label rt-prefix\">Temps de lecture\u00a0: <\/span> <span class=\"rt-time\"> 7<\/span> <span class=\"rt-label rt-postfix\">minutes<\/span><\/span><p class=\"para-TC_txt_LETTRINE_ok\"><span class=\"char-TC_txt_lettrine-Local-178\"><img decoding=\"async\" class=\"alignleft wp-image-27401\" src=\"https:\/\/gestions-hospitalieres.fr\/wp-content\/uploads\/2016\/10\/ill_2013_629_01-244x300.png\" alt=\"ill_2013_629_01\" width=\"150\" height=\"185\" srcset=\"https:\/\/www.ricom-web8.com\/gestions\/wp-content\/uploads\/2016\/10\/ill_2013_629_01-244x300.png 244w, https:\/\/www.ricom-web8.com\/gestions\/wp-content\/uploads\/2016\/10\/ill_2013_629_01.png 600w\" sizes=\"(max-width: 150px) 100vw, 150px\" \/>L<\/span><span class=\"char-of-TC_txt_LETTRINE_ok-236\">es propos liminaires rappellent le r\u00f4le et les missions : \u00ab<\/span>\u00a0<span class=\"char-TC_txt_ital-Local-194\"><em>L\u2019Institut national du cancer est l\u2019agence sanitaire et scientifique charg\u00e9e de coordonner les actions de lutte contre le cancer. Cr\u00e9\u00e9 par la loi de sant\u00e9 publique du 9 ao\u00fbt 2004, il est plac\u00e9 sous la tutelle conjointe des minist\u00e8res en charge de la Sant\u00e9 et de la Recherche. Constitu\u00e9 sous la forme d\u2019un groupement d\u2019int\u00e9r\u00eat public, l\u2019Inca rassemble les acteurs cl\u00e9s de la canc\u00e9rologie : l\u2019\u00c9tat, les grandes associations, les caisses d\u2019assurance maladie, les organismes de recherche et les f\u00e9d\u00e9rations hospitali\u00e8res. Tous ont pour ambitions communes de diminuer la survenue des cancers \u00e9vitables, de r\u00e9duire la mortalit\u00e9 par cancer, d\u2019am\u00e9liorer la qualit\u00e9 de vie des personnes atteintes pendant et apr\u00e8s la maladie, et de r\u00e9duire les in\u00e9galit\u00e9s de sant\u00e9. L\u2019Inca oriente et structure la recherche et l\u2019organisation des soins, produit ou mobilise les expertises, soutient et stimule l\u2019innovation, diffuse les connaissances et favorise leur appropriation, au service des personnes malades, de leurs proches, des usagers du syst\u00e8me sanitaire et social, des professionnels de sant\u00e9, des chercheurs, des experts et des d\u00e9cideurs<\/em>.<\/span>\u00a0<span class=\"char-of-TC_txt_LETTRINE_ok-236\">\u00bb<\/span><\/p>\n<p class=\"para-TC_txt_LETTRINE_ok\"><span class=\"char-of-TC_txt_LETTRINE_ok-236\">Les deux \u00e9ditoriaux introductifs, de la pr\u00e9sidente et de la directrice g\u00e9n\u00e9rale, donnent \u00e0 comprendre les enjeux qui ont pr\u00e9sid\u00e9 \u00e0 la cr\u00e9ation de l\u2019Inca, le contexte dans lequel il conduit son action et le b\u00e9n\u00e9fice attendu de son r\u00f4le f\u00e9d\u00e9rateur.\u00a0<\/span><\/p>\n<p class=\"para-TC_txt_LETTRINE_ok\"><span class=\"char-of-TC_txt_LETTRINE_ok-236\">Agn\u00e8s Buzin, pr\u00e9sidente, r\u00e9affirme l\u2019ambition : \u00ab<\/span>\u00a0<em><span class=\"char-TC_txt_ital-Local-194\">Acc\u00e9l\u00e9rer les progr\u00e8s face aux cancers au service de la population<\/span><\/em>\u00a0<span class=\"char-of-TC_txt_LETTRINE_ok-236\">\u00bb, en insistant sur l\u2019ampleur de la t\u00e2che : \u00ab<\/span>\u00a0<span class=\"char-TC_txt_ital-Local-194\"><em>Mille nouveaux cas de cancers sont diagnostiqu\u00e9s quotidiennement dans notre pays; quatre cents personnes en d\u00e9c\u00e8dent chaque jour. Face \u00e0 l\u2019ampleur de l\u2019enjeu, il n\u2019est pas vain de rappeler les objectifs qui rassemblent les partenaires de notre groupement d\u2019int\u00e9r\u00eat public, et qui animent les \u00e9quipes de l\u2019Inca au quotidien : r\u00e9duire la survenue des cancers \u00e9vitables ainsi que la mortalit\u00e9 par cancer, et am\u00e9liorer la qualit\u00e9 de la vie des personnes atteintes, pendant et apr\u00e8s la maladie<\/em>.<\/span>\u00a0<span class=\"char-of-TC_txt_LETTRINE_ok-236\">\u00bb Le plan Cancer 2009-2013 a fix\u00e9 la ligne d\u2019action. La m\u00e9thode a \u00e9t\u00e9 confort\u00e9e par l\u2019adoption, en 2012, d\u2019un projet d\u2019\u00e9tablissement.\u00a0<\/span><\/p>\n<p class=\"para-TC_txt_LETTRINE_ok\"><span class=\"char-of-TC_txt_LETTRINE_ok-236\">Anne Burstin, directrice g\u00e9n\u00e9rale, pr\u00e9cise la mani\u00e8re : \u00ab<\/span>\u00a0<span class=\"char-TC_txt_ital-Local-194\"><em>D\u00e9cloisonner l\u2019approche des sujets, coordonner les acteurs, offrir une vision d\u2019ensemble des cancers sont les \u00e9l\u00e9ments constitutifs de la valeur ajout\u00e9e d\u2019un institut d\u00e9di\u00e9 \u00e0 cette pathologie. C\u2019est pourquoi l\u2019Inca s\u2019attache \u00e0 conforter les passerelles entre recherche et soins, \u00e0 articuler pr\u00e9vention et prises en charge, \u00e0 nourrir ses recommandations des travaux de recherche qu\u2019il impulse<\/em>.<\/span>\u00a0<span class=\"char-of-TC_txt_LETTRINE_ok-236\">\u00bb Les moyens sont divers : travailler sur les priorit\u00e9s de la recherche en mati\u00e8re de pr\u00e9vention et de changement des comportements, encourager \u00ab<\/span>\u00a0<em><span class=\"char-TC_txt_ital-Local-194\">le rapprochement entre toutes les dimensions de la recherche : fondamentale, translationnelle, clinique, mais aussi sciences humaines, math\u00e9matiques, informatique [\u2026]<\/span><\/em>\u00a0<span class=\"char-of-TC_txt_LETTRINE_ok-236\">\u00bb. Dans le monde fragment\u00e9 qui caract\u00e9rise la probl\u00e9matique du cancer et de la canc\u00e9rologie, \u00ab<\/span>\u00a0<em><span class=\"char-TC_txt_ital-Local-194\">la force d\u2019une approche int\u00e9gr\u00e9e de la lutte contre les cancers<\/span><\/em>\u00a0<span class=\"char-of-TC_txt_LETTRINE_ok-236\">\u00bb est un atout majeur.\u00a0<\/span><\/p>\n<p class=\"para-TC_txt_LETTRINE_ok\"><span class=\"char-of-TC_txt_LETTRINE_ok-236\">Plusieurs temps forts ont marqu\u00e9 l\u2019ann\u00e9e 2012 :\u00a0<\/span><\/p>\n<ul>\n<li class=\"para-TC_txt_LETTRINE_ok\"><span class=\"char-of-TC_txt_LETTRINE_ok-236\">20-22 mars, Cannes : s\u00e9quen\u00e7age du g\u00e9nome : organisation par l\u2019Inca du 6<\/span><span class=\"char-TC_txt-Local-81\"><sup>e<\/sup><\/span>\u00a0<span class=\"char-of-TC_txt_LETTRINE_ok-236\">colloque scientifique de l\u2019International Cancer Genome Consortium (ICGC)\u00a0 ;<br \/>\n<\/span><\/li>\n<li class=\"para-TC_txt_LETTRINE_ok\"><span class=\"char-of-TC_txt_LETTRINE_ok-236\">12 avril : publication par le Haut Conseil de la sant\u00e9 publique du rapport d\u2019\u00e9valuation du plan Cancer 2009-2013 \u00e0 mi-parcours ;<br \/>\n<\/span><\/li>\n<li class=\"para-TC_txt_LETTRINE_ok\"><span class=\"char-of-TC_txt_LETTRINE_ok-236\">11 mai : adoption \u00e0 l\u2019unanimit\u00e9 par le conseil d\u2019administration du projet d\u2019\u00e9tablissement de l\u2019Inca\u00a0 ;<br \/>\n<\/span><\/li>\n<li class=\"para-TC_txt_LETTRINE_ok\"><span class=\"char-of-TC_txt_LETTRINE_ok-236\">11 septembre : nomination de la directrice g\u00e9n\u00e9rale de l\u2019Inca, qui a notamment pour mission de mettre en \u0153uvre le projet d\u2019\u00e9tablissement et les orientations strat\u00e9giques de l\u2019institut d\u00e9finies pour les ann\u00e9es 2012 \u00e0 2014 ;<br \/>\n<\/span><\/li>\n<li class=\"para-TC_txt_LETTRINE_ok\"><span class=\"char-of-TC_txt_LETTRINE_ok-236\">Controverse \u00e0 l\u2019occasion d\u2019Octobre rose (campagne de lutte contre le cancer du sein) autour du d\u00e9pistage du cancer du sein : l\u2019Inca a publi\u00e9 en novembre 2012 un rapport sur les aspects \u00e9thiques relatifs au programme de d\u00e9pistage et a d\u00e9fini une strat\u00e9gie d\u2019actions int\u00e9gr\u00e9es face au cancer du sein, priorit\u00e9 de son plan d\u2019actions pour l\u2019ann\u00e9e 2013 ;<br \/>\n<\/span><\/li>\n<li class=\"para-TC_txt_LETTRINE_ok\"><span class=\"char-of-TC_txt_LETTRINE_ok-236\">13 novembre, Paris : 4<\/span><span class=\"char-TC_txt-Local-81\"><sup>es<\/sup><\/span>\u00a0<span class=\"char-of-TC_txt_LETTRINE_ok-236\">Rencontres internationales de recherche : \u00ab Recherche et innovations \u00bb ;<br \/>\n<\/span><\/li>\n<li class=\"para-TC_txt_LETTRINE_ok\"><span class=\"char-of-TC_txt_LETTRINE_ok-236\">4 d\u00e9cembre, Paris : annonce du troisi\u00e8me plan Cancer par le pr\u00e9sident de la R\u00e9publique lors de la quatri\u00e8me \u00e9dition des Rencontres annuelles de l\u2019Inca, consacr\u00e9es \u00e0 la lutte contre les in\u00e9galit\u00e9s face aux cancers.\u00a0<\/span><\/li>\n<\/ul>\n<p class=\"para-TC_txt_LETTRINE_ok\"><span class=\"char-of-TC_txt_LETTRINE_ok-236\">Le rapport pr\u00e9sente ensuite les \u00e9l\u00e9ments caract\u00e9ristiques de l\u2019action de l\u2019Inca dans ces diff\u00e9rents domaines en 2012, apr\u00e8s avoir pr\u00e9alablement insist\u00e9 sur un fait marquant : l\u2019adoption de son projet d\u2019\u00e9tablissement.\u00a0<\/span><\/p>\n<h1 class=\"para-TC_inter_01\"><span class=\"char-of-TC_txt-173\">2012, une nouvelle impulsion\u00a0<\/span><\/h1>\n<p class=\"para-TC_txt_LETTRINE_ok\"><span class=\"char-of-TC_txt_LETTRINE_ok-236\">\u00ab<\/span>\u00a0<span class=\"char-TC_txt_ital-Local-194\"><em>2012 a \u00e9t\u00e9 pour l\u2019Inca l\u2019ann\u00e9e de l\u2019adoption de son projet d\u2019\u00e9tablissement et de la d\u00e9finition de nouvelles orientations strat\u00e9giques fixant le cap pour les quatre ann\u00e9es \u00e0 venir. Ces axes strat\u00e9giques s\u2019inscrivent pour certains dans la continuit\u00e9 des actions entreprises, d\u2019autres permettent de r\u00e9pondre aux nouveaux enjeux li\u00e9s aux \u00e9volutions du paysage sanitaire et scientifique<\/em>.<\/span>\u00a0<span class=\"char-of-TC_txt_LETTRINE_ok-236\">\u00bb Initi\u00e9e en 2011 et conduite de mani\u00e8re participative, la d\u00e9marche d\u2019\u00e9laboration du projet d\u2019\u00e9tablissement r\u00e9sultait d\u2019un double constat : permettre la mise en \u0153uvre des engagements pris dans le cadre du contrat d\u2019objectifs et de performance (COP) sign\u00e9 avec l\u2019\u00c9tat pour la p\u00e9riode 2011-2014 et r\u00e9pondre \u00e0 l\u2019\u00e9volution des attentes des tutelles et de la soci\u00e9t\u00e9 quant aux r\u00f4les et devoirs des agences sanitaires et de recherche.\u00a0<\/span><\/p>\n<p class=\"para-TC_txt_LETTRINE_ok\"><span class=\"char-of-TC_txt_LETTRINE_ok-236\">Au nombre de trois, les orientations strat\u00e9giques 2012-2025 sont d\u00e9clin\u00e9es en neuf axes cl\u00e9s.\u00a0<\/span><\/p>\n<h2 class=\"para-TC_inter_02\"><span class=\"char-of-TC_txt-171\">Conforter le positionnement de l\u2019Inca en tant qu\u2019agence d\u2019expertise scientifique et sanitaire de r\u00e9f\u00e9rence<br \/>\n<\/span><\/h2>\n<ul>\n<li class=\"para-TC_txt_LETTRINE_ok\"><span class=\"char-of-TC_txt_LETTRINE_ok-236\">Optimiser les relations et les travaux men\u00e9s avec les acteurs institutionnels de la sant\u00e9 et de la recherche et les membres du groupement d\u2019int\u00e9r\u00eat public (GIP).\u00a0<\/span><\/li>\n<li class=\"para-TC_txt_LETTRINE_ok\"><span class=\"char-of-TC_txt_LETTRINE_ok-236\">Accentuer la prise en compte par l\u2019Inca des attentes des malades, des professionnels et du public, et de l\u2019engager fermement dans le processus de d\u00e9mocratie sanitaire.\u00a0<\/span><\/li>\n<li class=\"para-TC_txt_LETTRINE_ok\"><span class=\"char-of-TC_txt_LETTRINE_ok-236\">Poursuivre et am\u00e9liorer l\u2019observation des cancers et de l\u2019activit\u00e9 de canc\u00e9rologie, et de d\u00e9velopper une d\u00e9marche syst\u00e9matique d\u2019\u00e9valuation.\u00a0<\/span><\/li>\n<\/ul>\n<h2 class=\"para-TC_inter_02\"><span class=\"char-of-TC_txt-171\">Poursuivre, d\u00e9ployer et am\u00e9liorer\u00a0la lisibilit\u00e9 des missions et actions de l\u2019Inca\u00a0<\/span><\/h2>\n<ul>\n<li class=\"para-TC_txt_LETTRINE_ok\"><span class=\"char-of-TC_txt_LETTRINE_ok-236\">Identifier pr\u00e9cocement, soutenir et diffuser l\u2019innovation au b\u00e9n\u00e9fice des patients.\u00a0<\/span><\/li>\n<li class=\"para-TC_txt_LETTRINE_ok\"><span class=\"char-of-TC_txt_LETTRINE_ok-236\">Produire et am\u00e9liorer la qualit\u00e9 et la s\u00e9curit\u00e9 des expertises sur les cancers et la canc\u00e9rologie.\u00a0<\/span><\/li>\n<li class=\"para-TC_txt_LETTRINE_ok\"><span class=\"char-of-TC_txt_LETTRINE_ok-236\">Favoriser l\u2019appropriation des connaissances et du progr\u00e8s par les acteurs et les publics.\u00a0<\/span><\/li>\n<li class=\"para-TC_txt_LETTRINE_ok\"><span class=\"char-of-TC_txt_LETTRINE_ok-236\">Faire partager une vision int\u00e9gr\u00e9e de la lutte contre le cancer en interne et \u00e0 l\u2019ext\u00e9rieur dans l\u2019ensemble des actions de l\u2019Inca.<\/span><\/li>\n<\/ul>\n<blockquote><p>L\u2019Inca se devait de r\u00e9pondre aux attentes d\u2019une soci\u00e9t\u00e9 en crise de confiance envers les agences sanitaires (et les experts) et s\u2019organiser pour ex\u00e9cuter sa partition dans un r\u00e9seau d\u2019acteurs nombreux et si diff\u00e9rents.<\/p><\/blockquote>\n<h2 class=\"para-TC_inter_02\"><span class=\"char-of-TC_txt-171\">Adapter la gouvernance de l\u2019Inca\u00a0aux enjeux actuels de transparence et de qualit\u00e9<br \/>\n<\/span><\/h2>\n<ul>\n<li class=\"para-TC_txt_LETTRINE_ok\"><span class=\"char-of-TC_txt_LETTRINE_ok-236\">Renforcer la transversalit\u00e9 et la coll\u00e9gialit\u00e9 dans le fonctionnement de l\u2019Inca.\u00a0<\/span><\/li>\n<li class=\"para-TC_txt_LETTRINE_ok\"><span class=\"char-of-TC_txt_LETTRINE_ok-236\">Mettre en place une d\u00e9marche qualit\u00e9 et de ma\u00eetrise des risques.<br \/>\n<\/span><\/li>\n<\/ul>\n<p class=\"para-TC_txt_LETTRINE_ok\"><span class=\"char-of-TC_txt_LETTRINE_ok-236\">Expertise, \u00e9valuation, diffusion de l\u2019innovation, s\u00e9curit\u00e9, qualit\u00e9, transparence, ma\u00eetrise des risques\u2026, l\u2019Inca se devait de r\u00e9pondre aux attentes d\u2019une soci\u00e9t\u00e9 en crise de confiance envers les agences sanitaires (et les experts) et s\u2019organiser pour ex\u00e9cuter sa partition dans un r\u00e9seau d\u2019acteurs nombreux et si diff\u00e9rents. L\u2019institut s\u2019est ainsi ouvert aux usagers via leur participation aux comit\u00e9s d\u2019\u00e9valuation des projets du domaine de la recherche.\u00a0<\/span><\/p>\n<p class=\"para-TC_txt_LETTRINE_ok\"><span class=\"char-of-TC_txt_LETTRINE_ok-236\">Des actions inscrites dans ces engagements ont \u00e9t\u00e9 concr\u00e9tis\u00e9es en 2012, telles \u00a0la signature, le 15 novembre, d\u2019un protocole de coop\u00e9ration avec la Direction g\u00e9n\u00e9rale de la sant\u00e9 (DGS) \u2013 une d\u00e9marche similaire est pr\u00e9vue en 2013 avec la Direction g\u00e9n\u00e9rale de l\u2019offre de soins (DGOS) et le Secr\u00e9tariat g\u00e9n\u00e9ral des minist\u00e8res charg\u00e9s des Affaires sociales pour organiser les relations avec les agences r\u00e9gionales de sant\u00e9 \u2013, le renforcement de la collaboration avec la DGOS pour le soutien \u00e0 la recherche, s\u2019agissant des appels \u00e0 projet lanc\u00e9s par l\u2019Inca et financ\u00e9s par la DGOS, les coop\u00e9rations avec les op\u00e9rateurs et les financeurs de la recherche sur le cancer ou encore les partenariats avec les associations de lutte contre le cancer. Dans le m\u00eame temps, l\u2019institut pr\u00e9parait une refonte en profondeur de la convention constitutive du GPI Inca datant de 2005, nouvelle convention approuv\u00e9e en 2013. Des actions collaboratives sont \u00e9galement conduites avec les sept canc\u00e9rop\u00f4les (Lyon, Auvergne, Rh\u00f4ne-Alpes, Grand-Est, Grand-Ouest, Grand Sud-Ouest, \u00cele-de-France, Provence-Alpes-C\u00f4te-d\u2019Azur, Nord-Ouest).\u00a0<\/span><\/p>\n<p class=\"para-TC_txt_LETTRINE_ok\"><span class=\"char-of-TC_txt_LETTRINE_ok-236\">Des collaborations existent aussi avec les agences sanitaires dont les comp\u00e9tences s\u2019appliquent dans le champ du cancer : l\u2019Institut national de pr\u00e9vention et d\u2019\u00e9ducation pour la sant\u00e9 (INPES), l\u2019Agence de biom\u00e9decine\u2026 L\u2019Inca est \u00e9galement pr\u00e9sent sur la sc\u00e8ne internationale \u00ab<\/span>\u00a0<em><span class=\"char-TC_txt_ital-Local-194\">afin de renforcer la pr\u00e9sence de la recherche fran\u00e7aise dans les programmes europ\u00e9ens et internationaux et de soutenir le d\u00e9veloppement de collaborations globales sur le cancer<\/span><\/em>\u00a0<span class=\"char-of-TC_txt_LETTRINE_ok-236\">\u00bb.\u00a0<\/span><\/p>\n<p class=\"para-TC_txt_LETTRINE_ok\"><span class=\"char-of-TC_txt_LETTRINE_ok-236\">Dans le cadre de la \u00a0mission g\u00e9n\u00e9rale d\u2019observation et d\u2019\u00e9valuation des dispositifs de lutte contre les cancers et des actions de recherche qu\u2019il finance, deux projets structurants pour l\u2019\u00e9valuation ont \u00e9t\u00e9 mis en \u0153uvre par l\u2019Inca en 2012 : l\u2019Observatoire des investissements de sant\u00e9 Helios et la Cohorte cancer.\u00a0<\/span><\/p>\n<p class=\"para-TC_txt_LETTRINE_ok\"><span class=\"char-of-TC_txt_LETTRINE_ok-236\">Mission fondatrice de l\u2019Inca, inscrite au plan Cancer et dans son COP, le soutien \u00e0 l\u2019innovation dans tous les domaines de la canc\u00e9rologie est r\u00e9affirm\u00e9 de fa\u00e7on prioritaire dans les nouvelles orientations strat\u00e9giques, notamment par la cr\u00e9ation d\u2019un d\u00e9partement d\u00e9di\u00e9.\u00a0<\/span><\/p>\n<h1 class=\"para-TC_inter_01\"><span class=\"char-of-TC_txt-173\">Pr\u00e9venir, d\u00e9tecter et soigner\u00a0<\/span><span class=\"char-of-TC_txt_LETTRINE_ok-236\"><br \/>\n<\/span><\/h1>\n<p class=\"para-TC_txt_LETTRINE_ok\"><span class=\"char-of-TC_txt_LETTRINE_ok-236\">La deuxi\u00e8me partie du rapport d\u2019activit\u00e9 permet d\u2019appr\u00e9hender la diversit\u00e9 des moyens d\u2019action de l\u2019Inca dans ce domaine via plusieurs \u00e9clairages, de la pr\u00e9vention des facteurs de risques \u00e0 l\u2019information des personnes concern\u00e9es par la maladie, de la structuration de l\u2019offre de soins aux recommandations de prise en charge, sans omettre les questions \u00e9thiques.\u00a0<\/span><\/p>\n<p class=\"para-TC_txt_LETTRINE_ok\"><span class=\"char-of-TC_txt_LETTRINE_ok-236\">S\u2019agissant du soutien \u00e0 l\u2019innovation scientifique et technique, seize appels \u00e0 projets dans le domaine de la recherche ont \u00e9t\u00e9 organis\u00e9s en 2012. Au total, plus de 200 projets de recherche biom\u00e9dicale financ\u00e9s par l\u2019Inca sont en cours de r\u00e9alisation. Faire en sorte que les d\u00e9couvertes issues de la recherche contribuent le plus rapidement possible aux prises en charge des malades et \u00e0 l\u2019am\u00e9lioration de la pr\u00e9vention est \u00e9galement une mission de l\u2019Inca qui, \u00e0 ce titre, a labellis\u00e9 huit Sites de recherche int\u00e9gr\u00e9s sur le cancer (Siric) pour une dur\u00e9e de cinq ans : Lille, institut Curie, institut Gustave-Roussy, h\u00f4pital europ\u00e9en Georges-Pompidou\/\u00adCochin, Bordeaux, Montpellier, Marseille et Lyon.\u00a0<\/span><\/p>\n<p class=\"para-TC_txt_LETTRINE_ok\"><span class=\"char-of-TC_txt_LETTRINE_ok-236\">Le plan Cancer 2009-2013 fait l\u2019objet d\u2019un suivi trimestriel conduit \u00e0 trois niveaux :\u00a0<\/span><\/p>\n<ul>\n<li class=\"para-TC_txt_LETTRINE_ok\"><span class=\"char-of-TC_txt_LETTRINE_ok-236\">l\u2019avancement des actions au moyen de jalons (points d\u2019\u00e9tape) ;\u00a0<\/span><\/li>\n<li class=\"para-TC_txt_LETTRINE_ok\"><span class=\"char-of-TC_txt_LETTRINE_ok-236\">la r\u00e9alisation des mesures \u00e0 l\u2019aide d\u2019indicateurs (trois \u00e0 quatre pour chacune des 30 mesures) ;\u00a0<\/span><\/li>\n<li class=\"para-TC_txt_LETTRINE_ok\"><span class=\"char-of-TC_txt_LETTRINE_ok-236\">l\u2019ex\u00e9cution budg\u00e9taire.\u00a0<\/span><\/li>\n<\/ul>\n<p class=\"para-TC_txt_LETTRINE_ok\"><span class=\"char-of-TC_txt_LETTRINE_ok-236\">Le bilan d\u2019\u00e9tape 2012 montre que l\u2019avancement du plan est globalement conforme au calendrier pr\u00e9vu. Six annexes (budget, organigramme, appels \u00e0 projets g\u00e9r\u00e9s par l\u2019Inca en 2012, publications, articles scientifiques, sigles et abr\u00e9viations) viennent<em>\u00a0<\/em><\/span><em><span class=\"char-TC_txt_ital-Local-194\">in fine<\/span><\/em>\u00a0<span class=\"char-of-TC_txt_LETTRINE_ok-236\">compl\u00e9ter un rapport d\u2019activit\u00e9, riche, agr\u00e9able \u00e0 lire, tr\u00e8s document\u00e9, une v\u00e9ritable manne d\u2019informations pour les non-sp\u00e9cialistes. Une publication qui montre bien la place prise par l\u2019Inca dans la probl\u00e9matique du cancer, son activit\u00e9 multiforme et sa contribution au service d\u2019un monde caract\u00e9ris\u00e9 par une grande fragmentation.<\/span><\/p>\n<p class=\"para-TC_txt_LETTRINE_ok\"><strong>Pour en savoir plus :<\/strong> <a href=\"http:\/\/www.e-cancer.fr\/toutes-les-actualites\/7737\" target=\"_blank\" rel=\"noopener noreferrer\">www.e-cancer.fr<\/a><\/p>\n<script>function PlayerjsAsync(){} if(window[\"Playerjs\"]){PlayerjsAsync();}<\/script>","protected":false},"excerpt":{"rendered":"<p><span class=\"span-reading-time rt-reading-time\" style=\"display: block;\"><span class=\"rt-label rt-prefix\">Temps de lecture\u00a0: <\/span> <span class=\"rt-time\"> 7<\/span> <span class=\"rt-label rt-postfix\">minutes<\/span><\/span>\ufeffLe rapport d\u2019activit\u00e9 2012 de l\u2019Institut national du cancer (Inca) pr\u00e9sente en cent pages ce groupement d\u2019int\u00e9r\u00eat public, le contexte dans lequel il exerce ses missions et le cadre d\u2019action qui lui a \u00e9t\u00e9 fix\u00e9, affirmant par son sous-titre \u2013 \u00ab Acc\u00e9l\u00e9rons les progr\u00e8s face aux cancers \u00bb \u2013 l\u2019ambition qui est la sienne.<\/p>\n","protected":false},"author":1202,"featured_media":0,"comment_status":"open","ping_status":"open","sticky":false,"template":"","format":"standard","meta":{"_acf_changed":false,"_relevanssi_hide_post":"","_relevanssi_hide_content":"","_relevanssi_pin_for_all":"","_relevanssi_pin_keywords":"","_relevanssi_unpin_keywords":"","_relevanssi_related_keywords":"","_relevanssi_related_include_ids":"","_relevanssi_related_exclude_ids":"","_relevanssi_related_no_append":"","_relevanssi_related_not_related":"","_relevanssi_related_posts":"","_relevanssi_noindex_reason":"","footnotes":""},"categories":[26,2],"tags":[1481,1483,4162,1482,1484],"class_list":["post-15631","post","type-post","status-publish","format-standard","hentry","category-dossier","category-gestions-hospitalieres","tag-activite-2012","tag-canceropole","tag-inca","tag-plan-cancer-2009-2013","tag-siric"],"acf":[],"yoast_head":"<!-- This site is optimized with the Yoast SEO plugin v24.8.1 - https:\/\/yoast.com\/wordpress\/plugins\/seo\/ -->\n<title>L\u2019Institut national du cancer - Gestions hospitali\u00e8res<\/title>\n<meta name=\"robots\" content=\"index, follow, max-snippet:-1, max-image-preview:large, max-video-preview:-1\" \/>\n<link rel=\"canonical\" href=\"https:\/\/www.ricom-web8.com\/gestions\/linstitut-national-du-cancer\/\" \/>\n<meta property=\"og:locale\" content=\"fr_FR\" \/>\n<meta property=\"og:type\" content=\"article\" \/>\n<meta property=\"og:title\" content=\"L\u2019Institut national du cancer - Gestions hospitali\u00e8res\" \/>\n<meta property=\"og:description\" content=\"Temps de lecture\u00a0:  7 minutes\ufeffLe rapport d\u2019activit\u00e9 2012 de l\u2019Institut national du cancer (Inca) pr\u00e9sente en cent pages ce groupement d\u2019int\u00e9r\u00eat public, le contexte dans lequel il exerce ses missions et le cadre d\u2019action qui lui a \u00e9t\u00e9 fix\u00e9, affirmant par son sous-titre \u2013 \u00ab Acc\u00e9l\u00e9rons les progr\u00e8s face aux cancers \u00bb \u2013 l\u2019ambition qui est la sienne.\" \/>\n<meta property=\"og:url\" content=\"https:\/\/www.ricom-web8.com\/gestions\/linstitut-national-du-cancer\/\" \/>\n<meta property=\"og:site_name\" content=\"Gestions hospitali\u00e8res\" \/>\n<meta property=\"article:publisher\" content=\"https:\/\/www.facebook.com\/gestionshospitalieres\/\" \/>\n<meta property=\"article:published_time\" content=\"2013-11-30T23:00:00+00:00\" \/>\n<meta property=\"article:modified_time\" content=\"2018-03-07T16:20:14+00:00\" \/>\n<meta property=\"og:image\" content=\"https:\/\/gestions-hospitalieres.fr\/wp-content\/uploads\/2016\/10\/ill_2013_629_01-244x300.png\" \/>\n<meta name=\"author\" content=\"yann Le Sager\" \/>\n<meta name=\"twitter:card\" content=\"summary_large_image\" \/>\n<meta name=\"twitter:creator\" content=\"@revue_GH\" \/>\n<meta name=\"twitter:site\" content=\"@revue_GH\" \/>\n<meta name=\"twitter:label1\" content=\"\u00c9crit par\" \/>\n\t<meta name=\"twitter:data1\" content=\"yann Le Sager\" \/>\n\t<meta name=\"twitter:label2\" content=\"Dur\u00e9e de lecture estim\u00e9e\" \/>\n\t<meta name=\"twitter:data2\" content=\"10 minutes\" \/>\n<script type=\"application\/ld+json\" class=\"yoast-schema-graph\">{\"@context\":\"https:\/\/schema.org\",\"@graph\":[{\"@type\":\"Article\",\"@id\":\"https:\/\/www.ricom-web8.com\/gestions\/linstitut-national-du-cancer\/#article\",\"isPartOf\":{\"@id\":\"https:\/\/www.ricom-web8.com\/gestions\/linstitut-national-du-cancer\/\"},\"author\":{\"name\":\"yann Le Sager\",\"@id\":\"https:\/\/www.ricom-web8.com\/gestions\/#\/schema\/person\/810c9671279c5f5a094f6f0a42237516\"},\"headline\":\"L\u2019Institut national du cancer\",\"datePublished\":\"2013-11-30T23:00:00+00:00\",\"dateModified\":\"2018-03-07T16:20:14+00:00\",\"mainEntityOfPage\":{\"@id\":\"https:\/\/www.ricom-web8.com\/gestions\/linstitut-national-du-cancer\/\"},\"wordCount\":2054,\"commentCount\":0,\"publisher\":{\"@id\":\"https:\/\/www.ricom-web8.com\/gestions\/#organization\"},\"image\":{\"@id\":\"https:\/\/www.ricom-web8.com\/gestions\/linstitut-national-du-cancer\/#primaryimage\"},\"thumbnailUrl\":\"https:\/\/gestions-hospitalieres.fr\/wp-content\/uploads\/2016\/10\/ill_2013_629_01-244x300.png\",\"keywords\":[\"activit\u00e9 2012\",\"canc\u00e9rop\u00f4le\",\"Inca\",\"plan Cancer 2009-2013\",\"Siric\"],\"articleSection\":[\"dossier\",\"Gestions Hospitali\u00e8res\"],\"inLanguage\":\"fr-FR\",\"potentialAction\":[{\"@type\":\"CommentAction\",\"name\":\"Comment\",\"target\":[\"https:\/\/www.ricom-web8.com\/gestions\/linstitut-national-du-cancer\/#respond\"]}]},{\"@type\":\"WebPage\",\"@id\":\"https:\/\/www.ricom-web8.com\/gestions\/linstitut-national-du-cancer\/\",\"url\":\"https:\/\/www.ricom-web8.com\/gestions\/linstitut-national-du-cancer\/\",\"name\":\"L\u2019Institut national du cancer - Gestions hospitali\u00e8res\",\"isPartOf\":{\"@id\":\"https:\/\/www.ricom-web8.com\/gestions\/#website\"},\"primaryImageOfPage\":{\"@id\":\"https:\/\/www.ricom-web8.com\/gestions\/linstitut-national-du-cancer\/#primaryimage\"},\"image\":{\"@id\":\"https:\/\/www.ricom-web8.com\/gestions\/linstitut-national-du-cancer\/#primaryimage\"},\"thumbnailUrl\":\"https:\/\/gestions-hospitalieres.fr\/wp-content\/uploads\/2016\/10\/ill_2013_629_01-244x300.png\",\"datePublished\":\"2013-11-30T23:00:00+00:00\",\"dateModified\":\"2018-03-07T16:20:14+00:00\",\"breadcrumb\":{\"@id\":\"https:\/\/www.ricom-web8.com\/gestions\/linstitut-national-du-cancer\/#breadcrumb\"},\"inLanguage\":\"fr-FR\",\"potentialAction\":[{\"@type\":\"ReadAction\",\"target\":[\"https:\/\/www.ricom-web8.com\/gestions\/linstitut-national-du-cancer\/\"]}]},{\"@type\":\"ImageObject\",\"inLanguage\":\"fr-FR\",\"@id\":\"https:\/\/www.ricom-web8.com\/gestions\/linstitut-national-du-cancer\/#primaryimage\",\"url\":\"https:\/\/gestions-hospitalieres.fr\/wp-content\/uploads\/2016\/10\/ill_2013_629_01-244x300.png\",\"contentUrl\":\"https:\/\/gestions-hospitalieres.fr\/wp-content\/uploads\/2016\/10\/ill_2013_629_01-244x300.png\"},{\"@type\":\"BreadcrumbList\",\"@id\":\"https:\/\/www.ricom-web8.com\/gestions\/linstitut-national-du-cancer\/#breadcrumb\",\"itemListElement\":[{\"@type\":\"ListItem\",\"position\":1,\"name\":\"Accueil\",\"item\":\"https:\/\/www.ricom-web8.com\/gestions\/\"},{\"@type\":\"ListItem\",\"position\":2,\"name\":\"L\u2019Institut national du cancer\"}]},{\"@type\":\"WebSite\",\"@id\":\"https:\/\/www.ricom-web8.com\/gestions\/#website\",\"url\":\"https:\/\/www.ricom-web8.com\/gestions\/\",\"name\":\"Gestions hospitali\u00e8res\",\"description\":\"la revue des d\u00e9cideurs hospitaliers\",\"publisher\":{\"@id\":\"https:\/\/www.ricom-web8.com\/gestions\/#organization\"},\"potentialAction\":[{\"@type\":\"SearchAction\",\"target\":{\"@type\":\"EntryPoint\",\"urlTemplate\":\"https:\/\/www.ricom-web8.com\/gestions\/?s={search_term_string}\"},\"query-input\":{\"@type\":\"PropertyValueSpecification\",\"valueRequired\":true,\"valueName\":\"search_term_string\"}}],\"inLanguage\":\"fr-FR\"},{\"@type\":\"Organization\",\"@id\":\"https:\/\/www.ricom-web8.com\/gestions\/#organization\",\"name\":\"Gestions hospitali\u00e8res\",\"url\":\"https:\/\/www.ricom-web8.com\/gestions\/\",\"logo\":{\"@type\":\"ImageObject\",\"inLanguage\":\"fr-FR\",\"@id\":\"https:\/\/www.ricom-web8.com\/gestions\/#\/schema\/logo\/image\/\",\"url\":\"https:\/\/gestions-hospitalieres.fr\/wp-content\/uploads\/2017\/02\/picto_Gif-GH-trans.png\",\"contentUrl\":\"https:\/\/gestions-hospitalieres.fr\/wp-content\/uploads\/2017\/02\/picto_Gif-GH-trans.png\",\"width\":512,\"height\":512,\"caption\":\"Gestions hospitali\u00e8res\"},\"image\":{\"@id\":\"https:\/\/www.ricom-web8.com\/gestions\/#\/schema\/logo\/image\/\"},\"sameAs\":[\"https:\/\/www.facebook.com\/gestionshospitalieres\/\",\"https:\/\/x.com\/revue_GH\",\"https:\/\/www.linkedin.com\/company\/gestions-hospitalieres?trk=top_nav_home\"]},{\"@type\":\"Person\",\"@id\":\"https:\/\/www.ricom-web8.com\/gestions\/#\/schema\/person\/810c9671279c5f5a094f6f0a42237516\",\"name\":\"yann Le Sager\",\"image\":{\"@type\":\"ImageObject\",\"inLanguage\":\"fr-FR\",\"@id\":\"https:\/\/www.ricom-web8.com\/gestions\/#\/schema\/person\/image\/\",\"url\":\"https:\/\/secure.gravatar.com\/avatar\/36112fa5997be9e3b9acb0c60a4a1075?s=96&d=mm&r=g\",\"contentUrl\":\"https:\/\/secure.gravatar.com\/avatar\/36112fa5997be9e3b9acb0c60a4a1075?s=96&d=mm&r=g\",\"caption\":\"yann Le Sager\"},\"url\":\"https:\/\/www.ricom-web8.com\/gestions\/author\/lesager-yannstudioricom-com\/\"}]}<\/script>\n<!-- \/ Yoast SEO plugin. -->","yoast_head_json":{"title":"L\u2019Institut national du cancer - Gestions hospitali\u00e8res","robots":{"index":"index","follow":"follow","max-snippet":"max-snippet:-1","max-image-preview":"max-image-preview:large","max-video-preview":"max-video-preview:-1"},"canonical":"https:\/\/www.ricom-web8.com\/gestions\/linstitut-national-du-cancer\/","og_locale":"fr_FR","og_type":"article","og_title":"L\u2019Institut national du cancer - Gestions hospitali\u00e8res","og_description":"Temps de lecture\u00a0:  7 minutes\ufeffLe rapport d\u2019activit\u00e9 2012 de l\u2019Institut national du cancer (Inca) pr\u00e9sente en cent pages ce groupement d\u2019int\u00e9r\u00eat public, le contexte dans lequel il exerce ses missions et le cadre d\u2019action qui lui a \u00e9t\u00e9 fix\u00e9, affirmant par son sous-titre \u2013 \u00ab Acc\u00e9l\u00e9rons les progr\u00e8s face aux cancers \u00bb \u2013 l\u2019ambition qui est la sienne.","og_url":"https:\/\/www.ricom-web8.com\/gestions\/linstitut-national-du-cancer\/","og_site_name":"Gestions hospitali\u00e8res","article_publisher":"https:\/\/www.facebook.com\/gestionshospitalieres\/","article_published_time":"2013-11-30T23:00:00+00:00","article_modified_time":"2018-03-07T16:20:14+00:00","og_image":[{"url":"https:\/\/gestions-hospitalieres.fr\/wp-content\/uploads\/2016\/10\/ill_2013_629_01-244x300.png","type":"","width":"","height":""}],"author":"yann Le Sager","twitter_card":"summary_large_image","twitter_creator":"@revue_GH","twitter_site":"@revue_GH","twitter_misc":{"\u00c9crit par":"yann Le Sager","Dur\u00e9e de lecture estim\u00e9e":"10 minutes"},"schema":{"@context":"https:\/\/schema.org","@graph":[{"@type":"Article","@id":"https:\/\/www.ricom-web8.com\/gestions\/linstitut-national-du-cancer\/#article","isPartOf":{"@id":"https:\/\/www.ricom-web8.com\/gestions\/linstitut-national-du-cancer\/"},"author":{"name":"yann Le Sager","@id":"https:\/\/www.ricom-web8.com\/gestions\/#\/schema\/person\/810c9671279c5f5a094f6f0a42237516"},"headline":"L\u2019Institut national du cancer","datePublished":"2013-11-30T23:00:00+00:00","dateModified":"2018-03-07T16:20:14+00:00","mainEntityOfPage":{"@id":"https:\/\/www.ricom-web8.com\/gestions\/linstitut-national-du-cancer\/"},"wordCount":2054,"commentCount":0,"publisher":{"@id":"https:\/\/www.ricom-web8.com\/gestions\/#organization"},"image":{"@id":"https:\/\/www.ricom-web8.com\/gestions\/linstitut-national-du-cancer\/#primaryimage"},"thumbnailUrl":"https:\/\/gestions-hospitalieres.fr\/wp-content\/uploads\/2016\/10\/ill_2013_629_01-244x300.png","keywords":["activit\u00e9 2012","canc\u00e9rop\u00f4le","Inca","plan Cancer 2009-2013","Siric"],"articleSection":["dossier","Gestions Hospitali\u00e8res"],"inLanguage":"fr-FR","potentialAction":[{"@type":"CommentAction","name":"Comment","target":["https:\/\/www.ricom-web8.com\/gestions\/linstitut-national-du-cancer\/#respond"]}]},{"@type":"WebPage","@id":"https:\/\/www.ricom-web8.com\/gestions\/linstitut-national-du-cancer\/","url":"https:\/\/www.ricom-web8.com\/gestions\/linstitut-national-du-cancer\/","name":"L\u2019Institut national du cancer - Gestions hospitali\u00e8res","isPartOf":{"@id":"https:\/\/www.ricom-web8.com\/gestions\/#website"},"primaryImageOfPage":{"@id":"https:\/\/www.ricom-web8.com\/gestions\/linstitut-national-du-cancer\/#primaryimage"},"image":{"@id":"https:\/\/www.ricom-web8.com\/gestions\/linstitut-national-du-cancer\/#primaryimage"},"thumbnailUrl":"https:\/\/gestions-hospitalieres.fr\/wp-content\/uploads\/2016\/10\/ill_2013_629_01-244x300.png","datePublished":"2013-11-30T23:00:00+00:00","dateModified":"2018-03-07T16:20:14+00:00","breadcrumb":{"@id":"https:\/\/www.ricom-web8.com\/gestions\/linstitut-national-du-cancer\/#breadcrumb"},"inLanguage":"fr-FR","potentialAction":[{"@type":"ReadAction","target":["https:\/\/www.ricom-web8.com\/gestions\/linstitut-national-du-cancer\/"]}]},{"@type":"ImageObject","inLanguage":"fr-FR","@id":"https:\/\/www.ricom-web8.com\/gestions\/linstitut-national-du-cancer\/#primaryimage","url":"https:\/\/gestions-hospitalieres.fr\/wp-content\/uploads\/2016\/10\/ill_2013_629_01-244x300.png","contentUrl":"https:\/\/gestions-hospitalieres.fr\/wp-content\/uploads\/2016\/10\/ill_2013_629_01-244x300.png"},{"@type":"BreadcrumbList","@id":"https:\/\/www.ricom-web8.com\/gestions\/linstitut-national-du-cancer\/#breadcrumb","itemListElement":[{"@type":"ListItem","position":1,"name":"Accueil","item":"https:\/\/www.ricom-web8.com\/gestions\/"},{"@type":"ListItem","position":2,"name":"L\u2019Institut national du cancer"}]},{"@type":"WebSite","@id":"https:\/\/www.ricom-web8.com\/gestions\/#website","url":"https:\/\/www.ricom-web8.com\/gestions\/","name":"Gestions hospitali\u00e8res","description":"la revue des d\u00e9cideurs hospitaliers","publisher":{"@id":"https:\/\/www.ricom-web8.com\/gestions\/#organization"},"potentialAction":[{"@type":"SearchAction","target":{"@type":"EntryPoint","urlTemplate":"https:\/\/www.ricom-web8.com\/gestions\/?s={search_term_string}"},"query-input":{"@type":"PropertyValueSpecification","valueRequired":true,"valueName":"search_term_string"}}],"inLanguage":"fr-FR"},{"@type":"Organization","@id":"https:\/\/www.ricom-web8.com\/gestions\/#organization","name":"Gestions hospitali\u00e8res","url":"https:\/\/www.ricom-web8.com\/gestions\/","logo":{"@type":"ImageObject","inLanguage":"fr-FR","@id":"https:\/\/www.ricom-web8.com\/gestions\/#\/schema\/logo\/image\/","url":"https:\/\/gestions-hospitalieres.fr\/wp-content\/uploads\/2017\/02\/picto_Gif-GH-trans.png","contentUrl":"https:\/\/gestions-hospitalieres.fr\/wp-content\/uploads\/2017\/02\/picto_Gif-GH-trans.png","width":512,"height":512,"caption":"Gestions hospitali\u00e8res"},"image":{"@id":"https:\/\/www.ricom-web8.com\/gestions\/#\/schema\/logo\/image\/"},"sameAs":["https:\/\/www.facebook.com\/gestionshospitalieres\/","https:\/\/x.com\/revue_GH","https:\/\/www.linkedin.com\/company\/gestions-hospitalieres?trk=top_nav_home"]},{"@type":"Person","@id":"https:\/\/www.ricom-web8.com\/gestions\/#\/schema\/person\/810c9671279c5f5a094f6f0a42237516","name":"yann Le Sager","image":{"@type":"ImageObject","inLanguage":"fr-FR","@id":"https:\/\/www.ricom-web8.com\/gestions\/#\/schema\/person\/image\/","url":"https:\/\/secure.gravatar.com\/avatar\/36112fa5997be9e3b9acb0c60a4a1075?s=96&d=mm&r=g","contentUrl":"https:\/\/secure.gravatar.com\/avatar\/36112fa5997be9e3b9acb0c60a4a1075?s=96&d=mm&r=g","caption":"yann Le Sager"},"url":"https:\/\/www.ricom-web8.com\/gestions\/author\/lesager-yannstudioricom-com\/"}]}},"_links":{"self":[{"href":"https:\/\/www.ricom-web8.com\/gestions\/wp-json\/wp\/v2\/posts\/15631","targetHints":{"allow":["GET"]}}],"collection":[{"href":"https:\/\/www.ricom-web8.com\/gestions\/wp-json\/wp\/v2\/posts"}],"about":[{"href":"https:\/\/www.ricom-web8.com\/gestions\/wp-json\/wp\/v2\/types\/post"}],"author":[{"embeddable":true,"href":"https:\/\/www.ricom-web8.com\/gestions\/wp-json\/wp\/v2\/users\/1202"}],"replies":[{"embeddable":true,"href":"https:\/\/www.ricom-web8.com\/gestions\/wp-json\/wp\/v2\/comments?post=15631"}],"version-history":[{"count":0,"href":"https:\/\/www.ricom-web8.com\/gestions\/wp-json\/wp\/v2\/posts\/15631\/revisions"}],"wp:attachment":[{"href":"https:\/\/www.ricom-web8.com\/gestions\/wp-json\/wp\/v2\/media?parent=15631"}],"wp:term":[{"taxonomy":"category","embeddable":true,"href":"https:\/\/www.ricom-web8.com\/gestions\/wp-json\/wp\/v2\/categories?post=15631"},{"taxonomy":"post_tag","embeddable":true,"href":"https:\/\/www.ricom-web8.com\/gestions\/wp-json\/wp\/v2\/tags?post=15631"}],"curies":[{"name":"wp","href":"https:\/\/api.w.org\/{rel}","templated":true}]}}