

{"id":15647,"date":"2014-01-01T00:00:00","date_gmt":"2013-12-31T23:00:00","guid":{"rendered":"http:\/\/ricom-web.com\/gestions-hospitalieres\/conflit-judiciaire-autour-de-la-fin-de-vie\/"},"modified":"2018-03-07T17:07:13","modified_gmt":"2018-03-07T16:07:13","slug":"conflit-judiciaire-autour-de-la-fin-de-vie","status":"publish","type":"post","link":"https:\/\/www.ricom-web8.com\/gestions\/conflit-judiciaire-autour-de-la-fin-de-vie\/","title":{"rendered":"Conflit judiciaire autour de la fin de vie"},"content":{"rendered":"<span class=\"span-reading-time rt-reading-time\" style=\"display: block;\"><span class=\"rt-label rt-prefix\">Temps de lecture\u00a0: <\/span> <span class=\"rt-time\"> 5<\/span> <span class=\"rt-label rt-postfix\">minutes<\/span><\/span><h1>Premi\u00e8re r\u00e9solution<\/h1>\n<h2>Informer efficacement les citoyens sur les droits des patients en fin de vie<\/h2>\n<p>Un des constats les mieux partag\u00e9s sur un sujet aussi d\u00e9battu est celui de la m\u00e9connaissance par le grand public des dispositions de la loi Leonetti\u2008\u2008<sup class=\"appel\" data-toggle=\"modal\" data-target=\"#notes\">(1)<\/sup>. Le texte a introduit de nombreuses innovations de nature juridique destin\u00e9es \u00e0 am\u00e9liorer la qualit\u00e9 des d\u00e9cisions de soins de patients en fin de vie :<\/p>\n<ul>\n<li>\u00e0 travers la mise en place d\u2019un langage commun : sont d\u00e9sormais \u00e9cart\u00e9s les termes flous et discutables de \u00ab fin de vie \u00bb, d\u2019\u00ab acharnement th\u00e9rapeutique \u00bb, au profit de notions plus claires telles que \u00ab la situation d\u2019un patient en phase avanc\u00e9e ou terminale d\u2019une affection grave ou incurable \u00bb ou une \u00ab obstination d\u00e9raisonnable \u00bb. Clart\u00e9 des notions ou plut\u00f4t clair-obscur ? Car ces termes entrent d\u00e9sormais dans la sph\u00e8re complexe de l\u2019interpr\u00e9tation judiciaire, comme en t\u00e9moigne le second volet de l\u2019affaire Lambert. Mais elles ont le m\u00e9rite de donner \u00e0 pr\u00e9sent un cadre juridique au d\u00e9bat ;<\/li>\n<li>\u00e0 travers la mise en place des directives anticip\u00e9es, le renforcement du r\u00f4le de la personne de confiance, la mise en place d\u2019une proc\u00e9dure coll\u00e9giale de d\u00e9cision de limitation ou d\u2019arr\u00eat de traitement. Ces dispositifs sont imparfaits. Ils ne sont pas contraignants pour le m\u00e9decin, qui reste d\u00e9cisionnaire lorsque le patient est hors d\u2019\u00e9tat d\u2019exprimer sa volont\u00e9. Et pourtant, ils peuvent apporter une r\u00e9elle valeur ajout\u00e9e \u00e0 la r\u00e9flexion m\u00e9dicale sur des d\u00e9cisions d\u2019arr\u00eat de traitement en situation de fin de vie.<\/li>\n<\/ul>\n<p>Peut-\u00eatre le conflit familial qui s\u2019est nou\u00e9 autour de la fin de vie de Vincent Lambert aurait pu trouver une autre issue s\u2019il avait pu \u00eatre fait valablement \u00e9tat de directives anticip\u00e9es ou d\u2019une personne de confiance <sup class=\"appel\" data-toggle=\"modal\" data-target=\"#notes\">(2)<\/sup> ? D\u00e8s lors, la sensibilisation aux dispositifs de la loi Leonetti des usagers, c\u2019est-\u00e0-dire de tous les citoyens, est un pr\u00e9alable indispensable \u00e0 l\u2019\u00e9volution des prises en charge.<\/p>\n<p>Les h\u00f4pitaux organisent des journ\u00e9es consacr\u00e9es \u00e0 l\u2019hygi\u00e8ne des mains, des semaines d\u00e9di\u00e9es \u00e0 la s\u00e9curit\u00e9 des soins\u2026, mais rien sur la loi Leonetti ! Pourquoi la fin de vie, un sujet qui nous touche d\u2019aussi pr\u00e8s, peut-elle demeurer un aussi grand tabou ? Comment d\u00e9velopper l\u2019acc\u00e8s des usagers du syst\u00e8me de sant\u00e9 \u00e0 ces droits, dans un espace de soins qui peut \u00eatre \u00e9galement un lieu o\u00f9 la vie s\u2019ach\u00e8ve ?<\/p>\n<p>Le probl\u00e8me ne se situe pas seulement au niveau des patients. Car, si les professionnels de sant\u00e9 m\u00e9connaissent ce cadre juridique, comment les patients eux-m\u00eames, profanes en la mati\u00e8re, pourraient-ils en avoir la ma\u00eetrise ?<\/p>\n<h1>Deuxi\u00e8me r\u00e9solution<\/h1>\n<h2>Former (enfin !) tous les professionnels de sant\u00e9 aux droits des patients en fin de vie<\/h2>\n<p>Nous rencontrons encore trop souvent des \u00e9tablissements de sant\u00e9 qui n\u2019engagent des actions de formation qu\u2019\u00e0 destination de leurs personnels param\u00e9dicaux, essentiellement soignants. Les m\u00e9decins restent encore, dans la plupart des cas, \u00e9loign\u00e9s de ces dispositifs de sensibilisation. \u00ab <em>Pas le temps <\/em>\u00bb<em>, \u00ab Sujet non prioritaire<\/em> \u00bb restent les arguments le plus souvent avanc\u00e9s, autant qu\u2019un certain obstacle statutaire li\u00e9 au financement des actions de formation \u00e0 destination des seuls personnels de la fonction publique hospitali\u00e8re. Hostilit\u00e9 \u00e0 l\u2019\u00e9gard d\u2019une approche juridique de la relation patient\/soignant ? Toujours est-il que les m\u00e9decins sont \u00e0 ce jour peu ou pas form\u00e9s \u00e0 cette probl\u00e9matique.<\/p>\n<p>La mise en place du d\u00e9veloppement professionnel continu (DPC) appelle, dans les \u00e9tablissements de sant\u00e9 et les \u00e9tablissements d\u2019h\u00e9bergement pour personnes \u00e2g\u00e9es d\u00e9pendantes (Ehpad), une mise en \u0153uvre collective, \u00e0 travers des programmes pluriprofessionnels. La th\u00e9matique de la fin de vie pourrait constituer une th\u00e9matique transversale privil\u00e9gi\u00e9e de travail pour les \u00e9quipes m\u00e9dico-soignantes confront\u00e9es \u00e0 de telles situations.<\/p>\n<p>La d\u00e9cision rendue par le tribunal administratif de Ch\u00e2lons-en-Champagne le 11 mai 2013 illustrait bien, quant \u00e0 elle, la n\u00e9cessit\u00e9 pour l\u2019\u00e9quipe hospitali\u00e8re de ma\u00eetriser le cadre strictement juridique dans lequel aurait d\u00fb s\u2019inscrire la premi\u00e8re d\u00e9cision d\u2019arr\u00eat de l\u2019alimentation et de diminution de l\u2019hydratation dont Vincent Lambert avait fait l\u2019objet<sup>\u2008(3)<\/sup>. C\u2019est d\u2019ailleurs ce que reconnaissait un m\u00e9decin \u00e0 l\u2019issue de la premi\u00e8re d\u00e9cision du juge administratif : \u00ab <em>L\u2019\u00e9quipe m\u00e9dicale a port\u00e9 une attention particuli\u00e8re \u00e0 l\u2019\u00e9pouse, qui \u00e9tait l\u00e0 tous les jours, alors que les parents, venant de loin, \u00e9taient peu pr\u00e9sents. \u201cTr\u00e8s t\u00f4t, nous avons vu que la m\u00e8re de Vincent ne pourrait accepter une d\u00e9cision d\u2019arr\u00eat de soins. Mais nous avons failli dans l\u2019accompagnement d\u2019une famille tr\u00e8s compliqu\u00e9e. Nous aurions d\u00fb contacter les parents\u00a0<\/em><sup class=\"appel\" data-toggle=\"modal\" data-target=\"#notes\">(4)<\/sup><em>\u201d<\/em>.\u2008 \u00bb Or, le principal motif d\u2019annulation par le juge de la d\u00e9cision m\u00e9dicale a justement port\u00e9 sur le d\u00e9faut de consultation des parents du patient, alors que ceux-ci auraient d\u00fb \u00eatre associ\u00e9s \u00e0 la proc\u00e9dure d\u00e9cisionnelle, en application de l\u2019article L. 1111-13 du code de la sant\u00e9 publique.<\/p>\n<h1>Troisi\u00e8me r\u00e9solution<\/h1>\n<h2>Structurer le dispositif juridique de prise en charge des patients en fin de vie<\/h2>\n<p>Ce n\u2019est pas que le cadre juridique s\u2019oppose \u00e0 la qualit\u00e9 de la d\u00e9cision m\u00e9dicale. Au contraire, la bonne mise en \u0153uvre des proc\u00e9dures d\u2019arr\u00eat de traitement prescrites par la loi Leonetti doit permettre d\u2019aborder une d\u00e9marche \u00e9thique de qualit\u00e9. Elle doit aussi apporter plus de s\u00e9r\u00e9nit\u00e9 \u00e0 cette d\u00e9marche, en r\u00e9duisant le risque contentieux li\u00e9 \u00e0 un d\u00e9faut d\u2019application de la loi. Si le r\u00e9cent jugement du TA de Ch\u00e2lons-en-Champagne interroge l\u2019interpr\u00e9tation des dispositions de la loi, c\u2019est bien un d\u00e9faut de respect de la \u00ab proc\u00e9dure \u00bb Leonetti qui \u00e9tait en cause dans la d\u00e9cision du 23 mai 2013. Or, ce risque juridique peut \u00eatre att\u00e9nu\u00e9 par un encadrement juridique de la prise en charge.<\/p>\n<p>La protocolisation des droits des patients en fin de vie est un passage oblig\u00e9. La loi Leonetti n\u2019a pour but que de poser le cadre s\u00e9curis\u00e9 et transparent dans lequel une d\u00e9cision de soins ou d\u2019arr\u00eat de soins pourra valablement \u00eatre prise, en prenant en compte des imp\u00e9ratifs tels que l\u2019information pr\u00e9alable, la recherche de la volont\u00e9 du malade, la coll\u00e9gialit\u00e9, la tra\u00e7abilit\u00e9 au dossier m\u00e9dical des d\u00e9cisions prises\u2026 Ces imp\u00e9ratifs sont destin\u00e9s \u00e0 garantir, autant que possible, qualit\u00e9 des soins et respect de la dignit\u00e9 du patient.<\/p>\n<p>Cette notion de dignit\u00e9 n\u2019est pas vaine. Elle se traduit de plus en plus, dans les faits, par la mise en jeu de la responsabilit\u00e9 d\u2019\u00e9tablissements qui n\u2019ont pas su assurer \u00e0 leurs patients en fin de vie une prise en charge respectant leur dignit\u00e9. Les contentieux se d\u00e9veloppent \u00e0 cet \u00e9gard<sup>\u2008(5)<\/sup> et doivent conduire les \u00e9tablissements \u00e0 s\u2019interroger sur la gestion d\u2019un risque nouveau, aux contours parfois d\u00e9licats \u00e0 d\u00e9terminer. De nouvelles organisations sont donc \u00e0 r\u00e9fl\u00e9chir.<\/p>\n<h1>Conclusion<\/h1>\n<p>Que 2014 soit l\u2019ann\u00e9e d\u2019une r\u00e9flexion partag\u00e9e sur la dignit\u00e9 dans le soin ! La fin de vie n\u2019en est qu\u2019une dimension parmi d\u2019autres, mais c\u2019est sans doute l\u2019une des plus aigu\u00ebs. Le sujet n\u2019est pas clos. Moins d\u2019un an apr\u00e8s une premi\u00e8re mise en d\u00e9faut du CHU de Reims suite \u00e0 une d\u00e9cision m\u00e9dicale qui ne respectait pas la proc\u00e9dure Leonetti, l\u2019\u00e9tablissement est \u00e0 nouveau mis en cause par le juge administratif, qui tranche cette fois sur le fond du dossier : non, Vincent Lambert n\u2019a pas oppos\u00e9 un refus \u00e0 tout traitement le maintenant en vie.\u2008Non, les traitements que sont l\u2019hydratation et l\u2019alimentation artificielles ne sont pas constitutifs d\u2019une obstination d\u00e9raisonnable dans les soins.\u2008Oui, ces soins doivent par cons\u00e9quent \u00eatre maintenus.<\/p>\n<p>\u00c0 l\u2019heure o\u00f9 cet article est r\u00e9dig\u00e9, le CHU de Reims envisage de faire appel de cette d\u00e9cision.<\/p>\n<script>function PlayerjsAsync(){} if(window[\"Playerjs\"]){PlayerjsAsync();}<\/script>","protected":false},"excerpt":{"rendered":"<p><span class=\"span-reading-time rt-reading-time\" style=\"display: block;\"><span class=\"rt-label rt-prefix\">Temps de lecture\u00a0: <\/span> <span class=\"rt-time\"> 5<\/span> <span class=\"rt-label rt-postfix\">minutes<\/span><\/span>Si le sujet de l\u2019euthanasie est r\u00e9current, c\u2019est bien la probl\u00e9matique de la fin de vie qui interroge de nombreux professionnels de sant\u00e9, notamment ceux exer\u00e7ant dans les \u00e9tablissements hospitaliers, publics et priv\u00e9s. Loin de tout discours moralisateur, pol\u00e9mique, ou, \u00e0 l\u2019inverse, cynique et distanc\u00e9, qu\u2019est-il possible de mettre en place dans les structures de soins pour s\u00e9curiser l\u2019intervention des professionnels et des \u00e9tablissements dans la prise en charge de la fin de vie ? Comment utiliser au mieux les dispositifs l\u00e9gaux et r\u00e9glementaires existants ? La situation de Vincent Lambert, hospitalis\u00e9 au CHU de Reims, met pour la premi\u00e8re fois sous le feu d\u2019un projecteur judiciaire, l\u2019interpr\u00e9tation et l\u2019application de la loi Leonetti. Alors, quelles r\u00e9solutions, en ce d\u00e9but d\u2019ann\u00e9e, pour les \u00e9tablissements prenant en charge des patients en fin de vie ?<\/p>\n","protected":false},"author":1202,"featured_media":0,"comment_status":"closed","ping_status":"open","sticky":false,"template":"","format":"standard","meta":{"_acf_changed":false,"_relevanssi_hide_post":"","_relevanssi_hide_content":"","_relevanssi_pin_for_all":"","_relevanssi_pin_keywords":"","_relevanssi_unpin_keywords":"","_relevanssi_related_keywords":"","_relevanssi_related_include_ids":"","_relevanssi_related_exclude_ids":"","_relevanssi_related_no_append":"","_relevanssi_related_not_related":"","_relevanssi_related_posts":"","_relevanssi_noindex_reason":"","footnotes":""},"categories":[2,70],"tags":[942,62,448,170,449,4570],"class_list":["post-15647","post","type-post","status-publish","format-standard","hentry","category-gestions-hospitalieres","category-jurisante","tag-dignite","tag-ethique","tag-euthanasie","tag-fin-de-vie","tag-loi-leonetti","tag-vincent-lambert"],"acf":[],"yoast_head":"<!-- This site is optimized with the Yoast SEO plugin v24.8.1 - https:\/\/yoast.com\/wordpress\/plugins\/seo\/ -->\n<title>Conflit judiciaire autour de la fin de vie - Gestions hospitali\u00e8res<\/title>\n<meta name=\"robots\" content=\"index, follow, max-snippet:-1, max-image-preview:large, max-video-preview:-1\" \/>\n<link rel=\"canonical\" href=\"https:\/\/www.ricom-web8.com\/gestions\/conflit-judiciaire-autour-de-la-fin-de-vie\/\" \/>\n<meta property=\"og:locale\" content=\"fr_FR\" \/>\n<meta property=\"og:type\" content=\"article\" \/>\n<meta property=\"og:title\" content=\"Conflit judiciaire autour de la fin de vie - Gestions hospitali\u00e8res\" \/>\n<meta property=\"og:description\" content=\"Temps de lecture\u00a0:  5 minutesSi le sujet de l\u2019euthanasie est r\u00e9current, c\u2019est bien la probl\u00e9matique de la fin de vie qui interroge de nombreux professionnels de sant\u00e9, notamment ceux exer\u00e7ant dans les \u00e9tablissements hospitaliers, publics et priv\u00e9s. Loin de tout discours moralisateur, pol\u00e9mique, ou, \u00e0 l\u2019inverse, cynique et distanc\u00e9, qu\u2019est-il possible de mettre en place dans les structures de soins pour s\u00e9curiser l\u2019intervention des professionnels et des \u00e9tablissements dans la prise en charge de la fin de vie ? Comment utiliser au mieux les dispositifs l\u00e9gaux et r\u00e9glementaires existants ? La situation de Vincent Lambert, hospitalis\u00e9 au CHU de Reims, met pour la premi\u00e8re fois sous le feu d\u2019un projecteur judiciaire, l\u2019interpr\u00e9tation et l\u2019application de la loi Leonetti. Alors, quelles r\u00e9solutions, en ce d\u00e9but d\u2019ann\u00e9e, pour les \u00e9tablissements prenant en charge des patients en fin de vie ?\" \/>\n<meta property=\"og:url\" content=\"https:\/\/www.ricom-web8.com\/gestions\/conflit-judiciaire-autour-de-la-fin-de-vie\/\" \/>\n<meta property=\"og:site_name\" content=\"Gestions hospitali\u00e8res\" \/>\n<meta property=\"article:publisher\" content=\"https:\/\/www.facebook.com\/gestionshospitalieres\/\" \/>\n<meta property=\"article:published_time\" content=\"2013-12-31T23:00:00+00:00\" \/>\n<meta property=\"article:modified_time\" content=\"2018-03-07T16:07:13+00:00\" \/>\n<meta name=\"author\" content=\"yann Le Sager\" \/>\n<meta name=\"twitter:card\" content=\"summary_large_image\" \/>\n<meta name=\"twitter:creator\" content=\"@revue_GH\" \/>\n<meta name=\"twitter:site\" content=\"@revue_GH\" \/>\n<meta name=\"twitter:label1\" content=\"\u00c9crit par\" \/>\n\t<meta name=\"twitter:data1\" content=\"yann Le Sager\" \/>\n\t<meta name=\"twitter:label2\" content=\"Dur\u00e9e de lecture estim\u00e9e\" \/>\n\t<meta name=\"twitter:data2\" content=\"7 minutes\" \/>\n<script type=\"application\/ld+json\" class=\"yoast-schema-graph\">{\"@context\":\"https:\/\/schema.org\",\"@graph\":[{\"@type\":\"Article\",\"@id\":\"https:\/\/www.ricom-web8.com\/gestions\/conflit-judiciaire-autour-de-la-fin-de-vie\/#article\",\"isPartOf\":{\"@id\":\"https:\/\/www.ricom-web8.com\/gestions\/conflit-judiciaire-autour-de-la-fin-de-vie\/\"},\"author\":{\"name\":\"yann Le Sager\",\"@id\":\"https:\/\/www.ricom-web8.com\/gestions\/#\/schema\/person\/810c9671279c5f5a094f6f0a42237516\"},\"headline\":\"Conflit judiciaire autour de la fin de vie\",\"datePublished\":\"2013-12-31T23:00:00+00:00\",\"dateModified\":\"2018-03-07T16:07:13+00:00\",\"mainEntityOfPage\":{\"@id\":\"https:\/\/www.ricom-web8.com\/gestions\/conflit-judiciaire-autour-de-la-fin-de-vie\/\"},\"wordCount\":1387,\"publisher\":{\"@id\":\"https:\/\/www.ricom-web8.com\/gestions\/#organization\"},\"keywords\":[\"dignit\u00e9\",\"\u00e9thique\",\"euthanasie\",\"fin de vie\",\"loi Leonetti\",\"Vincent Lambert\"],\"articleSection\":[\"Gestions Hospitali\u00e8res\",\"JuriSant\u00e9\"],\"inLanguage\":\"fr-FR\"},{\"@type\":\"WebPage\",\"@id\":\"https:\/\/www.ricom-web8.com\/gestions\/conflit-judiciaire-autour-de-la-fin-de-vie\/\",\"url\":\"https:\/\/www.ricom-web8.com\/gestions\/conflit-judiciaire-autour-de-la-fin-de-vie\/\",\"name\":\"Conflit judiciaire autour de la fin de vie - Gestions hospitali\u00e8res\",\"isPartOf\":{\"@id\":\"https:\/\/www.ricom-web8.com\/gestions\/#website\"},\"datePublished\":\"2013-12-31T23:00:00+00:00\",\"dateModified\":\"2018-03-07T16:07:13+00:00\",\"breadcrumb\":{\"@id\":\"https:\/\/www.ricom-web8.com\/gestions\/conflit-judiciaire-autour-de-la-fin-de-vie\/#breadcrumb\"},\"inLanguage\":\"fr-FR\",\"potentialAction\":[{\"@type\":\"ReadAction\",\"target\":[\"https:\/\/www.ricom-web8.com\/gestions\/conflit-judiciaire-autour-de-la-fin-de-vie\/\"]}]},{\"@type\":\"BreadcrumbList\",\"@id\":\"https:\/\/www.ricom-web8.com\/gestions\/conflit-judiciaire-autour-de-la-fin-de-vie\/#breadcrumb\",\"itemListElement\":[{\"@type\":\"ListItem\",\"position\":1,\"name\":\"Accueil\",\"item\":\"https:\/\/www.ricom-web8.com\/gestions\/\"},{\"@type\":\"ListItem\",\"position\":2,\"name\":\"Conflit judiciaire autour de la fin de vie\"}]},{\"@type\":\"WebSite\",\"@id\":\"https:\/\/www.ricom-web8.com\/gestions\/#website\",\"url\":\"https:\/\/www.ricom-web8.com\/gestions\/\",\"name\":\"Gestions hospitali\u00e8res\",\"description\":\"la revue des d\u00e9cideurs hospitaliers\",\"publisher\":{\"@id\":\"https:\/\/www.ricom-web8.com\/gestions\/#organization\"},\"potentialAction\":[{\"@type\":\"SearchAction\",\"target\":{\"@type\":\"EntryPoint\",\"urlTemplate\":\"https:\/\/www.ricom-web8.com\/gestions\/?s={search_term_string}\"},\"query-input\":{\"@type\":\"PropertyValueSpecification\",\"valueRequired\":true,\"valueName\":\"search_term_string\"}}],\"inLanguage\":\"fr-FR\"},{\"@type\":\"Organization\",\"@id\":\"https:\/\/www.ricom-web8.com\/gestions\/#organization\",\"name\":\"Gestions hospitali\u00e8res\",\"url\":\"https:\/\/www.ricom-web8.com\/gestions\/\",\"logo\":{\"@type\":\"ImageObject\",\"inLanguage\":\"fr-FR\",\"@id\":\"https:\/\/www.ricom-web8.com\/gestions\/#\/schema\/logo\/image\/\",\"url\":\"https:\/\/gestions-hospitalieres.fr\/wp-content\/uploads\/2017\/02\/picto_Gif-GH-trans.png\",\"contentUrl\":\"https:\/\/gestions-hospitalieres.fr\/wp-content\/uploads\/2017\/02\/picto_Gif-GH-trans.png\",\"width\":512,\"height\":512,\"caption\":\"Gestions hospitali\u00e8res\"},\"image\":{\"@id\":\"https:\/\/www.ricom-web8.com\/gestions\/#\/schema\/logo\/image\/\"},\"sameAs\":[\"https:\/\/www.facebook.com\/gestionshospitalieres\/\",\"https:\/\/x.com\/revue_GH\",\"https:\/\/www.linkedin.com\/company\/gestions-hospitalieres?trk=top_nav_home\"]},{\"@type\":\"Person\",\"@id\":\"https:\/\/www.ricom-web8.com\/gestions\/#\/schema\/person\/810c9671279c5f5a094f6f0a42237516\",\"name\":\"yann Le Sager\",\"image\":{\"@type\":\"ImageObject\",\"inLanguage\":\"fr-FR\",\"@id\":\"https:\/\/www.ricom-web8.com\/gestions\/#\/schema\/person\/image\/\",\"url\":\"https:\/\/secure.gravatar.com\/avatar\/36112fa5997be9e3b9acb0c60a4a1075?s=96&d=mm&r=g\",\"contentUrl\":\"https:\/\/secure.gravatar.com\/avatar\/36112fa5997be9e3b9acb0c60a4a1075?s=96&d=mm&r=g\",\"caption\":\"yann Le Sager\"},\"url\":\"https:\/\/www.ricom-web8.com\/gestions\/author\/lesager-yannstudioricom-com\/\"}]}<\/script>\n<!-- \/ Yoast SEO plugin. -->","yoast_head_json":{"title":"Conflit judiciaire autour de la fin de vie - Gestions hospitali\u00e8res","robots":{"index":"index","follow":"follow","max-snippet":"max-snippet:-1","max-image-preview":"max-image-preview:large","max-video-preview":"max-video-preview:-1"},"canonical":"https:\/\/www.ricom-web8.com\/gestions\/conflit-judiciaire-autour-de-la-fin-de-vie\/","og_locale":"fr_FR","og_type":"article","og_title":"Conflit judiciaire autour de la fin de vie - Gestions hospitali\u00e8res","og_description":"Temps de lecture\u00a0:  5 minutesSi le sujet de l\u2019euthanasie est r\u00e9current, c\u2019est bien la probl\u00e9matique de la fin de vie qui interroge de nombreux professionnels de sant\u00e9, notamment ceux exer\u00e7ant dans les \u00e9tablissements hospitaliers, publics et priv\u00e9s. Loin de tout discours moralisateur, pol\u00e9mique, ou, \u00e0 l\u2019inverse, cynique et distanc\u00e9, qu\u2019est-il possible de mettre en place dans les structures de soins pour s\u00e9curiser l\u2019intervention des professionnels et des \u00e9tablissements dans la prise en charge de la fin de vie ? Comment utiliser au mieux les dispositifs l\u00e9gaux et r\u00e9glementaires existants ? La situation de Vincent Lambert, hospitalis\u00e9 au CHU de Reims, met pour la premi\u00e8re fois sous le feu d\u2019un projecteur judiciaire, l\u2019interpr\u00e9tation et l\u2019application de la loi Leonetti. Alors, quelles r\u00e9solutions, en ce d\u00e9but d\u2019ann\u00e9e, pour les \u00e9tablissements prenant en charge des patients en fin de vie ?","og_url":"https:\/\/www.ricom-web8.com\/gestions\/conflit-judiciaire-autour-de-la-fin-de-vie\/","og_site_name":"Gestions hospitali\u00e8res","article_publisher":"https:\/\/www.facebook.com\/gestionshospitalieres\/","article_published_time":"2013-12-31T23:00:00+00:00","article_modified_time":"2018-03-07T16:07:13+00:00","author":"yann Le Sager","twitter_card":"summary_large_image","twitter_creator":"@revue_GH","twitter_site":"@revue_GH","twitter_misc":{"\u00c9crit par":"yann Le Sager","Dur\u00e9e de lecture estim\u00e9e":"7 minutes"},"schema":{"@context":"https:\/\/schema.org","@graph":[{"@type":"Article","@id":"https:\/\/www.ricom-web8.com\/gestions\/conflit-judiciaire-autour-de-la-fin-de-vie\/#article","isPartOf":{"@id":"https:\/\/www.ricom-web8.com\/gestions\/conflit-judiciaire-autour-de-la-fin-de-vie\/"},"author":{"name":"yann Le Sager","@id":"https:\/\/www.ricom-web8.com\/gestions\/#\/schema\/person\/810c9671279c5f5a094f6f0a42237516"},"headline":"Conflit judiciaire autour de la fin de vie","datePublished":"2013-12-31T23:00:00+00:00","dateModified":"2018-03-07T16:07:13+00:00","mainEntityOfPage":{"@id":"https:\/\/www.ricom-web8.com\/gestions\/conflit-judiciaire-autour-de-la-fin-de-vie\/"},"wordCount":1387,"publisher":{"@id":"https:\/\/www.ricom-web8.com\/gestions\/#organization"},"keywords":["dignit\u00e9","\u00e9thique","euthanasie","fin de vie","loi Leonetti","Vincent Lambert"],"articleSection":["Gestions Hospitali\u00e8res","JuriSant\u00e9"],"inLanguage":"fr-FR"},{"@type":"WebPage","@id":"https:\/\/www.ricom-web8.com\/gestions\/conflit-judiciaire-autour-de-la-fin-de-vie\/","url":"https:\/\/www.ricom-web8.com\/gestions\/conflit-judiciaire-autour-de-la-fin-de-vie\/","name":"Conflit judiciaire autour de la fin de vie - Gestions hospitali\u00e8res","isPartOf":{"@id":"https:\/\/www.ricom-web8.com\/gestions\/#website"},"datePublished":"2013-12-31T23:00:00+00:00","dateModified":"2018-03-07T16:07:13+00:00","breadcrumb":{"@id":"https:\/\/www.ricom-web8.com\/gestions\/conflit-judiciaire-autour-de-la-fin-de-vie\/#breadcrumb"},"inLanguage":"fr-FR","potentialAction":[{"@type":"ReadAction","target":["https:\/\/www.ricom-web8.com\/gestions\/conflit-judiciaire-autour-de-la-fin-de-vie\/"]}]},{"@type":"BreadcrumbList","@id":"https:\/\/www.ricom-web8.com\/gestions\/conflit-judiciaire-autour-de-la-fin-de-vie\/#breadcrumb","itemListElement":[{"@type":"ListItem","position":1,"name":"Accueil","item":"https:\/\/www.ricom-web8.com\/gestions\/"},{"@type":"ListItem","position":2,"name":"Conflit judiciaire autour de la fin de vie"}]},{"@type":"WebSite","@id":"https:\/\/www.ricom-web8.com\/gestions\/#website","url":"https:\/\/www.ricom-web8.com\/gestions\/","name":"Gestions hospitali\u00e8res","description":"la revue des d\u00e9cideurs hospitaliers","publisher":{"@id":"https:\/\/www.ricom-web8.com\/gestions\/#organization"},"potentialAction":[{"@type":"SearchAction","target":{"@type":"EntryPoint","urlTemplate":"https:\/\/www.ricom-web8.com\/gestions\/?s={search_term_string}"},"query-input":{"@type":"PropertyValueSpecification","valueRequired":true,"valueName":"search_term_string"}}],"inLanguage":"fr-FR"},{"@type":"Organization","@id":"https:\/\/www.ricom-web8.com\/gestions\/#organization","name":"Gestions hospitali\u00e8res","url":"https:\/\/www.ricom-web8.com\/gestions\/","logo":{"@type":"ImageObject","inLanguage":"fr-FR","@id":"https:\/\/www.ricom-web8.com\/gestions\/#\/schema\/logo\/image\/","url":"https:\/\/gestions-hospitalieres.fr\/wp-content\/uploads\/2017\/02\/picto_Gif-GH-trans.png","contentUrl":"https:\/\/gestions-hospitalieres.fr\/wp-content\/uploads\/2017\/02\/picto_Gif-GH-trans.png","width":512,"height":512,"caption":"Gestions hospitali\u00e8res"},"image":{"@id":"https:\/\/www.ricom-web8.com\/gestions\/#\/schema\/logo\/image\/"},"sameAs":["https:\/\/www.facebook.com\/gestionshospitalieres\/","https:\/\/x.com\/revue_GH","https:\/\/www.linkedin.com\/company\/gestions-hospitalieres?trk=top_nav_home"]},{"@type":"Person","@id":"https:\/\/www.ricom-web8.com\/gestions\/#\/schema\/person\/810c9671279c5f5a094f6f0a42237516","name":"yann Le Sager","image":{"@type":"ImageObject","inLanguage":"fr-FR","@id":"https:\/\/www.ricom-web8.com\/gestions\/#\/schema\/person\/image\/","url":"https:\/\/secure.gravatar.com\/avatar\/36112fa5997be9e3b9acb0c60a4a1075?s=96&d=mm&r=g","contentUrl":"https:\/\/secure.gravatar.com\/avatar\/36112fa5997be9e3b9acb0c60a4a1075?s=96&d=mm&r=g","caption":"yann Le Sager"},"url":"https:\/\/www.ricom-web8.com\/gestions\/author\/lesager-yannstudioricom-com\/"}]}},"_links":{"self":[{"href":"https:\/\/www.ricom-web8.com\/gestions\/wp-json\/wp\/v2\/posts\/15647","targetHints":{"allow":["GET"]}}],"collection":[{"href":"https:\/\/www.ricom-web8.com\/gestions\/wp-json\/wp\/v2\/posts"}],"about":[{"href":"https:\/\/www.ricom-web8.com\/gestions\/wp-json\/wp\/v2\/types\/post"}],"author":[{"embeddable":true,"href":"https:\/\/www.ricom-web8.com\/gestions\/wp-json\/wp\/v2\/users\/1202"}],"replies":[{"embeddable":true,"href":"https:\/\/www.ricom-web8.com\/gestions\/wp-json\/wp\/v2\/comments?post=15647"}],"version-history":[{"count":0,"href":"https:\/\/www.ricom-web8.com\/gestions\/wp-json\/wp\/v2\/posts\/15647\/revisions"}],"wp:attachment":[{"href":"https:\/\/www.ricom-web8.com\/gestions\/wp-json\/wp\/v2\/media?parent=15647"}],"wp:term":[{"taxonomy":"category","embeddable":true,"href":"https:\/\/www.ricom-web8.com\/gestions\/wp-json\/wp\/v2\/categories?post=15647"},{"taxonomy":"post_tag","embeddable":true,"href":"https:\/\/www.ricom-web8.com\/gestions\/wp-json\/wp\/v2\/tags?post=15647"}],"curies":[{"name":"wp","href":"https:\/\/api.w.org\/{rel}","templated":true}]}}