

{"id":15669,"date":"2014-03-01T00:00:00","date_gmt":"2014-02-28T23:00:00","guid":{"rendered":"http:\/\/ricom-web.com\/gestions-hospitalieres\/contractualisation-commune\/"},"modified":"2018-03-07T16:38:13","modified_gmt":"2018-03-07T15:38:13","slug":"contractualisation-commune","status":"publish","type":"post","link":"https:\/\/www.ricom-web8.com\/gestions\/contractualisation-commune\/","title":{"rendered":"Contractualisation commune"},"content":{"rendered":"<span class=\"span-reading-time rt-reading-time\" style=\"display: block;\"><span class=\"rt-label rt-prefix\">Temps de lecture\u00a0: <\/span> <span class=\"rt-time\"> 7<\/span> <span class=\"rt-label rt-postfix\">minutes<\/span><\/span><p>Le rapport de la mission H\u00f4pital public 2011-2012 indi\u00adquait que la majorit\u00e9 des responsables hospitaliers semblait avoir pris conscience de l\u2019int\u00e9r\u00eat et de la n\u00e9cessit\u00e9 des coop\u00e9rations\u2009<sup class=\"appel\" data-toggle=\"modal\" data-target=\"#notes\">(1)<\/sup> malgr\u00e9 les difficult\u00e9s pratiques et les freins r\u00e9glementaires. Si la \u00ab\u2009gouvernance interne est en place\u202f<sup class=\"appel\" data-toggle=\"modal\" data-target=\"#notes\">(2)\u2009<\/sup>\u00bb ainsi que la dimension territoriale, force est de reconna\u00eetre que les faire fonctionner ensemble\u2009<sup class=\"appel\" data-toggle=\"modal\" data-target=\"#notes\">(3)<\/sup> n\u00e9cessite des adaptations et du sur-mesure en fonction de chaque situation. Il convient donc aujourd\u2019hui d\u2019amener des acteurs qui ont fonctionn\u00e9 dans des organisations distinctes \u00e0 coop\u00e9rer et \u00e0 construire un avenir commun. Une nouvelle dimension de gouvernance doit \u00e9merger. L\u2019innovation manag\u00e9riale consiste ici \u00e0 mobiliser la d\u00e9marche de contractualisation que doit mettre en place chaque \u00e9tablissement, comme un outil au service d\u2019un projet de regroupement.<\/p>\n<h1>L\u2019innovation manag\u00e9riale\u2009: une d\u00e9marche de contractualisation commune<\/h1>\n<p>Une convention de direction commune a \u00e9t\u00e9 mise en place depuis le 1er d\u00e9cembre 2009 entre les centres hospitaliers g\u00e9n\u00e9raux de Tarbes et de Lourdes, dans les Hautes-Pyr\u00e9n\u00e9es, afin de travailler sur un projet de regroupement immobilier entre les deux \u00e9tablissements, distants de 18\u00a0km, sur la base d\u2019un projet m\u00e9dical commun. Outre la proximit\u00e9 g\u00e9ographique, la recherche de mutualisation et de compl\u00e9mentarit\u00e9 \u00e9tait rendue n\u00e9cessaire par la n\u00e9cessit\u00e9 d\u2019am\u00e9liorer la situation financi\u00e8re de chacun des \u00e9tablissements, tr\u00e8s impact\u00e9e par la mise en place de la tarification \u00e0 l\u2019activit\u00e9 (T2A) et de renforcer l\u2019attractivit\u00e9 m\u00e9dicale sur un territoire \u00e0 tendance autarcique, face \u00e0 un secteur priv\u00e9 centr\u00e9 sur la canc\u00e9rologie, la chirurgie et la cardiologie interventionnelle, implant\u00e9 \u00e0 Tarbes. Le projet de regroupement devait permettre de sortir d\u2019une logique concurrentielle entre deux \u00e9tablissements aux cultures diff\u00e9rentes et de s\u2019engager dans des orientations durables et r\u00e9alistes pour l\u2019avenir qui r\u00e9pondent aux besoins de la population de ce territoire.<\/p>\n<p>Le management peut se d\u00e9finir comme la conduite d\u2019une organisation en vue d\u2019atteindre des r\u00e9sultats au regard de sa mission. En l\u2019esp\u00e8ce, une politique unifi\u00e9e de gouvernance mise en \u0153uvre dans deux organisations diff\u00e9rentes vise \u00e0 les faire \u00e9voluer vers une nouvelle entit\u00e9. L\u2019innovation manag\u00e9riale pr\u00e9sent\u00e9e ici s\u2019appuie principalement sur un mode de gouvernance qui s\u2019\u00e9largit au niveau du groupe hospitalier. Elle fait \u00e9cho au Pacte de confiance pour l\u2019h\u00f4pital\u2009<sup class=\"appel\" data-toggle=\"modal\" data-target=\"#notes\">(4) <\/sup>qui pr\u00e9voit la poursuite d\u2019exp\u00e9rimentations sur de nouveaux outils de coop\u00e9ration.<\/p>\n<p>L\u2019organisation polaire est essentielle. Le choix qui a pr\u00e9sid\u00e9 jusque-l\u00e0 est le maintien du p\u00e9rim\u00e8tre des p\u00f4les de chaque \u00e9tablissement. Onze p\u00f4les sont donc concern\u00e9s\u2009: sept \u00e0 Tarbes et quatre \u00e0 Lourdes. Au d\u00e9but de l\u2019exp\u00e9rimentation, un p\u00f4le transversal Tarbes-Lourdes \u2013 le p\u00f4le anesth\u00e9sie-r\u00e9animation compte tenu du projet initial de regroupement de la r\u00e9animation \u2013 pour la recherche de synergies tant m\u00e9dicales que m\u00e9dico-\u00e9conomiques donnait une dimension suppl\u00e9mentaire \u00e0 la d\u00e9marche\u2009<sup class=\"appel\" data-toggle=\"modal\" data-target=\"#notes\">(5)<\/sup>.<\/p>\n<p>L\u2019instance privil\u00e9gi\u00e9e est le coll\u00e8ge de l\u2019ensemble des chefs de p\u00f4les des deux \u00e9tablissements, qui a pu regrouper \u00e9galement les cadres sup\u00e9rieurs de sant\u00e9 des p\u00f4les. Cette instance <em>ad hoc<\/em> est destin\u00e9e \u00e0 aborder les probl\u00e9matiques relatives au groupe hospitalier tout en gardant le r\u00f4le habituel des instances de chacun des \u00e9tablissements tel que le pr\u00e9voit la r\u00e9glementation. Cela suppose donc une forte concertation pour garder une coh\u00e9rence de la politique institutionnelle\u2009<sup class=\"appel\" data-toggle=\"modal\" data-target=\"#notes\">(6)<\/sup>. La pr\u00e9sentation et la validation des \u00e9tapes \u00e0 chacune des instances r\u00e9glementaires (CME, directoires) ou propres au groupe hospitalier (coll\u00e8ge des chefs de p\u00f4les) ont \u00e9t\u00e9 d\u00e9terminantes. Tout au long du processus, la d\u00e9marche a \u00e9t\u00e9 expliqu\u00e9e, discut\u00e9e et retranscrite en documents de r\u00e9f\u00e9rence pour tous.<\/p>\n<blockquote><p>L\u2019engagement des acteurs reste le moteur essentiel, et il le sera d\u2019autant plus que le projet d\u2019innovation manag\u00e9riale sera soutenu par un projet f\u00e9d\u00e9rateur, qui rassemble et dessine des perspectives pour tous.<\/p><\/blockquote>\n<p>Le mod\u00e8le de contrat de p\u00f4le est commun pour l\u2019ensemble des p\u00f4les, de m\u00eame que les indicateurs de suivi par discipline. C\u2019est un premier outil et une commande institutionnelle forte. Pour avoir toute sa pertinence dans un projet manag\u00e9rial, les objectifs du contrat de p\u00f4le doivent s\u2019appuyer sur le projet d\u2019\u00e9tablissement. Dans le cas du groupe hospitalier Tarbes-Lourdes, celui-ci a fortement \u00e9volu\u00e9 depuis 2010. Des nouvelles orientations du projet m\u00e9dical ont \u00e9t\u00e9 \u00e9labor\u00e9es en 2012 pour tenir compte de cette nouvelle feuille de route. C\u2019est bien le projet m\u00e9dical qui constitue le fondement des orientations strat\u00e9giques de l\u2019\u00e9tablissement. Il sera d\u00e9clin\u00e9 dans les contrats de p\u00f4le et approfondi dans les projets de p\u00f4le. Dix-sept actions int\u00e9gr\u00e9es dans les contrats de p\u00f4le \u00e9taient communes aux deux \u00e9tablissements. Elles concernent des objectifs relatifs \u00e0 des projets m\u00e9dicaux et des organisations communs, mais \u00e9galement la d\u00e9clinaison d\u2019axes d\u2019am\u00e9lioration de l\u2019efficience communs, \u00e0 mettre en \u0153uvre dans chacun des \u00e9tablissements.<\/p>\n<p>Le dialogue de gestion mis en place, et qui se d\u00e9roule selon les m\u00eames modalit\u00e9s dans les deux structures, joue un r\u00f4le d\u00e9terminant. L\u2019implication des chefs de p\u00f4le dans la d\u00e9marche a \u00e9t\u00e9 forte. Ils \u00e9taient tr\u00e8s demandeurs d\u2019un contrat de p\u00f4le qui permette de formaliser des liens contractuels avec la direction. Ils montraient une volont\u00e9 de s\u2019impliquer dans leur nouveau r\u00f4le, de lui donner de la consistance, renfor\u00e7ant ainsi leur l\u00e9gitimit\u00e9 dans la coordination du p\u00f4le. Ils souhaitaient disposer d\u2019outils et de tableaux de bord partag\u00e9s pour plus de visibilit\u00e9 sur leur activit\u00e9, leur production de soins, sa valorisation et les moyens mobilis\u00e9s dans une p\u00e9riode o\u00f9 les probl\u00e8mes financiers \u00e9taient constamment \u00e9voqu\u00e9s dans chacun des \u00e9tablissements. Ils souhaitaient situer leur p\u00f4le ou leur service au sein de l\u2019institution.<\/p>\n<p>La d\u00e9marche entreprise a donc consist\u00e9 \u00e0 d\u00e9finir et \u00e0 mettre en \u0153uvre une politique unifi\u00e9e et participative dans les deux \u00e9tablissements pour construire et mettre en \u0153uvre un projet d\u2019\u00e9tablissement commun, \u00e9conomiquement viable. Elle suppose quelques innovations au regard de quelques principes manag\u00e9riaux.<\/p>\n<h1>Adapter la d\u00e9marche traditionnelle de management des p\u00f4les<\/h1>\n<h2>Quelques principes fondamentaux revisit\u00e9s<\/h2>\n<ul>\n<li><strong>La mise en \u0153uvre de la nouvelle gouvernance au-del\u00e0 d\u2019un seul \u00e9tablissement.<\/strong> La loi HPST a pr\u00e9vu de nouvelles instances pour assurer la gouvernance des \u00e9tablissements de sant\u00e9, juridiquement autonomes. Elles ne se pr\u00eatent pas \u00e0 un fonctionnement en direction commune qui suppose d\u2019adapter la gouvernance interne. Elles ne peuvent suffire \u00e0 assurer la gouvernance du groupe hospitalier et \u00e0 mettre en place une politique \u00ab\u2009de groupe\u2009\u00bb globale. Une gouvernance interne est donc \u00e0 inventer dans la situation de direction commune et \u00e0 faire vivre dans la dur\u00e9e. Elle devra faciliter l\u2019instauration d\u2019une culture commune autour d\u2019un projet d\u2019\u00e9tablissement partag\u00e9 et m\u00e9dico-\u00e9conomiquement viable pour le groupe hospitalier public. Elle suppose l\u2019implication des chefs de p\u00f4le dont la mission est de mettre en \u0153uvre cette politique et dont le r\u00f4le va \u00eatre croissant, notamment avec le d\u00e9veloppement de la d\u00e9l\u00e9gation de gestion. La gouvernance sera certes \u00e0 repenser en cas d\u2019\u00e9volution juridique plus int\u00e9grative<sup class=\"appel\" data-toggle=\"modal\" data-target=\"#notes\">(7)<\/sup> des deux \u00e9tablissements, laquelle impliquera une red\u00e9finition des instances et l\u2019\u00e9volution des p\u00e9rim\u00e8tres des p\u00f4les. D\u2019ores et d\u00e9j\u00e0, elle ne peut que favoriser une int\u00e9gration entre des acteurs de deux \u00e9tablissements aux cultures tr\u00e8s diff\u00e9rentes et les impliquer dans l\u2019atteinte de l\u2019\u00e9quilibre financier du groupe hospitalier.<\/li>\n<li><strong>La mise en coh\u00e9rence des objectifs pluriels.<\/strong> La d\u00e9marche de contractualisation commune aux deux \u00e9tablissements se veut donc \u00eatre un outil majeur de management dans la constitution du groupe hospitalier public, en liant projet d\u2019\u00e9tablissement, management du groupe et am\u00e9lioration des r\u00e9sultats m\u00e9dico-\u00e9conomiques mais \u00e9galement \u00e9mergence d\u2019une culture commune, par une implication forte de tous les acteurs. L\u2019objectif vis\u00e9 est peut-\u00eatre avant tout celui-ci plut\u00f4t que des outils de management polaire tels qu\u2019ils ont \u00e9t\u00e9 voulus par le l\u00e9gislateur, notamment la subsidiarit\u00e9<sup class=\"appel\" data-toggle=\"modal\" data-target=\"#notes\">(8) <\/sup>et la d\u00e9l\u00e9gation de gestion qui ne sont pas d\u00e9velopp\u00e9es dans les contrats de p\u00f4les. Ce n\u2019est pas tant la technicit\u00e9 de l\u2019outil qui a ici le plus d\u2019importance mais sa capacit\u00e9 \u00e0 enclencher un processus d\u2019\u00e9volution de l\u2019ensemble de l\u2019organisation, b\u00e9n\u00e9fique, \u00e0 terme, pour chacun des \u00e9tablissements qui doivent s\u2019inscrire dans cette d\u00e9marche, dont l\u2019objectif est de sortir l\u2019h\u00f4pital d\u2019un fonctionnement trop administratif et administr\u00e9<sup class=\"appel\" data-toggle=\"modal\" data-target=\"#notes\">(9) <\/sup>et d\u2019am\u00e9liorer sa performance m\u00e9dico-\u00e9conomique, et avancer dans la constitution d\u2019un groupe hospitalier en d\u00e9veloppant des synergies nouvelles. Par un outil commun, c\u2019est aussi la volont\u00e9 d\u2019entrer dans un nouveau processus qui est privil\u00e9gi\u00e9e.<\/li>\n<\/ul>\n<h2>En quoi la d\u00e9marche de contractualisation commune correspond-elle \u00e0 une d\u00e9marche d\u2019innovation manag\u00e9riale\u2009?<\/h2>\n<h3>Une d\u00e9marche <em>ad hoc<\/em> pour le groupe hospitalier<\/h3>\n<p>Cette d\u00e9marche de contractualisation n\u2019a pas \u00e9t\u00e9 mise en place simplement dans le cadre d\u2019une nouvelle obligation r\u00e9glementaire mais dans le but d\u2019atteindre des objectifs identifi\u00e9s, lui donnant ainsi un sens suppl\u00e9mentaire. Marqu\u00e9e par la volont\u00e9 d\u2019adapter une d\u00e9marche sp\u00e9cifique au groupe hospitalier, elle tient compte du contexte et des enjeux, s\u2019appuyant ainsi sur des acquis pour ne pas bouleverser l\u2019ensemble des rep\u00e8res des acteurs (le red\u00e9coupage des p\u00f4les, par exemple, aurait pu favoriser une logique encore plus transversale entre les \u00e9quipes m\u00e9dicales des deux \u00e9tablissements) et construire de nouvelles r\u00e9f\u00e9rences communes.<\/p>\n<p>Malgr\u00e9 les fortes contraintes financi\u00e8res qui pesaient sur les deux \u00e9tablissements, la d\u00e9marche de contractualisation s\u2019est faite en favorisant le dialogue, \u00e9l\u00e9ment d\u00e9terminant dans l\u2019engagement des chefs de p\u00f4les.<\/p>\n<h3>Une d\u00e9marche coconstruite avec les acteurs<\/h3>\n<p>Le principe qui a pr\u00e9valu ne s\u2019appuie pas sur la volont\u00e9 de calquer une organisation ou une d\u00e9marche d\u00e9j\u00e0 en place, mais d\u2019exp\u00e9rimenter avec la communaut\u00e9 hospitali\u00e8re une d\u00e9marche fond\u00e9e sur la confiance\u2009<sup class=\"appel\" data-toggle=\"modal\" data-target=\"#notes\">(10)<\/sup>. La construction de cette d\u00e9marche de contractualisation commune s\u2019est faite sur le mode de l\u2019\u00e9change, de la coconstruction d\u2019un outil commun avec les responsables de p\u00f4les. Le mode participatif a \u00e9t\u00e9 omnipr\u00e9sent. Cette d\u00e9marche suppose donc d\u2019avancer progressivement en plusieurs \u00e9tapes. Ainsi, elle s\u2019est accompagn\u00e9e de la n\u00e9cessit\u00e9 d\u2019une comptabilit\u00e9 analytique hospitali\u00e8re harmonis\u00e9e entre les deux \u00e9tablissements, afin d\u2019\u00e9laborer les comptes de r\u00e9sultats d\u2019exploitation analytique selon des r\u00e8gles de gestion communes. Le contenu du volet d\u00e9l\u00e9gation de gestion du contrat de p\u00f4le reste limit\u00e9 et pourra \u00eatre \u00e9tendu \u00e0 une p\u00e9riode ult\u00e9rieure. Ce premier socle doit permettre au groupe hospitalier de rendre plus op\u00e9rationnelles les orientations strat\u00e9giques et de favoriser les synergies m\u00e9dicales\u2009<sup class=\"appel\" data-toggle=\"modal\" data-target=\"#notes\">(11)<\/sup>. Il s\u2019agit donc bien de s\u2019inscrire dans une d\u00e9marche plus g\u00e9n\u00e9rale d\u2019apprentissage collectif\u00a0<sup class=\"appel\" data-toggle=\"modal\" data-target=\"#notes\">(12)<\/sup>.<\/p>\n<h2>Comment cette d\u00e9marche rel\u00e8ve-t-elle les d\u00e9fis de l\u2019innovation manag\u00e9riale\u2009?<\/h2>\n<p>En impliquant les acteurs, en les entendant et en prenant en compte leurs propositions et leurs initiatives. Il s\u2019agit de les mobiliser pour aller plus loin encore.<\/p>\n<h3>Une d\u00e9marche support \u00e0 un dialogue multidimensionnel<\/h3>\n<p>Le contrat est bien ici abord\u00e9 comme un objet fronti\u00e8re\u2009<sup class=\"appel\" data-toggle=\"modal\" data-target=\"#notes\">(13) <\/sup>qui va servir de support \u00e0 la construction progressive d\u2019un sens commun entre les acteurs. Deux mouvements concomitants sont recherch\u00e9s\u2009: le premier est relatif \u00e0 l\u2019instauration d\u2019un dialogue organis\u00e9 entre p\u00f4le et direction autour d\u2019objectifs contractualis\u00e9s et de tableaux de bord communs\u2009; le second est celui d\u2019un dialogue entre \u00e9quipes m\u00e9dicales et \u00e9quipes soignantes entre deux \u00e9tablissements pour les amener \u00e0 construire un projet ensemble. Il s\u2019agit d\u2019amener les uns et les autres \u00e0 d\u00e9finir des objectifs en commun, certes, mais aussi de mieux se conna\u00eetre, de partager pratiques et logiques professionnelles. Le dialogue va donc devoir int\u00e9grer direction et m\u00e9decins, m\u00e9decins de Tarbes et m\u00e9decins de Lourdes.<\/p>\n<h3>Une d\u00e9marche impliquant les p\u00f4les<\/h3>\n<p>Il s\u2019agit de donner \u00e0 chacun la possibilit\u00e9 d\u2019apporter sa contribution \u00e0 la r\u00e9ussite collective et de participer \u00e0 l\u2019\u00e9laboration de projets innovants qui doivent permettre d\u2019apporter des solutions originales aux diff\u00e9rents probl\u00e8mes \u00e0 r\u00e9soudre simultan\u00e9ment, en d\u00e9passant des modes de fonctionnement ant\u00e9rieurs\u00a0: retour \u00e0 l\u2019\u00e9quilibre financier, montage financier d\u2019un projet d\u2019investissement ambitieux, projet m\u00e9dical commun qui r\u00e9ponde aux besoins des habitants du territoire\u2026 L\u2019objectif est aussi de s\u2019appuyer sur ce qui se fait de mieux dans chacune des structures et qui peut \u00eatre transpos\u00e9 \u00e0 l\u2019autre, mais \u00e9galement de profiter du regroupement des forces pour construire du mieux.<\/p>\n<h1>Conclusion<\/h1>\n<p>Une innovation manag\u00e9riale suppose d\u2019\u00eatre inscrite dans la dur\u00e9e. Les r\u00e9sultats attendus ne peuvent donc \u00eatre imm\u00e9diats et homog\u00e8nes dans leur progression. Des phases d\u2019avanc\u00e9e alternent avec des phases de stagnation, voire de r\u00e9gression. La d\u00e9marche n\u00e9cessite d\u2019\u00eatre port\u00e9e \u00e0 chaque instant, relanc\u00e9e, anim\u00e9e et nourrie, car la tendance g\u00e9n\u00e9rale des acteurs est de retomber dans des modes de fonctionnement plus \u00e9prouv\u00e9s. L\u2019engagement des acteurs reste le moteur essentiel, et il le sera d\u2019autant plus que le projet d\u2019innovation manag\u00e9riale sera soutenu par un projet f\u00e9d\u00e9rateur, qui rassemble et dessine des perspectives pour tous.<\/p>\n<script>function PlayerjsAsync(){} if(window[\"Playerjs\"]){PlayerjsAsync();}<\/script>","protected":false},"excerpt":{"rendered":"<p><span class=\"span-reading-time rt-reading-time\" style=\"display: block;\"><span class=\"rt-label rt-prefix\">Temps de lecture\u00a0: <\/span> <span class=\"rt-time\"> 7<\/span> <span class=\"rt-label rt-postfix\">minutes<\/span><\/span>Pour traiter la question du management de groupe hospitalier \u00e0 partir d\u2019une situation de direction commune d\u2019\u00e9tablissement, les auteurs pr\u00e9sentent ici la d\u00e9marche de contractualisation commune, vecteur privil\u00e9gi\u00e9 pour faire \u00e9voluer les pratiques de management.<\/p>\n","protected":false},"author":1202,"featured_media":0,"comment_status":"closed","ping_status":"open","sticky":false,"template":"","format":"standard","meta":{"_acf_changed":false,"_relevanssi_hide_post":"","_relevanssi_hide_content":"","_relevanssi_pin_for_all":"","_relevanssi_pin_keywords":"","_relevanssi_unpin_keywords":"","_relevanssi_related_keywords":"","_relevanssi_related_include_ids":"","_relevanssi_related_exclude_ids":"","_relevanssi_related_no_append":"","_relevanssi_related_not_related":"","_relevanssi_related_posts":"","_relevanssi_noindex_reason":"","footnotes":""},"categories":[2,581],"tags":[296,465,50,1607,205,280,1606],"class_list":["post-15669","post","type-post","status-publish","format-standard","hentry","category-gestions-hospitalieres","category-seminaire-ehesp-idm","tag-contractualisation","tag-cooperation","tag-gouvernance","tag-groupe-hospitalier","tag-hpst","tag-management","tag-mission-hopital-public-2011-2012"],"acf":[],"yoast_head":"<!-- This site is optimized with the Yoast SEO plugin v24.8.1 - https:\/\/yoast.com\/wordpress\/plugins\/seo\/ -->\n<title>Contractualisation commune - Gestions hospitali\u00e8res<\/title>\n<meta name=\"robots\" content=\"index, follow, max-snippet:-1, max-image-preview:large, max-video-preview:-1\" \/>\n<link rel=\"canonical\" href=\"https:\/\/www.ricom-web8.com\/gestions\/contractualisation-commune\/\" \/>\n<meta property=\"og:locale\" content=\"fr_FR\" \/>\n<meta property=\"og:type\" content=\"article\" \/>\n<meta property=\"og:title\" content=\"Contractualisation commune - Gestions hospitali\u00e8res\" \/>\n<meta property=\"og:description\" content=\"Temps de lecture\u00a0:  7 minutesPour traiter la question du management de groupe hospitalier \u00e0 partir d\u2019une situation de direction commune d\u2019\u00e9tablissement, les auteurs pr\u00e9sentent ici la d\u00e9marche de contractualisation commune, vecteur privil\u00e9gi\u00e9 pour faire \u00e9voluer les pratiques de management.\" \/>\n<meta property=\"og:url\" content=\"https:\/\/www.ricom-web8.com\/gestions\/contractualisation-commune\/\" \/>\n<meta property=\"og:site_name\" content=\"Gestions hospitali\u00e8res\" \/>\n<meta property=\"article:publisher\" content=\"https:\/\/www.facebook.com\/gestionshospitalieres\/\" \/>\n<meta property=\"article:published_time\" content=\"2014-02-28T23:00:00+00:00\" \/>\n<meta property=\"article:modified_time\" content=\"2018-03-07T15:38:13+00:00\" \/>\n<meta name=\"author\" content=\"yann Le Sager\" \/>\n<meta name=\"twitter:card\" content=\"summary_large_image\" \/>\n<meta name=\"twitter:creator\" content=\"@revue_GH\" \/>\n<meta name=\"twitter:site\" content=\"@revue_GH\" \/>\n<meta name=\"twitter:label1\" content=\"\u00c9crit par\" \/>\n\t<meta name=\"twitter:data1\" content=\"yann Le Sager\" \/>\n\t<meta name=\"twitter:label2\" content=\"Dur\u00e9e de lecture estim\u00e9e\" \/>\n\t<meta name=\"twitter:data2\" content=\"12 minutes\" \/>\n<script type=\"application\/ld+json\" class=\"yoast-schema-graph\">{\"@context\":\"https:\/\/schema.org\",\"@graph\":[{\"@type\":\"Article\",\"@id\":\"https:\/\/www.ricom-web8.com\/gestions\/contractualisation-commune\/#article\",\"isPartOf\":{\"@id\":\"https:\/\/www.ricom-web8.com\/gestions\/contractualisation-commune\/\"},\"author\":{\"name\":\"yann Le Sager\",\"@id\":\"https:\/\/www.ricom-web8.com\/gestions\/#\/schema\/person\/810c9671279c5f5a094f6f0a42237516\"},\"headline\":\"Contractualisation commune\",\"datePublished\":\"2014-02-28T23:00:00+00:00\",\"dateModified\":\"2018-03-07T15:38:13+00:00\",\"mainEntityOfPage\":{\"@id\":\"https:\/\/www.ricom-web8.com\/gestions\/contractualisation-commune\/\"},\"wordCount\":2329,\"publisher\":{\"@id\":\"https:\/\/www.ricom-web8.com\/gestions\/#organization\"},\"keywords\":[\"contractualisation\",\"coop\u00e9ration\",\"gouvernance\",\"groupe hospitalier\",\"HPST\",\"management\",\"mission H\u00f4pital public 2011-2012\"],\"articleSection\":[\"Gestions Hospitali\u00e8res\",\"s\u00e9minaire EHESP-IDM\"],\"inLanguage\":\"fr-FR\"},{\"@type\":\"WebPage\",\"@id\":\"https:\/\/www.ricom-web8.com\/gestions\/contractualisation-commune\/\",\"url\":\"https:\/\/www.ricom-web8.com\/gestions\/contractualisation-commune\/\",\"name\":\"Contractualisation commune - Gestions hospitali\u00e8res\",\"isPartOf\":{\"@id\":\"https:\/\/www.ricom-web8.com\/gestions\/#website\"},\"datePublished\":\"2014-02-28T23:00:00+00:00\",\"dateModified\":\"2018-03-07T15:38:13+00:00\",\"breadcrumb\":{\"@id\":\"https:\/\/www.ricom-web8.com\/gestions\/contractualisation-commune\/#breadcrumb\"},\"inLanguage\":\"fr-FR\",\"potentialAction\":[{\"@type\":\"ReadAction\",\"target\":[\"https:\/\/www.ricom-web8.com\/gestions\/contractualisation-commune\/\"]}]},{\"@type\":\"BreadcrumbList\",\"@id\":\"https:\/\/www.ricom-web8.com\/gestions\/contractualisation-commune\/#breadcrumb\",\"itemListElement\":[{\"@type\":\"ListItem\",\"position\":1,\"name\":\"Accueil\",\"item\":\"https:\/\/www.ricom-web8.com\/gestions\/\"},{\"@type\":\"ListItem\",\"position\":2,\"name\":\"Contractualisation commune\"}]},{\"@type\":\"WebSite\",\"@id\":\"https:\/\/www.ricom-web8.com\/gestions\/#website\",\"url\":\"https:\/\/www.ricom-web8.com\/gestions\/\",\"name\":\"Gestions hospitali\u00e8res\",\"description\":\"la revue des d\u00e9cideurs hospitaliers\",\"publisher\":{\"@id\":\"https:\/\/www.ricom-web8.com\/gestions\/#organization\"},\"potentialAction\":[{\"@type\":\"SearchAction\",\"target\":{\"@type\":\"EntryPoint\",\"urlTemplate\":\"https:\/\/www.ricom-web8.com\/gestions\/?s={search_term_string}\"},\"query-input\":{\"@type\":\"PropertyValueSpecification\",\"valueRequired\":true,\"valueName\":\"search_term_string\"}}],\"inLanguage\":\"fr-FR\"},{\"@type\":\"Organization\",\"@id\":\"https:\/\/www.ricom-web8.com\/gestions\/#organization\",\"name\":\"Gestions hospitali\u00e8res\",\"url\":\"https:\/\/www.ricom-web8.com\/gestions\/\",\"logo\":{\"@type\":\"ImageObject\",\"inLanguage\":\"fr-FR\",\"@id\":\"https:\/\/www.ricom-web8.com\/gestions\/#\/schema\/logo\/image\/\",\"url\":\"https:\/\/gestions-hospitalieres.fr\/wp-content\/uploads\/2017\/02\/picto_Gif-GH-trans.png\",\"contentUrl\":\"https:\/\/gestions-hospitalieres.fr\/wp-content\/uploads\/2017\/02\/picto_Gif-GH-trans.png\",\"width\":512,\"height\":512,\"caption\":\"Gestions hospitali\u00e8res\"},\"image\":{\"@id\":\"https:\/\/www.ricom-web8.com\/gestions\/#\/schema\/logo\/image\/\"},\"sameAs\":[\"https:\/\/www.facebook.com\/gestionshospitalieres\/\",\"https:\/\/x.com\/revue_GH\",\"https:\/\/www.linkedin.com\/company\/gestions-hospitalieres?trk=top_nav_home\"]},{\"@type\":\"Person\",\"@id\":\"https:\/\/www.ricom-web8.com\/gestions\/#\/schema\/person\/810c9671279c5f5a094f6f0a42237516\",\"name\":\"yann Le Sager\",\"image\":{\"@type\":\"ImageObject\",\"inLanguage\":\"fr-FR\",\"@id\":\"https:\/\/www.ricom-web8.com\/gestions\/#\/schema\/person\/image\/\",\"url\":\"https:\/\/secure.gravatar.com\/avatar\/36112fa5997be9e3b9acb0c60a4a1075?s=96&d=mm&r=g\",\"contentUrl\":\"https:\/\/secure.gravatar.com\/avatar\/36112fa5997be9e3b9acb0c60a4a1075?s=96&d=mm&r=g\",\"caption\":\"yann Le Sager\"},\"url\":\"https:\/\/www.ricom-web8.com\/gestions\/author\/lesager-yannstudioricom-com\/\"}]}<\/script>\n<!-- \/ Yoast SEO plugin. -->","yoast_head_json":{"title":"Contractualisation commune - Gestions hospitali\u00e8res","robots":{"index":"index","follow":"follow","max-snippet":"max-snippet:-1","max-image-preview":"max-image-preview:large","max-video-preview":"max-video-preview:-1"},"canonical":"https:\/\/www.ricom-web8.com\/gestions\/contractualisation-commune\/","og_locale":"fr_FR","og_type":"article","og_title":"Contractualisation commune - Gestions hospitali\u00e8res","og_description":"Temps de lecture\u00a0:  7 minutesPour traiter la question du management de groupe hospitalier \u00e0 partir d\u2019une situation de direction commune d\u2019\u00e9tablissement, les auteurs pr\u00e9sentent ici la d\u00e9marche de contractualisation commune, vecteur privil\u00e9gi\u00e9 pour faire \u00e9voluer les pratiques de management.","og_url":"https:\/\/www.ricom-web8.com\/gestions\/contractualisation-commune\/","og_site_name":"Gestions hospitali\u00e8res","article_publisher":"https:\/\/www.facebook.com\/gestionshospitalieres\/","article_published_time":"2014-02-28T23:00:00+00:00","article_modified_time":"2018-03-07T15:38:13+00:00","author":"yann Le Sager","twitter_card":"summary_large_image","twitter_creator":"@revue_GH","twitter_site":"@revue_GH","twitter_misc":{"\u00c9crit par":"yann Le Sager","Dur\u00e9e de lecture estim\u00e9e":"12 minutes"},"schema":{"@context":"https:\/\/schema.org","@graph":[{"@type":"Article","@id":"https:\/\/www.ricom-web8.com\/gestions\/contractualisation-commune\/#article","isPartOf":{"@id":"https:\/\/www.ricom-web8.com\/gestions\/contractualisation-commune\/"},"author":{"name":"yann Le Sager","@id":"https:\/\/www.ricom-web8.com\/gestions\/#\/schema\/person\/810c9671279c5f5a094f6f0a42237516"},"headline":"Contractualisation commune","datePublished":"2014-02-28T23:00:00+00:00","dateModified":"2018-03-07T15:38:13+00:00","mainEntityOfPage":{"@id":"https:\/\/www.ricom-web8.com\/gestions\/contractualisation-commune\/"},"wordCount":2329,"publisher":{"@id":"https:\/\/www.ricom-web8.com\/gestions\/#organization"},"keywords":["contractualisation","coop\u00e9ration","gouvernance","groupe hospitalier","HPST","management","mission H\u00f4pital public 2011-2012"],"articleSection":["Gestions Hospitali\u00e8res","s\u00e9minaire EHESP-IDM"],"inLanguage":"fr-FR"},{"@type":"WebPage","@id":"https:\/\/www.ricom-web8.com\/gestions\/contractualisation-commune\/","url":"https:\/\/www.ricom-web8.com\/gestions\/contractualisation-commune\/","name":"Contractualisation commune - Gestions hospitali\u00e8res","isPartOf":{"@id":"https:\/\/www.ricom-web8.com\/gestions\/#website"},"datePublished":"2014-02-28T23:00:00+00:00","dateModified":"2018-03-07T15:38:13+00:00","breadcrumb":{"@id":"https:\/\/www.ricom-web8.com\/gestions\/contractualisation-commune\/#breadcrumb"},"inLanguage":"fr-FR","potentialAction":[{"@type":"ReadAction","target":["https:\/\/www.ricom-web8.com\/gestions\/contractualisation-commune\/"]}]},{"@type":"BreadcrumbList","@id":"https:\/\/www.ricom-web8.com\/gestions\/contractualisation-commune\/#breadcrumb","itemListElement":[{"@type":"ListItem","position":1,"name":"Accueil","item":"https:\/\/www.ricom-web8.com\/gestions\/"},{"@type":"ListItem","position":2,"name":"Contractualisation commune"}]},{"@type":"WebSite","@id":"https:\/\/www.ricom-web8.com\/gestions\/#website","url":"https:\/\/www.ricom-web8.com\/gestions\/","name":"Gestions hospitali\u00e8res","description":"la revue des d\u00e9cideurs hospitaliers","publisher":{"@id":"https:\/\/www.ricom-web8.com\/gestions\/#organization"},"potentialAction":[{"@type":"SearchAction","target":{"@type":"EntryPoint","urlTemplate":"https:\/\/www.ricom-web8.com\/gestions\/?s={search_term_string}"},"query-input":{"@type":"PropertyValueSpecification","valueRequired":true,"valueName":"search_term_string"}}],"inLanguage":"fr-FR"},{"@type":"Organization","@id":"https:\/\/www.ricom-web8.com\/gestions\/#organization","name":"Gestions hospitali\u00e8res","url":"https:\/\/www.ricom-web8.com\/gestions\/","logo":{"@type":"ImageObject","inLanguage":"fr-FR","@id":"https:\/\/www.ricom-web8.com\/gestions\/#\/schema\/logo\/image\/","url":"https:\/\/gestions-hospitalieres.fr\/wp-content\/uploads\/2017\/02\/picto_Gif-GH-trans.png","contentUrl":"https:\/\/gestions-hospitalieres.fr\/wp-content\/uploads\/2017\/02\/picto_Gif-GH-trans.png","width":512,"height":512,"caption":"Gestions hospitali\u00e8res"},"image":{"@id":"https:\/\/www.ricom-web8.com\/gestions\/#\/schema\/logo\/image\/"},"sameAs":["https:\/\/www.facebook.com\/gestionshospitalieres\/","https:\/\/x.com\/revue_GH","https:\/\/www.linkedin.com\/company\/gestions-hospitalieres?trk=top_nav_home"]},{"@type":"Person","@id":"https:\/\/www.ricom-web8.com\/gestions\/#\/schema\/person\/810c9671279c5f5a094f6f0a42237516","name":"yann Le Sager","image":{"@type":"ImageObject","inLanguage":"fr-FR","@id":"https:\/\/www.ricom-web8.com\/gestions\/#\/schema\/person\/image\/","url":"https:\/\/secure.gravatar.com\/avatar\/36112fa5997be9e3b9acb0c60a4a1075?s=96&d=mm&r=g","contentUrl":"https:\/\/secure.gravatar.com\/avatar\/36112fa5997be9e3b9acb0c60a4a1075?s=96&d=mm&r=g","caption":"yann Le Sager"},"url":"https:\/\/www.ricom-web8.com\/gestions\/author\/lesager-yannstudioricom-com\/"}]}},"_links":{"self":[{"href":"https:\/\/www.ricom-web8.com\/gestions\/wp-json\/wp\/v2\/posts\/15669","targetHints":{"allow":["GET"]}}],"collection":[{"href":"https:\/\/www.ricom-web8.com\/gestions\/wp-json\/wp\/v2\/posts"}],"about":[{"href":"https:\/\/www.ricom-web8.com\/gestions\/wp-json\/wp\/v2\/types\/post"}],"author":[{"embeddable":true,"href":"https:\/\/www.ricom-web8.com\/gestions\/wp-json\/wp\/v2\/users\/1202"}],"replies":[{"embeddable":true,"href":"https:\/\/www.ricom-web8.com\/gestions\/wp-json\/wp\/v2\/comments?post=15669"}],"version-history":[{"count":0,"href":"https:\/\/www.ricom-web8.com\/gestions\/wp-json\/wp\/v2\/posts\/15669\/revisions"}],"wp:attachment":[{"href":"https:\/\/www.ricom-web8.com\/gestions\/wp-json\/wp\/v2\/media?parent=15669"}],"wp:term":[{"taxonomy":"category","embeddable":true,"href":"https:\/\/www.ricom-web8.com\/gestions\/wp-json\/wp\/v2\/categories?post=15669"},{"taxonomy":"post_tag","embeddable":true,"href":"https:\/\/www.ricom-web8.com\/gestions\/wp-json\/wp\/v2\/tags?post=15669"}],"curies":[{"name":"wp","href":"https:\/\/api.w.org\/{rel}","templated":true}]}}