

{"id":15675,"date":"2014-04-01T00:00:00","date_gmt":"2014-03-31T22:00:00","guid":{"rendered":"http:\/\/ricom-web.com\/gestions-hospitalieres\/le-poids-des-normes-dans-laction-publique\/"},"modified":"2018-03-07T16:35:05","modified_gmt":"2018-03-07T15:35:05","slug":"le-poids-des-normes-dans-laction-publique","status":"publish","type":"post","link":"https:\/\/www.ricom-web8.com\/gestions\/le-poids-des-normes-dans-laction-publique\/","title":{"rendered":"Le poids des normes dans l\u2019action publique"},"content":{"rendered":"<span class=\"span-reading-time rt-reading-time\" style=\"display: block;\"><span class=\"rt-label rt-prefix\">Temps de lecture\u00a0: <\/span> <span class=\"rt-time\"> 4<\/span> <span class=\"rt-label rt-postfix\">minutes<\/span><\/span><h1>La France a 11\u00a0g de normes dans le sang\u2009!<\/h1>\n<p>Retour sur un d\u00e9bat organis\u00e9 le 16\u00a0avril au S\u00e9nat par la commission sur le contr\u00f4le d\u2019application des lois, au cours duquel administratifs et \u00e9lus ont d\u00e9nonc\u00e9 unanimement l\u2019inflation l\u00e9gislative et le poids des normes. Au chiffre de 400\u2009000 normes souvent cit\u00e9, Didier Lallement, secr\u00e9taire g\u00e9n\u00e9ral du minist\u00e8re de l\u2019Int\u00e9rieur, en a ajout\u00e9 un autre tout aussi \u00e9tourdissant\u2009: 80\u2009000\u00a0pages de circulaires adress\u00e9es chaque ann\u00e9e par l\u2019\u00c9tat aux pr\u00e9fets. \u00ab\u00a0<em>Il est vrai qu\u2019\u00e0 d\u00e9faut de pouvoir distribuer des cr\u00e9dits, il reste toujours la possibilit\u00e9 de donner de la norme\u2009!<\/em>\u00a0\u00bb, a ironis\u00e9 Serge Lasvignes, secr\u00e9taire g\u00e9n\u00e9ral du gouvernement, qui a particip\u00e9 \u00e0 ce travail d\u2019inventaire des circulaires adress\u00e9es aux pr\u00e9fets. Il a n\u00e9anmoins soulign\u00e9 que ce flot de textes trouve en grande partie sa source dans les lois vot\u00e9es au Parlement et non dans la seule volont\u00e9 des minist\u00e8res. Extraits choisis <sup class=\"appel\" data-toggle=\"modal\" data-target=\"#notes\">(3)<\/sup>.<\/p>\n<h2>Didier Mathus, maire de Montceau-les-Mines, membre du bureau de l\u2019Association des maires de France<\/h2>\n<p>\u00ab\u2009On ne sait plus qui produit les normes. La plupart sont d\u2019origine r\u00e9glementaire et leur base l\u00e9gislative appara\u00eet souvent t\u00e9nue. L\u2019impact financier de nombreuses lois n\u2019est pas \u00e9valu\u00e9. En outre, beaucoup de lois sont trop impr\u00e9cises et empi\u00e8tent sur le domaine r\u00e9glementaire. Il convient de s\u2019interroger sur la mani\u00e8re de r\u00e9diger la loi. La qualit\u00e9 d\u2019\u00e9criture s\u2019est d\u00e9grad\u00e9e au fil des d\u00e9cennies. La loi, qui devrait exprimer de grands principes, se perd dans des d\u00e9clinaisons trop pr\u00e9cises et d\u2019application d\u00e9licate. Je me pose une question fondamentale\u2009: toutes les normes concourent-elles au bien public\u2009? Je n\u2019en suis pas convaincu. Apr\u00e8s Furiani, un pr\u00e9fet a \u00e9t\u00e9 traduit en justice pour la premi\u00e8re fois. Une culture nouvelle s\u2019est r\u00e9pandue dans le corps pr\u00e9fectoral, qui ouvre les parapluies \u00e0 la moindre alerte. S\u2019il m\u2019appara\u00eet forc\u00e9ment bien de publier le patrimoine des ministres \u00e0 partir du moment o\u00f9 les autres pays le font, ne peut on s\u2019interroger sur le fait que la France soit le seul pays au monde \u00e0 avoir inscrit le principe de pr\u00e9caution dans sa Constitution\u2009? L\u00e0, et dans d\u2019autres cas, la d\u00e9clinaison de ce principe g\u00e9n\u00e9reux donne lieu \u00e0 de multiples interpr\u00e9tations divergentes et complique les choses [\u2026].\u2009\u00bb<\/p>\n<h2>Bernard Vatier, ancien b\u00e2tonnier du barreau de Paris<\/h2>\n<p>\u00ab\u2009Les avocats ne sont pas tant des usagers de la justice que des ferronniers qui appliquent l\u2019outil l\u00e9gislatif. Ils ont le sentiment que notre syst\u00e8me change. La r\u00e9glementation encadre le comportement, la place du libre arbitre a \u00e9t\u00e9 restreinte jusqu\u2019\u00e0 l\u2019absurde. Il y a une mont\u00e9e en puissance du droit p\u00e9nal. Celui qui n\u2019a pas respect\u00e9 une prescription, m\u00eame mineure, est susceptible d\u2019\u00eatre renvoy\u00e9 en correctionnelle. Changeant de r\u00f4le, le droit p\u00e9nal sert aujourd\u2019hui \u00e0 sanctionner la non-application d\u2019un texte et non plus une entorse aux valeurs. Cette dynamique pr\u00e9occupante se r\u00e9v\u00e8le inflationniste en normes puisque chacun peut \u00eatre attaqu\u00e9 pour n\u2019avoir pas \u00e9dict\u00e9 de r\u00e9glementation ou pour ne pas l\u2019avoir appliqu\u00e9e.\u2009\u00bb<\/p>\n<h2>Guy Carcassonne, professeur de droit public, universit\u00e9 Paris-Ouest Nanterre-La D\u00e9fense<\/h2>\n<p>\u00ab\u2009Vous avez sans doute appris aux informations qu\u2019un homme a \u00e9t\u00e9 d\u00e9couvert hier avec onze grammes d\u2019alcool dans le sang. Je serais tent\u00e9 de dire que la France a onze grammes de normes dans le sang\u2009! Toutes les capacit\u00e9s rationnelles d\u2019absorption sont d\u00e9pass\u00e9es. N\u2019importe quel autre pays aurait d\u00e9j\u00e0 succomb\u00e9 \u00e0 une apoplexie. On multiplie les normes sans se soucier de leur application. Finalement, on s\u2019en remet \u00e0 l\u2019arme fatale du juge p\u00e9nal, arbitre ultime qui sanctionne les malheureux qui auront n\u00e9glig\u00e9 une r\u00e8gle, aussi loufoque soit-elle. Ce lamento n\u2019est pas nouveau. Le gouvernement et les services du minist\u00e8re de l\u2019Int\u00e9rieur ne sont pas les premiers responsables. Ils semblent m\u00eame contraints de suivre un processus et de remplir des pages pour se plier \u00e0 la volont\u00e9 d\u2019autres acteurs. Il y a quelques ann\u00e9es, j\u2019\u00e9crivais que tout sujet du journal de 20 heures constituait virtuellement une loi. La fabrication d\u2019une norme n\u2019ob\u00e9it pas tant \u00e0 une demande r\u00e9elle qu\u2019\u00e0 un pari sur l\u2019existence d\u2019une demande. La loi ne peut r\u00e9gler tous les probl\u00e8mes: les chiens m\u00e9chants continueront \u00e0 mordre et des enfants se noieront toujours dans les piscines. Mais le l\u00e9gislateur se verrait reprocher de ne pas avoir l\u00e9gif\u00e9r\u00e9.\u00bb \u00c0 cet \u00e9gard, la cr\u00e9ation de la commission d\u2019application des lois marque en soi un progr\u00e8s consid\u00e9rable. Car disposer d\u2019instruments tr\u00e8s pr\u00e9cis pour s\u2019assurer de la pertinence de la loi et de la mise en \u0153uvre des r\u00e8glements qui en garantissent l\u2019application repr\u00e9sente une avanc\u00e9e: l\u2019on d\u00e9couvre par exemple qu\u2019une loi constitutionnelle adopt\u00e9e en 2008 n\u2019a toujours pas b\u00e9n\u00e9fici\u00e9 de la loi organique qu\u2019elle pr\u00e9voit. Car faire du bon travail de contr\u00f4le dispense de l\u00e9gif\u00e9rer.\u2009\u00bb<\/p>\n<h1>La certification des comptes :<br \/>\nle nouveau L\u00e9viathan\u2009?<\/h1>\n<p>Une trentaine d\u2019h\u00f4pitaux seront pr\u00e9figurateurs en mati\u00e8re de certification comptable d\u00e8s l\u2019exercice comptable 2014, un horizon qui sera \u00e9largi \u00e0 153 \u00e9tablissements. Pr\u00e9vus par la loi HPST, et portant sur les \u00e9tablissements dont le compte de r\u00e9sultat \u00e0 n-3 ans d\u00e9passe 100\u00a0millions d\u2019euros, les d\u00e9crets fixant les obligations des EPS en la mati\u00e8re sont encore attendus.<\/p>\n<p>Un important travail de pr\u00e9paration est conduit entre les certificateurs (Cour des comptes, Compagnie nationale des commissaires aux comptes) et les hospitaliers (f\u00e9d\u00e9rations et conf\u00e9rences), sous l\u2019\u00e9gide conjointe de la Direction g\u00e9n\u00e9rale de l\u2019offre des soins (DGOS) et de la Direction g\u00e9n\u00e9rale des finances publiques (DGFiP). Une enveloppe de 12 millions d\u2019euros est d\u00e9j\u00e0 r\u00e9serv\u00e9e \u00e0 l\u2019auditabilit\u00e9 des syst\u00e8mes d\u2019information. Si les h\u00f4pitaux sont mobilis\u00e9s, les difficult\u00e9s sont n\u00e9anmoins nombreuses\u2009: changement culturel (d\u2019une logique budg\u00e9taire \u00e0 une logique strictement comptable), pilotage national \u00e0 renforcer, harmonisation et optimisation d\u2019outils informatiques multiples.<\/p>\n<p>Ce dernier point est capital et, parall\u00e8lement au processus de certification, le passage, obligatoire pour tous d\u2019ici \u00e0 janvier 2015, au protocole d\u2019\u00e9changes standard (PES) V2 contribue \u00e0 une d\u00e9mat\u00e9rialisation et \u00e0 un \u00ab\u2009nettoyage\u2009\u00bb des bases de donn\u00e9es profitable. Certains gros \u00e9tablissements sont en avance dans cette d\u00e9marche, et ceux ayant \u00e9tabli des contrats de performance ont d\u00e9j\u00e0 conduit des audits internes qui pr\u00e9parent \u00e0 cette petite r\u00e9volution. Mais sous couvert de transparence, quel b\u00e9n\u00e9fice en retireront les \u00e9tablissements\u2009?<\/p>\n<p>Globalement favorables \u00e0 ce mouvement, les EPS n\u2019en d\u00e9plorent pas moins un fardeau proc\u00e9dural suppl\u00e9mentaire. Car le b\u00e9n\u00e9fice pour eux est discutable\u2009: quelle plus-value pour les m\u00e9decins, les personnels, les soignants\u2009? Le besoin se situe au contraire au niveau d\u2019outils de pilotage d\u2019activit\u00e9, de contr\u00f4le de gestion, de budgets de services. La mobilisation des \u00e9quipes est donc plus difficile pour une charge de travail qui rel\u00e8ve au moins d\u2019un \u00e9quivalent temps plein, pour faire une moyenne, en mont\u00e9e en charge. Les tr\u00e9soriers suivent le pas malgr\u00e9 un pr\u00e9suppos\u00e9 qui voudrait que la comptabilit\u00e9 hospitali\u00e8re soit loin d\u2019\u00eatre \u00ab\u2009d\u2019\u00e9querre\u2009\u00bb.<\/p>\n<p>En r\u00e9alit\u00e9, les pratiques hospitali\u00e8res en mati\u00e8re comptable sont lisibles mais peut-\u00eatre pas assez selon le minist\u00e8re des Finances, qui voit dans la certification un gage de s\u00e9rieux \u00e0 destination des banques, moins enclines dans la crise actuelle \u00e0 pr\u00eater \u00e0 des administrations complexes. Il n\u2019en demeure pas moins que \u00ab\u2009normaliser\u2009\u00bb les comptes risque d\u2019affaiblir les marges de man\u0153uvre et la souplesse de gestion des directeurs financiers, pour se pr\u00e9munir de r\u00e9serves \u00e9mises par les commissaires aux comptes.<\/p>\n<script>function PlayerjsAsync(){} if(window[\"Playerjs\"]){PlayerjsAsync();}<\/script>","protected":false},"excerpt":{"rendered":"<p><span class=\"span-reading-time rt-reading-time\" style=\"display: block;\"><span class=\"rt-label rt-prefix\">Temps de lecture\u00a0: <\/span> <span class=\"rt-time\"> 4<\/span> <span class=\"rt-label rt-postfix\">minutes<\/span><\/span>D\u2019apr\u00e8s le rapport de la mission de lutte contre l\u2019inflation normative du 26\u202f mars 2013, la France est 130e sur 148 au classement de la complexit\u00e9 administrative par le World Economic Forum, avec environ 400\u2009000 normes, compil\u00e9es ann\u00e9e en ann\u00e9e par s\u00e9dimentation. Un empilement r\u00e9glementaire qui a un poids financier pour la soci\u00e9t\u00e9\u2009: dans son dernier rapport d\u2019activit\u00e9, la Commission consultative d\u2019\u00e9valuation des normes a ainsi estim\u00e9 le co\u00fbt des normes nouvelles \u00e0 455 \u202fmillions en 2008, 290\u202f millions en 2009, 577\u202f millions en 2010 et 728 millions en 2011, soit plus de 2\u202f milliards en quatre ans\u2009! En outre, l\u2019accumulation de normes finit par paralyser la soci\u00e9t\u00e9 en \u00e9rigeant des principes antagonistes. Le rapport Lambert en cite un exemple\u2009: la d\u00e9couverte sur le trac\u00e9 projet\u00e9 pour l\u2019autoroute A28 du scarab\u00e9e pique-prune, esp\u00e8ce rare et prot\u00e9g\u00e9e par la convention de Berne relative \u00e0 la conservation de la vie sauvage et du milieu naturel de l\u2019Europe de 1979, a conduit \u00e0 retarder pendant dix ans un chantier jusqu\u2019\u00e0 ce que l\u2019on d\u00e9couvre que l\u2019insecte \u00e9tait tr\u00e8s r\u00e9pandu dans le d\u00e9partement de la Sarthe\u2026 C\u2019est dans ce cadre que nous avons souhait\u00e9 publier deux articles tir\u00e9s du dossier publi\u00e9 par le journal de l\u2019Association des directeurs d\u2019h\u00f4pital (ADH) en juillet\/ao\u00fbt 2013**.<\/p>\n","protected":false},"author":1202,"featured_media":0,"comment_status":"closed","ping_status":"open","sticky":false,"template":"","format":"standard","meta":{"_acf_changed":false,"_relevanssi_hide_post":"","_relevanssi_hide_content":"","_relevanssi_pin_for_all":"","_relevanssi_pin_keywords":"","_relevanssi_unpin_keywords":"","_relevanssi_related_keywords":"","_relevanssi_related_include_ids":"","_relevanssi_related_exclude_ids":"","_relevanssi_related_no_append":"","_relevanssi_related_not_related":"","_relevanssi_related_posts":"","_relevanssi_noindex_reason":"","footnotes":""},"categories":[26,2],"tags":[1623,248,1622,1624,10,1621],"class_list":["post-15675","post","type-post","status-publish","format-standard","hentry","category-dossier","category-gestions-hospitalieres","tag-adh","tag-certification","tag-inflation-normative","tag-jadh","tag-loi-hpst","tag-normes"],"acf":[],"yoast_head":"<!-- This site is optimized with the Yoast SEO plugin v24.8.1 - https:\/\/yoast.com\/wordpress\/plugins\/seo\/ -->\n<title>Le poids des normes dans l\u2019action publique - Gestions hospitali\u00e8res<\/title>\n<meta name=\"robots\" content=\"index, follow, max-snippet:-1, max-image-preview:large, max-video-preview:-1\" \/>\n<link rel=\"canonical\" href=\"https:\/\/www.ricom-web8.com\/gestions\/le-poids-des-normes-dans-laction-publique\/\" \/>\n<meta property=\"og:locale\" content=\"fr_FR\" \/>\n<meta property=\"og:type\" content=\"article\" \/>\n<meta property=\"og:title\" content=\"Le poids des normes dans l\u2019action publique - Gestions hospitali\u00e8res\" \/>\n<meta property=\"og:description\" content=\"Temps de lecture\u00a0:  4 minutesD\u2019apr\u00e8s le rapport de la mission de lutte contre l\u2019inflation normative du 26\u202f mars 2013, la France est 130e sur 148 au classement de la complexit\u00e9 administrative par le World Economic Forum, avec environ 400\u2009000 normes, compil\u00e9es ann\u00e9e en ann\u00e9e par s\u00e9dimentation. Un empilement r\u00e9glementaire qui a un poids financier pour la soci\u00e9t\u00e9\u2009: dans son dernier rapport d\u2019activit\u00e9, la Commission consultative d\u2019\u00e9valuation des normes a ainsi estim\u00e9 le co\u00fbt des normes nouvelles \u00e0 455 \u202fmillions en 2008, 290\u202f millions en 2009, 577\u202f millions en 2010 et 728 millions en 2011, soit plus de 2\u202f milliards en quatre ans\u2009! En outre, l\u2019accumulation de normes finit par paralyser la soci\u00e9t\u00e9 en \u00e9rigeant des principes antagonistes. Le rapport Lambert en cite un exemple\u2009: la d\u00e9couverte sur le trac\u00e9 projet\u00e9 pour l\u2019autoroute A28 du scarab\u00e9e pique-prune, esp\u00e8ce rare et prot\u00e9g\u00e9e par la convention de Berne relative \u00e0 la conservation de la vie sauvage et du milieu naturel de l\u2019Europe de 1979, a conduit \u00e0 retarder pendant dix ans un chantier jusqu\u2019\u00e0 ce que l\u2019on d\u00e9couvre que l\u2019insecte \u00e9tait tr\u00e8s r\u00e9pandu dans le d\u00e9partement de la Sarthe\u2026 C\u2019est dans ce cadre que nous avons souhait\u00e9 publier deux articles tir\u00e9s du dossier publi\u00e9 par le journal de l\u2019Association des directeurs d\u2019h\u00f4pital (ADH) en juillet\/ao\u00fbt 2013**.\" \/>\n<meta property=\"og:url\" content=\"https:\/\/www.ricom-web8.com\/gestions\/le-poids-des-normes-dans-laction-publique\/\" \/>\n<meta property=\"og:site_name\" content=\"Gestions hospitali\u00e8res\" \/>\n<meta property=\"article:publisher\" content=\"https:\/\/www.facebook.com\/gestionshospitalieres\/\" \/>\n<meta property=\"article:published_time\" content=\"2014-03-31T22:00:00+00:00\" \/>\n<meta property=\"article:modified_time\" content=\"2018-03-07T15:35:05+00:00\" \/>\n<meta name=\"author\" content=\"yann Le Sager\" \/>\n<meta name=\"twitter:card\" content=\"summary_large_image\" \/>\n<meta name=\"twitter:creator\" content=\"@revue_GH\" \/>\n<meta name=\"twitter:site\" content=\"@revue_GH\" \/>\n<meta name=\"twitter:label1\" content=\"\u00c9crit par\" \/>\n\t<meta name=\"twitter:data1\" content=\"yann Le Sager\" \/>\n\t<meta name=\"twitter:label2\" content=\"Dur\u00e9e de lecture estim\u00e9e\" \/>\n\t<meta name=\"twitter:data2\" content=\"7 minutes\" \/>\n<script type=\"application\/ld+json\" class=\"yoast-schema-graph\">{\"@context\":\"https:\/\/schema.org\",\"@graph\":[{\"@type\":\"Article\",\"@id\":\"https:\/\/www.ricom-web8.com\/gestions\/le-poids-des-normes-dans-laction-publique\/#article\",\"isPartOf\":{\"@id\":\"https:\/\/www.ricom-web8.com\/gestions\/le-poids-des-normes-dans-laction-publique\/\"},\"author\":{\"name\":\"yann Le Sager\",\"@id\":\"https:\/\/www.ricom-web8.com\/gestions\/#\/schema\/person\/810c9671279c5f5a094f6f0a42237516\"},\"headline\":\"Le poids des normes dans l\u2019action publique\",\"datePublished\":\"2014-03-31T22:00:00+00:00\",\"dateModified\":\"2018-03-07T15:35:05+00:00\",\"mainEntityOfPage\":{\"@id\":\"https:\/\/www.ricom-web8.com\/gestions\/le-poids-des-normes-dans-laction-publique\/\"},\"wordCount\":1373,\"publisher\":{\"@id\":\"https:\/\/www.ricom-web8.com\/gestions\/#organization\"},\"keywords\":[\"ADH\",\"certification\",\"inflation normative\",\"JADH\",\"loi HPST\",\"normes\"],\"articleSection\":[\"dossier\",\"Gestions Hospitali\u00e8res\"],\"inLanguage\":\"fr-FR\"},{\"@type\":\"WebPage\",\"@id\":\"https:\/\/www.ricom-web8.com\/gestions\/le-poids-des-normes-dans-laction-publique\/\",\"url\":\"https:\/\/www.ricom-web8.com\/gestions\/le-poids-des-normes-dans-laction-publique\/\",\"name\":\"Le poids des normes dans l\u2019action publique - Gestions hospitali\u00e8res\",\"isPartOf\":{\"@id\":\"https:\/\/www.ricom-web8.com\/gestions\/#website\"},\"datePublished\":\"2014-03-31T22:00:00+00:00\",\"dateModified\":\"2018-03-07T15:35:05+00:00\",\"breadcrumb\":{\"@id\":\"https:\/\/www.ricom-web8.com\/gestions\/le-poids-des-normes-dans-laction-publique\/#breadcrumb\"},\"inLanguage\":\"fr-FR\",\"potentialAction\":[{\"@type\":\"ReadAction\",\"target\":[\"https:\/\/www.ricom-web8.com\/gestions\/le-poids-des-normes-dans-laction-publique\/\"]}]},{\"@type\":\"BreadcrumbList\",\"@id\":\"https:\/\/www.ricom-web8.com\/gestions\/le-poids-des-normes-dans-laction-publique\/#breadcrumb\",\"itemListElement\":[{\"@type\":\"ListItem\",\"position\":1,\"name\":\"Accueil\",\"item\":\"https:\/\/www.ricom-web8.com\/gestions\/\"},{\"@type\":\"ListItem\",\"position\":2,\"name\":\"Le poids des normes dans l\u2019action publique\"}]},{\"@type\":\"WebSite\",\"@id\":\"https:\/\/www.ricom-web8.com\/gestions\/#website\",\"url\":\"https:\/\/www.ricom-web8.com\/gestions\/\",\"name\":\"Gestions hospitali\u00e8res\",\"description\":\"la revue des d\u00e9cideurs hospitaliers\",\"publisher\":{\"@id\":\"https:\/\/www.ricom-web8.com\/gestions\/#organization\"},\"potentialAction\":[{\"@type\":\"SearchAction\",\"target\":{\"@type\":\"EntryPoint\",\"urlTemplate\":\"https:\/\/www.ricom-web8.com\/gestions\/?s={search_term_string}\"},\"query-input\":{\"@type\":\"PropertyValueSpecification\",\"valueRequired\":true,\"valueName\":\"search_term_string\"}}],\"inLanguage\":\"fr-FR\"},{\"@type\":\"Organization\",\"@id\":\"https:\/\/www.ricom-web8.com\/gestions\/#organization\",\"name\":\"Gestions hospitali\u00e8res\",\"url\":\"https:\/\/www.ricom-web8.com\/gestions\/\",\"logo\":{\"@type\":\"ImageObject\",\"inLanguage\":\"fr-FR\",\"@id\":\"https:\/\/www.ricom-web8.com\/gestions\/#\/schema\/logo\/image\/\",\"url\":\"https:\/\/gestions-hospitalieres.fr\/wp-content\/uploads\/2017\/02\/picto_Gif-GH-trans.png\",\"contentUrl\":\"https:\/\/gestions-hospitalieres.fr\/wp-content\/uploads\/2017\/02\/picto_Gif-GH-trans.png\",\"width\":512,\"height\":512,\"caption\":\"Gestions hospitali\u00e8res\"},\"image\":{\"@id\":\"https:\/\/www.ricom-web8.com\/gestions\/#\/schema\/logo\/image\/\"},\"sameAs\":[\"https:\/\/www.facebook.com\/gestionshospitalieres\/\",\"https:\/\/x.com\/revue_GH\",\"https:\/\/www.linkedin.com\/company\/gestions-hospitalieres?trk=top_nav_home\"]},{\"@type\":\"Person\",\"@id\":\"https:\/\/www.ricom-web8.com\/gestions\/#\/schema\/person\/810c9671279c5f5a094f6f0a42237516\",\"name\":\"yann Le Sager\",\"image\":{\"@type\":\"ImageObject\",\"inLanguage\":\"fr-FR\",\"@id\":\"https:\/\/www.ricom-web8.com\/gestions\/#\/schema\/person\/image\/\",\"url\":\"https:\/\/secure.gravatar.com\/avatar\/36112fa5997be9e3b9acb0c60a4a1075?s=96&d=mm&r=g\",\"contentUrl\":\"https:\/\/secure.gravatar.com\/avatar\/36112fa5997be9e3b9acb0c60a4a1075?s=96&d=mm&r=g\",\"caption\":\"yann Le Sager\"},\"url\":\"https:\/\/www.ricom-web8.com\/gestions\/author\/lesager-yannstudioricom-com\/\"}]}<\/script>\n<!-- \/ Yoast SEO plugin. -->","yoast_head_json":{"title":"Le poids des normes dans l\u2019action publique - Gestions hospitali\u00e8res","robots":{"index":"index","follow":"follow","max-snippet":"max-snippet:-1","max-image-preview":"max-image-preview:large","max-video-preview":"max-video-preview:-1"},"canonical":"https:\/\/www.ricom-web8.com\/gestions\/le-poids-des-normes-dans-laction-publique\/","og_locale":"fr_FR","og_type":"article","og_title":"Le poids des normes dans l\u2019action publique - Gestions hospitali\u00e8res","og_description":"Temps de lecture\u00a0:  4 minutesD\u2019apr\u00e8s le rapport de la mission de lutte contre l\u2019inflation normative du 26\u202f mars 2013, la France est 130e sur 148 au classement de la complexit\u00e9 administrative par le World Economic Forum, avec environ 400\u2009000 normes, compil\u00e9es ann\u00e9e en ann\u00e9e par s\u00e9dimentation. Un empilement r\u00e9glementaire qui a un poids financier pour la soci\u00e9t\u00e9\u2009: dans son dernier rapport d\u2019activit\u00e9, la Commission consultative d\u2019\u00e9valuation des normes a ainsi estim\u00e9 le co\u00fbt des normes nouvelles \u00e0 455 \u202fmillions en 2008, 290\u202f millions en 2009, 577\u202f millions en 2010 et 728 millions en 2011, soit plus de 2\u202f milliards en quatre ans\u2009! En outre, l\u2019accumulation de normes finit par paralyser la soci\u00e9t\u00e9 en \u00e9rigeant des principes antagonistes. Le rapport Lambert en cite un exemple\u2009: la d\u00e9couverte sur le trac\u00e9 projet\u00e9 pour l\u2019autoroute A28 du scarab\u00e9e pique-prune, esp\u00e8ce rare et prot\u00e9g\u00e9e par la convention de Berne relative \u00e0 la conservation de la vie sauvage et du milieu naturel de l\u2019Europe de 1979, a conduit \u00e0 retarder pendant dix ans un chantier jusqu\u2019\u00e0 ce que l\u2019on d\u00e9couvre que l\u2019insecte \u00e9tait tr\u00e8s r\u00e9pandu dans le d\u00e9partement de la Sarthe\u2026 C\u2019est dans ce cadre que nous avons souhait\u00e9 publier deux articles tir\u00e9s du dossier publi\u00e9 par le journal de l\u2019Association des directeurs d\u2019h\u00f4pital (ADH) en juillet\/ao\u00fbt 2013**.","og_url":"https:\/\/www.ricom-web8.com\/gestions\/le-poids-des-normes-dans-laction-publique\/","og_site_name":"Gestions hospitali\u00e8res","article_publisher":"https:\/\/www.facebook.com\/gestionshospitalieres\/","article_published_time":"2014-03-31T22:00:00+00:00","article_modified_time":"2018-03-07T15:35:05+00:00","author":"yann Le Sager","twitter_card":"summary_large_image","twitter_creator":"@revue_GH","twitter_site":"@revue_GH","twitter_misc":{"\u00c9crit par":"yann Le Sager","Dur\u00e9e de lecture estim\u00e9e":"7 minutes"},"schema":{"@context":"https:\/\/schema.org","@graph":[{"@type":"Article","@id":"https:\/\/www.ricom-web8.com\/gestions\/le-poids-des-normes-dans-laction-publique\/#article","isPartOf":{"@id":"https:\/\/www.ricom-web8.com\/gestions\/le-poids-des-normes-dans-laction-publique\/"},"author":{"name":"yann Le Sager","@id":"https:\/\/www.ricom-web8.com\/gestions\/#\/schema\/person\/810c9671279c5f5a094f6f0a42237516"},"headline":"Le poids des normes dans l\u2019action publique","datePublished":"2014-03-31T22:00:00+00:00","dateModified":"2018-03-07T15:35:05+00:00","mainEntityOfPage":{"@id":"https:\/\/www.ricom-web8.com\/gestions\/le-poids-des-normes-dans-laction-publique\/"},"wordCount":1373,"publisher":{"@id":"https:\/\/www.ricom-web8.com\/gestions\/#organization"},"keywords":["ADH","certification","inflation normative","JADH","loi HPST","normes"],"articleSection":["dossier","Gestions Hospitali\u00e8res"],"inLanguage":"fr-FR"},{"@type":"WebPage","@id":"https:\/\/www.ricom-web8.com\/gestions\/le-poids-des-normes-dans-laction-publique\/","url":"https:\/\/www.ricom-web8.com\/gestions\/le-poids-des-normes-dans-laction-publique\/","name":"Le poids des normes dans l\u2019action publique - Gestions hospitali\u00e8res","isPartOf":{"@id":"https:\/\/www.ricom-web8.com\/gestions\/#website"},"datePublished":"2014-03-31T22:00:00+00:00","dateModified":"2018-03-07T15:35:05+00:00","breadcrumb":{"@id":"https:\/\/www.ricom-web8.com\/gestions\/le-poids-des-normes-dans-laction-publique\/#breadcrumb"},"inLanguage":"fr-FR","potentialAction":[{"@type":"ReadAction","target":["https:\/\/www.ricom-web8.com\/gestions\/le-poids-des-normes-dans-laction-publique\/"]}]},{"@type":"BreadcrumbList","@id":"https:\/\/www.ricom-web8.com\/gestions\/le-poids-des-normes-dans-laction-publique\/#breadcrumb","itemListElement":[{"@type":"ListItem","position":1,"name":"Accueil","item":"https:\/\/www.ricom-web8.com\/gestions\/"},{"@type":"ListItem","position":2,"name":"Le poids des normes dans l\u2019action publique"}]},{"@type":"WebSite","@id":"https:\/\/www.ricom-web8.com\/gestions\/#website","url":"https:\/\/www.ricom-web8.com\/gestions\/","name":"Gestions hospitali\u00e8res","description":"la revue des d\u00e9cideurs hospitaliers","publisher":{"@id":"https:\/\/www.ricom-web8.com\/gestions\/#organization"},"potentialAction":[{"@type":"SearchAction","target":{"@type":"EntryPoint","urlTemplate":"https:\/\/www.ricom-web8.com\/gestions\/?s={search_term_string}"},"query-input":{"@type":"PropertyValueSpecification","valueRequired":true,"valueName":"search_term_string"}}],"inLanguage":"fr-FR"},{"@type":"Organization","@id":"https:\/\/www.ricom-web8.com\/gestions\/#organization","name":"Gestions hospitali\u00e8res","url":"https:\/\/www.ricom-web8.com\/gestions\/","logo":{"@type":"ImageObject","inLanguage":"fr-FR","@id":"https:\/\/www.ricom-web8.com\/gestions\/#\/schema\/logo\/image\/","url":"https:\/\/gestions-hospitalieres.fr\/wp-content\/uploads\/2017\/02\/picto_Gif-GH-trans.png","contentUrl":"https:\/\/gestions-hospitalieres.fr\/wp-content\/uploads\/2017\/02\/picto_Gif-GH-trans.png","width":512,"height":512,"caption":"Gestions hospitali\u00e8res"},"image":{"@id":"https:\/\/www.ricom-web8.com\/gestions\/#\/schema\/logo\/image\/"},"sameAs":["https:\/\/www.facebook.com\/gestionshospitalieres\/","https:\/\/x.com\/revue_GH","https:\/\/www.linkedin.com\/company\/gestions-hospitalieres?trk=top_nav_home"]},{"@type":"Person","@id":"https:\/\/www.ricom-web8.com\/gestions\/#\/schema\/person\/810c9671279c5f5a094f6f0a42237516","name":"yann Le Sager","image":{"@type":"ImageObject","inLanguage":"fr-FR","@id":"https:\/\/www.ricom-web8.com\/gestions\/#\/schema\/person\/image\/","url":"https:\/\/secure.gravatar.com\/avatar\/36112fa5997be9e3b9acb0c60a4a1075?s=96&d=mm&r=g","contentUrl":"https:\/\/secure.gravatar.com\/avatar\/36112fa5997be9e3b9acb0c60a4a1075?s=96&d=mm&r=g","caption":"yann Le Sager"},"url":"https:\/\/www.ricom-web8.com\/gestions\/author\/lesager-yannstudioricom-com\/"}]}},"_links":{"self":[{"href":"https:\/\/www.ricom-web8.com\/gestions\/wp-json\/wp\/v2\/posts\/15675","targetHints":{"allow":["GET"]}}],"collection":[{"href":"https:\/\/www.ricom-web8.com\/gestions\/wp-json\/wp\/v2\/posts"}],"about":[{"href":"https:\/\/www.ricom-web8.com\/gestions\/wp-json\/wp\/v2\/types\/post"}],"author":[{"embeddable":true,"href":"https:\/\/www.ricom-web8.com\/gestions\/wp-json\/wp\/v2\/users\/1202"}],"replies":[{"embeddable":true,"href":"https:\/\/www.ricom-web8.com\/gestions\/wp-json\/wp\/v2\/comments?post=15675"}],"version-history":[{"count":0,"href":"https:\/\/www.ricom-web8.com\/gestions\/wp-json\/wp\/v2\/posts\/15675\/revisions"}],"wp:attachment":[{"href":"https:\/\/www.ricom-web8.com\/gestions\/wp-json\/wp\/v2\/media?parent=15675"}],"wp:term":[{"taxonomy":"category","embeddable":true,"href":"https:\/\/www.ricom-web8.com\/gestions\/wp-json\/wp\/v2\/categories?post=15675"},{"taxonomy":"post_tag","embeddable":true,"href":"https:\/\/www.ricom-web8.com\/gestions\/wp-json\/wp\/v2\/tags?post=15675"}],"curies":[{"name":"wp","href":"https:\/\/api.w.org\/{rel}","templated":true}]}}