

{"id":15684,"date":"2014-05-01T00:00:00","date_gmt":"2014-04-30T22:00:00","guid":{"rendered":"http:\/\/ricom-web.com\/gestions-hospitalieres\/reforme-des-marches-publics\/"},"modified":"2018-03-07T16:30:43","modified_gmt":"2018-03-07T15:30:43","slug":"reforme-des-marches-publics","status":"publish","type":"post","link":"https:\/\/www.ricom-web8.com\/gestions\/reforme-des-marches-publics\/","title":{"rendered":"R\u00e9forme des march\u00e9s publics"},"content":{"rendered":"<span class=\"span-reading-time rt-reading-time\" style=\"display: block;\"><span class=\"rt-label rt-prefix\">Temps de lecture\u00a0: <\/span> <span class=\"rt-time\"> 5<\/span> <span class=\"rt-label rt-postfix\">minutes<\/span><\/span><p>La directive 2014\/24\/UE sur la passation des march\u00e9s publics<sup class=\"appel\" data-toggle=\"modal\" data-target=\"#notes\">(1)<\/sup> \u00e9dicte d\u00e9sormais six grandes proc\u00e9dures, sans pour autant en privil\u00e9gier certaines\u2009<sup class=\"appel\" data-toggle=\"modal\" data-target=\"#notes\">(2)<\/sup>, contrairement \u00e0 la directive de 2004<sup class=\"appel\" data-toggle=\"modal\" data-target=\"#notes\">(3)<\/sup>\u2009: proc\u00e9dures ouverte (article\u00a027), restreinte (article\u00a028), partenariat d\u2019innovation (article\u00a031), proc\u00e9dure concurrentielle avec n\u00e9gociation (article\u200929),\u00a0 de dialogue comp\u00e9titif (article\u200930), n\u00e9goci\u00e9e sans publication (article\u200932). Bien s\u00fbr n\u2019entrent pas dans les proc\u00e9dures les syst\u00e8mes d\u2019acquisition dynamiques, ni les ench\u00e8res \u00e9lectroniques qui sont des outils utilisables dans le cadre de proc\u00e9dures dans lesquelles il est possible de les appliquer.<\/p>\n<p>Chaque proc\u00e9dure s\u2019utilise selon des cas pr\u00e9vus \u00e0 l\u2019article 26 de ladite directive. D\u00e9sormais, hormis les proc\u00e9dures ouvertes et restreintes, ces proc\u00e9dures int\u00e8grent la n\u00e9gociation dans leur d\u00e9roulement. Ainsi, le partenariat d\u2019innovation permet \u00e0 tout pouvoir adjudicateur de r\u00e9aliser des march\u00e9s de recherche et de d\u00e9veloppement ou l\u2019acquisition de produits, services ou travaux. Ce partenariat, qui regroupe \u00e0 la fois une proc\u00e9dure et un mode d\u2019ex\u00e9cution contractuel, repose sur une n\u00e9gociation apr\u00e8s avoir s\u00e9lectionn\u00e9 des candidats qui ont remis une offre initiale. La n\u00e9gociation avec d\u2019\u00e9ventuelles offres interm\u00e9diaires permet aux pouvoirs adjudicateurs de choisir parmi les offres finales la plus attrayante au niveau du rapport qualit\u00e9\/prix. En la mati\u00e8re, de tels partenariats concernent en principe l\u2019\u00c9tat, les agences r\u00e9gionales de sant\u00e9 (ARS), les centres hospitaliers universitaires (CHU), les groupements de coop\u00e9ration sanitaire (GCS), les groupements d\u2019int\u00e9r\u00eat public (GIP), les communaut\u00e9s de territoires ou les groupements de commandes du fait que de tels projets obligent \u00e0 disposer d\u2019un budget cons\u00e9quent ou mutualis\u00e9. D\u2019exp\u00e9rience, l\u2019innovation est souvent un passage oblig\u00e9 mais souvent co\u00fbteux pour r\u00e9pondre aux exigences des bonnes pratiques m\u00e9dicales et d\u2019accueil du patient dans le domaine hospitalier.<\/p>\n<blockquote><p>Le processus de n\u00e9gociations devient de plus en plus important pour favoriser une optimisation des achats en tenant compte de l\u2019offre \u00e9conomiquement la plus avantageuse et non plus sur le seul crit\u00e8re du prix.<\/p><\/blockquote>\n<p>De son c\u00f4t\u00e9, la proc\u00e9dure concurrentielle avec n\u00e9gociation, qui remplace pour partie l\u2019ancienne proc\u00e9dure n\u00e9goci\u00e9e avec publication, s\u2019appuie aussi sur un processus de n\u00e9gociations. Dans le cadre de cette proc\u00e9dure, la n\u00e9gociation intervient apr\u00e8s s\u00e9lection des candidats et remise de leur offre initiale. Ces n\u00e9gociations pourront donner lieu \u00e0 des offres ult\u00e9rieures. Toutefois, d\u00e8s que le pouvoir adjudicateur se sera fait remettre une offre finale, plus aucune n\u00e9gociation ne pourra avoir lieu. Ces n\u00e9gociations s\u2019effectueront dans le respect des besoins minimums exprim\u00e9s par le pouvoir adjudicateur. L\u2019attribution s\u2019effectue selon le crit\u00e8re de l\u2019offre \u00e9conomiquement la plus avantageuse (art.\u200966 \u00e0 69). Toutefois, il est possible au pouvoir adjudicateur s\u2019il le pr\u00e9cise dans les documents du march\u00e9 de ne retenir qu\u2019une offre initiale sans ouvrir de n\u00e9gociations. Cette possibilit\u00e9 permet, si une offre convient, de ne pas engager de n\u00e9gociations. Si elle est utilis\u00e9e, cette possibilit\u00e9 pr\u00e9sente des risques de non-optimisation.<\/p>\n<p>En ce qui concerne le dialogue comp\u00e9titif, qui a toujours vocation \u00e0 d\u00e9finir la solution recherch\u00e9e, il devient applicable dans un cadre plus \u00e9largi correspondant \u00e0 celui de la proc\u00e9dure concurrentielle. La directive instaure en plus des discussions sur tous les aspects du march\u00e9 au cours du dialogue, comme cela est pr\u00e9vu depuis la directive de 2004, des n\u00e9gociations \u00e0 l\u2019issue du choix. Cette n\u00e9gociation a pour vocation d\u2019affiner l\u2019offre finale et de s\u00e9curiser le projet dans le respect des documents du march\u00e9 sans modifier de fa\u00e7on essentielle le contenu de l\u2019offre, et ce afin que le march\u00e9 contienne tous les \u00e9l\u00e9ments n\u00e9cessaires \u00e0 la r\u00e9ussite du projet.<\/p>\n<p>La directive laisse le choix dans les cas d\u2019application entre la proc\u00e9dure concurrentielle avec n\u00e9gociation et le dialogue comp\u00e9titif d\u00e8s lors que le projet entre dans les cas d\u2019application desdites proc\u00e9dures. De son c\u00f4t\u00e9, la proc\u00e9dure de march\u00e9 n\u00e9goci\u00e9e sans concurrence reste sensiblement la m\u00eame au niveau des cas. De plus, la directive valorise l\u2019accord-cadre dans le cadre d\u2019un article sp\u00e9cifique qui lui est consacr\u00e9 (art.\u200933). Optionnel en 2004, l\u2019accord-cadre se trouve applicable si le pouvoir adjudicateur le d\u00e9sire dans le cadre de toute la proc\u00e9dure. \u00c0 titre de rappel, le march\u00e9 \u00e0 bons de commandes est un type d\u2019accord-cadre sans modification possible. Dans un souci d\u2019harmonisation, les candidats vont pouvoir effectuer leur demande de participation \u00e0 une consultation au moyen d\u2019un document unique dit \u00ab\u2009document unique de march\u00e9 europ\u00e9en\u2009\u00bb (Dume) qui sera un document d\u00e9claratif \u00e0 transmettre uniquement par voie \u00e9lectronique (art.\u200959). Ce document sera \u00e9tabli par la commission.<\/p>\n<h1>N\u00e9gociation<\/h1>\n<p>La n\u00e9gociation entre au c\u0153ur des proc\u00e9dures et rend d\u00e9sormais les proc\u00e9dures ouvertes et restreintes applicables presque par d\u00e9faut. Les pratiques et le management des achats vont s\u2019en trouver transform\u00e9s. En effet, la n\u00e9gociation est un processus complexe qui ne repose pas sur l\u2019obtention d\u2019un prix bas, mais qui a pour objectif de rechercher notamment un juste \u00e9quilibre entre :<\/p>\n<ul>\n<li>le juste besoin,<\/li>\n<li>la juste qualit\u00e9,<\/li>\n<li>le juste co\u00fbt, voire prix, dans le cadre du budget attribu\u00e9.<\/li>\n<\/ul>\n<p>La transposition de cette nouvelle directive va entra\u00eener des modifications du code des march\u00e9s publics ainsi que de l\u2019ordonnance de 2005\u2009<sup class=\"appel\" data-toggle=\"modal\" data-target=\"#notes\">(4)<\/sup> et de son d\u00e9cret d\u2019application\u2009<sup class=\"appel\" data-toggle=\"modal\" data-target=\"#notes\">(5)<\/sup>. En effet, les proc\u00e9dures, d\u00e8s leur transposition en droit fran\u00e7ais, vont n\u00e9cessiter une compr\u00e9hension pr\u00e9alable dans les \u00e9tablissements, puis un apprentissage pour appr\u00e9hender l\u2019\u00e9change, l\u2019\u00e9coute, la n\u00e9gociation multi-\u00e9l\u00e9ments.<\/p>\n<p>La notion de n\u00e9gociations multi-\u00e9l\u00e9ments\/multicrit\u00e8res n\u2019est pas r\u00e9ellement d\u00e9finie dans la directive. Les pouvoirs publics fran\u00e7ais devraient pr\u00e9ciser cette notion dans leur transposition en droit fran\u00e7ais ou dans une nouvelle version du <em>Guide des bonnes pratiques des march\u00e9s publics<\/em>\u2009<sup class=\"appel\" data-toggle=\"modal\" data-target=\"#notes\">(6)<\/sup> pour pr\u00e9server un juste \u00e9quilibre entre acheteur et vendeur.<\/p>\n<p>Le prix n\u2019est pas au centre des n\u00e9gociations. Mais c\u2019est bien la recherche de l\u2019offre \u00e9conomiquement la plus avantageuse selon des crit\u00e8res d\u2019attribution qui est au c\u0153ur. La n\u00e9gociation se doit d\u2019\u00eatre multi-axes \u00e0 la recherche d\u2019un point d\u2019\u00e9quilibre. La n\u00e9gociation permet d\u2019expliciter plus avant les besoins, de discuter des solutions propos\u00e9es, d\u2019assumer la r\u00e9alit\u00e9 de l\u2019offre, de r\u00e9ussir \u00e0 ma\u00eetriser les prix et les co\u00fbts globaux\u2026 Mais aussi il s\u2019av\u00e8re important de v\u00e9rifier si les prix annonc\u00e9s couvrent bien la r\u00e9alit\u00e9 de l\u2019offre. Parfois, des prix attractifs cachent des manques, des sous-dimensionnements de produits, services ou travaux objets du besoin.<\/p>\n<p>Pour une meilleure optimisation, il faut bien comprendre que la n\u00e9gociation ne peut \u00eatre un affrontement mais bien une recherche d\u2019un juste \u00e9quilibre des relations contractuelles en dehors des clauses d\u2019int\u00e9r\u00eat g\u00e9n\u00e9ral ainsi que du respect des besoins minimums et des crit\u00e8res d\u2019attribution. La n\u00e9gociation ne peut s\u2019effectuer uniquement au niveau des acheteurs et\/ou des bureaux de march\u00e9s. Les services destinataires des achats comme le service pilote du projet, le service financier\u2026 se doivent de participer en fonction des montants du projet. N\u00e9anmoins, l\u2019important n\u2019est pas la r\u00e9ussite de la proc\u00e9dure mais bien la r\u00e9ussite du projet r\u00e9sultant d\u2019une proc\u00e9dure r\u00e9ussie.<\/p>\n<p>Ainsi, le r\u00e9dacteur du march\u00e9 va devoir, lors de la r\u00e9daction du CCTP, du programme fonctionnel ou du projet partiellement d\u00e9fini, bien identifier les besoins minimums tout en cherchant dans le cadre d\u2019une veille pr\u00e9alable \u00e0 savoir notamment :<\/p>\n<ul>\n<li>pour les produits et\/ou les services, le niveau de disponibilit\u00e9 des fonctionnalit\u00e9s ou de services,<\/li>\n<li>pour les ouvrages, le choix de techniques de construction ou de types de mat\u00e9riaux,<\/li>\n<\/ul>\n<p>et ce dans le respect du besoin minimal. Cette technique d\u2019achat va ainsi modifier la d\u00e9marche d\u2019achat et donc de son management.<\/p>\n<h1>Les crit\u00e8res d\u2019attribution<\/h1>\n<p>Contrairement \u00e0 la directive de 2004 qui privil\u00e9gie l\u2019offre la plus basse financi\u00e8rement, dans le cadre d\u2019un seul article de quelques paragraphes, la directive de 2014 instaure comme r\u00e8gle de choix l\u2019attribution \u00e0 l\u2019offre \u00e9conomiquement la plus avantageuse avec des d\u00e9clinaisons possibles selon les types de proc\u00e9dure au travers de trois articles de taille cons\u00e9quente.<\/p>\n<p>Ainsi, en fonction des proc\u00e9dures, le p\u00e9rim\u00e8tre des crit\u00e8res d\u2019attribution est plus ou moins large (<em>tableaux 1 et 2<\/em>)\u2009:<\/p>\n<ul>\n<li>la proc\u00e9dure ouverte ou restreinte dispose du champ d\u2019application de crit\u00e8res maximums, \u00e0 savoir l\u2019offre \u00e9conomiquement la plus avantageuse telle que sp\u00e9cifi\u00e9e aux articles\u00a066 \u00e0 69 de la directive de 2014\u2009;<\/li>\n<li>la proc\u00e9dure concurrentielle avec n\u00e9gociation applique le m\u00eame champ d\u2019application de crit\u00e8res maximums que la proc\u00e9dure ouverte ou restreinte (articles 66 \u00e0 69 de la directive)\u2009;<\/li>\n<li>le partenariat d\u2019innovation s\u2019attribue selon un champ d\u2019application de crit\u00e8res plus restreints, \u00e0 savoir le meilleur rapport qualit\u00e9\/prix avec la pleine utilisation des dispositions de l\u2019article 67 de la directive\u2009;<\/li>\n<li>la proc\u00e9dure de dialogue comp\u00e9titif repose sur un champ d\u2019application de crit\u00e8res restreints, \u00e0 savoir le meilleur rapport qualit\u00e9\/prix limit\u00e9 au paragraphe 2 de l\u2019article 67 de la directive.<\/li>\n<\/ul>\n<button data-toggle=\"collapse\" data-target=\"#enc_2014_266_01\">tableau 1<\/button><div id=\"enc_2014_266_01\" class=\"encadre collapse\"><p><span class=\"surtitre_enc\">tableau 1<\/span><\/p>\n<h2>Proc\u00e9dure pour pouvoir adjudicataire<\/h2>\n<p><img decoding=\"async\" class=\"alignnone size-full wp-image-22975\" src=\"https:\/\/gestions-hospitalieres.fr\/wp-content\/uploads\/ill_2014_265_01.png\" alt=\"ill_2014_265_01\" width=\"600\" height=\"434\" srcset=\"https:\/\/www.ricom-web8.com\/gestions\/wp-content\/uploads\/ill_2014_265_01.png 600w, https:\/\/www.ricom-web8.com\/gestions\/wp-content\/uploads\/ill_2014_265_01-300x217.png 300w\" sizes=\"(max-width: 600px) 100vw, 600px\" \/><\/p>\n<p>&nbsp;<\/p>\n<p><em>*Due \u00e0 une catastrophe technologique ou naturelle ou \u00e0 une ex\u00e9cution d\u2019office, en urgence, des travaux r\u00e9alis\u00e9s par des pouvoirs adjudicateurs (art. L. 1311-4, L. 1331-24, L. 1331-26-1, L. 1331-28, L. 1331-29 et L. 1334-2 du CSP et art.L. 123-3, L. 129-2, L. 129-3, L. 511-2 et L. 511-3 du code de la construction et de l\u2019habitation).<\/em><\/p>\n<\/div>\n<button data-toggle=\"collapse\" data-target=\"#enc_2014_266_02\">tableau 2<\/button><div id=\"enc_2014_266_02\" class=\"encadre collapse\"><h1>tableau 2<\/h1>\n<h2>Crit\u00e8res d\u2019attribution (d\u00e9tails)<\/h2>\n<p><img decoding=\"async\" class=\"alignnone size-full wp-image-22971\" src=\"https:\/\/gestions-hospitalieres.fr\/wp-content\/uploads\/ill_2014_265_02.png\" alt=\"ill_2014_265_02\" width=\"600\" height=\"312\" srcset=\"https:\/\/www.ricom-web8.com\/gestions\/wp-content\/uploads\/ill_2014_265_02.png 600w, https:\/\/www.ricom-web8.com\/gestions\/wp-content\/uploads\/ill_2014_265_02-300x156.png 300w\" sizes=\"(max-width: 600px) 100vw, 600px\" \/><\/p>\n<\/div>\n<h1>Conclusion<\/h1>\n<p>Plusieurs \u00e9tapes de transposition sont pr\u00e9vues par les pouvoirs publics fran\u00e7ais\u2009: d\u2019abord, une transposition initiale concernant une nouvelle proc\u00e9dure dite \u00ab\u2009partenariat d\u2019innovation\u2009\u00bb pr\u00e9vue pour l\u2019\u00e9t\u00e9 2014\u2009; ensuite une partie l\u00e9gislative\u2009; enfin, d\u2019ici deux ans, cette partie l\u00e9gislative sera compl\u00e9t\u00e9e par une partie r\u00e9glementaire. La nouvelle directive, d\u00e8s qu\u2019elle sera transpos\u00e9e, va amener \u00e0 modifier fortement les pratiques d\u2019achat et donc des orientations de management au niveau strat\u00e9gie d\u2019achat. La n\u00e9gociation n\u2019a pas pour vocation d\u2019\u00e9trangler les candidats mais d\u2019obtenir un produit, un service ou les travaux \u00e0 un niveau de besoins suffisants dans un d\u00e9lai op\u00e9rationnel pour un juste prix avec un niveau de ma\u00eetrise des risques.<\/p>\n<script>function PlayerjsAsync(){} if(window[\"Playerjs\"]){PlayerjsAsync();}<\/script>","protected":false},"excerpt":{"rendered":"<p>Les march\u00e9s publics ont fait l\u2019objet de travaux europ\u00e9ens aboutissant \u00e0 une nouvelle directive (2014\/24\/UE). Ce texte va engendrer, d\u00e8s sa transposition en droit fran\u00e7ais, des transformations au niveau des pratiques et du management en mati\u00e8re d\u2019achat et de passation des march\u00e9s. Les proc\u00e9dures \u00e9voluent pour prendre en compte les d\u00e9cisions de la Cour de justice de l\u2019Union europ\u00e9enne ainsi que pour r\u00e9pondre aux demandes \u00e9manant des divers pays de l\u2019UE, notamment une volont\u00e9 d\u2019introduire plus de n\u00e9gociations. Ainsi, l\u2019appel d\u2019offres ouvert ou restreint devient accessoire, sauf pour des achats notamment de produits, voire services courants (\u00ab\u2009sur \u00e9tag\u00e8re\u2009\u00bb) ou des ouvrages dont la construction respecte l\u2019\u00e9tat de l\u2019art et l\u2019\u00e9tat de la technique et pour lesquels il n\u2019est point demand\u00e9 d\u2019innovation en mati\u00e8re de construction. Le processus de n\u00e9gociations devient de plus en plus important pour favoriser une optimisation des achats en tenant compte de l\u2019offre \u00e9conomiquement la plus avantageuse et non plus sur le seul crit\u00e8re prix. Cette nouvelle directive devrait \u00eatre transpos\u00e9e d\u2019ici deux ans.<\/p>\n","protected":false},"author":1202,"featured_media":0,"comment_status":"closed","ping_status":"open","sticky":false,"template":"","format":"standard","meta":{"_acf_changed":false,"_relevanssi_hide_post":"","_relevanssi_hide_content":"","_relevanssi_pin_for_all":"","_relevanssi_pin_keywords":"","_relevanssi_unpin_keywords":"","_relevanssi_related_keywords":"","_relevanssi_related_include_ids":"","_relevanssi_related_exclude_ids":"","_relevanssi_related_no_append":"","_relevanssi_related_not_related":"","_relevanssi_related_posts":"","_relevanssi_noindex_reason":"","footnotes":""},"categories":[3,2],"tags":[1648,1645,1644,54,1647,1646],"class_list":["post-15684","post","type-post","status-publish","format-standard","hentry","category-experience","category-gestions-hospitalieres","tag-dialogue-competitif","tag-directive-2014","tag-marches-publics","tag-partenariat","tag-procedure-ouverte","tag-procedure-restreinte"],"acf":[],"yoast_head":"<!-- This site is optimized with the Yoast SEO plugin v24.8.1 - https:\/\/yoast.com\/wordpress\/plugins\/seo\/ -->\n<title>R\u00e9forme des march\u00e9s publics - Gestions hospitali\u00e8res<\/title>\n<meta name=\"robots\" content=\"index, follow, max-snippet:-1, max-image-preview:large, max-video-preview:-1\" \/>\n<link rel=\"canonical\" href=\"https:\/\/www.ricom-web8.com\/gestions\/reforme-des-marches-publics\/\" \/>\n<meta property=\"og:locale\" content=\"fr_FR\" \/>\n<meta property=\"og:type\" content=\"article\" \/>\n<meta property=\"og:title\" content=\"R\u00e9forme des march\u00e9s publics - Gestions hospitali\u00e8res\" \/>\n<meta property=\"og:description\" content=\"Les march\u00e9s publics ont fait l\u2019objet de travaux europ\u00e9ens aboutissant \u00e0 une nouvelle directive (2014\/24\/UE). Ce texte va engendrer, d\u00e8s sa transposition en droit fran\u00e7ais, des transformations au niveau des pratiques et du management en mati\u00e8re d\u2019achat et de passation des march\u00e9s. Les proc\u00e9dures \u00e9voluent pour prendre en compte les d\u00e9cisions de la Cour de justice de l\u2019Union europ\u00e9enne ainsi que pour r\u00e9pondre aux demandes \u00e9manant des divers pays de l\u2019UE, notamment une volont\u00e9 d\u2019introduire plus de n\u00e9gociations. Ainsi, l\u2019appel d\u2019offres ouvert ou restreint devient accessoire, sauf pour des achats notamment de produits, voire services courants (\u00ab\u2009sur \u00e9tag\u00e8re\u2009\u00bb) ou des ouvrages dont la construction respecte l\u2019\u00e9tat de l\u2019art et l\u2019\u00e9tat de la technique et pour lesquels il n\u2019est point demand\u00e9 d\u2019innovation en mati\u00e8re de construction. Le processus de n\u00e9gociations devient de plus en plus important pour favoriser une optimisation des achats en tenant compte de l\u2019offre \u00e9conomiquement la plus avantageuse et non plus sur le seul crit\u00e8re prix. Cette nouvelle directive devrait \u00eatre transpos\u00e9e d\u2019ici deux ans.\" \/>\n<meta property=\"og:url\" content=\"https:\/\/www.ricom-web8.com\/gestions\/reforme-des-marches-publics\/\" \/>\n<meta property=\"og:site_name\" content=\"Gestions hospitali\u00e8res\" \/>\n<meta property=\"article:publisher\" content=\"https:\/\/www.facebook.com\/gestionshospitalieres\/\" \/>\n<meta property=\"article:published_time\" content=\"2014-04-30T22:00:00+00:00\" \/>\n<meta property=\"article:modified_time\" content=\"2018-03-07T15:30:43+00:00\" \/>\n<meta name=\"author\" content=\"yann Le Sager\" \/>\n<meta name=\"twitter:card\" content=\"summary_large_image\" \/>\n<meta name=\"twitter:creator\" content=\"@revue_GH\" \/>\n<meta name=\"twitter:site\" content=\"@revue_GH\" \/>\n<meta name=\"twitter:label1\" content=\"\u00c9crit par\" \/>\n\t<meta name=\"twitter:data1\" content=\"yann Le Sager\" \/>\n\t<meta name=\"twitter:label2\" content=\"Dur\u00e9e de lecture estim\u00e9e\" \/>\n\t<meta name=\"twitter:data2\" content=\"9 minutes\" \/>\n<script type=\"application\/ld+json\" class=\"yoast-schema-graph\">{\"@context\":\"https:\/\/schema.org\",\"@graph\":[{\"@type\":\"Article\",\"@id\":\"https:\/\/www.ricom-web8.com\/gestions\/reforme-des-marches-publics\/#article\",\"isPartOf\":{\"@id\":\"https:\/\/www.ricom-web8.com\/gestions\/reforme-des-marches-publics\/\"},\"author\":{\"name\":\"yann Le Sager\",\"@id\":\"https:\/\/www.ricom-web8.com\/gestions\/#\/schema\/person\/810c9671279c5f5a094f6f0a42237516\"},\"headline\":\"R\u00e9forme des march\u00e9s publics\",\"datePublished\":\"2014-04-30T22:00:00+00:00\",\"dateModified\":\"2018-03-07T15:30:43+00:00\",\"mainEntityOfPage\":{\"@id\":\"https:\/\/www.ricom-web8.com\/gestions\/reforme-des-marches-publics\/\"},\"wordCount\":1751,\"publisher\":{\"@id\":\"https:\/\/www.ricom-web8.com\/gestions\/#organization\"},\"keywords\":[\"dialogue comp\u00e9titif\",\"directive 2014\",\"march\u00e9s publics\",\"partenariat\",\"proc\u00e9dure ouverte\",\"proc\u00e9dure restreinte\"],\"articleSection\":[\"exp\u00e9rience\",\"Gestions Hospitali\u00e8res\"],\"inLanguage\":\"fr-FR\"},{\"@type\":\"WebPage\",\"@id\":\"https:\/\/www.ricom-web8.com\/gestions\/reforme-des-marches-publics\/\",\"url\":\"https:\/\/www.ricom-web8.com\/gestions\/reforme-des-marches-publics\/\",\"name\":\"R\u00e9forme des march\u00e9s publics - Gestions hospitali\u00e8res\",\"isPartOf\":{\"@id\":\"https:\/\/www.ricom-web8.com\/gestions\/#website\"},\"datePublished\":\"2014-04-30T22:00:00+00:00\",\"dateModified\":\"2018-03-07T15:30:43+00:00\",\"breadcrumb\":{\"@id\":\"https:\/\/www.ricom-web8.com\/gestions\/reforme-des-marches-publics\/#breadcrumb\"},\"inLanguage\":\"fr-FR\",\"potentialAction\":[{\"@type\":\"ReadAction\",\"target\":[\"https:\/\/www.ricom-web8.com\/gestions\/reforme-des-marches-publics\/\"]}]},{\"@type\":\"BreadcrumbList\",\"@id\":\"https:\/\/www.ricom-web8.com\/gestions\/reforme-des-marches-publics\/#breadcrumb\",\"itemListElement\":[{\"@type\":\"ListItem\",\"position\":1,\"name\":\"Accueil\",\"item\":\"https:\/\/www.ricom-web8.com\/gestions\/\"},{\"@type\":\"ListItem\",\"position\":2,\"name\":\"R\u00e9forme des march\u00e9s publics\"}]},{\"@type\":\"WebSite\",\"@id\":\"https:\/\/www.ricom-web8.com\/gestions\/#website\",\"url\":\"https:\/\/www.ricom-web8.com\/gestions\/\",\"name\":\"Gestions hospitali\u00e8res\",\"description\":\"la revue des d\u00e9cideurs hospitaliers\",\"publisher\":{\"@id\":\"https:\/\/www.ricom-web8.com\/gestions\/#organization\"},\"potentialAction\":[{\"@type\":\"SearchAction\",\"target\":{\"@type\":\"EntryPoint\",\"urlTemplate\":\"https:\/\/www.ricom-web8.com\/gestions\/?s={search_term_string}\"},\"query-input\":{\"@type\":\"PropertyValueSpecification\",\"valueRequired\":true,\"valueName\":\"search_term_string\"}}],\"inLanguage\":\"fr-FR\"},{\"@type\":\"Organization\",\"@id\":\"https:\/\/www.ricom-web8.com\/gestions\/#organization\",\"name\":\"Gestions hospitali\u00e8res\",\"url\":\"https:\/\/www.ricom-web8.com\/gestions\/\",\"logo\":{\"@type\":\"ImageObject\",\"inLanguage\":\"fr-FR\",\"@id\":\"https:\/\/www.ricom-web8.com\/gestions\/#\/schema\/logo\/image\/\",\"url\":\"https:\/\/gestions-hospitalieres.fr\/wp-content\/uploads\/2017\/02\/picto_Gif-GH-trans.png\",\"contentUrl\":\"https:\/\/gestions-hospitalieres.fr\/wp-content\/uploads\/2017\/02\/picto_Gif-GH-trans.png\",\"width\":512,\"height\":512,\"caption\":\"Gestions hospitali\u00e8res\"},\"image\":{\"@id\":\"https:\/\/www.ricom-web8.com\/gestions\/#\/schema\/logo\/image\/\"},\"sameAs\":[\"https:\/\/www.facebook.com\/gestionshospitalieres\/\",\"https:\/\/x.com\/revue_GH\",\"https:\/\/www.linkedin.com\/company\/gestions-hospitalieres?trk=top_nav_home\"]},{\"@type\":\"Person\",\"@id\":\"https:\/\/www.ricom-web8.com\/gestions\/#\/schema\/person\/810c9671279c5f5a094f6f0a42237516\",\"name\":\"yann Le Sager\",\"image\":{\"@type\":\"ImageObject\",\"inLanguage\":\"fr-FR\",\"@id\":\"https:\/\/www.ricom-web8.com\/gestions\/#\/schema\/person\/image\/\",\"url\":\"https:\/\/secure.gravatar.com\/avatar\/36112fa5997be9e3b9acb0c60a4a1075?s=96&d=mm&r=g\",\"contentUrl\":\"https:\/\/secure.gravatar.com\/avatar\/36112fa5997be9e3b9acb0c60a4a1075?s=96&d=mm&r=g\",\"caption\":\"yann Le Sager\"},\"url\":\"https:\/\/www.ricom-web8.com\/gestions\/author\/lesager-yannstudioricom-com\/\"}]}<\/script>\n<!-- \/ Yoast SEO plugin. -->","yoast_head_json":{"title":"R\u00e9forme des march\u00e9s publics - Gestions hospitali\u00e8res","robots":{"index":"index","follow":"follow","max-snippet":"max-snippet:-1","max-image-preview":"max-image-preview:large","max-video-preview":"max-video-preview:-1"},"canonical":"https:\/\/www.ricom-web8.com\/gestions\/reforme-des-marches-publics\/","og_locale":"fr_FR","og_type":"article","og_title":"R\u00e9forme des march\u00e9s publics - Gestions hospitali\u00e8res","og_description":"Les march\u00e9s publics ont fait l\u2019objet de travaux europ\u00e9ens aboutissant \u00e0 une nouvelle directive (2014\/24\/UE). Ce texte va engendrer, d\u00e8s sa transposition en droit fran\u00e7ais, des transformations au niveau des pratiques et du management en mati\u00e8re d\u2019achat et de passation des march\u00e9s. Les proc\u00e9dures \u00e9voluent pour prendre en compte les d\u00e9cisions de la Cour de justice de l\u2019Union europ\u00e9enne ainsi que pour r\u00e9pondre aux demandes \u00e9manant des divers pays de l\u2019UE, notamment une volont\u00e9 d\u2019introduire plus de n\u00e9gociations. Ainsi, l\u2019appel d\u2019offres ouvert ou restreint devient accessoire, sauf pour des achats notamment de produits, voire services courants (\u00ab\u2009sur \u00e9tag\u00e8re\u2009\u00bb) ou des ouvrages dont la construction respecte l\u2019\u00e9tat de l\u2019art et l\u2019\u00e9tat de la technique et pour lesquels il n\u2019est point demand\u00e9 d\u2019innovation en mati\u00e8re de construction. Le processus de n\u00e9gociations devient de plus en plus important pour favoriser une optimisation des achats en tenant compte de l\u2019offre \u00e9conomiquement la plus avantageuse et non plus sur le seul crit\u00e8re prix. Cette nouvelle directive devrait \u00eatre transpos\u00e9e d\u2019ici deux ans.","og_url":"https:\/\/www.ricom-web8.com\/gestions\/reforme-des-marches-publics\/","og_site_name":"Gestions hospitali\u00e8res","article_publisher":"https:\/\/www.facebook.com\/gestionshospitalieres\/","article_published_time":"2014-04-30T22:00:00+00:00","article_modified_time":"2018-03-07T15:30:43+00:00","author":"yann Le Sager","twitter_card":"summary_large_image","twitter_creator":"@revue_GH","twitter_site":"@revue_GH","twitter_misc":{"\u00c9crit par":"yann Le Sager","Dur\u00e9e de lecture estim\u00e9e":"9 minutes"},"schema":{"@context":"https:\/\/schema.org","@graph":[{"@type":"Article","@id":"https:\/\/www.ricom-web8.com\/gestions\/reforme-des-marches-publics\/#article","isPartOf":{"@id":"https:\/\/www.ricom-web8.com\/gestions\/reforme-des-marches-publics\/"},"author":{"name":"yann Le Sager","@id":"https:\/\/www.ricom-web8.com\/gestions\/#\/schema\/person\/810c9671279c5f5a094f6f0a42237516"},"headline":"R\u00e9forme des march\u00e9s publics","datePublished":"2014-04-30T22:00:00+00:00","dateModified":"2018-03-07T15:30:43+00:00","mainEntityOfPage":{"@id":"https:\/\/www.ricom-web8.com\/gestions\/reforme-des-marches-publics\/"},"wordCount":1751,"publisher":{"@id":"https:\/\/www.ricom-web8.com\/gestions\/#organization"},"keywords":["dialogue comp\u00e9titif","directive 2014","march\u00e9s publics","partenariat","proc\u00e9dure ouverte","proc\u00e9dure restreinte"],"articleSection":["exp\u00e9rience","Gestions Hospitali\u00e8res"],"inLanguage":"fr-FR"},{"@type":"WebPage","@id":"https:\/\/www.ricom-web8.com\/gestions\/reforme-des-marches-publics\/","url":"https:\/\/www.ricom-web8.com\/gestions\/reforme-des-marches-publics\/","name":"R\u00e9forme des march\u00e9s publics - Gestions hospitali\u00e8res","isPartOf":{"@id":"https:\/\/www.ricom-web8.com\/gestions\/#website"},"datePublished":"2014-04-30T22:00:00+00:00","dateModified":"2018-03-07T15:30:43+00:00","breadcrumb":{"@id":"https:\/\/www.ricom-web8.com\/gestions\/reforme-des-marches-publics\/#breadcrumb"},"inLanguage":"fr-FR","potentialAction":[{"@type":"ReadAction","target":["https:\/\/www.ricom-web8.com\/gestions\/reforme-des-marches-publics\/"]}]},{"@type":"BreadcrumbList","@id":"https:\/\/www.ricom-web8.com\/gestions\/reforme-des-marches-publics\/#breadcrumb","itemListElement":[{"@type":"ListItem","position":1,"name":"Accueil","item":"https:\/\/www.ricom-web8.com\/gestions\/"},{"@type":"ListItem","position":2,"name":"R\u00e9forme des march\u00e9s publics"}]},{"@type":"WebSite","@id":"https:\/\/www.ricom-web8.com\/gestions\/#website","url":"https:\/\/www.ricom-web8.com\/gestions\/","name":"Gestions hospitali\u00e8res","description":"la revue des d\u00e9cideurs hospitaliers","publisher":{"@id":"https:\/\/www.ricom-web8.com\/gestions\/#organization"},"potentialAction":[{"@type":"SearchAction","target":{"@type":"EntryPoint","urlTemplate":"https:\/\/www.ricom-web8.com\/gestions\/?s={search_term_string}"},"query-input":{"@type":"PropertyValueSpecification","valueRequired":true,"valueName":"search_term_string"}}],"inLanguage":"fr-FR"},{"@type":"Organization","@id":"https:\/\/www.ricom-web8.com\/gestions\/#organization","name":"Gestions hospitali\u00e8res","url":"https:\/\/www.ricom-web8.com\/gestions\/","logo":{"@type":"ImageObject","inLanguage":"fr-FR","@id":"https:\/\/www.ricom-web8.com\/gestions\/#\/schema\/logo\/image\/","url":"https:\/\/gestions-hospitalieres.fr\/wp-content\/uploads\/2017\/02\/picto_Gif-GH-trans.png","contentUrl":"https:\/\/gestions-hospitalieres.fr\/wp-content\/uploads\/2017\/02\/picto_Gif-GH-trans.png","width":512,"height":512,"caption":"Gestions hospitali\u00e8res"},"image":{"@id":"https:\/\/www.ricom-web8.com\/gestions\/#\/schema\/logo\/image\/"},"sameAs":["https:\/\/www.facebook.com\/gestionshospitalieres\/","https:\/\/x.com\/revue_GH","https:\/\/www.linkedin.com\/company\/gestions-hospitalieres?trk=top_nav_home"]},{"@type":"Person","@id":"https:\/\/www.ricom-web8.com\/gestions\/#\/schema\/person\/810c9671279c5f5a094f6f0a42237516","name":"yann Le Sager","image":{"@type":"ImageObject","inLanguage":"fr-FR","@id":"https:\/\/www.ricom-web8.com\/gestions\/#\/schema\/person\/image\/","url":"https:\/\/secure.gravatar.com\/avatar\/36112fa5997be9e3b9acb0c60a4a1075?s=96&d=mm&r=g","contentUrl":"https:\/\/secure.gravatar.com\/avatar\/36112fa5997be9e3b9acb0c60a4a1075?s=96&d=mm&r=g","caption":"yann Le Sager"},"url":"https:\/\/www.ricom-web8.com\/gestions\/author\/lesager-yannstudioricom-com\/"}]}},"_links":{"self":[{"href":"https:\/\/www.ricom-web8.com\/gestions\/wp-json\/wp\/v2\/posts\/15684","targetHints":{"allow":["GET"]}}],"collection":[{"href":"https:\/\/www.ricom-web8.com\/gestions\/wp-json\/wp\/v2\/posts"}],"about":[{"href":"https:\/\/www.ricom-web8.com\/gestions\/wp-json\/wp\/v2\/types\/post"}],"author":[{"embeddable":true,"href":"https:\/\/www.ricom-web8.com\/gestions\/wp-json\/wp\/v2\/users\/1202"}],"replies":[{"embeddable":true,"href":"https:\/\/www.ricom-web8.com\/gestions\/wp-json\/wp\/v2\/comments?post=15684"}],"version-history":[{"count":0,"href":"https:\/\/www.ricom-web8.com\/gestions\/wp-json\/wp\/v2\/posts\/15684\/revisions"}],"wp:attachment":[{"href":"https:\/\/www.ricom-web8.com\/gestions\/wp-json\/wp\/v2\/media?parent=15684"}],"wp:term":[{"taxonomy":"category","embeddable":true,"href":"https:\/\/www.ricom-web8.com\/gestions\/wp-json\/wp\/v2\/categories?post=15684"},{"taxonomy":"post_tag","embeddable":true,"href":"https:\/\/www.ricom-web8.com\/gestions\/wp-json\/wp\/v2\/tags?post=15684"}],"curies":[{"name":"wp","href":"https:\/\/api.w.org\/{rel}","templated":true}]}}