

{"id":15692,"date":"2014-07-01T00:00:00","date_gmt":"2014-06-30T22:00:00","guid":{"rendered":"http:\/\/ricom-web.com\/gestions-hospitalieres\/le-diabete\/"},"modified":"2018-04-05T10:27:03","modified_gmt":"2018-04-05T08:27:03","slug":"le-diabete","status":"publish","type":"post","link":"https:\/\/www.ricom-web8.com\/gestions\/le-diabete\/","title":{"rendered":"Le diab\u00e8te"},"content":{"rendered":"<span class=\"span-reading-time rt-reading-time\" style=\"display: block;\"><span class=\"rt-label rt-prefix\">Temps de lecture\u00a0: <\/span> <span class=\"rt-time\"> 3<\/span> <span class=\"rt-label rt-postfix\">minutes<\/span><\/span><p>Pathologie connue depuis l\u2019Antiquit\u00e9 par certains de ses sympt\u00f4mes, le diab\u00e8te de type 1 est d\u00e9crit d\u00e8s 1550 av. J.-C. dans un papyrus m\u00e9dical \u00e9gyptien (le \u00ab<span style=\"font-family: 'Menlo Regular';\">\u2009<\/span>papyrus Esbers<span style=\"font-family: 'Menlo Regular';\">\u2009<\/span>\u00bb) sous les termes \u00ab<span style=\"font-family: 'Menlo Regular';\">\u2009<\/span>urines tr\u00e8s abondantes<span style=\"font-family: 'Menlo Regular';\">\u2009<\/span>\u00bb<span style=\"font-family: 'Menlo Regular';\">\u2009<\/span>; on parlera plus tard d\u2019\u00ab\u00a0urines de miel<span style=\"font-family: 'Menlo Regular';\">\u2009<\/span>\u00bb. L\u2019anthropologue Fran\u00e7oise H\u00e9ritier rappelle en introduction de cet ouvrage collectif que les cons\u00e9quences de cette maladie ne sont pas si bien d\u00e9crites dans les documents anciens<span style=\"font-family: 'Menlo Regular';\">\u2009<\/span>: comas, maladies cardiovasculaires, c\u00e9cit\u00e9, gangr\u00e8ne, autant de maladies autonomes, non li\u00e9es au diab\u00e8te dans les textes historiques. Cette pathologie est invisible, \u00e9volutive et indolore.<\/p>\n<p class=\"MsoNormal\">Elle observe que sur les squelettes de pr\u00e9n\u00e9andertaliens (il y a environ 100\u00a0000\u00a0ans), on ne retrouve aucune trace de tuberculose osseuse, pas de stigmate de maladies de la nutrition, pas de caries, une haute stature des deux sexes, pas de cancers osseux primitifs\u2026 Ces traits appara\u00eetront apr\u00e8s le n\u00e9olithique, c\u2019est-\u00e0-dire apr\u00e8s l\u2019apparition de l\u2019agriculture. La th\u00e8se de Fran\u00e7oise H\u00e9ritier pointe l\u2019importance de l\u2019humanisation de l\u2019alimentation dans le processus d\u2019hominisation et le fait que les diff\u00e9renciations sociales dans l\u2019alimentation pourraient bien \u00eatre \u00e0 l\u2019origine de l\u2019incorporation dans les g\u00e8nes de diff\u00e9renciations entre les sexes li\u00e9es \u00e0 des pratiques sociales conduisant \u00e0 des \u00e9carts de taille, de poids, de musculation\u2026 , que l\u2019on a plut\u00f4t l\u2019habitude d\u2019imputer comme \u00e9l\u00e9ments g\u00e9n\u00e9tiquement pr\u00e9existants. Cette introduction anthropologique met en sc\u00e8ne la maladie chronique comme fait social majeur.<\/p>\n<p class=\"MsoNormal\">Ce panorama du diab\u00e8te propos\u00e9 par vingt-deux auteurs de positions tr\u00e8s diff\u00e9rentes dans le syst\u00e8me de soins met en lumi\u00e8re le mod\u00e8le que repr\u00e9sente le diab\u00e8te pour un \u00ab<span style=\"font-family: 'Menlo Regular';\">\u2009<\/span>vivre avec<span style=\"font-family: 'Menlo Regular';\">\u2009<\/span>\u00bb et les cons\u00e9quences de tout l\u2019\u00e9tayage technique, humain et organisationnel requis pour un accompagnement dans une vis\u00e9e pr\u00e9ventive. C\u2019est une approche individualis\u00e9e de la pr\u00e9vention sur les registres glyc\u00e9miques, lipidiques et tensionnels<span style=\"font-family: 'Menlo Regular';\">\u2009<\/span>; les recommandations des agences nationales et internationales servent de rep\u00e8res \u00e0 adapter au cas par cas. C\u2019est une m\u00e9decine de haute comp\u00e9tence multidimensionnelle dans l\u2019appr\u00e9ciation de la situation personnelle du patient alors que le mot \u00ab<span style=\"font-family: 'Menlo Regular';\">\u2009<\/span>pr\u00e9vention<span style=\"font-family: 'Menlo Regular';\">\u2009<\/span>\u00bb renvoie plus souvent \u00e0 une image populationnelle de messages m\u00e9diatiques g\u00e9n\u00e9raux.<\/p>\n<p class=\"MsoNormal\">Jusqu\u2019en 1999 les politiques de sant\u00e9 ont \u00e9t\u00e9 focalis\u00e9es sur la phase aigu\u00eb de la maladie, donc strictement m\u00e9dicalis\u00e9e. Le plan Diab\u00e8te de Bernard Kouchner en 2002 pr\u00e9cisera une nouvelle politique ax\u00e9e sur la pr\u00e9vention, le d\u00e9pistage, l\u2019organisation des soins, le d\u00e9veloppement de l\u2019\u00e9ducation th\u00e9rapeutique et les besoins de connaissances \u00e9pid\u00e9miologiques. L\u2019\u00e9ducation th\u00e9rapeutique prend le pas sur l\u2019\u00e9ducation pour la sant\u00e9, entendue comme \u00ab<span style=\"font-family: 'Menlo Regular';\">\u2009<\/span> <em>[\u2026] un processus de renforcement des capacit\u00e9s du malade et\/ou de son entourage \u00e0 prendre en charge l\u2019affection qui le touche, sur la base d\u2019actions int\u00e9gr\u00e9es au projet de soins [\u2026]<\/em><span style=\"font-family: 'Menlo Regular';\">\u2009<\/span>\u00bb (Christian Saout). Le patient qui prend en charge son parcours de soin gr\u00e2ce aux comp\u00e9tences acquises par l\u2019\u00e9ducation th\u00e9rapeutique est une conception qui heurte de front le mod\u00e8le m\u00e9dical dominant o\u00f9 le patient est pris en charge par les professionnels de sant\u00e9.<\/p>\n<p class=\"MsoNormal\">La mise en \u0153uvre des programmes aff\u00e9rents touche trois cat\u00e9gories d\u2019acteurs que les textes reconnaissent<span style=\"font-family: 'Menlo Regular';\">\u2009<\/span>: les professionnels de sant\u00e9, l\u2019entourage du patient et les associations, puis les industriels du m\u00e9dicament. Et il faut bien cette congruence d\u2019acteurs pour assurer la mise en \u0153uvre et le financement des trois cat\u00e9gories de programmes et d\u2019actions pr\u00e9vus par la loi qui mettent en jeu chacun d\u2019entre eux<span style=\"font-family: 'Menlo Regular';\">\u2009<\/span>: les professionnels de sant\u00e9 pour les programmes d\u2018\u00e9ducation th\u00e9rapeutique, les associations de patients pour les actions d\u2019accompagnement, les laboratoires pharmaceutiques pour les programmes d\u2019apprentissage. Cet \u00e9nonc\u00e9 simple ne refl\u00e8te pas les lignes de partage. Car selon qu\u2019ils sont ou non impliqu\u00e9s \u00e0 plusieurs niveaux en tant que professionnels aupr\u00e8s d\u2019un patient ou qu\u2019experts aupr\u00e8s d\u2019un industriel, ou que, pour leur coordination autour d\u2019un patient, des circulations d\u2019informations sont n\u00e9cessaires, se pose alors la question des r\u00e8gles de confidentialit\u00e9 et des conflits d\u2019int\u00e9r\u00eats.<\/p>\n<p class=\"MsoNormal\">Derri\u00e8re cette maladie et l\u2019organisation de sa prise en charge aujourd\u2019hui, ce sont des questions g\u00e9n\u00e9rales qui sont pos\u00e9es au syst\u00e8me de sant\u00e9. Comment passer du soin \u00e0 une personne, dans une relation face \u00e0 face unique, \u00e0 une organisation territoriale de soins individualis\u00e9s qui associe des professionnels de sant\u00e9 et des professionnels d\u2019autres comp\u00e9tences qui ne rel\u00e8vent pas des m\u00eames d\u00e9ontologies, voire d\u2019aucune d\u00e9ontologie<span style=\"font-family: 'Menlo Regular';\">\u2009<\/span>? Le mot \u00ab<span style=\"font-family: 'Menlo Regular';\">\u2009<\/span>territorialisation<span style=\"font-family: 'Menlo Regular';\">\u2009<\/span>\u00bb d\u2019une offre de soins coordonn\u00e9e sous-entend une logistique, des moyens financiers, des partenariats entre acteurs de niveaux tr\u00e8s diff\u00e9rents et surtout un arbitre au service du patient et ind\u00e9pendant de tous les corps professionnels.<\/p>\n<p class=\"MsoNormal\">Ce qui est en perspective, c\u2019est un nouveau mode de r\u00e9gulation des rapports entre professionnels. C\u2019est la complexit\u00e9 d\u2019une construction du patient concepteur de son parcours de sant\u00e9<span style=\"font-family: 'Menlo Regular';\">\u2009<\/span>; autrement dit d\u2019un syst\u00e8me de sant\u00e9 con\u00e7u \u00e0 partir du patient et non centr\u00e9 sur l\u2019offre de soins. Ainsi lu, cet ouvrage ouvre sur l\u2019ensemble des probl\u00e9matiques contemporaines du \u00ab<span style=\"font-family: 'Menlo Regular';\">\u2009<\/span>vivre avec<span style=\"font-family: 'Menlo Regular';\">\u2009<\/span>\u00bb les maladies chroniques et les handicaps, et c\u2019est ce qui fait son int\u00e9r\u00eat.<\/p>\n<p>\u00a0<img decoding=\"async\" class=\"alignnone wp-image-24321 size-medium\" src=\"https:\/\/gestions-hospitalieres.fr\/wp-content\/uploads\/2016\/09\/ill_2014_326_01-195x300.png\" alt=\"ill_2014_326_01\" width=\"195\" height=\"300\" srcset=\"https:\/\/www.ricom-web8.com\/gestions\/wp-content\/uploads\/2016\/09\/ill_2014_326_01-195x300.png 195w, https:\/\/www.ricom-web8.com\/gestions\/wp-content\/uploads\/2016\/09\/ill_2014_326_01.png 600w\" sizes=\"(max-width: 195px) 100vw, 195px\" \/><\/p>\n<p>\u00c9ditions Au bord de l\u2019eau, septembre 2013, 300 pages<br \/>\n<a href=\"http:\/\/editionsbdl.com\/fr\">http:\/\/editionsbdl.com\/fr<\/a><\/p>\n<script>function PlayerjsAsync(){} if(window[\"Playerjs\"]){PlayerjsAsync();}<\/script>","protected":false},"excerpt":{"rendered":"<p><span class=\"span-reading-time rt-reading-time\" style=\"display: block;\"><span class=\"rt-label rt-prefix\">Temps de lecture\u00a0: <\/span> <span class=\"rt-time\"> 3<\/span> <span class=\"rt-label rt-postfix\">minutes<\/span><\/span>Cet ouvrage collectif rassemble les analyses de cliniciens et chercheurs de disciplines diff\u00e9rentes pour une approche globale, articul\u00e9e et novatrice de cette \u00e9pid\u00e9mie mondiale de grande envergure qui toucherait plus de 3 millions de personnes en France\u2009: le diab\u00e8te.<\/p>\n","protected":false},"author":1202,"featured_media":0,"comment_status":"closed","ping_status":"open","sticky":false,"template":"","format":"standard","meta":{"_acf_changed":false,"_relevanssi_hide_post":"","_relevanssi_hide_content":"","_relevanssi_pin_for_all":"","_relevanssi_pin_keywords":"","_relevanssi_unpin_keywords":"","_relevanssi_related_keywords":"","_relevanssi_related_include_ids":"","_relevanssi_related_exclude_ids":"","_relevanssi_related_no_append":"","_relevanssi_related_not_related":"","_relevanssi_related_posts":"","_relevanssi_noindex_reason":"","footnotes":""},"categories":[2,72],"tags":[2055,4511,169],"class_list":["post-15692","post","type-post","status-publish","format-standard","hentry","category-gestions-hospitalieres","category-reflexion","tag-diabete","tag-francoise-heritier","tag-maladie-chronique"],"acf":[],"yoast_head":"<!-- This site is optimized with the Yoast SEO plugin v24.8.1 - https:\/\/yoast.com\/wordpress\/plugins\/seo\/ -->\n<title>Le diab\u00e8te - Gestions hospitali\u00e8res<\/title>\n<meta name=\"robots\" content=\"index, follow, max-snippet:-1, max-image-preview:large, max-video-preview:-1\" \/>\n<link rel=\"canonical\" href=\"https:\/\/www.ricom-web8.com\/gestions\/le-diabete\/\" \/>\n<meta property=\"og:locale\" content=\"fr_FR\" \/>\n<meta property=\"og:type\" content=\"article\" \/>\n<meta property=\"og:title\" content=\"Le diab\u00e8te - Gestions hospitali\u00e8res\" \/>\n<meta property=\"og:description\" content=\"Temps de lecture\u00a0:  3 minutesCet ouvrage collectif rassemble les analyses de cliniciens et chercheurs de disciplines diff\u00e9rentes pour une approche globale, articul\u00e9e et novatrice de cette \u00e9pid\u00e9mie mondiale de grande envergure qui toucherait plus de 3 millions de personnes en France\u2009: le diab\u00e8te.\" \/>\n<meta property=\"og:url\" content=\"https:\/\/www.ricom-web8.com\/gestions\/le-diabete\/\" \/>\n<meta property=\"og:site_name\" content=\"Gestions hospitali\u00e8res\" \/>\n<meta property=\"article:publisher\" content=\"https:\/\/www.facebook.com\/gestionshospitalieres\/\" \/>\n<meta property=\"article:published_time\" content=\"2014-06-30T22:00:00+00:00\" \/>\n<meta property=\"article:modified_time\" content=\"2018-04-05T08:27:03+00:00\" \/>\n<meta property=\"og:image\" content=\"https:\/\/gestions-hospitalieres.fr\/wp-content\/uploads\/2016\/09\/ill_2014_326_01-195x300.png\" \/>\n<meta name=\"author\" content=\"yann Le Sager\" \/>\n<meta name=\"twitter:card\" content=\"summary_large_image\" \/>\n<meta name=\"twitter:creator\" content=\"@revue_GH\" \/>\n<meta name=\"twitter:site\" content=\"@revue_GH\" \/>\n<meta name=\"twitter:label1\" content=\"\u00c9crit par\" \/>\n\t<meta name=\"twitter:data1\" content=\"yann Le Sager\" \/>\n\t<meta name=\"twitter:label2\" content=\"Dur\u00e9e de lecture estim\u00e9e\" \/>\n\t<meta name=\"twitter:data2\" content=\"5 minutes\" \/>\n<script type=\"application\/ld+json\" class=\"yoast-schema-graph\">{\"@context\":\"https:\/\/schema.org\",\"@graph\":[{\"@type\":\"Article\",\"@id\":\"https:\/\/www.ricom-web8.com\/gestions\/le-diabete\/#article\",\"isPartOf\":{\"@id\":\"https:\/\/www.ricom-web8.com\/gestions\/le-diabete\/\"},\"author\":{\"name\":\"yann Le Sager\",\"@id\":\"https:\/\/www.ricom-web8.com\/gestions\/#\/schema\/person\/810c9671279c5f5a094f6f0a42237516\"},\"headline\":\"Le diab\u00e8te\",\"datePublished\":\"2014-06-30T22:00:00+00:00\",\"dateModified\":\"2018-04-05T08:27:03+00:00\",\"mainEntityOfPage\":{\"@id\":\"https:\/\/www.ricom-web8.com\/gestions\/le-diabete\/\"},\"wordCount\":953,\"publisher\":{\"@id\":\"https:\/\/www.ricom-web8.com\/gestions\/#organization\"},\"image\":{\"@id\":\"https:\/\/www.ricom-web8.com\/gestions\/le-diabete\/#primaryimage\"},\"thumbnailUrl\":\"https:\/\/gestions-hospitalieres.fr\/wp-content\/uploads\/2016\/09\/ill_2014_326_01-195x300.png\",\"keywords\":[\"diab\u00e8te\",\"Fran\u00e7oise H\u00e9ritier\",\"maladie chronique\"],\"articleSection\":[\"Gestions Hospitali\u00e8res\",\"r\u00e9flexion\"],\"inLanguage\":\"fr-FR\"},{\"@type\":\"WebPage\",\"@id\":\"https:\/\/www.ricom-web8.com\/gestions\/le-diabete\/\",\"url\":\"https:\/\/www.ricom-web8.com\/gestions\/le-diabete\/\",\"name\":\"Le diab\u00e8te - Gestions hospitali\u00e8res\",\"isPartOf\":{\"@id\":\"https:\/\/www.ricom-web8.com\/gestions\/#website\"},\"primaryImageOfPage\":{\"@id\":\"https:\/\/www.ricom-web8.com\/gestions\/le-diabete\/#primaryimage\"},\"image\":{\"@id\":\"https:\/\/www.ricom-web8.com\/gestions\/le-diabete\/#primaryimage\"},\"thumbnailUrl\":\"https:\/\/gestions-hospitalieres.fr\/wp-content\/uploads\/2016\/09\/ill_2014_326_01-195x300.png\",\"datePublished\":\"2014-06-30T22:00:00+00:00\",\"dateModified\":\"2018-04-05T08:27:03+00:00\",\"breadcrumb\":{\"@id\":\"https:\/\/www.ricom-web8.com\/gestions\/le-diabete\/#breadcrumb\"},\"inLanguage\":\"fr-FR\",\"potentialAction\":[{\"@type\":\"ReadAction\",\"target\":[\"https:\/\/www.ricom-web8.com\/gestions\/le-diabete\/\"]}]},{\"@type\":\"ImageObject\",\"inLanguage\":\"fr-FR\",\"@id\":\"https:\/\/www.ricom-web8.com\/gestions\/le-diabete\/#primaryimage\",\"url\":\"https:\/\/gestions-hospitalieres.fr\/wp-content\/uploads\/2016\/09\/ill_2014_326_01-195x300.png\",\"contentUrl\":\"https:\/\/gestions-hospitalieres.fr\/wp-content\/uploads\/2016\/09\/ill_2014_326_01-195x300.png\"},{\"@type\":\"BreadcrumbList\",\"@id\":\"https:\/\/www.ricom-web8.com\/gestions\/le-diabete\/#breadcrumb\",\"itemListElement\":[{\"@type\":\"ListItem\",\"position\":1,\"name\":\"Accueil\",\"item\":\"https:\/\/www.ricom-web8.com\/gestions\/\"},{\"@type\":\"ListItem\",\"position\":2,\"name\":\"Le diab\u00e8te\"}]},{\"@type\":\"WebSite\",\"@id\":\"https:\/\/www.ricom-web8.com\/gestions\/#website\",\"url\":\"https:\/\/www.ricom-web8.com\/gestions\/\",\"name\":\"Gestions hospitali\u00e8res\",\"description\":\"la revue des d\u00e9cideurs hospitaliers\",\"publisher\":{\"@id\":\"https:\/\/www.ricom-web8.com\/gestions\/#organization\"},\"potentialAction\":[{\"@type\":\"SearchAction\",\"target\":{\"@type\":\"EntryPoint\",\"urlTemplate\":\"https:\/\/www.ricom-web8.com\/gestions\/?s={search_term_string}\"},\"query-input\":{\"@type\":\"PropertyValueSpecification\",\"valueRequired\":true,\"valueName\":\"search_term_string\"}}],\"inLanguage\":\"fr-FR\"},{\"@type\":\"Organization\",\"@id\":\"https:\/\/www.ricom-web8.com\/gestions\/#organization\",\"name\":\"Gestions hospitali\u00e8res\",\"url\":\"https:\/\/www.ricom-web8.com\/gestions\/\",\"logo\":{\"@type\":\"ImageObject\",\"inLanguage\":\"fr-FR\",\"@id\":\"https:\/\/www.ricom-web8.com\/gestions\/#\/schema\/logo\/image\/\",\"url\":\"https:\/\/gestions-hospitalieres.fr\/wp-content\/uploads\/2017\/02\/picto_Gif-GH-trans.png\",\"contentUrl\":\"https:\/\/gestions-hospitalieres.fr\/wp-content\/uploads\/2017\/02\/picto_Gif-GH-trans.png\",\"width\":512,\"height\":512,\"caption\":\"Gestions hospitali\u00e8res\"},\"image\":{\"@id\":\"https:\/\/www.ricom-web8.com\/gestions\/#\/schema\/logo\/image\/\"},\"sameAs\":[\"https:\/\/www.facebook.com\/gestionshospitalieres\/\",\"https:\/\/x.com\/revue_GH\",\"https:\/\/www.linkedin.com\/company\/gestions-hospitalieres?trk=top_nav_home\"]},{\"@type\":\"Person\",\"@id\":\"https:\/\/www.ricom-web8.com\/gestions\/#\/schema\/person\/810c9671279c5f5a094f6f0a42237516\",\"name\":\"yann Le Sager\",\"image\":{\"@type\":\"ImageObject\",\"inLanguage\":\"fr-FR\",\"@id\":\"https:\/\/www.ricom-web8.com\/gestions\/#\/schema\/person\/image\/\",\"url\":\"https:\/\/secure.gravatar.com\/avatar\/36112fa5997be9e3b9acb0c60a4a1075?s=96&d=mm&r=g\",\"contentUrl\":\"https:\/\/secure.gravatar.com\/avatar\/36112fa5997be9e3b9acb0c60a4a1075?s=96&d=mm&r=g\",\"caption\":\"yann Le Sager\"},\"url\":\"https:\/\/www.ricom-web8.com\/gestions\/author\/lesager-yannstudioricom-com\/\"}]}<\/script>\n<!-- \/ Yoast SEO plugin. -->","yoast_head_json":{"title":"Le diab\u00e8te - Gestions hospitali\u00e8res","robots":{"index":"index","follow":"follow","max-snippet":"max-snippet:-1","max-image-preview":"max-image-preview:large","max-video-preview":"max-video-preview:-1"},"canonical":"https:\/\/www.ricom-web8.com\/gestions\/le-diabete\/","og_locale":"fr_FR","og_type":"article","og_title":"Le diab\u00e8te - Gestions hospitali\u00e8res","og_description":"Temps de lecture\u00a0:  3 minutesCet ouvrage collectif rassemble les analyses de cliniciens et chercheurs de disciplines diff\u00e9rentes pour une approche globale, articul\u00e9e et novatrice de cette \u00e9pid\u00e9mie mondiale de grande envergure qui toucherait plus de 3 millions de personnes en France\u2009: le diab\u00e8te.","og_url":"https:\/\/www.ricom-web8.com\/gestions\/le-diabete\/","og_site_name":"Gestions hospitali\u00e8res","article_publisher":"https:\/\/www.facebook.com\/gestionshospitalieres\/","article_published_time":"2014-06-30T22:00:00+00:00","article_modified_time":"2018-04-05T08:27:03+00:00","og_image":[{"url":"https:\/\/gestions-hospitalieres.fr\/wp-content\/uploads\/2016\/09\/ill_2014_326_01-195x300.png","type":"","width":"","height":""}],"author":"yann Le Sager","twitter_card":"summary_large_image","twitter_creator":"@revue_GH","twitter_site":"@revue_GH","twitter_misc":{"\u00c9crit par":"yann Le Sager","Dur\u00e9e de lecture estim\u00e9e":"5 minutes"},"schema":{"@context":"https:\/\/schema.org","@graph":[{"@type":"Article","@id":"https:\/\/www.ricom-web8.com\/gestions\/le-diabete\/#article","isPartOf":{"@id":"https:\/\/www.ricom-web8.com\/gestions\/le-diabete\/"},"author":{"name":"yann Le Sager","@id":"https:\/\/www.ricom-web8.com\/gestions\/#\/schema\/person\/810c9671279c5f5a094f6f0a42237516"},"headline":"Le diab\u00e8te","datePublished":"2014-06-30T22:00:00+00:00","dateModified":"2018-04-05T08:27:03+00:00","mainEntityOfPage":{"@id":"https:\/\/www.ricom-web8.com\/gestions\/le-diabete\/"},"wordCount":953,"publisher":{"@id":"https:\/\/www.ricom-web8.com\/gestions\/#organization"},"image":{"@id":"https:\/\/www.ricom-web8.com\/gestions\/le-diabete\/#primaryimage"},"thumbnailUrl":"https:\/\/gestions-hospitalieres.fr\/wp-content\/uploads\/2016\/09\/ill_2014_326_01-195x300.png","keywords":["diab\u00e8te","Fran\u00e7oise H\u00e9ritier","maladie chronique"],"articleSection":["Gestions Hospitali\u00e8res","r\u00e9flexion"],"inLanguage":"fr-FR"},{"@type":"WebPage","@id":"https:\/\/www.ricom-web8.com\/gestions\/le-diabete\/","url":"https:\/\/www.ricom-web8.com\/gestions\/le-diabete\/","name":"Le diab\u00e8te - Gestions hospitali\u00e8res","isPartOf":{"@id":"https:\/\/www.ricom-web8.com\/gestions\/#website"},"primaryImageOfPage":{"@id":"https:\/\/www.ricom-web8.com\/gestions\/le-diabete\/#primaryimage"},"image":{"@id":"https:\/\/www.ricom-web8.com\/gestions\/le-diabete\/#primaryimage"},"thumbnailUrl":"https:\/\/gestions-hospitalieres.fr\/wp-content\/uploads\/2016\/09\/ill_2014_326_01-195x300.png","datePublished":"2014-06-30T22:00:00+00:00","dateModified":"2018-04-05T08:27:03+00:00","breadcrumb":{"@id":"https:\/\/www.ricom-web8.com\/gestions\/le-diabete\/#breadcrumb"},"inLanguage":"fr-FR","potentialAction":[{"@type":"ReadAction","target":["https:\/\/www.ricom-web8.com\/gestions\/le-diabete\/"]}]},{"@type":"ImageObject","inLanguage":"fr-FR","@id":"https:\/\/www.ricom-web8.com\/gestions\/le-diabete\/#primaryimage","url":"https:\/\/gestions-hospitalieres.fr\/wp-content\/uploads\/2016\/09\/ill_2014_326_01-195x300.png","contentUrl":"https:\/\/gestions-hospitalieres.fr\/wp-content\/uploads\/2016\/09\/ill_2014_326_01-195x300.png"},{"@type":"BreadcrumbList","@id":"https:\/\/www.ricom-web8.com\/gestions\/le-diabete\/#breadcrumb","itemListElement":[{"@type":"ListItem","position":1,"name":"Accueil","item":"https:\/\/www.ricom-web8.com\/gestions\/"},{"@type":"ListItem","position":2,"name":"Le diab\u00e8te"}]},{"@type":"WebSite","@id":"https:\/\/www.ricom-web8.com\/gestions\/#website","url":"https:\/\/www.ricom-web8.com\/gestions\/","name":"Gestions hospitali\u00e8res","description":"la revue des d\u00e9cideurs hospitaliers","publisher":{"@id":"https:\/\/www.ricom-web8.com\/gestions\/#organization"},"potentialAction":[{"@type":"SearchAction","target":{"@type":"EntryPoint","urlTemplate":"https:\/\/www.ricom-web8.com\/gestions\/?s={search_term_string}"},"query-input":{"@type":"PropertyValueSpecification","valueRequired":true,"valueName":"search_term_string"}}],"inLanguage":"fr-FR"},{"@type":"Organization","@id":"https:\/\/www.ricom-web8.com\/gestions\/#organization","name":"Gestions hospitali\u00e8res","url":"https:\/\/www.ricom-web8.com\/gestions\/","logo":{"@type":"ImageObject","inLanguage":"fr-FR","@id":"https:\/\/www.ricom-web8.com\/gestions\/#\/schema\/logo\/image\/","url":"https:\/\/gestions-hospitalieres.fr\/wp-content\/uploads\/2017\/02\/picto_Gif-GH-trans.png","contentUrl":"https:\/\/gestions-hospitalieres.fr\/wp-content\/uploads\/2017\/02\/picto_Gif-GH-trans.png","width":512,"height":512,"caption":"Gestions hospitali\u00e8res"},"image":{"@id":"https:\/\/www.ricom-web8.com\/gestions\/#\/schema\/logo\/image\/"},"sameAs":["https:\/\/www.facebook.com\/gestionshospitalieres\/","https:\/\/x.com\/revue_GH","https:\/\/www.linkedin.com\/company\/gestions-hospitalieres?trk=top_nav_home"]},{"@type":"Person","@id":"https:\/\/www.ricom-web8.com\/gestions\/#\/schema\/person\/810c9671279c5f5a094f6f0a42237516","name":"yann Le Sager","image":{"@type":"ImageObject","inLanguage":"fr-FR","@id":"https:\/\/www.ricom-web8.com\/gestions\/#\/schema\/person\/image\/","url":"https:\/\/secure.gravatar.com\/avatar\/36112fa5997be9e3b9acb0c60a4a1075?s=96&d=mm&r=g","contentUrl":"https:\/\/secure.gravatar.com\/avatar\/36112fa5997be9e3b9acb0c60a4a1075?s=96&d=mm&r=g","caption":"yann Le Sager"},"url":"https:\/\/www.ricom-web8.com\/gestions\/author\/lesager-yannstudioricom-com\/"}]}},"_links":{"self":[{"href":"https:\/\/www.ricom-web8.com\/gestions\/wp-json\/wp\/v2\/posts\/15692","targetHints":{"allow":["GET"]}}],"collection":[{"href":"https:\/\/www.ricom-web8.com\/gestions\/wp-json\/wp\/v2\/posts"}],"about":[{"href":"https:\/\/www.ricom-web8.com\/gestions\/wp-json\/wp\/v2\/types\/post"}],"author":[{"embeddable":true,"href":"https:\/\/www.ricom-web8.com\/gestions\/wp-json\/wp\/v2\/users\/1202"}],"replies":[{"embeddable":true,"href":"https:\/\/www.ricom-web8.com\/gestions\/wp-json\/wp\/v2\/comments?post=15692"}],"version-history":[{"count":0,"href":"https:\/\/www.ricom-web8.com\/gestions\/wp-json\/wp\/v2\/posts\/15692\/revisions"}],"wp:attachment":[{"href":"https:\/\/www.ricom-web8.com\/gestions\/wp-json\/wp\/v2\/media?parent=15692"}],"wp:term":[{"taxonomy":"category","embeddable":true,"href":"https:\/\/www.ricom-web8.com\/gestions\/wp-json\/wp\/v2\/categories?post=15692"},{"taxonomy":"post_tag","embeddable":true,"href":"https:\/\/www.ricom-web8.com\/gestions\/wp-json\/wp\/v2\/tags?post=15692"}],"curies":[{"name":"wp","href":"https:\/\/api.w.org\/{rel}","templated":true}]}}