

{"id":15718,"date":"2014-10-01T00:00:00","date_gmt":"2014-09-30T22:00:00","guid":{"rendered":"http:\/\/ricom-web.com\/gestions-hospitalieres\/les-conflits-dinterets\/"},"modified":"2018-04-05T10:19:10","modified_gmt":"2018-04-05T08:19:10","slug":"les-conflits-dinterets","status":"publish","type":"post","link":"https:\/\/www.ricom-web8.com\/gestions\/les-conflits-dinterets\/","title":{"rendered":"Les conflits d\u2019int\u00e9r\u00eats"},"content":{"rendered":"<span class=\"span-reading-time rt-reading-time\" style=\"display: block;\"><span class=\"rt-label rt-prefix\">Temps de lecture\u00a0: <\/span> <span class=\"rt-time\"> 6<\/span> <span class=\"rt-label rt-postfix\">minutes<\/span><\/span><p>C\u2019est une notion qui se pr\u00e9cise, une question qui traverse l\u2019opinion publique tant la d\u00e9fiance est grande entre le citoyen et l\u2019ensemble des organes d\u00e9cisionnels que ce soit dans l\u2019expertise en sant\u00e9, dans la r\u00e9putation des entreprises et la confiance qu\u2019elles tentent de tisser autour d\u2019elles, dans les relations entre les avocats, les magistrats et les justiciables\u2026<\/p>\n<p>D\u00e9finir est le premier temps de la d\u00e9marche pour chacun confront\u00e9 \u00e0 une situation o\u00f9 un int\u00e9r\u00eat particulier pourrait s\u2019opposer \u00e0 un int\u00e9r\u00eat public que la personne serait cens\u00e9e d\u00e9fendre. C\u2019est de son ind\u00e9pendance qu\u2019il s\u2019agit lorsqu\u2019un expert est consult\u00e9 par l\u2019administration. L\u2019int\u00e9r\u00eat \u00ab\u2009<em>\u00e9tant de nature \u00e0 influencer ou para\u00eetre influencer l\u2019exercice ind\u00e9pendant, impartial et objectif des fonctions<\/em>\u2009\u00bb. Le terme \u00ab\u2009para\u00eetre\u2009\u00bb est utilis\u00e9 de mani\u00e8re assez syst\u00e9matique par diverses instances. Le Conseil de l\u2019Europe reprend le m\u00eame vocable.<\/p>\n<p>La sant\u00e9 est un lieu particuli\u00e8rement int\u00e9ressant pour op\u00e9rer la distinction entre les liens et les conflits. L\u2019article L. 1451-1 du CSP instaure la d\u00e9claration des int\u00e9r\u00eats que doivent faire des personnes intervenant dans certains processus d\u00e9cisionnels, et il ajoute que ces liens excluent ces personnes des travaux et d\u00e9lib\u00e9rations si elles ont un int\u00e9r\u00eat direct ou indirect avec l\u2019affaire examin\u00e9e. Complexit\u00e9 de la situation puisque si le conflit n\u2019est pas \u00e9tabli, le soup\u00e7on peut demeurer\u2009; or, en droit positif, le soup\u00e7on du conflit \u00e9quivaut au conflit lui-m\u00eame. Pr\u00e9cision importante qui distingue les liens des conflits. Au professionnel d\u2019afficher ses liens avec les acteurs de l\u2019objet examin\u00e9\u2009; \u00e0 charge pour l\u2019administration de qualifier ces liens de conflits d\u2019int\u00e9r\u00eats. Les liens \u00e9tablissent des faits, les conflits rel\u00e8vent des qualifications.<\/p>\n<p>Cette notion conna\u00eet une large extension\u2009: de nouveaux territoires en rel\u00e8vent sans que les limites en soient d\u00e9sormais atteintes. Les unes des journaux ont vulgaris\u00e9 ces nouveaux territoires \u00e0 propos de financements de partis politiques ou de campagnes \u00e9lectorales, de positions d\u2019arbitres dans des conflits entre banquiers, hommes d\u2019affaires, \u00c9tat\u2026 De mani\u00e8re moins spectaculaire mais tout aussi probante, on citera l\u2019expertise en mati\u00e8re de sant\u00e9, le droit parlementaire, le droit des affaires dans la situation des administrateurs de soci\u00e9t\u00e9s, le droit de la fonction publique, la fonction du juge\u2026 Moins connue est la situation des \u00ab\u2009gestionnaires de cas\u2009\u00bb des maisons pour l\u2019autonomie et l\u2019int\u00e9gration des malades d\u2019Alzheimer (Maia), coordinateurs des professionnels n\u00e9cessaires \u00e0 la vie \u00e0 domicile d\u2019un patient \u00e2g\u00e9 atteint de troubles cognitifs majeurs, rattach\u00e9s aux conseils g\u00e9n\u00e9raux. Si l\u2019allocation personnalis\u00e9e pour l\u2019autonomie (APA) sign\u00e9e par le pr\u00e9sident du conseil g\u00e9n\u00e9ral est estim\u00e9e sous-\u00e9valu\u00e9e par le gestionnaire de cas, ce dernier ne peut, en tant que salari\u00e9 du conseil g\u00e9n\u00e9ral, contester la d\u00e9cision du pr\u00e9sident (qui pousse par ailleurs ses services \u00e0 \u00eatre restrictifs sur les montants accord\u00e9s). Il y a bien conflit d\u2019int\u00e9r\u00eats entre ceux de la personne \u00e2g\u00e9e et ceux du conseil g\u00e9n\u00e9ral.<\/p>\n<p>En mati\u00e8re de sant\u00e9, le cas du m\u00e9dicament est au contraire bien connu\u2009: cadeaux des fabricants, question de l\u2019expertise\u2026 Mais l\u2019extension s\u2019est faite \u00e9galement dans les rapports entre les professionnels et leur employeur, par exemple, lorsque l\u2019int\u00e9r\u00eat du patient diverge de celui de l\u2019employeur du professionnel sur le choix d\u2019une proth\u00e8se plus on\u00e9reuse que le forfait accord\u00e9 par le financeur. Puis, l\u2019extension s\u2019est faite sur la question de la r\u00e9mun\u00e9ration lorsque les \u00e9conomistes de la sant\u00e9 ont montr\u00e9 la relation qui existe entre le mode de tarification des professionnels et la nature ou la quantit\u00e9 des actes qu\u2019ils produisent.<\/p>\n<p>Dans cette perspective, aux \u00c9tats-Unis, une autre question est examin\u00e9e \u00e0 l\u2019aune des conflits d\u2019int\u00e9r\u00eats\u2009: le syst\u00e8me de partage du risque financier entre le m\u00e9decin et le financeur des soins lorsqu\u2019une partie de la r\u00e9mun\u00e9ration du professionnel est li\u00e9e aux objectifs d\u2019\u00e9conomies fix\u00e9s par le financeur, ce qui pourrait conduire le professionnel \u00e0 \u00ab\u00a0sous-traiter\u2009\u00bb le patient alors que la r\u00e9mun\u00e9ration \u00e0 l\u2019acte viserait \u00e0 le \u00ab\u2009surm\u00e9dicaliser\u2009\u00bb par rapport \u00e0 ses besoins. Question complexe dans la mesure m\u00eame o\u00f9 le besoin n\u2019est objectiv\u00e9 que par celui qui apporte la r\u00e9ponse\u2009; la mise en \u0153uvre de r\u00e9f\u00e9rentiels de bonnes pratiques, de protocoles, ne r\u00e9sout pas pour autant la question mais la d\u00e9place. Par exemple, les patients atteints de cancers qui ne r\u00e9pondent pas aux protocoles admis pour leur pathologie sont automatiquement vers\u00e9s dans les programmes de recherche. Dans l\u2019int\u00e9r\u00eat de qui\u2009?<\/p>\n<blockquote><p>Une personne peut aussi faire abstraction de ses options personnelles, ses valeurs, ses connaissances, ses comp\u00e9tences pour conduire la mission qui lui est confi\u00e9e.<\/p><\/blockquote>\n<p>Introduire la notion de conflits d\u2019int\u00e9r\u00eats dans les relations entre les professionnels de sant\u00e9 et l\u2019Assurance Maladie permettrait de repenser la ma\u00eetrise des d\u00e9penses de sant\u00e9 qui ne saurait \u00eatre seulement comptable, mais qui int\u00e9grerait une logique m\u00e9dicale. On parle de ma\u00eetrise m\u00e9dicalis\u00e9e sauf que c\u2019est une vision ancienne qui pr\u00e9suppose que le point de vue m\u00e9dical prend naturellement en compte, dans l\u2019acte de soin, les int\u00e9r\u00eats du patient. Or, int\u00e9grer le conflit d\u2019int\u00e9r\u00eat renouvellerait la r\u00e9flexion, peut-\u00eatre au b\u00e9n\u00e9fice du patient, si un tiers \u00e9tait introduit dans le dialogue bilat\u00e9ral (en fait un face-\u00e0-face) entre les professionnels et l\u2019Assurance Maladie. Il s\u2019agit de repenser les relations sur un mode nouveau en d\u00e9calage par rapport aux pr\u00e9suppos\u00e9s ant\u00e9rieurs, introduit par la consid\u00e9ration des conflits d\u2019int\u00e9r\u00eats.<\/p>\n<p>Cette notion se d\u00e9finit donc comme la situation o\u00f9 \u00ab\u2009<em>une personne en charge d\u2019un int\u00e9r\u00eat autre que le sien n\u2019agit pas ou peut \u00eatre soup\u00e7onn\u00e9e de ne pas agir de mani\u00e8re loyale, vis-\u00e0-vis de cet int\u00e9r\u00eat, mais dans le but d\u2019en avantager un autre, le sien ou celui d\u2019un tiers<\/em>\u2009\u00bb.<\/p>\n<p>Alors se pose la question de l\u2019honn\u00eatet\u00e9, qui n\u2019est jamais mobilis\u00e9e dans la r\u00e9flexion. En effet, il ne s\u2019agit pas d\u2019une entorse \u00e0 celle-ci\u2009: tous les acteurs sociaux ayant \u00e9t\u00e9 amen\u00e9s \u00e0 construire une r\u00e9gulation des conflits d\u2019int\u00e9r\u00eats, les administrations, les associations professionnelles\u2026, tendent \u00e0 une approche objective des conflits d\u2019int\u00e9r\u00eats. Ce n\u2019est pas la posture d\u2019une personne qui est vis\u00e9e mais une position en tant qu\u2019acteur, en un point pr\u00e9cis, \u00e0 un moment identifi\u00e9, de l\u2019espace social. D\u00e8s lors, du point de vue de la technique juridique, ces conflits ne sont nullement des manquements \u00e0 l\u2019honn\u00eatet\u00e9 et la question devient celle de leur gestion.<\/p>\n<p>La pr\u00e9vention des conflits d\u2019int\u00e9r\u00eats est de trois ordres\u2009:<\/p>\n<ul>\n<li>les incompatibilit\u00e9s, c\u2019est-\u00e0-dire les d\u00e9clarations que doivent faire les parlementaires au Conseil constitutionnel sur l\u2019abandon de fonctions incompatibles avec leur mandat\u2009;<\/li>\n<li>les liens d\u2019int\u00e9r\u00eats, bien connus en sant\u00e9 lors des d\u00e9clarations des experts m\u00e9decins sur leurs liens avec les industries du m\u00e9dicament. La Haute Autorit\u00e9 de sant\u00e9 (HAS) a publi\u00e9 un <em>Guide des d\u00e9clarations d\u2019int\u00e9r\u00eats<\/em> qui est un r\u00e9f\u00e9rentiel qui permet aux experts d\u2019identifier leur situation. Le Mouvement des entreprises de France (Medef) a fait de m\u00eame pour organiser la transparence de la position des dirigeants vis-\u00e0-vis des actionnaires, des associ\u00e9s, de la direction des ressources humaines\u2009;<\/li>\n<li>la prise en compte des conflits dans l\u2019organisation institutionnelle par la production de normes internes, d\u2019une autorit\u00e9 d\u00e9ontologique, appel\u00e9e parfois \u00ab\u2009comit\u00e9 d\u2019\u00e9thique\u2009\u00bb, ou du tiers r\u00e9f\u00e9rent. Ce \u00ab\u2009tiers de confiance\u2009\u00bb est un m\u00e9canisme classique d\u00e8s lors qu\u2019une d\u00e9ontologie devient peu ou prou cons\u00e9quente il se d\u00e9veloppe dans chaque institution (ordre judiciaire, sant\u00e9\u2026) \u00e0 propos des conflits d\u2019int\u00e9r\u00eats.<\/li>\n<\/ul>\n<p>De ce fait, ce sera moins un regard individuel que collectif qui sera port\u00e9 sur ces questions. La pr\u00e9vention visera moins des normes pesant sur l\u2019individu mais agira \u00e0 travers l\u2019organisation m\u00eame du travail concern\u00e9 \u00ab\u2009<em>il s\u2019agit d\u2019inventer ou de r\u00e9inventer des contr\u00f4les et\/ou des contre-pouvoirs<\/em>\u2009\u00bb.<\/p>\n<p>La gestion des conflits d\u2019int\u00e9r\u00eats repose sur trois modalit\u00e9s\u2009: la pr\u00e9vention, le contr\u00f4le et la proc\u00e9duralisation. On d\u00e9finit des incompatibilit\u00e9s, on d\u00e9clare des liens\u2009; les institutions ont des productions normatives en leur sein\u00a0; c\u2019est la d\u00e9signation d\u2019autorit\u00e9s en mati\u00e8re de qualification, retraits, d\u00e9ports, r\u00e9cusations\u2026 Plus r\u00e9cemment se d\u00e9veloppe un abord par l\u2019essor de la motivation, par exemple la HAS dans son <em>Guide des d\u00e9clarations d\u2019int\u00e9r\u00eats<\/em> pr\u00e9cise que \u00ab\u2009<em>le choix des experts [\u2026] ainsi que la composition de chaque groupe de travail, et, le cas \u00e9ch\u00e9ant, le choix des pr\u00e9sidents, fait l\u2019objet d\u2019un compte rendu d\u00e9taillant les raisons du choix au regard des int\u00e9r\u00eats d\u00e9clar\u00e9s. Le compte-rendu est archiv\u00e9 [\u2026], il doit comporter a minima les informations suivantes\u2009: le nombre d\u2019experts sollicit\u00e9s, le nombre d\u2019experts ayant refus\u00e9, le nombre d\u2019experts n\u2019ayant pas retourn\u00e9 leur d\u00e9claration d\u2019int\u00e9r\u00eats [\u2026]<\/em>\u2009\u00bb. Il s\u2019agit de faire pi\u00e8ce \u00e0 un \u00e9ventuel soup\u00e7on dont l\u2019administration serait l\u2019objet dans les choix des personnes participant au processus d\u00e9cisionnel. \u00ab\u2009<em>L\u2019expertise sanitaire r\u00e9pond aux principes d\u2019impartialit\u00e9, de motivation, de coll\u00e9gialit\u00e9 et du contradictoire.\u2009<\/em>\u00bb C\u2019est une gestion des conflits d\u2019int\u00e9r\u00eats par la mise en \u0153uvre de proc\u00e9dures.<\/p>\n<p>Dans cette r\u00e9gulation trois \u00e9cueils sont \u00e0 \u00e9viter\u2009: le refus de savoir, ne rien voir, ne rien dire, pas de vagues. Le second concernerait la chasse aux sorci\u00e8res, faire reposer sur un individu ou une cat\u00e9gorie de personnes ce qui \u00e9vite en fin de compte de poser la question des conflits d\u2019int\u00e9r\u00eats et de la r\u00e9soudre. Le dernier serait la bureaucratisation pointilleuse, incompr\u00e9hensible sauf des seuls initi\u00e9s, conduisant \u00e0 penser que le bon formulaire \u00e9tant rempli, la question serait r\u00e9gl\u00e9e, abandonnant par l\u00e0 m\u00eame le sens de la r\u00e9gulation et l\u2019id\u00e9e de responsabilit\u00e9 individuelle. L\u2019un des dangers \u00e9galement serait de scruter la vie individuelle, faisant entrer dans la question des conflits des opinions religieuses, politiques, philosophiques, des positions dans la vie scientifique, associative, syndicale\u2026<\/p>\n<p>Si la question des conflits et importante, elle doit aussi s\u2019articuler avec le respect de la vie priv\u00e9e, la libert\u00e9 d\u2019opinion et ne jamais oublier qu\u2019une personne peut aussi faire abstraction de ses options personnelles, ses valeurs, ses connaissances, ses comp\u00e9tences pour conduire la mission qui lui est confi\u00e9e. \u00ab\u2009<em>La r\u00e9gulation doit elle-m\u00eame \u00eatre diverse, fine, au plus pr\u00e8s des pratiques, rigoureuse, \u00e9volutive, r\u00e9flexive, intelligente, adapt\u00e9e, pragmatique.<\/em>\u2009\u00bb<\/p>\n<p><img decoding=\"async\" src=\"https:\/\/gestions-hospitalieres.fr\/wp-content\/uploads\/ill_2014_475_01_0.png\" alt=\"couv\" data-entity-type=\"file\" data-entity-uuid=\"ca2935c6-5eec-4617-81f8-50313395b7ef\" \/><\/p>\n<p>J. Moret-Bailly, <em>Les Conflits d\u2019int\u00e9r\u00eats, <\/em>LGDJ, 2014. <a href=\"http:\/\/www.lgdj.fr\" target=\"_blank\" rel=\"noopener noreferrer\">www.lgdj.fr<\/a><\/p>\n<script>function PlayerjsAsync(){} if(window[\"Playerjs\"]){PlayerjsAsync();}<\/script>","protected":false},"excerpt":{"rendered":"<p><span class=\"span-reading-time rt-reading-time\" style=\"display: block;\"><span class=\"rt-label rt-prefix\">Temps de lecture\u00a0: <\/span> <span class=\"rt-time\"> 6<\/span> <span class=\"rt-label rt-postfix\">minutes<\/span><\/span>Les conflits d\u2019int\u00e9r\u00eats comme notion juridique sont \u00e0 l\u2019honneur. Dans le champ politique comme dans celui de la sant\u00e9, voire bien d\u2019autres, l\u2019actualit\u00e9 en donne de nombreux exemples L\u2019\u00e9mergence forte de la question date d\u2019une dizaine d\u2019ann\u00e9es avec une acc\u00e9l\u00e9ration ces cinq derni\u00e8res. Note de lecture de l\u2019ouvrage de Jo\u00ebl Moret-Bailly, professeur de droit priv\u00e9 et sciences criminelles, sur cette question de plus en plus pos\u00e9e et trait\u00e9e.<\/p>\n","protected":false},"author":1202,"featured_media":0,"comment_status":"closed","ping_status":"open","sticky":false,"template":"","format":"standard","meta":{"_acf_changed":false,"_relevanssi_hide_post":"","_relevanssi_hide_content":"","_relevanssi_pin_for_all":"","_relevanssi_pin_keywords":"","_relevanssi_unpin_keywords":"","_relevanssi_related_keywords":"","_relevanssi_related_include_ids":"","_relevanssi_related_exclude_ids":"","_relevanssi_related_no_append":"","_relevanssi_related_not_related":"","_relevanssi_related_posts":"","_relevanssi_noindex_reason":"","footnotes":""},"categories":[2,2307],"tags":[1076,1766,1767,453],"class_list":["post-15718","post","type-post","status-publish","format-standard","hentry","category-gestions-hospitalieres","category-note-de-lecture","tag-assurance-maladie","tag-conflits-dinterets","tag-csp","tag-deontologie"],"acf":[],"yoast_head":"<!-- This site is optimized with the Yoast SEO plugin v24.8.1 - https:\/\/yoast.com\/wordpress\/plugins\/seo\/ -->\n<title>Les conflits d\u2019int\u00e9r\u00eats - Gestions hospitali\u00e8res<\/title>\n<meta name=\"robots\" content=\"index, follow, max-snippet:-1, max-image-preview:large, max-video-preview:-1\" \/>\n<link rel=\"canonical\" href=\"https:\/\/www.ricom-web8.com\/gestions\/les-conflits-dinterets\/\" \/>\n<meta property=\"og:locale\" content=\"fr_FR\" \/>\n<meta property=\"og:type\" content=\"article\" \/>\n<meta property=\"og:title\" content=\"Les conflits d\u2019int\u00e9r\u00eats - Gestions hospitali\u00e8res\" \/>\n<meta property=\"og:description\" content=\"Temps de lecture\u00a0:  6 minutesLes conflits d\u2019int\u00e9r\u00eats comme notion juridique sont \u00e0 l\u2019honneur. Dans le champ politique comme dans celui de la sant\u00e9, voire bien d\u2019autres, l\u2019actualit\u00e9 en donne de nombreux exemples L\u2019\u00e9mergence forte de la question date d\u2019une dizaine d\u2019ann\u00e9es avec une acc\u00e9l\u00e9ration ces cinq derni\u00e8res. Note de lecture de l\u2019ouvrage de Jo\u00ebl Moret-Bailly, professeur de droit priv\u00e9 et sciences criminelles, sur cette question de plus en plus pos\u00e9e et trait\u00e9e.\" \/>\n<meta property=\"og:url\" content=\"https:\/\/www.ricom-web8.com\/gestions\/les-conflits-dinterets\/\" \/>\n<meta property=\"og:site_name\" content=\"Gestions hospitali\u00e8res\" \/>\n<meta property=\"article:publisher\" content=\"https:\/\/www.facebook.com\/gestionshospitalieres\/\" \/>\n<meta property=\"article:published_time\" content=\"2014-09-30T22:00:00+00:00\" \/>\n<meta property=\"article:modified_time\" content=\"2018-04-05T08:19:10+00:00\" \/>\n<meta property=\"og:image\" content=\"https:\/\/gestions-hospitalieres.fr\/wp-content\/uploads\/ill_2014_475_01_0.png\" \/>\n<meta name=\"author\" content=\"yann Le Sager\" \/>\n<meta name=\"twitter:card\" content=\"summary_large_image\" \/>\n<meta name=\"twitter:creator\" content=\"@revue_GH\" \/>\n<meta name=\"twitter:site\" content=\"@revue_GH\" \/>\n<meta name=\"twitter:label1\" content=\"\u00c9crit par\" \/>\n\t<meta name=\"twitter:data1\" content=\"yann Le Sager\" \/>\n\t<meta name=\"twitter:label2\" content=\"Dur\u00e9e de lecture estim\u00e9e\" \/>\n\t<meta name=\"twitter:data2\" content=\"10 minutes\" \/>\n<script type=\"application\/ld+json\" class=\"yoast-schema-graph\">{\"@context\":\"https:\/\/schema.org\",\"@graph\":[{\"@type\":\"Article\",\"@id\":\"https:\/\/www.ricom-web8.com\/gestions\/les-conflits-dinterets\/#article\",\"isPartOf\":{\"@id\":\"https:\/\/www.ricom-web8.com\/gestions\/les-conflits-dinterets\/\"},\"author\":{\"name\":\"yann Le Sager\",\"@id\":\"https:\/\/www.ricom-web8.com\/gestions\/#\/schema\/person\/810c9671279c5f5a094f6f0a42237516\"},\"headline\":\"Les conflits d\u2019int\u00e9r\u00eats\",\"datePublished\":\"2014-09-30T22:00:00+00:00\",\"dateModified\":\"2018-04-05T08:19:10+00:00\",\"mainEntityOfPage\":{\"@id\":\"https:\/\/www.ricom-web8.com\/gestions\/les-conflits-dinterets\/\"},\"wordCount\":1936,\"publisher\":{\"@id\":\"https:\/\/www.ricom-web8.com\/gestions\/#organization\"},\"image\":{\"@id\":\"https:\/\/www.ricom-web8.com\/gestions\/les-conflits-dinterets\/#primaryimage\"},\"thumbnailUrl\":\"https:\/\/gestions-hospitalieres.fr\/wp-content\/uploads\/ill_2014_475_01_0.png\",\"keywords\":[\"assurance maladie\",\"conflits d\u2019int\u00e9r\u00eats\",\"CSP\",\"d\u00e9ontologie\"],\"articleSection\":[\"Gestions Hospitali\u00e8res\",\"note de lecture\"],\"inLanguage\":\"fr-FR\"},{\"@type\":\"WebPage\",\"@id\":\"https:\/\/www.ricom-web8.com\/gestions\/les-conflits-dinterets\/\",\"url\":\"https:\/\/www.ricom-web8.com\/gestions\/les-conflits-dinterets\/\",\"name\":\"Les conflits d\u2019int\u00e9r\u00eats - Gestions hospitali\u00e8res\",\"isPartOf\":{\"@id\":\"https:\/\/www.ricom-web8.com\/gestions\/#website\"},\"primaryImageOfPage\":{\"@id\":\"https:\/\/www.ricom-web8.com\/gestions\/les-conflits-dinterets\/#primaryimage\"},\"image\":{\"@id\":\"https:\/\/www.ricom-web8.com\/gestions\/les-conflits-dinterets\/#primaryimage\"},\"thumbnailUrl\":\"https:\/\/gestions-hospitalieres.fr\/wp-content\/uploads\/ill_2014_475_01_0.png\",\"datePublished\":\"2014-09-30T22:00:00+00:00\",\"dateModified\":\"2018-04-05T08:19:10+00:00\",\"breadcrumb\":{\"@id\":\"https:\/\/www.ricom-web8.com\/gestions\/les-conflits-dinterets\/#breadcrumb\"},\"inLanguage\":\"fr-FR\",\"potentialAction\":[{\"@type\":\"ReadAction\",\"target\":[\"https:\/\/www.ricom-web8.com\/gestions\/les-conflits-dinterets\/\"]}]},{\"@type\":\"ImageObject\",\"inLanguage\":\"fr-FR\",\"@id\":\"https:\/\/www.ricom-web8.com\/gestions\/les-conflits-dinterets\/#primaryimage\",\"url\":\"https:\/\/gestions-hospitalieres.fr\/wp-content\/uploads\/ill_2014_475_01_0.png\",\"contentUrl\":\"https:\/\/gestions-hospitalieres.fr\/wp-content\/uploads\/ill_2014_475_01_0.png\"},{\"@type\":\"BreadcrumbList\",\"@id\":\"https:\/\/www.ricom-web8.com\/gestions\/les-conflits-dinterets\/#breadcrumb\",\"itemListElement\":[{\"@type\":\"ListItem\",\"position\":1,\"name\":\"Accueil\",\"item\":\"https:\/\/www.ricom-web8.com\/gestions\/\"},{\"@type\":\"ListItem\",\"position\":2,\"name\":\"Les conflits d\u2019int\u00e9r\u00eats\"}]},{\"@type\":\"WebSite\",\"@id\":\"https:\/\/www.ricom-web8.com\/gestions\/#website\",\"url\":\"https:\/\/www.ricom-web8.com\/gestions\/\",\"name\":\"Gestions hospitali\u00e8res\",\"description\":\"la revue des d\u00e9cideurs hospitaliers\",\"publisher\":{\"@id\":\"https:\/\/www.ricom-web8.com\/gestions\/#organization\"},\"potentialAction\":[{\"@type\":\"SearchAction\",\"target\":{\"@type\":\"EntryPoint\",\"urlTemplate\":\"https:\/\/www.ricom-web8.com\/gestions\/?s={search_term_string}\"},\"query-input\":{\"@type\":\"PropertyValueSpecification\",\"valueRequired\":true,\"valueName\":\"search_term_string\"}}],\"inLanguage\":\"fr-FR\"},{\"@type\":\"Organization\",\"@id\":\"https:\/\/www.ricom-web8.com\/gestions\/#organization\",\"name\":\"Gestions hospitali\u00e8res\",\"url\":\"https:\/\/www.ricom-web8.com\/gestions\/\",\"logo\":{\"@type\":\"ImageObject\",\"inLanguage\":\"fr-FR\",\"@id\":\"https:\/\/www.ricom-web8.com\/gestions\/#\/schema\/logo\/image\/\",\"url\":\"https:\/\/gestions-hospitalieres.fr\/wp-content\/uploads\/2017\/02\/picto_Gif-GH-trans.png\",\"contentUrl\":\"https:\/\/gestions-hospitalieres.fr\/wp-content\/uploads\/2017\/02\/picto_Gif-GH-trans.png\",\"width\":512,\"height\":512,\"caption\":\"Gestions hospitali\u00e8res\"},\"image\":{\"@id\":\"https:\/\/www.ricom-web8.com\/gestions\/#\/schema\/logo\/image\/\"},\"sameAs\":[\"https:\/\/www.facebook.com\/gestionshospitalieres\/\",\"https:\/\/x.com\/revue_GH\",\"https:\/\/www.linkedin.com\/company\/gestions-hospitalieres?trk=top_nav_home\"]},{\"@type\":\"Person\",\"@id\":\"https:\/\/www.ricom-web8.com\/gestions\/#\/schema\/person\/810c9671279c5f5a094f6f0a42237516\",\"name\":\"yann Le Sager\",\"image\":{\"@type\":\"ImageObject\",\"inLanguage\":\"fr-FR\",\"@id\":\"https:\/\/www.ricom-web8.com\/gestions\/#\/schema\/person\/image\/\",\"url\":\"https:\/\/secure.gravatar.com\/avatar\/36112fa5997be9e3b9acb0c60a4a1075?s=96&d=mm&r=g\",\"contentUrl\":\"https:\/\/secure.gravatar.com\/avatar\/36112fa5997be9e3b9acb0c60a4a1075?s=96&d=mm&r=g\",\"caption\":\"yann Le Sager\"},\"url\":\"https:\/\/www.ricom-web8.com\/gestions\/author\/lesager-yannstudioricom-com\/\"}]}<\/script>\n<!-- \/ Yoast SEO plugin. -->","yoast_head_json":{"title":"Les conflits d\u2019int\u00e9r\u00eats - Gestions hospitali\u00e8res","robots":{"index":"index","follow":"follow","max-snippet":"max-snippet:-1","max-image-preview":"max-image-preview:large","max-video-preview":"max-video-preview:-1"},"canonical":"https:\/\/www.ricom-web8.com\/gestions\/les-conflits-dinterets\/","og_locale":"fr_FR","og_type":"article","og_title":"Les conflits d\u2019int\u00e9r\u00eats - Gestions hospitali\u00e8res","og_description":"Temps de lecture\u00a0:  6 minutesLes conflits d\u2019int\u00e9r\u00eats comme notion juridique sont \u00e0 l\u2019honneur. Dans le champ politique comme dans celui de la sant\u00e9, voire bien d\u2019autres, l\u2019actualit\u00e9 en donne de nombreux exemples L\u2019\u00e9mergence forte de la question date d\u2019une dizaine d\u2019ann\u00e9es avec une acc\u00e9l\u00e9ration ces cinq derni\u00e8res. Note de lecture de l\u2019ouvrage de Jo\u00ebl Moret-Bailly, professeur de droit priv\u00e9 et sciences criminelles, sur cette question de plus en plus pos\u00e9e et trait\u00e9e.","og_url":"https:\/\/www.ricom-web8.com\/gestions\/les-conflits-dinterets\/","og_site_name":"Gestions hospitali\u00e8res","article_publisher":"https:\/\/www.facebook.com\/gestionshospitalieres\/","article_published_time":"2014-09-30T22:00:00+00:00","article_modified_time":"2018-04-05T08:19:10+00:00","og_image":[{"url":"https:\/\/gestions-hospitalieres.fr\/wp-content\/uploads\/ill_2014_475_01_0.png","type":"","width":"","height":""}],"author":"yann Le Sager","twitter_card":"summary_large_image","twitter_creator":"@revue_GH","twitter_site":"@revue_GH","twitter_misc":{"\u00c9crit par":"yann Le Sager","Dur\u00e9e de lecture estim\u00e9e":"10 minutes"},"schema":{"@context":"https:\/\/schema.org","@graph":[{"@type":"Article","@id":"https:\/\/www.ricom-web8.com\/gestions\/les-conflits-dinterets\/#article","isPartOf":{"@id":"https:\/\/www.ricom-web8.com\/gestions\/les-conflits-dinterets\/"},"author":{"name":"yann Le Sager","@id":"https:\/\/www.ricom-web8.com\/gestions\/#\/schema\/person\/810c9671279c5f5a094f6f0a42237516"},"headline":"Les conflits d\u2019int\u00e9r\u00eats","datePublished":"2014-09-30T22:00:00+00:00","dateModified":"2018-04-05T08:19:10+00:00","mainEntityOfPage":{"@id":"https:\/\/www.ricom-web8.com\/gestions\/les-conflits-dinterets\/"},"wordCount":1936,"publisher":{"@id":"https:\/\/www.ricom-web8.com\/gestions\/#organization"},"image":{"@id":"https:\/\/www.ricom-web8.com\/gestions\/les-conflits-dinterets\/#primaryimage"},"thumbnailUrl":"https:\/\/gestions-hospitalieres.fr\/wp-content\/uploads\/ill_2014_475_01_0.png","keywords":["assurance maladie","conflits d\u2019int\u00e9r\u00eats","CSP","d\u00e9ontologie"],"articleSection":["Gestions Hospitali\u00e8res","note de lecture"],"inLanguage":"fr-FR"},{"@type":"WebPage","@id":"https:\/\/www.ricom-web8.com\/gestions\/les-conflits-dinterets\/","url":"https:\/\/www.ricom-web8.com\/gestions\/les-conflits-dinterets\/","name":"Les conflits d\u2019int\u00e9r\u00eats - Gestions hospitali\u00e8res","isPartOf":{"@id":"https:\/\/www.ricom-web8.com\/gestions\/#website"},"primaryImageOfPage":{"@id":"https:\/\/www.ricom-web8.com\/gestions\/les-conflits-dinterets\/#primaryimage"},"image":{"@id":"https:\/\/www.ricom-web8.com\/gestions\/les-conflits-dinterets\/#primaryimage"},"thumbnailUrl":"https:\/\/gestions-hospitalieres.fr\/wp-content\/uploads\/ill_2014_475_01_0.png","datePublished":"2014-09-30T22:00:00+00:00","dateModified":"2018-04-05T08:19:10+00:00","breadcrumb":{"@id":"https:\/\/www.ricom-web8.com\/gestions\/les-conflits-dinterets\/#breadcrumb"},"inLanguage":"fr-FR","potentialAction":[{"@type":"ReadAction","target":["https:\/\/www.ricom-web8.com\/gestions\/les-conflits-dinterets\/"]}]},{"@type":"ImageObject","inLanguage":"fr-FR","@id":"https:\/\/www.ricom-web8.com\/gestions\/les-conflits-dinterets\/#primaryimage","url":"https:\/\/gestions-hospitalieres.fr\/wp-content\/uploads\/ill_2014_475_01_0.png","contentUrl":"https:\/\/gestions-hospitalieres.fr\/wp-content\/uploads\/ill_2014_475_01_0.png"},{"@type":"BreadcrumbList","@id":"https:\/\/www.ricom-web8.com\/gestions\/les-conflits-dinterets\/#breadcrumb","itemListElement":[{"@type":"ListItem","position":1,"name":"Accueil","item":"https:\/\/www.ricom-web8.com\/gestions\/"},{"@type":"ListItem","position":2,"name":"Les conflits d\u2019int\u00e9r\u00eats"}]},{"@type":"WebSite","@id":"https:\/\/www.ricom-web8.com\/gestions\/#website","url":"https:\/\/www.ricom-web8.com\/gestions\/","name":"Gestions hospitali\u00e8res","description":"la revue des d\u00e9cideurs hospitaliers","publisher":{"@id":"https:\/\/www.ricom-web8.com\/gestions\/#organization"},"potentialAction":[{"@type":"SearchAction","target":{"@type":"EntryPoint","urlTemplate":"https:\/\/www.ricom-web8.com\/gestions\/?s={search_term_string}"},"query-input":{"@type":"PropertyValueSpecification","valueRequired":true,"valueName":"search_term_string"}}],"inLanguage":"fr-FR"},{"@type":"Organization","@id":"https:\/\/www.ricom-web8.com\/gestions\/#organization","name":"Gestions hospitali\u00e8res","url":"https:\/\/www.ricom-web8.com\/gestions\/","logo":{"@type":"ImageObject","inLanguage":"fr-FR","@id":"https:\/\/www.ricom-web8.com\/gestions\/#\/schema\/logo\/image\/","url":"https:\/\/gestions-hospitalieres.fr\/wp-content\/uploads\/2017\/02\/picto_Gif-GH-trans.png","contentUrl":"https:\/\/gestions-hospitalieres.fr\/wp-content\/uploads\/2017\/02\/picto_Gif-GH-trans.png","width":512,"height":512,"caption":"Gestions hospitali\u00e8res"},"image":{"@id":"https:\/\/www.ricom-web8.com\/gestions\/#\/schema\/logo\/image\/"},"sameAs":["https:\/\/www.facebook.com\/gestionshospitalieres\/","https:\/\/x.com\/revue_GH","https:\/\/www.linkedin.com\/company\/gestions-hospitalieres?trk=top_nav_home"]},{"@type":"Person","@id":"https:\/\/www.ricom-web8.com\/gestions\/#\/schema\/person\/810c9671279c5f5a094f6f0a42237516","name":"yann Le Sager","image":{"@type":"ImageObject","inLanguage":"fr-FR","@id":"https:\/\/www.ricom-web8.com\/gestions\/#\/schema\/person\/image\/","url":"https:\/\/secure.gravatar.com\/avatar\/36112fa5997be9e3b9acb0c60a4a1075?s=96&d=mm&r=g","contentUrl":"https:\/\/secure.gravatar.com\/avatar\/36112fa5997be9e3b9acb0c60a4a1075?s=96&d=mm&r=g","caption":"yann Le Sager"},"url":"https:\/\/www.ricom-web8.com\/gestions\/author\/lesager-yannstudioricom-com\/"}]}},"_links":{"self":[{"href":"https:\/\/www.ricom-web8.com\/gestions\/wp-json\/wp\/v2\/posts\/15718","targetHints":{"allow":["GET"]}}],"collection":[{"href":"https:\/\/www.ricom-web8.com\/gestions\/wp-json\/wp\/v2\/posts"}],"about":[{"href":"https:\/\/www.ricom-web8.com\/gestions\/wp-json\/wp\/v2\/types\/post"}],"author":[{"embeddable":true,"href":"https:\/\/www.ricom-web8.com\/gestions\/wp-json\/wp\/v2\/users\/1202"}],"replies":[{"embeddable":true,"href":"https:\/\/www.ricom-web8.com\/gestions\/wp-json\/wp\/v2\/comments?post=15718"}],"version-history":[{"count":0,"href":"https:\/\/www.ricom-web8.com\/gestions\/wp-json\/wp\/v2\/posts\/15718\/revisions"}],"wp:attachment":[{"href":"https:\/\/www.ricom-web8.com\/gestions\/wp-json\/wp\/v2\/media?parent=15718"}],"wp:term":[{"taxonomy":"category","embeddable":true,"href":"https:\/\/www.ricom-web8.com\/gestions\/wp-json\/wp\/v2\/categories?post=15718"},{"taxonomy":"post_tag","embeddable":true,"href":"https:\/\/www.ricom-web8.com\/gestions\/wp-json\/wp\/v2\/tags?post=15718"}],"curies":[{"name":"wp","href":"https:\/\/api.w.org\/{rel}","templated":true}]}}