

{"id":15743,"date":"2015-01-01T00:00:00","date_gmt":"2014-12-31T23:00:00","guid":{"rendered":"http:\/\/ricom-web.com\/gestions-hospitalieres\/concevoir-et-construire-un-hopital\/"},"modified":"2018-03-07T15:09:32","modified_gmt":"2018-03-07T14:09:32","slug":"concevoir-et-construire-un-hopital","status":"publish","type":"post","link":"https:\/\/www.ricom-web8.com\/gestions\/concevoir-et-construire-un-hopital\/","title":{"rendered":"Concevoir et construire un h\u00f4pital"},"content":{"rendered":"<span class=\"span-reading-time rt-reading-time\" style=\"display: block;\"><span class=\"rt-label rt-prefix\">Temps de lecture\u00a0: <\/span> <span class=\"rt-time\"> 4<\/span> <span class=\"rt-label rt-postfix\">minutes<\/span><\/span><p>Dans le domaine des \u00e9tablissements de sant\u00e9, il existe de tr\u00e8s beaux ouvrages qui pr\u00e9sentent l\u2019\u00e9volution de la conception des h\u00f4pitaux dans l\u2019histoire ou qui \u00e9tablissent des comparaisons internationales. Chaque agence d\u2019architectes publie \u00e9galement des recueils de ses projets soumis aux concours ou r\u00e9alis\u00e9s.<\/p>\n<p>Mon id\u00e9e \u00e9tait de proposer un ouvrage de r\u00e9f\u00e9rence, con\u00e7u comme une aide \u00e0 la d\u00e9cision pour les ma\u00eetres d\u2019ouvrage et les ma\u00eetres d\u2019\u0153uvre, et plus g\u00e9n\u00e9ralement tous les professionnels qui participent \u00e0 la conception des h\u00f4pitaux, de la naissance d\u2019un projet \u00e0 l\u2019accueil des premiers patients.<\/p>\n<p>Loin de toute chapelle, refusant de proposer un mod\u00e8le universel, je voulais que <em>Concevoir et construire un h\u00f4pital<\/em> soit \u00e0 la fois un guide pour l\u2019action, un livre de t\u00e9moignages et un lieu de rencontre et de confrontation des points de vue des diff\u00e9rents acteurs impliqu\u00e9s dans une op\u00e9ration de construction hospitali\u00e8re, de l\u2019analyse patrimoniale \u00e0 l\u2019exploitation du b\u00e2timent.<\/p>\n<figure style=\"width: 600px\" class=\"wp-caption alignnone\"><img decoding=\"async\" src=\"https:\/\/gestions-hospitalieres.fr\/wp-content\/uploads\/ill_2015_8_1.png\" alt=\"maternit\u00e9 d'angers\" width=\"600\" height=\"315\" data-entity-type=\"file\" data-entity-uuid=\"aad67db5-41d7-4589-95a5-2f7d25e5020b\" \/><figcaption class=\"wp-caption-text\">La maternit\u00e9 du CHU d\u2019Angers (agence Rocheteau-Saillard). \u00a9 Catherine Jouant<\/figcaption><\/figure>\n<figure id=\"attachment_26363\" aria-describedby=\"caption-attachment-26363\" style=\"width: 600px\" class=\"wp-caption alignnone\"><img decoding=\"async\" class=\"wp-image-26363 size-full\" title=\"Le centre hospitalier de Carcassonne (AIA Associ\u00e9s)\" src=\"https:\/\/gestions-hospitalieres.fr\/wp-content\/uploads\/2015\/01\/ill_2015_8_2.png\" alt=\"ill_2015_8_2\" width=\"600\" height=\"380\" srcset=\"https:\/\/www.ricom-web8.com\/gestions\/wp-content\/uploads\/2015\/01\/ill_2015_8_2.png 600w, https:\/\/www.ricom-web8.com\/gestions\/wp-content\/uploads\/2015\/01\/ill_2015_8_2-300x190.png 300w\" sizes=\"(max-width: 600px) 100vw, 600px\" \/><figcaption id=\"caption-attachment-26363\" class=\"wp-caption-text\">Le centre hospitalier de Carcassonne (AIA Associ\u00e9s) \u00ab\u2009Aux portes de la cit\u00e9 historique de Carcassonne, le nouvel h\u00f4pital constitue l\u2019\u00e9l\u00e9ment f\u00e9d\u00e9rateur d\u2019un quartier hospitalier en d\u00e9veloppement. Il se love dans une forme enveloppante qui se creuse pour accueillir une place d\u2019accueil prot\u00e9g\u00e9e des vents.\u2009\u00bb \u00a9 Guillaume Satre<\/figcaption><\/figure>\n<figure id=\"attachment_26362\" aria-describedby=\"caption-attachment-26362\" style=\"width: 600px\" class=\"wp-caption alignnone\"><img decoding=\"async\" class=\"wp-image-26362 size-full\" title=\"Le centre r\u00e9gional de Metz-Thionville (AART Farah Architectes Associ\u00e9s)\" src=\"https:\/\/gestions-hospitalieres.fr\/wp-content\/uploads\/2015\/01\/ill_2015_8_3.png\" alt=\"ill_2015_8_3\" width=\"600\" height=\"384\" srcset=\"https:\/\/www.ricom-web8.com\/gestions\/wp-content\/uploads\/2015\/01\/ill_2015_8_3.png 600w, https:\/\/www.ricom-web8.com\/gestions\/wp-content\/uploads\/2015\/01\/ill_2015_8_3-300x192.png 300w\" sizes=\"(max-width: 600px) 100vw, 600px\" \/><figcaption id=\"caption-attachment-26362\" class=\"wp-caption-text\">Le centre r\u00e9gional de Metz-Thionville (AART Farah Architectes Associ\u00e9s) \u00ab\u2009Sous la r\u00e9sille translucide monumentale qui signale l\u2019entr\u00e9e du b\u00e2timent s\u2019avance le hall d\u2019accueil, profitant de la vue sur le ch\u00e2teau de Mercy, pi\u00e8ce historique du nouvel \u00e9chiquier hospitalier.\u2009\u00bb \u00a9 Antonio Martinelli<\/figcaption><\/figure>\n<figure id=\"attachment_26361\" aria-describedby=\"caption-attachment-26361\" style=\"width: 600px\" class=\"wp-caption alignnone\"><img decoding=\"async\" class=\"wp-image-26361 size-full\" title=\"Le centre hospitalier de la C\u00f4te basque, Bayonne\u00a0 (AART Farah Architectes Associ\u00e9s)\" src=\"https:\/\/gestions-hospitalieres.fr\/wp-content\/uploads\/2015\/01\/ill_2015_8_4.png\" alt=\"ill_2015_8_4\" width=\"600\" height=\"431\" srcset=\"https:\/\/www.ricom-web8.com\/gestions\/wp-content\/uploads\/2015\/01\/ill_2015_8_4.png 600w, https:\/\/www.ricom-web8.com\/gestions\/wp-content\/uploads\/2015\/01\/ill_2015_8_4-300x216.png 300w\" sizes=\"(max-width: 600px) 100vw, 600px\" \/><figcaption id=\"caption-attachment-26361\" class=\"wp-caption-text\">Le centre hospitalier de la C\u00f4te basque, Bayonne\u00a0 (AART Farah Architectes Associ\u00e9s) \u00ab\u2009Depuis le hall d\u2019accueil, le carr\u00e9 historique Saint-L\u00e9on est mis en sc\u00e8ne, valorisant la vue. Il offre l\u2019exemple d\u2019une alliance r\u00e9ussie entre deux \u00e9poques, deux architectures.\u2009\u00bb \u00a9 Antonio Martinelli<\/figcaption><\/figure>\n<p>J\u2019ai rassembl\u00e9 une trentaine d\u2019auteurs, issus de diff\u00e9rents types d\u2019\u00e9tablissements, de diff\u00e9rents m\u00e9tiers et de fonctions qui cohabitent et dialoguent autour d\u2019un projet de conception et de construction\u2009: grands noms de l\u2019architecture hospitali\u00e8re, responsables de la ma\u00eetrise d\u2019ouvrage, ancien directeur d\u2019agence r\u00e9gionale de l\u2019hospitalisation, programmistes, architectes et ing\u00e9nieurs de conception, m\u00e9decins et enseignants\u2026<\/p>\n<p>Les responsables hospitaliers sont actuellement tous investis dans des op\u00e9rations de restructuration, d\u2019adaptation ou de construction de l\u2019h\u00f4pital. Elles sont n\u00e9cessaires pour adapter les h\u00f4pitaux aux \u00e9volutions de la m\u00e9decine et des technologies qui entourent les soins, \u00e0 la prise en compte d\u2019une r\u00e9glementation toujours plus contraignante. Mais elles sont \u00e9galement li\u00e9es aux strat\u00e9gies propres \u00e0 chaque \u00e9tablissement\u2009: d\u00e9marches environnementales volontaristes, actions de coop\u00e9rations, r\u00e9ponse \u00e0 la concurrence et aux attentes l\u00e9gitimes des patients.<\/p>\n<p>Ces op\u00e9rations doivent r\u00e9pondre \u00e0 de nouveaux enjeux et sont le fruit d\u2019un travail pluridisciplinaire associant les hospitaliers, les patients, les acteurs du territoire et les professionnels de la conception et de la construction. Op\u00e9rations \u00e9conomes des deniers publics en phase de construction comme d\u2019exploitation, respectueuses de l\u2019environnement, adapt\u00e9es aux \u00e9volutions des prises en charge, flexibles dans l\u2019avenir, leur r\u00e9ussite conditionne la capacit\u00e9 de l\u2019h\u00f4pital \u00e0 assumer sa mission.<\/p>\n<p>L\u2019organisation des chapitres suit la chronologie d\u2019une op\u00e9ration, de la r\u00e9flexion initiale au d\u00e9m\u00e9nagement dans les nouveaux locaux en passant par la phase chantier.<\/p>\n<p>Nous avons ainsi eu la chance de pouvoir donner la parole aux \u00e9quipes du centre hospitalier d\u2019Al\u00e8s qui travaillent aujourd\u2019hui dans un h\u00f4pital neuf et qui t\u00e9moignent des \u00ab\u2009chantiers parall\u00e8les\u2009\u00bb indispensables au transfert dans les nouveaux locaux. C\u2019est toute la logistique pr\u00e9paratoire du d\u00e9m\u00e9nagement qui est expliqu\u00e9e\u2009: formation des personnels aux nouveaux \u00e9quipements et aux nouvelles organisations de travail\u00a0; conception et stabilisation de l\u2019ensemble de l\u2019architecture informatique qui permettra aux \u00e9quipements et aux informations concernant les patients de fonctionner sans interruption\u2009; la strat\u00e9gie de communication permettant d\u2019accompagner le nouvel h\u00f4pital et de cr\u00e9er une nouvelle identit\u00e9 aupr\u00e8s des personnels comme de la population.<\/p>\n<p>J\u2019ai \u00e9galement trouv\u00e9 les prises de parole des architectes passionnantes. En \u00e9cho aux enjeux auxquels sont confront\u00e9s les ma\u00eetres d\u2019ouvrage, elles permettent de comprendre et partager la philosophie qui guide le concepteur d\u2019un projet.<\/p>\n<p><img decoding=\"async\" class=\"alignleft\" src=\"https:\/\/gestions-hospitalieres.fr\/wp-content\/uploads\/ill_2015_8_5.png\" alt=\"couverture concevoir et construire un h\u00f4pital\" data-entity-type=\"file\" data-entity-uuid=\"8025abf9-a832-487d-a522-35fea507fd71\" \/><\/p>\n<p><em>Concevoir et construire un h\u00f4pital.<br \/>\nH\u00f4pitaux, cliniques, centres ambulatoires<br \/>\n<\/em>Sous la direction de Yann Bubien<br \/>\n\u00c9ditions du Moniteur, novembre 2014, 79 \u20ac<\/p>\n<script>function PlayerjsAsync(){} if(window[\"Playerjs\"]){PlayerjsAsync();}<\/script>","protected":false},"excerpt":{"rendered":"<p><span class=\"span-reading-time rt-reading-time\" style=\"display: block;\"><span class=\"rt-label rt-prefix\">Temps de lecture\u00a0: <\/span> <span class=\"rt-time\"> 4<\/span> <span class=\"rt-label rt-postfix\">minutes<\/span><\/span>L\u2019id\u00e9e du livre est n\u00e9e de la lecture du premier ouvrage de la collection \u00ab\u2009Concevoir et construire\u2026\u2009\u00bb, lanc\u00e9e par les \u00e9ditions du Moniteur en 2010, qui \u00e9tait consacr\u00e9 aux biblioth\u00e8ques. J\u2019ai \u00e9t\u00e9 imm\u00e9diatement s\u00e9duit par la qualit\u00e9 \u00e9ditoriale de la collection, la qualit\u00e9 des images, puis, \u00e0 la lecture, par la richesse apport\u00e9e par la diversit\u00e9 des points de vue, qui font l\u2019originalit\u00e9 de la collection.<\/p>\n","protected":false},"author":1202,"featured_media":0,"comment_status":"closed","ping_status":"open","sticky":false,"template":"","format":"standard","meta":{"_acf_changed":false,"_relevanssi_hide_post":"","_relevanssi_hide_content":"","_relevanssi_pin_for_all":"","_relevanssi_pin_keywords":"","_relevanssi_unpin_keywords":"","_relevanssi_related_keywords":"","_relevanssi_related_include_ids":"","_relevanssi_related_exclude_ids":"","_relevanssi_related_no_append":"","_relevanssi_related_not_related":"","_relevanssi_related_posts":"","_relevanssi_noindex_reason":"","footnotes":""},"categories":[3,2],"tags":[790,504,156,1836,1837],"class_list":["post-15743","post","type-post","status-publish","format-standard","hentry","category-experience","category-gestions-hospitalieres","tag-architecture","tag-construction","tag-hopital","tag-maitre-douvrage","tag-maitre-doeuvre"],"acf":[],"yoast_head":"<!-- This site is optimized with the Yoast SEO plugin v24.8.1 - https:\/\/yoast.com\/wordpress\/plugins\/seo\/ -->\n<title>Concevoir et construire un h\u00f4pital - Gestions hospitali\u00e8res<\/title>\n<meta name=\"robots\" content=\"index, follow, max-snippet:-1, max-image-preview:large, max-video-preview:-1\" \/>\n<link rel=\"canonical\" href=\"https:\/\/www.ricom-web8.com\/gestions\/concevoir-et-construire-un-hopital\/\" \/>\n<meta property=\"og:locale\" content=\"fr_FR\" \/>\n<meta property=\"og:type\" content=\"article\" \/>\n<meta property=\"og:title\" content=\"Concevoir et construire un h\u00f4pital - Gestions hospitali\u00e8res\" \/>\n<meta property=\"og:description\" content=\"Temps de lecture\u00a0:  4 minutesL\u2019id\u00e9e du livre est n\u00e9e de la lecture du premier ouvrage de la collection \u00ab\u2009Concevoir et construire\u2026\u2009\u00bb, lanc\u00e9e par les \u00e9ditions du Moniteur en 2010, qui \u00e9tait consacr\u00e9 aux biblioth\u00e8ques. J\u2019ai \u00e9t\u00e9 imm\u00e9diatement s\u00e9duit par la qualit\u00e9 \u00e9ditoriale de la collection, la qualit\u00e9 des images, puis, \u00e0 la lecture, par la richesse apport\u00e9e par la diversit\u00e9 des points de vue, qui font l\u2019originalit\u00e9 de la collection.\" \/>\n<meta property=\"og:url\" content=\"https:\/\/www.ricom-web8.com\/gestions\/concevoir-et-construire-un-hopital\/\" \/>\n<meta property=\"og:site_name\" content=\"Gestions hospitali\u00e8res\" \/>\n<meta property=\"article:publisher\" content=\"https:\/\/www.facebook.com\/gestionshospitalieres\/\" \/>\n<meta property=\"article:published_time\" content=\"2014-12-31T23:00:00+00:00\" \/>\n<meta property=\"article:modified_time\" content=\"2018-03-07T14:09:32+00:00\" \/>\n<meta property=\"og:image\" content=\"https:\/\/gestions-hospitalieres.fr\/wp-content\/uploads\/ill_2015_8_1.png\" \/>\n<meta name=\"author\" content=\"yann Le Sager\" \/>\n<meta name=\"twitter:card\" content=\"summary_large_image\" \/>\n<meta name=\"twitter:creator\" content=\"@revue_GH\" \/>\n<meta name=\"twitter:site\" content=\"@revue_GH\" \/>\n<meta name=\"twitter:label1\" content=\"\u00c9crit par\" \/>\n\t<meta name=\"twitter:data1\" content=\"yann Le Sager\" \/>\n\t<meta name=\"twitter:label2\" content=\"Dur\u00e9e de lecture estim\u00e9e\" \/>\n\t<meta name=\"twitter:data2\" content=\"4 minutes\" \/>\n<script type=\"application\/ld+json\" class=\"yoast-schema-graph\">{\"@context\":\"https:\/\/schema.org\",\"@graph\":[{\"@type\":\"Article\",\"@id\":\"https:\/\/www.ricom-web8.com\/gestions\/concevoir-et-construire-un-hopital\/#article\",\"isPartOf\":{\"@id\":\"https:\/\/www.ricom-web8.com\/gestions\/concevoir-et-construire-un-hopital\/\"},\"author\":{\"name\":\"yann Le Sager\",\"@id\":\"https:\/\/www.ricom-web8.com\/gestions\/#\/schema\/person\/810c9671279c5f5a094f6f0a42237516\"},\"headline\":\"Concevoir et construire un h\u00f4pital\",\"datePublished\":\"2014-12-31T23:00:00+00:00\",\"dateModified\":\"2018-03-07T14:09:32+00:00\",\"mainEntityOfPage\":{\"@id\":\"https:\/\/www.ricom-web8.com\/gestions\/concevoir-et-construire-un-hopital\/\"},\"wordCount\":820,\"publisher\":{\"@id\":\"https:\/\/www.ricom-web8.com\/gestions\/#organization\"},\"image\":{\"@id\":\"https:\/\/www.ricom-web8.com\/gestions\/concevoir-et-construire-un-hopital\/#primaryimage\"},\"thumbnailUrl\":\"https:\/\/gestions-hospitalieres.fr\/wp-content\/uploads\/ill_2015_8_1.png\",\"keywords\":[\"architecture\",\"construction\",\"h\u00f4pital\",\"ma\u00eetre d\u2019ouvrage\",\"ma\u00eetre d\u2019\u0153uvre\"],\"articleSection\":[\"exp\u00e9rience\",\"Gestions Hospitali\u00e8res\"],\"inLanguage\":\"fr-FR\"},{\"@type\":\"WebPage\",\"@id\":\"https:\/\/www.ricom-web8.com\/gestions\/concevoir-et-construire-un-hopital\/\",\"url\":\"https:\/\/www.ricom-web8.com\/gestions\/concevoir-et-construire-un-hopital\/\",\"name\":\"Concevoir et construire un h\u00f4pital - Gestions hospitali\u00e8res\",\"isPartOf\":{\"@id\":\"https:\/\/www.ricom-web8.com\/gestions\/#website\"},\"primaryImageOfPage\":{\"@id\":\"https:\/\/www.ricom-web8.com\/gestions\/concevoir-et-construire-un-hopital\/#primaryimage\"},\"image\":{\"@id\":\"https:\/\/www.ricom-web8.com\/gestions\/concevoir-et-construire-un-hopital\/#primaryimage\"},\"thumbnailUrl\":\"https:\/\/gestions-hospitalieres.fr\/wp-content\/uploads\/ill_2015_8_1.png\",\"datePublished\":\"2014-12-31T23:00:00+00:00\",\"dateModified\":\"2018-03-07T14:09:32+00:00\",\"breadcrumb\":{\"@id\":\"https:\/\/www.ricom-web8.com\/gestions\/concevoir-et-construire-un-hopital\/#breadcrumb\"},\"inLanguage\":\"fr-FR\",\"potentialAction\":[{\"@type\":\"ReadAction\",\"target\":[\"https:\/\/www.ricom-web8.com\/gestions\/concevoir-et-construire-un-hopital\/\"]}]},{\"@type\":\"ImageObject\",\"inLanguage\":\"fr-FR\",\"@id\":\"https:\/\/www.ricom-web8.com\/gestions\/concevoir-et-construire-un-hopital\/#primaryimage\",\"url\":\"https:\/\/gestions-hospitalieres.fr\/wp-content\/uploads\/ill_2015_8_1.png\",\"contentUrl\":\"https:\/\/gestions-hospitalieres.fr\/wp-content\/uploads\/ill_2015_8_1.png\"},{\"@type\":\"BreadcrumbList\",\"@id\":\"https:\/\/www.ricom-web8.com\/gestions\/concevoir-et-construire-un-hopital\/#breadcrumb\",\"itemListElement\":[{\"@type\":\"ListItem\",\"position\":1,\"name\":\"Accueil\",\"item\":\"https:\/\/www.ricom-web8.com\/gestions\/\"},{\"@type\":\"ListItem\",\"position\":2,\"name\":\"Concevoir et construire un h\u00f4pital\"}]},{\"@type\":\"WebSite\",\"@id\":\"https:\/\/www.ricom-web8.com\/gestions\/#website\",\"url\":\"https:\/\/www.ricom-web8.com\/gestions\/\",\"name\":\"Gestions hospitali\u00e8res\",\"description\":\"la revue des d\u00e9cideurs hospitaliers\",\"publisher\":{\"@id\":\"https:\/\/www.ricom-web8.com\/gestions\/#organization\"},\"potentialAction\":[{\"@type\":\"SearchAction\",\"target\":{\"@type\":\"EntryPoint\",\"urlTemplate\":\"https:\/\/www.ricom-web8.com\/gestions\/?s={search_term_string}\"},\"query-input\":{\"@type\":\"PropertyValueSpecification\",\"valueRequired\":true,\"valueName\":\"search_term_string\"}}],\"inLanguage\":\"fr-FR\"},{\"@type\":\"Organization\",\"@id\":\"https:\/\/www.ricom-web8.com\/gestions\/#organization\",\"name\":\"Gestions hospitali\u00e8res\",\"url\":\"https:\/\/www.ricom-web8.com\/gestions\/\",\"logo\":{\"@type\":\"ImageObject\",\"inLanguage\":\"fr-FR\",\"@id\":\"https:\/\/www.ricom-web8.com\/gestions\/#\/schema\/logo\/image\/\",\"url\":\"https:\/\/gestions-hospitalieres.fr\/wp-content\/uploads\/2017\/02\/picto_Gif-GH-trans.png\",\"contentUrl\":\"https:\/\/gestions-hospitalieres.fr\/wp-content\/uploads\/2017\/02\/picto_Gif-GH-trans.png\",\"width\":512,\"height\":512,\"caption\":\"Gestions hospitali\u00e8res\"},\"image\":{\"@id\":\"https:\/\/www.ricom-web8.com\/gestions\/#\/schema\/logo\/image\/\"},\"sameAs\":[\"https:\/\/www.facebook.com\/gestionshospitalieres\/\",\"https:\/\/x.com\/revue_GH\",\"https:\/\/www.linkedin.com\/company\/gestions-hospitalieres?trk=top_nav_home\"]},{\"@type\":\"Person\",\"@id\":\"https:\/\/www.ricom-web8.com\/gestions\/#\/schema\/person\/810c9671279c5f5a094f6f0a42237516\",\"name\":\"yann Le Sager\",\"image\":{\"@type\":\"ImageObject\",\"inLanguage\":\"fr-FR\",\"@id\":\"https:\/\/www.ricom-web8.com\/gestions\/#\/schema\/person\/image\/\",\"url\":\"https:\/\/secure.gravatar.com\/avatar\/36112fa5997be9e3b9acb0c60a4a1075?s=96&d=mm&r=g\",\"contentUrl\":\"https:\/\/secure.gravatar.com\/avatar\/36112fa5997be9e3b9acb0c60a4a1075?s=96&d=mm&r=g\",\"caption\":\"yann Le Sager\"},\"url\":\"https:\/\/www.ricom-web8.com\/gestions\/author\/lesager-yannstudioricom-com\/\"}]}<\/script>\n<!-- \/ Yoast SEO plugin. -->","yoast_head_json":{"title":"Concevoir et construire un h\u00f4pital - Gestions hospitali\u00e8res","robots":{"index":"index","follow":"follow","max-snippet":"max-snippet:-1","max-image-preview":"max-image-preview:large","max-video-preview":"max-video-preview:-1"},"canonical":"https:\/\/www.ricom-web8.com\/gestions\/concevoir-et-construire-un-hopital\/","og_locale":"fr_FR","og_type":"article","og_title":"Concevoir et construire un h\u00f4pital - Gestions hospitali\u00e8res","og_description":"Temps de lecture\u00a0:  4 minutesL\u2019id\u00e9e du livre est n\u00e9e de la lecture du premier ouvrage de la collection \u00ab\u2009Concevoir et construire\u2026\u2009\u00bb, lanc\u00e9e par les \u00e9ditions du Moniteur en 2010, qui \u00e9tait consacr\u00e9 aux biblioth\u00e8ques. J\u2019ai \u00e9t\u00e9 imm\u00e9diatement s\u00e9duit par la qualit\u00e9 \u00e9ditoriale de la collection, la qualit\u00e9 des images, puis, \u00e0 la lecture, par la richesse apport\u00e9e par la diversit\u00e9 des points de vue, qui font l\u2019originalit\u00e9 de la collection.","og_url":"https:\/\/www.ricom-web8.com\/gestions\/concevoir-et-construire-un-hopital\/","og_site_name":"Gestions hospitali\u00e8res","article_publisher":"https:\/\/www.facebook.com\/gestionshospitalieres\/","article_published_time":"2014-12-31T23:00:00+00:00","article_modified_time":"2018-03-07T14:09:32+00:00","og_image":[{"url":"https:\/\/gestions-hospitalieres.fr\/wp-content\/uploads\/ill_2015_8_1.png","type":"","width":"","height":""}],"author":"yann Le Sager","twitter_card":"summary_large_image","twitter_creator":"@revue_GH","twitter_site":"@revue_GH","twitter_misc":{"\u00c9crit par":"yann Le Sager","Dur\u00e9e de lecture estim\u00e9e":"4 minutes"},"schema":{"@context":"https:\/\/schema.org","@graph":[{"@type":"Article","@id":"https:\/\/www.ricom-web8.com\/gestions\/concevoir-et-construire-un-hopital\/#article","isPartOf":{"@id":"https:\/\/www.ricom-web8.com\/gestions\/concevoir-et-construire-un-hopital\/"},"author":{"name":"yann Le Sager","@id":"https:\/\/www.ricom-web8.com\/gestions\/#\/schema\/person\/810c9671279c5f5a094f6f0a42237516"},"headline":"Concevoir et construire un h\u00f4pital","datePublished":"2014-12-31T23:00:00+00:00","dateModified":"2018-03-07T14:09:32+00:00","mainEntityOfPage":{"@id":"https:\/\/www.ricom-web8.com\/gestions\/concevoir-et-construire-un-hopital\/"},"wordCount":820,"publisher":{"@id":"https:\/\/www.ricom-web8.com\/gestions\/#organization"},"image":{"@id":"https:\/\/www.ricom-web8.com\/gestions\/concevoir-et-construire-un-hopital\/#primaryimage"},"thumbnailUrl":"https:\/\/gestions-hospitalieres.fr\/wp-content\/uploads\/ill_2015_8_1.png","keywords":["architecture","construction","h\u00f4pital","ma\u00eetre d\u2019ouvrage","ma\u00eetre d\u2019\u0153uvre"],"articleSection":["exp\u00e9rience","Gestions Hospitali\u00e8res"],"inLanguage":"fr-FR"},{"@type":"WebPage","@id":"https:\/\/www.ricom-web8.com\/gestions\/concevoir-et-construire-un-hopital\/","url":"https:\/\/www.ricom-web8.com\/gestions\/concevoir-et-construire-un-hopital\/","name":"Concevoir et construire un h\u00f4pital - Gestions hospitali\u00e8res","isPartOf":{"@id":"https:\/\/www.ricom-web8.com\/gestions\/#website"},"primaryImageOfPage":{"@id":"https:\/\/www.ricom-web8.com\/gestions\/concevoir-et-construire-un-hopital\/#primaryimage"},"image":{"@id":"https:\/\/www.ricom-web8.com\/gestions\/concevoir-et-construire-un-hopital\/#primaryimage"},"thumbnailUrl":"https:\/\/gestions-hospitalieres.fr\/wp-content\/uploads\/ill_2015_8_1.png","datePublished":"2014-12-31T23:00:00+00:00","dateModified":"2018-03-07T14:09:32+00:00","breadcrumb":{"@id":"https:\/\/www.ricom-web8.com\/gestions\/concevoir-et-construire-un-hopital\/#breadcrumb"},"inLanguage":"fr-FR","potentialAction":[{"@type":"ReadAction","target":["https:\/\/www.ricom-web8.com\/gestions\/concevoir-et-construire-un-hopital\/"]}]},{"@type":"ImageObject","inLanguage":"fr-FR","@id":"https:\/\/www.ricom-web8.com\/gestions\/concevoir-et-construire-un-hopital\/#primaryimage","url":"https:\/\/gestions-hospitalieres.fr\/wp-content\/uploads\/ill_2015_8_1.png","contentUrl":"https:\/\/gestions-hospitalieres.fr\/wp-content\/uploads\/ill_2015_8_1.png"},{"@type":"BreadcrumbList","@id":"https:\/\/www.ricom-web8.com\/gestions\/concevoir-et-construire-un-hopital\/#breadcrumb","itemListElement":[{"@type":"ListItem","position":1,"name":"Accueil","item":"https:\/\/www.ricom-web8.com\/gestions\/"},{"@type":"ListItem","position":2,"name":"Concevoir et construire un h\u00f4pital"}]},{"@type":"WebSite","@id":"https:\/\/www.ricom-web8.com\/gestions\/#website","url":"https:\/\/www.ricom-web8.com\/gestions\/","name":"Gestions hospitali\u00e8res","description":"la revue des d\u00e9cideurs hospitaliers","publisher":{"@id":"https:\/\/www.ricom-web8.com\/gestions\/#organization"},"potentialAction":[{"@type":"SearchAction","target":{"@type":"EntryPoint","urlTemplate":"https:\/\/www.ricom-web8.com\/gestions\/?s={search_term_string}"},"query-input":{"@type":"PropertyValueSpecification","valueRequired":true,"valueName":"search_term_string"}}],"inLanguage":"fr-FR"},{"@type":"Organization","@id":"https:\/\/www.ricom-web8.com\/gestions\/#organization","name":"Gestions hospitali\u00e8res","url":"https:\/\/www.ricom-web8.com\/gestions\/","logo":{"@type":"ImageObject","inLanguage":"fr-FR","@id":"https:\/\/www.ricom-web8.com\/gestions\/#\/schema\/logo\/image\/","url":"https:\/\/gestions-hospitalieres.fr\/wp-content\/uploads\/2017\/02\/picto_Gif-GH-trans.png","contentUrl":"https:\/\/gestions-hospitalieres.fr\/wp-content\/uploads\/2017\/02\/picto_Gif-GH-trans.png","width":512,"height":512,"caption":"Gestions hospitali\u00e8res"},"image":{"@id":"https:\/\/www.ricom-web8.com\/gestions\/#\/schema\/logo\/image\/"},"sameAs":["https:\/\/www.facebook.com\/gestionshospitalieres\/","https:\/\/x.com\/revue_GH","https:\/\/www.linkedin.com\/company\/gestions-hospitalieres?trk=top_nav_home"]},{"@type":"Person","@id":"https:\/\/www.ricom-web8.com\/gestions\/#\/schema\/person\/810c9671279c5f5a094f6f0a42237516","name":"yann Le Sager","image":{"@type":"ImageObject","inLanguage":"fr-FR","@id":"https:\/\/www.ricom-web8.com\/gestions\/#\/schema\/person\/image\/","url":"https:\/\/secure.gravatar.com\/avatar\/36112fa5997be9e3b9acb0c60a4a1075?s=96&d=mm&r=g","contentUrl":"https:\/\/secure.gravatar.com\/avatar\/36112fa5997be9e3b9acb0c60a4a1075?s=96&d=mm&r=g","caption":"yann Le Sager"},"url":"https:\/\/www.ricom-web8.com\/gestions\/author\/lesager-yannstudioricom-com\/"}]}},"_links":{"self":[{"href":"https:\/\/www.ricom-web8.com\/gestions\/wp-json\/wp\/v2\/posts\/15743","targetHints":{"allow":["GET"]}}],"collection":[{"href":"https:\/\/www.ricom-web8.com\/gestions\/wp-json\/wp\/v2\/posts"}],"about":[{"href":"https:\/\/www.ricom-web8.com\/gestions\/wp-json\/wp\/v2\/types\/post"}],"author":[{"embeddable":true,"href":"https:\/\/www.ricom-web8.com\/gestions\/wp-json\/wp\/v2\/users\/1202"}],"replies":[{"embeddable":true,"href":"https:\/\/www.ricom-web8.com\/gestions\/wp-json\/wp\/v2\/comments?post=15743"}],"version-history":[{"count":0,"href":"https:\/\/www.ricom-web8.com\/gestions\/wp-json\/wp\/v2\/posts\/15743\/revisions"}],"wp:attachment":[{"href":"https:\/\/www.ricom-web8.com\/gestions\/wp-json\/wp\/v2\/media?parent=15743"}],"wp:term":[{"taxonomy":"category","embeddable":true,"href":"https:\/\/www.ricom-web8.com\/gestions\/wp-json\/wp\/v2\/categories?post=15743"},{"taxonomy":"post_tag","embeddable":true,"href":"https:\/\/www.ricom-web8.com\/gestions\/wp-json\/wp\/v2\/tags?post=15743"}],"curies":[{"name":"wp","href":"https:\/\/api.w.org\/{rel}","templated":true}]}}