

{"id":15750,"date":"2015-01-01T00:00:00","date_gmt":"2014-12-31T23:00:00","guid":{"rendered":"http:\/\/ricom-web.com\/gestions-hospitalieres\/le-conseil-des-seniors-danois\/"},"modified":"2018-03-07T15:11:25","modified_gmt":"2018-03-07T14:11:25","slug":"le-conseil-des-seniors-danois","status":"publish","type":"post","link":"https:\/\/www.ricom-web8.com\/gestions\/le-conseil-des-seniors-danois\/","title":{"rendered":"Le conseil des seniors danois"},"content":{"rendered":"<span class=\"span-reading-time rt-reading-time\" style=\"display: block;\"><span class=\"rt-label rt-prefix\">Temps de lecture\u00a0: <\/span> <span class=\"rt-time\"> 4<\/span> <span class=\"rt-label rt-postfix\">minutes<\/span><\/span><p>D\u2019apr\u00e8s une \u00e9tude de la Fondation Robert-Schuman, en 2010, au Danemark, \u00ab\u2009<em>les personnes \u00e2g\u00e9es de plus de 65 ans repr\u00e9sentaient 16,1\u2009% de la population et les plus de 80 ans 4,1\u2009%. Le taux de d\u00e9pendance vieillesse<\/em>\u2009<sup class=\"appel\" data-toggle=\"modal\" data-target=\"#notes\">(2)<\/sup> <em>\u00e9tait de 24,98\u2009% pour 2010. Il est estim\u00e9 \u00e0 37,85\u2009% pour 2030 et \u00e0 42,66\u2009% pour 2060<\/em>\u2009\u00bb. Par comparaison, en France, en 2010, les personnes \u00e2g\u00e9es de plus de 65 ans repr\u00e9sentaient 16,6\u2009% de la population, avec toutefois une part de personnes \u00e2g\u00e9es de plus de 80\u00a0ans plus importante en France (5,2\u2009%). Le taux de d\u00e9pendance vieillesse \u00e9tait de 25,81\u2009% en 2010. Il est estim\u00e9 \u00e0 39,02\u2009% en 2030 et \u00e0 45,2\u2009% en 2060.<\/p>\n<p>Le conseil des seniors danois (<em>\u00e6ldre r\u00e5det<\/em>) est charg\u00e9 de conseiller la municipalit\u00e9\u2009<sup class=\"appel\" data-toggle=\"modal\" data-target=\"#notes\">(3)<\/sup> sur la politique g\u00e9n\u00e9rale en mati\u00e8re de personnes \u00e2g\u00e9es. Il est obligatoirement consult\u00e9 avant toute d\u00e9cision du conseil municipal concernant les personnes \u00e2g\u00e9es, ce qui implique des comp\u00e9tences tr\u00e8s larges puisqu\u2019il peut \u00eatre consult\u00e9 sur la politique des transports \u00e0 la culture en passant par le logement, l\u2019urbanisme et, bien s\u00fbr, les soins de sant\u00e9 et la politique m\u00e9dico-sociale. Il peut aussi s\u2019autosaisir d\u2019un th\u00e8me\u2009; ainsi, lors du vote du budget annuel, le conseil des seniors peut demander \u00e0 ce que la municipalit\u00e9 augmente le soutien aux aidants ou renforce le personnel des maisons de retraite. En revanche, il ne s\u2019agit pas d\u2019une instance charg\u00e9e d\u2019\u00e9tudier des cas sp\u00e9cifiques (\u00e0 rebours, par exemple, des commissions des relations avec les usagers et de la qualit\u00e9 des prises en charge fran\u00e7aises).<\/p>\n<p>Le conseil des seniors ne dispose pas d\u2019un droit de veto et ses avis ne sont que consultatifs, mais ceux-ci semblent \u00eatre souvent pris en compte par les autorit\u00e9s, qui doivent par ailleurs d\u00e9battre des propositions \u00e9mises par le conseil. Certains conseils n\u2019h\u00e9sitent d\u2019ailleurs pas \u00e0 se servir des m\u00e9dias pour relayer leurs propositions, acqu\u00e9rant ainsi d\u2019autant plus d\u2019influence.<\/p>\n<p>Les membres du conseil des seniors sont \u00e9lus au suffrage direct, pour une dur\u00e9e de quatre ans, par toutes les personnes \u00e2g\u00e9es de 60\u00a0ans ou plus vivant dans la municipalit\u00e9. Chaque conseil doit comprendre au moins cinq membres titulaires et cinq membres suppl\u00e9ants, tous exer\u00e7ant leurs fonctions de fa\u00e7on b\u00e9n\u00e9vole. Le conseil dispose d\u2019un budget propre pour ses d\u00e9penses courantes et b\u00e9n\u00e9ficie d\u2019un appui logistique de la part des municipalit\u00e9s (par exemple un secr\u00e9tariat). Ses r\u00e9unions se font en g\u00e9n\u00e9ral en dehors de la pr\u00e9sence aussi bien des \u00e9lus politiques que du grand public, mais des r\u00e9unions officielles avec les \u00e9lus sont organis\u00e9es chaque ann\u00e9e.<\/p>\n<p>\u00c0 cette structure s\u2019ajoute un organisme d\u2019appel municipal contre les d\u00e9cisions ou les refus d\u2019octroi des aides sanitaires et sociales \u00e0 domicile. Cet organisme est constitu\u00e9 de repr\u00e9sentants de la municipalit\u00e9 et du conseil des seniors.<\/p>\n<p>Par ailleurs, chacune des cinq r\u00e9gions danoises a cr\u00e9\u00e9 un comit\u00e9 r\u00e9gional des conseils des seniors. De la m\u00eame fa\u00e7on, une structure nationale f\u00e9d\u00e8re les 98\u00a0conseils des seniors danois\u00a0: l\u2019Association nationale des conseils des seniors (<em>danske aeldreraad<\/em>). Cet organisme est charg\u00e9, entre autres, d\u2019aider les membres des conseils, par exemple en leur fournissant de l\u2019information ou en r\u00e9pondant \u00e0 des questions sp\u00e9cifiques. Elle sert aussi de relais entre les niveaux local, r\u00e9gional et national. Inversement, certaines municipalit\u00e9s ont fait le choix de cr\u00e9er des conseils locaux (\u00e0 l\u2019instar, en quelque sorte, des conseils de quartier en France) pour relayer l\u2019information, les demandes et les enjeux au plus pr\u00e8s des personnes \u00e2g\u00e9es.<\/p>\n<h1>Les limites<\/h1>\n<p>Si les conseils des seniors repr\u00e9sentent une avanc\u00e9e particuli\u00e8rement int\u00e9ressante pour impliquer les personnes \u00e2g\u00e9es dans la prise de d\u00e9cision institutionnelle, ils pr\u00e9sentent toutefois certaines limites, dont quelques-unes sont inh\u00e9rentes \u00e0 leur nature m\u00eame.<\/p>\n<p>En effet, d\u2019une part, contrairement aux commissions des usagers, ce n\u2019est pas le fait d\u2019\u00eatre usager du service public (comme pour les commissions des relations avec les usagers et de la qualit\u00e9 de la prise en charge \u2013 CruqPC) qui justifie ces conseils, mais le fait d\u2019appartenir \u00e0 une classe d\u2019\u00e2ge, celle des plus de 60\u00a0ans. Or, les besoins et attentes des personnes de plus de 60\u00a0ans sont susceptibles de varier consid\u00e9rablement, si bien que certaines peuvent avoir le sentiment de ne pas se reconna\u00eetre dans les propositions \u00e9mises par le conseil de leur municipalit\u00e9.<\/p>\n<p>Cette difficult\u00e9 est d\u2019ailleurs bien soulign\u00e9e par le taux de participation mod\u00e9r\u00e9, voire faible, aux \u00e9lections des conseils des seniors\u2009<sup class=\"appel\" data-toggle=\"modal\" data-target=\"#notes\">(4)<\/sup>, ce qui vient minorer leur l\u00e9gitimit\u00e9 et leur repr\u00e9sentativit\u00e9. Il est n\u00e9anmoins permis de supposer que les conseils des seniors, institution encore jeune puisqu\u2019elle a moins de vingt ans, verront leur l\u00e9gitimit\u00e9 renforc\u00e9e au fur et \u00e0 mesure qu\u2019ils prendront de l\u2019importance et que leurs propositions seront reprises par les pouvoirs publics.<\/p>\n<p>Une autre difficult\u00e9 tient en revanche au risque de multiplication de structures similaires\u2009: il n\u2019y a pas de raison de ne cr\u00e9er des conseils consultatifs que pour les personnes de plus de 60\u00a0ans, au risque de cr\u00e9er chez les pouvoirs publics un biais en faveur d\u2019une cat\u00e9gorie de la population, disposant du pouvoir de se faire entendre, et au d\u00e9triment des autres. Des instances repr\u00e9sentatives des jeunes, des actifs, des personnes handicap\u00e9es, etc. sont tout aussi l\u00e9gitimes \u00e0 \u00eatre cr\u00e9\u00e9es et entendues. Se pose alors le risque d\u2019\u00e9miettement de ces instances.<\/p>\n<p>D\u2019autre part, se pose, pour cette structure comme pour des structures ayant un fonctionnement similaire, le risque d\u2019essoufflement des acteurs. Ceux-ci exercent leurs fonctions b\u00e9n\u00e9volement et peuvent \u00eatre amen\u00e9s \u00e0 \u00eatre souvent sollicit\u00e9s, de la m\u00eame mani\u00e8re que le repr\u00e9sentant des usagers d\u2019un h\u00f4pital si\u00e8ge bien souvent \u00e0 la CruqPC et au conseil de surveillance, voire \u00e0 d\u2019autres instances, et sont sans cesse sollicit\u00e9s, au risque de l\u2019\u00e9puisement ou du d\u00e9couragement s\u2019ils ne sont pas assez pris en compte.<\/p>\n<p>Les conseils des seniors ne paraissent pas, de l\u2019aveu m\u00eame de certains \u00e9lus aux conseils, avoir chang\u00e9 la vision de la personne \u00e2g\u00e9e au Danemark. Ils repr\u00e9sentent toutefois une solution innovante \u00e0 l\u2019enjeu de prendre en compte une cat\u00e9gorie de population et ont permis d\u2019instaurer un dialogue entre les instances politiques et les repr\u00e9sentants des personnes \u00e2g\u00e9es, assurant ainsi aux personnes \u00e2g\u00e9es davantage d\u2019influence. Le mod\u00e8le pr\u00e9sente donc ses limites, mais il a le m\u00e9rite d\u2019exister et pourrait servir de guide pour accorder plus de place aux usagers.<\/p>\n<script>function PlayerjsAsync(){} if(window[\"Playerjs\"]){PlayerjsAsync();}<\/script>","protected":false},"excerpt":{"rendered":"<p><span class=\"span-reading-time rt-reading-time\" style=\"display: block;\"><span class=\"rt-label rt-prefix\">Temps de lecture\u00a0: <\/span> <span class=\"rt-time\"> 4<\/span> <span class=\"rt-label rt-postfix\">minutes<\/span><\/span>Afin que les personnes \u00e2g\u00e9es puissent \u00eatre consult\u00e9es et participer \u00e0 la d\u00e9cision publique, le Danemark a mis en place d\u00e8s 1996 des \u00ab\u2009conseils des seniors\u2009\u00bb, organismes destin\u00e9s \u00e0 permettre aux personnes de plus de 60\u00a0ans de s\u2019exprimer sur la r\u00e9glementation et les r\u00e9formes locales les concernant. \u00c0 la diff\u00e9rence d\u2019autres pays europ\u00e9ens, cette structure est obligatoire dans chaque municipalit\u00e9.<\/p>\n","protected":false},"author":1202,"featured_media":0,"comment_status":"closed","ping_status":"open","sticky":false,"template":"","format":"standard","meta":{"_acf_changed":false,"_relevanssi_hide_post":"","_relevanssi_hide_content":"","_relevanssi_pin_for_all":"","_relevanssi_pin_keywords":"","_relevanssi_unpin_keywords":"","_relevanssi_related_keywords":"","_relevanssi_related_include_ids":"","_relevanssi_related_exclude_ids":"","_relevanssi_related_no_append":"","_relevanssi_related_not_related":"","_relevanssi_related_posts":"","_relevanssi_noindex_reason":"","footnotes":""},"categories":[26,2],"tags":[1857,1856,1846,1858],"class_list":["post-15750","post","type-post","status-publish","format-standard","hentry","category-dossier","category-gestions-hospitalieres","tag-conseil-des-seniors","tag-danemark","tag-participation","tag-personnes-agees"],"acf":[],"yoast_head":"<!-- This site is optimized with the Yoast SEO plugin v24.8.1 - https:\/\/yoast.com\/wordpress\/plugins\/seo\/ -->\n<title>Le conseil des seniors danois - Gestions hospitali\u00e8res<\/title>\n<meta name=\"robots\" content=\"index, follow, max-snippet:-1, max-image-preview:large, max-video-preview:-1\" \/>\n<link rel=\"canonical\" href=\"https:\/\/www.ricom-web8.com\/gestions\/le-conseil-des-seniors-danois\/\" \/>\n<meta property=\"og:locale\" content=\"fr_FR\" \/>\n<meta property=\"og:type\" content=\"article\" \/>\n<meta property=\"og:title\" content=\"Le conseil des seniors danois - Gestions hospitali\u00e8res\" \/>\n<meta property=\"og:description\" content=\"Temps de lecture\u00a0:  4 minutesAfin que les personnes \u00e2g\u00e9es puissent \u00eatre consult\u00e9es et participer \u00e0 la d\u00e9cision publique, le Danemark a mis en place d\u00e8s 1996 des \u00ab\u2009conseils des seniors\u2009\u00bb, organismes destin\u00e9s \u00e0 permettre aux personnes de plus de 60\u00a0ans de s\u2019exprimer sur la r\u00e9glementation et les r\u00e9formes locales les concernant. \u00c0 la diff\u00e9rence d\u2019autres pays europ\u00e9ens, cette structure est obligatoire dans chaque municipalit\u00e9.\" \/>\n<meta property=\"og:url\" content=\"https:\/\/www.ricom-web8.com\/gestions\/le-conseil-des-seniors-danois\/\" \/>\n<meta property=\"og:site_name\" content=\"Gestions hospitali\u00e8res\" \/>\n<meta property=\"article:publisher\" content=\"https:\/\/www.facebook.com\/gestionshospitalieres\/\" \/>\n<meta property=\"article:published_time\" content=\"2014-12-31T23:00:00+00:00\" \/>\n<meta property=\"article:modified_time\" content=\"2018-03-07T14:11:25+00:00\" \/>\n<meta name=\"author\" content=\"yann Le Sager\" \/>\n<meta name=\"twitter:card\" content=\"summary_large_image\" \/>\n<meta name=\"twitter:creator\" content=\"@revue_GH\" \/>\n<meta name=\"twitter:site\" content=\"@revue_GH\" \/>\n<meta name=\"twitter:label1\" content=\"\u00c9crit par\" \/>\n\t<meta name=\"twitter:data1\" content=\"yann Le Sager\" \/>\n\t<meta name=\"twitter:label2\" content=\"Dur\u00e9e de lecture estim\u00e9e\" \/>\n\t<meta name=\"twitter:data2\" content=\"6 minutes\" \/>\n<script type=\"application\/ld+json\" class=\"yoast-schema-graph\">{\"@context\":\"https:\/\/schema.org\",\"@graph\":[{\"@type\":\"Article\",\"@id\":\"https:\/\/www.ricom-web8.com\/gestions\/le-conseil-des-seniors-danois\/#article\",\"isPartOf\":{\"@id\":\"https:\/\/www.ricom-web8.com\/gestions\/le-conseil-des-seniors-danois\/\"},\"author\":{\"name\":\"yann Le Sager\",\"@id\":\"https:\/\/www.ricom-web8.com\/gestions\/#\/schema\/person\/810c9671279c5f5a094f6f0a42237516\"},\"headline\":\"Le conseil des seniors danois\",\"datePublished\":\"2014-12-31T23:00:00+00:00\",\"dateModified\":\"2018-03-07T14:11:25+00:00\",\"mainEntityOfPage\":{\"@id\":\"https:\/\/www.ricom-web8.com\/gestions\/le-conseil-des-seniors-danois\/\"},\"wordCount\":1142,\"publisher\":{\"@id\":\"https:\/\/www.ricom-web8.com\/gestions\/#organization\"},\"keywords\":[\"conseil des seniors\",\"Danemark\",\"participation\",\"personnes \u00e2g\u00e9es\"],\"articleSection\":[\"dossier\",\"Gestions Hospitali\u00e8res\"],\"inLanguage\":\"fr-FR\"},{\"@type\":\"WebPage\",\"@id\":\"https:\/\/www.ricom-web8.com\/gestions\/le-conseil-des-seniors-danois\/\",\"url\":\"https:\/\/www.ricom-web8.com\/gestions\/le-conseil-des-seniors-danois\/\",\"name\":\"Le conseil des seniors danois - Gestions hospitali\u00e8res\",\"isPartOf\":{\"@id\":\"https:\/\/www.ricom-web8.com\/gestions\/#website\"},\"datePublished\":\"2014-12-31T23:00:00+00:00\",\"dateModified\":\"2018-03-07T14:11:25+00:00\",\"breadcrumb\":{\"@id\":\"https:\/\/www.ricom-web8.com\/gestions\/le-conseil-des-seniors-danois\/#breadcrumb\"},\"inLanguage\":\"fr-FR\",\"potentialAction\":[{\"@type\":\"ReadAction\",\"target\":[\"https:\/\/www.ricom-web8.com\/gestions\/le-conseil-des-seniors-danois\/\"]}]},{\"@type\":\"BreadcrumbList\",\"@id\":\"https:\/\/www.ricom-web8.com\/gestions\/le-conseil-des-seniors-danois\/#breadcrumb\",\"itemListElement\":[{\"@type\":\"ListItem\",\"position\":1,\"name\":\"Accueil\",\"item\":\"https:\/\/www.ricom-web8.com\/gestions\/\"},{\"@type\":\"ListItem\",\"position\":2,\"name\":\"Le conseil des seniors danois\"}]},{\"@type\":\"WebSite\",\"@id\":\"https:\/\/www.ricom-web8.com\/gestions\/#website\",\"url\":\"https:\/\/www.ricom-web8.com\/gestions\/\",\"name\":\"Gestions hospitali\u00e8res\",\"description\":\"la revue des d\u00e9cideurs hospitaliers\",\"publisher\":{\"@id\":\"https:\/\/www.ricom-web8.com\/gestions\/#organization\"},\"potentialAction\":[{\"@type\":\"SearchAction\",\"target\":{\"@type\":\"EntryPoint\",\"urlTemplate\":\"https:\/\/www.ricom-web8.com\/gestions\/?s={search_term_string}\"},\"query-input\":{\"@type\":\"PropertyValueSpecification\",\"valueRequired\":true,\"valueName\":\"search_term_string\"}}],\"inLanguage\":\"fr-FR\"},{\"@type\":\"Organization\",\"@id\":\"https:\/\/www.ricom-web8.com\/gestions\/#organization\",\"name\":\"Gestions hospitali\u00e8res\",\"url\":\"https:\/\/www.ricom-web8.com\/gestions\/\",\"logo\":{\"@type\":\"ImageObject\",\"inLanguage\":\"fr-FR\",\"@id\":\"https:\/\/www.ricom-web8.com\/gestions\/#\/schema\/logo\/image\/\",\"url\":\"https:\/\/gestions-hospitalieres.fr\/wp-content\/uploads\/2017\/02\/picto_Gif-GH-trans.png\",\"contentUrl\":\"https:\/\/gestions-hospitalieres.fr\/wp-content\/uploads\/2017\/02\/picto_Gif-GH-trans.png\",\"width\":512,\"height\":512,\"caption\":\"Gestions hospitali\u00e8res\"},\"image\":{\"@id\":\"https:\/\/www.ricom-web8.com\/gestions\/#\/schema\/logo\/image\/\"},\"sameAs\":[\"https:\/\/www.facebook.com\/gestionshospitalieres\/\",\"https:\/\/x.com\/revue_GH\",\"https:\/\/www.linkedin.com\/company\/gestions-hospitalieres?trk=top_nav_home\"]},{\"@type\":\"Person\",\"@id\":\"https:\/\/www.ricom-web8.com\/gestions\/#\/schema\/person\/810c9671279c5f5a094f6f0a42237516\",\"name\":\"yann Le Sager\",\"image\":{\"@type\":\"ImageObject\",\"inLanguage\":\"fr-FR\",\"@id\":\"https:\/\/www.ricom-web8.com\/gestions\/#\/schema\/person\/image\/\",\"url\":\"https:\/\/secure.gravatar.com\/avatar\/36112fa5997be9e3b9acb0c60a4a1075?s=96&d=mm&r=g\",\"contentUrl\":\"https:\/\/secure.gravatar.com\/avatar\/36112fa5997be9e3b9acb0c60a4a1075?s=96&d=mm&r=g\",\"caption\":\"yann Le Sager\"},\"url\":\"https:\/\/www.ricom-web8.com\/gestions\/author\/lesager-yannstudioricom-com\/\"}]}<\/script>\n<!-- \/ Yoast SEO plugin. -->","yoast_head_json":{"title":"Le conseil des seniors danois - Gestions hospitali\u00e8res","robots":{"index":"index","follow":"follow","max-snippet":"max-snippet:-1","max-image-preview":"max-image-preview:large","max-video-preview":"max-video-preview:-1"},"canonical":"https:\/\/www.ricom-web8.com\/gestions\/le-conseil-des-seniors-danois\/","og_locale":"fr_FR","og_type":"article","og_title":"Le conseil des seniors danois - Gestions hospitali\u00e8res","og_description":"Temps de lecture\u00a0:  4 minutesAfin que les personnes \u00e2g\u00e9es puissent \u00eatre consult\u00e9es et participer \u00e0 la d\u00e9cision publique, le Danemark a mis en place d\u00e8s 1996 des \u00ab\u2009conseils des seniors\u2009\u00bb, organismes destin\u00e9s \u00e0 permettre aux personnes de plus de 60\u00a0ans de s\u2019exprimer sur la r\u00e9glementation et les r\u00e9formes locales les concernant. \u00c0 la diff\u00e9rence d\u2019autres pays europ\u00e9ens, cette structure est obligatoire dans chaque municipalit\u00e9.","og_url":"https:\/\/www.ricom-web8.com\/gestions\/le-conseil-des-seniors-danois\/","og_site_name":"Gestions hospitali\u00e8res","article_publisher":"https:\/\/www.facebook.com\/gestionshospitalieres\/","article_published_time":"2014-12-31T23:00:00+00:00","article_modified_time":"2018-03-07T14:11:25+00:00","author":"yann Le Sager","twitter_card":"summary_large_image","twitter_creator":"@revue_GH","twitter_site":"@revue_GH","twitter_misc":{"\u00c9crit par":"yann Le Sager","Dur\u00e9e de lecture estim\u00e9e":"6 minutes"},"schema":{"@context":"https:\/\/schema.org","@graph":[{"@type":"Article","@id":"https:\/\/www.ricom-web8.com\/gestions\/le-conseil-des-seniors-danois\/#article","isPartOf":{"@id":"https:\/\/www.ricom-web8.com\/gestions\/le-conseil-des-seniors-danois\/"},"author":{"name":"yann Le Sager","@id":"https:\/\/www.ricom-web8.com\/gestions\/#\/schema\/person\/810c9671279c5f5a094f6f0a42237516"},"headline":"Le conseil des seniors danois","datePublished":"2014-12-31T23:00:00+00:00","dateModified":"2018-03-07T14:11:25+00:00","mainEntityOfPage":{"@id":"https:\/\/www.ricom-web8.com\/gestions\/le-conseil-des-seniors-danois\/"},"wordCount":1142,"publisher":{"@id":"https:\/\/www.ricom-web8.com\/gestions\/#organization"},"keywords":["conseil des seniors","Danemark","participation","personnes \u00e2g\u00e9es"],"articleSection":["dossier","Gestions Hospitali\u00e8res"],"inLanguage":"fr-FR"},{"@type":"WebPage","@id":"https:\/\/www.ricom-web8.com\/gestions\/le-conseil-des-seniors-danois\/","url":"https:\/\/www.ricom-web8.com\/gestions\/le-conseil-des-seniors-danois\/","name":"Le conseil des seniors danois - Gestions hospitali\u00e8res","isPartOf":{"@id":"https:\/\/www.ricom-web8.com\/gestions\/#website"},"datePublished":"2014-12-31T23:00:00+00:00","dateModified":"2018-03-07T14:11:25+00:00","breadcrumb":{"@id":"https:\/\/www.ricom-web8.com\/gestions\/le-conseil-des-seniors-danois\/#breadcrumb"},"inLanguage":"fr-FR","potentialAction":[{"@type":"ReadAction","target":["https:\/\/www.ricom-web8.com\/gestions\/le-conseil-des-seniors-danois\/"]}]},{"@type":"BreadcrumbList","@id":"https:\/\/www.ricom-web8.com\/gestions\/le-conseil-des-seniors-danois\/#breadcrumb","itemListElement":[{"@type":"ListItem","position":1,"name":"Accueil","item":"https:\/\/www.ricom-web8.com\/gestions\/"},{"@type":"ListItem","position":2,"name":"Le conseil des seniors danois"}]},{"@type":"WebSite","@id":"https:\/\/www.ricom-web8.com\/gestions\/#website","url":"https:\/\/www.ricom-web8.com\/gestions\/","name":"Gestions hospitali\u00e8res","description":"la revue des d\u00e9cideurs hospitaliers","publisher":{"@id":"https:\/\/www.ricom-web8.com\/gestions\/#organization"},"potentialAction":[{"@type":"SearchAction","target":{"@type":"EntryPoint","urlTemplate":"https:\/\/www.ricom-web8.com\/gestions\/?s={search_term_string}"},"query-input":{"@type":"PropertyValueSpecification","valueRequired":true,"valueName":"search_term_string"}}],"inLanguage":"fr-FR"},{"@type":"Organization","@id":"https:\/\/www.ricom-web8.com\/gestions\/#organization","name":"Gestions hospitali\u00e8res","url":"https:\/\/www.ricom-web8.com\/gestions\/","logo":{"@type":"ImageObject","inLanguage":"fr-FR","@id":"https:\/\/www.ricom-web8.com\/gestions\/#\/schema\/logo\/image\/","url":"https:\/\/gestions-hospitalieres.fr\/wp-content\/uploads\/2017\/02\/picto_Gif-GH-trans.png","contentUrl":"https:\/\/gestions-hospitalieres.fr\/wp-content\/uploads\/2017\/02\/picto_Gif-GH-trans.png","width":512,"height":512,"caption":"Gestions hospitali\u00e8res"},"image":{"@id":"https:\/\/www.ricom-web8.com\/gestions\/#\/schema\/logo\/image\/"},"sameAs":["https:\/\/www.facebook.com\/gestionshospitalieres\/","https:\/\/x.com\/revue_GH","https:\/\/www.linkedin.com\/company\/gestions-hospitalieres?trk=top_nav_home"]},{"@type":"Person","@id":"https:\/\/www.ricom-web8.com\/gestions\/#\/schema\/person\/810c9671279c5f5a094f6f0a42237516","name":"yann Le Sager","image":{"@type":"ImageObject","inLanguage":"fr-FR","@id":"https:\/\/www.ricom-web8.com\/gestions\/#\/schema\/person\/image\/","url":"https:\/\/secure.gravatar.com\/avatar\/36112fa5997be9e3b9acb0c60a4a1075?s=96&d=mm&r=g","contentUrl":"https:\/\/secure.gravatar.com\/avatar\/36112fa5997be9e3b9acb0c60a4a1075?s=96&d=mm&r=g","caption":"yann Le Sager"},"url":"https:\/\/www.ricom-web8.com\/gestions\/author\/lesager-yannstudioricom-com\/"}]}},"_links":{"self":[{"href":"https:\/\/www.ricom-web8.com\/gestions\/wp-json\/wp\/v2\/posts\/15750","targetHints":{"allow":["GET"]}}],"collection":[{"href":"https:\/\/www.ricom-web8.com\/gestions\/wp-json\/wp\/v2\/posts"}],"about":[{"href":"https:\/\/www.ricom-web8.com\/gestions\/wp-json\/wp\/v2\/types\/post"}],"author":[{"embeddable":true,"href":"https:\/\/www.ricom-web8.com\/gestions\/wp-json\/wp\/v2\/users\/1202"}],"replies":[{"embeddable":true,"href":"https:\/\/www.ricom-web8.com\/gestions\/wp-json\/wp\/v2\/comments?post=15750"}],"version-history":[{"count":0,"href":"https:\/\/www.ricom-web8.com\/gestions\/wp-json\/wp\/v2\/posts\/15750\/revisions"}],"wp:attachment":[{"href":"https:\/\/www.ricom-web8.com\/gestions\/wp-json\/wp\/v2\/media?parent=15750"}],"wp:term":[{"taxonomy":"category","embeddable":true,"href":"https:\/\/www.ricom-web8.com\/gestions\/wp-json\/wp\/v2\/categories?post=15750"},{"taxonomy":"post_tag","embeddable":true,"href":"https:\/\/www.ricom-web8.com\/gestions\/wp-json\/wp\/v2\/tags?post=15750"}],"curies":[{"name":"wp","href":"https:\/\/api.w.org\/{rel}","templated":true}]}}