

{"id":15860,"date":"2015-12-01T00:00:00","date_gmt":"2015-11-30T23:00:00","guid":{"rendered":"http:\/\/ricom-web.com\/gestions-hospitalieres\/lexperience-mad-vercors\/"},"modified":"2018-03-06T17:51:25","modified_gmt":"2018-03-06T16:51:25","slug":"lexperience-mad-vercors","status":"publish","type":"post","link":"https:\/\/www.ricom-web8.com\/gestions\/lexperience-mad-vercors\/","title":{"rendered":"L\u2019exp\u00e9rience MAD Vercors"},"content":{"rendered":"<span class=\"span-reading-time rt-reading-time\" style=\"display: block;\"><span class=\"rt-label rt-prefix\">Temps de lecture\u00a0: <\/span> <span class=\"rt-time\"> 5<\/span> <span class=\"rt-label rt-postfix\">minutes<\/span><\/span><h3>Jean-Pierre Roulet, vous \u00eates m\u00e9decin g\u00e9n\u00e9raliste \u00e0 Autrans-en-Vercors (Is\u00e8re) et promoteur du r\u00e9seau de sant\u00e9 Maintien \u00e0 domicile en Vercors (MAD Vercors). De quand date ce travail en r\u00e9seau\u2009?<\/h3>\n<p>Notre isolement est important, bien que nous nous connaissions tous, sur un territoire aussi vaste et aussi peu peupl\u00e9. L\u2019id\u00e9e de la coop\u00e9ration entre les professionnels de sant\u00e9 date de plus de trente ans. Notre souci a \u00e9t\u00e9 d\u2019abord de nous rencontrer, puis nous avons ressenti peu \u00e0 peu le besoin de cr\u00e9er une association pour conduire des actions o\u00f9 la seule bonne entente ne pouvait suffire.<\/p>\n<h3>Quelles actions ont structur\u00e9 vos coop\u00e9rations\u2009?<\/h3>\n<p>Nous avons cherch\u00e9 \u00e0 r\u00e9soudre des probl\u00e8mes relevant de l\u2019organisation des soins, qui int\u00e9ressaient donc les professionnels de sant\u00e9 et les patients, mais aussi des questions qui impactaient notre propre pratique ou organisation professionnelle.<\/p>\n<p>Trois axes ont f\u00e9d\u00e9r\u00e9 les professionnels\u00a0:<\/p>\n<ul>\n<li>la mise en place des tableaux de garde,<\/li>\n<li>l\u2019organisation d\u2019enseignements post-universitaires (EPU),<\/li>\n<li>la collecte des d\u00e9chets d\u2019activit\u00e9s de soins \u00e0 risques infectieux (Dasri) \u00e0 partir de 1990.<\/li>\n<\/ul>\n<p>Pour prendre l\u2019exemple des EPU, nous \u00e9tions demandeurs et organisateurs de ces soir\u00e9es de formation. \u00c0 la diff\u00e9rence des EPU propos\u00e9s par les organismes de formation, nous avons travaill\u00e9 sur des contenus de notre choix. R\u00e9sultat\u2009: nous \u00e9tions toujours tous au rendez-vous.<\/p>\n<p>Nous avons peu \u00e0 peu ouvert nos \u00e9changes au secteur m\u00e9dico-social, aux associations de maintien \u00e0 domicile\u2026 Le maintien \u00e0 domicile est notre souci premier.<\/p>\n<h3>Qu&#8217;est-ce que la naissance de MAD Vercors comme r\u00e9seau de sant\u00e9 apporte de plus\u2009?<\/h3>\n<p>Nous avons saisi l\u2019opportunit\u00e9 des r\u00e9seaux de sant\u00e9 issus de la loi du 4\u00a0mars 2002 pour structurer notre action dans ce cadre juridique. Le fonds d\u2019aide \u00e0 la qualit\u00e9 des soins de ville (FAQSV) nous a apport\u00e9 des financements pour g\u00e9rer l\u2019infrastructure.<\/p>\n<p>Le r\u00e9seau nous apporte l\u2019opportunit\u00e9 de faire vivre notre association, de nouer des partenariats comme l\u2019int\u00e9gration dans le groupement de coop\u00e9ration sanitaire (GCS) cr\u00e9\u00e9 par la maison des r\u00e9seaux de sant\u00e9 de l\u2019Is\u00e8re (MRSI) situ\u00e9e \u00e0 Grenoble. Nous nous inscrivons dans un ensemble plus vaste de r\u00e9flexion et d\u2019organisation. Nous int\u00e9grons la plate-forme territoriale de sant\u00e9 qui se met en place par le biais de la MRSI. L\u2019environnement r\u00e9glementaire et les financements changent, les politiques de sant\u00e9 \u00e9voluent, nous sommes accompagn\u00e9s pour cela. L\u2019union r\u00e9gionale des r\u00e9seaux de sant\u00e9 Rh\u00f4ne-Alpes nous apporte une aide consid\u00e9rable.<\/p>\n<p>Deux besoins \u00e9mergent qui justifient le d\u00e9veloppement de ces plates-formes\u00a0\u2009:<\/p>\n<ul>\n<li>En direction de l\u2019agence r\u00e9gionale de sant\u00e9 (ARS) pour produire une forte lisibilit\u00e9 de ce que requiert le patient complexe \u00e0 domicile. Des patients tr\u00e8s complexes vivent en effet \u00e0 leur domicile et non en institution\u2009; or, les r\u00e9flexions des planificateurs sont domin\u00e9es par la hi\u00e9rarchisation des parcours des patients en fonction de leur \u00e9tat. Le domicile pour les situations simples, l\u2019institution pour les situations complexes. Non, le patient tr\u00e8s d\u00e9pendant est le plus souvent \u00e0 domicile, personne n\u2019en veut\u2009!<\/li>\n<li>Ensuite, accompagner les professionnels de sant\u00e9 dans le parcours de soin de leurs patients. Vers qui orienter un patient complexe\u2009? En effet, la coordination d\u2019appui que fournit le r\u00e9seau permet de leur apporter une vision globale sur la situation du patient n\u00e9cessaire \u00e0 toute prise de d\u00e9cision en situation de croisement de contraintes m\u00e9dicales, \u00e9conomiques, sociales, familiales.<\/li>\n<\/ul>\n<h3>Dans vos rapports avec les h\u00f4pitaux, que vous apporte le r\u00e9seau\u2009?<\/h3>\n<p>Il faut comprendre que les hospitaliers ne connaissent pas notre travail, nos conditions de travail, nos besoins\u2026 Les comptes-rendus qui nous sont envoy\u00e9s sont pl\u00e9thoriques, on pourrait penser \u00e0 un document pour \u00e9viter le risque m\u00e9dico-l\u00e9gal, non pour nous informer. C\u2019est long et non synth\u00e9tique, mais on peut le comprendre. Apprend-on \u00e0 r\u00e9diger \u00e0 la fac de m\u00e9decine ou dans les services hospitaliers\u2009? Qui enseigne l\u2019art de la synth\u00e8se\u2009?<\/p>\n<p>Notre travail \u00e0 leur \u00e9gard a consist\u00e9 \u00e0 leur montrer comment nous r\u00e9digeons nos fiches de liaison, qui ne font que deux\u00a0pages tout au plus\u2009; quelles informations nous y mettons de mani\u00e8re que n\u2019importe lequel des professionnels qui a en charge un patient y trouve, pour son champ de comp\u00e9tences, les donn\u00e9es dont il a besoin. Le travail fait par les infirmi\u00e8res hospitali\u00e8res sur les transmissions cibl\u00e9es ne semble pas avoir effleur\u00e9 le corps m\u00e9dical.<\/p>\n<blockquote><p>C\u2019est le r\u00f4le de la plate-forme du r\u00e9seau que d\u2019aller chercher l\u2019information hospitali\u00e8re, de la valider, de l\u2019analyser et de la restituer sous la forme d\u2019une synth\u00e8se adapt\u00e9e aux interlocuteurs d\u00e9sign\u00e9s pour la prise en charge du patient en question.<\/p><\/blockquote>\n<p>Cependant, il faut noter qu\u2019une bonne synth\u00e8se n\u2019est faite que sur la base de la connaissance de celui \u00e0 qui elle s\u2019adresse. Tant que les m\u00e9decins hospitaliers et les m\u00e9decins de ville ne se conna\u00eetront pas davantage, les synth\u00e8ses qui pourraient \u00eatre produites seront largement inadapt\u00e9es.<\/p>\n<p>C\u2019est le r\u00f4le de la plate-forme du r\u00e9seau que d\u2019aller chercher l\u2019information hospitali\u00e8re, de la valider, de l\u2019analyser et de la restituer sous la forme d\u2019une synth\u00e8se adapt\u00e9e aux interlocuteurs d\u00e9sign\u00e9s pour la prise en charge du patient en question.<\/p>\n<h3>Vos rapports avec le r\u00e9seau RVS ?<\/h3>\n<p>Nous avons \u00e9t\u00e9 int\u00e9gr\u00e9s dans ce projet, nous y avons particip\u00e9. Cela a \u00e9t\u00e9 tr\u00e8s difficile. Nous avons rencontr\u00e9 de nombreuses difficult\u00e9s de mise en \u0153uvre des outils techniques.<\/p>\n<p>L\u2019id\u00e9e de travailler \u00e0 partir du t\u00e9l\u00e9viseur du patient \u00e9tait excellente. Mais cela a \u00e9t\u00e9 chronophage \u2013 les connexions s\u2019interrompaient facilement, les \u00e9changes avec la plate-forme \u00e9taient longs&#8230; \u2013 et cela a \u00e9t\u00e9 rejet\u00e9 par les professionnels de sant\u00e9.<\/p>\n<p>Il faut souligner que les patients y ont trouv\u00e9 beaucoup d\u2019int\u00e9r\u00eat. De passifs ils devenaient acteurs, le syst\u00e8me leur permettait de trouver de l\u2019information, voire d\u2019en introduire, d\u2019envoyer des messages\u2026 C\u2019est le c\u00f4t\u00e9 int\u00e9ressant de cette exp\u00e9rience et nous souhaitons qu\u2019elle puisse \u00e9voluer, se d\u00e9velopper.<\/p>\n<p>Pour les professionnels de sant\u00e9, il faut que l\u2019ergonomie soit au rendez-vous, que les probl\u00e8mes de liaison soient r\u00e9solus et que les \u00e9changes soient fiabilis\u00e9s et s\u00e9curis\u00e9s, que l\u2019outil s\u2019int\u00e8gre \u00e0 nos logiciels m\u00e9tiers. Nous ne pouvons pas recopier des donn\u00e9es, attendre que la connexion se fasse \u00e0 chaque interrogation pour un patient.<\/p>\n<p>Nous verrons comment cela se met en place avec le projet du conseil d\u00e9partemental de l\u2019Is\u00e8re, Autonom@Dom. Ce n\u2019est pas encore op\u00e9rationnel, ce projet part du secteur social, le conseil d\u00e9partemental d\u00e9veloppe cet outil pour le secteur social et pour contr\u00f4ler l\u2019effectivit\u00e9 des prestations pay\u00e9es par l\u2019allocation personnalis\u00e9e d\u2019autonomie (APA). Les professionnels de sant\u00e9 sont perplexes face \u00e0 cet outil. Est-ce que \u00e7a va compliquer leur travail ou le simplifier ?<\/p>\n<h3>Le travail r\u00e9alis\u00e9 est gigantesque.<\/h3>\n<p>C\u2019est effectivement un parcours qui s\u2019est r\u00e9v\u00e9l\u00e9 long, tr\u00e8s long, complexe. L\u2019investissement de tous ceux qui ont cr\u00e9\u00e9, particip\u00e9, imagin\u00e9 les d\u00e9veloppements de nos actions a \u00e9t\u00e9 consid\u00e9rable. Cela cr\u00e9e aussi des liens et a rapproch\u00e9 les professionnels de tous horizons.<\/p>\n<p>Il faut noter que nous avons \u00e9t\u00e9 bien seuls. Le dossier R\u00e9seau de sant\u00e9 m\u2019a demand\u00e9 deux ann\u00e9es de travail pour le r\u00e9diger selon les normes attendues. Aucune aide de la part de l\u2019union r\u00e9gionale des caisses d\u2019assurance maladie (Urcam) \u00e0 l\u2019\u00e9poque. Les autorit\u00e9s de tutelle, les financeurs, ne comprennent pas toujours nos demandes, nos besoins. Eux-m\u00eames n\u2019avaient pas l\u2019exp\u00e9rience requise pour nous suivre. Aujourd\u2019hui cela change un peu, l\u2019ARS d\u00e9veloppe des comp\u00e9tences \u00e0 notre service. Mais nous observons que les appels \u00e0 projets issus des d\u00e9cisions nationales restent encore bien bureaucratiques.<\/p>\n<p><strong>Propos recueillis par Jean Riondet<\/strong><\/p>\n<script>function PlayerjsAsync(){} if(window[\"Playerjs\"]){PlayerjsAsync();}<\/script>","protected":false},"excerpt":{"rendered":"<p><span class=\"span-reading-time rt-reading-time\" style=\"display: block;\"><span class=\"rt-label rt-prefix\">Temps de lecture\u00a0: <\/span> <span class=\"rt-time\"> 5<\/span> <span class=\"rt-label rt-postfix\">minutes<\/span><\/span>Jean-Pierre Roulet, vous \u00eates m\u00e9decin g\u00e9n\u00e9raliste \u00e0 Autrans-en-Vercors (Is\u00e8re) et promoteur du r\u00e9seau de sant\u00e9 Maintien \u00e0 domicile en Vercors (MAD Vercors). De quand date ce travail en r\u00e9seau\u2009? Notre isolement est important, bien que nous nous connaissions tous, sur un territoire aussi vaste et aussi peu peupl\u00e9. L\u2019id\u00e9e de la coop\u00e9ration entre les professionnels de sant\u00e9 date de plus de trente ans. Notre souci a \u00e9t\u00e9 d\u2019abord de nous&hellip; <\/p>\n","protected":false},"author":1202,"featured_media":0,"comment_status":"closed","ping_status":"open","sticky":false,"template":"","format":"standard","meta":{"_acf_changed":false,"_relevanssi_hide_post":"","_relevanssi_hide_content":"","_relevanssi_pin_for_all":"","_relevanssi_pin_keywords":"","_relevanssi_unpin_keywords":"","_relevanssi_related_keywords":"","_relevanssi_related_include_ids":"","_relevanssi_related_exclude_ids":"","_relevanssi_related_no_append":"","_relevanssi_related_not_related":"","_relevanssi_related_posts":"","_relevanssi_noindex_reason":"","footnotes":""},"categories":[26,2],"tags":[465,2140,89,2143,1312],"class_list":["post-15860","post","type-post","status-publish","format-standard","hentry","category-dossier","category-gestions-hospitalieres","tag-cooperation","tag-mad-vercors","tag-maintien-a-domicile","tag-organisation-des-soins","tag-reseau-de-sante"],"acf":[],"yoast_head":"<!-- This site is optimized with the Yoast SEO plugin v24.8.1 - https:\/\/yoast.com\/wordpress\/plugins\/seo\/ -->\n<title>L\u2019exp\u00e9rience MAD Vercors - Gestions hospitali\u00e8res<\/title>\n<meta name=\"robots\" content=\"index, follow, max-snippet:-1, max-image-preview:large, max-video-preview:-1\" \/>\n<link rel=\"canonical\" href=\"https:\/\/www.ricom-web8.com\/gestions\/lexperience-mad-vercors\/\" \/>\n<meta property=\"og:locale\" content=\"fr_FR\" \/>\n<meta property=\"og:type\" content=\"article\" \/>\n<meta property=\"og:title\" content=\"L\u2019exp\u00e9rience MAD Vercors - Gestions hospitali\u00e8res\" \/>\n<meta property=\"og:description\" content=\"Temps de lecture\u00a0:  5 minutesJean-Pierre Roulet, vous \u00eates m\u00e9decin g\u00e9n\u00e9raliste \u00e0 Autrans-en-Vercors (Is\u00e8re) et promoteur du r\u00e9seau de sant\u00e9 Maintien \u00e0 domicile en Vercors (MAD Vercors). De quand date ce travail en r\u00e9seau\u2009? Notre isolement est important, bien que nous nous connaissions tous, sur un territoire aussi vaste et aussi peu peupl\u00e9. L\u2019id\u00e9e de la coop\u00e9ration entre les professionnels de sant\u00e9 date de plus de trente ans. Notre souci a \u00e9t\u00e9 d\u2019abord de nous&hellip;\" \/>\n<meta property=\"og:url\" content=\"https:\/\/www.ricom-web8.com\/gestions\/lexperience-mad-vercors\/\" \/>\n<meta property=\"og:site_name\" content=\"Gestions hospitali\u00e8res\" \/>\n<meta property=\"article:publisher\" content=\"https:\/\/www.facebook.com\/gestionshospitalieres\/\" \/>\n<meta property=\"article:published_time\" content=\"2015-11-30T23:00:00+00:00\" \/>\n<meta property=\"article:modified_time\" content=\"2018-03-06T16:51:25+00:00\" \/>\n<meta name=\"author\" content=\"yann Le Sager\" \/>\n<meta name=\"twitter:card\" content=\"summary_large_image\" \/>\n<meta name=\"twitter:creator\" content=\"@revue_GH\" \/>\n<meta name=\"twitter:site\" content=\"@revue_GH\" \/>\n<meta name=\"twitter:label1\" content=\"\u00c9crit par\" \/>\n\t<meta name=\"twitter:data1\" content=\"yann Le Sager\" \/>\n\t<meta name=\"twitter:label2\" content=\"Dur\u00e9e de lecture estim\u00e9e\" \/>\n\t<meta name=\"twitter:data2\" content=\"7 minutes\" \/>\n<script type=\"application\/ld+json\" class=\"yoast-schema-graph\">{\"@context\":\"https:\/\/schema.org\",\"@graph\":[{\"@type\":\"Article\",\"@id\":\"https:\/\/www.ricom-web8.com\/gestions\/lexperience-mad-vercors\/#article\",\"isPartOf\":{\"@id\":\"https:\/\/www.ricom-web8.com\/gestions\/lexperience-mad-vercors\/\"},\"author\":{\"name\":\"yann Le Sager\",\"@id\":\"https:\/\/www.ricom-web8.com\/gestions\/#\/schema\/person\/810c9671279c5f5a094f6f0a42237516\"},\"headline\":\"L\u2019exp\u00e9rience MAD Vercors\",\"datePublished\":\"2015-11-30T23:00:00+00:00\",\"dateModified\":\"2018-03-06T16:51:25+00:00\",\"mainEntityOfPage\":{\"@id\":\"https:\/\/www.ricom-web8.com\/gestions\/lexperience-mad-vercors\/\"},\"wordCount\":1375,\"publisher\":{\"@id\":\"https:\/\/www.ricom-web8.com\/gestions\/#organization\"},\"keywords\":[\"coop\u00e9ration\",\"MAD Vercors\",\"maintien \u00e0 domicile\",\"organisation des soins\",\"r\u00e9seau de sant\u00e9\"],\"articleSection\":[\"dossier\",\"Gestions Hospitali\u00e8res\"],\"inLanguage\":\"fr-FR\"},{\"@type\":\"WebPage\",\"@id\":\"https:\/\/www.ricom-web8.com\/gestions\/lexperience-mad-vercors\/\",\"url\":\"https:\/\/www.ricom-web8.com\/gestions\/lexperience-mad-vercors\/\",\"name\":\"L\u2019exp\u00e9rience MAD Vercors - Gestions hospitali\u00e8res\",\"isPartOf\":{\"@id\":\"https:\/\/www.ricom-web8.com\/gestions\/#website\"},\"datePublished\":\"2015-11-30T23:00:00+00:00\",\"dateModified\":\"2018-03-06T16:51:25+00:00\",\"breadcrumb\":{\"@id\":\"https:\/\/www.ricom-web8.com\/gestions\/lexperience-mad-vercors\/#breadcrumb\"},\"inLanguage\":\"fr-FR\",\"potentialAction\":[{\"@type\":\"ReadAction\",\"target\":[\"https:\/\/www.ricom-web8.com\/gestions\/lexperience-mad-vercors\/\"]}]},{\"@type\":\"BreadcrumbList\",\"@id\":\"https:\/\/www.ricom-web8.com\/gestions\/lexperience-mad-vercors\/#breadcrumb\",\"itemListElement\":[{\"@type\":\"ListItem\",\"position\":1,\"name\":\"Accueil\",\"item\":\"https:\/\/www.ricom-web8.com\/gestions\/\"},{\"@type\":\"ListItem\",\"position\":2,\"name\":\"L\u2019exp\u00e9rience MAD Vercors\"}]},{\"@type\":\"WebSite\",\"@id\":\"https:\/\/www.ricom-web8.com\/gestions\/#website\",\"url\":\"https:\/\/www.ricom-web8.com\/gestions\/\",\"name\":\"Gestions hospitali\u00e8res\",\"description\":\"la revue des d\u00e9cideurs hospitaliers\",\"publisher\":{\"@id\":\"https:\/\/www.ricom-web8.com\/gestions\/#organization\"},\"potentialAction\":[{\"@type\":\"SearchAction\",\"target\":{\"@type\":\"EntryPoint\",\"urlTemplate\":\"https:\/\/www.ricom-web8.com\/gestions\/?s={search_term_string}\"},\"query-input\":{\"@type\":\"PropertyValueSpecification\",\"valueRequired\":true,\"valueName\":\"search_term_string\"}}],\"inLanguage\":\"fr-FR\"},{\"@type\":\"Organization\",\"@id\":\"https:\/\/www.ricom-web8.com\/gestions\/#organization\",\"name\":\"Gestions hospitali\u00e8res\",\"url\":\"https:\/\/www.ricom-web8.com\/gestions\/\",\"logo\":{\"@type\":\"ImageObject\",\"inLanguage\":\"fr-FR\",\"@id\":\"https:\/\/www.ricom-web8.com\/gestions\/#\/schema\/logo\/image\/\",\"url\":\"https:\/\/gestions-hospitalieres.fr\/wp-content\/uploads\/2017\/02\/picto_Gif-GH-trans.png\",\"contentUrl\":\"https:\/\/gestions-hospitalieres.fr\/wp-content\/uploads\/2017\/02\/picto_Gif-GH-trans.png\",\"width\":512,\"height\":512,\"caption\":\"Gestions hospitali\u00e8res\"},\"image\":{\"@id\":\"https:\/\/www.ricom-web8.com\/gestions\/#\/schema\/logo\/image\/\"},\"sameAs\":[\"https:\/\/www.facebook.com\/gestionshospitalieres\/\",\"https:\/\/x.com\/revue_GH\",\"https:\/\/www.linkedin.com\/company\/gestions-hospitalieres?trk=top_nav_home\"]},{\"@type\":\"Person\",\"@id\":\"https:\/\/www.ricom-web8.com\/gestions\/#\/schema\/person\/810c9671279c5f5a094f6f0a42237516\",\"name\":\"yann Le Sager\",\"image\":{\"@type\":\"ImageObject\",\"inLanguage\":\"fr-FR\",\"@id\":\"https:\/\/www.ricom-web8.com\/gestions\/#\/schema\/person\/image\/\",\"url\":\"https:\/\/secure.gravatar.com\/avatar\/36112fa5997be9e3b9acb0c60a4a1075?s=96&d=mm&r=g\",\"contentUrl\":\"https:\/\/secure.gravatar.com\/avatar\/36112fa5997be9e3b9acb0c60a4a1075?s=96&d=mm&r=g\",\"caption\":\"yann Le Sager\"},\"url\":\"https:\/\/www.ricom-web8.com\/gestions\/author\/lesager-yannstudioricom-com\/\"}]}<\/script>\n<!-- \/ Yoast SEO plugin. -->","yoast_head_json":{"title":"L\u2019exp\u00e9rience MAD Vercors - Gestions hospitali\u00e8res","robots":{"index":"index","follow":"follow","max-snippet":"max-snippet:-1","max-image-preview":"max-image-preview:large","max-video-preview":"max-video-preview:-1"},"canonical":"https:\/\/www.ricom-web8.com\/gestions\/lexperience-mad-vercors\/","og_locale":"fr_FR","og_type":"article","og_title":"L\u2019exp\u00e9rience MAD Vercors - Gestions hospitali\u00e8res","og_description":"Temps de lecture\u00a0:  5 minutesJean-Pierre Roulet, vous \u00eates m\u00e9decin g\u00e9n\u00e9raliste \u00e0 Autrans-en-Vercors (Is\u00e8re) et promoteur du r\u00e9seau de sant\u00e9 Maintien \u00e0 domicile en Vercors (MAD Vercors). De quand date ce travail en r\u00e9seau\u2009? Notre isolement est important, bien que nous nous connaissions tous, sur un territoire aussi vaste et aussi peu peupl\u00e9. L\u2019id\u00e9e de la coop\u00e9ration entre les professionnels de sant\u00e9 date de plus de trente ans. Notre souci a \u00e9t\u00e9 d\u2019abord de nous&hellip;","og_url":"https:\/\/www.ricom-web8.com\/gestions\/lexperience-mad-vercors\/","og_site_name":"Gestions hospitali\u00e8res","article_publisher":"https:\/\/www.facebook.com\/gestionshospitalieres\/","article_published_time":"2015-11-30T23:00:00+00:00","article_modified_time":"2018-03-06T16:51:25+00:00","author":"yann Le Sager","twitter_card":"summary_large_image","twitter_creator":"@revue_GH","twitter_site":"@revue_GH","twitter_misc":{"\u00c9crit par":"yann Le Sager","Dur\u00e9e de lecture estim\u00e9e":"7 minutes"},"schema":{"@context":"https:\/\/schema.org","@graph":[{"@type":"Article","@id":"https:\/\/www.ricom-web8.com\/gestions\/lexperience-mad-vercors\/#article","isPartOf":{"@id":"https:\/\/www.ricom-web8.com\/gestions\/lexperience-mad-vercors\/"},"author":{"name":"yann Le Sager","@id":"https:\/\/www.ricom-web8.com\/gestions\/#\/schema\/person\/810c9671279c5f5a094f6f0a42237516"},"headline":"L\u2019exp\u00e9rience MAD Vercors","datePublished":"2015-11-30T23:00:00+00:00","dateModified":"2018-03-06T16:51:25+00:00","mainEntityOfPage":{"@id":"https:\/\/www.ricom-web8.com\/gestions\/lexperience-mad-vercors\/"},"wordCount":1375,"publisher":{"@id":"https:\/\/www.ricom-web8.com\/gestions\/#organization"},"keywords":["coop\u00e9ration","MAD Vercors","maintien \u00e0 domicile","organisation des soins","r\u00e9seau de sant\u00e9"],"articleSection":["dossier","Gestions Hospitali\u00e8res"],"inLanguage":"fr-FR"},{"@type":"WebPage","@id":"https:\/\/www.ricom-web8.com\/gestions\/lexperience-mad-vercors\/","url":"https:\/\/www.ricom-web8.com\/gestions\/lexperience-mad-vercors\/","name":"L\u2019exp\u00e9rience MAD Vercors - Gestions hospitali\u00e8res","isPartOf":{"@id":"https:\/\/www.ricom-web8.com\/gestions\/#website"},"datePublished":"2015-11-30T23:00:00+00:00","dateModified":"2018-03-06T16:51:25+00:00","breadcrumb":{"@id":"https:\/\/www.ricom-web8.com\/gestions\/lexperience-mad-vercors\/#breadcrumb"},"inLanguage":"fr-FR","potentialAction":[{"@type":"ReadAction","target":["https:\/\/www.ricom-web8.com\/gestions\/lexperience-mad-vercors\/"]}]},{"@type":"BreadcrumbList","@id":"https:\/\/www.ricom-web8.com\/gestions\/lexperience-mad-vercors\/#breadcrumb","itemListElement":[{"@type":"ListItem","position":1,"name":"Accueil","item":"https:\/\/www.ricom-web8.com\/gestions\/"},{"@type":"ListItem","position":2,"name":"L\u2019exp\u00e9rience MAD Vercors"}]},{"@type":"WebSite","@id":"https:\/\/www.ricom-web8.com\/gestions\/#website","url":"https:\/\/www.ricom-web8.com\/gestions\/","name":"Gestions hospitali\u00e8res","description":"la revue des d\u00e9cideurs hospitaliers","publisher":{"@id":"https:\/\/www.ricom-web8.com\/gestions\/#organization"},"potentialAction":[{"@type":"SearchAction","target":{"@type":"EntryPoint","urlTemplate":"https:\/\/www.ricom-web8.com\/gestions\/?s={search_term_string}"},"query-input":{"@type":"PropertyValueSpecification","valueRequired":true,"valueName":"search_term_string"}}],"inLanguage":"fr-FR"},{"@type":"Organization","@id":"https:\/\/www.ricom-web8.com\/gestions\/#organization","name":"Gestions hospitali\u00e8res","url":"https:\/\/www.ricom-web8.com\/gestions\/","logo":{"@type":"ImageObject","inLanguage":"fr-FR","@id":"https:\/\/www.ricom-web8.com\/gestions\/#\/schema\/logo\/image\/","url":"https:\/\/gestions-hospitalieres.fr\/wp-content\/uploads\/2017\/02\/picto_Gif-GH-trans.png","contentUrl":"https:\/\/gestions-hospitalieres.fr\/wp-content\/uploads\/2017\/02\/picto_Gif-GH-trans.png","width":512,"height":512,"caption":"Gestions hospitali\u00e8res"},"image":{"@id":"https:\/\/www.ricom-web8.com\/gestions\/#\/schema\/logo\/image\/"},"sameAs":["https:\/\/www.facebook.com\/gestionshospitalieres\/","https:\/\/x.com\/revue_GH","https:\/\/www.linkedin.com\/company\/gestions-hospitalieres?trk=top_nav_home"]},{"@type":"Person","@id":"https:\/\/www.ricom-web8.com\/gestions\/#\/schema\/person\/810c9671279c5f5a094f6f0a42237516","name":"yann Le Sager","image":{"@type":"ImageObject","inLanguage":"fr-FR","@id":"https:\/\/www.ricom-web8.com\/gestions\/#\/schema\/person\/image\/","url":"https:\/\/secure.gravatar.com\/avatar\/36112fa5997be9e3b9acb0c60a4a1075?s=96&d=mm&r=g","contentUrl":"https:\/\/secure.gravatar.com\/avatar\/36112fa5997be9e3b9acb0c60a4a1075?s=96&d=mm&r=g","caption":"yann Le Sager"},"url":"https:\/\/www.ricom-web8.com\/gestions\/author\/lesager-yannstudioricom-com\/"}]}},"_links":{"self":[{"href":"https:\/\/www.ricom-web8.com\/gestions\/wp-json\/wp\/v2\/posts\/15860","targetHints":{"allow":["GET"]}}],"collection":[{"href":"https:\/\/www.ricom-web8.com\/gestions\/wp-json\/wp\/v2\/posts"}],"about":[{"href":"https:\/\/www.ricom-web8.com\/gestions\/wp-json\/wp\/v2\/types\/post"}],"author":[{"embeddable":true,"href":"https:\/\/www.ricom-web8.com\/gestions\/wp-json\/wp\/v2\/users\/1202"}],"replies":[{"embeddable":true,"href":"https:\/\/www.ricom-web8.com\/gestions\/wp-json\/wp\/v2\/comments?post=15860"}],"version-history":[{"count":0,"href":"https:\/\/www.ricom-web8.com\/gestions\/wp-json\/wp\/v2\/posts\/15860\/revisions"}],"wp:attachment":[{"href":"https:\/\/www.ricom-web8.com\/gestions\/wp-json\/wp\/v2\/media?parent=15860"}],"wp:term":[{"taxonomy":"category","embeddable":true,"href":"https:\/\/www.ricom-web8.com\/gestions\/wp-json\/wp\/v2\/categories?post=15860"},{"taxonomy":"post_tag","embeddable":true,"href":"https:\/\/www.ricom-web8.com\/gestions\/wp-json\/wp\/v2\/tags?post=15860"}],"curies":[{"name":"wp","href":"https:\/\/api.w.org\/{rel}","templated":true}]}}