

{"id":15878,"date":"2016-01-01T00:00:00","date_gmt":"2015-12-31T23:00:00","guid":{"rendered":"http:\/\/ricom-web.com\/gestions-hospitalieres\/situation-et-gestion-de-crise-les-attentats-du-13-novembre-a-paris\/"},"modified":"2018-03-06T17:38:20","modified_gmt":"2018-03-06T16:38:20","slug":"situation-et-gestion-de-crise-les-attentats-du-13-novembre-a-paris","status":"publish","type":"post","link":"https:\/\/www.ricom-web8.com\/gestions\/situation-et-gestion-de-crise-les-attentats-du-13-novembre-a-paris\/","title":{"rendered":"Situation et gestion de crise"},"content":{"rendered":"<span class=\"span-reading-time rt-reading-time\" style=\"display: block;\"><span class=\"rt-label rt-prefix\">Temps de lecture\u00a0: <\/span> <span class=\"rt-time\"> 5<\/span> <span class=\"rt-label rt-postfix\">minutes<\/span><\/span><h3>Le 13 novembre au matin, \u00e9tiez-vous pr\u00eats \u00e0 faire face \u00e0 une telle crise\u2009? Peut-on anticiper ce type de situation\u2009?<\/h3>\n<p>Ces situations sont \u00e9videmment anticip\u00e9es et des proc\u00e9dures sont pr\u00e9vues. Le Samu travaille depuis des ann\u00e9es \u00e0 mod\u00e9liser les interventions urgentes et la gestion de crise. Le personnel est comp\u00e9tent gr\u00e2ce \u00e0 une formation continue et une remise \u00e0 niveau r\u00e9guli\u00e8re. Le matin m\u00eame des attentats, le vendredi 13 novembre, une mise en situation d\u2019une attaque avait fait l\u2019objet d\u2019un exercice. Le soir des attentats, le plan blanc a ainsi \u00e9t\u00e9 d\u00e9ploy\u00e9 d\u00e8s 22\u2009h\u200930.<\/p>\n<p>D\u2019un autre c\u00f4t\u00e9, si, le 13 novembre au matin, urgentistes, anesth\u00e9sistes, soignants avaient \u00e9t\u00e9 interrog\u00e9s, la plupart aurait r\u00e9pondu qu\u2019ils ne se sentaient pas pr\u00eats \u00e0 affronter ce type de situation. Une crise de cette ampleur cr\u00e9e un point de bascule en temps r\u00e9el, et ce sont tous les agents du service public qui se sont mobilis\u00e9s, sans faille.<\/p>\n<h3>Qui a particip\u00e9 \u00e0 la cellule de gestion de crise\u2009? Des m\u00e9decins, urgentistes, chirurgiens ont-ils \u00e9t\u00e9 associ\u00e9s\u2009?<\/h3>\n<p>La mise en place d\u2019une cellule de crise fait partie du d\u00e9ploiement du plan blanc. Elle entre aussi dans le continuum\u00a0 de l\u2019activit\u00e9 de l\u2019h\u00f4pital public. Elle assure une communication directe avec le Samu et les \u00e9quipes hospitali\u00e8res. N\u2019oublions pas en effet que ce sont plus d\u2019une quinzaine des trente-neuf \u00e9tablissements de l\u2019AP-HP qui ont \u00e9t\u00e9 sollicit\u00e9s ce soir-l\u00e0. Dans ce contexte particulier, la cellule de crise est aussi en lien \u00e9troit avec les cellules de crise ouvertes par ailleurs, notamment la cellule de crise interminist\u00e9rielle. Elle travaille aussi en interface avec le politique, les tutelles et le terrain.<\/p>\n<p>Concr\u00e8tement, il s\u2019agit de r\u00e9unir un \u00ab\u2009collectif\u2009\u00bb de personnels pour coordonner tous les corps de m\u00e9tiers impliqu\u00e9s dans la prise en charge hospitali\u00e8re des victimes. La cellule de crise r\u00e9unit la direction g\u00e9n\u00e9rale, mais aussi des m\u00e9decins, notamment des urgentistes, des administratifs et des coordonnateurs. Outre la qualit\u00e9 de la prise en charge, une telle mise en tension de l\u2019h\u00f4pital a aussi des cons\u00e9quences en termes de s\u00e9curit\u00e9, d\u2019accueil, de logistique.<\/p>\n<h3>Les h\u00f4pitaux militaires\u00a0ont aussi \u00e9t\u00e9 impliqu\u00e9s\u2009;\u00a0y a-t-il eu une coordination\u00a0au niveau de la communication\u2009?<\/h3>\n<p>Oui, mais au niveau de la cellule de crise interminist\u00e9rielle, puisque les h\u00f4pitaux militaires rel\u00e8vent de la tutelle du minist\u00e8re de la D\u00e9fense. Bien \u00e9videmment, nous nous sommes assur\u00e9s de la coh\u00e9rence de nos propos et de nos approches.<\/p>\n<blockquote><p>L\u2019essentiel est de contextualiser l\u2019information. Face \u00e0 ces terribles \u00e9v\u00e9nements, tout n\u2019est pas\u00a0audible n\u2019importe quand.<\/p><\/blockquote>\n<h3>Quel message a \u00e9t\u00e9 transmis\u00a0aux agents en interne\u2009? Tous\u00a0ont-ils re\u00e7u la m\u00eame information\u2009?<\/h3>\n<p>Non, l\u2019information circule tr\u00e8s vite dans ces cas-l\u00e0. Certains personnels, rappel\u00e9s dans le cadre du plan blanc, ont re\u00e7u une information \u00ab\u2009norm\u00e9e\u2009\u00bb. D\u2019autres, directement impliqu\u00e9s car travaillant dans les h\u00f4pitaux \u00e0 proximit\u00e9 du lieu des attaques (Saint-Louis, Saint-Antoine, Lariboisi\u00e8re) sont rapidement revenus pour donner un coup de main. Beaucoup d\u2019agents, ayant appris la situation par les m\u00e9dias, se sont aussi spontan\u00e9ment pr\u00e9sent\u00e9s pour soutenir les \u00e9quipes de garde. Toutes ces personnes n\u2019ont donc pas re\u00e7u la m\u00eame information, mais l\u2019information a circul\u00e9 particuli\u00e8rement vite ce soir-l\u00e0.<\/p>\n<h3>Comment garder le contr\u00f4le\u00a0de l\u2019information dans une telle situation\u2009? Comment \u00e9viter\u00a0que les agents communiquent\u00a0\u00e0 titre individuel\u2009?<\/h3>\n<p>Dans ce type de situation, il y a un besoin d\u2019information. Il est important que l\u2019institution s\u2019exprime et explique ce qu\u2019elle fait et \u00e0 quel niveau elle r\u00e9pond \u00e0 la situation\u2009; l\u2019AP-HP a par exemple imm\u00e9diatement communiqu\u00e9 en informant l\u2019AFP d\u00e8s 22\u2009h\u200930 du d\u00e9ploiement du plan blanc.<\/p>\n<p>Quant aux agents, du d\u00e9but de la crise \u00e0 la fin de leur garde, ils \u00e9taient tous sur le front. Ils ont d\u00fb faire face \u00e0 une telle somme de travail que d\u2019aller expliquer ce qu\u2019ils faisaient \u00e0 la presse n\u2019\u00e9tait pas leur priorit\u00e9\u2009! Ce sont des centaines de victimes, dont certaines dans un \u00e9tat tr\u00e8s grave, qui ont \u00e9t\u00e9 prises en charge par des \u00e9quipes soud\u00e9es et focalis\u00e9es sur le soin. Les hospitaliers travaillent en \u00e9quipe, particuli\u00e8rement dans des moments de crise. Leur culture de l\u2019urgence valorise le collectif sans lequel rien n\u2019est possible. Tout notre travail a \u00e9t\u00e9 d\u2019anticiper, de coordonner et d\u2019\u00e9quilibrer les prises de parole d\u2019un maximum de nos professionnels, m\u00e9decins ou non m\u00e9decins, dans le cadre d\u2019une sollicitation m\u00e9diatique extr\u00eamement forte.<\/p>\n<h3>Comment canaliser\/encadrer\u00a0les tr\u00e8s nombreuses sollicitations de m\u00e9dias\u2009?<\/h3>\n<p>Nous avons tr\u00e8s vite contr\u00f4l\u00e9 l\u2019acc\u00e8s des m\u00e9dias \u00e0 tous nos h\u00f4pitaux. Il y avait d\u2019abord un enjeu de s\u00e9curit\u00e9. Nous n\u2019\u00e9tions pas face \u00e0 un afflux de victimes caus\u00e9 par un accident de car par exemple, mais par plusieurs attaques terroristes qui pouvaient potentiellement se poursuivre. Nous ne savions pas par ailleurs si nos h\u00f4pitaux ne seraient pas \u00e9galement pris pour cible.<\/p>\n<p>Il y avait aussi, \u00e9videmment, un enjeu de protection de nos patients et de leurs proches, qui devaient pouvoir \u00eatre pris en charge dans les meilleures conditions possibles et en toute confidentialit\u00e9. \u00c0 ce propos, nous avons collectivement d\u00e9cid\u00e9 qu\u2019aucune information pr\u00e9cise sur l\u2019\u00e9tat des patients ne serait donn\u00e9e aux m\u00e9dias et qu\u2019aucune image ne pourrait \u00eatre tourn\u00e9e dans les services d\u2019accueil des victimes. Cela ne nous a pas emp\u00each\u00e9s de rendre public, par exemple quelques heures apr\u00e8s les attentats, un bilan factuel de la prise en charge des victimes dans nos h\u00f4pitaux.<\/p>\n<p>Faire respecter ces d\u00e9cisions, tant par les journalistes que par certains praticiens, n\u2019a pas \u00e9t\u00e9 facile. C\u2019\u00e9tait entre autres le job des responsables de la communication au sein de nos h\u00f4pitaux. Ils ont su canaliser les journalistes et \u00e9viter les intrusions. Il n\u2019y a eu aucune image vol\u00e9e\u2009!<\/p>\n<p>Enfin, pour \u00e9viter les sollicitations, il faut organiser la r\u00e9ponse. Tr\u00e8s vite, nous avons organis\u00e9, hors des \u00e9tablissements, des prises de parole, notamment de chefs de service des urgences mais aussi de soignants, dans tous les m\u00e9dias\u2009: t\u00e9l\u00e9vision, radio, presse \u00e9crite. C\u2019est ainsi plus d\u2019une quarantaine de prises de parole quotidiennes que nous avons orchestr\u00e9es pendant pr\u00e8s de deux semaines\u2009!<\/p>\n<button data-toggle=\"collapse\" data-target=\"#4613\">Figure 1<\/button><div id=\"4613\" class=\"encadre collapse\"><h1>Figure 1<\/h1>\n<h2>L'AP-HP communique apr\u00e8s les attentats du 13 novembre 2015<\/h2>\n<p><img decoding=\"async\" class=\"alignnone wp-image-24409\" src=\"https:\/\/gestions-hospitalieres.fr\/wp-content\/uploads\/2016\/07\/ill_2016_39_01.png\" alt=\"ill_2016_39_01\" width=\"600\" height=\"633\" srcset=\"https:\/\/www.ricom-web8.com\/gestions\/wp-content\/uploads\/2016\/07\/ill_2016_39_01.png 964w, https:\/\/www.ricom-web8.com\/gestions\/wp-content\/uploads\/2016\/07\/ill_2016_39_01-284x300.png 284w, https:\/\/www.ricom-web8.com\/gestions\/wp-content\/uploads\/2016\/07\/ill_2016_39_01-768x810.png 768w\" sizes=\"(max-width: 600px) 100vw, 600px\" \/><\/p>\n<\/div>\n<h3>Quel type d\u2019information a \u00e9t\u00e9 donn\u00e9e aux m\u00e9dias\u2009?<\/h3>\n<p>L\u2019essentiel est de contextualiser l\u2019information. Face \u00e0 ces terribles \u00e9v\u00e9nements, tout n\u2019est pas audible n\u2019importe quand. Par exemple, d\u00e9nombrer les amputations n\u2019est pas une information pertinente\u2026 Il faut trouver le message juste. Il est aussi n\u00e9cessaire de faire entendre une pluralit\u00e9 de voix et de points de vue en valorisant la diversit\u00e9 des profils des personnes interrog\u00e9es par les m\u00e9dias. L\u00e0 encore, pour \u00e9viter des informations contradictoires, il faut se coordonner et anticiper. Afin de valoriser le travail des diff\u00e9rents services et h\u00f4pitaux mobilis\u00e9s, de br\u00e8ves interviews film\u00e9es des \u00e9quipes m\u00e9dicales et param\u00e9dicales directement impliqu\u00e9es dans la prise en charge des victimes ont \u00e9t\u00e9 r\u00e9alis\u00e9es d\u00e8s le 16 novembre, mises en ligne tr\u00e8s rapidement sur le site Internet de l\u2019AP-HP et relay\u00e9es sur les r\u00e9seaux sociaux. Le 24 novembre, un article sur le plan blanc et les sp\u00e9cificit\u00e9s de la gestion de crise sanitaire \u00e0 la fran\u00e7aise a \u00e9t\u00e9 publi\u00e9 par des m\u00e9decins dans la revue <em>The Lancet<\/em>.<\/p>\n<h3>Comment r\u00e9pondre aux appels des proches\u00a0des victimes\u2009?<\/h3>\n<p>Le plan blanc pr\u00e9voit la mise en place d\u2019un num\u00e9ro vert sp\u00e9cifique pour informer les proches des victimes. Une \u00e9quipe d\u00e9di\u00e9e r\u00e9pond aux appels, \u00e9tablit des listings\u2026 Pour relayer ce num\u00e9ro, nous l\u2019avons indiqu\u00e9 sur la page d\u2019accueil du site Internet de l\u2019AP-HP pour que les gens puissent rapidement savoir si leurs proches \u00e9taient pris en charge dans nos h\u00f4pitaux. Nous avons \u00e9galement utilis\u00e9 les r\u00e9seaux sociaux et les diff\u00e9rents m\u00e9dias.<\/p>\n<h3>Pr\u00e8s d\u2019un mois apr\u00e8s ces terribles \u00e9v\u00e9nements, parle-t-on encore d\u2019une communication de crise\u2009?<\/h3>\n<p>Jusqu\u2019\u00e0 la c\u00e9r\u00e9monie d\u2019hommage aux victimes, soit 15 jours apr\u00e8s, nous avons collectivement fourni un important travail pour r\u00e9pondre aux centaines de sollicitations. De m\u00eame, jusqu\u2019\u00e0 tr\u00e8s r\u00e9cemment, nous avons continu\u00e9 \u00e0 publier tr\u00e8s r\u00e9guli\u00e8rement des communiqu\u00e9s de presse faisant le point sur la prise en charge des victimes \u00e0 l\u2019AP-HP. Nous continuons de veiller au respect du secret m\u00e9dical pour les patients. Dans ce cadre, les prises d\u2019images ne sont toujours pas autoris\u00e9es dans les services.\u00a0 Lorsque des victimes souhaitent t\u00e9moigner, elles peuvent le faire dans leur chambre (juridiquement consid\u00e9r\u00e9e comme un espace privatif) avec l\u2019accord du chef de service et du chef d\u2019\u00e9tablissement.<\/p>\n<div class=\"f52b1046-9ea2-4eb9-84b5-89a315a7557d\" style=\"display: none;\"><\/div>\n<h3>Un mot de conclusion\u2009?<\/h3>\n<p>Dans une situation d\u2019une telle gravit\u00e9, la communication doit rester un outil au service de la meilleure prise en charge possible des patients. Elle doit \u00eatre claire, pr\u00e9cise et transparente, dans le respect que l\u2019on doit aux patients que nous prenons en charge.<\/p>\n<p><strong>Pour en savoir plus : <\/strong>Twitter @APHP, Facebook AP-HP,<strong>\u00a0<\/strong> <a href=\"http:\/\/www.ap-hp.fr\">www.ap-hp.fr<\/a><\/p>\n<script>function PlayerjsAsync(){} if(window[\"Playerjs\"]){PlayerjsAsync();}<\/script>","protected":false},"excerpt":{"rendered":"<p>Lors des attentats du 13 novembre dernier, les e\u0301tablissements de l\u2019Assistance publique-Ho\u0302pitaux de Paris ont du\u0302 faire face a\u0300 une crise ine\u0301dite : afflux de victimes, en e\u0301tat de choc, souvent atteintes de blessures de type traumatologie de guerre&#8230; Les e\u0301quipes me\u0301dicales et soignantes ont fait preuve d\u2019une re\u0301activite\u0301 remarquable. La direction ge\u0301ne\u0301rale a du\u0302 mettre en place, en urgence, une strate\u0301gie de communication, qui s\u2019est de\u0301ploye\u0301e afin de donner a\u0300 chacun, victime, agent, citoyen, les informations au plus pre\u0300s de la situation ve\u0301cue. Qui a construit cette strate\u0301gie ? Quels e\u0301le\u0301ments ont pre\u0301side\u0301 aux choix de communication ? Entretien avec Patrick Chanson, directeur de la communication de l\u2019AP-HP.<\/p>\n","protected":false},"author":1202,"featured_media":0,"comment_status":"closed","ping_status":"open","sticky":false,"template":"","format":"standard","meta":{"_acf_changed":false,"_relevanssi_hide_post":"","_relevanssi_hide_content":"","_relevanssi_pin_for_all":"","_relevanssi_pin_keywords":"","_relevanssi_unpin_keywords":"","_relevanssi_related_keywords":"","_relevanssi_related_include_ids":"","_relevanssi_related_exclude_ids":"","_relevanssi_related_no_append":"","_relevanssi_related_not_related":"","_relevanssi_related_posts":"","_relevanssi_noindex_reason":"","footnotes":""},"categories":[26,2],"tags":[1223,2186,300,1185,2185,4284,2184,2187],"class_list":["post-15878","post","type-post","status-publish","format-standard","hentry","category-dossier","category-gestions-hospitalieres","tag-ap-hp","tag-attentat","tag-communication","tag-crise","tag-novembre-2015","tag-paris","tag-plan-blanc","tag-urgence"],"acf":[],"yoast_head":"<!-- This site is optimized with the Yoast SEO plugin v24.8.1 - https:\/\/yoast.com\/wordpress\/plugins\/seo\/ -->\n<title>Situation et gestion de crise - Gestions hospitali\u00e8res<\/title>\n<meta name=\"robots\" content=\"index, follow, max-snippet:-1, max-image-preview:large, max-video-preview:-1\" \/>\n<link rel=\"canonical\" href=\"https:\/\/www.ricom-web8.com\/gestions\/situation-et-gestion-de-crise-les-attentats-du-13-novembre-a-paris\/\" \/>\n<meta property=\"og:locale\" content=\"fr_FR\" \/>\n<meta property=\"og:type\" content=\"article\" \/>\n<meta property=\"og:title\" content=\"Situation et gestion de crise - Gestions hospitali\u00e8res\" \/>\n<meta property=\"og:description\" content=\"Lors des attentats du 13 novembre dernier, les e\u0301tablissements de l\u2019Assistance publique-Ho\u0302pitaux de Paris ont du\u0302 faire face a\u0300 une crise ine\u0301dite : afflux de victimes, en e\u0301tat de choc, souvent atteintes de blessures de type traumatologie de guerre... Les e\u0301quipes me\u0301dicales et soignantes ont fait preuve d\u2019une re\u0301activite\u0301 remarquable. La direction ge\u0301ne\u0301rale a du\u0302 mettre en place, en urgence, une strate\u0301gie de communication, qui s\u2019est de\u0301ploye\u0301e afin de donner a\u0300 chacun, victime, agent, citoyen, les informations au plus pre\u0300s de la situation ve\u0301cue. Qui a construit cette strate\u0301gie ? Quels e\u0301le\u0301ments ont pre\u0301side\u0301 aux choix de communication ? Entretien avec Patrick Chanson, directeur de la communication de l\u2019AP-HP.\" \/>\n<meta property=\"og:url\" content=\"https:\/\/www.ricom-web8.com\/gestions\/situation-et-gestion-de-crise-les-attentats-du-13-novembre-a-paris\/\" \/>\n<meta property=\"og:site_name\" content=\"Gestions hospitali\u00e8res\" \/>\n<meta property=\"article:publisher\" content=\"https:\/\/www.facebook.com\/gestionshospitalieres\/\" \/>\n<meta property=\"article:published_time\" content=\"2015-12-31T23:00:00+00:00\" \/>\n<meta property=\"article:modified_time\" content=\"2018-03-06T16:38:20+00:00\" \/>\n<meta name=\"author\" content=\"yann Le Sager\" \/>\n<meta name=\"twitter:card\" content=\"summary_large_image\" \/>\n<meta name=\"twitter:creator\" content=\"@revue_GH\" \/>\n<meta name=\"twitter:site\" content=\"@revue_GH\" \/>\n<meta name=\"twitter:label1\" content=\"\u00c9crit par\" \/>\n\t<meta name=\"twitter:data1\" content=\"yann Le Sager\" \/>\n\t<meta name=\"twitter:label2\" content=\"Dur\u00e9e de lecture estim\u00e9e\" \/>\n\t<meta name=\"twitter:data2\" content=\"8 minutes\" \/>\n<script type=\"application\/ld+json\" class=\"yoast-schema-graph\">{\"@context\":\"https:\/\/schema.org\",\"@graph\":[{\"@type\":\"Article\",\"@id\":\"https:\/\/www.ricom-web8.com\/gestions\/situation-et-gestion-de-crise-les-attentats-du-13-novembre-a-paris\/#article\",\"isPartOf\":{\"@id\":\"https:\/\/www.ricom-web8.com\/gestions\/situation-et-gestion-de-crise-les-attentats-du-13-novembre-a-paris\/\"},\"author\":{\"name\":\"yann Le Sager\",\"@id\":\"https:\/\/www.ricom-web8.com\/gestions\/#\/schema\/person\/810c9671279c5f5a094f6f0a42237516\"},\"headline\":\"Situation et gestion de crise\",\"datePublished\":\"2015-12-31T23:00:00+00:00\",\"dateModified\":\"2018-03-06T16:38:20+00:00\",\"mainEntityOfPage\":{\"@id\":\"https:\/\/www.ricom-web8.com\/gestions\/situation-et-gestion-de-crise-les-attentats-du-13-novembre-a-paris\/\"},\"wordCount\":1615,\"publisher\":{\"@id\":\"https:\/\/www.ricom-web8.com\/gestions\/#organization\"},\"keywords\":[\"AP-HP\",\"attentat\",\"communication\",\"crise\",\"novembre 2015\",\"Paris\",\"plan blanc\",\"urgence\"],\"articleSection\":[\"dossier\",\"Gestions Hospitali\u00e8res\"],\"inLanguage\":\"fr-FR\"},{\"@type\":\"WebPage\",\"@id\":\"https:\/\/www.ricom-web8.com\/gestions\/situation-et-gestion-de-crise-les-attentats-du-13-novembre-a-paris\/\",\"url\":\"https:\/\/www.ricom-web8.com\/gestions\/situation-et-gestion-de-crise-les-attentats-du-13-novembre-a-paris\/\",\"name\":\"Situation et gestion de crise - Gestions hospitali\u00e8res\",\"isPartOf\":{\"@id\":\"https:\/\/www.ricom-web8.com\/gestions\/#website\"},\"datePublished\":\"2015-12-31T23:00:00+00:00\",\"dateModified\":\"2018-03-06T16:38:20+00:00\",\"breadcrumb\":{\"@id\":\"https:\/\/www.ricom-web8.com\/gestions\/situation-et-gestion-de-crise-les-attentats-du-13-novembre-a-paris\/#breadcrumb\"},\"inLanguage\":\"fr-FR\",\"potentialAction\":[{\"@type\":\"ReadAction\",\"target\":[\"https:\/\/www.ricom-web8.com\/gestions\/situation-et-gestion-de-crise-les-attentats-du-13-novembre-a-paris\/\"]}]},{\"@type\":\"BreadcrumbList\",\"@id\":\"https:\/\/www.ricom-web8.com\/gestions\/situation-et-gestion-de-crise-les-attentats-du-13-novembre-a-paris\/#breadcrumb\",\"itemListElement\":[{\"@type\":\"ListItem\",\"position\":1,\"name\":\"Accueil\",\"item\":\"https:\/\/www.ricom-web8.com\/gestions\/\"},{\"@type\":\"ListItem\",\"position\":2,\"name\":\"Situation et gestion de crise\"}]},{\"@type\":\"WebSite\",\"@id\":\"https:\/\/www.ricom-web8.com\/gestions\/#website\",\"url\":\"https:\/\/www.ricom-web8.com\/gestions\/\",\"name\":\"Gestions hospitali\u00e8res\",\"description\":\"la revue des d\u00e9cideurs hospitaliers\",\"publisher\":{\"@id\":\"https:\/\/www.ricom-web8.com\/gestions\/#organization\"},\"potentialAction\":[{\"@type\":\"SearchAction\",\"target\":{\"@type\":\"EntryPoint\",\"urlTemplate\":\"https:\/\/www.ricom-web8.com\/gestions\/?s={search_term_string}\"},\"query-input\":{\"@type\":\"PropertyValueSpecification\",\"valueRequired\":true,\"valueName\":\"search_term_string\"}}],\"inLanguage\":\"fr-FR\"},{\"@type\":\"Organization\",\"@id\":\"https:\/\/www.ricom-web8.com\/gestions\/#organization\",\"name\":\"Gestions hospitali\u00e8res\",\"url\":\"https:\/\/www.ricom-web8.com\/gestions\/\",\"logo\":{\"@type\":\"ImageObject\",\"inLanguage\":\"fr-FR\",\"@id\":\"https:\/\/www.ricom-web8.com\/gestions\/#\/schema\/logo\/image\/\",\"url\":\"https:\/\/gestions-hospitalieres.fr\/wp-content\/uploads\/2017\/02\/picto_Gif-GH-trans.png\",\"contentUrl\":\"https:\/\/gestions-hospitalieres.fr\/wp-content\/uploads\/2017\/02\/picto_Gif-GH-trans.png\",\"width\":512,\"height\":512,\"caption\":\"Gestions hospitali\u00e8res\"},\"image\":{\"@id\":\"https:\/\/www.ricom-web8.com\/gestions\/#\/schema\/logo\/image\/\"},\"sameAs\":[\"https:\/\/www.facebook.com\/gestionshospitalieres\/\",\"https:\/\/x.com\/revue_GH\",\"https:\/\/www.linkedin.com\/company\/gestions-hospitalieres?trk=top_nav_home\"]},{\"@type\":\"Person\",\"@id\":\"https:\/\/www.ricom-web8.com\/gestions\/#\/schema\/person\/810c9671279c5f5a094f6f0a42237516\",\"name\":\"yann Le Sager\",\"image\":{\"@type\":\"ImageObject\",\"inLanguage\":\"fr-FR\",\"@id\":\"https:\/\/www.ricom-web8.com\/gestions\/#\/schema\/person\/image\/\",\"url\":\"https:\/\/secure.gravatar.com\/avatar\/36112fa5997be9e3b9acb0c60a4a1075?s=96&d=mm&r=g\",\"contentUrl\":\"https:\/\/secure.gravatar.com\/avatar\/36112fa5997be9e3b9acb0c60a4a1075?s=96&d=mm&r=g\",\"caption\":\"yann Le Sager\"},\"url\":\"https:\/\/www.ricom-web8.com\/gestions\/author\/lesager-yannstudioricom-com\/\"}]}<\/script>\n<!-- \/ Yoast SEO plugin. -->","yoast_head_json":{"title":"Situation et gestion de crise - Gestions hospitali\u00e8res","robots":{"index":"index","follow":"follow","max-snippet":"max-snippet:-1","max-image-preview":"max-image-preview:large","max-video-preview":"max-video-preview:-1"},"canonical":"https:\/\/www.ricom-web8.com\/gestions\/situation-et-gestion-de-crise-les-attentats-du-13-novembre-a-paris\/","og_locale":"fr_FR","og_type":"article","og_title":"Situation et gestion de crise - Gestions hospitali\u00e8res","og_description":"Lors des attentats du 13 novembre dernier, les e\u0301tablissements de l\u2019Assistance publique-Ho\u0302pitaux de Paris ont du\u0302 faire face a\u0300 une crise ine\u0301dite : afflux de victimes, en e\u0301tat de choc, souvent atteintes de blessures de type traumatologie de guerre... Les e\u0301quipes me\u0301dicales et soignantes ont fait preuve d\u2019une re\u0301activite\u0301 remarquable. La direction ge\u0301ne\u0301rale a du\u0302 mettre en place, en urgence, une strate\u0301gie de communication, qui s\u2019est de\u0301ploye\u0301e afin de donner a\u0300 chacun, victime, agent, citoyen, les informations au plus pre\u0300s de la situation ve\u0301cue. Qui a construit cette strate\u0301gie ? Quels e\u0301le\u0301ments ont pre\u0301side\u0301 aux choix de communication ? Entretien avec Patrick Chanson, directeur de la communication de l\u2019AP-HP.","og_url":"https:\/\/www.ricom-web8.com\/gestions\/situation-et-gestion-de-crise-les-attentats-du-13-novembre-a-paris\/","og_site_name":"Gestions hospitali\u00e8res","article_publisher":"https:\/\/www.facebook.com\/gestionshospitalieres\/","article_published_time":"2015-12-31T23:00:00+00:00","article_modified_time":"2018-03-06T16:38:20+00:00","author":"yann Le Sager","twitter_card":"summary_large_image","twitter_creator":"@revue_GH","twitter_site":"@revue_GH","twitter_misc":{"\u00c9crit par":"yann Le Sager","Dur\u00e9e de lecture estim\u00e9e":"8 minutes"},"schema":{"@context":"https:\/\/schema.org","@graph":[{"@type":"Article","@id":"https:\/\/www.ricom-web8.com\/gestions\/situation-et-gestion-de-crise-les-attentats-du-13-novembre-a-paris\/#article","isPartOf":{"@id":"https:\/\/www.ricom-web8.com\/gestions\/situation-et-gestion-de-crise-les-attentats-du-13-novembre-a-paris\/"},"author":{"name":"yann Le Sager","@id":"https:\/\/www.ricom-web8.com\/gestions\/#\/schema\/person\/810c9671279c5f5a094f6f0a42237516"},"headline":"Situation et gestion de crise","datePublished":"2015-12-31T23:00:00+00:00","dateModified":"2018-03-06T16:38:20+00:00","mainEntityOfPage":{"@id":"https:\/\/www.ricom-web8.com\/gestions\/situation-et-gestion-de-crise-les-attentats-du-13-novembre-a-paris\/"},"wordCount":1615,"publisher":{"@id":"https:\/\/www.ricom-web8.com\/gestions\/#organization"},"keywords":["AP-HP","attentat","communication","crise","novembre 2015","Paris","plan blanc","urgence"],"articleSection":["dossier","Gestions Hospitali\u00e8res"],"inLanguage":"fr-FR"},{"@type":"WebPage","@id":"https:\/\/www.ricom-web8.com\/gestions\/situation-et-gestion-de-crise-les-attentats-du-13-novembre-a-paris\/","url":"https:\/\/www.ricom-web8.com\/gestions\/situation-et-gestion-de-crise-les-attentats-du-13-novembre-a-paris\/","name":"Situation et gestion de crise - Gestions hospitali\u00e8res","isPartOf":{"@id":"https:\/\/www.ricom-web8.com\/gestions\/#website"},"datePublished":"2015-12-31T23:00:00+00:00","dateModified":"2018-03-06T16:38:20+00:00","breadcrumb":{"@id":"https:\/\/www.ricom-web8.com\/gestions\/situation-et-gestion-de-crise-les-attentats-du-13-novembre-a-paris\/#breadcrumb"},"inLanguage":"fr-FR","potentialAction":[{"@type":"ReadAction","target":["https:\/\/www.ricom-web8.com\/gestions\/situation-et-gestion-de-crise-les-attentats-du-13-novembre-a-paris\/"]}]},{"@type":"BreadcrumbList","@id":"https:\/\/www.ricom-web8.com\/gestions\/situation-et-gestion-de-crise-les-attentats-du-13-novembre-a-paris\/#breadcrumb","itemListElement":[{"@type":"ListItem","position":1,"name":"Accueil","item":"https:\/\/www.ricom-web8.com\/gestions\/"},{"@type":"ListItem","position":2,"name":"Situation et gestion de crise"}]},{"@type":"WebSite","@id":"https:\/\/www.ricom-web8.com\/gestions\/#website","url":"https:\/\/www.ricom-web8.com\/gestions\/","name":"Gestions hospitali\u00e8res","description":"la revue des d\u00e9cideurs hospitaliers","publisher":{"@id":"https:\/\/www.ricom-web8.com\/gestions\/#organization"},"potentialAction":[{"@type":"SearchAction","target":{"@type":"EntryPoint","urlTemplate":"https:\/\/www.ricom-web8.com\/gestions\/?s={search_term_string}"},"query-input":{"@type":"PropertyValueSpecification","valueRequired":true,"valueName":"search_term_string"}}],"inLanguage":"fr-FR"},{"@type":"Organization","@id":"https:\/\/www.ricom-web8.com\/gestions\/#organization","name":"Gestions hospitali\u00e8res","url":"https:\/\/www.ricom-web8.com\/gestions\/","logo":{"@type":"ImageObject","inLanguage":"fr-FR","@id":"https:\/\/www.ricom-web8.com\/gestions\/#\/schema\/logo\/image\/","url":"https:\/\/gestions-hospitalieres.fr\/wp-content\/uploads\/2017\/02\/picto_Gif-GH-trans.png","contentUrl":"https:\/\/gestions-hospitalieres.fr\/wp-content\/uploads\/2017\/02\/picto_Gif-GH-trans.png","width":512,"height":512,"caption":"Gestions hospitali\u00e8res"},"image":{"@id":"https:\/\/www.ricom-web8.com\/gestions\/#\/schema\/logo\/image\/"},"sameAs":["https:\/\/www.facebook.com\/gestionshospitalieres\/","https:\/\/x.com\/revue_GH","https:\/\/www.linkedin.com\/company\/gestions-hospitalieres?trk=top_nav_home"]},{"@type":"Person","@id":"https:\/\/www.ricom-web8.com\/gestions\/#\/schema\/person\/810c9671279c5f5a094f6f0a42237516","name":"yann Le Sager","image":{"@type":"ImageObject","inLanguage":"fr-FR","@id":"https:\/\/www.ricom-web8.com\/gestions\/#\/schema\/person\/image\/","url":"https:\/\/secure.gravatar.com\/avatar\/36112fa5997be9e3b9acb0c60a4a1075?s=96&d=mm&r=g","contentUrl":"https:\/\/secure.gravatar.com\/avatar\/36112fa5997be9e3b9acb0c60a4a1075?s=96&d=mm&r=g","caption":"yann Le Sager"},"url":"https:\/\/www.ricom-web8.com\/gestions\/author\/lesager-yannstudioricom-com\/"}]}},"_links":{"self":[{"href":"https:\/\/www.ricom-web8.com\/gestions\/wp-json\/wp\/v2\/posts\/15878","targetHints":{"allow":["GET"]}}],"collection":[{"href":"https:\/\/www.ricom-web8.com\/gestions\/wp-json\/wp\/v2\/posts"}],"about":[{"href":"https:\/\/www.ricom-web8.com\/gestions\/wp-json\/wp\/v2\/types\/post"}],"author":[{"embeddable":true,"href":"https:\/\/www.ricom-web8.com\/gestions\/wp-json\/wp\/v2\/users\/1202"}],"replies":[{"embeddable":true,"href":"https:\/\/www.ricom-web8.com\/gestions\/wp-json\/wp\/v2\/comments?post=15878"}],"version-history":[{"count":0,"href":"https:\/\/www.ricom-web8.com\/gestions\/wp-json\/wp\/v2\/posts\/15878\/revisions"}],"wp:attachment":[{"href":"https:\/\/www.ricom-web8.com\/gestions\/wp-json\/wp\/v2\/media?parent=15878"}],"wp:term":[{"taxonomy":"category","embeddable":true,"href":"https:\/\/www.ricom-web8.com\/gestions\/wp-json\/wp\/v2\/categories?post=15878"},{"taxonomy":"post_tag","embeddable":true,"href":"https:\/\/www.ricom-web8.com\/gestions\/wp-json\/wp\/v2\/tags?post=15878"}],"curies":[{"name":"wp","href":"https:\/\/api.w.org\/{rel}","templated":true}]}}