

{"id":15882,"date":"2016-01-01T00:00:00","date_gmt":"2015-12-31T23:00:00","guid":{"rendered":"http:\/\/ricom-web.com\/gestions-hospitalieres\/reseaux-sociaux-et-confidentialite\/"},"modified":"2018-03-06T17:35:32","modified_gmt":"2018-03-06T16:35:32","slug":"reseaux-sociaux-et-confidentialite","status":"publish","type":"post","link":"https:\/\/www.ricom-web8.com\/gestions\/reseaux-sociaux-et-confidentialite\/","title":{"rendered":"R\u00e9seaux sociaux et confidentialit\u00e9"},"content":{"rendered":"<span class=\"span-reading-time rt-reading-time\" style=\"display: block;\"><span class=\"rt-label rt-prefix\">Temps de lecture\u00a0: <\/span> <span class=\"rt-time\"> 3<\/span> <span class=\"rt-label rt-postfix\">minutes<\/span><\/span><p>L\u2019erreur majeure est de consid\u00e9rer les r\u00e9seaux sociaux comme \u00e9tant des lieux clos, o\u00f9 les informations \u00e9chang\u00e9es sont priv\u00e9es. En effet, selon les param\u00e8tres de confidentialit\u00e9 s\u00e9lectionn\u00e9s, les informations pourront \u00eatre consid\u00e9r\u00e9es comme publiques ou priv\u00e9es. Il est donc n\u00e9cessaire de se reporter aux conditions g\u00e9n\u00e9rales d\u2019utilisation du r\u00e9seau social, trop souvent ignor\u00e9es par les utilisateurs.<\/p>\n<h2>R\u00e9seaux sociaux et vie priv\u00e9e<\/h2>\n<p>\u00c0 titre d\u2019exemple, les conditions g\u00e9n\u00e9rales d\u2019utilisation de Facebook, et plus sp\u00e9cifiquement leur politique d\u2019utilisation des donn\u00e9es<sup class=\"appel\" data-toggle=\"modal\" data-target=\"#notes\">(1)<\/sup>, pr\u00e9voient la chose suivante\u2009: \u00ab\u2009<em>Le terme \u201cinformations publiques\u201d fait r\u00e9f\u00e9rence aux informations que vous partagez avec tout le monde, dans votre profil public, ou encore aux contenus que vous partagez sur une page Facebook ou sur un autre forum public. Les informations publiques sont accessibles \u00e0 tout le monde, au sein comme en dehors de nos services, et peuvent \u00eatre vues ou retrouv\u00e9es \u00e0 l\u2019aide de moteurs de recherche en ligne, d\u2019API et de m\u00e9dias hors ligne, tels que la t\u00e9l\u00e9vision [\u2026]. Lorsque vous commentez la publication d\u2019une autre personne ou indiquez aimer un contenu qu\u2019elle a partag\u00e9 sur Facebook, cette derni\u00e8re d\u00e9cide des personnes autoris\u00e9es \u00e0 voir votre commentaire ou votre mention J\u2019aime. Si l\u2019audience choisie est Public, votre commentaire sera \u00e9galement public<\/em>.\u2009\u00bb<\/p>\n<p>Ainsi, un utilisateur qui fait le choix, dans ses param\u00e8tres de s\u00e9curit\u00e9, d\u2019un profil public, doit savoir que toutes ses informations seront publiques et donc accessibles \u00e0 tous, y compris par le biais de moteurs de recherche. Par ailleurs, une personne commentant un profil public ou partageant des informations (photos, commentaires ou autres) sur un profil, une page ou un groupe public, doit avoir \u00e0 l\u2019esprit que ces informations seront publiques, peu importe si son profil personnel est par ailleurs priv\u00e9.<\/p>\n<p>Il est donc important de s\u2019int\u00e9resser aux conditions g\u00e9n\u00e9rales d\u2019utilisation ainsi qu\u2019\u00e0 la politique d\u2019utilisation des donn\u00e9es du r\u00e9seau social et ce, \u00e0 chaque fois qu\u2019elles sont mises \u00e0 jour, afin de param\u00e9trer au mieux son profil et prot\u00e9ger ses donn\u00e9es.<\/p>\n<h2>R\u00e9seaux sociaux\u00a0et libert\u00e9 d\u2019expression<\/h2>\n<p>Toute la difficult\u00e9 de l\u2019encadrement de l\u2019utilisation des r\u00e9seaux sociaux par les professionnels des \u00e9tablissements de sant\u00e9, r\u00e9side dans la juste ad\u00e9quation entre le respect de la libert\u00e9 d\u2019expression des professionnels d\u2019une part et le respect par ces derniers de leurs obligations professionnelles d\u2019autre part. En effet, rappelons que les professionnels travaillant \u00e0 l\u2019h\u00f4pital, et plus sp\u00e9cifiquement les professionnels de sant\u00e9, sont d\u00e9biteurs d\u2019une obligation de respect du secret professionnel. De m\u00eame, ces professionnels, en tant qu\u2019agents publics, doivent respecter une obligation de confidentialit\u00e9, de neutralit\u00e9 et de r\u00e9serve. Ces obligations sont bien entendu \u00e9galement valables sur les r\u00e9seaux sociaux.<\/p>\n<p><img decoding=\"async\" src=\"https:\/\/gestions-hospitalieres.fr\/wp-content\/uploads\/ill_2016_50_01_0.png\" alt=\"r\u00e9seaux sociaux et confidentialit\u00e9\" data-entity-type=\"file\" data-entity-uuid=\"d33284ac-6f09-46f8-9b14-e89b4efce9f8\" \/><\/p>\n<p>La libert\u00e9 d\u2019expression sur les r\u00e9seaux sociaux est donc permise, mais celle-ci doit s\u2019exercer dans le respect du patient, de l\u2019institution, de ses coll\u00e8gues et de sa profession.<\/p>\n<p>Ainsi, la diffamation <sup class=\"appel\" data-toggle=\"modal\" data-target=\"#notes\">(2)<\/sup>, l\u2019injure <sup class=\"appel\" data-toggle=\"modal\" data-target=\"#notes\">(3)<\/sup>\u00a0ou encore le d\u00e9nigrement vont venir limiter cette libert\u00e9 d\u2019expression.<\/p>\n<p>Et c\u2019est l\u00e0 que le caract\u00e8re public d\u2019une information diffus\u00e9e sur les r\u00e9seaux sociaux va avoir son importance. En effet, alors que la diffamation publique sera consid\u00e9r\u00e9e comme un d\u00e9lit, punissable de d\u2019une amende de 12\u2009000\u2009euros <sup class=\"appel\" data-toggle=\"modal\" data-target=\"#notes\">(4)<\/sup>, la diffamation priv\u00e9e quant \u00e0 elle sera consid\u00e9r\u00e9e comme une contravention et sera punie d\u2019une amende de 38 euros. M\u00eame chose pour l\u2019injure qui sera plus durement r\u00e9prim\u00e9e si elle est publique (amende de 12 000 euros \u2013 art. 33 de la loi du 29\u202fjuillet 1881) que si elle est priv\u00e9e (contravention de premi\u00e8re classe \u2013 art. R. 621-2 du code p\u00e9nal).<\/p>\n<blockquote><p>Si la libert\u00e9 d\u2019expression\u00a0sur les r\u00e9seaux sociaux est permise, elle doit s\u2019exercer dans le respect\u00a0du patient, de l\u2019institution,\u00a0de ses coll\u00e8gues et de sa profession.<\/p><\/blockquote>\n<p>D\u00e8s lors, il est l\u00e9gitime de se demander ce qui peut bien \u00eatre consid\u00e9r\u00e9 comme \u00ab\u2009public\u2009\u00bb sur un r\u00e9seau social. La jurisprudence nous apporte quelques r\u00e9ponses \u00e0 ce sujet.<\/p>\n<p>Ainsi, la cour d\u2019appel de Lyon a par exemple consid\u00e9r\u00e9 qu\u2019un licenciement \u00e9tait fond\u00e9 sur une cause r\u00e9elle et s\u00e9rieuse pour un salari\u00e9 qui \u00ab\u2009<em>en n\u2019activant pas les crit\u00e8res de confidentialit\u00e9 de son compte Facebook a pris le risque que ses propos, qu\u2019il pensait priv\u00e9s soient accessibles \u00e0 d&#8217;autres salari\u00e9s de la soci\u00e9t\u00e9 eux-m\u00eames titulaires d\u2019un compte Facebook<\/em>\u2009\u00bb. Selon les juges, les propos, peu flatteurs, auraient exc\u00e9d\u00e9 le droit \u00e0 la libert\u00e9 d\u2019expression de leur auteur.<\/p>\n<p>En revanche, comme le pr\u00e9cise la cour administrative de Rouen \u00ab\u2009<em>la seule existence de propos injurieux et calomnieux sur le r\u00e9seau social ne suffit pas, en elle-m\u00eame, \u00e0 justifier du licenciement d\u2019un salari\u00e9, il incombe \u00e0 l\u2019employeur de d\u00e9montrer le caract\u00e8re public des correspondances litigieuses<\/em>\u2009\u00bb.<\/p>\n<p>Ainsi, l\u2019employeur qui souhaiterait sanctionner un agent pour des propos tenus sur un r\u00e9seau social, devra d\u2019abord \u00e9tablir le caract\u00e8re public des propos.<\/p>\n<p>Face \u00e0 l\u2019utilisation croissante des r\u00e9seaux sociaux, \u00e0 la fois dans la sph\u00e8re priv\u00e9e et professionnelle, il appara\u00eet important de sensibiliser le plus t\u00f4t possible les professionnels aux risques d\u2019une mauvaise utilisation de ses outils.<\/p>\n<p>La libert\u00e9 d\u2019expression comporte des limites, m\u00eame sur les r\u00e9seaux sociaux, et il est n\u00e9cessaire de garder cela \u00e0 l\u2019esprit.<\/p>\n<script>function PlayerjsAsync(){} if(window[\"Playerjs\"]){PlayerjsAsync();}<\/script>","protected":false},"excerpt":{"rendered":"<p><span class=\"span-reading-time rt-reading-time\" style=\"display: block;\"><span class=\"rt-label rt-prefix\">Temps de lecture\u00a0: <\/span> <span class=\"rt-time\"> 3<\/span> <span class=\"rt-label rt-postfix\">minutes<\/span><\/span>Les re\u0301seaux sociaux ont pris une part importante dans notre vie de tous les jours. Qu\u2019ils soient professionnels (Viadeo, LinKedin) ou personnels (Facebook, Twitter), leur existence, leur importance et leur force ne peuvent e\u0302tre ignore\u0301es. Le secteur hospitalier n\u2019y e\u0301chappe pas et nombreux sont les e\u0301tablissements qui ont fait le choix d\u2019ouvrir et de de\u0301velopper un compte Facebook ou Twitter. Les personnels de ces e\u0301tablissements de\u0301tenant un ou plusieurs comptes sur les re\u0301seaux sociaux sont eux aussi nombreux. Cependant, l\u2019utilisation de ces re\u0301seaux nous ame\u0300ne a\u0300 nous poser des questions majeures a\u0300 la fois en termes de respect de la vie prive\u0301e (vie prive\u0301e des personnels et des patients) et de respect de la liberte\u0301 d\u2019expression.<\/p>\n","protected":false},"author":1202,"featured_media":0,"comment_status":"closed","ping_status":"open","sticky":false,"template":"","format":"standard","meta":{"_acf_changed":false,"_relevanssi_hide_post":"","_relevanssi_hide_content":"","_relevanssi_pin_for_all":"","_relevanssi_pin_keywords":"","_relevanssi_unpin_keywords":"","_relevanssi_related_keywords":"","_relevanssi_related_include_ids":"","_relevanssi_related_exclude_ids":"","_relevanssi_related_no_append":"","_relevanssi_related_not_related":"","_relevanssi_related_posts":"","_relevanssi_noindex_reason":"","footnotes":""},"categories":[26,2],"tags":[1755,156,1979,2161,2191],"class_list":["post-15882","post","type-post","status-publish","format-standard","hentry","category-dossier","category-gestions-hospitalieres","tag-confidentialite","tag-hopital","tag-juridique","tag-reseaux-sociaux","tag-secret-professionnel"],"acf":[],"yoast_head":"<!-- This site is optimized with the Yoast SEO plugin v24.8.1 - https:\/\/yoast.com\/wordpress\/plugins\/seo\/ -->\n<title>R\u00e9seaux sociaux et confidentialit\u00e9 - Gestions hospitali\u00e8res<\/title>\n<meta name=\"robots\" content=\"index, follow, max-snippet:-1, max-image-preview:large, max-video-preview:-1\" \/>\n<link rel=\"canonical\" href=\"https:\/\/www.ricom-web8.com\/gestions\/reseaux-sociaux-et-confidentialite\/\" \/>\n<meta property=\"og:locale\" content=\"fr_FR\" \/>\n<meta property=\"og:type\" content=\"article\" \/>\n<meta property=\"og:title\" content=\"R\u00e9seaux sociaux et confidentialit\u00e9 - Gestions hospitali\u00e8res\" \/>\n<meta property=\"og:description\" content=\"Temps de lecture\u00a0:  3 minutesLes re\u0301seaux sociaux ont pris une part importante dans notre vie de tous les jours. Qu\u2019ils soient professionnels (Viadeo, LinKedin) ou personnels (Facebook, Twitter), leur existence, leur importance et leur force ne peuvent e\u0302tre ignore\u0301es. Le secteur hospitalier n\u2019y e\u0301chappe pas et nombreux sont les e\u0301tablissements qui ont fait le choix d\u2019ouvrir et de de\u0301velopper un compte Facebook ou Twitter. Les personnels de ces e\u0301tablissements de\u0301tenant un ou plusieurs comptes sur les re\u0301seaux sociaux sont eux aussi nombreux. Cependant, l\u2019utilisation de ces re\u0301seaux nous ame\u0300ne a\u0300 nous poser des questions majeures a\u0300 la fois en termes de respect de la vie prive\u0301e (vie prive\u0301e des personnels et des patients) et de respect de la liberte\u0301 d\u2019expression.\" \/>\n<meta property=\"og:url\" content=\"https:\/\/www.ricom-web8.com\/gestions\/reseaux-sociaux-et-confidentialite\/\" \/>\n<meta property=\"og:site_name\" content=\"Gestions hospitali\u00e8res\" \/>\n<meta property=\"article:publisher\" content=\"https:\/\/www.facebook.com\/gestionshospitalieres\/\" \/>\n<meta property=\"article:published_time\" content=\"2015-12-31T23:00:00+00:00\" \/>\n<meta property=\"article:modified_time\" content=\"2018-03-06T16:35:32+00:00\" \/>\n<meta property=\"og:image\" content=\"https:\/\/gestions-hospitalieres.fr\/wp-content\/uploads\/ill_2016_50_01_0.png\" \/>\n<meta name=\"author\" content=\"yann Le Sager\" \/>\n<meta name=\"twitter:card\" content=\"summary_large_image\" \/>\n<meta name=\"twitter:creator\" content=\"@revue_GH\" \/>\n<meta name=\"twitter:site\" content=\"@revue_GH\" \/>\n<meta name=\"twitter:label1\" content=\"\u00c9crit par\" \/>\n\t<meta name=\"twitter:data1\" content=\"yann Le Sager\" \/>\n\t<meta name=\"twitter:label2\" content=\"Dur\u00e9e de lecture estim\u00e9e\" \/>\n\t<meta name=\"twitter:data2\" content=\"5 minutes\" \/>\n<script type=\"application\/ld+json\" class=\"yoast-schema-graph\">{\"@context\":\"https:\/\/schema.org\",\"@graph\":[{\"@type\":\"Article\",\"@id\":\"https:\/\/www.ricom-web8.com\/gestions\/reseaux-sociaux-et-confidentialite\/#article\",\"isPartOf\":{\"@id\":\"https:\/\/www.ricom-web8.com\/gestions\/reseaux-sociaux-et-confidentialite\/\"},\"author\":{\"name\":\"yann Le Sager\",\"@id\":\"https:\/\/www.ricom-web8.com\/gestions\/#\/schema\/person\/810c9671279c5f5a094f6f0a42237516\"},\"headline\":\"R\u00e9seaux sociaux et confidentialit\u00e9\",\"datePublished\":\"2015-12-31T23:00:00+00:00\",\"dateModified\":\"2018-03-06T16:35:32+00:00\",\"mainEntityOfPage\":{\"@id\":\"https:\/\/www.ricom-web8.com\/gestions\/reseaux-sociaux-et-confidentialite\/\"},\"wordCount\":957,\"publisher\":{\"@id\":\"https:\/\/www.ricom-web8.com\/gestions\/#organization\"},\"image\":{\"@id\":\"https:\/\/www.ricom-web8.com\/gestions\/reseaux-sociaux-et-confidentialite\/#primaryimage\"},\"thumbnailUrl\":\"https:\/\/gestions-hospitalieres.fr\/wp-content\/uploads\/ill_2016_50_01_0.png\",\"keywords\":[\"confidentialit\u00e9\",\"h\u00f4pital\",\"juridique\",\"r\u00e9seaux sociaux\",\"secret professionnel\"],\"articleSection\":[\"dossier\",\"Gestions Hospitali\u00e8res\"],\"inLanguage\":\"fr-FR\"},{\"@type\":\"WebPage\",\"@id\":\"https:\/\/www.ricom-web8.com\/gestions\/reseaux-sociaux-et-confidentialite\/\",\"url\":\"https:\/\/www.ricom-web8.com\/gestions\/reseaux-sociaux-et-confidentialite\/\",\"name\":\"R\u00e9seaux sociaux et confidentialit\u00e9 - Gestions hospitali\u00e8res\",\"isPartOf\":{\"@id\":\"https:\/\/www.ricom-web8.com\/gestions\/#website\"},\"primaryImageOfPage\":{\"@id\":\"https:\/\/www.ricom-web8.com\/gestions\/reseaux-sociaux-et-confidentialite\/#primaryimage\"},\"image\":{\"@id\":\"https:\/\/www.ricom-web8.com\/gestions\/reseaux-sociaux-et-confidentialite\/#primaryimage\"},\"thumbnailUrl\":\"https:\/\/gestions-hospitalieres.fr\/wp-content\/uploads\/ill_2016_50_01_0.png\",\"datePublished\":\"2015-12-31T23:00:00+00:00\",\"dateModified\":\"2018-03-06T16:35:32+00:00\",\"breadcrumb\":{\"@id\":\"https:\/\/www.ricom-web8.com\/gestions\/reseaux-sociaux-et-confidentialite\/#breadcrumb\"},\"inLanguage\":\"fr-FR\",\"potentialAction\":[{\"@type\":\"ReadAction\",\"target\":[\"https:\/\/www.ricom-web8.com\/gestions\/reseaux-sociaux-et-confidentialite\/\"]}]},{\"@type\":\"ImageObject\",\"inLanguage\":\"fr-FR\",\"@id\":\"https:\/\/www.ricom-web8.com\/gestions\/reseaux-sociaux-et-confidentialite\/#primaryimage\",\"url\":\"https:\/\/gestions-hospitalieres.fr\/wp-content\/uploads\/ill_2016_50_01_0.png\",\"contentUrl\":\"https:\/\/gestions-hospitalieres.fr\/wp-content\/uploads\/ill_2016_50_01_0.png\"},{\"@type\":\"BreadcrumbList\",\"@id\":\"https:\/\/www.ricom-web8.com\/gestions\/reseaux-sociaux-et-confidentialite\/#breadcrumb\",\"itemListElement\":[{\"@type\":\"ListItem\",\"position\":1,\"name\":\"Accueil\",\"item\":\"https:\/\/www.ricom-web8.com\/gestions\/\"},{\"@type\":\"ListItem\",\"position\":2,\"name\":\"R\u00e9seaux sociaux et confidentialit\u00e9\"}]},{\"@type\":\"WebSite\",\"@id\":\"https:\/\/www.ricom-web8.com\/gestions\/#website\",\"url\":\"https:\/\/www.ricom-web8.com\/gestions\/\",\"name\":\"Gestions hospitali\u00e8res\",\"description\":\"la revue des d\u00e9cideurs hospitaliers\",\"publisher\":{\"@id\":\"https:\/\/www.ricom-web8.com\/gestions\/#organization\"},\"potentialAction\":[{\"@type\":\"SearchAction\",\"target\":{\"@type\":\"EntryPoint\",\"urlTemplate\":\"https:\/\/www.ricom-web8.com\/gestions\/?s={search_term_string}\"},\"query-input\":{\"@type\":\"PropertyValueSpecification\",\"valueRequired\":true,\"valueName\":\"search_term_string\"}}],\"inLanguage\":\"fr-FR\"},{\"@type\":\"Organization\",\"@id\":\"https:\/\/www.ricom-web8.com\/gestions\/#organization\",\"name\":\"Gestions hospitali\u00e8res\",\"url\":\"https:\/\/www.ricom-web8.com\/gestions\/\",\"logo\":{\"@type\":\"ImageObject\",\"inLanguage\":\"fr-FR\",\"@id\":\"https:\/\/www.ricom-web8.com\/gestions\/#\/schema\/logo\/image\/\",\"url\":\"https:\/\/gestions-hospitalieres.fr\/wp-content\/uploads\/2017\/02\/picto_Gif-GH-trans.png\",\"contentUrl\":\"https:\/\/gestions-hospitalieres.fr\/wp-content\/uploads\/2017\/02\/picto_Gif-GH-trans.png\",\"width\":512,\"height\":512,\"caption\":\"Gestions hospitali\u00e8res\"},\"image\":{\"@id\":\"https:\/\/www.ricom-web8.com\/gestions\/#\/schema\/logo\/image\/\"},\"sameAs\":[\"https:\/\/www.facebook.com\/gestionshospitalieres\/\",\"https:\/\/x.com\/revue_GH\",\"https:\/\/www.linkedin.com\/company\/gestions-hospitalieres?trk=top_nav_home\"]},{\"@type\":\"Person\",\"@id\":\"https:\/\/www.ricom-web8.com\/gestions\/#\/schema\/person\/810c9671279c5f5a094f6f0a42237516\",\"name\":\"yann Le Sager\",\"image\":{\"@type\":\"ImageObject\",\"inLanguage\":\"fr-FR\",\"@id\":\"https:\/\/www.ricom-web8.com\/gestions\/#\/schema\/person\/image\/\",\"url\":\"https:\/\/secure.gravatar.com\/avatar\/36112fa5997be9e3b9acb0c60a4a1075?s=96&d=mm&r=g\",\"contentUrl\":\"https:\/\/secure.gravatar.com\/avatar\/36112fa5997be9e3b9acb0c60a4a1075?s=96&d=mm&r=g\",\"caption\":\"yann Le Sager\"},\"url\":\"https:\/\/www.ricom-web8.com\/gestions\/author\/lesager-yannstudioricom-com\/\"}]}<\/script>\n<!-- \/ Yoast SEO plugin. -->","yoast_head_json":{"title":"R\u00e9seaux sociaux et confidentialit\u00e9 - Gestions hospitali\u00e8res","robots":{"index":"index","follow":"follow","max-snippet":"max-snippet:-1","max-image-preview":"max-image-preview:large","max-video-preview":"max-video-preview:-1"},"canonical":"https:\/\/www.ricom-web8.com\/gestions\/reseaux-sociaux-et-confidentialite\/","og_locale":"fr_FR","og_type":"article","og_title":"R\u00e9seaux sociaux et confidentialit\u00e9 - Gestions hospitali\u00e8res","og_description":"Temps de lecture\u00a0:  3 minutesLes re\u0301seaux sociaux ont pris une part importante dans notre vie de tous les jours. Qu\u2019ils soient professionnels (Viadeo, LinKedin) ou personnels (Facebook, Twitter), leur existence, leur importance et leur force ne peuvent e\u0302tre ignore\u0301es. Le secteur hospitalier n\u2019y e\u0301chappe pas et nombreux sont les e\u0301tablissements qui ont fait le choix d\u2019ouvrir et de de\u0301velopper un compte Facebook ou Twitter. Les personnels de ces e\u0301tablissements de\u0301tenant un ou plusieurs comptes sur les re\u0301seaux sociaux sont eux aussi nombreux. Cependant, l\u2019utilisation de ces re\u0301seaux nous ame\u0300ne a\u0300 nous poser des questions majeures a\u0300 la fois en termes de respect de la vie prive\u0301e (vie prive\u0301e des personnels et des patients) et de respect de la liberte\u0301 d\u2019expression.","og_url":"https:\/\/www.ricom-web8.com\/gestions\/reseaux-sociaux-et-confidentialite\/","og_site_name":"Gestions hospitali\u00e8res","article_publisher":"https:\/\/www.facebook.com\/gestionshospitalieres\/","article_published_time":"2015-12-31T23:00:00+00:00","article_modified_time":"2018-03-06T16:35:32+00:00","og_image":[{"url":"https:\/\/gestions-hospitalieres.fr\/wp-content\/uploads\/ill_2016_50_01_0.png","type":"","width":"","height":""}],"author":"yann Le Sager","twitter_card":"summary_large_image","twitter_creator":"@revue_GH","twitter_site":"@revue_GH","twitter_misc":{"\u00c9crit par":"yann Le Sager","Dur\u00e9e de lecture estim\u00e9e":"5 minutes"},"schema":{"@context":"https:\/\/schema.org","@graph":[{"@type":"Article","@id":"https:\/\/www.ricom-web8.com\/gestions\/reseaux-sociaux-et-confidentialite\/#article","isPartOf":{"@id":"https:\/\/www.ricom-web8.com\/gestions\/reseaux-sociaux-et-confidentialite\/"},"author":{"name":"yann Le Sager","@id":"https:\/\/www.ricom-web8.com\/gestions\/#\/schema\/person\/810c9671279c5f5a094f6f0a42237516"},"headline":"R\u00e9seaux sociaux et confidentialit\u00e9","datePublished":"2015-12-31T23:00:00+00:00","dateModified":"2018-03-06T16:35:32+00:00","mainEntityOfPage":{"@id":"https:\/\/www.ricom-web8.com\/gestions\/reseaux-sociaux-et-confidentialite\/"},"wordCount":957,"publisher":{"@id":"https:\/\/www.ricom-web8.com\/gestions\/#organization"},"image":{"@id":"https:\/\/www.ricom-web8.com\/gestions\/reseaux-sociaux-et-confidentialite\/#primaryimage"},"thumbnailUrl":"https:\/\/gestions-hospitalieres.fr\/wp-content\/uploads\/ill_2016_50_01_0.png","keywords":["confidentialit\u00e9","h\u00f4pital","juridique","r\u00e9seaux sociaux","secret professionnel"],"articleSection":["dossier","Gestions Hospitali\u00e8res"],"inLanguage":"fr-FR"},{"@type":"WebPage","@id":"https:\/\/www.ricom-web8.com\/gestions\/reseaux-sociaux-et-confidentialite\/","url":"https:\/\/www.ricom-web8.com\/gestions\/reseaux-sociaux-et-confidentialite\/","name":"R\u00e9seaux sociaux et confidentialit\u00e9 - Gestions hospitali\u00e8res","isPartOf":{"@id":"https:\/\/www.ricom-web8.com\/gestions\/#website"},"primaryImageOfPage":{"@id":"https:\/\/www.ricom-web8.com\/gestions\/reseaux-sociaux-et-confidentialite\/#primaryimage"},"image":{"@id":"https:\/\/www.ricom-web8.com\/gestions\/reseaux-sociaux-et-confidentialite\/#primaryimage"},"thumbnailUrl":"https:\/\/gestions-hospitalieres.fr\/wp-content\/uploads\/ill_2016_50_01_0.png","datePublished":"2015-12-31T23:00:00+00:00","dateModified":"2018-03-06T16:35:32+00:00","breadcrumb":{"@id":"https:\/\/www.ricom-web8.com\/gestions\/reseaux-sociaux-et-confidentialite\/#breadcrumb"},"inLanguage":"fr-FR","potentialAction":[{"@type":"ReadAction","target":["https:\/\/www.ricom-web8.com\/gestions\/reseaux-sociaux-et-confidentialite\/"]}]},{"@type":"ImageObject","inLanguage":"fr-FR","@id":"https:\/\/www.ricom-web8.com\/gestions\/reseaux-sociaux-et-confidentialite\/#primaryimage","url":"https:\/\/gestions-hospitalieres.fr\/wp-content\/uploads\/ill_2016_50_01_0.png","contentUrl":"https:\/\/gestions-hospitalieres.fr\/wp-content\/uploads\/ill_2016_50_01_0.png"},{"@type":"BreadcrumbList","@id":"https:\/\/www.ricom-web8.com\/gestions\/reseaux-sociaux-et-confidentialite\/#breadcrumb","itemListElement":[{"@type":"ListItem","position":1,"name":"Accueil","item":"https:\/\/www.ricom-web8.com\/gestions\/"},{"@type":"ListItem","position":2,"name":"R\u00e9seaux sociaux et confidentialit\u00e9"}]},{"@type":"WebSite","@id":"https:\/\/www.ricom-web8.com\/gestions\/#website","url":"https:\/\/www.ricom-web8.com\/gestions\/","name":"Gestions hospitali\u00e8res","description":"la revue des d\u00e9cideurs hospitaliers","publisher":{"@id":"https:\/\/www.ricom-web8.com\/gestions\/#organization"},"potentialAction":[{"@type":"SearchAction","target":{"@type":"EntryPoint","urlTemplate":"https:\/\/www.ricom-web8.com\/gestions\/?s={search_term_string}"},"query-input":{"@type":"PropertyValueSpecification","valueRequired":true,"valueName":"search_term_string"}}],"inLanguage":"fr-FR"},{"@type":"Organization","@id":"https:\/\/www.ricom-web8.com\/gestions\/#organization","name":"Gestions hospitali\u00e8res","url":"https:\/\/www.ricom-web8.com\/gestions\/","logo":{"@type":"ImageObject","inLanguage":"fr-FR","@id":"https:\/\/www.ricom-web8.com\/gestions\/#\/schema\/logo\/image\/","url":"https:\/\/gestions-hospitalieres.fr\/wp-content\/uploads\/2017\/02\/picto_Gif-GH-trans.png","contentUrl":"https:\/\/gestions-hospitalieres.fr\/wp-content\/uploads\/2017\/02\/picto_Gif-GH-trans.png","width":512,"height":512,"caption":"Gestions hospitali\u00e8res"},"image":{"@id":"https:\/\/www.ricom-web8.com\/gestions\/#\/schema\/logo\/image\/"},"sameAs":["https:\/\/www.facebook.com\/gestionshospitalieres\/","https:\/\/x.com\/revue_GH","https:\/\/www.linkedin.com\/company\/gestions-hospitalieres?trk=top_nav_home"]},{"@type":"Person","@id":"https:\/\/www.ricom-web8.com\/gestions\/#\/schema\/person\/810c9671279c5f5a094f6f0a42237516","name":"yann Le Sager","image":{"@type":"ImageObject","inLanguage":"fr-FR","@id":"https:\/\/www.ricom-web8.com\/gestions\/#\/schema\/person\/image\/","url":"https:\/\/secure.gravatar.com\/avatar\/36112fa5997be9e3b9acb0c60a4a1075?s=96&d=mm&r=g","contentUrl":"https:\/\/secure.gravatar.com\/avatar\/36112fa5997be9e3b9acb0c60a4a1075?s=96&d=mm&r=g","caption":"yann Le Sager"},"url":"https:\/\/www.ricom-web8.com\/gestions\/author\/lesager-yannstudioricom-com\/"}]}},"_links":{"self":[{"href":"https:\/\/www.ricom-web8.com\/gestions\/wp-json\/wp\/v2\/posts\/15882","targetHints":{"allow":["GET"]}}],"collection":[{"href":"https:\/\/www.ricom-web8.com\/gestions\/wp-json\/wp\/v2\/posts"}],"about":[{"href":"https:\/\/www.ricom-web8.com\/gestions\/wp-json\/wp\/v2\/types\/post"}],"author":[{"embeddable":true,"href":"https:\/\/www.ricom-web8.com\/gestions\/wp-json\/wp\/v2\/users\/1202"}],"replies":[{"embeddable":true,"href":"https:\/\/www.ricom-web8.com\/gestions\/wp-json\/wp\/v2\/comments?post=15882"}],"version-history":[{"count":0,"href":"https:\/\/www.ricom-web8.com\/gestions\/wp-json\/wp\/v2\/posts\/15882\/revisions"}],"wp:attachment":[{"href":"https:\/\/www.ricom-web8.com\/gestions\/wp-json\/wp\/v2\/media?parent=15882"}],"wp:term":[{"taxonomy":"category","embeddable":true,"href":"https:\/\/www.ricom-web8.com\/gestions\/wp-json\/wp\/v2\/categories?post=15882"},{"taxonomy":"post_tag","embeddable":true,"href":"https:\/\/www.ricom-web8.com\/gestions\/wp-json\/wp\/v2\/tags?post=15882"}],"curies":[{"name":"wp","href":"https:\/\/api.w.org\/{rel}","templated":true}]}}