

{"id":15916,"date":"2013-01-01T00:00:00","date_gmt":"2012-12-31T23:00:00","guid":{"rendered":"http:\/\/ricom-web.com\/gestions-hospitalieres\/verites-et-mensonges-medecinsmalades\/"},"modified":"2018-03-08T11:16:04","modified_gmt":"2018-03-08T10:16:04","slug":"verites-et-mensonges-medecinsmalades","status":"publish","type":"post","link":"https:\/\/www.ricom-web8.com\/gestions\/verites-et-mensonges-medecinsmalades\/","title":{"rendered":"V\u00e9rit\u00e9s et mensonges m\u00e9decins\/malades"},"content":{"rendered":"<span class=\"span-reading-time rt-reading-time\" style=\"display: block;\"><span class=\"rt-label rt-prefix\">Temps de lecture\u00a0: <\/span> <span class=\"rt-time\"> 6<\/span> <span class=\"rt-label rt-postfix\">minutes<\/span><\/span><p class=\"para-TC_txt\"><span class=\"char-TC_txt-Local-83\">La r\u00e9flexion sur la v\u00e9rit\u00e9 et le mensonge est ins\u00e9parable d\u2019une r\u00e9flexion sur l\u2019information du malade, ma\u00eetre mot de la prise en charge m\u00e9dicale, et aujourd\u2019hui largement d\u00e9fendue dans le contexte de la d\u00e9mocratie sanitaire<\/span>\u00a0<span class=\"char-TC_txt-Local-135\"><sup class=\"appel\" data-toggle=\"modal\" data-target=\"#notes\">(4)<\/sup><\/span><span class=\"char-TC_txt-Local-83\">. La v\u00e9rit\u00e9 renvoie ici, non pas \u00e0 une r\u00e9alit\u00e9 inaccessible \u00e0 laquelle s\u2019opposerait l\u2019incertitude caract\u00e9risant le domaine m\u00e9dical, mais \u00e0 la conformit\u00e9 d\u2019un \u00e9nonc\u00e9 avec ce que le locuteur tient pour vrai\u2008<\/span><span class=\"char-TC_txt-Local-135\"><sup class=\"appel\" data-toggle=\"modal\" data-target=\"#notes\">(5)<\/sup><\/span><span class=\"char-TC_txt-Local-83\">.\u00a0<\/span><\/p>\n<p class=\"para-TC_txt\"><span class=\"char-TC_txt-Local-83\">La recommandation faite aux m\u00e9decins d\u2019informer leurs malades n\u2019est pas nouvelle. De nombreux textes, codes et chartes, fran\u00e7ais et europ\u00e9ens, en t\u00e9moignent\u2008<\/span><span class=\"char-TC_txt-Local-135\"><sup class=\"appel\" data-toggle=\"modal\" data-target=\"#notes\">(6)<\/sup><\/span><span class=\"char-TC_txt-Local-83\">. Par exemple, l\u2019article 35 du code de d\u00e9ontologie m\u00e9dicale de 1995 \u00a0pr\u00e9voyait que \u00ab<\/span>\u00a0<em><span class=\"char-TC_txt_ital-Local-49\">le m\u00e9decin doit \u00e0 la personne qu\u2019il examine, qu\u2019il soigne ou qu\u2019il conseille, une information loyale, claire et appropri\u00e9e sur son \u00e9tat, les investigations et les soins qu\u2019il lui propose<\/span><\/em>\u00a0<span class=\"char-TC_txt-Local-83\">\u00bb. Cet article comportait cependant des r\u00e9serves puisqu\u2019il stipulait ensuite\u00a0: \u00ab<\/span>\u00a0<em><span class=\"char-TC_txt_ital-Local-49\">Toutefois, dans l\u2019int\u00e9r\u00eat du malade et pour des raisons l\u00e9gitimes que le praticien appr\u00e9cie en conscience, un malade peut \u00eatre tenu dans l\u2019ignorance d\u2019un diagnostic ou d\u2019un pronostic graves, sauf dans les cas o\u00f9 l\u2019affection dont il est atteint expose les tiers \u00e0 un risque de contamination.<\/span><\/em>\u00a0<span class=\"char-TC_txt-Local-83\">\u00bb Sur le plan l\u00e9gal, la loi du 4 mars 2002, dite \u00ab\u00a0loi relative aux droits des malades\u00a0\u00bb, est venue temp\u00e9rer la libert\u00e9 laiss\u00e9e au m\u00e9decin de leur soustraire l\u2019information, faisant obligation de les informer sur leur \u00e9tat de sant\u00e9 et leurs soins.\u00a0<\/span><\/p>\n<p class=\"para-TC_txt\"><span class=\"char-TC_txt-Local-83\">En d\u00e9pit de cette obligation, l\u2019information du malade (qu\u2019elle concerne l\u2019annonce du diagnostic et de son \u00e9volution, les traitements, leurs effets ou leurs risques) n\u2019est pourtant pas toujours donn\u00e9e par les m\u00e9decins, au motif premier qu\u2019elle n\u2019est pas toujours b\u00e9n\u00e9fique au malade et que, dans son int\u00e9r\u00eat, il ne faut pas tout dire \u2013 suivant en cela l\u2019esprit du code de d\u00e9ontologie m\u00e9dicale. Le milieu m\u00e9dical n\u2019est pas homog\u00e8ne, et les positions des professionnels sur la question divergent, tout comme leurs pratiques. Sans doute la plupart des m\u00e9decins cherchent-ils \u00e0 agir \u00ab\u00a0pour le bien du malade\u00a0\u00bb, conform\u00e9ment au principe de \u00ab\u00a0bienfaisance\u00a0\u00bb qui gouverne la relation m\u00e9decin\/malade. Cependant, la r\u00e9f\u00e9rence \u00e0 ce principe appelle deux interpr\u00e9tations: certains m\u00e9decins l\u2019interpr\u00e8tent comme une incitation \u00e0 ne pas r\u00e9v\u00e9ler aux malades leur \u00e9tat lorsque le diagnostic est grave ou le pronostic sombre; d\u2019autres, au contraire, s\u2019appuient sur cette consigne pr\u00e9cis\u00e9ment pour ne pas soustraire l\u2019information, \u00ab\u00a0faire le bien\u00a0\u00bb ou \u00ab\u00a0ne pas faire de tort\u00a0\u00bb \u00e9tant une appr\u00e9ciation somme toute assez subjective. On s\u2019aper\u00e7oit donc que les m\u00eames arguments \u00e9thiques sont utilis\u00e9s pour d\u00e9fendre des positions radicalement contraires.\u00a0<\/span><\/p>\n<blockquote>\n<p class=\"para-TC_txt\">Si l\u2019information est davantage dissimul\u00e9e par les m\u00e9decins \u00e0 l\u2019\u00e9gard des personnes de statut social inf\u00e9rieur, inversement et sym\u00e9triquement, ce sont ces personnes qui dissimulent davantage leurs conduites aux m\u00e9decins.<\/p>\n<\/blockquote>\n<p class=\"para-TC_txt\"><span class=\"char-TC_txt-Local-83\">\u00c0 leur tour, les m\u00e9decins favorables \u00e0 une information totale ou qui revendiquent de dire la v\u00e9rit\u00e9 aux malades le font pour des raisons diff\u00e9rentes. Les arguments \u00e9voqu\u00e9s rel\u00e8vent soit d\u2019options \u00e9thiques, soit de strat\u00e9gies th\u00e9rapeutiques. Les uns d\u00e9fendent l\u2019information en soi (le \u00ab\u00a0droit de savoir\u00a0\u00bb pour le patient), les autres pr\u00e9conisent l\u2019information \u00e0 une fin d\u00e9termin\u00e9e, en l\u2019occurrence comme moyen de convaincre les patients de la n\u00e9cessit\u00e9 d\u2019adh\u00e9rer au traitement propos\u00e9. On a l\u00e0 deux positions distinctes : une position de principe (renvoyant \u00e0 une option \u00e9thique ou philosophique) et une position utilitariste (identifiable \u00e0 une strat\u00e9gie th\u00e9rapeutique).\u00a0<\/span><\/p>\n<p class=\"para-TC_txt\"><span class=\"char-TC_txt-Local-83\">Les raisons qui motivent les professionnels de sant\u00e9 \u00e0 dire ou ne pas dire la v\u00e9rit\u00e9 de son \u00e9tat \u00e0 un malade sont variables, tout comme varient les conditions qu\u2019ils mettent \u00e0 la d\u00e9livrance de l\u2019information, chacun ayant sa doctrine en la mati\u00e8re. Toutefois, on retrouve quelques tendances principales qui peuvent \u00eatre r\u00e9sum\u00e9es ainsi.<br \/>\n<\/span><\/p>\n<p class=\"para-TC_txt\"><span class=\"char-TC_txt-Local-83\">Pour certains m\u00e9decins, il convient de n\u2019informer les malades que s\u2019ils le souhaitent, \u00ab\u00a0s\u2019ils veulent vraiment savoir\u00a0\u00bb et \u00ab\u00a0s\u2019ils le demandent\u00a0\u00bb. \u00c0 l\u2019appui de cette condition est invoqu\u00e9 le c\u00e9l\u00e8bre \u00ab\u00a0d\u00e9ni\u00a0\u00bb du malade. Or, si le d\u00e9ni existe, comme l\u2019ont montr\u00e9 les travaux des psychologues<\/span>\u00a0<span class=\"char-TC_txt-Local-135\"><sup class=\"appel\" data-toggle=\"modal\" data-target=\"#notes\">(7)<\/sup><\/span><span class=\"char-TC_txt-Local-83\">, la reprise de ces analyses psychologisantes est parfois faite de mani\u00e8re syst\u00e9matique par certains professionnels de sant\u00e9 au point que l\u2019id\u00e9e, largement partag\u00e9e, selon laquelle \u00ab\u00a0les malades ne comprennent que ce qu\u2019ils veulent bien comprendre\u00a0\u00bb les d\u00e9douane de l\u2019obligation de les informer, en d\u00e9pit m\u00eame de la demande de ces derniers.\u00a0<\/span><\/p>\n<p class=\"para-TC_txt\"><span class=\"char-TC_txt-Local-83\">D\u2019autres consid\u00e8rent que l\u2019information ne peut \u00eatre donn\u00e9e que si elle concerne le diagnostic, et non le pronostic, choisissant de limiter l\u2019information \u00e0 ce qui est s\u00fbr. Cette posture semble fort raisonnable dans la mesure o\u00f9 on ne saurait parler de v\u00e9rit\u00e9 pour ce qui est du pronostic. Cependant, la difficult\u00e9, dans certaines situations, est que la fronti\u00e8re se dilue entre diagnostic et pronostic. En effet, si aujourd\u2019hui le cancer est plus facilement dit au malade qu\u2019il y a trente ans, c\u2019est parce que, gr\u00e2ce aux avanc\u00e9es m\u00e9dicales, il n\u2019est plus une maladie n\u00e9cessairement fatale. Beaucoup de gens vivent avec, et il est davantage consid\u00e9r\u00e9 comme une maladie chronique. En revanche, on s\u2019aper\u00e7oit que de nombreux m\u00e9decins r\u00e9v\u00e8lent plus difficilement au malade la pr\u00e9sence de m\u00e9tastases, lesquelles renseignent non seulement sur son \u00e9tat mais aussi sur son devenir possible, compte tenu du fait qu\u2019elles sont le signe d\u2019une \u00e9volution d\u00e9favorable. On est l\u00e0 face \u00e0 ce que j\u2019appelle la \u00ab\u00a0dimension pronostique du diagnostic\u00a0\u00bb, en vertu de quoi on est pass\u00e9 du silence sur la maladie au silence sur ses complications ou son aggravation. On assiste donc \u00e0 un d\u00e9placement de la dissimulation, du non-dit, face \u00e0 un diagnostic qui, au moins dans l\u2019esprit des individus, porte en lui un pronostic.\u00a0<\/span><\/p>\n<p class=\"para-TC_txt\"><span class=\"char-TC_txt-Local-83\">Enfin, une des conditions les plus fr\u00e9quemment \u00e9mises \u00e0 la d\u00e9livrance de l\u2019information et \u00e0 l\u2019\u00e9nonc\u00e9 de la v\u00e9rit\u00e9 est que le malade soit capable de la comprendre et\/ou de la supporter. La question se pose de savoir comment les m\u00e9decins parviennent \u00e0 juger de cette capacit\u00e9. Or, les observations de terrain men\u00e9es lors de nombreuses consultations m\u00e9dicales r\u00e9v\u00e8lent que le crit\u00e8re qui fonde le choix d\u2019informer le patient est largement social\u00a0: cette information est ainsi donn\u00e9e pr\u00e9f\u00e9rentiellement aux malades appartenant aux cat\u00e9gories sociales sup\u00e9rieures, leur distinction laissant supposer au m\u00e9decin une plus grande aptitude \u00e0 comprendre l\u2019information et\/ou une plus grande capacit\u00e9 \u00e0 supporter l\u2019annonce qui leur est faite, dans une confusion entre ces deux types de comp\u00e9tence. L\u2019information est d\u2019ailleurs fournie en fonction, non pas tant de l\u2019appartenance socioculturelle r\u00e9elle du patient que du capital culturel qui lui est suppos\u00e9, sur la base de l\u2019assurance qu\u2019il semble avoir ou qu\u2019il affiche. \u00c0 l\u2019inverse, elle est davantage soustraite aux personnes de milieux d\u00e9favoris\u00e9s. Les comportements des m\u00e9decins en la mati\u00e8re sont donc modul\u00e9s non pas seulement en fonction de la capacit\u00e9 du patient \u00e0 comprendre ou \u00e0 supporter cette v\u00e9rit\u00e9, mais aussi en fonction de ses caract\u00e9ristiques sociales. Ainsi, bien qu\u2019un certain nombre de m\u00e9decins souhaitent \u0153uvrer \u00e0 l\u2019information des patients et se montrent soucieux de modeler leurs comportements en fonction des dispositions psychologiques de ces derniers, cette information ob\u00e9it largement \u00e0 des m\u00e9canismes sociaux.\u00a0<\/span><\/p>\n<p class=\"para-TC_txt\"><span class=\"char-TC_txt-Local-83\">Les raisons qui justifient de ne pas dire la v\u00e9rit\u00e9 au malade sont \u00e9galement au fondement de pratiques de mensonge, amenant parfois le m\u00e9decin \u00e0 dire une chose qu\u2019il sait \u00eatre fausse, soit en fonction du type de patient (selon son \u00e2ge ou son milieu socioculturel), du type de diagnostic (selon sa gravit\u00e9) ou du type de traitement (curatif ou palliatif)\u00a0; de sorte qu\u2019entre les pratiques de r\u00e9tention d\u2019information, de dissimulation et de mensonge, il existe davantage une diff\u00e9rence de degr\u00e9 qu\u2019une diff\u00e9rence de nature.\u00a0<\/span><\/p>\n<p class=\"para-TC_txt\"><span class=\"char-TC_txt-Local-83\">D\u2019autres \u00e9nonc\u00e9s rel\u00e8vent d\u2019une manipulation des termes, qui consiste pour le m\u00e9decin \u00e0 dire une forme de v\u00e9rit\u00e9 en esp\u00e9rant que le malade comprenne autre chose. C\u2019est le cas d\u2019un m\u00e9decin qui, apr\u00e8s les \u00e9checs de tous les traitements tent\u00e9s pour soigner une femme atteinte d\u2019un cancer du foie, la juge d\u00e9sormais incurable\u00a0; il a \u00ab<\/span>\u00a0<em><span class=\"char-TC_txt_ital-Local-49\">abandonn\u00e9 toute ambition de la gu\u00e9rir<\/span><\/em>\u00a0<span class=\"char-TC_txt-Local-83\">\u00bb, confie-t-il, mais annonce \u00e0 la malade\u00a0: \u00ab<\/span>\u00a0<em><span class=\"char-TC_txt_ital-Local-49\">On va faire une pause th\u00e9rapeutique<\/span><\/em>\u00a0<span class=\"char-TC_txt-Local-83\">\u00bb, lui laissant entendre, comme elle le croira, que cette \u00ab\u00a0pause\u00a0\u00bb fait partie du protocole de soins.\u00a0<\/span><\/p>\n<p class=\"para-TC_txt\"><span class=\"char-TC_txt-Local-83\">La v\u00e9rit\u00e9 est ainsi encore parfois difficilement accessible au patient, soit en raison des techniques langagi\u00e8res utilis\u00e9es par les m\u00e9decins, visant \u00e0 lui soustraire la v\u00e9rit\u00e9 sur son \u00e9tat ou sur les soins propos\u00e9s, soit en raison de lacunes dans le registre de la communication, en vertu de quoi persistent entre m\u00e9decins et malades de nombreux malentendus \u2013 qu\u2019il convient parfois d\u2019identifier \u00e0 des \u00ab\u00a0mal-entendus\u00a0\u00bb tant les questions des malades restent souvent sans r\u00e9ponse, voire non entendues. Enfin, il y a lieu de remarquer que certains m\u00e9decins tendent \u00e0 pathologiser et \u00e0 m\u00e9dicaliser la demande d\u2019information du malade en lui proposant, devant l\u2019abondance de ses questions, un anxiolytique\u00a0; une r\u00e9action r\u00e9v\u00e9latrice du traitement social encore r\u00e9serv\u00e9 dans notre soci\u00e9t\u00e9 \u00e0 cette demande d\u2019information et \u00e0 la faible l\u00e9gitimit\u00e9 qui lui est reconnue.\u00a0<\/span><\/p>\n<p class=\"para-TC_txt\"><span class=\"char-TC_txt-Local-83\">Ces conduites ne sont pas sans effets pernicieux pour les patients\u00a0: perte de confiance, sentiment parfois syst\u00e9matique d\u2019\u00eatre dup\u00e9, insuffisante prise en compte des propositions th\u00e9rapeutiques, nomadisme m\u00e9dical\u2026 On ne saurait toutefois penser que la dissimulation de la v\u00e9rit\u00e9, la r\u00e9tention d\u2019information, voire la pratique du mensonge n\u2019existent que parmi les professionnels de sant\u00e9\u00a0: les patients dissimulent parfois eux aussi des informations qui concernent g\u00e9n\u00e9ralement des conduites, th\u00e9rapeutiques ou non, que leur m\u00e9decin pourrait r\u00e9prouver ; par exemple recourir \u00e0 des th\u00e9rapies alternatives, s\u2019autom\u00e9diquer, pratiquer tel sport, ne pas prendre un moyen contraceptif, etc. Il y a lieu de remarquer, \u00e0 cet \u00e9gard, que si l\u2019information est davantage dissimul\u00e9e par les m\u00e9decins \u00e0 l\u2019\u00e9gard des personnes de statut social inf\u00e9rieur, inversement et sym\u00e9triquement, ce sont ces personnes qui dissimulent davantage leurs conduites aux m\u00e9decins.\u00a0<\/span><\/p>\n<p class=\"para-TC_txt\"><span class=\"char-TC_txt-Local-83\">Ces pratiques, entre v\u00e9rit\u00e9s et mensonges, r\u00e9sultent de l\u2019apparition de nouveaux r\u00f4les sociaux, pour les m\u00e9decins comme pour les patients, aujourd\u2019hui tiraill\u00e9s entre deux mod\u00e8les :\u00a0<\/span><\/p>\n<ul>\n<li class=\"para-TC_txt\"><span class=\"char-TC_txt-Local-83\">les uns, entre l\u2019incitation \u00e0 ne pas dire toute la v\u00e9rit\u00e9 (conform\u00e9ment au \u00abprivil\u00e8ge th\u00e9rapeutique\u00bb qui invite le m\u00e9decin \u00e0 d\u00e9cider de ce qu\u2019il peut dire ou non) et l\u2019obligation l\u00e9gale d\u2019informer le malade\u00a0;\u00a0<\/span><\/li>\n<li class=\"para-TC_txt\"><span class=\"char-TC_txt-Local-83\">les autres, entre la dissimulation au m\u00e9decin li\u00e9e \u00e0 la crainte de son jugement, et les nouvelles valeurs \u00e9dict\u00e9es par la d\u00e9mocratie sanitaire que sont l\u2019autonomie, le pouvoir de d\u00e9cision et la comp\u00e9tence.<\/span><\/li>\n<\/ul>\n<p class=\"para-TC_txt\"><span class=\"char-TC_txt-Local-83\">Les usages sociaux de la v\u00e9rit\u00e9 et du mensonge r\u00e9sultent de la tension entre ces nouveaux r\u00f4les sociaux.<\/span><\/p>\n<script>function PlayerjsAsync(){} if(window[\"Playerjs\"]){PlayerjsAsync();}<\/script>","protected":false},"excerpt":{"rendered":"<p><span class=\"span-reading-time rt-reading-time\" style=\"display: block;\"><span class=\"rt-label rt-prefix\">Temps de lecture\u00a0: <\/span> <span class=\"rt-time\"> 6<\/span> <span class=\"rt-label rt-postfix\">minutes<\/span><\/span>La r\u00e9flexion sur la v\u00e9rit\u00e9 et le mensonge est ins\u00e9parable d\u2019une r\u00e9flexion sur l\u2019information du malade, ma\u00eetre mot de la prise en charge m\u00e9dicale, et aujourd\u2019hui largement d\u00e9fendue dans le contexte de la d\u00e9mocratie sanitaire\u00a0(4). La v\u00e9rit\u00e9 renvoie ici, non pas \u00e0 une r\u00e9alit\u00e9 inaccessible \u00e0 laquelle s\u2019opposerait l\u2019incertitude caract\u00e9risant le domaine m\u00e9dical, mais \u00e0 la conformit\u00e9 d\u2019un \u00e9nonc\u00e9 avec ce que le locuteur tient pour vrai\u2008(5).\u00a0 La recommandation faite&hellip; <\/p>\n","protected":false},"author":1202,"featured_media":0,"comment_status":"open","ping_status":"open","sticky":false,"template":"","format":"standard","meta":{"_acf_changed":false,"_relevanssi_hide_post":"","_relevanssi_hide_content":"","_relevanssi_pin_for_all":"","_relevanssi_pin_keywords":"","_relevanssi_unpin_keywords":"","_relevanssi_related_keywords":"","_relevanssi_related_include_ids":"","_relevanssi_related_exclude_ids":"","_relevanssi_related_no_append":"","_relevanssi_related_not_related":"","_relevanssi_related_posts":"","_relevanssi_noindex_reason":"","footnotes":""},"categories":[2,557],"tags":[961,260,300,962,62,649,960,563,454,564,956,959],"class_list":["post-15916","post","type-post","status-publish","format-standard","hentry","category-gestions-hospitalieres","category-rencontres-de-la-sante","tag-annonce","tag-cancer","tag-communication","tag-dialogue-soignantsoigne","tag-ethique","tag-information","tag-mensonge","tag-rencontres-aix","tag-sante-publique","tag-sciences-po","tag-transparence","tag-verite"],"acf":[],"yoast_head":"<!-- This site is optimized with the Yoast SEO plugin v24.8.1 - https:\/\/yoast.com\/wordpress\/plugins\/seo\/ -->\n<title>V\u00e9rit\u00e9s et mensonges m\u00e9decins\/malades - Gestions hospitali\u00e8res<\/title>\n<meta name=\"robots\" content=\"index, follow, max-snippet:-1, max-image-preview:large, max-video-preview:-1\" \/>\n<link rel=\"canonical\" href=\"https:\/\/www.ricom-web8.com\/gestions\/verites-et-mensonges-medecinsmalades\/\" \/>\n<meta property=\"og:locale\" content=\"fr_FR\" \/>\n<meta property=\"og:type\" content=\"article\" \/>\n<meta property=\"og:title\" content=\"V\u00e9rit\u00e9s et mensonges m\u00e9decins\/malades - Gestions hospitali\u00e8res\" \/>\n<meta property=\"og:description\" content=\"Temps de lecture\u00a0:  6 minutesLa r\u00e9flexion sur la v\u00e9rit\u00e9 et le mensonge est ins\u00e9parable d\u2019une r\u00e9flexion sur l\u2019information du malade, ma\u00eetre mot de la prise en charge m\u00e9dicale, et aujourd\u2019hui largement d\u00e9fendue dans le contexte de la d\u00e9mocratie sanitaire\u00a0(4). La v\u00e9rit\u00e9 renvoie ici, non pas \u00e0 une r\u00e9alit\u00e9 inaccessible \u00e0 laquelle s\u2019opposerait l\u2019incertitude caract\u00e9risant le domaine m\u00e9dical, mais \u00e0 la conformit\u00e9 d\u2019un \u00e9nonc\u00e9 avec ce que le locuteur tient pour vrai\u2008(5).\u00a0 La recommandation faite&hellip;\" \/>\n<meta property=\"og:url\" content=\"https:\/\/www.ricom-web8.com\/gestions\/verites-et-mensonges-medecinsmalades\/\" \/>\n<meta property=\"og:site_name\" content=\"Gestions hospitali\u00e8res\" \/>\n<meta property=\"article:publisher\" content=\"https:\/\/www.facebook.com\/gestionshospitalieres\/\" \/>\n<meta property=\"article:published_time\" content=\"2012-12-31T23:00:00+00:00\" \/>\n<meta property=\"article:modified_time\" content=\"2018-03-08T10:16:04+00:00\" \/>\n<meta name=\"author\" content=\"yann Le Sager\" \/>\n<meta name=\"twitter:card\" content=\"summary_large_image\" \/>\n<meta name=\"twitter:creator\" content=\"@revue_GH\" \/>\n<meta name=\"twitter:site\" content=\"@revue_GH\" \/>\n<meta name=\"twitter:label1\" content=\"\u00c9crit par\" \/>\n\t<meta name=\"twitter:data1\" content=\"yann Le Sager\" \/>\n\t<meta name=\"twitter:label2\" content=\"Dur\u00e9e de lecture estim\u00e9e\" \/>\n\t<meta name=\"twitter:data2\" content=\"10 minutes\" \/>\n<script type=\"application\/ld+json\" class=\"yoast-schema-graph\">{\"@context\":\"https:\/\/schema.org\",\"@graph\":[{\"@type\":\"Article\",\"@id\":\"https:\/\/www.ricom-web8.com\/gestions\/verites-et-mensonges-medecinsmalades\/#article\",\"isPartOf\":{\"@id\":\"https:\/\/www.ricom-web8.com\/gestions\/verites-et-mensonges-medecinsmalades\/\"},\"author\":{\"name\":\"yann Le Sager\",\"@id\":\"https:\/\/www.ricom-web8.com\/gestions\/#\/schema\/person\/810c9671279c5f5a094f6f0a42237516\"},\"headline\":\"V\u00e9rit\u00e9s et mensonges m\u00e9decins\/malades\",\"datePublished\":\"2012-12-31T23:00:00+00:00\",\"dateModified\":\"2018-03-08T10:16:04+00:00\",\"mainEntityOfPage\":{\"@id\":\"https:\/\/www.ricom-web8.com\/gestions\/verites-et-mensonges-medecinsmalades\/\"},\"wordCount\":1960,\"commentCount\":0,\"publisher\":{\"@id\":\"https:\/\/www.ricom-web8.com\/gestions\/#organization\"},\"keywords\":[\"annonce\",\"cancer\",\"communication\",\"dialogue soignant\/soign\u00e9\",\"\u00e9thique\",\"information\",\"mensonge\",\"rencontres Aix\",\"sant\u00e9 publique\",\"Sciences-Po\",\"transparence\",\"v\u00e9rit\u00e9\"],\"articleSection\":[\"Gestions Hospitali\u00e8res\",\"rencontres de la sant\u00e9\"],\"inLanguage\":\"fr-FR\",\"potentialAction\":[{\"@type\":\"CommentAction\",\"name\":\"Comment\",\"target\":[\"https:\/\/www.ricom-web8.com\/gestions\/verites-et-mensonges-medecinsmalades\/#respond\"]}]},{\"@type\":\"WebPage\",\"@id\":\"https:\/\/www.ricom-web8.com\/gestions\/verites-et-mensonges-medecinsmalades\/\",\"url\":\"https:\/\/www.ricom-web8.com\/gestions\/verites-et-mensonges-medecinsmalades\/\",\"name\":\"V\u00e9rit\u00e9s et mensonges m\u00e9decins\/malades - Gestions hospitali\u00e8res\",\"isPartOf\":{\"@id\":\"https:\/\/www.ricom-web8.com\/gestions\/#website\"},\"datePublished\":\"2012-12-31T23:00:00+00:00\",\"dateModified\":\"2018-03-08T10:16:04+00:00\",\"breadcrumb\":{\"@id\":\"https:\/\/www.ricom-web8.com\/gestions\/verites-et-mensonges-medecinsmalades\/#breadcrumb\"},\"inLanguage\":\"fr-FR\",\"potentialAction\":[{\"@type\":\"ReadAction\",\"target\":[\"https:\/\/www.ricom-web8.com\/gestions\/verites-et-mensonges-medecinsmalades\/\"]}]},{\"@type\":\"BreadcrumbList\",\"@id\":\"https:\/\/www.ricom-web8.com\/gestions\/verites-et-mensonges-medecinsmalades\/#breadcrumb\",\"itemListElement\":[{\"@type\":\"ListItem\",\"position\":1,\"name\":\"Accueil\",\"item\":\"https:\/\/www.ricom-web8.com\/gestions\/\"},{\"@type\":\"ListItem\",\"position\":2,\"name\":\"V\u00e9rit\u00e9s et mensonges m\u00e9decins\/malades\"}]},{\"@type\":\"WebSite\",\"@id\":\"https:\/\/www.ricom-web8.com\/gestions\/#website\",\"url\":\"https:\/\/www.ricom-web8.com\/gestions\/\",\"name\":\"Gestions hospitali\u00e8res\",\"description\":\"la revue des d\u00e9cideurs hospitaliers\",\"publisher\":{\"@id\":\"https:\/\/www.ricom-web8.com\/gestions\/#organization\"},\"potentialAction\":[{\"@type\":\"SearchAction\",\"target\":{\"@type\":\"EntryPoint\",\"urlTemplate\":\"https:\/\/www.ricom-web8.com\/gestions\/?s={search_term_string}\"},\"query-input\":{\"@type\":\"PropertyValueSpecification\",\"valueRequired\":true,\"valueName\":\"search_term_string\"}}],\"inLanguage\":\"fr-FR\"},{\"@type\":\"Organization\",\"@id\":\"https:\/\/www.ricom-web8.com\/gestions\/#organization\",\"name\":\"Gestions hospitali\u00e8res\",\"url\":\"https:\/\/www.ricom-web8.com\/gestions\/\",\"logo\":{\"@type\":\"ImageObject\",\"inLanguage\":\"fr-FR\",\"@id\":\"https:\/\/www.ricom-web8.com\/gestions\/#\/schema\/logo\/image\/\",\"url\":\"https:\/\/gestions-hospitalieres.fr\/wp-content\/uploads\/2017\/02\/picto_Gif-GH-trans.png\",\"contentUrl\":\"https:\/\/gestions-hospitalieres.fr\/wp-content\/uploads\/2017\/02\/picto_Gif-GH-trans.png\",\"width\":512,\"height\":512,\"caption\":\"Gestions hospitali\u00e8res\"},\"image\":{\"@id\":\"https:\/\/www.ricom-web8.com\/gestions\/#\/schema\/logo\/image\/\"},\"sameAs\":[\"https:\/\/www.facebook.com\/gestionshospitalieres\/\",\"https:\/\/x.com\/revue_GH\",\"https:\/\/www.linkedin.com\/company\/gestions-hospitalieres?trk=top_nav_home\"]},{\"@type\":\"Person\",\"@id\":\"https:\/\/www.ricom-web8.com\/gestions\/#\/schema\/person\/810c9671279c5f5a094f6f0a42237516\",\"name\":\"yann Le Sager\",\"image\":{\"@type\":\"ImageObject\",\"inLanguage\":\"fr-FR\",\"@id\":\"https:\/\/www.ricom-web8.com\/gestions\/#\/schema\/person\/image\/\",\"url\":\"https:\/\/secure.gravatar.com\/avatar\/36112fa5997be9e3b9acb0c60a4a1075?s=96&d=mm&r=g\",\"contentUrl\":\"https:\/\/secure.gravatar.com\/avatar\/36112fa5997be9e3b9acb0c60a4a1075?s=96&d=mm&r=g\",\"caption\":\"yann Le Sager\"},\"url\":\"https:\/\/www.ricom-web8.com\/gestions\/author\/lesager-yannstudioricom-com\/\"}]}<\/script>\n<!-- \/ Yoast SEO plugin. -->","yoast_head_json":{"title":"V\u00e9rit\u00e9s et mensonges m\u00e9decins\/malades - Gestions hospitali\u00e8res","robots":{"index":"index","follow":"follow","max-snippet":"max-snippet:-1","max-image-preview":"max-image-preview:large","max-video-preview":"max-video-preview:-1"},"canonical":"https:\/\/www.ricom-web8.com\/gestions\/verites-et-mensonges-medecinsmalades\/","og_locale":"fr_FR","og_type":"article","og_title":"V\u00e9rit\u00e9s et mensonges m\u00e9decins\/malades - Gestions hospitali\u00e8res","og_description":"Temps de lecture\u00a0:  6 minutesLa r\u00e9flexion sur la v\u00e9rit\u00e9 et le mensonge est ins\u00e9parable d\u2019une r\u00e9flexion sur l\u2019information du malade, ma\u00eetre mot de la prise en charge m\u00e9dicale, et aujourd\u2019hui largement d\u00e9fendue dans le contexte de la d\u00e9mocratie sanitaire\u00a0(4). La v\u00e9rit\u00e9 renvoie ici, non pas \u00e0 une r\u00e9alit\u00e9 inaccessible \u00e0 laquelle s\u2019opposerait l\u2019incertitude caract\u00e9risant le domaine m\u00e9dical, mais \u00e0 la conformit\u00e9 d\u2019un \u00e9nonc\u00e9 avec ce que le locuteur tient pour vrai\u2008(5).\u00a0 La recommandation faite&hellip;","og_url":"https:\/\/www.ricom-web8.com\/gestions\/verites-et-mensonges-medecinsmalades\/","og_site_name":"Gestions hospitali\u00e8res","article_publisher":"https:\/\/www.facebook.com\/gestionshospitalieres\/","article_published_time":"2012-12-31T23:00:00+00:00","article_modified_time":"2018-03-08T10:16:04+00:00","author":"yann Le Sager","twitter_card":"summary_large_image","twitter_creator":"@revue_GH","twitter_site":"@revue_GH","twitter_misc":{"\u00c9crit par":"yann Le Sager","Dur\u00e9e de lecture estim\u00e9e":"10 minutes"},"schema":{"@context":"https:\/\/schema.org","@graph":[{"@type":"Article","@id":"https:\/\/www.ricom-web8.com\/gestions\/verites-et-mensonges-medecinsmalades\/#article","isPartOf":{"@id":"https:\/\/www.ricom-web8.com\/gestions\/verites-et-mensonges-medecinsmalades\/"},"author":{"name":"yann Le Sager","@id":"https:\/\/www.ricom-web8.com\/gestions\/#\/schema\/person\/810c9671279c5f5a094f6f0a42237516"},"headline":"V\u00e9rit\u00e9s et mensonges m\u00e9decins\/malades","datePublished":"2012-12-31T23:00:00+00:00","dateModified":"2018-03-08T10:16:04+00:00","mainEntityOfPage":{"@id":"https:\/\/www.ricom-web8.com\/gestions\/verites-et-mensonges-medecinsmalades\/"},"wordCount":1960,"commentCount":0,"publisher":{"@id":"https:\/\/www.ricom-web8.com\/gestions\/#organization"},"keywords":["annonce","cancer","communication","dialogue soignant\/soign\u00e9","\u00e9thique","information","mensonge","rencontres Aix","sant\u00e9 publique","Sciences-Po","transparence","v\u00e9rit\u00e9"],"articleSection":["Gestions Hospitali\u00e8res","rencontres de la sant\u00e9"],"inLanguage":"fr-FR","potentialAction":[{"@type":"CommentAction","name":"Comment","target":["https:\/\/www.ricom-web8.com\/gestions\/verites-et-mensonges-medecinsmalades\/#respond"]}]},{"@type":"WebPage","@id":"https:\/\/www.ricom-web8.com\/gestions\/verites-et-mensonges-medecinsmalades\/","url":"https:\/\/www.ricom-web8.com\/gestions\/verites-et-mensonges-medecinsmalades\/","name":"V\u00e9rit\u00e9s et mensonges m\u00e9decins\/malades - Gestions hospitali\u00e8res","isPartOf":{"@id":"https:\/\/www.ricom-web8.com\/gestions\/#website"},"datePublished":"2012-12-31T23:00:00+00:00","dateModified":"2018-03-08T10:16:04+00:00","breadcrumb":{"@id":"https:\/\/www.ricom-web8.com\/gestions\/verites-et-mensonges-medecinsmalades\/#breadcrumb"},"inLanguage":"fr-FR","potentialAction":[{"@type":"ReadAction","target":["https:\/\/www.ricom-web8.com\/gestions\/verites-et-mensonges-medecinsmalades\/"]}]},{"@type":"BreadcrumbList","@id":"https:\/\/www.ricom-web8.com\/gestions\/verites-et-mensonges-medecinsmalades\/#breadcrumb","itemListElement":[{"@type":"ListItem","position":1,"name":"Accueil","item":"https:\/\/www.ricom-web8.com\/gestions\/"},{"@type":"ListItem","position":2,"name":"V\u00e9rit\u00e9s et mensonges m\u00e9decins\/malades"}]},{"@type":"WebSite","@id":"https:\/\/www.ricom-web8.com\/gestions\/#website","url":"https:\/\/www.ricom-web8.com\/gestions\/","name":"Gestions hospitali\u00e8res","description":"la revue des d\u00e9cideurs hospitaliers","publisher":{"@id":"https:\/\/www.ricom-web8.com\/gestions\/#organization"},"potentialAction":[{"@type":"SearchAction","target":{"@type":"EntryPoint","urlTemplate":"https:\/\/www.ricom-web8.com\/gestions\/?s={search_term_string}"},"query-input":{"@type":"PropertyValueSpecification","valueRequired":true,"valueName":"search_term_string"}}],"inLanguage":"fr-FR"},{"@type":"Organization","@id":"https:\/\/www.ricom-web8.com\/gestions\/#organization","name":"Gestions hospitali\u00e8res","url":"https:\/\/www.ricom-web8.com\/gestions\/","logo":{"@type":"ImageObject","inLanguage":"fr-FR","@id":"https:\/\/www.ricom-web8.com\/gestions\/#\/schema\/logo\/image\/","url":"https:\/\/gestions-hospitalieres.fr\/wp-content\/uploads\/2017\/02\/picto_Gif-GH-trans.png","contentUrl":"https:\/\/gestions-hospitalieres.fr\/wp-content\/uploads\/2017\/02\/picto_Gif-GH-trans.png","width":512,"height":512,"caption":"Gestions hospitali\u00e8res"},"image":{"@id":"https:\/\/www.ricom-web8.com\/gestions\/#\/schema\/logo\/image\/"},"sameAs":["https:\/\/www.facebook.com\/gestionshospitalieres\/","https:\/\/x.com\/revue_GH","https:\/\/www.linkedin.com\/company\/gestions-hospitalieres?trk=top_nav_home"]},{"@type":"Person","@id":"https:\/\/www.ricom-web8.com\/gestions\/#\/schema\/person\/810c9671279c5f5a094f6f0a42237516","name":"yann Le Sager","image":{"@type":"ImageObject","inLanguage":"fr-FR","@id":"https:\/\/www.ricom-web8.com\/gestions\/#\/schema\/person\/image\/","url":"https:\/\/secure.gravatar.com\/avatar\/36112fa5997be9e3b9acb0c60a4a1075?s=96&d=mm&r=g","contentUrl":"https:\/\/secure.gravatar.com\/avatar\/36112fa5997be9e3b9acb0c60a4a1075?s=96&d=mm&r=g","caption":"yann Le Sager"},"url":"https:\/\/www.ricom-web8.com\/gestions\/author\/lesager-yannstudioricom-com\/"}]}},"_links":{"self":[{"href":"https:\/\/www.ricom-web8.com\/gestions\/wp-json\/wp\/v2\/posts\/15916","targetHints":{"allow":["GET"]}}],"collection":[{"href":"https:\/\/www.ricom-web8.com\/gestions\/wp-json\/wp\/v2\/posts"}],"about":[{"href":"https:\/\/www.ricom-web8.com\/gestions\/wp-json\/wp\/v2\/types\/post"}],"author":[{"embeddable":true,"href":"https:\/\/www.ricom-web8.com\/gestions\/wp-json\/wp\/v2\/users\/1202"}],"replies":[{"embeddable":true,"href":"https:\/\/www.ricom-web8.com\/gestions\/wp-json\/wp\/v2\/comments?post=15916"}],"version-history":[{"count":0,"href":"https:\/\/www.ricom-web8.com\/gestions\/wp-json\/wp\/v2\/posts\/15916\/revisions"}],"wp:attachment":[{"href":"https:\/\/www.ricom-web8.com\/gestions\/wp-json\/wp\/v2\/media?parent=15916"}],"wp:term":[{"taxonomy":"category","embeddable":true,"href":"https:\/\/www.ricom-web8.com\/gestions\/wp-json\/wp\/v2\/categories?post=15916"},{"taxonomy":"post_tag","embeddable":true,"href":"https:\/\/www.ricom-web8.com\/gestions\/wp-json\/wp\/v2\/tags?post=15916"}],"curies":[{"name":"wp","href":"https:\/\/api.w.org\/{rel}","templated":true}]}}