

{"id":15936,"date":"2011-04-01T00:00:00","date_gmt":"2011-03-31T22:00:00","guid":{"rendered":"http:\/\/ricom-web.com\/gestions-hospitalieres\/lunite-pilote-de-coordination-en-onco-geriatrie-au-chu-de-rouen\/"},"modified":"2018-03-09T11:08:37","modified_gmt":"2018-03-09T10:08:37","slug":"lunite-pilote-de-coordination-en-onco-geriatrie-au-chu-de-rouen","status":"publish","type":"post","link":"https:\/\/www.ricom-web8.com\/gestions\/lunite-pilote-de-coordination-en-onco-geriatrie-au-chu-de-rouen\/","title":{"rendered":"L\u2019unit\u00e9 pilote de coordination en onco-g\u00e9riatrie"},"content":{"rendered":"<span class=\"span-reading-time rt-reading-time\" style=\"display: block;\"><span class=\"rt-label rt-prefix\">Temps de lecture\u00a0: <\/span> <span class=\"rt-time\"> 2<\/span> <span class=\"rt-label rt-postfix\">minutes<\/span><\/span><p>En 2005, \u00e0 l\u2019initiative de l\u2019Institut national de lutte contre le cancer (Inca), un appel d\u2019offres national a \u00e9t\u00e9 lanc\u00e9. Le CHU de Rouen, par l\u2019interm\u00e9diaire de son \u00e9quipe hospitalo-universitaire g\u00e9riatrique, en partenariat avec le centre r\u00e9gional de lutte contre le cancer (CRLCC) Henri-Becquerel se sont positionn\u00e9s sur cette opportunit\u00e9. Ils ont \u00e9t\u00e9 ainsi labellis\u00e9s dans le cadre d\u2019une unit\u00e9 pilote de coordination en onco-g\u00e9riatrie (Upcog) dont la mission, telle qu\u2019elle a \u00e9t\u00e9 d\u00e9finie par l\u2019Inca, est l\u2019am\u00e9lioration de la qualit\u00e9 des soins destin\u00e9e aux malades \u00e2g\u00e9s pris en charge dans ces deux \u00e9tablissements pour un cancer. Trois axes de travail \u2013 recherche, formation\/information et soins \u2013 ont \u00e9t\u00e9 initi\u00e9s.\u00a0Les actions engag\u00e9es dans ces trois directions ont ainsi \u00e9t\u00e9 concr\u00e9tis\u00e9es autour d\u2019\u00e9tudes \u00e9pid\u00e9miologiques r\u00e9gionales ou nationales (\u00e9tude Oncodage), d\u2019enseignements th\u00e9matiques multi-professionnels destin\u00e9s aux personnels de sant\u00e9 sensibilis\u00e9s au traitement des cancers affectant les sujets \u00e2g\u00e9s (prise en charge actuelle du cancer du sein de la femme \u00e2g\u00e9e, soins de support\u2026). Enfin, naturellement, l\u2019investissement de l\u2019Upcog s\u2019est fait dans le domaine du soin. C\u2019est sur le mod\u00e8le de l\u2019\u00e9quipe mobile intra-hospitali\u00e8re appliqu\u00e9 cette fois \u00e0 l\u2019oncologie que cette initiative s\u2019est d\u00e9velopp\u00e9e.<\/p>\n<p>Les professionnels acteurs de l\u2019Upcog interviennent au sein des deux \u00e9tablissements de sant\u00e9 impliqu\u00e9s dans le projet. La dotation budg\u00e9taire a permis ainsi la titularisation de deux m\u00e9decins (0,5 ETP dans chaque \u00e9tablissement) et un poste IDE (0,5 ETP). L\u2019Upcog intervient dans les diff\u00e9rentes unit\u00e9s fonctionnelles de la f\u00e9d\u00e9ration de canc\u00e9rologie du CHU ou dans les services du CRLCC demandeurs. Cette f\u00e9d\u00e9ration de canc\u00e9rologie au CHU inclut plusieurs services de sp\u00e9cialit\u00e9s : pneumologie, gyn\u00e9cologie, urologie, gastro-ent\u00e9rologie, etc.\u00a0Concr\u00e8tement, l\u2019Upcog, sollicit\u00e9e par l\u2019oncologue, fournit une expertise g\u00e9riatrique destin\u00e9e \u00e0 enrichir l\u2019\u00e9valuation initiale du malade \u00e2g\u00e9 avant la mise en route des traitements anticanc\u00e9reux. Les caract\u00e9ristiques g\u00e9riatriques globales du sujet \u00e2g\u00e9, appr\u00e9hend\u00e9es par l\u2019oncologue, sont alors compl\u00e9t\u00e9es par une expertise sp\u00e9cialis\u00e9e et doivent permettre l\u2019optimisation des choix th\u00e9rapeutiques de plus en plus complexes, associant des combinaisons de type chirurgie\/radioth\u00e9rapie\/chimioth\u00e9rapie et th\u00e9rapie cibl\u00e9e.<\/p>\n<p>L\u2019Upcog a bien entendu particip\u00e9 aux r\u00e9unions de concertation pluridisciplinaires (RCP) des \u00e9tablissements concern\u00e9s. Elle ambitionne prochainement de s\u2019impliquer dans le suivi des malades \u00e2g\u00e9s trait\u00e9s en accord avec les orientations strat\u00e9giques du plan Cancer 2.\u00a0L\u2019\u00e9valuation du fonctionnement des quinze Upcog r\u00e9parties dans treize r\u00e9gions en mars 2010 note l\u2019investissement de leurs acteurs en soulignant aussi les in\u00e9galit\u00e9s d\u2019activit\u00e9 selon les r\u00e9gions dans les trois domaines assign\u00e9s. Il est aussi remarqu\u00e9, par les g\u00e9riatres notamment, que des difficult\u00e9s notables persistent quant \u00e0 l\u2019adh\u00e9sion de certaines \u00e9quipes d\u2019oncologie \u00e0 cette prise en charge partag\u00e9e avec les g\u00e9riatres.\u00a0L\u2019Upcog de Rouen constitue une des valences de l\u2019activit\u00e9 ambulatoire g\u00e9riatrique propos\u00e9e par le CHU, encore une fois en partage avec le CRLCC de Rouen. Elle compl\u00e8te un champ d\u2019investissement qui devrait se d\u00e9velopper vers d\u2019autres sp\u00e9cialit\u00e9s (cardiologie, chirurgie\u2026) lorsque des traitements complexes sont propos\u00e9s \u00e0 des sujets \u00e2g\u00e9s fragiles n\u00e9cessitant de fait un compl\u00e9ment d\u2019expertise avant leur initiation.<\/p>\n<script>function PlayerjsAsync(){} if(window[\"Playerjs\"]){PlayerjsAsync();}<\/script>","protected":false},"excerpt":{"rendered":"<p><span class=\"span-reading-time rt-reading-time\" style=\"display: block;\"><span class=\"rt-label rt-prefix\">Temps de lecture\u00a0: <\/span> <span class=\"rt-time\"> 2<\/span> <span class=\"rt-label rt-postfix\">minutes<\/span><\/span>En 2005, \u00e0 l\u2019initiative de l\u2019Institut national de lutte contre le cancer (Inca), un appel d\u2019offres national a \u00e9t\u00e9 lanc\u00e9. Le CHU de Rouen, par l\u2019interm\u00e9diaire de son \u00e9quipe hospitalo-universitaire g\u00e9riatrique, en partenariat avec le centre r\u00e9gional de lutte contre le cancer (CRLCC) Henri-Becquerel se sont positionn\u00e9s sur cette opportunit\u00e9. Ils ont \u00e9t\u00e9 ainsi labellis\u00e9s dans le cadre d\u2019une unit\u00e9 pilote de coordination en onco-g\u00e9riatrie (Upcog) dont la mission, telle&hellip; <\/p>\n","protected":false},"author":1202,"featured_media":0,"comment_status":"open","ping_status":"open","sticky":false,"template":"","format":"standard","meta":{"_acf_changed":false,"_relevanssi_hide_post":"","_relevanssi_hide_content":"","_relevanssi_pin_for_all":"","_relevanssi_pin_keywords":"","_relevanssi_unpin_keywords":"","_relevanssi_related_keywords":"","_relevanssi_related_include_ids":"","_relevanssi_related_exclude_ids":"","_relevanssi_related_no_append":"","_relevanssi_related_not_related":"","_relevanssi_related_posts":"","_relevanssi_noindex_reason":"","footnotes":""},"categories":[26,2],"tags":[90,13,101,94,102,92,75,47,88,100,98,97,93,85,84,96,1396,91,89,36,86,95,87,42,99],"class_list":["post-15936","post","type-post","status-publish","format-standard","hentry","category-dossier","category-gestions-hospitalieres","tag-ambulatoire","tag-ars","tag-bilan","tag-centre-devaluation-gerontologique","tag-clic","tag-consultation-gerontologique","tag-dependance","tag-descriptif","tag-dispositif","tag-ehpad","tag-equipe-mobile-geriatrique-extra-hospitaliere","tag-equipe-mobile-geriatrique-intra-hospitaliere","tag-evaluation-gerontologique-standardisee","tag-experience","tag-filiere-geriatrique","tag-fonctionnement","tag-geriatrie","tag-hospitalisation","tag-maintien-a-domicile","tag-organisation","tag-personne-agee","tag-plate-forme-telephonique-geriatrique","tag-prise-en-charge","tag-role","tag-upcog"],"acf":[],"yoast_head":"<!-- This site is optimized with the Yoast SEO plugin v24.8.1 - https:\/\/yoast.com\/wordpress\/plugins\/seo\/ -->\n<title>L\u2019unit\u00e9 pilote de coordination en onco-g\u00e9riatrie - Gestions hospitali\u00e8res<\/title>\n<meta name=\"robots\" content=\"index, follow, max-snippet:-1, max-image-preview:large, max-video-preview:-1\" \/>\n<link rel=\"canonical\" href=\"https:\/\/www.ricom-web8.com\/gestions\/lunite-pilote-de-coordination-en-onco-geriatrie-au-chu-de-rouen\/\" \/>\n<meta property=\"og:locale\" content=\"fr_FR\" \/>\n<meta property=\"og:type\" content=\"article\" \/>\n<meta property=\"og:title\" content=\"L\u2019unit\u00e9 pilote de coordination en onco-g\u00e9riatrie - Gestions hospitali\u00e8res\" \/>\n<meta property=\"og:description\" content=\"Temps de lecture\u00a0:  2 minutesEn 2005, \u00e0 l\u2019initiative de l\u2019Institut national de lutte contre le cancer (Inca), un appel d\u2019offres national a \u00e9t\u00e9 lanc\u00e9. Le CHU de Rouen, par l\u2019interm\u00e9diaire de son \u00e9quipe hospitalo-universitaire g\u00e9riatrique, en partenariat avec le centre r\u00e9gional de lutte contre le cancer (CRLCC) Henri-Becquerel se sont positionn\u00e9s sur cette opportunit\u00e9. Ils ont \u00e9t\u00e9 ainsi labellis\u00e9s dans le cadre d\u2019une unit\u00e9 pilote de coordination en onco-g\u00e9riatrie (Upcog) dont la mission, telle&hellip;\" \/>\n<meta property=\"og:url\" content=\"https:\/\/www.ricom-web8.com\/gestions\/lunite-pilote-de-coordination-en-onco-geriatrie-au-chu-de-rouen\/\" \/>\n<meta property=\"og:site_name\" content=\"Gestions hospitali\u00e8res\" \/>\n<meta property=\"article:publisher\" content=\"https:\/\/www.facebook.com\/gestionshospitalieres\/\" \/>\n<meta property=\"article:published_time\" content=\"2011-03-31T22:00:00+00:00\" \/>\n<meta property=\"article:modified_time\" content=\"2018-03-09T10:08:37+00:00\" \/>\n<meta name=\"author\" content=\"yann Le Sager\" \/>\n<meta name=\"twitter:card\" content=\"summary_large_image\" \/>\n<meta name=\"twitter:creator\" content=\"@revue_GH\" \/>\n<meta name=\"twitter:site\" content=\"@revue_GH\" \/>\n<meta name=\"twitter:label1\" content=\"\u00c9crit par\" \/>\n\t<meta name=\"twitter:data1\" content=\"yann Le Sager\" \/>\n\t<meta name=\"twitter:label2\" content=\"Dur\u00e9e de lecture estim\u00e9e\" \/>\n\t<meta name=\"twitter:data2\" content=\"3 minutes\" \/>\n<script type=\"application\/ld+json\" class=\"yoast-schema-graph\">{\"@context\":\"https:\/\/schema.org\",\"@graph\":[{\"@type\":\"Article\",\"@id\":\"https:\/\/www.ricom-web8.com\/gestions\/lunite-pilote-de-coordination-en-onco-geriatrie-au-chu-de-rouen\/#article\",\"isPartOf\":{\"@id\":\"https:\/\/www.ricom-web8.com\/gestions\/lunite-pilote-de-coordination-en-onco-geriatrie-au-chu-de-rouen\/\"},\"author\":{\"name\":\"yann Le Sager\",\"@id\":\"https:\/\/www.ricom-web8.com\/gestions\/#\/schema\/person\/810c9671279c5f5a094f6f0a42237516\"},\"headline\":\"L\u2019unit\u00e9 pilote de coordination en onco-g\u00e9riatrie\",\"datePublished\":\"2011-03-31T22:00:00+00:00\",\"dateModified\":\"2018-03-09T10:08:37+00:00\",\"mainEntityOfPage\":{\"@id\":\"https:\/\/www.ricom-web8.com\/gestions\/lunite-pilote-de-coordination-en-onco-geriatrie-au-chu-de-rouen\/\"},\"wordCount\":604,\"commentCount\":0,\"publisher\":{\"@id\":\"https:\/\/www.ricom-web8.com\/gestions\/#organization\"},\"keywords\":[\"ambulatoire\",\"ARS\",\"Bilan\",\"centre d\u2019\u00e9valuation g\u00e9rontologique\",\"Clic\",\"consultation g\u00e9rontologique\",\"d\u00e9pendance\",\"descriptif\",\"dispositif\",\"Ehpad\",\"\u00e9quipe mobile g\u00e9riatrique extra-hospitali\u00e8re\",\"\u00e9quipe mobile g\u00e9riatrique intra-hospitali\u00e8re\",\"\u00e9valuation g\u00e9rontologique standardis\u00e9e\",\"exp\u00e9rience\",\"Fili\u00e8re g\u00e9riatrique\",\"fonctionnement\",\"g\u00e9riatrie\",\"hospitalisation\",\"maintien \u00e0 domicile\",\"organisation\",\"personne \u00e2g\u00e9e\",\"plate-forme t\u00e9l\u00e9phonique g\u00e9riatrique\",\"prise en charge\",\"r\u00f4le\",\"Upcog\"],\"articleSection\":[\"dossier\",\"Gestions Hospitali\u00e8res\"],\"inLanguage\":\"fr-FR\",\"potentialAction\":[{\"@type\":\"CommentAction\",\"name\":\"Comment\",\"target\":[\"https:\/\/www.ricom-web8.com\/gestions\/lunite-pilote-de-coordination-en-onco-geriatrie-au-chu-de-rouen\/#respond\"]}]},{\"@type\":\"WebPage\",\"@id\":\"https:\/\/www.ricom-web8.com\/gestions\/lunite-pilote-de-coordination-en-onco-geriatrie-au-chu-de-rouen\/\",\"url\":\"https:\/\/www.ricom-web8.com\/gestions\/lunite-pilote-de-coordination-en-onco-geriatrie-au-chu-de-rouen\/\",\"name\":\"L\u2019unit\u00e9 pilote de coordination en onco-g\u00e9riatrie - Gestions hospitali\u00e8res\",\"isPartOf\":{\"@id\":\"https:\/\/www.ricom-web8.com\/gestions\/#website\"},\"datePublished\":\"2011-03-31T22:00:00+00:00\",\"dateModified\":\"2018-03-09T10:08:37+00:00\",\"breadcrumb\":{\"@id\":\"https:\/\/www.ricom-web8.com\/gestions\/lunite-pilote-de-coordination-en-onco-geriatrie-au-chu-de-rouen\/#breadcrumb\"},\"inLanguage\":\"fr-FR\",\"potentialAction\":[{\"@type\":\"ReadAction\",\"target\":[\"https:\/\/www.ricom-web8.com\/gestions\/lunite-pilote-de-coordination-en-onco-geriatrie-au-chu-de-rouen\/\"]}]},{\"@type\":\"BreadcrumbList\",\"@id\":\"https:\/\/www.ricom-web8.com\/gestions\/lunite-pilote-de-coordination-en-onco-geriatrie-au-chu-de-rouen\/#breadcrumb\",\"itemListElement\":[{\"@type\":\"ListItem\",\"position\":1,\"name\":\"Accueil\",\"item\":\"https:\/\/www.ricom-web8.com\/gestions\/\"},{\"@type\":\"ListItem\",\"position\":2,\"name\":\"L\u2019unit\u00e9 pilote de coordination en onco-g\u00e9riatrie\"}]},{\"@type\":\"WebSite\",\"@id\":\"https:\/\/www.ricom-web8.com\/gestions\/#website\",\"url\":\"https:\/\/www.ricom-web8.com\/gestions\/\",\"name\":\"Gestions hospitali\u00e8res\",\"description\":\"la revue des d\u00e9cideurs hospitaliers\",\"publisher\":{\"@id\":\"https:\/\/www.ricom-web8.com\/gestions\/#organization\"},\"potentialAction\":[{\"@type\":\"SearchAction\",\"target\":{\"@type\":\"EntryPoint\",\"urlTemplate\":\"https:\/\/www.ricom-web8.com\/gestions\/?s={search_term_string}\"},\"query-input\":{\"@type\":\"PropertyValueSpecification\",\"valueRequired\":true,\"valueName\":\"search_term_string\"}}],\"inLanguage\":\"fr-FR\"},{\"@type\":\"Organization\",\"@id\":\"https:\/\/www.ricom-web8.com\/gestions\/#organization\",\"name\":\"Gestions hospitali\u00e8res\",\"url\":\"https:\/\/www.ricom-web8.com\/gestions\/\",\"logo\":{\"@type\":\"ImageObject\",\"inLanguage\":\"fr-FR\",\"@id\":\"https:\/\/www.ricom-web8.com\/gestions\/#\/schema\/logo\/image\/\",\"url\":\"https:\/\/gestions-hospitalieres.fr\/wp-content\/uploads\/2017\/02\/picto_Gif-GH-trans.png\",\"contentUrl\":\"https:\/\/gestions-hospitalieres.fr\/wp-content\/uploads\/2017\/02\/picto_Gif-GH-trans.png\",\"width\":512,\"height\":512,\"caption\":\"Gestions hospitali\u00e8res\"},\"image\":{\"@id\":\"https:\/\/www.ricom-web8.com\/gestions\/#\/schema\/logo\/image\/\"},\"sameAs\":[\"https:\/\/www.facebook.com\/gestionshospitalieres\/\",\"https:\/\/x.com\/revue_GH\",\"https:\/\/www.linkedin.com\/company\/gestions-hospitalieres?trk=top_nav_home\"]},{\"@type\":\"Person\",\"@id\":\"https:\/\/www.ricom-web8.com\/gestions\/#\/schema\/person\/810c9671279c5f5a094f6f0a42237516\",\"name\":\"yann Le Sager\",\"image\":{\"@type\":\"ImageObject\",\"inLanguage\":\"fr-FR\",\"@id\":\"https:\/\/www.ricom-web8.com\/gestions\/#\/schema\/person\/image\/\",\"url\":\"https:\/\/secure.gravatar.com\/avatar\/36112fa5997be9e3b9acb0c60a4a1075?s=96&d=mm&r=g\",\"contentUrl\":\"https:\/\/secure.gravatar.com\/avatar\/36112fa5997be9e3b9acb0c60a4a1075?s=96&d=mm&r=g\",\"caption\":\"yann Le Sager\"},\"url\":\"https:\/\/www.ricom-web8.com\/gestions\/author\/lesager-yannstudioricom-com\/\"}]}<\/script>\n<!-- \/ Yoast SEO plugin. -->","yoast_head_json":{"title":"L\u2019unit\u00e9 pilote de coordination en onco-g\u00e9riatrie - Gestions hospitali\u00e8res","robots":{"index":"index","follow":"follow","max-snippet":"max-snippet:-1","max-image-preview":"max-image-preview:large","max-video-preview":"max-video-preview:-1"},"canonical":"https:\/\/www.ricom-web8.com\/gestions\/lunite-pilote-de-coordination-en-onco-geriatrie-au-chu-de-rouen\/","og_locale":"fr_FR","og_type":"article","og_title":"L\u2019unit\u00e9 pilote de coordination en onco-g\u00e9riatrie - Gestions hospitali\u00e8res","og_description":"Temps de lecture\u00a0:  2 minutesEn 2005, \u00e0 l\u2019initiative de l\u2019Institut national de lutte contre le cancer (Inca), un appel d\u2019offres national a \u00e9t\u00e9 lanc\u00e9. Le CHU de Rouen, par l\u2019interm\u00e9diaire de son \u00e9quipe hospitalo-universitaire g\u00e9riatrique, en partenariat avec le centre r\u00e9gional de lutte contre le cancer (CRLCC) Henri-Becquerel se sont positionn\u00e9s sur cette opportunit\u00e9. Ils ont \u00e9t\u00e9 ainsi labellis\u00e9s dans le cadre d\u2019une unit\u00e9 pilote de coordination en onco-g\u00e9riatrie (Upcog) dont la mission, telle&hellip;","og_url":"https:\/\/www.ricom-web8.com\/gestions\/lunite-pilote-de-coordination-en-onco-geriatrie-au-chu-de-rouen\/","og_site_name":"Gestions hospitali\u00e8res","article_publisher":"https:\/\/www.facebook.com\/gestionshospitalieres\/","article_published_time":"2011-03-31T22:00:00+00:00","article_modified_time":"2018-03-09T10:08:37+00:00","author":"yann Le Sager","twitter_card":"summary_large_image","twitter_creator":"@revue_GH","twitter_site":"@revue_GH","twitter_misc":{"\u00c9crit par":"yann Le Sager","Dur\u00e9e de lecture estim\u00e9e":"3 minutes"},"schema":{"@context":"https:\/\/schema.org","@graph":[{"@type":"Article","@id":"https:\/\/www.ricom-web8.com\/gestions\/lunite-pilote-de-coordination-en-onco-geriatrie-au-chu-de-rouen\/#article","isPartOf":{"@id":"https:\/\/www.ricom-web8.com\/gestions\/lunite-pilote-de-coordination-en-onco-geriatrie-au-chu-de-rouen\/"},"author":{"name":"yann Le Sager","@id":"https:\/\/www.ricom-web8.com\/gestions\/#\/schema\/person\/810c9671279c5f5a094f6f0a42237516"},"headline":"L\u2019unit\u00e9 pilote de coordination en onco-g\u00e9riatrie","datePublished":"2011-03-31T22:00:00+00:00","dateModified":"2018-03-09T10:08:37+00:00","mainEntityOfPage":{"@id":"https:\/\/www.ricom-web8.com\/gestions\/lunite-pilote-de-coordination-en-onco-geriatrie-au-chu-de-rouen\/"},"wordCount":604,"commentCount":0,"publisher":{"@id":"https:\/\/www.ricom-web8.com\/gestions\/#organization"},"keywords":["ambulatoire","ARS","Bilan","centre d\u2019\u00e9valuation g\u00e9rontologique","Clic","consultation g\u00e9rontologique","d\u00e9pendance","descriptif","dispositif","Ehpad","\u00e9quipe mobile g\u00e9riatrique extra-hospitali\u00e8re","\u00e9quipe mobile g\u00e9riatrique intra-hospitali\u00e8re","\u00e9valuation g\u00e9rontologique standardis\u00e9e","exp\u00e9rience","Fili\u00e8re g\u00e9riatrique","fonctionnement","g\u00e9riatrie","hospitalisation","maintien \u00e0 domicile","organisation","personne \u00e2g\u00e9e","plate-forme t\u00e9l\u00e9phonique g\u00e9riatrique","prise en charge","r\u00f4le","Upcog"],"articleSection":["dossier","Gestions Hospitali\u00e8res"],"inLanguage":"fr-FR","potentialAction":[{"@type":"CommentAction","name":"Comment","target":["https:\/\/www.ricom-web8.com\/gestions\/lunite-pilote-de-coordination-en-onco-geriatrie-au-chu-de-rouen\/#respond"]}]},{"@type":"WebPage","@id":"https:\/\/www.ricom-web8.com\/gestions\/lunite-pilote-de-coordination-en-onco-geriatrie-au-chu-de-rouen\/","url":"https:\/\/www.ricom-web8.com\/gestions\/lunite-pilote-de-coordination-en-onco-geriatrie-au-chu-de-rouen\/","name":"L\u2019unit\u00e9 pilote de coordination en onco-g\u00e9riatrie - Gestions hospitali\u00e8res","isPartOf":{"@id":"https:\/\/www.ricom-web8.com\/gestions\/#website"},"datePublished":"2011-03-31T22:00:00+00:00","dateModified":"2018-03-09T10:08:37+00:00","breadcrumb":{"@id":"https:\/\/www.ricom-web8.com\/gestions\/lunite-pilote-de-coordination-en-onco-geriatrie-au-chu-de-rouen\/#breadcrumb"},"inLanguage":"fr-FR","potentialAction":[{"@type":"ReadAction","target":["https:\/\/www.ricom-web8.com\/gestions\/lunite-pilote-de-coordination-en-onco-geriatrie-au-chu-de-rouen\/"]}]},{"@type":"BreadcrumbList","@id":"https:\/\/www.ricom-web8.com\/gestions\/lunite-pilote-de-coordination-en-onco-geriatrie-au-chu-de-rouen\/#breadcrumb","itemListElement":[{"@type":"ListItem","position":1,"name":"Accueil","item":"https:\/\/www.ricom-web8.com\/gestions\/"},{"@type":"ListItem","position":2,"name":"L\u2019unit\u00e9 pilote de coordination en onco-g\u00e9riatrie"}]},{"@type":"WebSite","@id":"https:\/\/www.ricom-web8.com\/gestions\/#website","url":"https:\/\/www.ricom-web8.com\/gestions\/","name":"Gestions hospitali\u00e8res","description":"la revue des d\u00e9cideurs hospitaliers","publisher":{"@id":"https:\/\/www.ricom-web8.com\/gestions\/#organization"},"potentialAction":[{"@type":"SearchAction","target":{"@type":"EntryPoint","urlTemplate":"https:\/\/www.ricom-web8.com\/gestions\/?s={search_term_string}"},"query-input":{"@type":"PropertyValueSpecification","valueRequired":true,"valueName":"search_term_string"}}],"inLanguage":"fr-FR"},{"@type":"Organization","@id":"https:\/\/www.ricom-web8.com\/gestions\/#organization","name":"Gestions hospitali\u00e8res","url":"https:\/\/www.ricom-web8.com\/gestions\/","logo":{"@type":"ImageObject","inLanguage":"fr-FR","@id":"https:\/\/www.ricom-web8.com\/gestions\/#\/schema\/logo\/image\/","url":"https:\/\/gestions-hospitalieres.fr\/wp-content\/uploads\/2017\/02\/picto_Gif-GH-trans.png","contentUrl":"https:\/\/gestions-hospitalieres.fr\/wp-content\/uploads\/2017\/02\/picto_Gif-GH-trans.png","width":512,"height":512,"caption":"Gestions hospitali\u00e8res"},"image":{"@id":"https:\/\/www.ricom-web8.com\/gestions\/#\/schema\/logo\/image\/"},"sameAs":["https:\/\/www.facebook.com\/gestionshospitalieres\/","https:\/\/x.com\/revue_GH","https:\/\/www.linkedin.com\/company\/gestions-hospitalieres?trk=top_nav_home"]},{"@type":"Person","@id":"https:\/\/www.ricom-web8.com\/gestions\/#\/schema\/person\/810c9671279c5f5a094f6f0a42237516","name":"yann Le Sager","image":{"@type":"ImageObject","inLanguage":"fr-FR","@id":"https:\/\/www.ricom-web8.com\/gestions\/#\/schema\/person\/image\/","url":"https:\/\/secure.gravatar.com\/avatar\/36112fa5997be9e3b9acb0c60a4a1075?s=96&d=mm&r=g","contentUrl":"https:\/\/secure.gravatar.com\/avatar\/36112fa5997be9e3b9acb0c60a4a1075?s=96&d=mm&r=g","caption":"yann Le Sager"},"url":"https:\/\/www.ricom-web8.com\/gestions\/author\/lesager-yannstudioricom-com\/"}]}},"_links":{"self":[{"href":"https:\/\/www.ricom-web8.com\/gestions\/wp-json\/wp\/v2\/posts\/15936","targetHints":{"allow":["GET"]}}],"collection":[{"href":"https:\/\/www.ricom-web8.com\/gestions\/wp-json\/wp\/v2\/posts"}],"about":[{"href":"https:\/\/www.ricom-web8.com\/gestions\/wp-json\/wp\/v2\/types\/post"}],"author":[{"embeddable":true,"href":"https:\/\/www.ricom-web8.com\/gestions\/wp-json\/wp\/v2\/users\/1202"}],"replies":[{"embeddable":true,"href":"https:\/\/www.ricom-web8.com\/gestions\/wp-json\/wp\/v2\/comments?post=15936"}],"version-history":[{"count":0,"href":"https:\/\/www.ricom-web8.com\/gestions\/wp-json\/wp\/v2\/posts\/15936\/revisions"}],"wp:attachment":[{"href":"https:\/\/www.ricom-web8.com\/gestions\/wp-json\/wp\/v2\/media?parent=15936"}],"wp:term":[{"taxonomy":"category","embeddable":true,"href":"https:\/\/www.ricom-web8.com\/gestions\/wp-json\/wp\/v2\/categories?post=15936"},{"taxonomy":"post_tag","embeddable":true,"href":"https:\/\/www.ricom-web8.com\/gestions\/wp-json\/wp\/v2\/tags?post=15936"}],"curies":[{"name":"wp","href":"https:\/\/api.w.org\/{rel}","templated":true}]}}