

{"id":15941,"date":"2011-04-01T00:00:00","date_gmt":"2011-03-31T22:00:00","guid":{"rendered":"http:\/\/ricom-web.com\/gestions-hospitalieres\/le-liens-avec-la-tutelle-de-lequipe-mobile-de-geriatrie-du-chu-de-rouen\/"},"modified":"2018-03-09T11:11:15","modified_gmt":"2018-03-09T10:11:15","slug":"le-liens-avec-la-tutelle-de-lequipe-mobile-de-geriatrie-du-chu-de-rouen","status":"publish","type":"post","link":"https:\/\/www.ricom-web8.com\/gestions\/le-liens-avec-la-tutelle-de-lequipe-mobile-de-geriatrie-du-chu-de-rouen\/","title":{"rendered":"Le liens avec la tutelle"},"content":{"rendered":"<span class=\"span-reading-time rt-reading-time\" style=\"display: block;\"><span class=\"rt-label rt-prefix\">Temps de lecture\u00a0: <\/span> <span class=\"rt-time\"> 3<\/span> <span class=\"rt-label rt-postfix\">minutes<\/span><\/span><p>La notion d\u2019\u00e9quipe mobile de g\u00e9riatrie (EMG) \u00e9tait inscrite depuis 2002 dans les textes de programmation de l\u2019offre de sant\u00e9 (circulaire 2002-157 du 18 mars 2002) comme solution \u00e0 un dysfonctionnement qui affecte l\u2019\u00e9valuation des besoins et l\u2019orientation des personnes \u00e2g\u00e9es dans le syst\u00e8me de soins hospitalier. Mais pour que le texte s\u2019incarne dans un v\u00e9ritable projet, il a fallu qu\u2019il rencontre une volont\u00e9 locale conjointe de l\u2019inscrire dans la strat\u00e9gie locale : celle de l\u2019agence r\u00e9gionale de l\u2019hospitalisation (ARH), des directions r\u00e9gionale et d\u00e9partementale des affaires sanitaires et sociales (Drass et Ddass) et du CHU de Rouen.<\/p>\n<p>Associ\u00e9s \u00e0 l\u2019\u00e9criture du sch\u00e9ma r\u00e9gional d\u2019organisation des soins (Sros) par l\u2019ARH, les g\u00e9riatres du CHU ont apport\u00e9 aux objectifs r\u00e9gionaux leurs convictions relatives \u00e0 une prise en charge du vieillissement par un r\u00e9seau qui exploite et diffuse les comp\u00e9tences hospitali\u00e8res. Ces r\u00e9flexions partag\u00e9es ont durablement influenc\u00e9 les projets. La n\u00e9cessit\u00e9 de compl\u00e9ter la fili\u00e8re g\u00e9riatrique et de fluidifier la prise en charge des personnes \u00e2g\u00e9es ont \u00e9t\u00e9 deux des principes de construction du Sros et, pour l\u2019ensemble du dispositif d\u00e9crit, l\u2019EMG avait \u00ab <em>une\u00a0vocation, au moins dans un premier temps intra-hospitali\u00e8re, dirig\u00e9e vers tous les services de l\u2019\u00e9tablissement, avec possibilit\u00e9 dans un second temps d\u2019extension du champ d\u2019action vers les autres \u00e9tablissements et structures de sant\u00e9 publiques et priv\u00e9s dans les territoires de sant\u00e9<\/em> \u00bb.<\/p>\n<p>Cette conviction partag\u00e9e a ensuite \u00e9t\u00e9 inscrite par la communaut\u00e9 hospitali\u00e8re dans le contrat pluriannuel d\u2019objectif et de moyen (CPOM) et le projet d\u2019\u00e9tablissement dans lequel la mont\u00e9e en charge de l\u2019EMG est d\u00e9finie comme une priorit\u00e9, en pr\u00e9cisant que sa vocation extra-hospitali\u00e8re pourrait s\u2019\u00e9tendre \u00e0 terme \u00e0 l\u2019ensemble des \u00e9tablissements h\u00e9bergeant des personnes \u00e2g\u00e9es d\u00e9pendantes (Ehpad) du territoire desservi par le CHU.<\/p>\n<h1>Une mani\u00e8re d\u2019agir convaincante<\/h1>\n<p>La volont\u00e9 nationale d\u00e9clin\u00e9e par le Sros a rencontr\u00e9 une volont\u00e9 locale d\u00e9clin\u00e9e dans le projet d\u2019\u00e9tablissement et surtout appuy\u00e9e sur une mission \u00ab fili\u00e8re g\u00e9riatrique \u00bb, confi\u00e9e d\u00e8s 2008 par le directeur g\u00e9n\u00e9ral et la pr\u00e9sidente de la commission m\u00e9dicale d\u2019\u00e9tablissement (CME) \u00e0 un bin\u00f4me m\u00e9dico-administratif associant le PU-PH initiateur historique de la g\u00e9riatrie aigu\u00eb au CHU et la directrice administrative responsable des \u00e9tablissements de personnes \u00e2g\u00e9es. Parmi les objectifs de la mission, \u00ab <em>initier toutes les actions de partenariat susceptibles de faciliter une prise en charge de haut niveau et coordonn\u00e9e des personnes \u00e2g\u00e9es notamment avec les \u00e9tablissements sanitaires et m\u00e9dico-sociaux\u00a0<\/em>\u00bb est un principe qui rentre au c\u0153ur des pr\u00e9occupations r\u00e9gionales d\u2019organisation de l\u2019offre de soins.\u00a0Les projets structurants de la prise en charge ambulatoire (\u00e9quipe mobile interne, \u00e9quipe mobile externe, plate-forme t\u00e9l\u00e9phonique) ont \u00e9t\u00e9 port\u00e9s par cette mission en associant les acteurs m\u00e9dicaux, soignants et administratifs de l\u2019\u00e9tablissement. Cette volont\u00e9 commune au sein de l\u2019\u00e9tablissement est un des facteurs qui ont encourag\u00e9 les autorit\u00e9s de tutelle \u00e0 soutenir financi\u00e8rement les projets, en particulier l\u2019exp\u00e9rimentation d\u2019une \u00e9quipe mobile externe.<\/p>\n<blockquote><p>La r\u00e9ussite d\u2019un projet passe par une ma\u00eetrise des processus technologiques, scientifiques, juridiques, m\u00e9tier, organisationnels, m\u00e9dico-\u00e9conomiques et par une conduite du changement efficiente.<\/p><\/blockquote>\n<p>Le deuxi\u00e8me facteur de confiance que les acteurs de l\u2019ARH soulignent est leur association r\u00e9guli\u00e8re \u00e0 toutes les phases de construction et \u00e0 l\u2019\u00e9valuation des r\u00e9sultats. Au travers de ces rencontres, l\u2019analyse des besoins, le cadrage de la demande des Ehpad et la d\u00e9finition de l\u2019intervention propos\u00e9e les ont convaincus du caract\u00e8re r\u00e9fl\u00e9chi du projet. \u00ab <em>Nous sommes all\u00e9s aux r\u00e9unions, nous avons \u00e9cout\u00e9 et discut\u00e9. Ils ont su \u00eatre convaincants et nous avons essay\u00e9 de convaincre nos coll\u00e8gues, en particulier ceux de la cellule financi\u00e8re<\/em> \u00bb, disent nos interlocuteurs de l\u2019agence r\u00e9gionale de sant\u00e9 (ARS) alors \u00e0 la Ddass et \u00e0 l\u2019ARH. La confiance et l\u2019objectivation des donn\u00e9es dans une parfaite transparence ont contribu\u00e9 directement aux efforts de tous pour trouver des financements sanitaires et m\u00e9dico-sociaux, en majorit\u00e9 p\u00e9rennes et non reconductibles pour une part. \u00ab <em>Nous nous connaissons et nous nous parlons, c\u2019est ce qui fait la r\u00e9ussite<\/em> \u00bb, conclut le m\u00e9decin alors responsable \u00ab personnes \u00e2g\u00e9es \u00bb des projets d\u2019offre de soins \u00e0 l\u2019ARH.<\/p>\n<p>Enfin la \u00ab mani\u00e8re de faire \u00bb r\u00e9pond \u00e0 l\u2019esprit dans lequel la tutelle envisage la coop\u00e9ration des acteurs de sant\u00e9 du territoire. La relation de confiance des \u00e9quipes de g\u00e9riatrie du CHU avec les Ehpad est construite depuis les premi\u00e8res tentatives pour organiser un acc\u00e8s simplifi\u00e9 des r\u00e9sidants au centre d\u2019\u00e9valuation g\u00e9rontologique, et les m\u00e9decins g\u00e9n\u00e9ralistes sont invit\u00e9s depuis 1990 \u00e0 l\u2019enseignement postuniversitaire. Cette connaissance des Ehpad et le respect des m\u00e9decins g\u00e9n\u00e9ralistes ont donn\u00e9 \u00e0 la tutelle des garanties de r\u00e9ussite et l\u2019assurance de ne pas heurter les m\u00e9decins coordonnateurs, les \u00e9quipes soignantes et les m\u00e9decins traitants des Ehpad.<\/p>\n<p>Aujourd\u2019hui, la tutelle r\u00e9gionale (direction de l\u2019organisation de l\u2019offre de sant\u00e9 et de l\u2019autonomie de l\u2019ARS) et l\u2019\u00e9quipe m\u00e9dico-administrative qui anime la fili\u00e8re g\u00e9riatrique du CHU sont associ\u00e9es et mobilis\u00e9es pour stabiliser le financement de l\u2019\u00e9quipe extra-hospitali\u00e8re et d\u00e9fendre l\u2019int\u00e9r\u00eat de l\u2019exp\u00e9rimentation devant la Direction g\u00e9n\u00e9rale de l\u2019offre de soins (DGOS).<\/p>\n<script>function PlayerjsAsync(){} if(window[\"Playerjs\"]){PlayerjsAsync();}<\/script>","protected":false},"excerpt":{"rendered":"<p><span class=\"span-reading-time rt-reading-time\" style=\"display: block;\"><span class=\"rt-label rt-prefix\">Temps de lecture\u00a0: <\/span> <span class=\"rt-time\"> 3<\/span> <span class=\"rt-label rt-postfix\">minutes<\/span><\/span>La notion d\u2019\u00e9quipe mobile de g\u00e9riatrie (EMG) \u00e9tait inscrite depuis 2002 dans les textes de programmation de l\u2019offre de sant\u00e9 (circulaire 2002-157 du 18 mars 2002) comme solution \u00e0 un dysfonctionnement qui affecte l\u2019\u00e9valuation des besoins et l\u2019orientation des personnes \u00e2g\u00e9es dans le syst\u00e8me de soins hospitalier. Mais pour que le texte s\u2019incarne dans un v\u00e9ritable projet, il a fallu qu\u2019il rencontre une volont\u00e9 locale conjointe de l\u2019inscrire dans la&hellip; <\/p>\n","protected":false},"author":1202,"featured_media":0,"comment_status":"open","ping_status":"open","sticky":false,"template":"","format":"standard","meta":{"_acf_changed":false,"_relevanssi_hide_post":"","_relevanssi_hide_content":"","_relevanssi_pin_for_all":"","_relevanssi_pin_keywords":"","_relevanssi_unpin_keywords":"","_relevanssi_related_keywords":"","_relevanssi_related_include_ids":"","_relevanssi_related_exclude_ids":"","_relevanssi_related_no_append":"","_relevanssi_related_not_related":"","_relevanssi_related_posts":"","_relevanssi_noindex_reason":"","footnotes":""},"categories":[26,2],"tags":[90,13,101,94,102,92,75,47,88,100,98,97,93,85,84,96,1396,91,89,36,86,95,87,42,99],"class_list":["post-15941","post","type-post","status-publish","format-standard","hentry","category-dossier","category-gestions-hospitalieres","tag-ambulatoire","tag-ars","tag-bilan","tag-centre-devaluation-gerontologique","tag-clic","tag-consultation-gerontologique","tag-dependance","tag-descriptif","tag-dispositif","tag-ehpad","tag-equipe-mobile-geriatrique-extra-hospitaliere","tag-equipe-mobile-geriatrique-intra-hospitaliere","tag-evaluation-gerontologique-standardisee","tag-experience","tag-filiere-geriatrique","tag-fonctionnement","tag-geriatrie","tag-hospitalisation","tag-maintien-a-domicile","tag-organisation","tag-personne-agee","tag-plate-forme-telephonique-geriatrique","tag-prise-en-charge","tag-role","tag-upcog"],"acf":[],"yoast_head":"<!-- This site is optimized with the Yoast SEO plugin v24.8.1 - https:\/\/yoast.com\/wordpress\/plugins\/seo\/ -->\n<title>Le liens avec la tutelle - Gestions hospitali\u00e8res<\/title>\n<meta name=\"robots\" content=\"index, follow, max-snippet:-1, max-image-preview:large, max-video-preview:-1\" \/>\n<link rel=\"canonical\" href=\"https:\/\/www.ricom-web8.com\/gestions\/le-liens-avec-la-tutelle-de-lequipe-mobile-de-geriatrie-du-chu-de-rouen\/\" \/>\n<meta property=\"og:locale\" content=\"fr_FR\" \/>\n<meta property=\"og:type\" content=\"article\" \/>\n<meta property=\"og:title\" content=\"Le liens avec la tutelle - Gestions hospitali\u00e8res\" \/>\n<meta property=\"og:description\" content=\"Temps de lecture\u00a0:  3 minutesLa notion d\u2019\u00e9quipe mobile de g\u00e9riatrie (EMG) \u00e9tait inscrite depuis 2002 dans les textes de programmation de l\u2019offre de sant\u00e9 (circulaire 2002-157 du 18 mars 2002) comme solution \u00e0 un dysfonctionnement qui affecte l\u2019\u00e9valuation des besoins et l\u2019orientation des personnes \u00e2g\u00e9es dans le syst\u00e8me de soins hospitalier. Mais pour que le texte s\u2019incarne dans un v\u00e9ritable projet, il a fallu qu\u2019il rencontre une volont\u00e9 locale conjointe de l\u2019inscrire dans la&hellip;\" \/>\n<meta property=\"og:url\" content=\"https:\/\/www.ricom-web8.com\/gestions\/le-liens-avec-la-tutelle-de-lequipe-mobile-de-geriatrie-du-chu-de-rouen\/\" \/>\n<meta property=\"og:site_name\" content=\"Gestions hospitali\u00e8res\" \/>\n<meta property=\"article:publisher\" content=\"https:\/\/www.facebook.com\/gestionshospitalieres\/\" \/>\n<meta property=\"article:published_time\" content=\"2011-03-31T22:00:00+00:00\" \/>\n<meta property=\"article:modified_time\" content=\"2018-03-09T10:11:15+00:00\" \/>\n<meta name=\"author\" content=\"yann Le Sager\" \/>\n<meta name=\"twitter:card\" content=\"summary_large_image\" \/>\n<meta name=\"twitter:creator\" content=\"@revue_GH\" \/>\n<meta name=\"twitter:site\" content=\"@revue_GH\" \/>\n<meta name=\"twitter:label1\" content=\"\u00c9crit par\" \/>\n\t<meta name=\"twitter:data1\" content=\"yann Le Sager\" \/>\n\t<meta name=\"twitter:label2\" content=\"Dur\u00e9e de lecture estim\u00e9e\" \/>\n\t<meta name=\"twitter:data2\" content=\"5 minutes\" \/>\n<script type=\"application\/ld+json\" class=\"yoast-schema-graph\">{\"@context\":\"https:\/\/schema.org\",\"@graph\":[{\"@type\":\"Article\",\"@id\":\"https:\/\/www.ricom-web8.com\/gestions\/le-liens-avec-la-tutelle-de-lequipe-mobile-de-geriatrie-du-chu-de-rouen\/#article\",\"isPartOf\":{\"@id\":\"https:\/\/www.ricom-web8.com\/gestions\/le-liens-avec-la-tutelle-de-lequipe-mobile-de-geriatrie-du-chu-de-rouen\/\"},\"author\":{\"name\":\"yann Le Sager\",\"@id\":\"https:\/\/www.ricom-web8.com\/gestions\/#\/schema\/person\/810c9671279c5f5a094f6f0a42237516\"},\"headline\":\"Le liens avec la tutelle\",\"datePublished\":\"2011-03-31T22:00:00+00:00\",\"dateModified\":\"2018-03-09T10:11:15+00:00\",\"mainEntityOfPage\":{\"@id\":\"https:\/\/www.ricom-web8.com\/gestions\/le-liens-avec-la-tutelle-de-lequipe-mobile-de-geriatrie-du-chu-de-rouen\/\"},\"wordCount\":965,\"commentCount\":0,\"publisher\":{\"@id\":\"https:\/\/www.ricom-web8.com\/gestions\/#organization\"},\"keywords\":[\"ambulatoire\",\"ARS\",\"Bilan\",\"centre d\u2019\u00e9valuation g\u00e9rontologique\",\"Clic\",\"consultation g\u00e9rontologique\",\"d\u00e9pendance\",\"descriptif\",\"dispositif\",\"Ehpad\",\"\u00e9quipe mobile g\u00e9riatrique extra-hospitali\u00e8re\",\"\u00e9quipe mobile g\u00e9riatrique intra-hospitali\u00e8re\",\"\u00e9valuation g\u00e9rontologique standardis\u00e9e\",\"exp\u00e9rience\",\"Fili\u00e8re g\u00e9riatrique\",\"fonctionnement\",\"g\u00e9riatrie\",\"hospitalisation\",\"maintien \u00e0 domicile\",\"organisation\",\"personne \u00e2g\u00e9e\",\"plate-forme t\u00e9l\u00e9phonique g\u00e9riatrique\",\"prise en charge\",\"r\u00f4le\",\"Upcog\"],\"articleSection\":[\"dossier\",\"Gestions Hospitali\u00e8res\"],\"inLanguage\":\"fr-FR\",\"potentialAction\":[{\"@type\":\"CommentAction\",\"name\":\"Comment\",\"target\":[\"https:\/\/www.ricom-web8.com\/gestions\/le-liens-avec-la-tutelle-de-lequipe-mobile-de-geriatrie-du-chu-de-rouen\/#respond\"]}]},{\"@type\":\"WebPage\",\"@id\":\"https:\/\/www.ricom-web8.com\/gestions\/le-liens-avec-la-tutelle-de-lequipe-mobile-de-geriatrie-du-chu-de-rouen\/\",\"url\":\"https:\/\/www.ricom-web8.com\/gestions\/le-liens-avec-la-tutelle-de-lequipe-mobile-de-geriatrie-du-chu-de-rouen\/\",\"name\":\"Le liens avec la tutelle - Gestions hospitali\u00e8res\",\"isPartOf\":{\"@id\":\"https:\/\/www.ricom-web8.com\/gestions\/#website\"},\"datePublished\":\"2011-03-31T22:00:00+00:00\",\"dateModified\":\"2018-03-09T10:11:15+00:00\",\"breadcrumb\":{\"@id\":\"https:\/\/www.ricom-web8.com\/gestions\/le-liens-avec-la-tutelle-de-lequipe-mobile-de-geriatrie-du-chu-de-rouen\/#breadcrumb\"},\"inLanguage\":\"fr-FR\",\"potentialAction\":[{\"@type\":\"ReadAction\",\"target\":[\"https:\/\/www.ricom-web8.com\/gestions\/le-liens-avec-la-tutelle-de-lequipe-mobile-de-geriatrie-du-chu-de-rouen\/\"]}]},{\"@type\":\"BreadcrumbList\",\"@id\":\"https:\/\/www.ricom-web8.com\/gestions\/le-liens-avec-la-tutelle-de-lequipe-mobile-de-geriatrie-du-chu-de-rouen\/#breadcrumb\",\"itemListElement\":[{\"@type\":\"ListItem\",\"position\":1,\"name\":\"Accueil\",\"item\":\"https:\/\/www.ricom-web8.com\/gestions\/\"},{\"@type\":\"ListItem\",\"position\":2,\"name\":\"Le liens avec la tutelle\"}]},{\"@type\":\"WebSite\",\"@id\":\"https:\/\/www.ricom-web8.com\/gestions\/#website\",\"url\":\"https:\/\/www.ricom-web8.com\/gestions\/\",\"name\":\"Gestions hospitali\u00e8res\",\"description\":\"la revue des d\u00e9cideurs hospitaliers\",\"publisher\":{\"@id\":\"https:\/\/www.ricom-web8.com\/gestions\/#organization\"},\"potentialAction\":[{\"@type\":\"SearchAction\",\"target\":{\"@type\":\"EntryPoint\",\"urlTemplate\":\"https:\/\/www.ricom-web8.com\/gestions\/?s={search_term_string}\"},\"query-input\":{\"@type\":\"PropertyValueSpecification\",\"valueRequired\":true,\"valueName\":\"search_term_string\"}}],\"inLanguage\":\"fr-FR\"},{\"@type\":\"Organization\",\"@id\":\"https:\/\/www.ricom-web8.com\/gestions\/#organization\",\"name\":\"Gestions hospitali\u00e8res\",\"url\":\"https:\/\/www.ricom-web8.com\/gestions\/\",\"logo\":{\"@type\":\"ImageObject\",\"inLanguage\":\"fr-FR\",\"@id\":\"https:\/\/www.ricom-web8.com\/gestions\/#\/schema\/logo\/image\/\",\"url\":\"https:\/\/gestions-hospitalieres.fr\/wp-content\/uploads\/2017\/02\/picto_Gif-GH-trans.png\",\"contentUrl\":\"https:\/\/gestions-hospitalieres.fr\/wp-content\/uploads\/2017\/02\/picto_Gif-GH-trans.png\",\"width\":512,\"height\":512,\"caption\":\"Gestions hospitali\u00e8res\"},\"image\":{\"@id\":\"https:\/\/www.ricom-web8.com\/gestions\/#\/schema\/logo\/image\/\"},\"sameAs\":[\"https:\/\/www.facebook.com\/gestionshospitalieres\/\",\"https:\/\/x.com\/revue_GH\",\"https:\/\/www.linkedin.com\/company\/gestions-hospitalieres?trk=top_nav_home\"]},{\"@type\":\"Person\",\"@id\":\"https:\/\/www.ricom-web8.com\/gestions\/#\/schema\/person\/810c9671279c5f5a094f6f0a42237516\",\"name\":\"yann Le Sager\",\"image\":{\"@type\":\"ImageObject\",\"inLanguage\":\"fr-FR\",\"@id\":\"https:\/\/www.ricom-web8.com\/gestions\/#\/schema\/person\/image\/\",\"url\":\"https:\/\/secure.gravatar.com\/avatar\/36112fa5997be9e3b9acb0c60a4a1075?s=96&d=mm&r=g\",\"contentUrl\":\"https:\/\/secure.gravatar.com\/avatar\/36112fa5997be9e3b9acb0c60a4a1075?s=96&d=mm&r=g\",\"caption\":\"yann Le Sager\"},\"url\":\"https:\/\/www.ricom-web8.com\/gestions\/author\/lesager-yannstudioricom-com\/\"}]}<\/script>\n<!-- \/ Yoast SEO plugin. -->","yoast_head_json":{"title":"Le liens avec la tutelle - Gestions hospitali\u00e8res","robots":{"index":"index","follow":"follow","max-snippet":"max-snippet:-1","max-image-preview":"max-image-preview:large","max-video-preview":"max-video-preview:-1"},"canonical":"https:\/\/www.ricom-web8.com\/gestions\/le-liens-avec-la-tutelle-de-lequipe-mobile-de-geriatrie-du-chu-de-rouen\/","og_locale":"fr_FR","og_type":"article","og_title":"Le liens avec la tutelle - Gestions hospitali\u00e8res","og_description":"Temps de lecture\u00a0:  3 minutesLa notion d\u2019\u00e9quipe mobile de g\u00e9riatrie (EMG) \u00e9tait inscrite depuis 2002 dans les textes de programmation de l\u2019offre de sant\u00e9 (circulaire 2002-157 du 18 mars 2002) comme solution \u00e0 un dysfonctionnement qui affecte l\u2019\u00e9valuation des besoins et l\u2019orientation des personnes \u00e2g\u00e9es dans le syst\u00e8me de soins hospitalier. Mais pour que le texte s\u2019incarne dans un v\u00e9ritable projet, il a fallu qu\u2019il rencontre une volont\u00e9 locale conjointe de l\u2019inscrire dans la&hellip;","og_url":"https:\/\/www.ricom-web8.com\/gestions\/le-liens-avec-la-tutelle-de-lequipe-mobile-de-geriatrie-du-chu-de-rouen\/","og_site_name":"Gestions hospitali\u00e8res","article_publisher":"https:\/\/www.facebook.com\/gestionshospitalieres\/","article_published_time":"2011-03-31T22:00:00+00:00","article_modified_time":"2018-03-09T10:11:15+00:00","author":"yann Le Sager","twitter_card":"summary_large_image","twitter_creator":"@revue_GH","twitter_site":"@revue_GH","twitter_misc":{"\u00c9crit par":"yann Le Sager","Dur\u00e9e de lecture estim\u00e9e":"5 minutes"},"schema":{"@context":"https:\/\/schema.org","@graph":[{"@type":"Article","@id":"https:\/\/www.ricom-web8.com\/gestions\/le-liens-avec-la-tutelle-de-lequipe-mobile-de-geriatrie-du-chu-de-rouen\/#article","isPartOf":{"@id":"https:\/\/www.ricom-web8.com\/gestions\/le-liens-avec-la-tutelle-de-lequipe-mobile-de-geriatrie-du-chu-de-rouen\/"},"author":{"name":"yann Le Sager","@id":"https:\/\/www.ricom-web8.com\/gestions\/#\/schema\/person\/810c9671279c5f5a094f6f0a42237516"},"headline":"Le liens avec la tutelle","datePublished":"2011-03-31T22:00:00+00:00","dateModified":"2018-03-09T10:11:15+00:00","mainEntityOfPage":{"@id":"https:\/\/www.ricom-web8.com\/gestions\/le-liens-avec-la-tutelle-de-lequipe-mobile-de-geriatrie-du-chu-de-rouen\/"},"wordCount":965,"commentCount":0,"publisher":{"@id":"https:\/\/www.ricom-web8.com\/gestions\/#organization"},"keywords":["ambulatoire","ARS","Bilan","centre d\u2019\u00e9valuation g\u00e9rontologique","Clic","consultation g\u00e9rontologique","d\u00e9pendance","descriptif","dispositif","Ehpad","\u00e9quipe mobile g\u00e9riatrique extra-hospitali\u00e8re","\u00e9quipe mobile g\u00e9riatrique intra-hospitali\u00e8re","\u00e9valuation g\u00e9rontologique standardis\u00e9e","exp\u00e9rience","Fili\u00e8re g\u00e9riatrique","fonctionnement","g\u00e9riatrie","hospitalisation","maintien \u00e0 domicile","organisation","personne \u00e2g\u00e9e","plate-forme t\u00e9l\u00e9phonique g\u00e9riatrique","prise en charge","r\u00f4le","Upcog"],"articleSection":["dossier","Gestions Hospitali\u00e8res"],"inLanguage":"fr-FR","potentialAction":[{"@type":"CommentAction","name":"Comment","target":["https:\/\/www.ricom-web8.com\/gestions\/le-liens-avec-la-tutelle-de-lequipe-mobile-de-geriatrie-du-chu-de-rouen\/#respond"]}]},{"@type":"WebPage","@id":"https:\/\/www.ricom-web8.com\/gestions\/le-liens-avec-la-tutelle-de-lequipe-mobile-de-geriatrie-du-chu-de-rouen\/","url":"https:\/\/www.ricom-web8.com\/gestions\/le-liens-avec-la-tutelle-de-lequipe-mobile-de-geriatrie-du-chu-de-rouen\/","name":"Le liens avec la tutelle - Gestions hospitali\u00e8res","isPartOf":{"@id":"https:\/\/www.ricom-web8.com\/gestions\/#website"},"datePublished":"2011-03-31T22:00:00+00:00","dateModified":"2018-03-09T10:11:15+00:00","breadcrumb":{"@id":"https:\/\/www.ricom-web8.com\/gestions\/le-liens-avec-la-tutelle-de-lequipe-mobile-de-geriatrie-du-chu-de-rouen\/#breadcrumb"},"inLanguage":"fr-FR","potentialAction":[{"@type":"ReadAction","target":["https:\/\/www.ricom-web8.com\/gestions\/le-liens-avec-la-tutelle-de-lequipe-mobile-de-geriatrie-du-chu-de-rouen\/"]}]},{"@type":"BreadcrumbList","@id":"https:\/\/www.ricom-web8.com\/gestions\/le-liens-avec-la-tutelle-de-lequipe-mobile-de-geriatrie-du-chu-de-rouen\/#breadcrumb","itemListElement":[{"@type":"ListItem","position":1,"name":"Accueil","item":"https:\/\/www.ricom-web8.com\/gestions\/"},{"@type":"ListItem","position":2,"name":"Le liens avec la tutelle"}]},{"@type":"WebSite","@id":"https:\/\/www.ricom-web8.com\/gestions\/#website","url":"https:\/\/www.ricom-web8.com\/gestions\/","name":"Gestions hospitali\u00e8res","description":"la revue des d\u00e9cideurs hospitaliers","publisher":{"@id":"https:\/\/www.ricom-web8.com\/gestions\/#organization"},"potentialAction":[{"@type":"SearchAction","target":{"@type":"EntryPoint","urlTemplate":"https:\/\/www.ricom-web8.com\/gestions\/?s={search_term_string}"},"query-input":{"@type":"PropertyValueSpecification","valueRequired":true,"valueName":"search_term_string"}}],"inLanguage":"fr-FR"},{"@type":"Organization","@id":"https:\/\/www.ricom-web8.com\/gestions\/#organization","name":"Gestions hospitali\u00e8res","url":"https:\/\/www.ricom-web8.com\/gestions\/","logo":{"@type":"ImageObject","inLanguage":"fr-FR","@id":"https:\/\/www.ricom-web8.com\/gestions\/#\/schema\/logo\/image\/","url":"https:\/\/gestions-hospitalieres.fr\/wp-content\/uploads\/2017\/02\/picto_Gif-GH-trans.png","contentUrl":"https:\/\/gestions-hospitalieres.fr\/wp-content\/uploads\/2017\/02\/picto_Gif-GH-trans.png","width":512,"height":512,"caption":"Gestions hospitali\u00e8res"},"image":{"@id":"https:\/\/www.ricom-web8.com\/gestions\/#\/schema\/logo\/image\/"},"sameAs":["https:\/\/www.facebook.com\/gestionshospitalieres\/","https:\/\/x.com\/revue_GH","https:\/\/www.linkedin.com\/company\/gestions-hospitalieres?trk=top_nav_home"]},{"@type":"Person","@id":"https:\/\/www.ricom-web8.com\/gestions\/#\/schema\/person\/810c9671279c5f5a094f6f0a42237516","name":"yann Le Sager","image":{"@type":"ImageObject","inLanguage":"fr-FR","@id":"https:\/\/www.ricom-web8.com\/gestions\/#\/schema\/person\/image\/","url":"https:\/\/secure.gravatar.com\/avatar\/36112fa5997be9e3b9acb0c60a4a1075?s=96&d=mm&r=g","contentUrl":"https:\/\/secure.gravatar.com\/avatar\/36112fa5997be9e3b9acb0c60a4a1075?s=96&d=mm&r=g","caption":"yann Le Sager"},"url":"https:\/\/www.ricom-web8.com\/gestions\/author\/lesager-yannstudioricom-com\/"}]}},"_links":{"self":[{"href":"https:\/\/www.ricom-web8.com\/gestions\/wp-json\/wp\/v2\/posts\/15941","targetHints":{"allow":["GET"]}}],"collection":[{"href":"https:\/\/www.ricom-web8.com\/gestions\/wp-json\/wp\/v2\/posts"}],"about":[{"href":"https:\/\/www.ricom-web8.com\/gestions\/wp-json\/wp\/v2\/types\/post"}],"author":[{"embeddable":true,"href":"https:\/\/www.ricom-web8.com\/gestions\/wp-json\/wp\/v2\/users\/1202"}],"replies":[{"embeddable":true,"href":"https:\/\/www.ricom-web8.com\/gestions\/wp-json\/wp\/v2\/comments?post=15941"}],"version-history":[{"count":0,"href":"https:\/\/www.ricom-web8.com\/gestions\/wp-json\/wp\/v2\/posts\/15941\/revisions"}],"wp:attachment":[{"href":"https:\/\/www.ricom-web8.com\/gestions\/wp-json\/wp\/v2\/media?parent=15941"}],"wp:term":[{"taxonomy":"category","embeddable":true,"href":"https:\/\/www.ricom-web8.com\/gestions\/wp-json\/wp\/v2\/categories?post=15941"},{"taxonomy":"post_tag","embeddable":true,"href":"https:\/\/www.ricom-web8.com\/gestions\/wp-json\/wp\/v2\/tags?post=15941"}],"curies":[{"name":"wp","href":"https:\/\/api.w.org\/{rel}","templated":true}]}}