

{"id":15960,"date":"2016-02-01T00:00:00","date_gmt":"2016-01-31T23:00:00","guid":{"rendered":"http:\/\/ricom-web.com\/gestions-hospitalieres\/les-12%e2%80%afheures\/"},"modified":"2018-03-06T17:26:27","modified_gmt":"2018-03-06T16:26:27","slug":"les-12%e2%80%afheures","status":"publish","type":"post","link":"https:\/\/www.ricom-web8.com\/gestions\/les-12%e2%80%afheures\/","title":{"rendered":"Les 12 heures"},"content":{"rendered":"<span class=\"span-reading-time rt-reading-time\" style=\"display: block;\"><span class=\"rt-label rt-prefix\">Temps de lecture\u00a0: <\/span> <span class=\"rt-time\"> 6<\/span> <span class=\"rt-label rt-postfix\">minutes<\/span><\/span><p>Les horaires en 12\u202fheures pour le personnel non m\u00e9dical, quasiment g\u00e9n\u00e9ralis\u00e9s dans les cliniques priv\u00e9es, se d\u00e9veloppent dans les h\u00f4pitaux fran\u00e7ais depuis une dizaine d\u2019ann\u00e9es. D\u2019apr\u00e8s l\u2019Agence technique de l\u2019information sur l\u2019hospitalisation (Atih), environ 10,5\u2009% des agents hospitaliers sont concern\u00e9s. Historiquement, ces horaires \u00e9taient implant\u00e9s essentiellement sur les urgences, la maternit\u00e9 et la r\u00e9animation. Ils sont aujourd\u2019hui pratiqu\u00e9s dans les services d\u2019hospitalisation, sur les plateaux techniques des \u00e9tablissements sanitaires mais aussi dans les services d\u2019h\u00e9bergement du secteur m\u00e9dico-social (\u00e9tablissements h\u00e9bergeant des personnes \u00e2g\u00e9es [Ehpad], maison d\u2019accueil sp\u00e9cialis\u00e9e, foyer d\u2019accueil m\u00e9dicalis\u00e9, etc.).<\/p>\n<p>Le d\u00e9veloppement des horaires en 12 heures est port\u00e9, d\u2019un c\u00f4t\u00e9 par les directions dans une logique \u00e9conomique, ces horaires permettant de r\u00e9duire <em>a priori<\/em> les co\u00fbts, de l\u2019autre par les agents (notamment les jeunes g\u00e9n\u00e9rations) car ils offrent davantage de journ\u00e9es libres et facilitent la vie personnelle.<\/p>\n<p>Cette organisation soul\u00e8ve de nombreux d\u00e9bats, le plus souvent tr\u00e8s id\u00e9ologiques et tr\u00e8s \u00ab\u2009clivants\u2009\u00bb, avec de nombreux <em>a priori<\/em> et des simplifications parfois outranci\u00e8res. Des d\u00e9bats qui visent en g\u00e9n\u00e9ral l\u2019impact sur la qualit\u00e9 de la prise en charge, la p\u00e9nibilit\u00e9, la sant\u00e9, le travail et l\u2019esprit d\u2019\u00e9quipe. Nombre d\u2019opposants attribuent aux horaires en 12\u202fheures des maux qui sont souvent communs \u00e0 tous les types d\u2019horaires et aux conditions de travail en g\u00e9n\u00e9ral dans les h\u00f4pitaux et le m\u00e9dico-social\u2009<sup class=\"appel\" data-toggle=\"modal\" data-target=\"#notes\">(1)<\/sup>.<\/p>\n<h1>Enqu\u00eate Adrhess<\/h1>\n<p>Au cours de l\u2019\u00e9t\u00e9 2014, l\u2019Association pour le d\u00e9veloppement des ressources humaines des \u00e9tablissements sanitaires et sociaux (Adrhess) r\u00e9alise une enqu\u00eate sur les horaires en 12\u202fheures aupr\u00e8s de 136 \u00e9tablissements.<\/p>\n<h2>\u00c9chantillon<\/h2>\n<ul>\n<li>8 centres hospitaliers universitaires (CHU)\/centres hospitaliers r\u00e9gionaux (CHR).<\/li>\n<li>45 centres hospitaliers (CH) de plus de 70\u202fmillions d\u2019euros de budget.<\/li>\n<li>37 CH entre 20 et 70\u202fmillions d\u2019euros de budget.<\/li>\n<li>17 \u00e9tablissements sous les 20\u202fmillions d\u2019euros de budget.<\/li>\n<li>22 CH sp\u00e9cialis\u00e9s (CHS).<\/li>\n<li>5\u00a0Ehpad.<\/li>\n<li>2 centres de lutte contre le cancer (CLCC).<\/li>\n<\/ul>\n<h2>Principaux r\u00e9sultats<\/h2>\n<ul>\n<li>71\u2009% des \u00e9tablissements disposent d\u2019horaires en 12\u202fheures, dont\u2009:<\/li>\n<\/ul>\n<p>&#8211; l\u2019int\u00e9gralit\u00e9 des CHU-CHR,<\/p>\n<p>&#8211; 98\u2009% des CH au budget sup\u00e9rieur \u00e0 70\u202fmillions d\u2019euros,<\/p>\n<p>&#8211; plus de 75\u2009% des CH au budget compris entre 20 et 70\u202fmillions d\u2019euros,<\/p>\n<p>&#8211; 36\u2009% des CH au budget de 20\u202fmillions d\u2019euros,<\/p>\n<p>&#8211; 32\u2009% des CHS.<\/p>\n<ul>\n<li>La proportion d\u2019agents en 12 heures reste faible, 51\u2009% des \u00e9tablissements concern\u00e9s recensant moins de 10\u2009% de leurs personnels non m\u00e9dicaux. \u00c0 noter que plus de 8\u2009% des structures en 12\u202fheures d\u00e9nombrent plus de 50\u2009% de leur effectif\u2009.<\/li>\n<li>Plus des trois quarts des \u00e9tablissements pass\u00e9s aux 12\u202fheures ont entrepris une \u00e9valuation de ce dispositif\u2009: satisfaction des agents concern\u00e9s \u00e0 85\u2009% et seulement 4\u2009% de personnels d\u00e9sireux de revenir au sch\u00e9ma ant\u00e9rieur d\u2019un fonctionnement en trois \u00e9quipes\u2009.<\/li>\n<li>Les repr\u00e9sentants du personnel ont \u00e9mis un accueil d\u00e9favorable dans 69\u2009% des cas, un taux qui chute \u00e0 25\u2009% lorsque les \u00e9quipes sont \u00e0 l\u2019origine du projet.<\/li>\n<li>Les directeurs des ressources humaines sollicit\u00e9s par l\u2019Adrhess sont \u00e0 54\u2009% partisans des 12\u202fheures, un taux qui grimpe \u00e0 69\u2009% chez ceux les ayant d\u00e9j\u00e0 mises en \u0153uvre, au contraire de ceux travaillant dans des h\u00f4pitaux sans 12\u202fheures, lesquels se d\u00e9clarent \u00ab\u2009int\u00e9gralement contre\u2009\u00bb leur mise en place.<\/li>\n<\/ul>\n<h1>Point juridique<\/h1>\n<h2>Article\u202f7 du d\u00e9cret du 4\u202fjanvier 2002, alin\u00e9a 1<\/h2>\n<p>\u00ab\u2009<em>En cas de travail continu, la dur\u00e9e quotidienne de travail ne peut exc\u00e9der 9 heures pour les \u00e9quipes de jour, 10\u202fheures pour les \u00e9quipes de nuit. Toutefois, lorsque les contraintes de continuit\u00e9 du service public l\u2019exigent en permanence, le chef d\u2019\u00e9tablissement peut, apr\u00e8s avis du comit\u00e9 technique d\u2019\u00e9tablissement ou du comit\u00e9 technique paritaire, d\u00e9roger \u00e0 la dur\u00e9e quotidienne du travail fix\u00e9e pour les agents en travail continu, sans que l\u2019amplitude de la journ\u00e9e de travail ne puisse d\u00e9passer 12 heures<\/em>.\u2009\u00bb<\/p>\n<h2>La jurisprudence<\/h2>\n<p>Un juge estime que \u00ab\u2009<em>le contexte de sous-effectif chronique dans le service justifie la contrainte de continuit\u00e9 du service public, mais il estime par ailleurs que les probl\u00e8mes de recrutement non d\u00e9montr\u00e9s ne permettent pas d\u2019autoriser les 12 heures<\/em>\u2009\u00bb. Un autre avance que \u00ab\u2009<em>les souhaits exprim\u00e9s par le personnel ne constituent pas un motif qui justifie la mise en \u0153uvre des 12 heures<\/em>\u2009\u00bb. Un autre encore rejette les arguments d\u2019une \u00ab\u2009<em>direction qui motive les 12 heures par l\u2019am\u00e9lioration de l\u2019attractivit\u00e9 du service ou l\u2019homog\u00e9n\u00e9isation du temps de travail<\/em>\u2009\u00bb.<\/p>\n<p>Une jurisprudence \u00ab\u2009<em>rejette les 12\u202fheures qui, pour r\u00e9aliser des transmissions, se sont transform\u00e9es en 12\u2009h\u200930<\/em>\u2009\u00bb.<\/p>\n<p>Des tribunaux \u00ab\u2009<em>ont d\u00e9clar\u00e9 ill\u00e9gale l\u2019organisation du travail en amplitudes de 12 heures si elle ne permet pas d\u2019assurer un temps de repos continu de 12\u202fheures minimum entre deux journ\u00e9es de travail\u2009; si elle ne permet pas de donner au moins un dimanche de repos tous les 15 jours\u2009; si cette organisation conduit \u00e0 travailler plus de 48\u202fheures sur 7 jours<\/em>\u2009\u00bb.<\/p>\n<p>Le 21\u202fd\u00e9cembre 2015, le tribunal administratif a condamn\u00e9 l\u2019h\u00f4pital de Tenon de l\u2019AP-HP pour ses horaires en 12 heures dans sa r\u00e9animation polyvalente, pr\u00e9cisant que cette organisation \u00ab\u2009<em>m\u00e9conna\u00eet les r\u00e8gles de droits relatives \u00e0 la dur\u00e9e du temps de travail des agents hospitaliers<\/em>\u2009\u00bb.<\/p>\n<p>La jurisprudence montre que la mise en place d\u2019horaires en 12 heures est facteur de risque juridique.<\/p>\n<h1>Discussion et d\u00e9bats<\/h1>\n<p>L\u2019impact sur la sant\u00e9 des travailleurs est contrast\u00e9\u2009: parmi les 27 \u00e9tudes reprises par Knauth, l\u2019une des revues de questions les plus document\u00e9es sur le sujet en 2007\u2009<sup class=\"appel\" data-toggle=\"modal\" data-target=\"#notes\">(2)<\/sup>, il ressort que le travail en 2\u2009x\u200912 a des effets favorables sur le bien-\u00eatre physique et physiologique des op\u00e9rateurs, sur la r\u00e9duction des troubles intestinaux mais aussi des effets b\u00e9n\u00e9fiques sur la sant\u00e9 mentale des programmeurs travaillant en horaires post\u00e9s (am\u00e9lioration de l\u2019humeur pendant le travail) et d\u2019une r\u00e9duction du sentiment de fatigue entre les p\u00e9riodes de travail. N\u00e9anmoins, la moiti\u00e9 des \u00e9tudes conclut \u00e0 des effets n\u00e9gatifs sur la sant\u00e9\u2009: \u00ab\u2009<em>Ces diff\u00e9rences proviennent essentiellement de l\u2019organisation de la vie sociofamiliale des personnes concern\u00e9es par ces horaires de travail<\/em>.\u2009\u00bb<\/p>\n<p>Sur un grand nombre de dimensions de la p\u00e9nibilit\u00e9, les horaires en 12\u202fheures agissent favorablement m\u00eame si, sur la fatigue et les risques en mati\u00e8re de vigilance en fin de poste, ils augmentent la p\u00e9nibilit\u00e9. \u00c0 chacun de voir si certains avantages en mati\u00e8re de p\u00e9nibilit\u00e9 viennent compenser les inconv\u00e9nients (<em>encadr\u00e9s\u20091 et<\/em> <em>2<\/em>).<\/p>\n<button data-toggle=\"collapse\" data-target=\"#5327\">encadr\u00e9 1<\/button><div id=\"5327\" class=\"encadre collapse\"><h1>encadr\u00e9 1<\/h1>\n<h2>Horaires en 12 heures<\/h2>\n<h3>Les avantages\u2026<\/h3>\n<ul>\n<li>Meilleure continuit\u00e9 des soins et meilleure relation soignant\/soign\u00e9 (les m\u00eames sur la journ\u00e9e).<\/li>\n<li>Plus grande autonomie dans l\u2019organisation du travail et des soins sur la dur\u00e9e du poste, d\u2019o\u00f9 un meilleur lissage de la charge de travail, avec moins de pression et de charge le matin et un report de certaines t\u00e2ches l\u2019apr\u00e8s-midi. Toutes les \u00e9tudes sur les risques psychosociaux montrent que l\u2019augmentation de l\u2019autonomie d\u2019un travailleur est un facteur protecteur.<\/li>\n<li>Temps de transmission en moins sur la p\u00e9riode de 24&nbsp;heures. Ce temps peut \u00eatre redistribu\u00e9 pour d\u00e9densifier le temps de travail et r\u00e9duire ainsi la p\u00e9nibilit\u00e9.<\/li>\n<li>R\u00e9duction de la p\u00e9nibilit\u00e9 des levers t\u00f4t (les horaires en 12&nbsp;heures d\u00e9marrent en g\u00e9n\u00e9ral entre 7\u2009h\u200930 et 8\u2009h\u200900) mais ce point d\u00e9pend des horaires mis en place.<\/li>\n<li>Trois jours travaill\u00e9s en moyenne par semaine, un jour travaill\u00e9 sur trois dans l\u2019ann\u00e9e (129 jours travaill\u00e9s\/an pour un repos variable en 1\u2009547&nbsp;heures, 122 nuits pour un agent de nuit en 1\u2009469 heures).<\/li>\n<li>Corollaire du point pr\u00e9c\u00e9dent\u2009: beaucoup plus de journ\u00e9es de r\u00e9cup\u00e9ration (77 de plus par rapport \u00e0 un repos variable en 7\u2009h\u200930) et des temps de repos souvent tr\u00e8s appr\u00e9ci\u00e9s par les personnels. Soit l\u2019agent travaille, soit il est en repos. La \u00ab\u2009double journ\u00e9e de la femme\u2009\u00bb, tr\u00e8s fr\u00e9quente avec les horaires courts, est ainsi \u00e9vit\u00e9e.<\/li>\n<li>Maximum de 1 week-end travaill\u00e9 sur 3 si, dans l\u2019organisation, il y a le m\u00eame nombre de postes les week-ends qu\u2019en semaine (et souvent moins si le nombre de postes de week-end est moins important qu\u2019en semaine). Idem pour les mercredis.<\/li>\n<li>D\u00e9parts en cong\u00e9s annuels facilit\u00e9s, notamment pour le week-end pr\u00e9c\u00e9dant le d\u00e9part (en lien avec le point pr\u00e9c\u00e9dent) sans grosse modification des cycles de travail.<\/li>\n<li>Possibilit\u00e9 de faire partir un tiers des agents en cong\u00e9s annuels sans d\u00e9grader l\u2019organisation alors que, avec des horaires courts, seuls 20\u2009% \u00e0 25\u2009% des agents peuvent partir.<\/li>\n<li>Vie professionnelle\/priv\u00e9e plus facile \u00e0 concilier\u2009: l\u2019agent peut s\u2019occuper des enfants le matin avant de partir et d\u00eener en famille en rentrant.<\/li>\n<li>Moins de d\u00e9placements, donc des \u00e9conomies.<\/li>\n<li>Plus grande facilit\u00e9 de remplacement et de rappel en cas d\u2019absence (mais attention \u00e0 ne pas faire travailler sur des s\u00e9quences de plus de trois jours d\u2019affil\u00e9e).<\/li>\n<li>Le personnel de nuit appr\u00e9cie de travailler sur des plages horaires avec les membres des \u00e9quipes de jour (si d\u00e9calage plus important), les m\u00e9decins et voir les patients le jour.<\/li>\n<\/ul>\n<\/div>\n<div class=\"c9e86cad-dc06-4e3b-ad8a-7427a10426b0\" style=\"display: none;\"><\/div>\n<button data-toggle=\"collapse\" data-target=\"#5328\">encadr\u00e9 2<\/button><div id=\"5328\" class=\"encadre collapse\"><h1>encadr\u00e9 2<\/h1>\n<h2>Horaires en 12 heures<\/h2>\n<h3>\u2026\u2009et les inconv\u00e9nients<\/h3>\n<ul>\n<li>Journ\u00e9es plus longues, donc plus fatigantes.<\/li>\n<li>Baisse de la vigilance, surtout les derni\u00e8res heures de travail ou la nuit, facteur de risque pour la personne prise en charge et pour le travailleur.<\/li>\n<li>Risque de moindre implication dans le travail (individus centr\u00e9s sur leur vie personnelle).<\/li>\n<li>Plus grande difficult\u00e9 \u00e0 travailler en \u00e9quipe. Ce point est souvent la cons\u00e9quence des cycles en \u00e9quipes et contre-\u00e9quipes\u2009: certaines personnes ne se rencontrent jamais ou tr\u00e8s rarement. Montage des cycles \u00e0 affiner.<\/li>\n<li>Probl\u00e8me de transmissions. Certains surmontent la difficult\u00e9 en passant en 12\u2009heures\u200915 ou 12\u2009heures\u200930 (ill\u00e9gal) ou en comptant 12\u2009heures et en faisant accepter au personnel de travailler en 12\u2009heures + heures suppl\u00e9mentaires (tout aussi ill\u00e9gal). Possibilit\u00e9 en revanche de faire des horaires d\u00e9cal\u00e9s pour obtenir un temps de chevauchement pour la transmission. N\u00e9cessit\u00e9 d\u2019un travail sp\u00e9cifique sur les m\u00e9thodes et l\u2019efficacit\u00e9 des transmissions.<\/li>\n<li>Plus grande difficult\u00e9 \u00e0 suivre la prise en charge sur plusieurs jours du fait du grand&nbsp; nombre des repos r\u00e9cup\u00e9rateurs, risque de \u00ab\u2009d\u00e9connexion\u2009\u00bb par rapport au travail, d\u2019o\u00f9 n\u00e9cessit\u00e9 de transmissions efficaces.<\/li>\n<li>Tout le monde n\u2019est pas capable de supporter et\/ou de s\u2019adapter \u00e0 des horaires en 12\u2009heures, d\u2019o\u00f9 n\u00e9cessit\u00e9 d\u2019avoir aussi des postes courts dans le service et\/ou l\u2019\u00e9tablissement.<\/li>\n<li>Pour le personnel de nuit\u2009:<\/li>\n<\/ul>\n<p>- allongement d\u2019horaires ayant d\u00e9j\u00e0 un niveau de p\u00e9nibilit\u00e9,<\/p>\n<p>- pas de d\u00eener ou de petit d\u00e9jeuner en famille,<\/p>\n<p>- travail en d\u00e9but ou fin de nuit sur des plages exigeant une plus forte charge de travail (bien r\u00e9partir les t\u00e2ches \u00e9quipes de jour\/\u00e9quipes de nuit),<\/p>\n<p>- temps de trajets en pics de circulation routi\u00e8re,<\/p>\n<p>- travail en fin de nuit nettement plus p\u00e9nible,<\/p>\n<p>- difficult\u00e9 \u00e0 se rendormir vers 8\u2009h\/9\u2009h du fait de la r\u00e9activation du syst\u00e8me nerveux central (rythme circadien).<\/p>\n<ul>\n<li>Gains r\u00e9alis\u00e9s par l\u2019\u00e9quipe de jour correspondant \u00e0 des pertes pour les \u00e9quipes de nuit.<\/li>\n<li>Si uniquement horaires en 12\u2009heures, risque de ne pas avoir un profil de pr\u00e9sence du personnel adapt\u00e9 \u00e0 la charge de travail (sur ou sous-effectif selon les plages horaires), d\u2019o\u00f9 n\u00e9cessit\u00e9 d\u2019avoir d\u2019autres formats horaires.<\/li>\n<li>Dans certains cas, les postes en 12\u2009heures alourdissent les co\u00fbts en personnel, par exemple si on passe de trois postes du matin et deux de soir \u00e0 trois postes en 12\u2009heures.<\/li>\n<\/ul>\n<\/div>\n<div class=\"017429de-a769-4fe1-9d14-53f4837f84f3\" style=\"display: none;\"><\/div>\n<p>D\u2019autre part et pour relativiser, travailler en 12\u202fheures sur 35\u202fheures (dans les faits encore moins dans la fonction publique hospitali\u00e8re o\u00f9 l\u2019on travaille bien en dessous de 1\u2009607\u202fheures) est nettement moins p\u00e9nible que travailler six\u00a0jours par semaine 8\u202fheures par jour, ce qui \u00e9tait encore le cas au d\u00e9but des ann\u00e9es 1970.<\/p>\n<p>Enfin, la dur\u00e9e d\u2019une journ\u00e9e de travail n\u2019est qu\u2019un des multiples facteurs qui contribuent \u00e0 la p\u00e9nibilit\u00e9 du travail.<\/p>\n<p>Se lever t\u00f4t \u00e0 5\u2009h du matin n\u2019est-il pas plus p\u00e9nible que de travailler 12\u202fheures\u2009? Peu d\u2019\u00e9tudes s\u2019int\u00e9ressent \u00e0 cette question.<\/p>\n<p>Concentrer le travail le matin, comme cela se fait dans de tr\u00e8s nombreux \u00e9tablissements, avec de fortes contraintes de temps, n\u2019est-il pas un facteur majeur de la p\u00e9nibilit\u00e9 au travail\u2009? Et plus encore quand on encha\u00eene \u00e0 la maison la \u00ab\u2009double journ\u00e9e de la femme\u2009\u00bb\u2009?<\/p>\n<p>Travailler en d\u00e9pendance organisationnelle (ne pas pouvoir programmer et anticiper son travail) n\u2019est-il pas l\u00e0 encore un facteur de p\u00e9nibilit\u00e9\u2009? En t\u00e9moigne le cas fr\u00e9quent des infirmi\u00e8res qui ne savent pas \u00e0 quel moment et pour quelle dur\u00e9e se d\u00e9rouleront les visites des m\u00e9decins, rendant impossible la moindre pause et g\u00e9n\u00e9rant de nombreuses heures suppl\u00e9mentaires quasi quotidiennes.<\/p>\n<p>\u00catre constamment interrompu dans ces t\u00e2ches appara\u00eet dans toutes les enqu\u00eates comme un autre facteur majeur de la d\u00e9gradation des conditions de travail. Or, certains \u00e9tablissements ont pour organisations des machines redoutables \u00e0 g\u00e9n\u00e9rer des interruptions de t\u00e2ches\u2026<\/p>\n<h1>Conseils pratiques<\/h1>\n<p>Principe fondamental\u2009: on n\u2019organise pas un service \u00e0 partir des horaires mais \u00e0 partir des contraintes de prise en charge des usagers et des volumes d\u2019activit\u00e9 \u00e0 g\u00e9rer selon les diff\u00e9rents temps de la journ\u00e9e ou de la semaine.<\/p>\n<p>Autre principe\u2009: il ne s\u2019agit pas de mettre en place uniquement des horaires en 12\u202fheures mais d\u2019avoir un profil de pr\u00e9sence du personnel le plus en ad\u00e9quation avec le profil d\u2019activit\u00e9 et de charge de travail. Ainsi, dans un service de m\u00e9decine ou de long s\u00e9jour, on a souvent besoin de davantage d\u2019aides-soignantes le matin\u2009: on combinera alors des horaires en 12\u202fheures et des horaires en 7\u202fheures, 6\u202fheures ou 5\u202fheures.<\/p>\n<p>Travailler sur l\u2019introduction de 12\u202fheures, c\u2019est retravailler l\u2019organisation du service. On n\u2019organise pas le travail avec des postes longs comme on l\u2019organise avec des postes courts.<\/p>\n<p>Il existe beaucoup de variantes aux postes uniquement en 12\u202fheures\u2009: postes courts en semaine et longs le week-end, deux postes en 12\u202fheures et les autres en horaire court, etc.<\/p>\n<p>Il est fondamental de proc\u00e9der \u00e0 un travail de concertation avec les \u00e9quipes lors de l\u2019introduction des horaires en 12\u202fheures, assortie de l\u2019adh\u00e9sion de tous. Il est \u00e9galement important de bien retravailler les organisations, les cycles (certains peuvent g\u00e9n\u00e9rer une forte p\u00e9nibilit\u00e9) et la gestion des plannings.<\/p>\n<p>Les postes longs, mais plus encore la possibilit\u00e9 d\u2019am\u00e9nager les temps de travail, et donc d\u2019avoir des postes ayant des formats de dur\u00e9es facilitant l\u2019ad\u00e9quation avec l\u2019activit\u00e9, sont des facteurs majeurs d\u2019efficience et d\u2019efficacit\u00e9 des organisations.<\/p>\n<p><strong>R\u00e9f\u00e9rences<\/strong><\/p>\n<p>J.-P. Danos, M. Garcia-Gil, D. Paris, C. Pinchon, L. Raoust, <em>N\u00e9gocier la RTT \u00e0 l\u2019h\u00f4pital<\/em>, Berger-Levrault, janvier 2002.<\/p>\n<p>J.-P. Danos, M. Garcia-Gil, <em>Guide pratique de la gestion du temps et des plannings \u00e0 l\u2019h\u00f4pital<\/em>, Les \u00c9tudes hospitali\u00e8res, 2012.<\/p>\n<p>J.-M. Barbot, J.-P. Danos, S. L\u00e9onforte, <em>Ren\u00e9gocier un accord sur le temps de travail \u00e0 l\u2019h\u00f4pital<\/em>, LEH, 2016 (\u00e0 para\u00eetre).<\/p>\n<p>M. P\u00e9pin, \u00ab\u2009Avantages et inconv\u00e9nients des postes en 12\u2009heures, \u00e9l\u00e9ments d\u2019appr\u00e9ciation de l\u2019organisation param\u00e9dicale\u2009\u00bb, ARS IDF.<\/p>\n<p>M. P\u00e9pin, \u00ab\u2009\u00c0 quelles conditions r\u00e9ussir une organisation soignante en postes de 12 heures\u2009?\u2009\u00bb, <em>Sant\u00e9 RH<\/em>, n\u00b0 45, d\u00e9cembre 2012.<\/p>\n<script>function PlayerjsAsync(){} if(window[\"Playerjs\"]){PlayerjsAsync();}<\/script>","protected":false},"excerpt":{"rendered":"<p>Quel bilan des pratiques actuelles en mati\u00e8re d\u2019horaires en 12\u202fheures pour le personnel non m\u00e9dical, comment sont-elles v\u00e9cues par les acteurs de terrain. Quels sont les probl\u00e8mes juridiques pos\u00e9s par ces horaires, les avantages et les inconv\u00e9nients de ces horaires\u2009? \u00c9tat des lieux d\u2019une nouvelle gestion du temps de travail.<\/p>\n","protected":false},"author":1202,"featured_media":0,"comment_status":"closed","ping_status":"open","sticky":false,"template":"","format":"standard","meta":{"_acf_changed":false,"_relevanssi_hide_post":"","_relevanssi_hide_content":"","_relevanssi_pin_for_all":"","_relevanssi_pin_keywords":"","_relevanssi_unpin_keywords":"","_relevanssi_related_keywords":"","_relevanssi_related_include_ids":"","_relevanssi_related_exclude_ids":"","_relevanssi_related_no_append":"","_relevanssi_related_not_related":"","_relevanssi_related_posts":"","_relevanssi_noindex_reason":"","footnotes":""},"categories":[26,2],"tags":[2270,156,1705,36,2256],"class_list":["post-15960","post","type-post","status-publish","format-standard","hentry","category-dossier","category-gestions-hospitalieres","tag-12-heures","tag-hopital","tag-medico-social","tag-organisation","tag-temps-de-travail"],"acf":[],"yoast_head":"<!-- This site is optimized with the Yoast SEO plugin v24.8.1 - https:\/\/yoast.com\/wordpress\/plugins\/seo\/ -->\n<title>Les 12 heures - Gestions hospitali\u00e8res<\/title>\n<meta name=\"robots\" content=\"index, follow, max-snippet:-1, max-image-preview:large, max-video-preview:-1\" \/>\n<link rel=\"canonical\" href=\"https:\/\/www.ricom-web8.com\/gestions\/les-12\u202fheures\/\" \/>\n<meta property=\"og:locale\" content=\"fr_FR\" \/>\n<meta property=\"og:type\" content=\"article\" \/>\n<meta property=\"og:title\" content=\"Les 12 heures - Gestions hospitali\u00e8res\" \/>\n<meta property=\"og:description\" content=\"Quel bilan des pratiques actuelles en mati\u00e8re d\u2019horaires en 12\u202fheures pour le personnel non m\u00e9dical, comment sont-elles v\u00e9cues par les acteurs de terrain. Quels sont les probl\u00e8mes juridiques pos\u00e9s par ces horaires, les avantages et les inconv\u00e9nients de ces horaires\u2009? \u00c9tat des lieux d\u2019une nouvelle gestion du temps de travail.\" \/>\n<meta property=\"og:url\" content=\"https:\/\/www.ricom-web8.com\/gestions\/les-12\u202fheures\/\" \/>\n<meta property=\"og:site_name\" content=\"Gestions hospitali\u00e8res\" \/>\n<meta property=\"article:publisher\" content=\"https:\/\/www.facebook.com\/gestionshospitalieres\/\" \/>\n<meta property=\"article:published_time\" content=\"2016-01-31T23:00:00+00:00\" \/>\n<meta property=\"article:modified_time\" content=\"2018-03-06T16:26:27+00:00\" \/>\n<meta name=\"author\" content=\"yann Le Sager\" \/>\n<meta name=\"twitter:card\" content=\"summary_large_image\" \/>\n<meta name=\"twitter:creator\" content=\"@revue_GH\" \/>\n<meta name=\"twitter:site\" content=\"@revue_GH\" \/>\n<meta name=\"twitter:label1\" content=\"\u00c9crit par\" \/>\n\t<meta name=\"twitter:data1\" content=\"yann Le Sager\" \/>\n\t<meta name=\"twitter:label2\" content=\"Dur\u00e9e de lecture estim\u00e9e\" \/>\n\t<meta name=\"twitter:data2\" content=\"9 minutes\" \/>\n<script type=\"application\/ld+json\" class=\"yoast-schema-graph\">{\"@context\":\"https:\/\/schema.org\",\"@graph\":[{\"@type\":\"Article\",\"@id\":\"https:\/\/www.ricom-web8.com\/gestions\/les-12%e2%80%afheures\/#article\",\"isPartOf\":{\"@id\":\"https:\/\/www.ricom-web8.com\/gestions\/les-12%e2%80%afheures\/\"},\"author\":{\"name\":\"yann Le Sager\",\"@id\":\"https:\/\/www.ricom-web8.com\/gestions\/#\/schema\/person\/810c9671279c5f5a094f6f0a42237516\"},\"headline\":\"Les 12 heures\",\"datePublished\":\"2016-01-31T23:00:00+00:00\",\"dateModified\":\"2018-03-06T16:26:27+00:00\",\"mainEntityOfPage\":{\"@id\":\"https:\/\/www.ricom-web8.com\/gestions\/les-12%e2%80%afheures\/\"},\"wordCount\":1770,\"publisher\":{\"@id\":\"https:\/\/www.ricom-web8.com\/gestions\/#organization\"},\"keywords\":[\"12 heures\",\"h\u00f4pital\",\"m\u00e9dico-social\",\"organisation\",\"temps de travail\"],\"articleSection\":[\"dossier\",\"Gestions Hospitali\u00e8res\"],\"inLanguage\":\"fr-FR\"},{\"@type\":\"WebPage\",\"@id\":\"https:\/\/www.ricom-web8.com\/gestions\/les-12%e2%80%afheures\/\",\"url\":\"https:\/\/www.ricom-web8.com\/gestions\/les-12%e2%80%afheures\/\",\"name\":\"Les 12 heures - Gestions hospitali\u00e8res\",\"isPartOf\":{\"@id\":\"https:\/\/www.ricom-web8.com\/gestions\/#website\"},\"datePublished\":\"2016-01-31T23:00:00+00:00\",\"dateModified\":\"2018-03-06T16:26:27+00:00\",\"breadcrumb\":{\"@id\":\"https:\/\/www.ricom-web8.com\/gestions\/les-12%e2%80%afheures\/#breadcrumb\"},\"inLanguage\":\"fr-FR\",\"potentialAction\":[{\"@type\":\"ReadAction\",\"target\":[\"https:\/\/www.ricom-web8.com\/gestions\/les-12%e2%80%afheures\/\"]}]},{\"@type\":\"BreadcrumbList\",\"@id\":\"https:\/\/www.ricom-web8.com\/gestions\/les-12%e2%80%afheures\/#breadcrumb\",\"itemListElement\":[{\"@type\":\"ListItem\",\"position\":1,\"name\":\"Accueil\",\"item\":\"https:\/\/www.ricom-web8.com\/gestions\/\"},{\"@type\":\"ListItem\",\"position\":2,\"name\":\"Les 12 heures\"}]},{\"@type\":\"WebSite\",\"@id\":\"https:\/\/www.ricom-web8.com\/gestions\/#website\",\"url\":\"https:\/\/www.ricom-web8.com\/gestions\/\",\"name\":\"Gestions hospitali\u00e8res\",\"description\":\"la revue des d\u00e9cideurs hospitaliers\",\"publisher\":{\"@id\":\"https:\/\/www.ricom-web8.com\/gestions\/#organization\"},\"potentialAction\":[{\"@type\":\"SearchAction\",\"target\":{\"@type\":\"EntryPoint\",\"urlTemplate\":\"https:\/\/www.ricom-web8.com\/gestions\/?s={search_term_string}\"},\"query-input\":{\"@type\":\"PropertyValueSpecification\",\"valueRequired\":true,\"valueName\":\"search_term_string\"}}],\"inLanguage\":\"fr-FR\"},{\"@type\":\"Organization\",\"@id\":\"https:\/\/www.ricom-web8.com\/gestions\/#organization\",\"name\":\"Gestions hospitali\u00e8res\",\"url\":\"https:\/\/www.ricom-web8.com\/gestions\/\",\"logo\":{\"@type\":\"ImageObject\",\"inLanguage\":\"fr-FR\",\"@id\":\"https:\/\/www.ricom-web8.com\/gestions\/#\/schema\/logo\/image\/\",\"url\":\"https:\/\/gestions-hospitalieres.fr\/wp-content\/uploads\/2017\/02\/picto_Gif-GH-trans.png\",\"contentUrl\":\"https:\/\/gestions-hospitalieres.fr\/wp-content\/uploads\/2017\/02\/picto_Gif-GH-trans.png\",\"width\":512,\"height\":512,\"caption\":\"Gestions hospitali\u00e8res\"},\"image\":{\"@id\":\"https:\/\/www.ricom-web8.com\/gestions\/#\/schema\/logo\/image\/\"},\"sameAs\":[\"https:\/\/www.facebook.com\/gestionshospitalieres\/\",\"https:\/\/x.com\/revue_GH\",\"https:\/\/www.linkedin.com\/company\/gestions-hospitalieres?trk=top_nav_home\"]},{\"@type\":\"Person\",\"@id\":\"https:\/\/www.ricom-web8.com\/gestions\/#\/schema\/person\/810c9671279c5f5a094f6f0a42237516\",\"name\":\"yann Le Sager\",\"image\":{\"@type\":\"ImageObject\",\"inLanguage\":\"fr-FR\",\"@id\":\"https:\/\/www.ricom-web8.com\/gestions\/#\/schema\/person\/image\/\",\"url\":\"https:\/\/secure.gravatar.com\/avatar\/36112fa5997be9e3b9acb0c60a4a1075?s=96&d=mm&r=g\",\"contentUrl\":\"https:\/\/secure.gravatar.com\/avatar\/36112fa5997be9e3b9acb0c60a4a1075?s=96&d=mm&r=g\",\"caption\":\"yann Le Sager\"},\"url\":\"https:\/\/www.ricom-web8.com\/gestions\/author\/lesager-yannstudioricom-com\/\"}]}<\/script>\n<!-- \/ Yoast SEO plugin. -->","yoast_head_json":{"title":"Les 12 heures - Gestions hospitali\u00e8res","robots":{"index":"index","follow":"follow","max-snippet":"max-snippet:-1","max-image-preview":"max-image-preview:large","max-video-preview":"max-video-preview:-1"},"canonical":"https:\/\/www.ricom-web8.com\/gestions\/les-12\u202fheures\/","og_locale":"fr_FR","og_type":"article","og_title":"Les 12 heures - Gestions hospitali\u00e8res","og_description":"Quel bilan des pratiques actuelles en mati\u00e8re d\u2019horaires en 12\u202fheures pour le personnel non m\u00e9dical, comment sont-elles v\u00e9cues par les acteurs de terrain. Quels sont les probl\u00e8mes juridiques pos\u00e9s par ces horaires, les avantages et les inconv\u00e9nients de ces horaires\u2009? \u00c9tat des lieux d\u2019une nouvelle gestion du temps de travail.","og_url":"https:\/\/www.ricom-web8.com\/gestions\/les-12\u202fheures\/","og_site_name":"Gestions hospitali\u00e8res","article_publisher":"https:\/\/www.facebook.com\/gestionshospitalieres\/","article_published_time":"2016-01-31T23:00:00+00:00","article_modified_time":"2018-03-06T16:26:27+00:00","author":"yann Le Sager","twitter_card":"summary_large_image","twitter_creator":"@revue_GH","twitter_site":"@revue_GH","twitter_misc":{"\u00c9crit par":"yann Le Sager","Dur\u00e9e de lecture estim\u00e9e":"9 minutes"},"schema":{"@context":"https:\/\/schema.org","@graph":[{"@type":"Article","@id":"https:\/\/www.ricom-web8.com\/gestions\/les-12%e2%80%afheures\/#article","isPartOf":{"@id":"https:\/\/www.ricom-web8.com\/gestions\/les-12%e2%80%afheures\/"},"author":{"name":"yann Le Sager","@id":"https:\/\/www.ricom-web8.com\/gestions\/#\/schema\/person\/810c9671279c5f5a094f6f0a42237516"},"headline":"Les 12 heures","datePublished":"2016-01-31T23:00:00+00:00","dateModified":"2018-03-06T16:26:27+00:00","mainEntityOfPage":{"@id":"https:\/\/www.ricom-web8.com\/gestions\/les-12%e2%80%afheures\/"},"wordCount":1770,"publisher":{"@id":"https:\/\/www.ricom-web8.com\/gestions\/#organization"},"keywords":["12 heures","h\u00f4pital","m\u00e9dico-social","organisation","temps de travail"],"articleSection":["dossier","Gestions Hospitali\u00e8res"],"inLanguage":"fr-FR"},{"@type":"WebPage","@id":"https:\/\/www.ricom-web8.com\/gestions\/les-12%e2%80%afheures\/","url":"https:\/\/www.ricom-web8.com\/gestions\/les-12%e2%80%afheures\/","name":"Les 12 heures - Gestions hospitali\u00e8res","isPartOf":{"@id":"https:\/\/www.ricom-web8.com\/gestions\/#website"},"datePublished":"2016-01-31T23:00:00+00:00","dateModified":"2018-03-06T16:26:27+00:00","breadcrumb":{"@id":"https:\/\/www.ricom-web8.com\/gestions\/les-12%e2%80%afheures\/#breadcrumb"},"inLanguage":"fr-FR","potentialAction":[{"@type":"ReadAction","target":["https:\/\/www.ricom-web8.com\/gestions\/les-12%e2%80%afheures\/"]}]},{"@type":"BreadcrumbList","@id":"https:\/\/www.ricom-web8.com\/gestions\/les-12%e2%80%afheures\/#breadcrumb","itemListElement":[{"@type":"ListItem","position":1,"name":"Accueil","item":"https:\/\/www.ricom-web8.com\/gestions\/"},{"@type":"ListItem","position":2,"name":"Les 12 heures"}]},{"@type":"WebSite","@id":"https:\/\/www.ricom-web8.com\/gestions\/#website","url":"https:\/\/www.ricom-web8.com\/gestions\/","name":"Gestions hospitali\u00e8res","description":"la revue des d\u00e9cideurs hospitaliers","publisher":{"@id":"https:\/\/www.ricom-web8.com\/gestions\/#organization"},"potentialAction":[{"@type":"SearchAction","target":{"@type":"EntryPoint","urlTemplate":"https:\/\/www.ricom-web8.com\/gestions\/?s={search_term_string}"},"query-input":{"@type":"PropertyValueSpecification","valueRequired":true,"valueName":"search_term_string"}}],"inLanguage":"fr-FR"},{"@type":"Organization","@id":"https:\/\/www.ricom-web8.com\/gestions\/#organization","name":"Gestions hospitali\u00e8res","url":"https:\/\/www.ricom-web8.com\/gestions\/","logo":{"@type":"ImageObject","inLanguage":"fr-FR","@id":"https:\/\/www.ricom-web8.com\/gestions\/#\/schema\/logo\/image\/","url":"https:\/\/gestions-hospitalieres.fr\/wp-content\/uploads\/2017\/02\/picto_Gif-GH-trans.png","contentUrl":"https:\/\/gestions-hospitalieres.fr\/wp-content\/uploads\/2017\/02\/picto_Gif-GH-trans.png","width":512,"height":512,"caption":"Gestions hospitali\u00e8res"},"image":{"@id":"https:\/\/www.ricom-web8.com\/gestions\/#\/schema\/logo\/image\/"},"sameAs":["https:\/\/www.facebook.com\/gestionshospitalieres\/","https:\/\/x.com\/revue_GH","https:\/\/www.linkedin.com\/company\/gestions-hospitalieres?trk=top_nav_home"]},{"@type":"Person","@id":"https:\/\/www.ricom-web8.com\/gestions\/#\/schema\/person\/810c9671279c5f5a094f6f0a42237516","name":"yann Le Sager","image":{"@type":"ImageObject","inLanguage":"fr-FR","@id":"https:\/\/www.ricom-web8.com\/gestions\/#\/schema\/person\/image\/","url":"https:\/\/secure.gravatar.com\/avatar\/36112fa5997be9e3b9acb0c60a4a1075?s=96&d=mm&r=g","contentUrl":"https:\/\/secure.gravatar.com\/avatar\/36112fa5997be9e3b9acb0c60a4a1075?s=96&d=mm&r=g","caption":"yann Le Sager"},"url":"https:\/\/www.ricom-web8.com\/gestions\/author\/lesager-yannstudioricom-com\/"}]}},"_links":{"self":[{"href":"https:\/\/www.ricom-web8.com\/gestions\/wp-json\/wp\/v2\/posts\/15960","targetHints":{"allow":["GET"]}}],"collection":[{"href":"https:\/\/www.ricom-web8.com\/gestions\/wp-json\/wp\/v2\/posts"}],"about":[{"href":"https:\/\/www.ricom-web8.com\/gestions\/wp-json\/wp\/v2\/types\/post"}],"author":[{"embeddable":true,"href":"https:\/\/www.ricom-web8.com\/gestions\/wp-json\/wp\/v2\/users\/1202"}],"replies":[{"embeddable":true,"href":"https:\/\/www.ricom-web8.com\/gestions\/wp-json\/wp\/v2\/comments?post=15960"}],"version-history":[{"count":0,"href":"https:\/\/www.ricom-web8.com\/gestions\/wp-json\/wp\/v2\/posts\/15960\/revisions"}],"wp:attachment":[{"href":"https:\/\/www.ricom-web8.com\/gestions\/wp-json\/wp\/v2\/media?parent=15960"}],"wp:term":[{"taxonomy":"category","embeddable":true,"href":"https:\/\/www.ricom-web8.com\/gestions\/wp-json\/wp\/v2\/categories?post=15960"},{"taxonomy":"post_tag","embeddable":true,"href":"https:\/\/www.ricom-web8.com\/gestions\/wp-json\/wp\/v2\/tags?post=15960"}],"curies":[{"name":"wp","href":"https:\/\/api.w.org\/{rel}","templated":true}]}}