

{"id":15972,"date":"2016-03-01T00:00:00","date_gmt":"2016-02-29T23:00:00","guid":{"rendered":"http:\/\/ricom-web.com\/gestions-hospitalieres\/la-gouvernance-du-ght\/"},"modified":"2018-03-06T17:16:28","modified_gmt":"2018-03-06T16:16:28","slug":"la-gouvernance-du-ght","status":"publish","type":"post","link":"https:\/\/www.ricom-web8.com\/gestions\/la-gouvernance-du-ght\/","title":{"rendered":"La gouvernance du GHT"},"content":{"rendered":"<span class=\"span-reading-time rt-reading-time\" style=\"display: block;\"><span class=\"rt-label rt-prefix\">Temps de lecture\u00a0: <\/span> <span class=\"rt-time\"> 2<\/span> <span class=\"rt-label rt-postfix\">minutes<\/span><\/span><h1>L\u2019originalit\u00e9, le pari contractuel<\/h1>\n<p>\u00c0 l\u2019instar de la premi\u00e8re g\u00e9n\u00e9ration de la coop\u00e9ration territoriale, la r\u00e9forme mise sur la capacit\u00e9 des acteurs locaux \u00e0 trouver des solutions communes par des relations de nature contractuelle et non hi\u00e9rarchique (maintien de l\u2019autonomie des \u00e9tablissements, liens de d\u00e9l\u00e9gation avec l\u2019\u00e9tablissement support, force de proposition du groupement). Mais ce pari contractuel (entre les \u00e9tablissements et entre le regroupement et l\u2019ARS) est encadr\u00e9 par l\u2019ampleur des transferts obligatoires de comp\u00e9tences, la capacit\u00e9 du directeur g\u00e9n\u00e9ral de l\u2019ARS, enfin, d\u2019imposer si n\u00e9cessaire le rythme d\u2019une politique nationale volontariste. La gouvernance va donc avoir un r\u00f4le cl\u00e9, mettant en synergie des acteurs et des collectivit\u00e9s multiples aux attentes diff\u00e9rentes, sur des contenus variables selon l\u2019\u00e9tat de l\u2019organisation de l\u2019offre, des finances hospitali\u00e8res et de l\u2019histoire de la coop\u00e9ration locale.<\/p>\n<h1>Deux m\u00e9canismes en mouvement<\/h1>\n<p>Cette construction du consensus est double :<\/p>\n<ul>\n<li>interhospitali\u00e8re (gouvernance horizontale) : \u00e9tape de l\u2019\u00e9laboration de la convention constitutive et du projet m\u00e9dical partag\u00e9 entre les professionnels en lien avec les \u00e9lus, les professionnels et les repr\u00e9sentants des usagers ;<\/li>\n<li>entre le groupement et l\u2019ARS (gouvernance verticale), sous la forme d\u2019un alignement strat\u00e9gique des d\u00e9cideurs ou groupe de d\u00e9cideurs (directeur g\u00e9n\u00e9ral d\u2019ARS, directeurs et pr\u00e9sidents de CME de l\u2019\u00e9tablissement r\u00e9f\u00e9rent et des principaux \u00e9tablissements, grands \u00e9lus) sur les choix majeurs (d\u00e9coupage des territoires, niveau des r\u00e9organisations, degr\u00e9 d\u2019int\u00e9gration).<\/li>\n<\/ul>\n<h1>Les modalit\u00e9s du \u00ab compromis \u00bb : quelques recommandations issues de l\u2019exp\u00e9rience<\/h1>\n<ul>\n<li>L\u2019organisation de la gouvernance, au-del\u00e0 des instances obligatoirement pr\u00e9vues par la loi et le d\u00e9cret d\u2019application, constituera une des premi\u00e8res t\u00e2ches du groupement (avant juillet prochain). Elle a une importance similaire \u00e0 la pr\u00e9paration du projet m\u00e9dical dans la mesure o\u00f9 elle met en place des m\u00e9canismes robustes de d\u00e9cision et une culture commune du GHT.<\/li>\n<li>La r\u00e9partition des r\u00f4les entre les acteurs n\u2019est pas pr\u00e9d\u00e9termin\u00e9e, \u00e0 l\u2019exception du directeur de l\u2019\u00e9tablissement support qui disposera d\u2019un v\u00e9ritable <em>leadership<\/em>. Chaque GHT d\u00e9finira ses organes et modalit\u00e9s de travail propres. Cette libert\u00e9 d\u2019organisation locale, sa pratique comme sa perception, serait un signe fort de confiance dans l\u2019initiative locale.<\/li>\n<li>Le rapprochement des points de vue entre les publics (professionnels, \u00e9lus, usagers, \u00c9tat) n\u00e9cessitera du temps et une bonne communication notamment \u00e0 l\u2019\u00e9gard des groupes, de fait, les plus \u00e9loign\u00e9s du processus d\u00e9cisionnel (repr\u00e9sentants du personnel non m\u00e9dical, des usagers). Cette convergence exclut donc la pr\u00e9cipitation et un processus \u00e0 sens unique du type <em>top down<\/em>, mais cela implique pour tous une forte capacit\u00e9 de proposition et de n\u00e9gociation.<\/li>\n<\/ul>\n<p>&nbsp;<\/p>\n<script>function PlayerjsAsync(){} if(window[\"Playerjs\"]){PlayerjsAsync();}<\/script>","protected":false},"excerpt":{"rendered":"<p><span class=\"span-reading-time rt-reading-time\" style=\"display: block;\"><span class=\"rt-label rt-prefix\">Temps de lecture\u00a0: <\/span> <span class=\"rt-time\"> 2<\/span> <span class=\"rt-label rt-postfix\">minutes<\/span><\/span>Le choix de cr\u00e9er un groupe hospitalier public non par fusion mais sous la forme de coordination donne \u00e0 la gouvernance du GHT toute son importance et sa complexit\u00e9.<\/p>\n","protected":false},"author":1202,"featured_media":0,"comment_status":"closed","ping_status":"open","sticky":false,"template":"","format":"standard","meta":{"_acf_changed":false,"_relevanssi_hide_post":"","_relevanssi_hide_content":"","_relevanssi_pin_for_all":"","_relevanssi_pin_keywords":"","_relevanssi_unpin_keywords":"","_relevanssi_related_keywords":"","_relevanssi_related_include_ids":"","_relevanssi_related_exclude_ids":"","_relevanssi_related_no_append":"","_relevanssi_related_not_related":"","_relevanssi_related_posts":"","_relevanssi_noindex_reason":"","footnotes":""},"categories":[26,2],"tags":[181,1809,2252,10,2253,9,883,1812],"class_list":["post-15972","post","type-post","status-publish","format-standard","hentry","category-dossier","category-gestions-hospitalieres","tag-france","tag-ght","tag-groupe-irch","tag-loi-hpst","tag-loi-notre","tag-offre-de-soins","tag-projet-medical","tag-territoire"],"acf":[],"yoast_head":"<!-- This site is optimized with the Yoast SEO plugin v24.8.1 - https:\/\/yoast.com\/wordpress\/plugins\/seo\/ -->\n<title>La gouvernance du GHT - Gestions hospitali\u00e8res<\/title>\n<meta name=\"robots\" content=\"index, follow, max-snippet:-1, max-image-preview:large, max-video-preview:-1\" \/>\n<link rel=\"canonical\" href=\"https:\/\/www.ricom-web8.com\/gestions\/la-gouvernance-du-ght\/\" \/>\n<meta property=\"og:locale\" content=\"fr_FR\" \/>\n<meta property=\"og:type\" content=\"article\" \/>\n<meta property=\"og:title\" content=\"La gouvernance du GHT - Gestions hospitali\u00e8res\" \/>\n<meta property=\"og:description\" content=\"Temps de lecture\u00a0:  2 minutesLe choix de cr\u00e9er un groupe hospitalier public non par fusion mais sous la forme de coordination donne \u00e0 la gouvernance du GHT toute son importance et sa complexit\u00e9.\" \/>\n<meta property=\"og:url\" content=\"https:\/\/www.ricom-web8.com\/gestions\/la-gouvernance-du-ght\/\" \/>\n<meta property=\"og:site_name\" content=\"Gestions hospitali\u00e8res\" \/>\n<meta property=\"article:publisher\" content=\"https:\/\/www.facebook.com\/gestionshospitalieres\/\" \/>\n<meta property=\"article:published_time\" content=\"2016-02-29T23:00:00+00:00\" \/>\n<meta property=\"article:modified_time\" content=\"2018-03-06T16:16:28+00:00\" \/>\n<meta name=\"author\" content=\"yann Le Sager\" \/>\n<meta name=\"twitter:card\" content=\"summary_large_image\" \/>\n<meta name=\"twitter:creator\" content=\"@revue_GH\" \/>\n<meta name=\"twitter:site\" content=\"@revue_GH\" \/>\n<meta name=\"twitter:label1\" content=\"\u00c9crit par\" \/>\n\t<meta name=\"twitter:data1\" content=\"yann Le Sager\" \/>\n\t<meta name=\"twitter:label2\" content=\"Dur\u00e9e de lecture estim\u00e9e\" \/>\n\t<meta name=\"twitter:data2\" content=\"2 minutes\" \/>\n<script type=\"application\/ld+json\" class=\"yoast-schema-graph\">{\"@context\":\"https:\/\/schema.org\",\"@graph\":[{\"@type\":\"Article\",\"@id\":\"https:\/\/www.ricom-web8.com\/gestions\/la-gouvernance-du-ght\/#article\",\"isPartOf\":{\"@id\":\"https:\/\/www.ricom-web8.com\/gestions\/la-gouvernance-du-ght\/\"},\"author\":{\"name\":\"yann Le Sager\",\"@id\":\"https:\/\/www.ricom-web8.com\/gestions\/#\/schema\/person\/810c9671279c5f5a094f6f0a42237516\"},\"headline\":\"La gouvernance du GHT\",\"datePublished\":\"2016-02-29T23:00:00+00:00\",\"dateModified\":\"2018-03-06T16:16:28+00:00\",\"mainEntityOfPage\":{\"@id\":\"https:\/\/www.ricom-web8.com\/gestions\/la-gouvernance-du-ght\/\"},\"wordCount\":489,\"publisher\":{\"@id\":\"https:\/\/www.ricom-web8.com\/gestions\/#organization\"},\"keywords\":[\"France\",\"GHT\",\"Groupe IRCH\",\"loi HPST\",\"loi Notre\",\"offre de soins\",\"projet m\u00e9dical\",\"territoire\"],\"articleSection\":[\"dossier\",\"Gestions Hospitali\u00e8res\"],\"inLanguage\":\"fr-FR\"},{\"@type\":\"WebPage\",\"@id\":\"https:\/\/www.ricom-web8.com\/gestions\/la-gouvernance-du-ght\/\",\"url\":\"https:\/\/www.ricom-web8.com\/gestions\/la-gouvernance-du-ght\/\",\"name\":\"La gouvernance du GHT - Gestions hospitali\u00e8res\",\"isPartOf\":{\"@id\":\"https:\/\/www.ricom-web8.com\/gestions\/#website\"},\"datePublished\":\"2016-02-29T23:00:00+00:00\",\"dateModified\":\"2018-03-06T16:16:28+00:00\",\"breadcrumb\":{\"@id\":\"https:\/\/www.ricom-web8.com\/gestions\/la-gouvernance-du-ght\/#breadcrumb\"},\"inLanguage\":\"fr-FR\",\"potentialAction\":[{\"@type\":\"ReadAction\",\"target\":[\"https:\/\/www.ricom-web8.com\/gestions\/la-gouvernance-du-ght\/\"]}]},{\"@type\":\"BreadcrumbList\",\"@id\":\"https:\/\/www.ricom-web8.com\/gestions\/la-gouvernance-du-ght\/#breadcrumb\",\"itemListElement\":[{\"@type\":\"ListItem\",\"position\":1,\"name\":\"Accueil\",\"item\":\"https:\/\/www.ricom-web8.com\/gestions\/\"},{\"@type\":\"ListItem\",\"position\":2,\"name\":\"La gouvernance du GHT\"}]},{\"@type\":\"WebSite\",\"@id\":\"https:\/\/www.ricom-web8.com\/gestions\/#website\",\"url\":\"https:\/\/www.ricom-web8.com\/gestions\/\",\"name\":\"Gestions hospitali\u00e8res\",\"description\":\"la revue des d\u00e9cideurs hospitaliers\",\"publisher\":{\"@id\":\"https:\/\/www.ricom-web8.com\/gestions\/#organization\"},\"potentialAction\":[{\"@type\":\"SearchAction\",\"target\":{\"@type\":\"EntryPoint\",\"urlTemplate\":\"https:\/\/www.ricom-web8.com\/gestions\/?s={search_term_string}\"},\"query-input\":{\"@type\":\"PropertyValueSpecification\",\"valueRequired\":true,\"valueName\":\"search_term_string\"}}],\"inLanguage\":\"fr-FR\"},{\"@type\":\"Organization\",\"@id\":\"https:\/\/www.ricom-web8.com\/gestions\/#organization\",\"name\":\"Gestions hospitali\u00e8res\",\"url\":\"https:\/\/www.ricom-web8.com\/gestions\/\",\"logo\":{\"@type\":\"ImageObject\",\"inLanguage\":\"fr-FR\",\"@id\":\"https:\/\/www.ricom-web8.com\/gestions\/#\/schema\/logo\/image\/\",\"url\":\"https:\/\/gestions-hospitalieres.fr\/wp-content\/uploads\/2017\/02\/picto_Gif-GH-trans.png\",\"contentUrl\":\"https:\/\/gestions-hospitalieres.fr\/wp-content\/uploads\/2017\/02\/picto_Gif-GH-trans.png\",\"width\":512,\"height\":512,\"caption\":\"Gestions hospitali\u00e8res\"},\"image\":{\"@id\":\"https:\/\/www.ricom-web8.com\/gestions\/#\/schema\/logo\/image\/\"},\"sameAs\":[\"https:\/\/www.facebook.com\/gestionshospitalieres\/\",\"https:\/\/x.com\/revue_GH\",\"https:\/\/www.linkedin.com\/company\/gestions-hospitalieres?trk=top_nav_home\"]},{\"@type\":\"Person\",\"@id\":\"https:\/\/www.ricom-web8.com\/gestions\/#\/schema\/person\/810c9671279c5f5a094f6f0a42237516\",\"name\":\"yann Le Sager\",\"image\":{\"@type\":\"ImageObject\",\"inLanguage\":\"fr-FR\",\"@id\":\"https:\/\/www.ricom-web8.com\/gestions\/#\/schema\/person\/image\/\",\"url\":\"https:\/\/secure.gravatar.com\/avatar\/36112fa5997be9e3b9acb0c60a4a1075?s=96&d=mm&r=g\",\"contentUrl\":\"https:\/\/secure.gravatar.com\/avatar\/36112fa5997be9e3b9acb0c60a4a1075?s=96&d=mm&r=g\",\"caption\":\"yann Le Sager\"},\"url\":\"https:\/\/www.ricom-web8.com\/gestions\/author\/lesager-yannstudioricom-com\/\"}]}<\/script>\n<!-- \/ Yoast SEO plugin. -->","yoast_head_json":{"title":"La gouvernance du GHT - Gestions hospitali\u00e8res","robots":{"index":"index","follow":"follow","max-snippet":"max-snippet:-1","max-image-preview":"max-image-preview:large","max-video-preview":"max-video-preview:-1"},"canonical":"https:\/\/www.ricom-web8.com\/gestions\/la-gouvernance-du-ght\/","og_locale":"fr_FR","og_type":"article","og_title":"La gouvernance du GHT - Gestions hospitali\u00e8res","og_description":"Temps de lecture\u00a0:  2 minutesLe choix de cr\u00e9er un groupe hospitalier public non par fusion mais sous la forme de coordination donne \u00e0 la gouvernance du GHT toute son importance et sa complexit\u00e9.","og_url":"https:\/\/www.ricom-web8.com\/gestions\/la-gouvernance-du-ght\/","og_site_name":"Gestions hospitali\u00e8res","article_publisher":"https:\/\/www.facebook.com\/gestionshospitalieres\/","article_published_time":"2016-02-29T23:00:00+00:00","article_modified_time":"2018-03-06T16:16:28+00:00","author":"yann Le Sager","twitter_card":"summary_large_image","twitter_creator":"@revue_GH","twitter_site":"@revue_GH","twitter_misc":{"\u00c9crit par":"yann Le Sager","Dur\u00e9e de lecture estim\u00e9e":"2 minutes"},"schema":{"@context":"https:\/\/schema.org","@graph":[{"@type":"Article","@id":"https:\/\/www.ricom-web8.com\/gestions\/la-gouvernance-du-ght\/#article","isPartOf":{"@id":"https:\/\/www.ricom-web8.com\/gestions\/la-gouvernance-du-ght\/"},"author":{"name":"yann Le Sager","@id":"https:\/\/www.ricom-web8.com\/gestions\/#\/schema\/person\/810c9671279c5f5a094f6f0a42237516"},"headline":"La gouvernance du GHT","datePublished":"2016-02-29T23:00:00+00:00","dateModified":"2018-03-06T16:16:28+00:00","mainEntityOfPage":{"@id":"https:\/\/www.ricom-web8.com\/gestions\/la-gouvernance-du-ght\/"},"wordCount":489,"publisher":{"@id":"https:\/\/www.ricom-web8.com\/gestions\/#organization"},"keywords":["France","GHT","Groupe IRCH","loi HPST","loi Notre","offre de soins","projet m\u00e9dical","territoire"],"articleSection":["dossier","Gestions Hospitali\u00e8res"],"inLanguage":"fr-FR"},{"@type":"WebPage","@id":"https:\/\/www.ricom-web8.com\/gestions\/la-gouvernance-du-ght\/","url":"https:\/\/www.ricom-web8.com\/gestions\/la-gouvernance-du-ght\/","name":"La gouvernance du GHT - Gestions hospitali\u00e8res","isPartOf":{"@id":"https:\/\/www.ricom-web8.com\/gestions\/#website"},"datePublished":"2016-02-29T23:00:00+00:00","dateModified":"2018-03-06T16:16:28+00:00","breadcrumb":{"@id":"https:\/\/www.ricom-web8.com\/gestions\/la-gouvernance-du-ght\/#breadcrumb"},"inLanguage":"fr-FR","potentialAction":[{"@type":"ReadAction","target":["https:\/\/www.ricom-web8.com\/gestions\/la-gouvernance-du-ght\/"]}]},{"@type":"BreadcrumbList","@id":"https:\/\/www.ricom-web8.com\/gestions\/la-gouvernance-du-ght\/#breadcrumb","itemListElement":[{"@type":"ListItem","position":1,"name":"Accueil","item":"https:\/\/www.ricom-web8.com\/gestions\/"},{"@type":"ListItem","position":2,"name":"La gouvernance du GHT"}]},{"@type":"WebSite","@id":"https:\/\/www.ricom-web8.com\/gestions\/#website","url":"https:\/\/www.ricom-web8.com\/gestions\/","name":"Gestions hospitali\u00e8res","description":"la revue des d\u00e9cideurs hospitaliers","publisher":{"@id":"https:\/\/www.ricom-web8.com\/gestions\/#organization"},"potentialAction":[{"@type":"SearchAction","target":{"@type":"EntryPoint","urlTemplate":"https:\/\/www.ricom-web8.com\/gestions\/?s={search_term_string}"},"query-input":{"@type":"PropertyValueSpecification","valueRequired":true,"valueName":"search_term_string"}}],"inLanguage":"fr-FR"},{"@type":"Organization","@id":"https:\/\/www.ricom-web8.com\/gestions\/#organization","name":"Gestions hospitali\u00e8res","url":"https:\/\/www.ricom-web8.com\/gestions\/","logo":{"@type":"ImageObject","inLanguage":"fr-FR","@id":"https:\/\/www.ricom-web8.com\/gestions\/#\/schema\/logo\/image\/","url":"https:\/\/gestions-hospitalieres.fr\/wp-content\/uploads\/2017\/02\/picto_Gif-GH-trans.png","contentUrl":"https:\/\/gestions-hospitalieres.fr\/wp-content\/uploads\/2017\/02\/picto_Gif-GH-trans.png","width":512,"height":512,"caption":"Gestions hospitali\u00e8res"},"image":{"@id":"https:\/\/www.ricom-web8.com\/gestions\/#\/schema\/logo\/image\/"},"sameAs":["https:\/\/www.facebook.com\/gestionshospitalieres\/","https:\/\/x.com\/revue_GH","https:\/\/www.linkedin.com\/company\/gestions-hospitalieres?trk=top_nav_home"]},{"@type":"Person","@id":"https:\/\/www.ricom-web8.com\/gestions\/#\/schema\/person\/810c9671279c5f5a094f6f0a42237516","name":"yann Le Sager","image":{"@type":"ImageObject","inLanguage":"fr-FR","@id":"https:\/\/www.ricom-web8.com\/gestions\/#\/schema\/person\/image\/","url":"https:\/\/secure.gravatar.com\/avatar\/36112fa5997be9e3b9acb0c60a4a1075?s=96&d=mm&r=g","contentUrl":"https:\/\/secure.gravatar.com\/avatar\/36112fa5997be9e3b9acb0c60a4a1075?s=96&d=mm&r=g","caption":"yann Le Sager"},"url":"https:\/\/www.ricom-web8.com\/gestions\/author\/lesager-yannstudioricom-com\/"}]}},"_links":{"self":[{"href":"https:\/\/www.ricom-web8.com\/gestions\/wp-json\/wp\/v2\/posts\/15972","targetHints":{"allow":["GET"]}}],"collection":[{"href":"https:\/\/www.ricom-web8.com\/gestions\/wp-json\/wp\/v2\/posts"}],"about":[{"href":"https:\/\/www.ricom-web8.com\/gestions\/wp-json\/wp\/v2\/types\/post"}],"author":[{"embeddable":true,"href":"https:\/\/www.ricom-web8.com\/gestions\/wp-json\/wp\/v2\/users\/1202"}],"replies":[{"embeddable":true,"href":"https:\/\/www.ricom-web8.com\/gestions\/wp-json\/wp\/v2\/comments?post=15972"}],"version-history":[{"count":0,"href":"https:\/\/www.ricom-web8.com\/gestions\/wp-json\/wp\/v2\/posts\/15972\/revisions"}],"wp:attachment":[{"href":"https:\/\/www.ricom-web8.com\/gestions\/wp-json\/wp\/v2\/media?parent=15972"}],"wp:term":[{"taxonomy":"category","embeddable":true,"href":"https:\/\/www.ricom-web8.com\/gestions\/wp-json\/wp\/v2\/categories?post=15972"},{"taxonomy":"post_tag","embeddable":true,"href":"https:\/\/www.ricom-web8.com\/gestions\/wp-json\/wp\/v2\/tags?post=15972"}],"curies":[{"name":"wp","href":"https:\/\/api.w.org\/{rel}","templated":true}]}}