

{"id":15973,"date":"2016-03-01T00:00:00","date_gmt":"2016-02-29T23:00:00","guid":{"rendered":"http:\/\/ricom-web.com\/gestions-hospitalieres\/lacceptabilite-societale-du-ght\/"},"modified":"2018-03-06T17:15:44","modified_gmt":"2018-03-06T16:15:44","slug":"lacceptabilite-societale-du-ght","status":"publish","type":"post","link":"https:\/\/www.ricom-web8.com\/gestions\/lacceptabilite-societale-du-ght\/","title":{"rendered":"L\u2019acceptabilit\u00e9 soci\u00e9tale du GHT"},"content":{"rendered":"<span class=\"span-reading-time rt-reading-time\" style=\"display: block;\"><span class=\"rt-label rt-prefix\">Temps de lecture\u00a0: <\/span> <span class=\"rt-time\"> 3<\/span> <span class=\"rt-label rt-postfix\">minutes<\/span><\/span><h1>Une strat\u00e9gie de communication<\/h1>\n<p>Une mobilisation citoyenne, syndicale, politique et m\u00e9diatique peut \u00eatre un v\u00e9ritable frein \u00e0 la r\u00e9alisation d\u2019un projet (exemple des CH de Carhaix, Millau-Sainte-Affrique\u2026), d\u2019o\u00f9 la n\u00e9cessit\u00e9 \u00ab\u2009d\u2019un dialogue p\u00e9dagogique et d\u2019une \u00e9coute r\u00e9flexive\u2009\u00bb avec les diff\u00e9rentes parties prenantes pour cr\u00e9er une confiance, apporter une r\u00e9elle compr\u00e9hension sur la r\u00e9ponse aux attentes et besoins de la population, voire \u00e9tablir une collaboration. Une strat\u00e9gie de communication (politique de communication interne et externe) doit donc \u00eatre d\u00e9finie par le d\u00e9veloppement d\u2019axes strat\u00e9giques prenant en compte l\u2019ensemble des populations cibles. Les m\u00e9dias, et notamment la presse r\u00e9gionale, jouent \u00e0 ce titre un r\u00f4le majeur d\u2019information et contribuent aupr\u00e8s des diff\u00e9rents publics \u00e0 l\u2019acceptation et la compr\u00e9hension d\u2019un regroupement hospitalier.<\/p>\n<h1>L\u2019importance de la temporalit\u00e9<\/h1>\n<p>Une restructuration hospitali\u00e8re doit prendre en compte la notion de temporalit\u00e9 identifi\u00e9e pour chaque \u00e9tape de regroupement hospitalier (du deuil \u00e0 l\u2019acceptation) avec adaptation du discours\u2009:<\/p>\n<ul>\n<li>la phase de diagnostic\u2009: face au constat d\u2019une situation qui ne peut se poursuivre pour des raisons de p\u00e9nurie m\u00e9dicale, de s\u00e9curit\u00e9, de qualit\u00e9 des soins, de difficult\u00e9s financi\u00e8res, de blocage institutionnel, des d\u00e9cisions sont prises tr\u00e8s souvent par l\u2019autorit\u00e9 de r\u00e9gulation. Lors de cette \u00e9tape, la communication d\u2019opposition est actionn\u00e9e en g\u00e9n\u00e9ral par les \u00e9lus locaux (pr\u00e9sident du conseil de surveillance, d\u00e9put\u00e9\u2026 ou par des organisations syndicales). La presse est l\u2019un de leurs leviers privil\u00e9gi\u00e9s pour informer le grand public et, en s\u2019appuyant sur leur connaissance du terrain et des acteurs, ils choisissent de mettre en lumi\u00e8re les difficult\u00e9s afin qu\u2019une solution soit trouv\u00e9e et ainsi faire adh\u00e9rer le personnel interne comme les professionnels ext\u00e9rieurs ou la population, \u00ab\u2009l\u2019opinion publique\u2009\u00bb. Le champ lexical utilis\u00e9 est tr\u00e8s n\u00e9gatif, d\u00e9faitiste, alarmant et une proposition de solution peut appara\u00eetre en fin d\u2019article\u2009;<\/li>\n<li>la phase de transition\u2009: cette phase peut \u00eatre scind\u00e9e en deux moments, une p\u00e9riode de refus, de contestation, et une p\u00e9riode de rencontre, d\u2019\u00e9tude, de proposition. Celle-ci doit permettre finalement de comprendre que le changement est n\u00e9cessaire afin de s\u2019inscrire dans une nouvelle perspective, phase d\u00e9terminante pour construire l\u2019avenir. Les r\u00e9actions de la communaut\u00e9 hospitali\u00e8re, de la population ou des \u00e9lus peuvent varier selon l\u2019environnement, la culture, l\u2019implication de chacun. Elles sont li\u00e9es \u00e0 la compr\u00e9hension de la situation, de la menace et la crainte ressenties par les publics\u2009;<\/li>\n<li>la phase d\u2019organisation\u2009: les rencontres avec des discours lucides, didactiques mais rassurants aupr\u00e8s des personnels, des journalistes\u2026 bas\u00e9s sur des explications tr\u00e8s p\u00e9dagogiques se multiplient en ne n\u00e9gligeant aucun acteur, li\u00e9 de loin ou de pr\u00e8s \u00e0 la sant\u00e9. Durant cette p\u00e9riode cruciale d\u2019organisation pour le d\u00e9nouement de l\u2019op\u00e9ration, les acteurs doivent compl\u00e8tement s\u2019investir, user de tous les strat\u00e8ges et stratag\u00e8mes pour parvenir au regroupement, trouver des alli\u00e9s et convaincre le plus grand nombre, \u00eatre pr\u00e9sents sur le terrain, \u00e0 la rencontre des diff\u00e9rentes cibles en apportant des r\u00e9ponses claires en fonction des attentes et leurs interrogations\u2009;<\/li>\n<li>la phase de l\u2019apr\u00e8s\u2009: le d\u00e9but de la nouvelle identit\u00e9, de la nouvelle structure reste une \u00e9tape difficile. Apr\u00e8s une p\u00e9riode de constat, compliqu\u00e9 \u00e0 vivre pour chacun, le moment de rupture plus ou moins long et violent, chacun est en attente de r\u00e9sultats et souhaiterait que l\u2019organisation planifi\u00e9e se mette en place rapidement, y compris dans les d\u00e9tails, et avec un succ\u00e8s imm\u00e9diat.<\/li>\n<\/ul>\n<p>La presse renforce et appuie le discours tenu au fil des phases, pouvant jouer un r\u00f4le majeur dans l\u2019acceptation par l\u2019opinion publique. Ce sont les acteurs (internes et externes) qui font aboutir ou \u00e9chouer le changement.<\/p>\n<h1>Analyse de la presse<\/h1>\n<p>Afin de mesurer ce r\u00f4le d\u2019amplificateur, de facilitateur, d\u2019instrumentalisation de la presse, une grille d\u2019\u00e9tude a \u00e9t\u00e9 cr\u00e9\u00e9e, combinant l\u2019analyse quantitative (nombre de retomb\u00e9es de presse, positionnement, relais sur les r\u00e9seaux sociaux) et l\u2019analyse qualitative (champ lexical du corpus, \u00abunivers s\u00e9mantique\u00bb, illustrations, titres\u2026) des communiqu\u00e9s de presse, dossiers de presse et articles presse en prenant en compte les \u00e9metteurs des messages (\u00e9lus, communaut\u00e9 m\u00e9dicale, repr\u00e9sentants du personnel, direction\u2026) (<em>tableaux\u00a01 et 2<\/em>). Cette \u00e9tude reste partielle et n\u00e9cessitera d\u2019\u00eatre d\u00e9velopp\u00e9e avec une analyse plus fine et plus compl\u00e8te en prenant en compte un \u00e9chantillon d\u2019articles plus cons\u00e9quent \u00e0 croiser avec les communiqu\u00e9s de presse et dossiers de presse r\u00e9dig\u00e9s par les \u00e9metteurs.<\/p>\n<button data-toggle=\"collapse\" data-target=\"#5300\">tableau 1<\/button><div id=\"5300\" class=\"encadre collapse\"><h1>tableau 1<\/h1>\n<h2>Grille d\u2019analyse de la presse<\/h2>\n<p><img decoding=\"async\" alt=\"Grille d\u2019analyse de la presse\" data-entity-type=\"file\" data-entity-uuid=\"9ac85bbf-76f1-4eeb-b8c0-fe3b9ff8207e\" src=\"https:\/\/gestions-hospitalieres.fr\/wp-content\/uploads\/ill_2016_137_6.png\" \/><\/p>\n<\/div>\n<div class=\"0eba7684-e4f5-4c17-955d-c31281827bab\" style=\"display: none;\"><\/div>\n<button data-toggle=\"collapse\" data-target=\"#5301\">tableau 2<\/button><div id=\"5301\" class=\"encadre collapse\"><h1>tableau 2<\/h1>\n<h2>Exemple d\u2019analyse<\/h2>\n<p><img decoding=\"async\" src=\"https:\/\/gestions-hospitalieres.fr\/wp-content\/uploads\/ill_2016_137_7.png\" alt=\"Exemple d\u2019analyse\" data-entity-type=\"file\" data-entity-uuid=\"128a217e-5a85-4dd6-9fc9-f6c4296d00bd\" \/><\/p>\n<\/div>\n<div class=\"e64f181d-06be-42bf-8f88-a70604ac5aac\" style=\"display: none;\"><\/div>\n<p>Une recherche parall\u00e8le concernera l\u2019audience ou le lectorat pour la presse et l\u2019analyse du communiqu\u00e9 de presse ou du dossier de presse diffus\u00e9s \u00e0 la presse.<\/p>\n<p>Cette analyse permet de r\u00e9pertorier sous formes d\u2019items\u2009:<\/p>\n<ul>\n<li>les attributs d\u2019\u00ab\u2009image\u2009\u00bb\u2009, c\u2019est-\u00e0-dire les qualificatifs \u00ab\u2009plus\u2009\u00bb ou \u00ab\u2009moins\u2009\u00bb qui constituent le \u00ab\u2009capital image\u2009\u00bb de l\u2019\u00e9metteur\u2009;<\/li>\n<li>l\u2019univers s\u00e9mantique\u2009: les \u00e9l\u00e9ments du langage, les sujets ou th\u00e9matiques trait\u00e9s de mani\u00e8re r\u00e9currente dans les m\u00e9dias\u2009:<\/li>\n<li>les valeurs v\u00e9hicul\u00e9es par l\u2019\u00e9metteur dans les m\u00e9dias.<\/li>\n<\/ul>\n<script>function PlayerjsAsync(){} if(window[\"Playerjs\"]){PlayerjsAsync();}<\/script>","protected":false},"excerpt":{"rendered":"<p>La notion d\u2019acceptabilit\u00e9 soci\u00e9tale fait r\u00e9f\u00e9rence \u00e0 la perception par les parties prenantes locales qu\u2019un projet est socialement acceptable ou l\u00e9gitime. Elle est un enjeu essentiel de la r\u00e9ussite des projets. En effet, l\u2019exp\u00e9rience montre qu\u2019obtenir l\u2019appui, le soutien, voire la collaboration des communaut\u00e9s (\u00e9lus, opinions publiques, m\u00e9dias\u2026) et des ressources (professionnels m\u00e9dicaux et non m\u00e9dicaux) est n\u00e9cessaire \u00e0 la r\u00e9ussite des grands projets.<\/p>\n","protected":false},"author":1202,"featured_media":0,"comment_status":"closed","ping_status":"open","sticky":false,"template":"","format":"standard","meta":{"_acf_changed":false,"_relevanssi_hide_post":"","_relevanssi_hide_content":"","_relevanssi_pin_for_all":"","_relevanssi_pin_keywords":"","_relevanssi_unpin_keywords":"","_relevanssi_related_keywords":"","_relevanssi_related_include_ids":"","_relevanssi_related_exclude_ids":"","_relevanssi_related_no_append":"","_relevanssi_related_not_related":"","_relevanssi_related_posts":"","_relevanssi_noindex_reason":"","footnotes":""},"categories":[26,2],"tags":[181,1809,2252,10,2253,9,883,1812],"class_list":["post-15973","post","type-post","status-publish","format-standard","hentry","category-dossier","category-gestions-hospitalieres","tag-france","tag-ght","tag-groupe-irch","tag-loi-hpst","tag-loi-notre","tag-offre-de-soins","tag-projet-medical","tag-territoire"],"acf":[],"yoast_head":"<!-- This site is optimized with the Yoast SEO plugin v24.8.1 - https:\/\/yoast.com\/wordpress\/plugins\/seo\/ -->\n<title>L\u2019acceptabilit\u00e9 soci\u00e9tale du GHT - Gestions hospitali\u00e8res<\/title>\n<meta name=\"robots\" content=\"index, follow, max-snippet:-1, max-image-preview:large, max-video-preview:-1\" \/>\n<link rel=\"canonical\" href=\"https:\/\/www.ricom-web8.com\/gestions\/lacceptabilite-societale-du-ght\/\" \/>\n<meta property=\"og:locale\" content=\"fr_FR\" \/>\n<meta property=\"og:type\" content=\"article\" \/>\n<meta property=\"og:title\" content=\"L\u2019acceptabilit\u00e9 soci\u00e9tale du GHT - Gestions hospitali\u00e8res\" \/>\n<meta property=\"og:description\" content=\"La notion d\u2019acceptabilit\u00e9 soci\u00e9tale fait r\u00e9f\u00e9rence \u00e0 la perception par les parties prenantes locales qu\u2019un projet est socialement acceptable ou l\u00e9gitime. Elle est un enjeu essentiel de la r\u00e9ussite des projets. En effet, l\u2019exp\u00e9rience montre qu\u2019obtenir l\u2019appui, le soutien, voire la collaboration des communaut\u00e9s (\u00e9lus, opinions publiques, m\u00e9dias\u2026) et des ressources (professionnels m\u00e9dicaux et non m\u00e9dicaux) est n\u00e9cessaire \u00e0 la r\u00e9ussite des grands projets.\" \/>\n<meta property=\"og:url\" content=\"https:\/\/www.ricom-web8.com\/gestions\/lacceptabilite-societale-du-ght\/\" \/>\n<meta property=\"og:site_name\" content=\"Gestions hospitali\u00e8res\" \/>\n<meta property=\"article:publisher\" content=\"https:\/\/www.facebook.com\/gestionshospitalieres\/\" \/>\n<meta property=\"article:published_time\" content=\"2016-02-29T23:00:00+00:00\" \/>\n<meta property=\"article:modified_time\" content=\"2018-03-06T16:15:44+00:00\" \/>\n<meta name=\"author\" content=\"yann Le Sager\" \/>\n<meta name=\"twitter:card\" content=\"summary_large_image\" \/>\n<meta name=\"twitter:creator\" content=\"@revue_GH\" \/>\n<meta name=\"twitter:site\" content=\"@revue_GH\" \/>\n<meta name=\"twitter:label1\" content=\"\u00c9crit par\" \/>\n\t<meta name=\"twitter:data1\" content=\"yann Le Sager\" \/>\n\t<meta name=\"twitter:label2\" content=\"Dur\u00e9e de lecture estim\u00e9e\" \/>\n\t<meta name=\"twitter:data2\" content=\"5 minutes\" \/>\n<script type=\"application\/ld+json\" class=\"yoast-schema-graph\">{\"@context\":\"https:\/\/schema.org\",\"@graph\":[{\"@type\":\"Article\",\"@id\":\"https:\/\/www.ricom-web8.com\/gestions\/lacceptabilite-societale-du-ght\/#article\",\"isPartOf\":{\"@id\":\"https:\/\/www.ricom-web8.com\/gestions\/lacceptabilite-societale-du-ght\/\"},\"author\":{\"name\":\"yann Le Sager\",\"@id\":\"https:\/\/www.ricom-web8.com\/gestions\/#\/schema\/person\/810c9671279c5f5a094f6f0a42237516\"},\"headline\":\"L\u2019acceptabilit\u00e9 soci\u00e9tale du GHT\",\"datePublished\":\"2016-02-29T23:00:00+00:00\",\"dateModified\":\"2018-03-06T16:15:44+00:00\",\"mainEntityOfPage\":{\"@id\":\"https:\/\/www.ricom-web8.com\/gestions\/lacceptabilite-societale-du-ght\/\"},\"wordCount\":926,\"publisher\":{\"@id\":\"https:\/\/www.ricom-web8.com\/gestions\/#organization\"},\"keywords\":[\"France\",\"GHT\",\"Groupe IRCH\",\"loi HPST\",\"loi Notre\",\"offre de soins\",\"projet m\u00e9dical\",\"territoire\"],\"articleSection\":[\"dossier\",\"Gestions Hospitali\u00e8res\"],\"inLanguage\":\"fr-FR\"},{\"@type\":\"WebPage\",\"@id\":\"https:\/\/www.ricom-web8.com\/gestions\/lacceptabilite-societale-du-ght\/\",\"url\":\"https:\/\/www.ricom-web8.com\/gestions\/lacceptabilite-societale-du-ght\/\",\"name\":\"L\u2019acceptabilit\u00e9 soci\u00e9tale du GHT - Gestions hospitali\u00e8res\",\"isPartOf\":{\"@id\":\"https:\/\/www.ricom-web8.com\/gestions\/#website\"},\"datePublished\":\"2016-02-29T23:00:00+00:00\",\"dateModified\":\"2018-03-06T16:15:44+00:00\",\"breadcrumb\":{\"@id\":\"https:\/\/www.ricom-web8.com\/gestions\/lacceptabilite-societale-du-ght\/#breadcrumb\"},\"inLanguage\":\"fr-FR\",\"potentialAction\":[{\"@type\":\"ReadAction\",\"target\":[\"https:\/\/www.ricom-web8.com\/gestions\/lacceptabilite-societale-du-ght\/\"]}]},{\"@type\":\"BreadcrumbList\",\"@id\":\"https:\/\/www.ricom-web8.com\/gestions\/lacceptabilite-societale-du-ght\/#breadcrumb\",\"itemListElement\":[{\"@type\":\"ListItem\",\"position\":1,\"name\":\"Accueil\",\"item\":\"https:\/\/www.ricom-web8.com\/gestions\/\"},{\"@type\":\"ListItem\",\"position\":2,\"name\":\"L\u2019acceptabilit\u00e9 soci\u00e9tale du GHT\"}]},{\"@type\":\"WebSite\",\"@id\":\"https:\/\/www.ricom-web8.com\/gestions\/#website\",\"url\":\"https:\/\/www.ricom-web8.com\/gestions\/\",\"name\":\"Gestions hospitali\u00e8res\",\"description\":\"la revue des d\u00e9cideurs hospitaliers\",\"publisher\":{\"@id\":\"https:\/\/www.ricom-web8.com\/gestions\/#organization\"},\"potentialAction\":[{\"@type\":\"SearchAction\",\"target\":{\"@type\":\"EntryPoint\",\"urlTemplate\":\"https:\/\/www.ricom-web8.com\/gestions\/?s={search_term_string}\"},\"query-input\":{\"@type\":\"PropertyValueSpecification\",\"valueRequired\":true,\"valueName\":\"search_term_string\"}}],\"inLanguage\":\"fr-FR\"},{\"@type\":\"Organization\",\"@id\":\"https:\/\/www.ricom-web8.com\/gestions\/#organization\",\"name\":\"Gestions hospitali\u00e8res\",\"url\":\"https:\/\/www.ricom-web8.com\/gestions\/\",\"logo\":{\"@type\":\"ImageObject\",\"inLanguage\":\"fr-FR\",\"@id\":\"https:\/\/www.ricom-web8.com\/gestions\/#\/schema\/logo\/image\/\",\"url\":\"https:\/\/gestions-hospitalieres.fr\/wp-content\/uploads\/2017\/02\/picto_Gif-GH-trans.png\",\"contentUrl\":\"https:\/\/gestions-hospitalieres.fr\/wp-content\/uploads\/2017\/02\/picto_Gif-GH-trans.png\",\"width\":512,\"height\":512,\"caption\":\"Gestions hospitali\u00e8res\"},\"image\":{\"@id\":\"https:\/\/www.ricom-web8.com\/gestions\/#\/schema\/logo\/image\/\"},\"sameAs\":[\"https:\/\/www.facebook.com\/gestionshospitalieres\/\",\"https:\/\/x.com\/revue_GH\",\"https:\/\/www.linkedin.com\/company\/gestions-hospitalieres?trk=top_nav_home\"]},{\"@type\":\"Person\",\"@id\":\"https:\/\/www.ricom-web8.com\/gestions\/#\/schema\/person\/810c9671279c5f5a094f6f0a42237516\",\"name\":\"yann Le Sager\",\"image\":{\"@type\":\"ImageObject\",\"inLanguage\":\"fr-FR\",\"@id\":\"https:\/\/www.ricom-web8.com\/gestions\/#\/schema\/person\/image\/\",\"url\":\"https:\/\/secure.gravatar.com\/avatar\/36112fa5997be9e3b9acb0c60a4a1075?s=96&d=mm&r=g\",\"contentUrl\":\"https:\/\/secure.gravatar.com\/avatar\/36112fa5997be9e3b9acb0c60a4a1075?s=96&d=mm&r=g\",\"caption\":\"yann Le Sager\"},\"url\":\"https:\/\/www.ricom-web8.com\/gestions\/author\/lesager-yannstudioricom-com\/\"}]}<\/script>\n<!-- \/ Yoast SEO plugin. -->","yoast_head_json":{"title":"L\u2019acceptabilit\u00e9 soci\u00e9tale du GHT - Gestions hospitali\u00e8res","robots":{"index":"index","follow":"follow","max-snippet":"max-snippet:-1","max-image-preview":"max-image-preview:large","max-video-preview":"max-video-preview:-1"},"canonical":"https:\/\/www.ricom-web8.com\/gestions\/lacceptabilite-societale-du-ght\/","og_locale":"fr_FR","og_type":"article","og_title":"L\u2019acceptabilit\u00e9 soci\u00e9tale du GHT - Gestions hospitali\u00e8res","og_description":"La notion d\u2019acceptabilit\u00e9 soci\u00e9tale fait r\u00e9f\u00e9rence \u00e0 la perception par les parties prenantes locales qu\u2019un projet est socialement acceptable ou l\u00e9gitime. Elle est un enjeu essentiel de la r\u00e9ussite des projets. En effet, l\u2019exp\u00e9rience montre qu\u2019obtenir l\u2019appui, le soutien, voire la collaboration des communaut\u00e9s (\u00e9lus, opinions publiques, m\u00e9dias\u2026) et des ressources (professionnels m\u00e9dicaux et non m\u00e9dicaux) est n\u00e9cessaire \u00e0 la r\u00e9ussite des grands projets.","og_url":"https:\/\/www.ricom-web8.com\/gestions\/lacceptabilite-societale-du-ght\/","og_site_name":"Gestions hospitali\u00e8res","article_publisher":"https:\/\/www.facebook.com\/gestionshospitalieres\/","article_published_time":"2016-02-29T23:00:00+00:00","article_modified_time":"2018-03-06T16:15:44+00:00","author":"yann Le Sager","twitter_card":"summary_large_image","twitter_creator":"@revue_GH","twitter_site":"@revue_GH","twitter_misc":{"\u00c9crit par":"yann Le Sager","Dur\u00e9e de lecture estim\u00e9e":"5 minutes"},"schema":{"@context":"https:\/\/schema.org","@graph":[{"@type":"Article","@id":"https:\/\/www.ricom-web8.com\/gestions\/lacceptabilite-societale-du-ght\/#article","isPartOf":{"@id":"https:\/\/www.ricom-web8.com\/gestions\/lacceptabilite-societale-du-ght\/"},"author":{"name":"yann Le Sager","@id":"https:\/\/www.ricom-web8.com\/gestions\/#\/schema\/person\/810c9671279c5f5a094f6f0a42237516"},"headline":"L\u2019acceptabilit\u00e9 soci\u00e9tale du GHT","datePublished":"2016-02-29T23:00:00+00:00","dateModified":"2018-03-06T16:15:44+00:00","mainEntityOfPage":{"@id":"https:\/\/www.ricom-web8.com\/gestions\/lacceptabilite-societale-du-ght\/"},"wordCount":926,"publisher":{"@id":"https:\/\/www.ricom-web8.com\/gestions\/#organization"},"keywords":["France","GHT","Groupe IRCH","loi HPST","loi Notre","offre de soins","projet m\u00e9dical","territoire"],"articleSection":["dossier","Gestions Hospitali\u00e8res"],"inLanguage":"fr-FR"},{"@type":"WebPage","@id":"https:\/\/www.ricom-web8.com\/gestions\/lacceptabilite-societale-du-ght\/","url":"https:\/\/www.ricom-web8.com\/gestions\/lacceptabilite-societale-du-ght\/","name":"L\u2019acceptabilit\u00e9 soci\u00e9tale du GHT - Gestions hospitali\u00e8res","isPartOf":{"@id":"https:\/\/www.ricom-web8.com\/gestions\/#website"},"datePublished":"2016-02-29T23:00:00+00:00","dateModified":"2018-03-06T16:15:44+00:00","breadcrumb":{"@id":"https:\/\/www.ricom-web8.com\/gestions\/lacceptabilite-societale-du-ght\/#breadcrumb"},"inLanguage":"fr-FR","potentialAction":[{"@type":"ReadAction","target":["https:\/\/www.ricom-web8.com\/gestions\/lacceptabilite-societale-du-ght\/"]}]},{"@type":"BreadcrumbList","@id":"https:\/\/www.ricom-web8.com\/gestions\/lacceptabilite-societale-du-ght\/#breadcrumb","itemListElement":[{"@type":"ListItem","position":1,"name":"Accueil","item":"https:\/\/www.ricom-web8.com\/gestions\/"},{"@type":"ListItem","position":2,"name":"L\u2019acceptabilit\u00e9 soci\u00e9tale du GHT"}]},{"@type":"WebSite","@id":"https:\/\/www.ricom-web8.com\/gestions\/#website","url":"https:\/\/www.ricom-web8.com\/gestions\/","name":"Gestions hospitali\u00e8res","description":"la revue des d\u00e9cideurs hospitaliers","publisher":{"@id":"https:\/\/www.ricom-web8.com\/gestions\/#organization"},"potentialAction":[{"@type":"SearchAction","target":{"@type":"EntryPoint","urlTemplate":"https:\/\/www.ricom-web8.com\/gestions\/?s={search_term_string}"},"query-input":{"@type":"PropertyValueSpecification","valueRequired":true,"valueName":"search_term_string"}}],"inLanguage":"fr-FR"},{"@type":"Organization","@id":"https:\/\/www.ricom-web8.com\/gestions\/#organization","name":"Gestions hospitali\u00e8res","url":"https:\/\/www.ricom-web8.com\/gestions\/","logo":{"@type":"ImageObject","inLanguage":"fr-FR","@id":"https:\/\/www.ricom-web8.com\/gestions\/#\/schema\/logo\/image\/","url":"https:\/\/gestions-hospitalieres.fr\/wp-content\/uploads\/2017\/02\/picto_Gif-GH-trans.png","contentUrl":"https:\/\/gestions-hospitalieres.fr\/wp-content\/uploads\/2017\/02\/picto_Gif-GH-trans.png","width":512,"height":512,"caption":"Gestions hospitali\u00e8res"},"image":{"@id":"https:\/\/www.ricom-web8.com\/gestions\/#\/schema\/logo\/image\/"},"sameAs":["https:\/\/www.facebook.com\/gestionshospitalieres\/","https:\/\/x.com\/revue_GH","https:\/\/www.linkedin.com\/company\/gestions-hospitalieres?trk=top_nav_home"]},{"@type":"Person","@id":"https:\/\/www.ricom-web8.com\/gestions\/#\/schema\/person\/810c9671279c5f5a094f6f0a42237516","name":"yann Le Sager","image":{"@type":"ImageObject","inLanguage":"fr-FR","@id":"https:\/\/www.ricom-web8.com\/gestions\/#\/schema\/person\/image\/","url":"https:\/\/secure.gravatar.com\/avatar\/36112fa5997be9e3b9acb0c60a4a1075?s=96&d=mm&r=g","contentUrl":"https:\/\/secure.gravatar.com\/avatar\/36112fa5997be9e3b9acb0c60a4a1075?s=96&d=mm&r=g","caption":"yann Le Sager"},"url":"https:\/\/www.ricom-web8.com\/gestions\/author\/lesager-yannstudioricom-com\/"}]}},"_links":{"self":[{"href":"https:\/\/www.ricom-web8.com\/gestions\/wp-json\/wp\/v2\/posts\/15973","targetHints":{"allow":["GET"]}}],"collection":[{"href":"https:\/\/www.ricom-web8.com\/gestions\/wp-json\/wp\/v2\/posts"}],"about":[{"href":"https:\/\/www.ricom-web8.com\/gestions\/wp-json\/wp\/v2\/types\/post"}],"author":[{"embeddable":true,"href":"https:\/\/www.ricom-web8.com\/gestions\/wp-json\/wp\/v2\/users\/1202"}],"replies":[{"embeddable":true,"href":"https:\/\/www.ricom-web8.com\/gestions\/wp-json\/wp\/v2\/comments?post=15973"}],"version-history":[{"count":0,"href":"https:\/\/www.ricom-web8.com\/gestions\/wp-json\/wp\/v2\/posts\/15973\/revisions"}],"wp:attachment":[{"href":"https:\/\/www.ricom-web8.com\/gestions\/wp-json\/wp\/v2\/media?parent=15973"}],"wp:term":[{"taxonomy":"category","embeddable":true,"href":"https:\/\/www.ricom-web8.com\/gestions\/wp-json\/wp\/v2\/categories?post=15973"},{"taxonomy":"post_tag","embeddable":true,"href":"https:\/\/www.ricom-web8.com\/gestions\/wp-json\/wp\/v2\/tags?post=15973"}],"curies":[{"name":"wp","href":"https:\/\/api.w.org\/{rel}","templated":true}]}}