

{"id":15974,"date":"2016-03-01T00:00:00","date_gmt":"2016-02-29T23:00:00","guid":{"rendered":"http:\/\/ricom-web.com\/gestions-hospitalieres\/levaluation-nationale-des-ght\/"},"modified":"2018-03-06T17:15:07","modified_gmt":"2018-03-06T16:15:07","slug":"levaluation-nationale-des-ght","status":"publish","type":"post","link":"https:\/\/www.ricom-web8.com\/gestions\/levaluation-nationale-des-ght\/","title":{"rendered":"L\u2019\u00e9valuation nationale des GHT"},"content":{"rendered":"<span class=\"span-reading-time rt-reading-time\" style=\"display: block;\"><span class=\"rt-label rt-prefix\">Temps de lecture\u00a0: <\/span> <span class=\"rt-time\"> &lt;\u00a01<\/span> <span class=\"rt-label rt-postfix\">minute<\/span><\/span><p>Cette instance \u00e9valuative devrait travailler en \u00e9troite collaboration avec l\u2019observatoire des recompositions plac\u00e9 au sein du bureau PF3 de la sous-direction de la performance \u00e0 la DGOS.<\/p>\n<p>Ce travail pourrait constituer un prolongement coh\u00e9rent du programme de recherches en cours, et notamment mettre en application ses m\u00e9thodes \u00e9valuatives.<\/p>\n<p>Ce nouveau programme de recherche pourrait se fixer comme objectif un rendu annuel sur l\u2019\u00e9tat d\u2019avancement de la r\u00e9forme, illustr\u00e9 de nombreuses cartographies et tableaux. Ce mat\u00e9riel serait mis \u00e0 la disposition de tous les acteurs. La m\u00eame \u00e9quipe de recherche pourrait aussi avoir vocation \u00e0 r\u00e9pondre aux sollicitations qui lui seraient faites ici et l\u00e0, par tel ou tel acteur, ARS ou \u00e9tablissement, pour analyser les r\u00e9sultats des GHT et venir ainsi en appui, par ses travaux d\u2019analyse, d\u2019une mission de soutien aux GHT qui serait form\u00e9e par le minist\u00e8re. Ces travaux auraient pour effet potentiel de stimuler le travail des acteurs attach\u00e9s \u00e0 la r\u00e9ussite de leur GHT, ils permettraient d\u2019ajuster \u00e9ventuellement les constructions et constitueraient un utile facteur de parangonnage pour d\u2019autres territoires.<\/p>\n<p>Sur le fond, la qualit\u00e9 du service m\u00e9dical rendu en proximit\u00e9 par le GHT devrait constituer le c\u0153ur du dispositif d\u2019\u00e9valuation. Ces r\u00e9sultats seraient en outre de nature \u00e0 rassurer la population sur la qualit\u00e9 de l\u2019offre et, en cons\u00e9quence, propices \u00e0 l\u2019adoption de comportements citoyens dans la consommation de soins.<\/p>\n<script>function PlayerjsAsync(){} if(window[\"Playerjs\"]){PlayerjsAsync();}<\/script>","protected":false},"excerpt":{"rendered":"<p><span class=\"span-reading-time rt-reading-time\" style=\"display: block;\"><span class=\"rt-label rt-prefix\">Temps de lecture\u00a0: <\/span> <span class=\"rt-time\"> &lt;\u00a01<\/span> <span class=\"rt-label rt-postfix\">minute<\/span><\/span>La r\u00e9ussite des GHT passera par leur suivi et les \u00e9changes d\u2019information entre eux au cours des prochaines ann\u00e9es. Il serait souhaitable qu\u2019un suivi \u00e9valuatif soit organis\u00e9 au niveau national. Un suivi \u00e9valuatif qui devrait \u00eatre confi\u00e9 \u00e0 une instance externe, ind\u00e9pendante, de recherche, qui analyserait scientifiquement les r\u00e9sultats des GHT, assurerait la diffusion des bonnes pratiques, partagerait les success stories, donnerait \u00e0 voir au pays la marche en avant de ce nouveau service public hospitalier.<\/p>\n","protected":false},"author":1202,"featured_media":0,"comment_status":"closed","ping_status":"open","sticky":false,"template":"","format":"standard","meta":{"_acf_changed":false,"_relevanssi_hide_post":"","_relevanssi_hide_content":"","_relevanssi_pin_for_all":"","_relevanssi_pin_keywords":"","_relevanssi_unpin_keywords":"","_relevanssi_related_keywords":"","_relevanssi_related_include_ids":"","_relevanssi_related_exclude_ids":"","_relevanssi_related_no_append":"","_relevanssi_related_not_related":"","_relevanssi_related_posts":"","_relevanssi_noindex_reason":"","footnotes":""},"categories":[26,2],"tags":[181,1809,2252,10,2253,9,883,1812],"class_list":["post-15974","post","type-post","status-publish","format-standard","hentry","category-dossier","category-gestions-hospitalieres","tag-france","tag-ght","tag-groupe-irch","tag-loi-hpst","tag-loi-notre","tag-offre-de-soins","tag-projet-medical","tag-territoire"],"acf":[],"yoast_head":"<!-- This site is optimized with the Yoast SEO plugin v24.8.1 - https:\/\/yoast.com\/wordpress\/plugins\/seo\/ -->\n<title>L\u2019\u00e9valuation nationale des GHT - Gestions hospitali\u00e8res<\/title>\n<meta name=\"robots\" content=\"index, follow, max-snippet:-1, max-image-preview:large, max-video-preview:-1\" \/>\n<link rel=\"canonical\" href=\"https:\/\/www.ricom-web8.com\/gestions\/levaluation-nationale-des-ght\/\" \/>\n<meta property=\"og:locale\" content=\"fr_FR\" \/>\n<meta property=\"og:type\" content=\"article\" \/>\n<meta property=\"og:title\" content=\"L\u2019\u00e9valuation nationale des GHT - Gestions hospitali\u00e8res\" \/>\n<meta property=\"og:description\" content=\"Temps de lecture\u00a0:  &lt;\u00a01 minuteLa r\u00e9ussite des GHT passera par leur suivi et les \u00e9changes d\u2019information entre eux au cours des prochaines ann\u00e9es. Il serait souhaitable qu\u2019un suivi \u00e9valuatif soit organis\u00e9 au niveau national. Un suivi \u00e9valuatif qui devrait \u00eatre confi\u00e9 \u00e0 une instance externe, ind\u00e9pendante, de recherche, qui analyserait scientifiquement les r\u00e9sultats des GHT, assurerait la diffusion des bonnes pratiques, partagerait les success stories, donnerait \u00e0 voir au pays la marche en avant de ce nouveau service public hospitalier.\" \/>\n<meta property=\"og:url\" content=\"https:\/\/www.ricom-web8.com\/gestions\/levaluation-nationale-des-ght\/\" \/>\n<meta property=\"og:site_name\" content=\"Gestions hospitali\u00e8res\" \/>\n<meta property=\"article:publisher\" content=\"https:\/\/www.facebook.com\/gestionshospitalieres\/\" \/>\n<meta property=\"article:published_time\" content=\"2016-02-29T23:00:00+00:00\" \/>\n<meta property=\"article:modified_time\" content=\"2018-03-06T16:15:07+00:00\" \/>\n<meta name=\"author\" content=\"yann Le Sager\" \/>\n<meta name=\"twitter:card\" content=\"summary_large_image\" \/>\n<meta name=\"twitter:creator\" content=\"@revue_GH\" \/>\n<meta name=\"twitter:site\" content=\"@revue_GH\" \/>\n<meta name=\"twitter:label1\" content=\"\u00c9crit par\" \/>\n\t<meta name=\"twitter:data1\" content=\"yann Le Sager\" \/>\n\t<meta name=\"twitter:label2\" content=\"Dur\u00e9e de lecture estim\u00e9e\" \/>\n\t<meta name=\"twitter:data2\" content=\"1 minute\" \/>\n<script type=\"application\/ld+json\" class=\"yoast-schema-graph\">{\"@context\":\"https:\/\/schema.org\",\"@graph\":[{\"@type\":\"Article\",\"@id\":\"https:\/\/www.ricom-web8.com\/gestions\/levaluation-nationale-des-ght\/#article\",\"isPartOf\":{\"@id\":\"https:\/\/www.ricom-web8.com\/gestions\/levaluation-nationale-des-ght\/\"},\"author\":{\"name\":\"yann Le Sager\",\"@id\":\"https:\/\/www.ricom-web8.com\/gestions\/#\/schema\/person\/810c9671279c5f5a094f6f0a42237516\"},\"headline\":\"L\u2019\u00e9valuation nationale des GHT\",\"datePublished\":\"2016-02-29T23:00:00+00:00\",\"dateModified\":\"2018-03-06T16:15:07+00:00\",\"mainEntityOfPage\":{\"@id\":\"https:\/\/www.ricom-web8.com\/gestions\/levaluation-nationale-des-ght\/\"},\"wordCount\":249,\"publisher\":{\"@id\":\"https:\/\/www.ricom-web8.com\/gestions\/#organization\"},\"keywords\":[\"France\",\"GHT\",\"Groupe IRCH\",\"loi HPST\",\"loi Notre\",\"offre de soins\",\"projet m\u00e9dical\",\"territoire\"],\"articleSection\":[\"dossier\",\"Gestions Hospitali\u00e8res\"],\"inLanguage\":\"fr-FR\"},{\"@type\":\"WebPage\",\"@id\":\"https:\/\/www.ricom-web8.com\/gestions\/levaluation-nationale-des-ght\/\",\"url\":\"https:\/\/www.ricom-web8.com\/gestions\/levaluation-nationale-des-ght\/\",\"name\":\"L\u2019\u00e9valuation nationale des GHT - Gestions hospitali\u00e8res\",\"isPartOf\":{\"@id\":\"https:\/\/www.ricom-web8.com\/gestions\/#website\"},\"datePublished\":\"2016-02-29T23:00:00+00:00\",\"dateModified\":\"2018-03-06T16:15:07+00:00\",\"breadcrumb\":{\"@id\":\"https:\/\/www.ricom-web8.com\/gestions\/levaluation-nationale-des-ght\/#breadcrumb\"},\"inLanguage\":\"fr-FR\",\"potentialAction\":[{\"@type\":\"ReadAction\",\"target\":[\"https:\/\/www.ricom-web8.com\/gestions\/levaluation-nationale-des-ght\/\"]}]},{\"@type\":\"BreadcrumbList\",\"@id\":\"https:\/\/www.ricom-web8.com\/gestions\/levaluation-nationale-des-ght\/#breadcrumb\",\"itemListElement\":[{\"@type\":\"ListItem\",\"position\":1,\"name\":\"Accueil\",\"item\":\"https:\/\/www.ricom-web8.com\/gestions\/\"},{\"@type\":\"ListItem\",\"position\":2,\"name\":\"L\u2019\u00e9valuation nationale des GHT\"}]},{\"@type\":\"WebSite\",\"@id\":\"https:\/\/www.ricom-web8.com\/gestions\/#website\",\"url\":\"https:\/\/www.ricom-web8.com\/gestions\/\",\"name\":\"Gestions hospitali\u00e8res\",\"description\":\"la revue des d\u00e9cideurs hospitaliers\",\"publisher\":{\"@id\":\"https:\/\/www.ricom-web8.com\/gestions\/#organization\"},\"potentialAction\":[{\"@type\":\"SearchAction\",\"target\":{\"@type\":\"EntryPoint\",\"urlTemplate\":\"https:\/\/www.ricom-web8.com\/gestions\/?s={search_term_string}\"},\"query-input\":{\"@type\":\"PropertyValueSpecification\",\"valueRequired\":true,\"valueName\":\"search_term_string\"}}],\"inLanguage\":\"fr-FR\"},{\"@type\":\"Organization\",\"@id\":\"https:\/\/www.ricom-web8.com\/gestions\/#organization\",\"name\":\"Gestions hospitali\u00e8res\",\"url\":\"https:\/\/www.ricom-web8.com\/gestions\/\",\"logo\":{\"@type\":\"ImageObject\",\"inLanguage\":\"fr-FR\",\"@id\":\"https:\/\/www.ricom-web8.com\/gestions\/#\/schema\/logo\/image\/\",\"url\":\"https:\/\/gestions-hospitalieres.fr\/wp-content\/uploads\/2017\/02\/picto_Gif-GH-trans.png\",\"contentUrl\":\"https:\/\/gestions-hospitalieres.fr\/wp-content\/uploads\/2017\/02\/picto_Gif-GH-trans.png\",\"width\":512,\"height\":512,\"caption\":\"Gestions hospitali\u00e8res\"},\"image\":{\"@id\":\"https:\/\/www.ricom-web8.com\/gestions\/#\/schema\/logo\/image\/\"},\"sameAs\":[\"https:\/\/www.facebook.com\/gestionshospitalieres\/\",\"https:\/\/x.com\/revue_GH\",\"https:\/\/www.linkedin.com\/company\/gestions-hospitalieres?trk=top_nav_home\"]},{\"@type\":\"Person\",\"@id\":\"https:\/\/www.ricom-web8.com\/gestions\/#\/schema\/person\/810c9671279c5f5a094f6f0a42237516\",\"name\":\"yann Le Sager\",\"image\":{\"@type\":\"ImageObject\",\"inLanguage\":\"fr-FR\",\"@id\":\"https:\/\/www.ricom-web8.com\/gestions\/#\/schema\/person\/image\/\",\"url\":\"https:\/\/secure.gravatar.com\/avatar\/36112fa5997be9e3b9acb0c60a4a1075?s=96&d=mm&r=g\",\"contentUrl\":\"https:\/\/secure.gravatar.com\/avatar\/36112fa5997be9e3b9acb0c60a4a1075?s=96&d=mm&r=g\",\"caption\":\"yann Le Sager\"},\"url\":\"https:\/\/www.ricom-web8.com\/gestions\/author\/lesager-yannstudioricom-com\/\"}]}<\/script>\n<!-- \/ Yoast SEO plugin. -->","yoast_head_json":{"title":"L\u2019\u00e9valuation nationale des GHT - Gestions hospitali\u00e8res","robots":{"index":"index","follow":"follow","max-snippet":"max-snippet:-1","max-image-preview":"max-image-preview:large","max-video-preview":"max-video-preview:-1"},"canonical":"https:\/\/www.ricom-web8.com\/gestions\/levaluation-nationale-des-ght\/","og_locale":"fr_FR","og_type":"article","og_title":"L\u2019\u00e9valuation nationale des GHT - Gestions hospitali\u00e8res","og_description":"Temps de lecture\u00a0:  &lt;\u00a01 minuteLa r\u00e9ussite des GHT passera par leur suivi et les \u00e9changes d\u2019information entre eux au cours des prochaines ann\u00e9es. Il serait souhaitable qu\u2019un suivi \u00e9valuatif soit organis\u00e9 au niveau national. Un suivi \u00e9valuatif qui devrait \u00eatre confi\u00e9 \u00e0 une instance externe, ind\u00e9pendante, de recherche, qui analyserait scientifiquement les r\u00e9sultats des GHT, assurerait la diffusion des bonnes pratiques, partagerait les success stories, donnerait \u00e0 voir au pays la marche en avant de ce nouveau service public hospitalier.","og_url":"https:\/\/www.ricom-web8.com\/gestions\/levaluation-nationale-des-ght\/","og_site_name":"Gestions hospitali\u00e8res","article_publisher":"https:\/\/www.facebook.com\/gestionshospitalieres\/","article_published_time":"2016-02-29T23:00:00+00:00","article_modified_time":"2018-03-06T16:15:07+00:00","author":"yann Le Sager","twitter_card":"summary_large_image","twitter_creator":"@revue_GH","twitter_site":"@revue_GH","twitter_misc":{"\u00c9crit par":"yann Le Sager","Dur\u00e9e de lecture estim\u00e9e":"1 minute"},"schema":{"@context":"https:\/\/schema.org","@graph":[{"@type":"Article","@id":"https:\/\/www.ricom-web8.com\/gestions\/levaluation-nationale-des-ght\/#article","isPartOf":{"@id":"https:\/\/www.ricom-web8.com\/gestions\/levaluation-nationale-des-ght\/"},"author":{"name":"yann Le Sager","@id":"https:\/\/www.ricom-web8.com\/gestions\/#\/schema\/person\/810c9671279c5f5a094f6f0a42237516"},"headline":"L\u2019\u00e9valuation nationale des GHT","datePublished":"2016-02-29T23:00:00+00:00","dateModified":"2018-03-06T16:15:07+00:00","mainEntityOfPage":{"@id":"https:\/\/www.ricom-web8.com\/gestions\/levaluation-nationale-des-ght\/"},"wordCount":249,"publisher":{"@id":"https:\/\/www.ricom-web8.com\/gestions\/#organization"},"keywords":["France","GHT","Groupe IRCH","loi HPST","loi Notre","offre de soins","projet m\u00e9dical","territoire"],"articleSection":["dossier","Gestions Hospitali\u00e8res"],"inLanguage":"fr-FR"},{"@type":"WebPage","@id":"https:\/\/www.ricom-web8.com\/gestions\/levaluation-nationale-des-ght\/","url":"https:\/\/www.ricom-web8.com\/gestions\/levaluation-nationale-des-ght\/","name":"L\u2019\u00e9valuation nationale des GHT - Gestions hospitali\u00e8res","isPartOf":{"@id":"https:\/\/www.ricom-web8.com\/gestions\/#website"},"datePublished":"2016-02-29T23:00:00+00:00","dateModified":"2018-03-06T16:15:07+00:00","breadcrumb":{"@id":"https:\/\/www.ricom-web8.com\/gestions\/levaluation-nationale-des-ght\/#breadcrumb"},"inLanguage":"fr-FR","potentialAction":[{"@type":"ReadAction","target":["https:\/\/www.ricom-web8.com\/gestions\/levaluation-nationale-des-ght\/"]}]},{"@type":"BreadcrumbList","@id":"https:\/\/www.ricom-web8.com\/gestions\/levaluation-nationale-des-ght\/#breadcrumb","itemListElement":[{"@type":"ListItem","position":1,"name":"Accueil","item":"https:\/\/www.ricom-web8.com\/gestions\/"},{"@type":"ListItem","position":2,"name":"L\u2019\u00e9valuation nationale des GHT"}]},{"@type":"WebSite","@id":"https:\/\/www.ricom-web8.com\/gestions\/#website","url":"https:\/\/www.ricom-web8.com\/gestions\/","name":"Gestions hospitali\u00e8res","description":"la revue des d\u00e9cideurs hospitaliers","publisher":{"@id":"https:\/\/www.ricom-web8.com\/gestions\/#organization"},"potentialAction":[{"@type":"SearchAction","target":{"@type":"EntryPoint","urlTemplate":"https:\/\/www.ricom-web8.com\/gestions\/?s={search_term_string}"},"query-input":{"@type":"PropertyValueSpecification","valueRequired":true,"valueName":"search_term_string"}}],"inLanguage":"fr-FR"},{"@type":"Organization","@id":"https:\/\/www.ricom-web8.com\/gestions\/#organization","name":"Gestions hospitali\u00e8res","url":"https:\/\/www.ricom-web8.com\/gestions\/","logo":{"@type":"ImageObject","inLanguage":"fr-FR","@id":"https:\/\/www.ricom-web8.com\/gestions\/#\/schema\/logo\/image\/","url":"https:\/\/gestions-hospitalieres.fr\/wp-content\/uploads\/2017\/02\/picto_Gif-GH-trans.png","contentUrl":"https:\/\/gestions-hospitalieres.fr\/wp-content\/uploads\/2017\/02\/picto_Gif-GH-trans.png","width":512,"height":512,"caption":"Gestions hospitali\u00e8res"},"image":{"@id":"https:\/\/www.ricom-web8.com\/gestions\/#\/schema\/logo\/image\/"},"sameAs":["https:\/\/www.facebook.com\/gestionshospitalieres\/","https:\/\/x.com\/revue_GH","https:\/\/www.linkedin.com\/company\/gestions-hospitalieres?trk=top_nav_home"]},{"@type":"Person","@id":"https:\/\/www.ricom-web8.com\/gestions\/#\/schema\/person\/810c9671279c5f5a094f6f0a42237516","name":"yann Le Sager","image":{"@type":"ImageObject","inLanguage":"fr-FR","@id":"https:\/\/www.ricom-web8.com\/gestions\/#\/schema\/person\/image\/","url":"https:\/\/secure.gravatar.com\/avatar\/36112fa5997be9e3b9acb0c60a4a1075?s=96&d=mm&r=g","contentUrl":"https:\/\/secure.gravatar.com\/avatar\/36112fa5997be9e3b9acb0c60a4a1075?s=96&d=mm&r=g","caption":"yann Le Sager"},"url":"https:\/\/www.ricom-web8.com\/gestions\/author\/lesager-yannstudioricom-com\/"}]}},"_links":{"self":[{"href":"https:\/\/www.ricom-web8.com\/gestions\/wp-json\/wp\/v2\/posts\/15974","targetHints":{"allow":["GET"]}}],"collection":[{"href":"https:\/\/www.ricom-web8.com\/gestions\/wp-json\/wp\/v2\/posts"}],"about":[{"href":"https:\/\/www.ricom-web8.com\/gestions\/wp-json\/wp\/v2\/types\/post"}],"author":[{"embeddable":true,"href":"https:\/\/www.ricom-web8.com\/gestions\/wp-json\/wp\/v2\/users\/1202"}],"replies":[{"embeddable":true,"href":"https:\/\/www.ricom-web8.com\/gestions\/wp-json\/wp\/v2\/comments?post=15974"}],"version-history":[{"count":0,"href":"https:\/\/www.ricom-web8.com\/gestions\/wp-json\/wp\/v2\/posts\/15974\/revisions"}],"wp:attachment":[{"href":"https:\/\/www.ricom-web8.com\/gestions\/wp-json\/wp\/v2\/media?parent=15974"}],"wp:term":[{"taxonomy":"category","embeddable":true,"href":"https:\/\/www.ricom-web8.com\/gestions\/wp-json\/wp\/v2\/categories?post=15974"},{"taxonomy":"post_tag","embeddable":true,"href":"https:\/\/www.ricom-web8.com\/gestions\/wp-json\/wp\/v2\/tags?post=15974"}],"curies":[{"name":"wp","href":"https:\/\/api.w.org\/{rel}","templated":true}]}}