

{"id":15977,"date":"2016-03-01T00:00:00","date_gmt":"2016-02-29T23:00:00","guid":{"rendered":"http:\/\/ricom-web.com\/gestions-hospitalieres\/le-gcs-territorial-ardennes-nord\/"},"modified":"2018-03-06T17:12:58","modified_gmt":"2018-03-06T16:12:58","slug":"le-gcs-territorial-ardennes-nord","status":"publish","type":"post","link":"https:\/\/www.ricom-web8.com\/gestions\/le-gcs-territorial-ardennes-nord\/","title":{"rendered":"Le GCS territorial Ardennes-Nord"},"content":{"rendered":"<span class=\"span-reading-time rt-reading-time\" style=\"display: block;\"><span class=\"rt-label rt-prefix\">Temps de lecture\u00a0: <\/span> <span class=\"rt-time\"> 4<\/span> <span class=\"rt-label rt-postfix\">minutes<\/span><\/span><p>Que dire du nombre d\u2019outils juridiques qui se sont succ\u00e9d\u00e9 ces vingt derni\u00e8res ann\u00e9es, essayant de d\u00e9velopper et d\u2019organiser au mieux les relations de collaborations public\/priv\u00e9\u2009: SIH, GIE, PPP, GCS de moyens ou d\u2019\u00e9tablissements de sant\u00e9\u2009? Sans parler des outils plus r\u00e9cents mais plus directement centr\u00e9s sur l\u2019h\u00f4pital, les CHT, aujourd\u2019hui les GHT\u2009? Sur le fond, la collaboration pr\u00e9sente diff\u00e9rents types tr\u00e8s distincts\u2009: relevant parfois d\u2019un accord d\u2019apparence, les collaborations public\/priv\u00e9 marquent surtout le territoire d\u2019acteurs souvent concurrents et dont le mode de financement, aujourd\u2019hui proche, pousse encore \u00e0 l\u2019exacerbation de cette concurrence. Dans d\u2019autres situations, o\u00f9 les acteurs se partagent de mani\u00e8re plus homog\u00e8ne le <em>case-mix<\/em> local, la collaboration organise les liens de compl\u00e9mentarit\u00e9, dans une approche relevant du bon sens et de la conscience de ne pouvoir gu\u00e8re faire \u00e9voluer l\u2019\u00e9tat des forces en pr\u00e9sence.<\/p>\n<p>Il y a aussi des cas o\u00f9 la collaboration public\/priv\u00e9 sort du jeu \u00e0 somme nulle et permet \u00e0 chaque acteur d\u2019assurer son avenir. C\u2019est le cas du d\u00e9partement des Ardennes, o\u00f9 l\u2019on a su faire de faiblesses partag\u00e9es une force commune.<\/p>\n<h1>La gen\u00e8se<\/h1>\n<p>\u00c0 la fin des ann\u00e9es 2000, deux h\u00f4pitaux, ceux de Charleville-M\u00e9zi\u00e8res et Sedan, distants de 20 km par l\u2019autoroute, sont confront\u00e9s aux m\u00eames difficult\u00e9s de recrutement m\u00e9dical dans une situation assez concurrentielle, l\u2019un \u00e9tant tr\u00e8s fortement d\u00e9ficitaire.<\/p>\n<p>C\u00f4t\u00e9 priv\u00e9, deux cliniques lucratives, \u00e0 Charleville et ses environs, connaissent une gestion \u00e9quilibr\u00e9e mais tendue et sont confront\u00e9es elles aussi au d\u00e9fi du renouvellement de leurs corps m\u00e9dicaux. Par ailleurs, le service d\u2019hospitalisation \u00e0 domicile (HAD) de l\u2019une d\u2019elles concurrence directement celui de la Mutualit\u00e9 des Ardennes, structure en fort d\u00e9ficit.<\/p>\n<p>Le projet de coop\u00e9ration public\/priv\u00e9 est n\u00e9 de la volont\u00e9 de faire pi\u00e8ce au rachat probable de la principale clinique par un groupe r\u00e9gional puissant, qui aurait de fait drain\u00e9 une part de la chirurgie des Ardennes vers un autre d\u00e9partement, avec des cons\u00e9quences collat\u00e9rales sur les h\u00f4pitaux et une prise en charge \u00e9loign\u00e9e pour les patients.<\/p>\n<p>En 2011, l\u2019id\u00e9e d\u2019un GCS appara\u00eet pour constituer d\u2019abord le tour de table financier n\u00e9cessaire au rachat de ladite clinique. Le soutien \u00e0 la d\u00e9marche de l\u2019agence r\u00e9gionale de sant\u00e9 est alors d\u00e9terminant, m\u00eame si elle n\u2019est pas directement acteur. Les \u00e9lus locaux sont associ\u00e9s au projet et les comit\u00e9s d\u2019entreprise des cliniques ainsi que les instances du personnel des h\u00f4pitaux de Sedan et Charleville sont r\u00e9guli\u00e8rement consult\u00e9s.<\/p>\n<p>Le GCS territorial Ardennes-Nord (GCS TAN), \u00e9tablissement de sant\u00e9 priv\u00e9, na\u00eet en mai 2012\u2009: il est compos\u00e9 de trois membres fondateurs, les h\u00f4pitaux de Sedan et Charleville et un groupe priv\u00e9 sp\u00e9cialiste de la prise en charge SSR\/Ehpad. La Mutualit\u00e9 les rejoint en 2013. Le GCS TAN reprend alors les autorisations de soins d\u2019une puis des deux cliniques, les contrats des praticiens lib\u00e9raux et ceux du personnel. Par ailleurs, les autorisations de SSR et certaines capacit\u00e9s d\u2019Ehpad du CH de Charleville lui sont transf\u00e9r\u00e9es, de m\u00eame que l\u2019activit\u00e9 des deux HAD (mutualiste et priv\u00e9e).<\/p>\n<p>Au sein du GCS, dont l\u2019administrateur est le directeur du CH de Charleville, les h\u00f4pitaux se chargent de la conduite op\u00e9rationnelle de la branche court s\u00e9jour, tandis que le partenaire priv\u00e9 g\u00e8re les soins de suite et la Mutualit\u00e9 l\u2019unification des deux anciennes structures d\u2019HAD.<\/p>\n<p>Une comptabilit\u00e9 analytique est mise en place pour bien affecter charges et recettes des trois branches, le g\u00e9rant de chacune devant assumer son r\u00e9sultat, positif ou n\u00e9gatif. Le sch\u00e9ma juridique est s\u00e9curis\u00e9 par le cabinet d\u2019avocats sp\u00e9cialis\u00e9 Houdart, lequel a activement particip\u00e9 au lancement du GCS et contribu\u00e9 \u00e0 l\u2019explicitation juridique du projet aupr\u00e8s des diff\u00e9rents acteurs.<\/p>\n<p>En 2013, le site de la plus grande clinique est transform\u00e9 par le partenaire priv\u00e9 en site de SSR moderne, de plus de 100\u00a0lits, tandis que les activit\u00e9s de court s\u00e9jour des deux cliniques sont transf\u00e9r\u00e9es sur les sites des h\u00f4pitaux de Sedan et Charleville, dans des locaux qui leur sont propres (hospitalisations traditionnelles de chirurgie et de m\u00e9decine, plateau ambulatoire, USC, etc.).<\/p>\n<p>La mutualisation des locaux n\u2019a concern\u00e9 que les plateaux d\u2019exploration fonctionnelle et les blocs op\u00e9ratoires. Les praticiens lib\u00e9raux (pr\u00e8s de 40) des deux cliniques int\u00e8grent le projet, \u00e0 l\u2019exception d\u2019un seul, signent un nouveau contrat avec le GCS, interdisant les d\u00e9passements d\u2019honoraires et portant engagement \u00e0 participer \u00e0 la permanence des soins publique.<\/p>\n<p>Pour sa partie court s\u00e9jour, le GCS se rapproche d\u2019un \u00e9tablissement priv\u00e9 \u00e0 but non lucratif.<\/p>\n<p>Pour le SSR, le groupe priv\u00e9 s\u2019engage \u00e0 accueillir, en tr\u00e8s forte majorit\u00e9, des patients hospitaliers et l\u2019\u00e9quipe m\u00e9dicale est compos\u00e9e de praticiens hospitaliers.<\/p>\n<p>Les mutualisations de moyens ont permis d\u2019am\u00e9liorer l\u2019\u00e9quilibre \u00e9conomique du court s\u00e9jour priv\u00e9 tout en maintenant la pluralit\u00e9 d\u2019offre de soins dans le d\u00e9partement.<\/p>\n<p>Face \u00e0 la complexit\u00e9 du recrutement m\u00e9dical, il a \u00e9t\u00e9 possible de jouer sur les statuts publics et lib\u00e9raux pour favoriser l\u2019arriv\u00e9e de nouveaux praticiens ou le maintien d\u2019autres, tout en veillant \u00e0 bien distinguer secteur priv\u00e9\/public. Des prestations m\u00e9dicales intra-GCS, priv\u00e9\/public, ont permis de mettre en place des organisations moins consommatrices de moyens et de pr\u00e9server le potentiel m\u00e9dical pour d\u2019autres activit\u00e9s. Plusieurs praticiens lib\u00e9raux se sont engag\u00e9s par ailleurs dans la permanence de soins de l\u2019h\u00f4pital, avec par exemple la mise sur pied d\u2019une astreinte d\u2019urologie auparavant inexistante sur le nord du d\u00e9partement. Les mutualisations ont aussi concern\u00e9 les personnels non m\u00e9dicaux, avec des mises \u00e0 disposition crois\u00e9es qui ont permis de faire face au d\u00e9veloppement d\u2019activit\u00e9s.<\/p>\n<h1>Le bilan<\/h1>\n<p>Apr\u00e8s plusieurs ann\u00e9es de mise en pratique, force est de constater que ce qui constituait souvent une impossibilit\u00e9 th\u00e9orique \u2013 faire travailler dans le m\u00eame cadre de soin des personnels de statuts diff\u00e9rents \u2013 s\u2019est r\u00e9v\u00e9l\u00e9 possible et fructueux pour les agents eux-m\u00eames. Par exemple, apr\u00e8s deux ans, aucun fonctionnaire mis \u00e0 disposition du GCS n\u2019a souhait\u00e9 retrouver une affectation dans un service hospitalier. Entre mai 2012 et mai 2015, le GCS TAN a connu une activit\u00e9 en croissance soutenue, avec des r\u00e9sultats de gestion positifs qui ont, pour une part, contribu\u00e9 \u00e0 l\u2019\u00e9quilibre des centres hospitaliers.<\/p>\n<p>Pour le SSR, le partenaire est rest\u00e9 membre du GCS TAN tout en r\u00e9cup\u00e9rant comme pr\u00e9vu l\u2019autorisation initiale. Le d\u00e9veloppement capacitaire et surtout des locaux mieux adapt\u00e9s \u00e0 la prise en charge des patients ont permis de renforcer sensiblement l\u2019aval du court s\u00e9jour du CH de Charleville. Par ailleurs, le partenaire SSR a ouvert un autre site dans la Pointe des Ardennes, \u00e0 Revin, reprenant une autorisation jusque-l\u00e0 non activ\u00e9e. L\u2019unification de l\u2019HAD sous la direction de la Mutualit\u00e9 a permis de mutualiser certaines ressources et de mieux coordonner les efforts pour atteindre une couverture HAD \u00e9tendue \u00e0 la moiti\u00e9 nord du d\u00e9partement. Cette op\u00e9ration de coop\u00e9ration renforc\u00e9e a permis d\u2019\u00e9viter tout plan de licenciement dans les anciennes cliniques, de conforter l\u2019offre de soins locale tout en liant les deux CH dans le cadre d\u2019une op\u00e9ration majeure. Ce rapprochement a d\u2019ailleurs favoris\u00e9 la mise en place, au printemps 2014, d\u2019une direction commune de ces h\u00f4pitaux.<\/p>\n<script>function PlayerjsAsync(){} if(window[\"Playerjs\"]){PlayerjsAsync();}<\/script>","protected":false},"excerpt":{"rendered":"<p><span class=\"span-reading-time rt-reading-time\" style=\"display: block;\"><span class=\"rt-label rt-prefix\">Temps de lecture\u00a0: <\/span> <span class=\"rt-time\"> 4<\/span> <span class=\"rt-label rt-postfix\">minutes<\/span><\/span>Les liens, dans le domaine de la sant\u00e9, entre secteur priv\u00e9\/serveur public sont multiformes. Cette collaboration, parfois recherch\u00e9e par les acteurs et toujours ou presque soutenue par les pouvoirs publics, vise \u00e0 offrir une couverture de prise en charge en limitant les doublons et \u00e0 organiser le territoire autour d\u2019acteurs robustes. Par ailleurs, l\u2019\u00e9volution de la d\u00e9mographie m\u00e9dicale rend indispensable le d\u00e9veloppement de telles collaborations pour faire face \u00e0 la p\u00e9nurie de m\u00e9decins dans certains territoires. Sur la forme, l\u2019histoire r\u00e9cente montre que l\u2019outil juridique de collaboration est relatif, voire \u00e9ph\u00e9m\u00e8re, m\u00eame si le fond, le d\u00e9veloppement de la coop\u00e9ration, reste la tendance lourde. L\u2019auteur relate ici la cr\u00e9ation du groupement territorial Ardennes-Nord (GCS TAN).<\/p>\n","protected":false},"author":1202,"featured_media":0,"comment_status":"closed","ping_status":"open","sticky":false,"template":"","format":"standard","meta":{"_acf_changed":false,"_relevanssi_hide_post":"","_relevanssi_hide_content":"","_relevanssi_pin_for_all":"","_relevanssi_pin_keywords":"","_relevanssi_unpin_keywords":"","_relevanssi_related_keywords":"","_relevanssi_related_include_ids":"","_relevanssi_related_exclude_ids":"","_relevanssi_related_no_append":"","_relevanssi_related_not_related":"","_relevanssi_related_posts":"","_relevanssi_noindex_reason":"","footnotes":""},"categories":[26,2],"tags":[2292,465,2291,2254,2255,2293,1812],"class_list":["post-15977","post","type-post","status-publish","format-standard","hentry","category-dossier","category-gestions-hospitalieres","tag-charleville-mezieres","tag-cooperation","tag-gcs-tan","tag-prive","tag-public","tag-sedan","tag-territoire"],"acf":[],"yoast_head":"<!-- This site is optimized with the Yoast SEO plugin v24.8.1 - https:\/\/yoast.com\/wordpress\/plugins\/seo\/ -->\n<title>Le GCS territorial Ardennes-Nord - Gestions hospitali\u00e8res<\/title>\n<meta name=\"robots\" content=\"index, follow, max-snippet:-1, max-image-preview:large, max-video-preview:-1\" \/>\n<link rel=\"canonical\" href=\"https:\/\/www.ricom-web8.com\/gestions\/le-gcs-territorial-ardennes-nord\/\" \/>\n<meta property=\"og:locale\" content=\"fr_FR\" \/>\n<meta property=\"og:type\" content=\"article\" \/>\n<meta property=\"og:title\" content=\"Le GCS territorial Ardennes-Nord - Gestions hospitali\u00e8res\" \/>\n<meta property=\"og:description\" content=\"Temps de lecture\u00a0:  4 minutesLes liens, dans le domaine de la sant\u00e9, entre secteur priv\u00e9\/serveur public sont multiformes. Cette collaboration, parfois recherch\u00e9e par les acteurs et toujours ou presque soutenue par les pouvoirs publics, vise \u00e0 offrir une couverture de prise en charge en limitant les doublons et \u00e0 organiser le territoire autour d\u2019acteurs robustes. Par ailleurs, l\u2019\u00e9volution de la d\u00e9mographie m\u00e9dicale rend indispensable le d\u00e9veloppement de telles collaborations pour faire face \u00e0 la p\u00e9nurie de m\u00e9decins dans certains territoires. Sur la forme, l\u2019histoire r\u00e9cente montre que l\u2019outil juridique de collaboration est relatif, voire \u00e9ph\u00e9m\u00e8re, m\u00eame si le fond, le d\u00e9veloppement de la coop\u00e9ration, reste la tendance lourde. L\u2019auteur relate ici la cr\u00e9ation du groupement territorial Ardennes-Nord (GCS TAN).\" \/>\n<meta property=\"og:url\" content=\"https:\/\/www.ricom-web8.com\/gestions\/le-gcs-territorial-ardennes-nord\/\" \/>\n<meta property=\"og:site_name\" content=\"Gestions hospitali\u00e8res\" \/>\n<meta property=\"article:publisher\" content=\"https:\/\/www.facebook.com\/gestionshospitalieres\/\" \/>\n<meta property=\"article:published_time\" content=\"2016-02-29T23:00:00+00:00\" \/>\n<meta property=\"article:modified_time\" content=\"2018-03-06T16:12:58+00:00\" \/>\n<meta name=\"author\" content=\"yann Le Sager\" \/>\n<meta name=\"twitter:card\" content=\"summary_large_image\" \/>\n<meta name=\"twitter:creator\" content=\"@revue_GH\" \/>\n<meta name=\"twitter:site\" content=\"@revue_GH\" \/>\n<meta name=\"twitter:label1\" content=\"\u00c9crit par\" \/>\n\t<meta name=\"twitter:data1\" content=\"yann Le Sager\" \/>\n\t<meta name=\"twitter:label2\" content=\"Dur\u00e9e de lecture estim\u00e9e\" \/>\n\t<meta name=\"twitter:data2\" content=\"7 minutes\" \/>\n<script type=\"application\/ld+json\" class=\"yoast-schema-graph\">{\"@context\":\"https:\/\/schema.org\",\"@graph\":[{\"@type\":\"Article\",\"@id\":\"https:\/\/www.ricom-web8.com\/gestions\/le-gcs-territorial-ardennes-nord\/#article\",\"isPartOf\":{\"@id\":\"https:\/\/www.ricom-web8.com\/gestions\/le-gcs-territorial-ardennes-nord\/\"},\"author\":{\"name\":\"yann Le Sager\",\"@id\":\"https:\/\/www.ricom-web8.com\/gestions\/#\/schema\/person\/810c9671279c5f5a094f6f0a42237516\"},\"headline\":\"Le GCS territorial Ardennes-Nord\",\"datePublished\":\"2016-02-29T23:00:00+00:00\",\"dateModified\":\"2018-03-06T16:12:58+00:00\",\"mainEntityOfPage\":{\"@id\":\"https:\/\/www.ricom-web8.com\/gestions\/le-gcs-territorial-ardennes-nord\/\"},\"wordCount\":1318,\"publisher\":{\"@id\":\"https:\/\/www.ricom-web8.com\/gestions\/#organization\"},\"keywords\":[\"Charleville-M\u00e9zi\u00e8res\",\"coop\u00e9ration\",\"GCS TAN\",\"priv\u00e9\",\"public\",\"Sedan\",\"territoire\"],\"articleSection\":[\"dossier\",\"Gestions Hospitali\u00e8res\"],\"inLanguage\":\"fr-FR\"},{\"@type\":\"WebPage\",\"@id\":\"https:\/\/www.ricom-web8.com\/gestions\/le-gcs-territorial-ardennes-nord\/\",\"url\":\"https:\/\/www.ricom-web8.com\/gestions\/le-gcs-territorial-ardennes-nord\/\",\"name\":\"Le GCS territorial Ardennes-Nord - Gestions hospitali\u00e8res\",\"isPartOf\":{\"@id\":\"https:\/\/www.ricom-web8.com\/gestions\/#website\"},\"datePublished\":\"2016-02-29T23:00:00+00:00\",\"dateModified\":\"2018-03-06T16:12:58+00:00\",\"breadcrumb\":{\"@id\":\"https:\/\/www.ricom-web8.com\/gestions\/le-gcs-territorial-ardennes-nord\/#breadcrumb\"},\"inLanguage\":\"fr-FR\",\"potentialAction\":[{\"@type\":\"ReadAction\",\"target\":[\"https:\/\/www.ricom-web8.com\/gestions\/le-gcs-territorial-ardennes-nord\/\"]}]},{\"@type\":\"BreadcrumbList\",\"@id\":\"https:\/\/www.ricom-web8.com\/gestions\/le-gcs-territorial-ardennes-nord\/#breadcrumb\",\"itemListElement\":[{\"@type\":\"ListItem\",\"position\":1,\"name\":\"Accueil\",\"item\":\"https:\/\/www.ricom-web8.com\/gestions\/\"},{\"@type\":\"ListItem\",\"position\":2,\"name\":\"Le GCS territorial Ardennes-Nord\"}]},{\"@type\":\"WebSite\",\"@id\":\"https:\/\/www.ricom-web8.com\/gestions\/#website\",\"url\":\"https:\/\/www.ricom-web8.com\/gestions\/\",\"name\":\"Gestions hospitali\u00e8res\",\"description\":\"la revue des d\u00e9cideurs hospitaliers\",\"publisher\":{\"@id\":\"https:\/\/www.ricom-web8.com\/gestions\/#organization\"},\"potentialAction\":[{\"@type\":\"SearchAction\",\"target\":{\"@type\":\"EntryPoint\",\"urlTemplate\":\"https:\/\/www.ricom-web8.com\/gestions\/?s={search_term_string}\"},\"query-input\":{\"@type\":\"PropertyValueSpecification\",\"valueRequired\":true,\"valueName\":\"search_term_string\"}}],\"inLanguage\":\"fr-FR\"},{\"@type\":\"Organization\",\"@id\":\"https:\/\/www.ricom-web8.com\/gestions\/#organization\",\"name\":\"Gestions hospitali\u00e8res\",\"url\":\"https:\/\/www.ricom-web8.com\/gestions\/\",\"logo\":{\"@type\":\"ImageObject\",\"inLanguage\":\"fr-FR\",\"@id\":\"https:\/\/www.ricom-web8.com\/gestions\/#\/schema\/logo\/image\/\",\"url\":\"https:\/\/gestions-hospitalieres.fr\/wp-content\/uploads\/2017\/02\/picto_Gif-GH-trans.png\",\"contentUrl\":\"https:\/\/gestions-hospitalieres.fr\/wp-content\/uploads\/2017\/02\/picto_Gif-GH-trans.png\",\"width\":512,\"height\":512,\"caption\":\"Gestions hospitali\u00e8res\"},\"image\":{\"@id\":\"https:\/\/www.ricom-web8.com\/gestions\/#\/schema\/logo\/image\/\"},\"sameAs\":[\"https:\/\/www.facebook.com\/gestionshospitalieres\/\",\"https:\/\/x.com\/revue_GH\",\"https:\/\/www.linkedin.com\/company\/gestions-hospitalieres?trk=top_nav_home\"]},{\"@type\":\"Person\",\"@id\":\"https:\/\/www.ricom-web8.com\/gestions\/#\/schema\/person\/810c9671279c5f5a094f6f0a42237516\",\"name\":\"yann Le Sager\",\"image\":{\"@type\":\"ImageObject\",\"inLanguage\":\"fr-FR\",\"@id\":\"https:\/\/www.ricom-web8.com\/gestions\/#\/schema\/person\/image\/\",\"url\":\"https:\/\/secure.gravatar.com\/avatar\/36112fa5997be9e3b9acb0c60a4a1075?s=96&d=mm&r=g\",\"contentUrl\":\"https:\/\/secure.gravatar.com\/avatar\/36112fa5997be9e3b9acb0c60a4a1075?s=96&d=mm&r=g\",\"caption\":\"yann Le Sager\"},\"url\":\"https:\/\/www.ricom-web8.com\/gestions\/author\/lesager-yannstudioricom-com\/\"}]}<\/script>\n<!-- \/ Yoast SEO plugin. -->","yoast_head_json":{"title":"Le GCS territorial Ardennes-Nord - Gestions hospitali\u00e8res","robots":{"index":"index","follow":"follow","max-snippet":"max-snippet:-1","max-image-preview":"max-image-preview:large","max-video-preview":"max-video-preview:-1"},"canonical":"https:\/\/www.ricom-web8.com\/gestions\/le-gcs-territorial-ardennes-nord\/","og_locale":"fr_FR","og_type":"article","og_title":"Le GCS territorial Ardennes-Nord - Gestions hospitali\u00e8res","og_description":"Temps de lecture\u00a0:  4 minutesLes liens, dans le domaine de la sant\u00e9, entre secteur priv\u00e9\/serveur public sont multiformes. Cette collaboration, parfois recherch\u00e9e par les acteurs et toujours ou presque soutenue par les pouvoirs publics, vise \u00e0 offrir une couverture de prise en charge en limitant les doublons et \u00e0 organiser le territoire autour d\u2019acteurs robustes. Par ailleurs, l\u2019\u00e9volution de la d\u00e9mographie m\u00e9dicale rend indispensable le d\u00e9veloppement de telles collaborations pour faire face \u00e0 la p\u00e9nurie de m\u00e9decins dans certains territoires. Sur la forme, l\u2019histoire r\u00e9cente montre que l\u2019outil juridique de collaboration est relatif, voire \u00e9ph\u00e9m\u00e8re, m\u00eame si le fond, le d\u00e9veloppement de la coop\u00e9ration, reste la tendance lourde. L\u2019auteur relate ici la cr\u00e9ation du groupement territorial Ardennes-Nord (GCS TAN).","og_url":"https:\/\/www.ricom-web8.com\/gestions\/le-gcs-territorial-ardennes-nord\/","og_site_name":"Gestions hospitali\u00e8res","article_publisher":"https:\/\/www.facebook.com\/gestionshospitalieres\/","article_published_time":"2016-02-29T23:00:00+00:00","article_modified_time":"2018-03-06T16:12:58+00:00","author":"yann Le Sager","twitter_card":"summary_large_image","twitter_creator":"@revue_GH","twitter_site":"@revue_GH","twitter_misc":{"\u00c9crit par":"yann Le Sager","Dur\u00e9e de lecture estim\u00e9e":"7 minutes"},"schema":{"@context":"https:\/\/schema.org","@graph":[{"@type":"Article","@id":"https:\/\/www.ricom-web8.com\/gestions\/le-gcs-territorial-ardennes-nord\/#article","isPartOf":{"@id":"https:\/\/www.ricom-web8.com\/gestions\/le-gcs-territorial-ardennes-nord\/"},"author":{"name":"yann Le Sager","@id":"https:\/\/www.ricom-web8.com\/gestions\/#\/schema\/person\/810c9671279c5f5a094f6f0a42237516"},"headline":"Le GCS territorial Ardennes-Nord","datePublished":"2016-02-29T23:00:00+00:00","dateModified":"2018-03-06T16:12:58+00:00","mainEntityOfPage":{"@id":"https:\/\/www.ricom-web8.com\/gestions\/le-gcs-territorial-ardennes-nord\/"},"wordCount":1318,"publisher":{"@id":"https:\/\/www.ricom-web8.com\/gestions\/#organization"},"keywords":["Charleville-M\u00e9zi\u00e8res","coop\u00e9ration","GCS TAN","priv\u00e9","public","Sedan","territoire"],"articleSection":["dossier","Gestions Hospitali\u00e8res"],"inLanguage":"fr-FR"},{"@type":"WebPage","@id":"https:\/\/www.ricom-web8.com\/gestions\/le-gcs-territorial-ardennes-nord\/","url":"https:\/\/www.ricom-web8.com\/gestions\/le-gcs-territorial-ardennes-nord\/","name":"Le GCS territorial Ardennes-Nord - Gestions hospitali\u00e8res","isPartOf":{"@id":"https:\/\/www.ricom-web8.com\/gestions\/#website"},"datePublished":"2016-02-29T23:00:00+00:00","dateModified":"2018-03-06T16:12:58+00:00","breadcrumb":{"@id":"https:\/\/www.ricom-web8.com\/gestions\/le-gcs-territorial-ardennes-nord\/#breadcrumb"},"inLanguage":"fr-FR","potentialAction":[{"@type":"ReadAction","target":["https:\/\/www.ricom-web8.com\/gestions\/le-gcs-territorial-ardennes-nord\/"]}]},{"@type":"BreadcrumbList","@id":"https:\/\/www.ricom-web8.com\/gestions\/le-gcs-territorial-ardennes-nord\/#breadcrumb","itemListElement":[{"@type":"ListItem","position":1,"name":"Accueil","item":"https:\/\/www.ricom-web8.com\/gestions\/"},{"@type":"ListItem","position":2,"name":"Le GCS territorial Ardennes-Nord"}]},{"@type":"WebSite","@id":"https:\/\/www.ricom-web8.com\/gestions\/#website","url":"https:\/\/www.ricom-web8.com\/gestions\/","name":"Gestions hospitali\u00e8res","description":"la revue des d\u00e9cideurs hospitaliers","publisher":{"@id":"https:\/\/www.ricom-web8.com\/gestions\/#organization"},"potentialAction":[{"@type":"SearchAction","target":{"@type":"EntryPoint","urlTemplate":"https:\/\/www.ricom-web8.com\/gestions\/?s={search_term_string}"},"query-input":{"@type":"PropertyValueSpecification","valueRequired":true,"valueName":"search_term_string"}}],"inLanguage":"fr-FR"},{"@type":"Organization","@id":"https:\/\/www.ricom-web8.com\/gestions\/#organization","name":"Gestions hospitali\u00e8res","url":"https:\/\/www.ricom-web8.com\/gestions\/","logo":{"@type":"ImageObject","inLanguage":"fr-FR","@id":"https:\/\/www.ricom-web8.com\/gestions\/#\/schema\/logo\/image\/","url":"https:\/\/gestions-hospitalieres.fr\/wp-content\/uploads\/2017\/02\/picto_Gif-GH-trans.png","contentUrl":"https:\/\/gestions-hospitalieres.fr\/wp-content\/uploads\/2017\/02\/picto_Gif-GH-trans.png","width":512,"height":512,"caption":"Gestions hospitali\u00e8res"},"image":{"@id":"https:\/\/www.ricom-web8.com\/gestions\/#\/schema\/logo\/image\/"},"sameAs":["https:\/\/www.facebook.com\/gestionshospitalieres\/","https:\/\/x.com\/revue_GH","https:\/\/www.linkedin.com\/company\/gestions-hospitalieres?trk=top_nav_home"]},{"@type":"Person","@id":"https:\/\/www.ricom-web8.com\/gestions\/#\/schema\/person\/810c9671279c5f5a094f6f0a42237516","name":"yann Le Sager","image":{"@type":"ImageObject","inLanguage":"fr-FR","@id":"https:\/\/www.ricom-web8.com\/gestions\/#\/schema\/person\/image\/","url":"https:\/\/secure.gravatar.com\/avatar\/36112fa5997be9e3b9acb0c60a4a1075?s=96&d=mm&r=g","contentUrl":"https:\/\/secure.gravatar.com\/avatar\/36112fa5997be9e3b9acb0c60a4a1075?s=96&d=mm&r=g","caption":"yann Le Sager"},"url":"https:\/\/www.ricom-web8.com\/gestions\/author\/lesager-yannstudioricom-com\/"}]}},"_links":{"self":[{"href":"https:\/\/www.ricom-web8.com\/gestions\/wp-json\/wp\/v2\/posts\/15977","targetHints":{"allow":["GET"]}}],"collection":[{"href":"https:\/\/www.ricom-web8.com\/gestions\/wp-json\/wp\/v2\/posts"}],"about":[{"href":"https:\/\/www.ricom-web8.com\/gestions\/wp-json\/wp\/v2\/types\/post"}],"author":[{"embeddable":true,"href":"https:\/\/www.ricom-web8.com\/gestions\/wp-json\/wp\/v2\/users\/1202"}],"replies":[{"embeddable":true,"href":"https:\/\/www.ricom-web8.com\/gestions\/wp-json\/wp\/v2\/comments?post=15977"}],"version-history":[{"count":0,"href":"https:\/\/www.ricom-web8.com\/gestions\/wp-json\/wp\/v2\/posts\/15977\/revisions"}],"wp:attachment":[{"href":"https:\/\/www.ricom-web8.com\/gestions\/wp-json\/wp\/v2\/media?parent=15977"}],"wp:term":[{"taxonomy":"category","embeddable":true,"href":"https:\/\/www.ricom-web8.com\/gestions\/wp-json\/wp\/v2\/categories?post=15977"},{"taxonomy":"post_tag","embeddable":true,"href":"https:\/\/www.ricom-web8.com\/gestions\/wp-json\/wp\/v2\/tags?post=15977"}],"curies":[{"name":"wp","href":"https:\/\/api.w.org\/{rel}","templated":true}]}}