

{"id":15985,"date":"2016-04-01T00:00:00","date_gmt":"2016-03-31T22:00:00","guid":{"rendered":"http:\/\/ricom-web.com\/gestions-hospitalieres\/les-conflits-dinterets-a-lhopital-public\/"},"modified":"2018-04-04T17:29:33","modified_gmt":"2018-04-04T15:29:33","slug":"les-conflits-dinterets-a-lhopital-public","status":"publish","type":"post","link":"https:\/\/www.ricom-web8.com\/gestions\/les-conflits-dinterets-a-lhopital-public\/","title":{"rendered":"Les conflits d\u2019int\u00e9r\u00eats \u00e0 l\u2019h\u00f4pital public"},"content":{"rendered":"<span class=\"span-reading-time rt-reading-time\" style=\"display: block;\"><span class=\"rt-label rt-prefix\">Temps de lecture\u00a0: <\/span> <span class=\"rt-time\"> 6<\/span> <span class=\"rt-label rt-postfix\">minutes<\/span><\/span><p>&nbsp;<\/p>\n<figure style=\"width: 200px\" class=\"wp-caption alignleft\"><img decoding=\"async\" src=\"https:\/\/gestions-hospitalieres.fr\/wp-content\/uploads\/ill_2016_202_1.png\" alt=\"couverture les conflits d'int\u00e9r\u00eats\" width=\"200\" height=\"300\" data-entity-type=\"file\" data-entity-uuid=\"c532de8f-c166-450d-b5d3-b9e5c9bc1c20\" \/><figcaption class=\"wp-caption-text\">Sous la direction de J.\u00a0Moret-Bailly et D.\u00a0Thouvenin. Contributions de J.\u00a0Moret-Bailly, O.\u00a0Guillod, L.\u00a0Amey, M.\u00a0A. Rodwin, M.-L. Moquet-Anger, M.\u00a0Morel, D.\u00a0Thouvenin, A.-M. Savard, D.\u00a0Truchet. Presses de l\u2019EHESP, 2015, 24\u00a0\u20ac<\/figcaption><\/figure>\n<p>Le th\u00e8me des conflits d\u2019int\u00e9r\u00eats n\u2019est pas nouveau en France, mais il rebondit particuli\u00e8rement sous l\u2019effet des questions pos\u00e9es dans le domaine de la sant\u00e9 par la proximit\u00e9 entre l\u2019expert m\u00e9decin, le soignant m\u00e9decin, le chercheur m\u00e9decin. Par profession, l\u2019expertise du m\u00e9decin le place au carrefour des int\u00e9r\u00eats des patients qu\u2019il soigne, de ceux des entreprises pour les essais de techniques ou de m\u00e9dicaments, et de ceux des institutions de recherche. Ces trois niveaux s\u2019entrechoquent car si l\u2019industrie a besoin d\u2019acc\u00e9der aux patients pour tester ses produits, le malade a besoin de nouveaux m\u00e9dicaments, le chercheur a besoin des soutiens financiers de l\u2019industrie qui a besoin des travaux des chercheurs\u2009; l\u2019administration a aussi besoin d\u2019experts\u2026 Or, ce sont souvent les m\u00eames acteurs m\u00e9dicaux qui sont au carrefour de tous ces int\u00e9r\u00eats. On ajoutera que l\u2019exercice lib\u00e9ral m\u00e9dical \u00e0 l\u2019h\u00f4pital public est aussi une source de conflits d\u2019int\u00e9r\u00eats dont la particularit\u00e9 est d\u2019\u00eatre organis\u00e9s par les textes\u2009!<\/p>\n<p>En introduction, Jo\u00ebl Moret-Bailly reprend ses travaux sur le sujet\u2009<sup class=\"appel\" data-toggle=\"modal\" data-target=\"#notes\">(1) <\/sup>et aborde la question des d\u00e9finitions\u2009: de quoi parle-t-on\u2009? De liens, de conflits, d\u2019opposition d\u2019int\u00e9r\u00eats. Ce travail de clarification est central pour balayer le champ de r\u00e9flexion. L\u2019int\u00e9r\u00eat direct est facilement perceptible\u2009; plus complexes sont les int\u00e9r\u00eats indirects tels les transferts financiers vers les institutions auxquelles sont rattach\u00e9s les experts (universit\u00e9s ou leurs laboratoires).<\/p>\n<p>Une fois les int\u00e9r\u00eats identifi\u00e9s, la notion de conflit prime, car il ne s\u2019agit pas tant des cons\u00e9quences de situations dans lesquelles un agent fait pr\u00e9valoir des int\u00e9r\u00eats autres que ceux qu\u2019il est cens\u00e9 d\u00e9fendre que d\u2019\u00e9viter que de telles situations adviennent. Mais la complexit\u00e9 de la t\u00e2che appara\u00eet \u00e0 l\u2019\u00e9vidence lorsque certaines situations ne sont \u00e9vitables\u2009: l\u2019exemple classique est le cas des experts en maladies rares, tout aussi rares que ces maladies elles-m\u00eames. \u00c9carter les experts en situation de conflits d\u2019int\u00e9r\u00eats reviendrait \u00e0 ne plus disposer d\u2019experts. La solution retenue renvoie \u00e0 l\u2019id\u00e9e de transparence\u2009: il s\u2019agit de faire en sorte que les \u00e9ventuels conflits d\u2019int\u00e9r\u00eats soient connus, assum\u00e9s et trait\u00e9s de mani\u00e8re \u00e0 en limiter la port\u00e9e.<\/p>\n<p>En Suisse, les auteurs insistent sur la relation patient\/praticien dans le contexte de la tarification \u00e0 l\u2019acte pour toutes les prestations m\u00e9dicales. Ce syst\u00e8me incite \u00e0 la production d\u2019actes, \u00e0 l\u2019inverse de celui de la capitation, qui conduirait \u00e0 r\u00e9duire le volume des soins pour accro\u00eetre les gains. Les orientations prises pour limiter les effets pervers sont en partie le passage oblig\u00e9 par le \u00ab\u2009m\u00e9decin de famille\u2009\u00bb comme porte d\u2019entr\u00e9e vers la m\u00e9decine de sp\u00e9cialit\u00e9 et hospitali\u00e8re, en lien avec la constitution de r\u00e9seaux des soins int\u00e9gr\u00e9s (ou <em>managed care<\/em>).<\/p>\n<p>Jusqu\u2019alors les consultations sur ces propositions n\u2019ont pas abouti, tant les r\u00e9formes structurelles sont soumises au risque de recours au vote populaire pas toujours conscient des enjeux qui animent les r\u00e9formes. Le rappel de la dimension \u00e9thique de l\u2019activit\u00e9 de soins devient alors un <em>leitmotiv<\/em>, \u00e0 d\u00e9faut de pouvoir modifier les r\u00e8gles juridiques\u2009!<\/p>\n<blockquote><p>Il faut lutter contre les conflits d\u2019int\u00e9r\u00eats \u00e0 l\u2019h\u00f4pital public pour assurer l\u2019impartialit\u00e9 et la loyaut\u00e9 des processus de d\u00e9cision et du comportement des acteurs\u2009; de donner confiance aux destinataires de la recherche, voire \u00e0 l\u2019opinion publique.<\/p><\/blockquote>\n<p>Dans le cadre de la recherche biom\u00e9dicale, les investigateurs doivent tenir inform\u00e9e la commission d\u2019\u00e9thique de la recherche (CER) charg\u00e9e d\u2019\u00e9valuer les projets de recherche et de conna\u00eetre les liens d\u2019int\u00e9r\u00eats entre les praticiens, les chercheurs et les laboratoires. La question la plus complexe \u00e0 r\u00e9soudre est celle des relations m\u00e9decins\/industrie pharmaceutique \u2013 celle-ci assurant l\u2019essentiel de la formation postuniversitaire des m\u00e9decins.<\/p>\n<p>Les auteurs notent la faiblesse des dispositions l\u00e9gales, en particulier du fait que les obligations p\u00e8sent sur les praticiens et non sur l\u2019industrie pharmaceutique.<\/p>\n<p>Aux \u00c9tats-Unis, la question est abord\u00e9e sous l\u2019angle du d\u00e9veloppement des <em>health maintenance<\/em> <em>organization<\/em> (HMO), syst\u00e8me de mise en concurrence \u00e0 deux \u00e9tages. L\u2019assureur organise la concurrence entre les offreurs de soins \u2013 sur la base d\u2019un cahier des charges qui r\u00e9gule le rapport prestations\/qualit\u00e9\/prix \u2013 et un second march\u00e9, celui des assur\u00e9s qui mettent en concurrence les HMO. Le fondement de ce syst\u00e8me repose sur la gestion des asym\u00e9tries informationnelles qui rendent le patient peu apte \u00e0 juger de la pertinence de l\u2019offre des divers prestataires de soins mais qui, avec l\u2019aide des associations de consommateurs, est mieux \u00e0 m\u00eame de juger de l\u2019offre concurrentielle des assureurs.<\/p>\n<p>L\u00e0 o\u00f9 les HMO ne peuvent r\u00e9guler les conflits d\u2019int\u00e9r\u00eats, c\u2019est sur le choix des soins non pris en compte dans leur panier de soins. Ces choix peuvent \u00eatre influenc\u00e9s par la position du HMO face au rendement financier. Est-il soumis aux exigences d\u2019actionnaires ou est-il de type coop\u00e9ratif\u2009\u2009; est-il employeur de m\u00e9decins ou simple coordonnateur de professionnels lib\u00e9raux sur un territoire donn\u00e9\u2009?<\/p>\n<p>\u00c0 l\u2019h\u00f4pital public fran\u00e7ais, le secteur priv\u00e9 lib\u00e9ral fut introduit en 1958 pour attirer dans la nouvelle r\u00e9forme hospitali\u00e8re les m\u00e9decins, en instaurant le temps plein de l\u2019activit\u00e9 m\u00e9dicale\u00a0 (les m\u00e9decins hospitaliers qui n\u2019\u00e9taient pas r\u00e9mun\u00e9r\u00e9s par l\u2019h\u00f4pital exer\u00e7aient en ville\u2009; le titre de m\u00e9decins des h\u00f4pitaux, acquis par le biais de concours tr\u00e8s s\u00e9lectifs, autorisait des tarifs \u00e9lev\u00e9s de leurs consultations en ville). Cette situation engendre une confusion constante entre client\u00e8le publique et client\u00e8le priv\u00e9e, entre tarifs conventionnels et d\u00e9passements d\u2019honoraires, entre temps\u00a0 consacr\u00e9 aux consultations priv\u00e9es et temps consacr\u00e9 aux consultations publiques.<\/p>\n<p>Dans le domaine de la recherche biom\u00e9dicale, outre les risques identifi\u00e9s pr\u00e9c\u00e9demment, s\u2019ajoute le fait que les comit\u00e9s de protection des personnes sont compos\u00e9s d\u2019\u00ab\u2009experts\u2009\u00bb qui, s\u2019ils n\u2019ont pas de lien avec l\u2019industrie pharmaceutique, peuvent appartenir \u00e0 des \u00e9quipes de recherche concurrentes.<br \/>\nLes r\u00e8gles applicables \u00e0 la recherche biom\u00e9dicale sont en pleine \u00e9volution. D\u2019une part sous l\u2019effet de la volont\u00e9 de prot\u00e9ger les personnes qui y sont soumises et de mieux identifier les positions d\u2019acteurs\u2009; d\u2019autre part sous la pression des politiques de d\u00e9veloppement de la recherche et des industries de sant\u00e9. C\u2019est une imbrication de plus en plus pouss\u00e9e d\u2019int\u00e9r\u00eats publics et priv\u00e9s. Les textes ont tent\u00e9 d\u2019apporter des r\u00e9ponses, notamment ceux de 2012, mais ils ne sont pas appliqu\u00e9s, les d\u00e9crets n\u2019ayant pas \u00e9t\u00e9 pris, dans l\u2019attente de r\u00e8gles europ\u00e9ennes \u00e0 venir qui devraient harmoniser un ensemble de pratiques au niveau europ\u00e9en.<\/p>\n<p>Au Qu\u00e9bec, l\u2019auteur rapporte le cas Olivieri, une chercheure qui d\u00e9couvrit les effets n\u00e9fastes d\u2019un m\u00e9dicament lors d\u2019un essai th\u00e9rapeutique et qui enfreignit la r\u00e8gle de la confidentialit\u00e9 qu\u2019elle avait sign\u00e9e en publiant, lors d\u2019un congr\u00e8s, ses observations et conclusions.\u00a0 L\u2019entreprise lui retira la charge des essais qu\u2019elle conduisait et la tra\u00eena en justice. Son h\u00f4pital universitaire ne la soutint pas, au motif de la pr\u00e9servation de ses int\u00e9r\u00eats financiers avec cette entreprise. Au terme d\u2019une longue proc\u00e9dure, elle fut r\u00e9habilit\u00e9e. Ce qui importe dans cette histoire, ce sont les limites du choix qui pr\u00e9valait \u00e0 ce moment\u00a0: l\u2019\u00ab\u2009autor\u00e9gulation int\u00e9grale\u2009\u00bb.<\/p>\n<p>Ce type de r\u00e9gulation \u00ab\u2009impose d\u2019\u00e9carter toute r\u00e9f\u00e9rence \u00e0 l\u2019imposition de normes d\u2019origine \u00e9tatique, pour s\u2019en remettre exclusivement \u00e0 l\u2019\u00e9mergence\u00a0 spontan\u00e9e d\u2019un encadrement issu du milieu social g\u00e9n\u00e9rateur d\u2019une activit\u00e9\u2009\u00bb. C\u2019est un mod\u00e8le assez classique, fr\u00e9quent dans le monde de la recherche, dont l\u2019\u00e9l\u00e9ment distinctif r\u00e9side dans son caract\u00e8re endog\u00e8ne et donc pr\u00e9sum\u00e9 consenti. Les acteurs de la recherche sont soumis \u00e0 diverses r\u00e8gles plus ou moins contraignantes, tels la d\u00e9claration d\u2019Helsinki, le \u00ab\u2009Guide d\u2019\u00e9thique de la recherche et d\u2019int\u00e9grit\u00e9 scientifique\u2009\u00bb (Qu\u00e9bec, 1998), l\u2019\u00ab\u2009\u00c9nonc\u00e9 des trois conseils\u2009: \u00e9thique de la recherche avec des \u00eatres humains\u2009\u00bb (Canada, 2010) et des textes publi\u00e9s par l\u2019Association m\u00e9dicale canadienne (code de d\u00e9ontologie, recommandations, guides\u2026). Prenant acte de l\u2019affaire Olivieri, l\u2019Association m\u00e9dicale canadienne \u00e9nonce dans son code de d\u00e9ontologie de 2007 que \u00ab\u2009les m\u00e9decins ne doivent pas conclure d\u2019ententes qui limitent leur droit de publier ou de divulguer des r\u00e9sultats\u00a0 de l\u2019\u00e9tude ou de signaler des effets ind\u00e9sirables qui se produisent pendant celle-ci. Des limites raisonnables ne mettant pas en danger la sant\u00e9 et la s\u00e9curit\u00e9 des patients peuvent \u00eatre admissibles\u2009\u00bb.<\/p>\n<p>La limite de l\u2019argumentation r\u00e9side dans l\u2019absence de tout processus de sanction en cas de non-respect de ces principes. Les \u00e9volutions imposent aux \u00e9tablissements et aux comit\u00e9s d\u2019\u00e9thique davantage d\u2019obligations tout en \u00e9non\u00e7ant des principes g\u00e9n\u00e9raux incontournables. Il reste un pan de la recherche non r\u00e9gul\u00e9e, celle subventionn\u00e9e par l\u2019industrie. L\u2019\u00c9tat ne pouvant se substituer \u00e0 l\u2019industrie pour financer la recherche est mis en d\u00e9faut dans sa capacit\u00e9 normative.<\/p>\n<p>En conclusion, Didier Truchet fait ressortir l\u2019int\u00e9r\u00eat de ce travail. \u00c0 la question \u00ab\u2009Dans quels buts faut-il lutter contre les conflits d\u2019int\u00e9r\u00eats \u00e0 l\u2019h\u00f4pital public\u2009?\u2009\u00bb, il r\u00e9pond qu\u2019il s\u2019agit d\u2019assurer l\u2019impartialit\u00e9 et la loyaut\u00e9 des processus de d\u00e9cision et du comportement des acteurs\u2009; de donner confiance aux destinataires de la recherche, voire \u00e0 l\u2019opinion publique\u2009; d\u2019apporter la garantie que les actes sont pratiqu\u00e9s dans l\u2019int\u00e9r\u00eat des patients et non dans l\u2019int\u00e9r\u00eat manag\u00e9rial de l\u2019h\u00f4pital ou des m\u00e9decins ou des industriels.<\/p>\n<p>Contre quoi lutter\u2009? L\u2019ouvrage ne r\u00e9pond pas \u00e0 cette interrogation mais propose une feuille de route. Les cas de conflits d\u2019int\u00e9r\u00eats relevant d\u2019infractions p\u00e9nales ou illicites sont ais\u00e9ment identifiables. Plus complexes sont les situations l\u00e9gales (l\u2019activit\u00e9 lib\u00e9rale \u00e0 l\u2019h\u00f4pital par exemple), d\u2019o\u00f9 l\u2019importance du travail de qualification engag\u00e9 par Jo\u00ebl Moret-Bailly dans son pr\u00e9c\u00e9dent ouvrage\u2009<sup class=\"appel\" data-toggle=\"modal\" data-target=\"#notes\">(2)<\/sup>.<\/p>\n<script>function PlayerjsAsync(){} if(window[\"Playerjs\"]){PlayerjsAsync();}<\/script>","protected":false},"excerpt":{"rendered":"<p><span class=\"span-reading-time rt-reading-time\" style=\"display: block;\"><span class=\"rt-label rt-prefix\">Temps de lecture\u00a0: <\/span> <span class=\"rt-time\"> 6<\/span> <span class=\"rt-label rt-postfix\">minutes<\/span><\/span>L\u2019ouvrage Les Conflits d\u2019int\u00e9r\u00eats \u00e0 l\u2019h\u00f4pital public\u2009: le d\u00e9bat, dirig\u00e9 par Jo\u00ebl\u00a0Moret-Bailly et Dominique Thouvenin, est issu d\u2019un colloque o\u00f9 la question des conflits d\u2019int\u00e9r\u00eats \u00e0 l\u2019h\u00f4pital public a \u00e9t\u00e9 pos\u00e9e pour la France, la Suisse, le Canada et les \u00c9tat-Unis avec, en perspective, les modalit\u00e9s de r\u00e9gulation qui s\u2019esquissent.<\/p>\n","protected":false},"author":1202,"featured_media":0,"comment_status":"closed","ping_status":"open","sticky":false,"template":"","format":"standard","meta":{"_acf_changed":false,"_relevanssi_hide_post":"","_relevanssi_hide_content":"","_relevanssi_pin_for_all":"","_relevanssi_pin_keywords":"","_relevanssi_unpin_keywords":"","_relevanssi_related_keywords":"","_relevanssi_related_include_ids":"","_relevanssi_related_exclude_ids":"","_relevanssi_related_no_append":"","_relevanssi_related_not_related":"","_relevanssi_related_posts":"","_relevanssi_noindex_reason":"","footnotes":""},"categories":[2,2307],"tags":[1766,953,4371,4372,575,4373],"class_list":["post-15985","post","type-post","status-publish","format-standard","hentry","category-gestions-hospitalieres","category-note-de-lecture","tag-conflits-dinterets","tag-expertise","tag-hmo","tag-industriels","tag-regulation","tag-transferts-financiers"],"acf":[],"yoast_head":"<!-- This site is optimized with the Yoast SEO plugin v24.8.1 - https:\/\/yoast.com\/wordpress\/plugins\/seo\/ -->\n<title>Les conflits d\u2019int\u00e9r\u00eats \u00e0 l\u2019h\u00f4pital public - Gestions hospitali\u00e8res<\/title>\n<meta name=\"robots\" content=\"index, follow, max-snippet:-1, max-image-preview:large, max-video-preview:-1\" \/>\n<link rel=\"canonical\" href=\"https:\/\/www.ricom-web8.com\/gestions\/les-conflits-dinterets-a-lhopital-public\/\" \/>\n<meta property=\"og:locale\" content=\"fr_FR\" \/>\n<meta property=\"og:type\" content=\"article\" \/>\n<meta property=\"og:title\" content=\"Les conflits d\u2019int\u00e9r\u00eats \u00e0 l\u2019h\u00f4pital public - Gestions hospitali\u00e8res\" \/>\n<meta property=\"og:description\" content=\"Temps de lecture\u00a0:  6 minutesL\u2019ouvrage Les Conflits d\u2019int\u00e9r\u00eats \u00e0 l\u2019h\u00f4pital public\u2009: le d\u00e9bat, dirig\u00e9 par Jo\u00ebl\u00a0Moret-Bailly et Dominique Thouvenin, est issu d\u2019un colloque o\u00f9 la question des conflits d\u2019int\u00e9r\u00eats \u00e0 l\u2019h\u00f4pital public a \u00e9t\u00e9 pos\u00e9e pour la France, la Suisse, le Canada et les \u00c9tat-Unis avec, en perspective, les modalit\u00e9s de r\u00e9gulation qui s\u2019esquissent.\" \/>\n<meta property=\"og:url\" content=\"https:\/\/www.ricom-web8.com\/gestions\/les-conflits-dinterets-a-lhopital-public\/\" \/>\n<meta property=\"og:site_name\" content=\"Gestions hospitali\u00e8res\" \/>\n<meta property=\"article:publisher\" content=\"https:\/\/www.facebook.com\/gestionshospitalieres\/\" \/>\n<meta property=\"article:published_time\" content=\"2016-03-31T22:00:00+00:00\" \/>\n<meta property=\"article:modified_time\" content=\"2018-04-04T15:29:33+00:00\" \/>\n<meta property=\"og:image\" content=\"https:\/\/gestions-hospitalieres.fr\/wp-content\/uploads\/ill_2016_202_1.png\" \/>\n<meta name=\"author\" content=\"yann Le Sager\" \/>\n<meta name=\"twitter:card\" content=\"summary_large_image\" \/>\n<meta name=\"twitter:creator\" content=\"@revue_GH\" \/>\n<meta name=\"twitter:site\" content=\"@revue_GH\" \/>\n<meta name=\"twitter:label1\" content=\"\u00c9crit par\" \/>\n\t<meta name=\"twitter:data1\" content=\"yann Le Sager\" \/>\n\t<meta name=\"twitter:label2\" content=\"Dur\u00e9e de lecture estim\u00e9e\" \/>\n\t<meta name=\"twitter:data2\" content=\"9 minutes\" \/>\n<script type=\"application\/ld+json\" class=\"yoast-schema-graph\">{\"@context\":\"https:\/\/schema.org\",\"@graph\":[{\"@type\":\"Article\",\"@id\":\"https:\/\/www.ricom-web8.com\/gestions\/les-conflits-dinterets-a-lhopital-public\/#article\",\"isPartOf\":{\"@id\":\"https:\/\/www.ricom-web8.com\/gestions\/les-conflits-dinterets-a-lhopital-public\/\"},\"author\":{\"name\":\"yann Le Sager\",\"@id\":\"https:\/\/www.ricom-web8.com\/gestions\/#\/schema\/person\/810c9671279c5f5a094f6f0a42237516\"},\"headline\":\"Les conflits d\u2019int\u00e9r\u00eats \u00e0 l\u2019h\u00f4pital public\",\"datePublished\":\"2016-03-31T22:00:00+00:00\",\"dateModified\":\"2018-04-04T15:29:33+00:00\",\"mainEntityOfPage\":{\"@id\":\"https:\/\/www.ricom-web8.com\/gestions\/les-conflits-dinterets-a-lhopital-public\/\"},\"wordCount\":1863,\"publisher\":{\"@id\":\"https:\/\/www.ricom-web8.com\/gestions\/#organization\"},\"image\":{\"@id\":\"https:\/\/www.ricom-web8.com\/gestions\/les-conflits-dinterets-a-lhopital-public\/#primaryimage\"},\"thumbnailUrl\":\"https:\/\/gestions-hospitalieres.fr\/wp-content\/uploads\/ill_2016_202_1.png\",\"keywords\":[\"conflits d\u2019int\u00e9r\u00eats\",\"expertise\",\"HMO\",\"industriels\",\"r\u00e9gulation\",\"transferts financiers\"],\"articleSection\":[\"Gestions Hospitali\u00e8res\",\"note de lecture\"],\"inLanguage\":\"fr-FR\"},{\"@type\":\"WebPage\",\"@id\":\"https:\/\/www.ricom-web8.com\/gestions\/les-conflits-dinterets-a-lhopital-public\/\",\"url\":\"https:\/\/www.ricom-web8.com\/gestions\/les-conflits-dinterets-a-lhopital-public\/\",\"name\":\"Les conflits d\u2019int\u00e9r\u00eats \u00e0 l\u2019h\u00f4pital public - Gestions hospitali\u00e8res\",\"isPartOf\":{\"@id\":\"https:\/\/www.ricom-web8.com\/gestions\/#website\"},\"primaryImageOfPage\":{\"@id\":\"https:\/\/www.ricom-web8.com\/gestions\/les-conflits-dinterets-a-lhopital-public\/#primaryimage\"},\"image\":{\"@id\":\"https:\/\/www.ricom-web8.com\/gestions\/les-conflits-dinterets-a-lhopital-public\/#primaryimage\"},\"thumbnailUrl\":\"https:\/\/gestions-hospitalieres.fr\/wp-content\/uploads\/ill_2016_202_1.png\",\"datePublished\":\"2016-03-31T22:00:00+00:00\",\"dateModified\":\"2018-04-04T15:29:33+00:00\",\"breadcrumb\":{\"@id\":\"https:\/\/www.ricom-web8.com\/gestions\/les-conflits-dinterets-a-lhopital-public\/#breadcrumb\"},\"inLanguage\":\"fr-FR\",\"potentialAction\":[{\"@type\":\"ReadAction\",\"target\":[\"https:\/\/www.ricom-web8.com\/gestions\/les-conflits-dinterets-a-lhopital-public\/\"]}]},{\"@type\":\"ImageObject\",\"inLanguage\":\"fr-FR\",\"@id\":\"https:\/\/www.ricom-web8.com\/gestions\/les-conflits-dinterets-a-lhopital-public\/#primaryimage\",\"url\":\"https:\/\/gestions-hospitalieres.fr\/wp-content\/uploads\/ill_2016_202_1.png\",\"contentUrl\":\"https:\/\/gestions-hospitalieres.fr\/wp-content\/uploads\/ill_2016_202_1.png\"},{\"@type\":\"BreadcrumbList\",\"@id\":\"https:\/\/www.ricom-web8.com\/gestions\/les-conflits-dinterets-a-lhopital-public\/#breadcrumb\",\"itemListElement\":[{\"@type\":\"ListItem\",\"position\":1,\"name\":\"Accueil\",\"item\":\"https:\/\/www.ricom-web8.com\/gestions\/\"},{\"@type\":\"ListItem\",\"position\":2,\"name\":\"Les conflits d\u2019int\u00e9r\u00eats \u00e0 l\u2019h\u00f4pital public\"}]},{\"@type\":\"WebSite\",\"@id\":\"https:\/\/www.ricom-web8.com\/gestions\/#website\",\"url\":\"https:\/\/www.ricom-web8.com\/gestions\/\",\"name\":\"Gestions hospitali\u00e8res\",\"description\":\"la revue des d\u00e9cideurs hospitaliers\",\"publisher\":{\"@id\":\"https:\/\/www.ricom-web8.com\/gestions\/#organization\"},\"potentialAction\":[{\"@type\":\"SearchAction\",\"target\":{\"@type\":\"EntryPoint\",\"urlTemplate\":\"https:\/\/www.ricom-web8.com\/gestions\/?s={search_term_string}\"},\"query-input\":{\"@type\":\"PropertyValueSpecification\",\"valueRequired\":true,\"valueName\":\"search_term_string\"}}],\"inLanguage\":\"fr-FR\"},{\"@type\":\"Organization\",\"@id\":\"https:\/\/www.ricom-web8.com\/gestions\/#organization\",\"name\":\"Gestions hospitali\u00e8res\",\"url\":\"https:\/\/www.ricom-web8.com\/gestions\/\",\"logo\":{\"@type\":\"ImageObject\",\"inLanguage\":\"fr-FR\",\"@id\":\"https:\/\/www.ricom-web8.com\/gestions\/#\/schema\/logo\/image\/\",\"url\":\"https:\/\/gestions-hospitalieres.fr\/wp-content\/uploads\/2017\/02\/picto_Gif-GH-trans.png\",\"contentUrl\":\"https:\/\/gestions-hospitalieres.fr\/wp-content\/uploads\/2017\/02\/picto_Gif-GH-trans.png\",\"width\":512,\"height\":512,\"caption\":\"Gestions hospitali\u00e8res\"},\"image\":{\"@id\":\"https:\/\/www.ricom-web8.com\/gestions\/#\/schema\/logo\/image\/\"},\"sameAs\":[\"https:\/\/www.facebook.com\/gestionshospitalieres\/\",\"https:\/\/x.com\/revue_GH\",\"https:\/\/www.linkedin.com\/company\/gestions-hospitalieres?trk=top_nav_home\"]},{\"@type\":\"Person\",\"@id\":\"https:\/\/www.ricom-web8.com\/gestions\/#\/schema\/person\/810c9671279c5f5a094f6f0a42237516\",\"name\":\"yann Le Sager\",\"image\":{\"@type\":\"ImageObject\",\"inLanguage\":\"fr-FR\",\"@id\":\"https:\/\/www.ricom-web8.com\/gestions\/#\/schema\/person\/image\/\",\"url\":\"https:\/\/secure.gravatar.com\/avatar\/36112fa5997be9e3b9acb0c60a4a1075?s=96&d=mm&r=g\",\"contentUrl\":\"https:\/\/secure.gravatar.com\/avatar\/36112fa5997be9e3b9acb0c60a4a1075?s=96&d=mm&r=g\",\"caption\":\"yann Le Sager\"},\"url\":\"https:\/\/www.ricom-web8.com\/gestions\/author\/lesager-yannstudioricom-com\/\"}]}<\/script>\n<!-- \/ Yoast SEO plugin. -->","yoast_head_json":{"title":"Les conflits d\u2019int\u00e9r\u00eats \u00e0 l\u2019h\u00f4pital public - Gestions hospitali\u00e8res","robots":{"index":"index","follow":"follow","max-snippet":"max-snippet:-1","max-image-preview":"max-image-preview:large","max-video-preview":"max-video-preview:-1"},"canonical":"https:\/\/www.ricom-web8.com\/gestions\/les-conflits-dinterets-a-lhopital-public\/","og_locale":"fr_FR","og_type":"article","og_title":"Les conflits d\u2019int\u00e9r\u00eats \u00e0 l\u2019h\u00f4pital public - Gestions hospitali\u00e8res","og_description":"Temps de lecture\u00a0:  6 minutesL\u2019ouvrage Les Conflits d\u2019int\u00e9r\u00eats \u00e0 l\u2019h\u00f4pital public\u2009: le d\u00e9bat, dirig\u00e9 par Jo\u00ebl\u00a0Moret-Bailly et Dominique Thouvenin, est issu d\u2019un colloque o\u00f9 la question des conflits d\u2019int\u00e9r\u00eats \u00e0 l\u2019h\u00f4pital public a \u00e9t\u00e9 pos\u00e9e pour la France, la Suisse, le Canada et les \u00c9tat-Unis avec, en perspective, les modalit\u00e9s de r\u00e9gulation qui s\u2019esquissent.","og_url":"https:\/\/www.ricom-web8.com\/gestions\/les-conflits-dinterets-a-lhopital-public\/","og_site_name":"Gestions hospitali\u00e8res","article_publisher":"https:\/\/www.facebook.com\/gestionshospitalieres\/","article_published_time":"2016-03-31T22:00:00+00:00","article_modified_time":"2018-04-04T15:29:33+00:00","og_image":[{"url":"https:\/\/gestions-hospitalieres.fr\/wp-content\/uploads\/ill_2016_202_1.png","type":"","width":"","height":""}],"author":"yann Le Sager","twitter_card":"summary_large_image","twitter_creator":"@revue_GH","twitter_site":"@revue_GH","twitter_misc":{"\u00c9crit par":"yann Le Sager","Dur\u00e9e de lecture estim\u00e9e":"9 minutes"},"schema":{"@context":"https:\/\/schema.org","@graph":[{"@type":"Article","@id":"https:\/\/www.ricom-web8.com\/gestions\/les-conflits-dinterets-a-lhopital-public\/#article","isPartOf":{"@id":"https:\/\/www.ricom-web8.com\/gestions\/les-conflits-dinterets-a-lhopital-public\/"},"author":{"name":"yann Le Sager","@id":"https:\/\/www.ricom-web8.com\/gestions\/#\/schema\/person\/810c9671279c5f5a094f6f0a42237516"},"headline":"Les conflits d\u2019int\u00e9r\u00eats \u00e0 l\u2019h\u00f4pital public","datePublished":"2016-03-31T22:00:00+00:00","dateModified":"2018-04-04T15:29:33+00:00","mainEntityOfPage":{"@id":"https:\/\/www.ricom-web8.com\/gestions\/les-conflits-dinterets-a-lhopital-public\/"},"wordCount":1863,"publisher":{"@id":"https:\/\/www.ricom-web8.com\/gestions\/#organization"},"image":{"@id":"https:\/\/www.ricom-web8.com\/gestions\/les-conflits-dinterets-a-lhopital-public\/#primaryimage"},"thumbnailUrl":"https:\/\/gestions-hospitalieres.fr\/wp-content\/uploads\/ill_2016_202_1.png","keywords":["conflits d\u2019int\u00e9r\u00eats","expertise","HMO","industriels","r\u00e9gulation","transferts financiers"],"articleSection":["Gestions Hospitali\u00e8res","note de lecture"],"inLanguage":"fr-FR"},{"@type":"WebPage","@id":"https:\/\/www.ricom-web8.com\/gestions\/les-conflits-dinterets-a-lhopital-public\/","url":"https:\/\/www.ricom-web8.com\/gestions\/les-conflits-dinterets-a-lhopital-public\/","name":"Les conflits d\u2019int\u00e9r\u00eats \u00e0 l\u2019h\u00f4pital public - Gestions hospitali\u00e8res","isPartOf":{"@id":"https:\/\/www.ricom-web8.com\/gestions\/#website"},"primaryImageOfPage":{"@id":"https:\/\/www.ricom-web8.com\/gestions\/les-conflits-dinterets-a-lhopital-public\/#primaryimage"},"image":{"@id":"https:\/\/www.ricom-web8.com\/gestions\/les-conflits-dinterets-a-lhopital-public\/#primaryimage"},"thumbnailUrl":"https:\/\/gestions-hospitalieres.fr\/wp-content\/uploads\/ill_2016_202_1.png","datePublished":"2016-03-31T22:00:00+00:00","dateModified":"2018-04-04T15:29:33+00:00","breadcrumb":{"@id":"https:\/\/www.ricom-web8.com\/gestions\/les-conflits-dinterets-a-lhopital-public\/#breadcrumb"},"inLanguage":"fr-FR","potentialAction":[{"@type":"ReadAction","target":["https:\/\/www.ricom-web8.com\/gestions\/les-conflits-dinterets-a-lhopital-public\/"]}]},{"@type":"ImageObject","inLanguage":"fr-FR","@id":"https:\/\/www.ricom-web8.com\/gestions\/les-conflits-dinterets-a-lhopital-public\/#primaryimage","url":"https:\/\/gestions-hospitalieres.fr\/wp-content\/uploads\/ill_2016_202_1.png","contentUrl":"https:\/\/gestions-hospitalieres.fr\/wp-content\/uploads\/ill_2016_202_1.png"},{"@type":"BreadcrumbList","@id":"https:\/\/www.ricom-web8.com\/gestions\/les-conflits-dinterets-a-lhopital-public\/#breadcrumb","itemListElement":[{"@type":"ListItem","position":1,"name":"Accueil","item":"https:\/\/www.ricom-web8.com\/gestions\/"},{"@type":"ListItem","position":2,"name":"Les conflits d\u2019int\u00e9r\u00eats \u00e0 l\u2019h\u00f4pital public"}]},{"@type":"WebSite","@id":"https:\/\/www.ricom-web8.com\/gestions\/#website","url":"https:\/\/www.ricom-web8.com\/gestions\/","name":"Gestions hospitali\u00e8res","description":"la revue des d\u00e9cideurs hospitaliers","publisher":{"@id":"https:\/\/www.ricom-web8.com\/gestions\/#organization"},"potentialAction":[{"@type":"SearchAction","target":{"@type":"EntryPoint","urlTemplate":"https:\/\/www.ricom-web8.com\/gestions\/?s={search_term_string}"},"query-input":{"@type":"PropertyValueSpecification","valueRequired":true,"valueName":"search_term_string"}}],"inLanguage":"fr-FR"},{"@type":"Organization","@id":"https:\/\/www.ricom-web8.com\/gestions\/#organization","name":"Gestions hospitali\u00e8res","url":"https:\/\/www.ricom-web8.com\/gestions\/","logo":{"@type":"ImageObject","inLanguage":"fr-FR","@id":"https:\/\/www.ricom-web8.com\/gestions\/#\/schema\/logo\/image\/","url":"https:\/\/gestions-hospitalieres.fr\/wp-content\/uploads\/2017\/02\/picto_Gif-GH-trans.png","contentUrl":"https:\/\/gestions-hospitalieres.fr\/wp-content\/uploads\/2017\/02\/picto_Gif-GH-trans.png","width":512,"height":512,"caption":"Gestions hospitali\u00e8res"},"image":{"@id":"https:\/\/www.ricom-web8.com\/gestions\/#\/schema\/logo\/image\/"},"sameAs":["https:\/\/www.facebook.com\/gestionshospitalieres\/","https:\/\/x.com\/revue_GH","https:\/\/www.linkedin.com\/company\/gestions-hospitalieres?trk=top_nav_home"]},{"@type":"Person","@id":"https:\/\/www.ricom-web8.com\/gestions\/#\/schema\/person\/810c9671279c5f5a094f6f0a42237516","name":"yann Le Sager","image":{"@type":"ImageObject","inLanguage":"fr-FR","@id":"https:\/\/www.ricom-web8.com\/gestions\/#\/schema\/person\/image\/","url":"https:\/\/secure.gravatar.com\/avatar\/36112fa5997be9e3b9acb0c60a4a1075?s=96&d=mm&r=g","contentUrl":"https:\/\/secure.gravatar.com\/avatar\/36112fa5997be9e3b9acb0c60a4a1075?s=96&d=mm&r=g","caption":"yann Le Sager"},"url":"https:\/\/www.ricom-web8.com\/gestions\/author\/lesager-yannstudioricom-com\/"}]}},"_links":{"self":[{"href":"https:\/\/www.ricom-web8.com\/gestions\/wp-json\/wp\/v2\/posts\/15985","targetHints":{"allow":["GET"]}}],"collection":[{"href":"https:\/\/www.ricom-web8.com\/gestions\/wp-json\/wp\/v2\/posts"}],"about":[{"href":"https:\/\/www.ricom-web8.com\/gestions\/wp-json\/wp\/v2\/types\/post"}],"author":[{"embeddable":true,"href":"https:\/\/www.ricom-web8.com\/gestions\/wp-json\/wp\/v2\/users\/1202"}],"replies":[{"embeddable":true,"href":"https:\/\/www.ricom-web8.com\/gestions\/wp-json\/wp\/v2\/comments?post=15985"}],"version-history":[{"count":0,"href":"https:\/\/www.ricom-web8.com\/gestions\/wp-json\/wp\/v2\/posts\/15985\/revisions"}],"wp:attachment":[{"href":"https:\/\/www.ricom-web8.com\/gestions\/wp-json\/wp\/v2\/media?parent=15985"}],"wp:term":[{"taxonomy":"category","embeddable":true,"href":"https:\/\/www.ricom-web8.com\/gestions\/wp-json\/wp\/v2\/categories?post=15985"},{"taxonomy":"post_tag","embeddable":true,"href":"https:\/\/www.ricom-web8.com\/gestions\/wp-json\/wp\/v2\/tags?post=15985"}],"curies":[{"name":"wp","href":"https:\/\/api.w.org\/{rel}","templated":true}]}}