

{"id":27806,"date":"2016-10-01T11:03:44","date_gmt":"2016-10-01T09:03:44","guid":{"rendered":"https:\/\/gestions-hospitalieres.fr\/?p=27806"},"modified":"2018-08-20T09:46:50","modified_gmt":"2018-08-20T07:46:50","slug":"la-place-des-usagers-dans-le-ght","status":"publish","type":"post","link":"https:\/\/www.ricom-web8.com\/gestions\/la-place-des-usagers-dans-le-ght\/","title":{"rendered":"La place des usagers dans le GHT"},"content":{"rendered":"<span class=\"span-reading-time rt-reading-time\" style=\"display: block;\"><span class=\"rt-label rt-prefix\">Temps de lecture\u00a0: <\/span> <span class=\"rt-time\"> 6<\/span> <span class=\"rt-label rt-postfix\">minutes<\/span><\/span><p>Les rapporteurs de la mission GHT estimaient que \u00ab\u2009<i>l\u2019\u00e9troite association des usagers et des \u00e9lus constituent [\u2026] la cl\u00e9 de vo\u00fbte de la r\u00e9ussite des GHT<\/i>\u2009<sup class=\"appel\" data-toggle=\"modal\" data-target=\"#notes\">(1)<\/sup>\u2009\u00bb et recommandaient aux responsables hospitaliers de faire preuve de p\u00e9dagogie envers ces publics en communiquant clairement sur la territorialisation de leur offre. P\u00e9dagogie, communication, certes, mais au-del\u00e0, les usagers ont-ils un r\u00f4le \u00e0 jouer dans la gouvernance des GHT\u2009? Oui, selon les rapporteurs qui pr\u00e9conisent la cr\u00e9ation d\u2019un espace d\u2019expression des usagers, qui ne seront pas directement r\u00e9dacteurs du projet m\u00e9dical partag\u00e9, permettant \u00ab\u2009<i>d\u2019une part de recueillir leurs \u00e9ventuelles propositions, d\u2019autre part de les tenir inform\u00e9s des travaux\u2009<\/i><sup class=\"appel\" data-toggle=\"modal\" data-target=\"#notes\">(2)<\/sup>\u00bb. Cette recommandation a \u00e9t\u00e9 soutenue par la ministre de la sant\u00e9 qui annon\u00e7ait \u00e0 la mi-mars, \u00e0 propos du d\u00e9cret d\u2019application relatif au GHT, qu\u2019il disposerait \u00ab\u2009<i>a minima d\u2019un lieu de concertation ad hoc pour les usagers dont les membres seront d\u00e9sign\u00e9s par les commissions d\u2019usagers de chaque \u00e9tablissement et a maxima d\u2019une commission des usagers<\/i>\u2009<sup class=\"appel\" data-toggle=\"modal\" data-target=\"#notes\">(3)<\/sup>\u2009\u00bb.<\/p>\n<h1>Une instance obligatoire pour les usagers dans le GHT<\/h1>\n<p>L\u2019article 107 de la loi de sant\u00e9 du 26 janvier 2016\u2009<sup class=\"appel\" data-toggle=\"modal\" data-target=\"#notes\">(4)<\/sup> ne mentionne ni les usagers, ni leurs modalit\u00e9s de repr\u00e9sentation au sein du GHT. Il ne pr\u00e9voit que la possibilit\u00e9 de mettre en place des instances communes au sein du groupement (\u00ab\u2009<i>le cas \u00e9ch\u00e9ant<\/i>\u2009\u00bb).<\/p>\n<p>Le d\u00e9cret du 27 avril 2016 relatif aux GHT\u2009<sup class=\"appel\" data-toggle=\"modal\" data-target=\"#notes\">(5)<\/sup> quant \u00e0 lui est plus prescriptif dans la mesure o\u00f9 il dispose que \u00ab\u2009<i>la convention constitutive pr\u00e9voit la mise en place d\u2019un comit\u00e9 des usagers ou d\u2019une commission des usagers de groupement\u2009<\/i>\u00bb (art. R.\u20096132-11 du code de la sant\u00e9 publique &#8211; CSP). De facultative, l\u2019instance des usagers dans le GHT est devenue obligatoire.<\/p>\n<p>Des dispositions similaires pr\u00e9voient en particulier la mise en place obligatoire d\u2019une instance commune m\u00e9dicale de groupement (art. R.\u20096132-9 CSP) et d\u2019une commission des soins infirmiers, de r\u00e9\u00e9ducation et m\u00e9dico-techniques de groupement (art. R.\u20096132-12 CSP).<\/p>\n<h1>Une option\u00a0: comit\u00e9 ou commission des usagers de GHT<\/h1>\n<p>Si la repr\u00e9sentation des usagers trouve tout son sens \u00e0 l\u2019\u00e9chelle du GHT dans la logique renforc\u00e9e de d\u00e9mocratie sanitaire, la composition de l\u2019instance repr\u00e9sentative des usagers de groupement, comme ses comp\u00e9tences, est partiellement encadr\u00e9e par des dispositions r\u00e9glementaires laissant une marge d\u2019appr\u00e9ciation aux acteurs plus ou moins importante. L\u2019article R.\u20096132-11 CSP laisse effectivement le choix aux \u00e9tablissements entre la cr\u00e9ation d\u2019un comit\u00e9 des usagers et d\u2019une commission des usagers du groupement. En toutes hypoth\u00e8ses, le directeur de l\u2019\u00e9tablissement support du GHT pr\u00e9side l\u2019instance repr\u00e9sentative des usagers de groupement. La convention constitutive du GHT acte l\u2019option retenue par la majorit\u00e9 des commissions des usagers (CDU) des \u00e9tablissements parties, chacune d\u2019entre elles ayant d\u00e9lib\u00e9r\u00e9 sur le choix de l\u2019instance commune\u00a0: comit\u00e9 ou commission des usagers de groupement.<\/p>\n<p style=\"padding-left: 30px;\"><b>\u00c0 noter\u2009:<\/b> selon le panorama des GHT pr\u00e9sent\u00e9 par la DGOS au Comit\u00e9 national de suivi de septembre, 69\u2009% des GHT ont opt\u00e9 pour le comit\u00e9 d\u2019usagers, plus souple, et d\u00e9j\u00e0 19\u2009% des projets d\u2019avenants recens\u00e9s portent sur l\u2019instance repr\u00e9sentative des usagers.<\/p>\n<p>Ainsi, la commission des usagers de groupement est compos\u00e9e des repr\u00e9sentants des CDU des \u00e9tablissements parties et b\u00e9n\u00e9ficie d\u2019une d\u00e9l\u00e9gation de comp\u00e9tences de ces m\u00eames CDU. Charge \u00e0 la convention constitutive de pr\u00e9voir le nombre de ces repr\u00e9sentants (et d\u2019\u00e9ventuels autres repr\u00e9sentants), ainsi que la liste des comp\u00e9tences d\u00e9l\u00e9gu\u00e9es. Les CDU des \u00e9tablissements parties peuvent alors, par d\u00e9lib\u00e9ration, d\u00e9l\u00e9guer tout ou partie de leurs comp\u00e9tences \u00e0 la commission des usagers du GHT.<\/p>\n<p>En revanche, si les \u00e9tablissements parties optent pour la mise en place d\u2019un comit\u00e9 des usagers de groupement, libre \u00e0 eux de pr\u00e9voir sa composition et ses comp\u00e9tences dans la convention constitutive, sans substitution de comp\u00e9tences avec leurs propres CDU. Ces derni\u00e8res poursuivent int\u00e9gralement leurs missions et le comit\u00e9 des usagers de groupement peut assurer des missions compl\u00e9mentaires \u00e0 l\u2019\u00e9chelle du territoire.<\/p>\n<p>Dans les deux cas, l\u2019instance \u00e9met des avis qu\u2019elle transmet au comit\u00e9 strat\u00e9gique du groupement et \u00e0 chacune des CDU des \u00e9tablissements parties.<\/p>\n<p style=\"padding-left: 30px;\"><b>\u00c0 noter\u2009:<\/b> selon le panorama des GHT de la DGOS, 45\u00a0\u00e9tablissements m\u00e9dico-sociaux sont parties dans 16\u00a0GHT (11\u2009%) et de nombreuses autres structures m\u00e9dico-sociales sont associ\u00e9es (plus de 30 GHT). Ces \u00e9tablissements ne comptent pas de CDU mais un conseil de la vie sociale. La convention constitutive du GHT peut ainsi pr\u00e9voir une repr\u00e9sentation des membres usagers des conseils de la vie sociale des \u00e9tablissements m\u00e9dico-sociaux parties au GHT.<\/p>\n<h1>Des comp\u00e9tences et un fonctionnement \u00e0 d\u00e9finir d\u2019ici la fin de l\u2019ann\u00e9e<\/h1>\n<p>Les \u00e9tablissements doivent donc se poser de nombreuses questions\u2009: quelle option choisir entre le comit\u00e9 et la commission des usagers, quelle composition, quelles missions pr\u00e9voir, quelles comp\u00e9tences d\u00e9l\u00e9guer, quel fonctionnement, quel processus d\u00e9cisionnel et quels liens avec les CDU des \u00e9tablissements parties. Ces questions doivent trouver r\u00e9ponse dans la convention constitutive ou, \u00e0 d\u00e9faut, dans le r\u00e8glement int\u00e9rieur du GHT, en cours d\u2019\u00e9laboration dans la majorit\u00e9 des groupements. Et ce d\u2019autant plus que les CDU doivent \u00eatre install\u00e9es au sein des \u00e9tablissements de sant\u00e9 avant le 4 d\u00e9cembre 2016.<\/p>\n<p>Les \u00e9tablissements doivent \u00e9galement tenir compte de la r\u00e9alit\u00e9 de terrain pour la mise en \u0153uvre op\u00e9rationnelle de l\u2019instance repr\u00e9sentative des usagers de GHT. En effet, les difficult\u00e9s rencontr\u00e9es \u00e0 l\u2019\u00e9chelle des \u00e9tablissements de sant\u00e9 se projetteront d<i>e facto<\/i> \u00e0 l\u2019\u00e9chelle du groupement\u2009: la l\u00e9gitimit\u00e9 des repr\u00e9sentants des usagers face aux professionnels et le d\u00e9ficit de ces repr\u00e9sentants du fait des multiplications des mandats (auxquelles contribue la cr\u00e9ation de l\u2019instance repr\u00e9sentative des usagers de GHT\u2009!) risquent m\u00eame de s\u2019aggraver.<\/p>\n<h1>Articulation instance du GHT\/CDU des \u00e9tablissements parties<\/h1>\n<p>Le r\u00f4le et les attributions de la CDU ont \u00e9t\u00e9 renforc\u00e9s par la loi du 26 janvier 2016 (art.\u00a0183). Ce renforcement s\u2019exprime notamment \u00e0 travers la possibilit\u00e9 d\u2019acc\u00e8s pour les repr\u00e9sentants des usagers \u00e0 la fonction de pr\u00e9sident de la commission. Mais ce sont surtout les nouvelles missions qui sont accord\u00e9es \u00e0 la CDU qui lui conf\u00e8re un r\u00f4le d\u00e9sormais incontournable \u00e0 l\u2019h\u00f4pital. Elle participe ainsi \u00ab\u2009<i>\u00e0 l\u2019\u00e9laboration de la politique men\u00e9e dans l\u2019\u00e9tablissement en ce qui concerne l\u2019accueil, la prise en charge, l\u2019information et les droits des usagers. Elle est associ\u00e9e \u00e0 l\u203aorganisation des parcours de soins<\/i> <i>ainsi qu\u2019\u00e0 la politique de qualit\u00e9 et de s\u00e9curit\u00e9 \u00e9labor\u00e9e par la CME [\u2026] et peut se saisir de tout sujet se rapportant \u00e0 [cette politique]. Elle fait des propositions sur ces sujets et est inform\u00e9e des suites qui leur sont donn\u00e9es. Elle est inform\u00e9e de l\u2019ensemble des plaintes et des r\u00e9clamations form\u00e9es par les usagers de l\u2019\u00e9tablissement ainsi que des suites qui leur sont donn\u00e9es<\/i>\u2009\u00bb (art. L.1112-3 CSP). D\u2019un point de vue pragmatique, la CDU peut d\u00e9sormais proposer un projet des usagers exprimant \u00ab\u2009<i>les attentes et propositions des usagers au regard de la politique d\u2019accueil, de la qualit\u00e9 et de la s\u00e9curit\u00e9 de la prise en charge et du respect des droits des usagers [\u2026] en vue de l\u2019\u00e9laboration du projet d\u2019\u00e9tablissement\u2009<\/i>\u00bb\u2009<sup class=\"appel\" data-toggle=\"modal\" data-target=\"#notes\">(6)<\/sup>.<\/p>\n<p>Or, l\u2019organisation des parcours de soins comme la politique de qualit\u00e9 et de s\u00e9curit\u00e9 des soins rel\u00e8vent d\u00e9sormais du projet m\u00e9dical partag\u00e9 du GHT. Il appara\u00eet donc coh\u00e9rent que ces missions puissent entrer dans le champ de comp\u00e9tences de l\u2019instance repr\u00e9sentative des usagers de GHT, tout comme la nouvelle capacit\u00e9 d\u2019autosaisine associ\u00e9e \u00e0 cette politique. Bien \u00e9videmment, ces consid\u00e9rations doivent \u00eatre \u00e9tudi\u00e9es \u00e0 la lueur de la composition et de la taille de chaque GHT, car la gestion de la politique de qualit\u00e9 et de s\u00e9curit\u00e9 des soins ne sera pas men\u00e9e de la m\u00eame mani\u00e8re dans un GHT \u00e0 deux membres que dans un GHT \u00e0 19 membres. Lorsque la d\u00e9l\u00e9gation de comp\u00e9tences ne pourra \u00eatre r\u00e9alisable, le comit\u00e9 des usagers de GHT pourra \u00eatre <i>a minima<\/i> responsable du projet des usagers qu\u2019il est l\u00e9gitime \u00e0 coordonner.<\/p>\n<p>Il n\u2019en va pas de m\u00eame de la mission de gestion des plaintes et r\u00e9clamations qu\u2019il semble plus opportun de maintenir au plus proche des patients, c\u2019est-\u00e0-dire dans le portefeuille des CDU des \u00e9tablissements parties.<\/p>\n<h1>En mati\u00e8re de repr\u00e9sentation des usagers, la r\u00e9forme GHT irait-elle \u00e0 l\u2019encontre de l\u2019\u00e9volution des CDU\u2009?<\/h1>\n<p>Selon la modalit\u00e9 de fonctionnement choisie, les responsables hospitaliers devront effectivement faire preuve de p\u00e9dagogie tant il est vrai que les d\u00e9l\u00e9gations de comp\u00e9tences entre la commission des usagers de GHT et les CDU des \u00e9tablissements parties pourraient \u00eatre consid\u00e9r\u00e9es comme un affaiblissement de ces derni\u00e8res qui se voient dessaisies d\u2019une partie de leurs nouvelles pr\u00e9rogatives acquises avec la loi du 26 janvier 2016. D\u2019autant que ce sentiment d\u2019affaiblissement est accentu\u00e9 avec la fonction de pr\u00e9sident de la commission de GHT, d\u00e9volue par les textes au directeur de l\u2019\u00e9tablissement support\u2009: si le pr\u00e9sident de la CDU \u00e0 l\u2019h\u00f4pital peut \u00eatre un repr\u00e9sentant d\u2019usagers, la fonction n\u2019est pas accessible aux usagers au niveau du GHT. \u00c0 l\u2019inverse, en cas de comit\u00e9 des usagers de GHT, l\u2019absence totale de d\u00e9l\u00e9gation de comp\u00e9tences prive les usagers de leur r\u00f4le consultatif, de leur force de proposition, de leur capacit\u00e9 d\u2019autosaisine et de leur droit \u00e0 une information \u00e9largie au niveau du territoire.<\/p>\n<p>Le renforcement du r\u00f4le des usagers dans l\u2019h\u00f4pital, introduit par l\u2019article 183 de la loi du 26 janvier 2016, n\u2019est-il donc pas en partie neutralis\u00e9 par la mise en place des GHT, cr\u00e9\u00e9s par l\u2019article 107 de cette m\u00eame loi, et de leurs instances repr\u00e9sentatives des usagers d\u00e9sormais obligatoires\u2009? Le pouvoir accord\u00e9 d\u2019un c\u00f4t\u00e9 n\u2019est-il pas repris de l\u2019autre\u2009?<\/p>\n<p>Autant de questions qui trouveront r\u00e9ponse \u00e0 la lueur des avenants aux conventions constitutives des 135 GHT et de leur r\u00e8glement int\u00e9rieur respectif d\u2019ici le 31 d\u00e9cembre\u2026<\/p>\n<script>function PlayerjsAsync(){} if(window[\"Playerjs\"]){PlayerjsAsync();}<\/script>","protected":false},"excerpt":{"rendered":"<p><span class=\"span-reading-time rt-reading-time\" style=\"display: block;\"><span class=\"rt-label rt-prefix\">Temps de lecture\u00a0: <\/span> <span class=\"rt-time\"> 6<\/span> <span class=\"rt-label rt-postfix\">minutes<\/span><\/span>Les rapporteurs de la mission GHT estimaient que \u00ab\u2009l\u2019\u00e9troite association des usagers et des \u00e9lus constituent [\u2026] la cl\u00e9 de vo\u00fbte de la r\u00e9ussite des GHT\u2009(1)\u2009\u00bb et recommandaient aux responsables hospitaliers de faire preuve de p\u00e9dagogie envers ces publics en communiquant clairement sur la territorialisation de leur offre. P\u00e9dagogie, communication, certes, mais au-del\u00e0, les usagers ont-ils un r\u00f4le \u00e0 jouer dans la gouvernance des GHT\u2009? Oui, selon les rapporteurs qui&hellip; <\/p>\n","protected":false},"author":7,"featured_media":0,"comment_status":"closed","ping_status":"open","sticky":false,"template":"","format":"standard","meta":{"_acf_changed":false,"_relevanssi_hide_post":"","_relevanssi_hide_content":"","_relevanssi_pin_for_all":"","_relevanssi_pin_keywords":"","_relevanssi_unpin_keywords":"","_relevanssi_related_keywords":"","_relevanssi_related_include_ids":"","_relevanssi_related_exclude_ids":"","_relevanssi_related_no_append":"","_relevanssi_related_not_related":"","_relevanssi_related_posts":"","_relevanssi_noindex_reason":"","footnotes":""},"categories":[2,70],"tags":[4637,4638,4472,334,1809,388],"class_list":["post-27806","post","type-post","status-publish","format-standard","hentry","category-gestions-hospitalieres","category-jurisante","tag-cdu","tag-comite-des-usagers","tag-commission-des-usagers","tag-droits-des-patients","tag-ght","tag-representant-des-usagers"],"acf":[],"yoast_head":"<!-- This site is optimized with the Yoast SEO plugin v24.8.1 - https:\/\/yoast.com\/wordpress\/plugins\/seo\/ -->\n<title>La place des usagers dans le GHT - Gestions hospitali\u00e8res<\/title>\n<meta name=\"robots\" content=\"index, follow, max-snippet:-1, max-image-preview:large, max-video-preview:-1\" \/>\n<link rel=\"canonical\" href=\"https:\/\/www.ricom-web8.com\/gestions\/la-place-des-usagers-dans-le-ght\/\" \/>\n<meta property=\"og:locale\" content=\"fr_FR\" \/>\n<meta property=\"og:type\" content=\"article\" \/>\n<meta property=\"og:title\" content=\"La place des usagers dans le GHT - Gestions hospitali\u00e8res\" \/>\n<meta property=\"og:description\" content=\"Temps de lecture\u00a0:  6 minutesLes rapporteurs de la mission GHT estimaient que \u00ab\u2009l\u2019\u00e9troite association des usagers et des \u00e9lus constituent [\u2026] la cl\u00e9 de vo\u00fbte de la r\u00e9ussite des GHT\u2009(1)\u2009\u00bb et recommandaient aux responsables hospitaliers de faire preuve de p\u00e9dagogie envers ces publics en communiquant clairement sur la territorialisation de leur offre. P\u00e9dagogie, communication, certes, mais au-del\u00e0, les usagers ont-ils un r\u00f4le \u00e0 jouer dans la gouvernance des GHT\u2009? Oui, selon les rapporteurs qui&hellip;\" \/>\n<meta property=\"og:url\" content=\"https:\/\/www.ricom-web8.com\/gestions\/la-place-des-usagers-dans-le-ght\/\" \/>\n<meta property=\"og:site_name\" content=\"Gestions hospitali\u00e8res\" \/>\n<meta property=\"article:publisher\" content=\"https:\/\/www.facebook.com\/gestionshospitalieres\/\" \/>\n<meta property=\"article:published_time\" content=\"2016-10-01T09:03:44+00:00\" \/>\n<meta property=\"article:modified_time\" content=\"2018-08-20T07:46:50+00:00\" \/>\n<meta name=\"author\" content=\"Claire Marvanne\" \/>\n<meta name=\"twitter:card\" content=\"summary_large_image\" \/>\n<meta name=\"twitter:creator\" content=\"@revue_GH\" \/>\n<meta name=\"twitter:site\" content=\"@revue_GH\" \/>\n<meta name=\"twitter:label1\" content=\"\u00c9crit par\" \/>\n\t<meta name=\"twitter:data1\" content=\"Claire Marvanne\" \/>\n\t<meta name=\"twitter:label2\" content=\"Dur\u00e9e de lecture estim\u00e9e\" \/>\n\t<meta name=\"twitter:data2\" content=\"9 minutes\" \/>\n<script type=\"application\/ld+json\" class=\"yoast-schema-graph\">{\"@context\":\"https:\/\/schema.org\",\"@graph\":[{\"@type\":\"Article\",\"@id\":\"https:\/\/www.ricom-web8.com\/gestions\/la-place-des-usagers-dans-le-ght\/#article\",\"isPartOf\":{\"@id\":\"https:\/\/www.ricom-web8.com\/gestions\/la-place-des-usagers-dans-le-ght\/\"},\"author\":{\"name\":\"Claire Marvanne\",\"@id\":\"https:\/\/www.ricom-web8.com\/gestions\/#\/schema\/person\/6049cf2336849d3888e3486b68a0e3aa\"},\"headline\":\"La place des usagers dans le GHT\",\"datePublished\":\"2016-10-01T09:03:44+00:00\",\"dateModified\":\"2018-08-20T07:46:50+00:00\",\"mainEntityOfPage\":{\"@id\":\"https:\/\/www.ricom-web8.com\/gestions\/la-place-des-usagers-dans-le-ght\/\"},\"wordCount\":1772,\"publisher\":{\"@id\":\"https:\/\/www.ricom-web8.com\/gestions\/#organization\"},\"keywords\":[\"CDU\",\"comit\u00e9 des usagers\",\"commission des usagers\",\"droits des patients\",\"GHT\",\"repr\u00e9sentant des usagers\"],\"articleSection\":[\"Gestions Hospitali\u00e8res\",\"JuriSant\u00e9\"],\"inLanguage\":\"fr-FR\"},{\"@type\":\"WebPage\",\"@id\":\"https:\/\/www.ricom-web8.com\/gestions\/la-place-des-usagers-dans-le-ght\/\",\"url\":\"https:\/\/www.ricom-web8.com\/gestions\/la-place-des-usagers-dans-le-ght\/\",\"name\":\"La place des usagers dans le GHT - Gestions hospitali\u00e8res\",\"isPartOf\":{\"@id\":\"https:\/\/www.ricom-web8.com\/gestions\/#website\"},\"datePublished\":\"2016-10-01T09:03:44+00:00\",\"dateModified\":\"2018-08-20T07:46:50+00:00\",\"breadcrumb\":{\"@id\":\"https:\/\/www.ricom-web8.com\/gestions\/la-place-des-usagers-dans-le-ght\/#breadcrumb\"},\"inLanguage\":\"fr-FR\",\"potentialAction\":[{\"@type\":\"ReadAction\",\"target\":[\"https:\/\/www.ricom-web8.com\/gestions\/la-place-des-usagers-dans-le-ght\/\"]}]},{\"@type\":\"BreadcrumbList\",\"@id\":\"https:\/\/www.ricom-web8.com\/gestions\/la-place-des-usagers-dans-le-ght\/#breadcrumb\",\"itemListElement\":[{\"@type\":\"ListItem\",\"position\":1,\"name\":\"Accueil\",\"item\":\"https:\/\/www.ricom-web8.com\/gestions\/\"},{\"@type\":\"ListItem\",\"position\":2,\"name\":\"La place des usagers dans le GHT\"}]},{\"@type\":\"WebSite\",\"@id\":\"https:\/\/www.ricom-web8.com\/gestions\/#website\",\"url\":\"https:\/\/www.ricom-web8.com\/gestions\/\",\"name\":\"Gestions hospitali\u00e8res\",\"description\":\"la revue des d\u00e9cideurs hospitaliers\",\"publisher\":{\"@id\":\"https:\/\/www.ricom-web8.com\/gestions\/#organization\"},\"potentialAction\":[{\"@type\":\"SearchAction\",\"target\":{\"@type\":\"EntryPoint\",\"urlTemplate\":\"https:\/\/www.ricom-web8.com\/gestions\/?s={search_term_string}\"},\"query-input\":{\"@type\":\"PropertyValueSpecification\",\"valueRequired\":true,\"valueName\":\"search_term_string\"}}],\"inLanguage\":\"fr-FR\"},{\"@type\":\"Organization\",\"@id\":\"https:\/\/www.ricom-web8.com\/gestions\/#organization\",\"name\":\"Gestions hospitali\u00e8res\",\"url\":\"https:\/\/www.ricom-web8.com\/gestions\/\",\"logo\":{\"@type\":\"ImageObject\",\"inLanguage\":\"fr-FR\",\"@id\":\"https:\/\/www.ricom-web8.com\/gestions\/#\/schema\/logo\/image\/\",\"url\":\"https:\/\/gestions-hospitalieres.fr\/wp-content\/uploads\/2017\/02\/picto_Gif-GH-trans.png\",\"contentUrl\":\"https:\/\/gestions-hospitalieres.fr\/wp-content\/uploads\/2017\/02\/picto_Gif-GH-trans.png\",\"width\":512,\"height\":512,\"caption\":\"Gestions hospitali\u00e8res\"},\"image\":{\"@id\":\"https:\/\/www.ricom-web8.com\/gestions\/#\/schema\/logo\/image\/\"},\"sameAs\":[\"https:\/\/www.facebook.com\/gestionshospitalieres\/\",\"https:\/\/x.com\/revue_GH\",\"https:\/\/www.linkedin.com\/company\/gestions-hospitalieres?trk=top_nav_home\"]},{\"@type\":\"Person\",\"@id\":\"https:\/\/www.ricom-web8.com\/gestions\/#\/schema\/person\/6049cf2336849d3888e3486b68a0e3aa\",\"name\":\"Claire Marvanne\",\"image\":{\"@type\":\"ImageObject\",\"inLanguage\":\"fr-FR\",\"@id\":\"https:\/\/www.ricom-web8.com\/gestions\/#\/schema\/person\/image\/\",\"url\":\"https:\/\/secure.gravatar.com\/avatar\/3d923d03c6d772177c8101340ea10ab0?s=96&d=mm&r=g\",\"contentUrl\":\"https:\/\/secure.gravatar.com\/avatar\/3d923d03c6d772177c8101340ea10ab0?s=96&d=mm&r=g\",\"caption\":\"Claire Marvanne\"},\"sameAs\":[\"https:\/\/gestions-hospitalieres.fr\"],\"url\":\"https:\/\/www.ricom-web8.com\/gestions\/author\/claire\/\"}]}<\/script>\n<!-- \/ Yoast SEO plugin. -->","yoast_head_json":{"title":"La place des usagers dans le GHT - Gestions hospitali\u00e8res","robots":{"index":"index","follow":"follow","max-snippet":"max-snippet:-1","max-image-preview":"max-image-preview:large","max-video-preview":"max-video-preview:-1"},"canonical":"https:\/\/www.ricom-web8.com\/gestions\/la-place-des-usagers-dans-le-ght\/","og_locale":"fr_FR","og_type":"article","og_title":"La place des usagers dans le GHT - Gestions hospitali\u00e8res","og_description":"Temps de lecture\u00a0:  6 minutesLes rapporteurs de la mission GHT estimaient que \u00ab\u2009l\u2019\u00e9troite association des usagers et des \u00e9lus constituent [\u2026] la cl\u00e9 de vo\u00fbte de la r\u00e9ussite des GHT\u2009(1)\u2009\u00bb et recommandaient aux responsables hospitaliers de faire preuve de p\u00e9dagogie envers ces publics en communiquant clairement sur la territorialisation de leur offre. P\u00e9dagogie, communication, certes, mais au-del\u00e0, les usagers ont-ils un r\u00f4le \u00e0 jouer dans la gouvernance des GHT\u2009? Oui, selon les rapporteurs qui&hellip;","og_url":"https:\/\/www.ricom-web8.com\/gestions\/la-place-des-usagers-dans-le-ght\/","og_site_name":"Gestions hospitali\u00e8res","article_publisher":"https:\/\/www.facebook.com\/gestionshospitalieres\/","article_published_time":"2016-10-01T09:03:44+00:00","article_modified_time":"2018-08-20T07:46:50+00:00","author":"Claire Marvanne","twitter_card":"summary_large_image","twitter_creator":"@revue_GH","twitter_site":"@revue_GH","twitter_misc":{"\u00c9crit par":"Claire Marvanne","Dur\u00e9e de lecture estim\u00e9e":"9 minutes"},"schema":{"@context":"https:\/\/schema.org","@graph":[{"@type":"Article","@id":"https:\/\/www.ricom-web8.com\/gestions\/la-place-des-usagers-dans-le-ght\/#article","isPartOf":{"@id":"https:\/\/www.ricom-web8.com\/gestions\/la-place-des-usagers-dans-le-ght\/"},"author":{"name":"Claire Marvanne","@id":"https:\/\/www.ricom-web8.com\/gestions\/#\/schema\/person\/6049cf2336849d3888e3486b68a0e3aa"},"headline":"La place des usagers dans le GHT","datePublished":"2016-10-01T09:03:44+00:00","dateModified":"2018-08-20T07:46:50+00:00","mainEntityOfPage":{"@id":"https:\/\/www.ricom-web8.com\/gestions\/la-place-des-usagers-dans-le-ght\/"},"wordCount":1772,"publisher":{"@id":"https:\/\/www.ricom-web8.com\/gestions\/#organization"},"keywords":["CDU","comit\u00e9 des usagers","commission des usagers","droits des patients","GHT","repr\u00e9sentant des usagers"],"articleSection":["Gestions Hospitali\u00e8res","JuriSant\u00e9"],"inLanguage":"fr-FR"},{"@type":"WebPage","@id":"https:\/\/www.ricom-web8.com\/gestions\/la-place-des-usagers-dans-le-ght\/","url":"https:\/\/www.ricom-web8.com\/gestions\/la-place-des-usagers-dans-le-ght\/","name":"La place des usagers dans le GHT - Gestions hospitali\u00e8res","isPartOf":{"@id":"https:\/\/www.ricom-web8.com\/gestions\/#website"},"datePublished":"2016-10-01T09:03:44+00:00","dateModified":"2018-08-20T07:46:50+00:00","breadcrumb":{"@id":"https:\/\/www.ricom-web8.com\/gestions\/la-place-des-usagers-dans-le-ght\/#breadcrumb"},"inLanguage":"fr-FR","potentialAction":[{"@type":"ReadAction","target":["https:\/\/www.ricom-web8.com\/gestions\/la-place-des-usagers-dans-le-ght\/"]}]},{"@type":"BreadcrumbList","@id":"https:\/\/www.ricom-web8.com\/gestions\/la-place-des-usagers-dans-le-ght\/#breadcrumb","itemListElement":[{"@type":"ListItem","position":1,"name":"Accueil","item":"https:\/\/www.ricom-web8.com\/gestions\/"},{"@type":"ListItem","position":2,"name":"La place des usagers dans le GHT"}]},{"@type":"WebSite","@id":"https:\/\/www.ricom-web8.com\/gestions\/#website","url":"https:\/\/www.ricom-web8.com\/gestions\/","name":"Gestions hospitali\u00e8res","description":"la revue des d\u00e9cideurs hospitaliers","publisher":{"@id":"https:\/\/www.ricom-web8.com\/gestions\/#organization"},"potentialAction":[{"@type":"SearchAction","target":{"@type":"EntryPoint","urlTemplate":"https:\/\/www.ricom-web8.com\/gestions\/?s={search_term_string}"},"query-input":{"@type":"PropertyValueSpecification","valueRequired":true,"valueName":"search_term_string"}}],"inLanguage":"fr-FR"},{"@type":"Organization","@id":"https:\/\/www.ricom-web8.com\/gestions\/#organization","name":"Gestions hospitali\u00e8res","url":"https:\/\/www.ricom-web8.com\/gestions\/","logo":{"@type":"ImageObject","inLanguage":"fr-FR","@id":"https:\/\/www.ricom-web8.com\/gestions\/#\/schema\/logo\/image\/","url":"https:\/\/gestions-hospitalieres.fr\/wp-content\/uploads\/2017\/02\/picto_Gif-GH-trans.png","contentUrl":"https:\/\/gestions-hospitalieres.fr\/wp-content\/uploads\/2017\/02\/picto_Gif-GH-trans.png","width":512,"height":512,"caption":"Gestions hospitali\u00e8res"},"image":{"@id":"https:\/\/www.ricom-web8.com\/gestions\/#\/schema\/logo\/image\/"},"sameAs":["https:\/\/www.facebook.com\/gestionshospitalieres\/","https:\/\/x.com\/revue_GH","https:\/\/www.linkedin.com\/company\/gestions-hospitalieres?trk=top_nav_home"]},{"@type":"Person","@id":"https:\/\/www.ricom-web8.com\/gestions\/#\/schema\/person\/6049cf2336849d3888e3486b68a0e3aa","name":"Claire Marvanne","image":{"@type":"ImageObject","inLanguage":"fr-FR","@id":"https:\/\/www.ricom-web8.com\/gestions\/#\/schema\/person\/image\/","url":"https:\/\/secure.gravatar.com\/avatar\/3d923d03c6d772177c8101340ea10ab0?s=96&d=mm&r=g","contentUrl":"https:\/\/secure.gravatar.com\/avatar\/3d923d03c6d772177c8101340ea10ab0?s=96&d=mm&r=g","caption":"Claire Marvanne"},"sameAs":["https:\/\/gestions-hospitalieres.fr"],"url":"https:\/\/www.ricom-web8.com\/gestions\/author\/claire\/"}]}},"_links":{"self":[{"href":"https:\/\/www.ricom-web8.com\/gestions\/wp-json\/wp\/v2\/posts\/27806","targetHints":{"allow":["GET"]}}],"collection":[{"href":"https:\/\/www.ricom-web8.com\/gestions\/wp-json\/wp\/v2\/posts"}],"about":[{"href":"https:\/\/www.ricom-web8.com\/gestions\/wp-json\/wp\/v2\/types\/post"}],"author":[{"embeddable":true,"href":"https:\/\/www.ricom-web8.com\/gestions\/wp-json\/wp\/v2\/users\/7"}],"replies":[{"embeddable":true,"href":"https:\/\/www.ricom-web8.com\/gestions\/wp-json\/wp\/v2\/comments?post=27806"}],"version-history":[{"count":0,"href":"https:\/\/www.ricom-web8.com\/gestions\/wp-json\/wp\/v2\/posts\/27806\/revisions"}],"wp:attachment":[{"href":"https:\/\/www.ricom-web8.com\/gestions\/wp-json\/wp\/v2\/media?parent=27806"}],"wp:term":[{"taxonomy":"category","embeddable":true,"href":"https:\/\/www.ricom-web8.com\/gestions\/wp-json\/wp\/v2\/categories?post=27806"},{"taxonomy":"post_tag","embeddable":true,"href":"https:\/\/www.ricom-web8.com\/gestions\/wp-json\/wp\/v2\/tags?post=27806"}],"curies":[{"name":"wp","href":"https:\/\/api.w.org\/{rel}","templated":true}]}}