

{"id":32166,"date":"2017-02-01T13:07:54","date_gmt":"2017-02-01T12:07:54","guid":{"rendered":"https:\/\/gestions-hospitalieres.fr\/?p=32166"},"modified":"2019-01-23T14:16:47","modified_gmt":"2019-01-23T13:16:47","slug":"former-demain%e2%80%89-formation-3-0","status":"publish","type":"post","link":"https:\/\/www.ricom-web8.com\/gestions\/former-demain%e2%80%89-formation-3-0\/","title":{"rendered":"Former pour demain\u2009?"},"content":{"rendered":"<span class=\"span-reading-time rt-reading-time\" style=\"display: block;\"><span class=\"rt-label rt-prefix\">Temps de lecture\u00a0: <\/span> <span class=\"rt-time\"> 3<\/span> <span class=\"rt-label rt-postfix\">minutes<\/span><\/span><h1>Les \u00e9volutions tendencielles<\/h1>\n<p>Sous le double effet de l\u2019augmentation du <i>numerus clausus<\/i> et du nombre de places dans les instituts de formation en soins infirmiers (Ifsi), la masse totale des \u00e9tudiants \u00e0 former a \u00e9t\u00e9 de 160\u2009000 m\u00e9decins\/dentistes\/pharmaciens\/sages-femmes en formation en 2014 (et 57\u2009000 en Paces) et 142\u2009000 professionnels de sant\u00e9 non m\u00e9dicaux en 2013 (hors aides-soignants\u2009<sup class=\"appel\" data-toggle=\"modal\" data-target=\"#notes\">(1)<\/sup>). La formation des professionnels de sant\u00e9 de demain devra parachever l\u2019universitarisation et tenir compte de la digitalisation.<\/p>\n<h1>Une organisation h\u00e9t\u00e9rog\u00e8ne entre les professions<\/h1>\n<p>La formation des professionnels de sant\u00e9 est actuellement peu lisible, issue de trois mod\u00e8les diff\u00e9rents\u2009:<\/p>\n<ul>\n<li>les m\u00e9decins, pharmaciens, dentistes, sages-femmes sont form\u00e9s \u00e0 l\u2019universit\u00e9, dans des composantes sant\u00e9, li\u00e9es aux CHU par une convention hospitalo-universitaire\u2009;<\/li>\n<li>la majorit\u00e9 des professionnels non m\u00e9dicaux, notamment les infirmiers et les professionnels de r\u00e9adaptation, sont form\u00e9s dans des instituts g\u00e9r\u00e9s par des h\u00f4pitaux publics ou de statut priv\u00e9. Ces instituts ont des relations variables avec les universit\u00e9s avec lesquelles ils ont obligation de conclure des conventions\u2009;<\/li>\n<li>d\u2019autres professionnels de sant\u00e9, comme les orthophonistes, les opticiens, les psychologues, sont form\u00e9s \u00e0 l\u2019universit\u00e9 dans des composantes sant\u00e9 ou dans d\u2019autres composantes, dont les liens avec les \u00e9tablissements de soins sont plus ou moins \u00e9loign\u00e9s.<\/li>\n<\/ul>\n<button data-toggle=\"collapse\" data-target=\"#enc_2017_93_01\">FIGURE 1<\/button><div id=\"enc_2017_93_01\" class=\"encadre collapse\"><p><span class=\"surtitre_enc\">Figure 1<\/span><\/p>\n<h2>Une situation \u00e9clat\u00e9e et complexe<\/h2>\n<p><img decoding=\"async\" class=\"alignnone size-full wp-image-32169\" src=\"https:\/\/gestions-hospitalieres.fr\/wp-content\/uploads\/2017\/03\/Capture-d\u2019\u00e9cran-2017-03-08-\u00e0-13.56.24.png\" alt=\"Capture d\u2019\u00e9cran 2017-03-08 \u00e0 13.56.24\" width=\"600\" height=\"350\" srcset=\"https:\/\/www.ricom-web8.com\/gestions\/wp-content\/uploads\/2017\/03\/Capture-d\u2019\u00e9cran-2017-03-08-\u00e0-13.56.24.png 600w, https:\/\/www.ricom-web8.com\/gestions\/wp-content\/uploads\/2017\/03\/Capture-d\u2019\u00e9cran-2017-03-08-\u00e0-13.56.24-300x175.png 300w\" sizes=\"(max-width: 600px) 100vw, 600px\" \/><\/p>\n<\/div>\n<p>Cette multiplicit\u00e9 de situations fait figure d\u2019exception, notamment pour les \u00e9tudes en soins infirmiers organis\u00e9es dans la plupart des pays europ\u00e9ens \u00e0 l\u2019universit\u00e9. Elle fait obstacle \u00e0 plusieurs enjeux majeurs\u2009:<\/p>\n<ul>\n<li>le d\u00e9veloppement d\u2019activit\u00e9s de recherche dans d\u2019autres champs que la m\u00e9decine et men\u00e9es par d\u2019autres professionnels que les m\u00e9decins. Cette situation est criante pour la recherche en soins infirmiers et en r\u00e9adaptation\u2009;<\/li>\n<li>la formation pluriprofessionnelle et le d\u00e9veloppement de strat\u00e9gies d\u2019\u00e9quipes. Or, toutes les formations doivent converger (relation clinique, <i>soft skills<\/i>, collaboration interprofessionnelle\u2026) afin de favoriser le collectif au travail.<\/li>\n<\/ul>\n<p>\u00c0 Toulouse, les CHU se sont pr\u00e9sent\u00e9s comme les inventeurs du mod\u00e8le p\u00e9dagogique de demain pour la formation en sant\u00e9. Ils souhaitent int\u00e9grer toutes les formations \u00e0 l\u2019universit\u00e9.<\/p>\n<h3>Proposition 12 : int\u00e9grer dans l\u2019universit\u00e9 toutes les formations aux m\u00e9tiers de la sant\u00e9 et assurer une formation pratique de qualit\u00e9, notamment en ambulatoire<\/h3>\n<h3>Proposition 13 : diversifier les modalit\u00e9s de recrutement des professionnels de sant\u00e9 et favoriser la promotion professionnelle et les passerelles entre les cursus<\/h3>\n<p>Face aux nouveaux enjeux, les CHU ont \u00e9galement mis en avant la n\u00e9cessaire adaptation des dispositifs de formation actuels et leurs objectifs communs.\u00a0En lien avec les facult\u00e9s de sant\u00e9, cette promotion passe par la mise en place de centres de simulation et de e-learning dans tous les CHU et dans toutes les r\u00e9gions, pour la formation m\u00e9dicale et non m\u00e9dicale, dans un objectif d\u2019harmonisation des pratiques et de d\u00e9veloppement de la s\u00e9curit\u00e9 des soins et du respect des patients (\u00ab\u2009jamais la premi\u00e8re fois sur le patient\u2009<sup class=\"appel\" data-toggle=\"modal\" data-target=\"#notes\">(2)\u2009<\/sup>\u00bb), en permettant la mod\u00e9lisation de situations de soins qui d\u00e9veloppent des comp\u00e9tences individuelles et\/ou collectives\u2009; ils souhaitent favoriser l\u2019acc\u00e8s \u00e0 ces plates-formes aux professionnels des territoires, en particulier au sein des GHT. Ces plates-formes peuvent \u00eatre mutualis\u00e9es avec d\u2019autres acteurs, notamment avec des partenaires industriels.<\/p>\n<p>Le risque de confusion entre outil num\u00e9rique et projet p\u00e9dagogique a \u00e9t\u00e9 soulign\u00e9\u00a0: certes, les outils num\u00e9riques sont une aide consid\u00e9rable pour de nouvelles m\u00e9thodes p\u00e9dagogiques, en d\u00e9veloppant l\u2019interactivit\u00e9 et la formation permanentes. Mais les universit\u00e9s ont rappel\u00e9 que l\u2019information doit \u00eatre organis\u00e9e, gradu\u00e9e, avec des contenus valid\u00e9s et accompagn\u00e9s. Le num\u00e9rique permet aussi de concevoir des plateformes d\u2019entra\u00eenement, comme l\u2019exp\u00e9rience de Grenoble avec une plateforme informatis\u00e9e pour l\u2019examen classant national (ECN) partag\u00e9e avec toutes les facult\u00e9s de m\u00e9decine. Un des enjeux est de pouvoir continuer \u00e0 d\u00e9velopper ce type d\u2019outils pour l\u2019ensemble des cycles, mais aussi pour la formation continue et pour l\u2019ensemble des formations de sant\u00e9.<\/p>\n<button data-toggle=\"collapse\" data-target=\"#enc_2017_93_02\">ENCADR\u00c9 1<\/button><div id=\"enc_2017_93_02\" class=\"encadre collapse\"><p><span class=\"surtitre_enc\">encadr\u00e9 1<\/span><\/p>\n<h2>La simulation en sant\u00e9<\/h2>\n<p><img decoding=\"async\" class=\"alignright size-medium wp-image-32170\" src=\"https:\/\/gestions-hospitalieres.fr\/wp-content\/uploads\/2017\/03\/SimuSant\u00e91-300x174.jpg\" alt=\"SimuSant\u00e91\" width=\"300\" height=\"174\" srcset=\"https:\/\/www.ricom-web8.com\/gestions\/wp-content\/uploads\/2017\/03\/SimuSant\u00e91-300x174.jpg 300w, https:\/\/www.ricom-web8.com\/gestions\/wp-content\/uploads\/2017\/03\/SimuSant\u00e91.jpg 600w\" sizes=\"(max-width: 300px) 100vw, 300px\" \/> Avec les exp\u00e9riences de la plate-forme Ilumens de l\u2019universit\u00e9 Paris-Descartes, les centres de simulation d\u2019Angers, du Mans, et la dynamique du groupe Hugo, les CHU ont rappel\u00e9 l\u2019int\u00e9r\u00eat de cette m\u00e9thode de formation qui renforce le lien entre la formation et l\u2019exercice professionnel en permettant de s\u00e9curiser les pratiques\u2009: pour les professionnels, pour les \u00e9quipes, pour l\u2019interaction professionnel\/patient, mais aussi pour les patients eux-m\u00eames.<\/p>\n<p>Les \u00e9tudes sur les apports de la simulation t\u00e9moignent d\u2019un impact \u00e0 la fois sur les comp\u00e9tences techniques (gestes, manipulations de patients, apprentissage du raisonnement clinique) et non techniques (dispositifs d\u2019annonce au patient ou d\u2019\u00e9ducation th\u00e9rapeutique du patient), mais aussi sur la performance globale de l\u2019organisation gr\u00e2ce \u00e0 l\u2019am\u00e9lioration des comp\u00e9tences et des comportements de <img decoding=\"async\" class=\"alignleft size-medium wp-image-32171\" src=\"https:\/\/gestions-hospitalieres.fr\/wp-content\/uploads\/2017\/03\/SimuSant\u00e92-300x226.jpg\" alt=\"SimuSant\u00e92\" width=\"300\" height=\"226\" srcset=\"https:\/\/www.ricom-web8.com\/gestions\/wp-content\/uploads\/2017\/03\/SimuSant\u00e92-300x226.jpg 300w, https:\/\/www.ricom-web8.com\/gestions\/wp-content\/uploads\/2017\/03\/SimuSant\u00e92.jpg 600w, https:\/\/www.ricom-web8.com\/gestions\/wp-content\/uploads\/2017\/03\/SimuSant\u00e92-345x259.jpg 345w\" sizes=\"(max-width: 300px) 100vw, 300px\" \/>chaque professionnel ainsi que du collectif de professionnels. Pour cela, plusieurs \u00e9tablissements mettent en place des s\u00e9ances de simulation en \u00e9quipe ou des reconstitutions d\u2019\u00e9v\u00e9nements ind\u00e9sirables graves. Compte tenu de ces b\u00e9n\u00e9fices sur la qualit\u00e9 et la s\u00e9curit\u00e9 des soins, le d\u00e9veloppement de la simulation est pour les CHU un enjeu majeur afin de d\u00e9velopper une culture de la s\u00e9curit\u00e9 dans nos organisations*. L\u00e0 aussi, les enjeux sont financiers\u2009: au-del\u00e0 des besoins en \u00e9quipements techniques ou num\u00e9riques dont le co\u00fbt reste limit\u00e9, la simulation consomme du temps humain en formateurs et en temps d\u00e9di\u00e9 pour la formation, avec un enjeu qualitatif qui r\u00e9duit le volume de personnes pouvant en b\u00e9n\u00e9ficier simultan\u00e9ment. Des cr\u00e9dits sont d\u00e9j\u00e0 identifi\u00e9s par les ARS. Mais les d\u00e9penses directes n\u00e9cessaires au d\u00e9veloppement de la simulation restent pour les CHU bien inf\u00e9rieures aux d\u00e9penses \u00e9vitables**\u2009: \u00ab\u2009<i>Si on \u00e9vite dix \u00e9v\u00e9nements ind\u00e9sirables graves dans un CHU, on fait tourner un centre de simulation<\/i>\u2009\u00bb (Pr\u00a0Jean-Claude Granry, responsable du centre de simulation commun au CHU et \u00e0 l\u2019universit\u00e9 d\u2019Angers, pr\u00e9sident de la Soci\u00e9t\u00e9 francophone de simulation).<\/p>\n<p>* En t\u00e9moigne d\u00e9j\u00e0 le rapport de la Haute Autorit\u00e9 de sant\u00e9 de 2012 sur le d\u00e9veloppement professionnel continu (DPC) autorisant la simulation comme m\u00e9thode DPC (Pr J.-C. Granry, Dr M.-Ch. Moll, \u00ab\u2009\u00c9tat de l\u2019art [national et international] en mati\u00e8re de pratiques de simulation dans le domaine de la sant\u00e9\u2009\u00bb compl\u00e9t\u00e9 de deux autres documents en 2012\u2009: \u00ab\u2009Guide pour l\u2019\u00e9valuation des infrastructures de simulation en sant\u00e9\u2009\u00bb et \u00ab\u2009Guide de bonnes pratiques en mati\u00e8re de simulation en sant\u00e9\u2009\u00bb) ou l\u2019engagement de certaines ARS, par exemple l\u2019ARS Pays de la Loire et sa mission simulation en sant\u00e9 qui finance certains projets sur appel d\u2019offres.<br \/>\n** La formation par simulation a un v\u00e9ritable impact clinique car elle diminue les complications imm\u00e9diates, infectieuses, la dur\u00e9e de s\u00e9jour en soins intensifs et les co\u00fbts d\u2019hospitalisation (J.H. Barsuk, <i>Crit Care Med<\/i> 2009\u2009; D.B. Wayne, <i>Arch Intern Med<\/i> 2009\u2009; Cohen, <i>Simul Healthc<\/i> 2011).<\/p>\n<\/div>\n<p>Accompagner la r\u00e9volution num\u00e9rique doit se traduire par une \u00e9volution des comp\u00e9tences des professionnels de sant\u00e9 vers de nouveaux m\u00e9tiers\u2009: <i>bed manager<\/i>, infirmi\u00e8re de t\u00e9l\u00e9surveillance, infirmi\u00e8re clinicienne, <i>data scientist<\/i>, data manager, etc. Ce double virage digital et territorial (\u00ab on se forme ensemble, on travaille ensemble \u00bb) doit \u00eatre l\u2019occasion de mettre en \u0153uvre des organisations m\u00e9dico-soignantes innovantes et de favoriser la recherche sur les nouveaux mod\u00e8les p\u00e9dagogiques en lien avec les facult\u00e9s de sant\u00e9.\u00a0Les CHU seront porteurs des \u00e9volutions organisationnelles et des nouveaux m\u00e9tiers induits par la r\u00e9volution num\u00e9rique gr\u00e2ce \u00e0 une harmonisation des parcours des formateurs et des formations. Il s\u2019agit aussi de cr\u00e9er les conditions du d\u00e9veloppement des activit\u00e9s de recherche pour tous les professionnels.<\/p>\n<h3>Proposition 14 : inclure la simulation dans les maquettes de formation initiale et continue de tous les professionnels de sant\u00e9, publics et priv\u00e9s<\/h3>\n<p><iframe loading=\"lazy\" src=\"\/\/www.youtube.com\/embed\/4p8UYVjaFkE\" width=\"560\" height=\"315\" frameborder=\"0\" allowfullscreen=\"allowfullscreen\"><\/iframe><\/p>\n<h3>Proposition 15 : d\u00e9velopper les outils num\u00e9riques de formation initiale et continue des professionnels de sant\u00e9<\/h3>\n<p>D\u00e9couvrez le reste des vid\u00e9os des Assises hospitalo-universitaires 2016 sur <a href=\"https:\/\/www.youtube.com\/watch?v=kopKetudVDo&amp;index=1&amp;list=PLM1k6w2-ZfsdHmMNUupr1tR4ndMiZYhO0\" target=\"_blank\" rel=\"noopener noreferrer\">la cha\u00eene Youtube de Gestions hospitali\u00e8res<\/a><\/p>\n<script>function PlayerjsAsync(){} if(window[\"Playerjs\"]){PlayerjsAsync();}<\/script>","protected":false},"excerpt":{"rendered":"<p>Les \u00e9volutions tendencielles Sous le double effet de l\u2019augmentation du numerus clausus et du nombre de places dans les instituts de formation en soins infirmiers (Ifsi), la masse totale des \u00e9tudiants \u00e0 former a \u00e9t\u00e9 de 160\u2009000 m\u00e9decins\/dentistes\/pharmaciens\/sages-femmes en formation en 2014 (et 57\u2009000 en Paces) et 142\u2009000 professionnels de sant\u00e9 non m\u00e9dicaux en 2013 (hors aides-soignants\u2009(1)). La formation des professionnels de sant\u00e9 de demain devra parachever l\u2019universitarisation et tenir&hellip; <\/p>\n","protected":false},"author":23133,"featured_media":0,"comment_status":"open","ping_status":"closed","sticky":false,"template":"","format":"standard","meta":{"_acf_changed":false,"_relevanssi_hide_post":"","_relevanssi_hide_content":"","_relevanssi_pin_for_all":"","_relevanssi_pin_keywords":"","_relevanssi_unpin_keywords":"","_relevanssi_related_keywords":"","_relevanssi_related_include_ids":"","_relevanssi_related_exclude_ids":"","_relevanssi_related_no_append":"","_relevanssi_related_not_related":"","_relevanssi_related_posts":"","_relevanssi_noindex_reason":"","footnotes":""},"categories":[26,2],"tags":[5135,43,46,5136,1809,23,24,5134],"class_list":["post-32166","post","type-post","status-publish","format-standard","hentry","category-dossier","category-gestions-hospitalieres","tag-assises","tag-chu","tag-financement","tag-france-university-hospitals","tag-ght","tag-merri","tag-recherche","tag-toulouse"],"acf":[],"yoast_head":"<!-- This site is optimized with the Yoast SEO plugin v24.8.1 - https:\/\/yoast.com\/wordpress\/plugins\/seo\/ -->\n<title>Former pour demain\u2009? - Gestions hospitali\u00e8res<\/title>\n<meta name=\"robots\" content=\"index, follow, max-snippet:-1, max-image-preview:large, max-video-preview:-1\" \/>\n<link rel=\"canonical\" href=\"https:\/\/www.ricom-web8.com\/gestions\/former-demain\u2009-formation-3-0\/\" \/>\n<meta property=\"og:locale\" content=\"fr_FR\" \/>\n<meta property=\"og:type\" content=\"article\" \/>\n<meta property=\"og:title\" content=\"Former pour demain\u2009? - Gestions hospitali\u00e8res\" \/>\n<meta property=\"og:description\" content=\"Les \u00e9volutions tendencielles Sous le double effet de l\u2019augmentation du numerus clausus et du nombre de places dans les instituts de formation en soins infirmiers (Ifsi), la masse totale des \u00e9tudiants \u00e0 former a \u00e9t\u00e9 de 160\u2009000 m\u00e9decins\/dentistes\/pharmaciens\/sages-femmes en formation en 2014 (et 57\u2009000 en Paces) et 142\u2009000 professionnels de sant\u00e9 non m\u00e9dicaux en 2013 (hors aides-soignants\u2009(1)). La formation des professionnels de sant\u00e9 de demain devra parachever l\u2019universitarisation et tenir&hellip;\" \/>\n<meta property=\"og:url\" content=\"https:\/\/www.ricom-web8.com\/gestions\/former-demain\u2009-formation-3-0\/\" \/>\n<meta property=\"og:site_name\" content=\"Gestions hospitali\u00e8res\" \/>\n<meta property=\"article:publisher\" content=\"https:\/\/www.facebook.com\/gestionshospitalieres\/\" \/>\n<meta property=\"article:published_time\" content=\"2017-02-01T12:07:54+00:00\" \/>\n<meta property=\"article:modified_time\" content=\"2019-01-23T13:16:47+00:00\" \/>\n<meta name=\"author\" content=\"Gestions hospitali\u00e8res\" \/>\n<meta name=\"twitter:card\" content=\"summary_large_image\" \/>\n<meta name=\"twitter:creator\" content=\"@revue_GH\" \/>\n<meta name=\"twitter:site\" content=\"@revue_GH\" \/>\n<meta name=\"twitter:label1\" content=\"\u00c9crit par\" \/>\n\t<meta name=\"twitter:data1\" content=\"Gestions hospitali\u00e8res\" \/>\n\t<meta name=\"twitter:label2\" content=\"Dur\u00e9e de lecture estim\u00e9e\" \/>\n\t<meta name=\"twitter:data2\" content=\"4 minutes\" \/>\n<script type=\"application\/ld+json\" class=\"yoast-schema-graph\">{\"@context\":\"https:\/\/schema.org\",\"@graph\":[{\"@type\":\"Article\",\"@id\":\"https:\/\/www.ricom-web8.com\/gestions\/former-demain%e2%80%89-formation-3-0\/#article\",\"isPartOf\":{\"@id\":\"https:\/\/www.ricom-web8.com\/gestions\/former-demain%e2%80%89-formation-3-0\/\"},\"author\":{\"name\":\"Gestions hospitali\u00e8res\",\"@id\":\"https:\/\/www.ricom-web8.com\/gestions\/#\/schema\/person\/3ba9fe913190dfe9507feb621e902c1f\"},\"headline\":\"Former pour demain\u2009?\",\"datePublished\":\"2017-02-01T12:07:54+00:00\",\"dateModified\":\"2019-01-23T13:16:47+00:00\",\"mainEntityOfPage\":{\"@id\":\"https:\/\/www.ricom-web8.com\/gestions\/former-demain%e2%80%89-formation-3-0\/\"},\"wordCount\":888,\"commentCount\":0,\"publisher\":{\"@id\":\"https:\/\/www.ricom-web8.com\/gestions\/#organization\"},\"keywords\":[\"Assises\",\"CHU\",\"financement\",\"France University Hospitals\",\"GHT\",\"Merri\",\"recherche\",\"Toulouse\"],\"articleSection\":[\"dossier\",\"Gestions Hospitali\u00e8res\"],\"inLanguage\":\"fr-FR\",\"potentialAction\":[{\"@type\":\"CommentAction\",\"name\":\"Comment\",\"target\":[\"https:\/\/www.ricom-web8.com\/gestions\/former-demain%e2%80%89-formation-3-0\/#respond\"]}]},{\"@type\":\"WebPage\",\"@id\":\"https:\/\/www.ricom-web8.com\/gestions\/former-demain%e2%80%89-formation-3-0\/\",\"url\":\"https:\/\/www.ricom-web8.com\/gestions\/former-demain%e2%80%89-formation-3-0\/\",\"name\":\"Former pour demain\u2009? - Gestions hospitali\u00e8res\",\"isPartOf\":{\"@id\":\"https:\/\/www.ricom-web8.com\/gestions\/#website\"},\"datePublished\":\"2017-02-01T12:07:54+00:00\",\"dateModified\":\"2019-01-23T13:16:47+00:00\",\"breadcrumb\":{\"@id\":\"https:\/\/www.ricom-web8.com\/gestions\/former-demain%e2%80%89-formation-3-0\/#breadcrumb\"},\"inLanguage\":\"fr-FR\",\"potentialAction\":[{\"@type\":\"ReadAction\",\"target\":[\"https:\/\/www.ricom-web8.com\/gestions\/former-demain%e2%80%89-formation-3-0\/\"]}]},{\"@type\":\"BreadcrumbList\",\"@id\":\"https:\/\/www.ricom-web8.com\/gestions\/former-demain%e2%80%89-formation-3-0\/#breadcrumb\",\"itemListElement\":[{\"@type\":\"ListItem\",\"position\":1,\"name\":\"Accueil\",\"item\":\"https:\/\/www.ricom-web8.com\/gestions\/\"},{\"@type\":\"ListItem\",\"position\":2,\"name\":\"Former pour demain\u2009?\"}]},{\"@type\":\"WebSite\",\"@id\":\"https:\/\/www.ricom-web8.com\/gestions\/#website\",\"url\":\"https:\/\/www.ricom-web8.com\/gestions\/\",\"name\":\"Gestions hospitali\u00e8res\",\"description\":\"la revue des d\u00e9cideurs hospitaliers\",\"publisher\":{\"@id\":\"https:\/\/www.ricom-web8.com\/gestions\/#organization\"},\"potentialAction\":[{\"@type\":\"SearchAction\",\"target\":{\"@type\":\"EntryPoint\",\"urlTemplate\":\"https:\/\/www.ricom-web8.com\/gestions\/?s={search_term_string}\"},\"query-input\":{\"@type\":\"PropertyValueSpecification\",\"valueRequired\":true,\"valueName\":\"search_term_string\"}}],\"inLanguage\":\"fr-FR\"},{\"@type\":\"Organization\",\"@id\":\"https:\/\/www.ricom-web8.com\/gestions\/#organization\",\"name\":\"Gestions hospitali\u00e8res\",\"url\":\"https:\/\/www.ricom-web8.com\/gestions\/\",\"logo\":{\"@type\":\"ImageObject\",\"inLanguage\":\"fr-FR\",\"@id\":\"https:\/\/www.ricom-web8.com\/gestions\/#\/schema\/logo\/image\/\",\"url\":\"https:\/\/gestions-hospitalieres.fr\/wp-content\/uploads\/2017\/02\/picto_Gif-GH-trans.png\",\"contentUrl\":\"https:\/\/gestions-hospitalieres.fr\/wp-content\/uploads\/2017\/02\/picto_Gif-GH-trans.png\",\"width\":512,\"height\":512,\"caption\":\"Gestions hospitali\u00e8res\"},\"image\":{\"@id\":\"https:\/\/www.ricom-web8.com\/gestions\/#\/schema\/logo\/image\/\"},\"sameAs\":[\"https:\/\/www.facebook.com\/gestionshospitalieres\/\",\"https:\/\/x.com\/revue_GH\",\"https:\/\/www.linkedin.com\/company\/gestions-hospitalieres?trk=top_nav_home\"]},{\"@type\":\"Person\",\"@id\":\"https:\/\/www.ricom-web8.com\/gestions\/#\/schema\/person\/3ba9fe913190dfe9507feb621e902c1f\",\"name\":\"Gestions hospitali\u00e8res\",\"image\":{\"@type\":\"ImageObject\",\"inLanguage\":\"fr-FR\",\"@id\":\"https:\/\/www.ricom-web8.com\/gestions\/#\/schema\/person\/image\/\",\"url\":\"https:\/\/secure.gravatar.com\/avatar\/1a0d93e6db5dbe7dac96bae4757d256f?s=96&d=mm&r=g\",\"contentUrl\":\"https:\/\/secure.gravatar.com\/avatar\/1a0d93e6db5dbe7dac96bae4757d256f?s=96&d=mm&r=g\",\"caption\":\"Gestions hospitali\u00e8res\"},\"url\":\"https:\/\/www.ricom-web8.com\/gestions\/author\/benjamin\/\"}]}<\/script>\n<!-- \/ Yoast SEO plugin. -->","yoast_head_json":{"title":"Former pour demain\u2009? - Gestions hospitali\u00e8res","robots":{"index":"index","follow":"follow","max-snippet":"max-snippet:-1","max-image-preview":"max-image-preview:large","max-video-preview":"max-video-preview:-1"},"canonical":"https:\/\/www.ricom-web8.com\/gestions\/former-demain\u2009-formation-3-0\/","og_locale":"fr_FR","og_type":"article","og_title":"Former pour demain\u2009? - Gestions hospitali\u00e8res","og_description":"Les \u00e9volutions tendencielles Sous le double effet de l\u2019augmentation du numerus clausus et du nombre de places dans les instituts de formation en soins infirmiers (Ifsi), la masse totale des \u00e9tudiants \u00e0 former a \u00e9t\u00e9 de 160\u2009000 m\u00e9decins\/dentistes\/pharmaciens\/sages-femmes en formation en 2014 (et 57\u2009000 en Paces) et 142\u2009000 professionnels de sant\u00e9 non m\u00e9dicaux en 2013 (hors aides-soignants\u2009(1)). La formation des professionnels de sant\u00e9 de demain devra parachever l\u2019universitarisation et tenir&hellip;","og_url":"https:\/\/www.ricom-web8.com\/gestions\/former-demain\u2009-formation-3-0\/","og_site_name":"Gestions hospitali\u00e8res","article_publisher":"https:\/\/www.facebook.com\/gestionshospitalieres\/","article_published_time":"2017-02-01T12:07:54+00:00","article_modified_time":"2019-01-23T13:16:47+00:00","author":"Gestions hospitali\u00e8res","twitter_card":"summary_large_image","twitter_creator":"@revue_GH","twitter_site":"@revue_GH","twitter_misc":{"\u00c9crit par":"Gestions hospitali\u00e8res","Dur\u00e9e de lecture estim\u00e9e":"4 minutes"},"schema":{"@context":"https:\/\/schema.org","@graph":[{"@type":"Article","@id":"https:\/\/www.ricom-web8.com\/gestions\/former-demain%e2%80%89-formation-3-0\/#article","isPartOf":{"@id":"https:\/\/www.ricom-web8.com\/gestions\/former-demain%e2%80%89-formation-3-0\/"},"author":{"name":"Gestions hospitali\u00e8res","@id":"https:\/\/www.ricom-web8.com\/gestions\/#\/schema\/person\/3ba9fe913190dfe9507feb621e902c1f"},"headline":"Former pour demain\u2009?","datePublished":"2017-02-01T12:07:54+00:00","dateModified":"2019-01-23T13:16:47+00:00","mainEntityOfPage":{"@id":"https:\/\/www.ricom-web8.com\/gestions\/former-demain%e2%80%89-formation-3-0\/"},"wordCount":888,"commentCount":0,"publisher":{"@id":"https:\/\/www.ricom-web8.com\/gestions\/#organization"},"keywords":["Assises","CHU","financement","France University Hospitals","GHT","Merri","recherche","Toulouse"],"articleSection":["dossier","Gestions Hospitali\u00e8res"],"inLanguage":"fr-FR","potentialAction":[{"@type":"CommentAction","name":"Comment","target":["https:\/\/www.ricom-web8.com\/gestions\/former-demain%e2%80%89-formation-3-0\/#respond"]}]},{"@type":"WebPage","@id":"https:\/\/www.ricom-web8.com\/gestions\/former-demain%e2%80%89-formation-3-0\/","url":"https:\/\/www.ricom-web8.com\/gestions\/former-demain%e2%80%89-formation-3-0\/","name":"Former pour demain\u2009? - Gestions hospitali\u00e8res","isPartOf":{"@id":"https:\/\/www.ricom-web8.com\/gestions\/#website"},"datePublished":"2017-02-01T12:07:54+00:00","dateModified":"2019-01-23T13:16:47+00:00","breadcrumb":{"@id":"https:\/\/www.ricom-web8.com\/gestions\/former-demain%e2%80%89-formation-3-0\/#breadcrumb"},"inLanguage":"fr-FR","potentialAction":[{"@type":"ReadAction","target":["https:\/\/www.ricom-web8.com\/gestions\/former-demain%e2%80%89-formation-3-0\/"]}]},{"@type":"BreadcrumbList","@id":"https:\/\/www.ricom-web8.com\/gestions\/former-demain%e2%80%89-formation-3-0\/#breadcrumb","itemListElement":[{"@type":"ListItem","position":1,"name":"Accueil","item":"https:\/\/www.ricom-web8.com\/gestions\/"},{"@type":"ListItem","position":2,"name":"Former pour demain\u2009?"}]},{"@type":"WebSite","@id":"https:\/\/www.ricom-web8.com\/gestions\/#website","url":"https:\/\/www.ricom-web8.com\/gestions\/","name":"Gestions hospitali\u00e8res","description":"la revue des d\u00e9cideurs hospitaliers","publisher":{"@id":"https:\/\/www.ricom-web8.com\/gestions\/#organization"},"potentialAction":[{"@type":"SearchAction","target":{"@type":"EntryPoint","urlTemplate":"https:\/\/www.ricom-web8.com\/gestions\/?s={search_term_string}"},"query-input":{"@type":"PropertyValueSpecification","valueRequired":true,"valueName":"search_term_string"}}],"inLanguage":"fr-FR"},{"@type":"Organization","@id":"https:\/\/www.ricom-web8.com\/gestions\/#organization","name":"Gestions hospitali\u00e8res","url":"https:\/\/www.ricom-web8.com\/gestions\/","logo":{"@type":"ImageObject","inLanguage":"fr-FR","@id":"https:\/\/www.ricom-web8.com\/gestions\/#\/schema\/logo\/image\/","url":"https:\/\/gestions-hospitalieres.fr\/wp-content\/uploads\/2017\/02\/picto_Gif-GH-trans.png","contentUrl":"https:\/\/gestions-hospitalieres.fr\/wp-content\/uploads\/2017\/02\/picto_Gif-GH-trans.png","width":512,"height":512,"caption":"Gestions hospitali\u00e8res"},"image":{"@id":"https:\/\/www.ricom-web8.com\/gestions\/#\/schema\/logo\/image\/"},"sameAs":["https:\/\/www.facebook.com\/gestionshospitalieres\/","https:\/\/x.com\/revue_GH","https:\/\/www.linkedin.com\/company\/gestions-hospitalieres?trk=top_nav_home"]},{"@type":"Person","@id":"https:\/\/www.ricom-web8.com\/gestions\/#\/schema\/person\/3ba9fe913190dfe9507feb621e902c1f","name":"Gestions hospitali\u00e8res","image":{"@type":"ImageObject","inLanguage":"fr-FR","@id":"https:\/\/www.ricom-web8.com\/gestions\/#\/schema\/person\/image\/","url":"https:\/\/secure.gravatar.com\/avatar\/1a0d93e6db5dbe7dac96bae4757d256f?s=96&d=mm&r=g","contentUrl":"https:\/\/secure.gravatar.com\/avatar\/1a0d93e6db5dbe7dac96bae4757d256f?s=96&d=mm&r=g","caption":"Gestions hospitali\u00e8res"},"url":"https:\/\/www.ricom-web8.com\/gestions\/author\/benjamin\/"}]}},"_links":{"self":[{"href":"https:\/\/www.ricom-web8.com\/gestions\/wp-json\/wp\/v2\/posts\/32166","targetHints":{"allow":["GET"]}}],"collection":[{"href":"https:\/\/www.ricom-web8.com\/gestions\/wp-json\/wp\/v2\/posts"}],"about":[{"href":"https:\/\/www.ricom-web8.com\/gestions\/wp-json\/wp\/v2\/types\/post"}],"author":[{"embeddable":true,"href":"https:\/\/www.ricom-web8.com\/gestions\/wp-json\/wp\/v2\/users\/23133"}],"replies":[{"embeddable":true,"href":"https:\/\/www.ricom-web8.com\/gestions\/wp-json\/wp\/v2\/comments?post=32166"}],"version-history":[{"count":0,"href":"https:\/\/www.ricom-web8.com\/gestions\/wp-json\/wp\/v2\/posts\/32166\/revisions"}],"wp:attachment":[{"href":"https:\/\/www.ricom-web8.com\/gestions\/wp-json\/wp\/v2\/media?parent=32166"}],"wp:term":[{"taxonomy":"category","embeddable":true,"href":"https:\/\/www.ricom-web8.com\/gestions\/wp-json\/wp\/v2\/categories?post=32166"},{"taxonomy":"post_tag","embeddable":true,"href":"https:\/\/www.ricom-web8.com\/gestions\/wp-json\/wp\/v2\/tags?post=32166"}],"curies":[{"name":"wp","href":"https:\/\/api.w.org\/{rel}","templated":true}]}}