

{"id":33785,"date":"2010-10-01T17:11:04","date_gmt":"2010-10-01T15:11:04","guid":{"rendered":"https:\/\/gestions-hospitalieres.fr\/?p=33785"},"modified":"2018-04-05T11:41:46","modified_gmt":"2018-04-05T09:41:46","slug":"les-rives-mediterraneennes","status":"publish","type":"post","link":"https:\/\/www.ricom-web8.com\/gestions\/les-rives-mediterraneennes\/","title":{"rendered":"Les rives m\u00e9diterran\u00e9ennes"},"content":{"rendered":"<span class=\"span-reading-time rt-reading-time\" style=\"display: block;\"><span class=\"rt-label rt-prefix\">Temps de lecture\u00a0: <\/span> <span class=\"rt-time\"> 2<\/span> <span class=\"rt-label rt-postfix\">minutes<\/span><\/span><p>Aujourd\u2019hui, sur sa rive nord, comme sur ses rives est et sud, la M\u00e9diterran\u00e9e est secou\u00e9e d\u2019ambivalences cultu\u00adrelles, \u00e9conomiques, d\u00e9mographiques, politiques : elle est \u00e0 la fois unit\u00e9 (monoth\u00e9ismes, h\u00e9ritage gr\u00e9co-romain), pluralit\u00e9 (cultures, langues, peuples), affrontements et compl\u00e9mentarit\u00e9s, contrastes et ressemblances o\u00f9 se croisent le nord et le sud, la tradition et la modernit\u00e9, l\u2019Orient et l\u2019Occident. Elle est pont et fronti\u00e8re\u2026 Tant\u00f4t au z\u00e9nith, elle est le \u00ab creuset de civilisations \u00bb, tant\u00f4t au nadir, o\u00f9 elle n\u2019est plus que le r\u00e9ceptacle de tous les antagonismes plan\u00e9taires entre les grandes cultures monoth\u00e9istes.<\/p>\n<p>En tant qu\u2019espace d\u2019\u00e9changes, de comparaisons d\u2019objets, de terrains et de m\u00e9thodes, il nous a paru int\u00e9ressant, dans le cadre de ce premier s\u00e9minaire m\u00e9diterran\u00e9en du Graph, de se pencher de part et d\u2019autre de ces rives pour voir si elles offrent un terreau propice au d\u00e9veloppement d\u2019un mod\u00e8le de gestion interm\u00e9dit\u00e9rran\u00e9en, alternatif, efficace et transposable.<\/p>\n<p>En effet, le management, en tant que mode d\u2019action rationnel, vise \u00e0 combiner ici et l\u00e0 tout ce qui lui para\u00eet \u00eatre le plus efficace, \u00e0 diviser et r\u00e9partir au mieux son effort au regard d\u2019un objectif pr\u00e9alablement fix\u00e9. Et en cela, il a besoin de mod\u00e8les. Or, en la mati\u00e8re, il n\u2019est pas coutumier de citer le monde m\u00e9diterran\u00e9en en exemple, ce dernier \u00e9tant rarement mis en avant comme une r\u00e9f\u00e9rence du point de vue \u00e9conomique, entrepreneurial et manag\u00e9rial. L\u2019organisation sociale du pourtour m\u00e9diterran\u00e9en a conduit \u00e0 fonder la gestion traditionnelle sur une base familiale et clanique (Lombardie, Catalogne, Sousse). En cela, elle ne semble gu\u00e8re r\u00e9pondre aux crit\u00e8res du capitalisme port\u00e9 par le mod\u00e8le anglo-saxon. Or, si ce dernier est essentiellement orient\u00e9 vers l\u2019\u00e9conomie lib\u00e9rale de march\u00e9, fond\u00e9 sur la performance, la concurrence, la comp\u00e9titivit\u00e9, il est souvent consid\u00e9r\u00e9 comme d\u00e9personnalis\u00e9. Alors que les entreprises m\u00e9diterran\u00e9ennes poursuivent les m\u00eames objectifs de profit et de comp\u00e9titivit\u00e9, elles semblent tirer leurs fondements des liens sociaux et interpersonnels, pla\u00e7ant l\u2019homme au c\u0153ur des processus d\u2019organisation des syst\u00e8mes de production et d\u2019\u00e9changes. Plusieurs interrogations \u00e9mergent donc. La gestion, le management en M\u00e9diterran\u00e9e seraient-ils plus affectifs, personnalis\u00e9s, r\u00e9ticulaires, reposant sur la valorisation rh\u00e9torique des diff\u00e9rences, de la convivialit\u00e9, en catalysant les qualit\u00e9s psychologiques, intellectuelles, affectives et culturelles ? Le fonds culturel m\u00e9diterran\u00e9en est-il le bouillon de culture d\u2019un mod\u00e8le transitif qui, plut\u00f4t que concilier, hybriderait les dimensions humaines et \u00e9conomiques, d\u2019universalisme et de divergence ? Les termes \u00ab mod\u00e8le de gestion m\u00e9diterran\u00e9en \u00bb forment-ils un oxymore, un mirage, qui n\u2019existerait que dans notre imaginaire et nous obligerait \u00e0 jeter la mare nostrum avec l\u2019eau du bain ? Autant de questions qui ont secou\u00e9 les esprits et nourri les d\u00e9bats de ce s\u00e9minaire automnal.<\/p>\n<script>function PlayerjsAsync(){} if(window[\"Playerjs\"]){PlayerjsAsync();}<\/script>","protected":false},"excerpt":{"rendered":"<p><span class=\"span-reading-time rt-reading-time\" style=\"display: block;\"><span class=\"rt-label rt-prefix\">Temps de lecture\u00a0: <\/span> <span class=\"rt-time\"> 2<\/span> <span class=\"rt-label rt-postfix\">minutes<\/span><\/span>Aujourd\u2019hui, sur sa rive nord, comme sur ses rives est et sud, la M\u00e9diterran\u00e9e est secou\u00e9e d\u2019ambivalences cultu\u00adrelles, \u00e9conomiques, d\u00e9mographiques, politiques : elle est \u00e0 la fois unit\u00e9 (monoth\u00e9ismes, h\u00e9ritage gr\u00e9co-romain), pluralit\u00e9 (cultures, langues, peuples), affrontements et compl\u00e9mentarit\u00e9s, contrastes et ressemblances o\u00f9 se croisent le nord et le sud, la tradition et la modernit\u00e9, l\u2019Orient et l\u2019Occident. Elle est pont et fronti\u00e8re\u2026 Tant\u00f4t au z\u00e9nith, elle est le \u00ab creuset&hellip; <\/p>\n","protected":false},"author":23133,"featured_media":0,"comment_status":"open","ping_status":"closed","sticky":false,"template":"","format":"standard","meta":{"_acf_changed":false,"_relevanssi_hide_post":"","_relevanssi_hide_content":"","_relevanssi_pin_for_all":"","_relevanssi_pin_keywords":"","_relevanssi_unpin_keywords":"","_relevanssi_related_keywords":"","_relevanssi_related_include_ids":"","_relevanssi_related_exclude_ids":"","_relevanssi_related_no_append":"","_relevanssi_related_not_related":"","_relevanssi_related_posts":"","_relevanssi_noindex_reason":"","footnotes":""},"categories":[26,2],"tags":[],"class_list":["post-33785","post","type-post","status-publish","format-standard","hentry","category-dossier","category-gestions-hospitalieres"],"acf":[],"yoast_head":"<!-- This site is optimized with the Yoast SEO plugin v24.8.1 - https:\/\/yoast.com\/wordpress\/plugins\/seo\/ -->\n<title>Les rives m\u00e9diterran\u00e9ennes - Gestions hospitali\u00e8res<\/title>\n<meta name=\"robots\" content=\"index, follow, max-snippet:-1, max-image-preview:large, max-video-preview:-1\" \/>\n<link rel=\"canonical\" href=\"https:\/\/www.ricom-web8.com\/gestions\/les-rives-mediterraneennes\/\" \/>\n<meta property=\"og:locale\" content=\"fr_FR\" \/>\n<meta property=\"og:type\" content=\"article\" \/>\n<meta property=\"og:title\" content=\"Les rives m\u00e9diterran\u00e9ennes - Gestions hospitali\u00e8res\" \/>\n<meta property=\"og:description\" content=\"Temps de lecture\u00a0:  2 minutesAujourd\u2019hui, sur sa rive nord, comme sur ses rives est et sud, la M\u00e9diterran\u00e9e est secou\u00e9e d\u2019ambivalences cultu\u00adrelles, \u00e9conomiques, d\u00e9mographiques, politiques : elle est \u00e0 la fois unit\u00e9 (monoth\u00e9ismes, h\u00e9ritage gr\u00e9co-romain), pluralit\u00e9 (cultures, langues, peuples), affrontements et compl\u00e9mentarit\u00e9s, contrastes et ressemblances o\u00f9 se croisent le nord et le sud, la tradition et la modernit\u00e9, l\u2019Orient et l\u2019Occident. Elle est pont et fronti\u00e8re\u2026 Tant\u00f4t au z\u00e9nith, elle est le \u00ab creuset&hellip;\" \/>\n<meta property=\"og:url\" content=\"https:\/\/www.ricom-web8.com\/gestions\/les-rives-mediterraneennes\/\" \/>\n<meta property=\"og:site_name\" content=\"Gestions hospitali\u00e8res\" \/>\n<meta property=\"article:publisher\" content=\"https:\/\/www.facebook.com\/gestionshospitalieres\/\" \/>\n<meta property=\"article:published_time\" content=\"2010-10-01T15:11:04+00:00\" \/>\n<meta property=\"article:modified_time\" content=\"2018-04-05T09:41:46+00:00\" \/>\n<meta name=\"author\" content=\"Gestions hospitali\u00e8res\" \/>\n<meta name=\"twitter:card\" content=\"summary_large_image\" \/>\n<meta name=\"twitter:creator\" content=\"@revue_GH\" \/>\n<meta name=\"twitter:site\" content=\"@revue_GH\" \/>\n<meta name=\"twitter:label1\" content=\"\u00c9crit par\" \/>\n\t<meta name=\"twitter:data1\" content=\"Gestions hospitali\u00e8res\" \/>\n\t<meta name=\"twitter:label2\" content=\"Dur\u00e9e de lecture estim\u00e9e\" \/>\n\t<meta name=\"twitter:data2\" content=\"3 minutes\" \/>\n<script type=\"application\/ld+json\" class=\"yoast-schema-graph\">{\"@context\":\"https:\/\/schema.org\",\"@graph\":[{\"@type\":\"Article\",\"@id\":\"https:\/\/www.ricom-web8.com\/gestions\/les-rives-mediterraneennes\/#article\",\"isPartOf\":{\"@id\":\"https:\/\/www.ricom-web8.com\/gestions\/les-rives-mediterraneennes\/\"},\"author\":{\"name\":\"Gestions hospitali\u00e8res\",\"@id\":\"https:\/\/www.ricom-web8.com\/gestions\/#\/schema\/person\/3ba9fe913190dfe9507feb621e902c1f\"},\"headline\":\"Les rives m\u00e9diterran\u00e9ennes\",\"datePublished\":\"2010-10-01T15:11:04+00:00\",\"dateModified\":\"2018-04-05T09:41:46+00:00\",\"mainEntityOfPage\":{\"@id\":\"https:\/\/www.ricom-web8.com\/gestions\/les-rives-mediterraneennes\/\"},\"wordCount\":523,\"commentCount\":0,\"publisher\":{\"@id\":\"https:\/\/www.ricom-web8.com\/gestions\/#organization\"},\"articleSection\":[\"dossier\",\"Gestions Hospitali\u00e8res\"],\"inLanguage\":\"fr-FR\",\"potentialAction\":[{\"@type\":\"CommentAction\",\"name\":\"Comment\",\"target\":[\"https:\/\/www.ricom-web8.com\/gestions\/les-rives-mediterraneennes\/#respond\"]}]},{\"@type\":\"WebPage\",\"@id\":\"https:\/\/www.ricom-web8.com\/gestions\/les-rives-mediterraneennes\/\",\"url\":\"https:\/\/www.ricom-web8.com\/gestions\/les-rives-mediterraneennes\/\",\"name\":\"Les rives m\u00e9diterran\u00e9ennes - Gestions hospitali\u00e8res\",\"isPartOf\":{\"@id\":\"https:\/\/www.ricom-web8.com\/gestions\/#website\"},\"datePublished\":\"2010-10-01T15:11:04+00:00\",\"dateModified\":\"2018-04-05T09:41:46+00:00\",\"breadcrumb\":{\"@id\":\"https:\/\/www.ricom-web8.com\/gestions\/les-rives-mediterraneennes\/#breadcrumb\"},\"inLanguage\":\"fr-FR\",\"potentialAction\":[{\"@type\":\"ReadAction\",\"target\":[\"https:\/\/www.ricom-web8.com\/gestions\/les-rives-mediterraneennes\/\"]}]},{\"@type\":\"BreadcrumbList\",\"@id\":\"https:\/\/www.ricom-web8.com\/gestions\/les-rives-mediterraneennes\/#breadcrumb\",\"itemListElement\":[{\"@type\":\"ListItem\",\"position\":1,\"name\":\"Accueil\",\"item\":\"https:\/\/www.ricom-web8.com\/gestions\/\"},{\"@type\":\"ListItem\",\"position\":2,\"name\":\"Les rives m\u00e9diterran\u00e9ennes\"}]},{\"@type\":\"WebSite\",\"@id\":\"https:\/\/www.ricom-web8.com\/gestions\/#website\",\"url\":\"https:\/\/www.ricom-web8.com\/gestions\/\",\"name\":\"Gestions hospitali\u00e8res\",\"description\":\"la revue des d\u00e9cideurs hospitaliers\",\"publisher\":{\"@id\":\"https:\/\/www.ricom-web8.com\/gestions\/#organization\"},\"potentialAction\":[{\"@type\":\"SearchAction\",\"target\":{\"@type\":\"EntryPoint\",\"urlTemplate\":\"https:\/\/www.ricom-web8.com\/gestions\/?s={search_term_string}\"},\"query-input\":{\"@type\":\"PropertyValueSpecification\",\"valueRequired\":true,\"valueName\":\"search_term_string\"}}],\"inLanguage\":\"fr-FR\"},{\"@type\":\"Organization\",\"@id\":\"https:\/\/www.ricom-web8.com\/gestions\/#organization\",\"name\":\"Gestions hospitali\u00e8res\",\"url\":\"https:\/\/www.ricom-web8.com\/gestions\/\",\"logo\":{\"@type\":\"ImageObject\",\"inLanguage\":\"fr-FR\",\"@id\":\"https:\/\/www.ricom-web8.com\/gestions\/#\/schema\/logo\/image\/\",\"url\":\"https:\/\/gestions-hospitalieres.fr\/wp-content\/uploads\/2017\/02\/picto_Gif-GH-trans.png\",\"contentUrl\":\"https:\/\/gestions-hospitalieres.fr\/wp-content\/uploads\/2017\/02\/picto_Gif-GH-trans.png\",\"width\":512,\"height\":512,\"caption\":\"Gestions hospitali\u00e8res\"},\"image\":{\"@id\":\"https:\/\/www.ricom-web8.com\/gestions\/#\/schema\/logo\/image\/\"},\"sameAs\":[\"https:\/\/www.facebook.com\/gestionshospitalieres\/\",\"https:\/\/x.com\/revue_GH\",\"https:\/\/www.linkedin.com\/company\/gestions-hospitalieres?trk=top_nav_home\"]},{\"@type\":\"Person\",\"@id\":\"https:\/\/www.ricom-web8.com\/gestions\/#\/schema\/person\/3ba9fe913190dfe9507feb621e902c1f\",\"name\":\"Gestions hospitali\u00e8res\",\"image\":{\"@type\":\"ImageObject\",\"inLanguage\":\"fr-FR\",\"@id\":\"https:\/\/www.ricom-web8.com\/gestions\/#\/schema\/person\/image\/\",\"url\":\"https:\/\/secure.gravatar.com\/avatar\/1a0d93e6db5dbe7dac96bae4757d256f?s=96&d=mm&r=g\",\"contentUrl\":\"https:\/\/secure.gravatar.com\/avatar\/1a0d93e6db5dbe7dac96bae4757d256f?s=96&d=mm&r=g\",\"caption\":\"Gestions hospitali\u00e8res\"},\"url\":\"https:\/\/www.ricom-web8.com\/gestions\/author\/benjamin\/\"}]}<\/script>\n<!-- \/ Yoast SEO plugin. -->","yoast_head_json":{"title":"Les rives m\u00e9diterran\u00e9ennes - Gestions hospitali\u00e8res","robots":{"index":"index","follow":"follow","max-snippet":"max-snippet:-1","max-image-preview":"max-image-preview:large","max-video-preview":"max-video-preview:-1"},"canonical":"https:\/\/www.ricom-web8.com\/gestions\/les-rives-mediterraneennes\/","og_locale":"fr_FR","og_type":"article","og_title":"Les rives m\u00e9diterran\u00e9ennes - Gestions hospitali\u00e8res","og_description":"Temps de lecture\u00a0:  2 minutesAujourd\u2019hui, sur sa rive nord, comme sur ses rives est et sud, la M\u00e9diterran\u00e9e est secou\u00e9e d\u2019ambivalences cultu\u00adrelles, \u00e9conomiques, d\u00e9mographiques, politiques : elle est \u00e0 la fois unit\u00e9 (monoth\u00e9ismes, h\u00e9ritage gr\u00e9co-romain), pluralit\u00e9 (cultures, langues, peuples), affrontements et compl\u00e9mentarit\u00e9s, contrastes et ressemblances o\u00f9 se croisent le nord et le sud, la tradition et la modernit\u00e9, l\u2019Orient et l\u2019Occident. Elle est pont et fronti\u00e8re\u2026 Tant\u00f4t au z\u00e9nith, elle est le \u00ab creuset&hellip;","og_url":"https:\/\/www.ricom-web8.com\/gestions\/les-rives-mediterraneennes\/","og_site_name":"Gestions hospitali\u00e8res","article_publisher":"https:\/\/www.facebook.com\/gestionshospitalieres\/","article_published_time":"2010-10-01T15:11:04+00:00","article_modified_time":"2018-04-05T09:41:46+00:00","author":"Gestions hospitali\u00e8res","twitter_card":"summary_large_image","twitter_creator":"@revue_GH","twitter_site":"@revue_GH","twitter_misc":{"\u00c9crit par":"Gestions hospitali\u00e8res","Dur\u00e9e de lecture estim\u00e9e":"3 minutes"},"schema":{"@context":"https:\/\/schema.org","@graph":[{"@type":"Article","@id":"https:\/\/www.ricom-web8.com\/gestions\/les-rives-mediterraneennes\/#article","isPartOf":{"@id":"https:\/\/www.ricom-web8.com\/gestions\/les-rives-mediterraneennes\/"},"author":{"name":"Gestions hospitali\u00e8res","@id":"https:\/\/www.ricom-web8.com\/gestions\/#\/schema\/person\/3ba9fe913190dfe9507feb621e902c1f"},"headline":"Les rives m\u00e9diterran\u00e9ennes","datePublished":"2010-10-01T15:11:04+00:00","dateModified":"2018-04-05T09:41:46+00:00","mainEntityOfPage":{"@id":"https:\/\/www.ricom-web8.com\/gestions\/les-rives-mediterraneennes\/"},"wordCount":523,"commentCount":0,"publisher":{"@id":"https:\/\/www.ricom-web8.com\/gestions\/#organization"},"articleSection":["dossier","Gestions Hospitali\u00e8res"],"inLanguage":"fr-FR","potentialAction":[{"@type":"CommentAction","name":"Comment","target":["https:\/\/www.ricom-web8.com\/gestions\/les-rives-mediterraneennes\/#respond"]}]},{"@type":"WebPage","@id":"https:\/\/www.ricom-web8.com\/gestions\/les-rives-mediterraneennes\/","url":"https:\/\/www.ricom-web8.com\/gestions\/les-rives-mediterraneennes\/","name":"Les rives m\u00e9diterran\u00e9ennes - Gestions hospitali\u00e8res","isPartOf":{"@id":"https:\/\/www.ricom-web8.com\/gestions\/#website"},"datePublished":"2010-10-01T15:11:04+00:00","dateModified":"2018-04-05T09:41:46+00:00","breadcrumb":{"@id":"https:\/\/www.ricom-web8.com\/gestions\/les-rives-mediterraneennes\/#breadcrumb"},"inLanguage":"fr-FR","potentialAction":[{"@type":"ReadAction","target":["https:\/\/www.ricom-web8.com\/gestions\/les-rives-mediterraneennes\/"]}]},{"@type":"BreadcrumbList","@id":"https:\/\/www.ricom-web8.com\/gestions\/les-rives-mediterraneennes\/#breadcrumb","itemListElement":[{"@type":"ListItem","position":1,"name":"Accueil","item":"https:\/\/www.ricom-web8.com\/gestions\/"},{"@type":"ListItem","position":2,"name":"Les rives m\u00e9diterran\u00e9ennes"}]},{"@type":"WebSite","@id":"https:\/\/www.ricom-web8.com\/gestions\/#website","url":"https:\/\/www.ricom-web8.com\/gestions\/","name":"Gestions hospitali\u00e8res","description":"la revue des d\u00e9cideurs hospitaliers","publisher":{"@id":"https:\/\/www.ricom-web8.com\/gestions\/#organization"},"potentialAction":[{"@type":"SearchAction","target":{"@type":"EntryPoint","urlTemplate":"https:\/\/www.ricom-web8.com\/gestions\/?s={search_term_string}"},"query-input":{"@type":"PropertyValueSpecification","valueRequired":true,"valueName":"search_term_string"}}],"inLanguage":"fr-FR"},{"@type":"Organization","@id":"https:\/\/www.ricom-web8.com\/gestions\/#organization","name":"Gestions hospitali\u00e8res","url":"https:\/\/www.ricom-web8.com\/gestions\/","logo":{"@type":"ImageObject","inLanguage":"fr-FR","@id":"https:\/\/www.ricom-web8.com\/gestions\/#\/schema\/logo\/image\/","url":"https:\/\/gestions-hospitalieres.fr\/wp-content\/uploads\/2017\/02\/picto_Gif-GH-trans.png","contentUrl":"https:\/\/gestions-hospitalieres.fr\/wp-content\/uploads\/2017\/02\/picto_Gif-GH-trans.png","width":512,"height":512,"caption":"Gestions hospitali\u00e8res"},"image":{"@id":"https:\/\/www.ricom-web8.com\/gestions\/#\/schema\/logo\/image\/"},"sameAs":["https:\/\/www.facebook.com\/gestionshospitalieres\/","https:\/\/x.com\/revue_GH","https:\/\/www.linkedin.com\/company\/gestions-hospitalieres?trk=top_nav_home"]},{"@type":"Person","@id":"https:\/\/www.ricom-web8.com\/gestions\/#\/schema\/person\/3ba9fe913190dfe9507feb621e902c1f","name":"Gestions hospitali\u00e8res","image":{"@type":"ImageObject","inLanguage":"fr-FR","@id":"https:\/\/www.ricom-web8.com\/gestions\/#\/schema\/person\/image\/","url":"https:\/\/secure.gravatar.com\/avatar\/1a0d93e6db5dbe7dac96bae4757d256f?s=96&d=mm&r=g","contentUrl":"https:\/\/secure.gravatar.com\/avatar\/1a0d93e6db5dbe7dac96bae4757d256f?s=96&d=mm&r=g","caption":"Gestions hospitali\u00e8res"},"url":"https:\/\/www.ricom-web8.com\/gestions\/author\/benjamin\/"}]}},"_links":{"self":[{"href":"https:\/\/www.ricom-web8.com\/gestions\/wp-json\/wp\/v2\/posts\/33785","targetHints":{"allow":["GET"]}}],"collection":[{"href":"https:\/\/www.ricom-web8.com\/gestions\/wp-json\/wp\/v2\/posts"}],"about":[{"href":"https:\/\/www.ricom-web8.com\/gestions\/wp-json\/wp\/v2\/types\/post"}],"author":[{"embeddable":true,"href":"https:\/\/www.ricom-web8.com\/gestions\/wp-json\/wp\/v2\/users\/23133"}],"replies":[{"embeddable":true,"href":"https:\/\/www.ricom-web8.com\/gestions\/wp-json\/wp\/v2\/comments?post=33785"}],"version-history":[{"count":0,"href":"https:\/\/www.ricom-web8.com\/gestions\/wp-json\/wp\/v2\/posts\/33785\/revisions"}],"wp:attachment":[{"href":"https:\/\/www.ricom-web8.com\/gestions\/wp-json\/wp\/v2\/media?parent=33785"}],"wp:term":[{"taxonomy":"category","embeddable":true,"href":"https:\/\/www.ricom-web8.com\/gestions\/wp-json\/wp\/v2\/categories?post=33785"},{"taxonomy":"post_tag","embeddable":true,"href":"https:\/\/www.ricom-web8.com\/gestions\/wp-json\/wp\/v2\/tags?post=33785"}],"curies":[{"name":"wp","href":"https:\/\/api.w.org\/{rel}","templated":true}]}}