

{"id":33968,"date":"2017-04-01T10:27:28","date_gmt":"2017-04-01T08:27:28","guid":{"rendered":"https:\/\/gestions-hospitalieres.fr\/?p=33968"},"modified":"2018-03-06T12:09:18","modified_gmt":"2018-03-06T11:09:18","slug":"charge-de-securite","status":"publish","type":"post","link":"https:\/\/www.ricom-web8.com\/gestions\/charge-de-securite\/","title":{"rendered":"Charg\u00e9 de s\u00e9curit\u00e9"},"content":{"rendered":"<span class=\"span-reading-time rt-reading-time\" style=\"display: block;\"><span class=\"rt-label rt-prefix\">Temps de lecture\u00a0: <\/span> <span class=\"rt-time\"> 3<\/span> <span class=\"rt-label rt-postfix\">minutes<\/span><\/span><p>C\u2019est une petite r\u00e9volution que connaissent les charg\u00e9s de s\u00e9curit\u00e9 des \u00e9tablissements de soins depuis quelques mois\u2009: leur m\u00e9tier initialement d\u00e9di\u00e9 \u00e0 la s\u00e9curit\u00e9 incendie est en train de conna\u00eetre un virage \u00e0 180 degr\u00e9s vers la s\u00fbret\u00e9. Pour l\u2019Association des charg\u00e9s de s\u00e9curit\u00e9 des \u00e9tablissements de soins (Acses), de nombreux techniciens sp\u00e9cialistes de la mise en conformit\u00e9 du patrimoine hospitalier et de la sensibilisation du personnel hospitalier au risque incendie vont devoir faire face \u00e0 de nouveaux enjeux.<\/p>\n<h1>Parcours<\/h1>\n<p>Au d\u00e9but des ann\u00e9es 2000, les \u00e9tablissements de soins ont d\u00fb r\u00e9pondre \u00e0 la double probl\u00e9matique de l\u2019arriv\u00e9e de nouvelles dispositions du r\u00e8glement de s\u00e9curit\u00e9 (arr\u00eat\u00e9 du 22 d\u00e9cembre 2004) et \u00e0 la cr\u00e9ation des bureaux de pr\u00e9vention au sein des services d\u00e9partementaux d\u2019incendie et de secours (SDIS), synonyme dans de nombreux cas de renforcement du contr\u00f4le effectu\u00e9 par les commissions de s\u00e9curit\u00e9.<\/p>\n<p>Cette double \u00e9quation a bien souvent eu pour cons\u00e9quence l\u2019arriv\u00e9e de nombreux avis d\u00e9favorables d\u2019exploitation, n\u00e9cessitant de lourds investissements en s\u00e9curit\u00e9 incendie sur les \u00e9quipements de d\u00e9tection et de mise en s\u00e9curit\u00e9 (compartimentage, d\u00e9senfumage). Mais c\u2019est s\u00fbrement la mise en place d\u2019une surveillance s\u00e9curit\u00e9 qui a \u00e9t\u00e9 le plus difficile \u00e0 mettre en \u0153uvre pour de nombreux \u00e9tablissements qui se sont vus dans l\u2019obligation de cr\u00e9er des \u00e9quipes de s\u00e9curit\u00e9 d\u00e9di\u00e9es \u00e0 l\u2019incendie.<\/p>\n<p>Le suivi de ces travaux souvent tr\u00e8s lourds ainsi que la mise en place des \u00e9quipes de s\u00e9curit\u00e9 ont bien souvent n\u00e9cessit\u00e9 le recrutement de techniciens sp\u00e9cialis\u00e9s dans la s\u00e9curit\u00e9 des \u00e9tablissements recevant du public, d\u00e9nomm\u00e9s \u00ab\u2009charg\u00e9s de s\u00e9curit\u00e9\u2009\u00bb dans le secteur hospitalier, parfois \u00e0 tort \u00ab\u2009responsables s\u00e9curit\u00e9\u2009\u00bb.<\/p>\n<p>Ces techniciens ont eu pour missions d\u2019assurer le suivi de la mise en conformit\u00e9 du patrimoine hospitalier, la professionnalisation des agents de s\u00e9curit\u00e9 incendie et le d\u00e9veloppement de la formation du personnel hospitalier \u00e0 la s\u00e9curit\u00e9 incendie.<\/p>\n<p>Quinze ans apr\u00e8s, les charg\u00e9s de s\u00e9curit\u00e9 hospitaliers ont su faire face \u00e0 l\u2019ensemble des enjeux en levant de nombreux avis d\u00e9favorables, parfois au d\u00e9triment d\u2019une partie du patrimoine, qui a d\u00fb \u00eatre abandonn\u00e9e faute de solution technique raisonnablement finan\u00e7able.<\/p>\n<h1><img decoding=\"async\" class=\"alignright size-medium wp-image-33973\" src=\"https:\/\/gestions-hospitalieres.fr\/wp-content\/uploads\/2017\/05\/Capture-d\u2019\u00e9cran-2017-05-10-\u00e0-18.27.31-248x300.png\" alt=\"\" width=\"248\" height=\"300\" srcset=\"https:\/\/www.ricom-web8.com\/gestions\/wp-content\/uploads\/2017\/05\/Capture-d\u2019\u00e9cran-2017-05-10-\u00e0-18.27.31-248x300.png 248w, https:\/\/www.ricom-web8.com\/gestions\/wp-content\/uploads\/2017\/05\/Capture-d\u2019\u00e9cran-2017-05-10-\u00e0-18.27.31.png 600w\" sizes=\"(max-width: 248px) 100vw, 248px\" \/>De la centrale incendie \u00e0 la vid\u00e9oprotection<\/h1>\n<p>Lib\u00e9r\u00e9s de la lourdeur des avis d\u00e9favorables en mati\u00e8re de s\u00e9curit\u00e9 incendie, les charg\u00e9s de s\u00e9curit\u00e9 doivent dor\u00e9navant faire face aux nouveaux enjeux hospitaliers que repr\u00e9sentent la gestion de la violence et la mise en place des mesures renforc\u00e9es li\u00e9es au plan Vigipirate. Ces \u00ab\u2009pr\u00e9venteurs\u2009\u00bb, mi-techniciens, mi-formateurs, vont devoir relever un nouveau d\u00e9fi qui s\u2019impose \u00e0 l\u2019h\u00f4pital\u2009: maintenir l\u2019esprit s\u00e9curit\u00e9 incendie, tout en d\u00e9veloppant la culture de la s\u00fbret\u00e9.<\/p>\n<p>Ce technicien va devoir s\u2019adapter, se former et valoriser son exp\u00e9rience de pr\u00e9venteur pour r\u00e9pondre \u00e0 ces nouveaux enjeux. En effet, le minist\u00e8re recommande la nomination d\u2019un r\u00e9f\u00e9rent s\u00fbret\u00e9 dans chaque centre hospitalier. Sp\u00e9cialiste du contr\u00f4le d\u2019acc\u00e8s, de la vid\u00e9oprotection, le r\u00e9f\u00e9rent s\u00fbret\u00e9 devra sensibiliser le personnel, veiller \u00e0 l\u2019efficacit\u00e9 des mesures de s\u00fbret\u00e9, analyser la vuln\u00e9rabilit\u00e9 des sites hospitaliers, notamment en \u00e9tablissant un plan de s\u00fbret\u00e9 de l\u2019\u00e9tablissement rendu obligatoire aux \u00e9tablissements de soins via la circulaire du 16\u00a0novembre 2016.<\/p>\n<p>Pour ce faire, le charg\u00e9 de s\u00e9curit\u00e9 devra se confronter \u00e0 de nombreux obstacles dans la mise en \u0153uvre des pr\u00e9conisations du minist\u00e8re\u2009:<\/p>\n<ul>\n<li>r\u00e9ticence du personnel \u00e0 supporter les contraintes quotidiennes des mesures de s\u00fbret\u00e9\u2009;<\/li>\n<li>financement des \u00e9quipements techniques et des besoins humains (formations \u00e0 la s\u00fbret\u00e9 des agents de s\u00e9curit\u00e9 qualifi\u00e9s uniquement Ssiap)\u2009;<\/li>\n<li>difficult\u00e9s \u00e0 convaincre les directions de faire une place \u00e0 cette nouvelle th\u00e9matique du monde hospitalier.<\/li>\n<\/ul>\n<p>Cette th\u00e9matique sera tr\u00e8s largement abord\u00e9e lors des journ\u00e9es d\u2019\u00e9tudes des charg\u00e9s de s\u00e9curit\u00e9 en \u00e9tablissements de soins qui auront lieu prochainement \u00e0 Saint-Malo, les 8 et 9 juin 2017.<\/p>\n<button data-toggle=\"collapse\" data-target=\"#enc_2017_226_01\">Vigipirate<\/button><div id=\"enc_2017_226_01\" class=\"encadre collapse\"><p><span class=\"surtitre_enc\">Vigipirate<\/span><\/p>\n<h2>Faire face ensemble - Vigilance, pr\u00e9vention et protection face \u00e0 la menace terroriste<\/h2>\n<p><img decoding=\"async\" class=\"size-medium wp-image-34044 alignleft\" src=\"https:\/\/gestions-hospitalieres.fr\/wp-content\/uploads\/2017\/05\/Capture-d\u2019\u00e9cran-2017-05-15-\u00e0-14.17.48-212x300.png\" alt=\"\" width=\"212\" height=\"300\" srcset=\"https:\/\/www.ricom-web8.com\/gestions\/wp-content\/uploads\/2017\/05\/Capture-d\u2019\u00e9cran-2017-05-15-\u00e0-14.17.48-212x300.png 212w, https:\/\/www.ricom-web8.com\/gestions\/wp-content\/uploads\/2017\/05\/Capture-d\u2019\u00e9cran-2017-05-15-\u00e0-14.17.48.png 600w\" sizes=\"(max-width: 212px) 100vw, 212px\" \/>Le plan Vigipirate, qui rel\u00e8ve du Premier ministre et associe tous les minist\u00e8res, est un outil important dans le dispositif fran\u00e7ais de lutte contre le terrorisme. Le Secr\u00e9tariat g\u00e9n\u00e9ral de la d\u00e9fense et de la s\u00e9curit\u00e9 nationale (SGDSN), suite au Conseil de d\u00e9fense et de s\u00e9curit\u00e9 pr\u00e9sid\u00e9 par le Pr\u00e9sident de la R\u00e9publique, en a pr\u00e9sent\u00e9 le 1er d\u00e9cembre 2016 une nouvelle version, avec un niveau d\u2019alerte suppl\u00e9mentaire.<br \/>\nNiveau 1 \u2013 Vigilance\u2009: posture permanente de s\u00e9curit\u00e9 sur l\u2019ensemble du territoire, au quotidien. Implique la mise en \u0153uvre de la totalit\u00e9 des mesures permanentes.<br \/>\nNiveau 2 \u2013S\u00e9curit\u00e9 renforc\u00e9e\/risque d'attentat\u2009: couvre l\u2019ensemble du territoire ou une zone g\u00e9ographique ou secteur d\u2019activit\u00e9 particulier. Sans limite de temps d\u00e9finie. Pr\u00e9voit le renforcement des mesures permanentes et l\u2019activation de mesures additionnelles (patrouilles, filtrages, fouilles\u2026).<br \/>\nNiveau 3 \u2013 Urgence attentat \u2009: \u00e9tat de vigilance et de protection maximales en cas de menace d\u2019attaque terroriste document\u00e9e et imminente, ou apr\u00e8s un attentat. Concerne l\u2019ensemble du territoire national ou une zone g\u00e9ographique d\u00e9limit\u00e9e. Peut \u00eatre d\u00e9sactiv\u00e9 d\u00e8s la fin de la gestion de crise. Permet de prendre des mesures additionnelles contraignantes (fermeture de routes et transports publics, arr\u00eat du ramassage scolaire\u2026).<br \/>\n<a href=\"http:\/\/www.gouvernement.fr\/sites\/default\/files\/risques\/pdf\/brochure_vigipirate_gp-bd_0.pdf\" target=\"_blank\" rel=\"noopener noreferrer\">www.gouvernement.fr<\/a><\/p>\n<p><img decoding=\"async\" class=\"alignleft size-full wp-image-34045\" src=\"https:\/\/gestions-hospitalieres.fr\/wp-content\/uploads\/2017\/05\/Capture-d\u2019\u00e9cran-2017-05-15-\u00e0-14.47.38.png\" alt=\"\" width=\"600\" height=\"710\" srcset=\"https:\/\/www.ricom-web8.com\/gestions\/wp-content\/uploads\/2017\/05\/Capture-d\u2019\u00e9cran-2017-05-15-\u00e0-14.47.38.png 600w, https:\/\/www.ricom-web8.com\/gestions\/wp-content\/uploads\/2017\/05\/Capture-d\u2019\u00e9cran-2017-05-15-\u00e0-14.47.38-254x300.png 254w\" sizes=\"(max-width: 600px) 100vw, 600px\" \/><\/p>\n<\/div>\n<script>function PlayerjsAsync(){} if(window[\"Playerjs\"]){PlayerjsAsync();}<\/script>","protected":false},"excerpt":{"rendered":"<p>C\u2019est une petite r\u00e9volution que connaissent les charg\u00e9s de s\u00e9curit\u00e9 des \u00e9tablissements de soins depuis quelques mois\u2009: leur m\u00e9tier initialement d\u00e9di\u00e9 \u00e0 la s\u00e9curit\u00e9 incendie est en train de conna\u00eetre un virage \u00e0 180 degr\u00e9s vers la s\u00fbret\u00e9. Pour l\u2019Association des charg\u00e9s de s\u00e9curit\u00e9 des \u00e9tablissements de soins (Acses), de nombreux techniciens sp\u00e9cialistes de la mise en conformit\u00e9 du patrimoine hospitalier et de la sensibilisation du personnel hospitalier au risque&hellip; <\/p>\n","protected":false},"author":23133,"featured_media":0,"comment_status":"open","ping_status":"closed","sticky":false,"template":"","format":"standard","meta":{"_acf_changed":false,"_relevanssi_hide_post":"","_relevanssi_hide_content":"","_relevanssi_pin_for_all":"","_relevanssi_pin_keywords":"","_relevanssi_unpin_keywords":"","_relevanssi_related_keywords":"","_relevanssi_related_include_ids":"","_relevanssi_related_exclude_ids":"","_relevanssi_related_no_append":"","_relevanssi_related_not_related":"","_relevanssi_related_posts":"","_relevanssi_noindex_reason":"","footnotes":""},"categories":[26,2],"tags":[5447,5449,582,5445,5446,5448,5440,5450],"class_list":["post-33968","post","type-post","status-publish","format-standard","hentry","category-dossier","category-gestions-hospitalieres","tag-charge-de-securite","tag-preventeur","tag-securite","tag-securite-incendie","tag-surete","tag-technicien-hospitalier","tag-videoprotection","tag-vigipirate"],"acf":[],"yoast_head":"<!-- This site is optimized with the Yoast SEO plugin v24.8.1 - https:\/\/yoast.com\/wordpress\/plugins\/seo\/ -->\n<title>Charg\u00e9 de s\u00e9curit\u00e9 - Gestions hospitali\u00e8res<\/title>\n<meta name=\"robots\" content=\"index, follow, max-snippet:-1, max-image-preview:large, max-video-preview:-1\" \/>\n<link rel=\"canonical\" href=\"https:\/\/www.ricom-web8.com\/gestions\/charge-de-securite\/\" \/>\n<meta property=\"og:locale\" content=\"fr_FR\" \/>\n<meta property=\"og:type\" content=\"article\" \/>\n<meta property=\"og:title\" content=\"Charg\u00e9 de s\u00e9curit\u00e9 - Gestions hospitali\u00e8res\" \/>\n<meta property=\"og:description\" content=\"C\u2019est une petite r\u00e9volution que connaissent les charg\u00e9s de s\u00e9curit\u00e9 des \u00e9tablissements de soins depuis quelques mois\u2009: leur m\u00e9tier initialement d\u00e9di\u00e9 \u00e0 la s\u00e9curit\u00e9 incendie est en train de conna\u00eetre un virage \u00e0 180 degr\u00e9s vers la s\u00fbret\u00e9. Pour l\u2019Association des charg\u00e9s de s\u00e9curit\u00e9 des \u00e9tablissements de soins (Acses), de nombreux techniciens sp\u00e9cialistes de la mise en conformit\u00e9 du patrimoine hospitalier et de la sensibilisation du personnel hospitalier au risque&hellip;\" \/>\n<meta property=\"og:url\" content=\"https:\/\/www.ricom-web8.com\/gestions\/charge-de-securite\/\" \/>\n<meta property=\"og:site_name\" content=\"Gestions hospitali\u00e8res\" \/>\n<meta property=\"article:publisher\" content=\"https:\/\/www.facebook.com\/gestionshospitalieres\/\" \/>\n<meta property=\"article:published_time\" content=\"2017-04-01T08:27:28+00:00\" \/>\n<meta property=\"article:modified_time\" content=\"2018-03-06T11:09:18+00:00\" \/>\n<meta name=\"author\" content=\"Gestions hospitali\u00e8res\" \/>\n<meta name=\"twitter:card\" content=\"summary_large_image\" \/>\n<meta name=\"twitter:creator\" content=\"@revue_GH\" \/>\n<meta name=\"twitter:site\" content=\"@revue_GH\" \/>\n<meta name=\"twitter:label1\" content=\"\u00c9crit par\" \/>\n\t<meta name=\"twitter:data1\" content=\"Gestions hospitali\u00e8res\" \/>\n\t<meta name=\"twitter:label2\" content=\"Dur\u00e9e de lecture estim\u00e9e\" \/>\n\t<meta name=\"twitter:data2\" content=\"4 minutes\" \/>\n<script type=\"application\/ld+json\" class=\"yoast-schema-graph\">{\"@context\":\"https:\/\/schema.org\",\"@graph\":[{\"@type\":\"Article\",\"@id\":\"https:\/\/www.ricom-web8.com\/gestions\/charge-de-securite\/#article\",\"isPartOf\":{\"@id\":\"https:\/\/www.ricom-web8.com\/gestions\/charge-de-securite\/\"},\"author\":{\"name\":\"Gestions hospitali\u00e8res\",\"@id\":\"https:\/\/www.ricom-web8.com\/gestions\/#\/schema\/person\/3ba9fe913190dfe9507feb621e902c1f\"},\"headline\":\"Charg\u00e9 de s\u00e9curit\u00e9\",\"datePublished\":\"2017-04-01T08:27:28+00:00\",\"dateModified\":\"2018-03-06T11:09:18+00:00\",\"mainEntityOfPage\":{\"@id\":\"https:\/\/www.ricom-web8.com\/gestions\/charge-de-securite\/\"},\"wordCount\":712,\"commentCount\":0,\"publisher\":{\"@id\":\"https:\/\/www.ricom-web8.com\/gestions\/#organization\"},\"keywords\":[\"charg\u00e9 de s\u00e9curit\u00e9\",\"pr\u00e9venteur\",\"s\u00e9curit\u00e9\",\"s\u00e9curit\u00e9 incendie\",\"s\u00fbret\u00e9\",\"technicien hospitalier\",\"vid\u00e9oprotection\",\"Vigipirate\"],\"articleSection\":[\"dossier\",\"Gestions Hospitali\u00e8res\"],\"inLanguage\":\"fr-FR\",\"potentialAction\":[{\"@type\":\"CommentAction\",\"name\":\"Comment\",\"target\":[\"https:\/\/www.ricom-web8.com\/gestions\/charge-de-securite\/#respond\"]}]},{\"@type\":\"WebPage\",\"@id\":\"https:\/\/www.ricom-web8.com\/gestions\/charge-de-securite\/\",\"url\":\"https:\/\/www.ricom-web8.com\/gestions\/charge-de-securite\/\",\"name\":\"Charg\u00e9 de s\u00e9curit\u00e9 - Gestions hospitali\u00e8res\",\"isPartOf\":{\"@id\":\"https:\/\/www.ricom-web8.com\/gestions\/#website\"},\"datePublished\":\"2017-04-01T08:27:28+00:00\",\"dateModified\":\"2018-03-06T11:09:18+00:00\",\"breadcrumb\":{\"@id\":\"https:\/\/www.ricom-web8.com\/gestions\/charge-de-securite\/#breadcrumb\"},\"inLanguage\":\"fr-FR\",\"potentialAction\":[{\"@type\":\"ReadAction\",\"target\":[\"https:\/\/www.ricom-web8.com\/gestions\/charge-de-securite\/\"]}]},{\"@type\":\"BreadcrumbList\",\"@id\":\"https:\/\/www.ricom-web8.com\/gestions\/charge-de-securite\/#breadcrumb\",\"itemListElement\":[{\"@type\":\"ListItem\",\"position\":1,\"name\":\"Accueil\",\"item\":\"https:\/\/www.ricom-web8.com\/gestions\/\"},{\"@type\":\"ListItem\",\"position\":2,\"name\":\"Charg\u00e9 de s\u00e9curit\u00e9\"}]},{\"@type\":\"WebSite\",\"@id\":\"https:\/\/www.ricom-web8.com\/gestions\/#website\",\"url\":\"https:\/\/www.ricom-web8.com\/gestions\/\",\"name\":\"Gestions hospitali\u00e8res\",\"description\":\"la revue des d\u00e9cideurs hospitaliers\",\"publisher\":{\"@id\":\"https:\/\/www.ricom-web8.com\/gestions\/#organization\"},\"potentialAction\":[{\"@type\":\"SearchAction\",\"target\":{\"@type\":\"EntryPoint\",\"urlTemplate\":\"https:\/\/www.ricom-web8.com\/gestions\/?s={search_term_string}\"},\"query-input\":{\"@type\":\"PropertyValueSpecification\",\"valueRequired\":true,\"valueName\":\"search_term_string\"}}],\"inLanguage\":\"fr-FR\"},{\"@type\":\"Organization\",\"@id\":\"https:\/\/www.ricom-web8.com\/gestions\/#organization\",\"name\":\"Gestions hospitali\u00e8res\",\"url\":\"https:\/\/www.ricom-web8.com\/gestions\/\",\"logo\":{\"@type\":\"ImageObject\",\"inLanguage\":\"fr-FR\",\"@id\":\"https:\/\/www.ricom-web8.com\/gestions\/#\/schema\/logo\/image\/\",\"url\":\"https:\/\/gestions-hospitalieres.fr\/wp-content\/uploads\/2017\/02\/picto_Gif-GH-trans.png\",\"contentUrl\":\"https:\/\/gestions-hospitalieres.fr\/wp-content\/uploads\/2017\/02\/picto_Gif-GH-trans.png\",\"width\":512,\"height\":512,\"caption\":\"Gestions hospitali\u00e8res\"},\"image\":{\"@id\":\"https:\/\/www.ricom-web8.com\/gestions\/#\/schema\/logo\/image\/\"},\"sameAs\":[\"https:\/\/www.facebook.com\/gestionshospitalieres\/\",\"https:\/\/x.com\/revue_GH\",\"https:\/\/www.linkedin.com\/company\/gestions-hospitalieres?trk=top_nav_home\"]},{\"@type\":\"Person\",\"@id\":\"https:\/\/www.ricom-web8.com\/gestions\/#\/schema\/person\/3ba9fe913190dfe9507feb621e902c1f\",\"name\":\"Gestions hospitali\u00e8res\",\"image\":{\"@type\":\"ImageObject\",\"inLanguage\":\"fr-FR\",\"@id\":\"https:\/\/www.ricom-web8.com\/gestions\/#\/schema\/person\/image\/\",\"url\":\"https:\/\/secure.gravatar.com\/avatar\/1a0d93e6db5dbe7dac96bae4757d256f?s=96&d=mm&r=g\",\"contentUrl\":\"https:\/\/secure.gravatar.com\/avatar\/1a0d93e6db5dbe7dac96bae4757d256f?s=96&d=mm&r=g\",\"caption\":\"Gestions hospitali\u00e8res\"},\"url\":\"https:\/\/www.ricom-web8.com\/gestions\/author\/benjamin\/\"}]}<\/script>\n<!-- \/ Yoast SEO plugin. -->","yoast_head_json":{"title":"Charg\u00e9 de s\u00e9curit\u00e9 - Gestions hospitali\u00e8res","robots":{"index":"index","follow":"follow","max-snippet":"max-snippet:-1","max-image-preview":"max-image-preview:large","max-video-preview":"max-video-preview:-1"},"canonical":"https:\/\/www.ricom-web8.com\/gestions\/charge-de-securite\/","og_locale":"fr_FR","og_type":"article","og_title":"Charg\u00e9 de s\u00e9curit\u00e9 - Gestions hospitali\u00e8res","og_description":"C\u2019est une petite r\u00e9volution que connaissent les charg\u00e9s de s\u00e9curit\u00e9 des \u00e9tablissements de soins depuis quelques mois\u2009: leur m\u00e9tier initialement d\u00e9di\u00e9 \u00e0 la s\u00e9curit\u00e9 incendie est en train de conna\u00eetre un virage \u00e0 180 degr\u00e9s vers la s\u00fbret\u00e9. Pour l\u2019Association des charg\u00e9s de s\u00e9curit\u00e9 des \u00e9tablissements de soins (Acses), de nombreux techniciens sp\u00e9cialistes de la mise en conformit\u00e9 du patrimoine hospitalier et de la sensibilisation du personnel hospitalier au risque&hellip;","og_url":"https:\/\/www.ricom-web8.com\/gestions\/charge-de-securite\/","og_site_name":"Gestions hospitali\u00e8res","article_publisher":"https:\/\/www.facebook.com\/gestionshospitalieres\/","article_published_time":"2017-04-01T08:27:28+00:00","article_modified_time":"2018-03-06T11:09:18+00:00","author":"Gestions hospitali\u00e8res","twitter_card":"summary_large_image","twitter_creator":"@revue_GH","twitter_site":"@revue_GH","twitter_misc":{"\u00c9crit par":"Gestions hospitali\u00e8res","Dur\u00e9e de lecture estim\u00e9e":"4 minutes"},"schema":{"@context":"https:\/\/schema.org","@graph":[{"@type":"Article","@id":"https:\/\/www.ricom-web8.com\/gestions\/charge-de-securite\/#article","isPartOf":{"@id":"https:\/\/www.ricom-web8.com\/gestions\/charge-de-securite\/"},"author":{"name":"Gestions hospitali\u00e8res","@id":"https:\/\/www.ricom-web8.com\/gestions\/#\/schema\/person\/3ba9fe913190dfe9507feb621e902c1f"},"headline":"Charg\u00e9 de s\u00e9curit\u00e9","datePublished":"2017-04-01T08:27:28+00:00","dateModified":"2018-03-06T11:09:18+00:00","mainEntityOfPage":{"@id":"https:\/\/www.ricom-web8.com\/gestions\/charge-de-securite\/"},"wordCount":712,"commentCount":0,"publisher":{"@id":"https:\/\/www.ricom-web8.com\/gestions\/#organization"},"keywords":["charg\u00e9 de s\u00e9curit\u00e9","pr\u00e9venteur","s\u00e9curit\u00e9","s\u00e9curit\u00e9 incendie","s\u00fbret\u00e9","technicien hospitalier","vid\u00e9oprotection","Vigipirate"],"articleSection":["dossier","Gestions Hospitali\u00e8res"],"inLanguage":"fr-FR","potentialAction":[{"@type":"CommentAction","name":"Comment","target":["https:\/\/www.ricom-web8.com\/gestions\/charge-de-securite\/#respond"]}]},{"@type":"WebPage","@id":"https:\/\/www.ricom-web8.com\/gestions\/charge-de-securite\/","url":"https:\/\/www.ricom-web8.com\/gestions\/charge-de-securite\/","name":"Charg\u00e9 de s\u00e9curit\u00e9 - Gestions hospitali\u00e8res","isPartOf":{"@id":"https:\/\/www.ricom-web8.com\/gestions\/#website"},"datePublished":"2017-04-01T08:27:28+00:00","dateModified":"2018-03-06T11:09:18+00:00","breadcrumb":{"@id":"https:\/\/www.ricom-web8.com\/gestions\/charge-de-securite\/#breadcrumb"},"inLanguage":"fr-FR","potentialAction":[{"@type":"ReadAction","target":["https:\/\/www.ricom-web8.com\/gestions\/charge-de-securite\/"]}]},{"@type":"BreadcrumbList","@id":"https:\/\/www.ricom-web8.com\/gestions\/charge-de-securite\/#breadcrumb","itemListElement":[{"@type":"ListItem","position":1,"name":"Accueil","item":"https:\/\/www.ricom-web8.com\/gestions\/"},{"@type":"ListItem","position":2,"name":"Charg\u00e9 de s\u00e9curit\u00e9"}]},{"@type":"WebSite","@id":"https:\/\/www.ricom-web8.com\/gestions\/#website","url":"https:\/\/www.ricom-web8.com\/gestions\/","name":"Gestions hospitali\u00e8res","description":"la revue des d\u00e9cideurs hospitaliers","publisher":{"@id":"https:\/\/www.ricom-web8.com\/gestions\/#organization"},"potentialAction":[{"@type":"SearchAction","target":{"@type":"EntryPoint","urlTemplate":"https:\/\/www.ricom-web8.com\/gestions\/?s={search_term_string}"},"query-input":{"@type":"PropertyValueSpecification","valueRequired":true,"valueName":"search_term_string"}}],"inLanguage":"fr-FR"},{"@type":"Organization","@id":"https:\/\/www.ricom-web8.com\/gestions\/#organization","name":"Gestions hospitali\u00e8res","url":"https:\/\/www.ricom-web8.com\/gestions\/","logo":{"@type":"ImageObject","inLanguage":"fr-FR","@id":"https:\/\/www.ricom-web8.com\/gestions\/#\/schema\/logo\/image\/","url":"https:\/\/gestions-hospitalieres.fr\/wp-content\/uploads\/2017\/02\/picto_Gif-GH-trans.png","contentUrl":"https:\/\/gestions-hospitalieres.fr\/wp-content\/uploads\/2017\/02\/picto_Gif-GH-trans.png","width":512,"height":512,"caption":"Gestions hospitali\u00e8res"},"image":{"@id":"https:\/\/www.ricom-web8.com\/gestions\/#\/schema\/logo\/image\/"},"sameAs":["https:\/\/www.facebook.com\/gestionshospitalieres\/","https:\/\/x.com\/revue_GH","https:\/\/www.linkedin.com\/company\/gestions-hospitalieres?trk=top_nav_home"]},{"@type":"Person","@id":"https:\/\/www.ricom-web8.com\/gestions\/#\/schema\/person\/3ba9fe913190dfe9507feb621e902c1f","name":"Gestions hospitali\u00e8res","image":{"@type":"ImageObject","inLanguage":"fr-FR","@id":"https:\/\/www.ricom-web8.com\/gestions\/#\/schema\/person\/image\/","url":"https:\/\/secure.gravatar.com\/avatar\/1a0d93e6db5dbe7dac96bae4757d256f?s=96&d=mm&r=g","contentUrl":"https:\/\/secure.gravatar.com\/avatar\/1a0d93e6db5dbe7dac96bae4757d256f?s=96&d=mm&r=g","caption":"Gestions hospitali\u00e8res"},"url":"https:\/\/www.ricom-web8.com\/gestions\/author\/benjamin\/"}]}},"_links":{"self":[{"href":"https:\/\/www.ricom-web8.com\/gestions\/wp-json\/wp\/v2\/posts\/33968","targetHints":{"allow":["GET"]}}],"collection":[{"href":"https:\/\/www.ricom-web8.com\/gestions\/wp-json\/wp\/v2\/posts"}],"about":[{"href":"https:\/\/www.ricom-web8.com\/gestions\/wp-json\/wp\/v2\/types\/post"}],"author":[{"embeddable":true,"href":"https:\/\/www.ricom-web8.com\/gestions\/wp-json\/wp\/v2\/users\/23133"}],"replies":[{"embeddable":true,"href":"https:\/\/www.ricom-web8.com\/gestions\/wp-json\/wp\/v2\/comments?post=33968"}],"version-history":[{"count":0,"href":"https:\/\/www.ricom-web8.com\/gestions\/wp-json\/wp\/v2\/posts\/33968\/revisions"}],"wp:attachment":[{"href":"https:\/\/www.ricom-web8.com\/gestions\/wp-json\/wp\/v2\/media?parent=33968"}],"wp:term":[{"taxonomy":"category","embeddable":true,"href":"https:\/\/www.ricom-web8.com\/gestions\/wp-json\/wp\/v2\/categories?post=33968"},{"taxonomy":"post_tag","embeddable":true,"href":"https:\/\/www.ricom-web8.com\/gestions\/wp-json\/wp\/v2\/tags?post=33968"}],"curies":[{"name":"wp","href":"https:\/\/api.w.org\/{rel}","templated":true}]}}