

{"id":34487,"date":"2010-04-01T11:22:14","date_gmt":"2010-04-01T09:22:14","guid":{"rendered":"https:\/\/gestions-hospitalieres.fr\/?p=34487"},"modified":"2018-04-05T12:14:24","modified_gmt":"2018-04-05T10:14:24","slug":"signaletique-art-nouveau-service-patient","status":"publish","type":"post","link":"https:\/\/www.ricom-web8.com\/gestions\/signaletique-art-nouveau-service-patient\/","title":{"rendered":"Une signal\u00e9tique Art nouveau au service du patient"},"content":{"rendered":"<span class=\"span-reading-time rt-reading-time\" style=\"display: block;\"><span class=\"rt-label rt-prefix\">Temps de lecture\u00a0: <\/span> <span class=\"rt-time\"> 9<\/span> <span class=\"rt-label rt-postfix\">minutes<\/span><\/span><p>Cr\u00e9\u00e9 en 1924, le centre r\u00e9gional de lutte contre le cancer (CRLCC) s\u2019est install\u00e9 en 1974 dans ses locaux actuels du plateau de Brabois et a pris le nom de centre Alexis-Vautrin. Il regroupe les moyens technologiques et humains n\u00e9cessaires aux soins, \u00e0 l\u2019enseignement et \u00e0 la recherche en canc\u00e9rologie. \u00c9tablissement de sant\u00e9 priv\u00e9 d\u2019int\u00e9r\u00eat collectif, reconnu d\u2019utilit\u00e9 publique, il prend en charge tout patient de la r\u00e9gion pr\u00e9sentant une suspicion ou une certitude de maladie canc\u00e9reuse dans une approche pluridisciplinaire et une exigence constante de qualit\u00e9.\u00a0Dans sa configuration initiale sur le plateau de Brabois en 1974, le centre Alexis-Vautrin \u00e9tait un b\u00e2timent unique de 16 500 m\u00b2. Depuis, plusieurs extensions ont \u00e9t\u00e9 r\u00e9alis\u00e9es, amenant la surface du centre \u00e0 plus de 26 000 m\u00b2. L\u2019augmentation du nombre de patients, l\u2019\u00e9volution des \u00e9quipements (et de leur taille), le d\u00e9veloppement des activit\u00e9s de recherche ont n\u00e9cessit\u00e9 ces infrastructures. Le dernier \u00e9quipement (nouveau poste de radioth\u00e9rapie) a \u00e9t\u00e9 inaugur\u00e9 en janvier 2010 et d\u2019autres projets immobiliers sont en cours de r\u00e9flexion.<\/p>\n<p>L\u2019extension du centre ayant engendr\u00e9 de nouveaux secteurs et de nouvelles appellations, la signal\u00e9tique \u00e9tait devenue confuse et l\u2019orientation des visiteurs complexe. Forte de ce constat, la direction de l\u2019\u00e9tablissement d\u00e9cide en 2009 une refonte compl\u00e8te de la signal\u00e9tique interne, avec en priorit\u00e9 l\u2019orientation des patients et des visiteurs.\u00a0Un audit complet de la signal\u00e9tique est donc r\u00e9alis\u00e9 en 2009 par les services techniques et le service communication :<\/p>\n<ul>\n<li>\u00e9tude et recensement de l\u2019ensemble des panneaux en place ;<\/li>\n<li>\u00e9tude des flux de d\u00e9placements dans l\u2019\u00e9tablissement \u00e0 partir des points d\u2019entr\u00e9e et des diff\u00e9rents secr\u00e9tariats ;<\/li>\n<li>recensement des probl\u00e8mes constat\u00e9s par le personnel soignant et le personnel d\u2019accueil ;<\/li>\n<li>avis de patients et des m\u00e9decins en relation avec le centre, r\u00e9colt\u00e9s <em>via<\/em> des enqu\u00eates de satisfaction ;<\/li>\n<li>recueil des avis et propositions du personnel <em>via<\/em> le journal interne et l\u2019intranet.<\/li>\n<\/ul>\n<h1>Le projet<\/h1>\n<p>\u00c0 l\u2019issue de cet audit, un cahier des charges a \u00e9t\u00e9 r\u00e9alis\u00e9 proposant les grands axes de la refonte, un principe de fonctionnement, des propositions de zonage et d\u2019implantation des supports. Ce cahier des charges a permis de lancer un appel \u00e0 projets aupr\u00e8s d\u2019agences de design et d\u2019entreprises de signal\u00e9tiques en deux phases :<\/p>\n<ul>\n<li>en juin 2009, appel \u00e0 candidature sur la base de :<br \/>\n&#8211; r\u00e9f\u00e9rences professionnelles ;<br \/>\n&#8211; structure de l\u2019entreprise ;<br \/>\n&#8211; \u00e9quipe pluridisciplinaire d\u00e9di\u00e9e au projet ;<br \/>\n&#8211; engagement sur les d\u00e9lais<br \/>\n&#8211; chiffrage estimatif du projet dans ces trois composantes (\u00e9tude, conception et pose).<br \/>\nTreize dossiers sont re\u00e7us et \u00e9tudi\u00e9s. Au vu des r\u00e9f\u00e9rences, cinq candidats sont retenus pour la seconde phase ;<\/li>\n<li>remise des offres le 1<sup>er<\/sup> septembre 2009 et choix du titulaire en octobre 2009 (les cinq candidats avaient visit\u00e9 l\u2019\u00e9tablissement en juillet). Un candidat n\u2019a pas rendu d\u2019offre. Les quatre candidatures restantes ont \u00e9t\u00e9 \u00e9tudi\u00e9es et d\u00e9partag\u00e9es sur la base des aspects \u00e9conomiques, esth\u00e9tiques et organisationnels, avec engagement des d\u00e9lais.<\/li>\n<\/ul>\n<p>A \u00e9t\u00e9 retenue la soci\u00e9t\u00e9 Art on Wall, cr\u00e9\u00e9e en avril 2004 par Christian Lucion, cocr\u00e9ateur et actionnaire d\u2019une entreprise de production num\u00e9rique et de laminage sur tous supports de communication pour la signal\u00e9tique et la d\u00e9coration. La cible m\u00e9tier et commerciale d\u2019Art on Wall est le travail en direct avec des utilisateurs finaux en apportant un service complet, du conseil \u00e0 la pose en mati\u00e8re de signal\u00e9tique int\u00e9rieure et ext\u00e9rieure, de d\u00e9coration murale et florale.\u00a0La soci\u00e9t\u00e9 Art on Wall a travaill\u00e9 en trois temps :<\/p>\n<ul>\n<li>\u00e9tude et critique de l\u2019audit initial (octobre\/novembre 2009) ;<\/li>\n<li>proposition de d\u00e9coupage et de r\u00e9partition des nouveaux panneaux (novembre\/d\u00e9cembre 2009) ;<\/li>\n<li>conception et installation des supports (janvier\/f\u00e9vrier 2010).<\/li>\n<\/ul>\n<h2>Le choix du th\u00e8me \u00ab \u00c9cole de Nancy \u00bb<\/h2>\n<p>Pour cette nouvelle signal\u00e9tique, la direction du centre Alexis-Vautrin souhaitait un th\u00e8me f\u00e9d\u00e9rateur pour le personnel et riche de sens pour les visiteurs. Suite \u00e0 un sondage aupr\u00e8s du personnel, le th\u00e8me des artistes de l\u2019\u00e9cole de Nancy a \u00e9t\u00e9 retenu.<\/p>\n<p>Le d\u00e9but du XX<sup>e<\/sup> si\u00e8cle a connu l\u2019explosion de l\u2019Art nouveau. \u00c0 Nancy, l\u2019Art nouveau prend le nom d\u2019\u00ab \u00e9cole de Nancy \u00bb, gr\u00e2ce notamment \u00e0 une de ses figures embl\u00e9matiques, \u00c9mile Gall\u00e9. Verrerie, mobilier, vitrail, c\u00e9ramique, cuir, ferronnerie, architecture participent \u00e0 ce vaste mouvement de r\u00e9novation des arts d\u00e9coratifs. L\u2019Exposition internationale de l\u2019est de la France en 1909 contribua grandement \u00e0 la reconnaissance de ce mouvement qui, aujourd\u2019hui encore, caract\u00e9rise la ville de Nancy et lui conf\u00e8re un patrimoine remarquable.<\/p>\n<p>En plus de marquer la vocation r\u00e9gionale du centre Alexis-Vautrin, la th\u00e9matique de l\u2019\u00e9cole de Nancy v\u00e9hicule des valeurs communes \u2013 savoir-faire, rayonnement, pluridisciplinarit\u00e9, excellence, universalit\u00e9, ouverture et reconnaissance vers l\u2019international \u2013 et permet des compositions graphiques esth\u00e9tiques de grande qualit\u00e9. Sans compter que cet axe graphique, peu courant et inattendu dans un \u00e9tablissement hospitalier, contribue \u00e0 son image et \u00e0 sa singularit\u00e9. Pour la r\u00e9alisation de ce projet, l\u2019\u00e9tablissement a sollicit\u00e9 le soutien du mus\u00e9e de l\u2019\u00e9cole de Nancy et du mus\u00e9e des beaux-arts de Nancy.<\/p>\n<h1>La collaboration\u00a0avec les mus\u00e9es nanc\u00e9ens<\/h1>\n<p>Sollicit\u00e9s pour conseiller et accompagner le centre Alexis-Vautrin dans ce projet \u00e0 connotation culturelle, les deux mus\u00e9es nanc\u00e9iens ont accept\u00e9 d\u2019apporter leur contribution :<\/p>\n<ul>\n<li><img decoding=\"async\" class=\"alignright size-medium wp-image-34493\" src=\"https:\/\/gestions-hospitalieres.fr\/wp-content\/uploads\/2010\/04\/Gruber-Jacques-Vitail-de-la-Salle-MEN-clich-Studio-Image-300x211.jpg\" alt=\"\" width=\"300\" height=\"211\" srcset=\"https:\/\/www.ricom-web8.com\/gestions\/wp-content\/uploads\/2010\/04\/Gruber-Jacques-Vitail-de-la-Salle-MEN-clich-Studio-Image-300x211.jpg 300w, https:\/\/www.ricom-web8.com\/gestions\/wp-content\/uploads\/2010\/04\/Gruber-Jacques-Vitail-de-la-Salle-MEN-clich-Studio-Image.jpg 600w\" sizes=\"(max-width: 300px) 100vw, 300px\" \/>le mus\u00e9e de l\u2019\u00e9cole de Nancy a recueilli les droits d\u2019utilisation des patronymes aupr\u00e8s des descendants et ayants droit. Il a aussi ouvert ses collections et c\u00e9d\u00e9 les visuels n\u00e9cessaires ;<\/li>\n<li>le mus\u00e9e des beaux-arts de Nancy, d\u00e9j\u00e0 impliqu\u00e9 dans un projet d\u2019exposition au centre pour l\u2019\u00e9t\u00e9 2010, a mis \u00e0 disposition le visuel d\u2019une pi\u00e8ce des verreries Daum choisie dans sa collection. L\u2019une des ambitions de ce mus\u00e9e est d\u2019affirmer une vocation territoriale de proximit\u00e9, afin de faire vivre ses collections \u00e0 la fois dans et hors les murs. La mise \u00e0 disposition d\u2019une reproduction d\u2019une pi\u00e8ce de Daum en est un t\u00e9moignage.<\/li>\n<\/ul>\n<p>Les deux mus\u00e9es ont conseill\u00e9 sur le choix des \u0153uvres, l\u2019adaptation des couleurs et des motifs sur les panneaux, en lien avec le Pr Thierry Conroy, sous-directeur du centre Alexis-Vautrin et membre de l\u2019Association des amis du mus\u00e9e de l\u2019\u00e9cole de Nancy (Aamen).<\/p>\n<h2>Le mus\u00e9e des beaux-arts de Nancy<\/h2>\n<p>Cr\u00e9\u00e9 en 1793 et install\u00e9 dans l\u2019un des pavillons de la place Stanislas, le mus\u00e9e des beaux-arts de Nancy t\u00e9moigne dans ses murs de l\u2019architecture et de l\u2019\u00e9volution urbaine de la ville. Avec la mise en valeur des vestiges de fortifications du XV<sup>e<\/sup> au XVII<sup>e<\/sup> si\u00e8cle au sous-sol, le mus\u00e9e est d\u00e9sormais le lien entre la ville vieille et la ville neuve, entre l\u2019ancien duch\u00e9 de Lorraine et Nancy la Moderne. Les enrichissements constants des collections conduisent en 1999 \u00e0 un agrandissement notoire et \u00e0 une r\u00e9organisation de l\u2019ensemble, en vue d\u2019accueillir des publics vari\u00e9s, jeunes et adultes : auditorium, salles d\u2019expositions temporaires, librairie, atelier pour enfants, association d\u2019amis du mus\u00e9e offrent ainsi \u00e0 tous une palette de manifestations culturelles diversifi\u00e9es et innovantes.<\/p>\n<p>Les diff\u00e9rents courants de l\u2019art en Europe du xve au xxie si\u00e8cle y sont repr\u00e9sent\u00e9s. Les collections de peintures rassemblent une suite de tableaux sign\u00e9s P\u00e9rugin, Tintoret, Caravage, Rubens, Delacroix, Monet, Modigliani, Dufy, Picasso\u2026 Les parcours am\u00e8nent progressivement \u00e0 la d\u00e9couverte d\u2019installations d\u2019artistes contemporains, fran\u00e7ais et \u00e9trangers. Les sculpteurs sont \u00e9galement \u00e0 l\u2019honneur avec Rodin, Maillol, Zadkine, C\u00e9sar, Dietman\u2026 Un riche cabinet d\u2019arts graphiques abrite divers fonds de dessins et d\u2019estampes, pr\u00e9sent\u00e9s ponctuellement, telles les \u0153uvres de Callott et Grandville. Nombre de peintres lorrains, dont la carri\u00e8re a eu un grand retentissement, sont expos\u00e9s : Claude le Lorrain, \u00c9mile Friant, Victor Prouv\u00e9, \u00c9tienne Cournault, Jules Bastien-Lepage\u2026 Enfin, la collection de verreries Daum est pr\u00e9sent\u00e9e dans une sc\u00e9nographie particuli\u00e8re qui permet au visiteur de d\u00e9couvrir cent ans de production de la c\u00e9l\u00e8bre manufacture nanc\u00e9ienne.<\/p>\n<blockquote><p>Plus qu\u2019un outil d\u2019accueil dans l\u2019\u00e9tablissement, cette nouvelle signal\u00e9tique se veut un vecteur de convivialit\u00e9, de qualit\u00e9 et le reflet des valeurs du centre Alexis-Vautrin.<\/p><\/blockquote>\n<h2>Le mus\u00e9e\u00a0de l\u2019\u00e9cole de Nancy<\/h2>\n<p>\u00c0 l\u2019approche du xxe si\u00e8cle et sous l\u2019impulsion d\u00e9cisive de nombreux artistes, en particulier d\u2019\u00c9mile Gall\u00e9, l\u2019\u00e9cole de Nancy conna\u00eet un d\u00e9veloppement exceptionnel. Verrerie, mobilier, vitrail et c\u00e9ramique participent \u00e0 ce mouvement de r\u00e9novation. Situ\u00e9 dans la propri\u00e9t\u00e9 d\u2019Eug\u00e8ne Corbin, acquise par la ville dans les ann\u00e9es 1951-1952, le mus\u00e9e de l\u2019\u00e9cole de Nancy est install\u00e9 dans un cadre architectural contemporain des \u0153uvres pr\u00e9sent\u00e9es. Malgr\u00e9 l\u2019urbanisation du quartier, le jardin subsiste en grande partie et sa r\u00e9habilitation en 1999 permet de restituer les ambiances v\u00e9g\u00e9tales du d\u00e9but du si\u00e8cle.<\/p>\n<p>Les collections t\u00e9moignent de la diversit\u00e9 des techniques\u00a0 \u2013 meubles, objets d\u2019art, verre, vitrail, cuir, c\u00e9ramique, textile\u2026 \u2013 d\u00e9clin\u00e9es par les artistes de l\u2019\u00e9cole de Nancy et recr\u00e9ent l\u2019atmosph\u00e8re de l\u2019\u00e9poque.\u00a0La salle \u00e0 manger Masson, \u0153uvre d\u2019Eug\u00e8ne Vallin, est pr\u00e9sent\u00e9e dans sa quasi-totalit\u00e9. D\u2019autres pi\u00e8ces uniques et de prestige sont visibles, telles le lit <em>Aube et cr\u00e9puscule<\/em> et la table <em>Le Rhin<\/em> d\u2019\u00c9mile Gall\u00e9, <em>la Chambre \u00e0 coucher de la Villa Majorelle<\/em> et le piano <em>La Mort du cygne<\/em> de Louis Majorelle.\u00a0Un bel ensemble de verreries d\u2019\u00c9mile Gall\u00e9 illustre les prouesses techniques et l\u2019inspiration naturaliste de ce mouvement artistique.<\/p>\n<h1>Une signal\u00e9tique\u00a0au service des patients<\/h1>\n<h2>Principe et fonctionnement<\/h2>\n<p>Le principe retenu de la signal\u00e9tique mise en \u0153uvre au centre Alexis-Vautrin est un d\u00e9coupage fonctionnel bas\u00e9 sur les flux de circulation de l\u2019\u00e9tablissement :<\/p>\n<ul>\n<li>division en espaces regroupant des services et\/ou activit\u00e9s (un espace = un artiste = une \u0153uvre) ;<\/li>\n<li>signalisation des espaces \u00e0 partir de l\u2019accueil ;<\/li>\n<li>second niveau de signal\u00e9tique au sein des espaces pour indiquer les services, secr\u00e9tariats ;<\/li>\n<li>signalisation des ascenseurs (de A \u00e0 H) ;<\/li>\n<li>rappel iconographique sur les panneaux.<\/li>\n<\/ul>\n<p>\u00c0 l\u2019accueil, un plan g\u00e9n\u00e9ral permet de visualiser et localiser les diff\u00e9rents espaces au sein de l\u2019\u00e9tablissement. Des petits plans papier diffus\u00e9s \u00e0 l\u2019accueil viennent appuyer ce dispositif et permettent au visiteur de visualiser pr\u00e9cis\u00e9ment son parcours. Situ\u00e9 dans le hall d\u2019accueil (espace Nicolas), un panneau rend hommage \u00e0 la g\u00e9n\u00e9rosit\u00e9 des donateurs qui ont soutenu le centre de lutte contre le cancer dans ses projets de recherche.<\/p>\n<h2>Les panneaux<\/h2>\n<p>La nouvelle signal\u00e9tique a n\u00e9cessit\u00e9 l\u2019installation de 350 panneaux en Dibond (mat\u00e9riau \u00e0 la fois solide et l\u00e9ger, compos\u00e9 d\u2019un noyau poly\u00e9thyl\u00e8ne entre deux fines plaques d\u2019aluminium) ou en vinyle avec impression num\u00e9rique. Le format des panneaux varie selon les emplacements : le plus petit est un format A4, le plus grand (plan d\u2019accueil) mesure 3 m\u00e8tres de long sur 2 m\u00e8tres de haut.<\/p>\n<h2>La fonctionnalit\u00e9<\/h2>\n<p>Le premier niveau de lecture de la signal\u00e9tique (orientation g\u00e9n\u00e9rale) est associ\u00e9 aux espaces et donc aux noms d\u2019artistes. L\u2019orientation g\u00e9n\u00e9rale se fait par les noms.<\/p>\n<p>Le second niveau (au c\u0153ur des espaces) prend en compte les fonctionnalit\u00e9s des services et les appellations m\u00e9dicales.<\/p>\n<p>La mise en avant des noms d\u2019espace (noms d\u2019artistes) vise \u00e0 r\u00e9duire le ressenti psychologique cr\u00e9\u00e9 par les termes m\u00e9dicaux, parfois stressant pour les patients.\u00a0Dans un \u00e9tablissement hospitalier, les visiteurs ont l\u2019esprit occup\u00e9. Il est important qu\u2019ils puissent se d\u00e9placer tr\u00e8s facilement, sans trop de r\u00e9flexion ni de stress. Le principe mis en place r\u00e9pond \u00e0 ces exigences. Le m\u00e9lange de l\u2019art et de\u00a0 la signal\u00e9tique est ressenti par tous les usagers comme une d\u00e9marche de facilitation des d\u00e9placements, avec un apport culturel fort.<\/p>\n<h2>Les artistes et \u0153uvres retenus<\/h2>\n<p>Huit artistes majeurs du mouvement de l\u2019\u00e9cole de Nancy ont \u00e9t\u00e9 retenus pour illustrer huit secteurs identifi\u00e9s :<\/p>\n<ul>\n<li>Henri Berg\u00e9 (1870-1937), d\u00e9corateur, illustrateur ;<\/li>\n<li>Ernest Bussi\u00e8re (1863-1913), statuaire et c\u00e9ramiste ;<\/li>\n<li>Antonin Daum (1864-1930), verrier ;<\/li>\n<li>\u00c9mile Gall\u00e9 (1846-1904), verrier, c\u00e9ramiste et \u00e9b\u00e9niste ;<\/li>\n<li>Jacques Gruber (1912-1948), peintre verrier ;<\/li>\n<li>Louis Majorelle (1859-1926), d\u00e9corateur et \u00e9b\u00e9niste ;<\/li>\n<li>Paul Nicolas (1875 -1952), peintre verrier ;<\/li>\n<li>Eug\u00e8ne Vallin (1856-1922), architecte et menuisier d\u2019art.<\/li>\n<\/ul>\n<p>Pour chaque artiste, une \u0153uvre significative a \u00e9t\u00e9 choisie parmi les collections des deux mus\u00e9es nanc\u00e9ens partenaires, puis int\u00e9gr\u00e9e \u00e0 un panneau pour d\u00e9finir l\u2019identit\u00e9 visuelle de chaque secteur.\u00a0Dans chaque secteur, des panneaux pr\u00e9sentent la biographie de l\u2019artiste et une note explicative de l\u2019\u0153uvre retenue de fa\u00e7on volontairement claire et succincte, adapt\u00e9e \u00e0 la r\u00e9ceptivit\u00e9 des patients et visiteurs de l\u2019\u00e9tablissement. \u00a0Pour compl\u00e9ter l\u2019information sur les \u0153uvres, le mus\u00e9e des beaux-arts a mis \u00e0 disposition du centre des catalogues de l\u2019exposition Daum. Les programmes des mus\u00e9es sont \u00e9galement \u00e0 disposition dans les salles d\u2019attente.<\/p>\n<p><img decoding=\"async\" class=\"alignleft size-full wp-image-34490\" src=\"https:\/\/gestions-hospitalieres.fr\/wp-content\/uploads\/2017\/06\/plan_CAV.jpg\" alt=\"\" width=\"600\" height=\"280\" srcset=\"https:\/\/www.ricom-web8.com\/gestions\/wp-content\/uploads\/2017\/06\/plan_CAV.jpg 600w, https:\/\/www.ricom-web8.com\/gestions\/wp-content\/uploads\/2017\/06\/plan_CAV-300x140.jpg 300w\" sizes=\"(max-width: 600px) 100vw, 600px\" \/><\/p>\n<h1>Int\u00e9grer la culture \u00e0 l\u2019h\u00f4pital<\/h1>\n<p>Le centre Alexis-Vautrin a depuis longtemps engag\u00e9 une d\u00e9marche visant \u00e0 faire entrer l\u2019art au sein de l\u2019\u00e9tablissement. La refonte de la signal\u00e9tique s\u2019int\u00e8gre parfaitement \u00e0 cette d\u00e9marche de culture \u00e0 l\u2019h\u00f4pital.<\/p>\n<h2>Des \u00e9missions culturelles pour les patients<\/h2>\n<p>Depuis 2007, le centre Alexis-Vautrin dispose d\u2019une cha\u00eene de t\u00e9l\u00e9vision interne diffus\u00e9e dans les chambres. Cr\u00e9\u00e9e et g\u00e9r\u00e9e par le service communication, elle diffuse, outre la pr\u00e9sentation et les actualit\u00e9s du centre, des reportages culturels r\u00e9gionaux c\u00e9d\u00e9s par des maisons des jeunes et de la culture, mus\u00e9es, associations et soci\u00e9t\u00e9s de productions lorraines.<\/p>\n<h2>Art D\u00e9tente, un engagement\u00a0au service des patients<\/h2>\n<p>Cr\u00e9\u00e9e en 1990, l\u2019association Art D\u00e9tente, int\u00e9gr\u00e9e au centre Alexis-Vautrin dans le cadre des soins de support, propose aux patients des distractions \u00e0 travers des animations (concerts en chambre, rencontres artistiques\u2026) et des expositions dans un espace d\u00e9di\u00e9. L\u2019association re\u00e7oit des dons qui sont int\u00e9gralement investis dans des \u0153uvres d\u2019art pour l\u2019agr\u00e9ment des patients : vitrines d\u2019exposition, plaquette pour le patrimoine artistique du centre, d\u00e9cor\u2026<\/p>\n<p>Depuis sa cr\u00e9ation, l\u2019association Art D\u00e9tente a organis\u00e9 pr\u00e8s de deux cent vingt expositions gr\u00e2ce au dynamisme de ses membres et \u00e0 la g\u00e9n\u00e9rosit\u00e9 sans faille de deux cent cinquante exposants.\u00a0En 2009, l\u2019association a organis\u00e9 une r\u00e9trospective de l\u2019exposition \u00e9cole de Nancy 1909. \u00c0 l\u2019\u00e9t\u00e9 2010, elle organisera une exposition en partenariat avec le mus\u00e9e des beaux-arts de Nancy.<\/p>\n<h2>La vitrine Daum<\/h2>\n<p>La salle d\u2019attente des consultations externes du centre Alexis-Vautrin comprend une vitrine d\u2019exposition contenant des pi\u00e8ces contemporaines de la maison Daum, enseigne majeure de l\u2019Art nouveau. Cette vitrine, r\u00e9alis\u00e9e par Janine Jacquot-Perrin, designer ma\u00eetre-verrier lorraine, a \u00e9t\u00e9 financ\u00e9e gr\u00e2ce \u00e0 des dons collect\u00e9s par l\u2019association Art D\u00e9tente.<\/p>\n<h1>Conclusion<\/h1>\n<p>La refonte de la signal\u00e9tique interne de l\u2019\u00e9tablissement est un projet f\u00e9d\u00e9rateur tant en interne qu\u2019en externe.\u00a0En interne, le projet cr\u00e9e de la coh\u00e9rence entre les services et structure de fa\u00e7on durable l\u2019environnement de travail. La gestion transversale du projet et le choix du th\u00e8me par le personnel permettent une meilleure appropriation de la nouvelle signal\u00e9tique et un sentiment d\u2019appartenance.\u00a0En externe, le projet construit l\u2019image et l\u2019identit\u00e9 de l\u2019\u00e9tablissement : la th\u00e9matique artistique conf\u00e8re une sp\u00e9cificit\u00e9 propre \u00e0 l\u2019\u00e9tablissement en r\u00e9duisant la rh\u00e9torique m\u00e9dicale, parfois angoissante pour les patients.<\/p>\n<p>Une signal\u00e9tique pertinente, fonctionnelle et esth\u00e9tique est cr\u00e9atrice de qualit\u00e9 et souligne l\u2019engagement du centre au service de ses patients.<\/p>\n<script>function PlayerjsAsync(){} if(window[\"Playerjs\"]){PlayerjsAsync();}<\/script>","protected":false},"excerpt":{"rendered":"<p><span class=\"span-reading-time rt-reading-time\" style=\"display: block;\"><span class=\"rt-label rt-prefix\">Temps de lecture\u00a0: <\/span> <span class=\"rt-time\"> 9<\/span> <span class=\"rt-label rt-postfix\">minutes<\/span><\/span>Cr\u00e9\u00e9 en 1924, le centre r\u00e9gional de lutte contre le cancer (CRLCC) s\u2019est install\u00e9 en 1974 dans ses locaux actuels du plateau de Brabois et a pris le nom de centre Alexis-Vautrin. Il regroupe les moyens technologiques et humains n\u00e9cessaires aux soins, \u00e0 l\u2019enseignement et \u00e0 la recherche en canc\u00e9rologie. \u00c9tablissement de sant\u00e9 priv\u00e9 d\u2019int\u00e9r\u00eat collectif, reconnu d\u2019utilit\u00e9 publique, il prend en charge tout patient de la r\u00e9gion pr\u00e9sentant une&hellip; <\/p>\n","protected":false},"author":23133,"featured_media":0,"comment_status":"open","ping_status":"closed","sticky":false,"template":"","format":"standard","meta":{"_acf_changed":false,"_relevanssi_hide_post":"","_relevanssi_hide_content":"","_relevanssi_pin_for_all":"","_relevanssi_pin_keywords":"","_relevanssi_unpin_keywords":"","_relevanssi_related_keywords":"","_relevanssi_related_include_ids":"","_relevanssi_related_exclude_ids":"","_relevanssi_related_no_append":"","_relevanssi_related_not_related":"","_relevanssi_related_posts":"","_relevanssi_noindex_reason":"","footnotes":""},"categories":[3,2],"tags":[2195,5627,5628,765,5626,5625,236,5624],"class_list":["post-34487","post","type-post","status-publish","format-standard","hentry","category-experience","category-gestions-hospitalieres","tag-accueil","tag-art-nouveau","tag-centre-alexis-vautrin","tag-culture","tag-nancy","tag-orientation","tag-qualite","tag-signaletique"],"acf":[],"yoast_head":"<!-- This site is optimized with the Yoast SEO plugin v24.8.1 - https:\/\/yoast.com\/wordpress\/plugins\/seo\/ -->\n<title>Une signal\u00e9tique Art nouveau au service du patient - Gestions hospitali\u00e8res<\/title>\n<meta name=\"robots\" content=\"index, follow, max-snippet:-1, max-image-preview:large, max-video-preview:-1\" \/>\n<link rel=\"canonical\" href=\"https:\/\/www.ricom-web8.com\/gestions\/signaletique-art-nouveau-service-patient\/\" \/>\n<meta property=\"og:locale\" content=\"fr_FR\" \/>\n<meta property=\"og:type\" content=\"article\" \/>\n<meta property=\"og:title\" content=\"Une signal\u00e9tique Art nouveau au service du patient - Gestions hospitali\u00e8res\" \/>\n<meta property=\"og:description\" content=\"Temps de lecture\u00a0:  9 minutesCr\u00e9\u00e9 en 1924, le centre r\u00e9gional de lutte contre le cancer (CRLCC) s\u2019est install\u00e9 en 1974 dans ses locaux actuels du plateau de Brabois et a pris le nom de centre Alexis-Vautrin. Il regroupe les moyens technologiques et humains n\u00e9cessaires aux soins, \u00e0 l\u2019enseignement et \u00e0 la recherche en canc\u00e9rologie. \u00c9tablissement de sant\u00e9 priv\u00e9 d\u2019int\u00e9r\u00eat collectif, reconnu d\u2019utilit\u00e9 publique, il prend en charge tout patient de la r\u00e9gion pr\u00e9sentant une&hellip;\" \/>\n<meta property=\"og:url\" content=\"https:\/\/www.ricom-web8.com\/gestions\/signaletique-art-nouveau-service-patient\/\" \/>\n<meta property=\"og:site_name\" content=\"Gestions hospitali\u00e8res\" \/>\n<meta property=\"article:publisher\" content=\"https:\/\/www.facebook.com\/gestionshospitalieres\/\" \/>\n<meta property=\"article:published_time\" content=\"2010-04-01T09:22:14+00:00\" \/>\n<meta property=\"article:modified_time\" content=\"2018-04-05T10:14:24+00:00\" \/>\n<meta property=\"og:image\" content=\"https:\/\/gestions-hospitalieres.fr\/wp-content\/uploads\/2010\/04\/Gruber-Jacques-Vitail-de-la-Salle-MEN-clich-Studio-Image-300x211.jpg\" \/>\n<meta name=\"author\" content=\"Gestions hospitali\u00e8res\" \/>\n<meta name=\"twitter:card\" content=\"summary_large_image\" \/>\n<meta name=\"twitter:creator\" content=\"@revue_GH\" \/>\n<meta name=\"twitter:site\" content=\"@revue_GH\" \/>\n<meta name=\"twitter:label1\" content=\"\u00c9crit par\" \/>\n\t<meta name=\"twitter:data1\" content=\"Gestions hospitali\u00e8res\" \/>\n\t<meta name=\"twitter:label2\" content=\"Dur\u00e9e de lecture estim\u00e9e\" \/>\n\t<meta name=\"twitter:data2\" content=\"14 minutes\" \/>\n<script type=\"application\/ld+json\" class=\"yoast-schema-graph\">{\"@context\":\"https:\/\/schema.org\",\"@graph\":[{\"@type\":\"Article\",\"@id\":\"https:\/\/www.ricom-web8.com\/gestions\/signaletique-art-nouveau-service-patient\/#article\",\"isPartOf\":{\"@id\":\"https:\/\/www.ricom-web8.com\/gestions\/signaletique-art-nouveau-service-patient\/\"},\"author\":{\"name\":\"Gestions hospitali\u00e8res\",\"@id\":\"https:\/\/www.ricom-web8.com\/gestions\/#\/schema\/person\/3ba9fe913190dfe9507feb621e902c1f\"},\"headline\":\"Une signal\u00e9tique Art nouveau au service du patient\",\"datePublished\":\"2010-04-01T09:22:14+00:00\",\"dateModified\":\"2018-04-05T10:14:24+00:00\",\"mainEntityOfPage\":{\"@id\":\"https:\/\/www.ricom-web8.com\/gestions\/signaletique-art-nouveau-service-patient\/\"},\"wordCount\":2711,\"commentCount\":0,\"publisher\":{\"@id\":\"https:\/\/www.ricom-web8.com\/gestions\/#organization\"},\"image\":{\"@id\":\"https:\/\/www.ricom-web8.com\/gestions\/signaletique-art-nouveau-service-patient\/#primaryimage\"},\"thumbnailUrl\":\"https:\/\/gestions-hospitalieres.fr\/wp-content\/uploads\/2010\/04\/Gruber-Jacques-Vitail-de-la-Salle-MEN-clich-Studio-Image-300x211.jpg\",\"keywords\":[\"accueil\",\"art nouveau\",\"centre Alexis-Vautrin\",\"culture\",\"Nancy\",\"orientation\",\"qualit\u00e9\",\"signal\u00e9tique\"],\"articleSection\":[\"exp\u00e9rience\",\"Gestions Hospitali\u00e8res\"],\"inLanguage\":\"fr-FR\",\"potentialAction\":[{\"@type\":\"CommentAction\",\"name\":\"Comment\",\"target\":[\"https:\/\/www.ricom-web8.com\/gestions\/signaletique-art-nouveau-service-patient\/#respond\"]}]},{\"@type\":\"WebPage\",\"@id\":\"https:\/\/www.ricom-web8.com\/gestions\/signaletique-art-nouveau-service-patient\/\",\"url\":\"https:\/\/www.ricom-web8.com\/gestions\/signaletique-art-nouveau-service-patient\/\",\"name\":\"Une signal\u00e9tique Art nouveau au service du patient - Gestions hospitali\u00e8res\",\"isPartOf\":{\"@id\":\"https:\/\/www.ricom-web8.com\/gestions\/#website\"},\"primaryImageOfPage\":{\"@id\":\"https:\/\/www.ricom-web8.com\/gestions\/signaletique-art-nouveau-service-patient\/#primaryimage\"},\"image\":{\"@id\":\"https:\/\/www.ricom-web8.com\/gestions\/signaletique-art-nouveau-service-patient\/#primaryimage\"},\"thumbnailUrl\":\"https:\/\/gestions-hospitalieres.fr\/wp-content\/uploads\/2010\/04\/Gruber-Jacques-Vitail-de-la-Salle-MEN-clich-Studio-Image-300x211.jpg\",\"datePublished\":\"2010-04-01T09:22:14+00:00\",\"dateModified\":\"2018-04-05T10:14:24+00:00\",\"breadcrumb\":{\"@id\":\"https:\/\/www.ricom-web8.com\/gestions\/signaletique-art-nouveau-service-patient\/#breadcrumb\"},\"inLanguage\":\"fr-FR\",\"potentialAction\":[{\"@type\":\"ReadAction\",\"target\":[\"https:\/\/www.ricom-web8.com\/gestions\/signaletique-art-nouveau-service-patient\/\"]}]},{\"@type\":\"ImageObject\",\"inLanguage\":\"fr-FR\",\"@id\":\"https:\/\/www.ricom-web8.com\/gestions\/signaletique-art-nouveau-service-patient\/#primaryimage\",\"url\":\"https:\/\/gestions-hospitalieres.fr\/wp-content\/uploads\/2010\/04\/Gruber-Jacques-Vitail-de-la-Salle-MEN-clich-Studio-Image-300x211.jpg\",\"contentUrl\":\"https:\/\/gestions-hospitalieres.fr\/wp-content\/uploads\/2010\/04\/Gruber-Jacques-Vitail-de-la-Salle-MEN-clich-Studio-Image-300x211.jpg\"},{\"@type\":\"BreadcrumbList\",\"@id\":\"https:\/\/www.ricom-web8.com\/gestions\/signaletique-art-nouveau-service-patient\/#breadcrumb\",\"itemListElement\":[{\"@type\":\"ListItem\",\"position\":1,\"name\":\"Accueil\",\"item\":\"https:\/\/www.ricom-web8.com\/gestions\/\"},{\"@type\":\"ListItem\",\"position\":2,\"name\":\"Une signal\u00e9tique Art nouveau au service du patient\"}]},{\"@type\":\"WebSite\",\"@id\":\"https:\/\/www.ricom-web8.com\/gestions\/#website\",\"url\":\"https:\/\/www.ricom-web8.com\/gestions\/\",\"name\":\"Gestions hospitali\u00e8res\",\"description\":\"la revue des d\u00e9cideurs hospitaliers\",\"publisher\":{\"@id\":\"https:\/\/www.ricom-web8.com\/gestions\/#organization\"},\"potentialAction\":[{\"@type\":\"SearchAction\",\"target\":{\"@type\":\"EntryPoint\",\"urlTemplate\":\"https:\/\/www.ricom-web8.com\/gestions\/?s={search_term_string}\"},\"query-input\":{\"@type\":\"PropertyValueSpecification\",\"valueRequired\":true,\"valueName\":\"search_term_string\"}}],\"inLanguage\":\"fr-FR\"},{\"@type\":\"Organization\",\"@id\":\"https:\/\/www.ricom-web8.com\/gestions\/#organization\",\"name\":\"Gestions hospitali\u00e8res\",\"url\":\"https:\/\/www.ricom-web8.com\/gestions\/\",\"logo\":{\"@type\":\"ImageObject\",\"inLanguage\":\"fr-FR\",\"@id\":\"https:\/\/www.ricom-web8.com\/gestions\/#\/schema\/logo\/image\/\",\"url\":\"https:\/\/gestions-hospitalieres.fr\/wp-content\/uploads\/2017\/02\/picto_Gif-GH-trans.png\",\"contentUrl\":\"https:\/\/gestions-hospitalieres.fr\/wp-content\/uploads\/2017\/02\/picto_Gif-GH-trans.png\",\"width\":512,\"height\":512,\"caption\":\"Gestions hospitali\u00e8res\"},\"image\":{\"@id\":\"https:\/\/www.ricom-web8.com\/gestions\/#\/schema\/logo\/image\/\"},\"sameAs\":[\"https:\/\/www.facebook.com\/gestionshospitalieres\/\",\"https:\/\/x.com\/revue_GH\",\"https:\/\/www.linkedin.com\/company\/gestions-hospitalieres?trk=top_nav_home\"]},{\"@type\":\"Person\",\"@id\":\"https:\/\/www.ricom-web8.com\/gestions\/#\/schema\/person\/3ba9fe913190dfe9507feb621e902c1f\",\"name\":\"Gestions hospitali\u00e8res\",\"image\":{\"@type\":\"ImageObject\",\"inLanguage\":\"fr-FR\",\"@id\":\"https:\/\/www.ricom-web8.com\/gestions\/#\/schema\/person\/image\/\",\"url\":\"https:\/\/secure.gravatar.com\/avatar\/1a0d93e6db5dbe7dac96bae4757d256f?s=96&d=mm&r=g\",\"contentUrl\":\"https:\/\/secure.gravatar.com\/avatar\/1a0d93e6db5dbe7dac96bae4757d256f?s=96&d=mm&r=g\",\"caption\":\"Gestions hospitali\u00e8res\"},\"url\":\"https:\/\/www.ricom-web8.com\/gestions\/author\/benjamin\/\"}]}<\/script>\n<!-- \/ Yoast SEO plugin. -->","yoast_head_json":{"title":"Une signal\u00e9tique Art nouveau au service du patient - Gestions hospitali\u00e8res","robots":{"index":"index","follow":"follow","max-snippet":"max-snippet:-1","max-image-preview":"max-image-preview:large","max-video-preview":"max-video-preview:-1"},"canonical":"https:\/\/www.ricom-web8.com\/gestions\/signaletique-art-nouveau-service-patient\/","og_locale":"fr_FR","og_type":"article","og_title":"Une signal\u00e9tique Art nouveau au service du patient - Gestions hospitali\u00e8res","og_description":"Temps de lecture\u00a0:  9 minutesCr\u00e9\u00e9 en 1924, le centre r\u00e9gional de lutte contre le cancer (CRLCC) s\u2019est install\u00e9 en 1974 dans ses locaux actuels du plateau de Brabois et a pris le nom de centre Alexis-Vautrin. Il regroupe les moyens technologiques et humains n\u00e9cessaires aux soins, \u00e0 l\u2019enseignement et \u00e0 la recherche en canc\u00e9rologie. \u00c9tablissement de sant\u00e9 priv\u00e9 d\u2019int\u00e9r\u00eat collectif, reconnu d\u2019utilit\u00e9 publique, il prend en charge tout patient de la r\u00e9gion pr\u00e9sentant une&hellip;","og_url":"https:\/\/www.ricom-web8.com\/gestions\/signaletique-art-nouveau-service-patient\/","og_site_name":"Gestions hospitali\u00e8res","article_publisher":"https:\/\/www.facebook.com\/gestionshospitalieres\/","article_published_time":"2010-04-01T09:22:14+00:00","article_modified_time":"2018-04-05T10:14:24+00:00","og_image":[{"url":"https:\/\/gestions-hospitalieres.fr\/wp-content\/uploads\/2010\/04\/Gruber-Jacques-Vitail-de-la-Salle-MEN-clich-Studio-Image-300x211.jpg","type":"","width":"","height":""}],"author":"Gestions hospitali\u00e8res","twitter_card":"summary_large_image","twitter_creator":"@revue_GH","twitter_site":"@revue_GH","twitter_misc":{"\u00c9crit par":"Gestions hospitali\u00e8res","Dur\u00e9e de lecture estim\u00e9e":"14 minutes"},"schema":{"@context":"https:\/\/schema.org","@graph":[{"@type":"Article","@id":"https:\/\/www.ricom-web8.com\/gestions\/signaletique-art-nouveau-service-patient\/#article","isPartOf":{"@id":"https:\/\/www.ricom-web8.com\/gestions\/signaletique-art-nouveau-service-patient\/"},"author":{"name":"Gestions hospitali\u00e8res","@id":"https:\/\/www.ricom-web8.com\/gestions\/#\/schema\/person\/3ba9fe913190dfe9507feb621e902c1f"},"headline":"Une signal\u00e9tique Art nouveau au service du patient","datePublished":"2010-04-01T09:22:14+00:00","dateModified":"2018-04-05T10:14:24+00:00","mainEntityOfPage":{"@id":"https:\/\/www.ricom-web8.com\/gestions\/signaletique-art-nouveau-service-patient\/"},"wordCount":2711,"commentCount":0,"publisher":{"@id":"https:\/\/www.ricom-web8.com\/gestions\/#organization"},"image":{"@id":"https:\/\/www.ricom-web8.com\/gestions\/signaletique-art-nouveau-service-patient\/#primaryimage"},"thumbnailUrl":"https:\/\/gestions-hospitalieres.fr\/wp-content\/uploads\/2010\/04\/Gruber-Jacques-Vitail-de-la-Salle-MEN-clich-Studio-Image-300x211.jpg","keywords":["accueil","art nouveau","centre Alexis-Vautrin","culture","Nancy","orientation","qualit\u00e9","signal\u00e9tique"],"articleSection":["exp\u00e9rience","Gestions Hospitali\u00e8res"],"inLanguage":"fr-FR","potentialAction":[{"@type":"CommentAction","name":"Comment","target":["https:\/\/www.ricom-web8.com\/gestions\/signaletique-art-nouveau-service-patient\/#respond"]}]},{"@type":"WebPage","@id":"https:\/\/www.ricom-web8.com\/gestions\/signaletique-art-nouveau-service-patient\/","url":"https:\/\/www.ricom-web8.com\/gestions\/signaletique-art-nouveau-service-patient\/","name":"Une signal\u00e9tique Art nouveau au service du patient - Gestions hospitali\u00e8res","isPartOf":{"@id":"https:\/\/www.ricom-web8.com\/gestions\/#website"},"primaryImageOfPage":{"@id":"https:\/\/www.ricom-web8.com\/gestions\/signaletique-art-nouveau-service-patient\/#primaryimage"},"image":{"@id":"https:\/\/www.ricom-web8.com\/gestions\/signaletique-art-nouveau-service-patient\/#primaryimage"},"thumbnailUrl":"https:\/\/gestions-hospitalieres.fr\/wp-content\/uploads\/2010\/04\/Gruber-Jacques-Vitail-de-la-Salle-MEN-clich-Studio-Image-300x211.jpg","datePublished":"2010-04-01T09:22:14+00:00","dateModified":"2018-04-05T10:14:24+00:00","breadcrumb":{"@id":"https:\/\/www.ricom-web8.com\/gestions\/signaletique-art-nouveau-service-patient\/#breadcrumb"},"inLanguage":"fr-FR","potentialAction":[{"@type":"ReadAction","target":["https:\/\/www.ricom-web8.com\/gestions\/signaletique-art-nouveau-service-patient\/"]}]},{"@type":"ImageObject","inLanguage":"fr-FR","@id":"https:\/\/www.ricom-web8.com\/gestions\/signaletique-art-nouveau-service-patient\/#primaryimage","url":"https:\/\/gestions-hospitalieres.fr\/wp-content\/uploads\/2010\/04\/Gruber-Jacques-Vitail-de-la-Salle-MEN-clich-Studio-Image-300x211.jpg","contentUrl":"https:\/\/gestions-hospitalieres.fr\/wp-content\/uploads\/2010\/04\/Gruber-Jacques-Vitail-de-la-Salle-MEN-clich-Studio-Image-300x211.jpg"},{"@type":"BreadcrumbList","@id":"https:\/\/www.ricom-web8.com\/gestions\/signaletique-art-nouveau-service-patient\/#breadcrumb","itemListElement":[{"@type":"ListItem","position":1,"name":"Accueil","item":"https:\/\/www.ricom-web8.com\/gestions\/"},{"@type":"ListItem","position":2,"name":"Une signal\u00e9tique Art nouveau au service du patient"}]},{"@type":"WebSite","@id":"https:\/\/www.ricom-web8.com\/gestions\/#website","url":"https:\/\/www.ricom-web8.com\/gestions\/","name":"Gestions hospitali\u00e8res","description":"la revue des d\u00e9cideurs hospitaliers","publisher":{"@id":"https:\/\/www.ricom-web8.com\/gestions\/#organization"},"potentialAction":[{"@type":"SearchAction","target":{"@type":"EntryPoint","urlTemplate":"https:\/\/www.ricom-web8.com\/gestions\/?s={search_term_string}"},"query-input":{"@type":"PropertyValueSpecification","valueRequired":true,"valueName":"search_term_string"}}],"inLanguage":"fr-FR"},{"@type":"Organization","@id":"https:\/\/www.ricom-web8.com\/gestions\/#organization","name":"Gestions hospitali\u00e8res","url":"https:\/\/www.ricom-web8.com\/gestions\/","logo":{"@type":"ImageObject","inLanguage":"fr-FR","@id":"https:\/\/www.ricom-web8.com\/gestions\/#\/schema\/logo\/image\/","url":"https:\/\/gestions-hospitalieres.fr\/wp-content\/uploads\/2017\/02\/picto_Gif-GH-trans.png","contentUrl":"https:\/\/gestions-hospitalieres.fr\/wp-content\/uploads\/2017\/02\/picto_Gif-GH-trans.png","width":512,"height":512,"caption":"Gestions hospitali\u00e8res"},"image":{"@id":"https:\/\/www.ricom-web8.com\/gestions\/#\/schema\/logo\/image\/"},"sameAs":["https:\/\/www.facebook.com\/gestionshospitalieres\/","https:\/\/x.com\/revue_GH","https:\/\/www.linkedin.com\/company\/gestions-hospitalieres?trk=top_nav_home"]},{"@type":"Person","@id":"https:\/\/www.ricom-web8.com\/gestions\/#\/schema\/person\/3ba9fe913190dfe9507feb621e902c1f","name":"Gestions hospitali\u00e8res","image":{"@type":"ImageObject","inLanguage":"fr-FR","@id":"https:\/\/www.ricom-web8.com\/gestions\/#\/schema\/person\/image\/","url":"https:\/\/secure.gravatar.com\/avatar\/1a0d93e6db5dbe7dac96bae4757d256f?s=96&d=mm&r=g","contentUrl":"https:\/\/secure.gravatar.com\/avatar\/1a0d93e6db5dbe7dac96bae4757d256f?s=96&d=mm&r=g","caption":"Gestions hospitali\u00e8res"},"url":"https:\/\/www.ricom-web8.com\/gestions\/author\/benjamin\/"}]}},"_links":{"self":[{"href":"https:\/\/www.ricom-web8.com\/gestions\/wp-json\/wp\/v2\/posts\/34487","targetHints":{"allow":["GET"]}}],"collection":[{"href":"https:\/\/www.ricom-web8.com\/gestions\/wp-json\/wp\/v2\/posts"}],"about":[{"href":"https:\/\/www.ricom-web8.com\/gestions\/wp-json\/wp\/v2\/types\/post"}],"author":[{"embeddable":true,"href":"https:\/\/www.ricom-web8.com\/gestions\/wp-json\/wp\/v2\/users\/23133"}],"replies":[{"embeddable":true,"href":"https:\/\/www.ricom-web8.com\/gestions\/wp-json\/wp\/v2\/comments?post=34487"}],"version-history":[{"count":0,"href":"https:\/\/www.ricom-web8.com\/gestions\/wp-json\/wp\/v2\/posts\/34487\/revisions"}],"wp:attachment":[{"href":"https:\/\/www.ricom-web8.com\/gestions\/wp-json\/wp\/v2\/media?parent=34487"}],"wp:term":[{"taxonomy":"category","embeddable":true,"href":"https:\/\/www.ricom-web8.com\/gestions\/wp-json\/wp\/v2\/categories?post=34487"},{"taxonomy":"post_tag","embeddable":true,"href":"https:\/\/www.ricom-web8.com\/gestions\/wp-json\/wp\/v2\/tags?post=34487"}],"curies":[{"name":"wp","href":"https:\/\/api.w.org\/{rel}","templated":true}]}}