

{"id":34984,"date":"2010-01-01T12:17:37","date_gmt":"2010-01-01T11:17:37","guid":{"rendered":"https:\/\/gestions-hospitalieres.fr\/?p=34984"},"modified":"2018-04-05T12:10:33","modified_gmt":"2018-04-05T10:10:33","slug":"luniversitarisation-etudes-dinfirmier","status":"publish","type":"post","link":"https:\/\/www.ricom-web8.com\/gestions\/luniversitarisation-etudes-dinfirmier\/","title":{"rendered":"L\u2019universitarisation des \u00e9tudes d\u2019infirmier"},"content":{"rendered":"<span class=\"span-reading-time rt-reading-time\" style=\"display: block;\"><span class=\"rt-label rt-prefix\">Temps de lecture\u00a0: <\/span> <span class=\"rt-time\"> 3<\/span> <span class=\"rt-label rt-postfix\">minutes<\/span><\/span><p>La n\u00e9cessit\u00e9 du rapprochement des instituts de formation en soins infirmiers (Ifsi) avec l\u2019universit\u00e9 trouve sa source dans les accords de Bologne sign\u00e9s en 1999 sur l\u2019enseignement sup\u00e9rieur et la formation continue, dite \u00ab r\u00e9forme licence-master-doctorat (LMD) \u00bb, dont la finalit\u00e9 est d\u2019organiser l\u2019harmonisation europ\u00e9enne des dipl\u00f4mes et de favoriser le rapprochement entre l\u2019universit\u00e9, les grandes \u00e9coles et le monde professionnel<sup class=\"appel\" data-toggle=\"modal\" data-target=\"#notes\"> (1)<\/sup>.<\/p>\n<p>D\u2019ici \u00e0 2010, les pays signataires de la d\u00e9claration de Bologne se sont engag\u00e9s \u00e0 adopter un syst\u00e8me de dipl\u00f4mes lisible et comparable, fond\u00e9 sur un cursus unifi\u00e9 appel\u00e9 \u00ab syst\u00e8me LMD \u00bb. Dans ce contexte europ\u00e9en, associ\u00e9 aux \u00e9volutions de la certification professionnelle en France, (loi du 17\u00a0janvier 2002 dite de \u00ab modernisation sociale \u00bb), la formation pr\u00e9parant au dipl\u00f4me d\u2019\u00c9tat infirmier a fait l\u2019objet d\u2019un remaniement connu sous le terme \u00ab r\u00e9ing\u00e9nierie des dipl\u00f4mes \u00bb. Cela a conduit \u00e0 la publication de l\u2019arr\u00eat\u00e9 du 31 juillet 2009 relatif au dipl\u00f4me d\u2019\u00c9tat infirmier et de ses annexes :<\/p>\n<ul>\n<li>annexe I &#8211; R\u00e9f\u00e9rentiel d\u2019activit\u00e9s ;<\/li>\n<li>annexe II &#8211; R\u00e9f\u00e9rentiel de comp\u00e9tences ;<\/li>\n<li>annexes III, IV, V et VI &#8211; R\u00e9f\u00e9rentiel de formation.<\/li>\n<\/ul>\n<p>La mission confi\u00e9e aux directeurs des Ifsi par le directeur g\u00e9n\u00e9ral de l\u2019AP-HM, Jean-Paul Segade, et pilot\u00e9e par le directeur des \u00e9coles et des instituts de formation, Mich\u00e8le Segade, \u00e9tait de r\u00e9ussir l\u2019entr\u00e9e de la formation des infirmiers \u00e0 l\u2019universit\u00e9 d\u00e8s septembre\u00a02009.<\/p>\n<p>Une \u00e9tape pr\u00e9liminaire a permis la r\u00e9alisation de travaux p\u00e9dagogiques inter-Ifsi qui ont conduit \u00e0 l\u2019\u00e9laboration d\u2019un dispositif harmonis\u00e9 (alternance cours\/stage), \u00e0 partir des avant-projets communiqu\u00e9s par le minist\u00e8re et d\u2019une maquette p\u00e9dagogique reprenant les recommandations minist\u00e9rielles : r\u00e9partition coordinations universit\u00e9\/Ifsi (cours magistraux et travaux dirig\u00e9s). Ce dispositif et cette maquette p\u00e9dagogique ont \u00e9t\u00e9 n\u00e9goci\u00e9s et valid\u00e9s au cours d\u2019une rencontre institutionnelle avec le Pr Yvon Berland, pr\u00e9sident de l\u2019universit\u00e9 de la M\u00e9diterran\u00e9e, et le Pr Philippe Berbis, charg\u00e9 de mission \u00e0 l\u2019universit\u00e9 de la M\u00e9diterran\u00e9e, vice-doyen de la facult\u00e9 de m\u00e9decine, coordonnateur pour la formation infirmi\u00e8re.<\/p>\n<p>La mise en place d\u2019une organisation identifiant les comp\u00e9tences et les responsabilit\u00e9s de chacune des parties a permis :<\/p>\n<ul>\n<li>la d\u00e9signation de coordonnateurs universitaires d\u2019unit\u00e9 d\u2019enseignement et le choix des enseignants habilit\u00e9s \u00e0 dispenser les cours aux \u00e9tudiants ;<\/li>\n<li>la reconnaissance des directeurs d\u2019Ifsi, responsables du projet de formation et des directeurs adjoints charg\u00e9s du pilotage de la programmation avec les \u00e9quipes de cadres formateurs.<\/li>\n<\/ul>\n<p>La coordination entre universitaires et formateurs des Ifsi a permis de mettre en \u0153uvre la programmation du premier semestre pour les trois Ifsi : harmonisation des contenus et des m\u00e9thodes p\u00e9dagogiques, mutualisation des moyens, avec notamment ouverture des amphith\u00e9\u00e2tres de la facult\u00e9.<\/p>\n<h2>Objectif de mise en \u0153uvre \u00e0 la rentr\u00e9e atteint<\/h2>\n<p>Compte tenu du court d\u00e9lai de pr\u00e9paration, des r\u00e9ajustements r\u00e9guliers ont \u00e9t\u00e9 n\u00e9cessaires pour adapter le projet vis\u00e9 aux exigences nouvelles : relations et partenaires diff\u00e9rents, culture universitaire, collaboration oblig\u00e9e et permanente entre les trois Ifsi.<\/p>\n<p>Le fait que les enseignants universitaires sont \u00e9galement chefs de services ou praticiens hospitaliers au sein du CHU a repr\u00e9sent\u00e9 un atout dans la mise en \u0153uvre de ce r\u00e9f\u00e9rentiel, ils se sont compl\u00e8tement impliqu\u00e9s \u00e0 l\u2019Ifsi comme en stages.\u00a0Parall\u00e8lement les \u00e9tudiants b\u00e9n\u00e9ficient de l\u2019int\u00e9gralit\u00e9 des cours en ligne : portail Internet des Ifsi et liens avec le portail de l\u2019universit\u00e9.<\/p>\n<p>Les modalit\u00e9s d\u2019\u00e9valuation des unit\u00e9s d\u2019enseignement ont \u00e9t\u00e9 arr\u00eat\u00e9es en concertation universit\u00e9\/Ifsi, dans le respect de la r\u00e9glementation et des comp\u00e9tences de chaque partenaire.\u00a0D\u00e8s novembre\u00a02009, les enseignants universitaires et les formateurs ont construit la programmation du second semestre selon la m\u00eame m\u00e9thodologie.\u00a0\u00c0 l\u2019initiative du Pr Berland, un premier bilan sera r\u00e9alis\u00e9 (\u00e0 l\u2019issue du premier semestre et apr\u00e8s les r\u00e9sultats obtenus par les \u00e9tudiants) \u00e0 partir d\u2019une enqu\u00eate aupr\u00e8s des \u00e9tudiants, des enseignants chercheurs et des formateurs des Ifsi, s\u2019inscrivant dans une d\u00e9marche d\u2019am\u00e9lioration de la qualit\u00e9 de la formation. Ce bilan devrait faire l\u2019objet d\u2019une pr\u00e9sentation au minist\u00e8re de la Sant\u00e9 par le pr\u00e9sident Berland.<\/p>\n<p>Ce partenariat entre l\u2019universit\u00e9 et les instituts de formation de l\u2019AP-HM a anticip\u00e9 la mise en \u0153uvre des circulaires interminist\u00e9rielles Dhos\/RH1\/DGESIP\/2009\/201 du 26\u00a0juin 2009 relative \u00e0 la d\u00e9livrance du grade licence aux infirmiers et DhosS\/RH1\/DGESIP\/2009\/202 du 9\u00a0juillet 2009 relative au conventionnement des Ifsi avec l\u2019universit\u00e9 et la R\u00e9gion dans le cadre de la mise en \u0153uvre du processus LMD.\u00a0En effet, le travail r\u00e9alis\u00e9 par le regroupement de ces trois Ifsi, repr\u00e9sentant 480 \u00e9tudiants de premi\u00e8re ann\u00e9e, pourrait servir de base de r\u00e9flexion pour le fonctionnement du futur GCS de l\u2019acad\u00e9mie Aix-Marseille. Certains \u00e9l\u00e9ments de cette exp\u00e9rience p\u00e9dagogique pouvant \u00eatre \u00e9largis \u00e0 l\u2019ensemble des Ifsi membres du GCS et transf\u00e9r\u00e9s dans le contexte de mutualisation des orientations p\u00e9dagogiques.<\/p>\n<script>function PlayerjsAsync(){} if(window[\"Playerjs\"]){PlayerjsAsync();}<\/script>","protected":false},"excerpt":{"rendered":"<p><span class=\"span-reading-time rt-reading-time\" style=\"display: block;\"><span class=\"rt-label rt-prefix\">Temps de lecture\u00a0: <\/span> <span class=\"rt-time\"> 3<\/span> <span class=\"rt-label rt-postfix\">minutes<\/span><\/span>La n\u00e9cessit\u00e9 du rapprochement des instituts de formation en soins infirmiers (Ifsi) avec l\u2019universit\u00e9 trouve sa source dans les accords de Bologne sign\u00e9s en 1999 sur l\u2019enseignement sup\u00e9rieur et la formation continue, dite \u00ab r\u00e9forme licence-master-doctorat (LMD) \u00bb, dont la finalit\u00e9 est d\u2019organiser l\u2019harmonisation europ\u00e9enne des dipl\u00f4mes et de favoriser le rapprochement entre l\u2019universit\u00e9, les grandes \u00e9coles et le monde professionnel (1). D\u2019ici \u00e0 2010, les pays signataires de la&hellip; <\/p>\n","protected":false},"author":23133,"featured_media":0,"comment_status":"open","ping_status":"closed","sticky":false,"template":"","format":"standard","meta":{"_acf_changed":false,"_relevanssi_hide_post":"","_relevanssi_hide_content":"","_relevanssi_pin_for_all":"","_relevanssi_pin_keywords":"","_relevanssi_unpin_keywords":"","_relevanssi_related_keywords":"","_relevanssi_related_include_ids":"","_relevanssi_related_exclude_ids":"","_relevanssi_related_no_append":"","_relevanssi_related_not_related":"","_relevanssi_related_posts":"","_relevanssi_noindex_reason":"","footnotes":""},"categories":[3,2],"tags":[5851,5852,1774,1409,5799,54,1381],"class_list":["post-34984","post","type-post","status-publish","format-standard","hentry","category-experience","category-gestions-hospitalieres","tag-declaration-de-bologne","tag-etudes","tag-ifsi","tag-infirmier","tag-lmd","tag-partenariat","tag-universite"],"acf":[],"yoast_head":"<!-- This site is optimized with the Yoast SEO plugin v24.8.1 - https:\/\/yoast.com\/wordpress\/plugins\/seo\/ -->\n<title>L\u2019universitarisation des \u00e9tudes d\u2019infirmier - Gestions hospitali\u00e8res<\/title>\n<meta name=\"robots\" content=\"index, follow, max-snippet:-1, max-image-preview:large, max-video-preview:-1\" \/>\n<link rel=\"canonical\" href=\"https:\/\/www.ricom-web8.com\/gestions\/luniversitarisation-etudes-dinfirmier\/\" \/>\n<meta property=\"og:locale\" content=\"fr_FR\" \/>\n<meta property=\"og:type\" content=\"article\" \/>\n<meta property=\"og:title\" content=\"L\u2019universitarisation des \u00e9tudes d\u2019infirmier - Gestions hospitali\u00e8res\" \/>\n<meta property=\"og:description\" content=\"Temps de lecture\u00a0:  3 minutesLa n\u00e9cessit\u00e9 du rapprochement des instituts de formation en soins infirmiers (Ifsi) avec l\u2019universit\u00e9 trouve sa source dans les accords de Bologne sign\u00e9s en 1999 sur l\u2019enseignement sup\u00e9rieur et la formation continue, dite \u00ab r\u00e9forme licence-master-doctorat (LMD) \u00bb, dont la finalit\u00e9 est d\u2019organiser l\u2019harmonisation europ\u00e9enne des dipl\u00f4mes et de favoriser le rapprochement entre l\u2019universit\u00e9, les grandes \u00e9coles et le monde professionnel (1). D\u2019ici \u00e0 2010, les pays signataires de la&hellip;\" \/>\n<meta property=\"og:url\" content=\"https:\/\/www.ricom-web8.com\/gestions\/luniversitarisation-etudes-dinfirmier\/\" \/>\n<meta property=\"og:site_name\" content=\"Gestions hospitali\u00e8res\" \/>\n<meta property=\"article:publisher\" content=\"https:\/\/www.facebook.com\/gestionshospitalieres\/\" \/>\n<meta property=\"article:published_time\" content=\"2010-01-01T11:17:37+00:00\" \/>\n<meta property=\"article:modified_time\" content=\"2018-04-05T10:10:33+00:00\" \/>\n<meta name=\"author\" content=\"Gestions hospitali\u00e8res\" \/>\n<meta name=\"twitter:card\" content=\"summary_large_image\" \/>\n<meta name=\"twitter:creator\" content=\"@revue_GH\" \/>\n<meta name=\"twitter:site\" content=\"@revue_GH\" \/>\n<meta name=\"twitter:label1\" content=\"\u00c9crit par\" \/>\n\t<meta name=\"twitter:data1\" content=\"Gestions hospitali\u00e8res\" \/>\n\t<meta name=\"twitter:label2\" content=\"Dur\u00e9e de lecture estim\u00e9e\" \/>\n\t<meta name=\"twitter:data2\" content=\"4 minutes\" \/>\n<script type=\"application\/ld+json\" class=\"yoast-schema-graph\">{\"@context\":\"https:\/\/schema.org\",\"@graph\":[{\"@type\":\"Article\",\"@id\":\"https:\/\/www.ricom-web8.com\/gestions\/luniversitarisation-etudes-dinfirmier\/#article\",\"isPartOf\":{\"@id\":\"https:\/\/www.ricom-web8.com\/gestions\/luniversitarisation-etudes-dinfirmier\/\"},\"author\":{\"name\":\"Gestions hospitali\u00e8res\",\"@id\":\"https:\/\/www.ricom-web8.com\/gestions\/#\/schema\/person\/3ba9fe913190dfe9507feb621e902c1f\"},\"headline\":\"L\u2019universitarisation des \u00e9tudes d\u2019infirmier\",\"datePublished\":\"2010-01-01T11:17:37+00:00\",\"dateModified\":\"2018-04-05T10:10:33+00:00\",\"mainEntityOfPage\":{\"@id\":\"https:\/\/www.ricom-web8.com\/gestions\/luniversitarisation-etudes-dinfirmier\/\"},\"wordCount\":891,\"commentCount\":0,\"publisher\":{\"@id\":\"https:\/\/www.ricom-web8.com\/gestions\/#organization\"},\"keywords\":[\"d\u00e9claration de Bologne\",\"\u00e9tudes\",\"Ifsi\",\"infirmier\",\"LMD\",\"partenariat\",\"universit\u00e9\"],\"articleSection\":[\"exp\u00e9rience\",\"Gestions Hospitali\u00e8res\"],\"inLanguage\":\"fr-FR\",\"potentialAction\":[{\"@type\":\"CommentAction\",\"name\":\"Comment\",\"target\":[\"https:\/\/www.ricom-web8.com\/gestions\/luniversitarisation-etudes-dinfirmier\/#respond\"]}]},{\"@type\":\"WebPage\",\"@id\":\"https:\/\/www.ricom-web8.com\/gestions\/luniversitarisation-etudes-dinfirmier\/\",\"url\":\"https:\/\/www.ricom-web8.com\/gestions\/luniversitarisation-etudes-dinfirmier\/\",\"name\":\"L\u2019universitarisation des \u00e9tudes d\u2019infirmier - Gestions hospitali\u00e8res\",\"isPartOf\":{\"@id\":\"https:\/\/www.ricom-web8.com\/gestions\/#website\"},\"datePublished\":\"2010-01-01T11:17:37+00:00\",\"dateModified\":\"2018-04-05T10:10:33+00:00\",\"breadcrumb\":{\"@id\":\"https:\/\/www.ricom-web8.com\/gestions\/luniversitarisation-etudes-dinfirmier\/#breadcrumb\"},\"inLanguage\":\"fr-FR\",\"potentialAction\":[{\"@type\":\"ReadAction\",\"target\":[\"https:\/\/www.ricom-web8.com\/gestions\/luniversitarisation-etudes-dinfirmier\/\"]}]},{\"@type\":\"BreadcrumbList\",\"@id\":\"https:\/\/www.ricom-web8.com\/gestions\/luniversitarisation-etudes-dinfirmier\/#breadcrumb\",\"itemListElement\":[{\"@type\":\"ListItem\",\"position\":1,\"name\":\"Accueil\",\"item\":\"https:\/\/www.ricom-web8.com\/gestions\/\"},{\"@type\":\"ListItem\",\"position\":2,\"name\":\"L\u2019universitarisation des \u00e9tudes d\u2019infirmier\"}]},{\"@type\":\"WebSite\",\"@id\":\"https:\/\/www.ricom-web8.com\/gestions\/#website\",\"url\":\"https:\/\/www.ricom-web8.com\/gestions\/\",\"name\":\"Gestions hospitali\u00e8res\",\"description\":\"la revue des d\u00e9cideurs hospitaliers\",\"publisher\":{\"@id\":\"https:\/\/www.ricom-web8.com\/gestions\/#organization\"},\"potentialAction\":[{\"@type\":\"SearchAction\",\"target\":{\"@type\":\"EntryPoint\",\"urlTemplate\":\"https:\/\/www.ricom-web8.com\/gestions\/?s={search_term_string}\"},\"query-input\":{\"@type\":\"PropertyValueSpecification\",\"valueRequired\":true,\"valueName\":\"search_term_string\"}}],\"inLanguage\":\"fr-FR\"},{\"@type\":\"Organization\",\"@id\":\"https:\/\/www.ricom-web8.com\/gestions\/#organization\",\"name\":\"Gestions hospitali\u00e8res\",\"url\":\"https:\/\/www.ricom-web8.com\/gestions\/\",\"logo\":{\"@type\":\"ImageObject\",\"inLanguage\":\"fr-FR\",\"@id\":\"https:\/\/www.ricom-web8.com\/gestions\/#\/schema\/logo\/image\/\",\"url\":\"https:\/\/gestions-hospitalieres.fr\/wp-content\/uploads\/2017\/02\/picto_Gif-GH-trans.png\",\"contentUrl\":\"https:\/\/gestions-hospitalieres.fr\/wp-content\/uploads\/2017\/02\/picto_Gif-GH-trans.png\",\"width\":512,\"height\":512,\"caption\":\"Gestions hospitali\u00e8res\"},\"image\":{\"@id\":\"https:\/\/www.ricom-web8.com\/gestions\/#\/schema\/logo\/image\/\"},\"sameAs\":[\"https:\/\/www.facebook.com\/gestionshospitalieres\/\",\"https:\/\/x.com\/revue_GH\",\"https:\/\/www.linkedin.com\/company\/gestions-hospitalieres?trk=top_nav_home\"]},{\"@type\":\"Person\",\"@id\":\"https:\/\/www.ricom-web8.com\/gestions\/#\/schema\/person\/3ba9fe913190dfe9507feb621e902c1f\",\"name\":\"Gestions hospitali\u00e8res\",\"image\":{\"@type\":\"ImageObject\",\"inLanguage\":\"fr-FR\",\"@id\":\"https:\/\/www.ricom-web8.com\/gestions\/#\/schema\/person\/image\/\",\"url\":\"https:\/\/secure.gravatar.com\/avatar\/1a0d93e6db5dbe7dac96bae4757d256f?s=96&d=mm&r=g\",\"contentUrl\":\"https:\/\/secure.gravatar.com\/avatar\/1a0d93e6db5dbe7dac96bae4757d256f?s=96&d=mm&r=g\",\"caption\":\"Gestions hospitali\u00e8res\"},\"url\":\"https:\/\/www.ricom-web8.com\/gestions\/author\/benjamin\/\"}]}<\/script>\n<!-- \/ Yoast SEO plugin. -->","yoast_head_json":{"title":"L\u2019universitarisation des \u00e9tudes d\u2019infirmier - Gestions hospitali\u00e8res","robots":{"index":"index","follow":"follow","max-snippet":"max-snippet:-1","max-image-preview":"max-image-preview:large","max-video-preview":"max-video-preview:-1"},"canonical":"https:\/\/www.ricom-web8.com\/gestions\/luniversitarisation-etudes-dinfirmier\/","og_locale":"fr_FR","og_type":"article","og_title":"L\u2019universitarisation des \u00e9tudes d\u2019infirmier - Gestions hospitali\u00e8res","og_description":"Temps de lecture\u00a0:  3 minutesLa n\u00e9cessit\u00e9 du rapprochement des instituts de formation en soins infirmiers (Ifsi) avec l\u2019universit\u00e9 trouve sa source dans les accords de Bologne sign\u00e9s en 1999 sur l\u2019enseignement sup\u00e9rieur et la formation continue, dite \u00ab r\u00e9forme licence-master-doctorat (LMD) \u00bb, dont la finalit\u00e9 est d\u2019organiser l\u2019harmonisation europ\u00e9enne des dipl\u00f4mes et de favoriser le rapprochement entre l\u2019universit\u00e9, les grandes \u00e9coles et le monde professionnel (1). D\u2019ici \u00e0 2010, les pays signataires de la&hellip;","og_url":"https:\/\/www.ricom-web8.com\/gestions\/luniversitarisation-etudes-dinfirmier\/","og_site_name":"Gestions hospitali\u00e8res","article_publisher":"https:\/\/www.facebook.com\/gestionshospitalieres\/","article_published_time":"2010-01-01T11:17:37+00:00","article_modified_time":"2018-04-05T10:10:33+00:00","author":"Gestions hospitali\u00e8res","twitter_card":"summary_large_image","twitter_creator":"@revue_GH","twitter_site":"@revue_GH","twitter_misc":{"\u00c9crit par":"Gestions hospitali\u00e8res","Dur\u00e9e de lecture estim\u00e9e":"4 minutes"},"schema":{"@context":"https:\/\/schema.org","@graph":[{"@type":"Article","@id":"https:\/\/www.ricom-web8.com\/gestions\/luniversitarisation-etudes-dinfirmier\/#article","isPartOf":{"@id":"https:\/\/www.ricom-web8.com\/gestions\/luniversitarisation-etudes-dinfirmier\/"},"author":{"name":"Gestions hospitali\u00e8res","@id":"https:\/\/www.ricom-web8.com\/gestions\/#\/schema\/person\/3ba9fe913190dfe9507feb621e902c1f"},"headline":"L\u2019universitarisation des \u00e9tudes d\u2019infirmier","datePublished":"2010-01-01T11:17:37+00:00","dateModified":"2018-04-05T10:10:33+00:00","mainEntityOfPage":{"@id":"https:\/\/www.ricom-web8.com\/gestions\/luniversitarisation-etudes-dinfirmier\/"},"wordCount":891,"commentCount":0,"publisher":{"@id":"https:\/\/www.ricom-web8.com\/gestions\/#organization"},"keywords":["d\u00e9claration de Bologne","\u00e9tudes","Ifsi","infirmier","LMD","partenariat","universit\u00e9"],"articleSection":["exp\u00e9rience","Gestions Hospitali\u00e8res"],"inLanguage":"fr-FR","potentialAction":[{"@type":"CommentAction","name":"Comment","target":["https:\/\/www.ricom-web8.com\/gestions\/luniversitarisation-etudes-dinfirmier\/#respond"]}]},{"@type":"WebPage","@id":"https:\/\/www.ricom-web8.com\/gestions\/luniversitarisation-etudes-dinfirmier\/","url":"https:\/\/www.ricom-web8.com\/gestions\/luniversitarisation-etudes-dinfirmier\/","name":"L\u2019universitarisation des \u00e9tudes d\u2019infirmier - Gestions hospitali\u00e8res","isPartOf":{"@id":"https:\/\/www.ricom-web8.com\/gestions\/#website"},"datePublished":"2010-01-01T11:17:37+00:00","dateModified":"2018-04-05T10:10:33+00:00","breadcrumb":{"@id":"https:\/\/www.ricom-web8.com\/gestions\/luniversitarisation-etudes-dinfirmier\/#breadcrumb"},"inLanguage":"fr-FR","potentialAction":[{"@type":"ReadAction","target":["https:\/\/www.ricom-web8.com\/gestions\/luniversitarisation-etudes-dinfirmier\/"]}]},{"@type":"BreadcrumbList","@id":"https:\/\/www.ricom-web8.com\/gestions\/luniversitarisation-etudes-dinfirmier\/#breadcrumb","itemListElement":[{"@type":"ListItem","position":1,"name":"Accueil","item":"https:\/\/www.ricom-web8.com\/gestions\/"},{"@type":"ListItem","position":2,"name":"L\u2019universitarisation des \u00e9tudes d\u2019infirmier"}]},{"@type":"WebSite","@id":"https:\/\/www.ricom-web8.com\/gestions\/#website","url":"https:\/\/www.ricom-web8.com\/gestions\/","name":"Gestions hospitali\u00e8res","description":"la revue des d\u00e9cideurs hospitaliers","publisher":{"@id":"https:\/\/www.ricom-web8.com\/gestions\/#organization"},"potentialAction":[{"@type":"SearchAction","target":{"@type":"EntryPoint","urlTemplate":"https:\/\/www.ricom-web8.com\/gestions\/?s={search_term_string}"},"query-input":{"@type":"PropertyValueSpecification","valueRequired":true,"valueName":"search_term_string"}}],"inLanguage":"fr-FR"},{"@type":"Organization","@id":"https:\/\/www.ricom-web8.com\/gestions\/#organization","name":"Gestions hospitali\u00e8res","url":"https:\/\/www.ricom-web8.com\/gestions\/","logo":{"@type":"ImageObject","inLanguage":"fr-FR","@id":"https:\/\/www.ricom-web8.com\/gestions\/#\/schema\/logo\/image\/","url":"https:\/\/gestions-hospitalieres.fr\/wp-content\/uploads\/2017\/02\/picto_Gif-GH-trans.png","contentUrl":"https:\/\/gestions-hospitalieres.fr\/wp-content\/uploads\/2017\/02\/picto_Gif-GH-trans.png","width":512,"height":512,"caption":"Gestions hospitali\u00e8res"},"image":{"@id":"https:\/\/www.ricom-web8.com\/gestions\/#\/schema\/logo\/image\/"},"sameAs":["https:\/\/www.facebook.com\/gestionshospitalieres\/","https:\/\/x.com\/revue_GH","https:\/\/www.linkedin.com\/company\/gestions-hospitalieres?trk=top_nav_home"]},{"@type":"Person","@id":"https:\/\/www.ricom-web8.com\/gestions\/#\/schema\/person\/3ba9fe913190dfe9507feb621e902c1f","name":"Gestions hospitali\u00e8res","image":{"@type":"ImageObject","inLanguage":"fr-FR","@id":"https:\/\/www.ricom-web8.com\/gestions\/#\/schema\/person\/image\/","url":"https:\/\/secure.gravatar.com\/avatar\/1a0d93e6db5dbe7dac96bae4757d256f?s=96&d=mm&r=g","contentUrl":"https:\/\/secure.gravatar.com\/avatar\/1a0d93e6db5dbe7dac96bae4757d256f?s=96&d=mm&r=g","caption":"Gestions hospitali\u00e8res"},"url":"https:\/\/www.ricom-web8.com\/gestions\/author\/benjamin\/"}]}},"_links":{"self":[{"href":"https:\/\/www.ricom-web8.com\/gestions\/wp-json\/wp\/v2\/posts\/34984","targetHints":{"allow":["GET"]}}],"collection":[{"href":"https:\/\/www.ricom-web8.com\/gestions\/wp-json\/wp\/v2\/posts"}],"about":[{"href":"https:\/\/www.ricom-web8.com\/gestions\/wp-json\/wp\/v2\/types\/post"}],"author":[{"embeddable":true,"href":"https:\/\/www.ricom-web8.com\/gestions\/wp-json\/wp\/v2\/users\/23133"}],"replies":[{"embeddable":true,"href":"https:\/\/www.ricom-web8.com\/gestions\/wp-json\/wp\/v2\/comments?post=34984"}],"version-history":[{"count":0,"href":"https:\/\/www.ricom-web8.com\/gestions\/wp-json\/wp\/v2\/posts\/34984\/revisions"}],"wp:attachment":[{"href":"https:\/\/www.ricom-web8.com\/gestions\/wp-json\/wp\/v2\/media?parent=34984"}],"wp:term":[{"taxonomy":"category","embeddable":true,"href":"https:\/\/www.ricom-web8.com\/gestions\/wp-json\/wp\/v2\/categories?post=34984"},{"taxonomy":"post_tag","embeddable":true,"href":"https:\/\/www.ricom-web8.com\/gestions\/wp-json\/wp\/v2\/tags?post=34984"}],"curies":[{"name":"wp","href":"https:\/\/api.w.org\/{rel}","templated":true}]}}