

{"id":35117,"date":"2009-12-01T14:24:13","date_gmt":"2009-12-01T13:24:13","guid":{"rendered":"https:\/\/gestions-hospitalieres.fr\/?p=35117"},"modified":"2018-03-12T17:25:44","modified_gmt":"2018-03-12T16:25:44","slug":"conclusion-3","status":"publish","type":"post","link":"https:\/\/www.ricom-web8.com\/gestions\/conclusion-3\/","title":{"rendered":"Conclusion"},"content":{"rendered":"<span class=\"span-reading-time rt-reading-time\" style=\"display: block;\"><span class=\"rt-label rt-prefix\">Temps de lecture\u00a0: <\/span> <span class=\"rt-time\"> 2<\/span> <span class=\"rt-label rt-postfix\">minutes<\/span><\/span><p>Merci tout d\u2019abord aux organisateurs, animateurs et participants \u00e0 ce s\u00e9minaire des Arcs sur le th\u00e8me \u00ab Territoires et efficience \u00bb. Notre derni\u00e8re matin\u00e9e nous a permis de revenir sur notre territoire, celui de l\u2019h\u00f4pital, nos territoires, ceux de l\u2019h\u00f4pital si fortement marqu\u00e9s et auxquels l\u2019h\u00f4pital et ses acteurs sont accroch\u00e9s.\u00a0Il \u00e9tait os\u00e9 de parler de manager sans fronti\u00e8res dans un monde si cloisonn\u00e9 et qui reproduit son enfermement historique jusqu\u2019au territoire de sant\u00e9 et \u00e0 sa communaut\u00e9.<\/p>\n<p>La premi\u00e8re s\u00e9quence nous a confort\u00e9s dans la l\u00e9gitimit\u00e9 du territoire, espace de protection de l\u2019homme mal dot\u00e9 par les dieux\u00a0; nommer, s\u2019approprier, se prot\u00e9ger, est l\u00e9gitime.\u00a0Nous \u00e9tions rassur\u00e9s et pr\u00eats \u00e0 aborder les territoires des autres avec un pr\u00e9jug\u00e9 permanent et bien fran\u00e7ais, celui de la planification et de l\u2019am\u00e9nagement du territoire.<\/p>\n<p>Nos territoires de sant\u00e9 ne seraient-ils que l\u2019appellation moderne des secteurs sanitaires construits autour du vieux sch\u00e9ma de l\u2019h\u00f4pital pivot du syst\u00e8me de sant\u00e9\u00a0?\u00a0C\u2019est sans doute notre espoir cach\u00e9. Cependant, l\u2019engagement des autres nous illustre les limites de ce mod\u00e8le ancien qui n\u2019a pas d\u00e9montr\u00e9 son efficience. C\u2019est l\u2019esprit de mission du fonctionnaire fran\u00e7ais, le souffle d\u2019une identit\u00e9.<\/p>\n<p>La diagonale du vide, les in\u00e9galit\u00e9s sont une constante qui r\u00e9siste aux professeurs d\u2019am\u00e9nagement et autres commissariats au plan, Datar et autres Diact.\u00a0Il y a ceux qui s\u2019affichent d\u00e9tach\u00e9s des territoires et, en miroir, ceux qui y sont totalement ancr\u00e9s.\u00a0France T\u00e9l\u00e9com, les dioc\u00e8ses, les tribunaux, les casernements, territoires de comp\u00e9tences, territoires de positions, d\u2019accueil, de vie, de l\u00e9gitimit\u00e9, etc., autant d\u2019acteurs, autant de territoires\u00a0; le mod\u00e8le \u00e9tatique qui peine \u00e0 se r\u00e9former avec le fant\u00f4me du r\u00e9f\u00e9rendum de 1969 et d\u00e9j\u00e0 la commission Balladur contest\u00e9e dans l\u2019\u0153uf. Ce mod\u00e8le dans la France jacobine n\u2019arrive pas \u00e0 s\u2019imposer aux autres acteurs qui ne rel\u00e8vent pourtant pas des fonctions r\u00e9galiennes.<\/p>\n<p>Quel choix\u00a0?<\/p>\n<p>L\u2019\u00c9tat am\u00e9nageur, d\u00e9m\u00e9nageur, m\u00e9nageur ou des acteurs l\u00e9gitimes n\u00e9s de la subsidiarit\u00e9 qui s\u2019organisent\u00a0?\u00a0L\u2019efficience appelle ces derniers sur le devant de la sc\u00e8ne.<\/p>\n<p>Attendons-nous la m\u00e9thodologie de l\u2019action, la contrainte r\u00e9glementaire, la bo\u00eete \u00e0 outils, la dotation financi\u00e8re d\u2019accompagnement avec au final l\u2019\u00e9laboration de mod\u00e8les d\u2019action construite par l\u2019EHEPS\u00a0? Ou choisirons-nous la voie de \u00ab\u00a0l\u2019entreprise hospitali\u00e8re\u00a0\u00bb qui respecte identit\u00e9 et rationalisation\u00a0?\u00a0\u00c9videmment, l\u2019aventure de l\u2019Aubrac nous a tous s\u00e9duits en montrant que dans le blizzard, lorsque l\u2019horizon semble bouch\u00e9, pour avancer, il faut se retourner et reprendre ses traces. C\u2019est bien le th\u00e8me fondateur, formul\u00e9 par Alain Halbout, des rencontres du Graph aux Arcs\u00a0: les traces du futur.<\/p>\n<p>Ce sera ainsi le th\u00e8me des rencontres 2010 : transmettre. Merci \u00e0 tous !<\/p>\n<p><strong>Remerciements<\/strong><br \/>\n<em>Le comit\u00e9 d\u2019organisation du Graph : Clara de Bort, Christophe Got, Krystyna Astier, Christine Girier-Diebolt et Magali Guerder<\/em><\/p>\n<script>function PlayerjsAsync(){} if(window[\"Playerjs\"]){PlayerjsAsync();}<\/script>","protected":false},"excerpt":{"rendered":"<p><span class=\"span-reading-time rt-reading-time\" style=\"display: block;\"><span class=\"rt-label rt-prefix\">Temps de lecture\u00a0: <\/span> <span class=\"rt-time\"> 2<\/span> <span class=\"rt-label rt-postfix\">minutes<\/span><\/span>Merci tout d\u2019abord aux organisateurs, animateurs et participants \u00e0 ce s\u00e9minaire des Arcs sur le th\u00e8me \u00ab Territoires et efficience \u00bb. Notre derni\u00e8re matin\u00e9e nous a permis de revenir sur notre territoire, celui de l\u2019h\u00f4pital, nos territoires, ceux de l\u2019h\u00f4pital si fortement marqu\u00e9s et auxquels l\u2019h\u00f4pital et ses acteurs sont accroch\u00e9s.\u00a0Il \u00e9tait os\u00e9 de parler de manager sans fronti\u00e8res dans un monde si cloisonn\u00e9 et qui reproduit son enfermement historique&hellip; <\/p>\n","protected":false},"author":23133,"featured_media":0,"comment_status":"open","ping_status":"closed","sticky":false,"template":"","format":"standard","meta":{"_acf_changed":false,"_relevanssi_hide_post":"","_relevanssi_hide_content":"","_relevanssi_pin_for_all":"","_relevanssi_pin_keywords":"","_relevanssi_unpin_keywords":"","_relevanssi_related_keywords":"","_relevanssi_related_include_ids":"","_relevanssi_related_exclude_ids":"","_relevanssi_related_no_append":"","_relevanssi_related_not_related":"","_relevanssi_related_posts":"","_relevanssi_noindex_reason":"","footnotes":""},"categories":[2,456],"tags":[777,475,498,40,569,315,497,156,1680,5907,5906,280,903,454,1812,5411,477],"class_list":["post-35117","post","type-post","status-publish","format-standard","hentry","category-gestions-hospitalieres","category-graph","tag-collectivite-territoriale","tag-communaute-hospitaliere-de-territoire","tag-congres","tag-definition","tag-directeur-dhopital","tag-efficience","tag-graph","tag-hopital","tag-italie","tag-les-arcs-2009","tag-lombardie","tag-management","tag-reforme","tag-sante-publique","tag-territoire","tag-territoire-de-sante","tag-territorialisation"],"acf":[],"yoast_head":"<!-- This site is optimized with the Yoast SEO plugin v24.8.1 - https:\/\/yoast.com\/wordpress\/plugins\/seo\/ -->\n<title>Conclusion - Gestions hospitali\u00e8res<\/title>\n<meta name=\"robots\" content=\"index, follow, max-snippet:-1, max-image-preview:large, max-video-preview:-1\" \/>\n<link rel=\"canonical\" href=\"https:\/\/www.ricom-web8.com\/gestions\/conclusion-3\/\" \/>\n<meta property=\"og:locale\" content=\"fr_FR\" \/>\n<meta property=\"og:type\" content=\"article\" \/>\n<meta property=\"og:title\" content=\"Conclusion - Gestions hospitali\u00e8res\" \/>\n<meta property=\"og:description\" content=\"Temps de lecture\u00a0:  2 minutesMerci tout d\u2019abord aux organisateurs, animateurs et participants \u00e0 ce s\u00e9minaire des Arcs sur le th\u00e8me \u00ab Territoires et efficience \u00bb. Notre derni\u00e8re matin\u00e9e nous a permis de revenir sur notre territoire, celui de l\u2019h\u00f4pital, nos territoires, ceux de l\u2019h\u00f4pital si fortement marqu\u00e9s et auxquels l\u2019h\u00f4pital et ses acteurs sont accroch\u00e9s.\u00a0Il \u00e9tait os\u00e9 de parler de manager sans fronti\u00e8res dans un monde si cloisonn\u00e9 et qui reproduit son enfermement historique&hellip;\" \/>\n<meta property=\"og:url\" content=\"https:\/\/www.ricom-web8.com\/gestions\/conclusion-3\/\" \/>\n<meta property=\"og:site_name\" content=\"Gestions hospitali\u00e8res\" \/>\n<meta property=\"article:publisher\" content=\"https:\/\/www.facebook.com\/gestionshospitalieres\/\" \/>\n<meta property=\"article:published_time\" content=\"2009-12-01T13:24:13+00:00\" \/>\n<meta property=\"article:modified_time\" content=\"2018-03-12T16:25:44+00:00\" \/>\n<meta name=\"author\" content=\"Gestions hospitali\u00e8res\" \/>\n<meta name=\"twitter:card\" content=\"summary_large_image\" \/>\n<meta name=\"twitter:creator\" content=\"@revue_GH\" \/>\n<meta name=\"twitter:site\" content=\"@revue_GH\" \/>\n<meta name=\"twitter:label1\" content=\"\u00c9crit par\" \/>\n\t<meta name=\"twitter:data1\" content=\"Gestions hospitali\u00e8res\" \/>\n\t<meta name=\"twitter:label2\" content=\"Dur\u00e9e de lecture estim\u00e9e\" \/>\n\t<meta name=\"twitter:data2\" content=\"3 minutes\" \/>\n<script type=\"application\/ld+json\" class=\"yoast-schema-graph\">{\"@context\":\"https:\/\/schema.org\",\"@graph\":[{\"@type\":\"Article\",\"@id\":\"https:\/\/www.ricom-web8.com\/gestions\/conclusion-3\/#article\",\"isPartOf\":{\"@id\":\"https:\/\/www.ricom-web8.com\/gestions\/conclusion-3\/\"},\"author\":{\"name\":\"Gestions hospitali\u00e8res\",\"@id\":\"https:\/\/www.ricom-web8.com\/gestions\/#\/schema\/person\/3ba9fe913190dfe9507feb621e902c1f\"},\"headline\":\"Conclusion\",\"datePublished\":\"2009-12-01T13:24:13+00:00\",\"dateModified\":\"2018-03-12T16:25:44+00:00\",\"mainEntityOfPage\":{\"@id\":\"https:\/\/www.ricom-web8.com\/gestions\/conclusion-3\/\"},\"wordCount\":535,\"commentCount\":0,\"publisher\":{\"@id\":\"https:\/\/www.ricom-web8.com\/gestions\/#organization\"},\"keywords\":[\"collectivit\u00e9 territoriale\",\"communaut\u00e9 hospitali\u00e8re de territoire\",\"congr\u00e8s\",\"d\u00e9finition\",\"directeur d\u2019h\u00f4pital\",\"efficience\",\"Graph\",\"h\u00f4pital\",\"Italie\",\"Les Arcs 2009\",\"Lombardie\",\"management\",\"r\u00e9forme\",\"sant\u00e9 publique\",\"territoire\",\"territoire de sant\u00e9\",\"territorialisation\"],\"articleSection\":[\"Gestions Hospitali\u00e8res\",\"Graph\"],\"inLanguage\":\"fr-FR\",\"potentialAction\":[{\"@type\":\"CommentAction\",\"name\":\"Comment\",\"target\":[\"https:\/\/www.ricom-web8.com\/gestions\/conclusion-3\/#respond\"]}]},{\"@type\":\"WebPage\",\"@id\":\"https:\/\/www.ricom-web8.com\/gestions\/conclusion-3\/\",\"url\":\"https:\/\/www.ricom-web8.com\/gestions\/conclusion-3\/\",\"name\":\"Conclusion - Gestions hospitali\u00e8res\",\"isPartOf\":{\"@id\":\"https:\/\/www.ricom-web8.com\/gestions\/#website\"},\"datePublished\":\"2009-12-01T13:24:13+00:00\",\"dateModified\":\"2018-03-12T16:25:44+00:00\",\"breadcrumb\":{\"@id\":\"https:\/\/www.ricom-web8.com\/gestions\/conclusion-3\/#breadcrumb\"},\"inLanguage\":\"fr-FR\",\"potentialAction\":[{\"@type\":\"ReadAction\",\"target\":[\"https:\/\/www.ricom-web8.com\/gestions\/conclusion-3\/\"]}]},{\"@type\":\"BreadcrumbList\",\"@id\":\"https:\/\/www.ricom-web8.com\/gestions\/conclusion-3\/#breadcrumb\",\"itemListElement\":[{\"@type\":\"ListItem\",\"position\":1,\"name\":\"Accueil\",\"item\":\"https:\/\/www.ricom-web8.com\/gestions\/\"},{\"@type\":\"ListItem\",\"position\":2,\"name\":\"Conclusion\"}]},{\"@type\":\"WebSite\",\"@id\":\"https:\/\/www.ricom-web8.com\/gestions\/#website\",\"url\":\"https:\/\/www.ricom-web8.com\/gestions\/\",\"name\":\"Gestions hospitali\u00e8res\",\"description\":\"la revue des d\u00e9cideurs hospitaliers\",\"publisher\":{\"@id\":\"https:\/\/www.ricom-web8.com\/gestions\/#organization\"},\"potentialAction\":[{\"@type\":\"SearchAction\",\"target\":{\"@type\":\"EntryPoint\",\"urlTemplate\":\"https:\/\/www.ricom-web8.com\/gestions\/?s={search_term_string}\"},\"query-input\":{\"@type\":\"PropertyValueSpecification\",\"valueRequired\":true,\"valueName\":\"search_term_string\"}}],\"inLanguage\":\"fr-FR\"},{\"@type\":\"Organization\",\"@id\":\"https:\/\/www.ricom-web8.com\/gestions\/#organization\",\"name\":\"Gestions hospitali\u00e8res\",\"url\":\"https:\/\/www.ricom-web8.com\/gestions\/\",\"logo\":{\"@type\":\"ImageObject\",\"inLanguage\":\"fr-FR\",\"@id\":\"https:\/\/www.ricom-web8.com\/gestions\/#\/schema\/logo\/image\/\",\"url\":\"https:\/\/gestions-hospitalieres.fr\/wp-content\/uploads\/2017\/02\/picto_Gif-GH-trans.png\",\"contentUrl\":\"https:\/\/gestions-hospitalieres.fr\/wp-content\/uploads\/2017\/02\/picto_Gif-GH-trans.png\",\"width\":512,\"height\":512,\"caption\":\"Gestions hospitali\u00e8res\"},\"image\":{\"@id\":\"https:\/\/www.ricom-web8.com\/gestions\/#\/schema\/logo\/image\/\"},\"sameAs\":[\"https:\/\/www.facebook.com\/gestionshospitalieres\/\",\"https:\/\/x.com\/revue_GH\",\"https:\/\/www.linkedin.com\/company\/gestions-hospitalieres?trk=top_nav_home\"]},{\"@type\":\"Person\",\"@id\":\"https:\/\/www.ricom-web8.com\/gestions\/#\/schema\/person\/3ba9fe913190dfe9507feb621e902c1f\",\"name\":\"Gestions hospitali\u00e8res\",\"image\":{\"@type\":\"ImageObject\",\"inLanguage\":\"fr-FR\",\"@id\":\"https:\/\/www.ricom-web8.com\/gestions\/#\/schema\/person\/image\/\",\"url\":\"https:\/\/secure.gravatar.com\/avatar\/1a0d93e6db5dbe7dac96bae4757d256f?s=96&d=mm&r=g\",\"contentUrl\":\"https:\/\/secure.gravatar.com\/avatar\/1a0d93e6db5dbe7dac96bae4757d256f?s=96&d=mm&r=g\",\"caption\":\"Gestions hospitali\u00e8res\"},\"url\":\"https:\/\/www.ricom-web8.com\/gestions\/author\/benjamin\/\"}]}<\/script>\n<!-- \/ Yoast SEO plugin. -->","yoast_head_json":{"title":"Conclusion - Gestions hospitali\u00e8res","robots":{"index":"index","follow":"follow","max-snippet":"max-snippet:-1","max-image-preview":"max-image-preview:large","max-video-preview":"max-video-preview:-1"},"canonical":"https:\/\/www.ricom-web8.com\/gestions\/conclusion-3\/","og_locale":"fr_FR","og_type":"article","og_title":"Conclusion - Gestions hospitali\u00e8res","og_description":"Temps de lecture\u00a0:  2 minutesMerci tout d\u2019abord aux organisateurs, animateurs et participants \u00e0 ce s\u00e9minaire des Arcs sur le th\u00e8me \u00ab Territoires et efficience \u00bb. Notre derni\u00e8re matin\u00e9e nous a permis de revenir sur notre territoire, celui de l\u2019h\u00f4pital, nos territoires, ceux de l\u2019h\u00f4pital si fortement marqu\u00e9s et auxquels l\u2019h\u00f4pital et ses acteurs sont accroch\u00e9s.\u00a0Il \u00e9tait os\u00e9 de parler de manager sans fronti\u00e8res dans un monde si cloisonn\u00e9 et qui reproduit son enfermement historique&hellip;","og_url":"https:\/\/www.ricom-web8.com\/gestions\/conclusion-3\/","og_site_name":"Gestions hospitali\u00e8res","article_publisher":"https:\/\/www.facebook.com\/gestionshospitalieres\/","article_published_time":"2009-12-01T13:24:13+00:00","article_modified_time":"2018-03-12T16:25:44+00:00","author":"Gestions hospitali\u00e8res","twitter_card":"summary_large_image","twitter_creator":"@revue_GH","twitter_site":"@revue_GH","twitter_misc":{"\u00c9crit par":"Gestions hospitali\u00e8res","Dur\u00e9e de lecture estim\u00e9e":"3 minutes"},"schema":{"@context":"https:\/\/schema.org","@graph":[{"@type":"Article","@id":"https:\/\/www.ricom-web8.com\/gestions\/conclusion-3\/#article","isPartOf":{"@id":"https:\/\/www.ricom-web8.com\/gestions\/conclusion-3\/"},"author":{"name":"Gestions hospitali\u00e8res","@id":"https:\/\/www.ricom-web8.com\/gestions\/#\/schema\/person\/3ba9fe913190dfe9507feb621e902c1f"},"headline":"Conclusion","datePublished":"2009-12-01T13:24:13+00:00","dateModified":"2018-03-12T16:25:44+00:00","mainEntityOfPage":{"@id":"https:\/\/www.ricom-web8.com\/gestions\/conclusion-3\/"},"wordCount":535,"commentCount":0,"publisher":{"@id":"https:\/\/www.ricom-web8.com\/gestions\/#organization"},"keywords":["collectivit\u00e9 territoriale","communaut\u00e9 hospitali\u00e8re de territoire","congr\u00e8s","d\u00e9finition","directeur d\u2019h\u00f4pital","efficience","Graph","h\u00f4pital","Italie","Les Arcs 2009","Lombardie","management","r\u00e9forme","sant\u00e9 publique","territoire","territoire de sant\u00e9","territorialisation"],"articleSection":["Gestions Hospitali\u00e8res","Graph"],"inLanguage":"fr-FR","potentialAction":[{"@type":"CommentAction","name":"Comment","target":["https:\/\/www.ricom-web8.com\/gestions\/conclusion-3\/#respond"]}]},{"@type":"WebPage","@id":"https:\/\/www.ricom-web8.com\/gestions\/conclusion-3\/","url":"https:\/\/www.ricom-web8.com\/gestions\/conclusion-3\/","name":"Conclusion - Gestions hospitali\u00e8res","isPartOf":{"@id":"https:\/\/www.ricom-web8.com\/gestions\/#website"},"datePublished":"2009-12-01T13:24:13+00:00","dateModified":"2018-03-12T16:25:44+00:00","breadcrumb":{"@id":"https:\/\/www.ricom-web8.com\/gestions\/conclusion-3\/#breadcrumb"},"inLanguage":"fr-FR","potentialAction":[{"@type":"ReadAction","target":["https:\/\/www.ricom-web8.com\/gestions\/conclusion-3\/"]}]},{"@type":"BreadcrumbList","@id":"https:\/\/www.ricom-web8.com\/gestions\/conclusion-3\/#breadcrumb","itemListElement":[{"@type":"ListItem","position":1,"name":"Accueil","item":"https:\/\/www.ricom-web8.com\/gestions\/"},{"@type":"ListItem","position":2,"name":"Conclusion"}]},{"@type":"WebSite","@id":"https:\/\/www.ricom-web8.com\/gestions\/#website","url":"https:\/\/www.ricom-web8.com\/gestions\/","name":"Gestions hospitali\u00e8res","description":"la revue des d\u00e9cideurs hospitaliers","publisher":{"@id":"https:\/\/www.ricom-web8.com\/gestions\/#organization"},"potentialAction":[{"@type":"SearchAction","target":{"@type":"EntryPoint","urlTemplate":"https:\/\/www.ricom-web8.com\/gestions\/?s={search_term_string}"},"query-input":{"@type":"PropertyValueSpecification","valueRequired":true,"valueName":"search_term_string"}}],"inLanguage":"fr-FR"},{"@type":"Organization","@id":"https:\/\/www.ricom-web8.com\/gestions\/#organization","name":"Gestions hospitali\u00e8res","url":"https:\/\/www.ricom-web8.com\/gestions\/","logo":{"@type":"ImageObject","inLanguage":"fr-FR","@id":"https:\/\/www.ricom-web8.com\/gestions\/#\/schema\/logo\/image\/","url":"https:\/\/gestions-hospitalieres.fr\/wp-content\/uploads\/2017\/02\/picto_Gif-GH-trans.png","contentUrl":"https:\/\/gestions-hospitalieres.fr\/wp-content\/uploads\/2017\/02\/picto_Gif-GH-trans.png","width":512,"height":512,"caption":"Gestions hospitali\u00e8res"},"image":{"@id":"https:\/\/www.ricom-web8.com\/gestions\/#\/schema\/logo\/image\/"},"sameAs":["https:\/\/www.facebook.com\/gestionshospitalieres\/","https:\/\/x.com\/revue_GH","https:\/\/www.linkedin.com\/company\/gestions-hospitalieres?trk=top_nav_home"]},{"@type":"Person","@id":"https:\/\/www.ricom-web8.com\/gestions\/#\/schema\/person\/3ba9fe913190dfe9507feb621e902c1f","name":"Gestions hospitali\u00e8res","image":{"@type":"ImageObject","inLanguage":"fr-FR","@id":"https:\/\/www.ricom-web8.com\/gestions\/#\/schema\/person\/image\/","url":"https:\/\/secure.gravatar.com\/avatar\/1a0d93e6db5dbe7dac96bae4757d256f?s=96&d=mm&r=g","contentUrl":"https:\/\/secure.gravatar.com\/avatar\/1a0d93e6db5dbe7dac96bae4757d256f?s=96&d=mm&r=g","caption":"Gestions hospitali\u00e8res"},"url":"https:\/\/www.ricom-web8.com\/gestions\/author\/benjamin\/"}]}},"_links":{"self":[{"href":"https:\/\/www.ricom-web8.com\/gestions\/wp-json\/wp\/v2\/posts\/35117","targetHints":{"allow":["GET"]}}],"collection":[{"href":"https:\/\/www.ricom-web8.com\/gestions\/wp-json\/wp\/v2\/posts"}],"about":[{"href":"https:\/\/www.ricom-web8.com\/gestions\/wp-json\/wp\/v2\/types\/post"}],"author":[{"embeddable":true,"href":"https:\/\/www.ricom-web8.com\/gestions\/wp-json\/wp\/v2\/users\/23133"}],"replies":[{"embeddable":true,"href":"https:\/\/www.ricom-web8.com\/gestions\/wp-json\/wp\/v2\/comments?post=35117"}],"version-history":[{"count":0,"href":"https:\/\/www.ricom-web8.com\/gestions\/wp-json\/wp\/v2\/posts\/35117\/revisions"}],"wp:attachment":[{"href":"https:\/\/www.ricom-web8.com\/gestions\/wp-json\/wp\/v2\/media?parent=35117"}],"wp:term":[{"taxonomy":"category","embeddable":true,"href":"https:\/\/www.ricom-web8.com\/gestions\/wp-json\/wp\/v2\/categories?post=35117"},{"taxonomy":"post_tag","embeddable":true,"href":"https:\/\/www.ricom-web8.com\/gestions\/wp-json\/wp\/v2\/tags?post=35117"}],"curies":[{"name":"wp","href":"https:\/\/api.w.org\/{rel}","templated":true}]}}