

{"id":35274,"date":"2009-10-01T15:52:00","date_gmt":"2009-10-01T13:52:00","guid":{"rendered":"https:\/\/gestions-hospitalieres.fr\/?p=35274"},"modified":"2018-03-12T17:46:26","modified_gmt":"2018-03-12T16:46:26","slug":"besoins-offre-de-soins-de-region-nord-de-calais","status":"publish","type":"post","link":"https:\/\/www.ricom-web8.com\/gestions\/besoins-offre-de-soins-de-region-nord-de-calais\/","title":{"rendered":"Besoins et offre de soins de la r\u00e9gion Nord-Pas-de-Calais"},"content":{"rendered":"<span class=\"span-reading-time rt-reading-time\" style=\"display: block;\"><span class=\"rt-label rt-prefix\">Temps de lecture\u00a0: <\/span> <span class=\"rt-time\"> 10<\/span> <span class=\"rt-label rt-postfix\">minutes<\/span><\/span><p>Les derni\u00e8res r\u00e9formes du syst\u00e8me de sant\u00e9 (2004 et 2009) pour limiter l\u2019augmentation des d\u00e9penses de sant\u00e9 et r\u00e9pondre aux besoins de la population\u00a0 par territoires de sant\u00e9 ont engendr\u00e9 trois changements qui modifient le positionnement et les relations des \u00e9tablissements de sant\u00e9 et des tutelles r\u00e9gionales.<\/p>\n<p>Le premier est la mise en place de la tarification \u00e0 l\u2019activit\u00e9 \u00e0 la\u00a0 place de la dotation globale pour les \u00e9tablissements. Ce mode de tarification emprunt\u00e9 aux \u00c9tats-Unis<sup class=\"appel\" data-toggle=\"modal\" data-target=\"#notes\"> (1)<\/sup> et largement r\u00e9pandu dans les pays d\u00e9velopp\u00e9s fait que chaque \u00e9tablissement g\u00e9n\u00e8re sa propre recette \u00e0 partir de son activit\u00e9 et \u00e0 partir de tarifs fix\u00e9s au niveau national. Ce n\u2019est donc plus la tutelle qui donne la principale enveloppe financi\u00e8re de chaque \u00e9tablissement. On peut supposer que cela g\u00e9n\u00e8re une plus grande autonomie des \u00e9tablissements de sant\u00e9 ; la tutelle voit son r\u00f4le de financeur diminu\u00e9 et son r\u00f4le de d\u00e9termination d\u2019objectifs et de suivi\/\u00e9valuation des prestataires de soins augment\u00e9.<\/p>\n<p>Le deuxi\u00e8me est la disparition de la carte sanitaire ainsi que des indices en lits et places (ordonnance 2003-850 du 4 septembre 2003). Des objectifs quantifi\u00e9s encadrent, dans l\u2019annexe\u00a0du sch\u00e9ma r\u00e9gional d\u2019organisation sanitaire (Sros), la d\u00e9clinaison de l\u2019offre de soins sur chaque territoire de sant\u00e9. Ces objectifs se d\u00e9clinent par \u00e9tablissement de sant\u00e9 pour r\u00e9guler sa progression. M\u00eame si chaque tutelle de chaque r\u00e9gion de France d\u00e9finit ses objectifs quantifi\u00e9s avec sa propre m\u00e9thode, il est recommand\u00e9 de les d\u00e9finir \u00e0 partir des besoins consomm\u00e9s de la population, d\u00e9marche inspir\u00e9e des approches canadiennes et anglaises de la d\u00e9finition des besoins de la population<sup class=\"appel\" data-toggle=\"modal\" data-target=\"#notes\"> (2)<\/sup>. L\u2019offre des territoires n\u2019est plus bas\u00e9e sur des crit\u00e8res d\u2019indices en lits autoris\u00e9s par habitant mais sur des volumes r\u00e9els consomm\u00e9s par habitant. Cette nouvelle complexit\u00e9 fait que les objectifs quantifi\u00e9s semblent ne pas convaincre<sup class=\"appel\" data-toggle=\"modal\" data-target=\"#notes\"> (3)<\/sup>. De plus, les conditions pour d\u00e9finir et g\u00e9rer ces objectifs ne sont pas toujours r\u00e9unies. La variabilit\u00e9 du syst\u00e8me de codage des s\u00e9jours hospitaliers (programme de m\u00e9dicalisation des syst\u00e8mes d&#8217;information [pmsi]) est une des principales contraintes et l\u2019Agence technique de l\u2019information sur l\u2019hospitalisation (Atih) charg\u00e9e de g\u00e9rer le pmsi recherche actuellement des possibilit\u00e9s de le stabiliser<sup class=\"appel\" data-toggle=\"modal\" data-target=\"#notes\"> (4)<\/sup>.<\/p>\n<p>Le troisi\u00e8me changement est d\u2019ordre organisationnel : l\u2019ensemble des secteurs de l\u2019offre de soins seront sous une m\u00eame tutelle pour assurer une coh\u00e9rence des fili\u00e8res sur les territoires. Par la loi H\u00f4pital, sant\u00e9, patients, territoires (2009), les agences r\u00e9gionales de l\u2019hospitalisation (ARH) deviennent ainsi des agences r\u00e9gionales de sant\u00e9 (ARS) et vont pouvoir englober l\u2019ensemble des r\u00e9ponses de soins aux besoins de la population, notamment dans le cas o\u00f9 les soins secondaires ne sont plus la seule r\u00e9ponse pertinente. En plus de coop\u00e9rations avec le secteur priv\u00e9, les \u00e9tablissements publics pourront se constituer en communaut\u00e9 hospitali\u00e8re de territoire.<\/p>\n<p>Si les agences r\u00e9gionales de l\u2019hospitalisation puis de sant\u00e9 n\u2019ont plus la m\u00eame relation avec les \u00e9tablissements, elles doivent cependant agir sur les territoires pour r\u00e9organiser l\u2019offre de soins et r\u00e9pondre aux besoins\u00a0 de la population qu\u2019elles auront fix\u00e9s au travers des objectifs quantifi\u00e9s de l\u2019offre de soins (OQOS)et du Sros. Et ce alors que les \u00e9tablissements de sant\u00e9 doivent \u00eatre plus efficients et d\u00e9velopper des strat\u00e9gies offensives d\u2019adaptation \u00e9conomique et jongler avec les contraintes de la d\u00e9mographie m\u00e9dicale.<\/p>\n<h1>Management\u00a0strat\u00e9gique territorial :\u00a0objectifs et principes<\/h1>\n<p>Nous proposons ici une m\u00e9thode pour aider \u00e0 organiser l\u2019offre de soins des territoires de sant\u00e9 afin de r\u00e9pondre aux besoins des populations de ces territoires dans le contexte d\u00e9crit pr\u00e9c\u00e9demment. L\u2019ambition de cette m\u00e9thode est d\u2019\u00eatre reproductible, d\u2019int\u00e9grer les outils r\u00e9glementaires de la planification (le Sros, bient\u00f4t le plan strat\u00e9gique de sant\u00e9, les contrats pluriannuels d\u2019objectifs et de moyens [CPOM] et les OQOS) et de rendre accessibles les sources de ses donn\u00e9es.<\/p>\n<p>Cette m\u00e9thode de management strat\u00e9gique des territoires de sant\u00e9 comprend des \u00e9tapes d\u2019analyses \u00e0 la fois des besoins de la population et strat\u00e9gique du march\u00e9 de l\u2019offre de soins, \u00e9tapes qui sont int\u00e9gr\u00e9es dans une d\u00e9marche de conduite de projet visant \u00e0 faire participer les acteurs du projet et \u00e0 pr\u00e9parer leur position dans la nouvelle organisation territoriale d\u00e9finie en fonction du projet m\u00e9dical de territoire. La mise en \u0153uvre d\u2019un projet n\u2019est effective que si les ma\u00eetres d\u2019\u0153uvre sont auteurs de leur projet<sup class=\"appel\" data-toggle=\"modal\" data-target=\"#notes\"> (5)<\/sup>. Cette ma\u00eetrise d\u2019\u0153uvre doit \u00eatre repr\u00e9sentative du territoire : elle se compose <em>a minima<\/em> d\u2019un groupe projet pluridisciplinaire et multisite. Ce groupe projet est pr\u00e9sent d\u00e8s l\u2019analyse de la situation. La d\u00e9marche vise \u00e0 repositionner la tutelle dans son r\u00f4le de ma\u00eetre d\u2019ouvrage et les prestataires de soins dans celle de ma\u00eetrise d\u2019\u0153uvre<sup class=\"appel\" data-toggle=\"modal\" data-target=\"#notes\"> (6)<\/sup> du projet m\u00e9dical et de r\u00e9organisation du territoire. Cette m\u00e9thode dynamique ne peut fonctionner que si elle est r\u00e9gul\u00e9e par une \u00e9valuation concomitante formative con\u00e7ue avant toute mise en \u0153uvre d\u2019actions. Le choix des indicateurs de processus et de r\u00e9sultats est \u00e9galement primordial.<\/p>\n<p>Les besoins de la population sont d\u00e9finis par les besoins consomm\u00e9s de la population et les indicateurs standard de sant\u00e9 (indices comparatifs de mortalit\u00e9 pr\u00e9coce, mortalit\u00e9 \u00e9vitable)<sup class=\"appel\" data-toggle=\"modal\" data-target=\"#notes\"> (7)<\/sup>. Ces indicateurs visent \u00e0 \u00e9tablir au travers du taux de recours aux soins et\u00a0 de la mortalit\u00e9 de la population le niveau d\u2019in\u00e9galit\u00e9 d\u2019acc\u00e8s aux soins de la population d\u2019un territoire<sup class=\"appel\" data-toggle=\"modal\" data-target=\"#notes\"> (8)<\/sup>. Cette d\u00e9finition, plus pr\u00e9cise qu\u2019une mesure de l\u2019in\u00e9galit\u00e9 par le nombre de lits par habitant, permet de poser les principes de la d\u00e9marche. Cependant, ces indicateurs restent imparfaits et seront compl\u00e9t\u00e9s par la suite par des indicateurs sociosanitaires dont le lien avec l\u2019utilisation des soins est d\u00e9montr\u00e9 (esp\u00e9rance de vie, cat\u00e9gorie socioprofessionnelle, niveau d\u2019\u00e9ducation\u2026).<\/p>\n<p>La m\u00e9thode s\u2019appuie sur un postulat fondamental : les facteurs d\u2019utilisation des soins sont fortement corr\u00e9l\u00e9s \u00e0 l\u2019offre de soins avant les autres indicateurs sociosanitaires, \u00e9conomiques, culturels et g\u00e9n\u00e9tiques de la population<sup class=\"appel\" data-toggle=\"modal\" data-target=\"#notes\"> (9)<\/sup>. La nature du lien entre la population et l\u2019offre de soins utilise les r\u00e9sultats de l\u2019approche populationnelle qui d\u00e9finit des types de march\u00e9 sur un territoire<sup class=\"appel\" data-toggle=\"modal\" data-target=\"#notes\"> (10)<\/sup>. L\u2019objectif n\u2019est pas ici d\u2019approfondir les facteurs influen\u00e7ant l\u2019utilisation des soins, ni d\u2019approfondir la nature des liens entre l\u2019offre de soins et la demande de soins ; cependant, ces points largement d\u00e9velopp\u00e9s dans de nombreuses publications pourront \u00eatre, au niveau de la France, l\u2019opportunit\u00e9 d\u2019une nouvelle recherche op\u00e9rationnelle. Ce postulat permet de fixer comme objectif la recherche de la modification du volume de consommation d\u2019un territoire en agissant sur l\u2019offre de soins.\u00a0Le pr\u00e9alable \u00e0 la m\u00e9thode est le fait que les territoires de sant\u00e9 sont d\u00e9finis de quelque mani\u00e8re que ce soit. Bas\u00e9e sur la dynamique des flux, la mani\u00e8re dont le territoire est d\u00e9fini n\u2019est pas sp\u00e9cifiquement importante. Nous n\u2019avons pas ici pour objectif d\u2019entrer dans la complexit\u00e9 de la d\u00e9finition des territoires. Par contre, la m\u00e9thode permet de v\u00e9rifier si les territoires sont pertinents.<\/p>\n<h2>Donn\u00e9es\u00a0et indicateurs<\/h2>\n<ul>\n<li>Les indices comparatifs de mortalit\u00e9 sont disponibles sur des bases publiques.<\/li>\n<li>La source principale pour la plupart des \u00e9tapes de la m\u00e9thode est le PMSI. Chaque s\u00e9jour est repr\u00e9sent\u00e9 par un r\u00e9sum\u00e9 standardis\u00e9 anonyme (RSA).<\/li>\n<li>D\u00e9finition des taux de recours ou taux d\u2019hospitalisation\u00a0: (Nnti\/Ti ) x 1 000.<\/li>\n<\/ul>\n<p>Nnti\u00a0\u00e9tant le nombre de s\u00e9jours ann\u00e9e n\u00a0consomm\u00e9s par la population du territoire, Ti\u00a0repr\u00e9sentant les effectifs de la population du territoire. Ce taux est d\u00e9fini au niveau du territoire de sant\u00e9, de la r\u00e9gion, du pays, par discipline m\u00e9decine\/chirurgie\/obst\u00e9trique (MCO) et par p\u00f4le d\u2019activit\u00e9 (outil d\u2019analyse PMSI [OAP]<sup class=\"appel\" data-toggle=\"modal\" data-target=\"#notes\"> (11)<\/sup>).<\/p>\n<ul>\n<li>Le taux de d\u00e9pendance de la population est la part des s\u00e9jours consomm\u00e9s par la population du territoire dans les \u00e9tablissements de ce territoire (capacit\u00e9 des \u00e9tablissements \u00e0 capter leur population) sur la totalit\u00e9 de la consommation de la population. La part n\u00e9cessaire pour atteindre 100 % constitue les fuites du territoire.<\/li>\n<li>Le taux de d\u00e9pendance des ressources est la part de la population recrut\u00e9e dans le territoire sur le total de la population recrut\u00e9e (capacit\u00e9 des \u00e9tablissements \u00e0 recruter en dehors du territoire).\u2008La part n\u00e9cessaire pour atteindre 100 % constitue l\u2019attractivit\u00e9 des \u00e9tablissements.<\/li>\n<\/ul>\n<p>Ces deux taux permettent de d\u00e9finir quatre types de relations entre les ressources et la population.<\/p>\n<ul>\n<li>Les lieux de soins et fuites sont des tableaux crois\u00e9s ou les colonnes sont la consommation de la population du territoire <em>ti<\/em> et en ligne la production des \u00e9tablissements du territoire <em>ti<\/em>. Ce tableau permet d\u2019identifier le territoire de premier, second et troisi\u00e8me recours d\u2019une population. De m\u00eame cela permet d\u2019identifier les territoires qui ont un profil de recours de bassin de vie ou de proximit\u00e9. Il s\u2019agit aussi d\u2019identifier si une population dispose d\u2019un acc\u00e8s aux soins consid\u00e9r\u00e9 comme satisfaisant gr\u00e2ce \u00e0 une fuite importante vers un autre territoire que celui de r\u00e9sidence.<\/li>\n<li>Le graphe d\u2019ad\u00e9quation entre l\u2019offre et l\u2019utilisation des soins compare le taux d\u2019hospitalisation ou de recours d\u2019une population et le taux d\u2019hospitalisation potentiel. Le but est d\u2019identifier si le taux de production potentielle de soins est plus faible que le taux de recours ou d\u2019hospitalisation aux soins. Si la population concern\u00e9e a des indicateurs de sant\u00e9 et de soins faibles par rapport aux autres territoires, on peut supposer une sous-utilisation des soins \u00e0 cause d\u2019une offre de soins trop faible.<\/li>\n<\/ul>\n<p>L\u2019ad\u00e9quation de l\u2019offre et de l\u2019utilisation des soins se d\u00e9cline par discipline de MCO, puis par p\u00f4le d\u2019activit\u00e9 (OAP).<\/p>\n<ul>\n<li>Taux d\u2019hospitalisation potentiel : (Mnti\/Ti) x 1 000.<\/li>\n<li>Les parts de march\u00e9 sont les parts que repr\u00e9sente la production totale d\u2019un \u00e9tablissement par rapport \u00e0 la production r\u00e9gionale. Ces parts de march\u00e9 ont vocation \u00e0 rechercher les leaders et les niveaux de concurrences par discipline de MCO, puis par p\u00f4le d\u2019activit\u00e9 (OAP). L\u2019objectif est dans le cas d\u2019une identification d\u2019un d\u00e9ficit d\u2019acc\u00e8s aux soins de pouvoir d\u00e9finir le ou les futurs porteurs de la r\u00e9ponse \u00e0 apporter \u00e0 la population. Lorsque des \u00e9tablissements de soins d\u2019un m\u00eame groupe sont sur le m\u00eame territoire, les parts de march\u00e9 sont additionn\u00e9es pour une vision r\u00e9aliste du potentiel de ces groupes.<\/li>\n<\/ul>\n<h1>La m\u00e9thode appliqu\u00e9e \u00e0 la r\u00e9gion\u00a0Nord-Pas-de-Calais<\/h1>\n<p>La r\u00e9gion Nord-Pas-de-Calais est divis\u00e9e en\u00a0 quinze zones de proximit\u00e9\u00a0qui correspondent aux zones d\u2019emploi Insee \u00e9labor\u00e9es \u00e0 partir des mouvements domiciles\/travail ; il s\u2019agit du territoire de l\u2019organisation des fili\u00e8res de proximit\u00e9 (g\u00e9riatrie, addictologie, diab\u00e9tologie), avec une \u00e9chelle de 250 000 habitants en moyenne.\u00a0Les quatre bassins de vie\u00a0d\u00e9coulent d\u2019un concept d\u2019am\u00e9nagement du territoire utilis\u00e9 depuis 1999 pour l\u2019organisation sanitaire du Nord-Pas-de-Calais (Sros II) ; il s\u2019agit du territoire de recours des principales fili\u00e8res du Sros (MCO, SSR, urgences), lieu d\u2019implantation d\u2019une conf\u00e9rence sanitaire. \u00c9chelle : 1 million d\u2019habitants.<\/p>\n<p>La m\u00e9thode se d\u00e9roule en sept \u00e9tapes, de la population vers l\u2019offre de soins pour revenir vers la population.<\/p>\n<h2>\u00c9tape 1 &#8211; \u00c9tat de sant\u00e9\u00a0de la population d\u2019un territoire<\/h2>\n<p>Les indicateurs \u00e9co-sociosanitaires d\u00e9terminent l\u2019\u00e9tat de sant\u00e9 de la population et servent \u00e0 fixer des objectifs de sant\u00e9 mesurables.\u00a0En fonction de la nature de la pathologie concern\u00e9e, les meilleures r\u00e9ponses en termes de soins sont \u00e0 d\u00e9terminer (pr\u00e9vention, consultation de ville, h\u00f4pital, soins de suites, HAD, longs s\u00e9jours, m\u00e9dico-social, social). C\u2019est \u00e0 partir de cette strat\u00e9gie que seront d\u00e9termin\u00e9s des besoins et des objectifs de soins<sup class=\"appel\" data-toggle=\"modal\" data-target=\"#notes\"> (12)<\/sup>.<\/p>\n<p>La strat\u00e9gie d\u00e9crite ici consid\u00e8re les pathologies pour lesquelles la r\u00e9ponse de soins de sant\u00e9 secondaire (h\u00f4pital, clinique) est la plus pertinente. <em>A minima<\/em>, on consid\u00e8re la mortalit\u00e9 pr\u00e9coce et la mortalit\u00e9 \u00e9vitable.<\/p>\n<h2>\u00c9tape 2 &#8211; Niveau d\u2019acc\u00e8s aux soins\u00a0(ou niveau d\u2019utilisation des soins)<\/h2>\n<p>La deuxi\u00e8me \u00e9tape consiste \u00e0 comparer les taux de recours ou taux d\u2019hospitalisation de chaque territoire de sant\u00e9 de proximit\u00e9 aux taux r\u00e9gional et national (<em>graphique 1)<\/em>. La d\u00e9marche est essentiellement comparative et le jugement sur un recours faible aux soins est d\u00e9duit d\u2019une comparaison avec les autres territoires. Le taux de recours devra \u00eatre standardis\u00e9 par \u00e2ge et par sexe pour \u00e9viter les biais lors de la comparaison.\u00a0Le niveau d\u2019utilisation et de disponibilit\u00e9 des soins est diff\u00e9rent selon les territoires. Ces graphes \u00e9valuent le niveau de recours aux soins par territoire compar\u00e9 \u00e0 celui de la r\u00e9gion (faible ou fort acc\u00e8s aux soins). Il int\u00e8gre aussi l\u2019\u00e9volution de ce recours aux soins (risque de retrait de l\u2019offre). Enfin, ce niveau de recours se compare aussi aux volumes d\u2019OQOS contractualis\u00e9s dans les CPOM des \u00e9tablissements (les OQOS en production ont \u00e9t\u00e9 convertis en consommation) pour v\u00e9rifier la pertinence de la cible.<\/p>\n<button data-toggle=\"collapse\" data-target=\"#enc_2009_491_01\">GRAPHIQUE 1<\/button><div id=\"enc_2009_491_01\" class=\"encadre collapse\"><p><span class=\"surtitre_enc\">graphique 1 <\/span><\/p>\n<h2>\u00c9volution de la consommation de soins<\/h2>\n<p><img decoding=\"async\" class=\"alignnone size-full wp-image-35333\" src=\"https:\/\/gestions-hospitalieres.fr\/wp-content\/uploads\/2017\/07\/Capture-d\u2019\u00e9cran-2017-07-10-\u00e0-16.09.03.png\" alt=\"\" width=\"600\" height=\"379\" srcset=\"https:\/\/www.ricom-web8.com\/gestions\/wp-content\/uploads\/2017\/07\/Capture-d\u2019\u00e9cran-2017-07-10-\u00e0-16.09.03.png 600w, https:\/\/www.ricom-web8.com\/gestions\/wp-content\/uploads\/2017\/07\/Capture-d\u2019\u00e9cran-2017-07-10-\u00e0-16.09.03-300x190.png 300w\" sizes=\"(max-width: 600px) 100vw, 600px\" \/><\/p>\n<\/div>\n<p>Ces deux premi\u00e8res \u00e9tapes consistent \u00e0 identifier les territoires o\u00f9 le niveau des indicateurs de sante et de recours aux soins est le plus faible.<\/p>\n<h2>\u00c9tape 3\u00a0&#8211; Des flux gradu\u00e9s de la proximit\u00e9\u00a0au niveau r\u00e9gional (lieu de soins et fuites)<\/h2>\n<p>Sur le graphique 2, les cases bleues repr\u00e9sentent les territoires de premier recours pour la population d\u2019une zone de proximit\u00e9 (en colonne), les cases jaunes \u00e9tant les territoires de deuxi\u00e8me recours, les oranges de troisi\u00e8me recours.\u00a0Du point de vue des flux de consommation de la population, l\u2019ensemble des offres de soins des territoires de proximit\u00e9 constituent le lieu de premier recours (sauf Flandre-Lys) pour la population. Quatre territoires de proximit\u00e9 sont des recours de bassin de vie (Lille, Lens, Boulogne, Valenciennes) pour les autres territoires.<\/p>\n<button data-toggle=\"collapse\" data-target=\"#enc_2009_491_02\">GRAPHIQUE 2<\/button><div id=\"enc_2009_491_02\" class=\"encadre collapse\"><p><span class=\"surtitre_enc\">graphique 2 <\/span><\/p>\n<h2>Flux de consommation<\/h2>\n<p><img decoding=\"async\" class=\"alignnone size-full wp-image-35334\" src=\"https:\/\/gestions-hospitalieres.fr\/wp-content\/uploads\/2017\/07\/Capture-d\u2019\u00e9cran-2017-07-10-\u00e0-16.09.19.png\" alt=\"\" width=\"600\" height=\"354\" srcset=\"https:\/\/www.ricom-web8.com\/gestions\/wp-content\/uploads\/2017\/07\/Capture-d\u2019\u00e9cran-2017-07-10-\u00e0-16.09.19.png 600w, https:\/\/www.ricom-web8.com\/gestions\/wp-content\/uploads\/2017\/07\/Capture-d\u2019\u00e9cran-2017-07-10-\u00e0-16.09.19-300x177.png 300w\" sizes=\"(max-width: 600px) 100vw, 600px\" \/><\/p>\n<\/div>\n<h2>\u00c9tape 4 &#8211; Profil de march\u00e9 des territoires\u00a0(lien population\/\u00e9tablissements)<\/h2>\n<p>Les deux indicateurs (taux de d\u00e9pendance de la population et taux de d\u00e9pendance des ressources) permettent de dresser un profil de march\u00e9 de chaque territoire (<em>graphique 3<\/em>). Le type le plus performant (d\u00e9pendance de la population pr\u00e8s de 100 % et d\u00e9pendance des ressources autour de 60 %) est celui de Lille ou du Boulonnais. La situation la plus fragile pour les \u00e9tablissements est celle de Flandre-Lys, avec une population tr\u00e8s peu d\u00e9pendante (qui va majoritairement en dehors du territoire) mais des \u00e9tablissements tr\u00e8s d\u00e9pendants de cette population.<\/p>\n<button data-toggle=\"collapse\" data-target=\"#enc_2009_491_03\">GRAPHIQUE 3<\/button><div id=\"enc_2009_491_03\" class=\"encadre collapse\"><p><span class=\"surtitre_enc\">graphique 3 <\/span><\/p>\n<h2>Profil de march\u00e9 des territoires<\/h2>\n<p><img decoding=\"async\" class=\"alignnone size-full wp-image-35335\" src=\"https:\/\/gestions-hospitalieres.fr\/wp-content\/uploads\/2017\/07\/Capture-d\u2019\u00e9cran-2017-07-10-\u00e0-16.10.01.png\" alt=\"\" width=\"600\" height=\"909\" srcset=\"https:\/\/www.ricom-web8.com\/gestions\/wp-content\/uploads\/2017\/07\/Capture-d\u2019\u00e9cran-2017-07-10-\u00e0-16.10.01.png 600w, https:\/\/www.ricom-web8.com\/gestions\/wp-content\/uploads\/2017\/07\/Capture-d\u2019\u00e9cran-2017-07-10-\u00e0-16.10.01-198x300.png 198w\" sizes=\"(max-width: 600px) 100vw, 600px\" \/><\/p>\n<\/div>\n<p>Les \u00e9tablissements du Hainaut et une partie du littoral sont de type \u00ab march\u00e9 ferm\u00e9 \u00bb ; la m\u00e9tropole est tr\u00e8s attractive, avec une population locale tr\u00e8s d\u00e9pendante.\u2008Les \u00e9tablissements de l\u2019Artois sont d\u00e9pendants de leur population, pourtant la moins d\u00e9pendante d\u2019eux (<em>graphique 4<\/em>).<\/p>\n<button data-toggle=\"collapse\" data-target=\"#enc_2009_491_04\">GRAPHIQUE 4<\/button><div id=\"enc_2009_491_04\" class=\"encadre collapse\"><p><span class=\"surtitre_enc\">graphique 4 <\/span><\/p>\n<h2>Profil de march\u00e9 des territoires de sant\u00e9<\/h2>\n<p><img decoding=\"async\" class=\"alignnone size-full wp-image-35336\" src=\"https:\/\/gestions-hospitalieres.fr\/wp-content\/uploads\/2017\/07\/Capture-d\u2019\u00e9cran-2017-07-10-\u00e0-16.10.16.png\" alt=\"\" width=\"600\" height=\"405\" srcset=\"https:\/\/www.ricom-web8.com\/gestions\/wp-content\/uploads\/2017\/07\/Capture-d\u2019\u00e9cran-2017-07-10-\u00e0-16.10.16.png 600w, https:\/\/www.ricom-web8.com\/gestions\/wp-content\/uploads\/2017\/07\/Capture-d\u2019\u00e9cran-2017-07-10-\u00e0-16.10.16-300x203.png 300w\" sizes=\"(max-width: 600px) 100vw, 600px\" \/><\/p>\n<\/div>\n<h2>\u00c9tape 5 &#8211; Ad\u00e9quation offre\/demande<\/h2>\n<p>On compare pour chaque territoire si le niveau d\u2019utilisation des soins (consommation) est inf\u00e9rieur \u00e0 celui de la r\u00e9gion (acc\u00e8s aux soins) et si le niveau de la production pour 1 000 habitants (offre disponible sur place) est suffisant. Cela par discipline puis par p\u00f4le d\u2019activit\u00e9 (<em>graphique 5<\/em>).\u00a0Ce graphe rep\u00e8re les zones de sous-consommation d\u2019un territoire (en bleu) par rapport \u00e0 la consommation de la r\u00e9gion (en noir) due \u00e0 des sous-productions de soins (en rouge).<\/p>\n<button data-toggle=\"collapse\" data-target=\"#enc_2009_491_06\">GRAPHIQUE 5<\/button><div id=\"enc_2009_491_06\" class=\"encadre collapse\"><p><span class=\"surtitre_enc\">graphique 5 <\/span><\/p>\n<h2>Ad\u00e9quation offre\/demande<\/h2>\n<p><img decoding=\"async\" class=\"alignnone size-full wp-image-35338\" src=\"https:\/\/gestions-hospitalieres.fr\/wp-content\/uploads\/2017\/07\/Capture-d\u2019\u00e9cran-2017-07-10-\u00e0-16.11.00.png\" alt=\"\" width=\"600\" height=\"580\" srcset=\"https:\/\/www.ricom-web8.com\/gestions\/wp-content\/uploads\/2017\/07\/Capture-d\u2019\u00e9cran-2017-07-10-\u00e0-16.11.00.png 600w, https:\/\/www.ricom-web8.com\/gestions\/wp-content\/uploads\/2017\/07\/Capture-d\u2019\u00e9cran-2017-07-10-\u00e0-16.11.00-300x290.png 300w\" sizes=\"(max-width: 600px) 100vw, 600px\" \/><\/p>\n<\/div>\n<h2>\u00c9tape 6 &#8211; Parts de march\u00e9s<\/h2>\n<p>Une fois que l\u2019on a identifi\u00e9 les faiblesses de l\u2019acc\u00e8s aux soins, que l\u2019on peut savoir si la population est autarcique et\u00a0 identifier les p\u00f4les d\u2019activit\u00e9 en inad\u00e9quation avec les besoins de soins, il convient d\u2019\u00e9laborer les strat\u00e9gies de territoires pour am\u00e9liorer l\u2019offre de soins. Il est indispensable \u00e0 ce stade de conna\u00eetre les leaders du territoire, leurs avantages concurrentiels, la sant\u00e9 financi\u00e8re des \u00e9tablissements, l\u2019importance des \u00e9quipes m\u00e9dicales et leurs \u00e2ges. Les parts de march\u00e9 doivent \u00eatre r\u00e9alistes : si un groupe est compos\u00e9 de plusieurs \u00e9tablissements sur un m\u00eame territoire, il doit \u00eatre cumul\u00e9.<\/p>\n<button data-toggle=\"collapse\" data-target=\"#enc_2009_491_05\">TABLEAU 1<\/button><div id=\"enc_2009_491_05\" class=\"encadre collapse\"><p><span class=\"surtitre_enc\">Tableau 1 <\/span><\/p>\n<h2>Parts de march\u00e9<\/h2>\n<p><img decoding=\"async\" class=\"alignnone size-full wp-image-35337\" src=\"https:\/\/gestions-hospitalieres.fr\/wp-content\/uploads\/2017\/07\/Capture-d\u2019\u00e9cran-2017-07-10-\u00e0-16.10.43.png\" alt=\"\" width=\"600\" height=\"500\" srcset=\"https:\/\/www.ricom-web8.com\/gestions\/wp-content\/uploads\/2017\/07\/Capture-d\u2019\u00e9cran-2017-07-10-\u00e0-16.10.43.png 600w, https:\/\/www.ricom-web8.com\/gestions\/wp-content\/uploads\/2017\/07\/Capture-d\u2019\u00e9cran-2017-07-10-\u00e0-16.10.43-300x250.png 300w\" sizes=\"(max-width: 600px) 100vw, 600px\" \/><\/p>\n<\/div>\n<h2>\u00c9tape 7 &#8211; R\u00e9organisation<\/h2>\n<p>La r\u00e9organisation est avant tout un projet de changement qui doit se centrer sur l\u2019implication des ma\u00eetres d\u2019\u0153uvre (les acteurs des \u00e9tablissements). L\u2019ensemble de la d\u00e9marche doit \u00eatre partag\u00e9 et permettre d\u2019aider \u00e0 faire \u00e9merger une strat\u00e9gie r\u00e9aliste port\u00e9e par la tutelle (ARS) et par les professionnels des \u00e9tablissements de sant\u00e9 qui assure la participation des \u00e9lus. L\u2019objectif est ensuite de s\u2019inscrire dans les d\u00e9marches contractuelles (Sros-CPOM).<\/p>\n<button data-toggle=\"collapse\" data-target=\"#enc_2009_491_07\">GRAPHIQUE 6<\/button><div id=\"enc_2009_491_07\" class=\"encadre collapse\"><p><span class=\"surtitre_enc\">graphique 6 <\/span><\/p>\n<h2>D\u00e9roulement actuel des projets en France<\/h2>\n<p><img decoding=\"async\" class=\"alignnone size-full wp-image-35339\" src=\"https:\/\/gestions-hospitalieres.fr\/wp-content\/uploads\/2017\/07\/Capture-d\u2019\u00e9cran-2017-07-10-\u00e0-16.12.34.png\" alt=\"\" width=\"600\" height=\"557\" srcset=\"https:\/\/www.ricom-web8.com\/gestions\/wp-content\/uploads\/2017\/07\/Capture-d\u2019\u00e9cran-2017-07-10-\u00e0-16.12.34.png 600w, https:\/\/www.ricom-web8.com\/gestions\/wp-content\/uploads\/2017\/07\/Capture-d\u2019\u00e9cran-2017-07-10-\u00e0-16.12.34-300x279.png 300w\" sizes=\"(max-width: 600px) 100vw, 600px\" \/><\/p>\n<\/div>\n<h1>R\u00e9sultats<\/h1>\n<p>La partie analyse de la m\u00e9thode a permis d\u2019identifier des probl\u00e8mes d\u2019acc\u00e8s aux soins que ne montrait pas l\u2019ancienne carte sanitaire. Par exemple, certains territoires surconsomment des soins (le Hainaut) et l\u2019offre de soins sanitaire ne semble plus toujours l\u2019unique bonne r\u00e9ponse aux probl\u00e8mes de sant\u00e9 (ARS). D\u2019autres pr\u00e9sentent des acc\u00e8s aux soins qui ne sont pas compens\u00e9s par des fuites. D\u2019autres territoires pr\u00e9sentent une sous-consommation de soins associ\u00e9s \u00e0 une sous-production de soins dans quasiment toutes les disciplines, ce qui laisse supposer un facteur comportemental de la population, renforc\u00e9 par certaines faiblesses de l\u2019offre de soins.\u00a0Des cibles ont \u00e9t\u00e9 d\u00e9finies dans le Sros III qui donnent lieu \u00e0 un renforcement de l\u2019offre de soins dans ces territoires en courts ou en moyens s\u00e9jours.\u00a0La m\u00e9thodologie a \u00e9t\u00e9 appliqu\u00e9e pour d\u00e9finir les strat\u00e9gies de coop\u00e9rations de bassins de vie ou de petit territoire et de la contractualiser avec les \u00e9tablissements.<\/p>\n<p>La m\u00e9thode a permis de v\u00e9rifier la pertinence des territoires de premier, deuxi\u00e8me et troisi\u00e8mes recours aux soins. Elle a permis d\u2019identifier l\u2019\u00e9mergence d\u2019un territoire de deuxi\u00e8me recours.\u00a0Il faut cependant rester prudent sur les conclusions de l\u2019analyse strat\u00e9giques de territoire. Il conviendra par la suite d\u2019enrichir l\u2019analyse par les besoins ressentis et les besoins non satisfaits et int\u00e9grer des crit\u00e8res sociaux comme l\u2019\u00e9ducation, o\u00f9 le niveau de revenu peut permettre d\u2019\u00e9largir l\u2019analyse de la situation, ainsi que des indicateurs de qualit\u00e9 comme les d\u00e9lais d\u2019acc\u00e8s aux soins. Par ailleurs, le calcul du recours aux soins peut comporter des biais importants \u00e0 prendre en compte<sup class=\"appel\" data-toggle=\"modal\" data-target=\"#notes\"> (13)<\/sup>.\u00a0Une autre limite est la n\u00e9cessit\u00e9 pour une analyse globale d\u2019appliquer la m\u00e9thode aux autres secteurs, notamment d\u2019\u00e9tablir un profil d\u2019utilisation et de production des soins des territoires tous secteurs confondus (ambulatoire, \u00e9tablissements de sant\u00e9, m\u00e9dico-sociaux\u2026) sur un m\u00eame sch\u00e9ma pour fixer des objectifs par secteur.\u00a0Enfin, l\u2019analyse n\u2019entre pas dans les \u00e9tablissements de soins pour am\u00e9liorer leur efficience ; c\u2019est une \u00e9tape pourtant incontournable de l\u2019\u00e9tude de la faisabilit\u00e9 de la strat\u00e9gie et qui est l\u2019objet d\u2019une m\u00e9thode compl\u00e9mentaire.<\/p>\n<button data-toggle=\"collapse\" data-target=\"#enc_2009_491_08\">GRAPHIQUE 7<\/button><div id=\"enc_2009_491_08\" class=\"encadre collapse\"><p><span class=\"surtitre_enc\">graphique 7 <\/span><\/p>\n<h2>Algorythme de d\u00e9cision de l\u2019analyse strat\u00e9gique de territoire<\/h2>\n<p><img decoding=\"async\" class=\"alignnone size-full wp-image-35340\" src=\"https:\/\/gestions-hospitalieres.fr\/wp-content\/uploads\/2017\/07\/Capture-d\u2019\u00e9cran-2017-07-10-\u00e0-16.14.21.png\" alt=\"\" width=\"600\" height=\"294\" srcset=\"https:\/\/www.ricom-web8.com\/gestions\/wp-content\/uploads\/2017\/07\/Capture-d\u2019\u00e9cran-2017-07-10-\u00e0-16.14.21.png 600w, https:\/\/www.ricom-web8.com\/gestions\/wp-content\/uploads\/2017\/07\/Capture-d\u2019\u00e9cran-2017-07-10-\u00e0-16.14.21-300x147.png 300w\" sizes=\"(max-width: 600px) 100vw, 600px\" \/><\/p>\n<\/div>\n<p>Cette m\u00e9thode de management strat\u00e9gique des territoires n\u00e9cessite avant tout la mobilisation des acteurs pour objectiver les analyses et favoriser la mise en \u0153uvre des projets. Elle s\u2019inscrit dans une conduite de plan de sant\u00e9 plus globale.<\/p>\n<script>function PlayerjsAsync(){} if(window[\"Playerjs\"]){PlayerjsAsync();}<\/script>","protected":false},"excerpt":{"rendered":"<p>Les derni\u00e8res r\u00e9formes du syst\u00e8me de sant\u00e9 (2004 et 2009) pour limiter l\u2019augmentation des d\u00e9penses de sant\u00e9 et r\u00e9pondre aux besoins de la population\u00a0 par territoires de sant\u00e9 ont engendr\u00e9 trois changements qui modifient le positionnement et les relations des \u00e9tablissements de sant\u00e9 et des tutelles r\u00e9gionales. Le premier est la mise en place de la tarification \u00e0 l\u2019activit\u00e9 \u00e0 la\u00a0 place de la dotation globale pour les \u00e9tablissements. Ce&hellip; <\/p>\n","protected":false},"author":23133,"featured_media":0,"comment_status":"open","ping_status":"closed","sticky":false,"template":"","format":"standard","meta":{"_acf_changed":false,"_relevanssi_hide_post":"","_relevanssi_hide_content":"","_relevanssi_pin_for_all":"","_relevanssi_pin_keywords":"","_relevanssi_unpin_keywords":"","_relevanssi_related_keywords":"","_relevanssi_related_include_ids":"","_relevanssi_related_exclude_ids":"","_relevanssi_related_no_append":"","_relevanssi_related_not_related":"","_relevanssi_related_posts":"","_relevanssi_noindex_reason":"","footnotes":""},"categories":[26,2],"tags":[181,5097,566,5969,9,36,903,216,5411],"class_list":["post-35274","post","type-post","status-publish","format-standard","hentry","category-dossier","category-gestions-hospitalieres","tag-france","tag-indicateurs","tag-management-strategique","tag-nord-pas-de-calais","tag-offre-de-soins","tag-organisation","tag-reforme","tag-systeme-de-sante","tag-territoire-de-sante"],"acf":[],"yoast_head":"<!-- This site is optimized with the Yoast SEO plugin v24.8.1 - https:\/\/yoast.com\/wordpress\/plugins\/seo\/ -->\n<title>Besoins et offre de soins de la r\u00e9gion Nord-Pas-de-Calais - Gestions hospitali\u00e8res<\/title>\n<meta name=\"robots\" content=\"index, follow, max-snippet:-1, max-image-preview:large, max-video-preview:-1\" \/>\n<link rel=\"canonical\" href=\"https:\/\/www.ricom-web8.com\/gestions\/besoins-offre-de-soins-de-region-nord-de-calais\/\" \/>\n<meta property=\"og:locale\" content=\"fr_FR\" \/>\n<meta property=\"og:type\" content=\"article\" \/>\n<meta property=\"og:title\" content=\"Besoins et offre de soins de la r\u00e9gion Nord-Pas-de-Calais - Gestions hospitali\u00e8res\" \/>\n<meta property=\"og:description\" content=\"Les derni\u00e8res r\u00e9formes du syst\u00e8me de sant\u00e9 (2004 et 2009) pour limiter l\u2019augmentation des d\u00e9penses de sant\u00e9 et r\u00e9pondre aux besoins de la population\u00a0 par territoires de sant\u00e9 ont engendr\u00e9 trois changements qui modifient le positionnement et les relations des \u00e9tablissements de sant\u00e9 et des tutelles r\u00e9gionales. Le premier est la mise en place de la tarification \u00e0 l\u2019activit\u00e9 \u00e0 la\u00a0 place de la dotation globale pour les \u00e9tablissements. Ce&hellip;\" \/>\n<meta property=\"og:url\" content=\"https:\/\/www.ricom-web8.com\/gestions\/besoins-offre-de-soins-de-region-nord-de-calais\/\" \/>\n<meta property=\"og:site_name\" content=\"Gestions hospitali\u00e8res\" \/>\n<meta property=\"article:publisher\" content=\"https:\/\/www.facebook.com\/gestionshospitalieres\/\" \/>\n<meta property=\"article:published_time\" content=\"2009-10-01T13:52:00+00:00\" \/>\n<meta property=\"article:modified_time\" content=\"2018-03-12T16:46:26+00:00\" \/>\n<meta name=\"author\" content=\"Gestions hospitali\u00e8res\" \/>\n<meta name=\"twitter:card\" content=\"summary_large_image\" \/>\n<meta name=\"twitter:creator\" content=\"@revue_GH\" \/>\n<meta name=\"twitter:site\" content=\"@revue_GH\" \/>\n<meta name=\"twitter:label1\" content=\"\u00c9crit par\" \/>\n\t<meta name=\"twitter:data1\" content=\"Gestions hospitali\u00e8res\" \/>\n\t<meta name=\"twitter:label2\" content=\"Dur\u00e9e de lecture estim\u00e9e\" \/>\n\t<meta name=\"twitter:data2\" content=\"17 minutes\" \/>\n<script type=\"application\/ld+json\" class=\"yoast-schema-graph\">{\"@context\":\"https:\/\/schema.org\",\"@graph\":[{\"@type\":\"Article\",\"@id\":\"https:\/\/www.ricom-web8.com\/gestions\/besoins-offre-de-soins-de-region-nord-de-calais\/#article\",\"isPartOf\":{\"@id\":\"https:\/\/www.ricom-web8.com\/gestions\/besoins-offre-de-soins-de-region-nord-de-calais\/\"},\"author\":{\"name\":\"Gestions hospitali\u00e8res\",\"@id\":\"https:\/\/www.ricom-web8.com\/gestions\/#\/schema\/person\/3ba9fe913190dfe9507feb621e902c1f\"},\"headline\":\"Besoins et offre de soins de la r\u00e9gion Nord-Pas-de-Calais\",\"datePublished\":\"2009-10-01T13:52:00+00:00\",\"dateModified\":\"2018-03-12T16:46:26+00:00\",\"mainEntityOfPage\":{\"@id\":\"https:\/\/www.ricom-web8.com\/gestions\/besoins-offre-de-soins-de-region-nord-de-calais\/\"},\"wordCount\":3354,\"commentCount\":0,\"publisher\":{\"@id\":\"https:\/\/www.ricom-web8.com\/gestions\/#organization\"},\"keywords\":[\"France\",\"indicateurs\",\"management strat\u00e9gique\",\"Nord-Pas-de-Calais\",\"offre de soins\",\"organisation\",\"r\u00e9forme\",\"syst\u00e8me de sant\u00e9\",\"territoire de sant\u00e9\"],\"articleSection\":[\"dossier\",\"Gestions Hospitali\u00e8res\"],\"inLanguage\":\"fr-FR\",\"potentialAction\":[{\"@type\":\"CommentAction\",\"name\":\"Comment\",\"target\":[\"https:\/\/www.ricom-web8.com\/gestions\/besoins-offre-de-soins-de-region-nord-de-calais\/#respond\"]}]},{\"@type\":\"WebPage\",\"@id\":\"https:\/\/www.ricom-web8.com\/gestions\/besoins-offre-de-soins-de-region-nord-de-calais\/\",\"url\":\"https:\/\/www.ricom-web8.com\/gestions\/besoins-offre-de-soins-de-region-nord-de-calais\/\",\"name\":\"Besoins et offre de soins de la r\u00e9gion Nord-Pas-de-Calais - Gestions hospitali\u00e8res\",\"isPartOf\":{\"@id\":\"https:\/\/www.ricom-web8.com\/gestions\/#website\"},\"datePublished\":\"2009-10-01T13:52:00+00:00\",\"dateModified\":\"2018-03-12T16:46:26+00:00\",\"breadcrumb\":{\"@id\":\"https:\/\/www.ricom-web8.com\/gestions\/besoins-offre-de-soins-de-region-nord-de-calais\/#breadcrumb\"},\"inLanguage\":\"fr-FR\",\"potentialAction\":[{\"@type\":\"ReadAction\",\"target\":[\"https:\/\/www.ricom-web8.com\/gestions\/besoins-offre-de-soins-de-region-nord-de-calais\/\"]}]},{\"@type\":\"BreadcrumbList\",\"@id\":\"https:\/\/www.ricom-web8.com\/gestions\/besoins-offre-de-soins-de-region-nord-de-calais\/#breadcrumb\",\"itemListElement\":[{\"@type\":\"ListItem\",\"position\":1,\"name\":\"Accueil\",\"item\":\"https:\/\/www.ricom-web8.com\/gestions\/\"},{\"@type\":\"ListItem\",\"position\":2,\"name\":\"Besoins et offre de soins de la r\u00e9gion Nord-Pas-de-Calais\"}]},{\"@type\":\"WebSite\",\"@id\":\"https:\/\/www.ricom-web8.com\/gestions\/#website\",\"url\":\"https:\/\/www.ricom-web8.com\/gestions\/\",\"name\":\"Gestions hospitali\u00e8res\",\"description\":\"la revue des d\u00e9cideurs hospitaliers\",\"publisher\":{\"@id\":\"https:\/\/www.ricom-web8.com\/gestions\/#organization\"},\"potentialAction\":[{\"@type\":\"SearchAction\",\"target\":{\"@type\":\"EntryPoint\",\"urlTemplate\":\"https:\/\/www.ricom-web8.com\/gestions\/?s={search_term_string}\"},\"query-input\":{\"@type\":\"PropertyValueSpecification\",\"valueRequired\":true,\"valueName\":\"search_term_string\"}}],\"inLanguage\":\"fr-FR\"},{\"@type\":\"Organization\",\"@id\":\"https:\/\/www.ricom-web8.com\/gestions\/#organization\",\"name\":\"Gestions hospitali\u00e8res\",\"url\":\"https:\/\/www.ricom-web8.com\/gestions\/\",\"logo\":{\"@type\":\"ImageObject\",\"inLanguage\":\"fr-FR\",\"@id\":\"https:\/\/www.ricom-web8.com\/gestions\/#\/schema\/logo\/image\/\",\"url\":\"https:\/\/gestions-hospitalieres.fr\/wp-content\/uploads\/2017\/02\/picto_Gif-GH-trans.png\",\"contentUrl\":\"https:\/\/gestions-hospitalieres.fr\/wp-content\/uploads\/2017\/02\/picto_Gif-GH-trans.png\",\"width\":512,\"height\":512,\"caption\":\"Gestions hospitali\u00e8res\"},\"image\":{\"@id\":\"https:\/\/www.ricom-web8.com\/gestions\/#\/schema\/logo\/image\/\"},\"sameAs\":[\"https:\/\/www.facebook.com\/gestionshospitalieres\/\",\"https:\/\/x.com\/revue_GH\",\"https:\/\/www.linkedin.com\/company\/gestions-hospitalieres?trk=top_nav_home\"]},{\"@type\":\"Person\",\"@id\":\"https:\/\/www.ricom-web8.com\/gestions\/#\/schema\/person\/3ba9fe913190dfe9507feb621e902c1f\",\"name\":\"Gestions hospitali\u00e8res\",\"image\":{\"@type\":\"ImageObject\",\"inLanguage\":\"fr-FR\",\"@id\":\"https:\/\/www.ricom-web8.com\/gestions\/#\/schema\/person\/image\/\",\"url\":\"https:\/\/secure.gravatar.com\/avatar\/1a0d93e6db5dbe7dac96bae4757d256f?s=96&d=mm&r=g\",\"contentUrl\":\"https:\/\/secure.gravatar.com\/avatar\/1a0d93e6db5dbe7dac96bae4757d256f?s=96&d=mm&r=g\",\"caption\":\"Gestions hospitali\u00e8res\"},\"url\":\"https:\/\/www.ricom-web8.com\/gestions\/author\/benjamin\/\"}]}<\/script>\n<!-- \/ Yoast SEO plugin. -->","yoast_head_json":{"title":"Besoins et offre de soins de la r\u00e9gion Nord-Pas-de-Calais - Gestions hospitali\u00e8res","robots":{"index":"index","follow":"follow","max-snippet":"max-snippet:-1","max-image-preview":"max-image-preview:large","max-video-preview":"max-video-preview:-1"},"canonical":"https:\/\/www.ricom-web8.com\/gestions\/besoins-offre-de-soins-de-region-nord-de-calais\/","og_locale":"fr_FR","og_type":"article","og_title":"Besoins et offre de soins de la r\u00e9gion Nord-Pas-de-Calais - Gestions hospitali\u00e8res","og_description":"Les derni\u00e8res r\u00e9formes du syst\u00e8me de sant\u00e9 (2004 et 2009) pour limiter l\u2019augmentation des d\u00e9penses de sant\u00e9 et r\u00e9pondre aux besoins de la population\u00a0 par territoires de sant\u00e9 ont engendr\u00e9 trois changements qui modifient le positionnement et les relations des \u00e9tablissements de sant\u00e9 et des tutelles r\u00e9gionales. Le premier est la mise en place de la tarification \u00e0 l\u2019activit\u00e9 \u00e0 la\u00a0 place de la dotation globale pour les \u00e9tablissements. Ce&hellip;","og_url":"https:\/\/www.ricom-web8.com\/gestions\/besoins-offre-de-soins-de-region-nord-de-calais\/","og_site_name":"Gestions hospitali\u00e8res","article_publisher":"https:\/\/www.facebook.com\/gestionshospitalieres\/","article_published_time":"2009-10-01T13:52:00+00:00","article_modified_time":"2018-03-12T16:46:26+00:00","author":"Gestions hospitali\u00e8res","twitter_card":"summary_large_image","twitter_creator":"@revue_GH","twitter_site":"@revue_GH","twitter_misc":{"\u00c9crit par":"Gestions hospitali\u00e8res","Dur\u00e9e de lecture estim\u00e9e":"17 minutes"},"schema":{"@context":"https:\/\/schema.org","@graph":[{"@type":"Article","@id":"https:\/\/www.ricom-web8.com\/gestions\/besoins-offre-de-soins-de-region-nord-de-calais\/#article","isPartOf":{"@id":"https:\/\/www.ricom-web8.com\/gestions\/besoins-offre-de-soins-de-region-nord-de-calais\/"},"author":{"name":"Gestions hospitali\u00e8res","@id":"https:\/\/www.ricom-web8.com\/gestions\/#\/schema\/person\/3ba9fe913190dfe9507feb621e902c1f"},"headline":"Besoins et offre de soins de la r\u00e9gion Nord-Pas-de-Calais","datePublished":"2009-10-01T13:52:00+00:00","dateModified":"2018-03-12T16:46:26+00:00","mainEntityOfPage":{"@id":"https:\/\/www.ricom-web8.com\/gestions\/besoins-offre-de-soins-de-region-nord-de-calais\/"},"wordCount":3354,"commentCount":0,"publisher":{"@id":"https:\/\/www.ricom-web8.com\/gestions\/#organization"},"keywords":["France","indicateurs","management strat\u00e9gique","Nord-Pas-de-Calais","offre de soins","organisation","r\u00e9forme","syst\u00e8me de sant\u00e9","territoire de sant\u00e9"],"articleSection":["dossier","Gestions Hospitali\u00e8res"],"inLanguage":"fr-FR","potentialAction":[{"@type":"CommentAction","name":"Comment","target":["https:\/\/www.ricom-web8.com\/gestions\/besoins-offre-de-soins-de-region-nord-de-calais\/#respond"]}]},{"@type":"WebPage","@id":"https:\/\/www.ricom-web8.com\/gestions\/besoins-offre-de-soins-de-region-nord-de-calais\/","url":"https:\/\/www.ricom-web8.com\/gestions\/besoins-offre-de-soins-de-region-nord-de-calais\/","name":"Besoins et offre de soins de la r\u00e9gion Nord-Pas-de-Calais - Gestions hospitali\u00e8res","isPartOf":{"@id":"https:\/\/www.ricom-web8.com\/gestions\/#website"},"datePublished":"2009-10-01T13:52:00+00:00","dateModified":"2018-03-12T16:46:26+00:00","breadcrumb":{"@id":"https:\/\/www.ricom-web8.com\/gestions\/besoins-offre-de-soins-de-region-nord-de-calais\/#breadcrumb"},"inLanguage":"fr-FR","potentialAction":[{"@type":"ReadAction","target":["https:\/\/www.ricom-web8.com\/gestions\/besoins-offre-de-soins-de-region-nord-de-calais\/"]}]},{"@type":"BreadcrumbList","@id":"https:\/\/www.ricom-web8.com\/gestions\/besoins-offre-de-soins-de-region-nord-de-calais\/#breadcrumb","itemListElement":[{"@type":"ListItem","position":1,"name":"Accueil","item":"https:\/\/www.ricom-web8.com\/gestions\/"},{"@type":"ListItem","position":2,"name":"Besoins et offre de soins de la r\u00e9gion Nord-Pas-de-Calais"}]},{"@type":"WebSite","@id":"https:\/\/www.ricom-web8.com\/gestions\/#website","url":"https:\/\/www.ricom-web8.com\/gestions\/","name":"Gestions hospitali\u00e8res","description":"la revue des d\u00e9cideurs hospitaliers","publisher":{"@id":"https:\/\/www.ricom-web8.com\/gestions\/#organization"},"potentialAction":[{"@type":"SearchAction","target":{"@type":"EntryPoint","urlTemplate":"https:\/\/www.ricom-web8.com\/gestions\/?s={search_term_string}"},"query-input":{"@type":"PropertyValueSpecification","valueRequired":true,"valueName":"search_term_string"}}],"inLanguage":"fr-FR"},{"@type":"Organization","@id":"https:\/\/www.ricom-web8.com\/gestions\/#organization","name":"Gestions hospitali\u00e8res","url":"https:\/\/www.ricom-web8.com\/gestions\/","logo":{"@type":"ImageObject","inLanguage":"fr-FR","@id":"https:\/\/www.ricom-web8.com\/gestions\/#\/schema\/logo\/image\/","url":"https:\/\/gestions-hospitalieres.fr\/wp-content\/uploads\/2017\/02\/picto_Gif-GH-trans.png","contentUrl":"https:\/\/gestions-hospitalieres.fr\/wp-content\/uploads\/2017\/02\/picto_Gif-GH-trans.png","width":512,"height":512,"caption":"Gestions hospitali\u00e8res"},"image":{"@id":"https:\/\/www.ricom-web8.com\/gestions\/#\/schema\/logo\/image\/"},"sameAs":["https:\/\/www.facebook.com\/gestionshospitalieres\/","https:\/\/x.com\/revue_GH","https:\/\/www.linkedin.com\/company\/gestions-hospitalieres?trk=top_nav_home"]},{"@type":"Person","@id":"https:\/\/www.ricom-web8.com\/gestions\/#\/schema\/person\/3ba9fe913190dfe9507feb621e902c1f","name":"Gestions hospitali\u00e8res","image":{"@type":"ImageObject","inLanguage":"fr-FR","@id":"https:\/\/www.ricom-web8.com\/gestions\/#\/schema\/person\/image\/","url":"https:\/\/secure.gravatar.com\/avatar\/1a0d93e6db5dbe7dac96bae4757d256f?s=96&d=mm&r=g","contentUrl":"https:\/\/secure.gravatar.com\/avatar\/1a0d93e6db5dbe7dac96bae4757d256f?s=96&d=mm&r=g","caption":"Gestions hospitali\u00e8res"},"url":"https:\/\/www.ricom-web8.com\/gestions\/author\/benjamin\/"}]}},"_links":{"self":[{"href":"https:\/\/www.ricom-web8.com\/gestions\/wp-json\/wp\/v2\/posts\/35274","targetHints":{"allow":["GET"]}}],"collection":[{"href":"https:\/\/www.ricom-web8.com\/gestions\/wp-json\/wp\/v2\/posts"}],"about":[{"href":"https:\/\/www.ricom-web8.com\/gestions\/wp-json\/wp\/v2\/types\/post"}],"author":[{"embeddable":true,"href":"https:\/\/www.ricom-web8.com\/gestions\/wp-json\/wp\/v2\/users\/23133"}],"replies":[{"embeddable":true,"href":"https:\/\/www.ricom-web8.com\/gestions\/wp-json\/wp\/v2\/comments?post=35274"}],"version-history":[{"count":0,"href":"https:\/\/www.ricom-web8.com\/gestions\/wp-json\/wp\/v2\/posts\/35274\/revisions"}],"wp:attachment":[{"href":"https:\/\/www.ricom-web8.com\/gestions\/wp-json\/wp\/v2\/media?parent=35274"}],"wp:term":[{"taxonomy":"category","embeddable":true,"href":"https:\/\/www.ricom-web8.com\/gestions\/wp-json\/wp\/v2\/categories?post=35274"},{"taxonomy":"post_tag","embeddable":true,"href":"https:\/\/www.ricom-web8.com\/gestions\/wp-json\/wp\/v2\/tags?post=35274"}],"curies":[{"name":"wp","href":"https:\/\/api.w.org\/{rel}","templated":true}]}}