

{"id":36870,"date":"2018-01-01T18:08:27","date_gmt":"2018-01-01T17:08:27","guid":{"rendered":"https:\/\/gestions-hospitalieres.fr\/?p=36870"},"modified":"2018-03-26T14:32:35","modified_gmt":"2018-03-26T12:32:35","slug":"rehabilitation-psychosociale","status":"publish","type":"post","link":"https:\/\/www.ricom-web8.com\/gestions\/rehabilitation-psychosociale\/","title":{"rendered":"R\u00e9habilitation psychosociale"},"content":{"rendered":"<span class=\"span-reading-time rt-reading-time\" style=\"display: block;\"><span class=\"rt-label rt-prefix\">Temps de lecture\u00a0: <\/span> <span class=\"rt-time\"> 5<\/span> <span class=\"rt-label rt-postfix\">minutes<\/span><\/span><p>Les troubles mentaux s\u00e9v\u00e8res, dont la schizophr\u00e9nie, touchent 3 \u00e0 4\u2009% de la population<sup class=\"appel\" data-toggle=\"modal\" data-target=\"#notes\">\u2009(1)<\/sup>. Leurs cons\u00e9quences \u00e9conomiques sont directes (co\u00fbt du traitement) et indirectes (r\u00e9duction de la capacit\u00e9 \u00e0 travailler et recours aux aides sociales)<sup class=\"appel\" data-toggle=\"modal\" data-target=\"#notes\">\u2009(2)<\/sup>, \u00e0 l\u2019origine d\u2019un lourd fardeau pour les personnes concern\u00e9es, leurs proches et toute la soci\u00e9t\u00e9.<\/p>\n<h1>Favoriser le r\u00e9tablissement<\/h1>\n<p>La recherche et le maintien d\u2019une r\u00e9mission symptomatique ne sont pas des objectifs suffisants en sant\u00e9 mentale. Il faut aussi rendre \u00e0 la personne son statut de sujet et sa place dans la soci\u00e9t\u00e9 en tant que citoyen \u00e0 part enti\u00e8re. La reprise du contr\u00f4le de sa propre trajectoire et l\u2019acc\u00e8s \u00e0 des responsabilit\u00e9s favorisent l\u2019espoir, une place sociale plus valoris\u00e9e et l\u2019appropriation de son propre devenir. Si de nombreux d\u00e9terminants du r\u00e9tablissement dans les troubles mentaux s\u00e9v\u00e8res sont subjectifs, des travaux scientifiques ont permis de mettre en \u00e9vidence le r\u00f4le de facteurs objectifs, pouvant faire l\u2019objet d\u2019une \u00e9valuation fonctionnelle.<\/p>\n<p>Le r\u00e9tablissement est un ph\u00e9nom\u00e8ne complexe qu\u2019il est n\u00e9cessaire d\u2019appr\u00e9hender en distinguant ses diff\u00e9rentes dimensions, la principale \u00e9tant le r\u00e9tablissement personnel. Cet acc\u00e8s \u00e0 une existence satisfaisante ne peut \u00eatre d\u00e9fini que par la personne elle-m\u00eame, selon des crit\u00e8res qui lui sont propres. Trois autres dimensions sont susceptibles de favoriser le r\u00e9tablissement\u2009:<\/p>\n<ul>\n<li>le r\u00e9tablissement clinique, certes important \u00e9tant donn\u00e9 la souffrance que les sympt\u00f4mes peuvent entra\u00eener, donc n\u00e9cessaire mais pas suffisant. Certaines personnes se sentent d\u2019ailleurs r\u00e9tablies malgr\u00e9 la persistance de sympt\u00f4mes marqu\u00e9s\u2009;<\/li>\n<li>le r\u00e9tablissement social, c\u2019est-\u00e0-dire l\u2019acc\u00e8s \u00e0 une autonomie en termes de logement, de loisirs, d\u2019emploi et de relations sociales\u2009;<\/li>\n<li>le r\u00e9tablissement fonctionnel, qu\u2019on peut d\u00e9finir par l\u2019appropriation pour la personne de ses capacit\u00e9s, de ses limitations, de ses troubles et de son traitement, favorisant la capacit\u00e9 \u00e0 faire face plus efficacement aux situations de la vie quotidienne. L\u2019importance du r\u00f4le du r\u00e9tablissement fonctionnel dans le r\u00e9tablissement personnel est \u00e9tay\u00e9e par les r\u00e9cits de certains usagers. Ils ont en effet rapport\u00e9 s\u2019\u00eatre r\u00e9tablis apr\u00e8s avoir pris conscience de ce dont ils \u00e9taient devenus capables ou incapables<sup class=\"appel\" data-toggle=\"modal\" data-target=\"#notes\"> (3)<\/sup>.<\/li>\n<\/ul>\n<p>Des soins centr\u00e9s sur le r\u00e9tablissement doivent agir sur toutes ces dimensions, en prenant particuli\u00e8rement en compte les aspects fonctionnels (qui constituent la cible de la r\u00e9habilitation psychosociale) et subjectifs. Il est donc n\u00e9cessaire d\u2019aborder de mani\u00e8re int\u00e9grative la probl\u00e9matique de la personne, qu\u2019il faudra accompagner dans la construction de son plan de r\u00e9tablissement. Favoriser l\u2019autod\u00e9termination doit constituer une pr\u00e9occupation pour tous les professionnels de la sant\u00e9 mentale.<\/p>\n<h1>Les \u00e9tapes de la r\u00e9habilitation psychosociale<\/h1>\n<ul>\n<li>Mise en \u00e9vidence des capacit\u00e9s pr\u00e9serv\u00e9es de la personne et de ses limitations gr\u00e2ce \u00e0 une \u00e9valuation standardis\u00e9e.<\/li>\n<li>Appropriation des r\u00e9sultats de l\u2019\u00e9valuation par la personne elle-m\u00eame \u00e0 partir d\u2019une restitution appropri\u00e9e.<\/li>\n<li>Construction de son programme de r\u00e9tablissement.<\/li>\n<li>Renforcement des capacit\u00e9s utiles \u00e0 la mise en \u0153uvre de ce programme gr\u00e2ce aux outils de la r\u00e9habilitation (rem\u00e9diation cognitive, psycho-\u00e9ducation, entra\u00eenement des comp\u00e9tences sociales, soutien \u00e0 l\u2019autonomie, accompagnement vers l\u2019emploi).<\/li>\n<li>Transfert \u00e0 sa vie quotidienne des b\u00e9n\u00e9fices des s\u00e9ances de r\u00e9habilitation.<\/li>\n<\/ul>\n<h1>La r\u00e9habilitation psychosociale en France<\/h1>\n<p>En France, l\u2019organisation territoriale a longtemps \u00e9t\u00e9 uniquement centr\u00e9e sur l\u2019offre polyvalente des secteurs de psychiatrie adultes. Cette territorialisation bas\u00e9e sur des p\u00e9rim\u00e8tres r\u00e9duits d\u2019organisation a favoris\u00e9 une vision tr\u00e8s g\u00e9n\u00e9raliste et standardis\u00e9e des soins<sup class=\"appel\" data-toggle=\"modal\" data-target=\"#notes\"> (4)<\/sup>. Elle a favoris\u00e9 l\u2019acc\u00e8s aux soins, au d\u00e9triment du d\u00e9veloppement de nouvelles interventions d\u00e9coulant des donn\u00e9es de la science. La r\u00e9habilitation psychosociale n\u2019a pas pu prendre place dans ce mod\u00e8le, ses interventions ne pouvant s\u2019y distinguer des suivis conventionnels.<\/p>\n<p>Or, la r\u00e9habilitation psychosociale n\u00e9cessite le recours \u00e0 une palette de soins vari\u00e9e pour r\u00e9pondre \u00e0 la diversit\u00e9 des besoins. La mise \u00e0 la disposition de l\u2019ensemble de la population de ces soins sp\u00e9cialis\u00e9s a donc n\u00e9cessit\u00e9 la cr\u00e9ation de centres couvrant des territoires beaucoup plus vastes que ceux desservis par les secteurs de psychiatrie g\u00e9n\u00e9rale. La juxtaposition de territoires resserr\u00e9s et de territoires vastes permet de concilier l\u2019acc\u00e8s aux soins avec leur sp\u00e9cialisation.<\/p>\n<p>En termes de sant\u00e9 mentale, les cons\u00e9quences principales de la loi de modernisation du syst\u00e8me de sant\u00e9 du 26\u202fjanvier 2016 sont la construction de projets territoriaux, l\u2019organisation des soins autour de la recherche du r\u00e9tablissement, l\u2019accroissement des prises en charge ambulatoires et la r\u00e9duction des hospitalisations. Le d\u00e9cret n\u00b0\u202f2017-1200 du 27 \u202fjuillet 2017 pr\u00e9conise la lutte contre la stigmatisation des troubles psychiques et la promotion des capacit\u00e9s des personnes gr\u00e2ce, en particulier, \u00e0 des mesures de r\u00e9habilitation psychosociales.<\/p>\n<blockquote><p>En termes de sant\u00e9 mentale, les cons\u00e9quences principales de la loi de modernisation du syst\u00e8me de sant\u00e9 du 26\u202fjanvier 2016 sont la construction de projets territoriaux, l\u2019organisation des soins autour de la recherche du r\u00e9tablissement, l\u2019accroissement des prises en charge ambulatoires et la r\u00e9duction des hospitalisations.<\/p><\/blockquote>\n<h1>D\u00e9ploiement du dispositif de r\u00e9habilitation psychosociale<\/h1>\n<p>Des structures de r\u00e9habilitation, dont les modalit\u00e9s d\u2019organisation favorisent sp\u00e9cifiquement la mise en \u00e9vidence et le renforcement des capacit\u00e9s et la pr\u00e9vention du handicap, sont en cours de cr\u00e9ation sur le territoire fran\u00e7ais. Elles centrent leurs prises en charge sur la partie saine, gr\u00e2ce au recours \u00e0 des techniques favorisant le pouvoir d\u2019agir et les capacit\u00e9s de d\u00e9cision, dont la psycho\u00e9ducation, l\u2019entra\u00eenement de la cognition sociale et la rem\u00e9diation cognitive.<\/p>\n<p>Ces outils th\u00e9rapeutiques permettent la mobilisation des ressources pr\u00e9serv\u00e9es de la personne pour compenser les manifestations ayant des cons\u00e9quences invalidantes sur sa vie quotidienne, en particulier les alt\u00e9rations de la cognition, de l\u2019<i>insight<\/i> et de la motivation. L\u2019\u00e9valuation pr\u00e9alable de son fonctionnement la place d\u2019embl\u00e9e au centre du dispositif. En lui offrant une meilleure appropriation de sa maladie, de son traitement et de ses capacit\u00e9s cognitives, ces outils de soin favorisent son r\u00e9tablissement.<\/p>\n<p>L\u2019efficacit\u00e9 des structures de r\u00e9habilitation repose sur la combinaison d\u2019une organisation sp\u00e9cifique centr\u00e9e sur la valorisation et le renforcement des capacit\u00e9s des personnes avec l\u2019intervention de th\u00e9rapeutes sp\u00e9cifiquement form\u00e9s<sup class=\"appel\" data-toggle=\"modal\" data-target=\"#notes\"> (5)<\/sup>. Des cahiers des charges, qui d\u00e9finissent la nature des \u00e9valuations et des soins fournis et la population desservie, favorisent l\u2019acc\u00e8s \u00e0 des soins de qualit\u00e9. Des sensibilisations et des formations des \u00e9quipes de sant\u00e9 mentale \u00e0 la culture du r\u00e9tablissement sont dispens\u00e9es par ces structures de r\u00e9habilitation psychosociale.<\/p>\n<p>Les ARS des r\u00e9gions Auvergne-Rh\u00f4ne-Alpes puis Nouvelle-Aquitaine ont, les premi\u00e8res, favoris\u00e9 le d\u00e9veloppement d\u2019un dispositif territorial de r\u00e9habilitation psychosociale reposant sur des centres r\u00e9f\u00e9rents. Chacun de ces centres accompagne sur son territoire le d\u00e9veloppement de centres de r\u00e9habilitation de proximit\u00e9, afin que les prises en charge puissent \u00eatre offertes au plus pr\u00e8s du domicile de chaque personne concern\u00e9e. En pratique, il est souhaitable que chaque d\u00e9partement soit pourvu d\u2019au moins un centre de proximit\u00e9. Les centres r\u00e9f\u00e9rents, comme les centres de proximit\u00e9 (dont l\u2019effectif et l\u2019offre de soins sont moins d\u00e9velopp\u00e9s), r\u00e9alisent des \u00e9valuations et des soins de r\u00e9habilitation. En outre, les centres r\u00e9f\u00e9rents ont \u00e9galement la mission de prendre en charge les cas complexes, de participer \u00e0 l\u2019innovation th\u00e9rapeutique dans le domaine de la r\u00e9habilitation et de collecter des donn\u00e9es concernant leurs usagers afin de constituer une cohorte syst\u00e9matique.<\/p>\n<p>Des centres r\u00e9f\u00e9rents sont d\u00e9j\u00e0 implant\u00e9s \u00e0 Bordeaux, Clermont-Ferrand, Grenoble, Limoges, Lyon et Saint-Etienne. Leur action est coordonn\u00e9e par le centre ressource de r\u00e9habilitation psychosociale et de rem\u00e9diation cognitive, structure non soignante qui promeut les principes et les outils de la r\u00e9habilitation et l\u2019approche centr\u00e9e sur le r\u00e9tablissement. Le centre ressource organise des manifestations scientifiques, des sensibilisations et des formations<sup class=\"appel\" data-toggle=\"modal\" data-target=\"#notes\"> (6)<\/sup>. Il offre le support technique permettant le recueil et l\u2019exploitation des donn\u00e9es d\u2019une cohorte de r\u00e9habilitation. Il constitue enfin un r\u00e9pertoire des structures<sup class=\"appel\" data-toggle=\"modal\" data-target=\"#notes\"> (7)<\/sup> et des publications<sup class=\"appel\" data-toggle=\"modal\" data-target=\"#notes\"> (8)<\/sup>. D\u2019autres r\u00e9gions vont prochainement s\u2019associer \u00e0 ce dispositif en cr\u00e9ant de nouveaux centres r\u00e9f\u00e9rents.<\/p>\n<p>Le dipl\u00f4me d\u2019universit\u00e9 de rem\u00e9diation cognitive a \u00e9t\u00e9 cr\u00e9\u00e9 en 2009 afin de former des th\u00e9rapeutes (psychologues-neuro\u00adpsychologues, psychiatres, infirmiers et ergoth\u00e9rapeutes). Il comprend une centaine d\u2019heures d\u2019enseignement th\u00e9orique (fondement et principes de la rem\u00e9diation cognitive, conduite des s\u00e9ances, articulation avec le reste de la prise en charge) et pratique (stage de 20\u202fheures aupr\u00e8s d\u2019un th\u00e9rapeute confirm\u00e9). Depuis 2009, plusieurs centaines de professionnels ont \u00e9t\u00e9 form\u00e9s, ce qui a permis de constituer le r\u00e9seau de l\u2019Association francophone de rem\u00e9diation cognitive (AFRC), qui comprend actuellement plus d\u2019une quarantaine de structures (<i>figure\u00a01<\/i>) et est encore en d\u00e9veloppement. Les centres r\u00e9f\u00e9rents ont pu se d\u00e9velopper \u00e0 partir des structures les plus innovantes de ce premier r\u00e9seau, auxquelles ils ont ajout\u00e9 une coh\u00e9rence en termes d\u2019\u00e9valuation et de prise en charge, un recueil syst\u00e9matique de donn\u00e9es pour la constitution de la cohorte syst\u00e9matique et une responsabilit\u00e9 territoriale.<\/p>\n<button data-toggle=\"collapse\" data-target=\"#enc_2018_51_01\">Figure 1<\/button><div id=\"enc_2018_51_01\" class=\"encadre collapse\"><p><span class=\"surtitre_enc\">Figure 1<\/span><\/p>\n<h2>Le r\u00e9seau de l'Association francophone de r\u00e9m\u00e9diation cognitive (AFRC)<\/h2>\n<p><img decoding=\"async\" class=\"alignnone size-full wp-image-36908\" src=\"https:\/\/gestions-hospitalieres.fr\/wp-content\/uploads\/2018\/02\/Capture-d\u2019\u00e9cran-2018-02-13-\u00e0-11.00.25.png\" alt=\"\" width=\"600\" height=\"612\" srcset=\"https:\/\/www.ricom-web8.com\/gestions\/wp-content\/uploads\/2018\/02\/Capture-d\u2019\u00e9cran-2018-02-13-\u00e0-11.00.25.png 600w, https:\/\/www.ricom-web8.com\/gestions\/wp-content\/uploads\/2018\/02\/Capture-d\u2019\u00e9cran-2018-02-13-\u00e0-11.00.25-294x300.png 294w\" sizes=\"(max-width: 600px) 100vw, 600px\" \/><\/p>\n<\/div>\n<script>function PlayerjsAsync(){} if(window[\"Playerjs\"]){PlayerjsAsync();}<\/script>","protected":false},"excerpt":{"rendered":"<p>Les troubles mentaux s\u00e9v\u00e8res, dont la schizophr\u00e9nie, touchent 3 \u00e0 4\u2009% de la population\u2009(1). Leurs cons\u00e9quences \u00e9conomiques sont directes (co\u00fbt du traitement) et indirectes (r\u00e9duction de la capacit\u00e9 \u00e0 travailler et recours aux aides sociales)\u2009(2), \u00e0 l\u2019origine d\u2019un lourd fardeau pour les personnes concern\u00e9es, leurs proches et toute la soci\u00e9t\u00e9. Favoriser le r\u00e9tablissement La recherche et le maintien d\u2019une r\u00e9mission symptomatique ne sont pas des objectifs suffisants en sant\u00e9 mentale.&hellip; <\/p>\n","protected":false},"author":23133,"featured_media":0,"comment_status":"open","ping_status":"closed","sticky":false,"template":"","format":"standard","meta":{"_acf_changed":false,"_relevanssi_hide_post":"","_relevanssi_hide_content":"","_relevanssi_pin_for_all":"","_relevanssi_pin_keywords":"","_relevanssi_unpin_keywords":"","_relevanssi_related_keywords":"","_relevanssi_related_include_ids":"","_relevanssi_related_exclude_ids":"","_relevanssi_related_no_append":"","_relevanssi_related_not_related":"","_relevanssi_related_posts":"","_relevanssi_noindex_reason":"","footnotes":""},"categories":[26,2],"tags":[6497,6498,5095,6495,6500,6499,4365,6496],"class_list":["post-36870","post","type-post","status-publish","format-standard","hentry","category-dossier","category-gestions-hospitalieres","tag-autisme","tag-inclusion-sociale","tag-psychoeducation","tag-rehabilitation-psychosociale","tag-remediation-cognitive","tag-retablissement","tag-schizophrenie","tag-troubles-mentaux-severes"],"acf":[],"yoast_head":"<!-- This site is optimized with the Yoast SEO plugin v24.8.1 - https:\/\/yoast.com\/wordpress\/plugins\/seo\/ -->\n<title>R\u00e9habilitation psychosociale - Gestions hospitali\u00e8res<\/title>\n<meta name=\"robots\" content=\"index, follow, max-snippet:-1, max-image-preview:large, max-video-preview:-1\" \/>\n<link rel=\"canonical\" href=\"https:\/\/www.ricom-web8.com\/gestions\/rehabilitation-psychosociale\/\" \/>\n<meta property=\"og:locale\" content=\"fr_FR\" \/>\n<meta property=\"og:type\" content=\"article\" \/>\n<meta property=\"og:title\" content=\"R\u00e9habilitation psychosociale - Gestions hospitali\u00e8res\" \/>\n<meta property=\"og:description\" content=\"Les troubles mentaux s\u00e9v\u00e8res, dont la schizophr\u00e9nie, touchent 3 \u00e0 4\u2009% de la population\u2009(1). Leurs cons\u00e9quences \u00e9conomiques sont directes (co\u00fbt du traitement) et indirectes (r\u00e9duction de la capacit\u00e9 \u00e0 travailler et recours aux aides sociales)\u2009(2), \u00e0 l\u2019origine d\u2019un lourd fardeau pour les personnes concern\u00e9es, leurs proches et toute la soci\u00e9t\u00e9. Favoriser le r\u00e9tablissement La recherche et le maintien d\u2019une r\u00e9mission symptomatique ne sont pas des objectifs suffisants en sant\u00e9 mentale.&hellip;\" \/>\n<meta property=\"og:url\" content=\"https:\/\/www.ricom-web8.com\/gestions\/rehabilitation-psychosociale\/\" \/>\n<meta property=\"og:site_name\" content=\"Gestions hospitali\u00e8res\" \/>\n<meta property=\"article:publisher\" content=\"https:\/\/www.facebook.com\/gestionshospitalieres\/\" \/>\n<meta property=\"article:published_time\" content=\"2018-01-01T17:08:27+00:00\" \/>\n<meta property=\"article:modified_time\" content=\"2018-03-26T12:32:35+00:00\" \/>\n<meta name=\"author\" content=\"Gestions hospitali\u00e8res\" \/>\n<meta name=\"twitter:card\" content=\"summary_large_image\" \/>\n<meta name=\"twitter:creator\" content=\"@revue_GH\" \/>\n<meta name=\"twitter:site\" content=\"@revue_GH\" \/>\n<meta name=\"twitter:label1\" content=\"\u00c9crit par\" \/>\n\t<meta name=\"twitter:data1\" content=\"Gestions hospitali\u00e8res\" \/>\n\t<meta name=\"twitter:label2\" content=\"Dur\u00e9e de lecture estim\u00e9e\" \/>\n\t<meta name=\"twitter:data2\" content=\"8 minutes\" \/>\n<script type=\"application\/ld+json\" class=\"yoast-schema-graph\">{\"@context\":\"https:\/\/schema.org\",\"@graph\":[{\"@type\":\"Article\",\"@id\":\"https:\/\/www.ricom-web8.com\/gestions\/rehabilitation-psychosociale\/#article\",\"isPartOf\":{\"@id\":\"https:\/\/www.ricom-web8.com\/gestions\/rehabilitation-psychosociale\/\"},\"author\":{\"name\":\"Gestions hospitali\u00e8res\",\"@id\":\"https:\/\/www.ricom-web8.com\/gestions\/#\/schema\/person\/3ba9fe913190dfe9507feb621e902c1f\"},\"headline\":\"R\u00e9habilitation psychosociale\",\"datePublished\":\"2018-01-01T17:08:27+00:00\",\"dateModified\":\"2018-03-26T12:32:35+00:00\",\"mainEntityOfPage\":{\"@id\":\"https:\/\/www.ricom-web8.com\/gestions\/rehabilitation-psychosociale\/\"},\"wordCount\":1636,\"commentCount\":0,\"publisher\":{\"@id\":\"https:\/\/www.ricom-web8.com\/gestions\/#organization\"},\"keywords\":[\"autisme\",\"inclusion sociale\",\"psycho\u00e9ducation\",\"r\u00e9habilitation psychosociale\",\"rem\u00e9diation cognitive\",\"r\u00e9tablissement\",\"schizophr\u00e9nie\",\"troubles mentaux s\u00e9v\u00e8res\"],\"articleSection\":[\"dossier\",\"Gestions Hospitali\u00e8res\"],\"inLanguage\":\"fr-FR\",\"potentialAction\":[{\"@type\":\"CommentAction\",\"name\":\"Comment\",\"target\":[\"https:\/\/www.ricom-web8.com\/gestions\/rehabilitation-psychosociale\/#respond\"]}]},{\"@type\":\"WebPage\",\"@id\":\"https:\/\/www.ricom-web8.com\/gestions\/rehabilitation-psychosociale\/\",\"url\":\"https:\/\/www.ricom-web8.com\/gestions\/rehabilitation-psychosociale\/\",\"name\":\"R\u00e9habilitation psychosociale - Gestions hospitali\u00e8res\",\"isPartOf\":{\"@id\":\"https:\/\/www.ricom-web8.com\/gestions\/#website\"},\"datePublished\":\"2018-01-01T17:08:27+00:00\",\"dateModified\":\"2018-03-26T12:32:35+00:00\",\"breadcrumb\":{\"@id\":\"https:\/\/www.ricom-web8.com\/gestions\/rehabilitation-psychosociale\/#breadcrumb\"},\"inLanguage\":\"fr-FR\",\"potentialAction\":[{\"@type\":\"ReadAction\",\"target\":[\"https:\/\/www.ricom-web8.com\/gestions\/rehabilitation-psychosociale\/\"]}]},{\"@type\":\"BreadcrumbList\",\"@id\":\"https:\/\/www.ricom-web8.com\/gestions\/rehabilitation-psychosociale\/#breadcrumb\",\"itemListElement\":[{\"@type\":\"ListItem\",\"position\":1,\"name\":\"Accueil\",\"item\":\"https:\/\/www.ricom-web8.com\/gestions\/\"},{\"@type\":\"ListItem\",\"position\":2,\"name\":\"R\u00e9habilitation psychosociale\"}]},{\"@type\":\"WebSite\",\"@id\":\"https:\/\/www.ricom-web8.com\/gestions\/#website\",\"url\":\"https:\/\/www.ricom-web8.com\/gestions\/\",\"name\":\"Gestions hospitali\u00e8res\",\"description\":\"la revue des d\u00e9cideurs hospitaliers\",\"publisher\":{\"@id\":\"https:\/\/www.ricom-web8.com\/gestions\/#organization\"},\"potentialAction\":[{\"@type\":\"SearchAction\",\"target\":{\"@type\":\"EntryPoint\",\"urlTemplate\":\"https:\/\/www.ricom-web8.com\/gestions\/?s={search_term_string}\"},\"query-input\":{\"@type\":\"PropertyValueSpecification\",\"valueRequired\":true,\"valueName\":\"search_term_string\"}}],\"inLanguage\":\"fr-FR\"},{\"@type\":\"Organization\",\"@id\":\"https:\/\/www.ricom-web8.com\/gestions\/#organization\",\"name\":\"Gestions hospitali\u00e8res\",\"url\":\"https:\/\/www.ricom-web8.com\/gestions\/\",\"logo\":{\"@type\":\"ImageObject\",\"inLanguage\":\"fr-FR\",\"@id\":\"https:\/\/www.ricom-web8.com\/gestions\/#\/schema\/logo\/image\/\",\"url\":\"https:\/\/gestions-hospitalieres.fr\/wp-content\/uploads\/2017\/02\/picto_Gif-GH-trans.png\",\"contentUrl\":\"https:\/\/gestions-hospitalieres.fr\/wp-content\/uploads\/2017\/02\/picto_Gif-GH-trans.png\",\"width\":512,\"height\":512,\"caption\":\"Gestions hospitali\u00e8res\"},\"image\":{\"@id\":\"https:\/\/www.ricom-web8.com\/gestions\/#\/schema\/logo\/image\/\"},\"sameAs\":[\"https:\/\/www.facebook.com\/gestionshospitalieres\/\",\"https:\/\/x.com\/revue_GH\",\"https:\/\/www.linkedin.com\/company\/gestions-hospitalieres?trk=top_nav_home\"]},{\"@type\":\"Person\",\"@id\":\"https:\/\/www.ricom-web8.com\/gestions\/#\/schema\/person\/3ba9fe913190dfe9507feb621e902c1f\",\"name\":\"Gestions hospitali\u00e8res\",\"image\":{\"@type\":\"ImageObject\",\"inLanguage\":\"fr-FR\",\"@id\":\"https:\/\/www.ricom-web8.com\/gestions\/#\/schema\/person\/image\/\",\"url\":\"https:\/\/secure.gravatar.com\/avatar\/1a0d93e6db5dbe7dac96bae4757d256f?s=96&d=mm&r=g\",\"contentUrl\":\"https:\/\/secure.gravatar.com\/avatar\/1a0d93e6db5dbe7dac96bae4757d256f?s=96&d=mm&r=g\",\"caption\":\"Gestions hospitali\u00e8res\"},\"url\":\"https:\/\/www.ricom-web8.com\/gestions\/author\/benjamin\/\"}]}<\/script>\n<!-- \/ Yoast SEO plugin. -->","yoast_head_json":{"title":"R\u00e9habilitation psychosociale - Gestions hospitali\u00e8res","robots":{"index":"index","follow":"follow","max-snippet":"max-snippet:-1","max-image-preview":"max-image-preview:large","max-video-preview":"max-video-preview:-1"},"canonical":"https:\/\/www.ricom-web8.com\/gestions\/rehabilitation-psychosociale\/","og_locale":"fr_FR","og_type":"article","og_title":"R\u00e9habilitation psychosociale - Gestions hospitali\u00e8res","og_description":"Les troubles mentaux s\u00e9v\u00e8res, dont la schizophr\u00e9nie, touchent 3 \u00e0 4\u2009% de la population\u2009(1). Leurs cons\u00e9quences \u00e9conomiques sont directes (co\u00fbt du traitement) et indirectes (r\u00e9duction de la capacit\u00e9 \u00e0 travailler et recours aux aides sociales)\u2009(2), \u00e0 l\u2019origine d\u2019un lourd fardeau pour les personnes concern\u00e9es, leurs proches et toute la soci\u00e9t\u00e9. Favoriser le r\u00e9tablissement La recherche et le maintien d\u2019une r\u00e9mission symptomatique ne sont pas des objectifs suffisants en sant\u00e9 mentale.&hellip;","og_url":"https:\/\/www.ricom-web8.com\/gestions\/rehabilitation-psychosociale\/","og_site_name":"Gestions hospitali\u00e8res","article_publisher":"https:\/\/www.facebook.com\/gestionshospitalieres\/","article_published_time":"2018-01-01T17:08:27+00:00","article_modified_time":"2018-03-26T12:32:35+00:00","author":"Gestions hospitali\u00e8res","twitter_card":"summary_large_image","twitter_creator":"@revue_GH","twitter_site":"@revue_GH","twitter_misc":{"\u00c9crit par":"Gestions hospitali\u00e8res","Dur\u00e9e de lecture estim\u00e9e":"8 minutes"},"schema":{"@context":"https:\/\/schema.org","@graph":[{"@type":"Article","@id":"https:\/\/www.ricom-web8.com\/gestions\/rehabilitation-psychosociale\/#article","isPartOf":{"@id":"https:\/\/www.ricom-web8.com\/gestions\/rehabilitation-psychosociale\/"},"author":{"name":"Gestions hospitali\u00e8res","@id":"https:\/\/www.ricom-web8.com\/gestions\/#\/schema\/person\/3ba9fe913190dfe9507feb621e902c1f"},"headline":"R\u00e9habilitation psychosociale","datePublished":"2018-01-01T17:08:27+00:00","dateModified":"2018-03-26T12:32:35+00:00","mainEntityOfPage":{"@id":"https:\/\/www.ricom-web8.com\/gestions\/rehabilitation-psychosociale\/"},"wordCount":1636,"commentCount":0,"publisher":{"@id":"https:\/\/www.ricom-web8.com\/gestions\/#organization"},"keywords":["autisme","inclusion sociale","psycho\u00e9ducation","r\u00e9habilitation psychosociale","rem\u00e9diation cognitive","r\u00e9tablissement","schizophr\u00e9nie","troubles mentaux s\u00e9v\u00e8res"],"articleSection":["dossier","Gestions Hospitali\u00e8res"],"inLanguage":"fr-FR","potentialAction":[{"@type":"CommentAction","name":"Comment","target":["https:\/\/www.ricom-web8.com\/gestions\/rehabilitation-psychosociale\/#respond"]}]},{"@type":"WebPage","@id":"https:\/\/www.ricom-web8.com\/gestions\/rehabilitation-psychosociale\/","url":"https:\/\/www.ricom-web8.com\/gestions\/rehabilitation-psychosociale\/","name":"R\u00e9habilitation psychosociale - Gestions hospitali\u00e8res","isPartOf":{"@id":"https:\/\/www.ricom-web8.com\/gestions\/#website"},"datePublished":"2018-01-01T17:08:27+00:00","dateModified":"2018-03-26T12:32:35+00:00","breadcrumb":{"@id":"https:\/\/www.ricom-web8.com\/gestions\/rehabilitation-psychosociale\/#breadcrumb"},"inLanguage":"fr-FR","potentialAction":[{"@type":"ReadAction","target":["https:\/\/www.ricom-web8.com\/gestions\/rehabilitation-psychosociale\/"]}]},{"@type":"BreadcrumbList","@id":"https:\/\/www.ricom-web8.com\/gestions\/rehabilitation-psychosociale\/#breadcrumb","itemListElement":[{"@type":"ListItem","position":1,"name":"Accueil","item":"https:\/\/www.ricom-web8.com\/gestions\/"},{"@type":"ListItem","position":2,"name":"R\u00e9habilitation psychosociale"}]},{"@type":"WebSite","@id":"https:\/\/www.ricom-web8.com\/gestions\/#website","url":"https:\/\/www.ricom-web8.com\/gestions\/","name":"Gestions hospitali\u00e8res","description":"la revue des d\u00e9cideurs hospitaliers","publisher":{"@id":"https:\/\/www.ricom-web8.com\/gestions\/#organization"},"potentialAction":[{"@type":"SearchAction","target":{"@type":"EntryPoint","urlTemplate":"https:\/\/www.ricom-web8.com\/gestions\/?s={search_term_string}"},"query-input":{"@type":"PropertyValueSpecification","valueRequired":true,"valueName":"search_term_string"}}],"inLanguage":"fr-FR"},{"@type":"Organization","@id":"https:\/\/www.ricom-web8.com\/gestions\/#organization","name":"Gestions hospitali\u00e8res","url":"https:\/\/www.ricom-web8.com\/gestions\/","logo":{"@type":"ImageObject","inLanguage":"fr-FR","@id":"https:\/\/www.ricom-web8.com\/gestions\/#\/schema\/logo\/image\/","url":"https:\/\/gestions-hospitalieres.fr\/wp-content\/uploads\/2017\/02\/picto_Gif-GH-trans.png","contentUrl":"https:\/\/gestions-hospitalieres.fr\/wp-content\/uploads\/2017\/02\/picto_Gif-GH-trans.png","width":512,"height":512,"caption":"Gestions hospitali\u00e8res"},"image":{"@id":"https:\/\/www.ricom-web8.com\/gestions\/#\/schema\/logo\/image\/"},"sameAs":["https:\/\/www.facebook.com\/gestionshospitalieres\/","https:\/\/x.com\/revue_GH","https:\/\/www.linkedin.com\/company\/gestions-hospitalieres?trk=top_nav_home"]},{"@type":"Person","@id":"https:\/\/www.ricom-web8.com\/gestions\/#\/schema\/person\/3ba9fe913190dfe9507feb621e902c1f","name":"Gestions hospitali\u00e8res","image":{"@type":"ImageObject","inLanguage":"fr-FR","@id":"https:\/\/www.ricom-web8.com\/gestions\/#\/schema\/person\/image\/","url":"https:\/\/secure.gravatar.com\/avatar\/1a0d93e6db5dbe7dac96bae4757d256f?s=96&d=mm&r=g","contentUrl":"https:\/\/secure.gravatar.com\/avatar\/1a0d93e6db5dbe7dac96bae4757d256f?s=96&d=mm&r=g","caption":"Gestions hospitali\u00e8res"},"url":"https:\/\/www.ricom-web8.com\/gestions\/author\/benjamin\/"}]}},"_links":{"self":[{"href":"https:\/\/www.ricom-web8.com\/gestions\/wp-json\/wp\/v2\/posts\/36870","targetHints":{"allow":["GET"]}}],"collection":[{"href":"https:\/\/www.ricom-web8.com\/gestions\/wp-json\/wp\/v2\/posts"}],"about":[{"href":"https:\/\/www.ricom-web8.com\/gestions\/wp-json\/wp\/v2\/types\/post"}],"author":[{"embeddable":true,"href":"https:\/\/www.ricom-web8.com\/gestions\/wp-json\/wp\/v2\/users\/23133"}],"replies":[{"embeddable":true,"href":"https:\/\/www.ricom-web8.com\/gestions\/wp-json\/wp\/v2\/comments?post=36870"}],"version-history":[{"count":0,"href":"https:\/\/www.ricom-web8.com\/gestions\/wp-json\/wp\/v2\/posts\/36870\/revisions"}],"wp:attachment":[{"href":"https:\/\/www.ricom-web8.com\/gestions\/wp-json\/wp\/v2\/media?parent=36870"}],"wp:term":[{"taxonomy":"category","embeddable":true,"href":"https:\/\/www.ricom-web8.com\/gestions\/wp-json\/wp\/v2\/categories?post=36870"},{"taxonomy":"post_tag","embeddable":true,"href":"https:\/\/www.ricom-web8.com\/gestions\/wp-json\/wp\/v2\/tags?post=36870"}],"curies":[{"name":"wp","href":"https:\/\/api.w.org\/{rel}","templated":true}]}}