

{"id":37124,"date":"2018-02-01T17:21:41","date_gmt":"2018-02-01T16:21:41","guid":{"rendered":"https:\/\/gestions-hospitalieres.fr\/?p=37124"},"modified":"2018-04-05T13:59:49","modified_gmt":"2018-04-05T11:59:49","slug":"cadre-de-sante-moteur-ght","status":"publish","type":"post","link":"https:\/\/www.ricom-web8.com\/gestions\/cadre-de-sante-moteur-ght\/","title":{"rendered":"Le cadre de sant\u00e9, moteur du GHT"},"content":{"rendered":"<span class=\"span-reading-time rt-reading-time\" style=\"display: block;\"><span class=\"rt-label rt-prefix\">Temps de lecture\u00a0: <\/span> <span class=\"rt-time\"> 5<\/span> <span class=\"rt-label rt-postfix\">minutes<\/span><\/span><p>La loi de modernisation du syst\u00e8me de sant\u00e9 (LMSS) promulgu\u00e9e le 26\u202fjanvier\u202f2016, a pr\u00e9vu la cr\u00e9ation des groupements hospitaliers de territoire (GHT), lesquels ont pour objectif de favoriser l\u2019acc\u00e8s aux soins en am\u00e9liorant la coop\u00e9ration entre les h\u00f4pitaux publics d\u2019un m\u00eame territoire<sup class=\"appel\" data-toggle=\"modal\" data-target=\"#notes\"> (1)<\/sup>. Le rapport Hubert\/Martineau pr\u00e9cise\u2009: \u00ab\u2009<i>Nous ne proposons pas des plateaux techniques uniques mais bien une organisation commune, garantissant une homog\u00e9n\u00e9it\u00e9 de pratiques.\u2009<\/i><sup class=\"appel\" data-toggle=\"modal\" data-target=\"#notes\">(2)<\/sup>\u00bb Les GHT, v\u00e9ritables h\u00e9ritiers des communaut\u00e9s hospitali\u00e8res de territoires (CHT), sont plus contraignants que ces derni\u00e8res\u2009: projet m\u00e9dical unique, d\u00e9signation d\u2019un \u00e9tablissement support, obligation d\u2019adh\u00e9sion pour les \u00e9tablissements publics de sant\u00e9. La l\u00e9gislation ne se contente pas d\u2019amener les h\u00f4pitaux publics \u00e0 collaborer en GHT, elle encadre cette collaboration de mani\u00e8re tr\u00e8s stricte sur certains points, et reste plus souple sur d\u2019autres. L\u2019obligation de conclure une convention constitutive, d\u00e9taillant les modalit\u00e9s de la collaboration, les d\u00e9l\u00e9gations ou transferts d\u2019activit\u00e9s, ainsi que le projet m\u00e9dical partag\u00e9 sont des \u00e9l\u00e9ments incontournables du GHT. Le projet m\u00e9dical partag\u00e9 d\u00e9taille entre autres les collaborations entre les \u00e9quipes m\u00e9dicales et d\u00e9finit des p\u00f4les inter\u00e9tablissements\u2009: il devient le fil rouge de la collaboration entre les diff\u00e9rents \u00e9tablissements.<\/p>\n<p>Le GHT appara\u00eet \u00e0 la fois comme une r\u00e9forme, limit\u00e9e dans un cadre l\u00e9gislatif strict, et un myst\u00e8re dans sa mise en application aupr\u00e8s des \u00e9quipes. Il y a un cadre r\u00e9glementaire sans cadre pratique\u2009: les missions des cadres de sant\u00e9 ne sont pas clairement d\u00e9finies. Le document de travail publi\u00e9 par le minist\u00e8re des Affaires sociales et de la sant\u00e9 pr\u00e9cise ainsi\u2009: \u00ab\u2009<i>Dans certaines modalit\u00e9s d\u2019exercice, le cadre de sant\u00e9 peut \u00e9galement \u00eatre charg\u00e9 d\u2019un projet ou d\u2019une mission donn\u00e9e qui, dans le cadre d\u2019un r\u00e9seau, peut \u00eatre commun \u00e0 plusieurs structures.<\/i><sup class=\"appel\" data-toggle=\"modal\" data-target=\"#notes\"> (3)<\/sup>\u2009\u00bb L\u2019exercice du cadre de sant\u00e9 entre donc dans le champ des GHT. Mais le sociologue Mispelblom Beyer va plus loin\u2009: \u00ab\u2009<i>Les GHT vont acc\u00e9l\u00e9rer la mutation des missions de l\u2019encadrement hospitalier, surtout pour les cadres de sant\u00e9. \u00c0 l\u2019encadrement de plusieurs \u00e9quipes \u00e0 la fois, de missions de r\u00e9organisation et de conduite de projets multiples, vont s\u2019ajouter des fonctions dans la cr\u00e9ation de coh\u00e9rence dans les fili\u00e8res de soins.<\/i><sup class=\"appel\" data-toggle=\"modal\" data-target=\"#notes\"> (4)<\/sup>\u00bb<\/p>\n<p>Quel impact peut avoir ce regroupement d\u2019\u00e9tablissements de sant\u00e9 sur les missions du cadre de sant\u00e9\u2009? Comment ce dernier peut-il s\u2019impliquer dans cette r\u00e9forme\u2009?<\/p>\n<h1>Enqu\u00eate dans quatre GHT<\/h1>\n<p>Dans le cadre d\u2019un m\u00e9moire professionnel soutenu \u00e0 l\u2019IFCS du territoire lyonnais en juin \u202f2017\u00a0<sup class=\"appel\" data-toggle=\"modal\" data-target=\"#notes\">(5)<\/sup>, une enqu\u00eate a \u00e9t\u00e9 r\u00e9alis\u00e9e aupr\u00e8s de quatre coordonnateurs g\u00e9n\u00e9raux des soins de quatre GHT diff\u00e9rents, par le moyen d\u2019entretiens semi-directifs. Les entretiens \u00e9valuaient\u2009:<\/p>\n<ul>\n<li>l\u2019impact du GHT sur les \u00e9quipes de soins\u2009 et les missions des cadres de sant\u00e9\u2009;<\/li>\n<li>la concordance entre l\u2019impact pr\u00e9vu par les directeurs des soins et celui attendu par les cadres de sant\u00e9. Une concordance mesur\u00e9e au moyen d\u2019un questionnaire en miroir aupr\u00e8s de 39 cadres de sant\u00e9 dans plusieurs GHT, avec des questions dichotomiques, quantitatives, et des questions ouvertes, qualitatives.<\/li>\n<\/ul>\n<h2>Le cadre de sant\u00e9 dans le GHT<\/h2>\n<p>Au cours de l\u2019enqu\u00eate, trois constats ont \u00e9t\u00e9 mis en \u00e9vidence\u2009:<\/p>\n<ul>\n<li><strong>l\u2019implication des cadres de sant\u00e9 par la direction est n\u00e9cessaire<\/strong>, afin de garantir une coordination de qualit\u00e9, bien que certains directeurs des soins ne souhaitent pas impliquer les cadres. En effet, certains coordonnateurs g\u00e9n\u00e9raux des soins ont fait le choix de ne composer la commission des soins infirmiers, de r\u00e9\u00e9ducation et m\u00e9dico-techniques (CSIRMT) de territoire que de directeurs, d\u2019en exclure donc les cadres\u2009; 79\u2009% des cadres de sant\u00e9 interrog\u00e9s estiment d\u2019ailleurs qu\u2019ils n\u2019ont pas \u00e9t\u00e9 inform\u00e9s des modifications inh\u00e9rentes au GHT, alors m\u00eame que 46\u2009% pensent que le GHT aura un impact sur leurs missions\u2009;<\/li>\n<li><strong>les cadres de sant\u00e9, \u00e9quipes et directions ont tous pour objectif de favoriser les meilleures conditions de prise en charge du patient<\/strong> et de garantir la qualit\u00e9 des soins. Les cadres mettent en avant comme motivation une vision globale de l\u2019offre de soins dans le territoire et citent plusieurs axes de travail induits par le GHT\u2009: conjugaison des comp\u00e9tences, harmonisation des pratiques, collaboration avec les autres unit\u00e9s, coordination du parcours patient\u2009;<\/li>\n<li><strong>la coordination du parcours patient<\/strong>, spontan\u00e9ment cit\u00e9e par neuf cadres interrog\u00e9s, est l\u2019\u00e9l\u00e9ment incontournable des missions du cadre de sant\u00e9 dans le GHT. Afin de favoriser l\u2019\u00e9change entre les \u00e9tablissements, la fluidit\u00e9 des mutations, la qualit\u00e9 des soins, le cadre doit imp\u00e9rativement s\u2019impliquer dans la gestion de ce parcours. Il peut le faire au niveau de son service en tant que cadre de proximit\u00e9, au niveau de l\u2019\u00e9tablissement ou du GHT lors de missions transversales.<\/li>\n<\/ul>\n<blockquote><p>C\u2019est au cadre de sant\u00e9 que revient la mission d\u2019adapter les objectifs. Il doit donc impliquer l\u2019ensemble des acteurs et tenir compte des limites techniques et humaines.<\/p><\/blockquote>\n<h2>Le parcours patient<\/h2>\n<p>Afin de favoriser la fluidit\u00e9 du parcours patient, l\u2019harmonisation des pratiques est n\u00e9cessaire et exige de maintenir l\u2019\u00e9quilibre entre une uniformisation et l\u2019individualisation des pratiques. Si elle est indispensable, l\u2019uniformisation des pratiques doit \u00eatre mesur\u00e9e et s\u2019adapter \u00e0 chaque service dans le respect de l\u2019individualit\u00e9 des patients et des unit\u00e9s de soins. L\u2019harmonisation implique l\u2019\u00e9change, la communication, le partage d\u2019exp\u00e9riences. Il est donc bien question d\u2019harmonisation dans l\u2019am\u00e9lioration des transmissions des dossiers patients d\u2019un \u00e9tablissement \u00e0 un autre, ou dans les r\u00e9unions de CSIRMT de territoire. Cependant, l\u2019harmonisation n\u2019implique pas l\u2019uniformisation. Il est vrai qu\u2019elle conduit \u00e0 la cr\u00e9ation d\u2019outils communs, de pratiques identiques, et de protocoles de territoire\u2009; pour autant, si l\u2019uniformisation de certains outils semble indispensable, elle ne doit pas \u00eatre g\u00e9n\u00e9ralis\u00e9e. Elle doit respecter les individualit\u00e9s de chaque \u00e9tablissement, afin d\u2019\u00e9viter les r\u00e9sistances et les dysfonctionnements. La difficult\u00e9 dans l\u2019uniformisation est donc de respecter le fragile \u00e9quilibre avec l\u2019individualisation.<\/p>\n<p>Le cadre de sant\u00e9, pour favoriser le parcours patient, peut s\u2019appuyer sur des outils existants\u2009: les CSIRMT de territoire, le projet de soins partag\u00e9, le dossier de soins partag\u00e9 sont autant de moyens pour le cadre de sant\u00e9 d\u2019impulser une dynamique territoriale. Cette derni\u00e8re implique, pour les diff\u00e9rents acteurs, des notions de collaboration et de coop\u00e9ration. Le projet de soins partag\u00e9 peut \u00eatre consid\u00e9r\u00e9 comme un objectif commun, la CSIRMT de territoire une plateforme de rencontre et de communication, le dossier de soins partag\u00e9 un moyen d\u2019harmonisation des pratiques et de transmission de l\u2019information relative au patient. Un travail cons\u00e9quent sur les syst\u00e8mes d\u2019information est en cours de r\u00e9alisation\u2009: les directions s\u2019attellent \u00e0 harmoniser les outils, afin de permettre une prise en charge plus compl\u00e8te.<\/p>\n<p>Mais c\u2019est au cadre de sant\u00e9 que revient la mission d\u2019adapter les objectifs afin qu\u2019ils soient coh\u00e9rents pour une \u00e9quipe, partag\u00e9s par tous ses membres. Il doit donc impliquer l\u2019ensemble des acteurs et tenir compte des limites techniques et humaines. Il peut accompagner les \u00e9quipes au changement et leur permettre d\u2019avoir une vision syst\u00e9mique du territoire.<\/p>\n<h1>Conclusion<\/h1>\n<p>Si le r\u00f4le et les missions du cadre de sant\u00e9 ne sont pas clairement d\u00e9finis dans un contexte de regroupement en GHT, son implication est n\u00e9cessaire pour garantir une coordination de qualit\u00e9. Celle du parcours patient appara\u00eet comme l\u2019\u00e9l\u00e9ment incontournable de ses missions et l\u2019uniformisation des pratiques, n\u00e9cessaire dans une certaine mesure \u00e0 la fluidit\u00e9 du parcours patient, doit se faire dans le respect des individualit\u00e9s. Le cadre de sant\u00e9 appara\u00eet comme un moteur de la dynamique territoriale et il doit impliquer l\u2019ensemble des acteurs dans une vision globale du territoire. Le dossier informatis\u00e9 du patient, \u00e9l\u00e9ment cl\u00e9 de transmission de l\u2019information relative au patient, n\u00e9cessitera le travail des cadres de sant\u00e9 en collaboration avec les syst\u00e8mes d\u2019information.<\/p>\n<script>function PlayerjsAsync(){} if(window[\"Playerjs\"]){PlayerjsAsync();}<\/script>","protected":false},"excerpt":{"rendered":"<p><span class=\"span-reading-time rt-reading-time\" style=\"display: block;\"><span class=\"rt-label rt-prefix\">Temps de lecture\u00a0: <\/span> <span class=\"rt-time\"> 5<\/span> <span class=\"rt-label rt-postfix\">minutes<\/span><\/span>La loi de modernisation du syst\u00e8me de sant\u00e9 (LMSS) promulgu\u00e9e le 26\u202fjanvier\u202f2016, a pr\u00e9vu la cr\u00e9ation des groupements hospitaliers de territoire (GHT), lesquels ont pour objectif de favoriser l\u2019acc\u00e8s aux soins en am\u00e9liorant la coop\u00e9ration entre les h\u00f4pitaux publics d\u2019un m\u00eame territoire (1). Le rapport Hubert\/Martineau pr\u00e9cise\u2009: \u00ab\u2009Nous ne proposons pas des plateaux techniques uniques mais bien une organisation commune, garantissant une homog\u00e9n\u00e9it\u00e9 de pratiques.\u2009(2)\u00bb Les GHT, v\u00e9ritables h\u00e9ritiers des&hellip; <\/p>\n","protected":false},"author":23133,"featured_media":0,"comment_status":"open","ping_status":"closed","sticky":false,"template":"","format":"standard","meta":{"_acf_changed":false,"_relevanssi_hide_post":"","_relevanssi_hide_content":"","_relevanssi_pin_for_all":"","_relevanssi_pin_keywords":"","_relevanssi_unpin_keywords":"","_relevanssi_related_keywords":"","_relevanssi_related_include_ids":"","_relevanssi_related_exclude_ids":"","_relevanssi_related_no_append":"","_relevanssi_related_not_related":"","_relevanssi_related_posts":"","_relevanssi_noindex_reason":"","footnotes":""},"categories":[26,2],"tags":[385,1174,1809,2303,280,1598],"class_list":["post-37124","post","type-post","status-publish","format-standard","hentry","category-dossier","category-gestions-hospitalieres","tag-cadre-de-sante","tag-coordination","tag-ght","tag-lmss","tag-management","tag-parcours-patient"],"acf":[],"yoast_head":"<!-- This site is optimized with the Yoast SEO plugin v24.8.1 - https:\/\/yoast.com\/wordpress\/plugins\/seo\/ -->\n<title>Le cadre de sant\u00e9, moteur du GHT - Gestions hospitali\u00e8res<\/title>\n<meta name=\"robots\" content=\"index, follow, max-snippet:-1, max-image-preview:large, max-video-preview:-1\" \/>\n<link rel=\"canonical\" href=\"https:\/\/www.ricom-web8.com\/gestions\/cadre-de-sante-moteur-ght\/\" \/>\n<meta property=\"og:locale\" content=\"fr_FR\" \/>\n<meta property=\"og:type\" content=\"article\" \/>\n<meta property=\"og:title\" content=\"Le cadre de sant\u00e9, moteur du GHT - Gestions hospitali\u00e8res\" \/>\n<meta property=\"og:description\" content=\"Temps de lecture\u00a0:  5 minutesLa loi de modernisation du syst\u00e8me de sant\u00e9 (LMSS) promulgu\u00e9e le 26\u202fjanvier\u202f2016, a pr\u00e9vu la cr\u00e9ation des groupements hospitaliers de territoire (GHT), lesquels ont pour objectif de favoriser l\u2019acc\u00e8s aux soins en am\u00e9liorant la coop\u00e9ration entre les h\u00f4pitaux publics d\u2019un m\u00eame territoire (1). Le rapport Hubert\/Martineau pr\u00e9cise\u2009: \u00ab\u2009Nous ne proposons pas des plateaux techniques uniques mais bien une organisation commune, garantissant une homog\u00e9n\u00e9it\u00e9 de pratiques.\u2009(2)\u00bb Les GHT, v\u00e9ritables h\u00e9ritiers des&hellip;\" \/>\n<meta property=\"og:url\" content=\"https:\/\/www.ricom-web8.com\/gestions\/cadre-de-sante-moteur-ght\/\" \/>\n<meta property=\"og:site_name\" content=\"Gestions hospitali\u00e8res\" \/>\n<meta property=\"article:publisher\" content=\"https:\/\/www.facebook.com\/gestionshospitalieres\/\" \/>\n<meta property=\"article:published_time\" content=\"2018-02-01T16:21:41+00:00\" \/>\n<meta property=\"article:modified_time\" content=\"2018-04-05T11:59:49+00:00\" \/>\n<meta name=\"author\" content=\"Gestions hospitali\u00e8res\" \/>\n<meta name=\"twitter:card\" content=\"summary_large_image\" \/>\n<meta name=\"twitter:creator\" content=\"@revue_GH\" \/>\n<meta name=\"twitter:site\" content=\"@revue_GH\" \/>\n<meta name=\"twitter:label1\" content=\"\u00c9crit par\" \/>\n\t<meta name=\"twitter:data1\" content=\"Gestions hospitali\u00e8res\" \/>\n\t<meta name=\"twitter:label2\" content=\"Dur\u00e9e de lecture estim\u00e9e\" \/>\n\t<meta name=\"twitter:data2\" content=\"7 minutes\" \/>\n<script type=\"application\/ld+json\" class=\"yoast-schema-graph\">{\"@context\":\"https:\/\/schema.org\",\"@graph\":[{\"@type\":\"Article\",\"@id\":\"https:\/\/www.ricom-web8.com\/gestions\/cadre-de-sante-moteur-ght\/#article\",\"isPartOf\":{\"@id\":\"https:\/\/www.ricom-web8.com\/gestions\/cadre-de-sante-moteur-ght\/\"},\"author\":{\"name\":\"Gestions hospitali\u00e8res\",\"@id\":\"https:\/\/www.ricom-web8.com\/gestions\/#\/schema\/person\/3ba9fe913190dfe9507feb621e902c1f\"},\"headline\":\"Le cadre de sant\u00e9, moteur du GHT\",\"datePublished\":\"2018-02-01T16:21:41+00:00\",\"dateModified\":\"2018-04-05T11:59:49+00:00\",\"mainEntityOfPage\":{\"@id\":\"https:\/\/www.ricom-web8.com\/gestions\/cadre-de-sante-moteur-ght\/\"},\"wordCount\":1405,\"commentCount\":0,\"publisher\":{\"@id\":\"https:\/\/www.ricom-web8.com\/gestions\/#organization\"},\"keywords\":[\"cadre de sant\u00e9\",\"coordination\",\"GHT\",\"LMSS\",\"management\",\"parcours patient\"],\"articleSection\":[\"dossier\",\"Gestions Hospitali\u00e8res\"],\"inLanguage\":\"fr-FR\",\"potentialAction\":[{\"@type\":\"CommentAction\",\"name\":\"Comment\",\"target\":[\"https:\/\/www.ricom-web8.com\/gestions\/cadre-de-sante-moteur-ght\/#respond\"]}]},{\"@type\":\"WebPage\",\"@id\":\"https:\/\/www.ricom-web8.com\/gestions\/cadre-de-sante-moteur-ght\/\",\"url\":\"https:\/\/www.ricom-web8.com\/gestions\/cadre-de-sante-moteur-ght\/\",\"name\":\"Le cadre de sant\u00e9, moteur du GHT - Gestions hospitali\u00e8res\",\"isPartOf\":{\"@id\":\"https:\/\/www.ricom-web8.com\/gestions\/#website\"},\"datePublished\":\"2018-02-01T16:21:41+00:00\",\"dateModified\":\"2018-04-05T11:59:49+00:00\",\"breadcrumb\":{\"@id\":\"https:\/\/www.ricom-web8.com\/gestions\/cadre-de-sante-moteur-ght\/#breadcrumb\"},\"inLanguage\":\"fr-FR\",\"potentialAction\":[{\"@type\":\"ReadAction\",\"target\":[\"https:\/\/www.ricom-web8.com\/gestions\/cadre-de-sante-moteur-ght\/\"]}]},{\"@type\":\"BreadcrumbList\",\"@id\":\"https:\/\/www.ricom-web8.com\/gestions\/cadre-de-sante-moteur-ght\/#breadcrumb\",\"itemListElement\":[{\"@type\":\"ListItem\",\"position\":1,\"name\":\"Accueil\",\"item\":\"https:\/\/www.ricom-web8.com\/gestions\/\"},{\"@type\":\"ListItem\",\"position\":2,\"name\":\"Le cadre de sant\u00e9, moteur du GHT\"}]},{\"@type\":\"WebSite\",\"@id\":\"https:\/\/www.ricom-web8.com\/gestions\/#website\",\"url\":\"https:\/\/www.ricom-web8.com\/gestions\/\",\"name\":\"Gestions hospitali\u00e8res\",\"description\":\"la revue des d\u00e9cideurs hospitaliers\",\"publisher\":{\"@id\":\"https:\/\/www.ricom-web8.com\/gestions\/#organization\"},\"potentialAction\":[{\"@type\":\"SearchAction\",\"target\":{\"@type\":\"EntryPoint\",\"urlTemplate\":\"https:\/\/www.ricom-web8.com\/gestions\/?s={search_term_string}\"},\"query-input\":{\"@type\":\"PropertyValueSpecification\",\"valueRequired\":true,\"valueName\":\"search_term_string\"}}],\"inLanguage\":\"fr-FR\"},{\"@type\":\"Organization\",\"@id\":\"https:\/\/www.ricom-web8.com\/gestions\/#organization\",\"name\":\"Gestions hospitali\u00e8res\",\"url\":\"https:\/\/www.ricom-web8.com\/gestions\/\",\"logo\":{\"@type\":\"ImageObject\",\"inLanguage\":\"fr-FR\",\"@id\":\"https:\/\/www.ricom-web8.com\/gestions\/#\/schema\/logo\/image\/\",\"url\":\"https:\/\/gestions-hospitalieres.fr\/wp-content\/uploads\/2017\/02\/picto_Gif-GH-trans.png\",\"contentUrl\":\"https:\/\/gestions-hospitalieres.fr\/wp-content\/uploads\/2017\/02\/picto_Gif-GH-trans.png\",\"width\":512,\"height\":512,\"caption\":\"Gestions hospitali\u00e8res\"},\"image\":{\"@id\":\"https:\/\/www.ricom-web8.com\/gestions\/#\/schema\/logo\/image\/\"},\"sameAs\":[\"https:\/\/www.facebook.com\/gestionshospitalieres\/\",\"https:\/\/x.com\/revue_GH\",\"https:\/\/www.linkedin.com\/company\/gestions-hospitalieres?trk=top_nav_home\"]},{\"@type\":\"Person\",\"@id\":\"https:\/\/www.ricom-web8.com\/gestions\/#\/schema\/person\/3ba9fe913190dfe9507feb621e902c1f\",\"name\":\"Gestions hospitali\u00e8res\",\"image\":{\"@type\":\"ImageObject\",\"inLanguage\":\"fr-FR\",\"@id\":\"https:\/\/www.ricom-web8.com\/gestions\/#\/schema\/person\/image\/\",\"url\":\"https:\/\/secure.gravatar.com\/avatar\/1a0d93e6db5dbe7dac96bae4757d256f?s=96&d=mm&r=g\",\"contentUrl\":\"https:\/\/secure.gravatar.com\/avatar\/1a0d93e6db5dbe7dac96bae4757d256f?s=96&d=mm&r=g\",\"caption\":\"Gestions hospitali\u00e8res\"},\"url\":\"https:\/\/www.ricom-web8.com\/gestions\/author\/benjamin\/\"}]}<\/script>\n<!-- \/ Yoast SEO plugin. -->","yoast_head_json":{"title":"Le cadre de sant\u00e9, moteur du GHT - Gestions hospitali\u00e8res","robots":{"index":"index","follow":"follow","max-snippet":"max-snippet:-1","max-image-preview":"max-image-preview:large","max-video-preview":"max-video-preview:-1"},"canonical":"https:\/\/www.ricom-web8.com\/gestions\/cadre-de-sante-moteur-ght\/","og_locale":"fr_FR","og_type":"article","og_title":"Le cadre de sant\u00e9, moteur du GHT - Gestions hospitali\u00e8res","og_description":"Temps de lecture\u00a0:  5 minutesLa loi de modernisation du syst\u00e8me de sant\u00e9 (LMSS) promulgu\u00e9e le 26\u202fjanvier\u202f2016, a pr\u00e9vu la cr\u00e9ation des groupements hospitaliers de territoire (GHT), lesquels ont pour objectif de favoriser l\u2019acc\u00e8s aux soins en am\u00e9liorant la coop\u00e9ration entre les h\u00f4pitaux publics d\u2019un m\u00eame territoire (1). Le rapport Hubert\/Martineau pr\u00e9cise\u2009: \u00ab\u2009Nous ne proposons pas des plateaux techniques uniques mais bien une organisation commune, garantissant une homog\u00e9n\u00e9it\u00e9 de pratiques.\u2009(2)\u00bb Les GHT, v\u00e9ritables h\u00e9ritiers des&hellip;","og_url":"https:\/\/www.ricom-web8.com\/gestions\/cadre-de-sante-moteur-ght\/","og_site_name":"Gestions hospitali\u00e8res","article_publisher":"https:\/\/www.facebook.com\/gestionshospitalieres\/","article_published_time":"2018-02-01T16:21:41+00:00","article_modified_time":"2018-04-05T11:59:49+00:00","author":"Gestions hospitali\u00e8res","twitter_card":"summary_large_image","twitter_creator":"@revue_GH","twitter_site":"@revue_GH","twitter_misc":{"\u00c9crit par":"Gestions hospitali\u00e8res","Dur\u00e9e de lecture estim\u00e9e":"7 minutes"},"schema":{"@context":"https:\/\/schema.org","@graph":[{"@type":"Article","@id":"https:\/\/www.ricom-web8.com\/gestions\/cadre-de-sante-moteur-ght\/#article","isPartOf":{"@id":"https:\/\/www.ricom-web8.com\/gestions\/cadre-de-sante-moteur-ght\/"},"author":{"name":"Gestions hospitali\u00e8res","@id":"https:\/\/www.ricom-web8.com\/gestions\/#\/schema\/person\/3ba9fe913190dfe9507feb621e902c1f"},"headline":"Le cadre de sant\u00e9, moteur du GHT","datePublished":"2018-02-01T16:21:41+00:00","dateModified":"2018-04-05T11:59:49+00:00","mainEntityOfPage":{"@id":"https:\/\/www.ricom-web8.com\/gestions\/cadre-de-sante-moteur-ght\/"},"wordCount":1405,"commentCount":0,"publisher":{"@id":"https:\/\/www.ricom-web8.com\/gestions\/#organization"},"keywords":["cadre de sant\u00e9","coordination","GHT","LMSS","management","parcours patient"],"articleSection":["dossier","Gestions Hospitali\u00e8res"],"inLanguage":"fr-FR","potentialAction":[{"@type":"CommentAction","name":"Comment","target":["https:\/\/www.ricom-web8.com\/gestions\/cadre-de-sante-moteur-ght\/#respond"]}]},{"@type":"WebPage","@id":"https:\/\/www.ricom-web8.com\/gestions\/cadre-de-sante-moteur-ght\/","url":"https:\/\/www.ricom-web8.com\/gestions\/cadre-de-sante-moteur-ght\/","name":"Le cadre de sant\u00e9, moteur du GHT - Gestions hospitali\u00e8res","isPartOf":{"@id":"https:\/\/www.ricom-web8.com\/gestions\/#website"},"datePublished":"2018-02-01T16:21:41+00:00","dateModified":"2018-04-05T11:59:49+00:00","breadcrumb":{"@id":"https:\/\/www.ricom-web8.com\/gestions\/cadre-de-sante-moteur-ght\/#breadcrumb"},"inLanguage":"fr-FR","potentialAction":[{"@type":"ReadAction","target":["https:\/\/www.ricom-web8.com\/gestions\/cadre-de-sante-moteur-ght\/"]}]},{"@type":"BreadcrumbList","@id":"https:\/\/www.ricom-web8.com\/gestions\/cadre-de-sante-moteur-ght\/#breadcrumb","itemListElement":[{"@type":"ListItem","position":1,"name":"Accueil","item":"https:\/\/www.ricom-web8.com\/gestions\/"},{"@type":"ListItem","position":2,"name":"Le cadre de sant\u00e9, moteur du GHT"}]},{"@type":"WebSite","@id":"https:\/\/www.ricom-web8.com\/gestions\/#website","url":"https:\/\/www.ricom-web8.com\/gestions\/","name":"Gestions hospitali\u00e8res","description":"la revue des d\u00e9cideurs hospitaliers","publisher":{"@id":"https:\/\/www.ricom-web8.com\/gestions\/#organization"},"potentialAction":[{"@type":"SearchAction","target":{"@type":"EntryPoint","urlTemplate":"https:\/\/www.ricom-web8.com\/gestions\/?s={search_term_string}"},"query-input":{"@type":"PropertyValueSpecification","valueRequired":true,"valueName":"search_term_string"}}],"inLanguage":"fr-FR"},{"@type":"Organization","@id":"https:\/\/www.ricom-web8.com\/gestions\/#organization","name":"Gestions hospitali\u00e8res","url":"https:\/\/www.ricom-web8.com\/gestions\/","logo":{"@type":"ImageObject","inLanguage":"fr-FR","@id":"https:\/\/www.ricom-web8.com\/gestions\/#\/schema\/logo\/image\/","url":"https:\/\/gestions-hospitalieres.fr\/wp-content\/uploads\/2017\/02\/picto_Gif-GH-trans.png","contentUrl":"https:\/\/gestions-hospitalieres.fr\/wp-content\/uploads\/2017\/02\/picto_Gif-GH-trans.png","width":512,"height":512,"caption":"Gestions hospitali\u00e8res"},"image":{"@id":"https:\/\/www.ricom-web8.com\/gestions\/#\/schema\/logo\/image\/"},"sameAs":["https:\/\/www.facebook.com\/gestionshospitalieres\/","https:\/\/x.com\/revue_GH","https:\/\/www.linkedin.com\/company\/gestions-hospitalieres?trk=top_nav_home"]},{"@type":"Person","@id":"https:\/\/www.ricom-web8.com\/gestions\/#\/schema\/person\/3ba9fe913190dfe9507feb621e902c1f","name":"Gestions hospitali\u00e8res","image":{"@type":"ImageObject","inLanguage":"fr-FR","@id":"https:\/\/www.ricom-web8.com\/gestions\/#\/schema\/person\/image\/","url":"https:\/\/secure.gravatar.com\/avatar\/1a0d93e6db5dbe7dac96bae4757d256f?s=96&d=mm&r=g","contentUrl":"https:\/\/secure.gravatar.com\/avatar\/1a0d93e6db5dbe7dac96bae4757d256f?s=96&d=mm&r=g","caption":"Gestions hospitali\u00e8res"},"url":"https:\/\/www.ricom-web8.com\/gestions\/author\/benjamin\/"}]}},"_links":{"self":[{"href":"https:\/\/www.ricom-web8.com\/gestions\/wp-json\/wp\/v2\/posts\/37124","targetHints":{"allow":["GET"]}}],"collection":[{"href":"https:\/\/www.ricom-web8.com\/gestions\/wp-json\/wp\/v2\/posts"}],"about":[{"href":"https:\/\/www.ricom-web8.com\/gestions\/wp-json\/wp\/v2\/types\/post"}],"author":[{"embeddable":true,"href":"https:\/\/www.ricom-web8.com\/gestions\/wp-json\/wp\/v2\/users\/23133"}],"replies":[{"embeddable":true,"href":"https:\/\/www.ricom-web8.com\/gestions\/wp-json\/wp\/v2\/comments?post=37124"}],"version-history":[{"count":0,"href":"https:\/\/www.ricom-web8.com\/gestions\/wp-json\/wp\/v2\/posts\/37124\/revisions"}],"wp:attachment":[{"href":"https:\/\/www.ricom-web8.com\/gestions\/wp-json\/wp\/v2\/media?parent=37124"}],"wp:term":[{"taxonomy":"category","embeddable":true,"href":"https:\/\/www.ricom-web8.com\/gestions\/wp-json\/wp\/v2\/categories?post=37124"},{"taxonomy":"post_tag","embeddable":true,"href":"https:\/\/www.ricom-web8.com\/gestions\/wp-json\/wp\/v2\/tags?post=37124"}],"curies":[{"name":"wp","href":"https:\/\/api.w.org\/{rel}","templated":true}]}}